{"id":173501,"date":"2023-01-04T18:27:30","date_gmt":"2023-01-04T17:27:30","guid":{"rendered":"https:\/\/newsestlyonnais.fr\/site\/?p=173501"},"modified":"2023-01-05T06:44:34","modified_gmt":"2023-01-05T05:44:34","slug":"nicolas-schueller-une-annee-inoubliable-jai-compris-et-appris-des-choses-et-partager-des-moments","status":"publish","type":"post","link":"https:\/\/newsestlyonnais.fr\/site\/2023\/01\/04\/nicolas-schueller-une-annee-inoubliable-jai-compris-et-appris-des-choses-et-partager-des-moments\/","title":{"rendered":"Nicolas Schueller \u00a0\u00bb une ann\u00e9e inoubliable, j\u2019ai compris et appris des choses et partag\u00e9 des moments \u00ab\u00a0"},"content":{"rendered":"<p><span style=\"background-color: #000000; color: #ffffff; font-size: 14pt;\"><strong>Commune de r\u00e9sidence et club sportif actuel ?<\/strong><\/span><\/p>\n<p><span class=\"x4k7w5x x1h91t0o x1h9r5lt xv2umb2 x1beo9mf xaigb6o x12ejxvf x3igimt xarpa2k xedcshv x1lytzrv x1t2pt76 x7ja8zs x1qrby5j x1jfb8zj\"><span id=\"page3R_mcid1\" class=\"markedContent\"><span class=\"tojvnm2t a6sixzi8 abs2jz4q a8s20v7p t1p8iaqh k5wvi7nf q3lfd5jv pk4s997a bipmatt0 cebpdrjk qowsmv63 owwhemhu dp1hu0rb dhp61c6y iyyx5f41\">\u00bb<\/span><\/span><\/span> Je r\u00e9side \u00e0 Vaulx-en-Velin la Soie depuis d\u00e9but 2022 et <strong>je suis licenci\u00e9 au <span style=\"color: #0000ff;\"><a style=\"color: #0000ff;\" href=\"https:\/\/decinesmeyzieuathle.fr\">D.M.A.<\/a><\/span> Je m\u2019entra\u00eene \u00e9galement avec le <a href=\"https:\/\/www.terrederunning.com\/tdr\/31-magasin-terre-de-running-decines\"><span style=\"color: #0000ff;\">team Terre De Running D\u00e9cines<\/span><\/a> et le groupe <a href=\"https:\/\/www.facebook.com\/groups\/331303960747345\/\"><span style=\"color: #0000ff;\">Courir dans les Monts d\u2019Or<\/span><\/a><\/strong> <span class=\"x4k7w5x x1h91t0o x1h9r5lt xv2umb2 x1beo9mf xaigb6o x12ejxvf x3igimt xarpa2k xedcshv x1lytzrv x1t2pt76 x7ja8zs x1qrby5j x1jfb8zj\"><span id=\"page3R_mcid1\" class=\"markedContent\"><span class=\"tojvnm2t a6sixzi8 abs2jz4q a8s20v7p t1p8iaqh k5wvi7nf q3lfd5jv pk4s997a bipmatt0 cebpdrjk qowsmv63 owwhemhu dp1hu0rb dhp61c6y iyyx5f41\">\u00bb<\/span><\/span>.<\/span><\/p>\n<p><span style=\"background-color: #000000; color: #ffffff; font-size: 14pt;\"><strong>Pr\u00e9sentation sommaire de ton pass\u00e9 sportif et \u00e9ventuel palmar\u00e8s :<\/strong><\/span><\/p>\n<p><span class=\"x4k7w5x x1h91t0o x1h9r5lt xv2umb2 x1beo9mf xaigb6o x12ejxvf x3igimt xarpa2k xedcshv x1lytzrv x1t2pt76 x7ja8zs x1qrby5j x1jfb8zj\"><span id=\"page3R_mcid1\" class=\"markedContent\"><span class=\"tojvnm2t a6sixzi8 abs2jz4q a8s20v7p t1p8iaqh k5wvi7nf q3lfd5jv pk4s997a bipmatt0 cebpdrjk qowsmv63 owwhemhu dp1hu0rb dhp61c6y iyyx5f41\">\u00bb<\/span><\/span><\/span> <strong>Un touche-\u00e0-tout apr\u00e8s des ann\u00e9es sur piste en \u00e9tant plus jeune<\/strong>, j\u2019ai fait \u00e9galement de la course sur route.<\/p>\n<p>Actuellement <strong>je retrouve les joies et plaisir du cross en attendant le retour de la saison trail, ma pratique pr\u00e9f\u00e9r\u00e9e<\/strong> <span class=\"x4k7w5x x1h91t0o x1h9r5lt xv2umb2 x1beo9mf xaigb6o x12ejxvf x3igimt xarpa2k xedcshv x1lytzrv x1t2pt76 x7ja8zs x1qrby5j x1jfb8zj\"><span id=\"page3R_mcid1\" class=\"markedContent\"><span class=\"tojvnm2t a6sixzi8 abs2jz4q a8s20v7p t1p8iaqh k5wvi7nf q3lfd5jv pk4s997a bipmatt0 cebpdrjk qowsmv63 owwhemhu dp1hu0rb dhp61c6y iyyx5f41\">\u00bb<\/span><\/span>.<\/span><\/p>\n<hr \/>\n<p><span style=\"background-color: #000000; color: #ffffff; font-size: 14pt;\"><strong>Tes points forts et distances pr\u00e9f\u00e9r\u00e9es ?<\/strong><\/span><\/p>\n<p><span class=\"x4k7w5x x1h91t0o x1h9r5lt xv2umb2 x1beo9mf xaigb6o x12ejxvf x3igimt xarpa2k xedcshv x1lytzrv x1t2pt76 x7ja8zs x1qrby5j x1jfb8zj\"><span id=\"page3R_mcid1\" class=\"markedContent\"><span class=\"tojvnm2t a6sixzi8 abs2jz4q a8s20v7p t1p8iaqh k5wvi7nf q3lfd5jv pk4s997a bipmatt0 cebpdrjk qowsmv63 owwhemhu dp1hu0rb dhp61c6y iyyx5f41\">\u00bb<\/span><\/span><\/span> <strong>Cette ann\u00e9e je me suis d\u00e9couvert un gros mental<\/strong> surtout pendant l\u2019Echapp\u00e9e Belle, un point que j\u2019aime beaucoup ce sont les descentes aussi en course comme \u00e0 l\u2019ap\u00e9ro d\u2019arriv\u00e9e (humour) <span class=\"x4k7w5x x1h91t0o x1h9r5lt xv2umb2 x1beo9mf xaigb6o x12ejxvf x3igimt xarpa2k xedcshv x1lytzrv x1t2pt76 x7ja8zs x1qrby5j x1jfb8zj\"><span id=\"page3R_mcid1\" class=\"markedContent\"><span class=\"tojvnm2t a6sixzi8 abs2jz4q a8s20v7p t1p8iaqh k5wvi7nf q3lfd5jv pk4s997a bipmatt0 cebpdrjk qowsmv63 owwhemhu dp1hu0rb dhp61c6y iyyx5f41\">\u00bb<\/span><\/span>.<\/span><\/p>\n<p><strong><span style=\"background-color: #000000; color: #ffffff; font-size: 14pt;\">Combien d\u2019heures d\u2019entrainement par semaine, o\u00f9 et coach\u00e9 par qui ?<\/span><\/strong><\/p>\n<p><span class=\"x4k7w5x x1h91t0o x1h9r5lt xv2umb2 x1beo9mf xaigb6o x12ejxvf x3igimt xarpa2k xedcshv x1lytzrv x1t2pt76 x7ja8zs x1qrby5j x1jfb8zj\"><span id=\"page3R_mcid1\" class=\"markedContent\"><span class=\"tojvnm2t a6sixzi8 abs2jz4q a8s20v7p t1p8iaqh k5wvi7nf q3lfd5jv pk4s997a bipmatt0 cebpdrjk qowsmv63 owwhemhu dp1hu0rb dhp61c6y iyyx5f41\">\u00bb<\/span><\/span><\/span> <strong>Je m\u2019entra\u00eene 3 fois par semaine<\/strong> avec mon club sous la direction de Fabien Antolinos, puis <strong>je me garde des sorties trail au plaisir et \u00e0 l&rsquo;envie<\/strong> <span class=\"x4k7w5x x1h91t0o x1h9r5lt xv2umb2 x1beo9mf xaigb6o x12ejxvf x3igimt xarpa2k xedcshv x1lytzrv x1t2pt76 x7ja8zs x1qrby5j x1jfb8zj\"><span id=\"page3R_mcid1\" class=\"markedContent\"><span class=\"tojvnm2t a6sixzi8 abs2jz4q a8s20v7p t1p8iaqh k5wvi7nf q3lfd5jv pk4s997a bipmatt0 cebpdrjk qowsmv63 owwhemhu dp1hu0rb dhp61c6y iyyx5f41\">\u00bb<\/span><\/span>.<\/span><\/p>\n<hr \/>\n<p><span style=\"background-color: #000000; color: #ffffff; font-size: 14pt;\"><strong>Avant de la d\u00e9tailler, comment qualifierais-tu cette ann\u00e9e 2022 ?<\/strong><\/span><\/p>\n<p><span class=\"x4k7w5x x1h91t0o x1h9r5lt xv2umb2 x1beo9mf xaigb6o x12ejxvf x3igimt xarpa2k xedcshv x1lytzrv x1t2pt76 x7ja8zs x1qrby5j x1jfb8zj\"><span id=\"page3R_mcid1\" class=\"markedContent\"><span class=\"tojvnm2t a6sixzi8 abs2jz4q a8s20v7p t1p8iaqh k5wvi7nf q3lfd5jv pk4s997a bipmatt0 cebpdrjk qowsmv63 owwhemhu dp1hu0rb dhp61c6y iyyx5f41\">\u00bb<\/span><\/span><\/span> <strong>Une ann\u00e9e inoubliable<\/strong> tout simplement, tant je me suis d\u00e9couvert moi-m\u00eame int\u00e9rieurement, j\u2019ai compris et appris des choses, partag\u00e9 des moments avec des personnes \u2026 <span class=\"x4k7w5x x1h91t0o x1h9r5lt xv2umb2 x1beo9mf xaigb6o x12ejxvf x3igimt xarpa2k xedcshv x1lytzrv x1t2pt76 x7ja8zs x1qrby5j x1jfb8zj\"><span id=\"page3R_mcid1\" class=\"markedContent\"><span class=\"tojvnm2t a6sixzi8 abs2jz4q a8s20v7p t1p8iaqh k5wvi7nf q3lfd5jv pk4s997a bipmatt0 cebpdrjk qowsmv63 owwhemhu dp1hu0rb dhp61c6y iyyx5f41\">\u00bb<\/span><\/span><\/span><\/p>\n<p><span style=\"background-color: #000000; color: #ffffff; font-size: 14pt;\"><strong>Combien de courses as-tu disput\u00e9, tu en as d\u00e9couvert de nouvelles ?<\/strong><\/span><\/p>\n<p><span class=\"x4k7w5x x1h91t0o x1h9r5lt xv2umb2 x1beo9mf xaigb6o x12ejxvf x3igimt xarpa2k xedcshv x1lytzrv x1t2pt76 x7ja8zs x1qrby5j x1jfb8zj\"><span id=\"page3R_mcid1\" class=\"markedContent\"><span class=\"tojvnm2t a6sixzi8 abs2jz4q a8s20v7p t1p8iaqh k5wvi7nf q3lfd5jv pk4s997a bipmatt0 cebpdrjk qowsmv63 owwhemhu dp1hu0rb dhp61c6y iyyx5f41\">\u00bb<\/span><\/span><\/span> <strong>Environ 8 trails avec \u00e9norm\u00e9ment de d\u00e9couvertes et nouveaut\u00e9s pour moi<\/strong> comme par exemple mes premiers pas en ultra-trail (Munster trail), les trails en \u00e9tapes (UT4M) et la coriace \u00ab\u00a0Echapp\u00e9e Belle\u00a0\u00bb r\u00e9put\u00e9e pour extr\u00eame, un trail tr\u00e8s s\u00e9lectif <span class=\"x4k7w5x x1h91t0o x1h9r5lt xv2umb2 x1beo9mf xaigb6o x12ejxvf x3igimt xarpa2k xedcshv x1lytzrv x1t2pt76 x7ja8zs x1qrby5j x1jfb8zj\"><span id=\"page3R_mcid1\" class=\"markedContent\"><span class=\"tojvnm2t a6sixzi8 abs2jz4q a8s20v7p t1p8iaqh k5wvi7nf q3lfd5jv pk4s997a bipmatt0 cebpdrjk qowsmv63 owwhemhu dp1hu0rb dhp61c6y iyyx5f41\">\u00bb<\/span><\/span>.<\/span><\/p>\n<p><span style=\"background-color: #000000; color: #ffffff; font-size: 14pt;\"><strong>Quel en a \u00e9t\u00e9 le moment fort et as-tu atteint tes objectifs ?<\/strong><\/span><\/p>\n<p><span class=\"x4k7w5x x1h91t0o x1h9r5lt xv2umb2 x1beo9mf xaigb6o x12ejxvf x3igimt xarpa2k xedcshv x1lytzrv x1t2pt76 x7ja8zs x1qrby5j x1jfb8zj\"><span id=\"page3R_mcid1\" class=\"markedContent\"><span class=\"tojvnm2t a6sixzi8 abs2jz4q a8s20v7p t1p8iaqh k5wvi7nf q3lfd5jv pk4s997a bipmatt0 cebpdrjk qowsmv63 owwhemhu dp1hu0rb dhp61c6y iyyx5f41\">\u00bb<\/span><\/span><\/span> <strong>L\u2019apoth\u00e9ose de cette saison est s\u00fbrement mon ultra dans l\u2019int\u00e9gralit\u00e9 de son d\u00e9roulement et surtout l\u2019arriv\u00e9e<\/strong> <span class=\"x4k7w5x x1h91t0o x1h9r5lt xv2umb2 x1beo9mf xaigb6o x12ejxvf x3igimt xarpa2k xedcshv x1lytzrv x1t2pt76 x7ja8zs x1qrby5j x1jfb8zj\"><span id=\"page3R_mcid1\" class=\"markedContent\"><span class=\"tojvnm2t a6sixzi8 abs2jz4q a8s20v7p t1p8iaqh k5wvi7nf q3lfd5jv pk4s997a bipmatt0 cebpdrjk qowsmv63 owwhemhu dp1hu0rb dhp61c6y iyyx5f41\">\u00bb<\/span><\/span>.<\/span><\/p>\n<hr \/>\n<p><span style=\"background-color: #000000; color: #ffffff; font-size: 14pt;\"><strong>Quel est ton programme pour 2023 ?<\/strong><\/span><\/p>\n<p><span class=\"x4k7w5x x1h91t0o x1h9r5lt xv2umb2 x1beo9mf xaigb6o x12ejxvf x3igimt xarpa2k xedcshv x1lytzrv x1t2pt76 x7ja8zs x1qrby5j x1jfb8zj\"><span id=\"page3R_mcid1\" class=\"markedContent\"><span class=\"tojvnm2t a6sixzi8 abs2jz4q a8s20v7p t1p8iaqh k5wvi7nf q3lfd5jv pk4s997a bipmatt0 cebpdrjk qowsmv63 owwhemhu dp1hu0rb dhp61c6y iyyx5f41\">\u00bb<\/span><\/span><\/span> Pour 2023 <strong>je termine d\u2019abord ma saison de cross<\/strong> puis ensuite <strong>direction la saison des trails<\/strong>, en mars le 40 km du Trail des Cabornis puis place \u00e0 la d\u00e9couverte des trails de la Dr\u00f4me et des Alpes de Haute-Provence o\u00f9 je serais sur l\u2019ultra (80 km, 3.900m D+) qui sera un bel objectif, tout comme le Serre-Che trail en septembre (60 km, 4.000 m D+) <strong>le reste s\u2019organisera au feeling<\/strong> <span class=\"x4k7w5x x1h91t0o x1h9r5lt xv2umb2 x1beo9mf xaigb6o x12ejxvf x3igimt xarpa2k xedcshv x1lytzrv x1t2pt76 x7ja8zs x1qrby5j x1jfb8zj\"><span id=\"page3R_mcid1\" class=\"markedContent\"><span class=\"tojvnm2t a6sixzi8 abs2jz4q a8s20v7p t1p8iaqh k5wvi7nf q3lfd5jv pk4s997a bipmatt0 cebpdrjk qowsmv63 owwhemhu dp1hu0rb dhp61c6y iyyx5f41\">\u00bb<\/span><\/span>.<\/span><\/p>\n<p><span style=\"background-color: #000000; color: #ffffff; font-size: 14pt;\"><strong>Une ou deux petites anecdotes pour conclure ?<\/strong><\/span><\/p>\n<p><span class=\"x4k7w5x x1h91t0o x1h9r5lt xv2umb2 x1beo9mf xaigb6o x12ejxvf x3igimt xarpa2k xedcshv x1lytzrv x1t2pt76 x7ja8zs x1qrby5j x1jfb8zj\"><span id=\"page3R_mcid1\" class=\"markedContent\"><span class=\"tojvnm2t a6sixzi8 abs2jz4q a8s20v7p t1p8iaqh k5wvi7nf q3lfd5jv pk4s997a bipmatt0 cebpdrjk qowsmv63 owwhemhu dp1hu0rb dhp61c6y iyyx5f41\">\u00bb<\/span><\/span><\/span> Niveau anecdotes et bien <strong>je me questionne encore et toujours pour savoir comment j\u2019ai r\u00e9ussi \u00e0 finir l\u2019Echapp\u00e9e Belle<\/strong> tellement j\u2019\u00e9tais mal physiquement et moralement, \u00e0 la limite de l\u2019abandon au 27\u00b0 km puis finalement finisher de ces 64 km gr\u00e2ce \u00e0 une ch\u00e9rie, des amies et b\u00e9n\u00e9voles en or, s\u00fbrement.<\/p>\n<p><strong>Puis il y a cette fameuse arriv\u00e9e \u00e0 l\u2019ultra devant mes proches<\/strong>, un passage au micro et la petite d\u00e9claration pour finalement avoir un oui de la part de mon compagne <span class=\"x4k7w5x x1h91t0o x1h9r5lt xv2umb2 x1beo9mf xaigb6o x12ejxvf x3igimt xarpa2k xedcshv x1lytzrv x1t2pt76 x7ja8zs x1qrby5j x1jfb8zj\"><span id=\"page3R_mcid1\" class=\"markedContent\"><span class=\"tojvnm2t a6sixzi8 abs2jz4q a8s20v7p t1p8iaqh k5wvi7nf q3lfd5jv pk4s997a bipmatt0 cebpdrjk qowsmv63 owwhemhu dp1hu0rb dhp61c6y iyyx5f41\">\u00bb<\/span><\/span>.<\/span><\/p>\n<div id='gallery-1' class='gallery galleryid-173501 gallery-columns-2 gallery-size-thumbnail'><figure class='gallery-item'>\n\t\t\t<div class='gallery-icon portrait'>\n\t\t\t\t<a href='https:\/\/newsestlyonnais.fr\/site\/2023\/01\/04\/nicolas-schueller-une-annee-inoubliable-jai-compris-et-appris-des-choses-et-partager-des-moments\/cid_201aab02-d3cd-42ed-89b7-a45d87d76dc7\/'><img loading=\"lazy\" decoding=\"async\" width=\"120\" height=\"150\" src=\"https:\/\/newsestlyonnais.fr\/site\/wp-content\/uploads\/2023\/01\/cid_201AAB02-D3CD-42ED-89B7-A45D87D76DC7-250x313.jpg\" class=\"attachment-thumbnail size-thumbnail\" alt=\"\" srcset=\"https:\/\/newsestlyonnais.fr\/site\/wp-content\/uploads\/2023\/01\/cid_201AAB02-D3CD-42ED-89B7-A45D87D76DC7-250x313.jpg 250w, https:\/\/newsestlyonnais.fr\/site\/wp-content\/uploads\/2023\/01\/cid_201AAB02-D3CD-42ED-89B7-A45D87D76DC7-400x500.jpg 400w, https:\/\/newsestlyonnais.fr\/site\/wp-content\/uploads\/2023\/01\/cid_201AAB02-D3CD-42ED-89B7-A45D87D76DC7-650x813.jpg 650w, https:\/\/newsestlyonnais.fr\/site\/wp-content\/uploads\/2023\/01\/cid_201AAB02-D3CD-42ED-89B7-A45D87D76DC7-768x960.jpg 768w, https:\/\/newsestlyonnais.fr\/site\/wp-content\/uploads\/2023\/01\/cid_201AAB02-D3CD-42ED-89B7-A45D87D76DC7-150x188.jpg 150w, https:\/\/newsestlyonnais.fr\/site\/wp-content\/uploads\/2023\/01\/cid_201AAB02-D3CD-42ED-89B7-A45D87D76DC7-50x63.jpg 50w, https:\/\/newsestlyonnais.fr\/site\/wp-content\/uploads\/2023\/01\/cid_201AAB02-D3CD-42ED-89B7-A45D87D76DC7-100x125.jpg 100w, https:\/\/newsestlyonnais.fr\/site\/wp-content\/uploads\/2023\/01\/cid_201AAB02-D3CD-42ED-89B7-A45D87D76DC7-200x250.jpg 200w, https:\/\/newsestlyonnais.fr\/site\/wp-content\/uploads\/2023\/01\/cid_201AAB02-D3CD-42ED-89B7-A45D87D76DC7-300x375.jpg 300w, https:\/\/newsestlyonnais.fr\/site\/wp-content\/uploads\/2023\/01\/cid_201AAB02-D3CD-42ED-89B7-A45D87D76DC7-350x438.jpg 350w, https:\/\/newsestlyonnais.fr\/site\/wp-content\/uploads\/2023\/01\/cid_201AAB02-D3CD-42ED-89B7-A45D87D76DC7-450x563.jpg 450w, https:\/\/newsestlyonnais.fr\/site\/wp-content\/uploads\/2023\/01\/cid_201AAB02-D3CD-42ED-89B7-A45D87D76DC7-500x625.jpg 500w, https:\/\/newsestlyonnais.fr\/site\/wp-content\/uploads\/2023\/01\/cid_201AAB02-D3CD-42ED-89B7-A45D87D76DC7-550x688.jpg 550w, https:\/\/newsestlyonnais.fr\/site\/wp-content\/uploads\/2023\/01\/cid_201AAB02-D3CD-42ED-89B7-A45D87D76DC7-800x1000.jpg 800w, https:\/\/newsestlyonnais.fr\/site\/wp-content\/uploads\/2023\/01\/cid_201AAB02-D3CD-42ED-89B7-A45D87D76DC7.jpg 960w\" sizes=\"auto, (max-width: 120px) 100vw, 120px\" \/><\/a>\n\t\t\t<\/div><\/figure><figure class='gallery-item'>\n\t\t\t<div class='gallery-icon portrait'>\n\t\t\t\t<a href='https:\/\/newsestlyonnais.fr\/site\/2023\/01\/04\/nicolas-schueller-une-annee-inoubliable-jai-compris-et-appris-des-choses-et-partager-des-moments\/cid_47987d24-9331-45dd-b1f0-ffee818e91d0\/'><img loading=\"lazy\" decoding=\"async\" width=\"113\" height=\"150\" src=\"https:\/\/newsestlyonnais.fr\/site\/wp-content\/uploads\/2023\/01\/cid_47987D24-9331-45DD-B1F0-FFEE818E91D0-250x333.jpg\" class=\"attachment-thumbnail size-thumbnail\" alt=\"\" srcset=\"https:\/\/newsestlyonnais.fr\/site\/wp-content\/uploads\/2023\/01\/cid_47987D24-9331-45DD-B1F0-FFEE818E91D0-250x333.jpg 250w, https:\/\/newsestlyonnais.fr\/site\/wp-content\/uploads\/2023\/01\/cid_47987D24-9331-45DD-B1F0-FFEE818E91D0-400x533.jpg 400w, https:\/\/newsestlyonnais.fr\/site\/wp-content\/uploads\/2023\/01\/cid_47987D24-9331-45DD-B1F0-FFEE818E91D0-650x867.jpg 650w, https:\/\/newsestlyonnais.fr\/site\/wp-content\/uploads\/2023\/01\/cid_47987D24-9331-45DD-B1F0-FFEE818E91D0-150x200.jpg 150w, https:\/\/newsestlyonnais.fr\/site\/wp-content\/uploads\/2023\/01\/cid_47987D24-9331-45DD-B1F0-FFEE818E91D0-50x67.jpg 50w, https:\/\/newsestlyonnais.fr\/site\/wp-content\/uploads\/2023\/01\/cid_47987D24-9331-45DD-B1F0-FFEE818E91D0-100x133.jpg 100w, https:\/\/newsestlyonnais.fr\/site\/wp-content\/uploads\/2023\/01\/cid_47987D24-9331-45DD-B1F0-FFEE818E91D0-200x267.jpg 200w, https:\/\/newsestlyonnais.fr\/site\/wp-content\/uploads\/2023\/01\/cid_47987D24-9331-45DD-B1F0-FFEE818E91D0-300x400.jpg 300w, https:\/\/newsestlyonnais.fr\/site\/wp-content\/uploads\/2023\/01\/cid_47987D24-9331-45DD-B1F0-FFEE818E91D0-350x467.jpg 350w, https:\/\/newsestlyonnais.fr\/site\/wp-content\/uploads\/2023\/01\/cid_47987D24-9331-45DD-B1F0-FFEE818E91D0-450x600.jpg 450w, https:\/\/newsestlyonnais.fr\/site\/wp-content\/uploads\/2023\/01\/cid_47987D24-9331-45DD-B1F0-FFEE818E91D0-500x667.jpg 500w, https:\/\/newsestlyonnais.fr\/site\/wp-content\/uploads\/2023\/01\/cid_47987D24-9331-45DD-B1F0-FFEE818E91D0-550x733.jpg 550w, https:\/\/newsestlyonnais.fr\/site\/wp-content\/uploads\/2023\/01\/cid_47987D24-9331-45DD-B1F0-FFEE818E91D0.jpg 750w\" sizes=\"auto, (max-width: 113px) 100vw, 113px\" \/><\/a>\n\t\t\t<\/div><\/figure>\n\t\t<\/div>\n\n<hr \/>\n<p><strong><span style=\"background-color: #000000;\"><span style=\"color: #ffffff;\">Prochain bilan &gt;&gt; <\/span><span style=\"color: #ffcc00;\">Boucif Frittis (Course \u00e0 pied<\/span><\/span><span style=\"color: #ffcc00;\">)<\/span><\/strong><\/p>\n<hr \/>\n<p>&nbsp;<\/p>\n","protected":false},"excerpt":{"rendered":"<p>Le membre du D\u00e9cines-Meyzieu Athl\u00e9tisme et du team Terre de Running a notamment fait ses premiers pas en ultra-trail.<\/p>\n","protected":false},"author":4,"featured_media":173531,"comment_status":"open","ping_status":"open","sticky":false,"template":"","format":"standard","meta":{"footnotes":""},"categories":[2968,4508,21,24,28],"tags":[3469,2116,2361,2081,4427,2200],"class_list":["post-173501","post","type-post","status-publish","format-standard","has-post-thumbnail","hentry","category-athle-course-pied-marche","category-bilan-sportif","category-decines-charpieu","category-meyzieu","category-vaulx-en-velin","tag-bilan","tag-decines","tag-dma","tag-meyzieu","tag-nicolas-schueller","tag-terre-de-running"],"yoast_head":"<!-- This site is optimized with the Yoast SEO plugin v27.2 - https:\/\/yoast.com\/product\/yoast-seo-wordpress\/ -->\n<title>Nicolas Schueller &quot; une ann\u00e9e inoubliable, j\u2019ai compris et appris des choses et partag\u00e9 des moments &quot; - News Est Lyonnais<\/title>\n<meta name=\"description\" content=\"Nicolas Schueller &quot; une ann\u00e9e inoubliable, j\u2019ai compris et appris des choses et partager des moments &quot;\" \/>\n<meta name=\"robots\" content=\"index, follow, max-snippet:-1, max-image-preview:large, max-video-preview:-1\" \/>\n<link rel=\"canonical\" href=\"https:\/\/newsestlyonnais.fr\/site\/2023\/01\/04\/nicolas-schueller-une-annee-inoubliable-jai-compris-et-appris-des-choses-et-partager-des-moments\/\" \/>\n<meta property=\"og:locale\" content=\"fr_FR\" \/>\n<meta property=\"og:type\" content=\"article\" \/>\n<meta property=\"og:title\" content=\"Nicolas Schueller &quot; une ann\u00e9e inoubliable, j\u2019ai compris et appris des choses et partag\u00e9 des moments &quot; - News Est Lyonnais\" \/>\n<meta property=\"og:description\" content=\"Nicolas Schueller &quot; une ann\u00e9e inoubliable, j\u2019ai compris et appris des choses et partager des moments &quot;\" \/>\n<meta property=\"og:url\" content=\"https:\/\/newsestlyonnais.fr\/site\/2023\/01\/04\/nicolas-schueller-une-annee-inoubliable-jai-compris-et-appris-des-choses-et-partager-des-moments\/\" \/>\n<meta property=\"og:site_name\" content=\"News Est Lyonnais\" \/>\n<meta property=\"article:author\" content=\"https:\/\/www.facebook.com\/pascal.oberson.1?fref=ts\" \/>\n<meta property=\"article:published_time\" content=\"2023-01-04T17:27:30+00:00\" \/>\n<meta property=\"article:modified_time\" content=\"2023-01-05T05:44:34+00:00\" \/>\n<meta property=\"og:image\" content=\"https:\/\/newsestlyonnais.fr\/site\/wp-content\/uploads\/2023\/01\/cid_26383B9C-4A58-404B-A8FB-E06DD8C1F776.jpg\" \/>\n\t<meta property=\"og:image:width\" content=\"1200\" \/>\n\t<meta property=\"og:image:height\" content=\"906\" \/>\n\t<meta property=\"og:image:type\" content=\"image\/jpeg\" \/>\n<meta name=\"author\" content=\"R\u00e9dac. NEWS\" \/>\n<meta name=\"twitter:card\" content=\"summary_large_image\" \/>\n<meta name=\"twitter:label1\" content=\"\u00c9crit par\" \/>\n\t<meta name=\"twitter:data1\" content=\"R\u00e9dac. NEWS\" \/>\n\t<meta name=\"twitter:label2\" content=\"Dur\u00e9e de lecture estim\u00e9e\" \/>\n\t<meta name=\"twitter:data2\" content=\"3 minutes\" \/>\n<script type=\"application\/ld+json\" class=\"yoast-schema-graph\">{\"@context\":\"https:\/\/schema.org\",\"@graph\":[{\"@type\":\"Article\",\"@id\":\"https:\/\/newsestlyonnais.fr\/site\/2023\/01\/04\/nicolas-schueller-une-annee-inoubliable-jai-compris-et-appris-des-choses-et-partager-des-moments\/#article\",\"isPartOf\":{\"@id\":\"https:\/\/newsestlyonnais.fr\/site\/2023\/01\/04\/nicolas-schueller-une-annee-inoubliable-jai-compris-et-appris-des-choses-et-partager-des-moments\/\"},\"author\":{\"name\":\"R\u00e9dac. NEWS\",\"@id\":\"https:\/\/newsestlyonnais.fr\/site\/#\/schema\/person\/3230d5615f390bb808365d673001e887\"},\"headline\":\"Nicolas Schueller \u00a0\u00bb une ann\u00e9e inoubliable, j\u2019ai compris et appris des choses et partag\u00e9 des moments \u00ab\u00a0\",\"datePublished\":\"2023-01-04T17:27:30+00:00\",\"dateModified\":\"2023-01-05T05:44:34+00:00\",\"mainEntityOfPage\":{\"@id\":\"https:\/\/newsestlyonnais.fr\/site\/2023\/01\/04\/nicolas-schueller-une-annee-inoubliable-jai-compris-et-appris-des-choses-et-partager-des-moments\/\"},\"wordCount\":528,\"commentCount\":0,\"publisher\":{\"@id\":\"https:\/\/newsestlyonnais.fr\/site\/#organization\"},\"image\":{\"@id\":\"https:\/\/newsestlyonnais.fr\/site\/2023\/01\/04\/nicolas-schueller-une-annee-inoubliable-jai-compris-et-appris-des-choses-et-partager-des-moments\/#primaryimage\"},\"thumbnailUrl\":\"https:\/\/newsestlyonnais.fr\/site\/wp-content\/uploads\/2023\/01\/cid_26383B9C-4A58-404B-A8FB-E06DD8C1F776.jpg\",\"keywords\":[\"BILAN\",\"DECINES\",\"DMA\",\"MEYZIEU\",\"Nicolas Schueller\",\"TERRE DE RUNNING\"],\"articleSection\":[\"Athl\u00e9 | Course pied | Marche\",\"Bilan sportif\",\"D\u00e9cines-Charpieu\",\"Meyzieu\",\"Vaulx-en-Velin\"],\"inLanguage\":\"fr-FR\",\"potentialAction\":[{\"@type\":\"CommentAction\",\"name\":\"Comment\",\"target\":[\"https:\/\/newsestlyonnais.fr\/site\/2023\/01\/04\/nicolas-schueller-une-annee-inoubliable-jai-compris-et-appris-des-choses-et-partager-des-moments\/#respond\"]}]},{\"@type\":\"WebPage\",\"@id\":\"https:\/\/newsestlyonnais.fr\/site\/2023\/01\/04\/nicolas-schueller-une-annee-inoubliable-jai-compris-et-appris-des-choses-et-partager-des-moments\/\",\"url\":\"https:\/\/newsestlyonnais.fr\/site\/2023\/01\/04\/nicolas-schueller-une-annee-inoubliable-jai-compris-et-appris-des-choses-et-partager-des-moments\/\",\"name\":\"Nicolas Schueller \\\" une ann\u00e9e inoubliable, j\u2019ai compris et appris des choses et partag\u00e9 des moments \\\" - News Est Lyonnais\",\"isPartOf\":{\"@id\":\"https:\/\/newsestlyonnais.fr\/site\/#website\"},\"primaryImageOfPage\":{\"@id\":\"https:\/\/newsestlyonnais.fr\/site\/2023\/01\/04\/nicolas-schueller-une-annee-inoubliable-jai-compris-et-appris-des-choses-et-partager-des-moments\/#primaryimage\"},\"image\":{\"@id\":\"https:\/\/newsestlyonnais.fr\/site\/2023\/01\/04\/nicolas-schueller-une-annee-inoubliable-jai-compris-et-appris-des-choses-et-partager-des-moments\/#primaryimage\"},\"thumbnailUrl\":\"https:\/\/newsestlyonnais.fr\/site\/wp-content\/uploads\/2023\/01\/cid_26383B9C-4A58-404B-A8FB-E06DD8C1F776.jpg\",\"datePublished\":\"2023-01-04T17:27:30+00:00\",\"dateModified\":\"2023-01-05T05:44:34+00:00\",\"description\":\"Nicolas Schueller \\\" une ann\u00e9e inoubliable, j\u2019ai compris et appris des choses et partager des moments \\\"\",\"breadcrumb\":{\"@id\":\"https:\/\/newsestlyonnais.fr\/site\/2023\/01\/04\/nicolas-schueller-une-annee-inoubliable-jai-compris-et-appris-des-choses-et-partager-des-moments\/#breadcrumb\"},\"inLanguage\":\"fr-FR\",\"potentialAction\":[{\"@type\":\"ReadAction\",\"target\":[\"https:\/\/newsestlyonnais.fr\/site\/2023\/01\/04\/nicolas-schueller-une-annee-inoubliable-jai-compris-et-appris-des-choses-et-partager-des-moments\/\"]}]},{\"@type\":\"ImageObject\",\"inLanguage\":\"fr-FR\",\"@id\":\"https:\/\/newsestlyonnais.fr\/site\/2023\/01\/04\/nicolas-schueller-une-annee-inoubliable-jai-compris-et-appris-des-choses-et-partager-des-moments\/#primaryimage\",\"url\":\"https:\/\/newsestlyonnais.fr\/site\/wp-content\/uploads\/2023\/01\/cid_26383B9C-4A58-404B-A8FB-E06DD8C1F776.jpg\",\"contentUrl\":\"https:\/\/newsestlyonnais.fr\/site\/wp-content\/uploads\/2023\/01\/cid_26383B9C-4A58-404B-A8FB-E06DD8C1F776.jpg\",\"width\":1200,\"height\":906},{\"@type\":\"BreadcrumbList\",\"@id\":\"https:\/\/newsestlyonnais.fr\/site\/2023\/01\/04\/nicolas-schueller-une-annee-inoubliable-jai-compris-et-appris-des-choses-et-partager-des-moments\/#breadcrumb\",\"itemListElement\":[{\"@type\":\"ListItem\",\"position\":1,\"name\":\"Accueil\",\"item\":\"https:\/\/newsestlyonnais.fr\/site\/\"},{\"@type\":\"ListItem\",\"position\":2,\"name\":\"Nicolas Schueller \u00a0\u00bb une ann\u00e9e inoubliable, j\u2019ai compris et appris des choses et partag\u00e9 des moments \u00ab\u00a0\"}]},{\"@type\":\"WebSite\",\"@id\":\"https:\/\/newsestlyonnais.fr\/site\/#website\",\"url\":\"https:\/\/newsestlyonnais.fr\/site\/\",\"name\":\"News Est Lyonnais\",\"description\":\"L&#039;actualit\u00e9 au plus pr\u00e8s\",\"publisher\":{\"@id\":\"https:\/\/newsestlyonnais.fr\/site\/#organization\"},\"potentialAction\":[{\"@type\":\"SearchAction\",\"target\":{\"@type\":\"EntryPoint\",\"urlTemplate\":\"https:\/\/newsestlyonnais.fr\/site\/?s={search_term_string}\"},\"query-input\":{\"@type\":\"PropertyValueSpecification\",\"valueRequired\":true,\"valueName\":\"search_term_string\"}}],\"inLanguage\":\"fr-FR\"},{\"@type\":\"Organization\",\"@id\":\"https:\/\/newsestlyonnais.fr\/site\/#organization\",\"name\":\"News EST LYONNAIS\",\"url\":\"https:\/\/newsestlyonnais.fr\/site\/\",\"logo\":{\"@type\":\"ImageObject\",\"inLanguage\":\"fr-FR\",\"@id\":\"https:\/\/newsestlyonnais.fr\/site\/#\/schema\/logo\/image\/\",\"url\":\"\",\"contentUrl\":\"\",\"caption\":\"News EST LYONNAIS\"},\"image\":{\"@id\":\"https:\/\/newsestlyonnais.fr\/site\/#\/schema\/logo\/image\/\"}},{\"@type\":\"Person\",\"@id\":\"https:\/\/newsestlyonnais.fr\/site\/#\/schema\/person\/3230d5615f390bb808365d673001e887\",\"name\":\"R\u00e9dac. NEWS\",\"sameAs\":[\"http:\/\/www.newsestlyonnais.fr\",\"https:\/\/www.facebook.com\/pascal.oberson.1?fref=ts\",\"https:\/\/fr.linkedin.com\/in\/pascal-oberson-b17045113\"],\"url\":\"https:\/\/newsestlyonnais.fr\/site\/author\/nel\/\"}]}<\/script>\n<!-- \/ Yoast SEO plugin. -->","yoast_head_json":{"title":"Nicolas Schueller \" une ann\u00e9e inoubliable, j\u2019ai compris et appris des choses et partag\u00e9 des moments \" - News Est Lyonnais","description":"Nicolas Schueller \" une ann\u00e9e inoubliable, j\u2019ai compris et appris des choses et partager des moments \"","robots":{"index":"index","follow":"follow","max-snippet":"max-snippet:-1","max-image-preview":"max-image-preview:large","max-video-preview":"max-video-preview:-1"},"canonical":"https:\/\/newsestlyonnais.fr\/site\/2023\/01\/04\/nicolas-schueller-une-annee-inoubliable-jai-compris-et-appris-des-choses-et-partager-des-moments\/","og_locale":"fr_FR","og_type":"article","og_title":"Nicolas Schueller \" une ann\u00e9e inoubliable, j\u2019ai compris et appris des choses et partag\u00e9 des moments \" - News Est Lyonnais","og_description":"Nicolas Schueller \" une ann\u00e9e inoubliable, j\u2019ai compris et appris des choses et partager des moments \"","og_url":"https:\/\/newsestlyonnais.fr\/site\/2023\/01\/04\/nicolas-schueller-une-annee-inoubliable-jai-compris-et-appris-des-choses-et-partager-des-moments\/","og_site_name":"News Est Lyonnais","article_author":"https:\/\/www.facebook.com\/pascal.oberson.1?fref=ts","article_published_time":"2023-01-04T17:27:30+00:00","article_modified_time":"2023-01-05T05:44:34+00:00","og_image":[{"width":1200,"height":906,"url":"https:\/\/newsestlyonnais.fr\/site\/wp-content\/uploads\/2023\/01\/cid_26383B9C-4A58-404B-A8FB-E06DD8C1F776.jpg","type":"image\/jpeg"}],"author":"R\u00e9dac. NEWS","twitter_card":"summary_large_image","twitter_misc":{"\u00c9crit par":"R\u00e9dac. NEWS","Dur\u00e9e de lecture estim\u00e9e":"3 minutes"},"schema":{"@context":"https:\/\/schema.org","@graph":[{"@type":"Article","@id":"https:\/\/newsestlyonnais.fr\/site\/2023\/01\/04\/nicolas-schueller-une-annee-inoubliable-jai-compris-et-appris-des-choses-et-partager-des-moments\/#article","isPartOf":{"@id":"https:\/\/newsestlyonnais.fr\/site\/2023\/01\/04\/nicolas-schueller-une-annee-inoubliable-jai-compris-et-appris-des-choses-et-partager-des-moments\/"},"author":{"name":"R\u00e9dac. NEWS","@id":"https:\/\/newsestlyonnais.fr\/site\/#\/schema\/person\/3230d5615f390bb808365d673001e887"},"headline":"Nicolas Schueller \u00a0\u00bb une ann\u00e9e inoubliable, j\u2019ai compris et appris des choses et partag\u00e9 des moments \u00ab\u00a0","datePublished":"2023-01-04T17:27:30+00:00","dateModified":"2023-01-05T05:44:34+00:00","mainEntityOfPage":{"@id":"https:\/\/newsestlyonnais.fr\/site\/2023\/01\/04\/nicolas-schueller-une-annee-inoubliable-jai-compris-et-appris-des-choses-et-partager-des-moments\/"},"wordCount":528,"commentCount":0,"publisher":{"@id":"https:\/\/newsestlyonnais.fr\/site\/#organization"},"image":{"@id":"https:\/\/newsestlyonnais.fr\/site\/2023\/01\/04\/nicolas-schueller-une-annee-inoubliable-jai-compris-et-appris-des-choses-et-partager-des-moments\/#primaryimage"},"thumbnailUrl":"https:\/\/newsestlyonnais.fr\/site\/wp-content\/uploads\/2023\/01\/cid_26383B9C-4A58-404B-A8FB-E06DD8C1F776.jpg","keywords":["BILAN","DECINES","DMA","MEYZIEU","Nicolas Schueller","TERRE DE RUNNING"],"articleSection":["Athl\u00e9 | Course pied | Marche","Bilan sportif","D\u00e9cines-Charpieu","Meyzieu","Vaulx-en-Velin"],"inLanguage":"fr-FR","potentialAction":[{"@type":"CommentAction","name":"Comment","target":["https:\/\/newsestlyonnais.fr\/site\/2023\/01\/04\/nicolas-schueller-une-annee-inoubliable-jai-compris-et-appris-des-choses-et-partager-des-moments\/#respond"]}]},{"@type":"WebPage","@id":"https:\/\/newsestlyonnais.fr\/site\/2023\/01\/04\/nicolas-schueller-une-annee-inoubliable-jai-compris-et-appris-des-choses-et-partager-des-moments\/","url":"https:\/\/newsestlyonnais.fr\/site\/2023\/01\/04\/nicolas-schueller-une-annee-inoubliable-jai-compris-et-appris-des-choses-et-partager-des-moments\/","name":"Nicolas Schueller \" une ann\u00e9e inoubliable, j\u2019ai compris et appris des choses et partag\u00e9 des moments \" - News Est Lyonnais","isPartOf":{"@id":"https:\/\/newsestlyonnais.fr\/site\/#website"},"primaryImageOfPage":{"@id":"https:\/\/newsestlyonnais.fr\/site\/2023\/01\/04\/nicolas-schueller-une-annee-inoubliable-jai-compris-et-appris-des-choses-et-partager-des-moments\/#primaryimage"},"image":{"@id":"https:\/\/newsestlyonnais.fr\/site\/2023\/01\/04\/nicolas-schueller-une-annee-inoubliable-jai-compris-et-appris-des-choses-et-partager-des-moments\/#primaryimage"},"thumbnailUrl":"https:\/\/newsestlyonnais.fr\/site\/wp-content\/uploads\/2023\/01\/cid_26383B9C-4A58-404B-A8FB-E06DD8C1F776.jpg","datePublished":"2023-01-04T17:27:30+00:00","dateModified":"2023-01-05T05:44:34+00:00","description":"Nicolas Schueller \" une ann\u00e9e inoubliable, j\u2019ai compris et appris des choses et partager des moments \"","breadcrumb":{"@id":"https:\/\/newsestlyonnais.fr\/site\/2023\/01\/04\/nicolas-schueller-une-annee-inoubliable-jai-compris-et-appris-des-choses-et-partager-des-moments\/#breadcrumb"},"inLanguage":"fr-FR","potentialAction":[{"@type":"ReadAction","target":["https:\/\/newsestlyonnais.fr\/site\/2023\/01\/04\/nicolas-schueller-une-annee-inoubliable-jai-compris-et-appris-des-choses-et-partager-des-moments\/"]}]},{"@type":"ImageObject","inLanguage":"fr-FR","@id":"https:\/\/newsestlyonnais.fr\/site\/2023\/01\/04\/nicolas-schueller-une-annee-inoubliable-jai-compris-et-appris-des-choses-et-partager-des-moments\/#primaryimage","url":"https:\/\/newsestlyonnais.fr\/site\/wp-content\/uploads\/2023\/01\/cid_26383B9C-4A58-404B-A8FB-E06DD8C1F776.jpg","contentUrl":"https:\/\/newsestlyonnais.fr\/site\/wp-content\/uploads\/2023\/01\/cid_26383B9C-4A58-404B-A8FB-E06DD8C1F776.jpg","width":1200,"height":906},{"@type":"BreadcrumbList","@id":"https:\/\/newsestlyonnais.fr\/site\/2023\/01\/04\/nicolas-schueller-une-annee-inoubliable-jai-compris-et-appris-des-choses-et-partager-des-moments\/#breadcrumb","itemListElement":[{"@type":"ListItem","position":1,"name":"Accueil","item":"https:\/\/newsestlyonnais.fr\/site\/"},{"@type":"ListItem","position":2,"name":"Nicolas Schueller \u00a0\u00bb une ann\u00e9e inoubliable, j\u2019ai compris et appris des choses et partag\u00e9 des moments \u00ab\u00a0"}]},{"@type":"WebSite","@id":"https:\/\/newsestlyonnais.fr\/site\/#website","url":"https:\/\/newsestlyonnais.fr\/site\/","name":"News Est Lyonnais","description":"L&#039;actualit\u00e9 au plus pr\u00e8s","publisher":{"@id":"https:\/\/newsestlyonnais.fr\/site\/#organization"},"potentialAction":[{"@type":"SearchAction","target":{"@type":"EntryPoint","urlTemplate":"https:\/\/newsestlyonnais.fr\/site\/?s={search_term_string}"},"query-input":{"@type":"PropertyValueSpecification","valueRequired":true,"valueName":"search_term_string"}}],"inLanguage":"fr-FR"},{"@type":"Organization","@id":"https:\/\/newsestlyonnais.fr\/site\/#organization","name":"News EST LYONNAIS","url":"https:\/\/newsestlyonnais.fr\/site\/","logo":{"@type":"ImageObject","inLanguage":"fr-FR","@id":"https:\/\/newsestlyonnais.fr\/site\/#\/schema\/logo\/image\/","url":"","contentUrl":"","caption":"News EST LYONNAIS"},"image":{"@id":"https:\/\/newsestlyonnais.fr\/site\/#\/schema\/logo\/image\/"}},{"@type":"Person","@id":"https:\/\/newsestlyonnais.fr\/site\/#\/schema\/person\/3230d5615f390bb808365d673001e887","name":"R\u00e9dac. NEWS","sameAs":["http:\/\/www.newsestlyonnais.fr","https:\/\/www.facebook.com\/pascal.oberson.1?fref=ts","https:\/\/fr.linkedin.com\/in\/pascal-oberson-b17045113"],"url":"https:\/\/newsestlyonnais.fr\/site\/author\/nel\/"}]}},"_links":{"self":[{"href":"https:\/\/newsestlyonnais.fr\/site\/wp-json\/wp\/v2\/posts\/173501","targetHints":{"allow":["GET"]}}],"collection":[{"href":"https:\/\/newsestlyonnais.fr\/site\/wp-json\/wp\/v2\/posts"}],"about":[{"href":"https:\/\/newsestlyonnais.fr\/site\/wp-json\/wp\/v2\/types\/post"}],"author":[{"embeddable":true,"href":"https:\/\/newsestlyonnais.fr\/site\/wp-json\/wp\/v2\/users\/4"}],"replies":[{"embeddable":true,"href":"https:\/\/newsestlyonnais.fr\/site\/wp-json\/wp\/v2\/comments?post=173501"}],"version-history":[{"count":0,"href":"https:\/\/newsestlyonnais.fr\/site\/wp-json\/wp\/v2\/posts\/173501\/revisions"}],"wp:featuredmedia":[{"embeddable":true,"href":"https:\/\/newsestlyonnais.fr\/site\/wp-json\/wp\/v2\/media\/173531"}],"wp:attachment":[{"href":"https:\/\/newsestlyonnais.fr\/site\/wp-json\/wp\/v2\/media?parent=173501"}],"wp:term":[{"taxonomy":"category","embeddable":true,"href":"https:\/\/newsestlyonnais.fr\/site\/wp-json\/wp\/v2\/categories?post=173501"},{"taxonomy":"post_tag","embeddable":true,"href":"https:\/\/newsestlyonnais.fr\/site\/wp-json\/wp\/v2\/tags?post=173501"}],"curies":[{"name":"wp","href":"https:\/\/api.w.org\/{rel}","templated":true}]}}