{"id":17428,"date":"2016-12-15T07:09:12","date_gmt":"2016-12-15T06:09:12","guid":{"rendered":"http:\/\/newsestlyonnais.fr\/site\/?p=17428"},"modified":"2017-02-25T20:49:40","modified_gmt":"2017-02-25T19:49:40","slug":"transports-nouvelle-perturbation-jeudi-trafic-metro-reseau-tcl","status":"publish","type":"post","link":"https:\/\/newsestlyonnais.fr\/site\/2016\/12\/15\/transports-nouvelle-perturbation-jeudi-trafic-metro-reseau-tcl\/","title":{"rendered":"TRANSPORTS : Nouvelle perturbation ce jeudi dans le trafic m\u00e9tro du r\u00e9seau TCL"},"content":{"rendered":"<h4>En raison d\u2019un <strong>mouvement social concernant le m\u00e9tro, le r\u00e9seau TCL sera perturb\u00e9 ce jeudi 15 d\u00e9cembre<\/strong>.<\/h4>\n<p>Ci-joint le communiqu\u00e9 de presse \u00e9tat du trafic:<\/p>\n<ul>\n<li><span style=\"text-decoration: underline\"><strong>SOIREE<\/strong><\/span>:<br \/>\n<strong>METRO<\/strong> Les lignes A, B et C fermeront \u00e0 partir de 23 h<br \/>\nLa ligne D circulera normalement<br \/>\n<strong>FUNICULAIRE<\/strong> Les lignes F1 et F2 circuleront normalement<br \/>\nLes derniers d\u00e9parts des terminus s\u2019effectueront aux heures suivantes :<br \/>\n<strong>M\u00e9tro A<\/strong> :<br \/>\nDernier d\u00e9part de Vaulx-La Soie direction Perrache \u00e0 23 h 04<br \/>\nDernier d\u00e9part de Perrache direction Vaulx-La Soie \u00e0 23 h 17<br \/>\n<strong>M\u00e9tro B<\/strong> :<br \/>\nDernier d\u00e9part de Charpennes direction Gare d\u2019Oullins \u00e0 23 h 18<br \/>\nDernier d\u00e9part de Gare d\u2019Oullins direction Charpennes \u00e0 23 h 31<br \/>\n<strong>M\u00e9tro C<\/strong> :<br \/>\nDernier d\u00e9part de Cuire direction H\u00f4tel de Ville \u00e0 23 h 23<br \/>\nDernier d\u00e9part de H\u00f4tel de Ville direction Cuire \u00e0 23 h 36<\/li>\n<\/ul>\n<ul>\n<li>\n<h3>Toutes les autres lignes circuleront normalement<\/h3>\n<\/li>\n<li>\n<h3>Plus d\u2019infos sur:<a href=\"http:\/\/www.tcl.fr\" target=\"_blank\">http:\/\/www.tcl.fr<\/a><\/h3>\n<\/li>\n<\/ul>\n","protected":false},"excerpt":{"rendered":"<p>En raison d\u2019un mouvement social concernant le m\u00e9tro, le r\u00e9seau TCL sera perturb\u00e9 ce jeudi 15 d\u00e9cembre. Ci-joint le communiqu\u00e9 de presse \u00e9tat du trafic: SOIREE: METRO Les lignes A, B et C fermeront \u00e0 partir de 23 h La ligne D circulera normalement FUNICULAIRE Les lignes F1 et F2 circuleront normalement Les derniers d\u00e9parts [&hellip;]<\/p>\n","protected":false},"author":4,"featured_media":0,"comment_status":"open","ping_status":"open","sticky":false,"template":"","format":"standard","meta":{"footnotes":""},"categories":[30,309,13],"tags":[],"class_list":["post-17428","post","type-post","status-publish","format-standard","hentry","category-a-la-une","category-pratique","category-transports-circulation"],"yoast_head":"<!-- This site is optimized with the Yoast SEO plugin v27.2 - https:\/\/yoast.com\/product\/yoast-seo-wordpress\/ -->\n<title>TRANSPORTS : Nouvelle perturbation ce jeudi dans le trafic m\u00e9tro du r\u00e9seau TCL<\/title>\n<meta name=\"description\" content=\"TRANSPORTS : Nouvelle perturbation ce jeudi dans le trafic m\u00e9tro du r\u00e9seau TCL\" \/>\n<meta name=\"robots\" content=\"index, follow, max-snippet:-1, max-image-preview:large, max-video-preview:-1\" \/>\n<link rel=\"canonical\" href=\"https:\/\/newsestlyonnais.fr\/site\/2016\/12\/15\/transports-nouvelle-perturbation-jeudi-trafic-metro-reseau-tcl\/\" \/>\n<meta property=\"og:locale\" content=\"fr_FR\" \/>\n<meta property=\"og:type\" content=\"article\" \/>\n<meta property=\"og:title\" content=\"TRANSPORTS : Nouvelle perturbation ce jeudi dans le trafic m\u00e9tro du r\u00e9seau TCL\" \/>\n<meta property=\"og:description\" content=\"TRANSPORTS : Nouvelle perturbation ce jeudi dans le trafic m\u00e9tro du r\u00e9seau TCL\" \/>\n<meta property=\"og:url\" content=\"https:\/\/newsestlyonnais.fr\/site\/2016\/12\/15\/transports-nouvelle-perturbation-jeudi-trafic-metro-reseau-tcl\/\" \/>\n<meta property=\"og:site_name\" content=\"News Est Lyonnais\" \/>\n<meta property=\"article:author\" content=\"https:\/\/www.facebook.com\/pascal.oberson.1?fref=ts\" \/>\n<meta property=\"article:published_time\" content=\"2016-12-15T06:09:12+00:00\" \/>\n<meta property=\"article:modified_time\" content=\"2017-02-25T19:49:40+00:00\" \/>\n<meta name=\"author\" content=\"R\u00e9dac. NEWS\" \/>\n<meta name=\"twitter:card\" content=\"summary_large_image\" \/>\n<meta name=\"twitter:label1\" content=\"\u00c9crit par\" \/>\n\t<meta name=\"twitter:data1\" content=\"R\u00e9dac. NEWS\" \/>\n\t<meta name=\"twitter:label2\" content=\"Dur\u00e9e de lecture estim\u00e9e\" \/>\n\t<meta name=\"twitter:data2\" content=\"1 minute\" \/>\n<script type=\"application\/ld+json\" class=\"yoast-schema-graph\">{\"@context\":\"https:\/\/schema.org\",\"@graph\":[{\"@type\":\"Article\",\"@id\":\"https:\/\/newsestlyonnais.fr\/site\/2016\/12\/15\/transports-nouvelle-perturbation-jeudi-trafic-metro-reseau-tcl\/#article\",\"isPartOf\":{\"@id\":\"https:\/\/newsestlyonnais.fr\/site\/2016\/12\/15\/transports-nouvelle-perturbation-jeudi-trafic-metro-reseau-tcl\/\"},\"author\":{\"name\":\"R\u00e9dac. NEWS\",\"@id\":\"https:\/\/newsestlyonnais.fr\/site\/#\/schema\/person\/3230d5615f390bb808365d673001e887\"},\"headline\":\"TRANSPORTS : Nouvelle perturbation ce jeudi dans le trafic m\u00e9tro du r\u00e9seau TCL\",\"datePublished\":\"2016-12-15T06:09:12+00:00\",\"dateModified\":\"2017-02-25T19:49:40+00:00\",\"mainEntityOfPage\":{\"@id\":\"https:\/\/newsestlyonnais.fr\/site\/2016\/12\/15\/transports-nouvelle-perturbation-jeudi-trafic-metro-reseau-tcl\/\"},\"wordCount\":161,\"commentCount\":0,\"publisher\":{\"@id\":\"https:\/\/newsestlyonnais.fr\/site\/#organization\"},\"articleSection\":[\"\u00e0 la une\",\"Pratique\",\"Transports | Circulation\"],\"inLanguage\":\"fr-FR\",\"potentialAction\":[{\"@type\":\"CommentAction\",\"name\":\"Comment\",\"target\":[\"https:\/\/newsestlyonnais.fr\/site\/2016\/12\/15\/transports-nouvelle-perturbation-jeudi-trafic-metro-reseau-tcl\/#respond\"]}]},{\"@type\":\"WebPage\",\"@id\":\"https:\/\/newsestlyonnais.fr\/site\/2016\/12\/15\/transports-nouvelle-perturbation-jeudi-trafic-metro-reseau-tcl\/\",\"url\":\"https:\/\/newsestlyonnais.fr\/site\/2016\/12\/15\/transports-nouvelle-perturbation-jeudi-trafic-metro-reseau-tcl\/\",\"name\":\"TRANSPORTS : Nouvelle perturbation ce jeudi dans le trafic m\u00e9tro du r\u00e9seau TCL\",\"isPartOf\":{\"@id\":\"https:\/\/newsestlyonnais.fr\/site\/#website\"},\"datePublished\":\"2016-12-15T06:09:12+00:00\",\"dateModified\":\"2017-02-25T19:49:40+00:00\",\"description\":\"TRANSPORTS : Nouvelle perturbation ce jeudi dans le trafic m\u00e9tro du r\u00e9seau TCL\",\"breadcrumb\":{\"@id\":\"https:\/\/newsestlyonnais.fr\/site\/2016\/12\/15\/transports-nouvelle-perturbation-jeudi-trafic-metro-reseau-tcl\/#breadcrumb\"},\"inLanguage\":\"fr-FR\",\"potentialAction\":[{\"@type\":\"ReadAction\",\"target\":[\"https:\/\/newsestlyonnais.fr\/site\/2016\/12\/15\/transports-nouvelle-perturbation-jeudi-trafic-metro-reseau-tcl\/\"]}]},{\"@type\":\"BreadcrumbList\",\"@id\":\"https:\/\/newsestlyonnais.fr\/site\/2016\/12\/15\/transports-nouvelle-perturbation-jeudi-trafic-metro-reseau-tcl\/#breadcrumb\",\"itemListElement\":[{\"@type\":\"ListItem\",\"position\":1,\"name\":\"Accueil\",\"item\":\"https:\/\/newsestlyonnais.fr\/site\/\"},{\"@type\":\"ListItem\",\"position\":2,\"name\":\"TRANSPORTS : Nouvelle perturbation ce jeudi dans le trafic m\u00e9tro du r\u00e9seau TCL\"}]},{\"@type\":\"WebSite\",\"@id\":\"https:\/\/newsestlyonnais.fr\/site\/#website\",\"url\":\"https:\/\/newsestlyonnais.fr\/site\/\",\"name\":\"News Est Lyonnais\",\"description\":\"L&#039;actualit\u00e9 au plus pr\u00e8s\",\"publisher\":{\"@id\":\"https:\/\/newsestlyonnais.fr\/site\/#organization\"},\"potentialAction\":[{\"@type\":\"SearchAction\",\"target\":{\"@type\":\"EntryPoint\",\"urlTemplate\":\"https:\/\/newsestlyonnais.fr\/site\/?s={search_term_string}\"},\"query-input\":{\"@type\":\"PropertyValueSpecification\",\"valueRequired\":true,\"valueName\":\"search_term_string\"}}],\"inLanguage\":\"fr-FR\"},{\"@type\":\"Organization\",\"@id\":\"https:\/\/newsestlyonnais.fr\/site\/#organization\",\"name\":\"News EST LYONNAIS\",\"url\":\"https:\/\/newsestlyonnais.fr\/site\/\",\"logo\":{\"@type\":\"ImageObject\",\"inLanguage\":\"fr-FR\",\"@id\":\"https:\/\/newsestlyonnais.fr\/site\/#\/schema\/logo\/image\/\",\"url\":\"\",\"contentUrl\":\"\",\"caption\":\"News EST LYONNAIS\"},\"image\":{\"@id\":\"https:\/\/newsestlyonnais.fr\/site\/#\/schema\/logo\/image\/\"}},{\"@type\":\"Person\",\"@id\":\"https:\/\/newsestlyonnais.fr\/site\/#\/schema\/person\/3230d5615f390bb808365d673001e887\",\"name\":\"R\u00e9dac. NEWS\",\"sameAs\":[\"http:\/\/www.newsestlyonnais.fr\",\"https:\/\/www.facebook.com\/pascal.oberson.1?fref=ts\",\"https:\/\/fr.linkedin.com\/in\/pascal-oberson-b17045113\"],\"url\":\"https:\/\/newsestlyonnais.fr\/site\/author\/nel\/\"}]}<\/script>\n<!-- \/ Yoast SEO plugin. -->","yoast_head_json":{"title":"TRANSPORTS : Nouvelle perturbation ce jeudi dans le trafic m\u00e9tro du r\u00e9seau TCL","description":"TRANSPORTS : Nouvelle perturbation ce jeudi dans le trafic m\u00e9tro du r\u00e9seau TCL","robots":{"index":"index","follow":"follow","max-snippet":"max-snippet:-1","max-image-preview":"max-image-preview:large","max-video-preview":"max-video-preview:-1"},"canonical":"https:\/\/newsestlyonnais.fr\/site\/2016\/12\/15\/transports-nouvelle-perturbation-jeudi-trafic-metro-reseau-tcl\/","og_locale":"fr_FR","og_type":"article","og_title":"TRANSPORTS : Nouvelle perturbation ce jeudi dans le trafic m\u00e9tro du r\u00e9seau TCL","og_description":"TRANSPORTS : Nouvelle perturbation ce jeudi dans le trafic m\u00e9tro du r\u00e9seau TCL","og_url":"https:\/\/newsestlyonnais.fr\/site\/2016\/12\/15\/transports-nouvelle-perturbation-jeudi-trafic-metro-reseau-tcl\/","og_site_name":"News Est Lyonnais","article_author":"https:\/\/www.facebook.com\/pascal.oberson.1?fref=ts","article_published_time":"2016-12-15T06:09:12+00:00","article_modified_time":"2017-02-25T19:49:40+00:00","author":"R\u00e9dac. NEWS","twitter_card":"summary_large_image","twitter_misc":{"\u00c9crit par":"R\u00e9dac. NEWS","Dur\u00e9e de lecture estim\u00e9e":"1 minute"},"schema":{"@context":"https:\/\/schema.org","@graph":[{"@type":"Article","@id":"https:\/\/newsestlyonnais.fr\/site\/2016\/12\/15\/transports-nouvelle-perturbation-jeudi-trafic-metro-reseau-tcl\/#article","isPartOf":{"@id":"https:\/\/newsestlyonnais.fr\/site\/2016\/12\/15\/transports-nouvelle-perturbation-jeudi-trafic-metro-reseau-tcl\/"},"author":{"name":"R\u00e9dac. NEWS","@id":"https:\/\/newsestlyonnais.fr\/site\/#\/schema\/person\/3230d5615f390bb808365d673001e887"},"headline":"TRANSPORTS : Nouvelle perturbation ce jeudi dans le trafic m\u00e9tro du r\u00e9seau TCL","datePublished":"2016-12-15T06:09:12+00:00","dateModified":"2017-02-25T19:49:40+00:00","mainEntityOfPage":{"@id":"https:\/\/newsestlyonnais.fr\/site\/2016\/12\/15\/transports-nouvelle-perturbation-jeudi-trafic-metro-reseau-tcl\/"},"wordCount":161,"commentCount":0,"publisher":{"@id":"https:\/\/newsestlyonnais.fr\/site\/#organization"},"articleSection":["\u00e0 la une","Pratique","Transports | Circulation"],"inLanguage":"fr-FR","potentialAction":[{"@type":"CommentAction","name":"Comment","target":["https:\/\/newsestlyonnais.fr\/site\/2016\/12\/15\/transports-nouvelle-perturbation-jeudi-trafic-metro-reseau-tcl\/#respond"]}]},{"@type":"WebPage","@id":"https:\/\/newsestlyonnais.fr\/site\/2016\/12\/15\/transports-nouvelle-perturbation-jeudi-trafic-metro-reseau-tcl\/","url":"https:\/\/newsestlyonnais.fr\/site\/2016\/12\/15\/transports-nouvelle-perturbation-jeudi-trafic-metro-reseau-tcl\/","name":"TRANSPORTS : Nouvelle perturbation ce jeudi dans le trafic m\u00e9tro du r\u00e9seau TCL","isPartOf":{"@id":"https:\/\/newsestlyonnais.fr\/site\/#website"},"datePublished":"2016-12-15T06:09:12+00:00","dateModified":"2017-02-25T19:49:40+00:00","description":"TRANSPORTS : Nouvelle perturbation ce jeudi dans le trafic m\u00e9tro du r\u00e9seau TCL","breadcrumb":{"@id":"https:\/\/newsestlyonnais.fr\/site\/2016\/12\/15\/transports-nouvelle-perturbation-jeudi-trafic-metro-reseau-tcl\/#breadcrumb"},"inLanguage":"fr-FR","potentialAction":[{"@type":"ReadAction","target":["https:\/\/newsestlyonnais.fr\/site\/2016\/12\/15\/transports-nouvelle-perturbation-jeudi-trafic-metro-reseau-tcl\/"]}]},{"@type":"BreadcrumbList","@id":"https:\/\/newsestlyonnais.fr\/site\/2016\/12\/15\/transports-nouvelle-perturbation-jeudi-trafic-metro-reseau-tcl\/#breadcrumb","itemListElement":[{"@type":"ListItem","position":1,"name":"Accueil","item":"https:\/\/newsestlyonnais.fr\/site\/"},{"@type":"ListItem","position":2,"name":"TRANSPORTS : Nouvelle perturbation ce jeudi dans le trafic m\u00e9tro du r\u00e9seau TCL"}]},{"@type":"WebSite","@id":"https:\/\/newsestlyonnais.fr\/site\/#website","url":"https:\/\/newsestlyonnais.fr\/site\/","name":"News Est Lyonnais","description":"L&#039;actualit\u00e9 au plus pr\u00e8s","publisher":{"@id":"https:\/\/newsestlyonnais.fr\/site\/#organization"},"potentialAction":[{"@type":"SearchAction","target":{"@type":"EntryPoint","urlTemplate":"https:\/\/newsestlyonnais.fr\/site\/?s={search_term_string}"},"query-input":{"@type":"PropertyValueSpecification","valueRequired":true,"valueName":"search_term_string"}}],"inLanguage":"fr-FR"},{"@type":"Organization","@id":"https:\/\/newsestlyonnais.fr\/site\/#organization","name":"News EST LYONNAIS","url":"https:\/\/newsestlyonnais.fr\/site\/","logo":{"@type":"ImageObject","inLanguage":"fr-FR","@id":"https:\/\/newsestlyonnais.fr\/site\/#\/schema\/logo\/image\/","url":"","contentUrl":"","caption":"News EST LYONNAIS"},"image":{"@id":"https:\/\/newsestlyonnais.fr\/site\/#\/schema\/logo\/image\/"}},{"@type":"Person","@id":"https:\/\/newsestlyonnais.fr\/site\/#\/schema\/person\/3230d5615f390bb808365d673001e887","name":"R\u00e9dac. NEWS","sameAs":["http:\/\/www.newsestlyonnais.fr","https:\/\/www.facebook.com\/pascal.oberson.1?fref=ts","https:\/\/fr.linkedin.com\/in\/pascal-oberson-b17045113"],"url":"https:\/\/newsestlyonnais.fr\/site\/author\/nel\/"}]}},"_links":{"self":[{"href":"https:\/\/newsestlyonnais.fr\/site\/wp-json\/wp\/v2\/posts\/17428","targetHints":{"allow":["GET"]}}],"collection":[{"href":"https:\/\/newsestlyonnais.fr\/site\/wp-json\/wp\/v2\/posts"}],"about":[{"href":"https:\/\/newsestlyonnais.fr\/site\/wp-json\/wp\/v2\/types\/post"}],"author":[{"embeddable":true,"href":"https:\/\/newsestlyonnais.fr\/site\/wp-json\/wp\/v2\/users\/4"}],"replies":[{"embeddable":true,"href":"https:\/\/newsestlyonnais.fr\/site\/wp-json\/wp\/v2\/comments?post=17428"}],"version-history":[{"count":0,"href":"https:\/\/newsestlyonnais.fr\/site\/wp-json\/wp\/v2\/posts\/17428\/revisions"}],"wp:attachment":[{"href":"https:\/\/newsestlyonnais.fr\/site\/wp-json\/wp\/v2\/media?parent=17428"}],"wp:term":[{"taxonomy":"category","embeddable":true,"href":"https:\/\/newsestlyonnais.fr\/site\/wp-json\/wp\/v2\/categories?post=17428"},{"taxonomy":"post_tag","embeddable":true,"href":"https:\/\/newsestlyonnais.fr\/site\/wp-json\/wp\/v2\/tags?post=17428"}],"curies":[{"name":"wp","href":"https:\/\/api.w.org\/{rel}","templated":true}]}}