{"id":17456,"date":"2016-12-16T06:03:58","date_gmt":"2016-12-16T05:03:58","guid":{"rendered":"http:\/\/newsestlyonnais.fr\/site\/?p=17456"},"modified":"2020-11-16T16:22:21","modified_gmt":"2020-11-16T15:22:21","slug":"vaulx-en-velin-inauguration-au-planetarium-situe-place-de-la-nation-dune-oeuvre-de-denis-mariotte","status":"publish","type":"post","link":"https:\/\/newsestlyonnais.fr\/site\/2016\/12\/16\/vaulx-en-velin-inauguration-au-planetarium-situe-place-de-la-nation-dune-oeuvre-de-denis-mariotte\/","title":{"rendered":"VAULX-EN-VELIN | Inauguration au Plan\u00e9tarium d&rsquo;une oeuvre de Denis Mariotte"},"content":{"rendered":"<p><span style=\"font-size: medium\"><span style=\"font-family: Arial,Helvetica,sans-serif\"><strong><span style=\"font-size: large\">L&rsquo;\u0153uvre [ \u00d5 d ] * (transcription phon\u00e9tique du mot onde) <\/span><\/strong><strong>de Denis Mariotte, officiellement inaugur\u00e9e vendredi soir.<br \/>\n<\/strong><\/span><\/span><\/p>\n<p>Dans le cadre de l&rsquo;Incubateur Art&amp;Science #3, projet r\u00e9unissant, Philippe Prugniel, astronome \u00e0 l&rsquo;Observatoire de Lyon, Nathalie Moncoffre, physicienne \u00e0 l&rsquo;Institut de physique nucl\u00e9aire de Lyon,\u00a0 Denis Mariotte, artiste, et dix familles vaudaises.<\/p>\n<ul>\n<li><strong><span style=\"font-size: large\">Vendredi 16 d\u00e9cembre \u00e0 18 h 30 <\/span>au Plan\u00e9tarium de Vaulx-en-Velin<\/strong> &#8211; Place de la Nation en pr\u00e9sence de <span style=\"font-size: medium\"><span style=\"font-family: Arial,Helvetica,sans-serif\">Pierre Dussurgey (Maire de Vaulx-en-Velin) et Nadia Lakehal (Adjointe au Maire d\u00e9l\u00e9gu\u00e9e \u00e0 la Culture, \u00e0 la Culture scientifique et au D\u00e9veloppement num\u00e9rique).<\/span><\/span><strong><span style=\"font-size: medium\"><span style=\"font-family: Arial,Helvetica,sans-serif\"><br \/>\n<\/span><\/span><br \/>\n<\/strong><\/li>\n<\/ul>\n<p>Retrouvez toute l&rsquo;ACTU du Plan\u00e9tarium sur: <a href=\"http:\/\/www.planetariumvv.com\" target=\"_blank\" rel=\"noopener noreferrer\">http:\/\/www.planetariumvv.com<\/a><\/p>\n","protected":false},"excerpt":{"rendered":"<p>L&rsquo;\u0153uvre [ \u00d5 d ] * (transcription phon\u00e9tique du mot onde) de Denis Mariotte, officiellement inaugur\u00e9e vendredi soir. Dans le cadre de l&rsquo;Incubateur Art&amp;Science #3, projet r\u00e9unissant, Philippe Prugniel, astronome \u00e0 l&rsquo;Observatoire de Lyon, Nathalie Moncoffre, physicienne \u00e0 l&rsquo;Institut de physique nucl\u00e9aire de Lyon,\u00a0 Denis Mariotte, artiste, et dix familles vaudaises. Vendredi 16 d\u00e9cembre \u00e0 [&hellip;]<\/p>\n","protected":false},"author":4,"featured_media":0,"comment_status":"open","ping_status":"open","sticky":false,"template":"","format":"standard","meta":{"footnotes":""},"categories":[787,28],"tags":[],"class_list":["post-17456","post","type-post","status-publish","format-standard","hentry","category-ptites-news","category-vaulx-en-velin"],"yoast_head":"<!-- This site is optimized with the Yoast SEO plugin v27.2 - https:\/\/yoast.com\/product\/yoast-seo-wordpress\/ -->\n<title>VAULX-EN-VELIN | Inauguration au Plan\u00e9tarium d&#039;une oeuvre de Denis Mariotte - News Est Lyonnais<\/title>\n<meta name=\"description\" content=\"Inauguration ce soir au Plan\u00e9tarium situ\u00e9 place de la nation d&#039;une oeuvre de Denis Mariotte. L&#039;\u0153uvre [ \u00d5 d ] * (transcription phon\u00e9tique du mot onde).\" \/>\n<meta name=\"robots\" content=\"index, follow, max-snippet:-1, max-image-preview:large, max-video-preview:-1\" \/>\n<link rel=\"canonical\" href=\"https:\/\/newsestlyonnais.fr\/site\/2016\/12\/16\/vaulx-en-velin-inauguration-au-planetarium-situe-place-de-la-nation-dune-oeuvre-de-denis-mariotte\/\" \/>\n<meta property=\"og:locale\" content=\"fr_FR\" \/>\n<meta property=\"og:type\" content=\"article\" \/>\n<meta property=\"og:title\" content=\"VAULX-EN-VELIN | Inauguration au Plan\u00e9tarium d&#039;une oeuvre de Denis Mariotte - News Est Lyonnais\" \/>\n<meta property=\"og:description\" content=\"Inauguration ce soir au Plan\u00e9tarium situ\u00e9 place de la nation d&#039;une oeuvre de Denis Mariotte. L&#039;\u0153uvre [ \u00d5 d ] * (transcription phon\u00e9tique du mot onde).\" \/>\n<meta property=\"og:url\" content=\"https:\/\/newsestlyonnais.fr\/site\/2016\/12\/16\/vaulx-en-velin-inauguration-au-planetarium-situe-place-de-la-nation-dune-oeuvre-de-denis-mariotte\/\" \/>\n<meta property=\"og:site_name\" content=\"News Est Lyonnais\" \/>\n<meta property=\"article:author\" content=\"https:\/\/www.facebook.com\/pascal.oberson.1?fref=ts\" \/>\n<meta property=\"article:published_time\" content=\"2016-12-16T05:03:58+00:00\" \/>\n<meta property=\"article:modified_time\" content=\"2020-11-16T15:22:21+00:00\" \/>\n<meta name=\"author\" content=\"R\u00e9dac. NEWS\" \/>\n<meta name=\"twitter:card\" content=\"summary_large_image\" \/>\n<meta name=\"twitter:label1\" content=\"\u00c9crit par\" \/>\n\t<meta name=\"twitter:data1\" content=\"R\u00e9dac. NEWS\" \/>\n\t<meta name=\"twitter:label2\" content=\"Dur\u00e9e de lecture estim\u00e9e\" \/>\n\t<meta name=\"twitter:data2\" content=\"1 minute\" \/>\n<script type=\"application\/ld+json\" class=\"yoast-schema-graph\">{\"@context\":\"https:\/\/schema.org\",\"@graph\":[{\"@type\":\"Article\",\"@id\":\"https:\/\/newsestlyonnais.fr\/site\/2016\/12\/16\/vaulx-en-velin-inauguration-au-planetarium-situe-place-de-la-nation-dune-oeuvre-de-denis-mariotte\/#article\",\"isPartOf\":{\"@id\":\"https:\/\/newsestlyonnais.fr\/site\/2016\/12\/16\/vaulx-en-velin-inauguration-au-planetarium-situe-place-de-la-nation-dune-oeuvre-de-denis-mariotte\/\"},\"author\":{\"name\":\"R\u00e9dac. NEWS\",\"@id\":\"https:\/\/newsestlyonnais.fr\/site\/#\/schema\/person\/3230d5615f390bb808365d673001e887\"},\"headline\":\"VAULX-EN-VELIN | Inauguration au Plan\u00e9tarium d&rsquo;une oeuvre de Denis Mariotte\",\"datePublished\":\"2016-12-16T05:03:58+00:00\",\"dateModified\":\"2020-11-16T15:22:21+00:00\",\"mainEntityOfPage\":{\"@id\":\"https:\/\/newsestlyonnais.fr\/site\/2016\/12\/16\/vaulx-en-velin-inauguration-au-planetarium-situe-place-de-la-nation-dune-oeuvre-de-denis-mariotte\/\"},\"wordCount\":121,\"commentCount\":0,\"publisher\":{\"@id\":\"https:\/\/newsestlyonnais.fr\/site\/#organization\"},\"articleSection\":[\"P'tites News\",\"Vaulx-en-Velin\"],\"inLanguage\":\"fr-FR\",\"potentialAction\":[{\"@type\":\"CommentAction\",\"name\":\"Comment\",\"target\":[\"https:\/\/newsestlyonnais.fr\/site\/2016\/12\/16\/vaulx-en-velin-inauguration-au-planetarium-situe-place-de-la-nation-dune-oeuvre-de-denis-mariotte\/#respond\"]}]},{\"@type\":\"WebPage\",\"@id\":\"https:\/\/newsestlyonnais.fr\/site\/2016\/12\/16\/vaulx-en-velin-inauguration-au-planetarium-situe-place-de-la-nation-dune-oeuvre-de-denis-mariotte\/\",\"url\":\"https:\/\/newsestlyonnais.fr\/site\/2016\/12\/16\/vaulx-en-velin-inauguration-au-planetarium-situe-place-de-la-nation-dune-oeuvre-de-denis-mariotte\/\",\"name\":\"VAULX-EN-VELIN | Inauguration au Plan\u00e9tarium d'une oeuvre de Denis Mariotte - News Est Lyonnais\",\"isPartOf\":{\"@id\":\"https:\/\/newsestlyonnais.fr\/site\/#website\"},\"datePublished\":\"2016-12-16T05:03:58+00:00\",\"dateModified\":\"2020-11-16T15:22:21+00:00\",\"description\":\"Inauguration ce soir au Plan\u00e9tarium situ\u00e9 place de la nation d'une oeuvre de Denis Mariotte. L'\u0153uvre [ \u00d5 d ] * (transcription phon\u00e9tique du mot onde).\",\"breadcrumb\":{\"@id\":\"https:\/\/newsestlyonnais.fr\/site\/2016\/12\/16\/vaulx-en-velin-inauguration-au-planetarium-situe-place-de-la-nation-dune-oeuvre-de-denis-mariotte\/#breadcrumb\"},\"inLanguage\":\"fr-FR\",\"potentialAction\":[{\"@type\":\"ReadAction\",\"target\":[\"https:\/\/newsestlyonnais.fr\/site\/2016\/12\/16\/vaulx-en-velin-inauguration-au-planetarium-situe-place-de-la-nation-dune-oeuvre-de-denis-mariotte\/\"]}]},{\"@type\":\"BreadcrumbList\",\"@id\":\"https:\/\/newsestlyonnais.fr\/site\/2016\/12\/16\/vaulx-en-velin-inauguration-au-planetarium-situe-place-de-la-nation-dune-oeuvre-de-denis-mariotte\/#breadcrumb\",\"itemListElement\":[{\"@type\":\"ListItem\",\"position\":1,\"name\":\"Accueil\",\"item\":\"https:\/\/newsestlyonnais.fr\/site\/\"},{\"@type\":\"ListItem\",\"position\":2,\"name\":\"VAULX-EN-VELIN | Inauguration au Plan\u00e9tarium d&rsquo;une oeuvre de Denis Mariotte\"}]},{\"@type\":\"WebSite\",\"@id\":\"https:\/\/newsestlyonnais.fr\/site\/#website\",\"url\":\"https:\/\/newsestlyonnais.fr\/site\/\",\"name\":\"News Est Lyonnais\",\"description\":\"L&#039;actualit\u00e9 au plus pr\u00e8s\",\"publisher\":{\"@id\":\"https:\/\/newsestlyonnais.fr\/site\/#organization\"},\"potentialAction\":[{\"@type\":\"SearchAction\",\"target\":{\"@type\":\"EntryPoint\",\"urlTemplate\":\"https:\/\/newsestlyonnais.fr\/site\/?s={search_term_string}\"},\"query-input\":{\"@type\":\"PropertyValueSpecification\",\"valueRequired\":true,\"valueName\":\"search_term_string\"}}],\"inLanguage\":\"fr-FR\"},{\"@type\":\"Organization\",\"@id\":\"https:\/\/newsestlyonnais.fr\/site\/#organization\",\"name\":\"News EST LYONNAIS\",\"url\":\"https:\/\/newsestlyonnais.fr\/site\/\",\"logo\":{\"@type\":\"ImageObject\",\"inLanguage\":\"fr-FR\",\"@id\":\"https:\/\/newsestlyonnais.fr\/site\/#\/schema\/logo\/image\/\",\"url\":\"\",\"contentUrl\":\"\",\"caption\":\"News EST LYONNAIS\"},\"image\":{\"@id\":\"https:\/\/newsestlyonnais.fr\/site\/#\/schema\/logo\/image\/\"}},{\"@type\":\"Person\",\"@id\":\"https:\/\/newsestlyonnais.fr\/site\/#\/schema\/person\/3230d5615f390bb808365d673001e887\",\"name\":\"R\u00e9dac. NEWS\",\"sameAs\":[\"http:\/\/www.newsestlyonnais.fr\",\"https:\/\/www.facebook.com\/pascal.oberson.1?fref=ts\",\"https:\/\/fr.linkedin.com\/in\/pascal-oberson-b17045113\"],\"url\":\"https:\/\/newsestlyonnais.fr\/site\/author\/nel\/\"}]}<\/script>\n<!-- \/ Yoast SEO plugin. -->","yoast_head_json":{"title":"VAULX-EN-VELIN | Inauguration au Plan\u00e9tarium d'une oeuvre de Denis Mariotte - News Est Lyonnais","description":"Inauguration ce soir au Plan\u00e9tarium situ\u00e9 place de la nation d'une oeuvre de Denis Mariotte. L'\u0153uvre [ \u00d5 d ] * (transcription phon\u00e9tique du mot onde).","robots":{"index":"index","follow":"follow","max-snippet":"max-snippet:-1","max-image-preview":"max-image-preview:large","max-video-preview":"max-video-preview:-1"},"canonical":"https:\/\/newsestlyonnais.fr\/site\/2016\/12\/16\/vaulx-en-velin-inauguration-au-planetarium-situe-place-de-la-nation-dune-oeuvre-de-denis-mariotte\/","og_locale":"fr_FR","og_type":"article","og_title":"VAULX-EN-VELIN | Inauguration au Plan\u00e9tarium d'une oeuvre de Denis Mariotte - News Est Lyonnais","og_description":"Inauguration ce soir au Plan\u00e9tarium situ\u00e9 place de la nation d'une oeuvre de Denis Mariotte. L'\u0153uvre [ \u00d5 d ] * (transcription phon\u00e9tique du mot onde).","og_url":"https:\/\/newsestlyonnais.fr\/site\/2016\/12\/16\/vaulx-en-velin-inauguration-au-planetarium-situe-place-de-la-nation-dune-oeuvre-de-denis-mariotte\/","og_site_name":"News Est Lyonnais","article_author":"https:\/\/www.facebook.com\/pascal.oberson.1?fref=ts","article_published_time":"2016-12-16T05:03:58+00:00","article_modified_time":"2020-11-16T15:22:21+00:00","author":"R\u00e9dac. NEWS","twitter_card":"summary_large_image","twitter_misc":{"\u00c9crit par":"R\u00e9dac. NEWS","Dur\u00e9e de lecture estim\u00e9e":"1 minute"},"schema":{"@context":"https:\/\/schema.org","@graph":[{"@type":"Article","@id":"https:\/\/newsestlyonnais.fr\/site\/2016\/12\/16\/vaulx-en-velin-inauguration-au-planetarium-situe-place-de-la-nation-dune-oeuvre-de-denis-mariotte\/#article","isPartOf":{"@id":"https:\/\/newsestlyonnais.fr\/site\/2016\/12\/16\/vaulx-en-velin-inauguration-au-planetarium-situe-place-de-la-nation-dune-oeuvre-de-denis-mariotte\/"},"author":{"name":"R\u00e9dac. NEWS","@id":"https:\/\/newsestlyonnais.fr\/site\/#\/schema\/person\/3230d5615f390bb808365d673001e887"},"headline":"VAULX-EN-VELIN | Inauguration au Plan\u00e9tarium d&rsquo;une oeuvre de Denis Mariotte","datePublished":"2016-12-16T05:03:58+00:00","dateModified":"2020-11-16T15:22:21+00:00","mainEntityOfPage":{"@id":"https:\/\/newsestlyonnais.fr\/site\/2016\/12\/16\/vaulx-en-velin-inauguration-au-planetarium-situe-place-de-la-nation-dune-oeuvre-de-denis-mariotte\/"},"wordCount":121,"commentCount":0,"publisher":{"@id":"https:\/\/newsestlyonnais.fr\/site\/#organization"},"articleSection":["P'tites News","Vaulx-en-Velin"],"inLanguage":"fr-FR","potentialAction":[{"@type":"CommentAction","name":"Comment","target":["https:\/\/newsestlyonnais.fr\/site\/2016\/12\/16\/vaulx-en-velin-inauguration-au-planetarium-situe-place-de-la-nation-dune-oeuvre-de-denis-mariotte\/#respond"]}]},{"@type":"WebPage","@id":"https:\/\/newsestlyonnais.fr\/site\/2016\/12\/16\/vaulx-en-velin-inauguration-au-planetarium-situe-place-de-la-nation-dune-oeuvre-de-denis-mariotte\/","url":"https:\/\/newsestlyonnais.fr\/site\/2016\/12\/16\/vaulx-en-velin-inauguration-au-planetarium-situe-place-de-la-nation-dune-oeuvre-de-denis-mariotte\/","name":"VAULX-EN-VELIN | Inauguration au Plan\u00e9tarium d'une oeuvre de Denis Mariotte - News Est Lyonnais","isPartOf":{"@id":"https:\/\/newsestlyonnais.fr\/site\/#website"},"datePublished":"2016-12-16T05:03:58+00:00","dateModified":"2020-11-16T15:22:21+00:00","description":"Inauguration ce soir au Plan\u00e9tarium situ\u00e9 place de la nation d'une oeuvre de Denis Mariotte. L'\u0153uvre [ \u00d5 d ] * (transcription phon\u00e9tique du mot onde).","breadcrumb":{"@id":"https:\/\/newsestlyonnais.fr\/site\/2016\/12\/16\/vaulx-en-velin-inauguration-au-planetarium-situe-place-de-la-nation-dune-oeuvre-de-denis-mariotte\/#breadcrumb"},"inLanguage":"fr-FR","potentialAction":[{"@type":"ReadAction","target":["https:\/\/newsestlyonnais.fr\/site\/2016\/12\/16\/vaulx-en-velin-inauguration-au-planetarium-situe-place-de-la-nation-dune-oeuvre-de-denis-mariotte\/"]}]},{"@type":"BreadcrumbList","@id":"https:\/\/newsestlyonnais.fr\/site\/2016\/12\/16\/vaulx-en-velin-inauguration-au-planetarium-situe-place-de-la-nation-dune-oeuvre-de-denis-mariotte\/#breadcrumb","itemListElement":[{"@type":"ListItem","position":1,"name":"Accueil","item":"https:\/\/newsestlyonnais.fr\/site\/"},{"@type":"ListItem","position":2,"name":"VAULX-EN-VELIN | Inauguration au Plan\u00e9tarium d&rsquo;une oeuvre de Denis Mariotte"}]},{"@type":"WebSite","@id":"https:\/\/newsestlyonnais.fr\/site\/#website","url":"https:\/\/newsestlyonnais.fr\/site\/","name":"News Est Lyonnais","description":"L&#039;actualit\u00e9 au plus pr\u00e8s","publisher":{"@id":"https:\/\/newsestlyonnais.fr\/site\/#organization"},"potentialAction":[{"@type":"SearchAction","target":{"@type":"EntryPoint","urlTemplate":"https:\/\/newsestlyonnais.fr\/site\/?s={search_term_string}"},"query-input":{"@type":"PropertyValueSpecification","valueRequired":true,"valueName":"search_term_string"}}],"inLanguage":"fr-FR"},{"@type":"Organization","@id":"https:\/\/newsestlyonnais.fr\/site\/#organization","name":"News EST LYONNAIS","url":"https:\/\/newsestlyonnais.fr\/site\/","logo":{"@type":"ImageObject","inLanguage":"fr-FR","@id":"https:\/\/newsestlyonnais.fr\/site\/#\/schema\/logo\/image\/","url":"","contentUrl":"","caption":"News EST LYONNAIS"},"image":{"@id":"https:\/\/newsestlyonnais.fr\/site\/#\/schema\/logo\/image\/"}},{"@type":"Person","@id":"https:\/\/newsestlyonnais.fr\/site\/#\/schema\/person\/3230d5615f390bb808365d673001e887","name":"R\u00e9dac. NEWS","sameAs":["http:\/\/www.newsestlyonnais.fr","https:\/\/www.facebook.com\/pascal.oberson.1?fref=ts","https:\/\/fr.linkedin.com\/in\/pascal-oberson-b17045113"],"url":"https:\/\/newsestlyonnais.fr\/site\/author\/nel\/"}]}},"_links":{"self":[{"href":"https:\/\/newsestlyonnais.fr\/site\/wp-json\/wp\/v2\/posts\/17456","targetHints":{"allow":["GET"]}}],"collection":[{"href":"https:\/\/newsestlyonnais.fr\/site\/wp-json\/wp\/v2\/posts"}],"about":[{"href":"https:\/\/newsestlyonnais.fr\/site\/wp-json\/wp\/v2\/types\/post"}],"author":[{"embeddable":true,"href":"https:\/\/newsestlyonnais.fr\/site\/wp-json\/wp\/v2\/users\/4"}],"replies":[{"embeddable":true,"href":"https:\/\/newsestlyonnais.fr\/site\/wp-json\/wp\/v2\/comments?post=17456"}],"version-history":[{"count":0,"href":"https:\/\/newsestlyonnais.fr\/site\/wp-json\/wp\/v2\/posts\/17456\/revisions"}],"wp:attachment":[{"href":"https:\/\/newsestlyonnais.fr\/site\/wp-json\/wp\/v2\/media?parent=17456"}],"wp:term":[{"taxonomy":"category","embeddable":true,"href":"https:\/\/newsestlyonnais.fr\/site\/wp-json\/wp\/v2\/categories?post=17456"},{"taxonomy":"post_tag","embeddable":true,"href":"https:\/\/newsestlyonnais.fr\/site\/wp-json\/wp\/v2\/tags?post=17456"}],"curies":[{"name":"wp","href":"https:\/\/api.w.org\/{rel}","templated":true}]}}