{"id":17462,"date":"2016-12-16T06:38:24","date_gmt":"2016-12-16T05:38:24","guid":{"rendered":"http:\/\/newsestlyonnais.fr\/site\/?p=17462"},"modified":"2020-11-03T09:21:04","modified_gmt":"2020-11-03T08:21:04","slug":"genas-lagenda-des-rencontres-a-domicile-de-lesga-foot","status":"publish","type":"post","link":"https:\/\/newsestlyonnais.fr\/site\/2016\/12\/16\/genas-lagenda-des-rencontres-a-domicile-de-lesga-foot\/","title":{"rendered":"GENAS | L&rsquo;agenda des rencontres \u00e0 domicile de l&rsquo;ESGA Foot"},"content":{"rendered":"<h4>\u00a0Au programme des rencontres de coupes et de championnats ce week-end pour les \u00e9quipes genassiennes avant la tr\u00eave hivernale:<\/h4>\n<ul>\n<li><strong><em>Coupe <\/em>de Lyon et du Rh\u00f4ne<\/strong>:<strong> en U15<\/strong> contre Chaponnay-Marennes:\u00a0 samedi \u00e0 15 heures 15 et en <strong>seniors<\/strong>, contre l&rsquo;USEL Foot: dimanche \u00e0 14 heures 30.<\/li>\n<li><strong>Coupe GVR M\u00e9jean<\/strong>: <strong>U15 (2)<\/strong> contre Toussieu samedi 17 \u00e0 15 heures 15<\/li>\n<li><strong>Championnat<\/strong>: <span style=\"text-decoration: underline\">en F\u00e9minines<\/span>: <strong>U 20 (1)<\/strong> en Honneur de ligue contre Grenoble Foot 38, dimanche \u00e0 14 heures 30 et en <strong>U18<\/strong> , dimanche 18 \u00e0 10 heures 30 contre Bourg P\u00e9ronnas.<\/li>\n<\/ul>\n<div class=\"copy-paste-block\">\n<div class=\"w450\">\n<div class=\"resultatmatch bgbleu rm\">\n<table border=\"0\" summary=\"head_match\" cellspacing=\"0\" cellpadding=\"0\">\n<tbody>\n<tr>\n<td class=\"logo\" style=\"width: 113.2px\"><\/td>\n<td class=\"team t2\" style=\"width: 113.2px\"><\/td>\n<td class=\"score s2\" style=\"width: 113.2px\"><\/td>\n<td class=\"team ar tv2\" style=\"width: 113.2px\"><\/td>\n<td class=\"logo\" style=\"width: 113.2px\"><\/td>\n<\/tr>\n<\/tbody>\n<\/table>\n<\/div>\n<\/div>\n<div class=\"w450\">\n<div class=\"resultatmatch bgbleu rm\">\n<table border=\"0\" summary=\"head_match\" cellspacing=\"0\" cellpadding=\"0\">\n<tbody>\n<tr>\n<td class=\"score s2\"><\/td>\n<td class=\"team ar tv2\"><\/td>\n<td class=\"logo\"><\/td>\n<\/tr>\n<\/tbody>\n<\/table>\n<\/div>\n<\/div>\n<div class=\"allonge\"><\/div>\n<div class=\"allonge\"><\/div>\n<div class=\"w450\">\n<div class=\"resultatmatch bgbleu rm\">\n<table border=\"0\" summary=\"head_match\" cellspacing=\"0\" cellpadding=\"0\">\n<tbody>\n<tr>\n<td class=\"logo\"><\/td>\n<td class=\"team t2\"><\/td>\n<td class=\"score s2\"><\/td>\n<td class=\"team ar tv2\"><\/td>\n<td class=\"logo\"><\/td>\n<\/tr>\n<\/tbody>\n<\/table>\n<\/div>\n<\/div>\n<div class=\"w450\">\n<div class=\"resultatmatch bgbleu rm\">\n<div class=\"allonge\"><\/div>\n<div class=\"allonge\"><\/div>\n<table border=\"0\" summary=\"head_match\" cellspacing=\"0\" cellpadding=\"0\">\n<tbody>\n<tr>\n<td class=\"logo\"><\/td>\n<td class=\"team t2\"><\/td>\n<td class=\"score s2\"><\/td>\n<td class=\"team ar tv2\"><\/td>\n<td class=\"logo\"><\/td>\n<\/tr>\n<\/tbody>\n<\/table>\n<\/div>\n<\/div>\n<div class=\"allonge\"><\/div>\n<div class=\"allonge\"><\/div>\n<div class=\"w450\">\n<div class=\"resultatmatch bgbleu rm\">\n<div class=\"allonge\"><\/div>\n<div class=\"allonge\"><\/div>\n<table border=\"0\" summary=\"head_match\" cellspacing=\"0\" cellpadding=\"0\">\n<tbody>\n<tr>\n<td class=\"logo\"><\/td>\n<td class=\"team t2\"><\/td>\n<td class=\"score s2\"><\/td>\n<td class=\"team ar tv2\"><\/td>\n<td class=\"logo\"><\/td>\n<\/tr>\n<\/tbody>\n<\/table>\n<\/div>\n<\/div>\n<div class=\"allonge\"><\/div>\n<div class=\"allonge\"><\/div>\n<div class=\"w450\">\n<div class=\"resultatmatch bgbleu rm\">\n<div class=\"allonge\"><\/div>\n<div class=\"allonge\"><\/div>\n<div class=\"allonge\"><\/div>\n<table border=\"0\" summary=\"head_match\" cellspacing=\"0\" cellpadding=\"0\">\n<tbody>\n<tr>\n<td class=\"logo\"><\/td>\n<td class=\"team t2\"><\/td>\n<td class=\"score s2\"><\/td>\n<td class=\"team ar tv2\"><\/td>\n<td class=\"logo\"><\/td>\n<\/tr>\n<\/tbody>\n<\/table>\n<\/div>\n<\/div>\n<\/div>\n","protected":false},"excerpt":{"rendered":"<p>\u00a0Au programme des rencontres de coupes et de championnats ce week-end pour les \u00e9quipes genassiennes avant la tr\u00eave hivernale: Coupe de Lyon et du Rh\u00f4ne: en U15 contre Chaponnay-Marennes:\u00a0 samedi \u00e0 15 heures 15 et en seniors, contre l&rsquo;USEL Foot: dimanche \u00e0 14 heures 30. Coupe GVR M\u00e9jean: U15 (2) contre Toussieu samedi 17 \u00e0 [&hellip;]<\/p>\n","protected":false},"author":4,"featured_media":0,"comment_status":"open","ping_status":"open","sticky":false,"template":"","format":"standard","meta":{"footnotes":""},"categories":[270,1329,2996,1598],"tags":[],"class_list":["post-17462","post","type-post","status-publish","format-standard","hentry","category-cte-de-communes-c-c-e-l","category-foot","category-football-rugby","category-genas"],"yoast_head":"<!-- This site is optimized with the Yoast SEO plugin v27.2 - https:\/\/yoast.com\/product\/yoast-seo-wordpress\/ -->\n<title>GENAS: L&#039;agenda des rencontres \u00e0 domicile de l&#039;ES Genas Azieu Foot<\/title>\n<meta name=\"description\" content=\"GENAS: L&#039;agenda des rencontres \u00e0 domicile de l&#039;ES Genas Azieu Foot\" \/>\n<meta name=\"robots\" content=\"index, follow, max-snippet:-1, max-image-preview:large, max-video-preview:-1\" \/>\n<link rel=\"canonical\" href=\"https:\/\/newsestlyonnais.fr\/site\/2016\/12\/16\/genas-lagenda-des-rencontres-a-domicile-de-lesga-foot\/\" \/>\n<meta property=\"og:locale\" content=\"fr_FR\" \/>\n<meta property=\"og:type\" content=\"article\" \/>\n<meta property=\"og:title\" content=\"GENAS: L&#039;agenda des rencontres \u00e0 domicile de l&#039;ES Genas Azieu Foot\" \/>\n<meta property=\"og:description\" content=\"GENAS: L&#039;agenda des rencontres \u00e0 domicile de l&#039;ES Genas Azieu Foot\" \/>\n<meta property=\"og:url\" content=\"https:\/\/newsestlyonnais.fr\/site\/2016\/12\/16\/genas-lagenda-des-rencontres-a-domicile-de-lesga-foot\/\" \/>\n<meta property=\"og:site_name\" content=\"News Est Lyonnais\" \/>\n<meta property=\"article:author\" content=\"https:\/\/www.facebook.com\/pascal.oberson.1?fref=ts\" \/>\n<meta property=\"article:published_time\" content=\"2016-12-16T05:38:24+00:00\" \/>\n<meta property=\"article:modified_time\" content=\"2020-11-03T08:21:04+00:00\" \/>\n<meta name=\"author\" content=\"R\u00e9dac. NEWS\" \/>\n<meta name=\"twitter:card\" content=\"summary_large_image\" \/>\n<meta name=\"twitter:label1\" content=\"\u00c9crit par\" \/>\n\t<meta name=\"twitter:data1\" content=\"R\u00e9dac. NEWS\" \/>\n<script type=\"application\/ld+json\" class=\"yoast-schema-graph\">{\"@context\":\"https:\/\/schema.org\",\"@graph\":[{\"@type\":\"Article\",\"@id\":\"https:\/\/newsestlyonnais.fr\/site\/2016\/12\/16\/genas-lagenda-des-rencontres-a-domicile-de-lesga-foot\/#article\",\"isPartOf\":{\"@id\":\"https:\/\/newsestlyonnais.fr\/site\/2016\/12\/16\/genas-lagenda-des-rencontres-a-domicile-de-lesga-foot\/\"},\"author\":{\"name\":\"R\u00e9dac. NEWS\",\"@id\":\"https:\/\/newsestlyonnais.fr\/site\/#\/schema\/person\/3230d5615f390bb808365d673001e887\"},\"headline\":\"GENAS | L&rsquo;agenda des rencontres \u00e0 domicile de l&rsquo;ESGA Foot\",\"datePublished\":\"2016-12-16T05:38:24+00:00\",\"dateModified\":\"2020-11-03T08:21:04+00:00\",\"mainEntityOfPage\":{\"@id\":\"https:\/\/newsestlyonnais.fr\/site\/2016\/12\/16\/genas-lagenda-des-rencontres-a-domicile-de-lesga-foot\/\"},\"wordCount\":84,\"commentCount\":0,\"publisher\":{\"@id\":\"https:\/\/newsestlyonnais.fr\/site\/#organization\"},\"articleSection\":[\"CCEL | Communes\",\"Foot | Futsal\",\"Foot | Rugby\",\"Genas\"],\"inLanguage\":\"fr-FR\",\"potentialAction\":[{\"@type\":\"CommentAction\",\"name\":\"Comment\",\"target\":[\"https:\/\/newsestlyonnais.fr\/site\/2016\/12\/16\/genas-lagenda-des-rencontres-a-domicile-de-lesga-foot\/#respond\"]}]},{\"@type\":\"WebPage\",\"@id\":\"https:\/\/newsestlyonnais.fr\/site\/2016\/12\/16\/genas-lagenda-des-rencontres-a-domicile-de-lesga-foot\/\",\"url\":\"https:\/\/newsestlyonnais.fr\/site\/2016\/12\/16\/genas-lagenda-des-rencontres-a-domicile-de-lesga-foot\/\",\"name\":\"GENAS: L'agenda des rencontres \u00e0 domicile de l'ES Genas Azieu Foot\",\"isPartOf\":{\"@id\":\"https:\/\/newsestlyonnais.fr\/site\/#website\"},\"datePublished\":\"2016-12-16T05:38:24+00:00\",\"dateModified\":\"2020-11-03T08:21:04+00:00\",\"description\":\"GENAS: L'agenda des rencontres \u00e0 domicile de l'ES Genas Azieu Foot\",\"breadcrumb\":{\"@id\":\"https:\/\/newsestlyonnais.fr\/site\/2016\/12\/16\/genas-lagenda-des-rencontres-a-domicile-de-lesga-foot\/#breadcrumb\"},\"inLanguage\":\"fr-FR\",\"potentialAction\":[{\"@type\":\"ReadAction\",\"target\":[\"https:\/\/newsestlyonnais.fr\/site\/2016\/12\/16\/genas-lagenda-des-rencontres-a-domicile-de-lesga-foot\/\"]}]},{\"@type\":\"BreadcrumbList\",\"@id\":\"https:\/\/newsestlyonnais.fr\/site\/2016\/12\/16\/genas-lagenda-des-rencontres-a-domicile-de-lesga-foot\/#breadcrumb\",\"itemListElement\":[{\"@type\":\"ListItem\",\"position\":1,\"name\":\"Accueil\",\"item\":\"https:\/\/newsestlyonnais.fr\/site\/\"},{\"@type\":\"ListItem\",\"position\":2,\"name\":\"GENAS | L&rsquo;agenda des rencontres \u00e0 domicile de l&rsquo;ESGA Foot\"}]},{\"@type\":\"WebSite\",\"@id\":\"https:\/\/newsestlyonnais.fr\/site\/#website\",\"url\":\"https:\/\/newsestlyonnais.fr\/site\/\",\"name\":\"News Est Lyonnais\",\"description\":\"L&#039;actualit\u00e9 au plus pr\u00e8s\",\"publisher\":{\"@id\":\"https:\/\/newsestlyonnais.fr\/site\/#organization\"},\"potentialAction\":[{\"@type\":\"SearchAction\",\"target\":{\"@type\":\"EntryPoint\",\"urlTemplate\":\"https:\/\/newsestlyonnais.fr\/site\/?s={search_term_string}\"},\"query-input\":{\"@type\":\"PropertyValueSpecification\",\"valueRequired\":true,\"valueName\":\"search_term_string\"}}],\"inLanguage\":\"fr-FR\"},{\"@type\":\"Organization\",\"@id\":\"https:\/\/newsestlyonnais.fr\/site\/#organization\",\"name\":\"News EST LYONNAIS\",\"url\":\"https:\/\/newsestlyonnais.fr\/site\/\",\"logo\":{\"@type\":\"ImageObject\",\"inLanguage\":\"fr-FR\",\"@id\":\"https:\/\/newsestlyonnais.fr\/site\/#\/schema\/logo\/image\/\",\"url\":\"\",\"contentUrl\":\"\",\"caption\":\"News EST LYONNAIS\"},\"image\":{\"@id\":\"https:\/\/newsestlyonnais.fr\/site\/#\/schema\/logo\/image\/\"}},{\"@type\":\"Person\",\"@id\":\"https:\/\/newsestlyonnais.fr\/site\/#\/schema\/person\/3230d5615f390bb808365d673001e887\",\"name\":\"R\u00e9dac. NEWS\",\"sameAs\":[\"http:\/\/www.newsestlyonnais.fr\",\"https:\/\/www.facebook.com\/pascal.oberson.1?fref=ts\",\"https:\/\/fr.linkedin.com\/in\/pascal-oberson-b17045113\"],\"url\":\"https:\/\/newsestlyonnais.fr\/site\/author\/nel\/\"}]}<\/script>\n<!-- \/ Yoast SEO plugin. -->","yoast_head_json":{"title":"GENAS: L'agenda des rencontres \u00e0 domicile de l'ES Genas Azieu Foot","description":"GENAS: L'agenda des rencontres \u00e0 domicile de l'ES Genas Azieu Foot","robots":{"index":"index","follow":"follow","max-snippet":"max-snippet:-1","max-image-preview":"max-image-preview:large","max-video-preview":"max-video-preview:-1"},"canonical":"https:\/\/newsestlyonnais.fr\/site\/2016\/12\/16\/genas-lagenda-des-rencontres-a-domicile-de-lesga-foot\/","og_locale":"fr_FR","og_type":"article","og_title":"GENAS: L'agenda des rencontres \u00e0 domicile de l'ES Genas Azieu Foot","og_description":"GENAS: L'agenda des rencontres \u00e0 domicile de l'ES Genas Azieu Foot","og_url":"https:\/\/newsestlyonnais.fr\/site\/2016\/12\/16\/genas-lagenda-des-rencontres-a-domicile-de-lesga-foot\/","og_site_name":"News Est Lyonnais","article_author":"https:\/\/www.facebook.com\/pascal.oberson.1?fref=ts","article_published_time":"2016-12-16T05:38:24+00:00","article_modified_time":"2020-11-03T08:21:04+00:00","author":"R\u00e9dac. NEWS","twitter_card":"summary_large_image","twitter_misc":{"\u00c9crit par":"R\u00e9dac. NEWS"},"schema":{"@context":"https:\/\/schema.org","@graph":[{"@type":"Article","@id":"https:\/\/newsestlyonnais.fr\/site\/2016\/12\/16\/genas-lagenda-des-rencontres-a-domicile-de-lesga-foot\/#article","isPartOf":{"@id":"https:\/\/newsestlyonnais.fr\/site\/2016\/12\/16\/genas-lagenda-des-rencontres-a-domicile-de-lesga-foot\/"},"author":{"name":"R\u00e9dac. NEWS","@id":"https:\/\/newsestlyonnais.fr\/site\/#\/schema\/person\/3230d5615f390bb808365d673001e887"},"headline":"GENAS | L&rsquo;agenda des rencontres \u00e0 domicile de l&rsquo;ESGA Foot","datePublished":"2016-12-16T05:38:24+00:00","dateModified":"2020-11-03T08:21:04+00:00","mainEntityOfPage":{"@id":"https:\/\/newsestlyonnais.fr\/site\/2016\/12\/16\/genas-lagenda-des-rencontres-a-domicile-de-lesga-foot\/"},"wordCount":84,"commentCount":0,"publisher":{"@id":"https:\/\/newsestlyonnais.fr\/site\/#organization"},"articleSection":["CCEL | Communes","Foot | Futsal","Foot | Rugby","Genas"],"inLanguage":"fr-FR","potentialAction":[{"@type":"CommentAction","name":"Comment","target":["https:\/\/newsestlyonnais.fr\/site\/2016\/12\/16\/genas-lagenda-des-rencontres-a-domicile-de-lesga-foot\/#respond"]}]},{"@type":"WebPage","@id":"https:\/\/newsestlyonnais.fr\/site\/2016\/12\/16\/genas-lagenda-des-rencontres-a-domicile-de-lesga-foot\/","url":"https:\/\/newsestlyonnais.fr\/site\/2016\/12\/16\/genas-lagenda-des-rencontres-a-domicile-de-lesga-foot\/","name":"GENAS: L'agenda des rencontres \u00e0 domicile de l'ES Genas Azieu Foot","isPartOf":{"@id":"https:\/\/newsestlyonnais.fr\/site\/#website"},"datePublished":"2016-12-16T05:38:24+00:00","dateModified":"2020-11-03T08:21:04+00:00","description":"GENAS: L'agenda des rencontres \u00e0 domicile de l'ES Genas Azieu Foot","breadcrumb":{"@id":"https:\/\/newsestlyonnais.fr\/site\/2016\/12\/16\/genas-lagenda-des-rencontres-a-domicile-de-lesga-foot\/#breadcrumb"},"inLanguage":"fr-FR","potentialAction":[{"@type":"ReadAction","target":["https:\/\/newsestlyonnais.fr\/site\/2016\/12\/16\/genas-lagenda-des-rencontres-a-domicile-de-lesga-foot\/"]}]},{"@type":"BreadcrumbList","@id":"https:\/\/newsestlyonnais.fr\/site\/2016\/12\/16\/genas-lagenda-des-rencontres-a-domicile-de-lesga-foot\/#breadcrumb","itemListElement":[{"@type":"ListItem","position":1,"name":"Accueil","item":"https:\/\/newsestlyonnais.fr\/site\/"},{"@type":"ListItem","position":2,"name":"GENAS | L&rsquo;agenda des rencontres \u00e0 domicile de l&rsquo;ESGA Foot"}]},{"@type":"WebSite","@id":"https:\/\/newsestlyonnais.fr\/site\/#website","url":"https:\/\/newsestlyonnais.fr\/site\/","name":"News Est Lyonnais","description":"L&#039;actualit\u00e9 au plus pr\u00e8s","publisher":{"@id":"https:\/\/newsestlyonnais.fr\/site\/#organization"},"potentialAction":[{"@type":"SearchAction","target":{"@type":"EntryPoint","urlTemplate":"https:\/\/newsestlyonnais.fr\/site\/?s={search_term_string}"},"query-input":{"@type":"PropertyValueSpecification","valueRequired":true,"valueName":"search_term_string"}}],"inLanguage":"fr-FR"},{"@type":"Organization","@id":"https:\/\/newsestlyonnais.fr\/site\/#organization","name":"News EST LYONNAIS","url":"https:\/\/newsestlyonnais.fr\/site\/","logo":{"@type":"ImageObject","inLanguage":"fr-FR","@id":"https:\/\/newsestlyonnais.fr\/site\/#\/schema\/logo\/image\/","url":"","contentUrl":"","caption":"News EST LYONNAIS"},"image":{"@id":"https:\/\/newsestlyonnais.fr\/site\/#\/schema\/logo\/image\/"}},{"@type":"Person","@id":"https:\/\/newsestlyonnais.fr\/site\/#\/schema\/person\/3230d5615f390bb808365d673001e887","name":"R\u00e9dac. NEWS","sameAs":["http:\/\/www.newsestlyonnais.fr","https:\/\/www.facebook.com\/pascal.oberson.1?fref=ts","https:\/\/fr.linkedin.com\/in\/pascal-oberson-b17045113"],"url":"https:\/\/newsestlyonnais.fr\/site\/author\/nel\/"}]}},"_links":{"self":[{"href":"https:\/\/newsestlyonnais.fr\/site\/wp-json\/wp\/v2\/posts\/17462","targetHints":{"allow":["GET"]}}],"collection":[{"href":"https:\/\/newsestlyonnais.fr\/site\/wp-json\/wp\/v2\/posts"}],"about":[{"href":"https:\/\/newsestlyonnais.fr\/site\/wp-json\/wp\/v2\/types\/post"}],"author":[{"embeddable":true,"href":"https:\/\/newsestlyonnais.fr\/site\/wp-json\/wp\/v2\/users\/4"}],"replies":[{"embeddable":true,"href":"https:\/\/newsestlyonnais.fr\/site\/wp-json\/wp\/v2\/comments?post=17462"}],"version-history":[{"count":0,"href":"https:\/\/newsestlyonnais.fr\/site\/wp-json\/wp\/v2\/posts\/17462\/revisions"}],"wp:attachment":[{"href":"https:\/\/newsestlyonnais.fr\/site\/wp-json\/wp\/v2\/media?parent=17462"}],"wp:term":[{"taxonomy":"category","embeddable":true,"href":"https:\/\/newsestlyonnais.fr\/site\/wp-json\/wp\/v2\/categories?post=17462"},{"taxonomy":"post_tag","embeddable":true,"href":"https:\/\/newsestlyonnais.fr\/site\/wp-json\/wp\/v2\/tags?post=17462"}],"curies":[{"name":"wp","href":"https:\/\/api.w.org\/{rel}","templated":true}]}}