{"id":17482,"date":"2016-12-17T08:02:44","date_gmt":"2016-12-17T07:02:44","guid":{"rendered":"http:\/\/newsestlyonnais.fr\/site\/?p=17482"},"modified":"2020-11-17T14:47:21","modified_gmt":"2020-11-17T13:47:21","slug":"genas-110-gymnastes-de-grs-spectacle-gala-de-noel","status":"publish","type":"post","link":"https:\/\/newsestlyonnais.fr\/site\/2016\/12\/17\/genas-110-gymnastes-de-grs-spectacle-gala-de-noel\/","title":{"rendered":"GENAS | Les 110 gymnastes de la GRS en spectacle au gala de Noel"},"content":{"rendered":"<h4>Le traditionnel gala de NOEL de la GRS tenu vendredi soir salle Jacques Anquetil a une nouvelle fois, donn\u00e9 lieu \u00e0 un spectacle de haute qualit\u00e9.<\/h4>\n<p>Les 110 gymnastes de la section se sont en effet produit devant un public nombreux et familial durant plus d&rsquo;une heure trente. De biens belles d\u00e9monstrations effectu\u00e9es par les diff\u00e9rentes \u00e9quipes, dont certaines d\u00e9butantes avec leurs engins (massue, cerceau, ballon, corde et ruban).<\/p>\n<p>Un gala qui cl\u00f4turait \u00ab\u00a0une saison qui a bien commenc\u00e9 avec de bons r\u00e9sultats enregistr\u00e9s en individuel\u00a0\u00bb confiait <strong>la pr\u00e9sidente Nathalie Tria.<\/strong> \u00ab\u00a0Les comp\u00e9titions par \u00e9quipes vont d\u00e9marrer en mars et gr\u00e2ce au bon travail r\u00e9alis\u00e9 par nos 16 monitrices, on va essayer de d\u00e9crocher des qualifications pour le National Ufolep \u00e0 Lormont (Gironde) en mai\u00a0\u00bb.<\/p>\n<ul>\n<li>Retrouvez toute l&rsquo;ACTU de la GRS de Genas sur: <a href=\"http:\/\/www.grsgenas.cabanova.fr\" target=\"_blank\" rel=\"noopener noreferrer\">http:\/\/www.grsgenas.cabanova.fr<\/a><\/li>\n<li><a href=\"http:\/\/www.grsgenas.cabanova.fr\" target=\"_blank\" rel=\"noopener noreferrer\"><img loading=\"lazy\" decoding=\"async\" class=\"alignleft size-full wp-image-17496\" src=\"https:\/\/newsestlyonnais.fr\/site\/medias\/2016\/12\/NEWSESTLYONNAIS-GALA-02.jpg\" alt=\"newsestlyonnais-gala-02\" width=\"1000\" height=\"750\" \/><img loading=\"lazy\" decoding=\"async\" class=\"alignleft size-full wp-image-17494\" src=\"https:\/\/newsestlyonnais.fr\/site\/medias\/2016\/12\/NEWSESTLYONNAIS-GALA-01.jpg\" alt=\"newsestlyonnais-gala-01\" width=\"1000\" height=\"750\" \/><\/a><\/li>\n<li><\/li>\n<\/ul>\n","protected":false},"excerpt":{"rendered":"<p>Le traditionnel gala de NOEL de la GRS tenu vendredi soir salle Jacques Anquetil a une nouvelle fois, donn\u00e9 lieu \u00e0 un spectacle de haute qualit\u00e9. Les 110 gymnastes de la section se sont en effet produit devant un public nombreux et familial durant plus d&rsquo;une heure trente. De biens belles d\u00e9monstrations effectu\u00e9es par les [&hellip;]<\/p>\n","protected":false},"author":4,"featured_media":0,"comment_status":"open","ping_status":"open","sticky":false,"template":"","format":"standard","meta":{"footnotes":""},"categories":[270,166,1598,1319],"tags":[],"class_list":["post-17482","post","type-post","status-publish","format-standard","hentry","category-cte-de-communes-c-c-e-l","category-divers-sports","category-genas","category-gymnastique-grs-gv"],"yoast_head":"<!-- This site is optimized with the Yoast SEO plugin v27.2 - https:\/\/yoast.com\/product\/yoast-seo-wordpress\/ -->\n<title>GENAS : Les 110 gymnastes de la GRS en spectacle au gala de Noel<\/title>\n<meta name=\"description\" content=\"GENAS : Les 110 gymnastes de la GRS en spectacle au gala de Noel\" \/>\n<meta name=\"robots\" content=\"index, follow, max-snippet:-1, max-image-preview:large, max-video-preview:-1\" \/>\n<link rel=\"canonical\" href=\"https:\/\/newsestlyonnais.fr\/site\/2016\/12\/17\/genas-110-gymnastes-de-grs-spectacle-gala-de-noel\/\" \/>\n<meta property=\"og:locale\" content=\"fr_FR\" \/>\n<meta property=\"og:type\" content=\"article\" \/>\n<meta property=\"og:title\" content=\"GENAS : Les 110 gymnastes de la GRS en spectacle au gala de Noel\" \/>\n<meta property=\"og:description\" content=\"GENAS : Les 110 gymnastes de la GRS en spectacle au gala de Noel\" \/>\n<meta property=\"og:url\" content=\"https:\/\/newsestlyonnais.fr\/site\/2016\/12\/17\/genas-110-gymnastes-de-grs-spectacle-gala-de-noel\/\" \/>\n<meta property=\"og:site_name\" content=\"News Est Lyonnais\" \/>\n<meta property=\"article:author\" content=\"https:\/\/www.facebook.com\/pascal.oberson.1?fref=ts\" \/>\n<meta property=\"article:published_time\" content=\"2016-12-17T07:02:44+00:00\" \/>\n<meta property=\"article:modified_time\" content=\"2020-11-17T13:47:21+00:00\" \/>\n<meta property=\"og:image\" content=\"http:\/\/newsestlyonnais.fr\/site\/medias\/2016\/12\/NEWSESTLYONNAIS-GALA-02.jpg\" \/>\n<meta name=\"author\" content=\"R\u00e9dac. NEWS\" \/>\n<meta name=\"twitter:card\" content=\"summary_large_image\" \/>\n<meta name=\"twitter:label1\" content=\"\u00c9crit par\" \/>\n\t<meta name=\"twitter:data1\" content=\"R\u00e9dac. NEWS\" \/>\n\t<meta name=\"twitter:label2\" content=\"Dur\u00e9e de lecture estim\u00e9e\" \/>\n\t<meta name=\"twitter:data2\" content=\"1 minute\" \/>\n<script type=\"application\/ld+json\" class=\"yoast-schema-graph\">{\"@context\":\"https:\/\/schema.org\",\"@graph\":[{\"@type\":\"Article\",\"@id\":\"https:\/\/newsestlyonnais.fr\/site\/2016\/12\/17\/genas-110-gymnastes-de-grs-spectacle-gala-de-noel\/#article\",\"isPartOf\":{\"@id\":\"https:\/\/newsestlyonnais.fr\/site\/2016\/12\/17\/genas-110-gymnastes-de-grs-spectacle-gala-de-noel\/\"},\"author\":{\"name\":\"R\u00e9dac. NEWS\",\"@id\":\"https:\/\/newsestlyonnais.fr\/site\/#\/schema\/person\/3230d5615f390bb808365d673001e887\"},\"headline\":\"GENAS | Les 110 gymnastes de la GRS en spectacle au gala de Noel\",\"datePublished\":\"2016-12-17T07:02:44+00:00\",\"dateModified\":\"2020-11-17T13:47:21+00:00\",\"mainEntityOfPage\":{\"@id\":\"https:\/\/newsestlyonnais.fr\/site\/2016\/12\/17\/genas-110-gymnastes-de-grs-spectacle-gala-de-noel\/\"},\"wordCount\":162,\"commentCount\":0,\"publisher\":{\"@id\":\"https:\/\/newsestlyonnais.fr\/site\/#organization\"},\"image\":{\"@id\":\"https:\/\/newsestlyonnais.fr\/site\/2016\/12\/17\/genas-110-gymnastes-de-grs-spectacle-gala-de-noel\/#primaryimage\"},\"thumbnailUrl\":\"http:\/\/newsestlyonnais.fr\/site\/medias\/2016\/12\/NEWSESTLYONNAIS-GALA-02.jpg\",\"articleSection\":[\"CCEL | Communes\",\"Divers Sports\",\"Genas\",\"Gymnastique | Grs | Gv\"],\"inLanguage\":\"fr-FR\",\"potentialAction\":[{\"@type\":\"CommentAction\",\"name\":\"Comment\",\"target\":[\"https:\/\/newsestlyonnais.fr\/site\/2016\/12\/17\/genas-110-gymnastes-de-grs-spectacle-gala-de-noel\/#respond\"]}]},{\"@type\":\"WebPage\",\"@id\":\"https:\/\/newsestlyonnais.fr\/site\/2016\/12\/17\/genas-110-gymnastes-de-grs-spectacle-gala-de-noel\/\",\"url\":\"https:\/\/newsestlyonnais.fr\/site\/2016\/12\/17\/genas-110-gymnastes-de-grs-spectacle-gala-de-noel\/\",\"name\":\"GENAS : Les 110 gymnastes de la GRS en spectacle au gala de Noel\",\"isPartOf\":{\"@id\":\"https:\/\/newsestlyonnais.fr\/site\/#website\"},\"primaryImageOfPage\":{\"@id\":\"https:\/\/newsestlyonnais.fr\/site\/2016\/12\/17\/genas-110-gymnastes-de-grs-spectacle-gala-de-noel\/#primaryimage\"},\"image\":{\"@id\":\"https:\/\/newsestlyonnais.fr\/site\/2016\/12\/17\/genas-110-gymnastes-de-grs-spectacle-gala-de-noel\/#primaryimage\"},\"thumbnailUrl\":\"http:\/\/newsestlyonnais.fr\/site\/medias\/2016\/12\/NEWSESTLYONNAIS-GALA-02.jpg\",\"datePublished\":\"2016-12-17T07:02:44+00:00\",\"dateModified\":\"2020-11-17T13:47:21+00:00\",\"description\":\"GENAS : Les 110 gymnastes de la GRS en spectacle au gala de Noel\",\"breadcrumb\":{\"@id\":\"https:\/\/newsestlyonnais.fr\/site\/2016\/12\/17\/genas-110-gymnastes-de-grs-spectacle-gala-de-noel\/#breadcrumb\"},\"inLanguage\":\"fr-FR\",\"potentialAction\":[{\"@type\":\"ReadAction\",\"target\":[\"https:\/\/newsestlyonnais.fr\/site\/2016\/12\/17\/genas-110-gymnastes-de-grs-spectacle-gala-de-noel\/\"]}]},{\"@type\":\"ImageObject\",\"inLanguage\":\"fr-FR\",\"@id\":\"https:\/\/newsestlyonnais.fr\/site\/2016\/12\/17\/genas-110-gymnastes-de-grs-spectacle-gala-de-noel\/#primaryimage\",\"url\":\"http:\/\/newsestlyonnais.fr\/site\/medias\/2016\/12\/NEWSESTLYONNAIS-GALA-02.jpg\",\"contentUrl\":\"http:\/\/newsestlyonnais.fr\/site\/medias\/2016\/12\/NEWSESTLYONNAIS-GALA-02.jpg\"},{\"@type\":\"BreadcrumbList\",\"@id\":\"https:\/\/newsestlyonnais.fr\/site\/2016\/12\/17\/genas-110-gymnastes-de-grs-spectacle-gala-de-noel\/#breadcrumb\",\"itemListElement\":[{\"@type\":\"ListItem\",\"position\":1,\"name\":\"Accueil\",\"item\":\"https:\/\/newsestlyonnais.fr\/site\/\"},{\"@type\":\"ListItem\",\"position\":2,\"name\":\"GENAS | Les 110 gymnastes de la GRS en spectacle au gala de Noel\"}]},{\"@type\":\"WebSite\",\"@id\":\"https:\/\/newsestlyonnais.fr\/site\/#website\",\"url\":\"https:\/\/newsestlyonnais.fr\/site\/\",\"name\":\"News Est Lyonnais\",\"description\":\"L&#039;actualit\u00e9 au plus pr\u00e8s\",\"publisher\":{\"@id\":\"https:\/\/newsestlyonnais.fr\/site\/#organization\"},\"potentialAction\":[{\"@type\":\"SearchAction\",\"target\":{\"@type\":\"EntryPoint\",\"urlTemplate\":\"https:\/\/newsestlyonnais.fr\/site\/?s={search_term_string}\"},\"query-input\":{\"@type\":\"PropertyValueSpecification\",\"valueRequired\":true,\"valueName\":\"search_term_string\"}}],\"inLanguage\":\"fr-FR\"},{\"@type\":\"Organization\",\"@id\":\"https:\/\/newsestlyonnais.fr\/site\/#organization\",\"name\":\"News EST LYONNAIS\",\"url\":\"https:\/\/newsestlyonnais.fr\/site\/\",\"logo\":{\"@type\":\"ImageObject\",\"inLanguage\":\"fr-FR\",\"@id\":\"https:\/\/newsestlyonnais.fr\/site\/#\/schema\/logo\/image\/\",\"url\":\"\",\"contentUrl\":\"\",\"caption\":\"News EST LYONNAIS\"},\"image\":{\"@id\":\"https:\/\/newsestlyonnais.fr\/site\/#\/schema\/logo\/image\/\"}},{\"@type\":\"Person\",\"@id\":\"https:\/\/newsestlyonnais.fr\/site\/#\/schema\/person\/3230d5615f390bb808365d673001e887\",\"name\":\"R\u00e9dac. NEWS\",\"sameAs\":[\"http:\/\/www.newsestlyonnais.fr\",\"https:\/\/www.facebook.com\/pascal.oberson.1?fref=ts\",\"https:\/\/fr.linkedin.com\/in\/pascal-oberson-b17045113\"],\"url\":\"https:\/\/newsestlyonnais.fr\/site\/author\/nel\/\"}]}<\/script>\n<!-- \/ Yoast SEO plugin. -->","yoast_head_json":{"title":"GENAS : Les 110 gymnastes de la GRS en spectacle au gala de Noel","description":"GENAS : Les 110 gymnastes de la GRS en spectacle au gala de Noel","robots":{"index":"index","follow":"follow","max-snippet":"max-snippet:-1","max-image-preview":"max-image-preview:large","max-video-preview":"max-video-preview:-1"},"canonical":"https:\/\/newsestlyonnais.fr\/site\/2016\/12\/17\/genas-110-gymnastes-de-grs-spectacle-gala-de-noel\/","og_locale":"fr_FR","og_type":"article","og_title":"GENAS : Les 110 gymnastes de la GRS en spectacle au gala de Noel","og_description":"GENAS : Les 110 gymnastes de la GRS en spectacle au gala de Noel","og_url":"https:\/\/newsestlyonnais.fr\/site\/2016\/12\/17\/genas-110-gymnastes-de-grs-spectacle-gala-de-noel\/","og_site_name":"News Est Lyonnais","article_author":"https:\/\/www.facebook.com\/pascal.oberson.1?fref=ts","article_published_time":"2016-12-17T07:02:44+00:00","article_modified_time":"2020-11-17T13:47:21+00:00","og_image":[{"url":"http:\/\/newsestlyonnais.fr\/site\/medias\/2016\/12\/NEWSESTLYONNAIS-GALA-02.jpg","type":"","width":"","height":""}],"author":"R\u00e9dac. NEWS","twitter_card":"summary_large_image","twitter_misc":{"\u00c9crit par":"R\u00e9dac. NEWS","Dur\u00e9e de lecture estim\u00e9e":"1 minute"},"schema":{"@context":"https:\/\/schema.org","@graph":[{"@type":"Article","@id":"https:\/\/newsestlyonnais.fr\/site\/2016\/12\/17\/genas-110-gymnastes-de-grs-spectacle-gala-de-noel\/#article","isPartOf":{"@id":"https:\/\/newsestlyonnais.fr\/site\/2016\/12\/17\/genas-110-gymnastes-de-grs-spectacle-gala-de-noel\/"},"author":{"name":"R\u00e9dac. NEWS","@id":"https:\/\/newsestlyonnais.fr\/site\/#\/schema\/person\/3230d5615f390bb808365d673001e887"},"headline":"GENAS | Les 110 gymnastes de la GRS en spectacle au gala de Noel","datePublished":"2016-12-17T07:02:44+00:00","dateModified":"2020-11-17T13:47:21+00:00","mainEntityOfPage":{"@id":"https:\/\/newsestlyonnais.fr\/site\/2016\/12\/17\/genas-110-gymnastes-de-grs-spectacle-gala-de-noel\/"},"wordCount":162,"commentCount":0,"publisher":{"@id":"https:\/\/newsestlyonnais.fr\/site\/#organization"},"image":{"@id":"https:\/\/newsestlyonnais.fr\/site\/2016\/12\/17\/genas-110-gymnastes-de-grs-spectacle-gala-de-noel\/#primaryimage"},"thumbnailUrl":"http:\/\/newsestlyonnais.fr\/site\/medias\/2016\/12\/NEWSESTLYONNAIS-GALA-02.jpg","articleSection":["CCEL | Communes","Divers Sports","Genas","Gymnastique | Grs | Gv"],"inLanguage":"fr-FR","potentialAction":[{"@type":"CommentAction","name":"Comment","target":["https:\/\/newsestlyonnais.fr\/site\/2016\/12\/17\/genas-110-gymnastes-de-grs-spectacle-gala-de-noel\/#respond"]}]},{"@type":"WebPage","@id":"https:\/\/newsestlyonnais.fr\/site\/2016\/12\/17\/genas-110-gymnastes-de-grs-spectacle-gala-de-noel\/","url":"https:\/\/newsestlyonnais.fr\/site\/2016\/12\/17\/genas-110-gymnastes-de-grs-spectacle-gala-de-noel\/","name":"GENAS : Les 110 gymnastes de la GRS en spectacle au gala de Noel","isPartOf":{"@id":"https:\/\/newsestlyonnais.fr\/site\/#website"},"primaryImageOfPage":{"@id":"https:\/\/newsestlyonnais.fr\/site\/2016\/12\/17\/genas-110-gymnastes-de-grs-spectacle-gala-de-noel\/#primaryimage"},"image":{"@id":"https:\/\/newsestlyonnais.fr\/site\/2016\/12\/17\/genas-110-gymnastes-de-grs-spectacle-gala-de-noel\/#primaryimage"},"thumbnailUrl":"http:\/\/newsestlyonnais.fr\/site\/medias\/2016\/12\/NEWSESTLYONNAIS-GALA-02.jpg","datePublished":"2016-12-17T07:02:44+00:00","dateModified":"2020-11-17T13:47:21+00:00","description":"GENAS : Les 110 gymnastes de la GRS en spectacle au gala de Noel","breadcrumb":{"@id":"https:\/\/newsestlyonnais.fr\/site\/2016\/12\/17\/genas-110-gymnastes-de-grs-spectacle-gala-de-noel\/#breadcrumb"},"inLanguage":"fr-FR","potentialAction":[{"@type":"ReadAction","target":["https:\/\/newsestlyonnais.fr\/site\/2016\/12\/17\/genas-110-gymnastes-de-grs-spectacle-gala-de-noel\/"]}]},{"@type":"ImageObject","inLanguage":"fr-FR","@id":"https:\/\/newsestlyonnais.fr\/site\/2016\/12\/17\/genas-110-gymnastes-de-grs-spectacle-gala-de-noel\/#primaryimage","url":"http:\/\/newsestlyonnais.fr\/site\/medias\/2016\/12\/NEWSESTLYONNAIS-GALA-02.jpg","contentUrl":"http:\/\/newsestlyonnais.fr\/site\/medias\/2016\/12\/NEWSESTLYONNAIS-GALA-02.jpg"},{"@type":"BreadcrumbList","@id":"https:\/\/newsestlyonnais.fr\/site\/2016\/12\/17\/genas-110-gymnastes-de-grs-spectacle-gala-de-noel\/#breadcrumb","itemListElement":[{"@type":"ListItem","position":1,"name":"Accueil","item":"https:\/\/newsestlyonnais.fr\/site\/"},{"@type":"ListItem","position":2,"name":"GENAS | Les 110 gymnastes de la GRS en spectacle au gala de Noel"}]},{"@type":"WebSite","@id":"https:\/\/newsestlyonnais.fr\/site\/#website","url":"https:\/\/newsestlyonnais.fr\/site\/","name":"News Est Lyonnais","description":"L&#039;actualit\u00e9 au plus pr\u00e8s","publisher":{"@id":"https:\/\/newsestlyonnais.fr\/site\/#organization"},"potentialAction":[{"@type":"SearchAction","target":{"@type":"EntryPoint","urlTemplate":"https:\/\/newsestlyonnais.fr\/site\/?s={search_term_string}"},"query-input":{"@type":"PropertyValueSpecification","valueRequired":true,"valueName":"search_term_string"}}],"inLanguage":"fr-FR"},{"@type":"Organization","@id":"https:\/\/newsestlyonnais.fr\/site\/#organization","name":"News EST LYONNAIS","url":"https:\/\/newsestlyonnais.fr\/site\/","logo":{"@type":"ImageObject","inLanguage":"fr-FR","@id":"https:\/\/newsestlyonnais.fr\/site\/#\/schema\/logo\/image\/","url":"","contentUrl":"","caption":"News EST LYONNAIS"},"image":{"@id":"https:\/\/newsestlyonnais.fr\/site\/#\/schema\/logo\/image\/"}},{"@type":"Person","@id":"https:\/\/newsestlyonnais.fr\/site\/#\/schema\/person\/3230d5615f390bb808365d673001e887","name":"R\u00e9dac. NEWS","sameAs":["http:\/\/www.newsestlyonnais.fr","https:\/\/www.facebook.com\/pascal.oberson.1?fref=ts","https:\/\/fr.linkedin.com\/in\/pascal-oberson-b17045113"],"url":"https:\/\/newsestlyonnais.fr\/site\/author\/nel\/"}]}},"_links":{"self":[{"href":"https:\/\/newsestlyonnais.fr\/site\/wp-json\/wp\/v2\/posts\/17482","targetHints":{"allow":["GET"]}}],"collection":[{"href":"https:\/\/newsestlyonnais.fr\/site\/wp-json\/wp\/v2\/posts"}],"about":[{"href":"https:\/\/newsestlyonnais.fr\/site\/wp-json\/wp\/v2\/types\/post"}],"author":[{"embeddable":true,"href":"https:\/\/newsestlyonnais.fr\/site\/wp-json\/wp\/v2\/users\/4"}],"replies":[{"embeddable":true,"href":"https:\/\/newsestlyonnais.fr\/site\/wp-json\/wp\/v2\/comments?post=17482"}],"version-history":[{"count":0,"href":"https:\/\/newsestlyonnais.fr\/site\/wp-json\/wp\/v2\/posts\/17482\/revisions"}],"wp:attachment":[{"href":"https:\/\/newsestlyonnais.fr\/site\/wp-json\/wp\/v2\/media?parent=17482"}],"wp:term":[{"taxonomy":"category","embeddable":true,"href":"https:\/\/newsestlyonnais.fr\/site\/wp-json\/wp\/v2\/categories?post=17482"},{"taxonomy":"post_tag","embeddable":true,"href":"https:\/\/newsestlyonnais.fr\/site\/wp-json\/wp\/v2\/tags?post=17482"}],"curies":[{"name":"wp","href":"https:\/\/api.w.org\/{rel}","templated":true}]}}