{"id":175344,"date":"2023-01-22T08:03:09","date_gmt":"2023-01-22T07:03:09","guid":{"rendered":"https:\/\/newsestlyonnais.fr\/site\/?p=175344"},"modified":"2023-01-28T09:22:46","modified_gmt":"2023-01-28T08:22:46","slug":"meyzieu-epilogue-du-tournoi-de-tennis-veteran-ce-dimanche","status":"publish","type":"post","link":"https:\/\/newsestlyonnais.fr\/site\/2023\/01\/22\/meyzieu-epilogue-du-tournoi-de-tennis-veteran-ce-dimanche\/","title":{"rendered":"MEYZIEU | Epilogue du tournoi de tennis v\u00e9t\u00e9ran ce dimanche"},"content":{"rendered":"<p><span style=\"font-family: georgia, palatino, serif;\"><strong><span style=\"font-size: 14pt; background-color: #000000; color: #ffcc00;\">Les r\u00e9sultats :<\/span><br \/>\n<\/strong><\/span><\/p>\n<p><span style=\"background-color: #000000; color: #ffffff; font-family: georgia, palatino, serif;\"><strong>Dames + 45 ans<\/strong><\/span><\/p>\n<ul>\n<li><span style=\"font-family: georgia, palatino, serif;\"><strong>Marie Thoumyre<\/strong> (TC Tr\u00e9voux, 15\/4) bat Christine Mallard (Meyzieu Tennis, 30\/1) \u00a0\u00a0 <strong>6\/1, 6\/0<\/strong>.<\/span><\/li>\n<li><span style=\"font-family: georgia, palatino, serif;\"><strong>Nathalie Cartiaux<\/strong> (TC Isle d&rsquo;Abeau, 15\/3) bat Chystele Colin (TC Corbas, 15\/5)\u00a0\u00a0\u00a0\u00a0 <strong>0\/6<\/strong>, <strong>6\/2, 6\/2<\/strong>. .\u00a0 <strong><br \/>\n<\/strong><\/span><\/li>\n<\/ul>\n<hr \/>\n<p><span style=\"font-family: georgia, palatino, serif; color: #ffffff; background-color: #000000;\"><strong>Messieurs + 45 ans<\/strong><\/span><\/p>\n<ul>\n<li><span style=\"font-family: georgia, palatino, serif;\"><strong>Pascal Anayahan<\/strong> (TC Murois, 15\/2) bat Yann Chapotton (St Maurice Tennis, 15\/1) \u00a0 <strong>6\/3, 6\/3<\/strong>.\u00a0 <strong><br \/>\n<\/strong><\/span><\/li>\n<li><span style=\"font-family: georgia, palatino, serif;\"><strong>Bruno Lagniet<\/strong> (Lyon Sport M\u00e9tropole, 15) bat St\u00e9phane Bellintani (TC Mions, 15\/1)\u00a0\u00a0\u00a0 <strong>6\/2, 6\/2.<\/strong><\/span><\/li>\n<\/ul>\n<p><span style=\"font-family: georgia, palatino, serif; background-color: #000000; color: #ffffff;\"><strong>Messieurs + 55 ans<\/strong><\/span><\/p>\n<ul>\n<li><span style=\"font-family: georgia, palatino, serif;\"><strong>Franck Chanut<\/strong> (TC Tr\u00e9voux, 15\/1) bat Maurice Belforte (TC D\u00e9cines, 15\/4) \u00a0 <strong>6\/0, 6\/3<\/strong>.<\/span><\/li>\n<li><span style=\"font-family: georgia, palatino, serif;\"><strong>Didier Seniquette <\/strong>(ASPTT Gd Lyon, 15\/4) bat Moussa Amari (TC Genas, ) \u00a0\u00a0 <strong>6\/4, 0\/6, 6\/2<\/strong>.<br \/>\n<\/span><\/li>\n<\/ul>\n<p><span style=\"font-family: georgia, palatino, serif; background-color: #000000; color: #ffffff;\"><strong>Messieurs + 65 ans<\/strong><\/span><\/p>\n<ul>\n<li><span style=\"font-family: georgia, palatino, serif;\"><strong> Maurice Belforte<\/strong> (TC D\u00e9cines, 15\/4) bat Jean-Luc Gaillard (TC Irigny, 15\/5)\u00a0\u00a0 <strong>6\/0, 6\/3<\/strong>.<\/span><\/li>\n<\/ul>\n<hr \/>\n<hr \/>\n<p><span style=\"background-color: #000000; color: #ffcc00; font-size: 18pt; font-family: georgia, palatino, serif;\"><strong><span style=\"background-color: #000000;\">Les horaires des finales :<\/span><\/strong><\/span><\/p>\n<p><span style=\"font-family: georgia, palatino, serif;\"><strong><span style=\"font-size: 14pt; background-color: #000000; color: #ffcc00;\">\u00e0 13 heures 30 :<\/span><\/strong><\/span><\/p>\n<p><span style=\"background-color: #000000; color: #ffffff; font-family: georgia, palatino, serif;\"><strong>Messieurs + 65 ans <\/strong><\/span><\/p>\n<ul>\n<li><span style=\"background-color: #000000; color: #ffffff; font-family: georgia, palatino, serif;\"><strong><span style=\"background-color: #ffffff;\"><span style=\"color: #000000;\">Maurice Belforte (<\/span><\/span><\/strong><span style=\"background-color: #ffffff;\"><span style=\"color: #000000;\">TC D\u00e9cines, 15\/4) \/ <\/span><\/span><strong><span style=\"background-color: #ffffff;\"><span style=\"color: #000000;\">Thierry Senglet (TC Lyon, 15\/2)\u00a0<\/span><\/span><br \/>\n<\/strong><\/span><\/li>\n<\/ul>\n<p><span style=\"background-color: #000000; color: #ffffff; font-family: georgia, palatino, serif;\"><strong>Messieurs + 70 ans<\/strong><\/span><\/p>\n<ul>\n<li><span style=\"font-family: georgia, palatino, serif;\"><strong>Michel Lago <\/strong>(TC D\u00e9cines, 30\/2) \/ <strong>Guy Motger<\/strong> (TC Charvieu, 30\/1)<\/span><\/li>\n<\/ul>\n<hr \/>\n<p><span style=\"font-family: georgia, palatino, serif; font-size: 14pt; color: #ffcc00; background-color: #000000;\"><strong>\u00e0 14 heures :<\/strong><\/span><\/p>\n<p><span style=\"background-color: #000000; color: #ffffff; font-family: georgia, palatino, serif;\"><strong>Messieurs + 55 ans<\/strong><\/span><\/p>\n<ul>\n<li><span style=\"font-family: georgia, palatino, serif;\"><strong>Didier Seniquette <\/strong>(ASPTT Gd Lyon, 15\/4) \/<strong>Franck Chanut <\/strong>(TC Tr\u00e9voux, 15\/1) <\/span><\/li>\n<\/ul>\n<hr \/>\n<p><span style=\"background-color: #000000; color: #ffcc00; font-family: georgia, palatino, serif;\"><strong><span style=\"font-size: 14pt; background-color: #000000;\">\u00e0 15 heures :<\/span><\/strong><\/span><\/p>\n<p><span style=\"background-color: #000000; color: #ffffff; font-family: georgia, palatino, serif;\"><strong>Dames + 45 ans<\/strong><\/span><\/p>\n<ul>\n<li><span style=\"font-family: georgia, palatino, serif;\"><strong>Marie Thoumyre<\/strong> (TC Tr\u00e9voux, 15\/4) \/ <strong>Nathalie Cartiaux<\/strong> (TC Isle d\u2019Abeau, 15\/3).<br \/>\n<\/span><\/li>\n<\/ul>\n<p><span style=\"background-color: #000000; color: #ffffff; font-family: georgia, palatino, serif;\"><strong>Messieurs + 45 ans <\/strong><\/span><\/p>\n<ul>\n<li><span style=\"font-family: georgia, palatino, serif;\"><strong>Pascal Anayahan<\/strong> (TC Murois, 15\/2) \/ <strong>Bruno Lagniet<\/strong> (Lyon Sport M\u00e9tropole, 15)<\/span><\/li>\n<\/ul>\n<hr \/>\n<p>&nbsp;<\/p>\n<p><span style=\"font-family: georgia, palatino, serif;\">\u00a0<\/span><\/p>\n","protected":false},"excerpt":{"rendered":"<p>Sept rencontres disput\u00e9es ce samedi, dans quatre tableaux v\u00e9t\u00e9rans, pour cette avant derni\u00e8re journ\u00e9e de comp\u00e9tition du \u00ab\u00a0France Escudier\u00a0\u00bb. <\/p>\n","protected":false},"author":4,"featured_media":92866,"comment_status":"open","ping_status":"open","sticky":false,"template":"","format":"standard","meta":{"footnotes":""},"categories":[24,2992,2991],"tags":[4562,2081,2548,2049,2598],"class_list":["post-175344","post","type-post","status-publish","format-standard","has-post-thumbnail","hentry","category-meyzieu","category-tennis-padel","category-tennis-tennis-table-sports","tag-france-escudier","tag-meyzieu","tag-meyzieu-tennis","tag-tennis","tag-veteran"],"yoast_head":"<!-- This site is optimized with the Yoast SEO plugin v27.2 - https:\/\/yoast.com\/product\/yoast-seo-wordpress\/ -->\n<title>MEYZIEU | Epilogue du tournoi de tennis v\u00e9t\u00e9ran ce dimanche - News Est Lyonnais<\/title>\n<meta name=\"description\" content=\"MEYZIEU | Epilogue du tournoi de tennis v\u00e9t\u00e9ran ce dimanche\" \/>\n<meta name=\"robots\" content=\"index, follow, max-snippet:-1, max-image-preview:large, max-video-preview:-1\" \/>\n<link rel=\"canonical\" href=\"https:\/\/newsestlyonnais.fr\/site\/2023\/01\/22\/meyzieu-epilogue-du-tournoi-de-tennis-veteran-ce-dimanche\/\" \/>\n<meta property=\"og:locale\" content=\"fr_FR\" \/>\n<meta property=\"og:type\" content=\"article\" \/>\n<meta property=\"og:title\" content=\"MEYZIEU | Epilogue du tournoi de tennis v\u00e9t\u00e9ran ce dimanche - News Est Lyonnais\" \/>\n<meta property=\"og:description\" content=\"MEYZIEU | Epilogue du tournoi de tennis v\u00e9t\u00e9ran ce dimanche\" \/>\n<meta property=\"og:url\" content=\"https:\/\/newsestlyonnais.fr\/site\/2023\/01\/22\/meyzieu-epilogue-du-tournoi-de-tennis-veteran-ce-dimanche\/\" \/>\n<meta property=\"og:site_name\" content=\"News Est Lyonnais\" \/>\n<meta property=\"article:author\" content=\"https:\/\/www.facebook.com\/pascal.oberson.1?fref=ts\" \/>\n<meta property=\"article:published_time\" content=\"2023-01-22T07:03:09+00:00\" \/>\n<meta property=\"article:modified_time\" content=\"2023-01-28T08:22:46+00:00\" \/>\n<meta property=\"og:image\" content=\"https:\/\/newsestlyonnais.fr\/site\/wp-content\/uploads\/2020\/01\/NEWSESTLYONNAIS-TENNIS-DIVERS.jpg\" \/>\n\t<meta property=\"og:image:width\" content=\"178\" \/>\n\t<meta property=\"og:image:height\" content=\"120\" \/>\n\t<meta property=\"og:image:type\" content=\"image\/jpeg\" \/>\n<meta name=\"author\" content=\"R\u00e9dac. NEWS\" \/>\n<meta name=\"twitter:card\" content=\"summary_large_image\" \/>\n<meta name=\"twitter:label1\" content=\"\u00c9crit par\" \/>\n\t<meta name=\"twitter:data1\" content=\"R\u00e9dac. NEWS\" \/>\n\t<meta name=\"twitter:label2\" content=\"Dur\u00e9e de lecture estim\u00e9e\" \/>\n\t<meta name=\"twitter:data2\" content=\"2 minutes\" \/>\n<script type=\"application\/ld+json\" class=\"yoast-schema-graph\">{\"@context\":\"https:\/\/schema.org\",\"@graph\":[{\"@type\":\"Article\",\"@id\":\"https:\/\/newsestlyonnais.fr\/site\/2023\/01\/22\/meyzieu-epilogue-du-tournoi-de-tennis-veteran-ce-dimanche\/#article\",\"isPartOf\":{\"@id\":\"https:\/\/newsestlyonnais.fr\/site\/2023\/01\/22\/meyzieu-epilogue-du-tournoi-de-tennis-veteran-ce-dimanche\/\"},\"author\":{\"name\":\"R\u00e9dac. NEWS\",\"@id\":\"https:\/\/newsestlyonnais.fr\/site\/#\/schema\/person\/3230d5615f390bb808365d673001e887\"},\"headline\":\"MEYZIEU | Epilogue du tournoi de tennis v\u00e9t\u00e9ran ce dimanche\",\"datePublished\":\"2023-01-22T07:03:09+00:00\",\"dateModified\":\"2023-01-28T08:22:46+00:00\",\"mainEntityOfPage\":{\"@id\":\"https:\/\/newsestlyonnais.fr\/site\/2023\/01\/22\/meyzieu-epilogue-du-tournoi-de-tennis-veteran-ce-dimanche\/\"},\"wordCount\":163,\"commentCount\":2,\"publisher\":{\"@id\":\"https:\/\/newsestlyonnais.fr\/site\/#organization\"},\"image\":{\"@id\":\"https:\/\/newsestlyonnais.fr\/site\/2023\/01\/22\/meyzieu-epilogue-du-tournoi-de-tennis-veteran-ce-dimanche\/#primaryimage\"},\"thumbnailUrl\":\"https:\/\/newsestlyonnais.fr\/site\/wp-content\/uploads\/2020\/01\/NEWSESTLYONNAIS-TENNIS-DIVERS.jpg\",\"keywords\":[\"France Escudier\",\"MEYZIEU\",\"MEYZIEU TENNIS\",\"TENNIS\",\"VETERAN\"],\"articleSection\":[\"Meyzieu\",\"Tennis | Padel\",\"Tennis | Tennis de table\"],\"inLanguage\":\"fr-FR\",\"potentialAction\":[{\"@type\":\"CommentAction\",\"name\":\"Comment\",\"target\":[\"https:\/\/newsestlyonnais.fr\/site\/2023\/01\/22\/meyzieu-epilogue-du-tournoi-de-tennis-veteran-ce-dimanche\/#respond\"]}]},{\"@type\":\"WebPage\",\"@id\":\"https:\/\/newsestlyonnais.fr\/site\/2023\/01\/22\/meyzieu-epilogue-du-tournoi-de-tennis-veteran-ce-dimanche\/\",\"url\":\"https:\/\/newsestlyonnais.fr\/site\/2023\/01\/22\/meyzieu-epilogue-du-tournoi-de-tennis-veteran-ce-dimanche\/\",\"name\":\"MEYZIEU | Epilogue du tournoi de tennis v\u00e9t\u00e9ran ce dimanche - News Est Lyonnais\",\"isPartOf\":{\"@id\":\"https:\/\/newsestlyonnais.fr\/site\/#website\"},\"primaryImageOfPage\":{\"@id\":\"https:\/\/newsestlyonnais.fr\/site\/2023\/01\/22\/meyzieu-epilogue-du-tournoi-de-tennis-veteran-ce-dimanche\/#primaryimage\"},\"image\":{\"@id\":\"https:\/\/newsestlyonnais.fr\/site\/2023\/01\/22\/meyzieu-epilogue-du-tournoi-de-tennis-veteran-ce-dimanche\/#primaryimage\"},\"thumbnailUrl\":\"https:\/\/newsestlyonnais.fr\/site\/wp-content\/uploads\/2020\/01\/NEWSESTLYONNAIS-TENNIS-DIVERS.jpg\",\"datePublished\":\"2023-01-22T07:03:09+00:00\",\"dateModified\":\"2023-01-28T08:22:46+00:00\",\"description\":\"MEYZIEU | Epilogue du tournoi de tennis v\u00e9t\u00e9ran ce dimanche\",\"breadcrumb\":{\"@id\":\"https:\/\/newsestlyonnais.fr\/site\/2023\/01\/22\/meyzieu-epilogue-du-tournoi-de-tennis-veteran-ce-dimanche\/#breadcrumb\"},\"inLanguage\":\"fr-FR\",\"potentialAction\":[{\"@type\":\"ReadAction\",\"target\":[\"https:\/\/newsestlyonnais.fr\/site\/2023\/01\/22\/meyzieu-epilogue-du-tournoi-de-tennis-veteran-ce-dimanche\/\"]}]},{\"@type\":\"ImageObject\",\"inLanguage\":\"fr-FR\",\"@id\":\"https:\/\/newsestlyonnais.fr\/site\/2023\/01\/22\/meyzieu-epilogue-du-tournoi-de-tennis-veteran-ce-dimanche\/#primaryimage\",\"url\":\"https:\/\/newsestlyonnais.fr\/site\/wp-content\/uploads\/2020\/01\/NEWSESTLYONNAIS-TENNIS-DIVERS.jpg\",\"contentUrl\":\"https:\/\/newsestlyonnais.fr\/site\/wp-content\/uploads\/2020\/01\/NEWSESTLYONNAIS-TENNIS-DIVERS.jpg\",\"width\":178,\"height\":120},{\"@type\":\"BreadcrumbList\",\"@id\":\"https:\/\/newsestlyonnais.fr\/site\/2023\/01\/22\/meyzieu-epilogue-du-tournoi-de-tennis-veteran-ce-dimanche\/#breadcrumb\",\"itemListElement\":[{\"@type\":\"ListItem\",\"position\":1,\"name\":\"Accueil\",\"item\":\"https:\/\/newsestlyonnais.fr\/site\/\"},{\"@type\":\"ListItem\",\"position\":2,\"name\":\"MEYZIEU | Epilogue du tournoi de tennis v\u00e9t\u00e9ran ce dimanche\"}]},{\"@type\":\"WebSite\",\"@id\":\"https:\/\/newsestlyonnais.fr\/site\/#website\",\"url\":\"https:\/\/newsestlyonnais.fr\/site\/\",\"name\":\"News Est Lyonnais\",\"description\":\"L&#039;actualit\u00e9 au plus pr\u00e8s\",\"publisher\":{\"@id\":\"https:\/\/newsestlyonnais.fr\/site\/#organization\"},\"potentialAction\":[{\"@type\":\"SearchAction\",\"target\":{\"@type\":\"EntryPoint\",\"urlTemplate\":\"https:\/\/newsestlyonnais.fr\/site\/?s={search_term_string}\"},\"query-input\":{\"@type\":\"PropertyValueSpecification\",\"valueRequired\":true,\"valueName\":\"search_term_string\"}}],\"inLanguage\":\"fr-FR\"},{\"@type\":\"Organization\",\"@id\":\"https:\/\/newsestlyonnais.fr\/site\/#organization\",\"name\":\"News EST LYONNAIS\",\"url\":\"https:\/\/newsestlyonnais.fr\/site\/\",\"logo\":{\"@type\":\"ImageObject\",\"inLanguage\":\"fr-FR\",\"@id\":\"https:\/\/newsestlyonnais.fr\/site\/#\/schema\/logo\/image\/\",\"url\":\"\",\"contentUrl\":\"\",\"caption\":\"News EST LYONNAIS\"},\"image\":{\"@id\":\"https:\/\/newsestlyonnais.fr\/site\/#\/schema\/logo\/image\/\"}},{\"@type\":\"Person\",\"@id\":\"https:\/\/newsestlyonnais.fr\/site\/#\/schema\/person\/3230d5615f390bb808365d673001e887\",\"name\":\"R\u00e9dac. NEWS\",\"sameAs\":[\"http:\/\/www.newsestlyonnais.fr\",\"https:\/\/www.facebook.com\/pascal.oberson.1?fref=ts\",\"https:\/\/fr.linkedin.com\/in\/pascal-oberson-b17045113\"],\"url\":\"https:\/\/newsestlyonnais.fr\/site\/author\/nel\/\"}]}<\/script>\n<!-- \/ Yoast SEO plugin. -->","yoast_head_json":{"title":"MEYZIEU | Epilogue du tournoi de tennis v\u00e9t\u00e9ran ce dimanche - News Est Lyonnais","description":"MEYZIEU | Epilogue du tournoi de tennis v\u00e9t\u00e9ran ce dimanche","robots":{"index":"index","follow":"follow","max-snippet":"max-snippet:-1","max-image-preview":"max-image-preview:large","max-video-preview":"max-video-preview:-1"},"canonical":"https:\/\/newsestlyonnais.fr\/site\/2023\/01\/22\/meyzieu-epilogue-du-tournoi-de-tennis-veteran-ce-dimanche\/","og_locale":"fr_FR","og_type":"article","og_title":"MEYZIEU | Epilogue du tournoi de tennis v\u00e9t\u00e9ran ce dimanche - News Est Lyonnais","og_description":"MEYZIEU | Epilogue du tournoi de tennis v\u00e9t\u00e9ran ce dimanche","og_url":"https:\/\/newsestlyonnais.fr\/site\/2023\/01\/22\/meyzieu-epilogue-du-tournoi-de-tennis-veteran-ce-dimanche\/","og_site_name":"News Est Lyonnais","article_author":"https:\/\/www.facebook.com\/pascal.oberson.1?fref=ts","article_published_time":"2023-01-22T07:03:09+00:00","article_modified_time":"2023-01-28T08:22:46+00:00","og_image":[{"width":178,"height":120,"url":"https:\/\/newsestlyonnais.fr\/site\/wp-content\/uploads\/2020\/01\/NEWSESTLYONNAIS-TENNIS-DIVERS.jpg","type":"image\/jpeg"}],"author":"R\u00e9dac. NEWS","twitter_card":"summary_large_image","twitter_misc":{"\u00c9crit par":"R\u00e9dac. NEWS","Dur\u00e9e de lecture estim\u00e9e":"2 minutes"},"schema":{"@context":"https:\/\/schema.org","@graph":[{"@type":"Article","@id":"https:\/\/newsestlyonnais.fr\/site\/2023\/01\/22\/meyzieu-epilogue-du-tournoi-de-tennis-veteran-ce-dimanche\/#article","isPartOf":{"@id":"https:\/\/newsestlyonnais.fr\/site\/2023\/01\/22\/meyzieu-epilogue-du-tournoi-de-tennis-veteran-ce-dimanche\/"},"author":{"name":"R\u00e9dac. NEWS","@id":"https:\/\/newsestlyonnais.fr\/site\/#\/schema\/person\/3230d5615f390bb808365d673001e887"},"headline":"MEYZIEU | Epilogue du tournoi de tennis v\u00e9t\u00e9ran ce dimanche","datePublished":"2023-01-22T07:03:09+00:00","dateModified":"2023-01-28T08:22:46+00:00","mainEntityOfPage":{"@id":"https:\/\/newsestlyonnais.fr\/site\/2023\/01\/22\/meyzieu-epilogue-du-tournoi-de-tennis-veteran-ce-dimanche\/"},"wordCount":163,"commentCount":2,"publisher":{"@id":"https:\/\/newsestlyonnais.fr\/site\/#organization"},"image":{"@id":"https:\/\/newsestlyonnais.fr\/site\/2023\/01\/22\/meyzieu-epilogue-du-tournoi-de-tennis-veteran-ce-dimanche\/#primaryimage"},"thumbnailUrl":"https:\/\/newsestlyonnais.fr\/site\/wp-content\/uploads\/2020\/01\/NEWSESTLYONNAIS-TENNIS-DIVERS.jpg","keywords":["France Escudier","MEYZIEU","MEYZIEU TENNIS","TENNIS","VETERAN"],"articleSection":["Meyzieu","Tennis | Padel","Tennis | Tennis de table"],"inLanguage":"fr-FR","potentialAction":[{"@type":"CommentAction","name":"Comment","target":["https:\/\/newsestlyonnais.fr\/site\/2023\/01\/22\/meyzieu-epilogue-du-tournoi-de-tennis-veteran-ce-dimanche\/#respond"]}]},{"@type":"WebPage","@id":"https:\/\/newsestlyonnais.fr\/site\/2023\/01\/22\/meyzieu-epilogue-du-tournoi-de-tennis-veteran-ce-dimanche\/","url":"https:\/\/newsestlyonnais.fr\/site\/2023\/01\/22\/meyzieu-epilogue-du-tournoi-de-tennis-veteran-ce-dimanche\/","name":"MEYZIEU | Epilogue du tournoi de tennis v\u00e9t\u00e9ran ce dimanche - News Est Lyonnais","isPartOf":{"@id":"https:\/\/newsestlyonnais.fr\/site\/#website"},"primaryImageOfPage":{"@id":"https:\/\/newsestlyonnais.fr\/site\/2023\/01\/22\/meyzieu-epilogue-du-tournoi-de-tennis-veteran-ce-dimanche\/#primaryimage"},"image":{"@id":"https:\/\/newsestlyonnais.fr\/site\/2023\/01\/22\/meyzieu-epilogue-du-tournoi-de-tennis-veteran-ce-dimanche\/#primaryimage"},"thumbnailUrl":"https:\/\/newsestlyonnais.fr\/site\/wp-content\/uploads\/2020\/01\/NEWSESTLYONNAIS-TENNIS-DIVERS.jpg","datePublished":"2023-01-22T07:03:09+00:00","dateModified":"2023-01-28T08:22:46+00:00","description":"MEYZIEU | Epilogue du tournoi de tennis v\u00e9t\u00e9ran ce dimanche","breadcrumb":{"@id":"https:\/\/newsestlyonnais.fr\/site\/2023\/01\/22\/meyzieu-epilogue-du-tournoi-de-tennis-veteran-ce-dimanche\/#breadcrumb"},"inLanguage":"fr-FR","potentialAction":[{"@type":"ReadAction","target":["https:\/\/newsestlyonnais.fr\/site\/2023\/01\/22\/meyzieu-epilogue-du-tournoi-de-tennis-veteran-ce-dimanche\/"]}]},{"@type":"ImageObject","inLanguage":"fr-FR","@id":"https:\/\/newsestlyonnais.fr\/site\/2023\/01\/22\/meyzieu-epilogue-du-tournoi-de-tennis-veteran-ce-dimanche\/#primaryimage","url":"https:\/\/newsestlyonnais.fr\/site\/wp-content\/uploads\/2020\/01\/NEWSESTLYONNAIS-TENNIS-DIVERS.jpg","contentUrl":"https:\/\/newsestlyonnais.fr\/site\/wp-content\/uploads\/2020\/01\/NEWSESTLYONNAIS-TENNIS-DIVERS.jpg","width":178,"height":120},{"@type":"BreadcrumbList","@id":"https:\/\/newsestlyonnais.fr\/site\/2023\/01\/22\/meyzieu-epilogue-du-tournoi-de-tennis-veteran-ce-dimanche\/#breadcrumb","itemListElement":[{"@type":"ListItem","position":1,"name":"Accueil","item":"https:\/\/newsestlyonnais.fr\/site\/"},{"@type":"ListItem","position":2,"name":"MEYZIEU | Epilogue du tournoi de tennis v\u00e9t\u00e9ran ce dimanche"}]},{"@type":"WebSite","@id":"https:\/\/newsestlyonnais.fr\/site\/#website","url":"https:\/\/newsestlyonnais.fr\/site\/","name":"News Est Lyonnais","description":"L&#039;actualit\u00e9 au plus pr\u00e8s","publisher":{"@id":"https:\/\/newsestlyonnais.fr\/site\/#organization"},"potentialAction":[{"@type":"SearchAction","target":{"@type":"EntryPoint","urlTemplate":"https:\/\/newsestlyonnais.fr\/site\/?s={search_term_string}"},"query-input":{"@type":"PropertyValueSpecification","valueRequired":true,"valueName":"search_term_string"}}],"inLanguage":"fr-FR"},{"@type":"Organization","@id":"https:\/\/newsestlyonnais.fr\/site\/#organization","name":"News EST LYONNAIS","url":"https:\/\/newsestlyonnais.fr\/site\/","logo":{"@type":"ImageObject","inLanguage":"fr-FR","@id":"https:\/\/newsestlyonnais.fr\/site\/#\/schema\/logo\/image\/","url":"","contentUrl":"","caption":"News EST LYONNAIS"},"image":{"@id":"https:\/\/newsestlyonnais.fr\/site\/#\/schema\/logo\/image\/"}},{"@type":"Person","@id":"https:\/\/newsestlyonnais.fr\/site\/#\/schema\/person\/3230d5615f390bb808365d673001e887","name":"R\u00e9dac. NEWS","sameAs":["http:\/\/www.newsestlyonnais.fr","https:\/\/www.facebook.com\/pascal.oberson.1?fref=ts","https:\/\/fr.linkedin.com\/in\/pascal-oberson-b17045113"],"url":"https:\/\/newsestlyonnais.fr\/site\/author\/nel\/"}]}},"_links":{"self":[{"href":"https:\/\/newsestlyonnais.fr\/site\/wp-json\/wp\/v2\/posts\/175344","targetHints":{"allow":["GET"]}}],"collection":[{"href":"https:\/\/newsestlyonnais.fr\/site\/wp-json\/wp\/v2\/posts"}],"about":[{"href":"https:\/\/newsestlyonnais.fr\/site\/wp-json\/wp\/v2\/types\/post"}],"author":[{"embeddable":true,"href":"https:\/\/newsestlyonnais.fr\/site\/wp-json\/wp\/v2\/users\/4"}],"replies":[{"embeddable":true,"href":"https:\/\/newsestlyonnais.fr\/site\/wp-json\/wp\/v2\/comments?post=175344"}],"version-history":[{"count":0,"href":"https:\/\/newsestlyonnais.fr\/site\/wp-json\/wp\/v2\/posts\/175344\/revisions"}],"wp:featuredmedia":[{"embeddable":true,"href":"https:\/\/newsestlyonnais.fr\/site\/wp-json\/wp\/v2\/media\/92866"}],"wp:attachment":[{"href":"https:\/\/newsestlyonnais.fr\/site\/wp-json\/wp\/v2\/media?parent=175344"}],"wp:term":[{"taxonomy":"category","embeddable":true,"href":"https:\/\/newsestlyonnais.fr\/site\/wp-json\/wp\/v2\/categories?post=175344"},{"taxonomy":"post_tag","embeddable":true,"href":"https:\/\/newsestlyonnais.fr\/site\/wp-json\/wp\/v2\/tags?post=175344"}],"curies":[{"name":"wp","href":"https:\/\/api.w.org\/{rel}","templated":true}]}}