{"id":17538,"date":"2016-12-18T09:06:03","date_gmt":"2016-12-18T08:06:03","guid":{"rendered":"http:\/\/newsestlyonnais.fr\/site\/?p=17538"},"modified":"2020-11-03T15:42:27","modified_gmt":"2020-11-03T14:42:27","slug":"vaulx-velin-vaulx-basket-club-a-accueilli-larbre-de-noel-comite-rhone","status":"publish","type":"post","link":"https:\/\/newsestlyonnais.fr\/site\/2016\/12\/18\/vaulx-velin-vaulx-basket-club-a-accueilli-larbre-de-noel-comite-rhone\/","title":{"rendered":"VAULX-EN-VELIN | Vaulx Basket club a accueilli l&rsquo;arbre de NOEL du comit\u00e9 du Rh\u00f4ne"},"content":{"rendered":"<h4>Tout le baby-basket rhodanien (U7) \u00e9tait pr\u00e9sent ce samedi au gymnase Aubert de Vaulx en Velin \u00e0 l&rsquo;occasion de l&rsquo;arbre de NOEL du Comit\u00e9 du Rh\u00f4ne et de la M\u00e9tropole de Lyon de basket.<\/h4>\n<p>Une manifestation organis\u00e9e sur le th\u00e8me des pirates, en partenariat avec le Vaulx Basket Club (VBC) pour la partie sportive. 290 enfants (filles et gar\u00e7ons) issus de 22 clubs et formant 51 \u00e9quipes ont ainsi foul\u00e9 le parquet du gymnase tout au long de la journ\u00e9e et particip\u00e9 \u00e0 la douzaine d&rsquo;ateliers et de mini-matchs mis en place.<\/p>\n<p>Une trentaine de b\u00e9n\u00e9voles, du VBC et du comit\u00e9 sous la houlette de Florence Bouvier, pr\u00e9sidente de la commission mini-basket, ont initi\u00e9 cette journ\u00e9e, ponctu\u00e9e par l&rsquo;arriv\u00e9e tant attendue du P\u00e8re NOEL et qui a \u00e9t\u00e9 une totale r\u00e9ussite.<\/p>\n<figure id=\"attachment_17551\" aria-describedby=\"caption-attachment-17551\" style=\"width: 1000px\" class=\"wp-caption alignleft\"><img loading=\"lazy\" decoding=\"async\" class=\"size-full wp-image-17551\" src=\"https:\/\/newsestlyonnais.fr\/site\/medias\/2016\/12\/NEWSESTLYONNAIS-ARBRENOEL.jpg\" alt=\"Enfants et parents attendent l'arriv\u00e9e du P\u00e8re NOEL ! \" width=\"1000\" height=\"750\" \/><figcaption id=\"caption-attachment-17551\" class=\"wp-caption-text\">Enfants et parents attendent l&rsquo;arriv\u00e9e du P\u00e8re NOEL !<\/figcaption><\/figure>\n<figure id=\"attachment_17552\" aria-describedby=\"caption-attachment-17552\" style=\"width: 1000px\" class=\"wp-caption alignleft\"><img loading=\"lazy\" decoding=\"async\" class=\"size-full wp-image-17552\" src=\"https:\/\/newsestlyonnais.fr\/site\/medias\/2016\/12\/NEWSESTLYONNAIS-BABY-BRON.jpg\" alt=\"Les jeunes basketteurs du Bron BC pr\u00e9sents samedi avec leur coach David Tupin\" width=\"1000\" height=\"750\" \/><figcaption id=\"caption-attachment-17552\" class=\"wp-caption-text\">Les jeunes basketteurs du Bron BC pr\u00e9sents samedi avec leur coach David Tupin<\/figcaption><\/figure>\n<figure id=\"attachment_17553\" aria-describedby=\"caption-attachment-17553\" style=\"width: 1000px\" class=\"wp-caption alignleft\"><img loading=\"lazy\" decoding=\"async\" class=\"size-full wp-image-17553\" src=\"https:\/\/newsestlyonnais.fr\/site\/medias\/2016\/12\/NEWSESTLYONNAIS-BABY-AL-MEYZIEU.jpg\" alt=\"Les jeunes pousses de l'AL Meyzieu \" width=\"1000\" height=\"750\" \/><figcaption id=\"caption-attachment-17553\" class=\"wp-caption-text\">Les jeunes pousses de l&rsquo;AL Meyzieu<\/figcaption><\/figure>\n<p><img loading=\"lazy\" decoding=\"async\" class=\"alignleft size-full wp-image-17549\" src=\"https:\/\/newsestlyonnais.fr\/site\/medias\/2016\/12\/NEWSESTLYONNAIS-ARBRE-NOEL.jpg\" alt=\"newsestlyonnais-arbre-noel\" width=\"1000\" height=\"750\" \/><\/p>\n<p>&nbsp;<\/p>\n","protected":false},"excerpt":{"rendered":"<p>Tout le baby-basket rhodanien (U7) \u00e9tait pr\u00e9sent ce samedi au gymnase Aubert de Vaulx en Velin \u00e0 l&rsquo;occasion de l&rsquo;arbre de NOEL du Comit\u00e9 du Rh\u00f4ne et de la M\u00e9tropole de Lyon de basket. Une manifestation organis\u00e9e sur le th\u00e8me des pirates, en partenariat avec le Vaulx Basket Club (VBC) pour la partie sportive. 290 [&hellip;]<\/p>\n","protected":false},"author":4,"featured_media":0,"comment_status":"open","ping_status":"open","sticky":false,"template":"","format":"standard","meta":{"footnotes":""},"categories":[1357,2975,3016,28],"tags":[],"class_list":["post-17538","post","type-post","status-publish","format-standard","hentry","category-basket","category-basket-hand-volley-sports","category-institutions-trophees-jo","category-vaulx-en-velin"],"yoast_head":"<!-- This site is optimized with the Yoast SEO plugin v27.2 - https:\/\/yoast.com\/product\/yoast-seo-wordpress\/ -->\n<title>VAULX EN VELIN : Le Vaulx Basket club a accueilli l&#039;arbre de NOEL du comit\u00e9 du Rh\u00f4ne<\/title>\n<meta name=\"description\" content=\"VAULX EN VELIN : Le Vaulx Basket club a accueilli l&#039;arbre de NOEL du comit\u00e9 du Rh\u00f4ne\" \/>\n<meta name=\"robots\" content=\"index, follow, max-snippet:-1, max-image-preview:large, max-video-preview:-1\" \/>\n<link rel=\"canonical\" href=\"https:\/\/newsestlyonnais.fr\/site\/2016\/12\/18\/vaulx-velin-vaulx-basket-club-a-accueilli-larbre-de-noel-comite-rhone\/\" \/>\n<meta property=\"og:locale\" content=\"fr_FR\" \/>\n<meta property=\"og:type\" content=\"article\" \/>\n<meta property=\"og:title\" content=\"VAULX EN VELIN : Le Vaulx Basket club a accueilli l&#039;arbre de NOEL du comit\u00e9 du Rh\u00f4ne\" \/>\n<meta property=\"og:description\" content=\"VAULX EN VELIN : Le Vaulx Basket club a accueilli l&#039;arbre de NOEL du comit\u00e9 du Rh\u00f4ne\" \/>\n<meta property=\"og:url\" content=\"https:\/\/newsestlyonnais.fr\/site\/2016\/12\/18\/vaulx-velin-vaulx-basket-club-a-accueilli-larbre-de-noel-comite-rhone\/\" \/>\n<meta property=\"og:site_name\" content=\"News Est Lyonnais\" \/>\n<meta property=\"article:author\" content=\"https:\/\/www.facebook.com\/pascal.oberson.1?fref=ts\" \/>\n<meta property=\"article:published_time\" content=\"2016-12-18T08:06:03+00:00\" \/>\n<meta property=\"article:modified_time\" content=\"2020-11-03T14:42:27+00:00\" \/>\n<meta property=\"og:image\" content=\"http:\/\/newsestlyonnais.fr\/site\/medias\/2016\/12\/NEWSESTLYONNAIS-ARBRENOEL.jpg\" \/>\n<meta name=\"author\" content=\"R\u00e9dac. NEWS\" \/>\n<meta name=\"twitter:card\" content=\"summary_large_image\" \/>\n<meta name=\"twitter:label1\" content=\"\u00c9crit par\" \/>\n\t<meta name=\"twitter:data1\" content=\"R\u00e9dac. NEWS\" \/>\n\t<meta name=\"twitter:label2\" content=\"Dur\u00e9e de lecture estim\u00e9e\" \/>\n\t<meta name=\"twitter:data2\" content=\"1 minute\" \/>\n<script type=\"application\/ld+json\" class=\"yoast-schema-graph\">{\"@context\":\"https:\/\/schema.org\",\"@graph\":[{\"@type\":\"Article\",\"@id\":\"https:\/\/newsestlyonnais.fr\/site\/2016\/12\/18\/vaulx-velin-vaulx-basket-club-a-accueilli-larbre-de-noel-comite-rhone\/#article\",\"isPartOf\":{\"@id\":\"https:\/\/newsestlyonnais.fr\/site\/2016\/12\/18\/vaulx-velin-vaulx-basket-club-a-accueilli-larbre-de-noel-comite-rhone\/\"},\"author\":{\"name\":\"R\u00e9dac. NEWS\",\"@id\":\"https:\/\/newsestlyonnais.fr\/site\/#\/schema\/person\/3230d5615f390bb808365d673001e887\"},\"headline\":\"VAULX-EN-VELIN | Vaulx Basket club a accueilli l&rsquo;arbre de NOEL du comit\u00e9 du Rh\u00f4ne\",\"datePublished\":\"2016-12-18T08:06:03+00:00\",\"dateModified\":\"2020-11-03T14:42:27+00:00\",\"mainEntityOfPage\":{\"@id\":\"https:\/\/newsestlyonnais.fr\/site\/2016\/12\/18\/vaulx-velin-vaulx-basket-club-a-accueilli-larbre-de-noel-comite-rhone\/\"},\"wordCount\":214,\"commentCount\":0,\"publisher\":{\"@id\":\"https:\/\/newsestlyonnais.fr\/site\/#organization\"},\"image\":{\"@id\":\"https:\/\/newsestlyonnais.fr\/site\/2016\/12\/18\/vaulx-velin-vaulx-basket-club-a-accueilli-larbre-de-noel-comite-rhone\/#primaryimage\"},\"thumbnailUrl\":\"http:\/\/newsestlyonnais.fr\/site\/medias\/2016\/12\/NEWSESTLYONNAIS-ARBRENOEL.jpg\",\"articleSection\":[\"Basket\",\"Basket | Hand | Volley\",\"Institutions | Troph\u00e9es | J.O.\",\"Vaulx-en-Velin\"],\"inLanguage\":\"fr-FR\",\"potentialAction\":[{\"@type\":\"CommentAction\",\"name\":\"Comment\",\"target\":[\"https:\/\/newsestlyonnais.fr\/site\/2016\/12\/18\/vaulx-velin-vaulx-basket-club-a-accueilli-larbre-de-noel-comite-rhone\/#respond\"]}]},{\"@type\":\"WebPage\",\"@id\":\"https:\/\/newsestlyonnais.fr\/site\/2016\/12\/18\/vaulx-velin-vaulx-basket-club-a-accueilli-larbre-de-noel-comite-rhone\/\",\"url\":\"https:\/\/newsestlyonnais.fr\/site\/2016\/12\/18\/vaulx-velin-vaulx-basket-club-a-accueilli-larbre-de-noel-comite-rhone\/\",\"name\":\"VAULX EN VELIN : Le Vaulx Basket club a accueilli l'arbre de NOEL du comit\u00e9 du Rh\u00f4ne\",\"isPartOf\":{\"@id\":\"https:\/\/newsestlyonnais.fr\/site\/#website\"},\"primaryImageOfPage\":{\"@id\":\"https:\/\/newsestlyonnais.fr\/site\/2016\/12\/18\/vaulx-velin-vaulx-basket-club-a-accueilli-larbre-de-noel-comite-rhone\/#primaryimage\"},\"image\":{\"@id\":\"https:\/\/newsestlyonnais.fr\/site\/2016\/12\/18\/vaulx-velin-vaulx-basket-club-a-accueilli-larbre-de-noel-comite-rhone\/#primaryimage\"},\"thumbnailUrl\":\"http:\/\/newsestlyonnais.fr\/site\/medias\/2016\/12\/NEWSESTLYONNAIS-ARBRENOEL.jpg\",\"datePublished\":\"2016-12-18T08:06:03+00:00\",\"dateModified\":\"2020-11-03T14:42:27+00:00\",\"description\":\"VAULX EN VELIN : Le Vaulx Basket club a accueilli l'arbre de NOEL du comit\u00e9 du Rh\u00f4ne\",\"breadcrumb\":{\"@id\":\"https:\/\/newsestlyonnais.fr\/site\/2016\/12\/18\/vaulx-velin-vaulx-basket-club-a-accueilli-larbre-de-noel-comite-rhone\/#breadcrumb\"},\"inLanguage\":\"fr-FR\",\"potentialAction\":[{\"@type\":\"ReadAction\",\"target\":[\"https:\/\/newsestlyonnais.fr\/site\/2016\/12\/18\/vaulx-velin-vaulx-basket-club-a-accueilli-larbre-de-noel-comite-rhone\/\"]}]},{\"@type\":\"ImageObject\",\"inLanguage\":\"fr-FR\",\"@id\":\"https:\/\/newsestlyonnais.fr\/site\/2016\/12\/18\/vaulx-velin-vaulx-basket-club-a-accueilli-larbre-de-noel-comite-rhone\/#primaryimage\",\"url\":\"http:\/\/newsestlyonnais.fr\/site\/medias\/2016\/12\/NEWSESTLYONNAIS-ARBRENOEL.jpg\",\"contentUrl\":\"http:\/\/newsestlyonnais.fr\/site\/medias\/2016\/12\/NEWSESTLYONNAIS-ARBRENOEL.jpg\"},{\"@type\":\"BreadcrumbList\",\"@id\":\"https:\/\/newsestlyonnais.fr\/site\/2016\/12\/18\/vaulx-velin-vaulx-basket-club-a-accueilli-larbre-de-noel-comite-rhone\/#breadcrumb\",\"itemListElement\":[{\"@type\":\"ListItem\",\"position\":1,\"name\":\"Accueil\",\"item\":\"https:\/\/newsestlyonnais.fr\/site\/\"},{\"@type\":\"ListItem\",\"position\":2,\"name\":\"VAULX-EN-VELIN | Vaulx Basket club a accueilli l&rsquo;arbre de NOEL du comit\u00e9 du Rh\u00f4ne\"}]},{\"@type\":\"WebSite\",\"@id\":\"https:\/\/newsestlyonnais.fr\/site\/#website\",\"url\":\"https:\/\/newsestlyonnais.fr\/site\/\",\"name\":\"News Est Lyonnais\",\"description\":\"L&#039;actualit\u00e9 au plus pr\u00e8s\",\"publisher\":{\"@id\":\"https:\/\/newsestlyonnais.fr\/site\/#organization\"},\"potentialAction\":[{\"@type\":\"SearchAction\",\"target\":{\"@type\":\"EntryPoint\",\"urlTemplate\":\"https:\/\/newsestlyonnais.fr\/site\/?s={search_term_string}\"},\"query-input\":{\"@type\":\"PropertyValueSpecification\",\"valueRequired\":true,\"valueName\":\"search_term_string\"}}],\"inLanguage\":\"fr-FR\"},{\"@type\":\"Organization\",\"@id\":\"https:\/\/newsestlyonnais.fr\/site\/#organization\",\"name\":\"News EST LYONNAIS\",\"url\":\"https:\/\/newsestlyonnais.fr\/site\/\",\"logo\":{\"@type\":\"ImageObject\",\"inLanguage\":\"fr-FR\",\"@id\":\"https:\/\/newsestlyonnais.fr\/site\/#\/schema\/logo\/image\/\",\"url\":\"\",\"contentUrl\":\"\",\"caption\":\"News EST LYONNAIS\"},\"image\":{\"@id\":\"https:\/\/newsestlyonnais.fr\/site\/#\/schema\/logo\/image\/\"}},{\"@type\":\"Person\",\"@id\":\"https:\/\/newsestlyonnais.fr\/site\/#\/schema\/person\/3230d5615f390bb808365d673001e887\",\"name\":\"R\u00e9dac. NEWS\",\"sameAs\":[\"http:\/\/www.newsestlyonnais.fr\",\"https:\/\/www.facebook.com\/pascal.oberson.1?fref=ts\",\"https:\/\/fr.linkedin.com\/in\/pascal-oberson-b17045113\"],\"url\":\"https:\/\/newsestlyonnais.fr\/site\/author\/nel\/\"}]}<\/script>\n<!-- \/ Yoast SEO plugin. -->","yoast_head_json":{"title":"VAULX EN VELIN : Le Vaulx Basket club a accueilli l'arbre de NOEL du comit\u00e9 du Rh\u00f4ne","description":"VAULX EN VELIN : Le Vaulx Basket club a accueilli l'arbre de NOEL du comit\u00e9 du Rh\u00f4ne","robots":{"index":"index","follow":"follow","max-snippet":"max-snippet:-1","max-image-preview":"max-image-preview:large","max-video-preview":"max-video-preview:-1"},"canonical":"https:\/\/newsestlyonnais.fr\/site\/2016\/12\/18\/vaulx-velin-vaulx-basket-club-a-accueilli-larbre-de-noel-comite-rhone\/","og_locale":"fr_FR","og_type":"article","og_title":"VAULX EN VELIN : Le Vaulx Basket club a accueilli l'arbre de NOEL du comit\u00e9 du Rh\u00f4ne","og_description":"VAULX EN VELIN : Le Vaulx Basket club a accueilli l'arbre de NOEL du comit\u00e9 du Rh\u00f4ne","og_url":"https:\/\/newsestlyonnais.fr\/site\/2016\/12\/18\/vaulx-velin-vaulx-basket-club-a-accueilli-larbre-de-noel-comite-rhone\/","og_site_name":"News Est Lyonnais","article_author":"https:\/\/www.facebook.com\/pascal.oberson.1?fref=ts","article_published_time":"2016-12-18T08:06:03+00:00","article_modified_time":"2020-11-03T14:42:27+00:00","og_image":[{"url":"http:\/\/newsestlyonnais.fr\/site\/medias\/2016\/12\/NEWSESTLYONNAIS-ARBRENOEL.jpg","type":"","width":"","height":""}],"author":"R\u00e9dac. NEWS","twitter_card":"summary_large_image","twitter_misc":{"\u00c9crit par":"R\u00e9dac. NEWS","Dur\u00e9e de lecture estim\u00e9e":"1 minute"},"schema":{"@context":"https:\/\/schema.org","@graph":[{"@type":"Article","@id":"https:\/\/newsestlyonnais.fr\/site\/2016\/12\/18\/vaulx-velin-vaulx-basket-club-a-accueilli-larbre-de-noel-comite-rhone\/#article","isPartOf":{"@id":"https:\/\/newsestlyonnais.fr\/site\/2016\/12\/18\/vaulx-velin-vaulx-basket-club-a-accueilli-larbre-de-noel-comite-rhone\/"},"author":{"name":"R\u00e9dac. NEWS","@id":"https:\/\/newsestlyonnais.fr\/site\/#\/schema\/person\/3230d5615f390bb808365d673001e887"},"headline":"VAULX-EN-VELIN | Vaulx Basket club a accueilli l&rsquo;arbre de NOEL du comit\u00e9 du Rh\u00f4ne","datePublished":"2016-12-18T08:06:03+00:00","dateModified":"2020-11-03T14:42:27+00:00","mainEntityOfPage":{"@id":"https:\/\/newsestlyonnais.fr\/site\/2016\/12\/18\/vaulx-velin-vaulx-basket-club-a-accueilli-larbre-de-noel-comite-rhone\/"},"wordCount":214,"commentCount":0,"publisher":{"@id":"https:\/\/newsestlyonnais.fr\/site\/#organization"},"image":{"@id":"https:\/\/newsestlyonnais.fr\/site\/2016\/12\/18\/vaulx-velin-vaulx-basket-club-a-accueilli-larbre-de-noel-comite-rhone\/#primaryimage"},"thumbnailUrl":"http:\/\/newsestlyonnais.fr\/site\/medias\/2016\/12\/NEWSESTLYONNAIS-ARBRENOEL.jpg","articleSection":["Basket","Basket | Hand | Volley","Institutions | Troph\u00e9es | J.O.","Vaulx-en-Velin"],"inLanguage":"fr-FR","potentialAction":[{"@type":"CommentAction","name":"Comment","target":["https:\/\/newsestlyonnais.fr\/site\/2016\/12\/18\/vaulx-velin-vaulx-basket-club-a-accueilli-larbre-de-noel-comite-rhone\/#respond"]}]},{"@type":"WebPage","@id":"https:\/\/newsestlyonnais.fr\/site\/2016\/12\/18\/vaulx-velin-vaulx-basket-club-a-accueilli-larbre-de-noel-comite-rhone\/","url":"https:\/\/newsestlyonnais.fr\/site\/2016\/12\/18\/vaulx-velin-vaulx-basket-club-a-accueilli-larbre-de-noel-comite-rhone\/","name":"VAULX EN VELIN : Le Vaulx Basket club a accueilli l'arbre de NOEL du comit\u00e9 du Rh\u00f4ne","isPartOf":{"@id":"https:\/\/newsestlyonnais.fr\/site\/#website"},"primaryImageOfPage":{"@id":"https:\/\/newsestlyonnais.fr\/site\/2016\/12\/18\/vaulx-velin-vaulx-basket-club-a-accueilli-larbre-de-noel-comite-rhone\/#primaryimage"},"image":{"@id":"https:\/\/newsestlyonnais.fr\/site\/2016\/12\/18\/vaulx-velin-vaulx-basket-club-a-accueilli-larbre-de-noel-comite-rhone\/#primaryimage"},"thumbnailUrl":"http:\/\/newsestlyonnais.fr\/site\/medias\/2016\/12\/NEWSESTLYONNAIS-ARBRENOEL.jpg","datePublished":"2016-12-18T08:06:03+00:00","dateModified":"2020-11-03T14:42:27+00:00","description":"VAULX EN VELIN : Le Vaulx Basket club a accueilli l'arbre de NOEL du comit\u00e9 du Rh\u00f4ne","breadcrumb":{"@id":"https:\/\/newsestlyonnais.fr\/site\/2016\/12\/18\/vaulx-velin-vaulx-basket-club-a-accueilli-larbre-de-noel-comite-rhone\/#breadcrumb"},"inLanguage":"fr-FR","potentialAction":[{"@type":"ReadAction","target":["https:\/\/newsestlyonnais.fr\/site\/2016\/12\/18\/vaulx-velin-vaulx-basket-club-a-accueilli-larbre-de-noel-comite-rhone\/"]}]},{"@type":"ImageObject","inLanguage":"fr-FR","@id":"https:\/\/newsestlyonnais.fr\/site\/2016\/12\/18\/vaulx-velin-vaulx-basket-club-a-accueilli-larbre-de-noel-comite-rhone\/#primaryimage","url":"http:\/\/newsestlyonnais.fr\/site\/medias\/2016\/12\/NEWSESTLYONNAIS-ARBRENOEL.jpg","contentUrl":"http:\/\/newsestlyonnais.fr\/site\/medias\/2016\/12\/NEWSESTLYONNAIS-ARBRENOEL.jpg"},{"@type":"BreadcrumbList","@id":"https:\/\/newsestlyonnais.fr\/site\/2016\/12\/18\/vaulx-velin-vaulx-basket-club-a-accueilli-larbre-de-noel-comite-rhone\/#breadcrumb","itemListElement":[{"@type":"ListItem","position":1,"name":"Accueil","item":"https:\/\/newsestlyonnais.fr\/site\/"},{"@type":"ListItem","position":2,"name":"VAULX-EN-VELIN | Vaulx Basket club a accueilli l&rsquo;arbre de NOEL du comit\u00e9 du Rh\u00f4ne"}]},{"@type":"WebSite","@id":"https:\/\/newsestlyonnais.fr\/site\/#website","url":"https:\/\/newsestlyonnais.fr\/site\/","name":"News Est Lyonnais","description":"L&#039;actualit\u00e9 au plus pr\u00e8s","publisher":{"@id":"https:\/\/newsestlyonnais.fr\/site\/#organization"},"potentialAction":[{"@type":"SearchAction","target":{"@type":"EntryPoint","urlTemplate":"https:\/\/newsestlyonnais.fr\/site\/?s={search_term_string}"},"query-input":{"@type":"PropertyValueSpecification","valueRequired":true,"valueName":"search_term_string"}}],"inLanguage":"fr-FR"},{"@type":"Organization","@id":"https:\/\/newsestlyonnais.fr\/site\/#organization","name":"News EST LYONNAIS","url":"https:\/\/newsestlyonnais.fr\/site\/","logo":{"@type":"ImageObject","inLanguage":"fr-FR","@id":"https:\/\/newsestlyonnais.fr\/site\/#\/schema\/logo\/image\/","url":"","contentUrl":"","caption":"News EST LYONNAIS"},"image":{"@id":"https:\/\/newsestlyonnais.fr\/site\/#\/schema\/logo\/image\/"}},{"@type":"Person","@id":"https:\/\/newsestlyonnais.fr\/site\/#\/schema\/person\/3230d5615f390bb808365d673001e887","name":"R\u00e9dac. NEWS","sameAs":["http:\/\/www.newsestlyonnais.fr","https:\/\/www.facebook.com\/pascal.oberson.1?fref=ts","https:\/\/fr.linkedin.com\/in\/pascal-oberson-b17045113"],"url":"https:\/\/newsestlyonnais.fr\/site\/author\/nel\/"}]}},"_links":{"self":[{"href":"https:\/\/newsestlyonnais.fr\/site\/wp-json\/wp\/v2\/posts\/17538","targetHints":{"allow":["GET"]}}],"collection":[{"href":"https:\/\/newsestlyonnais.fr\/site\/wp-json\/wp\/v2\/posts"}],"about":[{"href":"https:\/\/newsestlyonnais.fr\/site\/wp-json\/wp\/v2\/types\/post"}],"author":[{"embeddable":true,"href":"https:\/\/newsestlyonnais.fr\/site\/wp-json\/wp\/v2\/users\/4"}],"replies":[{"embeddable":true,"href":"https:\/\/newsestlyonnais.fr\/site\/wp-json\/wp\/v2\/comments?post=17538"}],"version-history":[{"count":0,"href":"https:\/\/newsestlyonnais.fr\/site\/wp-json\/wp\/v2\/posts\/17538\/revisions"}],"wp:attachment":[{"href":"https:\/\/newsestlyonnais.fr\/site\/wp-json\/wp\/v2\/media?parent=17538"}],"wp:term":[{"taxonomy":"category","embeddable":true,"href":"https:\/\/newsestlyonnais.fr\/site\/wp-json\/wp\/v2\/categories?post=17538"},{"taxonomy":"post_tag","embeddable":true,"href":"https:\/\/newsestlyonnais.fr\/site\/wp-json\/wp\/v2\/tags?post=17538"}],"curies":[{"name":"wp","href":"https:\/\/api.w.org\/{rel}","templated":true}]}}