{"id":175574,"date":"2023-01-26T11:42:33","date_gmt":"2023-01-26T10:42:33","guid":{"rendered":"https:\/\/newsestlyonnais.fr\/site\/?p=175574"},"modified":"2023-02-24T20:20:59","modified_gmt":"2023-02-24T19:20:59","slug":"annouck-curzillat-il-ne-faut-pas-se-reposer-sur-ses-lauriers-car-la-concurrence-est-rude","status":"publish","type":"post","link":"https:\/\/newsestlyonnais.fr\/site\/2023\/01\/26\/annouck-curzillat-il-ne-faut-pas-se-reposer-sur-ses-lauriers-car-la-concurrence-est-rude\/","title":{"rendered":"Annouck Curzillat \u00bb il ne faut pas se reposer sur ses lauriers car la concurrence est rude \u00ab"},"content":{"rendered":"<p><strong><span style=\"font-family: georgia, palatino, serif; font-size: 14pt; background-color: #000000; color: #ffffff;\">Petite pr\u00e9sentation<\/span><\/strong><\/p>\n<p><span style=\"font-family: georgia, palatino, serif;\">\u00bb J&rsquo;ai 30 ans et r\u00e9side \u00e0 Lyon. Je suis masseur-kin\u00e9sith\u00e9rapeute, <strong>sportive de haut niveau en paratriathlon et m\u00e9daill\u00e9e de bronze \u00e0 Tokyo en 2021<\/strong><span class=\"x4k7w5x x1h91t0o x1h9r5lt xv2umb2 x1beo9mf xaigb6o x12ejxvf x3igimt xarpa2k xedcshv x1lytzrv x1t2pt76 x7ja8zs x1qrby5j x1jfb8zj\"><strong> \u00ab.<\/strong><\/span><br \/>\n<\/span><\/p>\n<p><span style=\"background-color: #000000; color: #ffffff;\"><strong><span style=\"font-family: georgia, palatino, serif; font-size: 14pt; background-color: #000000;\">Ton club sportif actuel ?<\/span><\/strong><\/span><\/p>\n<p><span style=\"font-family: georgia, palatino, serif;\">\u00bb Je suis licenci\u00e9e au <a href=\"http:\/\/www.crvlyontriathlon.fr\"><span style=\"color: #0000ff;\">CRV Lyon triathlon<\/span><\/a> <span class=\"x4k7w5x x1h91t0o x1h9r5lt xv2umb2 x1beo9mf xaigb6o x12ejxvf x3igimt xarpa2k xedcshv x1lytzrv x1t2pt76 x7ja8zs x1qrby5j x1jfb8zj\"><strong>\u00ab.<\/strong><\/span><\/span><\/p>\n<hr \/>\n<p><span style=\"background-color: #000000; color: #ffffff;\"><strong><span style=\"font-family: georgia, palatino, serif; font-size: 14pt; background-color: #000000;\">Ton ann\u00e9e 2021 avait \u00e9t\u00e9 jalonn\u00e9e de montagnes russes, comment l\u2019as-tu analys\u00e9e et qu\u2019en as-tu tir\u00e9 ?<\/span><\/strong><\/span><\/p>\n<p><span style=\"font-family: georgia, palatino, serif;\">\u00bb En effet il a fallu que j&rsquo;en tire des conclusions. \u00c0 la fois j&rsquo;ai voulu tout arr\u00eater pour <\/span><span style=\"font-family: georgia, palatino, serif;\">passer \u00e0 autre chose car cette saison 2021 m&rsquo;avait trop \u00e9puis\u00e9e et<strong> je ne voulais <\/strong><\/span><strong><span style=\"font-family: georgia, palatino, serif;\">surtout pas poursuivre dans les m\u00eames conditions. <\/span><\/strong><\/p>\n<p><span style=\"font-family: georgia, palatino, serif;\">Mais dans un petit coin de ma <\/span><span style=\"font-family: georgia, palatino, serif;\">t\u00eate <strong>j&rsquo;avais envie de poursuivre si beaucoup de choses s&rsquo;am\u00e9lioraient<\/strong>. J&rsquo;osais croire <\/span><span style=\"font-family: georgia, palatino, serif;\">que l&rsquo;obtention de ma m\u00e9daille m&rsquo;ouvrirait quelques portes <span class=\"x4k7w5x x1h91t0o x1h9r5lt xv2umb2 x1beo9mf xaigb6o x12ejxvf x3igimt xarpa2k xedcshv x1lytzrv x1t2pt76 x7ja8zs x1qrby5j x1jfb8zj\"><strong>\u00ab.<\/strong><\/span><\/span><\/p>\n<p><span style=\"background-color: #000000; color: #ffffff;\"><strong><span style=\"font-family: georgia, palatino, serif; font-size: 14pt; background-color: #000000;\">Ton objectif en d\u00e9marrant l\u2019ann\u00e9e 2022 et ton programme de courses ?<\/span><\/strong><\/span><\/p>\n<p><span style=\"font-family: georgia, palatino, serif;\">\u00bb Mon objectif pouvait para\u00eetre simple mais pas \u00e9vident \u00e0 mettre en place. <strong>Je <\/strong><\/span><span style=\"font-family: georgia, palatino, serif;\"><strong>souhaitais avoir de bien meilleures conditions d&rsquo;entra\u00eenement<\/strong> pour prendre plus du <\/span><span style=\"font-family: georgia, palatino, serif;\">plaisir et une relation plus saine avec la guide qui partagerait le projet avec moi. <\/span><\/p>\n<p><span style=\"font-family: georgia, palatino, serif;\"><strong>J&rsquo;envisageais de faire le Championnat d&rsquo;Europe, quelques coupes du Monde et le Championnat du Monde<\/strong> en fin de saison <span class=\"x4k7w5x x1h91t0o x1h9r5lt xv2umb2 x1beo9mf xaigb6o x12ejxvf x3igimt xarpa2k xedcshv x1lytzrv x1t2pt76 x7ja8zs x1qrby5j x1jfb8zj\"><strong>\u00ab.<\/strong><\/span><\/span><\/p>\n<hr \/>\n<p><span style=\"font-size: 14pt; background-color: #000000; color: #ffffff;\"><strong><span style=\"font-family: georgia, palatino, serif;\">Bilan des diff\u00e9rentes courses disput\u00e9es<br \/>\n<\/span><\/strong><\/span><\/p>\n<p><span style=\"font-family: georgia, palatino, serif;\">\u00bb Finalement j&rsquo;ai fini 3\u00b0 au Championnat d&rsquo;Europe en mai \u00e0 Olsztyn (Pol), 1\u00b0 \u00e0 <\/span><span style=\"font-family: georgia, palatino, serif;\">la WTPS de Swansea (Ru) en ao\u00fbt et 4\u00b0 au Championnat du Monde \u00e0 Abu Dhabi <\/span><span style=\"font-family: georgia, palatino, serif;\">(EAU) en novembre et 2 podiums sur des coupes du monde mineures \u00e0 la WTPC de <\/span><span style=\"font-family: georgia, palatino, serif;\">Besan\u00e7on (Fra) en juin et Alanya (Tur) en octobre <span class=\"x4k7w5x x1h91t0o x1h9r5lt xv2umb2 x1beo9mf xaigb6o x12ejxvf x3igimt xarpa2k xedcshv x1lytzrv x1t2pt76 x7ja8zs x1qrby5j x1jfb8zj\"><strong>\u00ab.<\/strong><\/span><\/span><\/p>\n<p><span style=\"font-size: 14pt; background-color: #000000; color: #ffffff;\"><strong><span style=\"font-family: georgia, palatino, serif;\">Quelles conclusions en ressors tu ? (satisfaction, d\u00e9ception) ?<\/span><\/strong><\/span><\/p>\n<p><span style=\"font-family: georgia, palatino, serif;\">\u00bb Je suis plut\u00f4t satisfaite de mes r\u00e9sultats car mes progr\u00e8s sur le plan physique et le <\/span><span style=\"font-family: georgia, palatino, serif;\">travail mental se sont ressentis sur mes performances de mani\u00e8re r\u00e9guli\u00e8re sur toute <\/span><span style=\"font-family: georgia, palatino, serif;\">la saison qui je vous l&rsquo;assure \u00e9tait vraiment longue.<\/span><\/p>\n<p><strong><span style=\"font-family: georgia, palatino, serif;\"> Mais il ne faut pas se reposer sur <\/span><\/strong><span style=\"font-family: georgia, palatino, serif;\"><strong>ses lauriers car la concurrence est rude !<\/strong> <span class=\"x4k7w5x x1h91t0o x1h9r5lt xv2umb2 x1beo9mf xaigb6o x12ejxvf x3igimt xarpa2k xedcshv x1lytzrv x1t2pt76 x7ja8zs x1qrby5j x1jfb8zj\"><strong>\u00ab<\/strong><\/span><br \/>\n<\/span><\/p>\n<hr \/>\n<p><strong><span style=\"font-family: georgia, palatino, serif; font-size: 14pt; background-color: #000000; color: #ffffff;\">Une ou deux petites anecdotes ?<\/span><\/strong><\/p>\n<p><span style=\"font-family: georgia, palatino, serif;\">\u00bb <strong>Une anecdote dr\u00f4le<\/strong> c&rsquo;est qu&rsquo;au Championnat du Monde il y avait peu de cam\u00e9ras pour nous filmer mais comme par hasard l&rsquo;une d&rsquo;elles \u00e0 capter la seconde m\u00eame o\u00f9 je donne une petite tape \u00e0 Julie sur la fesse qui \u00e9tait un code de communication que l&rsquo;on s&rsquo;\u00e9tait donn\u00e9 <span class=\"x4k7w5x x1h91t0o x1h9r5lt xv2umb2 x1beo9mf xaigb6o x12ejxvf x3igimt xarpa2k xedcshv x1lytzrv x1t2pt76 x7ja8zs x1qrby5j x1jfb8zj\"><strong>\u00ab<\/strong><\/span>. <\/span><\/p>\n<p><span style=\"background-color: #000000; color: #ffffff;\"><strong><span style=\"font-family: georgia, palatino, serif; font-size: 14pt; background-color: #000000;\">Dans quel domaine as-tu eu la sensation d\u2019\u00e9voluer ou progresser ?<\/span><\/strong><\/span><\/p>\n<p><span style=\"font-family: georgia, palatino, serif;\">\u00bb <strong>Il y a toujours des domaines dans lesquels on peut s&rsquo;am\u00e9liorer<\/strong>. Ma technique dans <\/span><span style=\"font-family: georgia, palatino, serif;\">les 3 disciplines, la gestion de course de mon bin\u00f4me avec Julie, mon approche <\/span><span style=\"font-family: georgia, palatino, serif;\">mentale des courses sont autant de points perfectibles <span class=\"x4k7w5x x1h91t0o x1h9r5lt xv2umb2 x1beo9mf xaigb6o x12ejxvf x3igimt xarpa2k xedcshv x1lytzrv x1t2pt76 x7ja8zs x1qrby5j x1jfb8zj\"><strong>\u00ab.<\/strong><\/span><\/span><\/p>\n<hr \/>\n<p><span style=\"background-color: #000000; color: #ffffff;\"><strong><span style=\"font-family: georgia, palatino, serif; font-size: 14pt; background-color: #000000;\">Ton programme de 2023 est- il d\u00e9j\u00e0 \u00e9tabli ?<\/span><\/strong><\/span><\/p>\n<p><span style=\"font-family: georgia, palatino, serif;\">\u00bb <strong>Les grandes lignes de mon programme pr\u00e9visionnel sont trac\u00e9es<\/strong> mais il reste <\/span><span style=\"font-family: georgia, palatino, serif;\">quelques points \u00e0 ajuster. En ligne de mire j&rsquo;ai bien s\u00fbr le Championnat d&rsquo;Europe \u00e0 <\/span><span style=\"font-family: georgia, palatino, serif;\">Madrid et du Monde \u00e0 Pontevedra (Esp) et des coupes du Monde presque toutes en <\/span><span style=\"font-family: georgia, palatino, serif;\">Europe <span class=\"x4k7w5x x1h91t0o x1h9r5lt xv2umb2 x1beo9mf xaigb6o x12ejxvf x3igimt xarpa2k xedcshv x1lytzrv x1t2pt76 x7ja8zs x1qrby5j x1jfb8zj\"><strong>\u00ab.<\/strong><\/span><\/span><\/p>\n<p><span style=\"font-size: 14pt; background-color: #000000; color: #ffffff;\"><strong><span style=\"font-family: georgia, palatino, serif;\">Et pour conclure ?<\/span><\/strong><\/span><\/p>\n<p><span style=\"font-family: georgia, palatino, serif;\">\u00bb <strong>Les 19 et 20 ao\u00fbt prochains aura lieu le Test Event du paratriathlon de Paris 2024<\/strong>. <\/span><\/p>\n<p><span style=\"font-family: georgia, palatino, serif;\"><strong>Je vous invite donc \u00e0 venir tr\u00e8s nombreux encourager les fran\u00e7ais<\/strong> qui tenteront de s&rsquo;imposer \u00e0 domicile sur le m\u00eame parcours que la course tant attendue des Jeux Paralympiques qui empruntera une partie de la mythique avenue des Champs \u00c9lys\u00e9es et le pont Alexandre III <span class=\"x4k7w5x x1h91t0o x1h9r5lt xv2umb2 x1beo9mf xaigb6o x12ejxvf x3igimt xarpa2k xedcshv x1lytzrv x1t2pt76 x7ja8zs x1qrby5j x1jfb8zj\"><strong>\u00ab.<\/strong><\/span><\/span><\/p>\n<hr \/>\n<p><span style=\"background-color: #000000;\"><span style=\"color: #ffcc00;\">Photo \u00e0 la UNE &gt; Arriv\u00e9e \u00e0 Abu Dhabi (cr\u00e9dit photo Puur film)<\/span><\/span><\/p>\n<p><span style=\"background-color: #000000;\"><span style=\"color: #ffcc00;\">&gt; <\/span><\/span><span style=\"background-color: #000000;\"><span style=\"color: #ffcc00;\"><span style=\"color: #ffffff;\">Prochain bilan &gt;<\/span> Juliana Carbonel (Course \u00e0 pied)<\/span><\/span><\/p>\n<hr \/>\n<hr \/>\n<div id='gallery-1' class='gallery galleryid-175574 gallery-columns-3 gallery-size-medium'><figure class='gallery-item'>\n\t\t\t<div class='gallery-icon landscape'>\n\t\t\t\t<a href='https:\/\/newsestlyonnais.fr\/site\/2023\/01\/26\/annouck-curzillat-il-ne-faut-pas-se-reposer-sur-ses-lauriers-car-la-concurrence-est-rude\/photo-2023-01-22-21-16-44\/'><img loading=\"lazy\" decoding=\"async\" width=\"400\" height=\"270\" src=\"https:\/\/newsestlyonnais.fr\/site\/wp-content\/uploads\/2023\/01\/PHOTO-2023-01-22-21-16-44-400x270.jpg\" class=\"attachment-medium size-medium\" alt=\"\" aria-describedby=\"gallery-1-175598\" srcset=\"https:\/\/newsestlyonnais.fr\/site\/wp-content\/uploads\/2023\/01\/PHOTO-2023-01-22-21-16-44-400x270.jpg 400w, https:\/\/newsestlyonnais.fr\/site\/wp-content\/uploads\/2023\/01\/PHOTO-2023-01-22-21-16-44-650x439.jpg 650w, https:\/\/newsestlyonnais.fr\/site\/wp-content\/uploads\/2023\/01\/PHOTO-2023-01-22-21-16-44-250x169.jpg 250w, https:\/\/newsestlyonnais.fr\/site\/wp-content\/uploads\/2023\/01\/PHOTO-2023-01-22-21-16-44-768x518.jpg 768w, https:\/\/newsestlyonnais.fr\/site\/wp-content\/uploads\/2023\/01\/PHOTO-2023-01-22-21-16-44-150x101.jpg 150w, https:\/\/newsestlyonnais.fr\/site\/wp-content\/uploads\/2023\/01\/PHOTO-2023-01-22-21-16-44-50x34.jpg 50w, https:\/\/newsestlyonnais.fr\/site\/wp-content\/uploads\/2023\/01\/PHOTO-2023-01-22-21-16-44-100x68.jpg 100w, https:\/\/newsestlyonnais.fr\/site\/wp-content\/uploads\/2023\/01\/PHOTO-2023-01-22-21-16-44-200x135.jpg 200w, https:\/\/newsestlyonnais.fr\/site\/wp-content\/uploads\/2023\/01\/PHOTO-2023-01-22-21-16-44-300x203.jpg 300w, https:\/\/newsestlyonnais.fr\/site\/wp-content\/uploads\/2023\/01\/PHOTO-2023-01-22-21-16-44-350x236.jpg 350w, https:\/\/newsestlyonnais.fr\/site\/wp-content\/uploads\/2023\/01\/PHOTO-2023-01-22-21-16-44-450x304.jpg 450w, https:\/\/newsestlyonnais.fr\/site\/wp-content\/uploads\/2023\/01\/PHOTO-2023-01-22-21-16-44-500x338.jpg 500w, https:\/\/newsestlyonnais.fr\/site\/wp-content\/uploads\/2023\/01\/PHOTO-2023-01-22-21-16-44-550x371.jpg 550w, https:\/\/newsestlyonnais.fr\/site\/wp-content\/uploads\/2023\/01\/PHOTO-2023-01-22-21-16-44-800x540.jpg 800w, https:\/\/newsestlyonnais.fr\/site\/wp-content\/uploads\/2023\/01\/PHOTO-2023-01-22-21-16-44.jpg 1200w\" sizes=\"auto, (max-width: 400px) 100vw, 400px\" \/><\/a>\n\t\t\t<\/div>\n\t\t\t\t<figcaption class='wp-caption-text gallery-caption' id='gallery-1-175598'>\n\t\t\t\tArriv\u00e9e Swansea \/ Cr\u00e9dit photo World Triathlon\n\t\t\t\t<\/figcaption><\/figure><figure class='gallery-item'>\n\t\t\t<div class='gallery-icon portrait'>\n\t\t\t\t<a href='https:\/\/newsestlyonnais.fr\/site\/2023\/01\/26\/annouck-curzillat-il-ne-faut-pas-se-reposer-sur-ses-lauriers-car-la-concurrence-est-rude\/photo-2023-01-22-21-16-43\/'><img loading=\"lazy\" decoding=\"async\" width=\"169\" height=\"300\" src=\"https:\/\/newsestlyonnais.fr\/site\/wp-content\/uploads\/2023\/01\/PHOTO-2023-01-22-21-16-43-400x711.jpg\" class=\"attachment-medium size-medium\" alt=\"\" aria-describedby=\"gallery-1-175596\" srcset=\"https:\/\/newsestlyonnais.fr\/site\/wp-content\/uploads\/2023\/01\/PHOTO-2023-01-22-21-16-43-400x711.jpg 400w, https:\/\/newsestlyonnais.fr\/site\/wp-content\/uploads\/2023\/01\/PHOTO-2023-01-22-21-16-43-650x1156.jpg 650w, https:\/\/newsestlyonnais.fr\/site\/wp-content\/uploads\/2023\/01\/PHOTO-2023-01-22-21-16-43-250x444.jpg 250w, https:\/\/newsestlyonnais.fr\/site\/wp-content\/uploads\/2023\/01\/PHOTO-2023-01-22-21-16-43-150x267.jpg 150w, https:\/\/newsestlyonnais.fr\/site\/wp-content\/uploads\/2023\/01\/PHOTO-2023-01-22-21-16-43-50x89.jpg 50w, https:\/\/newsestlyonnais.fr\/site\/wp-content\/uploads\/2023\/01\/PHOTO-2023-01-22-21-16-43-100x178.jpg 100w, https:\/\/newsestlyonnais.fr\/site\/wp-content\/uploads\/2023\/01\/PHOTO-2023-01-22-21-16-43-200x356.jpg 200w, https:\/\/newsestlyonnais.fr\/site\/wp-content\/uploads\/2023\/01\/PHOTO-2023-01-22-21-16-43-300x533.jpg 300w, https:\/\/newsestlyonnais.fr\/site\/wp-content\/uploads\/2023\/01\/PHOTO-2023-01-22-21-16-43-350x622.jpg 350w, https:\/\/newsestlyonnais.fr\/site\/wp-content\/uploads\/2023\/01\/PHOTO-2023-01-22-21-16-43-450x800.jpg 450w, https:\/\/newsestlyonnais.fr\/site\/wp-content\/uploads\/2023\/01\/PHOTO-2023-01-22-21-16-43-500x889.jpg 500w, https:\/\/newsestlyonnais.fr\/site\/wp-content\/uploads\/2023\/01\/PHOTO-2023-01-22-21-16-43-550x978.jpg 550w, https:\/\/newsestlyonnais.fr\/site\/wp-content\/uploads\/2023\/01\/PHOTO-2023-01-22-21-16-43.jpg 675w\" sizes=\"auto, (max-width: 169px) 100vw, 169px\" \/><\/a>\n\t\t\t<\/div>\n\t\t\t\t<figcaption class='wp-caption-text gallery-caption' id='gallery-1-175596'>\n\t\t\t\tStage Majorque course \u00e0 pied \/ Cr\u00e9dit photo Tomeuvo\n\t\t\t\t<\/figcaption><\/figure>\n\t\t<\/div>\n\n","protected":false},"excerpt":{"rendered":"<p>La paratriathl\u00e8te lyonnaise qui a enchain\u00e9 les podiums internationaux en 2022 participera en ao\u00fbt prochain au Test Event du paratriathlon de Paris 2024. <\/p>\n","protected":false},"author":4,"featured_media":175583,"comment_status":"open","ping_status":"open","sticky":false,"template":"","format":"standard","meta":{"footnotes":""},"categories":[4508,3421,3015,4286,137,1625,2988,2990],"tags":[4095,3469,4097,4096],"class_list":["post-175574","post","type-post","status-publish","format-standard","has-post-thumbnail","hentry","category-bilan-sportif","category-feminin-actu-au","category-handi-adapte","category-interview-a-la-une","category-interviews","category-lyon","category-natation-triathlon","category-triathlon","tag-annouck-curzillat","tag-bilan","tag-crv-lyon-triathlon","tag-para-triathlon"],"yoast_head":"<!-- This site is optimized with the Yoast SEO plugin v27.2 - https:\/\/yoast.com\/product\/yoast-seo-wordpress\/ -->\n<title>Annouck Curzillat \u00bb il ne faut pas se reposer sur ses lauriers car la concurrence est rude \u00ab - News Est Lyonnais<\/title>\n<meta name=\"description\" content=\"Annouck Curzillat \u00bb il ne faut pas se reposer sur ses lauriers car la concurrence est rude \u00ab\" \/>\n<meta name=\"robots\" content=\"index, follow, max-snippet:-1, max-image-preview:large, max-video-preview:-1\" \/>\n<link rel=\"canonical\" href=\"https:\/\/newsestlyonnais.fr\/site\/2023\/01\/26\/annouck-curzillat-il-ne-faut-pas-se-reposer-sur-ses-lauriers-car-la-concurrence-est-rude\/\" \/>\n<meta property=\"og:locale\" content=\"fr_FR\" \/>\n<meta property=\"og:type\" content=\"article\" \/>\n<meta property=\"og:title\" content=\"Annouck Curzillat \u00bb il ne faut pas se reposer sur ses lauriers car la concurrence est rude \u00ab - News Est Lyonnais\" \/>\n<meta property=\"og:description\" content=\"Annouck Curzillat \u00bb il ne faut pas se reposer sur ses lauriers car la concurrence est rude \u00ab\" \/>\n<meta property=\"og:url\" content=\"https:\/\/newsestlyonnais.fr\/site\/2023\/01\/26\/annouck-curzillat-il-ne-faut-pas-se-reposer-sur-ses-lauriers-car-la-concurrence-est-rude\/\" \/>\n<meta property=\"og:site_name\" content=\"News Est Lyonnais\" \/>\n<meta property=\"article:author\" content=\"https:\/\/www.facebook.com\/pascal.oberson.1?fref=ts\" \/>\n<meta property=\"article:published_time\" content=\"2023-01-26T10:42:33+00:00\" \/>\n<meta property=\"article:modified_time\" content=\"2023-02-24T19:20:59+00:00\" \/>\n<meta property=\"og:image\" content=\"https:\/\/newsestlyonnais.fr\/site\/wp-content\/uploads\/2023\/01\/PHOTO-2023-01-22-21-12-53.jpg\" \/>\n\t<meta property=\"og:image:width\" content=\"1200\" \/>\n\t<meta property=\"og:image:height\" content=\"800\" \/>\n\t<meta property=\"og:image:type\" content=\"image\/jpeg\" \/>\n<meta name=\"author\" content=\"R\u00e9dac. NEWS\" \/>\n<meta name=\"twitter:card\" content=\"summary_large_image\" \/>\n<meta name=\"twitter:label1\" content=\"\u00c9crit par\" \/>\n\t<meta name=\"twitter:data1\" content=\"R\u00e9dac. NEWS\" \/>\n\t<meta name=\"twitter:label2\" content=\"Dur\u00e9e de lecture estim\u00e9e\" \/>\n\t<meta name=\"twitter:data2\" content=\"3 minutes\" \/>\n<script type=\"application\/ld+json\" class=\"yoast-schema-graph\">{\"@context\":\"https:\/\/schema.org\",\"@graph\":[{\"@type\":\"Article\",\"@id\":\"https:\/\/newsestlyonnais.fr\/site\/2023\/01\/26\/annouck-curzillat-il-ne-faut-pas-se-reposer-sur-ses-lauriers-car-la-concurrence-est-rude\/#article\",\"isPartOf\":{\"@id\":\"https:\/\/newsestlyonnais.fr\/site\/2023\/01\/26\/annouck-curzillat-il-ne-faut-pas-se-reposer-sur-ses-lauriers-car-la-concurrence-est-rude\/\"},\"author\":{\"name\":\"R\u00e9dac. NEWS\",\"@id\":\"https:\/\/newsestlyonnais.fr\/site\/#\/schema\/person\/3230d5615f390bb808365d673001e887\"},\"headline\":\"Annouck Curzillat \u00bb il ne faut pas se reposer sur ses lauriers car la concurrence est rude \u00ab\",\"datePublished\":\"2023-01-26T10:42:33+00:00\",\"dateModified\":\"2023-02-24T19:20:59+00:00\",\"mainEntityOfPage\":{\"@id\":\"https:\/\/newsestlyonnais.fr\/site\/2023\/01\/26\/annouck-curzillat-il-ne-faut-pas-se-reposer-sur-ses-lauriers-car-la-concurrence-est-rude\/\"},\"wordCount\":611,\"commentCount\":0,\"publisher\":{\"@id\":\"https:\/\/newsestlyonnais.fr\/site\/#organization\"},\"image\":{\"@id\":\"https:\/\/newsestlyonnais.fr\/site\/2023\/01\/26\/annouck-curzillat-il-ne-faut-pas-se-reposer-sur-ses-lauriers-car-la-concurrence-est-rude\/#primaryimage\"},\"thumbnailUrl\":\"https:\/\/newsestlyonnais.fr\/site\/wp-content\/uploads\/2023\/01\/PHOTO-2023-01-22-21-12-53.jpg\",\"keywords\":[\"Annouck Curzillat\",\"BILAN\",\"CRV Lyon triathlon\",\"PARA-TRIATHLON\"],\"articleSection\":[\"Bilan sportif\",\"F\u00e9minin (Actu au)\",\"Handi &amp; adapt\u00e9\",\"Interview \u00e0 la une\",\"Interviews\",\"Lyon\",\"Natation | Triathlon\",\"Triathlon\"],\"inLanguage\":\"fr-FR\",\"potentialAction\":[{\"@type\":\"CommentAction\",\"name\":\"Comment\",\"target\":[\"https:\/\/newsestlyonnais.fr\/site\/2023\/01\/26\/annouck-curzillat-il-ne-faut-pas-se-reposer-sur-ses-lauriers-car-la-concurrence-est-rude\/#respond\"]}]},{\"@type\":\"WebPage\",\"@id\":\"https:\/\/newsestlyonnais.fr\/site\/2023\/01\/26\/annouck-curzillat-il-ne-faut-pas-se-reposer-sur-ses-lauriers-car-la-concurrence-est-rude\/\",\"url\":\"https:\/\/newsestlyonnais.fr\/site\/2023\/01\/26\/annouck-curzillat-il-ne-faut-pas-se-reposer-sur-ses-lauriers-car-la-concurrence-est-rude\/\",\"name\":\"Annouck Curzillat \u00bb il ne faut pas se reposer sur ses lauriers car la concurrence est rude \u00ab - News Est Lyonnais\",\"isPartOf\":{\"@id\":\"https:\/\/newsestlyonnais.fr\/site\/#website\"},\"primaryImageOfPage\":{\"@id\":\"https:\/\/newsestlyonnais.fr\/site\/2023\/01\/26\/annouck-curzillat-il-ne-faut-pas-se-reposer-sur-ses-lauriers-car-la-concurrence-est-rude\/#primaryimage\"},\"image\":{\"@id\":\"https:\/\/newsestlyonnais.fr\/site\/2023\/01\/26\/annouck-curzillat-il-ne-faut-pas-se-reposer-sur-ses-lauriers-car-la-concurrence-est-rude\/#primaryimage\"},\"thumbnailUrl\":\"https:\/\/newsestlyonnais.fr\/site\/wp-content\/uploads\/2023\/01\/PHOTO-2023-01-22-21-12-53.jpg\",\"datePublished\":\"2023-01-26T10:42:33+00:00\",\"dateModified\":\"2023-02-24T19:20:59+00:00\",\"description\":\"Annouck Curzillat \u00bb il ne faut pas se reposer sur ses lauriers car la concurrence est rude \u00ab\",\"breadcrumb\":{\"@id\":\"https:\/\/newsestlyonnais.fr\/site\/2023\/01\/26\/annouck-curzillat-il-ne-faut-pas-se-reposer-sur-ses-lauriers-car-la-concurrence-est-rude\/#breadcrumb\"},\"inLanguage\":\"fr-FR\",\"potentialAction\":[{\"@type\":\"ReadAction\",\"target\":[\"https:\/\/newsestlyonnais.fr\/site\/2023\/01\/26\/annouck-curzillat-il-ne-faut-pas-se-reposer-sur-ses-lauriers-car-la-concurrence-est-rude\/\"]}]},{\"@type\":\"ImageObject\",\"inLanguage\":\"fr-FR\",\"@id\":\"https:\/\/newsestlyonnais.fr\/site\/2023\/01\/26\/annouck-curzillat-il-ne-faut-pas-se-reposer-sur-ses-lauriers-car-la-concurrence-est-rude\/#primaryimage\",\"url\":\"https:\/\/newsestlyonnais.fr\/site\/wp-content\/uploads\/2023\/01\/PHOTO-2023-01-22-21-12-53.jpg\",\"contentUrl\":\"https:\/\/newsestlyonnais.fr\/site\/wp-content\/uploads\/2023\/01\/PHOTO-2023-01-22-21-12-53.jpg\",\"width\":1200,\"height\":800},{\"@type\":\"BreadcrumbList\",\"@id\":\"https:\/\/newsestlyonnais.fr\/site\/2023\/01\/26\/annouck-curzillat-il-ne-faut-pas-se-reposer-sur-ses-lauriers-car-la-concurrence-est-rude\/#breadcrumb\",\"itemListElement\":[{\"@type\":\"ListItem\",\"position\":1,\"name\":\"Accueil\",\"item\":\"https:\/\/newsestlyonnais.fr\/site\/\"},{\"@type\":\"ListItem\",\"position\":2,\"name\":\"Annouck Curzillat \u00bb il ne faut pas se reposer sur ses lauriers car la concurrence est rude \u00ab\"}]},{\"@type\":\"WebSite\",\"@id\":\"https:\/\/newsestlyonnais.fr\/site\/#website\",\"url\":\"https:\/\/newsestlyonnais.fr\/site\/\",\"name\":\"News Est Lyonnais\",\"description\":\"L&#039;actualit\u00e9 au plus pr\u00e8s\",\"publisher\":{\"@id\":\"https:\/\/newsestlyonnais.fr\/site\/#organization\"},\"potentialAction\":[{\"@type\":\"SearchAction\",\"target\":{\"@type\":\"EntryPoint\",\"urlTemplate\":\"https:\/\/newsestlyonnais.fr\/site\/?s={search_term_string}\"},\"query-input\":{\"@type\":\"PropertyValueSpecification\",\"valueRequired\":true,\"valueName\":\"search_term_string\"}}],\"inLanguage\":\"fr-FR\"},{\"@type\":\"Organization\",\"@id\":\"https:\/\/newsestlyonnais.fr\/site\/#organization\",\"name\":\"News EST LYONNAIS\",\"url\":\"https:\/\/newsestlyonnais.fr\/site\/\",\"logo\":{\"@type\":\"ImageObject\",\"inLanguage\":\"fr-FR\",\"@id\":\"https:\/\/newsestlyonnais.fr\/site\/#\/schema\/logo\/image\/\",\"url\":\"\",\"contentUrl\":\"\",\"caption\":\"News EST LYONNAIS\"},\"image\":{\"@id\":\"https:\/\/newsestlyonnais.fr\/site\/#\/schema\/logo\/image\/\"}},{\"@type\":\"Person\",\"@id\":\"https:\/\/newsestlyonnais.fr\/site\/#\/schema\/person\/3230d5615f390bb808365d673001e887\",\"name\":\"R\u00e9dac. NEWS\",\"sameAs\":[\"http:\/\/www.newsestlyonnais.fr\",\"https:\/\/www.facebook.com\/pascal.oberson.1?fref=ts\",\"https:\/\/fr.linkedin.com\/in\/pascal-oberson-b17045113\"],\"url\":\"https:\/\/newsestlyonnais.fr\/site\/author\/nel\/\"}]}<\/script>\n<!-- \/ Yoast SEO plugin. -->","yoast_head_json":{"title":"Annouck Curzillat \u00bb il ne faut pas se reposer sur ses lauriers car la concurrence est rude \u00ab - News Est Lyonnais","description":"Annouck Curzillat \u00bb il ne faut pas se reposer sur ses lauriers car la concurrence est rude \u00ab","robots":{"index":"index","follow":"follow","max-snippet":"max-snippet:-1","max-image-preview":"max-image-preview:large","max-video-preview":"max-video-preview:-1"},"canonical":"https:\/\/newsestlyonnais.fr\/site\/2023\/01\/26\/annouck-curzillat-il-ne-faut-pas-se-reposer-sur-ses-lauriers-car-la-concurrence-est-rude\/","og_locale":"fr_FR","og_type":"article","og_title":"Annouck Curzillat \u00bb il ne faut pas se reposer sur ses lauriers car la concurrence est rude \u00ab - News Est Lyonnais","og_description":"Annouck Curzillat \u00bb il ne faut pas se reposer sur ses lauriers car la concurrence est rude \u00ab","og_url":"https:\/\/newsestlyonnais.fr\/site\/2023\/01\/26\/annouck-curzillat-il-ne-faut-pas-se-reposer-sur-ses-lauriers-car-la-concurrence-est-rude\/","og_site_name":"News Est Lyonnais","article_author":"https:\/\/www.facebook.com\/pascal.oberson.1?fref=ts","article_published_time":"2023-01-26T10:42:33+00:00","article_modified_time":"2023-02-24T19:20:59+00:00","og_image":[{"width":1200,"height":800,"url":"https:\/\/newsestlyonnais.fr\/site\/wp-content\/uploads\/2023\/01\/PHOTO-2023-01-22-21-12-53.jpg","type":"image\/jpeg"}],"author":"R\u00e9dac. NEWS","twitter_card":"summary_large_image","twitter_misc":{"\u00c9crit par":"R\u00e9dac. NEWS","Dur\u00e9e de lecture estim\u00e9e":"3 minutes"},"schema":{"@context":"https:\/\/schema.org","@graph":[{"@type":"Article","@id":"https:\/\/newsestlyonnais.fr\/site\/2023\/01\/26\/annouck-curzillat-il-ne-faut-pas-se-reposer-sur-ses-lauriers-car-la-concurrence-est-rude\/#article","isPartOf":{"@id":"https:\/\/newsestlyonnais.fr\/site\/2023\/01\/26\/annouck-curzillat-il-ne-faut-pas-se-reposer-sur-ses-lauriers-car-la-concurrence-est-rude\/"},"author":{"name":"R\u00e9dac. NEWS","@id":"https:\/\/newsestlyonnais.fr\/site\/#\/schema\/person\/3230d5615f390bb808365d673001e887"},"headline":"Annouck Curzillat \u00bb il ne faut pas se reposer sur ses lauriers car la concurrence est rude \u00ab","datePublished":"2023-01-26T10:42:33+00:00","dateModified":"2023-02-24T19:20:59+00:00","mainEntityOfPage":{"@id":"https:\/\/newsestlyonnais.fr\/site\/2023\/01\/26\/annouck-curzillat-il-ne-faut-pas-se-reposer-sur-ses-lauriers-car-la-concurrence-est-rude\/"},"wordCount":611,"commentCount":0,"publisher":{"@id":"https:\/\/newsestlyonnais.fr\/site\/#organization"},"image":{"@id":"https:\/\/newsestlyonnais.fr\/site\/2023\/01\/26\/annouck-curzillat-il-ne-faut-pas-se-reposer-sur-ses-lauriers-car-la-concurrence-est-rude\/#primaryimage"},"thumbnailUrl":"https:\/\/newsestlyonnais.fr\/site\/wp-content\/uploads\/2023\/01\/PHOTO-2023-01-22-21-12-53.jpg","keywords":["Annouck Curzillat","BILAN","CRV Lyon triathlon","PARA-TRIATHLON"],"articleSection":["Bilan sportif","F\u00e9minin (Actu au)","Handi &amp; adapt\u00e9","Interview \u00e0 la une","Interviews","Lyon","Natation | Triathlon","Triathlon"],"inLanguage":"fr-FR","potentialAction":[{"@type":"CommentAction","name":"Comment","target":["https:\/\/newsestlyonnais.fr\/site\/2023\/01\/26\/annouck-curzillat-il-ne-faut-pas-se-reposer-sur-ses-lauriers-car-la-concurrence-est-rude\/#respond"]}]},{"@type":"WebPage","@id":"https:\/\/newsestlyonnais.fr\/site\/2023\/01\/26\/annouck-curzillat-il-ne-faut-pas-se-reposer-sur-ses-lauriers-car-la-concurrence-est-rude\/","url":"https:\/\/newsestlyonnais.fr\/site\/2023\/01\/26\/annouck-curzillat-il-ne-faut-pas-se-reposer-sur-ses-lauriers-car-la-concurrence-est-rude\/","name":"Annouck Curzillat \u00bb il ne faut pas se reposer sur ses lauriers car la concurrence est rude \u00ab - News Est Lyonnais","isPartOf":{"@id":"https:\/\/newsestlyonnais.fr\/site\/#website"},"primaryImageOfPage":{"@id":"https:\/\/newsestlyonnais.fr\/site\/2023\/01\/26\/annouck-curzillat-il-ne-faut-pas-se-reposer-sur-ses-lauriers-car-la-concurrence-est-rude\/#primaryimage"},"image":{"@id":"https:\/\/newsestlyonnais.fr\/site\/2023\/01\/26\/annouck-curzillat-il-ne-faut-pas-se-reposer-sur-ses-lauriers-car-la-concurrence-est-rude\/#primaryimage"},"thumbnailUrl":"https:\/\/newsestlyonnais.fr\/site\/wp-content\/uploads\/2023\/01\/PHOTO-2023-01-22-21-12-53.jpg","datePublished":"2023-01-26T10:42:33+00:00","dateModified":"2023-02-24T19:20:59+00:00","description":"Annouck Curzillat \u00bb il ne faut pas se reposer sur ses lauriers car la concurrence est rude \u00ab","breadcrumb":{"@id":"https:\/\/newsestlyonnais.fr\/site\/2023\/01\/26\/annouck-curzillat-il-ne-faut-pas-se-reposer-sur-ses-lauriers-car-la-concurrence-est-rude\/#breadcrumb"},"inLanguage":"fr-FR","potentialAction":[{"@type":"ReadAction","target":["https:\/\/newsestlyonnais.fr\/site\/2023\/01\/26\/annouck-curzillat-il-ne-faut-pas-se-reposer-sur-ses-lauriers-car-la-concurrence-est-rude\/"]}]},{"@type":"ImageObject","inLanguage":"fr-FR","@id":"https:\/\/newsestlyonnais.fr\/site\/2023\/01\/26\/annouck-curzillat-il-ne-faut-pas-se-reposer-sur-ses-lauriers-car-la-concurrence-est-rude\/#primaryimage","url":"https:\/\/newsestlyonnais.fr\/site\/wp-content\/uploads\/2023\/01\/PHOTO-2023-01-22-21-12-53.jpg","contentUrl":"https:\/\/newsestlyonnais.fr\/site\/wp-content\/uploads\/2023\/01\/PHOTO-2023-01-22-21-12-53.jpg","width":1200,"height":800},{"@type":"BreadcrumbList","@id":"https:\/\/newsestlyonnais.fr\/site\/2023\/01\/26\/annouck-curzillat-il-ne-faut-pas-se-reposer-sur-ses-lauriers-car-la-concurrence-est-rude\/#breadcrumb","itemListElement":[{"@type":"ListItem","position":1,"name":"Accueil","item":"https:\/\/newsestlyonnais.fr\/site\/"},{"@type":"ListItem","position":2,"name":"Annouck Curzillat \u00bb il ne faut pas se reposer sur ses lauriers car la concurrence est rude \u00ab"}]},{"@type":"WebSite","@id":"https:\/\/newsestlyonnais.fr\/site\/#website","url":"https:\/\/newsestlyonnais.fr\/site\/","name":"News Est Lyonnais","description":"L&#039;actualit\u00e9 au plus pr\u00e8s","publisher":{"@id":"https:\/\/newsestlyonnais.fr\/site\/#organization"},"potentialAction":[{"@type":"SearchAction","target":{"@type":"EntryPoint","urlTemplate":"https:\/\/newsestlyonnais.fr\/site\/?s={search_term_string}"},"query-input":{"@type":"PropertyValueSpecification","valueRequired":true,"valueName":"search_term_string"}}],"inLanguage":"fr-FR"},{"@type":"Organization","@id":"https:\/\/newsestlyonnais.fr\/site\/#organization","name":"News EST LYONNAIS","url":"https:\/\/newsestlyonnais.fr\/site\/","logo":{"@type":"ImageObject","inLanguage":"fr-FR","@id":"https:\/\/newsestlyonnais.fr\/site\/#\/schema\/logo\/image\/","url":"","contentUrl":"","caption":"News EST LYONNAIS"},"image":{"@id":"https:\/\/newsestlyonnais.fr\/site\/#\/schema\/logo\/image\/"}},{"@type":"Person","@id":"https:\/\/newsestlyonnais.fr\/site\/#\/schema\/person\/3230d5615f390bb808365d673001e887","name":"R\u00e9dac. NEWS","sameAs":["http:\/\/www.newsestlyonnais.fr","https:\/\/www.facebook.com\/pascal.oberson.1?fref=ts","https:\/\/fr.linkedin.com\/in\/pascal-oberson-b17045113"],"url":"https:\/\/newsestlyonnais.fr\/site\/author\/nel\/"}]}},"_links":{"self":[{"href":"https:\/\/newsestlyonnais.fr\/site\/wp-json\/wp\/v2\/posts\/175574","targetHints":{"allow":["GET"]}}],"collection":[{"href":"https:\/\/newsestlyonnais.fr\/site\/wp-json\/wp\/v2\/posts"}],"about":[{"href":"https:\/\/newsestlyonnais.fr\/site\/wp-json\/wp\/v2\/types\/post"}],"author":[{"embeddable":true,"href":"https:\/\/newsestlyonnais.fr\/site\/wp-json\/wp\/v2\/users\/4"}],"replies":[{"embeddable":true,"href":"https:\/\/newsestlyonnais.fr\/site\/wp-json\/wp\/v2\/comments?post=175574"}],"version-history":[{"count":0,"href":"https:\/\/newsestlyonnais.fr\/site\/wp-json\/wp\/v2\/posts\/175574\/revisions"}],"wp:featuredmedia":[{"embeddable":true,"href":"https:\/\/newsestlyonnais.fr\/site\/wp-json\/wp\/v2\/media\/175583"}],"wp:attachment":[{"href":"https:\/\/newsestlyonnais.fr\/site\/wp-json\/wp\/v2\/media?parent=175574"}],"wp:term":[{"taxonomy":"category","embeddable":true,"href":"https:\/\/newsestlyonnais.fr\/site\/wp-json\/wp\/v2\/categories?post=175574"},{"taxonomy":"post_tag","embeddable":true,"href":"https:\/\/newsestlyonnais.fr\/site\/wp-json\/wp\/v2\/tags?post=175574"}],"curies":[{"name":"wp","href":"https:\/\/api.w.org\/{rel}","templated":true}]}}