{"id":175614,"date":"2023-01-27T06:47:01","date_gmt":"2023-01-27T05:47:01","guid":{"rendered":"https:\/\/newsestlyonnais.fr\/site\/?p=175614"},"modified":"2023-02-27T06:46:53","modified_gmt":"2023-02-27T05:46:53","slug":"miribel-les-evenements-de-fevrier-2","status":"publish","type":"post","link":"https:\/\/newsestlyonnais.fr\/site\/2023\/01\/27\/miribel-les-evenements-de-fevrier-2\/","title":{"rendered":"MIRIBEL | Les \u00e9v\u00e8nements de f\u00e9vrier"},"content":{"rendered":"<p><span style=\"background-color: #000000; color: #ffffff; font-family: georgia, palatino, serif; font-size: 14pt;\"><strong>Du Jeudi 19 janvier au samedi 25 f\u00e9vrier<\/strong><\/span><\/p>\n<ul>\n<li><strong>Recensement<\/strong><\/li>\n<\/ul>\n<hr \/>\n<p><span style=\"background-color: #000000; color: #ffffff; font-size: 14pt;\"><strong>Dimanche 5 f\u00e9vrier<\/strong><\/span><\/p>\n<ul>\n<li><strong>14\u00b0 Rand&rsquo;o Givr\u00e9e<\/strong> (Grand-Parc de Miribel-Jonage).<\/li>\n<\/ul>\n<p><span style=\"background-color: #000000; color: #ffffff; font-size: 14pt; font-family: georgia, palatino, serif;\"><strong>Vendredi 11 f\u00e9vrier <\/strong><\/span><\/p>\n<ul>\n<li>de 7 h 30 \u00e0 13 h<strong> : Vente de boudin <\/strong>\/ Soci\u00e9t\u00e9 de chasse (ancien local des Pompiers aux Echets). <strong><br \/>\n<\/strong><\/li>\n<\/ul>\n<p><span style=\"font-size: 14pt; background-color: #000000; color: #ffffff;\"><strong>Dimanche 12 f\u00e9vrier<\/strong><\/span><\/p>\n<ul>\n<li><strong>Grande Farfouille<\/strong> \/ Association Cap Handicap (All\u00e9gro).<\/li>\n<\/ul>\n<p><strong><span style=\"background-color: #000000; color: #ffffff; font-family: georgia, palatino, serif; font-size: 14pt;\">Jeudi 16 f\u00e9vrier<\/span><br \/>\n<\/strong><\/p>\n<ul>\n<li>\u00e0 19 h : <strong>R\u00e9union Publique du Conseil Municipal<\/strong> (All\u00e9gro).<\/li>\n<\/ul>\n<p><span style=\"font-size: 14pt; background-color: #000000; color: #ffffff;\"><strong>Jeudi 23 f\u00e9vrier<\/strong><\/span><\/p>\n<ul>\n<li>de 14 h 30 \u00e0 19 h : <strong>Collecte de sang<\/strong> (All\u00e9gro).<\/li>\n<\/ul>\n<p><span style=\"background-color: #000000; color: #ffffff; font-size: 14pt;\"><strong>Vendredi 24 f\u00e9vrier <\/strong><\/span><\/p>\n<ul>\n<li>\u00e0 20 h 30 : <strong>Spectacle de danse Hip-Hop<\/strong> \u00ab Entre (deux)2.0 \u00bb (All\u00e9gro).<\/li>\n<\/ul>\n<p><span style=\"background-color: #000000; color: #ffffff;\"><strong><span style=\"font-size: 14pt; background-color: #000000;\">Samedi 25 f\u00e9vrier<\/span><\/strong><\/span><\/p>\n<ul>\n<li>\u00e0 20 h : <strong>Bal de la Marine<\/strong> \/ Anciens Marins (All\u00e9gro).<\/li>\n<\/ul>\n<hr \/>\n<div id='gallery-1' class='gallery galleryid-175614 gallery-columns-3 gallery-size-thumbnail'><figure class='gallery-item'>\n\t\t\t<div class='gallery-icon landscape'>\n\t\t\t\t<a href='https:\/\/newsestlyonnais.fr\/site\/2023\/01\/19\/tout-sur-le-recensement-2023-dans-lest-lyonnais\/320457544_480974690811023_7059324729676599232_n\/'><img loading=\"lazy\" decoding=\"async\" width=\"150\" height=\"79\" src=\"https:\/\/newsestlyonnais.fr\/site\/wp-content\/uploads\/2023\/01\/320457544_480974690811023_7059324729676599232_n-250x131.jpg\" class=\"attachment-thumbnail size-thumbnail\" alt=\"\" srcset=\"https:\/\/newsestlyonnais.fr\/site\/wp-content\/uploads\/2023\/01\/320457544_480974690811023_7059324729676599232_n-250x131.jpg 250w, https:\/\/newsestlyonnais.fr\/site\/wp-content\/uploads\/2023\/01\/320457544_480974690811023_7059324729676599232_n-400x210.jpg 400w, https:\/\/newsestlyonnais.fr\/site\/wp-content\/uploads\/2023\/01\/320457544_480974690811023_7059324729676599232_n-650x341.jpg 650w, https:\/\/newsestlyonnais.fr\/site\/wp-content\/uploads\/2023\/01\/320457544_480974690811023_7059324729676599232_n-768x403.jpg 768w, https:\/\/newsestlyonnais.fr\/site\/wp-content\/uploads\/2023\/01\/320457544_480974690811023_7059324729676599232_n-150x79.jpg 150w, https:\/\/newsestlyonnais.fr\/site\/wp-content\/uploads\/2023\/01\/320457544_480974690811023_7059324729676599232_n-50x26.jpg 50w, https:\/\/newsestlyonnais.fr\/site\/wp-content\/uploads\/2023\/01\/320457544_480974690811023_7059324729676599232_n-100x53.jpg 100w, https:\/\/newsestlyonnais.fr\/site\/wp-content\/uploads\/2023\/01\/320457544_480974690811023_7059324729676599232_n-200x105.jpg 200w, https:\/\/newsestlyonnais.fr\/site\/wp-content\/uploads\/2023\/01\/320457544_480974690811023_7059324729676599232_n-300x158.jpg 300w, https:\/\/newsestlyonnais.fr\/site\/wp-content\/uploads\/2023\/01\/320457544_480974690811023_7059324729676599232_n-350x184.jpg 350w, https:\/\/newsestlyonnais.fr\/site\/wp-content\/uploads\/2023\/01\/320457544_480974690811023_7059324729676599232_n-450x236.jpg 450w, https:\/\/newsestlyonnais.fr\/site\/wp-content\/uploads\/2023\/01\/320457544_480974690811023_7059324729676599232_n-500x263.jpg 500w, https:\/\/newsestlyonnais.fr\/site\/wp-content\/uploads\/2023\/01\/320457544_480974690811023_7059324729676599232_n-550x289.jpg 550w, https:\/\/newsestlyonnais.fr\/site\/wp-content\/uploads\/2023\/01\/320457544_480974690811023_7059324729676599232_n-800x420.jpg 800w, https:\/\/newsestlyonnais.fr\/site\/wp-content\/uploads\/2023\/01\/320457544_480974690811023_7059324729676599232_n.jpg 1200w\" sizes=\"auto, (max-width: 150px) 100vw, 150px\" \/><\/a>\n\t\t\t<\/div><\/figure><figure class='gallery-item'>\n\t\t\t<div class='gallery-icon portrait'>\n\t\t\t\t<a href='https:\/\/newsestlyonnais.fr\/site\/2023\/01\/27\/miribel-les-evenements-de-fevrier-2\/affiche-rando-givree-2023\/'><img loading=\"lazy\" decoding=\"async\" width=\"102\" height=\"150\" src=\"https:\/\/newsestlyonnais.fr\/site\/wp-content\/uploads\/2023\/01\/affiche-rando-givree-2023-250x367.jpg\" class=\"attachment-thumbnail size-thumbnail\" alt=\"\" srcset=\"https:\/\/newsestlyonnais.fr\/site\/wp-content\/uploads\/2023\/01\/affiche-rando-givree-2023-250x367.jpg 250w, https:\/\/newsestlyonnais.fr\/site\/wp-content\/uploads\/2023\/01\/affiche-rando-givree-2023-150x220.jpg 150w, https:\/\/newsestlyonnais.fr\/site\/wp-content\/uploads\/2023\/01\/affiche-rando-givree-2023-50x73.jpg 50w, https:\/\/newsestlyonnais.fr\/site\/wp-content\/uploads\/2023\/01\/affiche-rando-givree-2023-100x147.jpg 100w, https:\/\/newsestlyonnais.fr\/site\/wp-content\/uploads\/2023\/01\/affiche-rando-givree-2023-200x294.jpg 200w, https:\/\/newsestlyonnais.fr\/site\/wp-content\/uploads\/2023\/01\/affiche-rando-givree-2023-300x440.jpg 300w, https:\/\/newsestlyonnais.fr\/site\/wp-content\/uploads\/2023\/01\/affiche-rando-givree-2023-350x514.jpg 350w, https:\/\/newsestlyonnais.fr\/site\/wp-content\/uploads\/2023\/01\/affiche-rando-givree-2023.jpg 400w\" sizes=\"auto, (max-width: 102px) 100vw, 102px\" \/><\/a>\n\t\t\t<\/div><\/figure>\n\t\t<\/div>\n\n<p><strong>\u00a0<\/strong><span style=\"font-size: 14pt; font-family: georgia, palatino, serif; background-color: #000000; color: #ffcc00;\"><em><strong><span style=\"color: #ffffff;\">&gt;&gt; Retrouvez l\u2019ACTU de la commune sur :<\/span> <a style=\"background-color: #000000; color: #ffcc00;\" href=\"https:\/\/www.miribel.fr\">https:\/\/www.miribel.fr<\/a><\/strong><\/em><\/span><\/p>\n","protected":false},"excerpt":{"rendered":"<p>Plusieurs programmations locales pour ce deuxi\u00e8me mois de l&rsquo;ann\u00e9e 2023.<\/p>\n","protected":false},"author":4,"featured_media":167151,"comment_status":"open","ping_status":"open","sticky":false,"template":"","format":"standard","meta":{"footnotes":""},"categories":[156,4153],"tags":[1991,3197],"class_list":["post-175614","post","type-post","status-publish","format-standard","has-post-thumbnail","hentry","category-ain","category-ain-isere","tag-agenda","tag-miribel"],"yoast_head":"<!-- This site is optimized with the Yoast SEO plugin v27.2 - https:\/\/yoast.com\/product\/yoast-seo-wordpress\/ -->\n<title>MIRIBEL | Les \u00e9v\u00e8nements de f\u00e9vrier - News Est Lyonnais<\/title>\n<meta name=\"description\" content=\"MIRIBEL | Les \u00e9v\u00e8nements de f\u00e9vrier\" \/>\n<meta name=\"robots\" content=\"index, follow, max-snippet:-1, max-image-preview:large, max-video-preview:-1\" \/>\n<link rel=\"canonical\" href=\"https:\/\/newsestlyonnais.fr\/site\/2023\/01\/27\/miribel-les-evenements-de-fevrier-2\/\" \/>\n<meta property=\"og:locale\" content=\"fr_FR\" \/>\n<meta property=\"og:type\" content=\"article\" \/>\n<meta property=\"og:title\" content=\"MIRIBEL | Les \u00e9v\u00e8nements de f\u00e9vrier - News Est Lyonnais\" \/>\n<meta property=\"og:description\" content=\"MIRIBEL | Les \u00e9v\u00e8nements de f\u00e9vrier\" \/>\n<meta property=\"og:url\" content=\"https:\/\/newsestlyonnais.fr\/site\/2023\/01\/27\/miribel-les-evenements-de-fevrier-2\/\" \/>\n<meta property=\"og:site_name\" content=\"News Est Lyonnais\" \/>\n<meta property=\"article:author\" content=\"https:\/\/www.facebook.com\/pascal.oberson.1?fref=ts\" \/>\n<meta property=\"article:published_time\" content=\"2023-01-27T05:47:01+00:00\" \/>\n<meta property=\"article:modified_time\" content=\"2023-02-27T05:46:53+00:00\" \/>\n<meta property=\"og:image\" content=\"https:\/\/newsestlyonnais.fr\/site\/wp-content\/uploads\/2022\/10\/20220513_084141.jpg\" \/>\n\t<meta property=\"og:image:width\" content=\"1200\" \/>\n\t<meta property=\"og:image:height\" content=\"675\" \/>\n\t<meta property=\"og:image:type\" content=\"image\/jpeg\" \/>\n<meta name=\"author\" content=\"R\u00e9dac. NEWS\" \/>\n<meta name=\"twitter:card\" content=\"summary_large_image\" \/>\n<meta name=\"twitter:label1\" content=\"\u00c9crit par\" \/>\n\t<meta name=\"twitter:data1\" content=\"R\u00e9dac. NEWS\" \/>\n\t<meta name=\"twitter:label2\" content=\"Dur\u00e9e de lecture estim\u00e9e\" \/>\n\t<meta name=\"twitter:data2\" content=\"1 minute\" \/>\n<script type=\"application\/ld+json\" class=\"yoast-schema-graph\">{\"@context\":\"https:\/\/schema.org\",\"@graph\":[{\"@type\":\"Article\",\"@id\":\"https:\/\/newsestlyonnais.fr\/site\/2023\/01\/27\/miribel-les-evenements-de-fevrier-2\/#article\",\"isPartOf\":{\"@id\":\"https:\/\/newsestlyonnais.fr\/site\/2023\/01\/27\/miribel-les-evenements-de-fevrier-2\/\"},\"author\":{\"name\":\"R\u00e9dac. NEWS\",\"@id\":\"https:\/\/newsestlyonnais.fr\/site\/#\/schema\/person\/3230d5615f390bb808365d673001e887\"},\"headline\":\"MIRIBEL | Les \u00e9v\u00e8nements de f\u00e9vrier\",\"datePublished\":\"2023-01-27T05:47:01+00:00\",\"dateModified\":\"2023-02-27T05:46:53+00:00\",\"mainEntityOfPage\":{\"@id\":\"https:\/\/newsestlyonnais.fr\/site\/2023\/01\/27\/miribel-les-evenements-de-fevrier-2\/\"},\"wordCount\":118,\"commentCount\":0,\"publisher\":{\"@id\":\"https:\/\/newsestlyonnais.fr\/site\/#organization\"},\"image\":{\"@id\":\"https:\/\/newsestlyonnais.fr\/site\/2023\/01\/27\/miribel-les-evenements-de-fevrier-2\/#primaryimage\"},\"thumbnailUrl\":\"https:\/\/newsestlyonnais.fr\/site\/wp-content\/uploads\/2022\/10\/20220513_084141.jpg\",\"keywords\":[\"AGENDA\",\"MIRIBEL\"],\"articleSection\":[\"Ain (01)\",\"Ain | Is\u00e8re\"],\"inLanguage\":\"fr-FR\",\"potentialAction\":[{\"@type\":\"CommentAction\",\"name\":\"Comment\",\"target\":[\"https:\/\/newsestlyonnais.fr\/site\/2023\/01\/27\/miribel-les-evenements-de-fevrier-2\/#respond\"]}]},{\"@type\":\"WebPage\",\"@id\":\"https:\/\/newsestlyonnais.fr\/site\/2023\/01\/27\/miribel-les-evenements-de-fevrier-2\/\",\"url\":\"https:\/\/newsestlyonnais.fr\/site\/2023\/01\/27\/miribel-les-evenements-de-fevrier-2\/\",\"name\":\"MIRIBEL | Les \u00e9v\u00e8nements de f\u00e9vrier - News Est Lyonnais\",\"isPartOf\":{\"@id\":\"https:\/\/newsestlyonnais.fr\/site\/#website\"},\"primaryImageOfPage\":{\"@id\":\"https:\/\/newsestlyonnais.fr\/site\/2023\/01\/27\/miribel-les-evenements-de-fevrier-2\/#primaryimage\"},\"image\":{\"@id\":\"https:\/\/newsestlyonnais.fr\/site\/2023\/01\/27\/miribel-les-evenements-de-fevrier-2\/#primaryimage\"},\"thumbnailUrl\":\"https:\/\/newsestlyonnais.fr\/site\/wp-content\/uploads\/2022\/10\/20220513_084141.jpg\",\"datePublished\":\"2023-01-27T05:47:01+00:00\",\"dateModified\":\"2023-02-27T05:46:53+00:00\",\"description\":\"MIRIBEL | Les \u00e9v\u00e8nements de f\u00e9vrier\",\"breadcrumb\":{\"@id\":\"https:\/\/newsestlyonnais.fr\/site\/2023\/01\/27\/miribel-les-evenements-de-fevrier-2\/#breadcrumb\"},\"inLanguage\":\"fr-FR\",\"potentialAction\":[{\"@type\":\"ReadAction\",\"target\":[\"https:\/\/newsestlyonnais.fr\/site\/2023\/01\/27\/miribel-les-evenements-de-fevrier-2\/\"]}]},{\"@type\":\"ImageObject\",\"inLanguage\":\"fr-FR\",\"@id\":\"https:\/\/newsestlyonnais.fr\/site\/2023\/01\/27\/miribel-les-evenements-de-fevrier-2\/#primaryimage\",\"url\":\"https:\/\/newsestlyonnais.fr\/site\/wp-content\/uploads\/2022\/10\/20220513_084141.jpg\",\"contentUrl\":\"https:\/\/newsestlyonnais.fr\/site\/wp-content\/uploads\/2022\/10\/20220513_084141.jpg\",\"width\":1200,\"height\":675},{\"@type\":\"BreadcrumbList\",\"@id\":\"https:\/\/newsestlyonnais.fr\/site\/2023\/01\/27\/miribel-les-evenements-de-fevrier-2\/#breadcrumb\",\"itemListElement\":[{\"@type\":\"ListItem\",\"position\":1,\"name\":\"Accueil\",\"item\":\"https:\/\/newsestlyonnais.fr\/site\/\"},{\"@type\":\"ListItem\",\"position\":2,\"name\":\"MIRIBEL | Les \u00e9v\u00e8nements de f\u00e9vrier\"}]},{\"@type\":\"WebSite\",\"@id\":\"https:\/\/newsestlyonnais.fr\/site\/#website\",\"url\":\"https:\/\/newsestlyonnais.fr\/site\/\",\"name\":\"News Est Lyonnais\",\"description\":\"L&#039;actualit\u00e9 au plus pr\u00e8s\",\"publisher\":{\"@id\":\"https:\/\/newsestlyonnais.fr\/site\/#organization\"},\"potentialAction\":[{\"@type\":\"SearchAction\",\"target\":{\"@type\":\"EntryPoint\",\"urlTemplate\":\"https:\/\/newsestlyonnais.fr\/site\/?s={search_term_string}\"},\"query-input\":{\"@type\":\"PropertyValueSpecification\",\"valueRequired\":true,\"valueName\":\"search_term_string\"}}],\"inLanguage\":\"fr-FR\"},{\"@type\":\"Organization\",\"@id\":\"https:\/\/newsestlyonnais.fr\/site\/#organization\",\"name\":\"News EST LYONNAIS\",\"url\":\"https:\/\/newsestlyonnais.fr\/site\/\",\"logo\":{\"@type\":\"ImageObject\",\"inLanguage\":\"fr-FR\",\"@id\":\"https:\/\/newsestlyonnais.fr\/site\/#\/schema\/logo\/image\/\",\"url\":\"\",\"contentUrl\":\"\",\"caption\":\"News EST LYONNAIS\"},\"image\":{\"@id\":\"https:\/\/newsestlyonnais.fr\/site\/#\/schema\/logo\/image\/\"}},{\"@type\":\"Person\",\"@id\":\"https:\/\/newsestlyonnais.fr\/site\/#\/schema\/person\/3230d5615f390bb808365d673001e887\",\"name\":\"R\u00e9dac. NEWS\",\"sameAs\":[\"http:\/\/www.newsestlyonnais.fr\",\"https:\/\/www.facebook.com\/pascal.oberson.1?fref=ts\",\"https:\/\/fr.linkedin.com\/in\/pascal-oberson-b17045113\"],\"url\":\"https:\/\/newsestlyonnais.fr\/site\/author\/nel\/\"}]}<\/script>\n<!-- \/ Yoast SEO plugin. -->","yoast_head_json":{"title":"MIRIBEL | Les \u00e9v\u00e8nements de f\u00e9vrier - News Est Lyonnais","description":"MIRIBEL | Les \u00e9v\u00e8nements de f\u00e9vrier","robots":{"index":"index","follow":"follow","max-snippet":"max-snippet:-1","max-image-preview":"max-image-preview:large","max-video-preview":"max-video-preview:-1"},"canonical":"https:\/\/newsestlyonnais.fr\/site\/2023\/01\/27\/miribel-les-evenements-de-fevrier-2\/","og_locale":"fr_FR","og_type":"article","og_title":"MIRIBEL | Les \u00e9v\u00e8nements de f\u00e9vrier - News Est Lyonnais","og_description":"MIRIBEL | Les \u00e9v\u00e8nements de f\u00e9vrier","og_url":"https:\/\/newsestlyonnais.fr\/site\/2023\/01\/27\/miribel-les-evenements-de-fevrier-2\/","og_site_name":"News Est Lyonnais","article_author":"https:\/\/www.facebook.com\/pascal.oberson.1?fref=ts","article_published_time":"2023-01-27T05:47:01+00:00","article_modified_time":"2023-02-27T05:46:53+00:00","og_image":[{"width":1200,"height":675,"url":"https:\/\/newsestlyonnais.fr\/site\/wp-content\/uploads\/2022\/10\/20220513_084141.jpg","type":"image\/jpeg"}],"author":"R\u00e9dac. NEWS","twitter_card":"summary_large_image","twitter_misc":{"\u00c9crit par":"R\u00e9dac. NEWS","Dur\u00e9e de lecture estim\u00e9e":"1 minute"},"schema":{"@context":"https:\/\/schema.org","@graph":[{"@type":"Article","@id":"https:\/\/newsestlyonnais.fr\/site\/2023\/01\/27\/miribel-les-evenements-de-fevrier-2\/#article","isPartOf":{"@id":"https:\/\/newsestlyonnais.fr\/site\/2023\/01\/27\/miribel-les-evenements-de-fevrier-2\/"},"author":{"name":"R\u00e9dac. NEWS","@id":"https:\/\/newsestlyonnais.fr\/site\/#\/schema\/person\/3230d5615f390bb808365d673001e887"},"headline":"MIRIBEL | Les \u00e9v\u00e8nements de f\u00e9vrier","datePublished":"2023-01-27T05:47:01+00:00","dateModified":"2023-02-27T05:46:53+00:00","mainEntityOfPage":{"@id":"https:\/\/newsestlyonnais.fr\/site\/2023\/01\/27\/miribel-les-evenements-de-fevrier-2\/"},"wordCount":118,"commentCount":0,"publisher":{"@id":"https:\/\/newsestlyonnais.fr\/site\/#organization"},"image":{"@id":"https:\/\/newsestlyonnais.fr\/site\/2023\/01\/27\/miribel-les-evenements-de-fevrier-2\/#primaryimage"},"thumbnailUrl":"https:\/\/newsestlyonnais.fr\/site\/wp-content\/uploads\/2022\/10\/20220513_084141.jpg","keywords":["AGENDA","MIRIBEL"],"articleSection":["Ain (01)","Ain | Is\u00e8re"],"inLanguage":"fr-FR","potentialAction":[{"@type":"CommentAction","name":"Comment","target":["https:\/\/newsestlyonnais.fr\/site\/2023\/01\/27\/miribel-les-evenements-de-fevrier-2\/#respond"]}]},{"@type":"WebPage","@id":"https:\/\/newsestlyonnais.fr\/site\/2023\/01\/27\/miribel-les-evenements-de-fevrier-2\/","url":"https:\/\/newsestlyonnais.fr\/site\/2023\/01\/27\/miribel-les-evenements-de-fevrier-2\/","name":"MIRIBEL | Les \u00e9v\u00e8nements de f\u00e9vrier - News Est Lyonnais","isPartOf":{"@id":"https:\/\/newsestlyonnais.fr\/site\/#website"},"primaryImageOfPage":{"@id":"https:\/\/newsestlyonnais.fr\/site\/2023\/01\/27\/miribel-les-evenements-de-fevrier-2\/#primaryimage"},"image":{"@id":"https:\/\/newsestlyonnais.fr\/site\/2023\/01\/27\/miribel-les-evenements-de-fevrier-2\/#primaryimage"},"thumbnailUrl":"https:\/\/newsestlyonnais.fr\/site\/wp-content\/uploads\/2022\/10\/20220513_084141.jpg","datePublished":"2023-01-27T05:47:01+00:00","dateModified":"2023-02-27T05:46:53+00:00","description":"MIRIBEL | Les \u00e9v\u00e8nements de f\u00e9vrier","breadcrumb":{"@id":"https:\/\/newsestlyonnais.fr\/site\/2023\/01\/27\/miribel-les-evenements-de-fevrier-2\/#breadcrumb"},"inLanguage":"fr-FR","potentialAction":[{"@type":"ReadAction","target":["https:\/\/newsestlyonnais.fr\/site\/2023\/01\/27\/miribel-les-evenements-de-fevrier-2\/"]}]},{"@type":"ImageObject","inLanguage":"fr-FR","@id":"https:\/\/newsestlyonnais.fr\/site\/2023\/01\/27\/miribel-les-evenements-de-fevrier-2\/#primaryimage","url":"https:\/\/newsestlyonnais.fr\/site\/wp-content\/uploads\/2022\/10\/20220513_084141.jpg","contentUrl":"https:\/\/newsestlyonnais.fr\/site\/wp-content\/uploads\/2022\/10\/20220513_084141.jpg","width":1200,"height":675},{"@type":"BreadcrumbList","@id":"https:\/\/newsestlyonnais.fr\/site\/2023\/01\/27\/miribel-les-evenements-de-fevrier-2\/#breadcrumb","itemListElement":[{"@type":"ListItem","position":1,"name":"Accueil","item":"https:\/\/newsestlyonnais.fr\/site\/"},{"@type":"ListItem","position":2,"name":"MIRIBEL | Les \u00e9v\u00e8nements de f\u00e9vrier"}]},{"@type":"WebSite","@id":"https:\/\/newsestlyonnais.fr\/site\/#website","url":"https:\/\/newsestlyonnais.fr\/site\/","name":"News Est Lyonnais","description":"L&#039;actualit\u00e9 au plus pr\u00e8s","publisher":{"@id":"https:\/\/newsestlyonnais.fr\/site\/#organization"},"potentialAction":[{"@type":"SearchAction","target":{"@type":"EntryPoint","urlTemplate":"https:\/\/newsestlyonnais.fr\/site\/?s={search_term_string}"},"query-input":{"@type":"PropertyValueSpecification","valueRequired":true,"valueName":"search_term_string"}}],"inLanguage":"fr-FR"},{"@type":"Organization","@id":"https:\/\/newsestlyonnais.fr\/site\/#organization","name":"News EST LYONNAIS","url":"https:\/\/newsestlyonnais.fr\/site\/","logo":{"@type":"ImageObject","inLanguage":"fr-FR","@id":"https:\/\/newsestlyonnais.fr\/site\/#\/schema\/logo\/image\/","url":"","contentUrl":"","caption":"News EST LYONNAIS"},"image":{"@id":"https:\/\/newsestlyonnais.fr\/site\/#\/schema\/logo\/image\/"}},{"@type":"Person","@id":"https:\/\/newsestlyonnais.fr\/site\/#\/schema\/person\/3230d5615f390bb808365d673001e887","name":"R\u00e9dac. NEWS","sameAs":["http:\/\/www.newsestlyonnais.fr","https:\/\/www.facebook.com\/pascal.oberson.1?fref=ts","https:\/\/fr.linkedin.com\/in\/pascal-oberson-b17045113"],"url":"https:\/\/newsestlyonnais.fr\/site\/author\/nel\/"}]}},"_links":{"self":[{"href":"https:\/\/newsestlyonnais.fr\/site\/wp-json\/wp\/v2\/posts\/175614","targetHints":{"allow":["GET"]}}],"collection":[{"href":"https:\/\/newsestlyonnais.fr\/site\/wp-json\/wp\/v2\/posts"}],"about":[{"href":"https:\/\/newsestlyonnais.fr\/site\/wp-json\/wp\/v2\/types\/post"}],"author":[{"embeddable":true,"href":"https:\/\/newsestlyonnais.fr\/site\/wp-json\/wp\/v2\/users\/4"}],"replies":[{"embeddable":true,"href":"https:\/\/newsestlyonnais.fr\/site\/wp-json\/wp\/v2\/comments?post=175614"}],"version-history":[{"count":0,"href":"https:\/\/newsestlyonnais.fr\/site\/wp-json\/wp\/v2\/posts\/175614\/revisions"}],"wp:featuredmedia":[{"embeddable":true,"href":"https:\/\/newsestlyonnais.fr\/site\/wp-json\/wp\/v2\/media\/167151"}],"wp:attachment":[{"href":"https:\/\/newsestlyonnais.fr\/site\/wp-json\/wp\/v2\/media?parent=175614"}],"wp:term":[{"taxonomy":"category","embeddable":true,"href":"https:\/\/newsestlyonnais.fr\/site\/wp-json\/wp\/v2\/categories?post=175614"},{"taxonomy":"post_tag","embeddable":true,"href":"https:\/\/newsestlyonnais.fr\/site\/wp-json\/wp\/v2\/tags?post=175614"}],"curies":[{"name":"wp","href":"https:\/\/api.w.org\/{rel}","templated":true}]}}