{"id":175696,"date":"2023-02-01T14:02:48","date_gmt":"2023-02-01T13:02:48","guid":{"rendered":"https:\/\/newsestlyonnais.fr\/site\/?p=175696"},"modified":"2023-02-21T08:11:06","modified_gmt":"2023-02-21T07:11:06","slug":"genas-le-tennis-fauteuil-a-laffiche","status":"publish","type":"post","link":"https:\/\/newsestlyonnais.fr\/site\/2023\/02\/01\/genas-le-tennis-fauteuil-a-laffiche\/","title":{"rendered":"GENAS | Le tennis fauteuil \u00e0 l&rsquo;affiche"},"content":{"rendered":"<p><span style=\"font-family: georgia, palatino, serif;\">Avec des participants de niveau national dans le tennis fauteuil puisque seront entre autre pr\u00e9sents la 3\u00b0 joueuse fran\u00e7aise et au niveau masculin des num\u00e9ros 13, 23, 34 et 35 et d&rsquo;autres class\u00e9s comme les meilleurs de la ligue.<\/span><\/p>\n<hr \/>\n<p><img loading=\"lazy\" decoding=\"async\" class=\"alignleft size-medium wp-image-175947\" src=\"https:\/\/newsestlyonnais.fr\/site\/wp-content\/uploads\/2023\/02\/P1470864bis-400x641.jpg\" alt=\"\" width=\"187\" height=\"300\" srcset=\"https:\/\/newsestlyonnais.fr\/site\/wp-content\/uploads\/2023\/02\/P1470864bis-400x641.jpg 400w, https:\/\/newsestlyonnais.fr\/site\/wp-content\/uploads\/2023\/02\/P1470864bis-250x400.jpg 250w, https:\/\/newsestlyonnais.fr\/site\/wp-content\/uploads\/2023\/02\/P1470864bis-150x240.jpg 150w, https:\/\/newsestlyonnais.fr\/site\/wp-content\/uploads\/2023\/02\/P1470864bis-50x80.jpg 50w, https:\/\/newsestlyonnais.fr\/site\/wp-content\/uploads\/2023\/02\/P1470864bis-100x160.jpg 100w, https:\/\/newsestlyonnais.fr\/site\/wp-content\/uploads\/2023\/02\/P1470864bis-200x320.jpg 200w, https:\/\/newsestlyonnais.fr\/site\/wp-content\/uploads\/2023\/02\/P1470864bis-300x480.jpg 300w, https:\/\/newsestlyonnais.fr\/site\/wp-content\/uploads\/2023\/02\/P1470864bis-350x561.jpg 350w, https:\/\/newsestlyonnais.fr\/site\/wp-content\/uploads\/2023\/02\/P1470864bis-450x721.jpg 450w, https:\/\/newsestlyonnais.fr\/site\/wp-content\/uploads\/2023\/02\/P1470864bis-500x801.jpg 500w, https:\/\/newsestlyonnais.fr\/site\/wp-content\/uploads\/2023\/02\/P1470864bis-550x881.jpg 550w, https:\/\/newsestlyonnais.fr\/site\/wp-content\/uploads\/2023\/02\/P1470864bis.jpg 552w\" sizes=\"auto, (max-width: 187px) 100vw, 187px\" \/><span style=\"background-color: #000000; color: #ffffff; font-family: georgia, palatino, serif;\">Richard Bonnanfant, pr\u00e9sident du TC Genas, club qui accueille cette comp\u00e9tition r\u00e9gionale nous pr\u00e9sente cet \u00e9v\u00e8nement :<\/span><\/p>\n<p><span style=\"font-family: georgia, palatino, serif;\">\u00a0\u00bb La <span style=\"color: #0000ff;\"><a style=\"color: #0000ff;\" href=\"https:\/\/www.ligueauvergnerhonealpestennis.com\">Ligue Auvergne Rh\u00f4ne-Alpes de Tennis<\/a><\/span>, par l&rsquo;interm\u00e9diaire de Pierre Fusade (pr\u00e9sident de la commission paratennis), nous a demand\u00e9 si on pouvait accueillir une comp\u00e9tition de tennis fauteuil.\u00a0<\/span><\/p>\n<p><span style=\"font-family: georgia, palatino, serif;\">L&rsquo;id\u00e9e \u00e9tant de continuer la mise en place de cette discipline au sein du club, on est d\u00e9j\u00e0 dans une telle d\u00e9marche en disposant d&rsquo;\u00e9quipements municipaux, dont la structure est accessible et adapt\u00e9e aux personnes \u00e0 mobilit\u00e9 r\u00e9duite.<\/span><\/p>\n<p><span style=\"font-family: georgia, palatino, serif;\">On a accept\u00e9 et propos\u00e9 des dates suivant notre calendrier car pour organiser une telle comp\u00e9tition il faut mobiliser des b\u00e9n\u00e9voles sur les 2 jours de comp\u00e9tition. On est tr\u00e8s content de participer \u00e0 la mise en place de ce troph\u00e9e r\u00e9gional qui permettra d&rsquo;<strong>offrir une vitrine au tennis fauteuil dans l&rsquo;est lyonnais<\/strong>.<\/span><\/p>\n<p><span style=\"font-family: georgia, palatino, serif;\">L&rsquo;objectif \u00e9tant d&rsquo;accueillir des joueuses et joueurs porteurs d&rsquo;handicap dans notre club et ceux de la r\u00e9gion puis de se tourner ensuite vers l&rsquo;organisation de comp\u00e9titions \u00ab\u00a0.\u00a0<\/span><\/p>\n<hr \/>\n<p><span style=\"font-family: georgia, palatino, serif; background-color: #000000; color: #ffffff;\"><strong><u>Les t\u00eates d\u2019affiche :<\/u><\/strong><\/span><\/p>\n<p><span style=\"font-family: georgia, palatino, serif;\"><strong><span style=\"background-color: #000000; color: #ffffff;\">En f\u00e9minines <\/span>: <\/strong><\/span><\/p>\n<ul>\n<li><span style=\"font-family: georgia, palatino, serif;\"><strong>Sandrine Cauderon Paulin<\/strong> (num\u00e9ro 5 fran\u00e7aise)<\/span><\/li>\n<\/ul>\n<p><span style=\"font-family: georgia, palatino, serif; background-color: #000000; color: #ffffff;\"><strong>Du c\u00f4t\u00e9 masculin<\/strong> : <\/span><\/p>\n<ul>\n<li><span style=\"font-family: georgia, palatino, serif;\"><strong>Nicolas Pag\u00e8s<\/strong> (N\u00b0 13 fran\u00e7ais)<\/span><\/li>\n<li><span style=\"font-family: georgia, palatino, serif;\"><strong>Julien Lefevere<\/strong> (N\u00b0 23)<\/span><\/li>\n<li><span style=\"font-family: georgia, palatino, serif;\"><strong>Thierry Vallet<\/strong> (N\u00b0 34)<\/span><\/li>\n<li><span style=\"font-family: georgia, palatino, serif;\"><strong>Olivier Barselo<\/strong> (N\u00b0 35).<\/span><\/li>\n<\/ul>\n<p><strong><span style=\"background-color: #000000; color: #ffffff; font-size: 12pt; font-family: georgia, palatino, serif;\">Le programme du week-end :<\/span><\/strong><\/p>\n<p><strong>Samedi 4 f\u00e9vrier : <\/strong>Rencontres en matin\u00e9e : (9 h 30 &amp; 11 h) et l&rsquo;apr\u00e8s-midi (16 h &amp; 17 h 30)<\/p>\n<p><strong>Dimanche 5 f\u00e9vrier : <\/strong>Demi-finales le matin (\u00e0 10 h 30) et l&rsquo;apr\u00e8s-midi finale \u00e0 14 h 30<\/p>\n<p><span style=\"color: #ffcc00; background-color: #000000;\"><strong>&gt;&gt; Entr\u00e9e gratuite pour assister \u00e0 cette comp\u00e9tition \/ <\/strong><\/span><span style=\"background-color: #000000;\"><strong><a href=\"https:\/\/www.tcgenas.fr\"><span style=\"color: #0000ff;\">Tennis Club de Genas<\/span> <\/a><span style=\"color: #ffcc00;\">\/ <\/span><\/strong><span style=\"color: #ffcc00;\"><strong>20 rue du Repos<\/strong><\/span><\/span><span style=\"color: #ffcc00; background-color: #000000;\"><strong>\u00a0<\/strong><\/span><\/p>\n<hr \/>\n<hr \/>\n<p>&nbsp;<\/p>\n","protected":false},"excerpt":{"rendered":"<p>Le Tennis Club accueillera le week-end prochain une journ\u00e9e du troph\u00e9e r\u00e9gional.<\/p>\n","protected":false},"author":4,"featured_media":175697,"comment_status":"open","ping_status":"open","sticky":false,"template":"","format":"standard","meta":{"footnotes":""},"categories":[270,1598,3015,2992,2991],"tags":[2005,4595,2726,2049,4594],"class_list":["post-175696","post","type-post","status-publish","format-standard","has-post-thumbnail","hentry","category-cte-de-communes-c-c-e-l","category-genas","category-handi-adapte","category-tennis-padel","category-tennis-tennis-table-sports","tag-genas","tag-sandrine-cauderon-paulin","tag-tc-genas","tag-tennis","tag-tennis-fauteuil"],"yoast_head":"<!-- This site is optimized with the Yoast SEO plugin v27.2 - https:\/\/yoast.com\/product\/yoast-seo-wordpress\/ -->\n<title>GENAS | Le tennis fauteuil \u00e0 l&#039;affiche - News Est Lyonnais<\/title>\n<meta name=\"description\" content=\"GENAS | Le tennis fauteuil \u00e0 l&#039;affiche\" \/>\n<meta name=\"robots\" content=\"index, follow, max-snippet:-1, max-image-preview:large, max-video-preview:-1\" \/>\n<link rel=\"canonical\" href=\"https:\/\/newsestlyonnais.fr\/site\/2023\/02\/01\/genas-le-tennis-fauteuil-a-laffiche\/\" \/>\n<meta property=\"og:locale\" content=\"fr_FR\" \/>\n<meta property=\"og:type\" content=\"article\" \/>\n<meta property=\"og:title\" content=\"GENAS | Le tennis fauteuil \u00e0 l&#039;affiche - News Est Lyonnais\" \/>\n<meta property=\"og:description\" content=\"GENAS | Le tennis fauteuil \u00e0 l&#039;affiche\" \/>\n<meta property=\"og:url\" content=\"https:\/\/newsestlyonnais.fr\/site\/2023\/02\/01\/genas-le-tennis-fauteuil-a-laffiche\/\" \/>\n<meta property=\"og:site_name\" content=\"News Est Lyonnais\" \/>\n<meta property=\"article:author\" content=\"https:\/\/www.facebook.com\/pascal.oberson.1?fref=ts\" \/>\n<meta property=\"article:published_time\" content=\"2023-02-01T13:02:48+00:00\" \/>\n<meta property=\"article:modified_time\" content=\"2023-02-21T07:11:06+00:00\" \/>\n<meta property=\"og:image\" content=\"https:\/\/newsestlyonnais.fr\/site\/wp-content\/uploads\/2023\/01\/P1450335.jpg\" \/>\n\t<meta property=\"og:image:width\" content=\"1200\" \/>\n\t<meta property=\"og:image:height\" content=\"900\" \/>\n\t<meta property=\"og:image:type\" content=\"image\/jpeg\" \/>\n<meta name=\"author\" content=\"R\u00e9dac. NEWS\" \/>\n<meta name=\"twitter:card\" content=\"summary_large_image\" \/>\n<meta name=\"twitter:label1\" content=\"\u00c9crit par\" \/>\n\t<meta name=\"twitter:data1\" content=\"R\u00e9dac. NEWS\" \/>\n\t<meta name=\"twitter:label2\" content=\"Dur\u00e9e de lecture estim\u00e9e\" \/>\n\t<meta name=\"twitter:data2\" content=\"2 minutes\" \/>\n<script type=\"application\/ld+json\" class=\"yoast-schema-graph\">{\"@context\":\"https:\/\/schema.org\",\"@graph\":[{\"@type\":\"Article\",\"@id\":\"https:\/\/newsestlyonnais.fr\/site\/2023\/02\/01\/genas-le-tennis-fauteuil-a-laffiche\/#article\",\"isPartOf\":{\"@id\":\"https:\/\/newsestlyonnais.fr\/site\/2023\/02\/01\/genas-le-tennis-fauteuil-a-laffiche\/\"},\"author\":{\"name\":\"R\u00e9dac. NEWS\",\"@id\":\"https:\/\/newsestlyonnais.fr\/site\/#\/schema\/person\/3230d5615f390bb808365d673001e887\"},\"headline\":\"GENAS | Le tennis fauteuil \u00e0 l&rsquo;affiche\",\"datePublished\":\"2023-02-01T13:02:48+00:00\",\"dateModified\":\"2023-02-21T07:11:06+00:00\",\"mainEntityOfPage\":{\"@id\":\"https:\/\/newsestlyonnais.fr\/site\/2023\/02\/01\/genas-le-tennis-fauteuil-a-laffiche\/\"},\"wordCount\":321,\"commentCount\":0,\"publisher\":{\"@id\":\"https:\/\/newsestlyonnais.fr\/site\/#organization\"},\"image\":{\"@id\":\"https:\/\/newsestlyonnais.fr\/site\/2023\/02\/01\/genas-le-tennis-fauteuil-a-laffiche\/#primaryimage\"},\"thumbnailUrl\":\"https:\/\/newsestlyonnais.fr\/site\/wp-content\/uploads\/2023\/01\/P1450335.jpg\",\"keywords\":[\"GENAS\",\"Sandrine Cauderon Paulin\",\"TC GENAS\",\"TENNIS\",\"tennis fauteuil\"],\"articleSection\":[\"CCEL | Communes\",\"Genas\",\"Handi &amp; adapt\u00e9\",\"Tennis | Padel\",\"Tennis | Tennis de table\"],\"inLanguage\":\"fr-FR\",\"potentialAction\":[{\"@type\":\"CommentAction\",\"name\":\"Comment\",\"target\":[\"https:\/\/newsestlyonnais.fr\/site\/2023\/02\/01\/genas-le-tennis-fauteuil-a-laffiche\/#respond\"]}]},{\"@type\":\"WebPage\",\"@id\":\"https:\/\/newsestlyonnais.fr\/site\/2023\/02\/01\/genas-le-tennis-fauteuil-a-laffiche\/\",\"url\":\"https:\/\/newsestlyonnais.fr\/site\/2023\/02\/01\/genas-le-tennis-fauteuil-a-laffiche\/\",\"name\":\"GENAS | Le tennis fauteuil \u00e0 l'affiche - News Est Lyonnais\",\"isPartOf\":{\"@id\":\"https:\/\/newsestlyonnais.fr\/site\/#website\"},\"primaryImageOfPage\":{\"@id\":\"https:\/\/newsestlyonnais.fr\/site\/2023\/02\/01\/genas-le-tennis-fauteuil-a-laffiche\/#primaryimage\"},\"image\":{\"@id\":\"https:\/\/newsestlyonnais.fr\/site\/2023\/02\/01\/genas-le-tennis-fauteuil-a-laffiche\/#primaryimage\"},\"thumbnailUrl\":\"https:\/\/newsestlyonnais.fr\/site\/wp-content\/uploads\/2023\/01\/P1450335.jpg\",\"datePublished\":\"2023-02-01T13:02:48+00:00\",\"dateModified\":\"2023-02-21T07:11:06+00:00\",\"description\":\"GENAS | Le tennis fauteuil \u00e0 l'affiche\",\"breadcrumb\":{\"@id\":\"https:\/\/newsestlyonnais.fr\/site\/2023\/02\/01\/genas-le-tennis-fauteuil-a-laffiche\/#breadcrumb\"},\"inLanguage\":\"fr-FR\",\"potentialAction\":[{\"@type\":\"ReadAction\",\"target\":[\"https:\/\/newsestlyonnais.fr\/site\/2023\/02\/01\/genas-le-tennis-fauteuil-a-laffiche\/\"]}]},{\"@type\":\"ImageObject\",\"inLanguage\":\"fr-FR\",\"@id\":\"https:\/\/newsestlyonnais.fr\/site\/2023\/02\/01\/genas-le-tennis-fauteuil-a-laffiche\/#primaryimage\",\"url\":\"https:\/\/newsestlyonnais.fr\/site\/wp-content\/uploads\/2023\/01\/P1450335.jpg\",\"contentUrl\":\"https:\/\/newsestlyonnais.fr\/site\/wp-content\/uploads\/2023\/01\/P1450335.jpg\",\"width\":1200,\"height\":900},{\"@type\":\"BreadcrumbList\",\"@id\":\"https:\/\/newsestlyonnais.fr\/site\/2023\/02\/01\/genas-le-tennis-fauteuil-a-laffiche\/#breadcrumb\",\"itemListElement\":[{\"@type\":\"ListItem\",\"position\":1,\"name\":\"Accueil\",\"item\":\"https:\/\/newsestlyonnais.fr\/site\/\"},{\"@type\":\"ListItem\",\"position\":2,\"name\":\"GENAS | Le tennis fauteuil \u00e0 l&rsquo;affiche\"}]},{\"@type\":\"WebSite\",\"@id\":\"https:\/\/newsestlyonnais.fr\/site\/#website\",\"url\":\"https:\/\/newsestlyonnais.fr\/site\/\",\"name\":\"News Est Lyonnais\",\"description\":\"L&#039;actualit\u00e9 au plus pr\u00e8s\",\"publisher\":{\"@id\":\"https:\/\/newsestlyonnais.fr\/site\/#organization\"},\"potentialAction\":[{\"@type\":\"SearchAction\",\"target\":{\"@type\":\"EntryPoint\",\"urlTemplate\":\"https:\/\/newsestlyonnais.fr\/site\/?s={search_term_string}\"},\"query-input\":{\"@type\":\"PropertyValueSpecification\",\"valueRequired\":true,\"valueName\":\"search_term_string\"}}],\"inLanguage\":\"fr-FR\"},{\"@type\":\"Organization\",\"@id\":\"https:\/\/newsestlyonnais.fr\/site\/#organization\",\"name\":\"News EST LYONNAIS\",\"url\":\"https:\/\/newsestlyonnais.fr\/site\/\",\"logo\":{\"@type\":\"ImageObject\",\"inLanguage\":\"fr-FR\",\"@id\":\"https:\/\/newsestlyonnais.fr\/site\/#\/schema\/logo\/image\/\",\"url\":\"\",\"contentUrl\":\"\",\"caption\":\"News EST LYONNAIS\"},\"image\":{\"@id\":\"https:\/\/newsestlyonnais.fr\/site\/#\/schema\/logo\/image\/\"}},{\"@type\":\"Person\",\"@id\":\"https:\/\/newsestlyonnais.fr\/site\/#\/schema\/person\/3230d5615f390bb808365d673001e887\",\"name\":\"R\u00e9dac. NEWS\",\"sameAs\":[\"http:\/\/www.newsestlyonnais.fr\",\"https:\/\/www.facebook.com\/pascal.oberson.1?fref=ts\",\"https:\/\/fr.linkedin.com\/in\/pascal-oberson-b17045113\"],\"url\":\"https:\/\/newsestlyonnais.fr\/site\/author\/nel\/\"}]}<\/script>\n<!-- \/ Yoast SEO plugin. -->","yoast_head_json":{"title":"GENAS | Le tennis fauteuil \u00e0 l'affiche - News Est Lyonnais","description":"GENAS | Le tennis fauteuil \u00e0 l'affiche","robots":{"index":"index","follow":"follow","max-snippet":"max-snippet:-1","max-image-preview":"max-image-preview:large","max-video-preview":"max-video-preview:-1"},"canonical":"https:\/\/newsestlyonnais.fr\/site\/2023\/02\/01\/genas-le-tennis-fauteuil-a-laffiche\/","og_locale":"fr_FR","og_type":"article","og_title":"GENAS | Le tennis fauteuil \u00e0 l'affiche - News Est Lyonnais","og_description":"GENAS | Le tennis fauteuil \u00e0 l'affiche","og_url":"https:\/\/newsestlyonnais.fr\/site\/2023\/02\/01\/genas-le-tennis-fauteuil-a-laffiche\/","og_site_name":"News Est Lyonnais","article_author":"https:\/\/www.facebook.com\/pascal.oberson.1?fref=ts","article_published_time":"2023-02-01T13:02:48+00:00","article_modified_time":"2023-02-21T07:11:06+00:00","og_image":[{"width":1200,"height":900,"url":"https:\/\/newsestlyonnais.fr\/site\/wp-content\/uploads\/2023\/01\/P1450335.jpg","type":"image\/jpeg"}],"author":"R\u00e9dac. NEWS","twitter_card":"summary_large_image","twitter_misc":{"\u00c9crit par":"R\u00e9dac. NEWS","Dur\u00e9e de lecture estim\u00e9e":"2 minutes"},"schema":{"@context":"https:\/\/schema.org","@graph":[{"@type":"Article","@id":"https:\/\/newsestlyonnais.fr\/site\/2023\/02\/01\/genas-le-tennis-fauteuil-a-laffiche\/#article","isPartOf":{"@id":"https:\/\/newsestlyonnais.fr\/site\/2023\/02\/01\/genas-le-tennis-fauteuil-a-laffiche\/"},"author":{"name":"R\u00e9dac. NEWS","@id":"https:\/\/newsestlyonnais.fr\/site\/#\/schema\/person\/3230d5615f390bb808365d673001e887"},"headline":"GENAS | Le tennis fauteuil \u00e0 l&rsquo;affiche","datePublished":"2023-02-01T13:02:48+00:00","dateModified":"2023-02-21T07:11:06+00:00","mainEntityOfPage":{"@id":"https:\/\/newsestlyonnais.fr\/site\/2023\/02\/01\/genas-le-tennis-fauteuil-a-laffiche\/"},"wordCount":321,"commentCount":0,"publisher":{"@id":"https:\/\/newsestlyonnais.fr\/site\/#organization"},"image":{"@id":"https:\/\/newsestlyonnais.fr\/site\/2023\/02\/01\/genas-le-tennis-fauteuil-a-laffiche\/#primaryimage"},"thumbnailUrl":"https:\/\/newsestlyonnais.fr\/site\/wp-content\/uploads\/2023\/01\/P1450335.jpg","keywords":["GENAS","Sandrine Cauderon Paulin","TC GENAS","TENNIS","tennis fauteuil"],"articleSection":["CCEL | Communes","Genas","Handi &amp; adapt\u00e9","Tennis | Padel","Tennis | Tennis de table"],"inLanguage":"fr-FR","potentialAction":[{"@type":"CommentAction","name":"Comment","target":["https:\/\/newsestlyonnais.fr\/site\/2023\/02\/01\/genas-le-tennis-fauteuil-a-laffiche\/#respond"]}]},{"@type":"WebPage","@id":"https:\/\/newsestlyonnais.fr\/site\/2023\/02\/01\/genas-le-tennis-fauteuil-a-laffiche\/","url":"https:\/\/newsestlyonnais.fr\/site\/2023\/02\/01\/genas-le-tennis-fauteuil-a-laffiche\/","name":"GENAS | Le tennis fauteuil \u00e0 l'affiche - News Est Lyonnais","isPartOf":{"@id":"https:\/\/newsestlyonnais.fr\/site\/#website"},"primaryImageOfPage":{"@id":"https:\/\/newsestlyonnais.fr\/site\/2023\/02\/01\/genas-le-tennis-fauteuil-a-laffiche\/#primaryimage"},"image":{"@id":"https:\/\/newsestlyonnais.fr\/site\/2023\/02\/01\/genas-le-tennis-fauteuil-a-laffiche\/#primaryimage"},"thumbnailUrl":"https:\/\/newsestlyonnais.fr\/site\/wp-content\/uploads\/2023\/01\/P1450335.jpg","datePublished":"2023-02-01T13:02:48+00:00","dateModified":"2023-02-21T07:11:06+00:00","description":"GENAS | Le tennis fauteuil \u00e0 l'affiche","breadcrumb":{"@id":"https:\/\/newsestlyonnais.fr\/site\/2023\/02\/01\/genas-le-tennis-fauteuil-a-laffiche\/#breadcrumb"},"inLanguage":"fr-FR","potentialAction":[{"@type":"ReadAction","target":["https:\/\/newsestlyonnais.fr\/site\/2023\/02\/01\/genas-le-tennis-fauteuil-a-laffiche\/"]}]},{"@type":"ImageObject","inLanguage":"fr-FR","@id":"https:\/\/newsestlyonnais.fr\/site\/2023\/02\/01\/genas-le-tennis-fauteuil-a-laffiche\/#primaryimage","url":"https:\/\/newsestlyonnais.fr\/site\/wp-content\/uploads\/2023\/01\/P1450335.jpg","contentUrl":"https:\/\/newsestlyonnais.fr\/site\/wp-content\/uploads\/2023\/01\/P1450335.jpg","width":1200,"height":900},{"@type":"BreadcrumbList","@id":"https:\/\/newsestlyonnais.fr\/site\/2023\/02\/01\/genas-le-tennis-fauteuil-a-laffiche\/#breadcrumb","itemListElement":[{"@type":"ListItem","position":1,"name":"Accueil","item":"https:\/\/newsestlyonnais.fr\/site\/"},{"@type":"ListItem","position":2,"name":"GENAS | Le tennis fauteuil \u00e0 l&rsquo;affiche"}]},{"@type":"WebSite","@id":"https:\/\/newsestlyonnais.fr\/site\/#website","url":"https:\/\/newsestlyonnais.fr\/site\/","name":"News Est Lyonnais","description":"L&#039;actualit\u00e9 au plus pr\u00e8s","publisher":{"@id":"https:\/\/newsestlyonnais.fr\/site\/#organization"},"potentialAction":[{"@type":"SearchAction","target":{"@type":"EntryPoint","urlTemplate":"https:\/\/newsestlyonnais.fr\/site\/?s={search_term_string}"},"query-input":{"@type":"PropertyValueSpecification","valueRequired":true,"valueName":"search_term_string"}}],"inLanguage":"fr-FR"},{"@type":"Organization","@id":"https:\/\/newsestlyonnais.fr\/site\/#organization","name":"News EST LYONNAIS","url":"https:\/\/newsestlyonnais.fr\/site\/","logo":{"@type":"ImageObject","inLanguage":"fr-FR","@id":"https:\/\/newsestlyonnais.fr\/site\/#\/schema\/logo\/image\/","url":"","contentUrl":"","caption":"News EST LYONNAIS"},"image":{"@id":"https:\/\/newsestlyonnais.fr\/site\/#\/schema\/logo\/image\/"}},{"@type":"Person","@id":"https:\/\/newsestlyonnais.fr\/site\/#\/schema\/person\/3230d5615f390bb808365d673001e887","name":"R\u00e9dac. NEWS","sameAs":["http:\/\/www.newsestlyonnais.fr","https:\/\/www.facebook.com\/pascal.oberson.1?fref=ts","https:\/\/fr.linkedin.com\/in\/pascal-oberson-b17045113"],"url":"https:\/\/newsestlyonnais.fr\/site\/author\/nel\/"}]}},"_links":{"self":[{"href":"https:\/\/newsestlyonnais.fr\/site\/wp-json\/wp\/v2\/posts\/175696","targetHints":{"allow":["GET"]}}],"collection":[{"href":"https:\/\/newsestlyonnais.fr\/site\/wp-json\/wp\/v2\/posts"}],"about":[{"href":"https:\/\/newsestlyonnais.fr\/site\/wp-json\/wp\/v2\/types\/post"}],"author":[{"embeddable":true,"href":"https:\/\/newsestlyonnais.fr\/site\/wp-json\/wp\/v2\/users\/4"}],"replies":[{"embeddable":true,"href":"https:\/\/newsestlyonnais.fr\/site\/wp-json\/wp\/v2\/comments?post=175696"}],"version-history":[{"count":0,"href":"https:\/\/newsestlyonnais.fr\/site\/wp-json\/wp\/v2\/posts\/175696\/revisions"}],"wp:featuredmedia":[{"embeddable":true,"href":"https:\/\/newsestlyonnais.fr\/site\/wp-json\/wp\/v2\/media\/175697"}],"wp:attachment":[{"href":"https:\/\/newsestlyonnais.fr\/site\/wp-json\/wp\/v2\/media?parent=175696"}],"wp:term":[{"taxonomy":"category","embeddable":true,"href":"https:\/\/newsestlyonnais.fr\/site\/wp-json\/wp\/v2\/categories?post=175696"},{"taxonomy":"post_tag","embeddable":true,"href":"https:\/\/newsestlyonnais.fr\/site\/wp-json\/wp\/v2\/tags?post=175696"}],"curies":[{"name":"wp","href":"https:\/\/api.w.org\/{rel}","templated":true}]}}