{"id":176070,"date":"2023-02-03T06:39:38","date_gmt":"2023-02-03T05:39:38","guid":{"rendered":"https:\/\/newsestlyonnais.fr\/site\/?p=176070"},"modified":"2023-03-16T18:04:22","modified_gmt":"2023-03-16T17:04:22","slug":"jerome-dodane-je-netais-pas-predestine-a-minvestir-autant-dans-le-tennis","status":"publish","type":"post","link":"https:\/\/newsestlyonnais.fr\/site\/2023\/02\/03\/jerome-dodane-je-netais-pas-predestine-a-minvestir-autant-dans-le-tennis\/","title":{"rendered":"J\u00e9r\u00f4me Dodane \u00ab Je n&rsquo;\u00e9tais pas pr\u00e9destin\u00e9 \u00e0 m&rsquo;investir autant dans le tennis \u00bb"},"content":{"rendered":"<p><strong><span style=\"font-family: georgia, palatino, serif; font-size: 14pt; background-color: #000000; color: #ffffff;\">Pr\u00e9sentation sommaire et parcours sportif\u00a0 ?<\/span><\/strong><\/p>\n<p><span style=\"font-family: georgia, palatino, serif;\">\u00bb 45 ans, je vis depuis 2010 \u00e0 Pusignan, mari\u00e9 et p\u00e8re de deux gar\u00e7ons (15 et 18 ans).<\/span><\/p>\n<p><span style=\"font-family: georgia, palatino, serif;\"><strong>Comp\u00e9titeur depuis plus de 30 ans, <\/strong>\u00e0 un niveau modeste<strong> (15\/1 maximum)<\/strong> <strong>ma passion pour ce sport m&rsquo;a amen\u00e9 \u00e0 intervenir dans beaucoup de domaines.<\/strong><\/span><\/p>\n<p><strong><span style=\"font-family: georgia, palatino, serif;\">Initiateur\/\u00e9ducateur de club, arbitre, juge arbitre, membre de bureau, secr\u00e9taire puis pr\u00e9sident de club, et d\u00e9sormais \u00e9lu au comit\u00e9 du Rh\u00f4ne et au service de la ligue ARA \u00ab\u00a0.<\/span><\/strong><\/p>\n<hr \/>\n<p><span style=\"font-family: georgia, palatino, serif; background-color: #000000; color: #ffffff; font-size: 14pt;\"><strong>Comment as tu d\u00e9marr\u00e9 le tennis, clubs, niveau et palmar\u00e8s ?<\/strong><\/span><\/p>\n<p><span style=\"font-family: georgia, palatino, serif;\">\u00bb <strong>D\u00e9buts \u00e0 l&rsquo;\u00e2ge de 7 ans<\/strong> dans le club qui venait d&rsquo;\u00eatre cr\u00e9\u00e9 dans le village o\u00f9 j&rsquo;ai grandi, \u00e0 Gennes dans le Doubs.<\/span><\/p>\n<p><span style=\"font-family: georgia, palatino, serif;\">Puis j&rsquo;ai jou\u00e9 pendant une quinzaine d&rsquo;ann\u00e9es dans mon club de coeur \u00e0 Nancray, toujours dans le Doubs. <\/span><span style=\"font-family: georgia, palatino, serif;\">Au TLN, je me suis perfectionn\u00e9 en d\u00e9marrant la comp\u00e9tition \u00e0 13 ans et <strong>j&rsquo;ai fait mes premiers pas en tant que b\u00e9n\u00e9vole.<\/strong><\/span><\/p>\n<p><span style=\"font-family: georgia, palatino, serif;\">Arriv\u00e9 dans le Rh\u00f4ne pour le travail, <strong>j&rsquo;ai continu\u00e9 \u00e0 jouer pour le club de Chassieu, puis Pusignan et dor\u00e9navant Genas.<\/strong><\/span><\/p>\n<p><span style=\"font-family: georgia, palatino, serif;\">J&rsquo;ai obtenu mon premier classement 15\/1 en 2001 et je r\u00e9ussis tant bien que mal \u00e0 le garder au fil des ann\u00e9es, mais <strong>mon graal reste toutefois l&rsquo;accession \u00e0 la seconde s\u00e9rie.<\/strong><\/span><\/p>\n<p><span style=\"font-family: georgia, palatino, serif;\">C\u00f4t\u00e9 palmar\u00e8s, je ne saurais dire exactement, <strong>je garde en m\u00e9moire quelques victoires et places de finaliste qui m&rsquo;ont rendu fier<\/strong>, que ce soit en comp\u00e9tition individuelle ou par \u00e9quipe \u00ab\u00a0.<\/span><\/p>\n<p><strong><span style=\"font-family: georgia, palatino, serif; font-size: 14pt; background-color: #000000; color: #ffffff;\">Tes points forts et pr\u00e9f\u00e9rences (en simple ou en double ?)<\/span><\/strong><\/p>\n<p><span style=\"font-family: georgia, palatino, serif;\">\u00a0\u00bb <strong>Je poss\u00e8de un jeu complet, sans coup fort mais sans r\u00e9elle faiblesse non plus<\/strong>.<\/span><\/p>\n<p><span style=\"font-family: georgia, palatino, serif;\">M\u00eame si je n&rsquo;ai pas les armes d&rsquo;un pur attaquant volleyeur, <strong>j&rsquo;adore jouer en double<\/strong> \u00ab\u00a0.<\/span><\/p>\n<hr \/>\n<p><span style=\"font-family: georgia, palatino, serif; font-size: 14pt; color: #ffffff; background-color: #000000;\"><strong>Le tennis est une histoire de famille, tes fils y jouent ?<\/strong><\/span><\/p>\n<p><span style=\"font-family: georgia, palatino, serif;\">\u00a0\u00bb <strong>Je n&rsquo;\u00e9tais pas pr\u00e9destin\u00e9 \u00e0 m&rsquo;investir autant dans le tennis<\/strong>, mes parents n&rsquo;\u00e9taient pas sportifs et nous avons d\u00e9couvert ce sport ensemble.<\/span><\/p>\n<p><span style=\"font-family: georgia, palatino, serif;\">Mais \u00e9videmment qu&rsquo;<strong>avec une telle passion, j&rsquo;ai convaincu femme et enfants de plonger dans cet univers<\/strong> : <\/span><span style=\"font-family: georgia, palatino, serif;\">madame a atteint la 3\u00b0 s\u00e9rie, quant aux enfants, ils ont tout deux jou\u00e9 en seconde s\u00e9rie \u00e0 un \u00e2ge ou je d\u00e9couvrais mon premier classement ! \u00a0\u00bb<br \/>\n<\/span><\/p>\n<p><span style=\"font-size: 14pt; background-color: #000000; color: #ffffff;\"><strong><span style=\"font-family: georgia, palatino, serif;\">Tes idoles dans ce sport et pourquoi ?<\/span><\/strong><\/span><\/p>\n<p><span style=\"font-family: georgia, palatino, serif;\">\u00a0\u00bb <strong>Andr\u00e9 Agassi<\/strong> pendant mon adolescence pour le c\u00f4t\u00e9 showman.<\/span><\/p>\n<p><span style=\"font-family: georgia, palatino, serif;\">Et puis <strong>\u00ab\u00a0Rodgeur\u00a0\u00bb Federer<\/strong> a pris le relais avec son style de jeu complet et tout en \u00e9l\u00e9gance \u00ab\u00a0.<\/span><\/p>\n<hr \/>\n<p><span style=\"font-family: georgia, palatino, serif; background-color: #000000; color: #ffffff; font-size: 14pt;\"><strong>Tu es aussi juge-arbitre depuis quand et pourquoi ?<\/strong><\/span><\/p>\n<p><span style=\"font-family: georgia, palatino, serif;\">\u00a0\u00bb Au d\u00e9part, <strong>j&rsquo;ai d\u00e9couvert cette fonction \u00e0 travers des personnes passionn\u00e9es<\/strong> au sein de mon club.<\/span><\/p>\n<p><span style=\"font-family: georgia, palatino, serif;\"><strong>J&rsquo;ai obtenu mon premier dipl\u00f4me de JA \u00e0 20 ans<\/strong> : tout d&rsquo;abord juge-arbitre de comp\u00e9titions par \u00e9quipe (JAE) puis tr\u00e8s vite juge-arbitre de tournois (JAT) afin d&rsquo;aider le club dans l&rsquo;organisation des tournois \u00ab\u00a0.<\/span><\/p>\n<hr \/>\n<p><span style=\"background-color: #000000; color: #ffffff; font-size: 14pt; font-family: georgia, palatino, serif;\"><strong>D\u00e9finition de la fonction et qu\u2019est ce qui te plait le + ?<\/strong><\/span><\/p>\n<p><span style=\"font-family: georgia, palatino, serif;\">\u00a0\u00bb Le juge-arbitre est responsable de l&rsquo;organisation sportive, de la surveillance et de l\u2019enregistrement des r\u00e9sultats de comp\u00e9titions individuelles ou par \u00e9quipe.\u00a0\u00bb<\/span><\/p>\n<p><span style=\"font-family: georgia, palatino, serif;\">Ce qui<strong> m&rsquo;a tout de suite plu, particuli\u00e8rement dans l&rsquo;activit\u00e9 de JAT, est le c\u00f4t\u00e9 technique<\/strong> : r\u00e9aliser les tableaux des \u00e9preuves, effectuer la programmation des matchs. <\/span><span style=\"font-family: georgia, palatino, serif;\">Aujourd&rsquo;hui c&rsquo;est diff\u00e9rent car les outils informatis\u00e9s sont arriv\u00e9s pour simplifier ces t\u00e2ches.<\/span><\/p>\n<p><span style=\"font-family: georgia, palatino, serif;\"><strong>Le plus gros du travail maintenant est de g\u00e9rer les contraintes des joueurs, toujours plus nombreuses d&rsquo;ann\u00e9e en ann\u00e9e<\/strong>. <\/span><span style=\"font-family: georgia, palatino, serif;\">De mon point de vue, on a perdu de vue l&rsquo;engagement dont il faut faire preuve quand on d\u00e9cide de s&rsquo;inscrire dans en tournoi.<\/span><\/p>\n<p><span style=\"font-family: georgia, palatino, serif;\">Les r\u00e8glements sportifs FFT poss\u00e8dent des alin\u00e9as sur le sujet mais ce n&rsquo;est plus respect\u00e9. <\/span><span style=\"font-family: georgia, palatino, serif;\">Il y a 25 ans, les joueurs \u00e9taient au service du tournoi, maintenant c&rsquo;est le tournoi qui est au service des joueurs \u00ab\u00a0. <\/span><\/p>\n<p><span style=\"font-family: georgia, palatino, serif; background-color: #000000; color: #ffffff; font-size: 14pt;\"><strong>Formation et \u00e0 quel niveau peux tu exercer ?<\/strong><\/span><\/p>\n<p><span style=\"font-family: georgia, palatino, serif;\">\u00a0\u00bb\u00a0 La formation d&rsquo;un JAE est tr\u00e8s courte : 2 h + un examen (par \u00e9chelon), celle <\/span><span style=\"font-family: georgia, palatino, serif;\">d&rsquo;un JAT n\u00e9cessite plus d&rsquo;investissement : 15 h + travail \u00e0 la maison + un examen (par \u00e9chelon).<\/span><\/p>\n<p><span style=\"font-family: georgia, palatino, serif;\"><strong>Personnellement, je suis actuellement JAT2 et JAE2<\/strong> : je dirige g\u00e9n\u00e9ralement chaque ann\u00e9e 4-5 rencontres par \u00e9quipes et une petite dizaine de tournois qui peuvent comporter de 8 \u00e0 plus de 300 joueurs.<\/span><\/p>\n<p><span style=\"font-family: georgia, palatino, serif;\">En tant que JAE2, je peux diriger dans ma ligue toute rencontre par \u00e9quipes de niveau r\u00e9gional ou national, sauf en PRO A et PRO B.<\/span><\/p>\n<p><span style=\"font-family: georgia, palatino, serif;\"><strong>En tant que que JAT2, je peux organiser dans ma ligue toute comp\u00e9tition individuelle homologu\u00e9e par la FFT<\/strong> \u00ab\u00a0. <\/span><\/p>\n<hr \/>\n<p><span style=\"font-family: georgia, palatino, serif; font-size: 14pt; background-color: #000000; color: #ffffff;\"><strong>Ambitions et anecdotes \u00e9ventuelles ?<br \/>\n<\/strong><\/span><\/p>\n<p><span style=\"font-family: georgia, palatino, serif;\">\u00a0\u00bb Ce n&rsquo;est pas pour tout de suite mais \u00e0 terme, <strong>j&rsquo;aimerais \u00e9voluer vers le niveau JAE3 afin de diriger des rencontres par \u00e9quipes de tr\u00e8s haut niveau<\/strong>, lors desquelles peuvent \u00e9voluer les meilleurs joueurs fran\u00e7ais ainsi <\/span><span style=\"font-family: georgia, palatino, serif;\">que des joueurs \u00e9trangers.<\/span><\/p>\n<p><span style=\"font-family: georgia, palatino, serif;\"><strong>La formation des JA pourrait \u00e9galement m&rsquo;int\u00e9resser dans un avenir proch<\/strong>e \u00ab\u00a0.<\/span><\/p>\n<p><span style=\"font-family: georgia, palatino, serif; font-size: 14pt; background-color: #000000; color: #ffffff;\"><strong>Et pour conclure ?<\/strong><\/span><\/p>\n<p><span style=\"font-family: georgia, palatino, serif;\">\u00a0\u00bb <strong>J&rsquo;en profite pour passer un message : les clubs et donc les ligues manquent cruellement de JA en activit\u00e9<\/strong>, principalement chez les JAE. Or chaque rencontre par \u00e9quipe devrait obligatoirement \u00eatre dirig\u00e9e par un JAE.<\/span><\/p>\n<p><span style=\"font-family: georgia, palatino, serif;\"><strong>Cette activit\u00e9 de JAE est accessible \u00e0 tout le monde<\/strong>, n\u00e9cessite peu de temps pour \u00eatre form\u00e9, et ne demande pas \u00e9norm\u00e9ment d&rsquo;investissement pour exercer.<\/span><\/p>\n<p><span style=\"font-family: georgia, palatino, serif;\"><span style=\"background-color: #000000; color: #ffffff;\">Alors \u00e0 tous les licenci\u00e9-es qui me lisent : lancez vous, donnez un peu de temps \u00e0 votre club, \u00e0 votre ligue, pour juge-arbitrer nos rencontres par \u00e9quipe ! <\/span>\u00ab\u00a0.<br \/>\n<\/span><\/p>\n<hr \/>\n<div id='gallery-1' class='gallery galleryid-176070 gallery-columns-3 gallery-size-thumbnail'><figure class='gallery-item'>\n\t\t\t<div class='gallery-icon landscape'>\n\t\t\t\t<a href='https:\/\/newsestlyonnais.fr\/site\/2023\/02\/03\/jerome-dodane-je-netais-pas-predestine-a-minvestir-autant-dans-le-tennis\/victoire-35-meyzieu-2022\/'><img loading=\"lazy\" decoding=\"async\" width=\"150\" height=\"113\" src=\"https:\/\/newsestlyonnais.fr\/site\/wp-content\/uploads\/2023\/02\/Victoire-35-Meyzieu-2022-250x188.jpg\" class=\"attachment-thumbnail size-thumbnail\" alt=\"\" aria-describedby=\"gallery-1-176099\" srcset=\"https:\/\/newsestlyonnais.fr\/site\/wp-content\/uploads\/2023\/02\/Victoire-35-Meyzieu-2022-250x188.jpg 250w, https:\/\/newsestlyonnais.fr\/site\/wp-content\/uploads\/2023\/02\/Victoire-35-Meyzieu-2022-400x300.jpg 400w, https:\/\/newsestlyonnais.fr\/site\/wp-content\/uploads\/2023\/02\/Victoire-35-Meyzieu-2022-650x488.jpg 650w, https:\/\/newsestlyonnais.fr\/site\/wp-content\/uploads\/2023\/02\/Victoire-35-Meyzieu-2022-768x576.jpg 768w, https:\/\/newsestlyonnais.fr\/site\/wp-content\/uploads\/2023\/02\/Victoire-35-Meyzieu-2022-150x113.jpg 150w, https:\/\/newsestlyonnais.fr\/site\/wp-content\/uploads\/2023\/02\/Victoire-35-Meyzieu-2022-50x38.jpg 50w, https:\/\/newsestlyonnais.fr\/site\/wp-content\/uploads\/2023\/02\/Victoire-35-Meyzieu-2022-100x75.jpg 100w, https:\/\/newsestlyonnais.fr\/site\/wp-content\/uploads\/2023\/02\/Victoire-35-Meyzieu-2022-200x150.jpg 200w, https:\/\/newsestlyonnais.fr\/site\/wp-content\/uploads\/2023\/02\/Victoire-35-Meyzieu-2022-300x225.jpg 300w, https:\/\/newsestlyonnais.fr\/site\/wp-content\/uploads\/2023\/02\/Victoire-35-Meyzieu-2022-350x263.jpg 350w, https:\/\/newsestlyonnais.fr\/site\/wp-content\/uploads\/2023\/02\/Victoire-35-Meyzieu-2022-450x338.jpg 450w, https:\/\/newsestlyonnais.fr\/site\/wp-content\/uploads\/2023\/02\/Victoire-35-Meyzieu-2022-500x375.jpg 500w, https:\/\/newsestlyonnais.fr\/site\/wp-content\/uploads\/2023\/02\/Victoire-35-Meyzieu-2022-550x413.jpg 550w, https:\/\/newsestlyonnais.fr\/site\/wp-content\/uploads\/2023\/02\/Victoire-35-Meyzieu-2022.jpg 800w\" sizes=\"auto, (max-width: 150px) 100vw, 150px\" \/><\/a>\n\t\t\t<\/div>\n\t\t\t\t<figcaption class='wp-caption-text gallery-caption' id='gallery-1-176099'>\n\t\t\t\tVictoire en + 35 \u00e0 Meyzieu en 2022.\n\t\t\t\t<\/figcaption><\/figure><figure class='gallery-item'>\n\t\t\t<div class='gallery-icon portrait'>\n\t\t\t\t<a href='https:\/\/newsestlyonnais.fr\/site\/2023\/02\/03\/jerome-dodane-je-netais-pas-predestine-a-minvestir-autant-dans-le-tennis\/victoire-simple-equipe45-tcgvstcbj-2022\/'><img loading=\"lazy\" decoding=\"async\" width=\"104\" height=\"150\" src=\"https:\/\/newsestlyonnais.fr\/site\/wp-content\/uploads\/2023\/02\/Victoire-simple-Equipe45-TCGvsTCBJ-2022-250x359.jpg\" class=\"attachment-thumbnail size-thumbnail\" alt=\"\" aria-describedby=\"gallery-1-176100\" srcset=\"https:\/\/newsestlyonnais.fr\/site\/wp-content\/uploads\/2023\/02\/Victoire-simple-Equipe45-TCGvsTCBJ-2022-250x359.jpg 250w, https:\/\/newsestlyonnais.fr\/site\/wp-content\/uploads\/2023\/02\/Victoire-simple-Equipe45-TCGvsTCBJ-2022-400x574.jpg 400w, https:\/\/newsestlyonnais.fr\/site\/wp-content\/uploads\/2023\/02\/Victoire-simple-Equipe45-TCGvsTCBJ-2022-150x215.jpg 150w, https:\/\/newsestlyonnais.fr\/site\/wp-content\/uploads\/2023\/02\/Victoire-simple-Equipe45-TCGvsTCBJ-2022-50x72.jpg 50w, https:\/\/newsestlyonnais.fr\/site\/wp-content\/uploads\/2023\/02\/Victoire-simple-Equipe45-TCGvsTCBJ-2022-100x144.jpg 100w, https:\/\/newsestlyonnais.fr\/site\/wp-content\/uploads\/2023\/02\/Victoire-simple-Equipe45-TCGvsTCBJ-2022-200x287.jpg 200w, https:\/\/newsestlyonnais.fr\/site\/wp-content\/uploads\/2023\/02\/Victoire-simple-Equipe45-TCGvsTCBJ-2022-300x431.jpg 300w, https:\/\/newsestlyonnais.fr\/site\/wp-content\/uploads\/2023\/02\/Victoire-simple-Equipe45-TCGvsTCBJ-2022-350x503.jpg 350w, https:\/\/newsestlyonnais.fr\/site\/wp-content\/uploads\/2023\/02\/Victoire-simple-Equipe45-TCGvsTCBJ-2022-450x646.jpg 450w, https:\/\/newsestlyonnais.fr\/site\/wp-content\/uploads\/2023\/02\/Victoire-simple-Equipe45-TCGvsTCBJ-2022-500x718.jpg 500w, https:\/\/newsestlyonnais.fr\/site\/wp-content\/uploads\/2023\/02\/Victoire-simple-Equipe45-TCGvsTCBJ-2022.jpg 525w\" sizes=\"auto, (max-width: 104px) 100vw, 104px\" \/><\/a>\n\t\t\t<\/div>\n\t\t\t\t<figcaption class='wp-caption-text gallery-caption' id='gallery-1-176100'>\n\t\t\t\tVictoire en simple par \u00e9quipe 45 -TCG \/ TCBJ en 2022 \n\t\t\t\t<\/figcaption><\/figure><figure class='gallery-item'>\n\t\t\t<div class='gallery-icon landscape'>\n\t\t\t\t<a href='https:\/\/newsestlyonnais.fr\/site\/2023\/02\/03\/jerome-dodane-je-netais-pas-predestine-a-minvestir-autant-dans-le-tennis\/jat-remise-prix-tournoi-tcg-2022\/'><img loading=\"lazy\" decoding=\"async\" width=\"150\" height=\"85\" src=\"https:\/\/newsestlyonnais.fr\/site\/wp-content\/uploads\/2023\/02\/JAT-Remise-prix-tournoi-TCG-2022-250x141.jpg\" class=\"attachment-thumbnail size-thumbnail\" alt=\"\" aria-describedby=\"gallery-1-176098\" srcset=\"https:\/\/newsestlyonnais.fr\/site\/wp-content\/uploads\/2023\/02\/JAT-Remise-prix-tournoi-TCG-2022-250x141.jpg 250w, https:\/\/newsestlyonnais.fr\/site\/wp-content\/uploads\/2023\/02\/JAT-Remise-prix-tournoi-TCG-2022-400x225.jpg 400w, https:\/\/newsestlyonnais.fr\/site\/wp-content\/uploads\/2023\/02\/JAT-Remise-prix-tournoi-TCG-2022-650x366.jpg 650w, https:\/\/newsestlyonnais.fr\/site\/wp-content\/uploads\/2023\/02\/JAT-Remise-prix-tournoi-TCG-2022-768x432.jpg 768w, https:\/\/newsestlyonnais.fr\/site\/wp-content\/uploads\/2023\/02\/JAT-Remise-prix-tournoi-TCG-2022-150x84.jpg 150w, https:\/\/newsestlyonnais.fr\/site\/wp-content\/uploads\/2023\/02\/JAT-Remise-prix-tournoi-TCG-2022-50x28.jpg 50w, https:\/\/newsestlyonnais.fr\/site\/wp-content\/uploads\/2023\/02\/JAT-Remise-prix-tournoi-TCG-2022-100x56.jpg 100w, https:\/\/newsestlyonnais.fr\/site\/wp-content\/uploads\/2023\/02\/JAT-Remise-prix-tournoi-TCG-2022-200x113.jpg 200w, https:\/\/newsestlyonnais.fr\/site\/wp-content\/uploads\/2023\/02\/JAT-Remise-prix-tournoi-TCG-2022-300x169.jpg 300w, https:\/\/newsestlyonnais.fr\/site\/wp-content\/uploads\/2023\/02\/JAT-Remise-prix-tournoi-TCG-2022-350x197.jpg 350w, https:\/\/newsestlyonnais.fr\/site\/wp-content\/uploads\/2023\/02\/JAT-Remise-prix-tournoi-TCG-2022-450x253.jpg 450w, https:\/\/newsestlyonnais.fr\/site\/wp-content\/uploads\/2023\/02\/JAT-Remise-prix-tournoi-TCG-2022-500x281.jpg 500w, https:\/\/newsestlyonnais.fr\/site\/wp-content\/uploads\/2023\/02\/JAT-Remise-prix-tournoi-TCG-2022-550x310.jpg 550w, https:\/\/newsestlyonnais.fr\/site\/wp-content\/uploads\/2023\/02\/JAT-Remise-prix-tournoi-TCG-2022-800x450.jpg 800w, https:\/\/newsestlyonnais.fr\/site\/wp-content\/uploads\/2023\/02\/JAT-Remise-prix-tournoi-TCG-2022.jpg 1080w\" sizes=\"auto, (max-width: 150px) 100vw, 150px\" \/><\/a>\n\t\t\t<\/div>\n\t\t\t\t<figcaption class='wp-caption-text gallery-caption' id='gallery-1-176098'>\n\t\t\t\tComme JAT lors de la remise prix tournoi TC Genas 2022\n\t\t\t\t<\/figcaption><\/figure>\n\t\t<\/div>\n\n","protected":false},"excerpt":{"rendered":"<p>Comp\u00e9titeur depuis plus de trois d\u00e9cennies, il assouvit sa passion pour son sport en intervenant aussi comme juge-arbitre de tournois et \u00e9lu dans les instances de sa discipline. <\/p>\n","protected":false},"author":4,"featured_media":176087,"comment_status":"open","ping_status":"open","sticky":false,"template":"","format":"standard","meta":{"footnotes":""},"categories":[270,1598,4286,137,1279,2992,2991],"tags":[4166,2550,2005,4455,4598,2062,2726,2049],"class_list":["post-176070","post","type-post","status-publish","format-standard","has-post-thumbnail","hentry","category-cte-de-communes-c-c-e-l","category-genas","category-interview-a-la-une","category-interviews","category-jons-pusignan","category-tennis-padel","category-tennis-tennis-table-sports","tag-arbitrage","tag-at-pusignan","tag-genas","tag-jerome-dodane","tag-juge-arbitre","tag-pusignan","tag-tc-genas","tag-tennis"],"yoast_head":"<!-- This site is optimized with the Yoast SEO plugin v27.2 - https:\/\/yoast.com\/product\/yoast-seo-wordpress\/ -->\n<title>J\u00e9r\u00f4me Dodane \u00ab Je n&#039;\u00e9tais pas pr\u00e9destin\u00e9 \u00e0 m&#039;investir autant dans le tennis \u00bb - News Est Lyonnais<\/title>\n<meta name=\"description\" content=\"J\u00e9r\u00f4me Dodane &quot; je n&#039;\u00e9tais pas pr\u00e9destin\u00e9 \u00e0 m&#039;investir autant dans le tennis &quot;\" \/>\n<meta name=\"robots\" content=\"index, follow, max-snippet:-1, max-image-preview:large, max-video-preview:-1\" \/>\n<link rel=\"canonical\" href=\"https:\/\/newsestlyonnais.fr\/site\/2023\/02\/03\/jerome-dodane-je-netais-pas-predestine-a-minvestir-autant-dans-le-tennis\/\" \/>\n<meta property=\"og:locale\" content=\"fr_FR\" \/>\n<meta property=\"og:type\" content=\"article\" \/>\n<meta property=\"og:title\" content=\"J\u00e9r\u00f4me Dodane \u00ab Je n&#039;\u00e9tais pas pr\u00e9destin\u00e9 \u00e0 m&#039;investir autant dans le tennis \u00bb - News Est Lyonnais\" \/>\n<meta property=\"og:description\" content=\"J\u00e9r\u00f4me Dodane &quot; je n&#039;\u00e9tais pas pr\u00e9destin\u00e9 \u00e0 m&#039;investir autant dans le tennis &quot;\" \/>\n<meta property=\"og:url\" content=\"https:\/\/newsestlyonnais.fr\/site\/2023\/02\/03\/jerome-dodane-je-netais-pas-predestine-a-minvestir-autant-dans-le-tennis\/\" \/>\n<meta property=\"og:site_name\" content=\"News Est Lyonnais\" \/>\n<meta property=\"article:author\" content=\"https:\/\/www.facebook.com\/pascal.oberson.1?fref=ts\" \/>\n<meta property=\"article:published_time\" content=\"2023-02-03T05:39:38+00:00\" \/>\n<meta property=\"article:modified_time\" content=\"2023-03-16T17:04:22+00:00\" \/>\n<meta property=\"og:image\" content=\"https:\/\/newsestlyonnais.fr\/site\/wp-content\/uploads\/2023\/02\/P1470865b-e1675403053749.jpg\" \/>\n\t<meta property=\"og:image:width\" content=\"317\" \/>\n\t<meta property=\"og:image:height\" content=\"272\" \/>\n\t<meta property=\"og:image:type\" content=\"image\/jpeg\" \/>\n<meta name=\"author\" content=\"R\u00e9dac. NEWS\" \/>\n<meta name=\"twitter:card\" content=\"summary_large_image\" \/>\n<meta name=\"twitter:label1\" content=\"\u00c9crit par\" \/>\n\t<meta name=\"twitter:data1\" content=\"R\u00e9dac. NEWS\" \/>\n\t<meta name=\"twitter:label2\" content=\"Dur\u00e9e de lecture estim\u00e9e\" \/>\n\t<meta name=\"twitter:data2\" content=\"5 minutes\" \/>\n<script type=\"application\/ld+json\" class=\"yoast-schema-graph\">{\"@context\":\"https:\/\/schema.org\",\"@graph\":[{\"@type\":\"Article\",\"@id\":\"https:\/\/newsestlyonnais.fr\/site\/2023\/02\/03\/jerome-dodane-je-netais-pas-predestine-a-minvestir-autant-dans-le-tennis\/#article\",\"isPartOf\":{\"@id\":\"https:\/\/newsestlyonnais.fr\/site\/2023\/02\/03\/jerome-dodane-je-netais-pas-predestine-a-minvestir-autant-dans-le-tennis\/\"},\"author\":{\"name\":\"R\u00e9dac. NEWS\",\"@id\":\"https:\/\/newsestlyonnais.fr\/site\/#\/schema\/person\/3230d5615f390bb808365d673001e887\"},\"headline\":\"J\u00e9r\u00f4me Dodane \u00ab Je n&rsquo;\u00e9tais pas pr\u00e9destin\u00e9 \u00e0 m&rsquo;investir autant dans le tennis \u00bb\",\"datePublished\":\"2023-02-03T05:39:38+00:00\",\"dateModified\":\"2023-03-16T17:04:22+00:00\",\"mainEntityOfPage\":{\"@id\":\"https:\/\/newsestlyonnais.fr\/site\/2023\/02\/03\/jerome-dodane-je-netais-pas-predestine-a-minvestir-autant-dans-le-tennis\/\"},\"wordCount\":948,\"commentCount\":0,\"publisher\":{\"@id\":\"https:\/\/newsestlyonnais.fr\/site\/#organization\"},\"image\":{\"@id\":\"https:\/\/newsestlyonnais.fr\/site\/2023\/02\/03\/jerome-dodane-je-netais-pas-predestine-a-minvestir-autant-dans-le-tennis\/#primaryimage\"},\"thumbnailUrl\":\"https:\/\/newsestlyonnais.fr\/site\/wp-content\/uploads\/2023\/02\/P1470865b-e1675403053749.jpg\",\"keywords\":[\"ARBITRAGE\",\"AT PUSIGNAN\",\"GENAS\",\"JEROME DODANE\",\"juge-arbitre\",\"PUSIGNAN\",\"TC GENAS\",\"TENNIS\"],\"articleSection\":[\"CCEL | Communes\",\"Genas\",\"Interview \u00e0 la une\",\"Interviews\",\"Jons | Pusignan\",\"Tennis | Padel\",\"Tennis | Tennis de table\"],\"inLanguage\":\"fr-FR\",\"potentialAction\":[{\"@type\":\"CommentAction\",\"name\":\"Comment\",\"target\":[\"https:\/\/newsestlyonnais.fr\/site\/2023\/02\/03\/jerome-dodane-je-netais-pas-predestine-a-minvestir-autant-dans-le-tennis\/#respond\"]}]},{\"@type\":\"WebPage\",\"@id\":\"https:\/\/newsestlyonnais.fr\/site\/2023\/02\/03\/jerome-dodane-je-netais-pas-predestine-a-minvestir-autant-dans-le-tennis\/\",\"url\":\"https:\/\/newsestlyonnais.fr\/site\/2023\/02\/03\/jerome-dodane-je-netais-pas-predestine-a-minvestir-autant-dans-le-tennis\/\",\"name\":\"J\u00e9r\u00f4me Dodane \u00ab Je n'\u00e9tais pas pr\u00e9destin\u00e9 \u00e0 m'investir autant dans le tennis \u00bb - News Est Lyonnais\",\"isPartOf\":{\"@id\":\"https:\/\/newsestlyonnais.fr\/site\/#website\"},\"primaryImageOfPage\":{\"@id\":\"https:\/\/newsestlyonnais.fr\/site\/2023\/02\/03\/jerome-dodane-je-netais-pas-predestine-a-minvestir-autant-dans-le-tennis\/#primaryimage\"},\"image\":{\"@id\":\"https:\/\/newsestlyonnais.fr\/site\/2023\/02\/03\/jerome-dodane-je-netais-pas-predestine-a-minvestir-autant-dans-le-tennis\/#primaryimage\"},\"thumbnailUrl\":\"https:\/\/newsestlyonnais.fr\/site\/wp-content\/uploads\/2023\/02\/P1470865b-e1675403053749.jpg\",\"datePublished\":\"2023-02-03T05:39:38+00:00\",\"dateModified\":\"2023-03-16T17:04:22+00:00\",\"description\":\"J\u00e9r\u00f4me Dodane \\\" je n'\u00e9tais pas pr\u00e9destin\u00e9 \u00e0 m'investir autant dans le tennis \\\"\",\"breadcrumb\":{\"@id\":\"https:\/\/newsestlyonnais.fr\/site\/2023\/02\/03\/jerome-dodane-je-netais-pas-predestine-a-minvestir-autant-dans-le-tennis\/#breadcrumb\"},\"inLanguage\":\"fr-FR\",\"potentialAction\":[{\"@type\":\"ReadAction\",\"target\":[\"https:\/\/newsestlyonnais.fr\/site\/2023\/02\/03\/jerome-dodane-je-netais-pas-predestine-a-minvestir-autant-dans-le-tennis\/\"]}]},{\"@type\":\"ImageObject\",\"inLanguage\":\"fr-FR\",\"@id\":\"https:\/\/newsestlyonnais.fr\/site\/2023\/02\/03\/jerome-dodane-je-netais-pas-predestine-a-minvestir-autant-dans-le-tennis\/#primaryimage\",\"url\":\"https:\/\/newsestlyonnais.fr\/site\/wp-content\/uploads\/2023\/02\/P1470865b-e1675403053749.jpg\",\"contentUrl\":\"https:\/\/newsestlyonnais.fr\/site\/wp-content\/uploads\/2023\/02\/P1470865b-e1675403053749.jpg\",\"width\":317,\"height\":272},{\"@type\":\"BreadcrumbList\",\"@id\":\"https:\/\/newsestlyonnais.fr\/site\/2023\/02\/03\/jerome-dodane-je-netais-pas-predestine-a-minvestir-autant-dans-le-tennis\/#breadcrumb\",\"itemListElement\":[{\"@type\":\"ListItem\",\"position\":1,\"name\":\"Accueil\",\"item\":\"https:\/\/newsestlyonnais.fr\/site\/\"},{\"@type\":\"ListItem\",\"position\":2,\"name\":\"J\u00e9r\u00f4me Dodane \u00ab Je n&rsquo;\u00e9tais pas pr\u00e9destin\u00e9 \u00e0 m&rsquo;investir autant dans le tennis \u00bb\"}]},{\"@type\":\"WebSite\",\"@id\":\"https:\/\/newsestlyonnais.fr\/site\/#website\",\"url\":\"https:\/\/newsestlyonnais.fr\/site\/\",\"name\":\"News Est Lyonnais\",\"description\":\"L&#039;actualit\u00e9 au plus pr\u00e8s\",\"publisher\":{\"@id\":\"https:\/\/newsestlyonnais.fr\/site\/#organization\"},\"potentialAction\":[{\"@type\":\"SearchAction\",\"target\":{\"@type\":\"EntryPoint\",\"urlTemplate\":\"https:\/\/newsestlyonnais.fr\/site\/?s={search_term_string}\"},\"query-input\":{\"@type\":\"PropertyValueSpecification\",\"valueRequired\":true,\"valueName\":\"search_term_string\"}}],\"inLanguage\":\"fr-FR\"},{\"@type\":\"Organization\",\"@id\":\"https:\/\/newsestlyonnais.fr\/site\/#organization\",\"name\":\"News EST LYONNAIS\",\"url\":\"https:\/\/newsestlyonnais.fr\/site\/\",\"logo\":{\"@type\":\"ImageObject\",\"inLanguage\":\"fr-FR\",\"@id\":\"https:\/\/newsestlyonnais.fr\/site\/#\/schema\/logo\/image\/\",\"url\":\"\",\"contentUrl\":\"\",\"caption\":\"News EST LYONNAIS\"},\"image\":{\"@id\":\"https:\/\/newsestlyonnais.fr\/site\/#\/schema\/logo\/image\/\"}},{\"@type\":\"Person\",\"@id\":\"https:\/\/newsestlyonnais.fr\/site\/#\/schema\/person\/3230d5615f390bb808365d673001e887\",\"name\":\"R\u00e9dac. NEWS\",\"sameAs\":[\"http:\/\/www.newsestlyonnais.fr\",\"https:\/\/www.facebook.com\/pascal.oberson.1?fref=ts\",\"https:\/\/fr.linkedin.com\/in\/pascal-oberson-b17045113\"],\"url\":\"https:\/\/newsestlyonnais.fr\/site\/author\/nel\/\"}]}<\/script>\n<!-- \/ Yoast SEO plugin. -->","yoast_head_json":{"title":"J\u00e9r\u00f4me Dodane \u00ab Je n'\u00e9tais pas pr\u00e9destin\u00e9 \u00e0 m'investir autant dans le tennis \u00bb - News Est Lyonnais","description":"J\u00e9r\u00f4me Dodane \" je n'\u00e9tais pas pr\u00e9destin\u00e9 \u00e0 m'investir autant dans le tennis \"","robots":{"index":"index","follow":"follow","max-snippet":"max-snippet:-1","max-image-preview":"max-image-preview:large","max-video-preview":"max-video-preview:-1"},"canonical":"https:\/\/newsestlyonnais.fr\/site\/2023\/02\/03\/jerome-dodane-je-netais-pas-predestine-a-minvestir-autant-dans-le-tennis\/","og_locale":"fr_FR","og_type":"article","og_title":"J\u00e9r\u00f4me Dodane \u00ab Je n'\u00e9tais pas pr\u00e9destin\u00e9 \u00e0 m'investir autant dans le tennis \u00bb - News Est Lyonnais","og_description":"J\u00e9r\u00f4me Dodane \" je n'\u00e9tais pas pr\u00e9destin\u00e9 \u00e0 m'investir autant dans le tennis \"","og_url":"https:\/\/newsestlyonnais.fr\/site\/2023\/02\/03\/jerome-dodane-je-netais-pas-predestine-a-minvestir-autant-dans-le-tennis\/","og_site_name":"News Est Lyonnais","article_author":"https:\/\/www.facebook.com\/pascal.oberson.1?fref=ts","article_published_time":"2023-02-03T05:39:38+00:00","article_modified_time":"2023-03-16T17:04:22+00:00","og_image":[{"width":317,"height":272,"url":"https:\/\/newsestlyonnais.fr\/site\/wp-content\/uploads\/2023\/02\/P1470865b-e1675403053749.jpg","type":"image\/jpeg"}],"author":"R\u00e9dac. NEWS","twitter_card":"summary_large_image","twitter_misc":{"\u00c9crit par":"R\u00e9dac. NEWS","Dur\u00e9e de lecture estim\u00e9e":"5 minutes"},"schema":{"@context":"https:\/\/schema.org","@graph":[{"@type":"Article","@id":"https:\/\/newsestlyonnais.fr\/site\/2023\/02\/03\/jerome-dodane-je-netais-pas-predestine-a-minvestir-autant-dans-le-tennis\/#article","isPartOf":{"@id":"https:\/\/newsestlyonnais.fr\/site\/2023\/02\/03\/jerome-dodane-je-netais-pas-predestine-a-minvestir-autant-dans-le-tennis\/"},"author":{"name":"R\u00e9dac. NEWS","@id":"https:\/\/newsestlyonnais.fr\/site\/#\/schema\/person\/3230d5615f390bb808365d673001e887"},"headline":"J\u00e9r\u00f4me Dodane \u00ab Je n&rsquo;\u00e9tais pas pr\u00e9destin\u00e9 \u00e0 m&rsquo;investir autant dans le tennis \u00bb","datePublished":"2023-02-03T05:39:38+00:00","dateModified":"2023-03-16T17:04:22+00:00","mainEntityOfPage":{"@id":"https:\/\/newsestlyonnais.fr\/site\/2023\/02\/03\/jerome-dodane-je-netais-pas-predestine-a-minvestir-autant-dans-le-tennis\/"},"wordCount":948,"commentCount":0,"publisher":{"@id":"https:\/\/newsestlyonnais.fr\/site\/#organization"},"image":{"@id":"https:\/\/newsestlyonnais.fr\/site\/2023\/02\/03\/jerome-dodane-je-netais-pas-predestine-a-minvestir-autant-dans-le-tennis\/#primaryimage"},"thumbnailUrl":"https:\/\/newsestlyonnais.fr\/site\/wp-content\/uploads\/2023\/02\/P1470865b-e1675403053749.jpg","keywords":["ARBITRAGE","AT PUSIGNAN","GENAS","JEROME DODANE","juge-arbitre","PUSIGNAN","TC GENAS","TENNIS"],"articleSection":["CCEL | Communes","Genas","Interview \u00e0 la une","Interviews","Jons | Pusignan","Tennis | Padel","Tennis | Tennis de table"],"inLanguage":"fr-FR","potentialAction":[{"@type":"CommentAction","name":"Comment","target":["https:\/\/newsestlyonnais.fr\/site\/2023\/02\/03\/jerome-dodane-je-netais-pas-predestine-a-minvestir-autant-dans-le-tennis\/#respond"]}]},{"@type":"WebPage","@id":"https:\/\/newsestlyonnais.fr\/site\/2023\/02\/03\/jerome-dodane-je-netais-pas-predestine-a-minvestir-autant-dans-le-tennis\/","url":"https:\/\/newsestlyonnais.fr\/site\/2023\/02\/03\/jerome-dodane-je-netais-pas-predestine-a-minvestir-autant-dans-le-tennis\/","name":"J\u00e9r\u00f4me Dodane \u00ab Je n'\u00e9tais pas pr\u00e9destin\u00e9 \u00e0 m'investir autant dans le tennis \u00bb - News Est Lyonnais","isPartOf":{"@id":"https:\/\/newsestlyonnais.fr\/site\/#website"},"primaryImageOfPage":{"@id":"https:\/\/newsestlyonnais.fr\/site\/2023\/02\/03\/jerome-dodane-je-netais-pas-predestine-a-minvestir-autant-dans-le-tennis\/#primaryimage"},"image":{"@id":"https:\/\/newsestlyonnais.fr\/site\/2023\/02\/03\/jerome-dodane-je-netais-pas-predestine-a-minvestir-autant-dans-le-tennis\/#primaryimage"},"thumbnailUrl":"https:\/\/newsestlyonnais.fr\/site\/wp-content\/uploads\/2023\/02\/P1470865b-e1675403053749.jpg","datePublished":"2023-02-03T05:39:38+00:00","dateModified":"2023-03-16T17:04:22+00:00","description":"J\u00e9r\u00f4me Dodane \" je n'\u00e9tais pas pr\u00e9destin\u00e9 \u00e0 m'investir autant dans le tennis \"","breadcrumb":{"@id":"https:\/\/newsestlyonnais.fr\/site\/2023\/02\/03\/jerome-dodane-je-netais-pas-predestine-a-minvestir-autant-dans-le-tennis\/#breadcrumb"},"inLanguage":"fr-FR","potentialAction":[{"@type":"ReadAction","target":["https:\/\/newsestlyonnais.fr\/site\/2023\/02\/03\/jerome-dodane-je-netais-pas-predestine-a-minvestir-autant-dans-le-tennis\/"]}]},{"@type":"ImageObject","inLanguage":"fr-FR","@id":"https:\/\/newsestlyonnais.fr\/site\/2023\/02\/03\/jerome-dodane-je-netais-pas-predestine-a-minvestir-autant-dans-le-tennis\/#primaryimage","url":"https:\/\/newsestlyonnais.fr\/site\/wp-content\/uploads\/2023\/02\/P1470865b-e1675403053749.jpg","contentUrl":"https:\/\/newsestlyonnais.fr\/site\/wp-content\/uploads\/2023\/02\/P1470865b-e1675403053749.jpg","width":317,"height":272},{"@type":"BreadcrumbList","@id":"https:\/\/newsestlyonnais.fr\/site\/2023\/02\/03\/jerome-dodane-je-netais-pas-predestine-a-minvestir-autant-dans-le-tennis\/#breadcrumb","itemListElement":[{"@type":"ListItem","position":1,"name":"Accueil","item":"https:\/\/newsestlyonnais.fr\/site\/"},{"@type":"ListItem","position":2,"name":"J\u00e9r\u00f4me Dodane \u00ab Je n&rsquo;\u00e9tais pas pr\u00e9destin\u00e9 \u00e0 m&rsquo;investir autant dans le tennis \u00bb"}]},{"@type":"WebSite","@id":"https:\/\/newsestlyonnais.fr\/site\/#website","url":"https:\/\/newsestlyonnais.fr\/site\/","name":"News Est Lyonnais","description":"L&#039;actualit\u00e9 au plus pr\u00e8s","publisher":{"@id":"https:\/\/newsestlyonnais.fr\/site\/#organization"},"potentialAction":[{"@type":"SearchAction","target":{"@type":"EntryPoint","urlTemplate":"https:\/\/newsestlyonnais.fr\/site\/?s={search_term_string}"},"query-input":{"@type":"PropertyValueSpecification","valueRequired":true,"valueName":"search_term_string"}}],"inLanguage":"fr-FR"},{"@type":"Organization","@id":"https:\/\/newsestlyonnais.fr\/site\/#organization","name":"News EST LYONNAIS","url":"https:\/\/newsestlyonnais.fr\/site\/","logo":{"@type":"ImageObject","inLanguage":"fr-FR","@id":"https:\/\/newsestlyonnais.fr\/site\/#\/schema\/logo\/image\/","url":"","contentUrl":"","caption":"News EST LYONNAIS"},"image":{"@id":"https:\/\/newsestlyonnais.fr\/site\/#\/schema\/logo\/image\/"}},{"@type":"Person","@id":"https:\/\/newsestlyonnais.fr\/site\/#\/schema\/person\/3230d5615f390bb808365d673001e887","name":"R\u00e9dac. NEWS","sameAs":["http:\/\/www.newsestlyonnais.fr","https:\/\/www.facebook.com\/pascal.oberson.1?fref=ts","https:\/\/fr.linkedin.com\/in\/pascal-oberson-b17045113"],"url":"https:\/\/newsestlyonnais.fr\/site\/author\/nel\/"}]}},"_links":{"self":[{"href":"https:\/\/newsestlyonnais.fr\/site\/wp-json\/wp\/v2\/posts\/176070","targetHints":{"allow":["GET"]}}],"collection":[{"href":"https:\/\/newsestlyonnais.fr\/site\/wp-json\/wp\/v2\/posts"}],"about":[{"href":"https:\/\/newsestlyonnais.fr\/site\/wp-json\/wp\/v2\/types\/post"}],"author":[{"embeddable":true,"href":"https:\/\/newsestlyonnais.fr\/site\/wp-json\/wp\/v2\/users\/4"}],"replies":[{"embeddable":true,"href":"https:\/\/newsestlyonnais.fr\/site\/wp-json\/wp\/v2\/comments?post=176070"}],"version-history":[{"count":0,"href":"https:\/\/newsestlyonnais.fr\/site\/wp-json\/wp\/v2\/posts\/176070\/revisions"}],"wp:featuredmedia":[{"embeddable":true,"href":"https:\/\/newsestlyonnais.fr\/site\/wp-json\/wp\/v2\/media\/176087"}],"wp:attachment":[{"href":"https:\/\/newsestlyonnais.fr\/site\/wp-json\/wp\/v2\/media?parent=176070"}],"wp:term":[{"taxonomy":"category","embeddable":true,"href":"https:\/\/newsestlyonnais.fr\/site\/wp-json\/wp\/v2\/categories?post=176070"},{"taxonomy":"post_tag","embeddable":true,"href":"https:\/\/newsestlyonnais.fr\/site\/wp-json\/wp\/v2\/tags?post=176070"}],"curies":[{"name":"wp","href":"https:\/\/api.w.org\/{rel}","templated":true}]}}