{"id":17608,"date":"2016-12-19T12:18:56","date_gmt":"2016-12-19T11:18:56","guid":{"rendered":"http:\/\/newsestlyonnais.fr\/site\/?p=17608"},"modified":"2020-11-03T09:19:56","modified_gmt":"2020-11-03T08:19:56","slug":"genas-les-resultats-du-week-end-de-lesga-foot-5","status":"publish","type":"post","link":"https:\/\/newsestlyonnais.fr\/site\/2016\/12\/19\/genas-les-resultats-du-week-end-de-lesga-foot-5\/","title":{"rendered":"Genas | Les r\u00e9sultats du week-end de l&rsquo;ESGA Foot"},"content":{"rendered":"<h4>Coupes et championnats ont \u00e9t\u00e9 disput\u00e9s ce week-end avec des r\u00e9sultats honorables pour ce dernier week-end de l&rsquo;ann\u00e9e:<\/h4>\n<ul>\n<li><span style=\"text-decoration: underline\"><em>En coupe du Rh\u00f4ne<\/em><\/span>, qualification des U 15 qui se sont largement impos\u00e9s 5\/0 face \u00e0 Chaponnay-Marennes mais \u00e9limination des seniors \u00e0 domicile et apr\u00e8s prolongations 2\/1 face \u00e0 l&rsquo;USEL Foot.<\/li>\n<li><span style=\"text-decoration: underline\">En coupe GVR<\/span>: d\u00e9faite des U 15 (3) 3\/0 suite au forfait face \u00e0 Manissieux et victoire aux tirs aux buts (5\/1) apr\u00e8s avoir d\u00e9croch\u00e9 le nul 1\/1 face \u00e0 l&rsquo;AS Toussieu.<\/li>\n<li><span style=\"text-decoration: underline\">En championnat<\/span>, nouveau succ\u00e8s des seniors 2 ,toujours leaders invaincus, \u00e0 l&rsquo;Olympique Viennois 6\/3.<\/li>\n<li><span style=\"text-decoration: underline\">En f\u00e9minines<\/span>: match nul \u00e0 domicile des U 20 en honneur face \u00e0 Grenoble 38 (1\/1) et d\u00e9faite de la 2 sur sa pelouse face \u00e0 3 face \u00e0 Bourg Peronnas (2\/0).<\/li>\n<\/ul>\n<p>&nbsp;<\/p>\n<p>&nbsp;<\/p>\n","protected":false},"excerpt":{"rendered":"<p>Coupes et championnats ont \u00e9t\u00e9 disput\u00e9s ce week-end avec des r\u00e9sultats honorables pour ce dernier week-end de l&rsquo;ann\u00e9e: En coupe du Rh\u00f4ne, qualification des U 15 qui se sont largement impos\u00e9s 5\/0 face \u00e0 Chaponnay-Marennes mais \u00e9limination des seniors \u00e0 domicile et apr\u00e8s prolongations 2\/1 face \u00e0 l&rsquo;USEL Foot. En coupe GVR: d\u00e9faite des U [&hellip;]<\/p>\n","protected":false},"author":4,"featured_media":16504,"comment_status":"open","ping_status":"open","sticky":false,"template":"","format":"standard","meta":{"footnotes":""},"categories":[270,1329,2996,1598],"tags":[],"class_list":["post-17608","post","type-post","status-publish","format-standard","has-post-thumbnail","hentry","category-cte-de-communes-c-c-e-l","category-foot","category-football-rugby","category-genas"],"yoast_head":"<!-- This site is optimized with the Yoast SEO plugin v27.2 - https:\/\/yoast.com\/product\/yoast-seo-wordpress\/ -->\n<title>Genas: Les r\u00e9sultats du week-end de l&#039;ES Genas Azieu Foot<\/title>\n<meta name=\"description\" content=\"Genas: Les r\u00e9sultats du week-end de l&#039;ES Genas Azieu Foot\" \/>\n<meta name=\"robots\" content=\"index, follow, max-snippet:-1, max-image-preview:large, max-video-preview:-1\" \/>\n<link rel=\"canonical\" href=\"https:\/\/newsestlyonnais.fr\/site\/2016\/12\/19\/genas-les-resultats-du-week-end-de-lesga-foot-5\/\" \/>\n<meta property=\"og:locale\" content=\"fr_FR\" \/>\n<meta property=\"og:type\" content=\"article\" \/>\n<meta property=\"og:title\" content=\"Genas: Les r\u00e9sultats du week-end de l&#039;ES Genas Azieu Foot\" \/>\n<meta property=\"og:description\" content=\"Genas: Les r\u00e9sultats du week-end de l&#039;ES Genas Azieu Foot\" \/>\n<meta property=\"og:url\" content=\"https:\/\/newsestlyonnais.fr\/site\/2016\/12\/19\/genas-les-resultats-du-week-end-de-lesga-foot-5\/\" \/>\n<meta property=\"og:site_name\" content=\"News Est Lyonnais\" \/>\n<meta property=\"article:author\" content=\"https:\/\/www.facebook.com\/pascal.oberson.1?fref=ts\" \/>\n<meta property=\"article:published_time\" content=\"2016-12-19T11:18:56+00:00\" \/>\n<meta property=\"article:modified_time\" content=\"2020-11-03T08:19:56+00:00\" \/>\n<meta property=\"og:image\" content=\"https:\/\/i0.wp.com\/newsestlyonnais.fr\/site\/wp-content\/uploads\/2016\/11\/logo-genas.jpg?fit=1000%2C750&ssl=1\" \/>\n\t<meta property=\"og:image:width\" content=\"1000\" \/>\n\t<meta property=\"og:image:height\" content=\"750\" \/>\n\t<meta property=\"og:image:type\" content=\"image\/jpeg\" \/>\n<meta name=\"author\" content=\"R\u00e9dac. NEWS\" \/>\n<meta name=\"twitter:card\" content=\"summary_large_image\" \/>\n<meta name=\"twitter:label1\" content=\"\u00c9crit par\" \/>\n\t<meta name=\"twitter:data1\" content=\"R\u00e9dac. NEWS\" \/>\n\t<meta name=\"twitter:label2\" content=\"Dur\u00e9e de lecture estim\u00e9e\" \/>\n\t<meta name=\"twitter:data2\" content=\"1 minute\" \/>\n<script type=\"application\/ld+json\" class=\"yoast-schema-graph\">{\"@context\":\"https:\/\/schema.org\",\"@graph\":[{\"@type\":\"Article\",\"@id\":\"https:\/\/newsestlyonnais.fr\/site\/2016\/12\/19\/genas-les-resultats-du-week-end-de-lesga-foot-5\/#article\",\"isPartOf\":{\"@id\":\"https:\/\/newsestlyonnais.fr\/site\/2016\/12\/19\/genas-les-resultats-du-week-end-de-lesga-foot-5\/\"},\"author\":{\"name\":\"R\u00e9dac. NEWS\",\"@id\":\"https:\/\/newsestlyonnais.fr\/site\/#\/schema\/person\/3230d5615f390bb808365d673001e887\"},\"headline\":\"Genas | Les r\u00e9sultats du week-end de l&rsquo;ESGA Foot\",\"datePublished\":\"2016-12-19T11:18:56+00:00\",\"dateModified\":\"2020-11-03T08:19:56+00:00\",\"mainEntityOfPage\":{\"@id\":\"https:\/\/newsestlyonnais.fr\/site\/2016\/12\/19\/genas-les-resultats-du-week-end-de-lesga-foot-5\/\"},\"wordCount\":129,\"commentCount\":0,\"publisher\":{\"@id\":\"https:\/\/newsestlyonnais.fr\/site\/#organization\"},\"image\":{\"@id\":\"https:\/\/newsestlyonnais.fr\/site\/2016\/12\/19\/genas-les-resultats-du-week-end-de-lesga-foot-5\/#primaryimage\"},\"thumbnailUrl\":\"https:\/\/newsestlyonnais.fr\/site\/wp-content\/uploads\/2016\/11\/logo-genas.jpg\",\"articleSection\":[\"CCEL | Communes\",\"Foot | Futsal\",\"Foot | Rugby\",\"Genas\"],\"inLanguage\":\"fr-FR\",\"potentialAction\":[{\"@type\":\"CommentAction\",\"name\":\"Comment\",\"target\":[\"https:\/\/newsestlyonnais.fr\/site\/2016\/12\/19\/genas-les-resultats-du-week-end-de-lesga-foot-5\/#respond\"]}]},{\"@type\":\"WebPage\",\"@id\":\"https:\/\/newsestlyonnais.fr\/site\/2016\/12\/19\/genas-les-resultats-du-week-end-de-lesga-foot-5\/\",\"url\":\"https:\/\/newsestlyonnais.fr\/site\/2016\/12\/19\/genas-les-resultats-du-week-end-de-lesga-foot-5\/\",\"name\":\"Genas: Les r\u00e9sultats du week-end de l'ES Genas Azieu Foot\",\"isPartOf\":{\"@id\":\"https:\/\/newsestlyonnais.fr\/site\/#website\"},\"primaryImageOfPage\":{\"@id\":\"https:\/\/newsestlyonnais.fr\/site\/2016\/12\/19\/genas-les-resultats-du-week-end-de-lesga-foot-5\/#primaryimage\"},\"image\":{\"@id\":\"https:\/\/newsestlyonnais.fr\/site\/2016\/12\/19\/genas-les-resultats-du-week-end-de-lesga-foot-5\/#primaryimage\"},\"thumbnailUrl\":\"https:\/\/newsestlyonnais.fr\/site\/wp-content\/uploads\/2016\/11\/logo-genas.jpg\",\"datePublished\":\"2016-12-19T11:18:56+00:00\",\"dateModified\":\"2020-11-03T08:19:56+00:00\",\"description\":\"Genas: Les r\u00e9sultats du week-end de l'ES Genas Azieu Foot\",\"breadcrumb\":{\"@id\":\"https:\/\/newsestlyonnais.fr\/site\/2016\/12\/19\/genas-les-resultats-du-week-end-de-lesga-foot-5\/#breadcrumb\"},\"inLanguage\":\"fr-FR\",\"potentialAction\":[{\"@type\":\"ReadAction\",\"target\":[\"https:\/\/newsestlyonnais.fr\/site\/2016\/12\/19\/genas-les-resultats-du-week-end-de-lesga-foot-5\/\"]}]},{\"@type\":\"ImageObject\",\"inLanguage\":\"fr-FR\",\"@id\":\"https:\/\/newsestlyonnais.fr\/site\/2016\/12\/19\/genas-les-resultats-du-week-end-de-lesga-foot-5\/#primaryimage\",\"url\":\"https:\/\/newsestlyonnais.fr\/site\/wp-content\/uploads\/2016\/11\/logo-genas.jpg\",\"contentUrl\":\"https:\/\/newsestlyonnais.fr\/site\/wp-content\/uploads\/2016\/11\/logo-genas.jpg\",\"width\":1000,\"height\":750},{\"@type\":\"BreadcrumbList\",\"@id\":\"https:\/\/newsestlyonnais.fr\/site\/2016\/12\/19\/genas-les-resultats-du-week-end-de-lesga-foot-5\/#breadcrumb\",\"itemListElement\":[{\"@type\":\"ListItem\",\"position\":1,\"name\":\"Accueil\",\"item\":\"https:\/\/newsestlyonnais.fr\/site\/\"},{\"@type\":\"ListItem\",\"position\":2,\"name\":\"Genas | Les r\u00e9sultats du week-end de l&rsquo;ESGA Foot\"}]},{\"@type\":\"WebSite\",\"@id\":\"https:\/\/newsestlyonnais.fr\/site\/#website\",\"url\":\"https:\/\/newsestlyonnais.fr\/site\/\",\"name\":\"News Est Lyonnais\",\"description\":\"L&#039;actualit\u00e9 au plus pr\u00e8s\",\"publisher\":{\"@id\":\"https:\/\/newsestlyonnais.fr\/site\/#organization\"},\"potentialAction\":[{\"@type\":\"SearchAction\",\"target\":{\"@type\":\"EntryPoint\",\"urlTemplate\":\"https:\/\/newsestlyonnais.fr\/site\/?s={search_term_string}\"},\"query-input\":{\"@type\":\"PropertyValueSpecification\",\"valueRequired\":true,\"valueName\":\"search_term_string\"}}],\"inLanguage\":\"fr-FR\"},{\"@type\":\"Organization\",\"@id\":\"https:\/\/newsestlyonnais.fr\/site\/#organization\",\"name\":\"News EST LYONNAIS\",\"url\":\"https:\/\/newsestlyonnais.fr\/site\/\",\"logo\":{\"@type\":\"ImageObject\",\"inLanguage\":\"fr-FR\",\"@id\":\"https:\/\/newsestlyonnais.fr\/site\/#\/schema\/logo\/image\/\",\"url\":\"\",\"contentUrl\":\"\",\"caption\":\"News EST LYONNAIS\"},\"image\":{\"@id\":\"https:\/\/newsestlyonnais.fr\/site\/#\/schema\/logo\/image\/\"}},{\"@type\":\"Person\",\"@id\":\"https:\/\/newsestlyonnais.fr\/site\/#\/schema\/person\/3230d5615f390bb808365d673001e887\",\"name\":\"R\u00e9dac. NEWS\",\"sameAs\":[\"http:\/\/www.newsestlyonnais.fr\",\"https:\/\/www.facebook.com\/pascal.oberson.1?fref=ts\",\"https:\/\/fr.linkedin.com\/in\/pascal-oberson-b17045113\"],\"url\":\"https:\/\/newsestlyonnais.fr\/site\/author\/nel\/\"}]}<\/script>\n<!-- \/ Yoast SEO plugin. -->","yoast_head_json":{"title":"Genas: Les r\u00e9sultats du week-end de l'ES Genas Azieu Foot","description":"Genas: Les r\u00e9sultats du week-end de l'ES Genas Azieu Foot","robots":{"index":"index","follow":"follow","max-snippet":"max-snippet:-1","max-image-preview":"max-image-preview:large","max-video-preview":"max-video-preview:-1"},"canonical":"https:\/\/newsestlyonnais.fr\/site\/2016\/12\/19\/genas-les-resultats-du-week-end-de-lesga-foot-5\/","og_locale":"fr_FR","og_type":"article","og_title":"Genas: Les r\u00e9sultats du week-end de l'ES Genas Azieu Foot","og_description":"Genas: Les r\u00e9sultats du week-end de l'ES Genas Azieu Foot","og_url":"https:\/\/newsestlyonnais.fr\/site\/2016\/12\/19\/genas-les-resultats-du-week-end-de-lesga-foot-5\/","og_site_name":"News Est Lyonnais","article_author":"https:\/\/www.facebook.com\/pascal.oberson.1?fref=ts","article_published_time":"2016-12-19T11:18:56+00:00","article_modified_time":"2020-11-03T08:19:56+00:00","og_image":[{"width":1000,"height":750,"url":"https:\/\/i0.wp.com\/newsestlyonnais.fr\/site\/wp-content\/uploads\/2016\/11\/logo-genas.jpg?fit=1000%2C750&ssl=1","type":"image\/jpeg"}],"author":"R\u00e9dac. NEWS","twitter_card":"summary_large_image","twitter_misc":{"\u00c9crit par":"R\u00e9dac. NEWS","Dur\u00e9e de lecture estim\u00e9e":"1 minute"},"schema":{"@context":"https:\/\/schema.org","@graph":[{"@type":"Article","@id":"https:\/\/newsestlyonnais.fr\/site\/2016\/12\/19\/genas-les-resultats-du-week-end-de-lesga-foot-5\/#article","isPartOf":{"@id":"https:\/\/newsestlyonnais.fr\/site\/2016\/12\/19\/genas-les-resultats-du-week-end-de-lesga-foot-5\/"},"author":{"name":"R\u00e9dac. NEWS","@id":"https:\/\/newsestlyonnais.fr\/site\/#\/schema\/person\/3230d5615f390bb808365d673001e887"},"headline":"Genas | Les r\u00e9sultats du week-end de l&rsquo;ESGA Foot","datePublished":"2016-12-19T11:18:56+00:00","dateModified":"2020-11-03T08:19:56+00:00","mainEntityOfPage":{"@id":"https:\/\/newsestlyonnais.fr\/site\/2016\/12\/19\/genas-les-resultats-du-week-end-de-lesga-foot-5\/"},"wordCount":129,"commentCount":0,"publisher":{"@id":"https:\/\/newsestlyonnais.fr\/site\/#organization"},"image":{"@id":"https:\/\/newsestlyonnais.fr\/site\/2016\/12\/19\/genas-les-resultats-du-week-end-de-lesga-foot-5\/#primaryimage"},"thumbnailUrl":"https:\/\/newsestlyonnais.fr\/site\/wp-content\/uploads\/2016\/11\/logo-genas.jpg","articleSection":["CCEL | Communes","Foot | Futsal","Foot | Rugby","Genas"],"inLanguage":"fr-FR","potentialAction":[{"@type":"CommentAction","name":"Comment","target":["https:\/\/newsestlyonnais.fr\/site\/2016\/12\/19\/genas-les-resultats-du-week-end-de-lesga-foot-5\/#respond"]}]},{"@type":"WebPage","@id":"https:\/\/newsestlyonnais.fr\/site\/2016\/12\/19\/genas-les-resultats-du-week-end-de-lesga-foot-5\/","url":"https:\/\/newsestlyonnais.fr\/site\/2016\/12\/19\/genas-les-resultats-du-week-end-de-lesga-foot-5\/","name":"Genas: Les r\u00e9sultats du week-end de l'ES Genas Azieu Foot","isPartOf":{"@id":"https:\/\/newsestlyonnais.fr\/site\/#website"},"primaryImageOfPage":{"@id":"https:\/\/newsestlyonnais.fr\/site\/2016\/12\/19\/genas-les-resultats-du-week-end-de-lesga-foot-5\/#primaryimage"},"image":{"@id":"https:\/\/newsestlyonnais.fr\/site\/2016\/12\/19\/genas-les-resultats-du-week-end-de-lesga-foot-5\/#primaryimage"},"thumbnailUrl":"https:\/\/newsestlyonnais.fr\/site\/wp-content\/uploads\/2016\/11\/logo-genas.jpg","datePublished":"2016-12-19T11:18:56+00:00","dateModified":"2020-11-03T08:19:56+00:00","description":"Genas: Les r\u00e9sultats du week-end de l'ES Genas Azieu Foot","breadcrumb":{"@id":"https:\/\/newsestlyonnais.fr\/site\/2016\/12\/19\/genas-les-resultats-du-week-end-de-lesga-foot-5\/#breadcrumb"},"inLanguage":"fr-FR","potentialAction":[{"@type":"ReadAction","target":["https:\/\/newsestlyonnais.fr\/site\/2016\/12\/19\/genas-les-resultats-du-week-end-de-lesga-foot-5\/"]}]},{"@type":"ImageObject","inLanguage":"fr-FR","@id":"https:\/\/newsestlyonnais.fr\/site\/2016\/12\/19\/genas-les-resultats-du-week-end-de-lesga-foot-5\/#primaryimage","url":"https:\/\/newsestlyonnais.fr\/site\/wp-content\/uploads\/2016\/11\/logo-genas.jpg","contentUrl":"https:\/\/newsestlyonnais.fr\/site\/wp-content\/uploads\/2016\/11\/logo-genas.jpg","width":1000,"height":750},{"@type":"BreadcrumbList","@id":"https:\/\/newsestlyonnais.fr\/site\/2016\/12\/19\/genas-les-resultats-du-week-end-de-lesga-foot-5\/#breadcrumb","itemListElement":[{"@type":"ListItem","position":1,"name":"Accueil","item":"https:\/\/newsestlyonnais.fr\/site\/"},{"@type":"ListItem","position":2,"name":"Genas | Les r\u00e9sultats du week-end de l&rsquo;ESGA Foot"}]},{"@type":"WebSite","@id":"https:\/\/newsestlyonnais.fr\/site\/#website","url":"https:\/\/newsestlyonnais.fr\/site\/","name":"News Est Lyonnais","description":"L&#039;actualit\u00e9 au plus pr\u00e8s","publisher":{"@id":"https:\/\/newsestlyonnais.fr\/site\/#organization"},"potentialAction":[{"@type":"SearchAction","target":{"@type":"EntryPoint","urlTemplate":"https:\/\/newsestlyonnais.fr\/site\/?s={search_term_string}"},"query-input":{"@type":"PropertyValueSpecification","valueRequired":true,"valueName":"search_term_string"}}],"inLanguage":"fr-FR"},{"@type":"Organization","@id":"https:\/\/newsestlyonnais.fr\/site\/#organization","name":"News EST LYONNAIS","url":"https:\/\/newsestlyonnais.fr\/site\/","logo":{"@type":"ImageObject","inLanguage":"fr-FR","@id":"https:\/\/newsestlyonnais.fr\/site\/#\/schema\/logo\/image\/","url":"","contentUrl":"","caption":"News EST LYONNAIS"},"image":{"@id":"https:\/\/newsestlyonnais.fr\/site\/#\/schema\/logo\/image\/"}},{"@type":"Person","@id":"https:\/\/newsestlyonnais.fr\/site\/#\/schema\/person\/3230d5615f390bb808365d673001e887","name":"R\u00e9dac. NEWS","sameAs":["http:\/\/www.newsestlyonnais.fr","https:\/\/www.facebook.com\/pascal.oberson.1?fref=ts","https:\/\/fr.linkedin.com\/in\/pascal-oberson-b17045113"],"url":"https:\/\/newsestlyonnais.fr\/site\/author\/nel\/"}]}},"_links":{"self":[{"href":"https:\/\/newsestlyonnais.fr\/site\/wp-json\/wp\/v2\/posts\/17608","targetHints":{"allow":["GET"]}}],"collection":[{"href":"https:\/\/newsestlyonnais.fr\/site\/wp-json\/wp\/v2\/posts"}],"about":[{"href":"https:\/\/newsestlyonnais.fr\/site\/wp-json\/wp\/v2\/types\/post"}],"author":[{"embeddable":true,"href":"https:\/\/newsestlyonnais.fr\/site\/wp-json\/wp\/v2\/users\/4"}],"replies":[{"embeddable":true,"href":"https:\/\/newsestlyonnais.fr\/site\/wp-json\/wp\/v2\/comments?post=17608"}],"version-history":[{"count":0,"href":"https:\/\/newsestlyonnais.fr\/site\/wp-json\/wp\/v2\/posts\/17608\/revisions"}],"wp:featuredmedia":[{"embeddable":true,"href":"https:\/\/newsestlyonnais.fr\/site\/wp-json\/wp\/v2\/media\/16504"}],"wp:attachment":[{"href":"https:\/\/newsestlyonnais.fr\/site\/wp-json\/wp\/v2\/media?parent=17608"}],"wp:term":[{"taxonomy":"category","embeddable":true,"href":"https:\/\/newsestlyonnais.fr\/site\/wp-json\/wp\/v2\/categories?post=17608"},{"taxonomy":"post_tag","embeddable":true,"href":"https:\/\/newsestlyonnais.fr\/site\/wp-json\/wp\/v2\/tags?post=17608"}],"curies":[{"name":"wp","href":"https:\/\/api.w.org\/{rel}","templated":true}]}}