{"id":17629,"date":"2016-12-19T18:40:20","date_gmt":"2016-12-19T17:40:20","guid":{"rendered":"http:\/\/newsestlyonnais.fr\/site\/?p=17629"},"modified":"2020-11-06T15:53:48","modified_gmt":"2020-11-06T14:53:48","slug":"venissieux-week-end-de-cohesion-passages-de-grades-sen-no-sen-karate","status":"publish","type":"post","link":"https:\/\/newsestlyonnais.fr\/site\/2016\/12\/19\/venissieux-week-end-de-cohesion-passages-de-grades-sen-no-sen-karate\/","title":{"rendered":"VENISSIEUX | Week-end de coh\u00e9sion et passages de grades au Sen No Sen Karat\u00e9"},"content":{"rendered":"<div id=\"io-ox-windowmanager\" class=\"abs\">\n<div id=\"io-ox-windowmanager-pane\" class=\"atb\">\n<div id=\"window-1\" class=\"window-container io-ox-mail-detail-window chromeless-window\">\n<div class=\"window-container-center\">\n<div class=\"window-body\">\n<div class=\"abs window-content detail-view-app\">\n<div class=\"thread-view-control abs\">\n<div class=\"thread-view-list scrollable abs\">\n<div class=\"thread-view list-view\">\n<article class=\"list-item mail-item mail-detail f6-target expanded\">\n<section class=\"body user-select-text\">\n<div class=\"mail-detail-content noI18n colorQuoted simple-mail\">\n<div id=\"ox-f5b75d5e4c\">\n<div dir=\"ltr\">\n<h4 class=\"ox-f5b75d5e4c-MsoNormal\">Pas de comp\u00e9tition ce week-end, pour le Sen No Sen Karat\u00e9 V\u00e9nissieux mais une activit\u00e9 coh\u00e9sion le samedi et passages de grades pour une centaine d\u2019enfants le dimanche.<\/h4>\n<ul>\n<li class=\"ox-f5b75d5e4c-MsoNormal\">Samedi, la commission animation-\u00e9v\u00e8nementiel du Sen No Sen proposait une sortie au Laser Game \u00e0 V\u00e9nissieux (Shoot\u2019in) aux enfants (\u00e0 partir de 8 ans), adolescents et adultes. Activit\u00e9 qui a rencontr\u00e9 un franc succ\u00e8s avec une quarantaine de participants, m\u00ealant nouveaux arrivants dans l\u2019association et anciens du club.<\/li>\n<li class=\"ox-f5b75d5e4c-MsoNormal\">Dimanche, le Sen No Sen organisait un passage de grades pour les poussins (6-7 ans, voir PHOTO A LA UNE), pupilles (8-9 ans) et benjamins (10-11 ans). Une centaine d\u2019enfants \u00e9taient pr\u00e9sents, r\u00e9compens\u00e9s de leurs efforts par un dipl\u00f4me, une nouvelle ceinture ou des barrettes marquant leur progression et un petit cadeau gourmand.<\/li>\n<\/ul>\n<p><strong>Retrouvez toute l&rsquo;ACTU du club sur: <a href=\"http:\/\/sennosen.e-monsite.com\" target=\"_blank\" rel=\"noopener noreferrer\">http:\/\/sennosen.e-monsite.com<\/a><\/strong><\/p>\n<figure id=\"attachment_17640\" aria-describedby=\"caption-attachment-17640\" style=\"width: 1000px\" class=\"wp-caption alignleft\"><img loading=\"lazy\" decoding=\"async\" class=\"size-full wp-image-17640\" src=\"https:\/\/newsestlyonnais.fr\/site\/medias\/2016\/12\/NEWSESTLYONNAIS-LASER-GAME.jpg\" alt=\"Une quarantaine de particpants \u00e0 la sortie laser game du samedi\" width=\"1000\" height=\"750\" \/><figcaption id=\"caption-attachment-17640\" class=\"wp-caption-text\">Une quarantaine de particpants \u00e0 la sortie laser game du samedi<\/figcaption><\/figure>\n<\/div>\n<\/div>\n<\/div>\n<\/section>\n<\/article>\n<\/div>\n<\/div>\n<\/div>\n<\/div>\n<\/div>\n<\/div>\n<\/div>\n<\/div>\n<\/div>\n","protected":false},"excerpt":{"rendered":"<p>Pas de comp\u00e9tition ce week-end, pour le Sen No Sen Karat\u00e9 V\u00e9nissieux mais une activit\u00e9 coh\u00e9sion le samedi et passages de grades pour une centaine d\u2019enfants le dimanche. Samedi, la commission animation-\u00e9v\u00e8nementiel du Sen No Sen proposait une sortie au Laser Game \u00e0 V\u00e9nissieux (Shoot\u2019in) aux enfants (\u00e0 partir de 8 ans), adolescents et adultes. [&hellip;]<\/p>\n","protected":false},"author":4,"featured_media":0,"comment_status":"open","ping_status":"open","sticky":false,"template":"","format":"standard","meta":{"footnotes":""},"categories":[2994,1353,1298],"tags":[],"class_list":["post-17629","post","type-post","status-publish","format-standard","hentry","category-judo-karate-taekwondo-sports","category-karate","category-venissieux"],"yoast_head":"<!-- This site is optimized with the Yoast SEO plugin v27.2 - https:\/\/yoast.com\/product\/yoast-seo-wordpress\/ -->\n<title>VENISSIEUX : Week-end de coh\u00e9sion et passages de grades au Sen No Sen Karat\u00e9<\/title>\n<meta name=\"description\" content=\"VENISSIEUX : Week-end de coh\u00e9sion et passages de grades au Sen No Sen Karat\u00e9\" \/>\n<meta name=\"robots\" content=\"index, follow, max-snippet:-1, max-image-preview:large, max-video-preview:-1\" \/>\n<link rel=\"canonical\" href=\"https:\/\/newsestlyonnais.fr\/site\/2016\/12\/19\/venissieux-week-end-de-cohesion-passages-de-grades-sen-no-sen-karate\/\" \/>\n<meta property=\"og:locale\" content=\"fr_FR\" \/>\n<meta property=\"og:type\" content=\"article\" \/>\n<meta property=\"og:title\" content=\"VENISSIEUX : Week-end de coh\u00e9sion et passages de grades au Sen No Sen Karat\u00e9\" \/>\n<meta property=\"og:description\" content=\"VENISSIEUX : Week-end de coh\u00e9sion et passages de grades au Sen No Sen Karat\u00e9\" \/>\n<meta property=\"og:url\" content=\"https:\/\/newsestlyonnais.fr\/site\/2016\/12\/19\/venissieux-week-end-de-cohesion-passages-de-grades-sen-no-sen-karate\/\" \/>\n<meta property=\"og:site_name\" content=\"News Est Lyonnais\" \/>\n<meta property=\"article:author\" content=\"https:\/\/www.facebook.com\/pascal.oberson.1?fref=ts\" \/>\n<meta property=\"article:published_time\" content=\"2016-12-19T17:40:20+00:00\" \/>\n<meta property=\"article:modified_time\" content=\"2020-11-06T14:53:48+00:00\" \/>\n<meta property=\"og:image\" content=\"http:\/\/newsestlyonnais.fr\/site\/medias\/2016\/12\/NEWSESTLYONNAIS-LASER-GAME.jpg\" \/>\n<meta name=\"author\" content=\"R\u00e9dac. NEWS\" \/>\n<meta name=\"twitter:card\" content=\"summary_large_image\" \/>\n<meta name=\"twitter:label1\" content=\"\u00c9crit par\" \/>\n\t<meta name=\"twitter:data1\" content=\"R\u00e9dac. NEWS\" \/>\n\t<meta name=\"twitter:label2\" content=\"Dur\u00e9e de lecture estim\u00e9e\" \/>\n\t<meta name=\"twitter:data2\" content=\"1 minute\" \/>\n<script type=\"application\/ld+json\" class=\"yoast-schema-graph\">{\"@context\":\"https:\/\/schema.org\",\"@graph\":[{\"@type\":\"Article\",\"@id\":\"https:\/\/newsestlyonnais.fr\/site\/2016\/12\/19\/venissieux-week-end-de-cohesion-passages-de-grades-sen-no-sen-karate\/#article\",\"isPartOf\":{\"@id\":\"https:\/\/newsestlyonnais.fr\/site\/2016\/12\/19\/venissieux-week-end-de-cohesion-passages-de-grades-sen-no-sen-karate\/\"},\"author\":{\"name\":\"R\u00e9dac. NEWS\",\"@id\":\"https:\/\/newsestlyonnais.fr\/site\/#\/schema\/person\/3230d5615f390bb808365d673001e887\"},\"headline\":\"VENISSIEUX | Week-end de coh\u00e9sion et passages de grades au Sen No Sen Karat\u00e9\",\"datePublished\":\"2016-12-19T17:40:20+00:00\",\"dateModified\":\"2020-11-06T14:53:48+00:00\",\"mainEntityOfPage\":{\"@id\":\"https:\/\/newsestlyonnais.fr\/site\/2016\/12\/19\/venissieux-week-end-de-cohesion-passages-de-grades-sen-no-sen-karate\/\"},\"wordCount\":184,\"commentCount\":0,\"publisher\":{\"@id\":\"https:\/\/newsestlyonnais.fr\/site\/#organization\"},\"image\":{\"@id\":\"https:\/\/newsestlyonnais.fr\/site\/2016\/12\/19\/venissieux-week-end-de-cohesion-passages-de-grades-sen-no-sen-karate\/#primaryimage\"},\"thumbnailUrl\":\"http:\/\/newsestlyonnais.fr\/site\/medias\/2016\/12\/NEWSESTLYONNAIS-LASER-GAME.jpg\",\"articleSection\":[\"Judo| Karat\u00e9| Taekwondo\",\"Karat\u00e9\",\"V\u00e9nissieux\"],\"inLanguage\":\"fr-FR\",\"potentialAction\":[{\"@type\":\"CommentAction\",\"name\":\"Comment\",\"target\":[\"https:\/\/newsestlyonnais.fr\/site\/2016\/12\/19\/venissieux-week-end-de-cohesion-passages-de-grades-sen-no-sen-karate\/#respond\"]}]},{\"@type\":\"WebPage\",\"@id\":\"https:\/\/newsestlyonnais.fr\/site\/2016\/12\/19\/venissieux-week-end-de-cohesion-passages-de-grades-sen-no-sen-karate\/\",\"url\":\"https:\/\/newsestlyonnais.fr\/site\/2016\/12\/19\/venissieux-week-end-de-cohesion-passages-de-grades-sen-no-sen-karate\/\",\"name\":\"VENISSIEUX : Week-end de coh\u00e9sion et passages de grades au Sen No Sen Karat\u00e9\",\"isPartOf\":{\"@id\":\"https:\/\/newsestlyonnais.fr\/site\/#website\"},\"primaryImageOfPage\":{\"@id\":\"https:\/\/newsestlyonnais.fr\/site\/2016\/12\/19\/venissieux-week-end-de-cohesion-passages-de-grades-sen-no-sen-karate\/#primaryimage\"},\"image\":{\"@id\":\"https:\/\/newsestlyonnais.fr\/site\/2016\/12\/19\/venissieux-week-end-de-cohesion-passages-de-grades-sen-no-sen-karate\/#primaryimage\"},\"thumbnailUrl\":\"http:\/\/newsestlyonnais.fr\/site\/medias\/2016\/12\/NEWSESTLYONNAIS-LASER-GAME.jpg\",\"datePublished\":\"2016-12-19T17:40:20+00:00\",\"dateModified\":\"2020-11-06T14:53:48+00:00\",\"description\":\"VENISSIEUX : Week-end de coh\u00e9sion et passages de grades au Sen No Sen Karat\u00e9\",\"breadcrumb\":{\"@id\":\"https:\/\/newsestlyonnais.fr\/site\/2016\/12\/19\/venissieux-week-end-de-cohesion-passages-de-grades-sen-no-sen-karate\/#breadcrumb\"},\"inLanguage\":\"fr-FR\",\"potentialAction\":[{\"@type\":\"ReadAction\",\"target\":[\"https:\/\/newsestlyonnais.fr\/site\/2016\/12\/19\/venissieux-week-end-de-cohesion-passages-de-grades-sen-no-sen-karate\/\"]}]},{\"@type\":\"ImageObject\",\"inLanguage\":\"fr-FR\",\"@id\":\"https:\/\/newsestlyonnais.fr\/site\/2016\/12\/19\/venissieux-week-end-de-cohesion-passages-de-grades-sen-no-sen-karate\/#primaryimage\",\"url\":\"http:\/\/newsestlyonnais.fr\/site\/medias\/2016\/12\/NEWSESTLYONNAIS-LASER-GAME.jpg\",\"contentUrl\":\"http:\/\/newsestlyonnais.fr\/site\/medias\/2016\/12\/NEWSESTLYONNAIS-LASER-GAME.jpg\"},{\"@type\":\"BreadcrumbList\",\"@id\":\"https:\/\/newsestlyonnais.fr\/site\/2016\/12\/19\/venissieux-week-end-de-cohesion-passages-de-grades-sen-no-sen-karate\/#breadcrumb\",\"itemListElement\":[{\"@type\":\"ListItem\",\"position\":1,\"name\":\"Accueil\",\"item\":\"https:\/\/newsestlyonnais.fr\/site\/\"},{\"@type\":\"ListItem\",\"position\":2,\"name\":\"VENISSIEUX | Week-end de coh\u00e9sion et passages de grades au Sen No Sen Karat\u00e9\"}]},{\"@type\":\"WebSite\",\"@id\":\"https:\/\/newsestlyonnais.fr\/site\/#website\",\"url\":\"https:\/\/newsestlyonnais.fr\/site\/\",\"name\":\"News Est Lyonnais\",\"description\":\"L&#039;actualit\u00e9 au plus pr\u00e8s\",\"publisher\":{\"@id\":\"https:\/\/newsestlyonnais.fr\/site\/#organization\"},\"potentialAction\":[{\"@type\":\"SearchAction\",\"target\":{\"@type\":\"EntryPoint\",\"urlTemplate\":\"https:\/\/newsestlyonnais.fr\/site\/?s={search_term_string}\"},\"query-input\":{\"@type\":\"PropertyValueSpecification\",\"valueRequired\":true,\"valueName\":\"search_term_string\"}}],\"inLanguage\":\"fr-FR\"},{\"@type\":\"Organization\",\"@id\":\"https:\/\/newsestlyonnais.fr\/site\/#organization\",\"name\":\"News EST LYONNAIS\",\"url\":\"https:\/\/newsestlyonnais.fr\/site\/\",\"logo\":{\"@type\":\"ImageObject\",\"inLanguage\":\"fr-FR\",\"@id\":\"https:\/\/newsestlyonnais.fr\/site\/#\/schema\/logo\/image\/\",\"url\":\"\",\"contentUrl\":\"\",\"caption\":\"News EST LYONNAIS\"},\"image\":{\"@id\":\"https:\/\/newsestlyonnais.fr\/site\/#\/schema\/logo\/image\/\"}},{\"@type\":\"Person\",\"@id\":\"https:\/\/newsestlyonnais.fr\/site\/#\/schema\/person\/3230d5615f390bb808365d673001e887\",\"name\":\"R\u00e9dac. NEWS\",\"sameAs\":[\"http:\/\/www.newsestlyonnais.fr\",\"https:\/\/www.facebook.com\/pascal.oberson.1?fref=ts\",\"https:\/\/fr.linkedin.com\/in\/pascal-oberson-b17045113\"],\"url\":\"https:\/\/newsestlyonnais.fr\/site\/author\/nel\/\"}]}<\/script>\n<!-- \/ Yoast SEO plugin. -->","yoast_head_json":{"title":"VENISSIEUX : Week-end de coh\u00e9sion et passages de grades au Sen No Sen Karat\u00e9","description":"VENISSIEUX : Week-end de coh\u00e9sion et passages de grades au Sen No Sen Karat\u00e9","robots":{"index":"index","follow":"follow","max-snippet":"max-snippet:-1","max-image-preview":"max-image-preview:large","max-video-preview":"max-video-preview:-1"},"canonical":"https:\/\/newsestlyonnais.fr\/site\/2016\/12\/19\/venissieux-week-end-de-cohesion-passages-de-grades-sen-no-sen-karate\/","og_locale":"fr_FR","og_type":"article","og_title":"VENISSIEUX : Week-end de coh\u00e9sion et passages de grades au Sen No Sen Karat\u00e9","og_description":"VENISSIEUX : Week-end de coh\u00e9sion et passages de grades au Sen No Sen Karat\u00e9","og_url":"https:\/\/newsestlyonnais.fr\/site\/2016\/12\/19\/venissieux-week-end-de-cohesion-passages-de-grades-sen-no-sen-karate\/","og_site_name":"News Est Lyonnais","article_author":"https:\/\/www.facebook.com\/pascal.oberson.1?fref=ts","article_published_time":"2016-12-19T17:40:20+00:00","article_modified_time":"2020-11-06T14:53:48+00:00","og_image":[{"url":"http:\/\/newsestlyonnais.fr\/site\/medias\/2016\/12\/NEWSESTLYONNAIS-LASER-GAME.jpg","type":"","width":"","height":""}],"author":"R\u00e9dac. NEWS","twitter_card":"summary_large_image","twitter_misc":{"\u00c9crit par":"R\u00e9dac. NEWS","Dur\u00e9e de lecture estim\u00e9e":"1 minute"},"schema":{"@context":"https:\/\/schema.org","@graph":[{"@type":"Article","@id":"https:\/\/newsestlyonnais.fr\/site\/2016\/12\/19\/venissieux-week-end-de-cohesion-passages-de-grades-sen-no-sen-karate\/#article","isPartOf":{"@id":"https:\/\/newsestlyonnais.fr\/site\/2016\/12\/19\/venissieux-week-end-de-cohesion-passages-de-grades-sen-no-sen-karate\/"},"author":{"name":"R\u00e9dac. NEWS","@id":"https:\/\/newsestlyonnais.fr\/site\/#\/schema\/person\/3230d5615f390bb808365d673001e887"},"headline":"VENISSIEUX | Week-end de coh\u00e9sion et passages de grades au Sen No Sen Karat\u00e9","datePublished":"2016-12-19T17:40:20+00:00","dateModified":"2020-11-06T14:53:48+00:00","mainEntityOfPage":{"@id":"https:\/\/newsestlyonnais.fr\/site\/2016\/12\/19\/venissieux-week-end-de-cohesion-passages-de-grades-sen-no-sen-karate\/"},"wordCount":184,"commentCount":0,"publisher":{"@id":"https:\/\/newsestlyonnais.fr\/site\/#organization"},"image":{"@id":"https:\/\/newsestlyonnais.fr\/site\/2016\/12\/19\/venissieux-week-end-de-cohesion-passages-de-grades-sen-no-sen-karate\/#primaryimage"},"thumbnailUrl":"http:\/\/newsestlyonnais.fr\/site\/medias\/2016\/12\/NEWSESTLYONNAIS-LASER-GAME.jpg","articleSection":["Judo| Karat\u00e9| Taekwondo","Karat\u00e9","V\u00e9nissieux"],"inLanguage":"fr-FR","potentialAction":[{"@type":"CommentAction","name":"Comment","target":["https:\/\/newsestlyonnais.fr\/site\/2016\/12\/19\/venissieux-week-end-de-cohesion-passages-de-grades-sen-no-sen-karate\/#respond"]}]},{"@type":"WebPage","@id":"https:\/\/newsestlyonnais.fr\/site\/2016\/12\/19\/venissieux-week-end-de-cohesion-passages-de-grades-sen-no-sen-karate\/","url":"https:\/\/newsestlyonnais.fr\/site\/2016\/12\/19\/venissieux-week-end-de-cohesion-passages-de-grades-sen-no-sen-karate\/","name":"VENISSIEUX : Week-end de coh\u00e9sion et passages de grades au Sen No Sen Karat\u00e9","isPartOf":{"@id":"https:\/\/newsestlyonnais.fr\/site\/#website"},"primaryImageOfPage":{"@id":"https:\/\/newsestlyonnais.fr\/site\/2016\/12\/19\/venissieux-week-end-de-cohesion-passages-de-grades-sen-no-sen-karate\/#primaryimage"},"image":{"@id":"https:\/\/newsestlyonnais.fr\/site\/2016\/12\/19\/venissieux-week-end-de-cohesion-passages-de-grades-sen-no-sen-karate\/#primaryimage"},"thumbnailUrl":"http:\/\/newsestlyonnais.fr\/site\/medias\/2016\/12\/NEWSESTLYONNAIS-LASER-GAME.jpg","datePublished":"2016-12-19T17:40:20+00:00","dateModified":"2020-11-06T14:53:48+00:00","description":"VENISSIEUX : Week-end de coh\u00e9sion et passages de grades au Sen No Sen Karat\u00e9","breadcrumb":{"@id":"https:\/\/newsestlyonnais.fr\/site\/2016\/12\/19\/venissieux-week-end-de-cohesion-passages-de-grades-sen-no-sen-karate\/#breadcrumb"},"inLanguage":"fr-FR","potentialAction":[{"@type":"ReadAction","target":["https:\/\/newsestlyonnais.fr\/site\/2016\/12\/19\/venissieux-week-end-de-cohesion-passages-de-grades-sen-no-sen-karate\/"]}]},{"@type":"ImageObject","inLanguage":"fr-FR","@id":"https:\/\/newsestlyonnais.fr\/site\/2016\/12\/19\/venissieux-week-end-de-cohesion-passages-de-grades-sen-no-sen-karate\/#primaryimage","url":"http:\/\/newsestlyonnais.fr\/site\/medias\/2016\/12\/NEWSESTLYONNAIS-LASER-GAME.jpg","contentUrl":"http:\/\/newsestlyonnais.fr\/site\/medias\/2016\/12\/NEWSESTLYONNAIS-LASER-GAME.jpg"},{"@type":"BreadcrumbList","@id":"https:\/\/newsestlyonnais.fr\/site\/2016\/12\/19\/venissieux-week-end-de-cohesion-passages-de-grades-sen-no-sen-karate\/#breadcrumb","itemListElement":[{"@type":"ListItem","position":1,"name":"Accueil","item":"https:\/\/newsestlyonnais.fr\/site\/"},{"@type":"ListItem","position":2,"name":"VENISSIEUX | Week-end de coh\u00e9sion et passages de grades au Sen No Sen Karat\u00e9"}]},{"@type":"WebSite","@id":"https:\/\/newsestlyonnais.fr\/site\/#website","url":"https:\/\/newsestlyonnais.fr\/site\/","name":"News Est Lyonnais","description":"L&#039;actualit\u00e9 au plus pr\u00e8s","publisher":{"@id":"https:\/\/newsestlyonnais.fr\/site\/#organization"},"potentialAction":[{"@type":"SearchAction","target":{"@type":"EntryPoint","urlTemplate":"https:\/\/newsestlyonnais.fr\/site\/?s={search_term_string}"},"query-input":{"@type":"PropertyValueSpecification","valueRequired":true,"valueName":"search_term_string"}}],"inLanguage":"fr-FR"},{"@type":"Organization","@id":"https:\/\/newsestlyonnais.fr\/site\/#organization","name":"News EST LYONNAIS","url":"https:\/\/newsestlyonnais.fr\/site\/","logo":{"@type":"ImageObject","inLanguage":"fr-FR","@id":"https:\/\/newsestlyonnais.fr\/site\/#\/schema\/logo\/image\/","url":"","contentUrl":"","caption":"News EST LYONNAIS"},"image":{"@id":"https:\/\/newsestlyonnais.fr\/site\/#\/schema\/logo\/image\/"}},{"@type":"Person","@id":"https:\/\/newsestlyonnais.fr\/site\/#\/schema\/person\/3230d5615f390bb808365d673001e887","name":"R\u00e9dac. NEWS","sameAs":["http:\/\/www.newsestlyonnais.fr","https:\/\/www.facebook.com\/pascal.oberson.1?fref=ts","https:\/\/fr.linkedin.com\/in\/pascal-oberson-b17045113"],"url":"https:\/\/newsestlyonnais.fr\/site\/author\/nel\/"}]}},"_links":{"self":[{"href":"https:\/\/newsestlyonnais.fr\/site\/wp-json\/wp\/v2\/posts\/17629","targetHints":{"allow":["GET"]}}],"collection":[{"href":"https:\/\/newsestlyonnais.fr\/site\/wp-json\/wp\/v2\/posts"}],"about":[{"href":"https:\/\/newsestlyonnais.fr\/site\/wp-json\/wp\/v2\/types\/post"}],"author":[{"embeddable":true,"href":"https:\/\/newsestlyonnais.fr\/site\/wp-json\/wp\/v2\/users\/4"}],"replies":[{"embeddable":true,"href":"https:\/\/newsestlyonnais.fr\/site\/wp-json\/wp\/v2\/comments?post=17629"}],"version-history":[{"count":0,"href":"https:\/\/newsestlyonnais.fr\/site\/wp-json\/wp\/v2\/posts\/17629\/revisions"}],"wp:attachment":[{"href":"https:\/\/newsestlyonnais.fr\/site\/wp-json\/wp\/v2\/media?parent=17629"}],"wp:term":[{"taxonomy":"category","embeddable":true,"href":"https:\/\/newsestlyonnais.fr\/site\/wp-json\/wp\/v2\/categories?post=17629"},{"taxonomy":"post_tag","embeddable":true,"href":"https:\/\/newsestlyonnais.fr\/site\/wp-json\/wp\/v2\/tags?post=17629"}],"curies":[{"name":"wp","href":"https:\/\/api.w.org\/{rel}","templated":true}]}}