{"id":176734,"date":"2023-02-17T09:31:06","date_gmt":"2023-02-17T08:31:06","guid":{"rendered":"https:\/\/newsestlyonnais.fr\/site\/?p=176734"},"modified":"2023-03-18T09:25:57","modified_gmt":"2023-03-18T08:25:57","slug":"les-prochaines-collectes-de-don-du-sang-dans-la-region-2","status":"publish","type":"post","link":"https:\/\/newsestlyonnais.fr\/site\/2023\/02\/17\/les-prochaines-collectes-de-don-du-sang-dans-la-region-2\/","title":{"rendered":"Les prochaines collectes de don du sang dans la r\u00e9gion"},"content":{"rendered":"<p><span style=\"font-size: 14pt; background-color: #000000; color: #ffcc00;\"><strong>Retrouvez les dates du 20 f\u00e9vrier au 31 mars 2023 :<\/strong><\/span><\/p>\n<p><span style=\"font-family: georgia, palatino, serif;\"><strong><span style=\"background-color: #000000; color: #3366ff; font-size: 14pt;\">EN PERMANENCE<\/span><br \/>\n<\/strong><\/span><\/p>\n<ul>\n<li>\n<div class=\"maps-title\">\n<div class=\"maps-title-left\">\n<p class=\"title\"><span style=\"font-family: georgia, palatino, serif;\"><strong>LYON 2<\/strong> (Place des Archives) du Lundi au vendredi : 8 h-19 h &amp; Samedi : 9 h-13 h.<\/span><\/p>\n<\/div>\n<\/div>\n<div class=\"maps-title\">\n<hr \/>\n<\/div>\n<\/li>\n<\/ul>\n<p><strong><span style=\"background-color: #000000; font-family: georgia, palatino, serif; font-size: 14pt; color: #3366ff;\">COLLECTES MOBILES <\/span><\/strong><\/p>\n<p><span style=\"font-family: georgia, palatino, serif; background-color: #000000; color: #ffcc00;\"><strong><span style=\"font-size: 14pt;\">FEVRIER 2023\u00a0<\/span> <\/strong><\/span><\/p>\n<p><span style=\"font-family: georgia, palatino, serif; background-color: #000000; color: #ffffff;\"><strong>Lundi 20 f\u00e9vrier<\/strong><\/span><\/p>\n<ul>\n<li><span style=\"font-family: georgia, palatino, serif;\"><strong>SEREZIN-DU-RHONE<\/strong> (Espace Jean Monnet de 15 h 15 \u00e0 19 h 15)<\/span><\/li>\n<\/ul>\n<p><span style=\"font-family: georgia, palatino, serif; background-color: #000000; color: #ffffff;\"><strong>Jeudi 23 f\u00e9vrier<\/strong><\/span><\/p>\n<ul>\n<li><span style=\"font-family: georgia, palatino, serif;\"><strong>MIRIBEL (01)<\/strong> (Salle Allegro de 14 h 30 \u00e0 19 h)<\/span><\/li>\n<li><span style=\"font-family: georgia, palatino, serif;\"><strong>SAINT-PIERRE-DE-CHANDIEU<\/strong> (Espace Deslyres de 15 h \u00e0 19 h)<\/span><\/li>\n<\/ul>\n<p><span style=\"font-family: georgia, palatino, serif;\"><strong><span style=\"background-color: #000000; color: #ffffff;\">Lundi 27 f\u00e9vrier <\/span><br \/>\n<\/strong><\/span><\/p>\n<ul>\n<li><span style=\"font-family: georgia, palatino, serif;\"><strong>LYON 2<\/strong> (Palais de la Bourse de 9 h \u00e0 14 h)<\/span><\/li>\n<li><span style=\"font-family: georgia, palatino, serif;\"><strong>LYON 2<\/strong> (Place de la Bourse de 15 h 30 \u00e0 19 h)<\/span><\/li>\n<\/ul>\n<p><strong><span style=\"font-family: georgia, palatino, serif; background-color: #000000; color: #ffffff;\">Mardi 28 f\u00e9vrier<\/span><\/strong><\/p>\n<ul>\n<li><span style=\"font-family: georgia, palatino, serif;\"><strong>LYON 2<\/strong> (Place de la Bourse de 9 h \u00e0 14 h &amp; 15 h 30 \u00e0 19 h)<\/span><\/li>\n<\/ul>\n<hr \/>\n<p><span style=\"color: #ffcc00; background-color: #000000; font-size: 14pt;\"><strong><span style=\"font-family: georgia, palatino, serif;\">MARS 2023<\/span><\/strong><\/span><\/p>\n<p><span style=\"font-family: georgia, palatino, serif; background-color: #000000; color: #ffffff;\"><strong>Jeudi 2 mars<\/strong><\/span><\/p>\n<ul>\n<li><span style=\"font-family: georgia, palatino, serif;\"><strong> MEYZIEU<\/strong> (Salle des F\u00eates de 15 h \u00e0 19 h)<\/span><\/li>\n<\/ul>\n<p><span style=\"background-color: #000000; color: #ffffff; font-family: georgia, palatino, serif;\"><strong>Vendredi 10 mars <\/strong><\/span><\/p>\n<ul>\n<li><span style=\"font-family: georgia, palatino, serif;\"><strong> GENAS<\/strong> (Salle Marius Berliet de 15 h \u00e0 19 h)<\/span><\/li>\n<\/ul>\n<p><strong><span style=\"font-family: georgia, palatino, serif; background-color: #000000; color: #ffffff;\">Mardi 14 mars<\/span><\/strong><\/p>\n<ul>\n<li><span style=\"font-family: georgia, palatino, serif;\"><strong> PUSIGNAN<\/strong> (Salle Jules Verne &#8211; Centre Culturel de l&rsquo;Odyss\u00e9e de 15 h 45 \u00e0 19 h 15)<\/span><\/li>\n<\/ul>\n<p><span style=\"font-family: georgia, palatino, serif; background-color: #000000; color: #ffffff;\"><strong>Mercredi 15 mars <\/strong><\/span><\/p>\n<ul>\n<li><span style=\"font-family: georgia, palatino, serif;\"><strong> CALUIRE ET CUIRE<\/strong> (Salle des F\u00eates de 15 h \u00e0 19 h)<\/span><\/li>\n<\/ul>\n<p><span style=\"font-family: georgia, palatino, serif;\"><strong><span style=\"background-color: #000000; color: #ffffff;\">Jeudi 16 mars<\/span><\/strong><\/span><\/p>\n<ul>\n<li><span style=\"font-family: georgia, palatino, serif;\"><strong>CORBAS<\/strong> (Salle des F\u00eates de 15 h 30 \u00e0 19 h)<\/span><\/li>\n<\/ul>\n<p><span style=\"font-family: georgia, palatino, serif; background-color: #000000; color: #ffffff;\"><strong>Mardi 21 mars<\/strong><\/span><\/p>\n<ul>\n<li><strong><span style=\"font-family: georgia, palatino, serif;\">MIONS <\/span><\/strong><span style=\"font-family: georgia, palatino, serif;\">(<\/span><span style=\"font-family: georgia, palatino, serif;\">Centre Culturel Jean Moulin de 15 h 15 \u00e0 19 h 15)<\/span><strong><span style=\"font-family: georgia, palatino, serif;\"><br \/>\n<\/span><\/strong><\/li>\n<\/ul>\n<p><strong><span style=\"background-color: #000000; color: #ffffff; font-family: georgia, palatino, serif;\">Mercredi 22 mars<\/span><br \/>\n<\/strong><\/p>\n<ul>\n<li><strong><span style=\"font-family: georgia, palatino, serif;\">DECINES-CHARPIEU <\/span><\/strong><span style=\"font-family: georgia, palatino, serif;\">(<\/span><span style=\"font-family: georgia, palatino, serif;\">Salle des F\u00eates de 14 h 30 \u00e0 19 h)<\/span><strong><span style=\"font-family: georgia, palatino, serif;\"><br \/>\n<\/span><\/strong><\/li>\n<\/ul>\n<p><span style=\"font-family: georgia, palatino, serif; background-color: #000000; color: #ffffff;\"><strong>Jeudi 23 mars<\/strong> <\/span><\/p>\n<ul>\n<li><span style=\"font-family: georgia, palatino, serif;\"><strong>COMMUNAY<\/strong> (Salle des F\u00eates de la Plaine de 15 h 30 \u00e0 19 h 15)<\/span><\/li>\n<li><span style=\"font-family: georgia, palatino, serif;\"><strong>LYON 7<\/strong> (Campus Promotrans de 8 h 30 \u00e0 12 h 30)<\/span><\/li>\n<\/ul>\n<p><span style=\"background-color: #000000; color: #ffffff;\"><strong><span style=\"font-family: georgia, palatino, serif;\">Vendredi 24 mars <\/span><\/strong><\/span><\/p>\n<ul>\n<li>\n<p class=\"card-location__title\"><span style=\"font-family: georgia, palatino, serif;\"><strong>LYON 7<\/strong> (Ecole de Cond\u00e9 LYON de 9 h \u00e0 12 h 30)<\/span><\/p>\n<\/li>\n<li>\n<p class=\"card-location__title\"><span style=\"font-family: georgia, palatino, serif;\"><strong>SAINTE-FOY-LES-LYON<\/strong> (L&rsquo;Ellipse de 15 h \u00e0 19 h)<\/span><\/p>\n<\/li>\n<\/ul>\n<p><span style=\"font-family: georgia, palatino, serif;\"><strong><span style=\"background-color: #000000; color: #ffffff;\">Mardi 28 mars<\/span><\/strong><\/span><\/p>\n<ul>\n<li><span style=\"font-family: georgia, palatino, serif;\"><strong>COLOMBIER-SAUGNIEU<\/strong> (Salles Festives de 15 h 15 \u00e0 19 h 15)<\/span><\/li>\n<\/ul>\n<p><span style=\"background-color: #000000; color: #ffffff;\"><strong><span style=\"font-family: georgia, palatino, serif;\">Mercredi 29 mars <\/span><\/strong><\/span><\/p>\n<ul>\n<li><span style=\"font-family: georgia, palatino, serif;\"><strong> CHAPONNAY<\/strong> (Espace Jean Gabin &#8211; Salle Plantier de 15 h \u00e0 19 h)<br \/>\n<\/span><\/li>\n<li><span style=\"font-family: georgia, palatino, serif;\"><strong>RILLIEUX-LA-PAPE<\/strong> (Salle Simone Veil de 15 h \u00e0 19 h)<\/span><\/li>\n<\/ul>\n<p><span style=\"font-family: georgia, palatino, serif; background-color: #000000; color: #ffffff;\"><strong>Vendredi 31 mars <\/strong><\/span><\/p>\n<ul>\n<li><span style=\"font-family: georgia, palatino, serif;\"><strong>BRON<\/strong> (Espace Roger Pestourie, Place du 11 Novembre 1918 de 15 h \u00e0 19 h)<\/span><\/li>\n<li>\n<p class=\"card-location__title\"><strong><span style=\"font-family: georgia, palatino, serif;\">VILLEURBANNE <\/span><\/strong><span style=\"font-family: georgia, palatino, serif;\">(158 Rue L\u00e9on Blum de 12 h 30 \u00e0 16 h 30)<\/span><\/p>\n<\/li>\n<\/ul>\n<hr \/>\n<p><span style=\"font-size: 14pt; background-color: #000000;\"><strong><span style=\"color: #ffffff;\">&gt;&gt; Plus d\u2019infos sur : <\/span><span style=\"color: #ffcc00;\"><a style=\"background-color: #000000; color: #ffcc00;\" href=\"https:\/\/dondesang.efs.sante.fr\">https:\/\/dondesang.efs.sante.fr<\/a><\/span><\/strong><\/span><\/p>\n","protected":false},"excerpt":{"rendered":"<p>Les citoyens sont convi\u00e9s \u00e0 donner leur sang sur les sites de collectes de l\u2019Etablissement Fran\u00e7ais du Sang (EFS).<\/p>\n","protected":false},"author":4,"featured_media":62746,"comment_status":"open","ping_status":"open","sticky":false,"template":"","format":"standard","meta":{"footnotes":""},"categories":[156,4153,19,1620,4152,270,4148,1295,1280,4149,1287,21,1598,1279,1625,24,1286,1623,18,1293,29],"tags":[2028,2169,4364,3185],"class_list":["post-176734","post","type-post","status-publish","format-standard","has-post-thumbnail","hentry","category-ain","category-ain-isere","category-bron","category-caluire","category-caluire-rillieux-la-pape","category-cte-de-communes-c-c-e-l","category-chaponnay","category-chaponnay-ternay-pays-dozon","category-colombier-saugnieu","category-communay-marennes","category-corbas-feyzin","category-decines-charpieu","category-genas","category-jons-pusignan","category-lyon","category-meyzieu","category-mions","category-rillieux-la-pape","category-sante-bien-etre-solidarite","category-st-pierre-de-chandieu-toussieu","category-villeurbanne","tag-collecte","tag-don-du-sang","tag-efs","tag-etablissement-francais-du-sang"],"yoast_head":"<!-- This site is optimized with the Yoast SEO plugin v27.2 - https:\/\/yoast.com\/product\/yoast-seo-wordpress\/ -->\n<title>Les prochaines collectes de don du sang dans la r\u00e9gion - News Est Lyonnais<\/title>\n<meta name=\"description\" content=\"Les prochaines collectes de don du sang dans la r\u00e9gion\" \/>\n<meta name=\"robots\" content=\"index, follow, max-snippet:-1, max-image-preview:large, max-video-preview:-1\" \/>\n<link rel=\"canonical\" href=\"https:\/\/newsestlyonnais.fr\/site\/2023\/02\/17\/les-prochaines-collectes-de-don-du-sang-dans-la-region-2\/\" \/>\n<meta property=\"og:locale\" content=\"fr_FR\" \/>\n<meta property=\"og:type\" content=\"article\" \/>\n<meta property=\"og:title\" content=\"Les prochaines collectes de don du sang dans la r\u00e9gion - News Est Lyonnais\" \/>\n<meta property=\"og:description\" content=\"Les prochaines collectes de don du sang dans la r\u00e9gion\" \/>\n<meta property=\"og:url\" content=\"https:\/\/newsestlyonnais.fr\/site\/2023\/02\/17\/les-prochaines-collectes-de-don-du-sang-dans-la-region-2\/\" \/>\n<meta property=\"og:site_name\" content=\"News Est Lyonnais\" \/>\n<meta property=\"article:author\" content=\"https:\/\/www.facebook.com\/pascal.oberson.1?fref=ts\" \/>\n<meta property=\"article:published_time\" content=\"2023-02-17T08:31:06+00:00\" \/>\n<meta property=\"article:modified_time\" content=\"2023-03-18T08:25:57+00:00\" \/>\n<meta property=\"og:image\" content=\"https:\/\/newsestlyonnais.fr\/site\/wp-content\/uploads\/2019\/01\/NEWSESTLYONNAIS-DON-DU-SANG.jpg\" \/>\n\t<meta property=\"og:image:width\" content=\"700\" \/>\n\t<meta property=\"og:image:height\" content=\"394\" \/>\n\t<meta property=\"og:image:type\" content=\"image\/jpeg\" \/>\n<meta name=\"author\" content=\"R\u00e9dac. NEWS\" \/>\n<meta name=\"twitter:card\" content=\"summary_large_image\" \/>\n<meta name=\"twitter:label1\" content=\"\u00c9crit par\" \/>\n\t<meta name=\"twitter:data1\" content=\"R\u00e9dac. NEWS\" \/>\n\t<meta name=\"twitter:label2\" content=\"Dur\u00e9e de lecture estim\u00e9e\" \/>\n\t<meta name=\"twitter:data2\" content=\"2 minutes\" \/>\n<script type=\"application\/ld+json\" class=\"yoast-schema-graph\">{\"@context\":\"https:\/\/schema.org\",\"@graph\":[{\"@type\":\"Article\",\"@id\":\"https:\/\/newsestlyonnais.fr\/site\/2023\/02\/17\/les-prochaines-collectes-de-don-du-sang-dans-la-region-2\/#article\",\"isPartOf\":{\"@id\":\"https:\/\/newsestlyonnais.fr\/site\/2023\/02\/17\/les-prochaines-collectes-de-don-du-sang-dans-la-region-2\/\"},\"author\":{\"name\":\"R\u00e9dac. NEWS\",\"@id\":\"https:\/\/newsestlyonnais.fr\/site\/#\/schema\/person\/3230d5615f390bb808365d673001e887\"},\"headline\":\"Les prochaines collectes de don du sang dans la r\u00e9gion\",\"datePublished\":\"2023-02-17T08:31:06+00:00\",\"dateModified\":\"2023-03-18T08:25:57+00:00\",\"mainEntityOfPage\":{\"@id\":\"https:\/\/newsestlyonnais.fr\/site\/2023\/02\/17\/les-prochaines-collectes-de-don-du-sang-dans-la-region-2\/\"},\"wordCount\":267,\"commentCount\":0,\"publisher\":{\"@id\":\"https:\/\/newsestlyonnais.fr\/site\/#organization\"},\"image\":{\"@id\":\"https:\/\/newsestlyonnais.fr\/site\/2023\/02\/17\/les-prochaines-collectes-de-don-du-sang-dans-la-region-2\/#primaryimage\"},\"thumbnailUrl\":\"https:\/\/newsestlyonnais.fr\/site\/wp-content\/uploads\/2019\/01\/NEWSESTLYONNAIS-DON-DU-SANG.jpg\",\"keywords\":[\"COLLECTE\",\"DON DU SANG\",\"EFS\",\"\u00c9tablissement fran\u00e7ais du sang\"],\"articleSection\":[\"Ain (01)\",\"Ain | Is\u00e8re\",\"Bron\",\"Caluire\",\"CALUIRE | RILLIEUX LA PAPE\",\"CCEL | Communes\",\"Chaponnay\",\"Chaponnay | Ternay | Pays d'Ozon\",\"Colombier-Saugnieu\",\"Communay | Marennes\",\"Corbas | Feyzin\",\"D\u00e9cines-Charpieu\",\"Genas\",\"Jons | Pusignan\",\"Lyon\",\"Meyzieu\",\"Mions\",\"Rillieux-la-Pape\",\"Sant\u00e9 | Bien Etre | Solidarit\u00e9\",\"St Pierre de Chandieu | Toussieu\",\"Villeurbanne\"],\"inLanguage\":\"fr-FR\",\"potentialAction\":[{\"@type\":\"CommentAction\",\"name\":\"Comment\",\"target\":[\"https:\/\/newsestlyonnais.fr\/site\/2023\/02\/17\/les-prochaines-collectes-de-don-du-sang-dans-la-region-2\/#respond\"]}]},{\"@type\":\"WebPage\",\"@id\":\"https:\/\/newsestlyonnais.fr\/site\/2023\/02\/17\/les-prochaines-collectes-de-don-du-sang-dans-la-region-2\/\",\"url\":\"https:\/\/newsestlyonnais.fr\/site\/2023\/02\/17\/les-prochaines-collectes-de-don-du-sang-dans-la-region-2\/\",\"name\":\"Les prochaines collectes de don du sang dans la r\u00e9gion - News Est Lyonnais\",\"isPartOf\":{\"@id\":\"https:\/\/newsestlyonnais.fr\/site\/#website\"},\"primaryImageOfPage\":{\"@id\":\"https:\/\/newsestlyonnais.fr\/site\/2023\/02\/17\/les-prochaines-collectes-de-don-du-sang-dans-la-region-2\/#primaryimage\"},\"image\":{\"@id\":\"https:\/\/newsestlyonnais.fr\/site\/2023\/02\/17\/les-prochaines-collectes-de-don-du-sang-dans-la-region-2\/#primaryimage\"},\"thumbnailUrl\":\"https:\/\/newsestlyonnais.fr\/site\/wp-content\/uploads\/2019\/01\/NEWSESTLYONNAIS-DON-DU-SANG.jpg\",\"datePublished\":\"2023-02-17T08:31:06+00:00\",\"dateModified\":\"2023-03-18T08:25:57+00:00\",\"description\":\"Les prochaines collectes de don du sang dans la r\u00e9gion\",\"breadcrumb\":{\"@id\":\"https:\/\/newsestlyonnais.fr\/site\/2023\/02\/17\/les-prochaines-collectes-de-don-du-sang-dans-la-region-2\/#breadcrumb\"},\"inLanguage\":\"fr-FR\",\"potentialAction\":[{\"@type\":\"ReadAction\",\"target\":[\"https:\/\/newsestlyonnais.fr\/site\/2023\/02\/17\/les-prochaines-collectes-de-don-du-sang-dans-la-region-2\/\"]}]},{\"@type\":\"ImageObject\",\"inLanguage\":\"fr-FR\",\"@id\":\"https:\/\/newsestlyonnais.fr\/site\/2023\/02\/17\/les-prochaines-collectes-de-don-du-sang-dans-la-region-2\/#primaryimage\",\"url\":\"https:\/\/newsestlyonnais.fr\/site\/wp-content\/uploads\/2019\/01\/NEWSESTLYONNAIS-DON-DU-SANG.jpg\",\"contentUrl\":\"https:\/\/newsestlyonnais.fr\/site\/wp-content\/uploads\/2019\/01\/NEWSESTLYONNAIS-DON-DU-SANG.jpg\",\"width\":700,\"height\":394,\"caption\":\"NEWSESTLYONNAIS DON DU SANG\"},{\"@type\":\"BreadcrumbList\",\"@id\":\"https:\/\/newsestlyonnais.fr\/site\/2023\/02\/17\/les-prochaines-collectes-de-don-du-sang-dans-la-region-2\/#breadcrumb\",\"itemListElement\":[{\"@type\":\"ListItem\",\"position\":1,\"name\":\"Accueil\",\"item\":\"https:\/\/newsestlyonnais.fr\/site\/\"},{\"@type\":\"ListItem\",\"position\":2,\"name\":\"Les prochaines collectes de don du sang dans la r\u00e9gion\"}]},{\"@type\":\"WebSite\",\"@id\":\"https:\/\/newsestlyonnais.fr\/site\/#website\",\"url\":\"https:\/\/newsestlyonnais.fr\/site\/\",\"name\":\"News Est Lyonnais\",\"description\":\"L&#039;actualit\u00e9 au plus pr\u00e8s\",\"publisher\":{\"@id\":\"https:\/\/newsestlyonnais.fr\/site\/#organization\"},\"potentialAction\":[{\"@type\":\"SearchAction\",\"target\":{\"@type\":\"EntryPoint\",\"urlTemplate\":\"https:\/\/newsestlyonnais.fr\/site\/?s={search_term_string}\"},\"query-input\":{\"@type\":\"PropertyValueSpecification\",\"valueRequired\":true,\"valueName\":\"search_term_string\"}}],\"inLanguage\":\"fr-FR\"},{\"@type\":\"Organization\",\"@id\":\"https:\/\/newsestlyonnais.fr\/site\/#organization\",\"name\":\"News EST LYONNAIS\",\"url\":\"https:\/\/newsestlyonnais.fr\/site\/\",\"logo\":{\"@type\":\"ImageObject\",\"inLanguage\":\"fr-FR\",\"@id\":\"https:\/\/newsestlyonnais.fr\/site\/#\/schema\/logo\/image\/\",\"url\":\"\",\"contentUrl\":\"\",\"caption\":\"News EST LYONNAIS\"},\"image\":{\"@id\":\"https:\/\/newsestlyonnais.fr\/site\/#\/schema\/logo\/image\/\"}},{\"@type\":\"Person\",\"@id\":\"https:\/\/newsestlyonnais.fr\/site\/#\/schema\/person\/3230d5615f390bb808365d673001e887\",\"name\":\"R\u00e9dac. NEWS\",\"sameAs\":[\"http:\/\/www.newsestlyonnais.fr\",\"https:\/\/www.facebook.com\/pascal.oberson.1?fref=ts\",\"https:\/\/fr.linkedin.com\/in\/pascal-oberson-b17045113\"],\"url\":\"https:\/\/newsestlyonnais.fr\/site\/author\/nel\/\"}]}<\/script>\n<!-- \/ Yoast SEO plugin. -->","yoast_head_json":{"title":"Les prochaines collectes de don du sang dans la r\u00e9gion - News Est Lyonnais","description":"Les prochaines collectes de don du sang dans la r\u00e9gion","robots":{"index":"index","follow":"follow","max-snippet":"max-snippet:-1","max-image-preview":"max-image-preview:large","max-video-preview":"max-video-preview:-1"},"canonical":"https:\/\/newsestlyonnais.fr\/site\/2023\/02\/17\/les-prochaines-collectes-de-don-du-sang-dans-la-region-2\/","og_locale":"fr_FR","og_type":"article","og_title":"Les prochaines collectes de don du sang dans la r\u00e9gion - News Est Lyonnais","og_description":"Les prochaines collectes de don du sang dans la r\u00e9gion","og_url":"https:\/\/newsestlyonnais.fr\/site\/2023\/02\/17\/les-prochaines-collectes-de-don-du-sang-dans-la-region-2\/","og_site_name":"News Est Lyonnais","article_author":"https:\/\/www.facebook.com\/pascal.oberson.1?fref=ts","article_published_time":"2023-02-17T08:31:06+00:00","article_modified_time":"2023-03-18T08:25:57+00:00","og_image":[{"width":700,"height":394,"url":"https:\/\/newsestlyonnais.fr\/site\/wp-content\/uploads\/2019\/01\/NEWSESTLYONNAIS-DON-DU-SANG.jpg","type":"image\/jpeg"}],"author":"R\u00e9dac. NEWS","twitter_card":"summary_large_image","twitter_misc":{"\u00c9crit par":"R\u00e9dac. NEWS","Dur\u00e9e de lecture estim\u00e9e":"2 minutes"},"schema":{"@context":"https:\/\/schema.org","@graph":[{"@type":"Article","@id":"https:\/\/newsestlyonnais.fr\/site\/2023\/02\/17\/les-prochaines-collectes-de-don-du-sang-dans-la-region-2\/#article","isPartOf":{"@id":"https:\/\/newsestlyonnais.fr\/site\/2023\/02\/17\/les-prochaines-collectes-de-don-du-sang-dans-la-region-2\/"},"author":{"name":"R\u00e9dac. NEWS","@id":"https:\/\/newsestlyonnais.fr\/site\/#\/schema\/person\/3230d5615f390bb808365d673001e887"},"headline":"Les prochaines collectes de don du sang dans la r\u00e9gion","datePublished":"2023-02-17T08:31:06+00:00","dateModified":"2023-03-18T08:25:57+00:00","mainEntityOfPage":{"@id":"https:\/\/newsestlyonnais.fr\/site\/2023\/02\/17\/les-prochaines-collectes-de-don-du-sang-dans-la-region-2\/"},"wordCount":267,"commentCount":0,"publisher":{"@id":"https:\/\/newsestlyonnais.fr\/site\/#organization"},"image":{"@id":"https:\/\/newsestlyonnais.fr\/site\/2023\/02\/17\/les-prochaines-collectes-de-don-du-sang-dans-la-region-2\/#primaryimage"},"thumbnailUrl":"https:\/\/newsestlyonnais.fr\/site\/wp-content\/uploads\/2019\/01\/NEWSESTLYONNAIS-DON-DU-SANG.jpg","keywords":["COLLECTE","DON DU SANG","EFS","\u00c9tablissement fran\u00e7ais du sang"],"articleSection":["Ain (01)","Ain | Is\u00e8re","Bron","Caluire","CALUIRE | RILLIEUX LA PAPE","CCEL | Communes","Chaponnay","Chaponnay | Ternay | Pays d'Ozon","Colombier-Saugnieu","Communay | Marennes","Corbas | Feyzin","D\u00e9cines-Charpieu","Genas","Jons | Pusignan","Lyon","Meyzieu","Mions","Rillieux-la-Pape","Sant\u00e9 | Bien Etre | Solidarit\u00e9","St Pierre de Chandieu | Toussieu","Villeurbanne"],"inLanguage":"fr-FR","potentialAction":[{"@type":"CommentAction","name":"Comment","target":["https:\/\/newsestlyonnais.fr\/site\/2023\/02\/17\/les-prochaines-collectes-de-don-du-sang-dans-la-region-2\/#respond"]}]},{"@type":"WebPage","@id":"https:\/\/newsestlyonnais.fr\/site\/2023\/02\/17\/les-prochaines-collectes-de-don-du-sang-dans-la-region-2\/","url":"https:\/\/newsestlyonnais.fr\/site\/2023\/02\/17\/les-prochaines-collectes-de-don-du-sang-dans-la-region-2\/","name":"Les prochaines collectes de don du sang dans la r\u00e9gion - News Est Lyonnais","isPartOf":{"@id":"https:\/\/newsestlyonnais.fr\/site\/#website"},"primaryImageOfPage":{"@id":"https:\/\/newsestlyonnais.fr\/site\/2023\/02\/17\/les-prochaines-collectes-de-don-du-sang-dans-la-region-2\/#primaryimage"},"image":{"@id":"https:\/\/newsestlyonnais.fr\/site\/2023\/02\/17\/les-prochaines-collectes-de-don-du-sang-dans-la-region-2\/#primaryimage"},"thumbnailUrl":"https:\/\/newsestlyonnais.fr\/site\/wp-content\/uploads\/2019\/01\/NEWSESTLYONNAIS-DON-DU-SANG.jpg","datePublished":"2023-02-17T08:31:06+00:00","dateModified":"2023-03-18T08:25:57+00:00","description":"Les prochaines collectes de don du sang dans la r\u00e9gion","breadcrumb":{"@id":"https:\/\/newsestlyonnais.fr\/site\/2023\/02\/17\/les-prochaines-collectes-de-don-du-sang-dans-la-region-2\/#breadcrumb"},"inLanguage":"fr-FR","potentialAction":[{"@type":"ReadAction","target":["https:\/\/newsestlyonnais.fr\/site\/2023\/02\/17\/les-prochaines-collectes-de-don-du-sang-dans-la-region-2\/"]}]},{"@type":"ImageObject","inLanguage":"fr-FR","@id":"https:\/\/newsestlyonnais.fr\/site\/2023\/02\/17\/les-prochaines-collectes-de-don-du-sang-dans-la-region-2\/#primaryimage","url":"https:\/\/newsestlyonnais.fr\/site\/wp-content\/uploads\/2019\/01\/NEWSESTLYONNAIS-DON-DU-SANG.jpg","contentUrl":"https:\/\/newsestlyonnais.fr\/site\/wp-content\/uploads\/2019\/01\/NEWSESTLYONNAIS-DON-DU-SANG.jpg","width":700,"height":394,"caption":"NEWSESTLYONNAIS DON DU SANG"},{"@type":"BreadcrumbList","@id":"https:\/\/newsestlyonnais.fr\/site\/2023\/02\/17\/les-prochaines-collectes-de-don-du-sang-dans-la-region-2\/#breadcrumb","itemListElement":[{"@type":"ListItem","position":1,"name":"Accueil","item":"https:\/\/newsestlyonnais.fr\/site\/"},{"@type":"ListItem","position":2,"name":"Les prochaines collectes de don du sang dans la r\u00e9gion"}]},{"@type":"WebSite","@id":"https:\/\/newsestlyonnais.fr\/site\/#website","url":"https:\/\/newsestlyonnais.fr\/site\/","name":"News Est Lyonnais","description":"L&#039;actualit\u00e9 au plus pr\u00e8s","publisher":{"@id":"https:\/\/newsestlyonnais.fr\/site\/#organization"},"potentialAction":[{"@type":"SearchAction","target":{"@type":"EntryPoint","urlTemplate":"https:\/\/newsestlyonnais.fr\/site\/?s={search_term_string}"},"query-input":{"@type":"PropertyValueSpecification","valueRequired":true,"valueName":"search_term_string"}}],"inLanguage":"fr-FR"},{"@type":"Organization","@id":"https:\/\/newsestlyonnais.fr\/site\/#organization","name":"News EST LYONNAIS","url":"https:\/\/newsestlyonnais.fr\/site\/","logo":{"@type":"ImageObject","inLanguage":"fr-FR","@id":"https:\/\/newsestlyonnais.fr\/site\/#\/schema\/logo\/image\/","url":"","contentUrl":"","caption":"News EST LYONNAIS"},"image":{"@id":"https:\/\/newsestlyonnais.fr\/site\/#\/schema\/logo\/image\/"}},{"@type":"Person","@id":"https:\/\/newsestlyonnais.fr\/site\/#\/schema\/person\/3230d5615f390bb808365d673001e887","name":"R\u00e9dac. NEWS","sameAs":["http:\/\/www.newsestlyonnais.fr","https:\/\/www.facebook.com\/pascal.oberson.1?fref=ts","https:\/\/fr.linkedin.com\/in\/pascal-oberson-b17045113"],"url":"https:\/\/newsestlyonnais.fr\/site\/author\/nel\/"}]}},"_links":{"self":[{"href":"https:\/\/newsestlyonnais.fr\/site\/wp-json\/wp\/v2\/posts\/176734","targetHints":{"allow":["GET"]}}],"collection":[{"href":"https:\/\/newsestlyonnais.fr\/site\/wp-json\/wp\/v2\/posts"}],"about":[{"href":"https:\/\/newsestlyonnais.fr\/site\/wp-json\/wp\/v2\/types\/post"}],"author":[{"embeddable":true,"href":"https:\/\/newsestlyonnais.fr\/site\/wp-json\/wp\/v2\/users\/4"}],"replies":[{"embeddable":true,"href":"https:\/\/newsestlyonnais.fr\/site\/wp-json\/wp\/v2\/comments?post=176734"}],"version-history":[{"count":0,"href":"https:\/\/newsestlyonnais.fr\/site\/wp-json\/wp\/v2\/posts\/176734\/revisions"}],"wp:featuredmedia":[{"embeddable":true,"href":"https:\/\/newsestlyonnais.fr\/site\/wp-json\/wp\/v2\/media\/62746"}],"wp:attachment":[{"href":"https:\/\/newsestlyonnais.fr\/site\/wp-json\/wp\/v2\/media?parent=176734"}],"wp:term":[{"taxonomy":"category","embeddable":true,"href":"https:\/\/newsestlyonnais.fr\/site\/wp-json\/wp\/v2\/categories?post=176734"},{"taxonomy":"post_tag","embeddable":true,"href":"https:\/\/newsestlyonnais.fr\/site\/wp-json\/wp\/v2\/tags?post=176734"}],"curies":[{"name":"wp","href":"https:\/\/api.w.org\/{rel}","templated":true}]}}