{"id":177113,"date":"2023-02-26T09:11:50","date_gmt":"2023-02-26T08:11:50","guid":{"rendered":"https:\/\/newsestlyonnais.fr\/site\/?p=177113"},"modified":"2023-03-05T19:02:24","modified_gmt":"2023-03-05T18:02:24","slug":"maxence-vidal-ce-que-je-prefere-cest-aider-les-joueurs-et-organisateurs-a-profiter-pleinement-de-leur-competition","status":"publish","type":"post","link":"https:\/\/newsestlyonnais.fr\/site\/2023\/02\/26\/maxence-vidal-ce-que-je-prefere-cest-aider-les-joueurs-et-organisateurs-a-profiter-pleinement-de-leur-competition\/","title":{"rendered":"Maxence Vidal : \u00ab\u00a0Ce que je pr\u00e9f\u00e8re, c&rsquo;est aider les joueurs et organisateurs \u00e0 profiter pleinement de leur comp\u00e9tition\u00a0\u00bb"},"content":{"rendered":"<p><span style=\"font-family: georgia, palatino, serif;\"><span style=\"background-color: #000000; color: #ffffff;\"><strong><span style=\"font-size: 14pt; background-color: #000000;\">Pr\u00e9sentation sommaire<\/span><\/strong><\/span><br \/>\n<\/span><\/p>\n<p><span style=\"font-family: georgia, palatino, serif;\"><span class=\"s1\"><span id=\"page1R_mcid1\" class=\"markedContent\"><span dir=\"ltr\" role=\"presentation\">\u00bb<\/span><\/span><\/span> J&rsquo;ai 28 ans, j&rsquo;habite \u00e0 Genas, je suis charg\u00e9 de compte clients <span class=\"s1\"><span id=\"page1R_mcid1\" class=\"markedContent\"><span dir=\"ltr\" role=\"presentation\"><span class=\"x4k7w5x x1h91t0o x1h9r5lt xv2umb2 x1beo9mf xaigb6o x12ejxvf x3igimt xarpa2k xedcshv x1lytzrv x1t2pt76 x7ja8zs x1qrby5j x1jfb8zj\"><strong>\u00ab<\/strong><\/span><\/span><\/span>.<\/span><br \/>\n<\/span><\/p>\n<p><span style=\"font-size: 14pt;\"><strong><span style=\"font-family: georgia, palatino, serif; background-color: #000000; color: #ffffff;\">Ton parcours sportif ?<\/span><\/strong><\/span><\/p>\n<p><span style=\"font-family: georgia, palatino, serif;\"><span class=\"s1\"><span id=\"page1R_mcid1\" class=\"markedContent\"><span dir=\"ltr\" role=\"presentation\">\u00bb<\/span><\/span><\/span> <strong>J&rsquo;ai touch\u00e9 \u00e0 pas mal de sports diff\u00e9rents<\/strong> : escrime, football, judo, tennis, tennis de table, handball et <\/span><span style=\"font-family: georgia, palatino, serif;\">donc badminton <span class=\"s1\"><span id=\"page1R_mcid1\" class=\"markedContent\"><span dir=\"ltr\" role=\"presentation\"><span class=\"x4k7w5x x1h91t0o x1h9r5lt xv2umb2 x1beo9mf xaigb6o x12ejxvf x3igimt xarpa2k xedcshv x1lytzrv x1t2pt76 x7ja8zs x1qrby5j x1jfb8zj\"><strong>\u00ab<\/strong><\/span><\/span><\/span>.<\/span><br \/>\n<\/span><\/p>\n<hr \/>\n<p><strong><span style=\"font-family: georgia, palatino, serif; background-color: #000000; color: #ffffff; font-size: 14pt;\">Comment as- tu d\u00e9marr\u00e9 le badminton ?<\/span><\/strong><\/p>\n<p><span style=\"font-family: georgia, palatino, serif;\"><span class=\"s1\"><span id=\"page1R_mcid1\" class=\"markedContent\"><span dir=\"ltr\" role=\"presentation\">\u00bb<\/span><\/span><\/span> <strong>J&rsquo;ai commenc\u00e9 seulement \u00e0 mes 18 ans \u00e0 Albertville<\/strong>, car il n&rsquo;y avait pas de club dans mon village <\/span><span style=\"font-family: georgia, palatino, serif;\">lorsque j&rsquo;\u00e9tais plus jeune. Ensuite, je suis pass\u00e9 par Challes-les-Eaux et je suis actuellement au club <\/span><span style=\"font-family: georgia, palatino, serif;\">de <span style=\"color: #0000ff;\"><a style=\"color: #0000ff;\" href=\"https:\/\/www.cbc69.fr\">Chassieu Badminton Club<\/a><\/span>. <\/span><\/p>\n<p><span style=\"font-family: georgia, palatino, serif;\"><strong>J&rsquo;ai jou\u00e9 jusqu&rsquo;\u00e0 un niveau R6 en double hommes<\/strong>. Mon palmar\u00e8s n&rsquo;est pas tr\u00e8s \u00e9toff\u00e9, <strong>je <\/strong><\/span><span style=\"font-family: georgia, palatino, serif;\"><strong>suis tout de m\u00eame fier d&rsquo;avoir notamment gagn\u00e9 le tournoi de Meylan<\/strong> qui est r\u00e9put\u00e9 dans la r\u00e9gion <span class=\"s1\"><span id=\"page1R_mcid1\" class=\"markedContent\"><span dir=\"ltr\" role=\"presentation\"><span class=\"x4k7w5x x1h91t0o x1h9r5lt xv2umb2 x1beo9mf xaigb6o x12ejxvf x3igimt xarpa2k xedcshv x1lytzrv x1t2pt76 x7ja8zs x1qrby5j x1jfb8zj\"><strong>\u00ab<\/strong><\/span><\/span><\/span>.<\/span><br \/>\n<\/span><\/p>\n<p><strong><span style=\"font-family: georgia, palatino, serif; background-color: #000000; color: #ffffff; font-size: 14pt;\">Tes points forts et pr\u00e9f\u00e9rences (en simple ou en double) ?<\/span><\/strong><\/p>\n<p><span style=\"font-family: georgia, palatino, serif;\"><span class=\"s1\"><span id=\"page1R_mcid1\" class=\"markedContent\"><span dir=\"ltr\" role=\"presentation\">\u00bb<\/span><\/span><\/span> <strong>J&rsquo;adore le double hommes<\/strong>, j&rsquo;ai un style de jeu de contre-attaque bas\u00e9 sur une solide d\u00e9fense <span class=\"s1\"><span id=\"page1R_mcid1\" class=\"markedContent\"><span dir=\"ltr\" role=\"presentation\"><span class=\"x4k7w5x x1h91t0o x1h9r5lt xv2umb2 x1beo9mf xaigb6o x12ejxvf x3igimt xarpa2k xedcshv x1lytzrv x1t2pt76 x7ja8zs x1qrby5j x1jfb8zj\"><strong>\u00ab<\/strong><\/span><\/span><\/span>.<\/span><br \/>\n<\/span><\/p>\n<hr \/>\n<p><strong><span style=\"font-family: georgia, palatino, serif; background-color: #000000; color: #ffffff; font-size: 14pt;\"><img loading=\"lazy\" decoding=\"async\" class=\"alignleft wp-image-177146\" src=\"https:\/\/newsestlyonnais.fr\/site\/wp-content\/uploads\/2023\/02\/CEJ_V3F_nov22_portrait.jpg\" alt=\"\" width=\"175\" height=\"582\" srcset=\"https:\/\/newsestlyonnais.fr\/site\/wp-content\/uploads\/2023\/02\/CEJ_V3F_nov22_portrait.jpg 308w, https:\/\/newsestlyonnais.fr\/site\/wp-content\/uploads\/2023\/02\/CEJ_V3F_nov22_portrait-250x832.jpg 250w, https:\/\/newsestlyonnais.fr\/site\/wp-content\/uploads\/2023\/02\/CEJ_V3F_nov22_portrait-150x499.jpg 150w, https:\/\/newsestlyonnais.fr\/site\/wp-content\/uploads\/2023\/02\/CEJ_V3F_nov22_portrait-50x166.jpg 50w, https:\/\/newsestlyonnais.fr\/site\/wp-content\/uploads\/2023\/02\/CEJ_V3F_nov22_portrait-100x333.jpg 100w, https:\/\/newsestlyonnais.fr\/site\/wp-content\/uploads\/2023\/02\/CEJ_V3F_nov22_portrait-200x666.jpg 200w, https:\/\/newsestlyonnais.fr\/site\/wp-content\/uploads\/2023\/02\/CEJ_V3F_nov22_portrait-300x998.jpg 300w\" sizes=\"auto, (max-width: 175px) 100vw, 175px\" \/>Tu es aussi juge-arbitre depuis quand et pourquoi ?<\/span><\/strong><\/p>\n<p><span style=\"font-family: georgia, palatino, serif;\"><span class=\"s1\"><span id=\"page1R_mcid1\" class=\"markedContent\"><span dir=\"ltr\" role=\"presentation\">\u00bb<\/span><\/span><\/span> <strong>Cela fait 8 ans que j&rsquo;ai commenc\u00e9 les formations de Juge-Arbitre<\/strong>. Au d\u00e9but, c&rsquo;\u00e9tait pour repr\u00e9senter mon club de l&rsquo;\u00e9poque, Albertville, en interclubs. <\/span><\/p>\n<p><span style=\"font-family: georgia, palatino, serif;\"><strong>Puis je me suis d\u00e9couvert une passion dans la fonction et depuis je continue mon \u00e9volution<\/strong> <span class=\"s1\"><span id=\"page1R_mcid1\" class=\"markedContent\"><span dir=\"ltr\" role=\"presentation\"><span class=\"x4k7w5x x1h91t0o x1h9r5lt xv2umb2 x1beo9mf xaigb6o x12ejxvf x3igimt xarpa2k xedcshv x1lytzrv x1t2pt76 x7ja8zs x1qrby5j x1jfb8zj\"><strong>\u00ab<\/strong><\/span><\/span><\/span>.<\/span><\/span><\/p>\n<p><span style=\"background-color: #000000; color: #ffffff;\"><strong><span style=\"font-family: georgia, palatino, serif; font-size: 14pt; background-color: #000000;\">D\u00e9finition de la fonction et ce qui te plait le plus ?<\/span><\/strong><\/span><\/p>\n<p><span style=\"font-family: georgia, palatino, serif;\"><span class=\"s1\"><span id=\"page1R_mcid1\" class=\"markedContent\"><span dir=\"ltr\" role=\"presentation\">\u00bb<\/span><\/span><\/span> <strong>L&rsquo;image du Juge-Arbitre est souvient biais\u00e9e<\/strong>, il n&rsquo;est pas l&#8217;emp\u00eacheur de tourner en rond et ne reste <\/span><span style=\"font-family: georgia, palatino, serif;\">pas assis \u00e0 ne rien faire ! Je vois plus son r\u00f4le comme un facilitateur, il aide les organisateurs et les <\/span><span style=\"font-family: georgia, palatino, serif;\">joueurs. Il est le garant de la comp\u00e9tition et doit s&rsquo;assurer du bon respect des r\u00e8glements. Le gros du <\/span><span style=\"font-family: georgia, palatino, serif;\">travail se fait en amont de la comp\u00e9tition : lorsque la pr\u00e9paration est minutieusement pr\u00e9par\u00e9e, la <\/span><span style=\"font-family: georgia, palatino, serif;\">comp\u00e9tition peut se d\u00e9rouler sans accros.<\/span><\/p>\n<p><span style=\"font-family: georgia, palatino, serif;\"><strong>Ce que je pr\u00e9f\u00e8re, c&rsquo;est aider les joueurs et organisateurs \u00e0 profiter pleinement de leur comp\u00e9tition<\/strong>, <\/span><span style=\"font-family: georgia, palatino, serif;\">qu&rsquo;ils soient le plus heureux possible d&rsquo;y participer ! <span class=\"s1\"><span id=\"page1R_mcid1\" class=\"markedContent\"><span dir=\"ltr\" role=\"presentation\"><span class=\"x4k7w5x x1h91t0o x1h9r5lt xv2umb2 x1beo9mf xaigb6o x12ejxvf x3igimt xarpa2k xedcshv x1lytzrv x1t2pt76 x7ja8zs x1qrby5j x1jfb8zj\"><strong>\u00ab<\/strong><\/span><\/span><\/span><\/span><br \/>\n<\/span><\/p>\n<p><span style=\"background-color: #000000; color: #ffffff;\"><strong><span style=\"font-family: georgia, palatino, serif; font-size: 14pt; background-color: #000000;\">Ta formation et \u00e0 quel niveau peux-tu exercer ?<\/span><\/strong><\/span><\/p>\n<p><span style=\"font-family: georgia, palatino, serif;\"><span class=\"s1\"><span id=\"page1R_mcid1\" class=\"markedContent\"><span dir=\"ltr\" role=\"presentation\">\u00bb<\/span><\/span><\/span> <strong>Je suis en train de passer le grade Juge-Arbitre F\u00e9d\u00e9ral Accr\u00e9dit\u00e9<\/strong>, qui pourra me donner acc\u00e8s \u00e0 toutes les comp\u00e9titions f\u00e9d\u00e9rales, notamment les Championnats de France <span class=\"s1\"><span id=\"page1R_mcid1\" class=\"markedContent\"><span dir=\"ltr\" role=\"presentation\"><span class=\"x4k7w5x x1h91t0o x1h9r5lt xv2umb2 x1beo9mf xaigb6o x12ejxvf x3igimt xarpa2k xedcshv x1lytzrv x1t2pt76 x7ja8zs x1qrby5j x1jfb8zj\"><strong>\u00ab<\/strong><\/span><\/span><\/span>.<\/span><\/span><\/p>\n<hr \/>\n<p><span style=\"font-size: 14pt;\"><strong><span style=\"font-family: georgia, palatino, serif; background-color: #000000; color: #ffffff;\">Ambitions et anecdotes \u00e9ventuelles<\/span><\/strong><\/span><\/p>\n<p><span class=\"s1\"><span id=\"page1R_mcid1\" class=\"markedContent\"><span dir=\"ltr\" role=\"presentation\">\u00bb<\/span><\/span><\/span> <strong><span style=\"font-family: georgia, palatino, serif;\">Je souhaite \u00e9voluer vers le niveau international, <\/span><\/strong><span style=\"font-family: georgia, palatino, serif;\">pour officier sur de grandes comp\u00e9titions et pourquoi <\/span><strong><span style=\"font-family: georgia, palatino, serif;\">pas un jour les JO !<\/span><\/strong><\/p>\n<p><span style=\"font-family: georgia, palatino, serif;\">Ce qui exprime le plus ce que je souhaite partager, c&rsquo;est sans aucun doute lorsque j&rsquo;ai offici\u00e9 sur le Championnat de France V\u00e9t\u00e9rans \u00e0 Annemasse en octobre 2021 : parmi plusieurs moments sympathiques, <strong>un temps formel (v\u00e9rification stricte de toutes les tenues) s&rsquo;est transform\u00e9 en un moment de rigolade<\/strong> avec des joueuses \u00e2g\u00e9es d&rsquo;une soixantaine d&rsquo;ann\u00e9es <span class=\"s1\"><span id=\"page1R_mcid1\" class=\"markedContent\"><span dir=\"ltr\" role=\"presentation\"><span class=\"x4k7w5x x1h91t0o x1h9r5lt xv2umb2 x1beo9mf xaigb6o x12ejxvf x3igimt xarpa2k xedcshv x1lytzrv x1t2pt76 x7ja8zs x1qrby5j x1jfb8zj\"><strong>\u00ab<\/strong><\/span><\/span><\/span>.<\/span><\/span><\/p>\n<p><span style=\"font-size: 14pt; background-color: #000000; color: #ffffff;\"><strong><span style=\"font-family: georgia, palatino, serif;\">Qu&rsquo;est-ce que ton activit\u00e9 associative t\u2019a apport\u00e9e dans ton parcours pro ?<\/span><\/strong><\/span><\/p>\n<p><span style=\"font-family: georgia, palatino, serif;\"><span class=\"s1\"><span id=\"page1R_mcid1\" class=\"markedContent\"><span dir=\"ltr\" role=\"presentation\">\u00bb<\/span><\/span><\/span> <strong>La liste est longue !<\/strong> J&rsquo;ai notamment appris \u00e0 donner des formations, communiquer efficacement et \u00e0 m&rsquo;adapter \u00e0 mon environnement <span class=\"s1\"><span id=\"page1R_mcid1\" class=\"markedContent\"><span dir=\"ltr\" role=\"presentation\"><span class=\"x4k7w5x x1h91t0o x1h9r5lt xv2umb2 x1beo9mf xaigb6o x12ejxvf x3igimt xarpa2k xedcshv x1lytzrv x1t2pt76 x7ja8zs x1qrby5j x1jfb8zj\"><strong>\u00ab<\/strong><\/span><\/span><\/span>.<\/span><\/span><\/p>\n<hr \/>\n<p><span style=\"background-color: #000000; color: #ffffff;\"><strong><span style=\"font-family: georgia, palatino, serif; font-size: 14pt; background-color: #000000;\">Et pour conclure ?<\/span><\/strong><\/span><\/p>\n<p><span class=\"s1\"><span id=\"page1R_mcid1\" class=\"markedContent\"><span dir=\"ltr\" role=\"presentation\">\u00bb<\/span><\/span><\/span> <span style=\"font-family: georgia, palatino, serif;\"><strong>Je souhaite remercier V\u00e9ronique Seillet, qui est ma marraine dans le juge-arbitrage<\/strong>, et qui va prendre <\/span><span style=\"font-family: georgia, palatino, serif;\">sa \u00ab retraite \u00bb dans quelques semaines. <\/span><\/p>\n<p><span style=\"font-family: georgia, palatino, serif;\"><strong>Seul, c&rsquo;est toujours plus compliqu\u00e9 d&rsquo;avancer<\/strong>. Elle m&rsquo;a <\/span><span style=\"font-family: georgia, palatino, serif;\">transmis sa passion et ses valeurs. Je vais d\u00e9sormais partager de mon mieux tout ce qu&rsquo;elle m&rsquo;a <\/span><span style=\"font-family: georgia, palatino, serif;\">appris <span class=\"s1\"><span id=\"page1R_mcid1\" class=\"markedContent\"><span dir=\"ltr\" role=\"presentation\"><span class=\"x4k7w5x x1h91t0o x1h9r5lt xv2umb2 x1beo9mf xaigb6o x12ejxvf x3igimt xarpa2k xedcshv x1lytzrv x1t2pt76 x7ja8zs x1qrby5j x1jfb8zj\"><strong>\u00ab<\/strong><\/span><\/span><\/span>.<\/span><\/span><\/p>\n<hr \/>\n<div id='gallery-1' class='gallery galleryid-177113 gallery-columns-3 gallery-size-large'><figure class='gallery-item'>\n\t\t\t<div class='gallery-icon portrait'>\n\t\t\t\t<a href='https:\/\/newsestlyonnais.fr\/site\/2023\/02\/26\/maxence-vidal-ce-que-je-prefere-cest-aider-les-joueurs-et-organisateurs-a-profiter-pleinement-de-leur-competition\/portrait_novembre21\/'><img loading=\"lazy\" decoding=\"async\" width=\"189\" height=\"691\" src=\"https:\/\/newsestlyonnais.fr\/site\/wp-content\/uploads\/2023\/02\/portrait_novembre21.jpg\" class=\"attachment-large size-large\" alt=\"\" srcset=\"https:\/\/newsestlyonnais.fr\/site\/wp-content\/uploads\/2023\/02\/portrait_novembre21.jpg 189w, https:\/\/newsestlyonnais.fr\/site\/wp-content\/uploads\/2023\/02\/portrait_novembre21-150x548.jpg 150w, https:\/\/newsestlyonnais.fr\/site\/wp-content\/uploads\/2023\/02\/portrait_novembre21-50x183.jpg 50w, https:\/\/newsestlyonnais.fr\/site\/wp-content\/uploads\/2023\/02\/portrait_novembre21-100x366.jpg 100w\" sizes=\"auto, (max-width: 189px) 100vw, 189px\" \/><\/a>\n\t\t\t<\/div><\/figure><figure class='gallery-item'>\n\t\t\t<div class='gallery-icon landscape'>\n\t\t\t\t<a href='https:\/\/newsestlyonnais.fr\/site\/2023\/02\/26\/maxence-vidal-ce-que-je-prefere-cest-aider-les-joueurs-et-organisateurs-a-profiter-pleinement-de-leur-competition\/coupe_rhone_juin22\/'><img loading=\"lazy\" decoding=\"async\" width=\"640\" height=\"360\" src=\"https:\/\/newsestlyonnais.fr\/site\/wp-content\/uploads\/2023\/02\/Coupe_Rhone_juin22-650x366.jpeg\" class=\"attachment-large size-large\" alt=\"\" aria-describedby=\"gallery-1-177151\" srcset=\"https:\/\/newsestlyonnais.fr\/site\/wp-content\/uploads\/2023\/02\/Coupe_Rhone_juin22-650x366.jpeg 650w, https:\/\/newsestlyonnais.fr\/site\/wp-content\/uploads\/2023\/02\/Coupe_Rhone_juin22-400x225.jpeg 400w, https:\/\/newsestlyonnais.fr\/site\/wp-content\/uploads\/2023\/02\/Coupe_Rhone_juin22-250x141.jpeg 250w, https:\/\/newsestlyonnais.fr\/site\/wp-content\/uploads\/2023\/02\/Coupe_Rhone_juin22-768x432.jpeg 768w, https:\/\/newsestlyonnais.fr\/site\/wp-content\/uploads\/2023\/02\/Coupe_Rhone_juin22-150x84.jpeg 150w, https:\/\/newsestlyonnais.fr\/site\/wp-content\/uploads\/2023\/02\/Coupe_Rhone_juin22-50x28.jpeg 50w, https:\/\/newsestlyonnais.fr\/site\/wp-content\/uploads\/2023\/02\/Coupe_Rhone_juin22-100x56.jpeg 100w, https:\/\/newsestlyonnais.fr\/site\/wp-content\/uploads\/2023\/02\/Coupe_Rhone_juin22-200x113.jpeg 200w, https:\/\/newsestlyonnais.fr\/site\/wp-content\/uploads\/2023\/02\/Coupe_Rhone_juin22-300x169.jpeg 300w, https:\/\/newsestlyonnais.fr\/site\/wp-content\/uploads\/2023\/02\/Coupe_Rhone_juin22-350x197.jpeg 350w, https:\/\/newsestlyonnais.fr\/site\/wp-content\/uploads\/2023\/02\/Coupe_Rhone_juin22-450x253.jpeg 450w, https:\/\/newsestlyonnais.fr\/site\/wp-content\/uploads\/2023\/02\/Coupe_Rhone_juin22-500x281.jpeg 500w, https:\/\/newsestlyonnais.fr\/site\/wp-content\/uploads\/2023\/02\/Coupe_Rhone_juin22-550x309.jpeg 550w, https:\/\/newsestlyonnais.fr\/site\/wp-content\/uploads\/2023\/02\/Coupe_Rhone_juin22-800x450.jpeg 800w, https:\/\/newsestlyonnais.fr\/site\/wp-content\/uploads\/2023\/02\/Coupe_Rhone_juin22.jpeg 1200w\" sizes=\"auto, (max-width: 640px) 100vw, 640px\" \/><\/a>\n\t\t\t<\/div>\n\t\t\t\t<figcaption class='wp-caption-text gallery-caption' id='gallery-1-177151'>\n\t\t\t\tLors de la Coupe du Rh\u00f4ne en juin 2022\n\t\t\t\t<\/figcaption><\/figure>\n\t\t<\/div>\n\n","protected":false},"excerpt":{"rendered":"<p>Le jeune genassien qui a d\u00e9but\u00e9 le badminton s&rsquo;est aussi pris de passion pour le juge-arbitrage, fonction qu&rsquo;il ambitionne d&rsquo;exercer au niveau national puis international ! <\/p>\n","protected":false},"author":4,"featured_media":177155,"comment_status":"open","ping_status":"open","sticky":false,"template":"","format":"standard","meta":{"footnotes":""},"categories":[4626,1321,270,1283,1598,4286,137],"tags":[2090,1996,4625,4598,4624],"class_list":["post-177113","post","type-post","status-publish","format-standard","has-post-thumbnail","hentry","category-arbitrage-benevolat-coaching","category-bad-racketlon-squash","category-cte-de-communes-c-c-e-l","category-chassieu-communes-diverses","category-genas","category-interview-a-la-une","category-interviews","tag-badminton","tag-chassieu","tag-chassieu-badminton","tag-juge-arbitre","tag-maxence-vidal"],"yoast_head":"<!-- This site is optimized with the Yoast SEO plugin v27.2 - https:\/\/yoast.com\/product\/yoast-seo-wordpress\/ -->\n<title>Maxence Vidal : &quot;Ce que je pr\u00e9f\u00e8re, c&#039;est aider les joueurs et organisateurs \u00e0 profiter pleinement de leur comp\u00e9tition&quot; - News Est Lyonnais<\/title>\n<meta name=\"description\" content=\"Maxence Vidal &quot; ce que je pr\u00e9f\u00e8re, c&#039;est aider les joueurs et organisateurs \u00e0 profiter pleinement de leur comp\u00e9tition &quot;\" \/>\n<meta name=\"robots\" content=\"index, follow, max-snippet:-1, max-image-preview:large, max-video-preview:-1\" \/>\n<link rel=\"canonical\" href=\"https:\/\/newsestlyonnais.fr\/site\/2023\/02\/26\/maxence-vidal-ce-que-je-prefere-cest-aider-les-joueurs-et-organisateurs-a-profiter-pleinement-de-leur-competition\/\" \/>\n<meta property=\"og:locale\" content=\"fr_FR\" \/>\n<meta property=\"og:type\" content=\"article\" \/>\n<meta property=\"og:title\" content=\"Maxence Vidal : &quot;Ce que je pr\u00e9f\u00e8re, c&#039;est aider les joueurs et organisateurs \u00e0 profiter pleinement de leur comp\u00e9tition&quot; - News Est Lyonnais\" \/>\n<meta property=\"og:description\" content=\"Maxence Vidal &quot; ce que je pr\u00e9f\u00e8re, c&#039;est aider les joueurs et organisateurs \u00e0 profiter pleinement de leur comp\u00e9tition &quot;\" \/>\n<meta property=\"og:url\" content=\"https:\/\/newsestlyonnais.fr\/site\/2023\/02\/26\/maxence-vidal-ce-que-je-prefere-cest-aider-les-joueurs-et-organisateurs-a-profiter-pleinement-de-leur-competition\/\" \/>\n<meta property=\"og:site_name\" content=\"News Est Lyonnais\" \/>\n<meta property=\"article:author\" content=\"https:\/\/www.facebook.com\/pascal.oberson.1?fref=ts\" \/>\n<meta property=\"article:published_time\" content=\"2023-02-26T08:11:50+00:00\" \/>\n<meta property=\"article:modified_time\" content=\"2023-03-05T18:02:24+00:00\" \/>\n<meta property=\"og:image\" content=\"https:\/\/newsestlyonnais.fr\/site\/wp-content\/uploads\/2023\/02\/20191114_194521.jpg\" \/>\n\t<meta property=\"og:image:width\" content=\"675\" \/>\n\t<meta property=\"og:image:height\" content=\"732\" \/>\n\t<meta property=\"og:image:type\" content=\"image\/jpeg\" \/>\n<meta name=\"author\" content=\"R\u00e9dac. NEWS\" \/>\n<meta name=\"twitter:card\" content=\"summary_large_image\" \/>\n<meta name=\"twitter:label1\" content=\"\u00c9crit par\" \/>\n\t<meta name=\"twitter:data1\" content=\"R\u00e9dac. NEWS\" \/>\n\t<meta name=\"twitter:label2\" content=\"Dur\u00e9e de lecture estim\u00e9e\" \/>\n\t<meta name=\"twitter:data2\" content=\"3 minutes\" \/>\n<script type=\"application\/ld+json\" class=\"yoast-schema-graph\">{\"@context\":\"https:\/\/schema.org\",\"@graph\":[{\"@type\":\"Article\",\"@id\":\"https:\/\/newsestlyonnais.fr\/site\/2023\/02\/26\/maxence-vidal-ce-que-je-prefere-cest-aider-les-joueurs-et-organisateurs-a-profiter-pleinement-de-leur-competition\/#article\",\"isPartOf\":{\"@id\":\"https:\/\/newsestlyonnais.fr\/site\/2023\/02\/26\/maxence-vidal-ce-que-je-prefere-cest-aider-les-joueurs-et-organisateurs-a-profiter-pleinement-de-leur-competition\/\"},\"author\":{\"name\":\"R\u00e9dac. NEWS\",\"@id\":\"https:\/\/newsestlyonnais.fr\/site\/#\/schema\/person\/3230d5615f390bb808365d673001e887\"},\"headline\":\"Maxence Vidal : \u00ab\u00a0Ce que je pr\u00e9f\u00e8re, c&rsquo;est aider les joueurs et organisateurs \u00e0 profiter pleinement de leur comp\u00e9tition\u00a0\u00bb\",\"datePublished\":\"2023-02-26T08:11:50+00:00\",\"dateModified\":\"2023-03-05T18:02:24+00:00\",\"mainEntityOfPage\":{\"@id\":\"https:\/\/newsestlyonnais.fr\/site\/2023\/02\/26\/maxence-vidal-ce-que-je-prefere-cest-aider-les-joueurs-et-organisateurs-a-profiter-pleinement-de-leur-competition\/\"},\"wordCount\":584,\"commentCount\":0,\"publisher\":{\"@id\":\"https:\/\/newsestlyonnais.fr\/site\/#organization\"},\"image\":{\"@id\":\"https:\/\/newsestlyonnais.fr\/site\/2023\/02\/26\/maxence-vidal-ce-que-je-prefere-cest-aider-les-joueurs-et-organisateurs-a-profiter-pleinement-de-leur-competition\/#primaryimage\"},\"thumbnailUrl\":\"https:\/\/newsestlyonnais.fr\/site\/wp-content\/uploads\/2023\/02\/20191114_194521.jpg\",\"keywords\":[\"BADMINTON\",\"Chassieu\",\"CHASSIEU BADMINTON\",\"juge-arbitre\",\"Maxence Vidal\"],\"articleSection\":[\"Arbitrage | B\u00e9n\u00e9volat | Coaching\",\"Bad | Racketlon | Squash\",\"CCEL | Communes\",\"Chassieu | Communes diverses\",\"Genas\",\"Interview \u00e0 la une\",\"Interviews\"],\"inLanguage\":\"fr-FR\",\"potentialAction\":[{\"@type\":\"CommentAction\",\"name\":\"Comment\",\"target\":[\"https:\/\/newsestlyonnais.fr\/site\/2023\/02\/26\/maxence-vidal-ce-que-je-prefere-cest-aider-les-joueurs-et-organisateurs-a-profiter-pleinement-de-leur-competition\/#respond\"]}]},{\"@type\":\"WebPage\",\"@id\":\"https:\/\/newsestlyonnais.fr\/site\/2023\/02\/26\/maxence-vidal-ce-que-je-prefere-cest-aider-les-joueurs-et-organisateurs-a-profiter-pleinement-de-leur-competition\/\",\"url\":\"https:\/\/newsestlyonnais.fr\/site\/2023\/02\/26\/maxence-vidal-ce-que-je-prefere-cest-aider-les-joueurs-et-organisateurs-a-profiter-pleinement-de-leur-competition\/\",\"name\":\"Maxence Vidal : \\\"Ce que je pr\u00e9f\u00e8re, c'est aider les joueurs et organisateurs \u00e0 profiter pleinement de leur comp\u00e9tition\\\" - News Est Lyonnais\",\"isPartOf\":{\"@id\":\"https:\/\/newsestlyonnais.fr\/site\/#website\"},\"primaryImageOfPage\":{\"@id\":\"https:\/\/newsestlyonnais.fr\/site\/2023\/02\/26\/maxence-vidal-ce-que-je-prefere-cest-aider-les-joueurs-et-organisateurs-a-profiter-pleinement-de-leur-competition\/#primaryimage\"},\"image\":{\"@id\":\"https:\/\/newsestlyonnais.fr\/site\/2023\/02\/26\/maxence-vidal-ce-que-je-prefere-cest-aider-les-joueurs-et-organisateurs-a-profiter-pleinement-de-leur-competition\/#primaryimage\"},\"thumbnailUrl\":\"https:\/\/newsestlyonnais.fr\/site\/wp-content\/uploads\/2023\/02\/20191114_194521.jpg\",\"datePublished\":\"2023-02-26T08:11:50+00:00\",\"dateModified\":\"2023-03-05T18:02:24+00:00\",\"description\":\"Maxence Vidal \\\" ce que je pr\u00e9f\u00e8re, c'est aider les joueurs et organisateurs \u00e0 profiter pleinement de leur comp\u00e9tition \\\"\",\"breadcrumb\":{\"@id\":\"https:\/\/newsestlyonnais.fr\/site\/2023\/02\/26\/maxence-vidal-ce-que-je-prefere-cest-aider-les-joueurs-et-organisateurs-a-profiter-pleinement-de-leur-competition\/#breadcrumb\"},\"inLanguage\":\"fr-FR\",\"potentialAction\":[{\"@type\":\"ReadAction\",\"target\":[\"https:\/\/newsestlyonnais.fr\/site\/2023\/02\/26\/maxence-vidal-ce-que-je-prefere-cest-aider-les-joueurs-et-organisateurs-a-profiter-pleinement-de-leur-competition\/\"]}]},{\"@type\":\"ImageObject\",\"inLanguage\":\"fr-FR\",\"@id\":\"https:\/\/newsestlyonnais.fr\/site\/2023\/02\/26\/maxence-vidal-ce-que-je-prefere-cest-aider-les-joueurs-et-organisateurs-a-profiter-pleinement-de-leur-competition\/#primaryimage\",\"url\":\"https:\/\/newsestlyonnais.fr\/site\/wp-content\/uploads\/2023\/02\/20191114_194521.jpg\",\"contentUrl\":\"https:\/\/newsestlyonnais.fr\/site\/wp-content\/uploads\/2023\/02\/20191114_194521.jpg\",\"width\":675,\"height\":732},{\"@type\":\"BreadcrumbList\",\"@id\":\"https:\/\/newsestlyonnais.fr\/site\/2023\/02\/26\/maxence-vidal-ce-que-je-prefere-cest-aider-les-joueurs-et-organisateurs-a-profiter-pleinement-de-leur-competition\/#breadcrumb\",\"itemListElement\":[{\"@type\":\"ListItem\",\"position\":1,\"name\":\"Accueil\",\"item\":\"https:\/\/newsestlyonnais.fr\/site\/\"},{\"@type\":\"ListItem\",\"position\":2,\"name\":\"Maxence Vidal : \u00ab\u00a0Ce que je pr\u00e9f\u00e8re, c&rsquo;est aider les joueurs et organisateurs \u00e0 profiter pleinement de leur comp\u00e9tition\u00a0\u00bb\"}]},{\"@type\":\"WebSite\",\"@id\":\"https:\/\/newsestlyonnais.fr\/site\/#website\",\"url\":\"https:\/\/newsestlyonnais.fr\/site\/\",\"name\":\"News Est Lyonnais\",\"description\":\"L&#039;actualit\u00e9 au plus pr\u00e8s\",\"publisher\":{\"@id\":\"https:\/\/newsestlyonnais.fr\/site\/#organization\"},\"potentialAction\":[{\"@type\":\"SearchAction\",\"target\":{\"@type\":\"EntryPoint\",\"urlTemplate\":\"https:\/\/newsestlyonnais.fr\/site\/?s={search_term_string}\"},\"query-input\":{\"@type\":\"PropertyValueSpecification\",\"valueRequired\":true,\"valueName\":\"search_term_string\"}}],\"inLanguage\":\"fr-FR\"},{\"@type\":\"Organization\",\"@id\":\"https:\/\/newsestlyonnais.fr\/site\/#organization\",\"name\":\"News EST LYONNAIS\",\"url\":\"https:\/\/newsestlyonnais.fr\/site\/\",\"logo\":{\"@type\":\"ImageObject\",\"inLanguage\":\"fr-FR\",\"@id\":\"https:\/\/newsestlyonnais.fr\/site\/#\/schema\/logo\/image\/\",\"url\":\"\",\"contentUrl\":\"\",\"caption\":\"News EST LYONNAIS\"},\"image\":{\"@id\":\"https:\/\/newsestlyonnais.fr\/site\/#\/schema\/logo\/image\/\"}},{\"@type\":\"Person\",\"@id\":\"https:\/\/newsestlyonnais.fr\/site\/#\/schema\/person\/3230d5615f390bb808365d673001e887\",\"name\":\"R\u00e9dac. NEWS\",\"sameAs\":[\"http:\/\/www.newsestlyonnais.fr\",\"https:\/\/www.facebook.com\/pascal.oberson.1?fref=ts\",\"https:\/\/fr.linkedin.com\/in\/pascal-oberson-b17045113\"],\"url\":\"https:\/\/newsestlyonnais.fr\/site\/author\/nel\/\"}]}<\/script>\n<!-- \/ Yoast SEO plugin. -->","yoast_head_json":{"title":"Maxence Vidal : \"Ce que je pr\u00e9f\u00e8re, c'est aider les joueurs et organisateurs \u00e0 profiter pleinement de leur comp\u00e9tition\" - News Est Lyonnais","description":"Maxence Vidal \" ce que je pr\u00e9f\u00e8re, c'est aider les joueurs et organisateurs \u00e0 profiter pleinement de leur comp\u00e9tition \"","robots":{"index":"index","follow":"follow","max-snippet":"max-snippet:-1","max-image-preview":"max-image-preview:large","max-video-preview":"max-video-preview:-1"},"canonical":"https:\/\/newsestlyonnais.fr\/site\/2023\/02\/26\/maxence-vidal-ce-que-je-prefere-cest-aider-les-joueurs-et-organisateurs-a-profiter-pleinement-de-leur-competition\/","og_locale":"fr_FR","og_type":"article","og_title":"Maxence Vidal : \"Ce que je pr\u00e9f\u00e8re, c'est aider les joueurs et organisateurs \u00e0 profiter pleinement de leur comp\u00e9tition\" - News Est Lyonnais","og_description":"Maxence Vidal \" ce que je pr\u00e9f\u00e8re, c'est aider les joueurs et organisateurs \u00e0 profiter pleinement de leur comp\u00e9tition \"","og_url":"https:\/\/newsestlyonnais.fr\/site\/2023\/02\/26\/maxence-vidal-ce-que-je-prefere-cest-aider-les-joueurs-et-organisateurs-a-profiter-pleinement-de-leur-competition\/","og_site_name":"News Est Lyonnais","article_author":"https:\/\/www.facebook.com\/pascal.oberson.1?fref=ts","article_published_time":"2023-02-26T08:11:50+00:00","article_modified_time":"2023-03-05T18:02:24+00:00","og_image":[{"width":675,"height":732,"url":"https:\/\/newsestlyonnais.fr\/site\/wp-content\/uploads\/2023\/02\/20191114_194521.jpg","type":"image\/jpeg"}],"author":"R\u00e9dac. NEWS","twitter_card":"summary_large_image","twitter_misc":{"\u00c9crit par":"R\u00e9dac. NEWS","Dur\u00e9e de lecture estim\u00e9e":"3 minutes"},"schema":{"@context":"https:\/\/schema.org","@graph":[{"@type":"Article","@id":"https:\/\/newsestlyonnais.fr\/site\/2023\/02\/26\/maxence-vidal-ce-que-je-prefere-cest-aider-les-joueurs-et-organisateurs-a-profiter-pleinement-de-leur-competition\/#article","isPartOf":{"@id":"https:\/\/newsestlyonnais.fr\/site\/2023\/02\/26\/maxence-vidal-ce-que-je-prefere-cest-aider-les-joueurs-et-organisateurs-a-profiter-pleinement-de-leur-competition\/"},"author":{"name":"R\u00e9dac. NEWS","@id":"https:\/\/newsestlyonnais.fr\/site\/#\/schema\/person\/3230d5615f390bb808365d673001e887"},"headline":"Maxence Vidal : \u00ab\u00a0Ce que je pr\u00e9f\u00e8re, c&rsquo;est aider les joueurs et organisateurs \u00e0 profiter pleinement de leur comp\u00e9tition\u00a0\u00bb","datePublished":"2023-02-26T08:11:50+00:00","dateModified":"2023-03-05T18:02:24+00:00","mainEntityOfPage":{"@id":"https:\/\/newsestlyonnais.fr\/site\/2023\/02\/26\/maxence-vidal-ce-que-je-prefere-cest-aider-les-joueurs-et-organisateurs-a-profiter-pleinement-de-leur-competition\/"},"wordCount":584,"commentCount":0,"publisher":{"@id":"https:\/\/newsestlyonnais.fr\/site\/#organization"},"image":{"@id":"https:\/\/newsestlyonnais.fr\/site\/2023\/02\/26\/maxence-vidal-ce-que-je-prefere-cest-aider-les-joueurs-et-organisateurs-a-profiter-pleinement-de-leur-competition\/#primaryimage"},"thumbnailUrl":"https:\/\/newsestlyonnais.fr\/site\/wp-content\/uploads\/2023\/02\/20191114_194521.jpg","keywords":["BADMINTON","Chassieu","CHASSIEU BADMINTON","juge-arbitre","Maxence Vidal"],"articleSection":["Arbitrage | B\u00e9n\u00e9volat | Coaching","Bad | Racketlon | Squash","CCEL | Communes","Chassieu | Communes diverses","Genas","Interview \u00e0 la une","Interviews"],"inLanguage":"fr-FR","potentialAction":[{"@type":"CommentAction","name":"Comment","target":["https:\/\/newsestlyonnais.fr\/site\/2023\/02\/26\/maxence-vidal-ce-que-je-prefere-cest-aider-les-joueurs-et-organisateurs-a-profiter-pleinement-de-leur-competition\/#respond"]}]},{"@type":"WebPage","@id":"https:\/\/newsestlyonnais.fr\/site\/2023\/02\/26\/maxence-vidal-ce-que-je-prefere-cest-aider-les-joueurs-et-organisateurs-a-profiter-pleinement-de-leur-competition\/","url":"https:\/\/newsestlyonnais.fr\/site\/2023\/02\/26\/maxence-vidal-ce-que-je-prefere-cest-aider-les-joueurs-et-organisateurs-a-profiter-pleinement-de-leur-competition\/","name":"Maxence Vidal : \"Ce que je pr\u00e9f\u00e8re, c'est aider les joueurs et organisateurs \u00e0 profiter pleinement de leur comp\u00e9tition\" - News Est Lyonnais","isPartOf":{"@id":"https:\/\/newsestlyonnais.fr\/site\/#website"},"primaryImageOfPage":{"@id":"https:\/\/newsestlyonnais.fr\/site\/2023\/02\/26\/maxence-vidal-ce-que-je-prefere-cest-aider-les-joueurs-et-organisateurs-a-profiter-pleinement-de-leur-competition\/#primaryimage"},"image":{"@id":"https:\/\/newsestlyonnais.fr\/site\/2023\/02\/26\/maxence-vidal-ce-que-je-prefere-cest-aider-les-joueurs-et-organisateurs-a-profiter-pleinement-de-leur-competition\/#primaryimage"},"thumbnailUrl":"https:\/\/newsestlyonnais.fr\/site\/wp-content\/uploads\/2023\/02\/20191114_194521.jpg","datePublished":"2023-02-26T08:11:50+00:00","dateModified":"2023-03-05T18:02:24+00:00","description":"Maxence Vidal \" ce que je pr\u00e9f\u00e8re, c'est aider les joueurs et organisateurs \u00e0 profiter pleinement de leur comp\u00e9tition \"","breadcrumb":{"@id":"https:\/\/newsestlyonnais.fr\/site\/2023\/02\/26\/maxence-vidal-ce-que-je-prefere-cest-aider-les-joueurs-et-organisateurs-a-profiter-pleinement-de-leur-competition\/#breadcrumb"},"inLanguage":"fr-FR","potentialAction":[{"@type":"ReadAction","target":["https:\/\/newsestlyonnais.fr\/site\/2023\/02\/26\/maxence-vidal-ce-que-je-prefere-cest-aider-les-joueurs-et-organisateurs-a-profiter-pleinement-de-leur-competition\/"]}]},{"@type":"ImageObject","inLanguage":"fr-FR","@id":"https:\/\/newsestlyonnais.fr\/site\/2023\/02\/26\/maxence-vidal-ce-que-je-prefere-cest-aider-les-joueurs-et-organisateurs-a-profiter-pleinement-de-leur-competition\/#primaryimage","url":"https:\/\/newsestlyonnais.fr\/site\/wp-content\/uploads\/2023\/02\/20191114_194521.jpg","contentUrl":"https:\/\/newsestlyonnais.fr\/site\/wp-content\/uploads\/2023\/02\/20191114_194521.jpg","width":675,"height":732},{"@type":"BreadcrumbList","@id":"https:\/\/newsestlyonnais.fr\/site\/2023\/02\/26\/maxence-vidal-ce-que-je-prefere-cest-aider-les-joueurs-et-organisateurs-a-profiter-pleinement-de-leur-competition\/#breadcrumb","itemListElement":[{"@type":"ListItem","position":1,"name":"Accueil","item":"https:\/\/newsestlyonnais.fr\/site\/"},{"@type":"ListItem","position":2,"name":"Maxence Vidal : \u00ab\u00a0Ce que je pr\u00e9f\u00e8re, c&rsquo;est aider les joueurs et organisateurs \u00e0 profiter pleinement de leur comp\u00e9tition\u00a0\u00bb"}]},{"@type":"WebSite","@id":"https:\/\/newsestlyonnais.fr\/site\/#website","url":"https:\/\/newsestlyonnais.fr\/site\/","name":"News Est Lyonnais","description":"L&#039;actualit\u00e9 au plus pr\u00e8s","publisher":{"@id":"https:\/\/newsestlyonnais.fr\/site\/#organization"},"potentialAction":[{"@type":"SearchAction","target":{"@type":"EntryPoint","urlTemplate":"https:\/\/newsestlyonnais.fr\/site\/?s={search_term_string}"},"query-input":{"@type":"PropertyValueSpecification","valueRequired":true,"valueName":"search_term_string"}}],"inLanguage":"fr-FR"},{"@type":"Organization","@id":"https:\/\/newsestlyonnais.fr\/site\/#organization","name":"News EST LYONNAIS","url":"https:\/\/newsestlyonnais.fr\/site\/","logo":{"@type":"ImageObject","inLanguage":"fr-FR","@id":"https:\/\/newsestlyonnais.fr\/site\/#\/schema\/logo\/image\/","url":"","contentUrl":"","caption":"News EST LYONNAIS"},"image":{"@id":"https:\/\/newsestlyonnais.fr\/site\/#\/schema\/logo\/image\/"}},{"@type":"Person","@id":"https:\/\/newsestlyonnais.fr\/site\/#\/schema\/person\/3230d5615f390bb808365d673001e887","name":"R\u00e9dac. NEWS","sameAs":["http:\/\/www.newsestlyonnais.fr","https:\/\/www.facebook.com\/pascal.oberson.1?fref=ts","https:\/\/fr.linkedin.com\/in\/pascal-oberson-b17045113"],"url":"https:\/\/newsestlyonnais.fr\/site\/author\/nel\/"}]}},"_links":{"self":[{"href":"https:\/\/newsestlyonnais.fr\/site\/wp-json\/wp\/v2\/posts\/177113","targetHints":{"allow":["GET"]}}],"collection":[{"href":"https:\/\/newsestlyonnais.fr\/site\/wp-json\/wp\/v2\/posts"}],"about":[{"href":"https:\/\/newsestlyonnais.fr\/site\/wp-json\/wp\/v2\/types\/post"}],"author":[{"embeddable":true,"href":"https:\/\/newsestlyonnais.fr\/site\/wp-json\/wp\/v2\/users\/4"}],"replies":[{"embeddable":true,"href":"https:\/\/newsestlyonnais.fr\/site\/wp-json\/wp\/v2\/comments?post=177113"}],"version-history":[{"count":0,"href":"https:\/\/newsestlyonnais.fr\/site\/wp-json\/wp\/v2\/posts\/177113\/revisions"}],"wp:featuredmedia":[{"embeddable":true,"href":"https:\/\/newsestlyonnais.fr\/site\/wp-json\/wp\/v2\/media\/177155"}],"wp:attachment":[{"href":"https:\/\/newsestlyonnais.fr\/site\/wp-json\/wp\/v2\/media?parent=177113"}],"wp:term":[{"taxonomy":"category","embeddable":true,"href":"https:\/\/newsestlyonnais.fr\/site\/wp-json\/wp\/v2\/categories?post=177113"},{"taxonomy":"post_tag","embeddable":true,"href":"https:\/\/newsestlyonnais.fr\/site\/wp-json\/wp\/v2\/tags?post=177113"}],"curies":[{"name":"wp","href":"https:\/\/api.w.org\/{rel}","templated":true}]}}