{"id":177212,"date":"2023-03-01T07:23:54","date_gmt":"2023-03-01T06:23:54","guid":{"rendered":"https:\/\/newsestlyonnais.fr\/site\/?p=177212"},"modified":"2023-03-03T09:12:21","modified_gmt":"2023-03-03T08:12:21","slug":"bron-un-lutteur-vice-champion-de-france-en-libre","status":"publish","type":"post","link":"https:\/\/newsestlyonnais.fr\/site\/2023\/03\/01\/bron-un-lutteur-vice-champion-de-france-en-libre\/","title":{"rendered":"BRON | Un lutteur vice-champion de France en libre"},"content":{"rendered":"<div><span style=\"font-family: georgia, palatino, serif;\">Une comp\u00e9tition r\u00e9serv\u00e9e aux U15\/U17\/U20, le brondillant concourant en U17, cat\u00e9gorie compos\u00e9e de 5 lutteurs.<\/span><\/div>\n<div><\/div>\n<div>\n<p><span style=\"font-family: georgia, palatino, serif;\">Lors de sa premi\u00e8re rencontre, Hamza remporte son combat contre un lutteur de Chalons-en-Champagne sur le score de 7 \u00e0 2. Il remporte \u00e9galement sa rencontre contre un lutteur de Paris (4-0) et un de Venizel (9-2). Dans son match l&rsquo;opposant \u00e0 un lutteur de Coulommiers, il ne parvient pas \u00e0 prendre le dessus sur son adversaire et s&rsquo;incline sur le score de 0-8.<\/span><\/p>\n<p><span style=\"background-color: #000000; color: #ffffff;\"><strong><span style=\"font-family: georgia, palatino, serif;\">Il termine donc \u00e0 la seconde place avec 3 victoires en 4 matchs et devient donc Vice-Champion de France de lutte libre 2023.<\/span><\/strong><\/span><\/p>\n<p><span style=\"font-family: georgia, palatino, serif;\">\u00a0\u00bb Nous tenons \u00e0 remercier l&rsquo;entraineur qui a fait le d\u00e9placement avec le lutteur, Hakim Trabelsi, les partenaires priv\u00e9s du club (DMC Pose et BE Automobiles), ainsi que la r\u00e9gion Auvergne Rh\u00f4ne-Alpes, la M\u00e9tropole de Lyon et la ville de Bron qui nous soutiennent toute l&rsquo;ann\u00e9e et nous permettent de faire briller les couleurs de notre club sur ses comp\u00e9titions \u00a0\u00bb confiait un dirigeant apr\u00e8s la comp\u00e9tition.<\/span><\/p>\n<\/div>\n<div>\n<hr \/>\n<\/div>\n<div><\/div>\n<div>\n<div id='gallery-1' class='gallery galleryid-177212 gallery-columns-3 gallery-size-large'><figure class='gallery-item'>\n\t\t\t<div class='gallery-icon landscape'>\n\t\t\t\t<a href='https:\/\/newsestlyonnais.fr\/site\/2023\/03\/01\/bron-un-lutteur-vice-champion-de-france-en-libre\/tableau\/'><img loading=\"lazy\" decoding=\"async\" width=\"640\" height=\"262\" src=\"https:\/\/newsestlyonnais.fr\/site\/wp-content\/uploads\/2023\/03\/tableau-650x266.png\" class=\"attachment-large size-large\" alt=\"\" srcset=\"https:\/\/newsestlyonnais.fr\/site\/wp-content\/uploads\/2023\/03\/tableau-650x266.png 650w, https:\/\/newsestlyonnais.fr\/site\/wp-content\/uploads\/2023\/03\/tableau-400x164.png 400w, https:\/\/newsestlyonnais.fr\/site\/wp-content\/uploads\/2023\/03\/tableau-250x102.png 250w, https:\/\/newsestlyonnais.fr\/site\/wp-content\/uploads\/2023\/03\/tableau-768x315.png 768w, https:\/\/newsestlyonnais.fr\/site\/wp-content\/uploads\/2023\/03\/tableau-150x61.png 150w, https:\/\/newsestlyonnais.fr\/site\/wp-content\/uploads\/2023\/03\/tableau-50x20.png 50w, https:\/\/newsestlyonnais.fr\/site\/wp-content\/uploads\/2023\/03\/tableau-100x41.png 100w, https:\/\/newsestlyonnais.fr\/site\/wp-content\/uploads\/2023\/03\/tableau-200x82.png 200w, https:\/\/newsestlyonnais.fr\/site\/wp-content\/uploads\/2023\/03\/tableau-300x123.png 300w, https:\/\/newsestlyonnais.fr\/site\/wp-content\/uploads\/2023\/03\/tableau-350x143.png 350w, https:\/\/newsestlyonnais.fr\/site\/wp-content\/uploads\/2023\/03\/tableau-450x184.png 450w, https:\/\/newsestlyonnais.fr\/site\/wp-content\/uploads\/2023\/03\/tableau-500x205.png 500w, https:\/\/newsestlyonnais.fr\/site\/wp-content\/uploads\/2023\/03\/tableau-550x225.png 550w, https:\/\/newsestlyonnais.fr\/site\/wp-content\/uploads\/2023\/03\/tableau-800x328.png 800w, https:\/\/newsestlyonnais.fr\/site\/wp-content\/uploads\/2023\/03\/tableau.png 1006w\" sizes=\"auto, (max-width: 640px) 100vw, 640px\" \/><\/a>\n\t\t\t<\/div><\/figure><figure class='gallery-item'>\n\t\t\t<div class='gallery-icon landscape'>\n\t\t\t\t<a href='https:\/\/newsestlyonnais.fr\/site\/2023\/03\/01\/bron-un-lutteur-vice-champion-de-france-en-libre\/329417444_1214112175978716_1271886058529332232_n\/'><img loading=\"lazy\" decoding=\"async\" width=\"575\" height=\"575\" src=\"https:\/\/newsestlyonnais.fr\/site\/wp-content\/uploads\/2023\/03\/329417444_1214112175978716_1271886058529332232_n.jpg\" class=\"attachment-large size-large\" alt=\"\" srcset=\"https:\/\/newsestlyonnais.fr\/site\/wp-content\/uploads\/2023\/03\/329417444_1214112175978716_1271886058529332232_n.jpg 575w, https:\/\/newsestlyonnais.fr\/site\/wp-content\/uploads\/2023\/03\/329417444_1214112175978716_1271886058529332232_n-400x400.jpg 400w, https:\/\/newsestlyonnais.fr\/site\/wp-content\/uploads\/2023\/03\/329417444_1214112175978716_1271886058529332232_n-250x250.jpg 250w, https:\/\/newsestlyonnais.fr\/site\/wp-content\/uploads\/2023\/03\/329417444_1214112175978716_1271886058529332232_n-150x150.jpg 150w, https:\/\/newsestlyonnais.fr\/site\/wp-content\/uploads\/2023\/03\/329417444_1214112175978716_1271886058529332232_n-50x50.jpg 50w, https:\/\/newsestlyonnais.fr\/site\/wp-content\/uploads\/2023\/03\/329417444_1214112175978716_1271886058529332232_n-100x100.jpg 100w, https:\/\/newsestlyonnais.fr\/site\/wp-content\/uploads\/2023\/03\/329417444_1214112175978716_1271886058529332232_n-200x200.jpg 200w, https:\/\/newsestlyonnais.fr\/site\/wp-content\/uploads\/2023\/03\/329417444_1214112175978716_1271886058529332232_n-300x300.jpg 300w, https:\/\/newsestlyonnais.fr\/site\/wp-content\/uploads\/2023\/03\/329417444_1214112175978716_1271886058529332232_n-350x350.jpg 350w, https:\/\/newsestlyonnais.fr\/site\/wp-content\/uploads\/2023\/03\/329417444_1214112175978716_1271886058529332232_n-450x450.jpg 450w, https:\/\/newsestlyonnais.fr\/site\/wp-content\/uploads\/2023\/03\/329417444_1214112175978716_1271886058529332232_n-500x500.jpg 500w, https:\/\/newsestlyonnais.fr\/site\/wp-content\/uploads\/2023\/03\/329417444_1214112175978716_1271886058529332232_n-550x550.jpg 550w\" sizes=\"auto, (max-width: 575px) 100vw, 575px\" \/><\/a>\n\t\t\t<\/div><\/figure>\n\t\t<\/div>\n\n<\/div>\n<div><\/div>\n<div><\/div>\n<div>\n<hr \/>\n<\/div>\n","protected":false},"excerpt":{"rendered":"<p>Ce dernier week-end, le Bron Lutte Olympique \u00e9tait repr\u00e9sent\u00e9 au championnat de France de lutte llibre \u00e0 Mulhouse, par Hamza Kilinc en cat\u00e9gorie U17 (+110 kg).<\/p>\n","protected":false},"author":4,"featured_media":177263,"comment_status":"open","ping_status":"open","sticky":false,"template":"","format":"standard","meta":{"footnotes":""},"categories":[19,3896,2],"tags":[2072,4031,2702,4297,4635,3183,4636],"class_list":["post-177212","post","type-post","status-publish","format-standard","has-post-thumbnail","hentry","category-bron","category-lutte-sambo","category-sports","tag-bron","tag-bron-lutte","tag-championnats-france","tag-hakim-trabelsi","tag-hamza-kilinc","tag-lutte","tag-lutte-libre"],"yoast_head":"<!-- This site is optimized with the Yoast SEO plugin v27.2 - https:\/\/yoast.com\/product\/yoast-seo-wordpress\/ -->\n<title>BRON | Un lutteur vice-champion de France en libre - News Est Lyonnais<\/title>\n<meta name=\"description\" content=\"BRON | Un lutteur vice-champion de France en libre\" \/>\n<meta name=\"robots\" content=\"index, follow, max-snippet:-1, max-image-preview:large, max-video-preview:-1\" \/>\n<link rel=\"canonical\" href=\"https:\/\/newsestlyonnais.fr\/site\/2023\/03\/01\/bron-un-lutteur-vice-champion-de-france-en-libre\/\" \/>\n<meta property=\"og:locale\" content=\"fr_FR\" \/>\n<meta property=\"og:type\" content=\"article\" \/>\n<meta property=\"og:title\" content=\"BRON | Un lutteur vice-champion de France en libre - News Est Lyonnais\" \/>\n<meta property=\"og:description\" content=\"BRON | Un lutteur vice-champion de France en libre\" \/>\n<meta property=\"og:url\" content=\"https:\/\/newsestlyonnais.fr\/site\/2023\/03\/01\/bron-un-lutteur-vice-champion-de-france-en-libre\/\" \/>\n<meta property=\"og:site_name\" content=\"News Est Lyonnais\" \/>\n<meta property=\"article:author\" content=\"https:\/\/www.facebook.com\/pascal.oberson.1?fref=ts\" \/>\n<meta property=\"article:published_time\" content=\"2023-03-01T06:23:54+00:00\" \/>\n<meta property=\"article:modified_time\" content=\"2023-03-03T08:12:21+00:00\" \/>\n<meta property=\"og:image\" content=\"https:\/\/newsestlyonnais.fr\/site\/wp-content\/uploads\/2023\/03\/IMG_20230228_220536.jpg\" \/>\n\t<meta property=\"og:image:width\" content=\"322\" \/>\n\t<meta property=\"og:image:height\" content=\"356\" \/>\n\t<meta property=\"og:image:type\" content=\"image\/jpeg\" \/>\n<meta name=\"author\" content=\"R\u00e9dac. NEWS\" \/>\n<meta name=\"twitter:card\" content=\"summary_large_image\" \/>\n<meta name=\"twitter:label1\" content=\"\u00c9crit par\" \/>\n\t<meta name=\"twitter:data1\" content=\"R\u00e9dac. NEWS\" \/>\n\t<meta name=\"twitter:label2\" content=\"Dur\u00e9e de lecture estim\u00e9e\" \/>\n\t<meta name=\"twitter:data2\" content=\"1 minute\" \/>\n<script type=\"application\/ld+json\" class=\"yoast-schema-graph\">{\"@context\":\"https:\/\/schema.org\",\"@graph\":[{\"@type\":\"Article\",\"@id\":\"https:\/\/newsestlyonnais.fr\/site\/2023\/03\/01\/bron-un-lutteur-vice-champion-de-france-en-libre\/#article\",\"isPartOf\":{\"@id\":\"https:\/\/newsestlyonnais.fr\/site\/2023\/03\/01\/bron-un-lutteur-vice-champion-de-france-en-libre\/\"},\"author\":{\"name\":\"R\u00e9dac. NEWS\",\"@id\":\"https:\/\/newsestlyonnais.fr\/site\/#\/schema\/person\/3230d5615f390bb808365d673001e887\"},\"headline\":\"BRON | Un lutteur vice-champion de France en libre\",\"datePublished\":\"2023-03-01T06:23:54+00:00\",\"dateModified\":\"2023-03-03T08:12:21+00:00\",\"mainEntityOfPage\":{\"@id\":\"https:\/\/newsestlyonnais.fr\/site\/2023\/03\/01\/bron-un-lutteur-vice-champion-de-france-en-libre\/\"},\"wordCount\":191,\"commentCount\":0,\"publisher\":{\"@id\":\"https:\/\/newsestlyonnais.fr\/site\/#organization\"},\"image\":{\"@id\":\"https:\/\/newsestlyonnais.fr\/site\/2023\/03\/01\/bron-un-lutteur-vice-champion-de-france-en-libre\/#primaryimage\"},\"thumbnailUrl\":\"https:\/\/newsestlyonnais.fr\/site\/wp-content\/uploads\/2023\/03\/IMG_20230228_220536.jpg\",\"keywords\":[\"BRON\",\"BRON LUTTE\",\"CHAMPIONNATS FRANCE\",\"Hakim Trabelsi\",\"Hamza Kilinc\",\"LUTTE\",\"LUTTE LIBRE\"],\"articleSection\":[\"Bron\",\"Lutte \/ Sambo\",\"Sports\"],\"inLanguage\":\"fr-FR\",\"potentialAction\":[{\"@type\":\"CommentAction\",\"name\":\"Comment\",\"target\":[\"https:\/\/newsestlyonnais.fr\/site\/2023\/03\/01\/bron-un-lutteur-vice-champion-de-france-en-libre\/#respond\"]}]},{\"@type\":\"WebPage\",\"@id\":\"https:\/\/newsestlyonnais.fr\/site\/2023\/03\/01\/bron-un-lutteur-vice-champion-de-france-en-libre\/\",\"url\":\"https:\/\/newsestlyonnais.fr\/site\/2023\/03\/01\/bron-un-lutteur-vice-champion-de-france-en-libre\/\",\"name\":\"BRON | Un lutteur vice-champion de France en libre - News Est Lyonnais\",\"isPartOf\":{\"@id\":\"https:\/\/newsestlyonnais.fr\/site\/#website\"},\"primaryImageOfPage\":{\"@id\":\"https:\/\/newsestlyonnais.fr\/site\/2023\/03\/01\/bron-un-lutteur-vice-champion-de-france-en-libre\/#primaryimage\"},\"image\":{\"@id\":\"https:\/\/newsestlyonnais.fr\/site\/2023\/03\/01\/bron-un-lutteur-vice-champion-de-france-en-libre\/#primaryimage\"},\"thumbnailUrl\":\"https:\/\/newsestlyonnais.fr\/site\/wp-content\/uploads\/2023\/03\/IMG_20230228_220536.jpg\",\"datePublished\":\"2023-03-01T06:23:54+00:00\",\"dateModified\":\"2023-03-03T08:12:21+00:00\",\"description\":\"BRON | Un lutteur vice-champion de France en libre\",\"breadcrumb\":{\"@id\":\"https:\/\/newsestlyonnais.fr\/site\/2023\/03\/01\/bron-un-lutteur-vice-champion-de-france-en-libre\/#breadcrumb\"},\"inLanguage\":\"fr-FR\",\"potentialAction\":[{\"@type\":\"ReadAction\",\"target\":[\"https:\/\/newsestlyonnais.fr\/site\/2023\/03\/01\/bron-un-lutteur-vice-champion-de-france-en-libre\/\"]}]},{\"@type\":\"ImageObject\",\"inLanguage\":\"fr-FR\",\"@id\":\"https:\/\/newsestlyonnais.fr\/site\/2023\/03\/01\/bron-un-lutteur-vice-champion-de-france-en-libre\/#primaryimage\",\"url\":\"https:\/\/newsestlyonnais.fr\/site\/wp-content\/uploads\/2023\/03\/IMG_20230228_220536.jpg\",\"contentUrl\":\"https:\/\/newsestlyonnais.fr\/site\/wp-content\/uploads\/2023\/03\/IMG_20230228_220536.jpg\",\"width\":322,\"height\":356},{\"@type\":\"BreadcrumbList\",\"@id\":\"https:\/\/newsestlyonnais.fr\/site\/2023\/03\/01\/bron-un-lutteur-vice-champion-de-france-en-libre\/#breadcrumb\",\"itemListElement\":[{\"@type\":\"ListItem\",\"position\":1,\"name\":\"Accueil\",\"item\":\"https:\/\/newsestlyonnais.fr\/site\/\"},{\"@type\":\"ListItem\",\"position\":2,\"name\":\"BRON | Un lutteur vice-champion de France en libre\"}]},{\"@type\":\"WebSite\",\"@id\":\"https:\/\/newsestlyonnais.fr\/site\/#website\",\"url\":\"https:\/\/newsestlyonnais.fr\/site\/\",\"name\":\"News Est Lyonnais\",\"description\":\"L&#039;actualit\u00e9 au plus pr\u00e8s\",\"publisher\":{\"@id\":\"https:\/\/newsestlyonnais.fr\/site\/#organization\"},\"potentialAction\":[{\"@type\":\"SearchAction\",\"target\":{\"@type\":\"EntryPoint\",\"urlTemplate\":\"https:\/\/newsestlyonnais.fr\/site\/?s={search_term_string}\"},\"query-input\":{\"@type\":\"PropertyValueSpecification\",\"valueRequired\":true,\"valueName\":\"search_term_string\"}}],\"inLanguage\":\"fr-FR\"},{\"@type\":\"Organization\",\"@id\":\"https:\/\/newsestlyonnais.fr\/site\/#organization\",\"name\":\"News EST LYONNAIS\",\"url\":\"https:\/\/newsestlyonnais.fr\/site\/\",\"logo\":{\"@type\":\"ImageObject\",\"inLanguage\":\"fr-FR\",\"@id\":\"https:\/\/newsestlyonnais.fr\/site\/#\/schema\/logo\/image\/\",\"url\":\"\",\"contentUrl\":\"\",\"caption\":\"News EST LYONNAIS\"},\"image\":{\"@id\":\"https:\/\/newsestlyonnais.fr\/site\/#\/schema\/logo\/image\/\"}},{\"@type\":\"Person\",\"@id\":\"https:\/\/newsestlyonnais.fr\/site\/#\/schema\/person\/3230d5615f390bb808365d673001e887\",\"name\":\"R\u00e9dac. NEWS\",\"sameAs\":[\"http:\/\/www.newsestlyonnais.fr\",\"https:\/\/www.facebook.com\/pascal.oberson.1?fref=ts\",\"https:\/\/fr.linkedin.com\/in\/pascal-oberson-b17045113\"],\"url\":\"https:\/\/newsestlyonnais.fr\/site\/author\/nel\/\"}]}<\/script>\n<!-- \/ Yoast SEO plugin. -->","yoast_head_json":{"title":"BRON | Un lutteur vice-champion de France en libre - News Est Lyonnais","description":"BRON | Un lutteur vice-champion de France en libre","robots":{"index":"index","follow":"follow","max-snippet":"max-snippet:-1","max-image-preview":"max-image-preview:large","max-video-preview":"max-video-preview:-1"},"canonical":"https:\/\/newsestlyonnais.fr\/site\/2023\/03\/01\/bron-un-lutteur-vice-champion-de-france-en-libre\/","og_locale":"fr_FR","og_type":"article","og_title":"BRON | Un lutteur vice-champion de France en libre - News Est Lyonnais","og_description":"BRON | Un lutteur vice-champion de France en libre","og_url":"https:\/\/newsestlyonnais.fr\/site\/2023\/03\/01\/bron-un-lutteur-vice-champion-de-france-en-libre\/","og_site_name":"News Est Lyonnais","article_author":"https:\/\/www.facebook.com\/pascal.oberson.1?fref=ts","article_published_time":"2023-03-01T06:23:54+00:00","article_modified_time":"2023-03-03T08:12:21+00:00","og_image":[{"width":322,"height":356,"url":"https:\/\/newsestlyonnais.fr\/site\/wp-content\/uploads\/2023\/03\/IMG_20230228_220536.jpg","type":"image\/jpeg"}],"author":"R\u00e9dac. NEWS","twitter_card":"summary_large_image","twitter_misc":{"\u00c9crit par":"R\u00e9dac. NEWS","Dur\u00e9e de lecture estim\u00e9e":"1 minute"},"schema":{"@context":"https:\/\/schema.org","@graph":[{"@type":"Article","@id":"https:\/\/newsestlyonnais.fr\/site\/2023\/03\/01\/bron-un-lutteur-vice-champion-de-france-en-libre\/#article","isPartOf":{"@id":"https:\/\/newsestlyonnais.fr\/site\/2023\/03\/01\/bron-un-lutteur-vice-champion-de-france-en-libre\/"},"author":{"name":"R\u00e9dac. NEWS","@id":"https:\/\/newsestlyonnais.fr\/site\/#\/schema\/person\/3230d5615f390bb808365d673001e887"},"headline":"BRON | Un lutteur vice-champion de France en libre","datePublished":"2023-03-01T06:23:54+00:00","dateModified":"2023-03-03T08:12:21+00:00","mainEntityOfPage":{"@id":"https:\/\/newsestlyonnais.fr\/site\/2023\/03\/01\/bron-un-lutteur-vice-champion-de-france-en-libre\/"},"wordCount":191,"commentCount":0,"publisher":{"@id":"https:\/\/newsestlyonnais.fr\/site\/#organization"},"image":{"@id":"https:\/\/newsestlyonnais.fr\/site\/2023\/03\/01\/bron-un-lutteur-vice-champion-de-france-en-libre\/#primaryimage"},"thumbnailUrl":"https:\/\/newsestlyonnais.fr\/site\/wp-content\/uploads\/2023\/03\/IMG_20230228_220536.jpg","keywords":["BRON","BRON LUTTE","CHAMPIONNATS FRANCE","Hakim Trabelsi","Hamza Kilinc","LUTTE","LUTTE LIBRE"],"articleSection":["Bron","Lutte \/ Sambo","Sports"],"inLanguage":"fr-FR","potentialAction":[{"@type":"CommentAction","name":"Comment","target":["https:\/\/newsestlyonnais.fr\/site\/2023\/03\/01\/bron-un-lutteur-vice-champion-de-france-en-libre\/#respond"]}]},{"@type":"WebPage","@id":"https:\/\/newsestlyonnais.fr\/site\/2023\/03\/01\/bron-un-lutteur-vice-champion-de-france-en-libre\/","url":"https:\/\/newsestlyonnais.fr\/site\/2023\/03\/01\/bron-un-lutteur-vice-champion-de-france-en-libre\/","name":"BRON | Un lutteur vice-champion de France en libre - News Est Lyonnais","isPartOf":{"@id":"https:\/\/newsestlyonnais.fr\/site\/#website"},"primaryImageOfPage":{"@id":"https:\/\/newsestlyonnais.fr\/site\/2023\/03\/01\/bron-un-lutteur-vice-champion-de-france-en-libre\/#primaryimage"},"image":{"@id":"https:\/\/newsestlyonnais.fr\/site\/2023\/03\/01\/bron-un-lutteur-vice-champion-de-france-en-libre\/#primaryimage"},"thumbnailUrl":"https:\/\/newsestlyonnais.fr\/site\/wp-content\/uploads\/2023\/03\/IMG_20230228_220536.jpg","datePublished":"2023-03-01T06:23:54+00:00","dateModified":"2023-03-03T08:12:21+00:00","description":"BRON | Un lutteur vice-champion de France en libre","breadcrumb":{"@id":"https:\/\/newsestlyonnais.fr\/site\/2023\/03\/01\/bron-un-lutteur-vice-champion-de-france-en-libre\/#breadcrumb"},"inLanguage":"fr-FR","potentialAction":[{"@type":"ReadAction","target":["https:\/\/newsestlyonnais.fr\/site\/2023\/03\/01\/bron-un-lutteur-vice-champion-de-france-en-libre\/"]}]},{"@type":"ImageObject","inLanguage":"fr-FR","@id":"https:\/\/newsestlyonnais.fr\/site\/2023\/03\/01\/bron-un-lutteur-vice-champion-de-france-en-libre\/#primaryimage","url":"https:\/\/newsestlyonnais.fr\/site\/wp-content\/uploads\/2023\/03\/IMG_20230228_220536.jpg","contentUrl":"https:\/\/newsestlyonnais.fr\/site\/wp-content\/uploads\/2023\/03\/IMG_20230228_220536.jpg","width":322,"height":356},{"@type":"BreadcrumbList","@id":"https:\/\/newsestlyonnais.fr\/site\/2023\/03\/01\/bron-un-lutteur-vice-champion-de-france-en-libre\/#breadcrumb","itemListElement":[{"@type":"ListItem","position":1,"name":"Accueil","item":"https:\/\/newsestlyonnais.fr\/site\/"},{"@type":"ListItem","position":2,"name":"BRON | Un lutteur vice-champion de France en libre"}]},{"@type":"WebSite","@id":"https:\/\/newsestlyonnais.fr\/site\/#website","url":"https:\/\/newsestlyonnais.fr\/site\/","name":"News Est Lyonnais","description":"L&#039;actualit\u00e9 au plus pr\u00e8s","publisher":{"@id":"https:\/\/newsestlyonnais.fr\/site\/#organization"},"potentialAction":[{"@type":"SearchAction","target":{"@type":"EntryPoint","urlTemplate":"https:\/\/newsestlyonnais.fr\/site\/?s={search_term_string}"},"query-input":{"@type":"PropertyValueSpecification","valueRequired":true,"valueName":"search_term_string"}}],"inLanguage":"fr-FR"},{"@type":"Organization","@id":"https:\/\/newsestlyonnais.fr\/site\/#organization","name":"News EST LYONNAIS","url":"https:\/\/newsestlyonnais.fr\/site\/","logo":{"@type":"ImageObject","inLanguage":"fr-FR","@id":"https:\/\/newsestlyonnais.fr\/site\/#\/schema\/logo\/image\/","url":"","contentUrl":"","caption":"News EST LYONNAIS"},"image":{"@id":"https:\/\/newsestlyonnais.fr\/site\/#\/schema\/logo\/image\/"}},{"@type":"Person","@id":"https:\/\/newsestlyonnais.fr\/site\/#\/schema\/person\/3230d5615f390bb808365d673001e887","name":"R\u00e9dac. NEWS","sameAs":["http:\/\/www.newsestlyonnais.fr","https:\/\/www.facebook.com\/pascal.oberson.1?fref=ts","https:\/\/fr.linkedin.com\/in\/pascal-oberson-b17045113"],"url":"https:\/\/newsestlyonnais.fr\/site\/author\/nel\/"}]}},"_links":{"self":[{"href":"https:\/\/newsestlyonnais.fr\/site\/wp-json\/wp\/v2\/posts\/177212","targetHints":{"allow":["GET"]}}],"collection":[{"href":"https:\/\/newsestlyonnais.fr\/site\/wp-json\/wp\/v2\/posts"}],"about":[{"href":"https:\/\/newsestlyonnais.fr\/site\/wp-json\/wp\/v2\/types\/post"}],"author":[{"embeddable":true,"href":"https:\/\/newsestlyonnais.fr\/site\/wp-json\/wp\/v2\/users\/4"}],"replies":[{"embeddable":true,"href":"https:\/\/newsestlyonnais.fr\/site\/wp-json\/wp\/v2\/comments?post=177212"}],"version-history":[{"count":0,"href":"https:\/\/newsestlyonnais.fr\/site\/wp-json\/wp\/v2\/posts\/177212\/revisions"}],"wp:featuredmedia":[{"embeddable":true,"href":"https:\/\/newsestlyonnais.fr\/site\/wp-json\/wp\/v2\/media\/177263"}],"wp:attachment":[{"href":"https:\/\/newsestlyonnais.fr\/site\/wp-json\/wp\/v2\/media?parent=177212"}],"wp:term":[{"taxonomy":"category","embeddable":true,"href":"https:\/\/newsestlyonnais.fr\/site\/wp-json\/wp\/v2\/categories?post=177212"},{"taxonomy":"post_tag","embeddable":true,"href":"https:\/\/newsestlyonnais.fr\/site\/wp-json\/wp\/v2\/tags?post=177212"}],"curies":[{"name":"wp","href":"https:\/\/api.w.org\/{rel}","templated":true}]}}