{"id":177215,"date":"2023-03-01T11:39:48","date_gmt":"2023-03-01T10:39:48","guid":{"rendered":"https:\/\/newsestlyonnais.fr\/site\/?p=177215"},"modified":"2023-03-12T07:56:39","modified_gmt":"2023-03-12T06:56:39","slug":"lyon-7-les-evenements-au-11-mars","status":"publish","type":"post","link":"https:\/\/newsestlyonnais.fr\/site\/2023\/03\/01\/lyon-7-les-evenements-au-11-mars\/","title":{"rendered":"LYON 7 | Les \u00e9v\u00e8nements au 11 mars"},"content":{"rendered":"<p><span style=\"font-size: 14pt;\"><strong><span style=\"font-family: georgia, palatino, serif; background-color: #000000; color: #ffffff;\"><u>Jusqu\u2019au 1\u00b0 mars<\/u> : <\/span><\/strong><\/span><\/p>\n<p><span style=\"font-family: georgia, palatino, serif;\"><strong>Concertation :<\/strong> <strong>Donnez votre avis sur les parcs de la Ville de Lyon !<\/strong><\/span><br \/>\n<span style=\"font-family: georgia, palatino, serif;\">Participez \u00e0 l&rsquo;enqu\u00eate en ligne sur les parcs de la Ville de Lyon, notamment les parcs T\u00eate d&rsquo;Or, de Gerland, de Blandan et du Clos Layat, sur la plateforme Oy\u00e9! \u00e0 partir du 1er f\u00e9vrier jusqu&rsquo;au 1er mars !<\/span><br \/>\n<span style=\"font-family: georgia, palatino, serif;\">Informations : <a href=\"https:\/\/mairie7.lyon.fr\/actualite\/concertation\/donnez-votre-avis-sur-les-parcs-de-la-ville-de-lyon\">https:\/\/mairie7.lyon.fr\/actualite\/concertation\/donnez-votre-avis-sur-les-parcs-de-la-ville-de-lyon<\/a><\/span><\/p>\n<p><strong><span style=\"font-family: georgia, palatino, serif; background-color: #000000; color: #ffffff; font-size: 14pt;\"><u>Jusqu\u2019au 2 mars<\/u> : <\/span><\/strong><\/p>\n<p><span style=\"font-family: georgia, palatino, serif;\"><strong>Exposition \u00ab<\/strong> <strong>M\u00e9moire des murs, faire parler les murs palimpsestes<\/strong> \u00bb par Filigrane. (<\/span><span style=\"font-family: georgia, palatino, serif;\">Maison des Projets Gabriel P\u00e9ri : 2 rue Gilbert-Dru). <\/span><\/p>\n<p><strong><span style=\"font-family: georgia, palatino, serif; background-color: #000000; color: #ffffff; font-size: 14pt;\"><u>Jusqu&rsquo;au 5 mars<\/u> : <\/span><\/strong><\/p>\n<p><span style=\"font-family: georgia, palatino, serif;\"><strong>Exposition du Groupe des Douze, peintures et sculptures. <\/strong>(<\/span><span style=\"font-family: georgia, palatino, serif;\">Centre Berthelot, 14 avenue Berthelot).<\/span><\/p>\n<hr \/>\n<p><span style=\"font-family: georgia, palatino, serif;\"><strong><span style=\"background-color: #000000; color: #ffffff; font-size: 14pt;\">Mercredi 1\u00b0 mars <\/span><\/strong><\/span><\/p>\n<ul>\n<li><span style=\"font-family: georgia, palatino, serif;\">\u00e0 18 h 30 : <strong>Conseil d\u2019arrondissement (<\/strong>Salle des Mariages et du Conseil, Mairie du 7). <\/span><\/li>\n<\/ul>\n<p><span style=\"font-family: georgia, palatino, serif;\"><strong><span style=\"background-color: #000000; color: #ffffff; font-size: 14pt;\">Jeudi 2 mars <\/span><\/strong><\/span><\/p>\n<ul>\n<li><span style=\"font-family: georgia, palatino, serif;\">\u00e0 18 h 30 : <strong>Quel avenir pour votre quartier ? <\/strong>Informations sur le PLUH, secteur Sud &#8211; quartier Gerland. R\u00e9union d\u2019information sur l\u2019urbanisme et l\u2019habitat dans le 7\u00b0. (Maison Ravier, 7 rue Ravier).<\/span><\/li>\n<\/ul>\n<p><span style=\"background-color: #000000; color: #ffffff; font-family: georgia, palatino, serif;\"><strong><span style=\"font-size: 14pt; background-color: #000000;\">Lundi 6 mars <\/span><\/strong><\/span><\/p>\n<ul>\n<li><span style=\"font-family: georgia, palatino, serif;\">\u00e0 <strong>18 h 30 : <\/strong><strong>Quel avenir pour votre quartier ? <\/strong>Informations sur le PLUH, secteur Nord &#8211; Jean Mac\u00e9, Guilloti\u00e8re. R\u00e9union d\u2019information sur l\u2019urbanisme et l\u2019habitat dans le 7\u00b0. (Mairie du 7, salle des Mariages et du Conseil).<\/span><\/li>\n<\/ul>\n<p><span style=\"font-family: georgia, palatino, serif;\"><strong><span style=\"background-color: #000000; color: #ffffff; font-size: 14pt;\">Du jeudi 9 au samedi 11 mars<\/span><\/strong><\/span><\/p>\n<ul>\n<li><span style=\"font-family: georgia, palatino, serif;\"><span style=\"font-size: 12pt;\"><strong>\u00ab <span style=\"font-size: 12pt;\">Public.ques LYON 2 \u00bb : exp\u00e9rience artistique de la place des femmes dans l\u2019espace public. <\/span><\/strong><\/span><span style=\"font-size: 12pt;\">Production et r\u00e9alisation par l\u2019Universit\u00e9 Lyon 2, cr\u00e9ation par la compagnie Acte. Spectacle chor\u00e9graphique et sonore en d\u00e9ambulation. (R<\/span><span style=\"font-size: 12pt;\">endez-vous Campus des Berges du Rh\u00f4ne). <\/span><\/span><\/li>\n<\/ul>\n<p><span style=\"font-family: georgia, palatino, serif; background-color: #000000; color: #ffffff; font-size: 14pt;\"><strong>Samedi 11 mars<\/strong><\/span><\/p>\n<ul>\n<li><span style=\"font-family: georgia, palatino, serif;\">\u00e0 <span style=\"font-size: 12pt;\"><strong>14 h 30 et 16 h : <\/strong><\/span><span style=\"font-size: 12pt;\"><span style=\"font-size: 12pt;\">Dans le cadre de la<strong> journ\u00e9e internationale des droits des femmes <\/strong>qui est cette ann\u00e9e autour de l\u2019\u00e9galit\u00e9 filles\/gar\u00e7ons<strong>,<\/strong> la Mairie du 7<sup>e<\/sup> invite les enfants du 7<sup>e<\/sup> \u00e0 venir d\u00e9couvrir le <strong>conte marionnettique et musical <em>Iphis et Ianth\u00e9<\/em>,<\/strong> librement inspir\u00e9 des <em>M\u00e9tamorphoses<\/em> d\u2019Ovide. (S<\/span><\/span>alle des mariages de la Mairie du 7).<\/span><\/li>\n<\/ul>\n<hr \/>\n<p><span style=\"font-family: georgia, palatino, serif;\"><strong>&gt;&gt; Toute l\u2019ACTU de l\u2019arrondissement sur : <\/strong><a href=\"https:\/\/mairie7.lyon.fr\" target=\"_blank\" rel=\"noreferrer noopener\"><strong>https:\/\/mairie7.lyon.fr<\/strong><\/a><\/span><\/p>\n","protected":false},"excerpt":{"rendered":"<p>Plusieurs programmations sur cet arrondissement pour cette premi\u00e8re d\u00e9cade du troisi\u00e8me mois de l&rsquo;ann\u00e9e.<\/p>\n","protected":false},"author":4,"featured_media":89773,"comment_status":"open","ping_status":"open","sticky":false,"template":"","format":"standard","meta":{"footnotes":""},"categories":[1625],"tags":[1991,2120,2077],"class_list":["post-177215","post","type-post","status-publish","format-standard","has-post-thumbnail","hentry","category-lyon","tag-agenda","tag-evenements","tag-lyon"],"yoast_head":"<!-- This site is optimized with the Yoast SEO plugin v27.2 - https:\/\/yoast.com\/product\/yoast-seo-wordpress\/ -->\n<title>LYON 7 | Les \u00e9v\u00e8nements au 11 mars - News Est Lyonnais<\/title>\n<meta name=\"description\" content=\"LYON 7 | Les \u00e9v\u00e8nements au 11 mars\" \/>\n<meta name=\"robots\" content=\"index, follow, max-snippet:-1, max-image-preview:large, max-video-preview:-1\" \/>\n<link rel=\"canonical\" href=\"https:\/\/newsestlyonnais.fr\/site\/2023\/03\/01\/lyon-7-les-evenements-au-11-mars\/\" \/>\n<meta property=\"og:locale\" content=\"fr_FR\" \/>\n<meta property=\"og:type\" content=\"article\" \/>\n<meta property=\"og:title\" content=\"LYON 7 | Les \u00e9v\u00e8nements au 11 mars - News Est Lyonnais\" \/>\n<meta property=\"og:description\" content=\"LYON 7 | Les \u00e9v\u00e8nements au 11 mars\" \/>\n<meta property=\"og:url\" content=\"https:\/\/newsestlyonnais.fr\/site\/2023\/03\/01\/lyon-7-les-evenements-au-11-mars\/\" \/>\n<meta property=\"og:site_name\" content=\"News Est Lyonnais\" \/>\n<meta property=\"article:author\" content=\"https:\/\/www.facebook.com\/pascal.oberson.1?fref=ts\" \/>\n<meta property=\"article:published_time\" content=\"2023-03-01T10:39:48+00:00\" \/>\n<meta property=\"article:modified_time\" content=\"2023-03-12T06:56:39+00:00\" \/>\n<meta property=\"og:image\" content=\"https:\/\/newsestlyonnais.fr\/site\/wp-content\/uploads\/2019\/11\/NEWSESTLYONNAIS-MAIRIE-LYON7.jpg\" \/>\n\t<meta property=\"og:image:width\" content=\"1200\" \/>\n\t<meta property=\"og:image:height\" content=\"800\" \/>\n\t<meta property=\"og:image:type\" content=\"image\/jpeg\" \/>\n<meta name=\"author\" content=\"R\u00e9dac. NEWS\" \/>\n<meta name=\"twitter:card\" content=\"summary_large_image\" \/>\n<meta name=\"twitter:label1\" content=\"\u00c9crit par\" \/>\n\t<meta name=\"twitter:data1\" content=\"R\u00e9dac. NEWS\" \/>\n\t<meta name=\"twitter:label2\" content=\"Dur\u00e9e de lecture estim\u00e9e\" \/>\n\t<meta name=\"twitter:data2\" content=\"2 minutes\" \/>\n<script type=\"application\/ld+json\" class=\"yoast-schema-graph\">{\"@context\":\"https:\/\/schema.org\",\"@graph\":[{\"@type\":\"Article\",\"@id\":\"https:\/\/newsestlyonnais.fr\/site\/2023\/03\/01\/lyon-7-les-evenements-au-11-mars\/#article\",\"isPartOf\":{\"@id\":\"https:\/\/newsestlyonnais.fr\/site\/2023\/03\/01\/lyon-7-les-evenements-au-11-mars\/\"},\"author\":{\"name\":\"R\u00e9dac. NEWS\",\"@id\":\"https:\/\/newsestlyonnais.fr\/site\/#\/schema\/person\/3230d5615f390bb808365d673001e887\"},\"headline\":\"LYON 7 | Les \u00e9v\u00e8nements au 11 mars\",\"datePublished\":\"2023-03-01T10:39:48+00:00\",\"dateModified\":\"2023-03-12T06:56:39+00:00\",\"mainEntityOfPage\":{\"@id\":\"https:\/\/newsestlyonnais.fr\/site\/2023\/03\/01\/lyon-7-les-evenements-au-11-mars\/\"},\"wordCount\":322,\"commentCount\":0,\"publisher\":{\"@id\":\"https:\/\/newsestlyonnais.fr\/site\/#organization\"},\"image\":{\"@id\":\"https:\/\/newsestlyonnais.fr\/site\/2023\/03\/01\/lyon-7-les-evenements-au-11-mars\/#primaryimage\"},\"thumbnailUrl\":\"https:\/\/newsestlyonnais.fr\/site\/wp-content\/uploads\/2019\/11\/NEWSESTLYONNAIS-MAIRIE-LYON7.jpg\",\"keywords\":[\"AGENDA\",\"EVENEMENTS\",\"LYON\"],\"articleSection\":[\"Lyon\"],\"inLanguage\":\"fr-FR\",\"potentialAction\":[{\"@type\":\"CommentAction\",\"name\":\"Comment\",\"target\":[\"https:\/\/newsestlyonnais.fr\/site\/2023\/03\/01\/lyon-7-les-evenements-au-11-mars\/#respond\"]}]},{\"@type\":\"WebPage\",\"@id\":\"https:\/\/newsestlyonnais.fr\/site\/2023\/03\/01\/lyon-7-les-evenements-au-11-mars\/\",\"url\":\"https:\/\/newsestlyonnais.fr\/site\/2023\/03\/01\/lyon-7-les-evenements-au-11-mars\/\",\"name\":\"LYON 7 | Les \u00e9v\u00e8nements au 11 mars - News Est Lyonnais\",\"isPartOf\":{\"@id\":\"https:\/\/newsestlyonnais.fr\/site\/#website\"},\"primaryImageOfPage\":{\"@id\":\"https:\/\/newsestlyonnais.fr\/site\/2023\/03\/01\/lyon-7-les-evenements-au-11-mars\/#primaryimage\"},\"image\":{\"@id\":\"https:\/\/newsestlyonnais.fr\/site\/2023\/03\/01\/lyon-7-les-evenements-au-11-mars\/#primaryimage\"},\"thumbnailUrl\":\"https:\/\/newsestlyonnais.fr\/site\/wp-content\/uploads\/2019\/11\/NEWSESTLYONNAIS-MAIRIE-LYON7.jpg\",\"datePublished\":\"2023-03-01T10:39:48+00:00\",\"dateModified\":\"2023-03-12T06:56:39+00:00\",\"description\":\"LYON 7 | Les \u00e9v\u00e8nements au 11 mars\",\"breadcrumb\":{\"@id\":\"https:\/\/newsestlyonnais.fr\/site\/2023\/03\/01\/lyon-7-les-evenements-au-11-mars\/#breadcrumb\"},\"inLanguage\":\"fr-FR\",\"potentialAction\":[{\"@type\":\"ReadAction\",\"target\":[\"https:\/\/newsestlyonnais.fr\/site\/2023\/03\/01\/lyon-7-les-evenements-au-11-mars\/\"]}]},{\"@type\":\"ImageObject\",\"inLanguage\":\"fr-FR\",\"@id\":\"https:\/\/newsestlyonnais.fr\/site\/2023\/03\/01\/lyon-7-les-evenements-au-11-mars\/#primaryimage\",\"url\":\"https:\/\/newsestlyonnais.fr\/site\/wp-content\/uploads\/2019\/11\/NEWSESTLYONNAIS-MAIRIE-LYON7.jpg\",\"contentUrl\":\"https:\/\/newsestlyonnais.fr\/site\/wp-content\/uploads\/2019\/11\/NEWSESTLYONNAIS-MAIRIE-LYON7.jpg\",\"width\":1200,\"height\":800},{\"@type\":\"BreadcrumbList\",\"@id\":\"https:\/\/newsestlyonnais.fr\/site\/2023\/03\/01\/lyon-7-les-evenements-au-11-mars\/#breadcrumb\",\"itemListElement\":[{\"@type\":\"ListItem\",\"position\":1,\"name\":\"Accueil\",\"item\":\"https:\/\/newsestlyonnais.fr\/site\/\"},{\"@type\":\"ListItem\",\"position\":2,\"name\":\"LYON 7 | Les \u00e9v\u00e8nements au 11 mars\"}]},{\"@type\":\"WebSite\",\"@id\":\"https:\/\/newsestlyonnais.fr\/site\/#website\",\"url\":\"https:\/\/newsestlyonnais.fr\/site\/\",\"name\":\"News Est Lyonnais\",\"description\":\"L&#039;actualit\u00e9 au plus pr\u00e8s\",\"publisher\":{\"@id\":\"https:\/\/newsestlyonnais.fr\/site\/#organization\"},\"potentialAction\":[{\"@type\":\"SearchAction\",\"target\":{\"@type\":\"EntryPoint\",\"urlTemplate\":\"https:\/\/newsestlyonnais.fr\/site\/?s={search_term_string}\"},\"query-input\":{\"@type\":\"PropertyValueSpecification\",\"valueRequired\":true,\"valueName\":\"search_term_string\"}}],\"inLanguage\":\"fr-FR\"},{\"@type\":\"Organization\",\"@id\":\"https:\/\/newsestlyonnais.fr\/site\/#organization\",\"name\":\"News EST LYONNAIS\",\"url\":\"https:\/\/newsestlyonnais.fr\/site\/\",\"logo\":{\"@type\":\"ImageObject\",\"inLanguage\":\"fr-FR\",\"@id\":\"https:\/\/newsestlyonnais.fr\/site\/#\/schema\/logo\/image\/\",\"url\":\"\",\"contentUrl\":\"\",\"caption\":\"News EST LYONNAIS\"},\"image\":{\"@id\":\"https:\/\/newsestlyonnais.fr\/site\/#\/schema\/logo\/image\/\"}},{\"@type\":\"Person\",\"@id\":\"https:\/\/newsestlyonnais.fr\/site\/#\/schema\/person\/3230d5615f390bb808365d673001e887\",\"name\":\"R\u00e9dac. NEWS\",\"sameAs\":[\"http:\/\/www.newsestlyonnais.fr\",\"https:\/\/www.facebook.com\/pascal.oberson.1?fref=ts\",\"https:\/\/fr.linkedin.com\/in\/pascal-oberson-b17045113\"],\"url\":\"https:\/\/newsestlyonnais.fr\/site\/author\/nel\/\"}]}<\/script>\n<!-- \/ Yoast SEO plugin. -->","yoast_head_json":{"title":"LYON 7 | Les \u00e9v\u00e8nements au 11 mars - News Est Lyonnais","description":"LYON 7 | Les \u00e9v\u00e8nements au 11 mars","robots":{"index":"index","follow":"follow","max-snippet":"max-snippet:-1","max-image-preview":"max-image-preview:large","max-video-preview":"max-video-preview:-1"},"canonical":"https:\/\/newsestlyonnais.fr\/site\/2023\/03\/01\/lyon-7-les-evenements-au-11-mars\/","og_locale":"fr_FR","og_type":"article","og_title":"LYON 7 | Les \u00e9v\u00e8nements au 11 mars - News Est Lyonnais","og_description":"LYON 7 | Les \u00e9v\u00e8nements au 11 mars","og_url":"https:\/\/newsestlyonnais.fr\/site\/2023\/03\/01\/lyon-7-les-evenements-au-11-mars\/","og_site_name":"News Est Lyonnais","article_author":"https:\/\/www.facebook.com\/pascal.oberson.1?fref=ts","article_published_time":"2023-03-01T10:39:48+00:00","article_modified_time":"2023-03-12T06:56:39+00:00","og_image":[{"width":1200,"height":800,"url":"https:\/\/newsestlyonnais.fr\/site\/wp-content\/uploads\/2019\/11\/NEWSESTLYONNAIS-MAIRIE-LYON7.jpg","type":"image\/jpeg"}],"author":"R\u00e9dac. NEWS","twitter_card":"summary_large_image","twitter_misc":{"\u00c9crit par":"R\u00e9dac. NEWS","Dur\u00e9e de lecture estim\u00e9e":"2 minutes"},"schema":{"@context":"https:\/\/schema.org","@graph":[{"@type":"Article","@id":"https:\/\/newsestlyonnais.fr\/site\/2023\/03\/01\/lyon-7-les-evenements-au-11-mars\/#article","isPartOf":{"@id":"https:\/\/newsestlyonnais.fr\/site\/2023\/03\/01\/lyon-7-les-evenements-au-11-mars\/"},"author":{"name":"R\u00e9dac. NEWS","@id":"https:\/\/newsestlyonnais.fr\/site\/#\/schema\/person\/3230d5615f390bb808365d673001e887"},"headline":"LYON 7 | Les \u00e9v\u00e8nements au 11 mars","datePublished":"2023-03-01T10:39:48+00:00","dateModified":"2023-03-12T06:56:39+00:00","mainEntityOfPage":{"@id":"https:\/\/newsestlyonnais.fr\/site\/2023\/03\/01\/lyon-7-les-evenements-au-11-mars\/"},"wordCount":322,"commentCount":0,"publisher":{"@id":"https:\/\/newsestlyonnais.fr\/site\/#organization"},"image":{"@id":"https:\/\/newsestlyonnais.fr\/site\/2023\/03\/01\/lyon-7-les-evenements-au-11-mars\/#primaryimage"},"thumbnailUrl":"https:\/\/newsestlyonnais.fr\/site\/wp-content\/uploads\/2019\/11\/NEWSESTLYONNAIS-MAIRIE-LYON7.jpg","keywords":["AGENDA","EVENEMENTS","LYON"],"articleSection":["Lyon"],"inLanguage":"fr-FR","potentialAction":[{"@type":"CommentAction","name":"Comment","target":["https:\/\/newsestlyonnais.fr\/site\/2023\/03\/01\/lyon-7-les-evenements-au-11-mars\/#respond"]}]},{"@type":"WebPage","@id":"https:\/\/newsestlyonnais.fr\/site\/2023\/03\/01\/lyon-7-les-evenements-au-11-mars\/","url":"https:\/\/newsestlyonnais.fr\/site\/2023\/03\/01\/lyon-7-les-evenements-au-11-mars\/","name":"LYON 7 | Les \u00e9v\u00e8nements au 11 mars - News Est Lyonnais","isPartOf":{"@id":"https:\/\/newsestlyonnais.fr\/site\/#website"},"primaryImageOfPage":{"@id":"https:\/\/newsestlyonnais.fr\/site\/2023\/03\/01\/lyon-7-les-evenements-au-11-mars\/#primaryimage"},"image":{"@id":"https:\/\/newsestlyonnais.fr\/site\/2023\/03\/01\/lyon-7-les-evenements-au-11-mars\/#primaryimage"},"thumbnailUrl":"https:\/\/newsestlyonnais.fr\/site\/wp-content\/uploads\/2019\/11\/NEWSESTLYONNAIS-MAIRIE-LYON7.jpg","datePublished":"2023-03-01T10:39:48+00:00","dateModified":"2023-03-12T06:56:39+00:00","description":"LYON 7 | Les \u00e9v\u00e8nements au 11 mars","breadcrumb":{"@id":"https:\/\/newsestlyonnais.fr\/site\/2023\/03\/01\/lyon-7-les-evenements-au-11-mars\/#breadcrumb"},"inLanguage":"fr-FR","potentialAction":[{"@type":"ReadAction","target":["https:\/\/newsestlyonnais.fr\/site\/2023\/03\/01\/lyon-7-les-evenements-au-11-mars\/"]}]},{"@type":"ImageObject","inLanguage":"fr-FR","@id":"https:\/\/newsestlyonnais.fr\/site\/2023\/03\/01\/lyon-7-les-evenements-au-11-mars\/#primaryimage","url":"https:\/\/newsestlyonnais.fr\/site\/wp-content\/uploads\/2019\/11\/NEWSESTLYONNAIS-MAIRIE-LYON7.jpg","contentUrl":"https:\/\/newsestlyonnais.fr\/site\/wp-content\/uploads\/2019\/11\/NEWSESTLYONNAIS-MAIRIE-LYON7.jpg","width":1200,"height":800},{"@type":"BreadcrumbList","@id":"https:\/\/newsestlyonnais.fr\/site\/2023\/03\/01\/lyon-7-les-evenements-au-11-mars\/#breadcrumb","itemListElement":[{"@type":"ListItem","position":1,"name":"Accueil","item":"https:\/\/newsestlyonnais.fr\/site\/"},{"@type":"ListItem","position":2,"name":"LYON 7 | Les \u00e9v\u00e8nements au 11 mars"}]},{"@type":"WebSite","@id":"https:\/\/newsestlyonnais.fr\/site\/#website","url":"https:\/\/newsestlyonnais.fr\/site\/","name":"News Est Lyonnais","description":"L&#039;actualit\u00e9 au plus pr\u00e8s","publisher":{"@id":"https:\/\/newsestlyonnais.fr\/site\/#organization"},"potentialAction":[{"@type":"SearchAction","target":{"@type":"EntryPoint","urlTemplate":"https:\/\/newsestlyonnais.fr\/site\/?s={search_term_string}"},"query-input":{"@type":"PropertyValueSpecification","valueRequired":true,"valueName":"search_term_string"}}],"inLanguage":"fr-FR"},{"@type":"Organization","@id":"https:\/\/newsestlyonnais.fr\/site\/#organization","name":"News EST LYONNAIS","url":"https:\/\/newsestlyonnais.fr\/site\/","logo":{"@type":"ImageObject","inLanguage":"fr-FR","@id":"https:\/\/newsestlyonnais.fr\/site\/#\/schema\/logo\/image\/","url":"","contentUrl":"","caption":"News EST LYONNAIS"},"image":{"@id":"https:\/\/newsestlyonnais.fr\/site\/#\/schema\/logo\/image\/"}},{"@type":"Person","@id":"https:\/\/newsestlyonnais.fr\/site\/#\/schema\/person\/3230d5615f390bb808365d673001e887","name":"R\u00e9dac. NEWS","sameAs":["http:\/\/www.newsestlyonnais.fr","https:\/\/www.facebook.com\/pascal.oberson.1?fref=ts","https:\/\/fr.linkedin.com\/in\/pascal-oberson-b17045113"],"url":"https:\/\/newsestlyonnais.fr\/site\/author\/nel\/"}]}},"_links":{"self":[{"href":"https:\/\/newsestlyonnais.fr\/site\/wp-json\/wp\/v2\/posts\/177215","targetHints":{"allow":["GET"]}}],"collection":[{"href":"https:\/\/newsestlyonnais.fr\/site\/wp-json\/wp\/v2\/posts"}],"about":[{"href":"https:\/\/newsestlyonnais.fr\/site\/wp-json\/wp\/v2\/types\/post"}],"author":[{"embeddable":true,"href":"https:\/\/newsestlyonnais.fr\/site\/wp-json\/wp\/v2\/users\/4"}],"replies":[{"embeddable":true,"href":"https:\/\/newsestlyonnais.fr\/site\/wp-json\/wp\/v2\/comments?post=177215"}],"version-history":[{"count":0,"href":"https:\/\/newsestlyonnais.fr\/site\/wp-json\/wp\/v2\/posts\/177215\/revisions"}],"wp:featuredmedia":[{"embeddable":true,"href":"https:\/\/newsestlyonnais.fr\/site\/wp-json\/wp\/v2\/media\/89773"}],"wp:attachment":[{"href":"https:\/\/newsestlyonnais.fr\/site\/wp-json\/wp\/v2\/media?parent=177215"}],"wp:term":[{"taxonomy":"category","embeddable":true,"href":"https:\/\/newsestlyonnais.fr\/site\/wp-json\/wp\/v2\/categories?post=177215"},{"taxonomy":"post_tag","embeddable":true,"href":"https:\/\/newsestlyonnais.fr\/site\/wp-json\/wp\/v2\/tags?post=177215"}],"curies":[{"name":"wp","href":"https:\/\/api.w.org\/{rel}","templated":true}]}}