{"id":177342,"date":"2023-03-02T14:44:26","date_gmt":"2023-03-02T13:44:26","guid":{"rendered":"https:\/\/newsestlyonnais.fr\/site\/?p=177342"},"modified":"2023-03-05T18:59:20","modified_gmt":"2023-03-05T17:59:20","slug":"bastien-joint-interesse-au-vu-de-mes-engagements-en-association-memorielle-par-lame-de-levenement","status":"publish","type":"post","link":"https:\/\/newsestlyonnais.fr\/site\/2023\/03\/02\/bastien-joint-interesse-au-vu-de-mes-engagements-en-association-memorielle-par-lame-de-levenement\/","title":{"rendered":"Bastien Joint : \u00ab\u00a0Int\u00e9ress\u00e9 au vu de mes engagements en association m\u00e9morielle, par l\u2019\u00e2me de l\u2019\u00e9v\u00e8nement\u00a0\u00bb"},"content":{"rendered":"<div class=\"msg-s-event-listitem msg-s-event-listitem--m2m-msg-followed-by-date-boundary msg-s-event-listitem--last-in-group msg-s-event-listitem--has-seen-receipts msg-s-event-listitem--other \" data-event-urn=\"urn:li:msg_message:(urn:li:fsd_profile:ACoAABxN3AMBsQan1ZuruV0JpxGgF5wbIVFXpj8,2-MTY3NzY5MTc4OTQ0NGIxNzI1OS0wMDMmYjExZWUxN2YtMjc5YS00MDk5LTllZGEtZDBlMmU2NzA3MzM3XzAxMw==)\">\n<div class=\"msg-s-event-listitem__message-bubble msg-s-event-listitem__message-bubble--msg-fwd-enabled\" tabindex=\"0\" data-artdeco-is-focused=\"true\">\n<div class=\"msg-s-event-with-indicator display-flex \">\n<div class=\"msg-s-event__content\" dir=\"ltr\">\n<p><span style=\"font-family: georgia, palatino, serif;\"><strong><span style=\"background-color: #000000; color: #ffffff; font-size: 14pt;\">Petite pr\u00e9sentation<\/span><\/strong><\/span><\/p>\n<p><span style=\"font-family: georgia, palatino, serif;\">\u00bb J\u2019ai 28 ans et je suis directeur de cabinet et enseignant \u00e0 l\u2019universit\u00e9, Jean Moulin Lyon III en droit. <\/span><\/p>\n<p><strong><span style=\"font-family: georgia, palatino, serif;\">J\u2019habite \u00e0 Caluire depuis toujours ! <\/span><\/strong><span style=\"font-family: georgia, palatino, serif;\"><strong>J\u2019ai la chance d\u2019y \u00eatre \u00e9lu depuis 2020 et d\u2019avoir en charge la mise en place d\u2019un projet d\u2019agriculture en ville<\/strong> <strong>\u00ab<\/strong>. <\/span><\/p>\n<hr \/>\n<p><span style=\"font-family: georgia, palatino, serif;\"><strong><span style=\"background-color: #000000; color: #ffffff; font-size: 14pt;\">En quoi consiste ce projet local ? <\/span><\/strong><\/span><\/p>\n<p><span style=\"font-family: georgia, palatino, serif;\">\u00bb <strong>Le but est de pouvoir en circuit extra court fournir la cuisine centrale<\/strong> pour atteindre \u00e0 terme le 100 % bio dans nos \u00e9coles pour les fruits et l\u00e9gumes. <\/span><\/p>\n<p><span style=\"font-family: georgia, palatino, serif;\"><strong>Je souhaite \u00e9galement mettre en place un circuit p\u00e9dagogique<\/strong> qui reliera la ferme, la cuisine et la plate-forme de compostage. Le projet s\u2019inscrivant dans une logique circulaire <strong>\u00ab<\/strong>.<\/span><\/p>\n<p><strong><span style=\"background-color: #000000; color: #ffffff; font-size: 14pt; font-family: georgia, palatino, serif;\">Vous \u00eates d&rsquo;autre part engag\u00e9 dans le devoir de m\u00e9moire ?<\/span><\/strong><\/p>\n<p><span style=\"font-family: georgia, palatino, serif;\">\u00bb Je suis \u00e9galement, et notamment <strong>pr\u00e9sident du <a href=\"https:\/\/le-souvenir-francais.fr\/delegation\/rhone\/\"><span style=\"color: #0000ff;\">Souvenir Fran\u00e7ais<\/span><\/a> de Caluire et d\u00e9l\u00e9gu\u00e9 g\u00e9n\u00e9ral adjoint pour le d\u00e9partement du Rh\u00f4ne.<\/strong> <\/span><\/p>\n<p><strong><span style=\"font-family: georgia, palatino, serif;\">Notre but principal est de participer aux comm\u00e9morations, d\u2019entretenir les tombes des soldats et d\u2019accompagner les projets m\u00e9moriels dans les \u00e9coles et les coll\u00e8ges <\/span><\/strong><span style=\"font-family: georgia, palatino, serif;\"><strong>\u00ab<\/strong>. <\/span><\/p>\n<hr \/>\n<p><strong><span style=\"font-family: georgia, palatino, serif; background-color: #000000; color: #ffffff; font-size: 14pt;\">Vous pratiquez aussi la course \u00e0 pied et avez r\u00e9cemment disput\u00e9 un trail ?<\/span><\/strong><\/p>\n<p><span style=\"font-family: georgia, palatino, serif;\">\u00bb Oui, je cours depuis trois ans.<\/span><\/p>\n<p class=\"msg-s-event-listitem__body t-14 t-black--light t-normal \"><span style=\"font-family: georgia, palatino, serif;\">Il y a quelques mois, \u00e0 l&rsquo;occasion d&rsquo;un caf\u00e9 avec un ami qui travaille dans l&rsquo;organisation de grands \u00e9v\u00e8nements sportifs, nous venons \u00e0 \u00e9voquer le <a href=\"https:\/\/tracedesmaquisards.fr\"><strong><span style=\"color: #0000ff;\">Trail des Maquisards<\/span><\/strong><\/a>. <strong>Je suis tout de suite int\u00e9ress\u00e9 au vu de mes engagements comme pr\u00e9sident d&rsquo;association m\u00e9morielle par l&rsquo;\u00e2me de l&rsquo;\u00e9v\u00e8nement et la volont\u00e9 tr\u00e8s forte des organisateurs d&rsquo;imaginer un temps sportif<\/strong> sur la base de notre Histoire et de celle des habitants de notre R\u00e9gion.\u00a0 Les maquisards de l&rsquo;Ain par leur bravoure, leur abn\u00e9gation, la foi dans leur pays qui d\u00e9passait tout pour eux m\u00e9ritent qu&rsquo;on se souviennent et qu&rsquo;on ait \u00e0 l&rsquo;esprit leur m\u00e9moire dans chaque instant difficile \u00e0 surmonter.\u00a0<\/span><\/p>\n<p class=\"msg-s-event-listitem__body t-14 t-black--light t-normal \"><span style=\"font-family: georgia, palatino, serif;\"><strong> J&rsquo;ai donc d\u00e9cid\u00e9 de m&rsquo;inscrire alors que je n&rsquo;avais jamais particip\u00e9 \u00e0 des 10 km et encore moins \u00e0 un trail.<\/strong> J&rsquo;ai \u00e9t\u00e9 frapp\u00e9 de voir une organisation r\u00e9cente (ce trail en \u00e9tait \u00e0 sa 2\u00b0 \u00e9dition) mais structur\u00e9e qui, de l&rsquo;accueil au d\u00e9part, jusqu&rsquo;\u00e0 l&rsquo;arriv\u00e9e a montr\u00e9 sa solidit\u00e9.\u00a0<\/span><\/p>\n<p class=\"msg-s-event-listitem__body t-14 t-black--light t-normal \"><span style=\"font-family: georgia, palatino, serif;\"> <img loading=\"lazy\" decoding=\"async\" class=\"alignleft wp-image-177381\" src=\"https:\/\/newsestlyonnais.fr\/site\/wp-content\/uploads\/2023\/03\/FullSizeRender-.jpeg\" alt=\"\" width=\"200\" height=\"435\" srcset=\"https:\/\/newsestlyonnais.fr\/site\/wp-content\/uploads\/2023\/03\/FullSizeRender-.jpeg 328w, https:\/\/newsestlyonnais.fr\/site\/wp-content\/uploads\/2023\/03\/FullSizeRender--250x544.jpeg 250w, https:\/\/newsestlyonnais.fr\/site\/wp-content\/uploads\/2023\/03\/FullSizeRender--150x327.jpeg 150w, https:\/\/newsestlyonnais.fr\/site\/wp-content\/uploads\/2023\/03\/FullSizeRender--50x109.jpeg 50w, https:\/\/newsestlyonnais.fr\/site\/wp-content\/uploads\/2023\/03\/FullSizeRender--100x218.jpeg 100w, https:\/\/newsestlyonnais.fr\/site\/wp-content\/uploads\/2023\/03\/FullSizeRender--200x435.jpeg 200w, https:\/\/newsestlyonnais.fr\/site\/wp-content\/uploads\/2023\/03\/FullSizeRender--300x653.jpeg 300w\" sizes=\"auto, (max-width: 200px) 100vw, 200px\" \/>Comme je ne connaissais pas les trails, <strong>j&rsquo;avoue ne pas l&rsquo;avoir pr\u00e9par\u00e9 ni sur le fond ni sur la forme<\/strong>. Sur la forme d&rsquo;ailleurs, lorsque nous sommes arriv\u00e9s aux abords du lac Genin, il y avait de la neige au bord de la route et j&rsquo;ai appr\u00e9hend\u00e9 le froid \u00e9tant assez peu v\u00eatu. Finalement, le d\u00e9part \u00e9tait tellement galvanisant que nous en avons tous oubli\u00e9 le froid. <strong>Le chant des partisans a retenti et nous sommes partis<\/strong> en d\u00e9marrant le parcours avec du d\u00e9nivel\u00e9 positif dans la boue et un peu de neige, \u00e0 la frontale. S&rsquo;en sont suivis 8 km dans les bois, galvanisants avec une descente globalement constante jusqu&rsquo;\u00e0 l&rsquo;arriv\u00e9e dans la ville d&rsquo;Oyonnax o\u00f9 il restait 1,5 km \u00e0 parcourir.\u00a0 <\/span><\/p>\n<p class=\"msg-s-event-listitem__body t-14 t-black--light t-normal \"><span style=\"font-family: georgia, palatino, serif;\"><strong>J&rsquo;ai ressenti un tel sentiment de pl\u00e9nitude \u00e0 l&rsquo;arriv\u00e9e<\/strong>. Le fait de finir cette course, s\u00fbrement modeste pour beaucoup, c&rsquo;est pour moi <strong>le symbole fort que le bonheur se trouve toujours dans l&rsquo;effort et dans le d\u00e9passement de soi pour atteindre ses objectifs. C&rsquo;est si \u00e9nergisant<\/strong> <strong>\u00ab<\/strong>. (\u00e0 droite sur la Photo \u00e0 la Une).<br \/>\n<\/span><\/p>\n<hr \/>\n<\/div>\n<\/div>\n<\/div>\n<\/div>\n<div class=\"msg-s-event-listitem__seen-receipts t-12 t-black--light t-normal\"><span style=\"background-color: #000000;\"><span style=\"color: #ffcc00;\">&gt;&gt; A retrouver sur :<\/span> <span style=\"color: #3366ff;\"><a style=\"background-color: #000000; color: #3366ff;\" href=\"https:\/\/www.linkedin.com\/in\/bastien-joint\/\">https:\/\/www.linkedin.com\/in\/bastien-joint\/<\/a><\/span><\/span><\/div>\n","protected":false},"excerpt":{"rendered":"<p>Le jeune caluirard \u00e9lu depuis 2020 et pr\u00e9sident du Souvenir Fran\u00e7ais de sa commune a r\u00e9cemment disput\u00e9 le trail de la \u00a0\u00bb Trace des Maquisards \u00a0\u00bb de l&rsquo;Ain.<\/p>\n","protected":false},"author":4,"featured_media":177347,"comment_status":"open","ping_status":"open","sticky":false,"template":"","format":"standard","meta":{"footnotes":""},"categories":[156,2968,4152,4286,137,1219],"tags":[3198,3544,4639,2337,3527,4640,4641],"class_list":["post-177342","post","type-post","status-publish","format-standard","has-post-thumbnail","hentry","category-ain","category-athle-course-pied-marche","category-caluire-rillieux-la-pape","category-interview-a-la-une","category-interviews","category-religion-seniors-souvenir","tag-ain","tag-association","tag-bastien-joint","tag-caluire","tag-memoire","tag-souvenir-francais","tag-trail-des-maquisards"],"yoast_head":"<!-- This site is optimized with the Yoast SEO plugin v27.2 - https:\/\/yoast.com\/product\/yoast-seo-wordpress\/ -->\n<title>Bastien Joint : &quot;Int\u00e9ress\u00e9 au vu de mes engagements en association m\u00e9morielle, par l\u2019\u00e2me de l\u2019\u00e9v\u00e8nement&quot; - News Est Lyonnais<\/title>\n<meta name=\"description\" content=\"Bastien Joint \u00bb int\u00e9ress\u00e9 au vu de mes engagements en association m\u00e9morielle, par l\u2019\u00e2me de l\u2019\u00e9v\u00e8nement \u00ab\" \/>\n<meta name=\"robots\" content=\"index, follow, max-snippet:-1, max-image-preview:large, max-video-preview:-1\" \/>\n<link rel=\"canonical\" href=\"https:\/\/newsestlyonnais.fr\/site\/2023\/03\/02\/bastien-joint-interesse-au-vu-de-mes-engagements-en-association-memorielle-par-lame-de-levenement\/\" \/>\n<meta property=\"og:locale\" content=\"fr_FR\" \/>\n<meta property=\"og:type\" content=\"article\" \/>\n<meta property=\"og:title\" content=\"Bastien Joint : &quot;Int\u00e9ress\u00e9 au vu de mes engagements en association m\u00e9morielle, par l\u2019\u00e2me de l\u2019\u00e9v\u00e8nement&quot; - News Est Lyonnais\" \/>\n<meta property=\"og:description\" content=\"Bastien Joint \u00bb int\u00e9ress\u00e9 au vu de mes engagements en association m\u00e9morielle, par l\u2019\u00e2me de l\u2019\u00e9v\u00e8nement \u00ab\" \/>\n<meta property=\"og:url\" content=\"https:\/\/newsestlyonnais.fr\/site\/2023\/03\/02\/bastien-joint-interesse-au-vu-de-mes-engagements-en-association-memorielle-par-lame-de-levenement\/\" \/>\n<meta property=\"og:site_name\" content=\"News Est Lyonnais\" \/>\n<meta property=\"article:author\" content=\"https:\/\/www.facebook.com\/pascal.oberson.1?fref=ts\" \/>\n<meta property=\"article:published_time\" content=\"2023-03-02T13:44:26+00:00\" \/>\n<meta property=\"article:modified_time\" content=\"2023-03-05T17:59:20+00:00\" \/>\n<meta property=\"og:image\" content=\"https:\/\/newsestlyonnais.fr\/site\/wp-content\/uploads\/2023\/03\/FullSizeRender.jpeg\" \/>\n\t<meta property=\"og:image:width\" content=\"1200\" \/>\n\t<meta property=\"og:image:height\" content=\"1197\" \/>\n\t<meta property=\"og:image:type\" content=\"image\/jpeg\" \/>\n<meta name=\"author\" content=\"R\u00e9dac. NEWS\" \/>\n<meta name=\"twitter:card\" content=\"summary_large_image\" \/>\n<meta name=\"twitter:label1\" content=\"\u00c9crit par\" \/>\n\t<meta name=\"twitter:data1\" content=\"R\u00e9dac. NEWS\" \/>\n\t<meta name=\"twitter:label2\" content=\"Dur\u00e9e de lecture estim\u00e9e\" \/>\n\t<meta name=\"twitter:data2\" content=\"3 minutes\" \/>\n<script type=\"application\/ld+json\" class=\"yoast-schema-graph\">{\"@context\":\"https:\/\/schema.org\",\"@graph\":[{\"@type\":\"Article\",\"@id\":\"https:\/\/newsestlyonnais.fr\/site\/2023\/03\/02\/bastien-joint-interesse-au-vu-de-mes-engagements-en-association-memorielle-par-lame-de-levenement\/#article\",\"isPartOf\":{\"@id\":\"https:\/\/newsestlyonnais.fr\/site\/2023\/03\/02\/bastien-joint-interesse-au-vu-de-mes-engagements-en-association-memorielle-par-lame-de-levenement\/\"},\"author\":{\"name\":\"R\u00e9dac. NEWS\",\"@id\":\"https:\/\/newsestlyonnais.fr\/site\/#\/schema\/person\/3230d5615f390bb808365d673001e887\"},\"headline\":\"Bastien Joint : \u00ab\u00a0Int\u00e9ress\u00e9 au vu de mes engagements en association m\u00e9morielle, par l\u2019\u00e2me de l\u2019\u00e9v\u00e8nement\u00a0\u00bb\",\"datePublished\":\"2023-03-02T13:44:26+00:00\",\"dateModified\":\"2023-03-05T17:59:20+00:00\",\"mainEntityOfPage\":{\"@id\":\"https:\/\/newsestlyonnais.fr\/site\/2023\/03\/02\/bastien-joint-interesse-au-vu-de-mes-engagements-en-association-memorielle-par-lame-de-levenement\/\"},\"wordCount\":609,\"commentCount\":0,\"publisher\":{\"@id\":\"https:\/\/newsestlyonnais.fr\/site\/#organization\"},\"image\":{\"@id\":\"https:\/\/newsestlyonnais.fr\/site\/2023\/03\/02\/bastien-joint-interesse-au-vu-de-mes-engagements-en-association-memorielle-par-lame-de-levenement\/#primaryimage\"},\"thumbnailUrl\":\"https:\/\/newsestlyonnais.fr\/site\/wp-content\/uploads\/2023\/03\/FullSizeRender.jpeg\",\"keywords\":[\"AIN\",\"ASSOCIATION\",\"Bastien Joint\",\"CALUIRE\",\"MEMOIRE\",\"SOUVENIR FRANCAIS\",\"TRAIL DES MAQUISARDS\"],\"articleSection\":[\"Ain (01)\",\"Athl\u00e9 | Course pied | Marche\",\"CALUIRE | RILLIEUX LA PAPE\",\"Interview \u00e0 la une\",\"Interviews\",\"Religion | Seniors | Souvenir\"],\"inLanguage\":\"fr-FR\",\"potentialAction\":[{\"@type\":\"CommentAction\",\"name\":\"Comment\",\"target\":[\"https:\/\/newsestlyonnais.fr\/site\/2023\/03\/02\/bastien-joint-interesse-au-vu-de-mes-engagements-en-association-memorielle-par-lame-de-levenement\/#respond\"]}]},{\"@type\":\"WebPage\",\"@id\":\"https:\/\/newsestlyonnais.fr\/site\/2023\/03\/02\/bastien-joint-interesse-au-vu-de-mes-engagements-en-association-memorielle-par-lame-de-levenement\/\",\"url\":\"https:\/\/newsestlyonnais.fr\/site\/2023\/03\/02\/bastien-joint-interesse-au-vu-de-mes-engagements-en-association-memorielle-par-lame-de-levenement\/\",\"name\":\"Bastien Joint : \\\"Int\u00e9ress\u00e9 au vu de mes engagements en association m\u00e9morielle, par l\u2019\u00e2me de l\u2019\u00e9v\u00e8nement\\\" - News Est Lyonnais\",\"isPartOf\":{\"@id\":\"https:\/\/newsestlyonnais.fr\/site\/#website\"},\"primaryImageOfPage\":{\"@id\":\"https:\/\/newsestlyonnais.fr\/site\/2023\/03\/02\/bastien-joint-interesse-au-vu-de-mes-engagements-en-association-memorielle-par-lame-de-levenement\/#primaryimage\"},\"image\":{\"@id\":\"https:\/\/newsestlyonnais.fr\/site\/2023\/03\/02\/bastien-joint-interesse-au-vu-de-mes-engagements-en-association-memorielle-par-lame-de-levenement\/#primaryimage\"},\"thumbnailUrl\":\"https:\/\/newsestlyonnais.fr\/site\/wp-content\/uploads\/2023\/03\/FullSizeRender.jpeg\",\"datePublished\":\"2023-03-02T13:44:26+00:00\",\"dateModified\":\"2023-03-05T17:59:20+00:00\",\"description\":\"Bastien Joint \u00bb int\u00e9ress\u00e9 au vu de mes engagements en association m\u00e9morielle, par l\u2019\u00e2me de l\u2019\u00e9v\u00e8nement \u00ab\",\"breadcrumb\":{\"@id\":\"https:\/\/newsestlyonnais.fr\/site\/2023\/03\/02\/bastien-joint-interesse-au-vu-de-mes-engagements-en-association-memorielle-par-lame-de-levenement\/#breadcrumb\"},\"inLanguage\":\"fr-FR\",\"potentialAction\":[{\"@type\":\"ReadAction\",\"target\":[\"https:\/\/newsestlyonnais.fr\/site\/2023\/03\/02\/bastien-joint-interesse-au-vu-de-mes-engagements-en-association-memorielle-par-lame-de-levenement\/\"]}]},{\"@type\":\"ImageObject\",\"inLanguage\":\"fr-FR\",\"@id\":\"https:\/\/newsestlyonnais.fr\/site\/2023\/03\/02\/bastien-joint-interesse-au-vu-de-mes-engagements-en-association-memorielle-par-lame-de-levenement\/#primaryimage\",\"url\":\"https:\/\/newsestlyonnais.fr\/site\/wp-content\/uploads\/2023\/03\/FullSizeRender.jpeg\",\"contentUrl\":\"https:\/\/newsestlyonnais.fr\/site\/wp-content\/uploads\/2023\/03\/FullSizeRender.jpeg\",\"width\":1200,\"height\":1197},{\"@type\":\"BreadcrumbList\",\"@id\":\"https:\/\/newsestlyonnais.fr\/site\/2023\/03\/02\/bastien-joint-interesse-au-vu-de-mes-engagements-en-association-memorielle-par-lame-de-levenement\/#breadcrumb\",\"itemListElement\":[{\"@type\":\"ListItem\",\"position\":1,\"name\":\"Accueil\",\"item\":\"https:\/\/newsestlyonnais.fr\/site\/\"},{\"@type\":\"ListItem\",\"position\":2,\"name\":\"Bastien Joint : \u00ab\u00a0Int\u00e9ress\u00e9 au vu de mes engagements en association m\u00e9morielle, par l\u2019\u00e2me de l\u2019\u00e9v\u00e8nement\u00a0\u00bb\"}]},{\"@type\":\"WebSite\",\"@id\":\"https:\/\/newsestlyonnais.fr\/site\/#website\",\"url\":\"https:\/\/newsestlyonnais.fr\/site\/\",\"name\":\"News Est Lyonnais\",\"description\":\"L&#039;actualit\u00e9 au plus pr\u00e8s\",\"publisher\":{\"@id\":\"https:\/\/newsestlyonnais.fr\/site\/#organization\"},\"potentialAction\":[{\"@type\":\"SearchAction\",\"target\":{\"@type\":\"EntryPoint\",\"urlTemplate\":\"https:\/\/newsestlyonnais.fr\/site\/?s={search_term_string}\"},\"query-input\":{\"@type\":\"PropertyValueSpecification\",\"valueRequired\":true,\"valueName\":\"search_term_string\"}}],\"inLanguage\":\"fr-FR\"},{\"@type\":\"Organization\",\"@id\":\"https:\/\/newsestlyonnais.fr\/site\/#organization\",\"name\":\"News EST LYONNAIS\",\"url\":\"https:\/\/newsestlyonnais.fr\/site\/\",\"logo\":{\"@type\":\"ImageObject\",\"inLanguage\":\"fr-FR\",\"@id\":\"https:\/\/newsestlyonnais.fr\/site\/#\/schema\/logo\/image\/\",\"url\":\"\",\"contentUrl\":\"\",\"caption\":\"News EST LYONNAIS\"},\"image\":{\"@id\":\"https:\/\/newsestlyonnais.fr\/site\/#\/schema\/logo\/image\/\"}},{\"@type\":\"Person\",\"@id\":\"https:\/\/newsestlyonnais.fr\/site\/#\/schema\/person\/3230d5615f390bb808365d673001e887\",\"name\":\"R\u00e9dac. NEWS\",\"sameAs\":[\"http:\/\/www.newsestlyonnais.fr\",\"https:\/\/www.facebook.com\/pascal.oberson.1?fref=ts\",\"https:\/\/fr.linkedin.com\/in\/pascal-oberson-b17045113\"],\"url\":\"https:\/\/newsestlyonnais.fr\/site\/author\/nel\/\"}]}<\/script>\n<!-- \/ Yoast SEO plugin. -->","yoast_head_json":{"title":"Bastien Joint : \"Int\u00e9ress\u00e9 au vu de mes engagements en association m\u00e9morielle, par l\u2019\u00e2me de l\u2019\u00e9v\u00e8nement\" - News Est Lyonnais","description":"Bastien Joint \u00bb int\u00e9ress\u00e9 au vu de mes engagements en association m\u00e9morielle, par l\u2019\u00e2me de l\u2019\u00e9v\u00e8nement \u00ab","robots":{"index":"index","follow":"follow","max-snippet":"max-snippet:-1","max-image-preview":"max-image-preview:large","max-video-preview":"max-video-preview:-1"},"canonical":"https:\/\/newsestlyonnais.fr\/site\/2023\/03\/02\/bastien-joint-interesse-au-vu-de-mes-engagements-en-association-memorielle-par-lame-de-levenement\/","og_locale":"fr_FR","og_type":"article","og_title":"Bastien Joint : \"Int\u00e9ress\u00e9 au vu de mes engagements en association m\u00e9morielle, par l\u2019\u00e2me de l\u2019\u00e9v\u00e8nement\" - News Est Lyonnais","og_description":"Bastien Joint \u00bb int\u00e9ress\u00e9 au vu de mes engagements en association m\u00e9morielle, par l\u2019\u00e2me de l\u2019\u00e9v\u00e8nement \u00ab","og_url":"https:\/\/newsestlyonnais.fr\/site\/2023\/03\/02\/bastien-joint-interesse-au-vu-de-mes-engagements-en-association-memorielle-par-lame-de-levenement\/","og_site_name":"News Est Lyonnais","article_author":"https:\/\/www.facebook.com\/pascal.oberson.1?fref=ts","article_published_time":"2023-03-02T13:44:26+00:00","article_modified_time":"2023-03-05T17:59:20+00:00","og_image":[{"width":1200,"height":1197,"url":"https:\/\/newsestlyonnais.fr\/site\/wp-content\/uploads\/2023\/03\/FullSizeRender.jpeg","type":"image\/jpeg"}],"author":"R\u00e9dac. NEWS","twitter_card":"summary_large_image","twitter_misc":{"\u00c9crit par":"R\u00e9dac. NEWS","Dur\u00e9e de lecture estim\u00e9e":"3 minutes"},"schema":{"@context":"https:\/\/schema.org","@graph":[{"@type":"Article","@id":"https:\/\/newsestlyonnais.fr\/site\/2023\/03\/02\/bastien-joint-interesse-au-vu-de-mes-engagements-en-association-memorielle-par-lame-de-levenement\/#article","isPartOf":{"@id":"https:\/\/newsestlyonnais.fr\/site\/2023\/03\/02\/bastien-joint-interesse-au-vu-de-mes-engagements-en-association-memorielle-par-lame-de-levenement\/"},"author":{"name":"R\u00e9dac. NEWS","@id":"https:\/\/newsestlyonnais.fr\/site\/#\/schema\/person\/3230d5615f390bb808365d673001e887"},"headline":"Bastien Joint : \u00ab\u00a0Int\u00e9ress\u00e9 au vu de mes engagements en association m\u00e9morielle, par l\u2019\u00e2me de l\u2019\u00e9v\u00e8nement\u00a0\u00bb","datePublished":"2023-03-02T13:44:26+00:00","dateModified":"2023-03-05T17:59:20+00:00","mainEntityOfPage":{"@id":"https:\/\/newsestlyonnais.fr\/site\/2023\/03\/02\/bastien-joint-interesse-au-vu-de-mes-engagements-en-association-memorielle-par-lame-de-levenement\/"},"wordCount":609,"commentCount":0,"publisher":{"@id":"https:\/\/newsestlyonnais.fr\/site\/#organization"},"image":{"@id":"https:\/\/newsestlyonnais.fr\/site\/2023\/03\/02\/bastien-joint-interesse-au-vu-de-mes-engagements-en-association-memorielle-par-lame-de-levenement\/#primaryimage"},"thumbnailUrl":"https:\/\/newsestlyonnais.fr\/site\/wp-content\/uploads\/2023\/03\/FullSizeRender.jpeg","keywords":["AIN","ASSOCIATION","Bastien Joint","CALUIRE","MEMOIRE","SOUVENIR FRANCAIS","TRAIL DES MAQUISARDS"],"articleSection":["Ain (01)","Athl\u00e9 | Course pied | Marche","CALUIRE | RILLIEUX LA PAPE","Interview \u00e0 la une","Interviews","Religion | Seniors | Souvenir"],"inLanguage":"fr-FR","potentialAction":[{"@type":"CommentAction","name":"Comment","target":["https:\/\/newsestlyonnais.fr\/site\/2023\/03\/02\/bastien-joint-interesse-au-vu-de-mes-engagements-en-association-memorielle-par-lame-de-levenement\/#respond"]}]},{"@type":"WebPage","@id":"https:\/\/newsestlyonnais.fr\/site\/2023\/03\/02\/bastien-joint-interesse-au-vu-de-mes-engagements-en-association-memorielle-par-lame-de-levenement\/","url":"https:\/\/newsestlyonnais.fr\/site\/2023\/03\/02\/bastien-joint-interesse-au-vu-de-mes-engagements-en-association-memorielle-par-lame-de-levenement\/","name":"Bastien Joint : \"Int\u00e9ress\u00e9 au vu de mes engagements en association m\u00e9morielle, par l\u2019\u00e2me de l\u2019\u00e9v\u00e8nement\" - News Est Lyonnais","isPartOf":{"@id":"https:\/\/newsestlyonnais.fr\/site\/#website"},"primaryImageOfPage":{"@id":"https:\/\/newsestlyonnais.fr\/site\/2023\/03\/02\/bastien-joint-interesse-au-vu-de-mes-engagements-en-association-memorielle-par-lame-de-levenement\/#primaryimage"},"image":{"@id":"https:\/\/newsestlyonnais.fr\/site\/2023\/03\/02\/bastien-joint-interesse-au-vu-de-mes-engagements-en-association-memorielle-par-lame-de-levenement\/#primaryimage"},"thumbnailUrl":"https:\/\/newsestlyonnais.fr\/site\/wp-content\/uploads\/2023\/03\/FullSizeRender.jpeg","datePublished":"2023-03-02T13:44:26+00:00","dateModified":"2023-03-05T17:59:20+00:00","description":"Bastien Joint \u00bb int\u00e9ress\u00e9 au vu de mes engagements en association m\u00e9morielle, par l\u2019\u00e2me de l\u2019\u00e9v\u00e8nement \u00ab","breadcrumb":{"@id":"https:\/\/newsestlyonnais.fr\/site\/2023\/03\/02\/bastien-joint-interesse-au-vu-de-mes-engagements-en-association-memorielle-par-lame-de-levenement\/#breadcrumb"},"inLanguage":"fr-FR","potentialAction":[{"@type":"ReadAction","target":["https:\/\/newsestlyonnais.fr\/site\/2023\/03\/02\/bastien-joint-interesse-au-vu-de-mes-engagements-en-association-memorielle-par-lame-de-levenement\/"]}]},{"@type":"ImageObject","inLanguage":"fr-FR","@id":"https:\/\/newsestlyonnais.fr\/site\/2023\/03\/02\/bastien-joint-interesse-au-vu-de-mes-engagements-en-association-memorielle-par-lame-de-levenement\/#primaryimage","url":"https:\/\/newsestlyonnais.fr\/site\/wp-content\/uploads\/2023\/03\/FullSizeRender.jpeg","contentUrl":"https:\/\/newsestlyonnais.fr\/site\/wp-content\/uploads\/2023\/03\/FullSizeRender.jpeg","width":1200,"height":1197},{"@type":"BreadcrumbList","@id":"https:\/\/newsestlyonnais.fr\/site\/2023\/03\/02\/bastien-joint-interesse-au-vu-de-mes-engagements-en-association-memorielle-par-lame-de-levenement\/#breadcrumb","itemListElement":[{"@type":"ListItem","position":1,"name":"Accueil","item":"https:\/\/newsestlyonnais.fr\/site\/"},{"@type":"ListItem","position":2,"name":"Bastien Joint : \u00ab\u00a0Int\u00e9ress\u00e9 au vu de mes engagements en association m\u00e9morielle, par l\u2019\u00e2me de l\u2019\u00e9v\u00e8nement\u00a0\u00bb"}]},{"@type":"WebSite","@id":"https:\/\/newsestlyonnais.fr\/site\/#website","url":"https:\/\/newsestlyonnais.fr\/site\/","name":"News Est Lyonnais","description":"L&#039;actualit\u00e9 au plus pr\u00e8s","publisher":{"@id":"https:\/\/newsestlyonnais.fr\/site\/#organization"},"potentialAction":[{"@type":"SearchAction","target":{"@type":"EntryPoint","urlTemplate":"https:\/\/newsestlyonnais.fr\/site\/?s={search_term_string}"},"query-input":{"@type":"PropertyValueSpecification","valueRequired":true,"valueName":"search_term_string"}}],"inLanguage":"fr-FR"},{"@type":"Organization","@id":"https:\/\/newsestlyonnais.fr\/site\/#organization","name":"News EST LYONNAIS","url":"https:\/\/newsestlyonnais.fr\/site\/","logo":{"@type":"ImageObject","inLanguage":"fr-FR","@id":"https:\/\/newsestlyonnais.fr\/site\/#\/schema\/logo\/image\/","url":"","contentUrl":"","caption":"News EST LYONNAIS"},"image":{"@id":"https:\/\/newsestlyonnais.fr\/site\/#\/schema\/logo\/image\/"}},{"@type":"Person","@id":"https:\/\/newsestlyonnais.fr\/site\/#\/schema\/person\/3230d5615f390bb808365d673001e887","name":"R\u00e9dac. NEWS","sameAs":["http:\/\/www.newsestlyonnais.fr","https:\/\/www.facebook.com\/pascal.oberson.1?fref=ts","https:\/\/fr.linkedin.com\/in\/pascal-oberson-b17045113"],"url":"https:\/\/newsestlyonnais.fr\/site\/author\/nel\/"}]}},"_links":{"self":[{"href":"https:\/\/newsestlyonnais.fr\/site\/wp-json\/wp\/v2\/posts\/177342","targetHints":{"allow":["GET"]}}],"collection":[{"href":"https:\/\/newsestlyonnais.fr\/site\/wp-json\/wp\/v2\/posts"}],"about":[{"href":"https:\/\/newsestlyonnais.fr\/site\/wp-json\/wp\/v2\/types\/post"}],"author":[{"embeddable":true,"href":"https:\/\/newsestlyonnais.fr\/site\/wp-json\/wp\/v2\/users\/4"}],"replies":[{"embeddable":true,"href":"https:\/\/newsestlyonnais.fr\/site\/wp-json\/wp\/v2\/comments?post=177342"}],"version-history":[{"count":0,"href":"https:\/\/newsestlyonnais.fr\/site\/wp-json\/wp\/v2\/posts\/177342\/revisions"}],"wp:featuredmedia":[{"embeddable":true,"href":"https:\/\/newsestlyonnais.fr\/site\/wp-json\/wp\/v2\/media\/177347"}],"wp:attachment":[{"href":"https:\/\/newsestlyonnais.fr\/site\/wp-json\/wp\/v2\/media?parent=177342"}],"wp:term":[{"taxonomy":"category","embeddable":true,"href":"https:\/\/newsestlyonnais.fr\/site\/wp-json\/wp\/v2\/categories?post=177342"},{"taxonomy":"post_tag","embeddable":true,"href":"https:\/\/newsestlyonnais.fr\/site\/wp-json\/wp\/v2\/tags?post=177342"}],"curies":[{"name":"wp","href":"https:\/\/api.w.org\/{rel}","templated":true}]}}