{"id":177473,"date":"2023-03-03T14:28:53","date_gmt":"2023-03-03T13:28:53","guid":{"rendered":"https:\/\/newsestlyonnais.fr\/site\/?p=177473"},"modified":"2023-03-05T18:17:12","modified_gmt":"2023-03-05T17:17:12","slug":"richard-neme-il-est-important-de-participer-et-de-sinvestir-dans-la-vie-associative-et-sportive-du-club","status":"publish","type":"post","link":"https:\/\/newsestlyonnais.fr\/site\/2023\/03\/03\/richard-neme-il-est-important-de-participer-et-de-sinvestir-dans-la-vie-associative-et-sportive-du-club\/","title":{"rendered":"Richard Neme : \u00ab\u00a0Il est important de participer et de s\u2019investir dans la vie associative et sportive du club\u00a0\u00bb"},"content":{"rendered":"<p><strong><span style=\"font-family: georgia, palatino, serif; background-color: #000000; color: #ffffff; font-size: 14pt;\">Petite pr\u00e9sentation <\/span><\/strong><\/p>\n<p><span style=\"font-family: georgia, palatino, serif; font-size: 12pt;\">\u00bb J&rsquo;ai 64 ans, je suis Architecte DPLG, ind\u00e9pendant en activit\u00e9 et je r\u00e9side \u00e0 Lyon <strong>\u00ab<\/strong>.<\/span><\/p>\n<p><strong><span style=\"font-family: georgia, palatino, serif; font-size: 14pt;\"><span style=\"background-color: #000000; color: #ffffff;\">Ton club sportif actuel ?<\/span>\u00a0 <\/span><\/strong><\/p>\n<p><span style=\"font-family: georgia, palatino, serif; font-size: 12pt;\">\u00bb L&rsquo;<span style=\"background-color: #ffffff;\"><span style=\"color: #3366ff;\"><a style=\"color: #3366ff; background-color: #ffffff;\" href=\"http:\/\/athle-caluire.net\"><strong><span style=\"color: #0000ff;\">AS Caluire Athl\u00e9tisme<\/span><\/strong><\/a><\/span>.<\/span><br \/>\n<\/span><\/p>\n<hr \/>\n<p><strong><span style=\"font-family: georgia, palatino, serif; background-color: #000000; color: #ffffff; font-size: 14pt;\">Pr\u00e9sentation sommaire de ton pass\u00e9 sportif et \u00e9ventuel palmar\u00e8s :<\/span><\/strong><\/p>\n<p><span style=\"font-family: georgia, palatino, serif;\"><img loading=\"lazy\" decoding=\"async\" class=\"alignleft wp-image-177511\" src=\"https:\/\/newsestlyonnais.fr\/site\/wp-content\/uploads\/2023\/03\/photo-course-250x328.jpg\" alt=\"\" width=\"180\" height=\"236\" srcset=\"https:\/\/newsestlyonnais.fr\/site\/wp-content\/uploads\/2023\/03\/photo-course-250x328.jpg 250w, https:\/\/newsestlyonnais.fr\/site\/wp-content\/uploads\/2023\/03\/photo-course-400x524.jpg 400w, https:\/\/newsestlyonnais.fr\/site\/wp-content\/uploads\/2023\/03\/photo-course-150x197.jpg 150w, https:\/\/newsestlyonnais.fr\/site\/wp-content\/uploads\/2023\/03\/photo-course-50x66.jpg 50w, https:\/\/newsestlyonnais.fr\/site\/wp-content\/uploads\/2023\/03\/photo-course-100x131.jpg 100w, https:\/\/newsestlyonnais.fr\/site\/wp-content\/uploads\/2023\/03\/photo-course-200x262.jpg 200w, https:\/\/newsestlyonnais.fr\/site\/wp-content\/uploads\/2023\/03\/photo-course-300x393.jpg 300w, https:\/\/newsestlyonnais.fr\/site\/wp-content\/uploads\/2023\/03\/photo-course-350x459.jpg 350w, https:\/\/newsestlyonnais.fr\/site\/wp-content\/uploads\/2023\/03\/photo-course-450x590.jpg 450w, https:\/\/newsestlyonnais.fr\/site\/wp-content\/uploads\/2023\/03\/photo-course-500x656.jpg 500w, https:\/\/newsestlyonnais.fr\/site\/wp-content\/uploads\/2023\/03\/photo-course-550x721.jpg 550w, https:\/\/newsestlyonnais.fr\/site\/wp-content\/uploads\/2023\/03\/photo-course.jpg 646w\" sizes=\"auto, (max-width: 180px) 100vw, 180px\" \/>\u00bb <strong>Reprise de la course \u00e0 pied depuis 22 ans<\/strong>, <strong>mon plus beau palmar\u00e8s ce ne sont pas les podiums mais <\/strong><\/span><span style=\"font-family: georgia, palatino, serif;\"><strong>d\u2019\u00ab \u00eatre toujours en course<\/strong> \u00bb.<\/span><\/p>\n<p><span style=\"font-family: georgia, palatino, serif;\"><strong>Une dizaine de participations \u00e0 la Saint\u00e9lyon sur tous les formats<\/strong>, avec un peu plus de 8 h 30 sur ma <\/span><span style=\"font-family: georgia, palatino, serif;\">premi\u00e8re en solo, alors que je n\u2019avais jamais d\u00e9pass\u00e9 les 20 km, un mois avant cette course, courses <\/span><span style=\"font-family: georgia, palatino, serif;\">en relais avec <strong>marathon en moins de 3 h ou plus de 60 km en 4 h<\/strong> <strong>\u00ab<\/strong>.<\/span><\/p>\n<hr \/>\n<hr \/>\n<p><strong><span style=\"font-family: georgia, palatino, serif; background-color: #000000; color: #ffffff; font-size: 14pt;\">Tes points forts et distances pr\u00e9f\u00e9r\u00e9es ?<\/span><\/strong><\/p>\n<p><span style=\"font-family: georgia, palatino, serif;\">\u00bb <strong>Je pr\u00e9f\u00e8re des courses \u00e0 allure vari\u00e9e<\/strong> plut\u00f4t que la <\/span><span style=\"font-family: georgia, palatino, serif;\">r\u00e9gularit\u00e9 du temps au km des \u00e9preuves sur route type 10 km ou marathon, pour \u00eatre \u00e0 <\/span><span style=\"font-family: georgia, palatino, serif;\">l\u2019\u00e9coute de mes sensations trail d\u2019environ 20 km mais aussi <strong>les courses en relais qui <\/strong><\/span><span style=\"font-family: georgia, palatino, serif;\"><strong>permettent des moments collectifs intenses<\/strong> <strong>\u00ab<\/strong>.<\/span><\/p>\n<p><span style=\"font-family: georgia, palatino, serif;\"><strong><span style=\"background-color: #000000; color: #ffffff; font-size: 14pt;\">Combien d\u2019heures d\u2019entrainement par semaine, o\u00f9 et coach\u00e9 par qui ?<\/span><\/strong><br \/>\n<\/span><\/p>\n<p><span style=\"font-family: georgia, palatino, serif;\">\u00bb <strong>3 \u00e0 4 h sur 3 s\u00e9ances r\u00e9parties dans la semaine.<\/strong><\/span><\/p>\n<p><span style=\"font-family: georgia, palatino, serif;\">A Caluire avec Herv\u00e9 Patras comme 5\u00b0 coach depuis mon arriv\u00e9e, le <\/span><span style=\"font-family: georgia, palatino, serif;\">groupe \u00e9tant parfois nombreux et pas homog\u00e8ne, il s\u2019est entour\u00e9 d\u2019une \u00e9quipe de suppl\u00e9ants, on <\/span><span style=\"font-family: georgia, palatino, serif;\">l\u2019assiste lorsque c\u2019est n\u00e9cessaire <strong>\u00ab<\/strong>.<\/span><\/p>\n<p><strong><span style=\"font-family: georgia, palatino, serif; background-color: #000000; color: #ffffff; font-size: 14pt;\">Comment s\u2019\u00e9tait pass\u00e9e l\u2019ann\u00e9e 2022 et quelles courses as-tu disput\u00e9 ?<\/span><\/strong><\/p>\n<p><span style=\"font-family: georgia, palatino, serif;\">\u00bb L\u2019ann\u00e9e 2022 est vraiment l\u2019ann\u00e9e de l\u2019apr\u00e8s Covid, <strong>la reprise <\/strong><\/span><span style=\"font-family: georgia, palatino, serif;\"><strong>d\u2019une vie de club<\/strong>.<\/span><\/p>\n<p><span style=\"font-family: georgia, palatino, serif;\">Je ne sais plus je vais regarder mes tee-shirts de sport dans mon placard : <strong>Marseille-Cassis, Semi de la <\/strong><\/span><span style=\"font-family: georgia, palatino, serif;\"><strong>C\u00f4te Chalonnaise, Trail Rh\u00f4ne Sa\u00f4ne de Caluire, 10 km de Nichelino (Italie)<\/strong> dans le cadre du <\/span><span style=\"font-family: georgia, palatino, serif;\">jumelage avec Caluire etc\u2026 <strong>\u00ab<\/strong>.<br \/>\n<\/span><\/p>\n<p><span style=\"background-color: #000000; color: #ffffff; font-size: 14pt;\"><strong><span style=\"font-family: georgia, palatino, serif;\">Un moment fort et as-tu atteint tes objectifs ?<\/span><\/strong><\/span><\/p>\n<p><span style=\"font-family: georgia, palatino, serif;\">\u00bb Bonne sensation apr\u00e8s le semi de la C\u00f4te Chalonnaise me <\/span><span style=\"font-family: georgia, palatino, serif;\">permettant apr\u00e8s l\u2019\u00e9preuve d\u2019aller soutenir et accompagner ceux du groupe qui peinaient sur le <\/span><span style=\"font-family: georgia, palatino, serif;\">marathon car <strong>la course n\u2019est pas forc\u00e9ment une pratique solitaire<\/strong>, bien que semblant individualiste, <\/span><span style=\"font-family: georgia, palatino, serif;\"><strong>elle peut faire vivre des moments de partage<\/strong>.<\/span><\/p>\n<p><strong><span style=\"font-family: georgia, palatino, serif;\">Mon objectif principal est d\u2019accompagner de nouveaux pratiquants en essayant de communiquer <\/span><\/strong><span style=\"font-family: georgia, palatino, serif;\"><strong>cette passion<\/strong> <strong>\u00ab<\/strong>.<\/span><\/p>\n<hr \/>\n<p><strong><span style=\"font-family: georgia, palatino, serif; background-color: #000000; color: #ffffff; font-size: 14pt;\">Et ton programme pour cette ann\u00e9e 2023 ?<\/span><\/strong><\/p>\n<p><span style=\"font-family: georgia, palatino, serif;\"><img loading=\"lazy\" decoding=\"async\" class=\"alignright wp-image-177516 size-medium\" src=\"https:\/\/newsestlyonnais.fr\/site\/wp-content\/uploads\/2023\/03\/franchissement-ligne-darrivee-400x889.jpg\" alt=\"\" width=\"135\" height=\"300\" srcset=\"https:\/\/newsestlyonnais.fr\/site\/wp-content\/uploads\/2023\/03\/franchissement-ligne-darrivee-400x889.jpg 400w, https:\/\/newsestlyonnais.fr\/site\/wp-content\/uploads\/2023\/03\/franchissement-ligne-darrivee-250x556.jpg 250w, https:\/\/newsestlyonnais.fr\/site\/wp-content\/uploads\/2023\/03\/franchissement-ligne-darrivee-150x333.jpg 150w, https:\/\/newsestlyonnais.fr\/site\/wp-content\/uploads\/2023\/03\/franchissement-ligne-darrivee-50x111.jpg 50w, https:\/\/newsestlyonnais.fr\/site\/wp-content\/uploads\/2023\/03\/franchissement-ligne-darrivee-100x222.jpg 100w, https:\/\/newsestlyonnais.fr\/site\/wp-content\/uploads\/2023\/03\/franchissement-ligne-darrivee-200x444.jpg 200w, https:\/\/newsestlyonnais.fr\/site\/wp-content\/uploads\/2023\/03\/franchissement-ligne-darrivee-300x667.jpg 300w, https:\/\/newsestlyonnais.fr\/site\/wp-content\/uploads\/2023\/03\/franchissement-ligne-darrivee-350x778.jpg 350w, https:\/\/newsestlyonnais.fr\/site\/wp-content\/uploads\/2023\/03\/franchissement-ligne-darrivee-450x1000.jpg 450w, https:\/\/newsestlyonnais.fr\/site\/wp-content\/uploads\/2023\/03\/franchissement-ligne-darrivee-500x1111.jpg 500w, https:\/\/newsestlyonnais.fr\/site\/wp-content\/uploads\/2023\/03\/franchissement-ligne-darrivee.jpg 540w\" sizes=\"auto, (max-width: 135px) 100vw, 135px\" \/>\u00bb En ce d\u00e9but d\u2019ann\u00e9e <strong>mon projet est principalement ax\u00e9 sur la <\/strong><\/span><span style=\"font-family: georgia, palatino, serif;\"><strong>pr\u00e9paration du marathon de Barcelone<\/strong>, bien que cela ne soit vraiment pas une \u00e9preuve qui me <\/span><span style=\"font-family: georgia, palatino, serif;\">r\u00e9ussisse, apr\u00e8s 7 \u00e0 8 participations je dois me rendre \u00e0 l\u2019\u00e9vidence avec peu de r\u00e9sultats, c\u2019est vrai <\/span><span style=\"font-family: georgia, palatino, serif;\">que <strong>dans le cas d\u2019une partie d\u2019entre eux, je ne suis qu\u2019accompagnant donc sans recherche d\u2019un <\/strong><\/span><strong><span style=\"font-family: georgia, palatino, serif;\">chrono personnel.<\/span><\/strong><\/p>\n<p><span style=\"font-family: georgia, palatino, serif;\">Mais cette ann\u00e9e, <strong>c\u2019est un projet collectif du groupe avec de nouveaux coureurs de tous \u00e2ges qui <\/strong><\/span><span style=\"font-family: georgia, palatino, serif;\"><strong>viennent nous rejoindre au club<\/strong>, et pour eux elle repr\u00e9sente un Graal, donc c\u2019est l\u2019occasion en les <\/span><span style=\"font-family: georgia, palatino, serif;\">accompagnant de leur faire vivre ce r\u00eave.<\/span><\/p>\n<p><span style=\"font-family: georgia, palatino, serif;\">Depuis le d\u00e9but d\u2019ann\u00e9e j\u2019ai particip\u00e9 \u00e0 2 ou 3 \u00e9preuves comme le semi de Saint-Priest et le Trail des <\/span><span style=\"font-family: georgia, palatino, serif;\">C\u00f4teaux du Lyonnais sur distance d\u2019environ 20 km en sorties pr\u00e9paratoires <strong>\u00ab<\/strong>.<\/span><\/p>\n<hr \/>\n<p><strong><span style=\"font-family: georgia, palatino, serif; background-color: #000000; color: #ffffff; font-size: 14pt;\">Tu es aussi pr\u00e9sent comme b\u00e9n\u00e9vole sur les \u00e9preuves du club <\/span><\/strong><strong><span style=\"font-family: georgia, palatino, serif; background-color: #000000; color: #ffffff; font-size: 14pt;\">?<\/span><\/strong><\/p>\n<p><span style=\"font-family: georgia, palatino, serif;\"> \u00bb Effectivement, <strong>je suis aussi b\u00e9n\u00e9vole lors des courses organis\u00e9es <\/strong><\/span><span style=\"font-family: georgia, palatino, serif;\"><strong>par le club<\/strong> comme le 10 km et le trail de Caluire, enr\u00f4lant aussi ma compagne dans l\u2019aventure.<\/span><\/p>\n<p><span style=\"font-family: georgia, palatino, serif;\">Tr\u00e8s souvent signaleur et parfois serre-file de l&rsquo;\u00e9preuve comme l\u2019ann\u00e9e derni\u00e8re sur le trail du 15 km <\/span><span style=\"font-family: georgia, palatino, serif;\">pour assurer la fermeture de la course, en r\u00e9alisant le parcours et s&rsquo;assurant qu&rsquo;aucun coureur <\/span><span style=\"font-family: georgia, palatino, serif;\">ne reste derri\u00e8re, r\u00e9cup\u00e9rant les \u00e9l\u00e9ments du balisage, pour remettre dans l&rsquo;\u00e9tat initial le parcours.<\/span><\/p>\n<p><span style=\"font-family: georgia, palatino, serif;\"><strong>Je trouve important de participer \u00e0 la vie du club<\/strong>, si je renouvelle depuis 20 ans mes adh\u00e9sions \u00e0 <\/span><span style=\"font-family: georgia, palatino, serif;\">l\u2019AS Caluire, <strong>ce n\u2019est pas pour uniquement dans le but d\u2019am\u00e9liorer mes performances mais surtout <\/strong><\/span><span style=\"font-family: georgia, palatino, serif;\"><strong>pour vivre ensemble des moments forts,<\/strong> nous ne sommes <strong>pas seulement consommateur de services<\/strong> <\/span><span style=\"font-family: georgia, palatino, serif;\">mais il est important de s\u2019investir dans la vie associative et sportive de l\u2019AS Caluire <strong>\u00ab<\/strong>.<\/span><\/p>\n<hr \/>\n<p><strong><span style=\"font-family: georgia, palatino, serif; background-color: #000000; color: #ffffff; font-size: 14pt;\">Et une petite anecdote pour conclure ?<\/span><\/strong><\/p>\n<p><span style=\"font-family: georgia, palatino, serif;\">\u00bb <strong>Mon parcours sportif \u00e9tait mal commenc\u00e9, r\u00e9form\u00e9 <\/strong><\/span><span style=\"font-family: georgia, palatino, serif;\"><strong>pour un handicap moteur au service militaire<\/strong>, de mauvais diagnostics m\u00e9dicaux me laissant pr\u00e9voir <\/span><span style=\"font-family: georgia, palatino, serif;\">une d\u00e9gradation de mon \u00e9tat. <\/span><\/p>\n<p><span style=\"font-family: georgia, palatino, serif;\"><strong>J\u2019\u00e9tais tr\u00e8s loin de penser pouvoir recourir<\/strong>. Puis un jour, un ost\u00e9opathe <\/span><span style=\"font-family: georgia, palatino, serif;\">m\u2019a conseill\u00e9 le port d\u2019une talonnette j\u2019ai progressivement vu des am\u00e9liorations, dans ma vie de tous <\/span><span style=\"font-family: georgia, palatino, serif;\">les jours et <strong>m\u00eame envisag\u00e9 la reprise de cette pratique sportive dont je suis d\u00e9pendant<\/strong> <strong>\u00ab<\/strong>.<br \/>\n<\/span><\/p>\n<hr \/>\n<div id='gallery-1' class='gallery galleryid-177473 gallery-columns-3 gallery-size-large'><figure class='gallery-item'>\n\t\t\t<div class='gallery-icon landscape'>\n\t\t\t\t<a href='https:\/\/newsestlyonnais.fr\/site\/2023\/03\/03\/richard-neme-il-est-important-de-participer-et-de-sinvestir-dans-la-vie-associative-et-sportive-du-club\/dsc_0408\/'><img loading=\"lazy\" decoding=\"async\" width=\"640\" height=\"428\" src=\"https:\/\/newsestlyonnais.fr\/site\/wp-content\/uploads\/2023\/03\/DSC_0408-650x435.jpg\" class=\"attachment-large size-large\" alt=\"\" srcset=\"https:\/\/newsestlyonnais.fr\/site\/wp-content\/uploads\/2023\/03\/DSC_0408-650x435.jpg 650w, https:\/\/newsestlyonnais.fr\/site\/wp-content\/uploads\/2023\/03\/DSC_0408-400x268.jpg 400w, https:\/\/newsestlyonnais.fr\/site\/wp-content\/uploads\/2023\/03\/DSC_0408-250x167.jpg 250w, https:\/\/newsestlyonnais.fr\/site\/wp-content\/uploads\/2023\/03\/DSC_0408-768x514.jpg 768w, https:\/\/newsestlyonnais.fr\/site\/wp-content\/uploads\/2023\/03\/DSC_0408-150x100.jpg 150w, https:\/\/newsestlyonnais.fr\/site\/wp-content\/uploads\/2023\/03\/DSC_0408-50x33.jpg 50w, https:\/\/newsestlyonnais.fr\/site\/wp-content\/uploads\/2023\/03\/DSC_0408-100x67.jpg 100w, https:\/\/newsestlyonnais.fr\/site\/wp-content\/uploads\/2023\/03\/DSC_0408-200x134.jpg 200w, https:\/\/newsestlyonnais.fr\/site\/wp-content\/uploads\/2023\/03\/DSC_0408-300x201.jpg 300w, https:\/\/newsestlyonnais.fr\/site\/wp-content\/uploads\/2023\/03\/DSC_0408-350x234.jpg 350w, https:\/\/newsestlyonnais.fr\/site\/wp-content\/uploads\/2023\/03\/DSC_0408-450x301.jpg 450w, https:\/\/newsestlyonnais.fr\/site\/wp-content\/uploads\/2023\/03\/DSC_0408-500x335.jpg 500w, https:\/\/newsestlyonnais.fr\/site\/wp-content\/uploads\/2023\/03\/DSC_0408-550x368.jpg 550w, https:\/\/newsestlyonnais.fr\/site\/wp-content\/uploads\/2023\/03\/DSC_0408-800x535.jpg 800w, https:\/\/newsestlyonnais.fr\/site\/wp-content\/uploads\/2023\/03\/DSC_0408.jpg 1200w\" sizes=\"auto, (max-width: 640px) 100vw, 640px\" \/><\/a>\n\t\t\t<\/div><\/figure><figure class='gallery-item'>\n\t\t\t<div class='gallery-icon landscape'>\n\t\t\t\t<a href='https:\/\/newsestlyonnais.fr\/site\/2023\/03\/03\/richard-neme-il-est-important-de-participer-et-de-sinvestir-dans-la-vie-associative-et-sportive-du-club\/image-0000001-1\/'><img loading=\"lazy\" decoding=\"async\" width=\"640\" height=\"480\" src=\"https:\/\/newsestlyonnais.fr\/site\/wp-content\/uploads\/2023\/03\/image-0000001-1-650x488.jpg\" class=\"attachment-large size-large\" alt=\"\" aria-describedby=\"gallery-1-177518\" srcset=\"https:\/\/newsestlyonnais.fr\/site\/wp-content\/uploads\/2023\/03\/image-0000001-1-650x488.jpg 650w, https:\/\/newsestlyonnais.fr\/site\/wp-content\/uploads\/2023\/03\/image-0000001-1-400x300.jpg 400w, https:\/\/newsestlyonnais.fr\/site\/wp-content\/uploads\/2023\/03\/image-0000001-1-250x188.jpg 250w, https:\/\/newsestlyonnais.fr\/site\/wp-content\/uploads\/2023\/03\/image-0000001-1-150x113.jpg 150w, https:\/\/newsestlyonnais.fr\/site\/wp-content\/uploads\/2023\/03\/image-0000001-1-50x38.jpg 50w, https:\/\/newsestlyonnais.fr\/site\/wp-content\/uploads\/2023\/03\/image-0000001-1-100x75.jpg 100w, https:\/\/newsestlyonnais.fr\/site\/wp-content\/uploads\/2023\/03\/image-0000001-1-200x150.jpg 200w, https:\/\/newsestlyonnais.fr\/site\/wp-content\/uploads\/2023\/03\/image-0000001-1-300x225.jpg 300w, https:\/\/newsestlyonnais.fr\/site\/wp-content\/uploads\/2023\/03\/image-0000001-1-350x263.jpg 350w, https:\/\/newsestlyonnais.fr\/site\/wp-content\/uploads\/2023\/03\/image-0000001-1-450x338.jpg 450w, https:\/\/newsestlyonnais.fr\/site\/wp-content\/uploads\/2023\/03\/image-0000001-1-500x375.jpg 500w, https:\/\/newsestlyonnais.fr\/site\/wp-content\/uploads\/2023\/03\/image-0000001-1-550x413.jpg 550w, https:\/\/newsestlyonnais.fr\/site\/wp-content\/uploads\/2023\/03\/image-0000001-1.jpg 756w\" sizes=\"auto, (max-width: 640px) 100vw, 640px\" \/><\/a>\n\t\t\t<\/div>\n\t\t\t\t<figcaption class='wp-caption-text gallery-caption' id='gallery-1-177518'>\n\t\t\t\tL\u2019AS Caluire Athl\u00e9 aux Foul\u00e9es V\u00e9nissianes 2021\n\t\t\t\t<\/figcaption><\/figure>\n\t\t<\/div>\n\n","protected":false},"excerpt":{"rendered":"<p>L&rsquo;athl\u00e8te porte depuis 20 ans les couleurs de l&rsquo;AS Caluire et en parall\u00e8le la casquette de b\u00e9n\u00e9vole lors des diverses organisations de son club. <\/p>\n","protected":false},"author":4,"featured_media":177498,"comment_status":"open","ping_status":"open","sticky":false,"template":"","format":"standard","meta":{"footnotes":""},"categories":[4626,2968,4152,4286,137,1625],"tags":[4002,3631,4009,4644],"class_list":["post-177473","post","type-post","status-publish","format-standard","has-post-thumbnail","hentry","category-arbitrage-benevolat-coaching","category-athle-course-pied-marche","category-caluire-rillieux-la-pape","category-interview-a-la-une","category-interviews","category-lyon","tag-as-caluire-athle","tag-benevole","tag-course","tag-richard-neme"],"yoast_head":"<!-- This site is optimized with the Yoast SEO plugin v27.2 - https:\/\/yoast.com\/product\/yoast-seo-wordpress\/ -->\n<title>Richard Neme : &quot;Il est important de participer et de s\u2019investir dans la vie associative et sportive du club&quot; - News Est Lyonnais<\/title>\n<meta name=\"description\" content=\"Richard Neme \u00bb il est important de participer et de s\u2019investir dans la vie associative et sportive du club \u00ab\" \/>\n<meta name=\"robots\" content=\"index, follow, max-snippet:-1, max-image-preview:large, max-video-preview:-1\" \/>\n<link rel=\"canonical\" href=\"https:\/\/newsestlyonnais.fr\/site\/2023\/03\/03\/richard-neme-il-est-important-de-participer-et-de-sinvestir-dans-la-vie-associative-et-sportive-du-club\/\" \/>\n<meta property=\"og:locale\" content=\"fr_FR\" \/>\n<meta property=\"og:type\" content=\"article\" \/>\n<meta property=\"og:title\" content=\"Richard Neme : &quot;Il est important de participer et de s\u2019investir dans la vie associative et sportive du club&quot; - News Est Lyonnais\" \/>\n<meta property=\"og:description\" content=\"Richard Neme \u00bb il est important de participer et de s\u2019investir dans la vie associative et sportive du club \u00ab\" \/>\n<meta property=\"og:url\" content=\"https:\/\/newsestlyonnais.fr\/site\/2023\/03\/03\/richard-neme-il-est-important-de-participer-et-de-sinvestir-dans-la-vie-associative-et-sportive-du-club\/\" \/>\n<meta property=\"og:site_name\" content=\"News Est Lyonnais\" \/>\n<meta property=\"article:author\" content=\"https:\/\/www.facebook.com\/pascal.oberson.1?fref=ts\" \/>\n<meta property=\"article:published_time\" content=\"2023-03-03T13:28:53+00:00\" \/>\n<meta property=\"article:modified_time\" content=\"2023-03-05T17:17:12+00:00\" \/>\n<meta property=\"og:image\" content=\"https:\/\/newsestlyonnais.fr\/site\/wp-content\/uploads\/2023\/03\/portrait.jpg\" \/>\n\t<meta property=\"og:image:width\" content=\"1013\" \/>\n\t<meta property=\"og:image:height\" content=\"1000\" \/>\n\t<meta property=\"og:image:type\" content=\"image\/jpeg\" \/>\n<meta name=\"author\" content=\"R\u00e9dac. NEWS\" \/>\n<meta name=\"twitter:card\" content=\"summary_large_image\" \/>\n<meta name=\"twitter:label1\" content=\"\u00c9crit par\" \/>\n\t<meta name=\"twitter:data1\" content=\"R\u00e9dac. NEWS\" \/>\n\t<meta name=\"twitter:label2\" content=\"Dur\u00e9e de lecture estim\u00e9e\" \/>\n\t<meta name=\"twitter:data2\" content=\"5 minutes\" \/>\n<script type=\"application\/ld+json\" class=\"yoast-schema-graph\">{\"@context\":\"https:\/\/schema.org\",\"@graph\":[{\"@type\":\"Article\",\"@id\":\"https:\/\/newsestlyonnais.fr\/site\/2023\/03\/03\/richard-neme-il-est-important-de-participer-et-de-sinvestir-dans-la-vie-associative-et-sportive-du-club\/#article\",\"isPartOf\":{\"@id\":\"https:\/\/newsestlyonnais.fr\/site\/2023\/03\/03\/richard-neme-il-est-important-de-participer-et-de-sinvestir-dans-la-vie-associative-et-sportive-du-club\/\"},\"author\":{\"name\":\"R\u00e9dac. NEWS\",\"@id\":\"https:\/\/newsestlyonnais.fr\/site\/#\/schema\/person\/3230d5615f390bb808365d673001e887\"},\"headline\":\"Richard Neme : \u00ab\u00a0Il est important de participer et de s\u2019investir dans la vie associative et sportive du club\u00a0\u00bb\",\"datePublished\":\"2023-03-03T13:28:53+00:00\",\"dateModified\":\"2023-03-05T17:17:12+00:00\",\"mainEntityOfPage\":{\"@id\":\"https:\/\/newsestlyonnais.fr\/site\/2023\/03\/03\/richard-neme-il-est-important-de-participer-et-de-sinvestir-dans-la-vie-associative-et-sportive-du-club\/\"},\"wordCount\":827,\"commentCount\":0,\"publisher\":{\"@id\":\"https:\/\/newsestlyonnais.fr\/site\/#organization\"},\"image\":{\"@id\":\"https:\/\/newsestlyonnais.fr\/site\/2023\/03\/03\/richard-neme-il-est-important-de-participer-et-de-sinvestir-dans-la-vie-associative-et-sportive-du-club\/#primaryimage\"},\"thumbnailUrl\":\"https:\/\/newsestlyonnais.fr\/site\/wp-content\/uploads\/2023\/03\/portrait.jpg\",\"keywords\":[\"AS CALUIRE ATHLE\",\"BENEVOLE\",\"COURSE\",\"Richard Neme\"],\"articleSection\":[\"Arbitrage | B\u00e9n\u00e9volat | Coaching\",\"Athl\u00e9 | Course pied | Marche\",\"CALUIRE | RILLIEUX LA PAPE\",\"Interview \u00e0 la une\",\"Interviews\",\"Lyon\"],\"inLanguage\":\"fr-FR\",\"potentialAction\":[{\"@type\":\"CommentAction\",\"name\":\"Comment\",\"target\":[\"https:\/\/newsestlyonnais.fr\/site\/2023\/03\/03\/richard-neme-il-est-important-de-participer-et-de-sinvestir-dans-la-vie-associative-et-sportive-du-club\/#respond\"]}]},{\"@type\":\"WebPage\",\"@id\":\"https:\/\/newsestlyonnais.fr\/site\/2023\/03\/03\/richard-neme-il-est-important-de-participer-et-de-sinvestir-dans-la-vie-associative-et-sportive-du-club\/\",\"url\":\"https:\/\/newsestlyonnais.fr\/site\/2023\/03\/03\/richard-neme-il-est-important-de-participer-et-de-sinvestir-dans-la-vie-associative-et-sportive-du-club\/\",\"name\":\"Richard Neme : \\\"Il est important de participer et de s\u2019investir dans la vie associative et sportive du club\\\" - News Est Lyonnais\",\"isPartOf\":{\"@id\":\"https:\/\/newsestlyonnais.fr\/site\/#website\"},\"primaryImageOfPage\":{\"@id\":\"https:\/\/newsestlyonnais.fr\/site\/2023\/03\/03\/richard-neme-il-est-important-de-participer-et-de-sinvestir-dans-la-vie-associative-et-sportive-du-club\/#primaryimage\"},\"image\":{\"@id\":\"https:\/\/newsestlyonnais.fr\/site\/2023\/03\/03\/richard-neme-il-est-important-de-participer-et-de-sinvestir-dans-la-vie-associative-et-sportive-du-club\/#primaryimage\"},\"thumbnailUrl\":\"https:\/\/newsestlyonnais.fr\/site\/wp-content\/uploads\/2023\/03\/portrait.jpg\",\"datePublished\":\"2023-03-03T13:28:53+00:00\",\"dateModified\":\"2023-03-05T17:17:12+00:00\",\"description\":\"Richard Neme \u00bb il est important de participer et de s\u2019investir dans la vie associative et sportive du club \u00ab\",\"breadcrumb\":{\"@id\":\"https:\/\/newsestlyonnais.fr\/site\/2023\/03\/03\/richard-neme-il-est-important-de-participer-et-de-sinvestir-dans-la-vie-associative-et-sportive-du-club\/#breadcrumb\"},\"inLanguage\":\"fr-FR\",\"potentialAction\":[{\"@type\":\"ReadAction\",\"target\":[\"https:\/\/newsestlyonnais.fr\/site\/2023\/03\/03\/richard-neme-il-est-important-de-participer-et-de-sinvestir-dans-la-vie-associative-et-sportive-du-club\/\"]}]},{\"@type\":\"ImageObject\",\"inLanguage\":\"fr-FR\",\"@id\":\"https:\/\/newsestlyonnais.fr\/site\/2023\/03\/03\/richard-neme-il-est-important-de-participer-et-de-sinvestir-dans-la-vie-associative-et-sportive-du-club\/#primaryimage\",\"url\":\"https:\/\/newsestlyonnais.fr\/site\/wp-content\/uploads\/2023\/03\/portrait.jpg\",\"contentUrl\":\"https:\/\/newsestlyonnais.fr\/site\/wp-content\/uploads\/2023\/03\/portrait.jpg\",\"width\":1013,\"height\":1000},{\"@type\":\"BreadcrumbList\",\"@id\":\"https:\/\/newsestlyonnais.fr\/site\/2023\/03\/03\/richard-neme-il-est-important-de-participer-et-de-sinvestir-dans-la-vie-associative-et-sportive-du-club\/#breadcrumb\",\"itemListElement\":[{\"@type\":\"ListItem\",\"position\":1,\"name\":\"Accueil\",\"item\":\"https:\/\/newsestlyonnais.fr\/site\/\"},{\"@type\":\"ListItem\",\"position\":2,\"name\":\"Richard Neme : \u00ab\u00a0Il est important de participer et de s\u2019investir dans la vie associative et sportive du club\u00a0\u00bb\"}]},{\"@type\":\"WebSite\",\"@id\":\"https:\/\/newsestlyonnais.fr\/site\/#website\",\"url\":\"https:\/\/newsestlyonnais.fr\/site\/\",\"name\":\"News Est Lyonnais\",\"description\":\"L&#039;actualit\u00e9 au plus pr\u00e8s\",\"publisher\":{\"@id\":\"https:\/\/newsestlyonnais.fr\/site\/#organization\"},\"potentialAction\":[{\"@type\":\"SearchAction\",\"target\":{\"@type\":\"EntryPoint\",\"urlTemplate\":\"https:\/\/newsestlyonnais.fr\/site\/?s={search_term_string}\"},\"query-input\":{\"@type\":\"PropertyValueSpecification\",\"valueRequired\":true,\"valueName\":\"search_term_string\"}}],\"inLanguage\":\"fr-FR\"},{\"@type\":\"Organization\",\"@id\":\"https:\/\/newsestlyonnais.fr\/site\/#organization\",\"name\":\"News EST LYONNAIS\",\"url\":\"https:\/\/newsestlyonnais.fr\/site\/\",\"logo\":{\"@type\":\"ImageObject\",\"inLanguage\":\"fr-FR\",\"@id\":\"https:\/\/newsestlyonnais.fr\/site\/#\/schema\/logo\/image\/\",\"url\":\"\",\"contentUrl\":\"\",\"caption\":\"News EST LYONNAIS\"},\"image\":{\"@id\":\"https:\/\/newsestlyonnais.fr\/site\/#\/schema\/logo\/image\/\"}},{\"@type\":\"Person\",\"@id\":\"https:\/\/newsestlyonnais.fr\/site\/#\/schema\/person\/3230d5615f390bb808365d673001e887\",\"name\":\"R\u00e9dac. NEWS\",\"sameAs\":[\"http:\/\/www.newsestlyonnais.fr\",\"https:\/\/www.facebook.com\/pascal.oberson.1?fref=ts\",\"https:\/\/fr.linkedin.com\/in\/pascal-oberson-b17045113\"],\"url\":\"https:\/\/newsestlyonnais.fr\/site\/author\/nel\/\"}]}<\/script>\n<!-- \/ Yoast SEO plugin. -->","yoast_head_json":{"title":"Richard Neme : \"Il est important de participer et de s\u2019investir dans la vie associative et sportive du club\" - News Est Lyonnais","description":"Richard Neme \u00bb il est important de participer et de s\u2019investir dans la vie associative et sportive du club \u00ab","robots":{"index":"index","follow":"follow","max-snippet":"max-snippet:-1","max-image-preview":"max-image-preview:large","max-video-preview":"max-video-preview:-1"},"canonical":"https:\/\/newsestlyonnais.fr\/site\/2023\/03\/03\/richard-neme-il-est-important-de-participer-et-de-sinvestir-dans-la-vie-associative-et-sportive-du-club\/","og_locale":"fr_FR","og_type":"article","og_title":"Richard Neme : \"Il est important de participer et de s\u2019investir dans la vie associative et sportive du club\" - News Est Lyonnais","og_description":"Richard Neme \u00bb il est important de participer et de s\u2019investir dans la vie associative et sportive du club \u00ab","og_url":"https:\/\/newsestlyonnais.fr\/site\/2023\/03\/03\/richard-neme-il-est-important-de-participer-et-de-sinvestir-dans-la-vie-associative-et-sportive-du-club\/","og_site_name":"News Est Lyonnais","article_author":"https:\/\/www.facebook.com\/pascal.oberson.1?fref=ts","article_published_time":"2023-03-03T13:28:53+00:00","article_modified_time":"2023-03-05T17:17:12+00:00","og_image":[{"width":1013,"height":1000,"url":"https:\/\/newsestlyonnais.fr\/site\/wp-content\/uploads\/2023\/03\/portrait.jpg","type":"image\/jpeg"}],"author":"R\u00e9dac. NEWS","twitter_card":"summary_large_image","twitter_misc":{"\u00c9crit par":"R\u00e9dac. NEWS","Dur\u00e9e de lecture estim\u00e9e":"5 minutes"},"schema":{"@context":"https:\/\/schema.org","@graph":[{"@type":"Article","@id":"https:\/\/newsestlyonnais.fr\/site\/2023\/03\/03\/richard-neme-il-est-important-de-participer-et-de-sinvestir-dans-la-vie-associative-et-sportive-du-club\/#article","isPartOf":{"@id":"https:\/\/newsestlyonnais.fr\/site\/2023\/03\/03\/richard-neme-il-est-important-de-participer-et-de-sinvestir-dans-la-vie-associative-et-sportive-du-club\/"},"author":{"name":"R\u00e9dac. NEWS","@id":"https:\/\/newsestlyonnais.fr\/site\/#\/schema\/person\/3230d5615f390bb808365d673001e887"},"headline":"Richard Neme : \u00ab\u00a0Il est important de participer et de s\u2019investir dans la vie associative et sportive du club\u00a0\u00bb","datePublished":"2023-03-03T13:28:53+00:00","dateModified":"2023-03-05T17:17:12+00:00","mainEntityOfPage":{"@id":"https:\/\/newsestlyonnais.fr\/site\/2023\/03\/03\/richard-neme-il-est-important-de-participer-et-de-sinvestir-dans-la-vie-associative-et-sportive-du-club\/"},"wordCount":827,"commentCount":0,"publisher":{"@id":"https:\/\/newsestlyonnais.fr\/site\/#organization"},"image":{"@id":"https:\/\/newsestlyonnais.fr\/site\/2023\/03\/03\/richard-neme-il-est-important-de-participer-et-de-sinvestir-dans-la-vie-associative-et-sportive-du-club\/#primaryimage"},"thumbnailUrl":"https:\/\/newsestlyonnais.fr\/site\/wp-content\/uploads\/2023\/03\/portrait.jpg","keywords":["AS CALUIRE ATHLE","BENEVOLE","COURSE","Richard Neme"],"articleSection":["Arbitrage | B\u00e9n\u00e9volat | Coaching","Athl\u00e9 | Course pied | Marche","CALUIRE | RILLIEUX LA PAPE","Interview \u00e0 la une","Interviews","Lyon"],"inLanguage":"fr-FR","potentialAction":[{"@type":"CommentAction","name":"Comment","target":["https:\/\/newsestlyonnais.fr\/site\/2023\/03\/03\/richard-neme-il-est-important-de-participer-et-de-sinvestir-dans-la-vie-associative-et-sportive-du-club\/#respond"]}]},{"@type":"WebPage","@id":"https:\/\/newsestlyonnais.fr\/site\/2023\/03\/03\/richard-neme-il-est-important-de-participer-et-de-sinvestir-dans-la-vie-associative-et-sportive-du-club\/","url":"https:\/\/newsestlyonnais.fr\/site\/2023\/03\/03\/richard-neme-il-est-important-de-participer-et-de-sinvestir-dans-la-vie-associative-et-sportive-du-club\/","name":"Richard Neme : \"Il est important de participer et de s\u2019investir dans la vie associative et sportive du club\" - News Est Lyonnais","isPartOf":{"@id":"https:\/\/newsestlyonnais.fr\/site\/#website"},"primaryImageOfPage":{"@id":"https:\/\/newsestlyonnais.fr\/site\/2023\/03\/03\/richard-neme-il-est-important-de-participer-et-de-sinvestir-dans-la-vie-associative-et-sportive-du-club\/#primaryimage"},"image":{"@id":"https:\/\/newsestlyonnais.fr\/site\/2023\/03\/03\/richard-neme-il-est-important-de-participer-et-de-sinvestir-dans-la-vie-associative-et-sportive-du-club\/#primaryimage"},"thumbnailUrl":"https:\/\/newsestlyonnais.fr\/site\/wp-content\/uploads\/2023\/03\/portrait.jpg","datePublished":"2023-03-03T13:28:53+00:00","dateModified":"2023-03-05T17:17:12+00:00","description":"Richard Neme \u00bb il est important de participer et de s\u2019investir dans la vie associative et sportive du club \u00ab","breadcrumb":{"@id":"https:\/\/newsestlyonnais.fr\/site\/2023\/03\/03\/richard-neme-il-est-important-de-participer-et-de-sinvestir-dans-la-vie-associative-et-sportive-du-club\/#breadcrumb"},"inLanguage":"fr-FR","potentialAction":[{"@type":"ReadAction","target":["https:\/\/newsestlyonnais.fr\/site\/2023\/03\/03\/richard-neme-il-est-important-de-participer-et-de-sinvestir-dans-la-vie-associative-et-sportive-du-club\/"]}]},{"@type":"ImageObject","inLanguage":"fr-FR","@id":"https:\/\/newsestlyonnais.fr\/site\/2023\/03\/03\/richard-neme-il-est-important-de-participer-et-de-sinvestir-dans-la-vie-associative-et-sportive-du-club\/#primaryimage","url":"https:\/\/newsestlyonnais.fr\/site\/wp-content\/uploads\/2023\/03\/portrait.jpg","contentUrl":"https:\/\/newsestlyonnais.fr\/site\/wp-content\/uploads\/2023\/03\/portrait.jpg","width":1013,"height":1000},{"@type":"BreadcrumbList","@id":"https:\/\/newsestlyonnais.fr\/site\/2023\/03\/03\/richard-neme-il-est-important-de-participer-et-de-sinvestir-dans-la-vie-associative-et-sportive-du-club\/#breadcrumb","itemListElement":[{"@type":"ListItem","position":1,"name":"Accueil","item":"https:\/\/newsestlyonnais.fr\/site\/"},{"@type":"ListItem","position":2,"name":"Richard Neme : \u00ab\u00a0Il est important de participer et de s\u2019investir dans la vie associative et sportive du club\u00a0\u00bb"}]},{"@type":"WebSite","@id":"https:\/\/newsestlyonnais.fr\/site\/#website","url":"https:\/\/newsestlyonnais.fr\/site\/","name":"News Est Lyonnais","description":"L&#039;actualit\u00e9 au plus pr\u00e8s","publisher":{"@id":"https:\/\/newsestlyonnais.fr\/site\/#organization"},"potentialAction":[{"@type":"SearchAction","target":{"@type":"EntryPoint","urlTemplate":"https:\/\/newsestlyonnais.fr\/site\/?s={search_term_string}"},"query-input":{"@type":"PropertyValueSpecification","valueRequired":true,"valueName":"search_term_string"}}],"inLanguage":"fr-FR"},{"@type":"Organization","@id":"https:\/\/newsestlyonnais.fr\/site\/#organization","name":"News EST LYONNAIS","url":"https:\/\/newsestlyonnais.fr\/site\/","logo":{"@type":"ImageObject","inLanguage":"fr-FR","@id":"https:\/\/newsestlyonnais.fr\/site\/#\/schema\/logo\/image\/","url":"","contentUrl":"","caption":"News EST LYONNAIS"},"image":{"@id":"https:\/\/newsestlyonnais.fr\/site\/#\/schema\/logo\/image\/"}},{"@type":"Person","@id":"https:\/\/newsestlyonnais.fr\/site\/#\/schema\/person\/3230d5615f390bb808365d673001e887","name":"R\u00e9dac. NEWS","sameAs":["http:\/\/www.newsestlyonnais.fr","https:\/\/www.facebook.com\/pascal.oberson.1?fref=ts","https:\/\/fr.linkedin.com\/in\/pascal-oberson-b17045113"],"url":"https:\/\/newsestlyonnais.fr\/site\/author\/nel\/"}]}},"_links":{"self":[{"href":"https:\/\/newsestlyonnais.fr\/site\/wp-json\/wp\/v2\/posts\/177473","targetHints":{"allow":["GET"]}}],"collection":[{"href":"https:\/\/newsestlyonnais.fr\/site\/wp-json\/wp\/v2\/posts"}],"about":[{"href":"https:\/\/newsestlyonnais.fr\/site\/wp-json\/wp\/v2\/types\/post"}],"author":[{"embeddable":true,"href":"https:\/\/newsestlyonnais.fr\/site\/wp-json\/wp\/v2\/users\/4"}],"replies":[{"embeddable":true,"href":"https:\/\/newsestlyonnais.fr\/site\/wp-json\/wp\/v2\/comments?post=177473"}],"version-history":[{"count":0,"href":"https:\/\/newsestlyonnais.fr\/site\/wp-json\/wp\/v2\/posts\/177473\/revisions"}],"wp:featuredmedia":[{"embeddable":true,"href":"https:\/\/newsestlyonnais.fr\/site\/wp-json\/wp\/v2\/media\/177498"}],"wp:attachment":[{"href":"https:\/\/newsestlyonnais.fr\/site\/wp-json\/wp\/v2\/media?parent=177473"}],"wp:term":[{"taxonomy":"category","embeddable":true,"href":"https:\/\/newsestlyonnais.fr\/site\/wp-json\/wp\/v2\/categories?post=177473"},{"taxonomy":"post_tag","embeddable":true,"href":"https:\/\/newsestlyonnais.fr\/site\/wp-json\/wp\/v2\/tags?post=177473"}],"curies":[{"name":"wp","href":"https:\/\/api.w.org\/{rel}","templated":true}]}}