{"id":177546,"date":"2023-03-04T08:19:37","date_gmt":"2023-03-04T07:19:37","guid":{"rendered":"https:\/\/newsestlyonnais.fr\/site\/?p=177546"},"modified":"2023-03-17T10:33:38","modified_gmt":"2023-03-17T09:33:38","slug":"saint-priest-les-evenements-a-mi-mars","status":"publish","type":"post","link":"https:\/\/newsestlyonnais.fr\/site\/2023\/03\/04\/saint-priest-les-evenements-a-mi-mars\/","title":{"rendered":"SAINT-PRIEST | Les \u00e9v\u00e8nements \u00e0 mi-mars"},"content":{"rendered":"<p><span style=\"font-family: georgia, palatino, serif;\"><span id=\"page4R_mcid7\" class=\"markedContent\" style=\"background-color: #000000; color: #ffcc00; font-size: 14pt;\"><span dir=\"ltr\" role=\"presentation\">Du mercredi 1\u00b0 au lundi 27 Mars<\/span><\/span><span id=\"page4R_mcid8\" class=\"markedContent\"> <\/span><\/span><\/p>\n<ul>\n<li><span style=\"font-family: georgia, palatino, serif;\"><span id=\"page4R_mcid8\" class=\"markedContent\"><span dir=\"ltr\" role=\"presentation\">\u00e0 18 h 30<\/span><\/span><span id=\"page4R_mcid9\" class=\"markedContent\"> : <span dir=\"ltr\" role=\"presentation\"><strong>Chansons de nuit<\/strong> : <\/span><span dir=\"ltr\" role=\"presentation\">exposition peinture et po\u00e9sie<\/span><\/span><span id=\"page4R_mcid10\" class=\"markedContent\">, d<span dir=\"ltr\" role=\"presentation\">e Christian Bertinier. (<\/span><\/span><span id=\"page4R_mcid11\" class=\"markedContent\"><span dir=\"ltr\" role=\"presentation\">MJC Jean Cocteau).<\/span><\/span><\/span><\/li>\n<\/ul>\n<p><span style=\"font-family: georgia, palatino, serif;\"><span id=\"page4R_mcid22\" class=\"markedContent\" style=\"background-color: #000000; color: #ffcc00; font-size: 14pt;\"><span dir=\"ltr\" role=\"presentation\">Du vendredi 3 au vendredi 31 Mars<\/span><\/span><span id=\"page4R_mcid23\" class=\"markedContent\"> <\/span><\/span><\/p>\n<ul>\n<li><span id=\"page4R_mcid23\" class=\"markedContent\"><span dir=\"ltr\" style=\"font-family: georgia, palatino, serif;\" role=\"presentation\"><strong>1 mois \/ 1 \u0152uvre<\/strong> : Exposition de <\/span><span dir=\"ltr\" role=\"presentation\"><span style=\"font-family: georgia, palatino, serif;\">l&rsquo;Artoth\u00e8que. (<span id=\"page4R_mcid25\" class=\"markedContent\">Hall de la M\u00e9diath\u00e8que<\/span>).<\/span><br \/>\n<\/span><\/span><\/li>\n<\/ul>\n<hr \/>\n<p><span style=\"font-family: georgia, palatino, serif;\"><strong><span id=\"page4R_mcid36\" class=\"markedContent\" style=\"font-size: 14pt; background-color: #000000; color: #ffffff;\"><span dir=\"ltr\" role=\"presentation\">Vendredi 3 Mars<\/span><\/span><\/strong><span id=\"page4R_mcid37\" class=\"markedContent\"> <\/span><\/span><\/p>\n<ul>\n<li><span style=\"font-family: georgia, palatino, serif;\"><span id=\"page4R_mcid37\" class=\"markedContent\"><span dir=\"ltr\" role=\"presentation\">de 14 h \u00e0 18 h<\/span><\/span><span id=\"page4R_mcid38\" class=\"markedContent\"> : <strong><span dir=\"ltr\" role=\"presentation\">Formation gestes premiers secours<\/span><\/strong><\/span><span id=\"page4R_mcid39\" class=\"markedContent\"> \/ <span dir=\"ltr\" role=\"presentation\">AIL du Fort<\/span><\/span><span id=\"page4R_mcid40\" class=\"markedContent\"> (<span dir=\"ltr\" role=\"presentation\">Fort).<\/span><\/span><span id=\"page4R_mcid41\" class=\"markedContent\"><\/span><\/span><\/li>\n<li><span style=\"font-family: georgia, palatino, serif;\"><span id=\"page4R_mcid42\" class=\"markedContent\"><span dir=\"ltr\" role=\"presentation\">17 h &#8211; 19 h<\/span><\/span><span id=\"page4R_mcid43\" class=\"markedContent\"> : <strong><span dir=\"ltr\" role=\"presentation\">Ap\u00e9ro citoyen<\/span><\/strong><\/span><span id=\"page4R_mcid44\" class=\"markedContent\"> (<\/span><span id=\"page4R_mcid45\" class=\"markedContent\"><span dir=\"ltr\" role=\"presentation\">CS Louis Braille).<\/span><\/span><\/span><\/li>\n<\/ul>\n<p><span style=\"font-family: georgia, palatino, serif;\"><strong><span id=\"page4R_mcid46\" class=\"markedContent\" style=\"background-color: #000000; color: #ffffff; font-size: 14pt;\"><span dir=\"ltr\" role=\"presentation\">Dimanche 5 Mars<\/span><\/span><\/strong><span id=\"page4R_mcid47\" class=\"markedContent\"> <\/span><\/span><\/p>\n<ul>\n<li><span style=\"font-family: georgia, palatino, serif;\"><span id=\"page4R_mcid47\" class=\"markedContent\"><span dir=\"ltr\" role=\"presentation\">9 h &#8211; 17 h<\/span><\/span><span id=\"page4R_mcid48\" class=\"markedContent\"> : <strong><span dir=\"ltr\" role=\"presentation\">Vide Grenier<\/span><\/strong><\/span><span id=\"page4R_mcid49\" class=\"markedContent\"> \/ A<span dir=\"ltr\" role=\"presentation\">ssociation des parents d\u2019\u00e9l\u00e8ves \u00e9cole <\/span><\/span><\/span><span style=\"font-family: georgia, palatino, serif;\"><span id=\"page4R_mcid49\" class=\"markedContent\"><span dir=\"ltr\" role=\"presentation\">Jeanne d\u2019Arc. (<\/span><\/span><span id=\"page4R_mcid50\" class=\"markedContent\"><span dir=\"ltr\" role=\"presentation\">Espace Mosaique).<\/span><\/span><span id=\"page4R_mcid51\" class=\"markedContent\"><\/span><\/span><\/li>\n<li><span style=\"font-family: georgia, palatino, serif;\"><span id=\"page4R_mcid52\" class=\"markedContent\"><span dir=\"ltr\" role=\"presentation\">15 h<\/span><\/span><span id=\"page4R_mcid53\" class=\"markedContent\"> : <strong><span dir=\"ltr\" role=\"presentation\">Rugby<\/span><\/strong><\/span><strong><span id=\"page4R_mcid54\" class=\"markedContent\"> : <\/span><\/strong><\/span><span style=\"font-family: georgia, palatino, serif;\"><span id=\"page4R_mcid54\" class=\"markedContent\"><span dir=\"ltr\" role=\"presentation\"><strong>St-Priest \/ RC Metz Moselle<\/strong> (<\/span><\/span><\/span><span style=\"font-family: georgia, palatino, serif;\"><span id=\"page4R_mcid55\" class=\"markedContent\"><span dir=\"ltr\" role=\"presentation\">Stade <\/span><\/span><\/span><span style=\"font-family: georgia, palatino, serif;\"><span id=\"page4R_mcid55\" class=\"markedContent\"><span dir=\"ltr\" role=\"presentation\">Pierre Mend\u00e8s-France).<\/span><\/span><span id=\"page4R_mcid56\" class=\"markedContent\"><\/span><span id=\"page4R_mcid57\" class=\"markedContent\"><\/span><span id=\"page4R_mcid58\" class=\"markedContent\"><\/span><span id=\"page4R_mcid59\" class=\"markedContent\"><\/span><span id=\"page4R_mcid60\" class=\"markedContent\"><\/span><span id=\"page4R_mcid61\" class=\"markedContent\"><\/span><\/span><\/li>\n<li><span style=\"font-family: georgia, palatino, serif;\"><span id=\"page37R_mcid2\" class=\"markedContent\"><span dir=\"ltr\" role=\"presentation\">17 h<\/span><\/span><span id=\"page37R_mcid3\" class=\"markedContent\"> ; <span dir=\"ltr\" role=\"presentation\"><strong>\u00ab\u00a0Improboisble\u00a0\u00bb<\/strong> \/ C<\/span><\/span><\/span><span style=\"font-family: georgia, palatino, serif;\"><span id=\"page37R_mcid4\" class=\"markedContent\"><span dir=\"ltr\" role=\"presentation\">onservatoire. (<\/span><\/span><\/span><span style=\"font-family: georgia, palatino, serif;\"><span id=\"page37R_mcid5\" class=\"markedContent\"><span dir=\"ltr\" role=\"presentation\">Salle Concorde).<\/span><\/span><\/span><\/li>\n<\/ul>\n<hr \/>\n<p><span style=\"font-size: 14pt;\"><strong><span style=\"font-family: georgia, palatino, serif; background-color: #000000; color: #ffcc00;\">Du lundi 6 au samedi 18 mars <\/span><\/strong><\/span><\/p>\n<ul>\n<li><span style=\"font-family: georgia, palatino, serif;\"><strong>\u00a0\u00bb Il \u00e9tait une fois mon pays \u00ab\u00a0. Exposition et vid\u00e9os<\/strong> r\u00e9alis\u00e9es par le groupe Word &amp; Papotage (Centre social La Carni\u00e8re).<\/span><\/li>\n<\/ul>\n<hr \/>\n<p><span style=\"background-color: #000000; color: #ffffff;\"><strong><span style=\"font-family: georgia, palatino, serif; font-size: 14pt; background-color: #000000;\">Lundi 6 mars<\/span><\/strong><\/span><\/p>\n<ul>\n<li><span style=\"font-family: georgia, palatino, serif;\">18 h 30 : <strong>Assembl\u00e9e de quartier Berliet<\/strong> \/ Service D\u00e9mocratie Locale. (Gymnase de l\u2019\u00e9cole Berliet).<\/span><\/li>\n<\/ul>\n<p><span style=\"font-size: 14pt;\"><strong><span style=\"font-family: georgia, palatino, serif; background-color: #000000; color: #ffffff;\">Mardi 7 mars <\/span><\/strong><\/span><\/p>\n<ul>\n<li><span style=\"font-family: georgia, palatino, serif;\">14 h : <strong>Concours de Tir \u00e0 l&rsquo;Arc<\/strong> \/ Section des retrait\u00e9s de l\u2019\u00c9cole Municipale des sports (Boulodrome).<\/span><\/li>\n<\/ul>\n<p><span style=\"font-size: 14pt; background-color: #000000; color: #ffffff;\"><strong><span style=\"font-family: georgia, palatino, serif;\">Mardis 7 &amp; 14 mars<\/span><\/strong><\/span><\/p>\n<ul>\n<li><span style=\"font-family: georgia, palatino, serif;\">17 h &#8211; 19 h : <strong>Caf\u00e9 des langues<\/strong>. (M\u00e9diath\u00e8que, secteur jeunesse).<\/span><\/li>\n<\/ul>\n<p><span style=\"font-size: 14pt; background-color: #000000; color: #ffffff;\"><strong><span style=\"font-family: georgia, palatino, serif;\">Mercredi 8 Mars <\/span><\/strong><\/span><\/p>\n<ul>\n<li><span style=\"font-family: georgia, palatino, serif;\">10 h 15 : <strong>Heure du Conte pour les 3\/5 ans<\/strong>. (M\u00e9diath\u00e8que).<\/span><\/li>\n<li><span style=\"font-family: georgia, palatino, serif;\">10 h 45 : <strong>Heure du Conte pour les 5\/8 ans.<\/strong> (M\u00e9diath\u00e8que).<\/span><\/li>\n<li><span style=\"font-family: georgia, palatino, serif;\">17 h : <strong>S\u00e9ance pl\u00e9ni\u00e8re du CMJ.<\/strong> (Salle du Conseil).<\/span><\/li>\n<li><span style=\"font-family: georgia, palatino, serif;\">20 h : <strong>H\u00e9roine pur. Th\u00e9\u00e2tre<\/strong> \/ Association Femmes solidaires, un solo f\u00e9ministe, comique et d\u00e9brid\u00e9. (MJC Jean Cocteau).<\/span><\/li>\n<\/ul>\n<p><span style=\"background-color: #000000; color: #ffffff;\"><strong><span style=\"font-family: georgia, palatino, serif; font-size: 14pt; background-color: #000000;\">Jeudi 9 mars <\/span><\/strong><\/span><\/p>\n<ul>\n<li><span style=\"font-family: georgia, palatino, serif;\">18 h 30 : <strong>Assembl\u00e9e de quartier M\u00e9nival \/ La Cordi\u00e8re.<\/strong> Organis\u00e9 par le service D\u00e9mocratie Locale. (Centre social Louis Braille).<\/span><\/li>\n<li><span style=\"font-family: georgia, palatino, serif;\">20 h : <strong>Marion Mezadorian. Seule en sc\u00e8ne<\/strong> de la com\u00e9dienne et humoriste. (Espace Mosa\u00efque).<\/span><\/li>\n<\/ul>\n<p><span style=\"background-color: #000000; color: #ffffff;\"><strong><span style=\"font-family: georgia, palatino, serif; font-size: 14pt; background-color: #000000;\">Vendredi 10 mars<\/span><\/strong><\/span><\/p>\n<ul>\n<li><span style=\"font-family: georgia, palatino, serif;\">10 h : <strong>Ateliers num\u00e9rique<\/strong>. T<\/span><span style=\"font-family: georgia, palatino, serif;\">ablettes et smartphones. (<\/span><span style=\"font-family: georgia, palatino, serif;\">Cyber Base).<\/span><\/li>\n<li><span style=\"font-family: georgia, palatino, serif;\"><strong>Repas \u00e0 emporter<\/strong>. <\/span><span style=\"font-family: georgia, palatino, serif;\">Le groupe Cr\u00e9a Saveurs <\/span><span style=\"font-family: georgia, palatino, serif;\">pr\u00e9pare un menu avec poulet aux olives et dessert. (<\/span><span style=\"font-family: georgia, palatino, serif;\">CS Louis Braille).<\/span><\/li>\n<li><span style=\"font-family: georgia, palatino, serif;\">19 h : <strong>AG Ail du Fort<\/strong>. (Fort).<\/span><\/li>\n<li><span style=\"font-family: georgia, palatino, serif;\">20 h : <strong>FugaCit\u00e9s<\/strong>. Spectacle de danse m\u00ealant musique baroque et cultures urbaines. (Espace Mosa\u00efque).\u00a0<\/span><\/li>\n<\/ul>\n<hr \/>\n<p><span style=\"font-size: 14pt; background-color: #000000; color: #ffffff;\"><strong><span style=\"font-family: georgia, palatino, serif;\">Samedi 11 mars <\/span><\/strong><\/span><\/p>\n<ul>\n<li><span style=\"font-family: georgia, palatino, serif;\">8 h : <strong>Matin\u00e9e fricass\u00e9e d&rsquo;andouillettes<\/strong> \/ ADIRP du Rh\u00f4ne les Filles et fils de <\/span><span style=\"font-family: georgia, palatino, serif;\">d\u00e9port\u00e9es. (<\/span><span style=\"font-family: georgia, palatino, serif;\">Maison du Combattant, 11 Grande R<\/span><span style=\"font-family: georgia, palatino, serif;\">ue).<\/span><\/li>\n<li><span style=\"font-family: georgia, palatino, serif;\">14 h &#8211; 17 h : <strong>Apr\u00e8s-midi jeux<\/strong> (Centre social Louis Braille). <\/span><\/li>\n<li><span style=\"font-family: georgia, palatino, serif;\">18 h 45 : <strong>Hand-Ball : <\/strong><\/span><span style=\"font-family: georgia, palatino, serif;\"><strong>SPHB &#8211; Aix en Savoie<\/strong>. (<\/span><span style=\"font-family: georgia, palatino, serif;\">Gymnace Condorcet)<\/span><\/li>\n<li><span style=\"font-family: georgia, palatino, serif;\">20 h : <strong>This gus thing. <\/strong><\/span><span style=\"font-family: georgia, palatino, serif;\"><strong>Concert<\/strong> \/ <\/span><span style=\"font-family: georgia, palatino, serif;\">association RN6 Music. (<\/span><span style=\"font-family: georgia, palatino, serif;\">MJC Jean Cocteau).<\/span><\/li>\n<li><span style=\"font-family: georgia, palatino, serif;\">20 h : <strong>Basket : <\/strong><\/span><span style=\"font-family: georgia, palatino, serif;\"><strong>AL Saint-Priest &#8211; Union Sportive Avignon\/Pontet<\/strong> (Gymnase L\u00e9on Perrier).<\/span><\/li>\n<\/ul>\n<p><span style=\"font-size: 14pt; color: #ffffff;\"><strong><span style=\"font-family: georgia, palatino, serif;\"><span style=\"background-color: #000000;\">Dimanche 12 mars<\/span> <\/span><\/strong><\/span><\/p>\n<ul>\n<li><span style=\"font-family: georgia, palatino, serif;\">9 h &#8211; 16 h : <strong>41\u00b0 Bourse aux monnaies<\/strong> : C<\/span><span style=\"font-family: georgia, palatino, serif;\">lub numismatique rhodanien. <\/span>(<span style=\"font-family: georgia, palatino, serif;\">Salle Chrysostome).<\/span><\/li>\n<\/ul>\n<p><span style=\"font-size: 14pt;\"><strong><span style=\"font-family: georgia, palatino, serif; background-color: #000000; color: #ffffff;\">Lundi 13 mars <\/span><\/strong><\/span><\/p>\n<ul>\n<li><span style=\"font-family: georgia, palatino, serif;\">18 h 30 : <strong>Assembl\u00e9e de quartier Manissieux \/ Mi-<\/strong><\/span><span style=\"font-family: georgia, palatino, serif;\"><strong>Plaine \/ Fouillouse.<\/strong> Organis\u00e9e par le service d\u00e9mocratie Locale (Salle Millan).<\/span><\/li>\n<\/ul>\n<p><strong><span style=\"font-family: georgia, palatino, serif; background-color: #000000; color: #ffffff; font-size: 14pt;\">Lundi 13, mardi 14, et jeudi 16 mars<\/span><\/strong><\/p>\n<ul>\n<li><span style=\"font-family: georgia, palatino, serif;\">Atelier Mars Bleu. (CS L&rsquo;olivier \/ MSPU \/ Maison de quartier Claude Farr\u00e8re \/ CS La Carni\u00e8re).<br \/>\n<\/span><\/li>\n<\/ul>\n<hr \/>\n<p><strong><span style=\"font-family: georgia, palatino, serif; background-color: #000000; color: #ffffff; font-size: 14pt;\">Mercredi 15 Mars <\/span><\/strong><\/p>\n<ul>\n<li><span style=\"font-family: georgia, palatino, serif;\">10 h 15 : <strong>Heure du Conte pour les 3\/5 ans<\/strong>. (M\u00e9diath\u00e8que).<\/span><\/li>\n<li><span style=\"font-family: georgia, palatino, serif;\">10 h 45 : <strong>Heure du Conte pour les 5\/8 ans<\/strong>. (M\u00e9diath\u00e8que).<\/span><\/li>\n<li><span style=\"font-family: georgia, palatino, serif;\">10 h : <strong>Ateliers num\u00e9rique. <\/strong><\/span><span style=\"font-family: georgia, palatino, serif;\"><strong>Cr\u00e9atif Num\u00e9rique.<\/strong> (<\/span><span style=\"font-family: georgia, palatino, serif;\">Cyber Base).<\/span><\/li>\n<li><span style=\"font-family: georgia, palatino, serif;\">15 h : <strong>Dedans moi<\/strong>. <\/span><span style=\"font-family: georgia, palatino, serif;\">Th\u00e9\u00e2tre visuel et sonore jeune public. (<\/span><span style=\"font-family: georgia, palatino, serif;\">Espace Mosa\u00efque).<\/span><\/li>\n<li><span style=\"font-family: georgia, palatino, serif;\">15 h : <strong>La princesse qui a perdu sa couronne. <\/strong><\/span><span style=\"font-family: georgia, palatino, serif;\"><strong>Spectacle impro<\/strong>, chant et danse jeune public. (<\/span><span style=\"font-family: georgia, palatino, serif;\">MJC Jean Cocteau).<\/span><\/li>\n<li><span style=\"font-family: georgia, palatino, serif;\">18 h 30 : <strong>Assembl\u00e9e de quartier Centre Ville \/ Gare <\/strong><\/span><span style=\"font-family: georgia, palatino, serif;\"><strong>\/ Garibaldi.<\/strong> Organis\u00e9e par le service d\u00e9mocratie Locale. (Salons H\u00f4tel De Ville)<\/span><\/li>\n<li><span style=\"font-family: georgia, palatino, serif;\">19 h : <strong>Club lecture<\/strong>. <\/span><span style=\"font-family: georgia, palatino, serif;\">L\u2019ACS Berliet re\u00e7oit l\u2019auteure san-priote Patricia <\/span><span style=\"font-family: georgia, palatino, serif;\">Sarrio, avec s\u00e9ance de d\u00e9dicace. (<\/span><span style=\"font-family: georgia, palatino, serif;\">10 avenue Cit\u00e9 Berliet).<\/span><\/li>\n<li><span style=\"font-family: georgia, palatino, serif;\">19 h : <strong>AG de l&rsquo;OMS.<\/strong> (Salle de convivialit\u00e9 du centre <\/span><span style=\"font-family: georgia, palatino, serif;\">nautique Pierre Mend\u00e8s-France).<\/span><\/li>\n<\/ul>\n<hr \/>\n<p><span style=\"font-size: 14pt; font-family: georgia, palatino, serif; background-color: #000000;\"><em><strong><span style=\"color: #ffffff;\">&gt; L\u2019ACTU de la commune :<\/span> <span style=\"color: #3366ff;\"><a style=\"background-color: #000000; color: #3366ff;\" href=\"http:\/\/www.ville-saint-priest.fr\/accueil.547.0.html\" target=\"_blank\" rel=\"noreferrer noopener\">http:\/\/www.ville-saint-priest.fr<\/a><\/span><\/strong><\/em><\/span><\/p>\n","protected":false},"excerpt":{"rendered":"<p>De nombreuses programmations locales au cours de cette premi\u00e8re quinzaine du mois.<\/p>\n","protected":false},"author":4,"featured_media":95577,"comment_status":"open","ping_status":"open","sticky":false,"template":"","format":"standard","meta":{"footnotes":""},"categories":[1296],"tags":[1991,2120,2039],"class_list":["post-177546","post","type-post","status-publish","format-standard","has-post-thumbnail","hentry","category-sain-priest","tag-agenda","tag-evenements","tag-saint-priest"],"yoast_head":"<!-- This site is optimized with the Yoast SEO plugin v27.2 - https:\/\/yoast.com\/product\/yoast-seo-wordpress\/ -->\n<title>SAINT-PRIEST | Les \u00e9v\u00e8nements \u00e0 mi-mars - News Est Lyonnais<\/title>\n<meta name=\"description\" content=\"SAINT-PRIEST | Les \u00e9v\u00e8nements \u00e0 mi-mars\" \/>\n<meta name=\"robots\" content=\"index, follow, max-snippet:-1, max-image-preview:large, max-video-preview:-1\" \/>\n<link rel=\"canonical\" href=\"https:\/\/newsestlyonnais.fr\/site\/2023\/03\/04\/saint-priest-les-evenements-a-mi-mars\/\" \/>\n<meta property=\"og:locale\" content=\"fr_FR\" \/>\n<meta property=\"og:type\" content=\"article\" \/>\n<meta property=\"og:title\" content=\"SAINT-PRIEST | Les \u00e9v\u00e8nements \u00e0 mi-mars - News Est Lyonnais\" \/>\n<meta property=\"og:description\" content=\"SAINT-PRIEST | Les \u00e9v\u00e8nements \u00e0 mi-mars\" \/>\n<meta property=\"og:url\" content=\"https:\/\/newsestlyonnais.fr\/site\/2023\/03\/04\/saint-priest-les-evenements-a-mi-mars\/\" \/>\n<meta property=\"og:site_name\" content=\"News Est Lyonnais\" \/>\n<meta property=\"article:author\" content=\"https:\/\/www.facebook.com\/pascal.oberson.1?fref=ts\" \/>\n<meta property=\"article:published_time\" content=\"2023-03-04T07:19:37+00:00\" \/>\n<meta property=\"article:modified_time\" content=\"2023-03-17T09:33:38+00:00\" \/>\n<meta property=\"og:image\" content=\"https:\/\/newsestlyonnais.fr\/site\/wp-content\/uploads\/2020\/02\/NEWSESTLYONNAIS-ST-PRIEST01.jpg\" \/>\n\t<meta property=\"og:image:width\" content=\"1200\" \/>\n\t<meta property=\"og:image:height\" content=\"800\" \/>\n\t<meta property=\"og:image:type\" content=\"image\/jpeg\" \/>\n<meta name=\"author\" content=\"R\u00e9dac. NEWS\" \/>\n<meta name=\"twitter:card\" content=\"summary_large_image\" \/>\n<meta name=\"twitter:label1\" content=\"\u00c9crit par\" \/>\n\t<meta name=\"twitter:data1\" content=\"R\u00e9dac. NEWS\" \/>\n\t<meta name=\"twitter:label2\" content=\"Dur\u00e9e de lecture estim\u00e9e\" \/>\n\t<meta name=\"twitter:data2\" content=\"4 minutes\" \/>\n<script type=\"application\/ld+json\" class=\"yoast-schema-graph\">{\"@context\":\"https:\/\/schema.org\",\"@graph\":[{\"@type\":\"Article\",\"@id\":\"https:\/\/newsestlyonnais.fr\/site\/2023\/03\/04\/saint-priest-les-evenements-a-mi-mars\/#article\",\"isPartOf\":{\"@id\":\"https:\/\/newsestlyonnais.fr\/site\/2023\/03\/04\/saint-priest-les-evenements-a-mi-mars\/\"},\"author\":{\"name\":\"R\u00e9dac. NEWS\",\"@id\":\"https:\/\/newsestlyonnais.fr\/site\/#\/schema\/person\/3230d5615f390bb808365d673001e887\"},\"headline\":\"SAINT-PRIEST | Les \u00e9v\u00e8nements \u00e0 mi-mars\",\"datePublished\":\"2023-03-04T07:19:37+00:00\",\"dateModified\":\"2023-03-17T09:33:38+00:00\",\"mainEntityOfPage\":{\"@id\":\"https:\/\/newsestlyonnais.fr\/site\/2023\/03\/04\/saint-priest-les-evenements-a-mi-mars\/\"},\"wordCount\":583,\"commentCount\":0,\"publisher\":{\"@id\":\"https:\/\/newsestlyonnais.fr\/site\/#organization\"},\"image\":{\"@id\":\"https:\/\/newsestlyonnais.fr\/site\/2023\/03\/04\/saint-priest-les-evenements-a-mi-mars\/#primaryimage\"},\"thumbnailUrl\":\"https:\/\/newsestlyonnais.fr\/site\/wp-content\/uploads\/2020\/02\/NEWSESTLYONNAIS-ST-PRIEST01.jpg\",\"keywords\":[\"AGENDA\",\"EVENEMENTS\",\"SAINT PRIEST\"],\"articleSection\":[\"Saint-Priest\"],\"inLanguage\":\"fr-FR\",\"potentialAction\":[{\"@type\":\"CommentAction\",\"name\":\"Comment\",\"target\":[\"https:\/\/newsestlyonnais.fr\/site\/2023\/03\/04\/saint-priest-les-evenements-a-mi-mars\/#respond\"]}]},{\"@type\":\"WebPage\",\"@id\":\"https:\/\/newsestlyonnais.fr\/site\/2023\/03\/04\/saint-priest-les-evenements-a-mi-mars\/\",\"url\":\"https:\/\/newsestlyonnais.fr\/site\/2023\/03\/04\/saint-priest-les-evenements-a-mi-mars\/\",\"name\":\"SAINT-PRIEST | Les \u00e9v\u00e8nements \u00e0 mi-mars - News Est Lyonnais\",\"isPartOf\":{\"@id\":\"https:\/\/newsestlyonnais.fr\/site\/#website\"},\"primaryImageOfPage\":{\"@id\":\"https:\/\/newsestlyonnais.fr\/site\/2023\/03\/04\/saint-priest-les-evenements-a-mi-mars\/#primaryimage\"},\"image\":{\"@id\":\"https:\/\/newsestlyonnais.fr\/site\/2023\/03\/04\/saint-priest-les-evenements-a-mi-mars\/#primaryimage\"},\"thumbnailUrl\":\"https:\/\/newsestlyonnais.fr\/site\/wp-content\/uploads\/2020\/02\/NEWSESTLYONNAIS-ST-PRIEST01.jpg\",\"datePublished\":\"2023-03-04T07:19:37+00:00\",\"dateModified\":\"2023-03-17T09:33:38+00:00\",\"description\":\"SAINT-PRIEST | Les \u00e9v\u00e8nements \u00e0 mi-mars\",\"breadcrumb\":{\"@id\":\"https:\/\/newsestlyonnais.fr\/site\/2023\/03\/04\/saint-priest-les-evenements-a-mi-mars\/#breadcrumb\"},\"inLanguage\":\"fr-FR\",\"potentialAction\":[{\"@type\":\"ReadAction\",\"target\":[\"https:\/\/newsestlyonnais.fr\/site\/2023\/03\/04\/saint-priest-les-evenements-a-mi-mars\/\"]}]},{\"@type\":\"ImageObject\",\"inLanguage\":\"fr-FR\",\"@id\":\"https:\/\/newsestlyonnais.fr\/site\/2023\/03\/04\/saint-priest-les-evenements-a-mi-mars\/#primaryimage\",\"url\":\"https:\/\/newsestlyonnais.fr\/site\/wp-content\/uploads\/2020\/02\/NEWSESTLYONNAIS-ST-PRIEST01.jpg\",\"contentUrl\":\"https:\/\/newsestlyonnais.fr\/site\/wp-content\/uploads\/2020\/02\/NEWSESTLYONNAIS-ST-PRIEST01.jpg\",\"width\":1200,\"height\":800},{\"@type\":\"BreadcrumbList\",\"@id\":\"https:\/\/newsestlyonnais.fr\/site\/2023\/03\/04\/saint-priest-les-evenements-a-mi-mars\/#breadcrumb\",\"itemListElement\":[{\"@type\":\"ListItem\",\"position\":1,\"name\":\"Accueil\",\"item\":\"https:\/\/newsestlyonnais.fr\/site\/\"},{\"@type\":\"ListItem\",\"position\":2,\"name\":\"SAINT-PRIEST | Les \u00e9v\u00e8nements \u00e0 mi-mars\"}]},{\"@type\":\"WebSite\",\"@id\":\"https:\/\/newsestlyonnais.fr\/site\/#website\",\"url\":\"https:\/\/newsestlyonnais.fr\/site\/\",\"name\":\"News Est Lyonnais\",\"description\":\"L&#039;actualit\u00e9 au plus pr\u00e8s\",\"publisher\":{\"@id\":\"https:\/\/newsestlyonnais.fr\/site\/#organization\"},\"potentialAction\":[{\"@type\":\"SearchAction\",\"target\":{\"@type\":\"EntryPoint\",\"urlTemplate\":\"https:\/\/newsestlyonnais.fr\/site\/?s={search_term_string}\"},\"query-input\":{\"@type\":\"PropertyValueSpecification\",\"valueRequired\":true,\"valueName\":\"search_term_string\"}}],\"inLanguage\":\"fr-FR\"},{\"@type\":\"Organization\",\"@id\":\"https:\/\/newsestlyonnais.fr\/site\/#organization\",\"name\":\"News EST LYONNAIS\",\"url\":\"https:\/\/newsestlyonnais.fr\/site\/\",\"logo\":{\"@type\":\"ImageObject\",\"inLanguage\":\"fr-FR\",\"@id\":\"https:\/\/newsestlyonnais.fr\/site\/#\/schema\/logo\/image\/\",\"url\":\"\",\"contentUrl\":\"\",\"caption\":\"News EST LYONNAIS\"},\"image\":{\"@id\":\"https:\/\/newsestlyonnais.fr\/site\/#\/schema\/logo\/image\/\"}},{\"@type\":\"Person\",\"@id\":\"https:\/\/newsestlyonnais.fr\/site\/#\/schema\/person\/3230d5615f390bb808365d673001e887\",\"name\":\"R\u00e9dac. NEWS\",\"sameAs\":[\"http:\/\/www.newsestlyonnais.fr\",\"https:\/\/www.facebook.com\/pascal.oberson.1?fref=ts\",\"https:\/\/fr.linkedin.com\/in\/pascal-oberson-b17045113\"],\"url\":\"https:\/\/newsestlyonnais.fr\/site\/author\/nel\/\"}]}<\/script>\n<!-- \/ Yoast SEO plugin. -->","yoast_head_json":{"title":"SAINT-PRIEST | Les \u00e9v\u00e8nements \u00e0 mi-mars - News Est Lyonnais","description":"SAINT-PRIEST | Les \u00e9v\u00e8nements \u00e0 mi-mars","robots":{"index":"index","follow":"follow","max-snippet":"max-snippet:-1","max-image-preview":"max-image-preview:large","max-video-preview":"max-video-preview:-1"},"canonical":"https:\/\/newsestlyonnais.fr\/site\/2023\/03\/04\/saint-priest-les-evenements-a-mi-mars\/","og_locale":"fr_FR","og_type":"article","og_title":"SAINT-PRIEST | Les \u00e9v\u00e8nements \u00e0 mi-mars - News Est Lyonnais","og_description":"SAINT-PRIEST | Les \u00e9v\u00e8nements \u00e0 mi-mars","og_url":"https:\/\/newsestlyonnais.fr\/site\/2023\/03\/04\/saint-priest-les-evenements-a-mi-mars\/","og_site_name":"News Est Lyonnais","article_author":"https:\/\/www.facebook.com\/pascal.oberson.1?fref=ts","article_published_time":"2023-03-04T07:19:37+00:00","article_modified_time":"2023-03-17T09:33:38+00:00","og_image":[{"width":1200,"height":800,"url":"https:\/\/newsestlyonnais.fr\/site\/wp-content\/uploads\/2020\/02\/NEWSESTLYONNAIS-ST-PRIEST01.jpg","type":"image\/jpeg"}],"author":"R\u00e9dac. NEWS","twitter_card":"summary_large_image","twitter_misc":{"\u00c9crit par":"R\u00e9dac. NEWS","Dur\u00e9e de lecture estim\u00e9e":"4 minutes"},"schema":{"@context":"https:\/\/schema.org","@graph":[{"@type":"Article","@id":"https:\/\/newsestlyonnais.fr\/site\/2023\/03\/04\/saint-priest-les-evenements-a-mi-mars\/#article","isPartOf":{"@id":"https:\/\/newsestlyonnais.fr\/site\/2023\/03\/04\/saint-priest-les-evenements-a-mi-mars\/"},"author":{"name":"R\u00e9dac. NEWS","@id":"https:\/\/newsestlyonnais.fr\/site\/#\/schema\/person\/3230d5615f390bb808365d673001e887"},"headline":"SAINT-PRIEST | Les \u00e9v\u00e8nements \u00e0 mi-mars","datePublished":"2023-03-04T07:19:37+00:00","dateModified":"2023-03-17T09:33:38+00:00","mainEntityOfPage":{"@id":"https:\/\/newsestlyonnais.fr\/site\/2023\/03\/04\/saint-priest-les-evenements-a-mi-mars\/"},"wordCount":583,"commentCount":0,"publisher":{"@id":"https:\/\/newsestlyonnais.fr\/site\/#organization"},"image":{"@id":"https:\/\/newsestlyonnais.fr\/site\/2023\/03\/04\/saint-priest-les-evenements-a-mi-mars\/#primaryimage"},"thumbnailUrl":"https:\/\/newsestlyonnais.fr\/site\/wp-content\/uploads\/2020\/02\/NEWSESTLYONNAIS-ST-PRIEST01.jpg","keywords":["AGENDA","EVENEMENTS","SAINT PRIEST"],"articleSection":["Saint-Priest"],"inLanguage":"fr-FR","potentialAction":[{"@type":"CommentAction","name":"Comment","target":["https:\/\/newsestlyonnais.fr\/site\/2023\/03\/04\/saint-priest-les-evenements-a-mi-mars\/#respond"]}]},{"@type":"WebPage","@id":"https:\/\/newsestlyonnais.fr\/site\/2023\/03\/04\/saint-priest-les-evenements-a-mi-mars\/","url":"https:\/\/newsestlyonnais.fr\/site\/2023\/03\/04\/saint-priest-les-evenements-a-mi-mars\/","name":"SAINT-PRIEST | Les \u00e9v\u00e8nements \u00e0 mi-mars - News Est Lyonnais","isPartOf":{"@id":"https:\/\/newsestlyonnais.fr\/site\/#website"},"primaryImageOfPage":{"@id":"https:\/\/newsestlyonnais.fr\/site\/2023\/03\/04\/saint-priest-les-evenements-a-mi-mars\/#primaryimage"},"image":{"@id":"https:\/\/newsestlyonnais.fr\/site\/2023\/03\/04\/saint-priest-les-evenements-a-mi-mars\/#primaryimage"},"thumbnailUrl":"https:\/\/newsestlyonnais.fr\/site\/wp-content\/uploads\/2020\/02\/NEWSESTLYONNAIS-ST-PRIEST01.jpg","datePublished":"2023-03-04T07:19:37+00:00","dateModified":"2023-03-17T09:33:38+00:00","description":"SAINT-PRIEST | Les \u00e9v\u00e8nements \u00e0 mi-mars","breadcrumb":{"@id":"https:\/\/newsestlyonnais.fr\/site\/2023\/03\/04\/saint-priest-les-evenements-a-mi-mars\/#breadcrumb"},"inLanguage":"fr-FR","potentialAction":[{"@type":"ReadAction","target":["https:\/\/newsestlyonnais.fr\/site\/2023\/03\/04\/saint-priest-les-evenements-a-mi-mars\/"]}]},{"@type":"ImageObject","inLanguage":"fr-FR","@id":"https:\/\/newsestlyonnais.fr\/site\/2023\/03\/04\/saint-priest-les-evenements-a-mi-mars\/#primaryimage","url":"https:\/\/newsestlyonnais.fr\/site\/wp-content\/uploads\/2020\/02\/NEWSESTLYONNAIS-ST-PRIEST01.jpg","contentUrl":"https:\/\/newsestlyonnais.fr\/site\/wp-content\/uploads\/2020\/02\/NEWSESTLYONNAIS-ST-PRIEST01.jpg","width":1200,"height":800},{"@type":"BreadcrumbList","@id":"https:\/\/newsestlyonnais.fr\/site\/2023\/03\/04\/saint-priest-les-evenements-a-mi-mars\/#breadcrumb","itemListElement":[{"@type":"ListItem","position":1,"name":"Accueil","item":"https:\/\/newsestlyonnais.fr\/site\/"},{"@type":"ListItem","position":2,"name":"SAINT-PRIEST | Les \u00e9v\u00e8nements \u00e0 mi-mars"}]},{"@type":"WebSite","@id":"https:\/\/newsestlyonnais.fr\/site\/#website","url":"https:\/\/newsestlyonnais.fr\/site\/","name":"News Est Lyonnais","description":"L&#039;actualit\u00e9 au plus pr\u00e8s","publisher":{"@id":"https:\/\/newsestlyonnais.fr\/site\/#organization"},"potentialAction":[{"@type":"SearchAction","target":{"@type":"EntryPoint","urlTemplate":"https:\/\/newsestlyonnais.fr\/site\/?s={search_term_string}"},"query-input":{"@type":"PropertyValueSpecification","valueRequired":true,"valueName":"search_term_string"}}],"inLanguage":"fr-FR"},{"@type":"Organization","@id":"https:\/\/newsestlyonnais.fr\/site\/#organization","name":"News EST LYONNAIS","url":"https:\/\/newsestlyonnais.fr\/site\/","logo":{"@type":"ImageObject","inLanguage":"fr-FR","@id":"https:\/\/newsestlyonnais.fr\/site\/#\/schema\/logo\/image\/","url":"","contentUrl":"","caption":"News EST LYONNAIS"},"image":{"@id":"https:\/\/newsestlyonnais.fr\/site\/#\/schema\/logo\/image\/"}},{"@type":"Person","@id":"https:\/\/newsestlyonnais.fr\/site\/#\/schema\/person\/3230d5615f390bb808365d673001e887","name":"R\u00e9dac. NEWS","sameAs":["http:\/\/www.newsestlyonnais.fr","https:\/\/www.facebook.com\/pascal.oberson.1?fref=ts","https:\/\/fr.linkedin.com\/in\/pascal-oberson-b17045113"],"url":"https:\/\/newsestlyonnais.fr\/site\/author\/nel\/"}]}},"_links":{"self":[{"href":"https:\/\/newsestlyonnais.fr\/site\/wp-json\/wp\/v2\/posts\/177546","targetHints":{"allow":["GET"]}}],"collection":[{"href":"https:\/\/newsestlyonnais.fr\/site\/wp-json\/wp\/v2\/posts"}],"about":[{"href":"https:\/\/newsestlyonnais.fr\/site\/wp-json\/wp\/v2\/types\/post"}],"author":[{"embeddable":true,"href":"https:\/\/newsestlyonnais.fr\/site\/wp-json\/wp\/v2\/users\/4"}],"replies":[{"embeddable":true,"href":"https:\/\/newsestlyonnais.fr\/site\/wp-json\/wp\/v2\/comments?post=177546"}],"version-history":[{"count":0,"href":"https:\/\/newsestlyonnais.fr\/site\/wp-json\/wp\/v2\/posts\/177546\/revisions"}],"wp:featuredmedia":[{"embeddable":true,"href":"https:\/\/newsestlyonnais.fr\/site\/wp-json\/wp\/v2\/media\/95577"}],"wp:attachment":[{"href":"https:\/\/newsestlyonnais.fr\/site\/wp-json\/wp\/v2\/media?parent=177546"}],"wp:term":[{"taxonomy":"category","embeddable":true,"href":"https:\/\/newsestlyonnais.fr\/site\/wp-json\/wp\/v2\/categories?post=177546"},{"taxonomy":"post_tag","embeddable":true,"href":"https:\/\/newsestlyonnais.fr\/site\/wp-json\/wp\/v2\/tags?post=177546"}],"curies":[{"name":"wp","href":"https:\/\/api.w.org\/{rel}","templated":true}]}}