{"id":177661,"date":"2023-03-06T06:14:14","date_gmt":"2023-03-06T05:14:14","guid":{"rendered":"https:\/\/newsestlyonnais.fr\/site\/?p=177661"},"modified":"2023-03-06T12:13:06","modified_gmt":"2023-03-06T11:13:06","slug":"linda-bredel-objectif-de-mamuser-me-faire-plaisir-en-ameliorant-les-chronos-le-plus-longtemps-possible","status":"publish","type":"post","link":"https:\/\/newsestlyonnais.fr\/site\/2023\/03\/06\/linda-bredel-objectif-de-mamuser-me-faire-plaisir-en-ameliorant-les-chronos-le-plus-longtemps-possible\/","title":{"rendered":"Linda Bredel : \u00ab\u00a0Objectif de m\u2019amuser, me faire plaisir en am\u00e9liorant les chronos le plus longtemps possible\u00a0\u00bb"},"content":{"rendered":"<p><strong><span style=\"font-family: georgia, palatino, serif; font-size: 14pt; background-color: #000000; color: #ffffff;\">Petite pr\u00e9sentation<\/span><\/strong><\/p>\n<p class=\"entry-title post-title\">\u00ab <span style=\"font-family: georgia, palatino, serif;\">J\u2019ai 45 ans, maman de trois enfants, je suis enseignante \u00e0 l\u2019\u00e9cole maternelle et je coache aussi une cat\u00e9gorie de jeunes au club. J\u2019habite sur la commune de Satolas et Bonce <\/span>\u00bb<span style=\"font-family: georgia, palatino, serif;\">.<\/span><\/p>\n<p><span style=\"background-color: #000000; color: #ffffff;\"><strong><span style=\"font-family: georgia, palatino, serif; font-size: 14pt; background-color: #000000;\">Votre club sportif actuel et depuis quand ?<\/span><\/strong><\/span><\/p>\n<p><span style=\"font-family: georgia, palatino, serif;\">\u00ab <strong>Je suis licenci\u00e9e au club de l\u2019<a href=\"https:\/\/www.avironmajolan.org\/page\/398648-accueil\"><span style=\"color: #0000ff;\">Aviron Majolan<\/span><\/a> depuis 2007 <\/strong><\/span>\u00bb<span style=\"font-family: georgia, palatino, serif;\">.<\/span><\/p>\n<hr \/>\n<p><span style=\"background-color: #000000; color: #ffffff;\"><strong><span style=\"font-family: georgia, palatino, serif; font-size: 14pt; background-color: #000000;\">Votre pass\u00e9 sportif et \u00e9ventuel palmar\u00e8s ?<\/span><\/strong><\/span><\/p>\n<p><span style=\"font-family: georgia, palatino, serif;\">\u00ab <strong>J\u2019ai d\u00e9couvert l\u2019aviron \u00e0 l\u2019\u00e2ge de 18 ans<\/strong>. Ma pratique en comp\u00e9tition a dur\u00e9 6 ans avant de faire une longue pause pour devenir maman. J\u2019ai commenc\u00e9 un peu tard pour faire du haut niveau.<\/span><\/p>\n<p><span style=\"font-family: georgia, palatino, serif;\"><strong>C\u2019est seulement, il y a 5 ans (\u00e0 40 ans) que j\u2019ai d\u00e9cid\u00e9 de me remettre \u00e0 la comp\u00e9tition<\/strong> pour le plaisir mais jamais je n\u2019aurai imagin\u00e9 que j\u2019arriverai \u00e0 atteindre ce niveau. <strong>Les r\u00e9sultats sont arriv\u00e9s assez rapidement dans ma cat\u00e9gorie d\u2019\u00e2ge et de poids<\/strong>. Je suis <strong>championne de France indoor sur 500 m<\/strong> <strong>depuis 2019 et sur 2.000 m depuis 2020<\/strong>. Cela fait <strong>4 ans que je participe aux championnats du monde indoor sous diff\u00e9rents formats<\/strong> : virtuel et pr\u00e9sentiel. Lors de ces \u00e9v\u00e9nements j\u2019ai eu la chance de <strong>toujours finir sur le podium sur 500 m et 2.000 m.<\/strong><\/span><\/p>\n<p><span style=\"font-family: georgia, palatino, serif;\">En janvier ont eu lieu les championnats de France et d\u2019Europe \u00e0 Paris au stade Pierre de Coubertin,<strong> j\u2019ai remport\u00e9 les \u00e9preuves du 500 m et du 2.000 m dans ma cat\u00e9gorie<\/strong> poids l\u00e9gers (poids inf\u00e9rieur ou \u00e9gal \u00e0 61,5 kg) et d\u2019\u00e2ge 40-44 ans.<\/span><\/p>\n<p><span style=\"font-family: georgia, palatino, serif;\"><strong>Cette performance m\u2019a permis de me qualifier pour les championnats du Monde<\/strong> qui avaient lieu au Canada le week-end dernier. J\u2019y ai particip\u00e9 en mode connect\u00e9. <strong>Je suis devenue championne du monde sur 2.000 m et 500 m en 45-49 ans (femme poids l\u00e9gers).<\/strong><\/span><\/p>\n<p><span style=\"font-family: georgia, palatino, serif;\"><strong>L\u2019aviron c\u2019est aussi sur l\u2019eau\u00a0!<\/strong> <strong>J\u2019ai remport\u00e9 les championnats de France master en 2019 en individuel et aussi en 2022<\/strong> (les comp\u00e9titions n\u2019ont pas eu lieu entre temps \u00e0 cause du covid) <strong>en individuel (skiff) et en huit avec mes co\u00e9quipi\u00e8res.<\/strong><\/span><\/p>\n<p><span style=\"font-family: georgia, palatino, serif;\">En 2022 j\u2019ai \u00e9t\u00e9 <strong>championne de France en 4 sans barreur<\/strong> dans la cat\u00e9gorie s\u00e9niore (plus de 18 ans) lors du championnat de france longue distance (8000m) avec ma fille de 16 ans ! \u00bb<br \/>\n<\/span><\/p>\n<hr \/>\n<p><strong><span style=\"background-color: #000000; color: #ffffff; font-family: georgia, palatino, serif; font-size: 14pt;\"><img loading=\"lazy\" decoding=\"async\" class=\"alignleft wp-image-177708 size-medium\" src=\"https:\/\/newsestlyonnais.fr\/site\/wp-content\/uploads\/2023\/03\/FB_IMG_1675253669173-400x600.jpg\" alt=\"\" width=\"200\" height=\"300\" srcset=\"https:\/\/newsestlyonnais.fr\/site\/wp-content\/uploads\/2023\/03\/FB_IMG_1675253669173-400x600.jpg 400w, https:\/\/newsestlyonnais.fr\/site\/wp-content\/uploads\/2023\/03\/FB_IMG_1675253669173-650x975.jpg 650w, https:\/\/newsestlyonnais.fr\/site\/wp-content\/uploads\/2023\/03\/FB_IMG_1675253669173-250x375.jpg 250w, https:\/\/newsestlyonnais.fr\/site\/wp-content\/uploads\/2023\/03\/FB_IMG_1675253669173-768x1152.jpg 768w, https:\/\/newsestlyonnais.fr\/site\/wp-content\/uploads\/2023\/03\/FB_IMG_1675253669173-150x225.jpg 150w, https:\/\/newsestlyonnais.fr\/site\/wp-content\/uploads\/2023\/03\/FB_IMG_1675253669173-50x75.jpg 50w, https:\/\/newsestlyonnais.fr\/site\/wp-content\/uploads\/2023\/03\/FB_IMG_1675253669173-100x150.jpg 100w, https:\/\/newsestlyonnais.fr\/site\/wp-content\/uploads\/2023\/03\/FB_IMG_1675253669173-200x300.jpg 200w, https:\/\/newsestlyonnais.fr\/site\/wp-content\/uploads\/2023\/03\/FB_IMG_1675253669173-300x450.jpg 300w, https:\/\/newsestlyonnais.fr\/site\/wp-content\/uploads\/2023\/03\/FB_IMG_1675253669173-350x525.jpg 350w, https:\/\/newsestlyonnais.fr\/site\/wp-content\/uploads\/2023\/03\/FB_IMG_1675253669173-450x675.jpg 450w, https:\/\/newsestlyonnais.fr\/site\/wp-content\/uploads\/2023\/03\/FB_IMG_1675253669173-500x750.jpg 500w, https:\/\/newsestlyonnais.fr\/site\/wp-content\/uploads\/2023\/03\/FB_IMG_1675253669173-550x825.jpg 550w, https:\/\/newsestlyonnais.fr\/site\/wp-content\/uploads\/2023\/03\/FB_IMG_1675253669173.jpg 800w\" sizes=\"auto, (max-width: 200px) 100vw, 200px\" \/>Vos points forts et distances pr\u00e9f\u00e9r\u00e9es ?<\/span><\/strong><\/p>\n<p><span style=\"font-family: georgia, palatino, serif;\">\u00ab Mon point fort, si on regarde mes r\u00e9sultats c\u2019est l\u2019indoor ? Mais je pr\u00e9f\u00e8re le bateau sur l\u2019eau avec la glisse, les paysages et les odeurs de la nature.<\/span><\/p>\n<p><span style=\"font-family: georgia, palatino, serif;\"><strong>La sant\u00e9 et la r\u00e9sistance \u00e0 l\u2019entrainement restent un de mes points fort<\/strong> \u00bb.<\/span><\/p>\n<p><strong><span style=\"background-color: #000000; color: #ffffff; font-family: georgia, palatino, serif; font-size: 14pt;\">Combien d\u2019heures d\u2019entrainement par semaine, o\u00f9 et coach\u00e9e par qui ?<\/span><\/strong><\/p>\n<p><span style=\"font-family: georgia, palatino, serif;\">\u00ab Je m\u2019entra\u00eene sur le Grand Large \u00e0 Meyzieu quand je rame sur l\u2019eau et sur la machine dans le club de l\u2019Aviron Majolan. Cette ann\u00e9e, je n\u2019ai pas de coach\u00a0 et je m\u2019entraine entre 12 et 14 heures par semaine qui se composent de s\u00e9ances diverses: musculation, avion outdoor et aviron indoor.<\/span><\/p>\n<p><span style=\"font-family: georgia, palatino, serif;\"><strong>J\u2019ai la chance d\u2019avoir des personnes bienveillantes autour de moi<\/strong> : Elodie, Maxime, R\u00e9mi, Rafik, Estelle, Christopher, C\u00e9cile, les bruts de fleurs et ma famille !!! merci \u00bb.<br \/>\n<\/span><\/p>\n<hr \/>\n<p><span style=\"font-family: georgia, palatino, serif; font-size: 14pt;\"><strong><span style=\"background-color: #000000; color: #ffffff;\">Un moment fort ? et avez-vous atteint vos objectifs en 2022 ?<\/span><\/strong><\/span><\/p>\n<p><span style=\"font-family: georgia, palatino, serif;\">\u00ab Un moment fort : au championnat d \u2018Europe le 27 janvier, lors de ma course sur 500 m. Normalement c\u2019est une distance que je n\u2019aime pas car c\u2019est un effort violent et ce jour l\u00e0, c\u2019\u00e9tait facile et agr\u00e9able ! <\/span><\/p>\n<p><span style=\"font-family: georgia, palatino, serif;\"><strong>J\u2019ai am\u00e9lior\u00e9 le record de France (que je d\u00e9tenais d\u00e9j\u00e0) de 5 dixi\u00e8mes<\/strong> \u00bb.<\/span><\/p>\n<p><strong><span style=\"background-color: #000000; color: #ffffff; font-family: georgia, palatino, serif; font-size: 14pt;\">Quel est votre programme pour cette ann\u00e9e 2023 ? et vos ambitions ?<\/span><\/strong><\/p>\n<p><span style=\"font-family: georgia, palatino, serif;\">\u00ab <strong>Mon objectif reste toujours le m\u00eame : m\u2019amuser, me faire plaisir en am\u00e9liorant les chronos le plus longtemps possible car le poids des ann\u00e9es fait son \u0153uvre<\/strong>. ..<\/span><\/p>\n<p><span style=\"font-family: georgia, palatino, serif;\"><strong>2023 est d\u00e9j\u00e0 bien avanc\u00e9e au niveau des r\u00e9sultats<\/strong>. En indoor, la saison est termin\u00e9e, il reste le bateau\u2026 j \u2018esp\u00e8re encore participer aux comp\u00e9tions au plus haut niveau national (en individuel et en \u00e9quipe en s\u00e9niore et en master).<\/span><\/p>\n<p><span style=\"font-family: georgia, palatino, serif;\"><strong>J\u2019adore les briefings de l\u2019entraineur et son regard \u00e0 l\u2019arriv\u00e9e<\/strong>\u2026 c\u2019est mon moment pr\u00e9f\u00e9r\u00e9&#8230;y\u2019a pas toujours besoin de mots car lui, sait tous les sacrifices et efforts qui ont \u00e9t\u00e9 faits pour r\u00e9ussir \u00e0 atteindre son objectif \u00bb.<\/span><\/p>\n<hr \/>\n<p><strong><span style=\"background-color: #000000; color: #ffffff; font-family: georgia, palatino, serif; font-size: 14pt;\">Une ou deux petites anecdotes pour conclure ?<\/span><\/strong><\/p>\n<p><span style=\"font-family: georgia, palatino, serif;\">\u00ab Anecdote : je participe aux premiers championnats de France 2023 en pr\u00e9sentiel car depuis 2 ans ils ont eu lieu en distanciel. Et l\u00e0, je discute avec des filles en attendant la course. On se conna\u00eet presque toutes gr\u00e2ce \u00e0 nos r\u00e9sultats et aux r\u00e9seaux sociaux et l\u00e0 on met des visages sur des noms alors qu\u2019on se retrouve aux toilettes pour faire le \u00ab pipi de la peur \u00bb <strong>des moments insolites mais tellement humains<\/strong> ! On est tous les m\u00eames \ud83d\ude42<\/span><\/p>\n<p><span style=\"font-family: georgia, palatino, serif;\">ou bien lors d\u2019un regroupement r\u00e9gional o\u00f9 je concours avec les plus de 18 ans, on discute avant la course et on se dit nos \u00e2ges\u2026 oui je sais je peux \u00eatre leur maman !!! \u00e7a me fait toujours rire\u2026 et <strong>je profite de pouvoir encore m\u2019aligner contre elles. <\/strong><\/span><span style=\"font-family: georgia, palatino, serif;\">Voila voila \u00bb.<br \/>\n<\/span><\/p>\n<hr \/>\n<div id='gallery-1' class='gallery galleryid-177661 gallery-columns-2 gallery-size-large'><figure class='gallery-item'>\n\t\t\t<div class='gallery-icon landscape'>\n\t\t\t\t<a href='https:\/\/newsestlyonnais.fr\/site\/2023\/03\/06\/linda-bredel-objectif-de-mamuser-me-faire-plaisir-en-ameliorant-les-chronos-le-plus-longtemps-possible\/fb_img_1675079251324\/'><img loading=\"lazy\" decoding=\"async\" width=\"640\" height=\"426\" src=\"https:\/\/newsestlyonnais.fr\/site\/wp-content\/uploads\/2023\/03\/FB_IMG_1675079251324-650x433.jpg\" class=\"attachment-large size-large\" alt=\"\" srcset=\"https:\/\/newsestlyonnais.fr\/site\/wp-content\/uploads\/2023\/03\/FB_IMG_1675079251324-650x433.jpg 650w, https:\/\/newsestlyonnais.fr\/site\/wp-content\/uploads\/2023\/03\/FB_IMG_1675079251324-400x267.jpg 400w, https:\/\/newsestlyonnais.fr\/site\/wp-content\/uploads\/2023\/03\/FB_IMG_1675079251324-250x167.jpg 250w, https:\/\/newsestlyonnais.fr\/site\/wp-content\/uploads\/2023\/03\/FB_IMG_1675079251324-768x512.jpg 768w, https:\/\/newsestlyonnais.fr\/site\/wp-content\/uploads\/2023\/03\/FB_IMG_1675079251324-150x100.jpg 150w, https:\/\/newsestlyonnais.fr\/site\/wp-content\/uploads\/2023\/03\/FB_IMG_1675079251324-50x33.jpg 50w, https:\/\/newsestlyonnais.fr\/site\/wp-content\/uploads\/2023\/03\/FB_IMG_1675079251324-100x67.jpg 100w, https:\/\/newsestlyonnais.fr\/site\/wp-content\/uploads\/2023\/03\/FB_IMG_1675079251324-200x133.jpg 200w, https:\/\/newsestlyonnais.fr\/site\/wp-content\/uploads\/2023\/03\/FB_IMG_1675079251324-300x200.jpg 300w, https:\/\/newsestlyonnais.fr\/site\/wp-content\/uploads\/2023\/03\/FB_IMG_1675079251324-350x233.jpg 350w, https:\/\/newsestlyonnais.fr\/site\/wp-content\/uploads\/2023\/03\/FB_IMG_1675079251324-450x300.jpg 450w, https:\/\/newsestlyonnais.fr\/site\/wp-content\/uploads\/2023\/03\/FB_IMG_1675079251324-500x333.jpg 500w, https:\/\/newsestlyonnais.fr\/site\/wp-content\/uploads\/2023\/03\/FB_IMG_1675079251324-550x367.jpg 550w, https:\/\/newsestlyonnais.fr\/site\/wp-content\/uploads\/2023\/03\/FB_IMG_1675079251324-800x533.jpg 800w, https:\/\/newsestlyonnais.fr\/site\/wp-content\/uploads\/2023\/03\/FB_IMG_1675079251324.jpg 1080w\" sizes=\"auto, (max-width: 640px) 100vw, 640px\" \/><\/a>\n\t\t\t<\/div><\/figure><figure class='gallery-item'>\n\t\t\t<div class='gallery-icon landscape'>\n\t\t\t\t<a href='https:\/\/newsestlyonnais.fr\/site\/2023\/03\/06\/linda-bredel-objectif-de-mamuser-me-faire-plaisir-en-ameliorant-les-chronos-le-plus-longtemps-possible\/fb_img_1677963737216-1\/'><img loading=\"lazy\" decoding=\"async\" width=\"640\" height=\"569\" src=\"https:\/\/newsestlyonnais.fr\/site\/wp-content\/uploads\/2023\/03\/FB_IMG_1677963737216-1-650x578.jpg\" class=\"attachment-large size-large\" alt=\"\" srcset=\"https:\/\/newsestlyonnais.fr\/site\/wp-content\/uploads\/2023\/03\/FB_IMG_1677963737216-1-650x578.jpg 650w, https:\/\/newsestlyonnais.fr\/site\/wp-content\/uploads\/2023\/03\/FB_IMG_1677963737216-1-400x356.jpg 400w, https:\/\/newsestlyonnais.fr\/site\/wp-content\/uploads\/2023\/03\/FB_IMG_1677963737216-1-250x222.jpg 250w, https:\/\/newsestlyonnais.fr\/site\/wp-content\/uploads\/2023\/03\/FB_IMG_1677963737216-1-768x683.jpg 768w, https:\/\/newsestlyonnais.fr\/site\/wp-content\/uploads\/2023\/03\/FB_IMG_1677963737216-1-150x133.jpg 150w, https:\/\/newsestlyonnais.fr\/site\/wp-content\/uploads\/2023\/03\/FB_IMG_1677963737216-1-50x44.jpg 50w, https:\/\/newsestlyonnais.fr\/site\/wp-content\/uploads\/2023\/03\/FB_IMG_1677963737216-1-100x89.jpg 100w, https:\/\/newsestlyonnais.fr\/site\/wp-content\/uploads\/2023\/03\/FB_IMG_1677963737216-1-200x178.jpg 200w, https:\/\/newsestlyonnais.fr\/site\/wp-content\/uploads\/2023\/03\/FB_IMG_1677963737216-1-300x267.jpg 300w, https:\/\/newsestlyonnais.fr\/site\/wp-content\/uploads\/2023\/03\/FB_IMG_1677963737216-1-350x311.jpg 350w, https:\/\/newsestlyonnais.fr\/site\/wp-content\/uploads\/2023\/03\/FB_IMG_1677963737216-1-450x400.jpg 450w, https:\/\/newsestlyonnais.fr\/site\/wp-content\/uploads\/2023\/03\/FB_IMG_1677963737216-1-500x445.jpg 500w, https:\/\/newsestlyonnais.fr\/site\/wp-content\/uploads\/2023\/03\/FB_IMG_1677963737216-1-550x489.jpg 550w, https:\/\/newsestlyonnais.fr\/site\/wp-content\/uploads\/2023\/03\/FB_IMG_1677963737216-1-800x712.jpg 800w, https:\/\/newsestlyonnais.fr\/site\/wp-content\/uploads\/2023\/03\/FB_IMG_1677963737216-1.jpg 1080w\" sizes=\"auto, (max-width: 640px) 100vw, 640px\" \/><\/a>\n\t\t\t<\/div><\/figure><figure class='gallery-item'>\n\t\t\t<div class='gallery-icon landscape'>\n\t\t\t\t<a href='https:\/\/newsestlyonnais.fr\/site\/2023\/03\/06\/linda-bredel-objectif-de-mamuser-me-faire-plaisir-en-ameliorant-les-chronos-le-plus-longtemps-possible\/20230304_215625\/'><img loading=\"lazy\" decoding=\"async\" width=\"640\" height=\"640\" src=\"https:\/\/newsestlyonnais.fr\/site\/wp-content\/uploads\/2023\/03\/20230304_215625-650x650.jpg\" class=\"attachment-large size-large\" alt=\"\" srcset=\"https:\/\/newsestlyonnais.fr\/site\/wp-content\/uploads\/2023\/03\/20230304_215625-650x650.jpg 650w, https:\/\/newsestlyonnais.fr\/site\/wp-content\/uploads\/2023\/03\/20230304_215625-400x400.jpg 400w, https:\/\/newsestlyonnais.fr\/site\/wp-content\/uploads\/2023\/03\/20230304_215625-250x250.jpg 250w, https:\/\/newsestlyonnais.fr\/site\/wp-content\/uploads\/2023\/03\/20230304_215625-768x768.jpg 768w, https:\/\/newsestlyonnais.fr\/site\/wp-content\/uploads\/2023\/03\/20230304_215625-150x150.jpg 150w, https:\/\/newsestlyonnais.fr\/site\/wp-content\/uploads\/2023\/03\/20230304_215625-50x50.jpg 50w, https:\/\/newsestlyonnais.fr\/site\/wp-content\/uploads\/2023\/03\/20230304_215625-100x100.jpg 100w, https:\/\/newsestlyonnais.fr\/site\/wp-content\/uploads\/2023\/03\/20230304_215625-200x200.jpg 200w, https:\/\/newsestlyonnais.fr\/site\/wp-content\/uploads\/2023\/03\/20230304_215625-300x300.jpg 300w, https:\/\/newsestlyonnais.fr\/site\/wp-content\/uploads\/2023\/03\/20230304_215625-350x350.jpg 350w, https:\/\/newsestlyonnais.fr\/site\/wp-content\/uploads\/2023\/03\/20230304_215625-450x450.jpg 450w, https:\/\/newsestlyonnais.fr\/site\/wp-content\/uploads\/2023\/03\/20230304_215625-500x500.jpg 500w, https:\/\/newsestlyonnais.fr\/site\/wp-content\/uploads\/2023\/03\/20230304_215625-550x550.jpg 550w, https:\/\/newsestlyonnais.fr\/site\/wp-content\/uploads\/2023\/03\/20230304_215625-800x800.jpg 800w, https:\/\/newsestlyonnais.fr\/site\/wp-content\/uploads\/2023\/03\/20230304_215625.jpg 803w\" sizes=\"auto, (max-width: 640px) 100vw, 640px\" \/><\/a>\n\t\t\t<\/div><\/figure>\n\t\t<\/div>\n\n","protected":false},"excerpt":{"rendered":"<p>La rameuse, membre de l&rsquo;Aviron Majolan depuis 2007, qui s&rsquo;est remise \u00e0 la comp\u00e9tition \u00e0 40 ans, enchaine les titres nationaux, europ\u00e9ens et mondiaux.  <\/p>\n","protected":false},"author":4,"featured_media":177707,"comment_status":"open","ping_status":"open","sticky":false,"template":"","format":"standard","meta":{"footnotes":""},"categories":[1347,2973,3421,4286,137,164,24],"tags":[2513,2138,4285,2139,4647],"class_list":["post-177661","post","type-post","status-publish","format-standard","has-post-thumbnail","hentry","category-aviron","category-aviron-kayak-voile-sports","category-feminin-actu-au","category-interview-a-la-une","category-interviews","category-isere","category-meyzieu","tag-aviron","tag-aviron-majolan","tag-championnat-du-monde","tag-ergometre","tag-linda-bredel"],"yoast_head":"<!-- This site is optimized with the Yoast SEO plugin v27.2 - https:\/\/yoast.com\/product\/yoast-seo-wordpress\/ -->\n<title>Linda Bredel : &quot;Objectif de m\u2019amuser, me faire plaisir en am\u00e9liorant les chronos le plus longtemps possible&quot; - News Est Lyonnais<\/title>\n<meta name=\"description\" content=\"Linda Bredel : &quot;Objectif de m\u2019amuser, me faire plaisir en am\u00e9liorant les chronos le plus longtemps possible&quot;\" \/>\n<meta name=\"robots\" content=\"index, follow, max-snippet:-1, max-image-preview:large, max-video-preview:-1\" \/>\n<link rel=\"canonical\" href=\"https:\/\/newsestlyonnais.fr\/site\/2023\/03\/06\/linda-bredel-objectif-de-mamuser-me-faire-plaisir-en-ameliorant-les-chronos-le-plus-longtemps-possible\/\" \/>\n<meta property=\"og:locale\" content=\"fr_FR\" \/>\n<meta property=\"og:type\" content=\"article\" \/>\n<meta property=\"og:title\" content=\"Linda Bredel : &quot;Objectif de m\u2019amuser, me faire plaisir en am\u00e9liorant les chronos le plus longtemps possible&quot; - News Est Lyonnais\" \/>\n<meta property=\"og:description\" content=\"Linda Bredel : &quot;Objectif de m\u2019amuser, me faire plaisir en am\u00e9liorant les chronos le plus longtemps possible&quot;\" \/>\n<meta property=\"og:url\" content=\"https:\/\/newsestlyonnais.fr\/site\/2023\/03\/06\/linda-bredel-objectif-de-mamuser-me-faire-plaisir-en-ameliorant-les-chronos-le-plus-longtemps-possible\/\" \/>\n<meta property=\"og:site_name\" content=\"News Est Lyonnais\" \/>\n<meta property=\"article:author\" content=\"https:\/\/www.facebook.com\/pascal.oberson.1?fref=ts\" \/>\n<meta property=\"article:published_time\" content=\"2023-03-06T05:14:14+00:00\" \/>\n<meta property=\"article:modified_time\" content=\"2023-03-06T11:13:06+00:00\" \/>\n<meta property=\"og:image\" content=\"https:\/\/newsestlyonnais.fr\/site\/wp-content\/uploads\/2023\/03\/20230304_214818.jpg\" \/>\n\t<meta property=\"og:image:width\" content=\"1198\" \/>\n\t<meta property=\"og:image:height\" content=\"1198\" \/>\n\t<meta property=\"og:image:type\" content=\"image\/jpeg\" \/>\n<meta name=\"author\" content=\"R\u00e9dac. NEWS\" \/>\n<meta name=\"twitter:card\" content=\"summary_large_image\" \/>\n<meta name=\"twitter:label1\" content=\"\u00c9crit par\" \/>\n\t<meta name=\"twitter:data1\" content=\"R\u00e9dac. NEWS\" \/>\n\t<meta name=\"twitter:label2\" content=\"Dur\u00e9e de lecture estim\u00e9e\" \/>\n\t<meta name=\"twitter:data2\" content=\"5 minutes\" \/>\n<script type=\"application\/ld+json\" class=\"yoast-schema-graph\">{\"@context\":\"https:\/\/schema.org\",\"@graph\":[{\"@type\":\"Article\",\"@id\":\"https:\/\/newsestlyonnais.fr\/site\/2023\/03\/06\/linda-bredel-objectif-de-mamuser-me-faire-plaisir-en-ameliorant-les-chronos-le-plus-longtemps-possible\/#article\",\"isPartOf\":{\"@id\":\"https:\/\/newsestlyonnais.fr\/site\/2023\/03\/06\/linda-bredel-objectif-de-mamuser-me-faire-plaisir-en-ameliorant-les-chronos-le-plus-longtemps-possible\/\"},\"author\":{\"name\":\"R\u00e9dac. NEWS\",\"@id\":\"https:\/\/newsestlyonnais.fr\/site\/#\/schema\/person\/3230d5615f390bb808365d673001e887\"},\"headline\":\"Linda Bredel : \u00ab\u00a0Objectif de m\u2019amuser, me faire plaisir en am\u00e9liorant les chronos le plus longtemps possible\u00a0\u00bb\",\"datePublished\":\"2023-03-06T05:14:14+00:00\",\"dateModified\":\"2023-03-06T11:13:06+00:00\",\"mainEntityOfPage\":{\"@id\":\"https:\/\/newsestlyonnais.fr\/site\/2023\/03\/06\/linda-bredel-objectif-de-mamuser-me-faire-plaisir-en-ameliorant-les-chronos-le-plus-longtemps-possible\/\"},\"wordCount\":893,\"commentCount\":0,\"publisher\":{\"@id\":\"https:\/\/newsestlyonnais.fr\/site\/#organization\"},\"image\":{\"@id\":\"https:\/\/newsestlyonnais.fr\/site\/2023\/03\/06\/linda-bredel-objectif-de-mamuser-me-faire-plaisir-en-ameliorant-les-chronos-le-plus-longtemps-possible\/#primaryimage\"},\"thumbnailUrl\":\"https:\/\/newsestlyonnais.fr\/site\/wp-content\/uploads\/2023\/03\/20230304_214818.jpg\",\"keywords\":[\"AVIRON\",\"AVIRON MAJOLAN\",\"CHAMPIONNAT DU MONDE\",\"ERGOMETRE\",\"Linda Bredel\"],\"articleSection\":[\"Aviron\",\"Aviron | Kayak | Voile\",\"F\u00e9minin (Actu au)\",\"Interview \u00e0 la une\",\"Interviews\",\"Is\u00e8re (38)\",\"Meyzieu\"],\"inLanguage\":\"fr-FR\",\"potentialAction\":[{\"@type\":\"CommentAction\",\"name\":\"Comment\",\"target\":[\"https:\/\/newsestlyonnais.fr\/site\/2023\/03\/06\/linda-bredel-objectif-de-mamuser-me-faire-plaisir-en-ameliorant-les-chronos-le-plus-longtemps-possible\/#respond\"]}]},{\"@type\":\"WebPage\",\"@id\":\"https:\/\/newsestlyonnais.fr\/site\/2023\/03\/06\/linda-bredel-objectif-de-mamuser-me-faire-plaisir-en-ameliorant-les-chronos-le-plus-longtemps-possible\/\",\"url\":\"https:\/\/newsestlyonnais.fr\/site\/2023\/03\/06\/linda-bredel-objectif-de-mamuser-me-faire-plaisir-en-ameliorant-les-chronos-le-plus-longtemps-possible\/\",\"name\":\"Linda Bredel : \\\"Objectif de m\u2019amuser, me faire plaisir en am\u00e9liorant les chronos le plus longtemps possible\\\" - News Est Lyonnais\",\"isPartOf\":{\"@id\":\"https:\/\/newsestlyonnais.fr\/site\/#website\"},\"primaryImageOfPage\":{\"@id\":\"https:\/\/newsestlyonnais.fr\/site\/2023\/03\/06\/linda-bredel-objectif-de-mamuser-me-faire-plaisir-en-ameliorant-les-chronos-le-plus-longtemps-possible\/#primaryimage\"},\"image\":{\"@id\":\"https:\/\/newsestlyonnais.fr\/site\/2023\/03\/06\/linda-bredel-objectif-de-mamuser-me-faire-plaisir-en-ameliorant-les-chronos-le-plus-longtemps-possible\/#primaryimage\"},\"thumbnailUrl\":\"https:\/\/newsestlyonnais.fr\/site\/wp-content\/uploads\/2023\/03\/20230304_214818.jpg\",\"datePublished\":\"2023-03-06T05:14:14+00:00\",\"dateModified\":\"2023-03-06T11:13:06+00:00\",\"description\":\"Linda Bredel : \\\"Objectif de m\u2019amuser, me faire plaisir en am\u00e9liorant les chronos le plus longtemps possible\\\"\",\"breadcrumb\":{\"@id\":\"https:\/\/newsestlyonnais.fr\/site\/2023\/03\/06\/linda-bredel-objectif-de-mamuser-me-faire-plaisir-en-ameliorant-les-chronos-le-plus-longtemps-possible\/#breadcrumb\"},\"inLanguage\":\"fr-FR\",\"potentialAction\":[{\"@type\":\"ReadAction\",\"target\":[\"https:\/\/newsestlyonnais.fr\/site\/2023\/03\/06\/linda-bredel-objectif-de-mamuser-me-faire-plaisir-en-ameliorant-les-chronos-le-plus-longtemps-possible\/\"]}]},{\"@type\":\"ImageObject\",\"inLanguage\":\"fr-FR\",\"@id\":\"https:\/\/newsestlyonnais.fr\/site\/2023\/03\/06\/linda-bredel-objectif-de-mamuser-me-faire-plaisir-en-ameliorant-les-chronos-le-plus-longtemps-possible\/#primaryimage\",\"url\":\"https:\/\/newsestlyonnais.fr\/site\/wp-content\/uploads\/2023\/03\/20230304_214818.jpg\",\"contentUrl\":\"https:\/\/newsestlyonnais.fr\/site\/wp-content\/uploads\/2023\/03\/20230304_214818.jpg\",\"width\":1198,\"height\":1198},{\"@type\":\"BreadcrumbList\",\"@id\":\"https:\/\/newsestlyonnais.fr\/site\/2023\/03\/06\/linda-bredel-objectif-de-mamuser-me-faire-plaisir-en-ameliorant-les-chronos-le-plus-longtemps-possible\/#breadcrumb\",\"itemListElement\":[{\"@type\":\"ListItem\",\"position\":1,\"name\":\"Accueil\",\"item\":\"https:\/\/newsestlyonnais.fr\/site\/\"},{\"@type\":\"ListItem\",\"position\":2,\"name\":\"Linda Bredel : \u00ab\u00a0Objectif de m\u2019amuser, me faire plaisir en am\u00e9liorant les chronos le plus longtemps possible\u00a0\u00bb\"}]},{\"@type\":\"WebSite\",\"@id\":\"https:\/\/newsestlyonnais.fr\/site\/#website\",\"url\":\"https:\/\/newsestlyonnais.fr\/site\/\",\"name\":\"News Est Lyonnais\",\"description\":\"L&#039;actualit\u00e9 au plus pr\u00e8s\",\"publisher\":{\"@id\":\"https:\/\/newsestlyonnais.fr\/site\/#organization\"},\"potentialAction\":[{\"@type\":\"SearchAction\",\"target\":{\"@type\":\"EntryPoint\",\"urlTemplate\":\"https:\/\/newsestlyonnais.fr\/site\/?s={search_term_string}\"},\"query-input\":{\"@type\":\"PropertyValueSpecification\",\"valueRequired\":true,\"valueName\":\"search_term_string\"}}],\"inLanguage\":\"fr-FR\"},{\"@type\":\"Organization\",\"@id\":\"https:\/\/newsestlyonnais.fr\/site\/#organization\",\"name\":\"News EST LYONNAIS\",\"url\":\"https:\/\/newsestlyonnais.fr\/site\/\",\"logo\":{\"@type\":\"ImageObject\",\"inLanguage\":\"fr-FR\",\"@id\":\"https:\/\/newsestlyonnais.fr\/site\/#\/schema\/logo\/image\/\",\"url\":\"\",\"contentUrl\":\"\",\"caption\":\"News EST LYONNAIS\"},\"image\":{\"@id\":\"https:\/\/newsestlyonnais.fr\/site\/#\/schema\/logo\/image\/\"}},{\"@type\":\"Person\",\"@id\":\"https:\/\/newsestlyonnais.fr\/site\/#\/schema\/person\/3230d5615f390bb808365d673001e887\",\"name\":\"R\u00e9dac. NEWS\",\"sameAs\":[\"http:\/\/www.newsestlyonnais.fr\",\"https:\/\/www.facebook.com\/pascal.oberson.1?fref=ts\",\"https:\/\/fr.linkedin.com\/in\/pascal-oberson-b17045113\"],\"url\":\"https:\/\/newsestlyonnais.fr\/site\/author\/nel\/\"}]}<\/script>\n<!-- \/ Yoast SEO plugin. -->","yoast_head_json":{"title":"Linda Bredel : \"Objectif de m\u2019amuser, me faire plaisir en am\u00e9liorant les chronos le plus longtemps possible\" - News Est Lyonnais","description":"Linda Bredel : \"Objectif de m\u2019amuser, me faire plaisir en am\u00e9liorant les chronos le plus longtemps possible\"","robots":{"index":"index","follow":"follow","max-snippet":"max-snippet:-1","max-image-preview":"max-image-preview:large","max-video-preview":"max-video-preview:-1"},"canonical":"https:\/\/newsestlyonnais.fr\/site\/2023\/03\/06\/linda-bredel-objectif-de-mamuser-me-faire-plaisir-en-ameliorant-les-chronos-le-plus-longtemps-possible\/","og_locale":"fr_FR","og_type":"article","og_title":"Linda Bredel : \"Objectif de m\u2019amuser, me faire plaisir en am\u00e9liorant les chronos le plus longtemps possible\" - News Est Lyonnais","og_description":"Linda Bredel : \"Objectif de m\u2019amuser, me faire plaisir en am\u00e9liorant les chronos le plus longtemps possible\"","og_url":"https:\/\/newsestlyonnais.fr\/site\/2023\/03\/06\/linda-bredel-objectif-de-mamuser-me-faire-plaisir-en-ameliorant-les-chronos-le-plus-longtemps-possible\/","og_site_name":"News Est Lyonnais","article_author":"https:\/\/www.facebook.com\/pascal.oberson.1?fref=ts","article_published_time":"2023-03-06T05:14:14+00:00","article_modified_time":"2023-03-06T11:13:06+00:00","og_image":[{"width":1198,"height":1198,"url":"https:\/\/newsestlyonnais.fr\/site\/wp-content\/uploads\/2023\/03\/20230304_214818.jpg","type":"image\/jpeg"}],"author":"R\u00e9dac. NEWS","twitter_card":"summary_large_image","twitter_misc":{"\u00c9crit par":"R\u00e9dac. NEWS","Dur\u00e9e de lecture estim\u00e9e":"5 minutes"},"schema":{"@context":"https:\/\/schema.org","@graph":[{"@type":"Article","@id":"https:\/\/newsestlyonnais.fr\/site\/2023\/03\/06\/linda-bredel-objectif-de-mamuser-me-faire-plaisir-en-ameliorant-les-chronos-le-plus-longtemps-possible\/#article","isPartOf":{"@id":"https:\/\/newsestlyonnais.fr\/site\/2023\/03\/06\/linda-bredel-objectif-de-mamuser-me-faire-plaisir-en-ameliorant-les-chronos-le-plus-longtemps-possible\/"},"author":{"name":"R\u00e9dac. NEWS","@id":"https:\/\/newsestlyonnais.fr\/site\/#\/schema\/person\/3230d5615f390bb808365d673001e887"},"headline":"Linda Bredel : \u00ab\u00a0Objectif de m\u2019amuser, me faire plaisir en am\u00e9liorant les chronos le plus longtemps possible\u00a0\u00bb","datePublished":"2023-03-06T05:14:14+00:00","dateModified":"2023-03-06T11:13:06+00:00","mainEntityOfPage":{"@id":"https:\/\/newsestlyonnais.fr\/site\/2023\/03\/06\/linda-bredel-objectif-de-mamuser-me-faire-plaisir-en-ameliorant-les-chronos-le-plus-longtemps-possible\/"},"wordCount":893,"commentCount":0,"publisher":{"@id":"https:\/\/newsestlyonnais.fr\/site\/#organization"},"image":{"@id":"https:\/\/newsestlyonnais.fr\/site\/2023\/03\/06\/linda-bredel-objectif-de-mamuser-me-faire-plaisir-en-ameliorant-les-chronos-le-plus-longtemps-possible\/#primaryimage"},"thumbnailUrl":"https:\/\/newsestlyonnais.fr\/site\/wp-content\/uploads\/2023\/03\/20230304_214818.jpg","keywords":["AVIRON","AVIRON MAJOLAN","CHAMPIONNAT DU MONDE","ERGOMETRE","Linda Bredel"],"articleSection":["Aviron","Aviron | Kayak | Voile","F\u00e9minin (Actu au)","Interview \u00e0 la une","Interviews","Is\u00e8re (38)","Meyzieu"],"inLanguage":"fr-FR","potentialAction":[{"@type":"CommentAction","name":"Comment","target":["https:\/\/newsestlyonnais.fr\/site\/2023\/03\/06\/linda-bredel-objectif-de-mamuser-me-faire-plaisir-en-ameliorant-les-chronos-le-plus-longtemps-possible\/#respond"]}]},{"@type":"WebPage","@id":"https:\/\/newsestlyonnais.fr\/site\/2023\/03\/06\/linda-bredel-objectif-de-mamuser-me-faire-plaisir-en-ameliorant-les-chronos-le-plus-longtemps-possible\/","url":"https:\/\/newsestlyonnais.fr\/site\/2023\/03\/06\/linda-bredel-objectif-de-mamuser-me-faire-plaisir-en-ameliorant-les-chronos-le-plus-longtemps-possible\/","name":"Linda Bredel : \"Objectif de m\u2019amuser, me faire plaisir en am\u00e9liorant les chronos le plus longtemps possible\" - News Est Lyonnais","isPartOf":{"@id":"https:\/\/newsestlyonnais.fr\/site\/#website"},"primaryImageOfPage":{"@id":"https:\/\/newsestlyonnais.fr\/site\/2023\/03\/06\/linda-bredel-objectif-de-mamuser-me-faire-plaisir-en-ameliorant-les-chronos-le-plus-longtemps-possible\/#primaryimage"},"image":{"@id":"https:\/\/newsestlyonnais.fr\/site\/2023\/03\/06\/linda-bredel-objectif-de-mamuser-me-faire-plaisir-en-ameliorant-les-chronos-le-plus-longtemps-possible\/#primaryimage"},"thumbnailUrl":"https:\/\/newsestlyonnais.fr\/site\/wp-content\/uploads\/2023\/03\/20230304_214818.jpg","datePublished":"2023-03-06T05:14:14+00:00","dateModified":"2023-03-06T11:13:06+00:00","description":"Linda Bredel : \"Objectif de m\u2019amuser, me faire plaisir en am\u00e9liorant les chronos le plus longtemps possible\"","breadcrumb":{"@id":"https:\/\/newsestlyonnais.fr\/site\/2023\/03\/06\/linda-bredel-objectif-de-mamuser-me-faire-plaisir-en-ameliorant-les-chronos-le-plus-longtemps-possible\/#breadcrumb"},"inLanguage":"fr-FR","potentialAction":[{"@type":"ReadAction","target":["https:\/\/newsestlyonnais.fr\/site\/2023\/03\/06\/linda-bredel-objectif-de-mamuser-me-faire-plaisir-en-ameliorant-les-chronos-le-plus-longtemps-possible\/"]}]},{"@type":"ImageObject","inLanguage":"fr-FR","@id":"https:\/\/newsestlyonnais.fr\/site\/2023\/03\/06\/linda-bredel-objectif-de-mamuser-me-faire-plaisir-en-ameliorant-les-chronos-le-plus-longtemps-possible\/#primaryimage","url":"https:\/\/newsestlyonnais.fr\/site\/wp-content\/uploads\/2023\/03\/20230304_214818.jpg","contentUrl":"https:\/\/newsestlyonnais.fr\/site\/wp-content\/uploads\/2023\/03\/20230304_214818.jpg","width":1198,"height":1198},{"@type":"BreadcrumbList","@id":"https:\/\/newsestlyonnais.fr\/site\/2023\/03\/06\/linda-bredel-objectif-de-mamuser-me-faire-plaisir-en-ameliorant-les-chronos-le-plus-longtemps-possible\/#breadcrumb","itemListElement":[{"@type":"ListItem","position":1,"name":"Accueil","item":"https:\/\/newsestlyonnais.fr\/site\/"},{"@type":"ListItem","position":2,"name":"Linda Bredel : \u00ab\u00a0Objectif de m\u2019amuser, me faire plaisir en am\u00e9liorant les chronos le plus longtemps possible\u00a0\u00bb"}]},{"@type":"WebSite","@id":"https:\/\/newsestlyonnais.fr\/site\/#website","url":"https:\/\/newsestlyonnais.fr\/site\/","name":"News Est Lyonnais","description":"L&#039;actualit\u00e9 au plus pr\u00e8s","publisher":{"@id":"https:\/\/newsestlyonnais.fr\/site\/#organization"},"potentialAction":[{"@type":"SearchAction","target":{"@type":"EntryPoint","urlTemplate":"https:\/\/newsestlyonnais.fr\/site\/?s={search_term_string}"},"query-input":{"@type":"PropertyValueSpecification","valueRequired":true,"valueName":"search_term_string"}}],"inLanguage":"fr-FR"},{"@type":"Organization","@id":"https:\/\/newsestlyonnais.fr\/site\/#organization","name":"News EST LYONNAIS","url":"https:\/\/newsestlyonnais.fr\/site\/","logo":{"@type":"ImageObject","inLanguage":"fr-FR","@id":"https:\/\/newsestlyonnais.fr\/site\/#\/schema\/logo\/image\/","url":"","contentUrl":"","caption":"News EST LYONNAIS"},"image":{"@id":"https:\/\/newsestlyonnais.fr\/site\/#\/schema\/logo\/image\/"}},{"@type":"Person","@id":"https:\/\/newsestlyonnais.fr\/site\/#\/schema\/person\/3230d5615f390bb808365d673001e887","name":"R\u00e9dac. NEWS","sameAs":["http:\/\/www.newsestlyonnais.fr","https:\/\/www.facebook.com\/pascal.oberson.1?fref=ts","https:\/\/fr.linkedin.com\/in\/pascal-oberson-b17045113"],"url":"https:\/\/newsestlyonnais.fr\/site\/author\/nel\/"}]}},"_links":{"self":[{"href":"https:\/\/newsestlyonnais.fr\/site\/wp-json\/wp\/v2\/posts\/177661","targetHints":{"allow":["GET"]}}],"collection":[{"href":"https:\/\/newsestlyonnais.fr\/site\/wp-json\/wp\/v2\/posts"}],"about":[{"href":"https:\/\/newsestlyonnais.fr\/site\/wp-json\/wp\/v2\/types\/post"}],"author":[{"embeddable":true,"href":"https:\/\/newsestlyonnais.fr\/site\/wp-json\/wp\/v2\/users\/4"}],"replies":[{"embeddable":true,"href":"https:\/\/newsestlyonnais.fr\/site\/wp-json\/wp\/v2\/comments?post=177661"}],"version-history":[{"count":0,"href":"https:\/\/newsestlyonnais.fr\/site\/wp-json\/wp\/v2\/posts\/177661\/revisions"}],"wp:featuredmedia":[{"embeddable":true,"href":"https:\/\/newsestlyonnais.fr\/site\/wp-json\/wp\/v2\/media\/177707"}],"wp:attachment":[{"href":"https:\/\/newsestlyonnais.fr\/site\/wp-json\/wp\/v2\/media?parent=177661"}],"wp:term":[{"taxonomy":"category","embeddable":true,"href":"https:\/\/newsestlyonnais.fr\/site\/wp-json\/wp\/v2\/categories?post=177661"},{"taxonomy":"post_tag","embeddable":true,"href":"https:\/\/newsestlyonnais.fr\/site\/wp-json\/wp\/v2\/tags?post=177661"}],"curies":[{"name":"wp","href":"https:\/\/api.w.org\/{rel}","templated":true}]}}