{"id":178255,"date":"2023-03-15T06:20:20","date_gmt":"2023-03-15T05:20:20","guid":{"rendered":"https:\/\/newsestlyonnais.fr\/site\/?p=178255"},"modified":"2023-03-19T18:34:02","modified_gmt":"2023-03-19T17:34:02","slug":"lyon-8-la-l-b-e-u-en-finale-du-championnat-de-france-des-clubs-sportifs-n1-de-boules-lyonnaises","status":"publish","type":"post","link":"https:\/\/newsestlyonnais.fr\/site\/2023\/03\/15\/lyon-8-la-l-b-e-u-en-finale-du-championnat-de-france-des-clubs-sportifs-n1-de-boules-lyonnaises\/","title":{"rendered":"LYON 8 | L&rsquo;A.L.B.E.U en finale du championnat de France des clubs sportifs N1 de boules lyonnaises"},"content":{"rendered":"<p><strong>Le 26 mars prochain, cette \u00e9quipe bouliste du 8\u00b0 arrondissement de Lyon disputera la finale du championnat de France, face \u00e0 l\u2019\u00e9quipe de Loriol (26). <\/strong>Gr\u00e2ce \u00e0 cette qualification,<strong> l\u2019\u00e9quipe monte en division sup\u00e9rieure et jouera en Elite 2<\/strong> (2<sup>e<\/sup> niveau fran\u00e7ais) la saison prochaine.<\/p>\n<p>Pour sa premi\u00e8re saison en Nationale 1, l\u2019\u00e9quipe de club sportif de l\u2019A.L.B.E.U, constitu\u00e9e de nombreux joueurs originaires de la M\u00e9tropole de Lyon et form\u00e9s au club, <strong>a termin\u00e9 la phase initiale du championnat \u00e0 la premi\u00e8re place de son groupe.<\/strong> Oppos\u00e9e \u00e0 l\u2019\u00e9quipe de La Matheysine (seconde de l\u2019autre groupe) durant les demi-finales du championnat de France (en matchs aller\/retour), l\u2019\u00e9quipe lyonnaise a r\u00e9ussi \u00e0 remporter les deux rencontres (27\/22 et 24\/23) et \u00e0 se qualifier pour la finale du championnat de France.<\/p>\n<p><strong>C\u2019est au boulodrome de Limoges que se d\u00e9rouleront, cette ann\u00e9e, les 8 finales des championnats de France des clubs sportifs<\/strong>. 6 ans apr\u00e8s leur finale en Nationale 4, les joueurs de l\u2019A.L.B.E.U Lyon vous donnent rendez-vous le dimanche 26 mars pour une rencontre \u00e0 fort enjeu pour cette association du 8<sup>e<\/sup> arrondissement de Lyon : <strong>remporter un titre de champion de France.<\/strong><\/p>\n<p>Deux ans apr\u00e8s sa mont\u00e9e en Nationale 2 et un an apr\u00e8s celle en Nationale 1, l&rsquo;\u00e9quipe fanion de ce club rhodanien obtient, gr\u00e2ce \u00e0 la qualification en finale, une nouvelle accession en division sup\u00e9rieure : l\u2019\u00c9lite 2 (2\u00b0 niveau fran\u00e7ais).<\/p>\n<div id='gallery-1' class='gallery galleryid-178255 gallery-columns-3 gallery-size-large'><figure class='gallery-item'>\n\t\t\t<div class='gallery-icon landscape'>\n\t\t\t\t<a href='https:\/\/newsestlyonnais.fr\/site\/2023\/03\/15\/lyon-8-la-l-b-e-u-en-finale-du-championnat-de-france-des-clubs-sportifs-n1-de-boules-lyonnaises\/11032023-p1370413\/'><img loading=\"lazy\" decoding=\"async\" width=\"640\" height=\"480\" src=\"https:\/\/newsestlyonnais.fr\/site\/wp-content\/uploads\/2023\/03\/11032023-P1370413-650x488.jpg\" class=\"attachment-large size-large\" alt=\"\" srcset=\"https:\/\/newsestlyonnais.fr\/site\/wp-content\/uploads\/2023\/03\/11032023-P1370413-650x488.jpg 650w, https:\/\/newsestlyonnais.fr\/site\/wp-content\/uploads\/2023\/03\/11032023-P1370413-400x300.jpg 400w, https:\/\/newsestlyonnais.fr\/site\/wp-content\/uploads\/2023\/03\/11032023-P1370413-250x188.jpg 250w, https:\/\/newsestlyonnais.fr\/site\/wp-content\/uploads\/2023\/03\/11032023-P1370413-768x576.jpg 768w, https:\/\/newsestlyonnais.fr\/site\/wp-content\/uploads\/2023\/03\/11032023-P1370413-150x113.jpg 150w, https:\/\/newsestlyonnais.fr\/site\/wp-content\/uploads\/2023\/03\/11032023-P1370413-50x38.jpg 50w, https:\/\/newsestlyonnais.fr\/site\/wp-content\/uploads\/2023\/03\/11032023-P1370413-100x75.jpg 100w, https:\/\/newsestlyonnais.fr\/site\/wp-content\/uploads\/2023\/03\/11032023-P1370413-200x150.jpg 200w, https:\/\/newsestlyonnais.fr\/site\/wp-content\/uploads\/2023\/03\/11032023-P1370413-300x225.jpg 300w, https:\/\/newsestlyonnais.fr\/site\/wp-content\/uploads\/2023\/03\/11032023-P1370413-350x263.jpg 350w, https:\/\/newsestlyonnais.fr\/site\/wp-content\/uploads\/2023\/03\/11032023-P1370413-450x338.jpg 450w, https:\/\/newsestlyonnais.fr\/site\/wp-content\/uploads\/2023\/03\/11032023-P1370413-500x375.jpg 500w, https:\/\/newsestlyonnais.fr\/site\/wp-content\/uploads\/2023\/03\/11032023-P1370413-550x413.jpg 550w, https:\/\/newsestlyonnais.fr\/site\/wp-content\/uploads\/2023\/03\/11032023-P1370413-800x600.jpg 800w, https:\/\/newsestlyonnais.fr\/site\/wp-content\/uploads\/2023\/03\/11032023-P1370413.jpg 1200w\" sizes=\"auto, (max-width: 640px) 100vw, 640px\" \/><\/a>\n\t\t\t<\/div><\/figure><figure class='gallery-item'>\n\t\t\t<div class='gallery-icon landscape'>\n\t\t\t\t<a href='https:\/\/newsestlyonnais.fr\/site\/2023\/03\/15\/lyon-8-la-l-b-e-u-en-finale-du-championnat-de-france-des-clubs-sportifs-n1-de-boules-lyonnaises\/11032023-p1370337\/'><img loading=\"lazy\" decoding=\"async\" width=\"640\" height=\"480\" src=\"https:\/\/newsestlyonnais.fr\/site\/wp-content\/uploads\/2023\/03\/11032023-P1370337-650x488.jpg\" class=\"attachment-large size-large\" alt=\"\" srcset=\"https:\/\/newsestlyonnais.fr\/site\/wp-content\/uploads\/2023\/03\/11032023-P1370337-650x488.jpg 650w, https:\/\/newsestlyonnais.fr\/site\/wp-content\/uploads\/2023\/03\/11032023-P1370337-400x300.jpg 400w, https:\/\/newsestlyonnais.fr\/site\/wp-content\/uploads\/2023\/03\/11032023-P1370337-250x188.jpg 250w, https:\/\/newsestlyonnais.fr\/site\/wp-content\/uploads\/2023\/03\/11032023-P1370337-768x576.jpg 768w, https:\/\/newsestlyonnais.fr\/site\/wp-content\/uploads\/2023\/03\/11032023-P1370337-150x113.jpg 150w, https:\/\/newsestlyonnais.fr\/site\/wp-content\/uploads\/2023\/03\/11032023-P1370337-50x38.jpg 50w, https:\/\/newsestlyonnais.fr\/site\/wp-content\/uploads\/2023\/03\/11032023-P1370337-100x75.jpg 100w, https:\/\/newsestlyonnais.fr\/site\/wp-content\/uploads\/2023\/03\/11032023-P1370337-200x150.jpg 200w, https:\/\/newsestlyonnais.fr\/site\/wp-content\/uploads\/2023\/03\/11032023-P1370337-300x225.jpg 300w, https:\/\/newsestlyonnais.fr\/site\/wp-content\/uploads\/2023\/03\/11032023-P1370337-350x263.jpg 350w, https:\/\/newsestlyonnais.fr\/site\/wp-content\/uploads\/2023\/03\/11032023-P1370337-450x338.jpg 450w, https:\/\/newsestlyonnais.fr\/site\/wp-content\/uploads\/2023\/03\/11032023-P1370337-500x375.jpg 500w, https:\/\/newsestlyonnais.fr\/site\/wp-content\/uploads\/2023\/03\/11032023-P1370337-550x413.jpg 550w, https:\/\/newsestlyonnais.fr\/site\/wp-content\/uploads\/2023\/03\/11032023-P1370337-800x600.jpg 800w, https:\/\/newsestlyonnais.fr\/site\/wp-content\/uploads\/2023\/03\/11032023-P1370337.jpg 1200w\" sizes=\"auto, (max-width: 640px) 100vw, 640px\" \/><\/a>\n\t\t\t<\/div><\/figure><figure class='gallery-item'>\n\t\t\t<div class='gallery-icon landscape'>\n\t\t\t\t<a href='https:\/\/newsestlyonnais.fr\/site\/2023\/03\/15\/lyon-8-la-l-b-e-u-en-finale-du-championnat-de-france-des-clubs-sportifs-n1-de-boules-lyonnaises\/11032023-p1370326\/'><img loading=\"lazy\" decoding=\"async\" width=\"640\" height=\"480\" src=\"https:\/\/newsestlyonnais.fr\/site\/wp-content\/uploads\/2023\/03\/11032023-P1370326-650x488.jpg\" class=\"attachment-large size-large\" alt=\"\" srcset=\"https:\/\/newsestlyonnais.fr\/site\/wp-content\/uploads\/2023\/03\/11032023-P1370326-650x488.jpg 650w, https:\/\/newsestlyonnais.fr\/site\/wp-content\/uploads\/2023\/03\/11032023-P1370326-400x300.jpg 400w, https:\/\/newsestlyonnais.fr\/site\/wp-content\/uploads\/2023\/03\/11032023-P1370326-250x188.jpg 250w, https:\/\/newsestlyonnais.fr\/site\/wp-content\/uploads\/2023\/03\/11032023-P1370326-768x576.jpg 768w, https:\/\/newsestlyonnais.fr\/site\/wp-content\/uploads\/2023\/03\/11032023-P1370326-150x113.jpg 150w, https:\/\/newsestlyonnais.fr\/site\/wp-content\/uploads\/2023\/03\/11032023-P1370326-50x38.jpg 50w, https:\/\/newsestlyonnais.fr\/site\/wp-content\/uploads\/2023\/03\/11032023-P1370326-100x75.jpg 100w, https:\/\/newsestlyonnais.fr\/site\/wp-content\/uploads\/2023\/03\/11032023-P1370326-200x150.jpg 200w, https:\/\/newsestlyonnais.fr\/site\/wp-content\/uploads\/2023\/03\/11032023-P1370326-300x225.jpg 300w, https:\/\/newsestlyonnais.fr\/site\/wp-content\/uploads\/2023\/03\/11032023-P1370326-350x263.jpg 350w, https:\/\/newsestlyonnais.fr\/site\/wp-content\/uploads\/2023\/03\/11032023-P1370326-450x338.jpg 450w, https:\/\/newsestlyonnais.fr\/site\/wp-content\/uploads\/2023\/03\/11032023-P1370326-500x375.jpg 500w, https:\/\/newsestlyonnais.fr\/site\/wp-content\/uploads\/2023\/03\/11032023-P1370326-550x413.jpg 550w, https:\/\/newsestlyonnais.fr\/site\/wp-content\/uploads\/2023\/03\/11032023-P1370326-800x600.jpg 800w, https:\/\/newsestlyonnais.fr\/site\/wp-content\/uploads\/2023\/03\/11032023-P1370326.jpg 1200w\" sizes=\"auto, (max-width: 640px) 100vw, 640px\" \/><\/a>\n\t\t\t<\/div><\/figure>\n\t\t<\/div>\n\n<hr \/>\n<p><span style=\"font-size: 14pt; background-color: #000000;\"><span style=\"color: #ffffff;\"><strong>Toute l&rsquo;ACTU du club sur <\/strong>: <\/span><span style=\"color: #ffcc00;\"><strong><a style=\"color: #ffcc00; background-color: #000000;\" href=\"http:\/\/www.albeusportboules.fr\">www.albeusportboules.fr<\/a><\/strong><\/span><\/span><\/p>\n","protected":false},"excerpt":{"rendered":"<p>Le club de l&rsquo;Avenir La\u00efc Bachut\/\u00c9tats-Unis qui s&rsquo;est qualifi\u00e9 samedi apr\u00e8s les 2 rencontres contre Matheysine a aussi d\u00e9croch\u00e9 son ticket pour \u00e9voluer l&rsquo;an prochain en Elite 2.<\/p>\n","protected":false},"author":4,"featured_media":178257,"comment_status":"open","ping_status":"open","sticky":false,"template":"","format":"standard","meta":{"footnotes":""},"categories":[2977,1341,1625,2],"tags":[3711,2013,2077],"class_list":["post-178255","post","type-post","status-publish","format-standard","has-post-thumbnail","hentry","category-boules-petanque-sports","category-boules-lyonnaises","category-lyon","category-sports","tag-albeu","tag-boules-lyonnaises","tag-lyon"],"yoast_head":"<!-- This site is optimized with the Yoast SEO plugin v27.2 - https:\/\/yoast.com\/product\/yoast-seo-wordpress\/ -->\n<title>LYON 8 | L&#039;A.L.B.E.U en finale du championnat de France des clubs sportifs N1 de boules lyonnaises - News Est Lyonnais<\/title>\n<meta name=\"description\" content=\"LYON 8 | L&#039;A.L.B.E.U en finale du championnat de France des clubs sportifs N1 de boules lyonnaises\" \/>\n<meta name=\"robots\" content=\"index, follow, max-snippet:-1, max-image-preview:large, max-video-preview:-1\" \/>\n<link rel=\"canonical\" href=\"https:\/\/newsestlyonnais.fr\/site\/2023\/03\/15\/lyon-8-la-l-b-e-u-en-finale-du-championnat-de-france-des-clubs-sportifs-n1-de-boules-lyonnaises\/\" \/>\n<meta property=\"og:locale\" content=\"fr_FR\" \/>\n<meta property=\"og:type\" content=\"article\" \/>\n<meta property=\"og:title\" content=\"LYON 8 | L&#039;A.L.B.E.U en finale du championnat de France des clubs sportifs N1 de boules lyonnaises - News Est Lyonnais\" \/>\n<meta property=\"og:description\" content=\"LYON 8 | L&#039;A.L.B.E.U en finale du championnat de France des clubs sportifs N1 de boules lyonnaises\" \/>\n<meta property=\"og:url\" content=\"https:\/\/newsestlyonnais.fr\/site\/2023\/03\/15\/lyon-8-la-l-b-e-u-en-finale-du-championnat-de-france-des-clubs-sportifs-n1-de-boules-lyonnaises\/\" \/>\n<meta property=\"og:site_name\" content=\"News Est Lyonnais\" \/>\n<meta property=\"article:author\" content=\"https:\/\/www.facebook.com\/pascal.oberson.1?fref=ts\" \/>\n<meta property=\"article:published_time\" content=\"2023-03-15T05:20:20+00:00\" \/>\n<meta property=\"article:modified_time\" content=\"2023-03-19T17:34:02+00:00\" \/>\n<meta property=\"og:image\" content=\"https:\/\/newsestlyonnais.fr\/site\/wp-content\/uploads\/2023\/03\/11032023-P1370360.jpg\" \/>\n\t<meta property=\"og:image:width\" content=\"1200\" \/>\n\t<meta property=\"og:image:height\" content=\"760\" \/>\n\t<meta property=\"og:image:type\" content=\"image\/jpeg\" \/>\n<meta name=\"author\" content=\"R\u00e9dac. NEWS\" \/>\n<meta name=\"twitter:card\" content=\"summary_large_image\" \/>\n<meta name=\"twitter:label1\" content=\"\u00c9crit par\" \/>\n\t<meta name=\"twitter:data1\" content=\"R\u00e9dac. NEWS\" \/>\n\t<meta name=\"twitter:label2\" content=\"Dur\u00e9e de lecture estim\u00e9e\" \/>\n\t<meta name=\"twitter:data2\" content=\"2 minutes\" \/>\n<script type=\"application\/ld+json\" class=\"yoast-schema-graph\">{\"@context\":\"https:\/\/schema.org\",\"@graph\":[{\"@type\":\"Article\",\"@id\":\"https:\/\/newsestlyonnais.fr\/site\/2023\/03\/15\/lyon-8-la-l-b-e-u-en-finale-du-championnat-de-france-des-clubs-sportifs-n1-de-boules-lyonnaises\/#article\",\"isPartOf\":{\"@id\":\"https:\/\/newsestlyonnais.fr\/site\/2023\/03\/15\/lyon-8-la-l-b-e-u-en-finale-du-championnat-de-france-des-clubs-sportifs-n1-de-boules-lyonnaises\/\"},\"author\":{\"name\":\"R\u00e9dac. NEWS\",\"@id\":\"https:\/\/newsestlyonnais.fr\/site\/#\/schema\/person\/3230d5615f390bb808365d673001e887\"},\"headline\":\"LYON 8 | L&rsquo;A.L.B.E.U en finale du championnat de France des clubs sportifs N1 de boules lyonnaises\",\"datePublished\":\"2023-03-15T05:20:20+00:00\",\"dateModified\":\"2023-03-19T17:34:02+00:00\",\"mainEntityOfPage\":{\"@id\":\"https:\/\/newsestlyonnais.fr\/site\/2023\/03\/15\/lyon-8-la-l-b-e-u-en-finale-du-championnat-de-france-des-clubs-sportifs-n1-de-boules-lyonnaises\/\"},\"wordCount\":281,\"commentCount\":0,\"publisher\":{\"@id\":\"https:\/\/newsestlyonnais.fr\/site\/#organization\"},\"image\":{\"@id\":\"https:\/\/newsestlyonnais.fr\/site\/2023\/03\/15\/lyon-8-la-l-b-e-u-en-finale-du-championnat-de-france-des-clubs-sportifs-n1-de-boules-lyonnaises\/#primaryimage\"},\"thumbnailUrl\":\"https:\/\/newsestlyonnais.fr\/site\/wp-content\/uploads\/2023\/03\/11032023-P1370360.jpg\",\"keywords\":[\"ALBEU\",\"BOULES LYONNAISES\",\"LYON\"],\"articleSection\":[\"Boules | P\u00e9tanque\",\"Boules Lyonnaises\",\"Lyon\",\"Sports\"],\"inLanguage\":\"fr-FR\",\"potentialAction\":[{\"@type\":\"CommentAction\",\"name\":\"Comment\",\"target\":[\"https:\/\/newsestlyonnais.fr\/site\/2023\/03\/15\/lyon-8-la-l-b-e-u-en-finale-du-championnat-de-france-des-clubs-sportifs-n1-de-boules-lyonnaises\/#respond\"]}]},{\"@type\":\"WebPage\",\"@id\":\"https:\/\/newsestlyonnais.fr\/site\/2023\/03\/15\/lyon-8-la-l-b-e-u-en-finale-du-championnat-de-france-des-clubs-sportifs-n1-de-boules-lyonnaises\/\",\"url\":\"https:\/\/newsestlyonnais.fr\/site\/2023\/03\/15\/lyon-8-la-l-b-e-u-en-finale-du-championnat-de-france-des-clubs-sportifs-n1-de-boules-lyonnaises\/\",\"name\":\"LYON 8 | L'A.L.B.E.U en finale du championnat de France des clubs sportifs N1 de boules lyonnaises - News Est Lyonnais\",\"isPartOf\":{\"@id\":\"https:\/\/newsestlyonnais.fr\/site\/#website\"},\"primaryImageOfPage\":{\"@id\":\"https:\/\/newsestlyonnais.fr\/site\/2023\/03\/15\/lyon-8-la-l-b-e-u-en-finale-du-championnat-de-france-des-clubs-sportifs-n1-de-boules-lyonnaises\/#primaryimage\"},\"image\":{\"@id\":\"https:\/\/newsestlyonnais.fr\/site\/2023\/03\/15\/lyon-8-la-l-b-e-u-en-finale-du-championnat-de-france-des-clubs-sportifs-n1-de-boules-lyonnaises\/#primaryimage\"},\"thumbnailUrl\":\"https:\/\/newsestlyonnais.fr\/site\/wp-content\/uploads\/2023\/03\/11032023-P1370360.jpg\",\"datePublished\":\"2023-03-15T05:20:20+00:00\",\"dateModified\":\"2023-03-19T17:34:02+00:00\",\"description\":\"LYON 8 | L'A.L.B.E.U en finale du championnat de France des clubs sportifs N1 de boules lyonnaises\",\"breadcrumb\":{\"@id\":\"https:\/\/newsestlyonnais.fr\/site\/2023\/03\/15\/lyon-8-la-l-b-e-u-en-finale-du-championnat-de-france-des-clubs-sportifs-n1-de-boules-lyonnaises\/#breadcrumb\"},\"inLanguage\":\"fr-FR\",\"potentialAction\":[{\"@type\":\"ReadAction\",\"target\":[\"https:\/\/newsestlyonnais.fr\/site\/2023\/03\/15\/lyon-8-la-l-b-e-u-en-finale-du-championnat-de-france-des-clubs-sportifs-n1-de-boules-lyonnaises\/\"]}]},{\"@type\":\"ImageObject\",\"inLanguage\":\"fr-FR\",\"@id\":\"https:\/\/newsestlyonnais.fr\/site\/2023\/03\/15\/lyon-8-la-l-b-e-u-en-finale-du-championnat-de-france-des-clubs-sportifs-n1-de-boules-lyonnaises\/#primaryimage\",\"url\":\"https:\/\/newsestlyonnais.fr\/site\/wp-content\/uploads\/2023\/03\/11032023-P1370360.jpg\",\"contentUrl\":\"https:\/\/newsestlyonnais.fr\/site\/wp-content\/uploads\/2023\/03\/11032023-P1370360.jpg\",\"width\":1200,\"height\":760},{\"@type\":\"BreadcrumbList\",\"@id\":\"https:\/\/newsestlyonnais.fr\/site\/2023\/03\/15\/lyon-8-la-l-b-e-u-en-finale-du-championnat-de-france-des-clubs-sportifs-n1-de-boules-lyonnaises\/#breadcrumb\",\"itemListElement\":[{\"@type\":\"ListItem\",\"position\":1,\"name\":\"Accueil\",\"item\":\"https:\/\/newsestlyonnais.fr\/site\/\"},{\"@type\":\"ListItem\",\"position\":2,\"name\":\"LYON 8 | L&rsquo;A.L.B.E.U en finale du championnat de France des clubs sportifs N1 de boules lyonnaises\"}]},{\"@type\":\"WebSite\",\"@id\":\"https:\/\/newsestlyonnais.fr\/site\/#website\",\"url\":\"https:\/\/newsestlyonnais.fr\/site\/\",\"name\":\"News Est Lyonnais\",\"description\":\"L&#039;actualit\u00e9 au plus pr\u00e8s\",\"publisher\":{\"@id\":\"https:\/\/newsestlyonnais.fr\/site\/#organization\"},\"potentialAction\":[{\"@type\":\"SearchAction\",\"target\":{\"@type\":\"EntryPoint\",\"urlTemplate\":\"https:\/\/newsestlyonnais.fr\/site\/?s={search_term_string}\"},\"query-input\":{\"@type\":\"PropertyValueSpecification\",\"valueRequired\":true,\"valueName\":\"search_term_string\"}}],\"inLanguage\":\"fr-FR\"},{\"@type\":\"Organization\",\"@id\":\"https:\/\/newsestlyonnais.fr\/site\/#organization\",\"name\":\"News EST LYONNAIS\",\"url\":\"https:\/\/newsestlyonnais.fr\/site\/\",\"logo\":{\"@type\":\"ImageObject\",\"inLanguage\":\"fr-FR\",\"@id\":\"https:\/\/newsestlyonnais.fr\/site\/#\/schema\/logo\/image\/\",\"url\":\"\",\"contentUrl\":\"\",\"caption\":\"News EST LYONNAIS\"},\"image\":{\"@id\":\"https:\/\/newsestlyonnais.fr\/site\/#\/schema\/logo\/image\/\"}},{\"@type\":\"Person\",\"@id\":\"https:\/\/newsestlyonnais.fr\/site\/#\/schema\/person\/3230d5615f390bb808365d673001e887\",\"name\":\"R\u00e9dac. NEWS\",\"sameAs\":[\"http:\/\/www.newsestlyonnais.fr\",\"https:\/\/www.facebook.com\/pascal.oberson.1?fref=ts\",\"https:\/\/fr.linkedin.com\/in\/pascal-oberson-b17045113\"],\"url\":\"https:\/\/newsestlyonnais.fr\/site\/author\/nel\/\"}]}<\/script>\n<!-- \/ Yoast SEO plugin. -->","yoast_head_json":{"title":"LYON 8 | L'A.L.B.E.U en finale du championnat de France des clubs sportifs N1 de boules lyonnaises - News Est Lyonnais","description":"LYON 8 | L'A.L.B.E.U en finale du championnat de France des clubs sportifs N1 de boules lyonnaises","robots":{"index":"index","follow":"follow","max-snippet":"max-snippet:-1","max-image-preview":"max-image-preview:large","max-video-preview":"max-video-preview:-1"},"canonical":"https:\/\/newsestlyonnais.fr\/site\/2023\/03\/15\/lyon-8-la-l-b-e-u-en-finale-du-championnat-de-france-des-clubs-sportifs-n1-de-boules-lyonnaises\/","og_locale":"fr_FR","og_type":"article","og_title":"LYON 8 | L'A.L.B.E.U en finale du championnat de France des clubs sportifs N1 de boules lyonnaises - News Est Lyonnais","og_description":"LYON 8 | L'A.L.B.E.U en finale du championnat de France des clubs sportifs N1 de boules lyonnaises","og_url":"https:\/\/newsestlyonnais.fr\/site\/2023\/03\/15\/lyon-8-la-l-b-e-u-en-finale-du-championnat-de-france-des-clubs-sportifs-n1-de-boules-lyonnaises\/","og_site_name":"News Est Lyonnais","article_author":"https:\/\/www.facebook.com\/pascal.oberson.1?fref=ts","article_published_time":"2023-03-15T05:20:20+00:00","article_modified_time":"2023-03-19T17:34:02+00:00","og_image":[{"width":1200,"height":760,"url":"https:\/\/newsestlyonnais.fr\/site\/wp-content\/uploads\/2023\/03\/11032023-P1370360.jpg","type":"image\/jpeg"}],"author":"R\u00e9dac. NEWS","twitter_card":"summary_large_image","twitter_misc":{"\u00c9crit par":"R\u00e9dac. NEWS","Dur\u00e9e de lecture estim\u00e9e":"2 minutes"},"schema":{"@context":"https:\/\/schema.org","@graph":[{"@type":"Article","@id":"https:\/\/newsestlyonnais.fr\/site\/2023\/03\/15\/lyon-8-la-l-b-e-u-en-finale-du-championnat-de-france-des-clubs-sportifs-n1-de-boules-lyonnaises\/#article","isPartOf":{"@id":"https:\/\/newsestlyonnais.fr\/site\/2023\/03\/15\/lyon-8-la-l-b-e-u-en-finale-du-championnat-de-france-des-clubs-sportifs-n1-de-boules-lyonnaises\/"},"author":{"name":"R\u00e9dac. NEWS","@id":"https:\/\/newsestlyonnais.fr\/site\/#\/schema\/person\/3230d5615f390bb808365d673001e887"},"headline":"LYON 8 | L&rsquo;A.L.B.E.U en finale du championnat de France des clubs sportifs N1 de boules lyonnaises","datePublished":"2023-03-15T05:20:20+00:00","dateModified":"2023-03-19T17:34:02+00:00","mainEntityOfPage":{"@id":"https:\/\/newsestlyonnais.fr\/site\/2023\/03\/15\/lyon-8-la-l-b-e-u-en-finale-du-championnat-de-france-des-clubs-sportifs-n1-de-boules-lyonnaises\/"},"wordCount":281,"commentCount":0,"publisher":{"@id":"https:\/\/newsestlyonnais.fr\/site\/#organization"},"image":{"@id":"https:\/\/newsestlyonnais.fr\/site\/2023\/03\/15\/lyon-8-la-l-b-e-u-en-finale-du-championnat-de-france-des-clubs-sportifs-n1-de-boules-lyonnaises\/#primaryimage"},"thumbnailUrl":"https:\/\/newsestlyonnais.fr\/site\/wp-content\/uploads\/2023\/03\/11032023-P1370360.jpg","keywords":["ALBEU","BOULES LYONNAISES","LYON"],"articleSection":["Boules | P\u00e9tanque","Boules Lyonnaises","Lyon","Sports"],"inLanguage":"fr-FR","potentialAction":[{"@type":"CommentAction","name":"Comment","target":["https:\/\/newsestlyonnais.fr\/site\/2023\/03\/15\/lyon-8-la-l-b-e-u-en-finale-du-championnat-de-france-des-clubs-sportifs-n1-de-boules-lyonnaises\/#respond"]}]},{"@type":"WebPage","@id":"https:\/\/newsestlyonnais.fr\/site\/2023\/03\/15\/lyon-8-la-l-b-e-u-en-finale-du-championnat-de-france-des-clubs-sportifs-n1-de-boules-lyonnaises\/","url":"https:\/\/newsestlyonnais.fr\/site\/2023\/03\/15\/lyon-8-la-l-b-e-u-en-finale-du-championnat-de-france-des-clubs-sportifs-n1-de-boules-lyonnaises\/","name":"LYON 8 | L'A.L.B.E.U en finale du championnat de France des clubs sportifs N1 de boules lyonnaises - News Est Lyonnais","isPartOf":{"@id":"https:\/\/newsestlyonnais.fr\/site\/#website"},"primaryImageOfPage":{"@id":"https:\/\/newsestlyonnais.fr\/site\/2023\/03\/15\/lyon-8-la-l-b-e-u-en-finale-du-championnat-de-france-des-clubs-sportifs-n1-de-boules-lyonnaises\/#primaryimage"},"image":{"@id":"https:\/\/newsestlyonnais.fr\/site\/2023\/03\/15\/lyon-8-la-l-b-e-u-en-finale-du-championnat-de-france-des-clubs-sportifs-n1-de-boules-lyonnaises\/#primaryimage"},"thumbnailUrl":"https:\/\/newsestlyonnais.fr\/site\/wp-content\/uploads\/2023\/03\/11032023-P1370360.jpg","datePublished":"2023-03-15T05:20:20+00:00","dateModified":"2023-03-19T17:34:02+00:00","description":"LYON 8 | L'A.L.B.E.U en finale du championnat de France des clubs sportifs N1 de boules lyonnaises","breadcrumb":{"@id":"https:\/\/newsestlyonnais.fr\/site\/2023\/03\/15\/lyon-8-la-l-b-e-u-en-finale-du-championnat-de-france-des-clubs-sportifs-n1-de-boules-lyonnaises\/#breadcrumb"},"inLanguage":"fr-FR","potentialAction":[{"@type":"ReadAction","target":["https:\/\/newsestlyonnais.fr\/site\/2023\/03\/15\/lyon-8-la-l-b-e-u-en-finale-du-championnat-de-france-des-clubs-sportifs-n1-de-boules-lyonnaises\/"]}]},{"@type":"ImageObject","inLanguage":"fr-FR","@id":"https:\/\/newsestlyonnais.fr\/site\/2023\/03\/15\/lyon-8-la-l-b-e-u-en-finale-du-championnat-de-france-des-clubs-sportifs-n1-de-boules-lyonnaises\/#primaryimage","url":"https:\/\/newsestlyonnais.fr\/site\/wp-content\/uploads\/2023\/03\/11032023-P1370360.jpg","contentUrl":"https:\/\/newsestlyonnais.fr\/site\/wp-content\/uploads\/2023\/03\/11032023-P1370360.jpg","width":1200,"height":760},{"@type":"BreadcrumbList","@id":"https:\/\/newsestlyonnais.fr\/site\/2023\/03\/15\/lyon-8-la-l-b-e-u-en-finale-du-championnat-de-france-des-clubs-sportifs-n1-de-boules-lyonnaises\/#breadcrumb","itemListElement":[{"@type":"ListItem","position":1,"name":"Accueil","item":"https:\/\/newsestlyonnais.fr\/site\/"},{"@type":"ListItem","position":2,"name":"LYON 8 | L&rsquo;A.L.B.E.U en finale du championnat de France des clubs sportifs N1 de boules lyonnaises"}]},{"@type":"WebSite","@id":"https:\/\/newsestlyonnais.fr\/site\/#website","url":"https:\/\/newsestlyonnais.fr\/site\/","name":"News Est Lyonnais","description":"L&#039;actualit\u00e9 au plus pr\u00e8s","publisher":{"@id":"https:\/\/newsestlyonnais.fr\/site\/#organization"},"potentialAction":[{"@type":"SearchAction","target":{"@type":"EntryPoint","urlTemplate":"https:\/\/newsestlyonnais.fr\/site\/?s={search_term_string}"},"query-input":{"@type":"PropertyValueSpecification","valueRequired":true,"valueName":"search_term_string"}}],"inLanguage":"fr-FR"},{"@type":"Organization","@id":"https:\/\/newsestlyonnais.fr\/site\/#organization","name":"News EST LYONNAIS","url":"https:\/\/newsestlyonnais.fr\/site\/","logo":{"@type":"ImageObject","inLanguage":"fr-FR","@id":"https:\/\/newsestlyonnais.fr\/site\/#\/schema\/logo\/image\/","url":"","contentUrl":"","caption":"News EST LYONNAIS"},"image":{"@id":"https:\/\/newsestlyonnais.fr\/site\/#\/schema\/logo\/image\/"}},{"@type":"Person","@id":"https:\/\/newsestlyonnais.fr\/site\/#\/schema\/person\/3230d5615f390bb808365d673001e887","name":"R\u00e9dac. NEWS","sameAs":["http:\/\/www.newsestlyonnais.fr","https:\/\/www.facebook.com\/pascal.oberson.1?fref=ts","https:\/\/fr.linkedin.com\/in\/pascal-oberson-b17045113"],"url":"https:\/\/newsestlyonnais.fr\/site\/author\/nel\/"}]}},"_links":{"self":[{"href":"https:\/\/newsestlyonnais.fr\/site\/wp-json\/wp\/v2\/posts\/178255","targetHints":{"allow":["GET"]}}],"collection":[{"href":"https:\/\/newsestlyonnais.fr\/site\/wp-json\/wp\/v2\/posts"}],"about":[{"href":"https:\/\/newsestlyonnais.fr\/site\/wp-json\/wp\/v2\/types\/post"}],"author":[{"embeddable":true,"href":"https:\/\/newsestlyonnais.fr\/site\/wp-json\/wp\/v2\/users\/4"}],"replies":[{"embeddable":true,"href":"https:\/\/newsestlyonnais.fr\/site\/wp-json\/wp\/v2\/comments?post=178255"}],"version-history":[{"count":0,"href":"https:\/\/newsestlyonnais.fr\/site\/wp-json\/wp\/v2\/posts\/178255\/revisions"}],"wp:featuredmedia":[{"embeddable":true,"href":"https:\/\/newsestlyonnais.fr\/site\/wp-json\/wp\/v2\/media\/178257"}],"wp:attachment":[{"href":"https:\/\/newsestlyonnais.fr\/site\/wp-json\/wp\/v2\/media?parent=178255"}],"wp:term":[{"taxonomy":"category","embeddable":true,"href":"https:\/\/newsestlyonnais.fr\/site\/wp-json\/wp\/v2\/categories?post=178255"},{"taxonomy":"post_tag","embeddable":true,"href":"https:\/\/newsestlyonnais.fr\/site\/wp-json\/wp\/v2\/tags?post=178255"}],"curies":[{"name":"wp","href":"https:\/\/api.w.org\/{rel}","templated":true}]}}