{"id":178930,"date":"2023-03-31T06:07:54","date_gmt":"2023-03-31T05:07:54","guid":{"rendered":"https:\/\/newsestlyonnais.fr\/site\/?p=178930"},"modified":"2023-04-02T19:38:45","modified_gmt":"2023-04-02T18:38:45","slug":"feyzin-venissieux-11-marche-nordique-de-lafa","status":"publish","type":"post","link":"https:\/\/newsestlyonnais.fr\/site\/2023\/03\/31\/feyzin-venissieux-11-marche-nordique-de-lafa\/","title":{"rendered":"FEYZIN-VENISSIEUX | 11\u00b0 Marche nordique de l&rsquo;AFA"},"content":{"rendered":"<p>Un \u00e9v\u00e8nement toujours attendu par les adeptes de cette discipline en plein essor et qui a connu un beau succ\u00e8s populaire par le pass\u00e9 (<strong>le record datant de 2019 avec 345 participants<\/strong>). L&rsquo;an dernier, ils \u00e9taient 154 en sachant qu&rsquo;il avait neig\u00e9 la veille et pour cette ann\u00e9e, 140 inscriptions \u00e9taient d\u00e9j\u00e0 enregistr\u00e9es en ce d\u00e9but de semaine.<\/p>\n<hr \/>\n<p><strong>Quelques petits changements \u00e0 signaler cette ann\u00e9e<\/strong> pour cette \u00e9preuve co-organis\u00e9e par l&rsquo;AFA Feyzin-V\u00e9nissieux avec la Ville de V\u00e9nissieux et le concours de la Ville de Feyzin et l\u2019OMS de V\u00e9nissieux : comme le sens du 11 km chrono et le passage dans le Fort de Feyzin compl\u00e9t\u00e9 par un secteur dans les foss\u00e9s pour le 9 km \u00bb.<\/p>\n<p><span style=\"background-color: #000000; color: #ffffff;\">Horaires des d\u00e9parts <span style=\"background-color: #ffffff; color: #000000;\">(du Gymnase Alain Colas, avenue Jean Moulin V\u00e9nissieux ) :<\/span><\/span><\/p>\n<ul>\n<li>9 H : <strong>11 Km<\/strong> chronom\u00e9tr\u00e9<\/li>\n<li>9 H 15 : <strong>9 Km<\/strong> loisir<\/li>\n<li>9 H 45 : <strong>6 Km<\/strong> Famille<\/li>\n<\/ul>\n<p><span style=\"background-color: #000000; color: #ffffff;\">Tarifs :<\/span><strong><br \/>\n<\/strong><\/p>\n<ul>\n<li>10 \u20ac (gratuit pour les &#8211; 14 ans).<\/li>\n<li>12 \u20ac le jour de l&rsquo;\u00e9v\u00e8nement.<\/li>\n<\/ul>\n<p><span style=\"background-color: #000000; color: #ffffff;\"><strong>Inscriptions<\/strong>\u00a0:<\/span><\/p>\n<ul>\n<li><strong><a href=\"http:\/\/inscriptions-terrederunning.com\/marchenordiqueplateaudesgrandesterres2023\/select_competition\"><span style=\"color: #3366ff;\">En ligne ICI jusqu&rsquo;au 30 mars inclus<\/span><\/a><\/strong><\/li>\n<li><strong>sur place \u00e0 partir de 7 h 45, le dimanche 2 avril <\/strong>au gymnase Alain Colas, avenue Jean Moulin \u00e0 V\u00e9nissieux (co\u00fbt 12 \u20ac).<\/li>\n<li><strong>par courrier<\/strong> <strong>avant le vendredi 31 mars <\/strong>(ch\u00e8que \u00e0 l&rsquo;ordre de l&rsquo;AFA) : AFA Feyzin-V\u00e9nissieux \/ Stade Jean Bouin \/ 5 rue Jean Bouin \/ 69320 Feyzin<\/li>\n<\/ul>\n<hr \/>\n<p><span style=\"background-color: #000000;\"><span style=\"color: #ffffff;\">+ d&rsquo;infos :<\/span> <span style=\"color: #3366ff;\"><a class=\"moz-txt-link-freetext\" style=\"background-color: #000000; color: #3366ff;\" href=\"https:\/\/www.afafeyzinvenissieux.com\/page\/1759920-11e-edition-marche-nordique\">https:\/\/www.afafeyzinvenissieux.com\/page\/1759920-11e-edition-marche-nordique<\/a><\/span><\/span><\/p>\n<hr \/>\n<figure id=\"attachment_176619\" aria-describedby=\"caption-attachment-176619\" style=\"width: 485px\" class=\"wp-caption aligncenter\"><img loading=\"lazy\" decoding=\"async\" class=\"size-large wp-image-176619\" src=\"https:\/\/newsestlyonnais.fr\/site\/wp-content\/uploads\/2022\/03\/Affiche2-650x1006.jpg\" alt=\"\" width=\"485\" height=\"750\" srcset=\"https:\/\/newsestlyonnais.fr\/site\/wp-content\/uploads\/2022\/03\/Affiche2-650x1006.jpg 650w, https:\/\/newsestlyonnais.fr\/site\/wp-content\/uploads\/2022\/03\/Affiche2-400x619.jpg 400w, https:\/\/newsestlyonnais.fr\/site\/wp-content\/uploads\/2022\/03\/Affiche2-250x387.jpg 250w, https:\/\/newsestlyonnais.fr\/site\/wp-content\/uploads\/2022\/03\/Affiche2-768x1189.jpg 768w, https:\/\/newsestlyonnais.fr\/site\/wp-content\/uploads\/2022\/03\/Affiche2-150x232.jpg 150w, https:\/\/newsestlyonnais.fr\/site\/wp-content\/uploads\/2022\/03\/Affiche2-50x77.jpg 50w, https:\/\/newsestlyonnais.fr\/site\/wp-content\/uploads\/2022\/03\/Affiche2-100x155.jpg 100w, https:\/\/newsestlyonnais.fr\/site\/wp-content\/uploads\/2022\/03\/Affiche2-200x310.jpg 200w, https:\/\/newsestlyonnais.fr\/site\/wp-content\/uploads\/2022\/03\/Affiche2-300x465.jpg 300w, https:\/\/newsestlyonnais.fr\/site\/wp-content\/uploads\/2022\/03\/Affiche2-350x542.jpg 350w, https:\/\/newsestlyonnais.fr\/site\/wp-content\/uploads\/2022\/03\/Affiche2-450x697.jpg 450w, https:\/\/newsestlyonnais.fr\/site\/wp-content\/uploads\/2022\/03\/Affiche2-500x774.jpg 500w, https:\/\/newsestlyonnais.fr\/site\/wp-content\/uploads\/2022\/03\/Affiche2-550x852.jpg 550w, https:\/\/newsestlyonnais.fr\/site\/wp-content\/uploads\/2022\/03\/Affiche2.jpg 775w\" sizes=\"auto, (max-width: 485px) 100vw, 485px\" \/><figcaption id=\"caption-attachment-176619\" class=\"wp-caption-text\">11\u00b0 marche nordique<\/figcaption><\/figure>\n","protected":false},"excerpt":{"rendered":"<p>Une nouvelle \u00e9dition de cette \u00e9preuve organis\u00e9e en ce premier dimanche d&rsquo;avril sur le Plateau des Grandes Terres.  <\/p>\n","protected":false},"author":4,"featured_media":178890,"comment_status":"open","ping_status":"open","sticky":false,"template":"","format":"standard","meta":{"footnotes":""},"categories":[2968,1287,1298],"tags":[2556,2963,2427,2067],"class_list":["post-178930","post","type-post","status-publish","format-standard","has-post-thumbnail","hentry","category-athle-course-pied-marche","category-corbas-feyzin","category-venissieux","tag-afa-feyzin","tag-feyzin","tag-marche-nordique","tag-venissieux"],"yoast_head":"<!-- This site is optimized with the Yoast SEO plugin v27.2 - https:\/\/yoast.com\/product\/yoast-seo-wordpress\/ -->\n<title>FEYZIN-VENISSIEUX | 11\u00b0 Marche nordique de l&#039;AFA - News Est Lyonnais<\/title>\n<meta name=\"description\" content=\"FEYZIN-VENISSIEUX | 11\u00b0 Marche nordique de l&#039;AFA\" \/>\n<meta name=\"robots\" content=\"index, follow, max-snippet:-1, max-image-preview:large, max-video-preview:-1\" \/>\n<link rel=\"canonical\" href=\"https:\/\/newsestlyonnais.fr\/site\/2023\/03\/31\/feyzin-venissieux-11-marche-nordique-de-lafa\/\" \/>\n<meta property=\"og:locale\" content=\"fr_FR\" \/>\n<meta property=\"og:type\" content=\"article\" \/>\n<meta property=\"og:title\" content=\"FEYZIN-VENISSIEUX | 11\u00b0 Marche nordique de l&#039;AFA - News Est Lyonnais\" \/>\n<meta property=\"og:description\" content=\"FEYZIN-VENISSIEUX | 11\u00b0 Marche nordique de l&#039;AFA\" \/>\n<meta property=\"og:url\" content=\"https:\/\/newsestlyonnais.fr\/site\/2023\/03\/31\/feyzin-venissieux-11-marche-nordique-de-lafa\/\" \/>\n<meta property=\"og:site_name\" content=\"News Est Lyonnais\" \/>\n<meta property=\"article:author\" content=\"https:\/\/www.facebook.com\/pascal.oberson.1?fref=ts\" \/>\n<meta property=\"article:published_time\" content=\"2023-03-31T05:07:54+00:00\" \/>\n<meta property=\"article:modified_time\" content=\"2023-04-02T18:38:45+00:00\" \/>\n<meta property=\"og:image\" content=\"https:\/\/newsestlyonnais.fr\/site\/wp-content\/uploads\/2023\/03\/1-MN-Plateau-GT.jpg\" \/>\n\t<meta property=\"og:image:width\" content=\"1200\" \/>\n\t<meta property=\"og:image:height\" content=\"746\" \/>\n\t<meta property=\"og:image:type\" content=\"image\/jpeg\" \/>\n<meta name=\"author\" content=\"R\u00e9dac. NEWS\" \/>\n<meta name=\"twitter:card\" content=\"summary_large_image\" \/>\n<meta name=\"twitter:label1\" content=\"\u00c9crit par\" \/>\n\t<meta name=\"twitter:data1\" content=\"R\u00e9dac. NEWS\" \/>\n\t<meta name=\"twitter:label2\" content=\"Dur\u00e9e de lecture estim\u00e9e\" \/>\n\t<meta name=\"twitter:data2\" content=\"2 minutes\" \/>\n<script type=\"application\/ld+json\" class=\"yoast-schema-graph\">{\"@context\":\"https:\/\/schema.org\",\"@graph\":[{\"@type\":\"Article\",\"@id\":\"https:\/\/newsestlyonnais.fr\/site\/2023\/03\/31\/feyzin-venissieux-11-marche-nordique-de-lafa\/#article\",\"isPartOf\":{\"@id\":\"https:\/\/newsestlyonnais.fr\/site\/2023\/03\/31\/feyzin-venissieux-11-marche-nordique-de-lafa\/\"},\"author\":{\"name\":\"R\u00e9dac. NEWS\",\"@id\":\"https:\/\/newsestlyonnais.fr\/site\/#\/schema\/person\/3230d5615f390bb808365d673001e887\"},\"headline\":\"FEYZIN-VENISSIEUX | 11\u00b0 Marche nordique de l&rsquo;AFA\",\"datePublished\":\"2023-03-31T05:07:54+00:00\",\"dateModified\":\"2023-04-02T18:38:45+00:00\",\"mainEntityOfPage\":{\"@id\":\"https:\/\/newsestlyonnais.fr\/site\/2023\/03\/31\/feyzin-venissieux-11-marche-nordique-de-lafa\/\"},\"wordCount\":234,\"commentCount\":0,\"publisher\":{\"@id\":\"https:\/\/newsestlyonnais.fr\/site\/#organization\"},\"image\":{\"@id\":\"https:\/\/newsestlyonnais.fr\/site\/2023\/03\/31\/feyzin-venissieux-11-marche-nordique-de-lafa\/#primaryimage\"},\"thumbnailUrl\":\"https:\/\/newsestlyonnais.fr\/site\/wp-content\/uploads\/2023\/03\/1-MN-Plateau-GT.jpg\",\"keywords\":[\"AFA FEYZIN\",\"FEYZIN\",\"MARCHE NORDIQUE\",\"VENISSIEUX\"],\"articleSection\":[\"Athl\u00e9 | Course pied | Marche\",\"Corbas | Feyzin\",\"V\u00e9nissieux\"],\"inLanguage\":\"fr-FR\",\"potentialAction\":[{\"@type\":\"CommentAction\",\"name\":\"Comment\",\"target\":[\"https:\/\/newsestlyonnais.fr\/site\/2023\/03\/31\/feyzin-venissieux-11-marche-nordique-de-lafa\/#respond\"]}]},{\"@type\":\"WebPage\",\"@id\":\"https:\/\/newsestlyonnais.fr\/site\/2023\/03\/31\/feyzin-venissieux-11-marche-nordique-de-lafa\/\",\"url\":\"https:\/\/newsestlyonnais.fr\/site\/2023\/03\/31\/feyzin-venissieux-11-marche-nordique-de-lafa\/\",\"name\":\"FEYZIN-VENISSIEUX | 11\u00b0 Marche nordique de l'AFA - News Est Lyonnais\",\"isPartOf\":{\"@id\":\"https:\/\/newsestlyonnais.fr\/site\/#website\"},\"primaryImageOfPage\":{\"@id\":\"https:\/\/newsestlyonnais.fr\/site\/2023\/03\/31\/feyzin-venissieux-11-marche-nordique-de-lafa\/#primaryimage\"},\"image\":{\"@id\":\"https:\/\/newsestlyonnais.fr\/site\/2023\/03\/31\/feyzin-venissieux-11-marche-nordique-de-lafa\/#primaryimage\"},\"thumbnailUrl\":\"https:\/\/newsestlyonnais.fr\/site\/wp-content\/uploads\/2023\/03\/1-MN-Plateau-GT.jpg\",\"datePublished\":\"2023-03-31T05:07:54+00:00\",\"dateModified\":\"2023-04-02T18:38:45+00:00\",\"description\":\"FEYZIN-VENISSIEUX | 11\u00b0 Marche nordique de l'AFA\",\"breadcrumb\":{\"@id\":\"https:\/\/newsestlyonnais.fr\/site\/2023\/03\/31\/feyzin-venissieux-11-marche-nordique-de-lafa\/#breadcrumb\"},\"inLanguage\":\"fr-FR\",\"potentialAction\":[{\"@type\":\"ReadAction\",\"target\":[\"https:\/\/newsestlyonnais.fr\/site\/2023\/03\/31\/feyzin-venissieux-11-marche-nordique-de-lafa\/\"]}]},{\"@type\":\"ImageObject\",\"inLanguage\":\"fr-FR\",\"@id\":\"https:\/\/newsestlyonnais.fr\/site\/2023\/03\/31\/feyzin-venissieux-11-marche-nordique-de-lafa\/#primaryimage\",\"url\":\"https:\/\/newsestlyonnais.fr\/site\/wp-content\/uploads\/2023\/03\/1-MN-Plateau-GT.jpg\",\"contentUrl\":\"https:\/\/newsestlyonnais.fr\/site\/wp-content\/uploads\/2023\/03\/1-MN-Plateau-GT.jpg\",\"width\":1200,\"height\":746,\"caption\":\"Marche nordique sur le Plateau des Grandes Terres\"},{\"@type\":\"BreadcrumbList\",\"@id\":\"https:\/\/newsestlyonnais.fr\/site\/2023\/03\/31\/feyzin-venissieux-11-marche-nordique-de-lafa\/#breadcrumb\",\"itemListElement\":[{\"@type\":\"ListItem\",\"position\":1,\"name\":\"Accueil\",\"item\":\"https:\/\/newsestlyonnais.fr\/site\/\"},{\"@type\":\"ListItem\",\"position\":2,\"name\":\"FEYZIN-VENISSIEUX | 11\u00b0 Marche nordique de l&rsquo;AFA\"}]},{\"@type\":\"WebSite\",\"@id\":\"https:\/\/newsestlyonnais.fr\/site\/#website\",\"url\":\"https:\/\/newsestlyonnais.fr\/site\/\",\"name\":\"News Est Lyonnais\",\"description\":\"L&#039;actualit\u00e9 au plus pr\u00e8s\",\"publisher\":{\"@id\":\"https:\/\/newsestlyonnais.fr\/site\/#organization\"},\"potentialAction\":[{\"@type\":\"SearchAction\",\"target\":{\"@type\":\"EntryPoint\",\"urlTemplate\":\"https:\/\/newsestlyonnais.fr\/site\/?s={search_term_string}\"},\"query-input\":{\"@type\":\"PropertyValueSpecification\",\"valueRequired\":true,\"valueName\":\"search_term_string\"}}],\"inLanguage\":\"fr-FR\"},{\"@type\":\"Organization\",\"@id\":\"https:\/\/newsestlyonnais.fr\/site\/#organization\",\"name\":\"News EST LYONNAIS\",\"url\":\"https:\/\/newsestlyonnais.fr\/site\/\",\"logo\":{\"@type\":\"ImageObject\",\"inLanguage\":\"fr-FR\",\"@id\":\"https:\/\/newsestlyonnais.fr\/site\/#\/schema\/logo\/image\/\",\"url\":\"\",\"contentUrl\":\"\",\"caption\":\"News EST LYONNAIS\"},\"image\":{\"@id\":\"https:\/\/newsestlyonnais.fr\/site\/#\/schema\/logo\/image\/\"}},{\"@type\":\"Person\",\"@id\":\"https:\/\/newsestlyonnais.fr\/site\/#\/schema\/person\/3230d5615f390bb808365d673001e887\",\"name\":\"R\u00e9dac. NEWS\",\"sameAs\":[\"http:\/\/www.newsestlyonnais.fr\",\"https:\/\/www.facebook.com\/pascal.oberson.1?fref=ts\",\"https:\/\/fr.linkedin.com\/in\/pascal-oberson-b17045113\"],\"url\":\"https:\/\/newsestlyonnais.fr\/site\/author\/nel\/\"}]}<\/script>\n<!-- \/ Yoast SEO plugin. -->","yoast_head_json":{"title":"FEYZIN-VENISSIEUX | 11\u00b0 Marche nordique de l'AFA - News Est Lyonnais","description":"FEYZIN-VENISSIEUX | 11\u00b0 Marche nordique de l'AFA","robots":{"index":"index","follow":"follow","max-snippet":"max-snippet:-1","max-image-preview":"max-image-preview:large","max-video-preview":"max-video-preview:-1"},"canonical":"https:\/\/newsestlyonnais.fr\/site\/2023\/03\/31\/feyzin-venissieux-11-marche-nordique-de-lafa\/","og_locale":"fr_FR","og_type":"article","og_title":"FEYZIN-VENISSIEUX | 11\u00b0 Marche nordique de l'AFA - News Est Lyonnais","og_description":"FEYZIN-VENISSIEUX | 11\u00b0 Marche nordique de l'AFA","og_url":"https:\/\/newsestlyonnais.fr\/site\/2023\/03\/31\/feyzin-venissieux-11-marche-nordique-de-lafa\/","og_site_name":"News Est Lyonnais","article_author":"https:\/\/www.facebook.com\/pascal.oberson.1?fref=ts","article_published_time":"2023-03-31T05:07:54+00:00","article_modified_time":"2023-04-02T18:38:45+00:00","og_image":[{"width":1200,"height":746,"url":"https:\/\/newsestlyonnais.fr\/site\/wp-content\/uploads\/2023\/03\/1-MN-Plateau-GT.jpg","type":"image\/jpeg"}],"author":"R\u00e9dac. NEWS","twitter_card":"summary_large_image","twitter_misc":{"\u00c9crit par":"R\u00e9dac. NEWS","Dur\u00e9e de lecture estim\u00e9e":"2 minutes"},"schema":{"@context":"https:\/\/schema.org","@graph":[{"@type":"Article","@id":"https:\/\/newsestlyonnais.fr\/site\/2023\/03\/31\/feyzin-venissieux-11-marche-nordique-de-lafa\/#article","isPartOf":{"@id":"https:\/\/newsestlyonnais.fr\/site\/2023\/03\/31\/feyzin-venissieux-11-marche-nordique-de-lafa\/"},"author":{"name":"R\u00e9dac. NEWS","@id":"https:\/\/newsestlyonnais.fr\/site\/#\/schema\/person\/3230d5615f390bb808365d673001e887"},"headline":"FEYZIN-VENISSIEUX | 11\u00b0 Marche nordique de l&rsquo;AFA","datePublished":"2023-03-31T05:07:54+00:00","dateModified":"2023-04-02T18:38:45+00:00","mainEntityOfPage":{"@id":"https:\/\/newsestlyonnais.fr\/site\/2023\/03\/31\/feyzin-venissieux-11-marche-nordique-de-lafa\/"},"wordCount":234,"commentCount":0,"publisher":{"@id":"https:\/\/newsestlyonnais.fr\/site\/#organization"},"image":{"@id":"https:\/\/newsestlyonnais.fr\/site\/2023\/03\/31\/feyzin-venissieux-11-marche-nordique-de-lafa\/#primaryimage"},"thumbnailUrl":"https:\/\/newsestlyonnais.fr\/site\/wp-content\/uploads\/2023\/03\/1-MN-Plateau-GT.jpg","keywords":["AFA FEYZIN","FEYZIN","MARCHE NORDIQUE","VENISSIEUX"],"articleSection":["Athl\u00e9 | Course pied | Marche","Corbas | Feyzin","V\u00e9nissieux"],"inLanguage":"fr-FR","potentialAction":[{"@type":"CommentAction","name":"Comment","target":["https:\/\/newsestlyonnais.fr\/site\/2023\/03\/31\/feyzin-venissieux-11-marche-nordique-de-lafa\/#respond"]}]},{"@type":"WebPage","@id":"https:\/\/newsestlyonnais.fr\/site\/2023\/03\/31\/feyzin-venissieux-11-marche-nordique-de-lafa\/","url":"https:\/\/newsestlyonnais.fr\/site\/2023\/03\/31\/feyzin-venissieux-11-marche-nordique-de-lafa\/","name":"FEYZIN-VENISSIEUX | 11\u00b0 Marche nordique de l'AFA - News Est Lyonnais","isPartOf":{"@id":"https:\/\/newsestlyonnais.fr\/site\/#website"},"primaryImageOfPage":{"@id":"https:\/\/newsestlyonnais.fr\/site\/2023\/03\/31\/feyzin-venissieux-11-marche-nordique-de-lafa\/#primaryimage"},"image":{"@id":"https:\/\/newsestlyonnais.fr\/site\/2023\/03\/31\/feyzin-venissieux-11-marche-nordique-de-lafa\/#primaryimage"},"thumbnailUrl":"https:\/\/newsestlyonnais.fr\/site\/wp-content\/uploads\/2023\/03\/1-MN-Plateau-GT.jpg","datePublished":"2023-03-31T05:07:54+00:00","dateModified":"2023-04-02T18:38:45+00:00","description":"FEYZIN-VENISSIEUX | 11\u00b0 Marche nordique de l'AFA","breadcrumb":{"@id":"https:\/\/newsestlyonnais.fr\/site\/2023\/03\/31\/feyzin-venissieux-11-marche-nordique-de-lafa\/#breadcrumb"},"inLanguage":"fr-FR","potentialAction":[{"@type":"ReadAction","target":["https:\/\/newsestlyonnais.fr\/site\/2023\/03\/31\/feyzin-venissieux-11-marche-nordique-de-lafa\/"]}]},{"@type":"ImageObject","inLanguage":"fr-FR","@id":"https:\/\/newsestlyonnais.fr\/site\/2023\/03\/31\/feyzin-venissieux-11-marche-nordique-de-lafa\/#primaryimage","url":"https:\/\/newsestlyonnais.fr\/site\/wp-content\/uploads\/2023\/03\/1-MN-Plateau-GT.jpg","contentUrl":"https:\/\/newsestlyonnais.fr\/site\/wp-content\/uploads\/2023\/03\/1-MN-Plateau-GT.jpg","width":1200,"height":746,"caption":"Marche nordique sur le Plateau des Grandes Terres"},{"@type":"BreadcrumbList","@id":"https:\/\/newsestlyonnais.fr\/site\/2023\/03\/31\/feyzin-venissieux-11-marche-nordique-de-lafa\/#breadcrumb","itemListElement":[{"@type":"ListItem","position":1,"name":"Accueil","item":"https:\/\/newsestlyonnais.fr\/site\/"},{"@type":"ListItem","position":2,"name":"FEYZIN-VENISSIEUX | 11\u00b0 Marche nordique de l&rsquo;AFA"}]},{"@type":"WebSite","@id":"https:\/\/newsestlyonnais.fr\/site\/#website","url":"https:\/\/newsestlyonnais.fr\/site\/","name":"News Est Lyonnais","description":"L&#039;actualit\u00e9 au plus pr\u00e8s","publisher":{"@id":"https:\/\/newsestlyonnais.fr\/site\/#organization"},"potentialAction":[{"@type":"SearchAction","target":{"@type":"EntryPoint","urlTemplate":"https:\/\/newsestlyonnais.fr\/site\/?s={search_term_string}"},"query-input":{"@type":"PropertyValueSpecification","valueRequired":true,"valueName":"search_term_string"}}],"inLanguage":"fr-FR"},{"@type":"Organization","@id":"https:\/\/newsestlyonnais.fr\/site\/#organization","name":"News EST LYONNAIS","url":"https:\/\/newsestlyonnais.fr\/site\/","logo":{"@type":"ImageObject","inLanguage":"fr-FR","@id":"https:\/\/newsestlyonnais.fr\/site\/#\/schema\/logo\/image\/","url":"","contentUrl":"","caption":"News EST LYONNAIS"},"image":{"@id":"https:\/\/newsestlyonnais.fr\/site\/#\/schema\/logo\/image\/"}},{"@type":"Person","@id":"https:\/\/newsestlyonnais.fr\/site\/#\/schema\/person\/3230d5615f390bb808365d673001e887","name":"R\u00e9dac. NEWS","sameAs":["http:\/\/www.newsestlyonnais.fr","https:\/\/www.facebook.com\/pascal.oberson.1?fref=ts","https:\/\/fr.linkedin.com\/in\/pascal-oberson-b17045113"],"url":"https:\/\/newsestlyonnais.fr\/site\/author\/nel\/"}]}},"_links":{"self":[{"href":"https:\/\/newsestlyonnais.fr\/site\/wp-json\/wp\/v2\/posts\/178930","targetHints":{"allow":["GET"]}}],"collection":[{"href":"https:\/\/newsestlyonnais.fr\/site\/wp-json\/wp\/v2\/posts"}],"about":[{"href":"https:\/\/newsestlyonnais.fr\/site\/wp-json\/wp\/v2\/types\/post"}],"author":[{"embeddable":true,"href":"https:\/\/newsestlyonnais.fr\/site\/wp-json\/wp\/v2\/users\/4"}],"replies":[{"embeddable":true,"href":"https:\/\/newsestlyonnais.fr\/site\/wp-json\/wp\/v2\/comments?post=178930"}],"version-history":[{"count":0,"href":"https:\/\/newsestlyonnais.fr\/site\/wp-json\/wp\/v2\/posts\/178930\/revisions"}],"wp:featuredmedia":[{"embeddable":true,"href":"https:\/\/newsestlyonnais.fr\/site\/wp-json\/wp\/v2\/media\/178890"}],"wp:attachment":[{"href":"https:\/\/newsestlyonnais.fr\/site\/wp-json\/wp\/v2\/media?parent=178930"}],"wp:term":[{"taxonomy":"category","embeddable":true,"href":"https:\/\/newsestlyonnais.fr\/site\/wp-json\/wp\/v2\/categories?post=178930"},{"taxonomy":"post_tag","embeddable":true,"href":"https:\/\/newsestlyonnais.fr\/site\/wp-json\/wp\/v2\/tags?post=178930"}],"curies":[{"name":"wp","href":"https:\/\/api.w.org\/{rel}","templated":true}]}}