{"id":179009,"date":"2023-03-29T15:37:48","date_gmt":"2023-03-29T14:37:48","guid":{"rendered":"https:\/\/newsestlyonnais.fr\/site\/?p=179009"},"modified":"2023-03-30T15:24:21","modified_gmt":"2023-03-30T14:24:21","slug":"bron-place-de-la-liberte-les-brondillants-semparent-pleinement-du-projet","status":"publish","type":"post","link":"https:\/\/newsestlyonnais.fr\/site\/2023\/03\/29\/bron-place-de-la-liberte-les-brondillants-semparent-pleinement-du-projet\/","title":{"rendered":"BRON | Place de la Libert\u00e9 > les Brondillants s\u2019emparent pleinement du projet"},"content":{"rendered":"<p><strong><span id=\"page113R_mcid1\" class=\"markedContent\"><span dir=\"ltr\" role=\"presentation\">Elle concernait <\/span><\/span><span id=\"page113R_mcid3\" class=\"markedContent\"><span dir=\"ltr\" role=\"presentation\">le r\u00e9am\u00e9nagement de la place de la Libert\u00e9, vaste<\/span><\/span><\/strong><span id=\"page113R_mcid4\" class=\"markedContent\"> <span dir=\"ltr\" role=\"presentation\"><strong>terrain de 20.000 m\u00b2, qui tr\u00f4ne au c\u0153ur de la ville.<\/strong> <\/span><\/span><\/p>\n<p><span id=\"page113R_mcid4\" class=\"markedContent\"><span dir=\"ltr\" role=\"presentation\">Alors que ce projet<\/span><\/span><span id=\"page113R_mcid5\" class=\"markedContent\"> <span dir=\"ltr\" role=\"presentation\">de r\u00e9am\u00e9nagement \u00e9tait \u00e9voqu\u00e9 vainement depuis des d\u00e9cennies,<\/span><\/span><span id=\"page113R_mcid6\" class=\"markedContent\"> <span dir=\"ltr\" role=\"presentation\">la nouvelle municipalit\u00e9 a bataill\u00e9 pour obtenir de la M\u00e9tropole &#8211;<\/span><\/span><span id=\"page113R_mcid7\" class=\"markedContent\"><span dir=\"ltr\" role=\"presentation\">propri\u00e9taire du terrain &#8211; qu\u2019elle lance enfin une concertation et d\u00e9bloque <\/span><\/span><span id=\"page113R_mcid8\" class=\"markedContent\"><span dir=\"ltr\" role=\"presentation\">une premi\u00e8re ligne de cr\u00e9dit de plus d\u2019un million d\u2019euros.<\/span><\/span><\/p>\n<p><strong><span id=\"page113R_mcid9\" class=\"markedContent\"><span dir=\"ltr\" role=\"presentation\">La place de la Libert\u00e9, 2\u00b0 <\/span><\/span><span id=\"page113R_mcid11\" class=\"markedContent\"><span dir=\"ltr\" role=\"presentation\">espace du Rh\u00f4ne par sa taille apr\u00e8s la<\/span><\/span><\/strong><span id=\"page113R_mcid12\" class=\"markedContent\"> <span dir=\"ltr\" role=\"presentation\"><strong>place Bellecour, fait office de parking d\u2019environ 400 places<\/strong>, qui sert<\/span><\/span><span id=\"page113R_mcid13\" class=\"markedContent\"> <span dir=\"ltr\" role=\"presentation\">principalement de parking relais aux habitants de la M\u00e9tropole, espace<\/span><\/span><span id=\"page113R_mcid14\" class=\"markedContent\"> <span dir=\"ltr\" role=\"presentation\">non-utilis\u00e9 le soir et le week-end. Le site tr\u00e8s min\u00e9ral et tr\u00e8s expos\u00e9, est<\/span><\/span><span id=\"page113R_mcid15\" class=\"markedContent\"> <span dir=\"ltr\" role=\"presentation\">une v\u00e9ritable source de chaleur et m\u00e9rite d\u2019\u00eatre v\u00e9g\u00e9talis\u00e9. Enfin, ce<\/span><\/span><span id=\"page113R_mcid16\" class=\"markedContent\"> <span dir=\"ltr\" role=\"presentation\">parking \u00e0 ciel ouvert ne permet pas aujourd\u2019hui de r\u00e9pondre \u00e0 une attente<\/span><\/span><span id=\"page113R_mcid17\" class=\"markedContent\"> <span dir=\"ltr\" role=\"presentation\">forte des Brondillants : relier les deux espaces commerciaux des avenues<\/span><\/span><span id=\"page113R_mcid18\" class=\"markedContent\"> <span dir=\"ltr\" role=\"presentation\">Franklin-Roosevelt et Camille-Rousset, par un lieu de vie convivial, un lieu <\/span><\/span><span id=\"page113R_mcid19\" class=\"markedContent\"><span dir=\"ltr\" role=\"presentation\">d\u2019animation, un lieu de rencontres.<\/span><\/span><span id=\"page113R_mcid20\" class=\"markedContent\"><\/span><\/p>\n<p><span id=\"page113R_mcid20\" class=\"markedContent\"><span dir=\"ltr\" role=\"presentation\">Pour partager cette r\u00e9flexion, le Maire de Bron J\u00e9r\u00e9mie Br\u00e9aud, ses<\/span><\/span><span id=\"page113R_mcid21\" class=\"markedContent\"> <span dir=\"ltr\" role=\"presentation\">adjoints ainsi que les Vice-Pr\u00e9sidentes de la M\u00e9tropole B\u00e9atrice Vessilier<\/span><\/span><span id=\"page113R_mcid22\" class=\"markedContent\"> <span dir=\"ltr\" role=\"presentation\">et Laurence Boffet, <strong>ont \u00e9chang\u00e9 avec plus de 200 personnes<\/strong> au cours de <\/span><\/span><span id=\"page113R_mcid23\" class=\"markedContent\"><span dir=\"ltr\" role=\"presentation\">cette premi\u00e8re r\u00e9union qui se d\u00e9roulait \u00e0 l\u2019H\u00f4tel de Ville de Bron.<\/span><\/span><\/p>\n<p><strong><span id=\"page1R_mcid29\" class=\"markedContent\"><span dir=\"ltr\" role=\"presentation\">Cette r\u00e9union avait d\u2019abord pour but d\u2019expliquer le d\u00e9roulement de la<\/span><\/span><\/strong><span id=\"page1R_mcid30\" class=\"markedContent\"> <span dir=\"ltr\" role=\"presentation\"><strong>concertation (de mars \u00e0 mai 2023)<\/strong>, sur dossier papier \u00e0 l\u2019H\u00f4tel de Ville,<\/span><\/span><span id=\"page1R_mcid31\" class=\"markedContent\"> <span dir=\"ltr\" role=\"presentation\">via des ateliers, une adresse mail d\u00e9di\u00e9e (concertation.bronliberte@<\/span><\/span><span id=\"page1R_mcid32\" class=\"markedContent\"><span dir=\"ltr\" role=\"presentation\">grandlyon.com) ou encore via la plateforme (jeparticipe.grandlyon.com).<\/span><\/span><span id=\"page1R_mcid33\" class=\"markedContent\"><\/span><\/p>\n<p><strong><span id=\"page1R_mcid33\" class=\"markedContent\"><span dir=\"ltr\" role=\"presentation\">L\u2019ensemble du calendrier a \u00e9galement \u00e9t\u00e9 d\u00e9voil\u00e9, qui permet d\u2019esp\u00e9rer<\/span><\/span><span id=\"page1R_mcid34\" class=\"markedContent\"> <span dir=\"ltr\" role=\"presentation\">une livraison de premiers travaux mi-2026, une seconde \u00e0 l\u2019horizon 2030.<\/span><\/span><\/strong><span id=\"page1R_mcid35\" class=\"markedContent\"><\/span><\/p>\n<hr \/>\n<p><strong><span id=\"page1R_mcid35\" class=\"markedContent\"><span dir=\"ltr\" role=\"presentation\">Le Maire de Bron a vivement encourag\u00e9 les Brondillants \u00e0 s\u2019emparer<\/span><\/span><\/strong><span id=\"page1R_mcid36\" class=\"markedContent\"> <span dir=\"ltr\" role=\"presentation\"><strong>de ce projet d\u00e8s aujourd\u2019hui<\/strong> : <\/span><\/span><\/p>\n<p><span id=\"page1R_mcid36\" class=\"markedContent\"><span dir=\"ltr\" role=\"presentation\">\u00ab<\/span><\/span><span id=\"page1R_mcid37\" class=\"markedContent\"> <span dir=\"ltr\" role=\"presentation\">Ce r\u00e9am\u00e9nagement de la place est une<\/span><\/span><span id=\"page1R_mcid38\" class=\"markedContent\"> <span dir=\"ltr\" role=\"presentation\">formidable opportunit\u00e9 pour notre ville. Comme pour chaque nouveau <\/span><\/span><span id=\"page1R_mcid39\" class=\"markedContent\"><span dir=\"ltr\" role=\"presentation\">projet, des craintes peuvent exister, nous sommes l\u00e0 pour avancer<\/span><\/span><span id=\"page1R_mcid40\" class=\"markedContent\"> <span dir=\"ltr\" role=\"presentation\">ensemble et repenser l\u2019avenir de cet espace public d\u2019envergure<\/span><\/span><span id=\"page1R_mcid41\" class=\"markedContent\"> <span dir=\"ltr\" role=\"presentation\">\u00bb.<\/span><\/span><\/p>\n<hr \/>\n<p><strong>Source : communiqu\u00e9 de la Ville de Bron et photo \u00e0 la une : droits r\u00e9serv\u00e9s<br \/>\n<\/strong><\/p>\n<p><span style=\"font-size: 14pt;\"><span style=\"background-color: #000000; color: #ffffff;\">&gt;&gt; Toute l&rsquo;ACTU de la commune sur :<\/span><span style=\"color: #3366ff; background-color: #000000;\"> <a style=\"color: #3366ff; background-color: #000000;\" href=\"https:\/\/www.ville-bron.fr\">https:\/\/www.ville-bron.fr<\/a><\/span><\/span><\/p>\n","protected":false},"excerpt":{"rendered":"<p>La Ville de Bron organisait mardi soir une grande r\u00e9union de concertation autour de l\u2019un des projets phares de la mandature. <\/p>\n","protected":false},"author":4,"featured_media":179011,"comment_status":"open","ping_status":"open","sticky":false,"template":"","format":"standard","meta":{"footnotes":""},"categories":[2217,19,172],"tags":[2631,2072,2127],"class_list":["post-179009","post","type-post","status-publish","format-standard","has-post-thumbnail","hentry","category-breves-de-lest-lyonnais","category-bron","category-travaux-amenagements","tag-amenagement","tag-bron","tag-travaux"],"yoast_head":"<!-- This site is optimized with the Yoast SEO plugin v27.2 - https:\/\/yoast.com\/product\/yoast-seo-wordpress\/ -->\n<title>BRON | Place de la Libert\u00e9 &gt; les Brondillants s\u2019emparent pleinement du projet - News Est Lyonnais<\/title>\n<meta name=\"description\" content=\"BRON | Place de la Libert\u00e9 &gt; les Brondillants s\u2019emparent pleinement du projet\" \/>\n<meta name=\"robots\" content=\"index, follow, max-snippet:-1, max-image-preview:large, max-video-preview:-1\" \/>\n<link rel=\"canonical\" href=\"https:\/\/newsestlyonnais.fr\/site\/2023\/03\/29\/bron-place-de-la-liberte-les-brondillants-semparent-pleinement-du-projet\/\" \/>\n<meta property=\"og:locale\" content=\"fr_FR\" \/>\n<meta property=\"og:type\" content=\"article\" \/>\n<meta property=\"og:title\" content=\"BRON | Place de la Libert\u00e9 &gt; les Brondillants s\u2019emparent pleinement du projet - News Est Lyonnais\" \/>\n<meta property=\"og:description\" content=\"BRON | Place de la Libert\u00e9 &gt; les Brondillants s\u2019emparent pleinement du projet\" \/>\n<meta property=\"og:url\" content=\"https:\/\/newsestlyonnais.fr\/site\/2023\/03\/29\/bron-place-de-la-liberte-les-brondillants-semparent-pleinement-du-projet\/\" \/>\n<meta property=\"og:site_name\" content=\"News Est Lyonnais\" \/>\n<meta property=\"article:author\" content=\"https:\/\/www.facebook.com\/pascal.oberson.1?fref=ts\" \/>\n<meta property=\"article:published_time\" content=\"2023-03-29T14:37:48+00:00\" \/>\n<meta property=\"article:modified_time\" content=\"2023-03-30T14:24:21+00:00\" \/>\n<meta property=\"og:image\" content=\"https:\/\/newsestlyonnais.fr\/site\/wp-content\/uploads\/2023\/03\/place-liberte.jpg\" \/>\n\t<meta property=\"og:image:width\" content=\"306\" \/>\n\t<meta property=\"og:image:height\" content=\"204\" \/>\n\t<meta property=\"og:image:type\" content=\"image\/jpeg\" \/>\n<meta name=\"author\" content=\"R\u00e9dac. NEWS\" \/>\n<meta name=\"twitter:card\" content=\"summary_large_image\" \/>\n<meta name=\"twitter:label1\" content=\"\u00c9crit par\" \/>\n\t<meta name=\"twitter:data1\" content=\"R\u00e9dac. NEWS\" \/>\n\t<meta name=\"twitter:label2\" content=\"Dur\u00e9e de lecture estim\u00e9e\" \/>\n\t<meta name=\"twitter:data2\" content=\"2 minutes\" \/>\n<script type=\"application\/ld+json\" class=\"yoast-schema-graph\">{\"@context\":\"https:\/\/schema.org\",\"@graph\":[{\"@type\":\"Article\",\"@id\":\"https:\/\/newsestlyonnais.fr\/site\/2023\/03\/29\/bron-place-de-la-liberte-les-brondillants-semparent-pleinement-du-projet\/#article\",\"isPartOf\":{\"@id\":\"https:\/\/newsestlyonnais.fr\/site\/2023\/03\/29\/bron-place-de-la-liberte-les-brondillants-semparent-pleinement-du-projet\/\"},\"author\":{\"name\":\"R\u00e9dac. NEWS\",\"@id\":\"https:\/\/newsestlyonnais.fr\/site\/#\/schema\/person\/3230d5615f390bb808365d673001e887\"},\"headline\":\"BRON | Place de la Libert\u00e9 > les Brondillants s\u2019emparent pleinement du projet\",\"datePublished\":\"2023-03-29T14:37:48+00:00\",\"dateModified\":\"2023-03-30T14:24:21+00:00\",\"mainEntityOfPage\":{\"@id\":\"https:\/\/newsestlyonnais.fr\/site\/2023\/03\/29\/bron-place-de-la-liberte-les-brondillants-semparent-pleinement-du-projet\/\"},\"wordCount\":415,\"commentCount\":0,\"publisher\":{\"@id\":\"https:\/\/newsestlyonnais.fr\/site\/#organization\"},\"image\":{\"@id\":\"https:\/\/newsestlyonnais.fr\/site\/2023\/03\/29\/bron-place-de-la-liberte-les-brondillants-semparent-pleinement-du-projet\/#primaryimage\"},\"thumbnailUrl\":\"https:\/\/newsestlyonnais.fr\/site\/wp-content\/uploads\/2023\/03\/place-liberte.jpg\",\"keywords\":[\"AMENAGEMENT\",\"BRON\",\"TRAVAUX\"],\"articleSection\":[\"Br\u00e8ves de l'Est lyonnais\",\"Bron\",\"Travaux | Am\u00e9nagements\"],\"inLanguage\":\"fr-FR\",\"potentialAction\":[{\"@type\":\"CommentAction\",\"name\":\"Comment\",\"target\":[\"https:\/\/newsestlyonnais.fr\/site\/2023\/03\/29\/bron-place-de-la-liberte-les-brondillants-semparent-pleinement-du-projet\/#respond\"]}]},{\"@type\":\"WebPage\",\"@id\":\"https:\/\/newsestlyonnais.fr\/site\/2023\/03\/29\/bron-place-de-la-liberte-les-brondillants-semparent-pleinement-du-projet\/\",\"url\":\"https:\/\/newsestlyonnais.fr\/site\/2023\/03\/29\/bron-place-de-la-liberte-les-brondillants-semparent-pleinement-du-projet\/\",\"name\":\"BRON | Place de la Libert\u00e9 > les Brondillants s\u2019emparent pleinement du projet - News Est Lyonnais\",\"isPartOf\":{\"@id\":\"https:\/\/newsestlyonnais.fr\/site\/#website\"},\"primaryImageOfPage\":{\"@id\":\"https:\/\/newsestlyonnais.fr\/site\/2023\/03\/29\/bron-place-de-la-liberte-les-brondillants-semparent-pleinement-du-projet\/#primaryimage\"},\"image\":{\"@id\":\"https:\/\/newsestlyonnais.fr\/site\/2023\/03\/29\/bron-place-de-la-liberte-les-brondillants-semparent-pleinement-du-projet\/#primaryimage\"},\"thumbnailUrl\":\"https:\/\/newsestlyonnais.fr\/site\/wp-content\/uploads\/2023\/03\/place-liberte.jpg\",\"datePublished\":\"2023-03-29T14:37:48+00:00\",\"dateModified\":\"2023-03-30T14:24:21+00:00\",\"description\":\"BRON | Place de la Libert\u00e9 > les Brondillants s\u2019emparent pleinement du projet\",\"breadcrumb\":{\"@id\":\"https:\/\/newsestlyonnais.fr\/site\/2023\/03\/29\/bron-place-de-la-liberte-les-brondillants-semparent-pleinement-du-projet\/#breadcrumb\"},\"inLanguage\":\"fr-FR\",\"potentialAction\":[{\"@type\":\"ReadAction\",\"target\":[\"https:\/\/newsestlyonnais.fr\/site\/2023\/03\/29\/bron-place-de-la-liberte-les-brondillants-semparent-pleinement-du-projet\/\"]}]},{\"@type\":\"ImageObject\",\"inLanguage\":\"fr-FR\",\"@id\":\"https:\/\/newsestlyonnais.fr\/site\/2023\/03\/29\/bron-place-de-la-liberte-les-brondillants-semparent-pleinement-du-projet\/#primaryimage\",\"url\":\"https:\/\/newsestlyonnais.fr\/site\/wp-content\/uploads\/2023\/03\/place-liberte.jpg\",\"contentUrl\":\"https:\/\/newsestlyonnais.fr\/site\/wp-content\/uploads\/2023\/03\/place-liberte.jpg\",\"width\":306,\"height\":204},{\"@type\":\"BreadcrumbList\",\"@id\":\"https:\/\/newsestlyonnais.fr\/site\/2023\/03\/29\/bron-place-de-la-liberte-les-brondillants-semparent-pleinement-du-projet\/#breadcrumb\",\"itemListElement\":[{\"@type\":\"ListItem\",\"position\":1,\"name\":\"Accueil\",\"item\":\"https:\/\/newsestlyonnais.fr\/site\/\"},{\"@type\":\"ListItem\",\"position\":2,\"name\":\"BRON | Place de la Libert\u00e9 > les Brondillants s\u2019emparent pleinement du projet\"}]},{\"@type\":\"WebSite\",\"@id\":\"https:\/\/newsestlyonnais.fr\/site\/#website\",\"url\":\"https:\/\/newsestlyonnais.fr\/site\/\",\"name\":\"News Est Lyonnais\",\"description\":\"L&#039;actualit\u00e9 au plus pr\u00e8s\",\"publisher\":{\"@id\":\"https:\/\/newsestlyonnais.fr\/site\/#organization\"},\"potentialAction\":[{\"@type\":\"SearchAction\",\"target\":{\"@type\":\"EntryPoint\",\"urlTemplate\":\"https:\/\/newsestlyonnais.fr\/site\/?s={search_term_string}\"},\"query-input\":{\"@type\":\"PropertyValueSpecification\",\"valueRequired\":true,\"valueName\":\"search_term_string\"}}],\"inLanguage\":\"fr-FR\"},{\"@type\":\"Organization\",\"@id\":\"https:\/\/newsestlyonnais.fr\/site\/#organization\",\"name\":\"News EST LYONNAIS\",\"url\":\"https:\/\/newsestlyonnais.fr\/site\/\",\"logo\":{\"@type\":\"ImageObject\",\"inLanguage\":\"fr-FR\",\"@id\":\"https:\/\/newsestlyonnais.fr\/site\/#\/schema\/logo\/image\/\",\"url\":\"\",\"contentUrl\":\"\",\"caption\":\"News EST LYONNAIS\"},\"image\":{\"@id\":\"https:\/\/newsestlyonnais.fr\/site\/#\/schema\/logo\/image\/\"}},{\"@type\":\"Person\",\"@id\":\"https:\/\/newsestlyonnais.fr\/site\/#\/schema\/person\/3230d5615f390bb808365d673001e887\",\"name\":\"R\u00e9dac. NEWS\",\"sameAs\":[\"http:\/\/www.newsestlyonnais.fr\",\"https:\/\/www.facebook.com\/pascal.oberson.1?fref=ts\",\"https:\/\/fr.linkedin.com\/in\/pascal-oberson-b17045113\"],\"url\":\"https:\/\/newsestlyonnais.fr\/site\/author\/nel\/\"}]}<\/script>\n<!-- \/ Yoast SEO plugin. -->","yoast_head_json":{"title":"BRON | Place de la Libert\u00e9 > les Brondillants s\u2019emparent pleinement du projet - News Est Lyonnais","description":"BRON | Place de la Libert\u00e9 > les Brondillants s\u2019emparent pleinement du projet","robots":{"index":"index","follow":"follow","max-snippet":"max-snippet:-1","max-image-preview":"max-image-preview:large","max-video-preview":"max-video-preview:-1"},"canonical":"https:\/\/newsestlyonnais.fr\/site\/2023\/03\/29\/bron-place-de-la-liberte-les-brondillants-semparent-pleinement-du-projet\/","og_locale":"fr_FR","og_type":"article","og_title":"BRON | Place de la Libert\u00e9 > les Brondillants s\u2019emparent pleinement du projet - News Est Lyonnais","og_description":"BRON | Place de la Libert\u00e9 > les Brondillants s\u2019emparent pleinement du projet","og_url":"https:\/\/newsestlyonnais.fr\/site\/2023\/03\/29\/bron-place-de-la-liberte-les-brondillants-semparent-pleinement-du-projet\/","og_site_name":"News Est Lyonnais","article_author":"https:\/\/www.facebook.com\/pascal.oberson.1?fref=ts","article_published_time":"2023-03-29T14:37:48+00:00","article_modified_time":"2023-03-30T14:24:21+00:00","og_image":[{"width":306,"height":204,"url":"https:\/\/newsestlyonnais.fr\/site\/wp-content\/uploads\/2023\/03\/place-liberte.jpg","type":"image\/jpeg"}],"author":"R\u00e9dac. NEWS","twitter_card":"summary_large_image","twitter_misc":{"\u00c9crit par":"R\u00e9dac. NEWS","Dur\u00e9e de lecture estim\u00e9e":"2 minutes"},"schema":{"@context":"https:\/\/schema.org","@graph":[{"@type":"Article","@id":"https:\/\/newsestlyonnais.fr\/site\/2023\/03\/29\/bron-place-de-la-liberte-les-brondillants-semparent-pleinement-du-projet\/#article","isPartOf":{"@id":"https:\/\/newsestlyonnais.fr\/site\/2023\/03\/29\/bron-place-de-la-liberte-les-brondillants-semparent-pleinement-du-projet\/"},"author":{"name":"R\u00e9dac. NEWS","@id":"https:\/\/newsestlyonnais.fr\/site\/#\/schema\/person\/3230d5615f390bb808365d673001e887"},"headline":"BRON | Place de la Libert\u00e9 > les Brondillants s\u2019emparent pleinement du projet","datePublished":"2023-03-29T14:37:48+00:00","dateModified":"2023-03-30T14:24:21+00:00","mainEntityOfPage":{"@id":"https:\/\/newsestlyonnais.fr\/site\/2023\/03\/29\/bron-place-de-la-liberte-les-brondillants-semparent-pleinement-du-projet\/"},"wordCount":415,"commentCount":0,"publisher":{"@id":"https:\/\/newsestlyonnais.fr\/site\/#organization"},"image":{"@id":"https:\/\/newsestlyonnais.fr\/site\/2023\/03\/29\/bron-place-de-la-liberte-les-brondillants-semparent-pleinement-du-projet\/#primaryimage"},"thumbnailUrl":"https:\/\/newsestlyonnais.fr\/site\/wp-content\/uploads\/2023\/03\/place-liberte.jpg","keywords":["AMENAGEMENT","BRON","TRAVAUX"],"articleSection":["Br\u00e8ves de l'Est lyonnais","Bron","Travaux | Am\u00e9nagements"],"inLanguage":"fr-FR","potentialAction":[{"@type":"CommentAction","name":"Comment","target":["https:\/\/newsestlyonnais.fr\/site\/2023\/03\/29\/bron-place-de-la-liberte-les-brondillants-semparent-pleinement-du-projet\/#respond"]}]},{"@type":"WebPage","@id":"https:\/\/newsestlyonnais.fr\/site\/2023\/03\/29\/bron-place-de-la-liberte-les-brondillants-semparent-pleinement-du-projet\/","url":"https:\/\/newsestlyonnais.fr\/site\/2023\/03\/29\/bron-place-de-la-liberte-les-brondillants-semparent-pleinement-du-projet\/","name":"BRON | Place de la Libert\u00e9 > les Brondillants s\u2019emparent pleinement du projet - News Est Lyonnais","isPartOf":{"@id":"https:\/\/newsestlyonnais.fr\/site\/#website"},"primaryImageOfPage":{"@id":"https:\/\/newsestlyonnais.fr\/site\/2023\/03\/29\/bron-place-de-la-liberte-les-brondillants-semparent-pleinement-du-projet\/#primaryimage"},"image":{"@id":"https:\/\/newsestlyonnais.fr\/site\/2023\/03\/29\/bron-place-de-la-liberte-les-brondillants-semparent-pleinement-du-projet\/#primaryimage"},"thumbnailUrl":"https:\/\/newsestlyonnais.fr\/site\/wp-content\/uploads\/2023\/03\/place-liberte.jpg","datePublished":"2023-03-29T14:37:48+00:00","dateModified":"2023-03-30T14:24:21+00:00","description":"BRON | Place de la Libert\u00e9 > les Brondillants s\u2019emparent pleinement du projet","breadcrumb":{"@id":"https:\/\/newsestlyonnais.fr\/site\/2023\/03\/29\/bron-place-de-la-liberte-les-brondillants-semparent-pleinement-du-projet\/#breadcrumb"},"inLanguage":"fr-FR","potentialAction":[{"@type":"ReadAction","target":["https:\/\/newsestlyonnais.fr\/site\/2023\/03\/29\/bron-place-de-la-liberte-les-brondillants-semparent-pleinement-du-projet\/"]}]},{"@type":"ImageObject","inLanguage":"fr-FR","@id":"https:\/\/newsestlyonnais.fr\/site\/2023\/03\/29\/bron-place-de-la-liberte-les-brondillants-semparent-pleinement-du-projet\/#primaryimage","url":"https:\/\/newsestlyonnais.fr\/site\/wp-content\/uploads\/2023\/03\/place-liberte.jpg","contentUrl":"https:\/\/newsestlyonnais.fr\/site\/wp-content\/uploads\/2023\/03\/place-liberte.jpg","width":306,"height":204},{"@type":"BreadcrumbList","@id":"https:\/\/newsestlyonnais.fr\/site\/2023\/03\/29\/bron-place-de-la-liberte-les-brondillants-semparent-pleinement-du-projet\/#breadcrumb","itemListElement":[{"@type":"ListItem","position":1,"name":"Accueil","item":"https:\/\/newsestlyonnais.fr\/site\/"},{"@type":"ListItem","position":2,"name":"BRON | Place de la Libert\u00e9 > les Brondillants s\u2019emparent pleinement du projet"}]},{"@type":"WebSite","@id":"https:\/\/newsestlyonnais.fr\/site\/#website","url":"https:\/\/newsestlyonnais.fr\/site\/","name":"News Est Lyonnais","description":"L&#039;actualit\u00e9 au plus pr\u00e8s","publisher":{"@id":"https:\/\/newsestlyonnais.fr\/site\/#organization"},"potentialAction":[{"@type":"SearchAction","target":{"@type":"EntryPoint","urlTemplate":"https:\/\/newsestlyonnais.fr\/site\/?s={search_term_string}"},"query-input":{"@type":"PropertyValueSpecification","valueRequired":true,"valueName":"search_term_string"}}],"inLanguage":"fr-FR"},{"@type":"Organization","@id":"https:\/\/newsestlyonnais.fr\/site\/#organization","name":"News EST LYONNAIS","url":"https:\/\/newsestlyonnais.fr\/site\/","logo":{"@type":"ImageObject","inLanguage":"fr-FR","@id":"https:\/\/newsestlyonnais.fr\/site\/#\/schema\/logo\/image\/","url":"","contentUrl":"","caption":"News EST LYONNAIS"},"image":{"@id":"https:\/\/newsestlyonnais.fr\/site\/#\/schema\/logo\/image\/"}},{"@type":"Person","@id":"https:\/\/newsestlyonnais.fr\/site\/#\/schema\/person\/3230d5615f390bb808365d673001e887","name":"R\u00e9dac. NEWS","sameAs":["http:\/\/www.newsestlyonnais.fr","https:\/\/www.facebook.com\/pascal.oberson.1?fref=ts","https:\/\/fr.linkedin.com\/in\/pascal-oberson-b17045113"],"url":"https:\/\/newsestlyonnais.fr\/site\/author\/nel\/"}]}},"_links":{"self":[{"href":"https:\/\/newsestlyonnais.fr\/site\/wp-json\/wp\/v2\/posts\/179009","targetHints":{"allow":["GET"]}}],"collection":[{"href":"https:\/\/newsestlyonnais.fr\/site\/wp-json\/wp\/v2\/posts"}],"about":[{"href":"https:\/\/newsestlyonnais.fr\/site\/wp-json\/wp\/v2\/types\/post"}],"author":[{"embeddable":true,"href":"https:\/\/newsestlyonnais.fr\/site\/wp-json\/wp\/v2\/users\/4"}],"replies":[{"embeddable":true,"href":"https:\/\/newsestlyonnais.fr\/site\/wp-json\/wp\/v2\/comments?post=179009"}],"version-history":[{"count":0,"href":"https:\/\/newsestlyonnais.fr\/site\/wp-json\/wp\/v2\/posts\/179009\/revisions"}],"wp:featuredmedia":[{"embeddable":true,"href":"https:\/\/newsestlyonnais.fr\/site\/wp-json\/wp\/v2\/media\/179011"}],"wp:attachment":[{"href":"https:\/\/newsestlyonnais.fr\/site\/wp-json\/wp\/v2\/media?parent=179009"}],"wp:term":[{"taxonomy":"category","embeddable":true,"href":"https:\/\/newsestlyonnais.fr\/site\/wp-json\/wp\/v2\/categories?post=179009"},{"taxonomy":"post_tag","embeddable":true,"href":"https:\/\/newsestlyonnais.fr\/site\/wp-json\/wp\/v2\/tags?post=179009"}],"curies":[{"name":"wp","href":"https:\/\/api.w.org\/{rel}","templated":true}]}}