{"id":179504,"date":"2023-04-07T05:42:46","date_gmt":"2023-04-07T04:42:46","guid":{"rendered":"https:\/\/newsestlyonnais.fr\/site\/?p=179504"},"modified":"2023-05-13T06:56:23","modified_gmt":"2023-05-13T05:56:23","slug":"corbas-feyzin-venissieux-les-rendez-vous-nature-2023","status":"publish","type":"post","link":"https:\/\/newsestlyonnais.fr\/site\/2023\/04\/07\/corbas-feyzin-venissieux-les-rendez-vous-nature-2023\/","title":{"rendered":"CORBAS-FEYZIN-VENISSIEUX | Les rendez-vous nature 2023"},"content":{"rendered":"<p><span style=\"background-color: #000000; color: #ffffff; font-size: 12pt;\"><strong>Jouons \u00e0 la nature \/ Mercredi 12 avril &#8211; 14 h \u00e0 16 h 30<\/strong><\/span><\/p>\n<h4>D\u00e9part sous le pavillon d&rsquo;entr\u00e9e du Fort de Feyzin<\/h4>\n<p>La nature est un terrain de jeu in\u00e9puisable. Parcourons l\u2019environnement pour d\u00e9couvrir des activit\u00e9s et des jeux pour s\u2019amuser dans la nature.<\/p>\n<p><strong>\u00c0 partir de 7 ans. Animation en partenariat avec <a href=\"https:\/\/fne.asso.fr\/\" target=\"_blank\" rel=\"noopener\"><span style=\"color: #0000ff;\">France Nature Environnement<\/span><\/a>.<\/strong><\/p>\n<hr \/>\n<p><span style=\"font-size: 12pt;\"><strong><span style=\"background-color: #000000; color: #ffffff;\">Entrez dans l&rsquo;univers des chauves-souris \/ Mercredi 26 avril &#8211; 18 h \u00e0 20 h<\/span><\/strong><\/span><\/p>\n<h4>En chambr\u00e9e 8 du Fort de Feyzin<\/h4>\n<p>Conf\u00e9rence, observation, points d&rsquo;\u00e9coutes&#8230; d\u00e9couvrez l&rsquo;environnement des chauves-souris ainsi que les mythes dont elles sont victimes..<\/p>\n<p><strong>\u00c0 partir de 7 ans. Animation en partenariat avec <a href=\"https:\/\/www.lpo-rhone.fr\/\" target=\"_blank\" rel=\"noopener\"><span style=\"color: #0000ff;\">la LPO du Rh\u00f4ne<\/span><\/a>.<\/strong><\/p>\n<hr \/>\n<p><span style=\"background-color: #000000; color: #ffffff;\"><strong>D\u00e9couverte des plantes sauvages comestibles \/ Samedi 29 avril &#8211; 10 h \u00e0 12 h<\/strong><\/span><\/p>\n<h4>D\u00e9part sous le pavillon d&rsquo;entr\u00e9e du Fort de Feyzin<\/h4>\n<p>Pr\u00e9sentation des plantes sauvages, comestibles, toxiques et m\u00e9dicinales du territoire. Identifier les plantes et les r\u00e9colter en toute s\u00e9curit\u00e9 sans nuire \u00e0 l&rsquo;\u00e9cosyst\u00e8me.<\/p>\n<p><strong>Tout public. Animation en partenariat avec <a href=\"https:\/\/www.greinedespres.com\/\" target=\"_blank\" rel=\"noopener\"><span style=\"color: #0000ff;\">G&rsquo;reine des Pr\u00e8s<\/span><\/a>.<\/strong><\/p>\n<hr \/>\n<p><strong><span style=\"background-color: #000000; color: #ffffff; font-size: 12pt;\">Rencontre avec la faune nocturne \/ Mardi 2 mai &#8211; 18 h \u00e0 20 h<\/span><\/strong><\/p>\n<h4>En chambr\u00e9e 8 du Fort de Feyzin<\/h4>\n<p>Partez, le temps d&rsquo;une soir\u00e9e, dans la p\u00e9nombre pour d\u00e9couvrir les habitants nocturnes qui se dissimulent dans l&rsquo;herbe et les branchages. Comprenons l&rsquo;impact de la pollution lumineuse.<\/p>\n<p><strong>\u00c0 partir de 7 ans. Animation en partenariat avec <span style=\"color: #0000ff;\"><a style=\"color: #0000ff;\" href=\"https:\/\/www.lpo-rhone.fr\/\" target=\"_blank\" rel=\"noopener\">la LPO du Rh\u00f4ne<\/a><\/span>.<\/strong><\/p>\n<hr \/>\n<p><span style=\"background-color: #000000; color: #ffffff;\"><strong>\u00ab\u00a0De la plante sauvage comestible, \u00e0 la plante cultiv\u00e9e\u00a0\u00bb \/ Vendredi 5 mai &#8211; 19h \u00e0 20h30<\/strong><\/span><\/p>\n<h4>Salle \u00c9tienne Barioz \u00e0 Corbas (Place Charles-Jocteur, mairie)<\/h4>\n<p>Une r\u00e9flexion sur les r\u00e9percussions alimentaires et soci\u00e9tales. Le passage de l&rsquo;alimentation de chasseurs cueilleurs \u00e0 celle d&rsquo;\u00e9leveurs-cultivateurs. Quelles perspectives pour l&rsquo;avenir ?<\/p>\n<p><strong>Tout public. Animation en partenariat avec <a href=\"https:\/\/www.greinedespres.com\/\" target=\"_blank\" rel=\"noopener\"><span style=\"color: #0000ff;\">G&rsquo;reine de Pr\u00e8s<\/span><\/a>.<\/strong><\/p>\n<hr \/>\n<p><strong><span style=\"background-color: #000000; color: #ffffff;\">\u00c0 la d\u00e9couverte des \u00e9cureuils \/ Vendredi 12 mai &#8211; 14 h \u00e0 16 h 30<\/span><\/strong><\/p>\n<h4>D\u00e9part sous le pavillon d&rsquo;entr\u00e9e du Fort de Feyzin<\/h4>\n<p>Petit rongeur aux oreilles pointues et \u00e0 la queue touffue, grimpeur adroit, l\u2019\u00e9cureuil fait de timides apparitions dans les zones bois\u00e9es. Et si nous en apprenions plus sur lui ?<\/p>\n<p><strong>Tout public. Animation en partenariat avec <a href=\"https:\/\/fne.asso.fr\/\" target=\"_blank\" rel=\"noopener\"><span style=\"color: #0000ff;\">France Nature Environnemen<\/span>t<\/a>.<\/strong><\/p>\n<hr \/>\n<p><span style=\"font-size: 14pt; background-color: #000000;\"><span style=\"color: #ffcc00; font-size: 12pt;\">&gt;&gt; Animations gratuites et ouvertes \u00e0 tous \/ <strong>Inscription conseill\u00e9e via <\/strong><\/span><span style=\"color: #3366ff;\"><a style=\"background-color: #000000; color: #3366ff;\" href=\"https:\/\/www.lefortdefeyzin.fr\/component\/rsform\/form\/56-m-inscrire-aux-evenements-proposes-au-fort-de-feyzin\" target=\"_blank\" rel=\"noopener\"><span style=\"font-size: 12pt;\">le formulaire en lign<\/span>e<\/a><\/span><\/span><\/p>\n","protected":false},"excerpt":{"rendered":"<p>Tout le printemps, des conf\u00e9rences et visites nature pour mieux conna\u00eetre la faune et la flore, des \u00e9v\u00e9nements gratuits organis\u00e9s par le Projet Nature des Grandes Terres.<\/p>\n","protected":false},"author":4,"featured_media":179508,"comment_status":"open","ping_status":"open","sticky":false,"template":"","format":"standard","meta":{"footnotes":""},"categories":[2968,1287,3010,1298],"tags":[2700,2963,2067],"class_list":["post-179504","post","type-post","status-publish","format-standard","has-post-thumbnail","hentry","category-athle-course-pied-marche","category-corbas-feyzin","category-nature-environnement-culture-et-loisirs","category-venissieux","tag-corbas","tag-feyzin","tag-venissieux"],"yoast_head":"<!-- This site is optimized with the Yoast SEO plugin v27.2 - https:\/\/yoast.com\/product\/yoast-seo-wordpress\/ -->\n<title>CORBAS-FEYZIN-VENISSIEUX | Les rendez-vous nature 2023 - News Est Lyonnais<\/title>\n<meta name=\"description\" content=\"CORBAS-FEYZIN-VENISSIEUX | Les rendez-vous nature 2023\" \/>\n<meta name=\"robots\" content=\"index, follow, max-snippet:-1, max-image-preview:large, max-video-preview:-1\" \/>\n<link rel=\"canonical\" href=\"https:\/\/newsestlyonnais.fr\/site\/2023\/04\/07\/corbas-feyzin-venissieux-les-rendez-vous-nature-2023\/\" \/>\n<meta property=\"og:locale\" content=\"fr_FR\" \/>\n<meta property=\"og:type\" content=\"article\" \/>\n<meta property=\"og:title\" content=\"CORBAS-FEYZIN-VENISSIEUX | Les rendez-vous nature 2023 - News Est Lyonnais\" \/>\n<meta property=\"og:description\" content=\"CORBAS-FEYZIN-VENISSIEUX | Les rendez-vous nature 2023\" \/>\n<meta property=\"og:url\" content=\"https:\/\/newsestlyonnais.fr\/site\/2023\/04\/07\/corbas-feyzin-venissieux-les-rendez-vous-nature-2023\/\" \/>\n<meta property=\"og:site_name\" content=\"News Est Lyonnais\" \/>\n<meta property=\"article:author\" content=\"https:\/\/www.facebook.com\/pascal.oberson.1?fref=ts\" \/>\n<meta property=\"article:published_time\" content=\"2023-04-07T04:42:46+00:00\" \/>\n<meta property=\"article:modified_time\" content=\"2023-05-13T05:56:23+00:00\" \/>\n<meta property=\"og:image\" content=\"https:\/\/newsestlyonnais.fr\/site\/wp-content\/uploads\/2023\/04\/Rdv_nature_2023_-_Sucette__A3-1.jpg\" \/>\n\t<meta property=\"og:image:width\" content=\"848\" \/>\n\t<meta property=\"og:image:height\" content=\"1200\" \/>\n\t<meta property=\"og:image:type\" content=\"image\/jpeg\" \/>\n<meta name=\"author\" content=\"R\u00e9dac. NEWS\" \/>\n<meta name=\"twitter:card\" content=\"summary_large_image\" \/>\n<meta name=\"twitter:label1\" content=\"\u00c9crit par\" \/>\n\t<meta name=\"twitter:data1\" content=\"R\u00e9dac. NEWS\" \/>\n\t<meta name=\"twitter:label2\" content=\"Dur\u00e9e de lecture estim\u00e9e\" \/>\n\t<meta name=\"twitter:data2\" content=\"2 minutes\" \/>\n<script type=\"application\/ld+json\" class=\"yoast-schema-graph\">{\"@context\":\"https:\/\/schema.org\",\"@graph\":[{\"@type\":\"Article\",\"@id\":\"https:\/\/newsestlyonnais.fr\/site\/2023\/04\/07\/corbas-feyzin-venissieux-les-rendez-vous-nature-2023\/#article\",\"isPartOf\":{\"@id\":\"https:\/\/newsestlyonnais.fr\/site\/2023\/04\/07\/corbas-feyzin-venissieux-les-rendez-vous-nature-2023\/\"},\"author\":{\"name\":\"R\u00e9dac. NEWS\",\"@id\":\"https:\/\/newsestlyonnais.fr\/site\/#\/schema\/person\/3230d5615f390bb808365d673001e887\"},\"headline\":\"CORBAS-FEYZIN-VENISSIEUX | Les rendez-vous nature 2023\",\"datePublished\":\"2023-04-07T04:42:46+00:00\",\"dateModified\":\"2023-05-13T05:56:23+00:00\",\"mainEntityOfPage\":{\"@id\":\"https:\/\/newsestlyonnais.fr\/site\/2023\/04\/07\/corbas-feyzin-venissieux-les-rendez-vous-nature-2023\/\"},\"wordCount\":370,\"commentCount\":0,\"publisher\":{\"@id\":\"https:\/\/newsestlyonnais.fr\/site\/#organization\"},\"image\":{\"@id\":\"https:\/\/newsestlyonnais.fr\/site\/2023\/04\/07\/corbas-feyzin-venissieux-les-rendez-vous-nature-2023\/#primaryimage\"},\"thumbnailUrl\":\"https:\/\/newsestlyonnais.fr\/site\/wp-content\/uploads\/2023\/04\/Rdv_nature_2023_-_Sucette__A3-1.jpg\",\"keywords\":[\"CORBAS\",\"FEYZIN\",\"VENISSIEUX\"],\"articleSection\":[\"Athl\u00e9 | Course pied | Marche\",\"Corbas | Feyzin\",\"Nature | Environnement | Chasse\",\"V\u00e9nissieux\"],\"inLanguage\":\"fr-FR\",\"potentialAction\":[{\"@type\":\"CommentAction\",\"name\":\"Comment\",\"target\":[\"https:\/\/newsestlyonnais.fr\/site\/2023\/04\/07\/corbas-feyzin-venissieux-les-rendez-vous-nature-2023\/#respond\"]}]},{\"@type\":\"WebPage\",\"@id\":\"https:\/\/newsestlyonnais.fr\/site\/2023\/04\/07\/corbas-feyzin-venissieux-les-rendez-vous-nature-2023\/\",\"url\":\"https:\/\/newsestlyonnais.fr\/site\/2023\/04\/07\/corbas-feyzin-venissieux-les-rendez-vous-nature-2023\/\",\"name\":\"CORBAS-FEYZIN-VENISSIEUX | Les rendez-vous nature 2023 - News Est Lyonnais\",\"isPartOf\":{\"@id\":\"https:\/\/newsestlyonnais.fr\/site\/#website\"},\"primaryImageOfPage\":{\"@id\":\"https:\/\/newsestlyonnais.fr\/site\/2023\/04\/07\/corbas-feyzin-venissieux-les-rendez-vous-nature-2023\/#primaryimage\"},\"image\":{\"@id\":\"https:\/\/newsestlyonnais.fr\/site\/2023\/04\/07\/corbas-feyzin-venissieux-les-rendez-vous-nature-2023\/#primaryimage\"},\"thumbnailUrl\":\"https:\/\/newsestlyonnais.fr\/site\/wp-content\/uploads\/2023\/04\/Rdv_nature_2023_-_Sucette__A3-1.jpg\",\"datePublished\":\"2023-04-07T04:42:46+00:00\",\"dateModified\":\"2023-05-13T05:56:23+00:00\",\"description\":\"CORBAS-FEYZIN-VENISSIEUX | Les rendez-vous nature 2023\",\"breadcrumb\":{\"@id\":\"https:\/\/newsestlyonnais.fr\/site\/2023\/04\/07\/corbas-feyzin-venissieux-les-rendez-vous-nature-2023\/#breadcrumb\"},\"inLanguage\":\"fr-FR\",\"potentialAction\":[{\"@type\":\"ReadAction\",\"target\":[\"https:\/\/newsestlyonnais.fr\/site\/2023\/04\/07\/corbas-feyzin-venissieux-les-rendez-vous-nature-2023\/\"]}]},{\"@type\":\"ImageObject\",\"inLanguage\":\"fr-FR\",\"@id\":\"https:\/\/newsestlyonnais.fr\/site\/2023\/04\/07\/corbas-feyzin-venissieux-les-rendez-vous-nature-2023\/#primaryimage\",\"url\":\"https:\/\/newsestlyonnais.fr\/site\/wp-content\/uploads\/2023\/04\/Rdv_nature_2023_-_Sucette__A3-1.jpg\",\"contentUrl\":\"https:\/\/newsestlyonnais.fr\/site\/wp-content\/uploads\/2023\/04\/Rdv_nature_2023_-_Sucette__A3-1.jpg\",\"width\":848,\"height\":1200},{\"@type\":\"BreadcrumbList\",\"@id\":\"https:\/\/newsestlyonnais.fr\/site\/2023\/04\/07\/corbas-feyzin-venissieux-les-rendez-vous-nature-2023\/#breadcrumb\",\"itemListElement\":[{\"@type\":\"ListItem\",\"position\":1,\"name\":\"Accueil\",\"item\":\"https:\/\/newsestlyonnais.fr\/site\/\"},{\"@type\":\"ListItem\",\"position\":2,\"name\":\"CORBAS-FEYZIN-VENISSIEUX | Les rendez-vous nature 2023\"}]},{\"@type\":\"WebSite\",\"@id\":\"https:\/\/newsestlyonnais.fr\/site\/#website\",\"url\":\"https:\/\/newsestlyonnais.fr\/site\/\",\"name\":\"News Est Lyonnais\",\"description\":\"L&#039;actualit\u00e9 au plus pr\u00e8s\",\"publisher\":{\"@id\":\"https:\/\/newsestlyonnais.fr\/site\/#organization\"},\"potentialAction\":[{\"@type\":\"SearchAction\",\"target\":{\"@type\":\"EntryPoint\",\"urlTemplate\":\"https:\/\/newsestlyonnais.fr\/site\/?s={search_term_string}\"},\"query-input\":{\"@type\":\"PropertyValueSpecification\",\"valueRequired\":true,\"valueName\":\"search_term_string\"}}],\"inLanguage\":\"fr-FR\"},{\"@type\":\"Organization\",\"@id\":\"https:\/\/newsestlyonnais.fr\/site\/#organization\",\"name\":\"News EST LYONNAIS\",\"url\":\"https:\/\/newsestlyonnais.fr\/site\/\",\"logo\":{\"@type\":\"ImageObject\",\"inLanguage\":\"fr-FR\",\"@id\":\"https:\/\/newsestlyonnais.fr\/site\/#\/schema\/logo\/image\/\",\"url\":\"\",\"contentUrl\":\"\",\"caption\":\"News EST LYONNAIS\"},\"image\":{\"@id\":\"https:\/\/newsestlyonnais.fr\/site\/#\/schema\/logo\/image\/\"}},{\"@type\":\"Person\",\"@id\":\"https:\/\/newsestlyonnais.fr\/site\/#\/schema\/person\/3230d5615f390bb808365d673001e887\",\"name\":\"R\u00e9dac. NEWS\",\"sameAs\":[\"http:\/\/www.newsestlyonnais.fr\",\"https:\/\/www.facebook.com\/pascal.oberson.1?fref=ts\",\"https:\/\/fr.linkedin.com\/in\/pascal-oberson-b17045113\"],\"url\":\"https:\/\/newsestlyonnais.fr\/site\/author\/nel\/\"}]}<\/script>\n<!-- \/ Yoast SEO plugin. -->","yoast_head_json":{"title":"CORBAS-FEYZIN-VENISSIEUX | Les rendez-vous nature 2023 - News Est Lyonnais","description":"CORBAS-FEYZIN-VENISSIEUX | Les rendez-vous nature 2023","robots":{"index":"index","follow":"follow","max-snippet":"max-snippet:-1","max-image-preview":"max-image-preview:large","max-video-preview":"max-video-preview:-1"},"canonical":"https:\/\/newsestlyonnais.fr\/site\/2023\/04\/07\/corbas-feyzin-venissieux-les-rendez-vous-nature-2023\/","og_locale":"fr_FR","og_type":"article","og_title":"CORBAS-FEYZIN-VENISSIEUX | Les rendez-vous nature 2023 - News Est Lyonnais","og_description":"CORBAS-FEYZIN-VENISSIEUX | Les rendez-vous nature 2023","og_url":"https:\/\/newsestlyonnais.fr\/site\/2023\/04\/07\/corbas-feyzin-venissieux-les-rendez-vous-nature-2023\/","og_site_name":"News Est Lyonnais","article_author":"https:\/\/www.facebook.com\/pascal.oberson.1?fref=ts","article_published_time":"2023-04-07T04:42:46+00:00","article_modified_time":"2023-05-13T05:56:23+00:00","og_image":[{"width":848,"height":1200,"url":"https:\/\/newsestlyonnais.fr\/site\/wp-content\/uploads\/2023\/04\/Rdv_nature_2023_-_Sucette__A3-1.jpg","type":"image\/jpeg"}],"author":"R\u00e9dac. NEWS","twitter_card":"summary_large_image","twitter_misc":{"\u00c9crit par":"R\u00e9dac. NEWS","Dur\u00e9e de lecture estim\u00e9e":"2 minutes"},"schema":{"@context":"https:\/\/schema.org","@graph":[{"@type":"Article","@id":"https:\/\/newsestlyonnais.fr\/site\/2023\/04\/07\/corbas-feyzin-venissieux-les-rendez-vous-nature-2023\/#article","isPartOf":{"@id":"https:\/\/newsestlyonnais.fr\/site\/2023\/04\/07\/corbas-feyzin-venissieux-les-rendez-vous-nature-2023\/"},"author":{"name":"R\u00e9dac. NEWS","@id":"https:\/\/newsestlyonnais.fr\/site\/#\/schema\/person\/3230d5615f390bb808365d673001e887"},"headline":"CORBAS-FEYZIN-VENISSIEUX | Les rendez-vous nature 2023","datePublished":"2023-04-07T04:42:46+00:00","dateModified":"2023-05-13T05:56:23+00:00","mainEntityOfPage":{"@id":"https:\/\/newsestlyonnais.fr\/site\/2023\/04\/07\/corbas-feyzin-venissieux-les-rendez-vous-nature-2023\/"},"wordCount":370,"commentCount":0,"publisher":{"@id":"https:\/\/newsestlyonnais.fr\/site\/#organization"},"image":{"@id":"https:\/\/newsestlyonnais.fr\/site\/2023\/04\/07\/corbas-feyzin-venissieux-les-rendez-vous-nature-2023\/#primaryimage"},"thumbnailUrl":"https:\/\/newsestlyonnais.fr\/site\/wp-content\/uploads\/2023\/04\/Rdv_nature_2023_-_Sucette__A3-1.jpg","keywords":["CORBAS","FEYZIN","VENISSIEUX"],"articleSection":["Athl\u00e9 | Course pied | Marche","Corbas | Feyzin","Nature | Environnement | Chasse","V\u00e9nissieux"],"inLanguage":"fr-FR","potentialAction":[{"@type":"CommentAction","name":"Comment","target":["https:\/\/newsestlyonnais.fr\/site\/2023\/04\/07\/corbas-feyzin-venissieux-les-rendez-vous-nature-2023\/#respond"]}]},{"@type":"WebPage","@id":"https:\/\/newsestlyonnais.fr\/site\/2023\/04\/07\/corbas-feyzin-venissieux-les-rendez-vous-nature-2023\/","url":"https:\/\/newsestlyonnais.fr\/site\/2023\/04\/07\/corbas-feyzin-venissieux-les-rendez-vous-nature-2023\/","name":"CORBAS-FEYZIN-VENISSIEUX | Les rendez-vous nature 2023 - News Est Lyonnais","isPartOf":{"@id":"https:\/\/newsestlyonnais.fr\/site\/#website"},"primaryImageOfPage":{"@id":"https:\/\/newsestlyonnais.fr\/site\/2023\/04\/07\/corbas-feyzin-venissieux-les-rendez-vous-nature-2023\/#primaryimage"},"image":{"@id":"https:\/\/newsestlyonnais.fr\/site\/2023\/04\/07\/corbas-feyzin-venissieux-les-rendez-vous-nature-2023\/#primaryimage"},"thumbnailUrl":"https:\/\/newsestlyonnais.fr\/site\/wp-content\/uploads\/2023\/04\/Rdv_nature_2023_-_Sucette__A3-1.jpg","datePublished":"2023-04-07T04:42:46+00:00","dateModified":"2023-05-13T05:56:23+00:00","description":"CORBAS-FEYZIN-VENISSIEUX | Les rendez-vous nature 2023","breadcrumb":{"@id":"https:\/\/newsestlyonnais.fr\/site\/2023\/04\/07\/corbas-feyzin-venissieux-les-rendez-vous-nature-2023\/#breadcrumb"},"inLanguage":"fr-FR","potentialAction":[{"@type":"ReadAction","target":["https:\/\/newsestlyonnais.fr\/site\/2023\/04\/07\/corbas-feyzin-venissieux-les-rendez-vous-nature-2023\/"]}]},{"@type":"ImageObject","inLanguage":"fr-FR","@id":"https:\/\/newsestlyonnais.fr\/site\/2023\/04\/07\/corbas-feyzin-venissieux-les-rendez-vous-nature-2023\/#primaryimage","url":"https:\/\/newsestlyonnais.fr\/site\/wp-content\/uploads\/2023\/04\/Rdv_nature_2023_-_Sucette__A3-1.jpg","contentUrl":"https:\/\/newsestlyonnais.fr\/site\/wp-content\/uploads\/2023\/04\/Rdv_nature_2023_-_Sucette__A3-1.jpg","width":848,"height":1200},{"@type":"BreadcrumbList","@id":"https:\/\/newsestlyonnais.fr\/site\/2023\/04\/07\/corbas-feyzin-venissieux-les-rendez-vous-nature-2023\/#breadcrumb","itemListElement":[{"@type":"ListItem","position":1,"name":"Accueil","item":"https:\/\/newsestlyonnais.fr\/site\/"},{"@type":"ListItem","position":2,"name":"CORBAS-FEYZIN-VENISSIEUX | Les rendez-vous nature 2023"}]},{"@type":"WebSite","@id":"https:\/\/newsestlyonnais.fr\/site\/#website","url":"https:\/\/newsestlyonnais.fr\/site\/","name":"News Est Lyonnais","description":"L&#039;actualit\u00e9 au plus pr\u00e8s","publisher":{"@id":"https:\/\/newsestlyonnais.fr\/site\/#organization"},"potentialAction":[{"@type":"SearchAction","target":{"@type":"EntryPoint","urlTemplate":"https:\/\/newsestlyonnais.fr\/site\/?s={search_term_string}"},"query-input":{"@type":"PropertyValueSpecification","valueRequired":true,"valueName":"search_term_string"}}],"inLanguage":"fr-FR"},{"@type":"Organization","@id":"https:\/\/newsestlyonnais.fr\/site\/#organization","name":"News EST LYONNAIS","url":"https:\/\/newsestlyonnais.fr\/site\/","logo":{"@type":"ImageObject","inLanguage":"fr-FR","@id":"https:\/\/newsestlyonnais.fr\/site\/#\/schema\/logo\/image\/","url":"","contentUrl":"","caption":"News EST LYONNAIS"},"image":{"@id":"https:\/\/newsestlyonnais.fr\/site\/#\/schema\/logo\/image\/"}},{"@type":"Person","@id":"https:\/\/newsestlyonnais.fr\/site\/#\/schema\/person\/3230d5615f390bb808365d673001e887","name":"R\u00e9dac. NEWS","sameAs":["http:\/\/www.newsestlyonnais.fr","https:\/\/www.facebook.com\/pascal.oberson.1?fref=ts","https:\/\/fr.linkedin.com\/in\/pascal-oberson-b17045113"],"url":"https:\/\/newsestlyonnais.fr\/site\/author\/nel\/"}]}},"_links":{"self":[{"href":"https:\/\/newsestlyonnais.fr\/site\/wp-json\/wp\/v2\/posts\/179504","targetHints":{"allow":["GET"]}}],"collection":[{"href":"https:\/\/newsestlyonnais.fr\/site\/wp-json\/wp\/v2\/posts"}],"about":[{"href":"https:\/\/newsestlyonnais.fr\/site\/wp-json\/wp\/v2\/types\/post"}],"author":[{"embeddable":true,"href":"https:\/\/newsestlyonnais.fr\/site\/wp-json\/wp\/v2\/users\/4"}],"replies":[{"embeddable":true,"href":"https:\/\/newsestlyonnais.fr\/site\/wp-json\/wp\/v2\/comments?post=179504"}],"version-history":[{"count":0,"href":"https:\/\/newsestlyonnais.fr\/site\/wp-json\/wp\/v2\/posts\/179504\/revisions"}],"wp:featuredmedia":[{"embeddable":true,"href":"https:\/\/newsestlyonnais.fr\/site\/wp-json\/wp\/v2\/media\/179508"}],"wp:attachment":[{"href":"https:\/\/newsestlyonnais.fr\/site\/wp-json\/wp\/v2\/media?parent=179504"}],"wp:term":[{"taxonomy":"category","embeddable":true,"href":"https:\/\/newsestlyonnais.fr\/site\/wp-json\/wp\/v2\/categories?post=179504"},{"taxonomy":"post_tag","embeddable":true,"href":"https:\/\/newsestlyonnais.fr\/site\/wp-json\/wp\/v2\/tags?post=179504"}],"curies":[{"name":"wp","href":"https:\/\/api.w.org\/{rel}","templated":true}]}}