{"id":179566,"date":"2023-04-23T08:50:38","date_gmt":"2023-04-23T07:50:38","guid":{"rendered":"https:\/\/newsestlyonnais.fr\/site\/?p=179566"},"modified":"2023-08-30T16:29:05","modified_gmt":"2023-08-30T15:29:05","slug":"meyzieu-lactu-de-la-commune","status":"publish","type":"post","link":"https:\/\/newsestlyonnais.fr\/site\/2023\/04\/23\/meyzieu-lactu-de-la-commune\/","title":{"rendered":"MEYZIEU | L&rsquo;actu de la commune"},"content":{"rendered":"<div class=\"time-place\">\n<div class=\"time-place\">\n<div class=\"time-place\">\n<div class=\"time-place\">\n<p><strong><span style=\"background-color: #000000; color: #ffffff;\">Cit\u00e9s sport, je le suis !<\/span><\/strong><\/p>\n<p><strong>Le dispositif \u00ab\u00a0Cit\u00e9s sport\u00a0\u00bb revient dans ton quartier du 26 avril au 5 juillet.<\/strong><\/p>\n<p>D\u00e9couvrir et pratiquer un sport au city stade juste \u00e0 c\u00f4t\u00e9 de chez soi !<\/p>\n<p>Totale libert\u00e9, z\u00e9ro inscription, z\u00e9ro contrainte, si ce n\u2019est celle de venir de bonne humeur ! <strong>Activit\u00e9s multisports pour les 6\/11 ans encadr\u00e9es par du personnel de la Ville. <\/strong><\/p>\n<p><span style=\"background-color: #000000; color: #ffcc00;\">26 avril \/ 3 \/ 10 \/ 17 \/ 24 &amp; 31 mai \/ 7 \/ 14 \/ 21 &amp; 28 juin \/ 5 juillet (de 10 h \u00e0 11 h 30).<\/span><\/p>\n<p><span style=\"background-color: #000000; color: #ffcc00;\"><strong>Terrains de proximit\u00e9s<\/strong> : Mathiolan (city stade) 1, rue Saint Mathieu \/ Plant\u00e9es Nord (city stade) 5, impasse de Limoges.<\/span><\/p>\n<hr \/>\n<p><span style=\"background-color: #000000; color: #ffffff;\"><strong>C\u00e9r\u00e9monie Comm\u00e9morative du G\u00e9nocide Arm\u00e9nien <\/strong><\/span><\/p>\n<p>la Ville de Meyzieu comm\u00e9more et rend hommage aux victimes du g\u00e9nocide arm\u00e9nien.<br \/>\nCette c\u00e9r\u00e9monie se tiendra en pr\u00e9sence de Christophe Quiniou, maire de Meyzieu, de G\u00e9rard Revellin, adjoint au maire d\u00e9l\u00e9gu\u00e9 au devoir de m\u00e9moire et aux anciens combattants ainsi que d\u2019Antoine Echo, pr\u00e9sident<br \/>\nde l\u2019AMASC.<\/p>\n<p><span style=\"background-color: #000000; color: #ffcc00;\"><strong>C\u00e9r\u00e9monie nationale ouverte au public \/ <\/strong>Samedi 29 avril \u00e0 11 h \/ St\u00e8le situ\u00e9e rue du 24 avril 1915<\/span><\/p>\n<hr \/>\n<p><span style=\"color: #ffffff; background-color: #000000;\"><strong>Lutte contre le moustique tigre \/ Op\u00e9ration de sensibilisation<\/strong><\/span><\/p>\n<p>Dans le cadre de la lutte contre le moustique tigre men\u00e9e par la M\u00e9tropole de Lyon sur son territoire, des agents pr\u00e9venteurs de l\u2019Entente Interd\u00e9partementale de D\u00e9moustication (EID) <strong>interviendront sur la commune de Meyzieu du 2 au 14 mai.<\/strong><br \/>\nLes agents de l\u2019EID ont pour mission de sensibiliser la population aux gestes de bonne pratique, permettant de limiter la prolif\u00e9ration des populations de moustiques tigres au sein du tissu urbain parmi lesquelles l\u2019\u00e9vacuation des eaux stagnantes des coupelles et la mise en place de moustiquaires sur les r\u00e9serves d\u2019eau.<br \/>\nCes op\u00e9rations sont effectu\u00e9es suite \u00e0 l\u2019installation de cette esp\u00e8ce \u00e0 Meyzieu, depuis la fin d\u2019ann\u00e9e 2018.<br \/>\n&gt;&gt; Pour plus d\u2019informations, consultez le site de l\u2019EID :<strong><a href=\"http:\/\/www.eid-rhonealpes.com\"> www.eid-rhonealpes.com<\/a><\/strong> ou contactez l\u2019antenne \u00e0 D\u00e9cines-Charpieu au 04.72.02.13.73.<br \/>\n<strong>La Ville de Meyzieu favorise l\u2019installation de nichoirs \u00e0 m\u00e9sanges, \u00e0 hirondelles ou \u00e0 chauve-souris, pr\u00e9dateurs naturels des moustiques<\/strong>. La gestion \u00e9cologique des boisements favorise aussi la biodiversit\u00e9. Ainsi, les arbres morts sont d\u2019excellents habitats pour l\u2019avifaune et nombreux sont les oiseaux qui y nichent.<br \/>\nChacun d\u2019entre nous peut et doit lutter \u00e0 son niveau contre ce ph\u00e9nom\u00e8ne. Aussi, d\u00e8s maintenant, agissons :<br \/>\n&#8211; Enlevons tous les objets abandonn\u00e9s dans le jardin, sur le balcon ou la terrasse qui peuvent servir de r\u00e9cipient d\u2019eau, en cas de pluie (jouet, pneu, \u00e9cuelle, etc.)<br \/>\n&#8211; Vidons une fois par semaine, tous les r\u00e9cipients pouvant contenir de l\u2019eau (soucoupes, vases, seaux).<br \/>\n&#8211; Remplissons les soucoupes des pots de fleurs avec du sable.<br \/>\n&#8211; Entretenons le jardin pour \u00e9viter la formation de zones d\u2019eau stagnante<br \/>\n&#8211; Couvrons toutes les r\u00e9serves d\u2019eau \u00e0 l\u2019aide d\u2019une moustiquaire, d\u2019un couvercle ou d\u2019un tissu.<\/p>\n<p><span style=\"background-color: #000000; color: #ffcc00;\">Les semaines du 1\u00b0 et du 8 mai \/ Dans tous les quartiers de Meyzieu<\/span><\/p>\n<hr \/>\n<p><span style=\"color: #ffffff; background-color: #000000;\"><strong>Tirage du Jury d&rsquo;Assises Session 2024<\/strong><\/span><\/p>\n<p>Un tirage au sort est effectu\u00e9 pour l\u2019\u00e9tablissement de la liste annuelle du jury en charge de juger les prochaines affaires criminelles.<br \/>\nLe tirage s\u2019effectuera au service \u00e9lections dans le bureau n\u00b0157, au premier \u00e9tage de l\u2019H\u00f4tel de Ville, parmi toutes les personnes inscrites sur les listes \u00e9lectorales de la commune.<\/p>\n<p><strong>Le tirage au sort est public.<\/strong><\/p>\n<p><span style=\"background-color: #000000; color: #ffcc00;\"><strong>Jeudi 4 mai \/ 14 h \/ H\u00f4tel de Ville \u2013 place de l\u2019Europe<\/strong><\/span><\/p>\n<hr \/>\n<p><span style=\"font-size: 18pt;\"><strong><span style=\"background-color: #000000; color: #3366ff;\">Toute l&rsquo;ACTU de la commune sur : <a style=\"background-color: #000000; color: #3366ff;\" href=\"https:\/\/www.meyzieu.fr\">https:\/\/www.meyzieu.fr<\/a><\/span><\/strong><\/span><\/p>\n<hr \/>\n<\/div>\n<\/div>\n<\/div>\n<\/div>\n","protected":false},"excerpt":{"rendered":"<p>Dispositif sportif pour jeunes, c\u00e9r\u00e9monie comm\u00e9morative, lutte contre le moustique tigre et tirage au sort du jury d&rsquo;assises font partie des \u00e9v\u00e8nements locaux \u00e0 venir.<\/p>\n","protected":false},"author":4,"featured_media":101256,"comment_status":"open","ping_status":"open","sticky":false,"template":"","format":"standard","meta":{"footnotes":""},"categories":[574,166,171,24,3010],"tags":[4710,2607,2081,3782],"class_list":["post-179566","post","type-post","status-publish","format-standard","has-post-thumbnail","hentry","category-autres-sports","category-divers-sports","category-enfance-jeunesse","category-meyzieu","category-nature-environnement-culture-et-loisirs","tag-cites-sport","tag-commemoration","tag-meyzieu","tag-moustique-tigre"],"yoast_head":"<!-- This site is optimized with the Yoast SEO plugin v27.2 - https:\/\/yoast.com\/product\/yoast-seo-wordpress\/ -->\n<title>MEYZIEU | L&#039;actu de la commune - News Est Lyonnais<\/title>\n<meta name=\"description\" content=\"MEYZIEU | L&#039;actu de la commune\" \/>\n<meta name=\"robots\" content=\"index, follow, max-snippet:-1, max-image-preview:large, max-video-preview:-1\" \/>\n<link rel=\"canonical\" href=\"https:\/\/newsestlyonnais.fr\/site\/2023\/04\/23\/meyzieu-lactu-de-la-commune\/\" \/>\n<meta property=\"og:locale\" content=\"fr_FR\" \/>\n<meta property=\"og:type\" content=\"article\" \/>\n<meta property=\"og:title\" content=\"MEYZIEU | L&#039;actu de la commune - News Est Lyonnais\" \/>\n<meta property=\"og:description\" content=\"MEYZIEU | L&#039;actu de la commune\" \/>\n<meta property=\"og:url\" content=\"https:\/\/newsestlyonnais.fr\/site\/2023\/04\/23\/meyzieu-lactu-de-la-commune\/\" \/>\n<meta property=\"og:site_name\" content=\"News Est Lyonnais\" \/>\n<meta property=\"article:author\" content=\"https:\/\/www.facebook.com\/pascal.oberson.1?fref=ts\" \/>\n<meta property=\"article:published_time\" content=\"2023-04-23T07:50:38+00:00\" \/>\n<meta property=\"article:modified_time\" content=\"2023-08-30T15:29:05+00:00\" \/>\n<meta property=\"og:image\" content=\"https:\/\/newsestlyonnais.fr\/site\/wp-content\/uploads\/2020\/05\/NEWSESTLYONNAIS-VUE-MEYZIEU.jpg\" \/>\n\t<meta property=\"og:image:width\" content=\"1280\" \/>\n\t<meta property=\"og:image:height\" content=\"960\" \/>\n\t<meta property=\"og:image:type\" content=\"image\/jpeg\" \/>\n<meta name=\"author\" content=\"R\u00e9dac. NEWS\" \/>\n<meta name=\"twitter:card\" content=\"summary_large_image\" \/>\n<meta name=\"twitter:label1\" content=\"\u00c9crit par\" \/>\n\t<meta name=\"twitter:data1\" content=\"R\u00e9dac. NEWS\" \/>\n\t<meta name=\"twitter:label2\" content=\"Dur\u00e9e de lecture estim\u00e9e\" \/>\n\t<meta name=\"twitter:data2\" content=\"3 minutes\" \/>\n<script type=\"application\/ld+json\" class=\"yoast-schema-graph\">{\"@context\":\"https:\/\/schema.org\",\"@graph\":[{\"@type\":\"Article\",\"@id\":\"https:\/\/newsestlyonnais.fr\/site\/2023\/04\/23\/meyzieu-lactu-de-la-commune\/#article\",\"isPartOf\":{\"@id\":\"https:\/\/newsestlyonnais.fr\/site\/2023\/04\/23\/meyzieu-lactu-de-la-commune\/\"},\"author\":{\"name\":\"R\u00e9dac. NEWS\",\"@id\":\"https:\/\/newsestlyonnais.fr\/site\/#\/schema\/person\/3230d5615f390bb808365d673001e887\"},\"headline\":\"MEYZIEU | L&rsquo;actu de la commune\",\"datePublished\":\"2023-04-23T07:50:38+00:00\",\"dateModified\":\"2023-08-30T15:29:05+00:00\",\"mainEntityOfPage\":{\"@id\":\"https:\/\/newsestlyonnais.fr\/site\/2023\/04\/23\/meyzieu-lactu-de-la-commune\/\"},\"wordCount\":597,\"commentCount\":0,\"publisher\":{\"@id\":\"https:\/\/newsestlyonnais.fr\/site\/#organization\"},\"image\":{\"@id\":\"https:\/\/newsestlyonnais.fr\/site\/2023\/04\/23\/meyzieu-lactu-de-la-commune\/#primaryimage\"},\"thumbnailUrl\":\"https:\/\/newsestlyonnais.fr\/site\/wp-content\/uploads\/2020\/05\/NEWSESTLYONNAIS-VUE-MEYZIEU.jpg\",\"keywords\":[\"cites sport\",\"COMMEMORATION\",\"MEYZIEU\",\"MOUSTIQUE-TIGRE\"],\"articleSection\":[\"Autres sports\",\"Divers Sports\",\"Enfance | Jeunesse\",\"Meyzieu\",\"Nature | Environnement | Chasse\"],\"inLanguage\":\"fr-FR\",\"potentialAction\":[{\"@type\":\"CommentAction\",\"name\":\"Comment\",\"target\":[\"https:\/\/newsestlyonnais.fr\/site\/2023\/04\/23\/meyzieu-lactu-de-la-commune\/#respond\"]}]},{\"@type\":\"WebPage\",\"@id\":\"https:\/\/newsestlyonnais.fr\/site\/2023\/04\/23\/meyzieu-lactu-de-la-commune\/\",\"url\":\"https:\/\/newsestlyonnais.fr\/site\/2023\/04\/23\/meyzieu-lactu-de-la-commune\/\",\"name\":\"MEYZIEU | L'actu de la commune - News Est Lyonnais\",\"isPartOf\":{\"@id\":\"https:\/\/newsestlyonnais.fr\/site\/#website\"},\"primaryImageOfPage\":{\"@id\":\"https:\/\/newsestlyonnais.fr\/site\/2023\/04\/23\/meyzieu-lactu-de-la-commune\/#primaryimage\"},\"image\":{\"@id\":\"https:\/\/newsestlyonnais.fr\/site\/2023\/04\/23\/meyzieu-lactu-de-la-commune\/#primaryimage\"},\"thumbnailUrl\":\"https:\/\/newsestlyonnais.fr\/site\/wp-content\/uploads\/2020\/05\/NEWSESTLYONNAIS-VUE-MEYZIEU.jpg\",\"datePublished\":\"2023-04-23T07:50:38+00:00\",\"dateModified\":\"2023-08-30T15:29:05+00:00\",\"description\":\"MEYZIEU | L'actu de la commune\",\"breadcrumb\":{\"@id\":\"https:\/\/newsestlyonnais.fr\/site\/2023\/04\/23\/meyzieu-lactu-de-la-commune\/#breadcrumb\"},\"inLanguage\":\"fr-FR\",\"potentialAction\":[{\"@type\":\"ReadAction\",\"target\":[\"https:\/\/newsestlyonnais.fr\/site\/2023\/04\/23\/meyzieu-lactu-de-la-commune\/\"]}]},{\"@type\":\"ImageObject\",\"inLanguage\":\"fr-FR\",\"@id\":\"https:\/\/newsestlyonnais.fr\/site\/2023\/04\/23\/meyzieu-lactu-de-la-commune\/#primaryimage\",\"url\":\"https:\/\/newsestlyonnais.fr\/site\/wp-content\/uploads\/2020\/05\/NEWSESTLYONNAIS-VUE-MEYZIEU.jpg\",\"contentUrl\":\"https:\/\/newsestlyonnais.fr\/site\/wp-content\/uploads\/2020\/05\/NEWSESTLYONNAIS-VUE-MEYZIEU.jpg\",\"width\":1280,\"height\":960},{\"@type\":\"BreadcrumbList\",\"@id\":\"https:\/\/newsestlyonnais.fr\/site\/2023\/04\/23\/meyzieu-lactu-de-la-commune\/#breadcrumb\",\"itemListElement\":[{\"@type\":\"ListItem\",\"position\":1,\"name\":\"Accueil\",\"item\":\"https:\/\/newsestlyonnais.fr\/site\/\"},{\"@type\":\"ListItem\",\"position\":2,\"name\":\"MEYZIEU | L&rsquo;actu de la commune\"}]},{\"@type\":\"WebSite\",\"@id\":\"https:\/\/newsestlyonnais.fr\/site\/#website\",\"url\":\"https:\/\/newsestlyonnais.fr\/site\/\",\"name\":\"News Est Lyonnais\",\"description\":\"L&#039;actualit\u00e9 au plus pr\u00e8s\",\"publisher\":{\"@id\":\"https:\/\/newsestlyonnais.fr\/site\/#organization\"},\"potentialAction\":[{\"@type\":\"SearchAction\",\"target\":{\"@type\":\"EntryPoint\",\"urlTemplate\":\"https:\/\/newsestlyonnais.fr\/site\/?s={search_term_string}\"},\"query-input\":{\"@type\":\"PropertyValueSpecification\",\"valueRequired\":true,\"valueName\":\"search_term_string\"}}],\"inLanguage\":\"fr-FR\"},{\"@type\":\"Organization\",\"@id\":\"https:\/\/newsestlyonnais.fr\/site\/#organization\",\"name\":\"News EST LYONNAIS\",\"url\":\"https:\/\/newsestlyonnais.fr\/site\/\",\"logo\":{\"@type\":\"ImageObject\",\"inLanguage\":\"fr-FR\",\"@id\":\"https:\/\/newsestlyonnais.fr\/site\/#\/schema\/logo\/image\/\",\"url\":\"\",\"contentUrl\":\"\",\"caption\":\"News EST LYONNAIS\"},\"image\":{\"@id\":\"https:\/\/newsestlyonnais.fr\/site\/#\/schema\/logo\/image\/\"}},{\"@type\":\"Person\",\"@id\":\"https:\/\/newsestlyonnais.fr\/site\/#\/schema\/person\/3230d5615f390bb808365d673001e887\",\"name\":\"R\u00e9dac. NEWS\",\"sameAs\":[\"http:\/\/www.newsestlyonnais.fr\",\"https:\/\/www.facebook.com\/pascal.oberson.1?fref=ts\",\"https:\/\/fr.linkedin.com\/in\/pascal-oberson-b17045113\"],\"url\":\"https:\/\/newsestlyonnais.fr\/site\/author\/nel\/\"}]}<\/script>\n<!-- \/ Yoast SEO plugin. -->","yoast_head_json":{"title":"MEYZIEU | L'actu de la commune - News Est Lyonnais","description":"MEYZIEU | L'actu de la commune","robots":{"index":"index","follow":"follow","max-snippet":"max-snippet:-1","max-image-preview":"max-image-preview:large","max-video-preview":"max-video-preview:-1"},"canonical":"https:\/\/newsestlyonnais.fr\/site\/2023\/04\/23\/meyzieu-lactu-de-la-commune\/","og_locale":"fr_FR","og_type":"article","og_title":"MEYZIEU | L'actu de la commune - News Est Lyonnais","og_description":"MEYZIEU | L'actu de la commune","og_url":"https:\/\/newsestlyonnais.fr\/site\/2023\/04\/23\/meyzieu-lactu-de-la-commune\/","og_site_name":"News Est Lyonnais","article_author":"https:\/\/www.facebook.com\/pascal.oberson.1?fref=ts","article_published_time":"2023-04-23T07:50:38+00:00","article_modified_time":"2023-08-30T15:29:05+00:00","og_image":[{"width":1280,"height":960,"url":"https:\/\/newsestlyonnais.fr\/site\/wp-content\/uploads\/2020\/05\/NEWSESTLYONNAIS-VUE-MEYZIEU.jpg","type":"image\/jpeg"}],"author":"R\u00e9dac. NEWS","twitter_card":"summary_large_image","twitter_misc":{"\u00c9crit par":"R\u00e9dac. NEWS","Dur\u00e9e de lecture estim\u00e9e":"3 minutes"},"schema":{"@context":"https:\/\/schema.org","@graph":[{"@type":"Article","@id":"https:\/\/newsestlyonnais.fr\/site\/2023\/04\/23\/meyzieu-lactu-de-la-commune\/#article","isPartOf":{"@id":"https:\/\/newsestlyonnais.fr\/site\/2023\/04\/23\/meyzieu-lactu-de-la-commune\/"},"author":{"name":"R\u00e9dac. NEWS","@id":"https:\/\/newsestlyonnais.fr\/site\/#\/schema\/person\/3230d5615f390bb808365d673001e887"},"headline":"MEYZIEU | L&rsquo;actu de la commune","datePublished":"2023-04-23T07:50:38+00:00","dateModified":"2023-08-30T15:29:05+00:00","mainEntityOfPage":{"@id":"https:\/\/newsestlyonnais.fr\/site\/2023\/04\/23\/meyzieu-lactu-de-la-commune\/"},"wordCount":597,"commentCount":0,"publisher":{"@id":"https:\/\/newsestlyonnais.fr\/site\/#organization"},"image":{"@id":"https:\/\/newsestlyonnais.fr\/site\/2023\/04\/23\/meyzieu-lactu-de-la-commune\/#primaryimage"},"thumbnailUrl":"https:\/\/newsestlyonnais.fr\/site\/wp-content\/uploads\/2020\/05\/NEWSESTLYONNAIS-VUE-MEYZIEU.jpg","keywords":["cites sport","COMMEMORATION","MEYZIEU","MOUSTIQUE-TIGRE"],"articleSection":["Autres sports","Divers Sports","Enfance | Jeunesse","Meyzieu","Nature | Environnement | Chasse"],"inLanguage":"fr-FR","potentialAction":[{"@type":"CommentAction","name":"Comment","target":["https:\/\/newsestlyonnais.fr\/site\/2023\/04\/23\/meyzieu-lactu-de-la-commune\/#respond"]}]},{"@type":"WebPage","@id":"https:\/\/newsestlyonnais.fr\/site\/2023\/04\/23\/meyzieu-lactu-de-la-commune\/","url":"https:\/\/newsestlyonnais.fr\/site\/2023\/04\/23\/meyzieu-lactu-de-la-commune\/","name":"MEYZIEU | L'actu de la commune - News Est Lyonnais","isPartOf":{"@id":"https:\/\/newsestlyonnais.fr\/site\/#website"},"primaryImageOfPage":{"@id":"https:\/\/newsestlyonnais.fr\/site\/2023\/04\/23\/meyzieu-lactu-de-la-commune\/#primaryimage"},"image":{"@id":"https:\/\/newsestlyonnais.fr\/site\/2023\/04\/23\/meyzieu-lactu-de-la-commune\/#primaryimage"},"thumbnailUrl":"https:\/\/newsestlyonnais.fr\/site\/wp-content\/uploads\/2020\/05\/NEWSESTLYONNAIS-VUE-MEYZIEU.jpg","datePublished":"2023-04-23T07:50:38+00:00","dateModified":"2023-08-30T15:29:05+00:00","description":"MEYZIEU | L'actu de la commune","breadcrumb":{"@id":"https:\/\/newsestlyonnais.fr\/site\/2023\/04\/23\/meyzieu-lactu-de-la-commune\/#breadcrumb"},"inLanguage":"fr-FR","potentialAction":[{"@type":"ReadAction","target":["https:\/\/newsestlyonnais.fr\/site\/2023\/04\/23\/meyzieu-lactu-de-la-commune\/"]}]},{"@type":"ImageObject","inLanguage":"fr-FR","@id":"https:\/\/newsestlyonnais.fr\/site\/2023\/04\/23\/meyzieu-lactu-de-la-commune\/#primaryimage","url":"https:\/\/newsestlyonnais.fr\/site\/wp-content\/uploads\/2020\/05\/NEWSESTLYONNAIS-VUE-MEYZIEU.jpg","contentUrl":"https:\/\/newsestlyonnais.fr\/site\/wp-content\/uploads\/2020\/05\/NEWSESTLYONNAIS-VUE-MEYZIEU.jpg","width":1280,"height":960},{"@type":"BreadcrumbList","@id":"https:\/\/newsestlyonnais.fr\/site\/2023\/04\/23\/meyzieu-lactu-de-la-commune\/#breadcrumb","itemListElement":[{"@type":"ListItem","position":1,"name":"Accueil","item":"https:\/\/newsestlyonnais.fr\/site\/"},{"@type":"ListItem","position":2,"name":"MEYZIEU | L&rsquo;actu de la commune"}]},{"@type":"WebSite","@id":"https:\/\/newsestlyonnais.fr\/site\/#website","url":"https:\/\/newsestlyonnais.fr\/site\/","name":"News Est Lyonnais","description":"L&#039;actualit\u00e9 au plus pr\u00e8s","publisher":{"@id":"https:\/\/newsestlyonnais.fr\/site\/#organization"},"potentialAction":[{"@type":"SearchAction","target":{"@type":"EntryPoint","urlTemplate":"https:\/\/newsestlyonnais.fr\/site\/?s={search_term_string}"},"query-input":{"@type":"PropertyValueSpecification","valueRequired":true,"valueName":"search_term_string"}}],"inLanguage":"fr-FR"},{"@type":"Organization","@id":"https:\/\/newsestlyonnais.fr\/site\/#organization","name":"News EST LYONNAIS","url":"https:\/\/newsestlyonnais.fr\/site\/","logo":{"@type":"ImageObject","inLanguage":"fr-FR","@id":"https:\/\/newsestlyonnais.fr\/site\/#\/schema\/logo\/image\/","url":"","contentUrl":"","caption":"News EST LYONNAIS"},"image":{"@id":"https:\/\/newsestlyonnais.fr\/site\/#\/schema\/logo\/image\/"}},{"@type":"Person","@id":"https:\/\/newsestlyonnais.fr\/site\/#\/schema\/person\/3230d5615f390bb808365d673001e887","name":"R\u00e9dac. NEWS","sameAs":["http:\/\/www.newsestlyonnais.fr","https:\/\/www.facebook.com\/pascal.oberson.1?fref=ts","https:\/\/fr.linkedin.com\/in\/pascal-oberson-b17045113"],"url":"https:\/\/newsestlyonnais.fr\/site\/author\/nel\/"}]}},"_links":{"self":[{"href":"https:\/\/newsestlyonnais.fr\/site\/wp-json\/wp\/v2\/posts\/179566","targetHints":{"allow":["GET"]}}],"collection":[{"href":"https:\/\/newsestlyonnais.fr\/site\/wp-json\/wp\/v2\/posts"}],"about":[{"href":"https:\/\/newsestlyonnais.fr\/site\/wp-json\/wp\/v2\/types\/post"}],"author":[{"embeddable":true,"href":"https:\/\/newsestlyonnais.fr\/site\/wp-json\/wp\/v2\/users\/4"}],"replies":[{"embeddable":true,"href":"https:\/\/newsestlyonnais.fr\/site\/wp-json\/wp\/v2\/comments?post=179566"}],"version-history":[{"count":0,"href":"https:\/\/newsestlyonnais.fr\/site\/wp-json\/wp\/v2\/posts\/179566\/revisions"}],"wp:featuredmedia":[{"embeddable":true,"href":"https:\/\/newsestlyonnais.fr\/site\/wp-json\/wp\/v2\/media\/101256"}],"wp:attachment":[{"href":"https:\/\/newsestlyonnais.fr\/site\/wp-json\/wp\/v2\/media?parent=179566"}],"wp:term":[{"taxonomy":"category","embeddable":true,"href":"https:\/\/newsestlyonnais.fr\/site\/wp-json\/wp\/v2\/categories?post=179566"},{"taxonomy":"post_tag","embeddable":true,"href":"https:\/\/newsestlyonnais.fr\/site\/wp-json\/wp\/v2\/tags?post=179566"}],"curies":[{"name":"wp","href":"https:\/\/api.w.org\/{rel}","templated":true}]}}