{"id":179624,"date":"2023-04-12T14:29:09","date_gmt":"2023-04-12T13:29:09","guid":{"rendered":"https:\/\/newsestlyonnais.fr\/site\/?p=179624"},"modified":"2023-04-12T14:29:09","modified_gmt":"2023-04-12T13:29:09","slug":"bernard-drevon-on-prepare-notre-rallye-de-printemps-quon-organise-samedi-22-avril-prochain","status":"publish","type":"post","link":"https:\/\/newsestlyonnais.fr\/site\/2023\/04\/12\/bernard-drevon-on-prepare-notre-rallye-de-printemps-quon-organise-samedi-22-avril-prochain\/","title":{"rendered":"Bernard Drevon \u00ab on pr\u00e9pare notre rallye de printemps qu&rsquo;on organise samedi 22 avril prochain \u00bb"},"content":{"rendered":"<p><span style=\"font-size: 12pt;\"><strong><span style=\"background-color: #000000; color: #ffffff;\">Pr\u00e9sentation sommaire<\/span><\/strong><\/span><\/p>\n<p>\u00ab J\u2019ai 73 ans et r\u00e9side \u00e0 Genas. Technicien recherche et 20 ans d\u2019agriculture \u00bb.<\/p>\n<p><span style=\"font-size: 12pt;\"><strong><span style=\"background-color: #000000; color: #ffffff;\">Ton parcours sportif : depuis quand pratiques tu le v\u00e9lo et les \u00e9preuves disput\u00e9es ?<\/span><\/strong><\/span><\/p>\n<p>\u00ab A l&rsquo;\u00e2ge de 28 ans, j&rsquo;ai achet\u00e9 un v\u00e9lo comme les coll\u00e8gues de boulot et <strong>\u00e0 pr\u00e9sent j&rsquo;ai 45 ans de v\u00e9lo, roulant jusqu&rsquo;\u00e0 9.000 km par an et 5.000 encore maintenant.<\/strong><\/p>\n<p><strong>J&rsquo;ai disput\u00e9 des cyclosportives<\/strong> : La Marmotte, la Louison Bobet, l\u2019Ard\u00e9choise (toutes les \u00e9preuves d\u2019un jour sauf le marathon), les Copains, la Robert Alban, la Pierre Chany,<\/p>\n<p><strong>Et \u00e9galement quelques courses<\/strong> : le Tour du Val d\u2019Amby, 16 fois la Lyon Mont-Blanc (580 km aller-retour, dont plusieurs en cyclo-sportif), l&rsquo;Indomptable Bugey (d\u00e9nivel\u00e9 + 5.000 m), la Randonn\u00e9e des Puys et Circuit des Aravis (Brevet Cyclo Montagnard fran\u00e7ais BCMF) et la Reventine \u00bb.<\/p>\n<p><strong><span style=\"background-color: #000000; color: #ffffff;\">Une petite anecdote ?<\/span><\/strong><\/p>\n<p>\u00ab <strong>Cela reste de bons souvenirs<\/strong>, \u00e0 l&rsquo;\u00e9poque il n&rsquo; y avait pas toutes ces cyclo-sportives comme maintenant. On n&rsquo;avait pas de choix, on faisait les rallyes du coin, ne se pr\u00e9parant pas sp\u00e9cialement, 200 bornes une semaine avant \u00bb.<\/p>\n<hr \/>\n<p><span style=\"background-color: #000000; color: #ffffff;\"><strong>Tu es d\u2019autre part pr\u00e9sident de l\u2019ESGA Cyclo, depuis quand, peux tu nous pr\u00e9senter le club ?<\/strong><\/span><\/p>\n<p>\u00ab <strong>Je suis pr\u00e9sident depuis trop longtemps &#8230; mais je suis entour\u00e9 d&rsquo;une bonne \u00e9quipe<\/strong>.<\/p>\n<p>Le club de <span style=\"color: #0000ff;\"><strong><a style=\"color: #0000ff;\" href=\"http:\/\/www.cyclogenas.com\">l&rsquo;ESGA (Genas-Azieu) Cyclo<\/a><\/strong><\/span> a \u00e9t\u00e9 fond\u00e9 il y a 45 ans par un petit groupe (Claude Lussaud, Raymond Gillard et Dimitri Zara). Le club a \u00e9t\u00e9 affili\u00e9 \u00e0 l\u2019UFOLEP jusqu\u2019en 2017 puis \u00e0 la FFV (FFCT).<\/p>\n<p>Ces effectifs sont en baisse : (<strong>nous sommes actuellement 25<\/strong> <strong>dont 7 f\u00e9minines<\/strong> et avons \u00e9t\u00e9 jusqu&rsquo;\u00e0 80). Mais c\u2019est g\u00e9n\u00e9ral, les jeunes ne veulent pas se mettre dans un club. Les nouvelles recrues sont des retrait\u00e9s.<\/p>\n<p><strong>On organise des sorties club<\/strong> : 2 par semaine, quelques rallyes ext\u00e9rieurs mais le Covid a compliqu\u00e9 les choses, beaucoup d\u2019\u00e9preuves sont annul\u00e9es.<\/p>\n<p><strong>Le club est partenaire du COTNI<\/strong> (Comit\u00e9 d\u2019organisation du Tour Nord-Is\u00e8re). Le club aligne 18 postes de signaleurs par jours sur 7 journ\u00e9es de courses internationales (Alpes Is\u00e8re Tour, Classique des Alpes juniors et Alpes Gr\u00e9sivaudan Classic (une course de f\u00e9minines). Les 2 derni\u00e8res ann\u00e9es, nous avons d\u00fb faire appel \u00e0 l\u2019EC Muroise pour compl\u00e9ter les listes, cette ann\u00e9e on devrait faire sans eux.<\/p>\n<p><strong>Nos organisations<\/strong> : 24 Gentlemen (depuis 1981) et 19 cyclathlons (depuis 1986) : 2 \u00e9preuves que nous avons arr\u00eat\u00e9 en 2006, car c\u2019\u00e9tait devenu trop compliqu\u00e9 \u00e0 organiser. Une cinquantaine de rallyes.<br \/>\nCyclo-cross : depuis 1985, les trac\u00e9s des premiers circuits puis on a pass\u00e9 l\u2019organisation \u00e0 d\u2019autres clubs. Je fais la liaison avec la mairie. Je l\u2019ai fait quelques saisons, j\u2019ai m\u00eame gagn\u00e9 \u00e0 Genas et disput\u00e9 le championnat du Rh\u00f4ne puis les championnats de France \u00e0 Lacenas \u00bb.<\/p>\n<hr \/>\n<p><strong><span style=\"background-color: #000000; color: #ffffff;\">Dans l\u2019agenda du club ? <\/span><\/strong><\/p>\n<p>\u00ab <strong>On organise notre rallye de printemps le samedi 22 avril prochain<\/strong> avec de nouveaux parcours (affiche ci-dessous) et celui d&rsquo;automne le samedi 23 septembre 2023. On sera d&rsquo;autre part pr\u00e9sent au Forum des associations de Genas du samedi 2 septembre \u00bb.<\/p>\n<hr \/>\n<p><span style=\"background-color: #000000; color: #ffffff;\"><strong>Et pour conclure une valeur du club ?<\/strong><\/span><\/p>\n<p>\u00ab Le club c&rsquo;est quand m\u00eame une \u00e9quipe, on se connait tous bien ! \u00bb<\/p>\n<hr \/>\n<p><img loading=\"lazy\" decoding=\"async\" class=\"aligncenter wp-image-178909 size-large\" src=\"https:\/\/newsestlyonnais.fr\/site\/wp-content\/uploads\/2023\/03\/Affi.du-rallye-Avril-A4-reduit-2023-page-001-650x920.jpg\" alt=\"\" width=\"530\" height=\"750\" srcset=\"https:\/\/newsestlyonnais.fr\/site\/wp-content\/uploads\/2023\/03\/Affi.du-rallye-Avril-A4-reduit-2023-page-001-650x920.jpg 650w, https:\/\/newsestlyonnais.fr\/site\/wp-content\/uploads\/2023\/03\/Affi.du-rallye-Avril-A4-reduit-2023-page-001-400x566.jpg 400w, https:\/\/newsestlyonnais.fr\/site\/wp-content\/uploads\/2023\/03\/Affi.du-rallye-Avril-A4-reduit-2023-page-001-250x354.jpg 250w, https:\/\/newsestlyonnais.fr\/site\/wp-content\/uploads\/2023\/03\/Affi.du-rallye-Avril-A4-reduit-2023-page-001-768x1087.jpg 768w, https:\/\/newsestlyonnais.fr\/site\/wp-content\/uploads\/2023\/03\/Affi.du-rallye-Avril-A4-reduit-2023-page-001-150x212.jpg 150w, https:\/\/newsestlyonnais.fr\/site\/wp-content\/uploads\/2023\/03\/Affi.du-rallye-Avril-A4-reduit-2023-page-001-50x71.jpg 50w, https:\/\/newsestlyonnais.fr\/site\/wp-content\/uploads\/2023\/03\/Affi.du-rallye-Avril-A4-reduit-2023-page-001-100x142.jpg 100w, https:\/\/newsestlyonnais.fr\/site\/wp-content\/uploads\/2023\/03\/Affi.du-rallye-Avril-A4-reduit-2023-page-001-200x283.jpg 200w, https:\/\/newsestlyonnais.fr\/site\/wp-content\/uploads\/2023\/03\/Affi.du-rallye-Avril-A4-reduit-2023-page-001-300x425.jpg 300w, https:\/\/newsestlyonnais.fr\/site\/wp-content\/uploads\/2023\/03\/Affi.du-rallye-Avril-A4-reduit-2023-page-001-350x495.jpg 350w, https:\/\/newsestlyonnais.fr\/site\/wp-content\/uploads\/2023\/03\/Affi.du-rallye-Avril-A4-reduit-2023-page-001-450x637.jpg 450w, https:\/\/newsestlyonnais.fr\/site\/wp-content\/uploads\/2023\/03\/Affi.du-rallye-Avril-A4-reduit-2023-page-001-500x708.jpg 500w, https:\/\/newsestlyonnais.fr\/site\/wp-content\/uploads\/2023\/03\/Affi.du-rallye-Avril-A4-reduit-2023-page-001-550x778.jpg 550w, https:\/\/newsestlyonnais.fr\/site\/wp-content\/uploads\/2023\/03\/Affi.du-rallye-Avril-A4-reduit-2023-page-001-800x1132.jpg 800w, https:\/\/newsestlyonnais.fr\/site\/wp-content\/uploads\/2023\/03\/Affi.du-rallye-Avril-A4-reduit-2023-page-001.jpg 848w\" sizes=\"auto, (max-width: 530px) 100vw, 530px\" \/><\/p>\n","protected":false},"excerpt":{"rendered":"<p>Pratiquant assidu de la petite reine depuis 45 ans \u00e0 l&rsquo;ES Genas-Azieu Cyclo, un club partenaire du Comit\u00e9 d\u2019organisation du Tour Nord-Is\u00e8re et qu&rsquo;il pr\u00e9side depuis des ann\u00e9es.<\/p>\n","protected":false},"author":4,"featured_media":179627,"comment_status":"open","ping_status":"open","sticky":false,"template":"","format":"standard","meta":{"footnotes":""},"categories":[270,2969,1598,4286,137],"tags":[4692,2144,2005,2101],"class_list":["post-179624","post","type-post","status-publish","format-standard","has-post-thumbnail","hentry","category-cte-de-communes-c-c-e-l","category-cyclisme-cyclo-vtt","category-genas","category-interview-a-la-une","category-interviews","tag-bernard-drevon","tag-esga-cyclo","tag-genas","tag-rallye"],"yoast_head":"<!-- This site is optimized with the Yoast SEO plugin v27.2 - https:\/\/yoast.com\/product\/yoast-seo-wordpress\/ -->\n<title>Bernard Drevon \u00ab on pr\u00e9pare notre rallye de printemps qu&#039;on organise samedi 22 avril prochain \u00bb - News Est Lyonnais<\/title>\n<meta name=\"description\" content=\"Bernard Drevon \u00ab on pr\u00e9pare notre rallye de printemps qu&#039;on organise samedi 22 avril prochain \u00bb\" \/>\n<meta name=\"robots\" content=\"index, follow, max-snippet:-1, max-image-preview:large, max-video-preview:-1\" \/>\n<link rel=\"canonical\" href=\"https:\/\/newsestlyonnais.fr\/site\/2023\/04\/12\/bernard-drevon-on-prepare-notre-rallye-de-printemps-quon-organise-samedi-22-avril-prochain\/\" \/>\n<meta property=\"og:locale\" content=\"fr_FR\" \/>\n<meta property=\"og:type\" content=\"article\" \/>\n<meta property=\"og:title\" content=\"Bernard Drevon \u00ab on pr\u00e9pare notre rallye de printemps qu&#039;on organise samedi 22 avril prochain \u00bb - News Est Lyonnais\" \/>\n<meta property=\"og:description\" content=\"Bernard Drevon \u00ab on pr\u00e9pare notre rallye de printemps qu&#039;on organise samedi 22 avril prochain \u00bb\" \/>\n<meta property=\"og:url\" content=\"https:\/\/newsestlyonnais.fr\/site\/2023\/04\/12\/bernard-drevon-on-prepare-notre-rallye-de-printemps-quon-organise-samedi-22-avril-prochain\/\" \/>\n<meta property=\"og:site_name\" content=\"News Est Lyonnais\" \/>\n<meta property=\"article:author\" content=\"https:\/\/www.facebook.com\/pascal.oberson.1?fref=ts\" \/>\n<meta property=\"article:published_time\" content=\"2023-04-12T13:29:09+00:00\" \/>\n<meta property=\"og:image\" content=\"https:\/\/newsestlyonnais.fr\/site\/wp-content\/uploads\/2023\/04\/P1490809.jpg\" \/>\n\t<meta property=\"og:image:width\" content=\"953\" \/>\n\t<meta property=\"og:image:height\" content=\"900\" \/>\n\t<meta property=\"og:image:type\" content=\"image\/jpeg\" \/>\n<meta name=\"author\" content=\"R\u00e9dac. NEWS\" \/>\n<meta name=\"twitter:card\" content=\"summary_large_image\" \/>\n<meta name=\"twitter:label1\" content=\"\u00c9crit par\" \/>\n\t<meta name=\"twitter:data1\" content=\"R\u00e9dac. NEWS\" \/>\n\t<meta name=\"twitter:label2\" content=\"Dur\u00e9e de lecture estim\u00e9e\" \/>\n\t<meta name=\"twitter:data2\" content=\"3 minutes\" \/>\n<script type=\"application\/ld+json\" class=\"yoast-schema-graph\">{\"@context\":\"https:\/\/schema.org\",\"@graph\":[{\"@type\":\"Article\",\"@id\":\"https:\/\/newsestlyonnais.fr\/site\/2023\/04\/12\/bernard-drevon-on-prepare-notre-rallye-de-printemps-quon-organise-samedi-22-avril-prochain\/#article\",\"isPartOf\":{\"@id\":\"https:\/\/newsestlyonnais.fr\/site\/2023\/04\/12\/bernard-drevon-on-prepare-notre-rallye-de-printemps-quon-organise-samedi-22-avril-prochain\/\"},\"author\":{\"name\":\"R\u00e9dac. NEWS\",\"@id\":\"https:\/\/newsestlyonnais.fr\/site\/#\/schema\/person\/3230d5615f390bb808365d673001e887\"},\"headline\":\"Bernard Drevon \u00ab on pr\u00e9pare notre rallye de printemps qu&rsquo;on organise samedi 22 avril prochain \u00bb\",\"datePublished\":\"2023-04-12T13:29:09+00:00\",\"mainEntityOfPage\":{\"@id\":\"https:\/\/newsestlyonnais.fr\/site\/2023\/04\/12\/bernard-drevon-on-prepare-notre-rallye-de-printemps-quon-organise-samedi-22-avril-prochain\/\"},\"wordCount\":542,\"commentCount\":1,\"publisher\":{\"@id\":\"https:\/\/newsestlyonnais.fr\/site\/#organization\"},\"image\":{\"@id\":\"https:\/\/newsestlyonnais.fr\/site\/2023\/04\/12\/bernard-drevon-on-prepare-notre-rallye-de-printemps-quon-organise-samedi-22-avril-prochain\/#primaryimage\"},\"thumbnailUrl\":\"https:\/\/newsestlyonnais.fr\/site\/wp-content\/uploads\/2023\/04\/P1490809.jpg\",\"keywords\":[\"Bernard Drevon\",\"ESGA CYCLO\",\"GENAS\",\"RALLYE\"],\"articleSection\":[\"CCEL | Communes\",\"Cyclisme | Cyclo | Vtt\",\"Genas\",\"Interview \u00e0 la une\",\"Interviews\"],\"inLanguage\":\"fr-FR\",\"potentialAction\":[{\"@type\":\"CommentAction\",\"name\":\"Comment\",\"target\":[\"https:\/\/newsestlyonnais.fr\/site\/2023\/04\/12\/bernard-drevon-on-prepare-notre-rallye-de-printemps-quon-organise-samedi-22-avril-prochain\/#respond\"]}]},{\"@type\":\"WebPage\",\"@id\":\"https:\/\/newsestlyonnais.fr\/site\/2023\/04\/12\/bernard-drevon-on-prepare-notre-rallye-de-printemps-quon-organise-samedi-22-avril-prochain\/\",\"url\":\"https:\/\/newsestlyonnais.fr\/site\/2023\/04\/12\/bernard-drevon-on-prepare-notre-rallye-de-printemps-quon-organise-samedi-22-avril-prochain\/\",\"name\":\"Bernard Drevon \u00ab on pr\u00e9pare notre rallye de printemps qu'on organise samedi 22 avril prochain \u00bb - News Est Lyonnais\",\"isPartOf\":{\"@id\":\"https:\/\/newsestlyonnais.fr\/site\/#website\"},\"primaryImageOfPage\":{\"@id\":\"https:\/\/newsestlyonnais.fr\/site\/2023\/04\/12\/bernard-drevon-on-prepare-notre-rallye-de-printemps-quon-organise-samedi-22-avril-prochain\/#primaryimage\"},\"image\":{\"@id\":\"https:\/\/newsestlyonnais.fr\/site\/2023\/04\/12\/bernard-drevon-on-prepare-notre-rallye-de-printemps-quon-organise-samedi-22-avril-prochain\/#primaryimage\"},\"thumbnailUrl\":\"https:\/\/newsestlyonnais.fr\/site\/wp-content\/uploads\/2023\/04\/P1490809.jpg\",\"datePublished\":\"2023-04-12T13:29:09+00:00\",\"description\":\"Bernard Drevon \u00ab on pr\u00e9pare notre rallye de printemps qu'on organise samedi 22 avril prochain \u00bb\",\"breadcrumb\":{\"@id\":\"https:\/\/newsestlyonnais.fr\/site\/2023\/04\/12\/bernard-drevon-on-prepare-notre-rallye-de-printemps-quon-organise-samedi-22-avril-prochain\/#breadcrumb\"},\"inLanguage\":\"fr-FR\",\"potentialAction\":[{\"@type\":\"ReadAction\",\"target\":[\"https:\/\/newsestlyonnais.fr\/site\/2023\/04\/12\/bernard-drevon-on-prepare-notre-rallye-de-printemps-quon-organise-samedi-22-avril-prochain\/\"]}]},{\"@type\":\"ImageObject\",\"inLanguage\":\"fr-FR\",\"@id\":\"https:\/\/newsestlyonnais.fr\/site\/2023\/04\/12\/bernard-drevon-on-prepare-notre-rallye-de-printemps-quon-organise-samedi-22-avril-prochain\/#primaryimage\",\"url\":\"https:\/\/newsestlyonnais.fr\/site\/wp-content\/uploads\/2023\/04\/P1490809.jpg\",\"contentUrl\":\"https:\/\/newsestlyonnais.fr\/site\/wp-content\/uploads\/2023\/04\/P1490809.jpg\",\"width\":953,\"height\":900},{\"@type\":\"BreadcrumbList\",\"@id\":\"https:\/\/newsestlyonnais.fr\/site\/2023\/04\/12\/bernard-drevon-on-prepare-notre-rallye-de-printemps-quon-organise-samedi-22-avril-prochain\/#breadcrumb\",\"itemListElement\":[{\"@type\":\"ListItem\",\"position\":1,\"name\":\"Accueil\",\"item\":\"https:\/\/newsestlyonnais.fr\/site\/\"},{\"@type\":\"ListItem\",\"position\":2,\"name\":\"Bernard Drevon \u00ab on pr\u00e9pare notre rallye de printemps qu&rsquo;on organise samedi 22 avril prochain \u00bb\"}]},{\"@type\":\"WebSite\",\"@id\":\"https:\/\/newsestlyonnais.fr\/site\/#website\",\"url\":\"https:\/\/newsestlyonnais.fr\/site\/\",\"name\":\"News Est Lyonnais\",\"description\":\"L&#039;actualit\u00e9 au plus pr\u00e8s\",\"publisher\":{\"@id\":\"https:\/\/newsestlyonnais.fr\/site\/#organization\"},\"potentialAction\":[{\"@type\":\"SearchAction\",\"target\":{\"@type\":\"EntryPoint\",\"urlTemplate\":\"https:\/\/newsestlyonnais.fr\/site\/?s={search_term_string}\"},\"query-input\":{\"@type\":\"PropertyValueSpecification\",\"valueRequired\":true,\"valueName\":\"search_term_string\"}}],\"inLanguage\":\"fr-FR\"},{\"@type\":\"Organization\",\"@id\":\"https:\/\/newsestlyonnais.fr\/site\/#organization\",\"name\":\"News EST LYONNAIS\",\"url\":\"https:\/\/newsestlyonnais.fr\/site\/\",\"logo\":{\"@type\":\"ImageObject\",\"inLanguage\":\"fr-FR\",\"@id\":\"https:\/\/newsestlyonnais.fr\/site\/#\/schema\/logo\/image\/\",\"url\":\"\",\"contentUrl\":\"\",\"caption\":\"News EST LYONNAIS\"},\"image\":{\"@id\":\"https:\/\/newsestlyonnais.fr\/site\/#\/schema\/logo\/image\/\"}},{\"@type\":\"Person\",\"@id\":\"https:\/\/newsestlyonnais.fr\/site\/#\/schema\/person\/3230d5615f390bb808365d673001e887\",\"name\":\"R\u00e9dac. NEWS\",\"sameAs\":[\"http:\/\/www.newsestlyonnais.fr\",\"https:\/\/www.facebook.com\/pascal.oberson.1?fref=ts\",\"https:\/\/fr.linkedin.com\/in\/pascal-oberson-b17045113\"],\"url\":\"https:\/\/newsestlyonnais.fr\/site\/author\/nel\/\"}]}<\/script>\n<!-- \/ Yoast SEO plugin. -->","yoast_head_json":{"title":"Bernard Drevon \u00ab on pr\u00e9pare notre rallye de printemps qu'on organise samedi 22 avril prochain \u00bb - News Est Lyonnais","description":"Bernard Drevon \u00ab on pr\u00e9pare notre rallye de printemps qu'on organise samedi 22 avril prochain \u00bb","robots":{"index":"index","follow":"follow","max-snippet":"max-snippet:-1","max-image-preview":"max-image-preview:large","max-video-preview":"max-video-preview:-1"},"canonical":"https:\/\/newsestlyonnais.fr\/site\/2023\/04\/12\/bernard-drevon-on-prepare-notre-rallye-de-printemps-quon-organise-samedi-22-avril-prochain\/","og_locale":"fr_FR","og_type":"article","og_title":"Bernard Drevon \u00ab on pr\u00e9pare notre rallye de printemps qu'on organise samedi 22 avril prochain \u00bb - News Est Lyonnais","og_description":"Bernard Drevon \u00ab on pr\u00e9pare notre rallye de printemps qu'on organise samedi 22 avril prochain \u00bb","og_url":"https:\/\/newsestlyonnais.fr\/site\/2023\/04\/12\/bernard-drevon-on-prepare-notre-rallye-de-printemps-quon-organise-samedi-22-avril-prochain\/","og_site_name":"News Est Lyonnais","article_author":"https:\/\/www.facebook.com\/pascal.oberson.1?fref=ts","article_published_time":"2023-04-12T13:29:09+00:00","og_image":[{"width":953,"height":900,"url":"https:\/\/newsestlyonnais.fr\/site\/wp-content\/uploads\/2023\/04\/P1490809.jpg","type":"image\/jpeg"}],"author":"R\u00e9dac. NEWS","twitter_card":"summary_large_image","twitter_misc":{"\u00c9crit par":"R\u00e9dac. NEWS","Dur\u00e9e de lecture estim\u00e9e":"3 minutes"},"schema":{"@context":"https:\/\/schema.org","@graph":[{"@type":"Article","@id":"https:\/\/newsestlyonnais.fr\/site\/2023\/04\/12\/bernard-drevon-on-prepare-notre-rallye-de-printemps-quon-organise-samedi-22-avril-prochain\/#article","isPartOf":{"@id":"https:\/\/newsestlyonnais.fr\/site\/2023\/04\/12\/bernard-drevon-on-prepare-notre-rallye-de-printemps-quon-organise-samedi-22-avril-prochain\/"},"author":{"name":"R\u00e9dac. NEWS","@id":"https:\/\/newsestlyonnais.fr\/site\/#\/schema\/person\/3230d5615f390bb808365d673001e887"},"headline":"Bernard Drevon \u00ab on pr\u00e9pare notre rallye de printemps qu&rsquo;on organise samedi 22 avril prochain \u00bb","datePublished":"2023-04-12T13:29:09+00:00","mainEntityOfPage":{"@id":"https:\/\/newsestlyonnais.fr\/site\/2023\/04\/12\/bernard-drevon-on-prepare-notre-rallye-de-printemps-quon-organise-samedi-22-avril-prochain\/"},"wordCount":542,"commentCount":1,"publisher":{"@id":"https:\/\/newsestlyonnais.fr\/site\/#organization"},"image":{"@id":"https:\/\/newsestlyonnais.fr\/site\/2023\/04\/12\/bernard-drevon-on-prepare-notre-rallye-de-printemps-quon-organise-samedi-22-avril-prochain\/#primaryimage"},"thumbnailUrl":"https:\/\/newsestlyonnais.fr\/site\/wp-content\/uploads\/2023\/04\/P1490809.jpg","keywords":["Bernard Drevon","ESGA CYCLO","GENAS","RALLYE"],"articleSection":["CCEL | Communes","Cyclisme | Cyclo | Vtt","Genas","Interview \u00e0 la une","Interviews"],"inLanguage":"fr-FR","potentialAction":[{"@type":"CommentAction","name":"Comment","target":["https:\/\/newsestlyonnais.fr\/site\/2023\/04\/12\/bernard-drevon-on-prepare-notre-rallye-de-printemps-quon-organise-samedi-22-avril-prochain\/#respond"]}]},{"@type":"WebPage","@id":"https:\/\/newsestlyonnais.fr\/site\/2023\/04\/12\/bernard-drevon-on-prepare-notre-rallye-de-printemps-quon-organise-samedi-22-avril-prochain\/","url":"https:\/\/newsestlyonnais.fr\/site\/2023\/04\/12\/bernard-drevon-on-prepare-notre-rallye-de-printemps-quon-organise-samedi-22-avril-prochain\/","name":"Bernard Drevon \u00ab on pr\u00e9pare notre rallye de printemps qu'on organise samedi 22 avril prochain \u00bb - News Est Lyonnais","isPartOf":{"@id":"https:\/\/newsestlyonnais.fr\/site\/#website"},"primaryImageOfPage":{"@id":"https:\/\/newsestlyonnais.fr\/site\/2023\/04\/12\/bernard-drevon-on-prepare-notre-rallye-de-printemps-quon-organise-samedi-22-avril-prochain\/#primaryimage"},"image":{"@id":"https:\/\/newsestlyonnais.fr\/site\/2023\/04\/12\/bernard-drevon-on-prepare-notre-rallye-de-printemps-quon-organise-samedi-22-avril-prochain\/#primaryimage"},"thumbnailUrl":"https:\/\/newsestlyonnais.fr\/site\/wp-content\/uploads\/2023\/04\/P1490809.jpg","datePublished":"2023-04-12T13:29:09+00:00","description":"Bernard Drevon \u00ab on pr\u00e9pare notre rallye de printemps qu'on organise samedi 22 avril prochain \u00bb","breadcrumb":{"@id":"https:\/\/newsestlyonnais.fr\/site\/2023\/04\/12\/bernard-drevon-on-prepare-notre-rallye-de-printemps-quon-organise-samedi-22-avril-prochain\/#breadcrumb"},"inLanguage":"fr-FR","potentialAction":[{"@type":"ReadAction","target":["https:\/\/newsestlyonnais.fr\/site\/2023\/04\/12\/bernard-drevon-on-prepare-notre-rallye-de-printemps-quon-organise-samedi-22-avril-prochain\/"]}]},{"@type":"ImageObject","inLanguage":"fr-FR","@id":"https:\/\/newsestlyonnais.fr\/site\/2023\/04\/12\/bernard-drevon-on-prepare-notre-rallye-de-printemps-quon-organise-samedi-22-avril-prochain\/#primaryimage","url":"https:\/\/newsestlyonnais.fr\/site\/wp-content\/uploads\/2023\/04\/P1490809.jpg","contentUrl":"https:\/\/newsestlyonnais.fr\/site\/wp-content\/uploads\/2023\/04\/P1490809.jpg","width":953,"height":900},{"@type":"BreadcrumbList","@id":"https:\/\/newsestlyonnais.fr\/site\/2023\/04\/12\/bernard-drevon-on-prepare-notre-rallye-de-printemps-quon-organise-samedi-22-avril-prochain\/#breadcrumb","itemListElement":[{"@type":"ListItem","position":1,"name":"Accueil","item":"https:\/\/newsestlyonnais.fr\/site\/"},{"@type":"ListItem","position":2,"name":"Bernard Drevon \u00ab on pr\u00e9pare notre rallye de printemps qu&rsquo;on organise samedi 22 avril prochain \u00bb"}]},{"@type":"WebSite","@id":"https:\/\/newsestlyonnais.fr\/site\/#website","url":"https:\/\/newsestlyonnais.fr\/site\/","name":"News Est Lyonnais","description":"L&#039;actualit\u00e9 au plus pr\u00e8s","publisher":{"@id":"https:\/\/newsestlyonnais.fr\/site\/#organization"},"potentialAction":[{"@type":"SearchAction","target":{"@type":"EntryPoint","urlTemplate":"https:\/\/newsestlyonnais.fr\/site\/?s={search_term_string}"},"query-input":{"@type":"PropertyValueSpecification","valueRequired":true,"valueName":"search_term_string"}}],"inLanguage":"fr-FR"},{"@type":"Organization","@id":"https:\/\/newsestlyonnais.fr\/site\/#organization","name":"News EST LYONNAIS","url":"https:\/\/newsestlyonnais.fr\/site\/","logo":{"@type":"ImageObject","inLanguage":"fr-FR","@id":"https:\/\/newsestlyonnais.fr\/site\/#\/schema\/logo\/image\/","url":"","contentUrl":"","caption":"News EST LYONNAIS"},"image":{"@id":"https:\/\/newsestlyonnais.fr\/site\/#\/schema\/logo\/image\/"}},{"@type":"Person","@id":"https:\/\/newsestlyonnais.fr\/site\/#\/schema\/person\/3230d5615f390bb808365d673001e887","name":"R\u00e9dac. NEWS","sameAs":["http:\/\/www.newsestlyonnais.fr","https:\/\/www.facebook.com\/pascal.oberson.1?fref=ts","https:\/\/fr.linkedin.com\/in\/pascal-oberson-b17045113"],"url":"https:\/\/newsestlyonnais.fr\/site\/author\/nel\/"}]}},"_links":{"self":[{"href":"https:\/\/newsestlyonnais.fr\/site\/wp-json\/wp\/v2\/posts\/179624","targetHints":{"allow":["GET"]}}],"collection":[{"href":"https:\/\/newsestlyonnais.fr\/site\/wp-json\/wp\/v2\/posts"}],"about":[{"href":"https:\/\/newsestlyonnais.fr\/site\/wp-json\/wp\/v2\/types\/post"}],"author":[{"embeddable":true,"href":"https:\/\/newsestlyonnais.fr\/site\/wp-json\/wp\/v2\/users\/4"}],"replies":[{"embeddable":true,"href":"https:\/\/newsestlyonnais.fr\/site\/wp-json\/wp\/v2\/comments?post=179624"}],"version-history":[{"count":0,"href":"https:\/\/newsestlyonnais.fr\/site\/wp-json\/wp\/v2\/posts\/179624\/revisions"}],"wp:featuredmedia":[{"embeddable":true,"href":"https:\/\/newsestlyonnais.fr\/site\/wp-json\/wp\/v2\/media\/179627"}],"wp:attachment":[{"href":"https:\/\/newsestlyonnais.fr\/site\/wp-json\/wp\/v2\/media?parent=179624"}],"wp:term":[{"taxonomy":"category","embeddable":true,"href":"https:\/\/newsestlyonnais.fr\/site\/wp-json\/wp\/v2\/categories?post=179624"},{"taxonomy":"post_tag","embeddable":true,"href":"https:\/\/newsestlyonnais.fr\/site\/wp-json\/wp\/v2\/tags?post=179624"}],"curies":[{"name":"wp","href":"https:\/\/api.w.org\/{rel}","templated":true}]}}