{"id":179970,"date":"2023-04-19T08:08:17","date_gmt":"2023-04-19T07:08:17","guid":{"rendered":"https:\/\/newsestlyonnais.fr\/site\/?p=179970"},"modified":"2023-04-20T09:53:58","modified_gmt":"2023-04-20T08:53:58","slug":"pascal-carre-la-scene-une-rencontre-avec-le-public-un-moment-de-vie-si-fragile-et-intense-a-vivre","status":"publish","type":"post","link":"https:\/\/newsestlyonnais.fr\/site\/2023\/04\/19\/pascal-carre-la-scene-une-rencontre-avec-le-public-un-moment-de-vie-si-fragile-et-intense-a-vivre\/","title":{"rendered":"Pascal Carr\u00e9 \u00ab La sc\u00e8ne, une rencontre avec le public, un moment de vie si fragile et intense \u00e0 vivre \u00bb"},"content":{"rendered":"<div dir=\"ltr\">\n<div dir=\"ltr\">\n<div style=\"font-family: Calibri; color: #000000; font-size: 12pt;\">\n<div>\n<p><span style=\"background-color: #000000; color: #ffffff;\"><strong><span style=\"font-family: georgia, palatino, serif;\">Pr\u00e9sentation sommaire<\/span><\/strong><\/span><\/p>\n<p><span style=\"font-family: georgia, palatino, serif;\">\u00ab <strong>Apr\u00e8s une longue p\u00e9riode croix-roussienne<\/strong> j\u2019habite depuis peu Saint Just-d\u2019Avray et j\u2019oscille entre 50 et 60 ans, <strong>formation litt\u00e9raire et arts culinaire enfin des m\u00e9tiers de bouche quoi<\/strong> ! <\/span><\/p>\n<p><span style=\"font-family: georgia, palatino, serif;\">Profession chanteur et com\u00e9dien \/ m\u00e9tiers de la voix \u00bb.<\/span><\/p>\n<p><strong><span style=\"font-family: georgia, palatino, serif; background-color: #000000; color: #ffffff;\">Ta formation scolaire et pro ?<\/span><\/strong><\/p>\n<p><span style=\"font-family: georgia, palatino, serif;\">\u00ab <strong>Artistiquement j\u2019ai toujours \u00e9t\u00e9 dedans, piano \u00e0 l\u2019\u00e2ge de 6 ans et dessin peinture aussi<\/strong>. Mais en formation identifiable j\u2019ai d\u00e9marr\u00e9 \u00e0 l\u2019\u00e9cole Nationale de Musique de Villeurbanne ma formation de chanteur en 1990 et j\u2019y suis rest\u00e9 5 ann\u00e9es pour ensuite y devenir professeur d\u2019interpr\u00e9tation aux ateliers chansons. <\/span><span style=\"font-family: georgia, palatino, serif;\">J\u2019ai parall\u00e8lement suivi des cours de clowns et de th\u00e9\u00e2tre \u00bb.<\/span><\/p>\n<hr \/>\n<p><span style=\"font-family: georgia, palatino, serif; background-color: #000000; color: #ffffff;\">Tu es com\u00e9dien, peux tu nous citer tes r\u00f4les principaux ?<br \/>\n<\/span><\/p>\n<p>\u00ab <span style=\"font-family: georgia, palatino, serif;\"><strong>Je tourne tr\u00e8s peu mais il arrive que l\u2019on fasse appel \u00e0 moi pour de petits r\u00f4les<\/strong> donc pas de principaux mais <strong>toujours de belles rencontres<\/strong>, j\u2019ai par exemple tourn\u00e9 avec Pierre Mondy, Line Renaud, Catherine Jacob, Muriel Robin, Victor Lanoux, Antoine Dullery, James Thierr\u00e9e. <\/span><\/p>\n<p><span style=\"font-family: georgia, palatino, serif;\"><strong>Acteur oui c\u2019est venu apr\u00e8s un peu par hasard mais je suis surtout un com\u00e9dien de th\u00e9\u00e2tre<\/strong>, j\u2019ai jou\u00e9 une cinquantaine de pi\u00e8ces. <strong>Actuellement je tourne un monologue\/montage de textes po\u00e9tiques qui s\u2019appelle \u00ab Vos gueules les po\u00e8tes \u00bb<\/strong>.<br \/>\n<\/span><\/p>\n<p><span style=\"background-color: #000000; font-family: georgia, palatino, serif; color: #ffffff;\">Egalement chanteur, quel est ton r\u00e9pertoire ?<\/span><\/p>\n<p><span style=\"font-family: georgia, palatino, serif;\">\u00ab <strong>J\u2019ai d\u2019abord voulu \u00eatre chanteur de par ma formation, com\u00e9dien c\u2019est venu un peu par effraction<\/strong>, sans le rechercher vraiment puis cela m\u2019a passionn\u00e9. <\/span><\/p>\n<p><span style=\"font-family: georgia, palatino, serif;\"><strong>Je chante essentiellement de la chanson fran\u00e7aise de par mon go\u00fbt pour les beaux textes<\/strong>. J\u2019allie la voix et les mots c\u2019est ma passion. Je tourne d\u2019ailleurs depuis fort longtemps un spectacle avec le r\u00e9pertoire de Serge Reggiani \u00bb.<\/span><\/p>\n<hr \/>\n<p><span id=\"page3R_mcid5\" class=\"markedContent\" style=\"background-color: #000000; color: #ffffff; font-family: georgia, palatino, serif;\"><span dir=\"ltr\" role=\"presentation\">Tes com\u00e9diens et chanteurs pr\u00e9f\u00e9r\u00e9s et dont tu t<\/span><span dir=\"ltr\" role=\"presentation\">\u2019<\/span><span dir=\"ltr\" role=\"presentation\">inspires ?<\/span><\/span><\/p>\n<p>\u00ab <span style=\"font-family: georgia, palatino, serif;\"><strong>Serge en faisait partie, je ne vais pas en citer c\u2019est trop difficile<\/strong> d\u2019y mettre un ordre c\u2019est variable au gr\u00e9 des d\u00e9couvertes encore aussi mais en fait tout ceux qui travaillent avec humanit\u00e9 et sinc\u00e9rit\u00e9 me touche c\u2019est cela qui m\u2019\u00e9meut \u00bb.<\/span><\/p>\n<p><span style=\"font-family: georgia, palatino, serif; background-color: #000000; color: #ffffff;\">Ce qui te plait le plus dans tes diverses activit\u00e9s, la sc\u00e8ne ?<\/span><\/p>\n<p><span style=\"font-family: georgia, palatino, serif;\">\u00ab <strong>La sc\u00e8ne bien s\u00fbr la rencontre avec le public, ce moment de vie si fragile et intense \u00e0 vivre<\/strong> c\u2019est vertigineux un peu comme une premi\u00e8re rencontre amoureuse et puis aussi surtout la d\u00e9couverte permanente, la nouveaut\u00e9 perp\u00e9tuelle parfois affolante qui peut faire peur mais si grisante, enfin j\u2019aime \u00e7a c\u2019est ma vie depuis toujours. <\/span><\/p>\n<p><span style=\"font-family: georgia, palatino, serif;\">Il y a aussi <strong>le partage en \u00e9quipe, l\u2019artisanat, l\u2019amour du travail bien fait<\/strong>, j\u2019y retrouve les valeurs de la cuisine que j\u2019ai pratiqu\u00e9 au restaurant familial \u00bb. <\/span><\/p>\n<hr \/>\n<p><span style=\"font-family: georgia, palatino, serif; background-color: #000000; color: #ffffff;\">Quels sont tes projets pour les prochains mois ? <\/span><\/p>\n<p><span style=\"font-family: georgia, palatino, serif;\">\u00ab <strong>Je pr\u00e9pare une nouvelle cr\u00e9ation musicale avec le guitariste Fred Meyer<\/strong> <strong>dont les premi\u00e8res auront lieu au Th\u00e9\u00e2tre 2000 \u00e0 Saint-Genis Laval les 28\/29\/30 avril<\/strong> <strong>\u00ab L\u2019amour c\u2019est du pipeau \u00bb<\/strong> chansons irr\u00e9v\u00e9rencieuses et po\u00e8mes \u00e9rotiques. Au travers de divers auteurs chansonniers et po\u00e8tes, il s\u2019agit de renouer avec l\u2019art des bons mots, de l\u2019humour caustique, de la pens\u00e9e libre, un r\u00e9pertoire dr\u00f4le et tendre en ces temps o\u00f9 nous en avons bien besoin. <\/span><\/p>\n<p><span style=\"font-family: georgia, palatino, serif;\"><strong>Si vous manquez ces dates vous pourrez nous retrouver les 5\/6\/7 mai au th\u00e9\u00e2tre L\u2019Espace 44 Lyon 1<sup>er\u00a0 <\/sup><\/strong><\/span><span style=\"font-family: georgia, palatino, serif;\">(vous trouverez toutes les infos compl\u00e9mentaires sur les sites internet de ces lieux).<\/span><\/p>\n<p><span style=\"font-family: georgia, palatino, serif;\"> En tant que com\u00e9dien <strong>je commence \u00e0 travailler sur une fresque historique<\/strong> qui se jouera tout l\u2019\u00e9t\u00e9 dans l\u2019abbaye de Cluny, le r\u00f4le de l\u2019abb\u00e9 Hugues un des fondateurs du site Clunisien, c\u2019est \u00e7a aussi le privil\u00e8ge et l\u2019amusement d\u2019un com\u00e9dien endoss\u00e9 d\u2019autres vies et voyager dans le temps \u00bb.<\/span><\/p>\n<p><span style=\"background-color: #000000; color: #ffffff; font-family: georgia, palatino, serif;\">Des anecdotes \u00e0 raconter rencontr\u00e9es dans ta carri\u00e8re ?<\/span><\/p>\n<p><span style=\"font-family: georgia, palatino, serif;\">\u00ab Tellement mais c\u2019est personnel ! \u00bb<br \/>\n<\/span><\/p>\n<hr \/>\n<hr \/>\n<div id='gallery-1' class='gallery galleryid-179970 gallery-columns-2 gallery-size-large'><figure class='gallery-item'>\n\t\t\t<div class='gallery-icon landscape'>\n\t\t\t\t<a href='https:\/\/newsestlyonnais.fr\/site\/2023\/04\/19\/pascal-carre-la-scene-une-rencontre-avec-le-public-un-moment-de-vie-si-fragile-et-intense-a-vivre\/affichebr\/'><img loading=\"lazy\" decoding=\"async\" width=\"640\" height=\"453\" src=\"https:\/\/newsestlyonnais.fr\/site\/wp-content\/uploads\/2023\/04\/affichebr-650x460.jpg\" class=\"attachment-large size-large\" alt=\"\" srcset=\"https:\/\/newsestlyonnais.fr\/site\/wp-content\/uploads\/2023\/04\/affichebr-650x460.jpg 650w, https:\/\/newsestlyonnais.fr\/site\/wp-content\/uploads\/2023\/04\/affichebr-400x283.jpg 400w, https:\/\/newsestlyonnais.fr\/site\/wp-content\/uploads\/2023\/04\/affichebr-250x177.jpg 250w, https:\/\/newsestlyonnais.fr\/site\/wp-content\/uploads\/2023\/04\/affichebr-768x543.jpg 768w, https:\/\/newsestlyonnais.fr\/site\/wp-content\/uploads\/2023\/04\/affichebr-150x106.jpg 150w, https:\/\/newsestlyonnais.fr\/site\/wp-content\/uploads\/2023\/04\/affichebr-50x35.jpg 50w, https:\/\/newsestlyonnais.fr\/site\/wp-content\/uploads\/2023\/04\/affichebr-100x71.jpg 100w, https:\/\/newsestlyonnais.fr\/site\/wp-content\/uploads\/2023\/04\/affichebr-200x141.jpg 200w, https:\/\/newsestlyonnais.fr\/site\/wp-content\/uploads\/2023\/04\/affichebr-300x212.jpg 300w, https:\/\/newsestlyonnais.fr\/site\/wp-content\/uploads\/2023\/04\/affichebr-350x247.jpg 350w, https:\/\/newsestlyonnais.fr\/site\/wp-content\/uploads\/2023\/04\/affichebr-450x318.jpg 450w, https:\/\/newsestlyonnais.fr\/site\/wp-content\/uploads\/2023\/04\/affichebr-500x354.jpg 500w, https:\/\/newsestlyonnais.fr\/site\/wp-content\/uploads\/2023\/04\/affichebr-550x389.jpg 550w, https:\/\/newsestlyonnais.fr\/site\/wp-content\/uploads\/2023\/04\/affichebr-800x566.jpg 800w, https:\/\/newsestlyonnais.fr\/site\/wp-content\/uploads\/2023\/04\/affichebr.jpg 1024w\" sizes=\"auto, (max-width: 640px) 100vw, 640px\" \/><\/a>\n\t\t\t<\/div><\/figure><figure class='gallery-item'>\n\t\t\t<div class='gallery-icon landscape'>\n\t\t\t\t<a href='https:\/\/newsestlyonnais.fr\/site\/2023\/04\/19\/pascal-carre-la-scene-une-rencontre-avec-le-public-un-moment-de-vie-si-fragile-et-intense-a-vivre\/tract-verso-page-001\/'><img loading=\"lazy\" decoding=\"async\" width=\"640\" height=\"452\" src=\"https:\/\/newsestlyonnais.fr\/site\/wp-content\/uploads\/2023\/04\/tract-verso-page-001-650x459.jpg\" class=\"attachment-large size-large\" alt=\"\" srcset=\"https:\/\/newsestlyonnais.fr\/site\/wp-content\/uploads\/2023\/04\/tract-verso-page-001-650x459.jpg 650w, https:\/\/newsestlyonnais.fr\/site\/wp-content\/uploads\/2023\/04\/tract-verso-page-001-400x283.jpg 400w, https:\/\/newsestlyonnais.fr\/site\/wp-content\/uploads\/2023\/04\/tract-verso-page-001-250x177.jpg 250w, https:\/\/newsestlyonnais.fr\/site\/wp-content\/uploads\/2023\/04\/tract-verso-page-001-768x543.jpg 768w, https:\/\/newsestlyonnais.fr\/site\/wp-content\/uploads\/2023\/04\/tract-verso-page-001-150x106.jpg 150w, https:\/\/newsestlyonnais.fr\/site\/wp-content\/uploads\/2023\/04\/tract-verso-page-001-50x35.jpg 50w, https:\/\/newsestlyonnais.fr\/site\/wp-content\/uploads\/2023\/04\/tract-verso-page-001-100x71.jpg 100w, https:\/\/newsestlyonnais.fr\/site\/wp-content\/uploads\/2023\/04\/tract-verso-page-001-200x141.jpg 200w, https:\/\/newsestlyonnais.fr\/site\/wp-content\/uploads\/2023\/04\/tract-verso-page-001-300x212.jpg 300w, https:\/\/newsestlyonnais.fr\/site\/wp-content\/uploads\/2023\/04\/tract-verso-page-001-350x247.jpg 350w, https:\/\/newsestlyonnais.fr\/site\/wp-content\/uploads\/2023\/04\/tract-verso-page-001-450x318.jpg 450w, https:\/\/newsestlyonnais.fr\/site\/wp-content\/uploads\/2023\/04\/tract-verso-page-001-500x353.jpg 500w, https:\/\/newsestlyonnais.fr\/site\/wp-content\/uploads\/2023\/04\/tract-verso-page-001-550x389.jpg 550w, https:\/\/newsestlyonnais.fr\/site\/wp-content\/uploads\/2023\/04\/tract-verso-page-001-800x565.jpg 800w, https:\/\/newsestlyonnais.fr\/site\/wp-content\/uploads\/2023\/04\/tract-verso-page-001.jpg 1200w\" sizes=\"auto, (max-width: 640px) 100vw, 640px\" \/><\/a>\n\t\t\t<\/div><\/figure>\n\t\t<\/div>\n\n<\/div>\n<\/div>\n<\/div>\n<\/div>\n","protected":false},"excerpt":{"rendered":"<p>Com\u00e9dien, chanteur pr\u00e9parant sa nouvelle cr\u00e9ation musicale \u00ab L\u2019amour c\u2019est du pipeau \u00bb pr\u00e9vue : Th\u00e9\u00e2tre 2000 (St Genis-Laval, 28 au 30 avril) puis Espace 44 (Lyon 1, 5 au 7 mai). <\/p>\n","protected":false},"author":4,"featured_media":179973,"comment_status":"open","ping_status":"open","sticky":false,"template":"","format":"standard","meta":{"footnotes":""},"categories":[221,4286,137,1625,3330,3006],"tags":[4154,2323,4704,4702,2496,2306,4703],"class_list":["post-179970","post","type-post","status-publish","format-standard","has-post-thumbnail","hentry","category-cine-radio-theatre","category-interview-a-la-une","category-interviews","category-lyon","category-mode-spectacle","category-musique-danse-humour","tag-chanson","tag-cinema","tag-lespace-44","tag-pascal-carre","tag-spectacle","tag-theatre","tag-theatre-2000"],"yoast_head":"<!-- This site is optimized with the Yoast SEO plugin v27.2 - https:\/\/yoast.com\/product\/yoast-seo-wordpress\/ -->\n<title>Pascal Carr\u00e9 \u00ab La sc\u00e8ne, une rencontre avec le public, un moment de vie si fragile et intense \u00e0 vivre \u00bb - News Est Lyonnais<\/title>\n<meta name=\"description\" content=\"Pascal Carr\u00e9 \u00ab La sc\u00e8ne, une rencontre avec le public, un moment de vie si fragile et intense \u00e0 vivre \u00bb\" \/>\n<meta name=\"robots\" content=\"index, follow, max-snippet:-1, max-image-preview:large, max-video-preview:-1\" \/>\n<link rel=\"canonical\" href=\"https:\/\/newsestlyonnais.fr\/site\/2023\/04\/19\/pascal-carre-la-scene-une-rencontre-avec-le-public-un-moment-de-vie-si-fragile-et-intense-a-vivre\/\" \/>\n<meta property=\"og:locale\" content=\"fr_FR\" \/>\n<meta property=\"og:type\" content=\"article\" \/>\n<meta property=\"og:title\" content=\"Pascal Carr\u00e9 \u00ab La sc\u00e8ne, une rencontre avec le public, un moment de vie si fragile et intense \u00e0 vivre \u00bb - News Est Lyonnais\" \/>\n<meta property=\"og:description\" content=\"Pascal Carr\u00e9 \u00ab La sc\u00e8ne, une rencontre avec le public, un moment de vie si fragile et intense \u00e0 vivre \u00bb\" \/>\n<meta property=\"og:url\" content=\"https:\/\/newsestlyonnais.fr\/site\/2023\/04\/19\/pascal-carre-la-scene-une-rencontre-avec-le-public-un-moment-de-vie-si-fragile-et-intense-a-vivre\/\" \/>\n<meta property=\"og:site_name\" content=\"News Est Lyonnais\" \/>\n<meta property=\"article:author\" content=\"https:\/\/www.facebook.com\/pascal.oberson.1?fref=ts\" \/>\n<meta property=\"article:published_time\" content=\"2023-04-19T07:08:17+00:00\" \/>\n<meta property=\"article:modified_time\" content=\"2023-04-20T08:53:58+00:00\" \/>\n<meta property=\"og:image\" content=\"https:\/\/newsestlyonnais.fr\/site\/wp-content\/uploads\/2023\/04\/photo-pascal-scene.jpg\" \/>\n\t<meta property=\"og:image:width\" content=\"1109\" \/>\n\t<meta property=\"og:image:height\" content=\"969\" \/>\n\t<meta property=\"og:image:type\" content=\"image\/jpeg\" \/>\n<meta name=\"author\" content=\"R\u00e9dac. NEWS\" \/>\n<meta name=\"twitter:card\" content=\"summary_large_image\" \/>\n<meta name=\"twitter:label1\" content=\"\u00c9crit par\" \/>\n\t<meta name=\"twitter:data1\" content=\"R\u00e9dac. NEWS\" \/>\n\t<meta name=\"twitter:label2\" content=\"Dur\u00e9e de lecture estim\u00e9e\" \/>\n\t<meta name=\"twitter:data2\" content=\"4 minutes\" \/>\n<script type=\"application\/ld+json\" class=\"yoast-schema-graph\">{\"@context\":\"https:\/\/schema.org\",\"@graph\":[{\"@type\":\"Article\",\"@id\":\"https:\/\/newsestlyonnais.fr\/site\/2023\/04\/19\/pascal-carre-la-scene-une-rencontre-avec-le-public-un-moment-de-vie-si-fragile-et-intense-a-vivre\/#article\",\"isPartOf\":{\"@id\":\"https:\/\/newsestlyonnais.fr\/site\/2023\/04\/19\/pascal-carre-la-scene-une-rencontre-avec-le-public-un-moment-de-vie-si-fragile-et-intense-a-vivre\/\"},\"author\":{\"name\":\"R\u00e9dac. NEWS\",\"@id\":\"https:\/\/newsestlyonnais.fr\/site\/#\/schema\/person\/3230d5615f390bb808365d673001e887\"},\"headline\":\"Pascal Carr\u00e9 \u00ab La sc\u00e8ne, une rencontre avec le public, un moment de vie si fragile et intense \u00e0 vivre \u00bb\",\"datePublished\":\"2023-04-19T07:08:17+00:00\",\"dateModified\":\"2023-04-20T08:53:58+00:00\",\"mainEntityOfPage\":{\"@id\":\"https:\/\/newsestlyonnais.fr\/site\/2023\/04\/19\/pascal-carre-la-scene-une-rencontre-avec-le-public-un-moment-de-vie-si-fragile-et-intense-a-vivre\/\"},\"wordCount\":697,\"commentCount\":0,\"publisher\":{\"@id\":\"https:\/\/newsestlyonnais.fr\/site\/#organization\"},\"image\":{\"@id\":\"https:\/\/newsestlyonnais.fr\/site\/2023\/04\/19\/pascal-carre-la-scene-une-rencontre-avec-le-public-un-moment-de-vie-si-fragile-et-intense-a-vivre\/#primaryimage\"},\"thumbnailUrl\":\"https:\/\/newsestlyonnais.fr\/site\/wp-content\/uploads\/2023\/04\/photo-pascal-scene.jpg\",\"keywords\":[\"CHANSON\",\"CINEMA\",\"L\u2019Espace 44\",\"Pascal Carr\u00e9\",\"SPECTACLE\",\"THEATRE\",\"Th\u00e9\u00e2tre 2000\"],\"articleSection\":[\"Cin\u00e9 | Radio | Th\u00e9\u00e2tre\",\"Interview \u00e0 la une\",\"Interviews\",\"Lyon\",\"Mode | Spectacle\",\"Musique | Danse | Humour\"],\"inLanguage\":\"fr-FR\",\"potentialAction\":[{\"@type\":\"CommentAction\",\"name\":\"Comment\",\"target\":[\"https:\/\/newsestlyonnais.fr\/site\/2023\/04\/19\/pascal-carre-la-scene-une-rencontre-avec-le-public-un-moment-de-vie-si-fragile-et-intense-a-vivre\/#respond\"]}]},{\"@type\":\"WebPage\",\"@id\":\"https:\/\/newsestlyonnais.fr\/site\/2023\/04\/19\/pascal-carre-la-scene-une-rencontre-avec-le-public-un-moment-de-vie-si-fragile-et-intense-a-vivre\/\",\"url\":\"https:\/\/newsestlyonnais.fr\/site\/2023\/04\/19\/pascal-carre-la-scene-une-rencontre-avec-le-public-un-moment-de-vie-si-fragile-et-intense-a-vivre\/\",\"name\":\"Pascal Carr\u00e9 \u00ab La sc\u00e8ne, une rencontre avec le public, un moment de vie si fragile et intense \u00e0 vivre \u00bb - News Est Lyonnais\",\"isPartOf\":{\"@id\":\"https:\/\/newsestlyonnais.fr\/site\/#website\"},\"primaryImageOfPage\":{\"@id\":\"https:\/\/newsestlyonnais.fr\/site\/2023\/04\/19\/pascal-carre-la-scene-une-rencontre-avec-le-public-un-moment-de-vie-si-fragile-et-intense-a-vivre\/#primaryimage\"},\"image\":{\"@id\":\"https:\/\/newsestlyonnais.fr\/site\/2023\/04\/19\/pascal-carre-la-scene-une-rencontre-avec-le-public-un-moment-de-vie-si-fragile-et-intense-a-vivre\/#primaryimage\"},\"thumbnailUrl\":\"https:\/\/newsestlyonnais.fr\/site\/wp-content\/uploads\/2023\/04\/photo-pascal-scene.jpg\",\"datePublished\":\"2023-04-19T07:08:17+00:00\",\"dateModified\":\"2023-04-20T08:53:58+00:00\",\"description\":\"Pascal Carr\u00e9 \u00ab La sc\u00e8ne, une rencontre avec le public, un moment de vie si fragile et intense \u00e0 vivre \u00bb\",\"breadcrumb\":{\"@id\":\"https:\/\/newsestlyonnais.fr\/site\/2023\/04\/19\/pascal-carre-la-scene-une-rencontre-avec-le-public-un-moment-de-vie-si-fragile-et-intense-a-vivre\/#breadcrumb\"},\"inLanguage\":\"fr-FR\",\"potentialAction\":[{\"@type\":\"ReadAction\",\"target\":[\"https:\/\/newsestlyonnais.fr\/site\/2023\/04\/19\/pascal-carre-la-scene-une-rencontre-avec-le-public-un-moment-de-vie-si-fragile-et-intense-a-vivre\/\"]}]},{\"@type\":\"ImageObject\",\"inLanguage\":\"fr-FR\",\"@id\":\"https:\/\/newsestlyonnais.fr\/site\/2023\/04\/19\/pascal-carre-la-scene-une-rencontre-avec-le-public-un-moment-de-vie-si-fragile-et-intense-a-vivre\/#primaryimage\",\"url\":\"https:\/\/newsestlyonnais.fr\/site\/wp-content\/uploads\/2023\/04\/photo-pascal-scene.jpg\",\"contentUrl\":\"https:\/\/newsestlyonnais.fr\/site\/wp-content\/uploads\/2023\/04\/photo-pascal-scene.jpg\",\"width\":1109,\"height\":969},{\"@type\":\"BreadcrumbList\",\"@id\":\"https:\/\/newsestlyonnais.fr\/site\/2023\/04\/19\/pascal-carre-la-scene-une-rencontre-avec-le-public-un-moment-de-vie-si-fragile-et-intense-a-vivre\/#breadcrumb\",\"itemListElement\":[{\"@type\":\"ListItem\",\"position\":1,\"name\":\"Accueil\",\"item\":\"https:\/\/newsestlyonnais.fr\/site\/\"},{\"@type\":\"ListItem\",\"position\":2,\"name\":\"Pascal Carr\u00e9 \u00ab La sc\u00e8ne, une rencontre avec le public, un moment de vie si fragile et intense \u00e0 vivre \u00bb\"}]},{\"@type\":\"WebSite\",\"@id\":\"https:\/\/newsestlyonnais.fr\/site\/#website\",\"url\":\"https:\/\/newsestlyonnais.fr\/site\/\",\"name\":\"News Est Lyonnais\",\"description\":\"L&#039;actualit\u00e9 au plus pr\u00e8s\",\"publisher\":{\"@id\":\"https:\/\/newsestlyonnais.fr\/site\/#organization\"},\"potentialAction\":[{\"@type\":\"SearchAction\",\"target\":{\"@type\":\"EntryPoint\",\"urlTemplate\":\"https:\/\/newsestlyonnais.fr\/site\/?s={search_term_string}\"},\"query-input\":{\"@type\":\"PropertyValueSpecification\",\"valueRequired\":true,\"valueName\":\"search_term_string\"}}],\"inLanguage\":\"fr-FR\"},{\"@type\":\"Organization\",\"@id\":\"https:\/\/newsestlyonnais.fr\/site\/#organization\",\"name\":\"News EST LYONNAIS\",\"url\":\"https:\/\/newsestlyonnais.fr\/site\/\",\"logo\":{\"@type\":\"ImageObject\",\"inLanguage\":\"fr-FR\",\"@id\":\"https:\/\/newsestlyonnais.fr\/site\/#\/schema\/logo\/image\/\",\"url\":\"\",\"contentUrl\":\"\",\"caption\":\"News EST LYONNAIS\"},\"image\":{\"@id\":\"https:\/\/newsestlyonnais.fr\/site\/#\/schema\/logo\/image\/\"}},{\"@type\":\"Person\",\"@id\":\"https:\/\/newsestlyonnais.fr\/site\/#\/schema\/person\/3230d5615f390bb808365d673001e887\",\"name\":\"R\u00e9dac. NEWS\",\"sameAs\":[\"http:\/\/www.newsestlyonnais.fr\",\"https:\/\/www.facebook.com\/pascal.oberson.1?fref=ts\",\"https:\/\/fr.linkedin.com\/in\/pascal-oberson-b17045113\"],\"url\":\"https:\/\/newsestlyonnais.fr\/site\/author\/nel\/\"}]}<\/script>\n<!-- \/ Yoast SEO plugin. -->","yoast_head_json":{"title":"Pascal Carr\u00e9 \u00ab La sc\u00e8ne, une rencontre avec le public, un moment de vie si fragile et intense \u00e0 vivre \u00bb - News Est Lyonnais","description":"Pascal Carr\u00e9 \u00ab La sc\u00e8ne, une rencontre avec le public, un moment de vie si fragile et intense \u00e0 vivre \u00bb","robots":{"index":"index","follow":"follow","max-snippet":"max-snippet:-1","max-image-preview":"max-image-preview:large","max-video-preview":"max-video-preview:-1"},"canonical":"https:\/\/newsestlyonnais.fr\/site\/2023\/04\/19\/pascal-carre-la-scene-une-rencontre-avec-le-public-un-moment-de-vie-si-fragile-et-intense-a-vivre\/","og_locale":"fr_FR","og_type":"article","og_title":"Pascal Carr\u00e9 \u00ab La sc\u00e8ne, une rencontre avec le public, un moment de vie si fragile et intense \u00e0 vivre \u00bb - News Est Lyonnais","og_description":"Pascal Carr\u00e9 \u00ab La sc\u00e8ne, une rencontre avec le public, un moment de vie si fragile et intense \u00e0 vivre \u00bb","og_url":"https:\/\/newsestlyonnais.fr\/site\/2023\/04\/19\/pascal-carre-la-scene-une-rencontre-avec-le-public-un-moment-de-vie-si-fragile-et-intense-a-vivre\/","og_site_name":"News Est Lyonnais","article_author":"https:\/\/www.facebook.com\/pascal.oberson.1?fref=ts","article_published_time":"2023-04-19T07:08:17+00:00","article_modified_time":"2023-04-20T08:53:58+00:00","og_image":[{"width":1109,"height":969,"url":"https:\/\/newsestlyonnais.fr\/site\/wp-content\/uploads\/2023\/04\/photo-pascal-scene.jpg","type":"image\/jpeg"}],"author":"R\u00e9dac. NEWS","twitter_card":"summary_large_image","twitter_misc":{"\u00c9crit par":"R\u00e9dac. NEWS","Dur\u00e9e de lecture estim\u00e9e":"4 minutes"},"schema":{"@context":"https:\/\/schema.org","@graph":[{"@type":"Article","@id":"https:\/\/newsestlyonnais.fr\/site\/2023\/04\/19\/pascal-carre-la-scene-une-rencontre-avec-le-public-un-moment-de-vie-si-fragile-et-intense-a-vivre\/#article","isPartOf":{"@id":"https:\/\/newsestlyonnais.fr\/site\/2023\/04\/19\/pascal-carre-la-scene-une-rencontre-avec-le-public-un-moment-de-vie-si-fragile-et-intense-a-vivre\/"},"author":{"name":"R\u00e9dac. NEWS","@id":"https:\/\/newsestlyonnais.fr\/site\/#\/schema\/person\/3230d5615f390bb808365d673001e887"},"headline":"Pascal Carr\u00e9 \u00ab La sc\u00e8ne, une rencontre avec le public, un moment de vie si fragile et intense \u00e0 vivre \u00bb","datePublished":"2023-04-19T07:08:17+00:00","dateModified":"2023-04-20T08:53:58+00:00","mainEntityOfPage":{"@id":"https:\/\/newsestlyonnais.fr\/site\/2023\/04\/19\/pascal-carre-la-scene-une-rencontre-avec-le-public-un-moment-de-vie-si-fragile-et-intense-a-vivre\/"},"wordCount":697,"commentCount":0,"publisher":{"@id":"https:\/\/newsestlyonnais.fr\/site\/#organization"},"image":{"@id":"https:\/\/newsestlyonnais.fr\/site\/2023\/04\/19\/pascal-carre-la-scene-une-rencontre-avec-le-public-un-moment-de-vie-si-fragile-et-intense-a-vivre\/#primaryimage"},"thumbnailUrl":"https:\/\/newsestlyonnais.fr\/site\/wp-content\/uploads\/2023\/04\/photo-pascal-scene.jpg","keywords":["CHANSON","CINEMA","L\u2019Espace 44","Pascal Carr\u00e9","SPECTACLE","THEATRE","Th\u00e9\u00e2tre 2000"],"articleSection":["Cin\u00e9 | Radio | Th\u00e9\u00e2tre","Interview \u00e0 la une","Interviews","Lyon","Mode | Spectacle","Musique | Danse | Humour"],"inLanguage":"fr-FR","potentialAction":[{"@type":"CommentAction","name":"Comment","target":["https:\/\/newsestlyonnais.fr\/site\/2023\/04\/19\/pascal-carre-la-scene-une-rencontre-avec-le-public-un-moment-de-vie-si-fragile-et-intense-a-vivre\/#respond"]}]},{"@type":"WebPage","@id":"https:\/\/newsestlyonnais.fr\/site\/2023\/04\/19\/pascal-carre-la-scene-une-rencontre-avec-le-public-un-moment-de-vie-si-fragile-et-intense-a-vivre\/","url":"https:\/\/newsestlyonnais.fr\/site\/2023\/04\/19\/pascal-carre-la-scene-une-rencontre-avec-le-public-un-moment-de-vie-si-fragile-et-intense-a-vivre\/","name":"Pascal Carr\u00e9 \u00ab La sc\u00e8ne, une rencontre avec le public, un moment de vie si fragile et intense \u00e0 vivre \u00bb - News Est Lyonnais","isPartOf":{"@id":"https:\/\/newsestlyonnais.fr\/site\/#website"},"primaryImageOfPage":{"@id":"https:\/\/newsestlyonnais.fr\/site\/2023\/04\/19\/pascal-carre-la-scene-une-rencontre-avec-le-public-un-moment-de-vie-si-fragile-et-intense-a-vivre\/#primaryimage"},"image":{"@id":"https:\/\/newsestlyonnais.fr\/site\/2023\/04\/19\/pascal-carre-la-scene-une-rencontre-avec-le-public-un-moment-de-vie-si-fragile-et-intense-a-vivre\/#primaryimage"},"thumbnailUrl":"https:\/\/newsestlyonnais.fr\/site\/wp-content\/uploads\/2023\/04\/photo-pascal-scene.jpg","datePublished":"2023-04-19T07:08:17+00:00","dateModified":"2023-04-20T08:53:58+00:00","description":"Pascal Carr\u00e9 \u00ab La sc\u00e8ne, une rencontre avec le public, un moment de vie si fragile et intense \u00e0 vivre \u00bb","breadcrumb":{"@id":"https:\/\/newsestlyonnais.fr\/site\/2023\/04\/19\/pascal-carre-la-scene-une-rencontre-avec-le-public-un-moment-de-vie-si-fragile-et-intense-a-vivre\/#breadcrumb"},"inLanguage":"fr-FR","potentialAction":[{"@type":"ReadAction","target":["https:\/\/newsestlyonnais.fr\/site\/2023\/04\/19\/pascal-carre-la-scene-une-rencontre-avec-le-public-un-moment-de-vie-si-fragile-et-intense-a-vivre\/"]}]},{"@type":"ImageObject","inLanguage":"fr-FR","@id":"https:\/\/newsestlyonnais.fr\/site\/2023\/04\/19\/pascal-carre-la-scene-une-rencontre-avec-le-public-un-moment-de-vie-si-fragile-et-intense-a-vivre\/#primaryimage","url":"https:\/\/newsestlyonnais.fr\/site\/wp-content\/uploads\/2023\/04\/photo-pascal-scene.jpg","contentUrl":"https:\/\/newsestlyonnais.fr\/site\/wp-content\/uploads\/2023\/04\/photo-pascal-scene.jpg","width":1109,"height":969},{"@type":"BreadcrumbList","@id":"https:\/\/newsestlyonnais.fr\/site\/2023\/04\/19\/pascal-carre-la-scene-une-rencontre-avec-le-public-un-moment-de-vie-si-fragile-et-intense-a-vivre\/#breadcrumb","itemListElement":[{"@type":"ListItem","position":1,"name":"Accueil","item":"https:\/\/newsestlyonnais.fr\/site\/"},{"@type":"ListItem","position":2,"name":"Pascal Carr\u00e9 \u00ab La sc\u00e8ne, une rencontre avec le public, un moment de vie si fragile et intense \u00e0 vivre \u00bb"}]},{"@type":"WebSite","@id":"https:\/\/newsestlyonnais.fr\/site\/#website","url":"https:\/\/newsestlyonnais.fr\/site\/","name":"News Est Lyonnais","description":"L&#039;actualit\u00e9 au plus pr\u00e8s","publisher":{"@id":"https:\/\/newsestlyonnais.fr\/site\/#organization"},"potentialAction":[{"@type":"SearchAction","target":{"@type":"EntryPoint","urlTemplate":"https:\/\/newsestlyonnais.fr\/site\/?s={search_term_string}"},"query-input":{"@type":"PropertyValueSpecification","valueRequired":true,"valueName":"search_term_string"}}],"inLanguage":"fr-FR"},{"@type":"Organization","@id":"https:\/\/newsestlyonnais.fr\/site\/#organization","name":"News EST LYONNAIS","url":"https:\/\/newsestlyonnais.fr\/site\/","logo":{"@type":"ImageObject","inLanguage":"fr-FR","@id":"https:\/\/newsestlyonnais.fr\/site\/#\/schema\/logo\/image\/","url":"","contentUrl":"","caption":"News EST LYONNAIS"},"image":{"@id":"https:\/\/newsestlyonnais.fr\/site\/#\/schema\/logo\/image\/"}},{"@type":"Person","@id":"https:\/\/newsestlyonnais.fr\/site\/#\/schema\/person\/3230d5615f390bb808365d673001e887","name":"R\u00e9dac. NEWS","sameAs":["http:\/\/www.newsestlyonnais.fr","https:\/\/www.facebook.com\/pascal.oberson.1?fref=ts","https:\/\/fr.linkedin.com\/in\/pascal-oberson-b17045113"],"url":"https:\/\/newsestlyonnais.fr\/site\/author\/nel\/"}]}},"_links":{"self":[{"href":"https:\/\/newsestlyonnais.fr\/site\/wp-json\/wp\/v2\/posts\/179970","targetHints":{"allow":["GET"]}}],"collection":[{"href":"https:\/\/newsestlyonnais.fr\/site\/wp-json\/wp\/v2\/posts"}],"about":[{"href":"https:\/\/newsestlyonnais.fr\/site\/wp-json\/wp\/v2\/types\/post"}],"author":[{"embeddable":true,"href":"https:\/\/newsestlyonnais.fr\/site\/wp-json\/wp\/v2\/users\/4"}],"replies":[{"embeddable":true,"href":"https:\/\/newsestlyonnais.fr\/site\/wp-json\/wp\/v2\/comments?post=179970"}],"version-history":[{"count":0,"href":"https:\/\/newsestlyonnais.fr\/site\/wp-json\/wp\/v2\/posts\/179970\/revisions"}],"wp:featuredmedia":[{"embeddable":true,"href":"https:\/\/newsestlyonnais.fr\/site\/wp-json\/wp\/v2\/media\/179973"}],"wp:attachment":[{"href":"https:\/\/newsestlyonnais.fr\/site\/wp-json\/wp\/v2\/media?parent=179970"}],"wp:term":[{"taxonomy":"category","embeddable":true,"href":"https:\/\/newsestlyonnais.fr\/site\/wp-json\/wp\/v2\/categories?post=179970"},{"taxonomy":"post_tag","embeddable":true,"href":"https:\/\/newsestlyonnais.fr\/site\/wp-json\/wp\/v2\/tags?post=179970"}],"curies":[{"name":"wp","href":"https:\/\/api.w.org\/{rel}","templated":true}]}}