{"id":180029,"date":"2023-04-20T17:11:04","date_gmt":"2023-04-20T16:11:04","guid":{"rendered":"https:\/\/newsestlyonnais.fr\/site\/?p=180029"},"modified":"2023-04-20T17:11:04","modified_gmt":"2023-04-20T16:11:04","slug":"amine-souabni-jesperais-ma-selection-et-mon-objectif-est-detre-champion-du-monde-avec-mon-pays","status":"publish","type":"post","link":"https:\/\/newsestlyonnais.fr\/site\/2023\/04\/20\/amine-souabni-jesperais-ma-selection-et-mon-objectif-est-detre-champion-du-monde-avec-mon-pays\/","title":{"rendered":"Amine Souabni \u00ab J\u2019esp\u00e9rais ma s\u00e9lection et mon objectif est d\u2019\u00eatre champion du monde avec mon pays \u00bb"},"content":{"rendered":"<p><span style=\"background-color: #000000; color: #ffffff;\"><strong>Pr\u00e9sentation sommaire <\/strong><\/span><\/p>\n<p>\u00ab J\u2019ai 28 ans, j\u2019habite \u00e0 Lyon 8\u00b0 depuis toujours. Je suis e-commer\u00e7ant ind\u00e9pendant \u00bb.<\/p>\n<p><span style=\"color: #ffffff; background-color: #000000;\"><strong>Quel est votre handicap et les sports pratiqu\u00e9s ?<\/strong><\/span><\/p>\n<p>\u00ab Je suis atteint d\u2019une amyotrophie spinale depuis ma naissance. <strong>J\u2019ai pratiqu\u00e9 un seul et unique sport : le foot fauteuil<\/strong> \u00bb.<\/p>\n<hr \/>\n<p><strong><span style=\"background-color: #000000; color: #ffffff;\">Club sportif actuel et depuis quand ?<\/span><\/strong><\/p>\n<p>\u00ab <strong>Je pratique mon sport \u00e0 <a href=\"http:\/\/www.handisportlyonnais.com\"><span style=\"color: #0000ff;\">Handisport Lyonnais<\/span><\/a> depuis 2008<\/strong> \u00bb.<\/p>\n<p><span style=\"background-color: #000000; color: #ffffff;\"><strong>Pr\u00e9sentation sommaire de votre pass\u00e9 sportif :<\/strong><\/span><\/p>\n<p>\u00ab J\u2019ai commenc\u00e9 la pratique de mon sport <strong>en loisirs pendant plusieurs ann\u00e9es<\/strong>. \u00c0 la fin de mes \u00e9tudes, j\u2019ai d\u00e9cid\u00e9 de me consacrer pleinement. D\u00e8s lors, j\u2019ai commenc\u00e9 r\u00e9ellement \u00e0 pratiquer en comp\u00e9tition.<\/p>\n<p>Avec mon club, nous sommes pass\u00e9s de la troisi\u00e8me division \u00e0 la premi\u00e8re division en trois ans (2014 &#8211; 2017). J\u2019ai pu acc\u00e9der \u00e0 l\u2019\u00e9quipe de France lors de ma premi\u00e8re saison de premi\u00e8re division en 2018. <strong>Avec mon club, l\u2019objectif est de chaque ann\u00e9e de se maintenir en premi\u00e8re division<\/strong> \u00bb.<\/p>\n<p><strong><span style=\"background-color: #000000; color: #ffffff;\">Votre palmar\u00e8s ?<\/span><\/strong><\/p>\n<p>\u00ab <strong>Champion de division 3 en 2015<\/strong> avec mon club Handisport Lyonnais. <strong>Vice-champion d\u2019Europe en 2019<\/strong> avec l\u2019\u00e9quipe de France \u00bb.<\/p>\n<p><img loading=\"lazy\" decoding=\"async\" class=\"aligncenter size-large wp-image-180059\" src=\"https:\/\/newsestlyonnais.fr\/site\/wp-content\/uploads\/2023\/04\/61010171_2062214787411804_2559874338903818240_n-650x433.jpg\" alt=\"\" width=\"650\" height=\"433\" srcset=\"https:\/\/newsestlyonnais.fr\/site\/wp-content\/uploads\/2023\/04\/61010171_2062214787411804_2559874338903818240_n-650x433.jpg 650w, https:\/\/newsestlyonnais.fr\/site\/wp-content\/uploads\/2023\/04\/61010171_2062214787411804_2559874338903818240_n-400x267.jpg 400w, https:\/\/newsestlyonnais.fr\/site\/wp-content\/uploads\/2023\/04\/61010171_2062214787411804_2559874338903818240_n-250x167.jpg 250w, https:\/\/newsestlyonnais.fr\/site\/wp-content\/uploads\/2023\/04\/61010171_2062214787411804_2559874338903818240_n-768x512.jpg 768w, https:\/\/newsestlyonnais.fr\/site\/wp-content\/uploads\/2023\/04\/61010171_2062214787411804_2559874338903818240_n-150x100.jpg 150w, https:\/\/newsestlyonnais.fr\/site\/wp-content\/uploads\/2023\/04\/61010171_2062214787411804_2559874338903818240_n-50x33.jpg 50w, https:\/\/newsestlyonnais.fr\/site\/wp-content\/uploads\/2023\/04\/61010171_2062214787411804_2559874338903818240_n-100x67.jpg 100w, https:\/\/newsestlyonnais.fr\/site\/wp-content\/uploads\/2023\/04\/61010171_2062214787411804_2559874338903818240_n-200x133.jpg 200w, https:\/\/newsestlyonnais.fr\/site\/wp-content\/uploads\/2023\/04\/61010171_2062214787411804_2559874338903818240_n-300x200.jpg 300w, https:\/\/newsestlyonnais.fr\/site\/wp-content\/uploads\/2023\/04\/61010171_2062214787411804_2559874338903818240_n-350x233.jpg 350w, https:\/\/newsestlyonnais.fr\/site\/wp-content\/uploads\/2023\/04\/61010171_2062214787411804_2559874338903818240_n-450x300.jpg 450w, https:\/\/newsestlyonnais.fr\/site\/wp-content\/uploads\/2023\/04\/61010171_2062214787411804_2559874338903818240_n-500x333.jpg 500w, https:\/\/newsestlyonnais.fr\/site\/wp-content\/uploads\/2023\/04\/61010171_2062214787411804_2559874338903818240_n-550x367.jpg 550w, https:\/\/newsestlyonnais.fr\/site\/wp-content\/uploads\/2023\/04\/61010171_2062214787411804_2559874338903818240_n-800x533.jpg 800w, https:\/\/newsestlyonnais.fr\/site\/wp-content\/uploads\/2023\/04\/61010171_2062214787411804_2559874338903818240_n.jpg 1200w\" sizes=\"auto, (max-width: 650px) 100vw, 650px\" \/><\/p>\n<hr \/>\n<p><strong><span style=\"background-color: #000000; color: #ffffff;\">Vos points forts et postes pr\u00e9f\u00e9r\u00e9s ?<\/span><\/strong><\/p>\n<p>\u00ab J\u2019\u00e9volue principalement dans un poste d\u2019attaquant en \u00e9quipe de France. En club je joue l\u00e9g\u00e8rement plus bas en tant que milieu de terrain \u00bb.<\/p>\n<p><strong><span style=\"background-color: #000000; color: #ffffff;\">Combien d\u2019heures d\u2019entrainement par semaine, o\u00f9 et coach\u00e9 par qui ?<\/span><\/strong><\/p>\n<p>\u00ab Je m\u2019entra\u00eene une fois par semaine 4 heures (15 h &#8211; 19 h) le samedi apr\u00e8s-midi au gymnase Elsa Triolet \u00e0 V\u00e9nissieux. <strong>Alain Charra est mon entra\u00eeneur depuis toujours<\/strong> \u00bb.<\/p>\n<p><strong><span style=\"background-color: #000000; color: #ffffff;\">Vous attendiez vous \u00e0 cette s\u00e9lection en \u00e9quipe de France ? est-ce une premi\u00e8re ?<\/span><\/strong><\/p>\n<p>\u00ab <strong>J\u2019esp\u00e9rais cette s\u00e9lection depuis le dernier Euro. Car mon objectif est d\u2019\u00eatre champion du monde avec <\/strong><strong>mon pays<\/strong>.<\/p>\n<p>Ce n\u2019est <strong>pas vraiment une premi\u00e8re car j\u2019ai particip\u00e9 \u00e0 tous les stages depuis 2018 \u00bb.<\/strong><\/p>\n<hr \/>\n<p><strong><span style=\"background-color: #000000; color: #ffffff;\">Vos ambitions et projets pour cette ann\u00e9e 2023 ?<\/span><\/strong><\/p>\n<p>\u00ab <strong>Pour cette ann\u00e9e 2023, j\u2019ai deux grands objectifs :<\/strong><\/p>\n<p>En premier lieu, <strong>maintenir au plus vite mon \u00e9quipe en premi\u00e8re division<\/strong> pour \u00eatre serein la saison prochaine.<\/p>\n<p>Le second objectif est d\u2019<strong>\u00eatre champion du monde avec mon pays en octobre 2023 en Australie<\/strong> \u00bb.<\/p>\n<hr \/>\n<hr \/>\n<div id='gallery-1' class='gallery galleryid-180029 gallery-columns-3 gallery-size-large'><figure class='gallery-item'>\n\t\t\t<div class='gallery-icon landscape'>\n\t\t\t\t<a href='https:\/\/newsestlyonnais.fr\/site\/2023\/04\/20\/amine-souabni-jesperais-ma-selection-et-mon-objectif-est-detre-champion-du-monde-avec-mon-pays\/2022-06-18_14-15-19_349a4742_fb-2\/'><img loading=\"lazy\" decoding=\"async\" width=\"640\" height=\"426\" src=\"https:\/\/newsestlyonnais.fr\/site\/wp-content\/uploads\/2023\/04\/2022-06-18_14-15-19_349A4742_fb-1-650x433.jpg\" class=\"attachment-large size-large\" alt=\"\" aria-describedby=\"gallery-1-180057\" srcset=\"https:\/\/newsestlyonnais.fr\/site\/wp-content\/uploads\/2023\/04\/2022-06-18_14-15-19_349A4742_fb-1-650x433.jpg 650w, https:\/\/newsestlyonnais.fr\/site\/wp-content\/uploads\/2023\/04\/2022-06-18_14-15-19_349A4742_fb-1-400x267.jpg 400w, https:\/\/newsestlyonnais.fr\/site\/wp-content\/uploads\/2023\/04\/2022-06-18_14-15-19_349A4742_fb-1-250x167.jpg 250w, https:\/\/newsestlyonnais.fr\/site\/wp-content\/uploads\/2023\/04\/2022-06-18_14-15-19_349A4742_fb-1-768x512.jpg 768w, https:\/\/newsestlyonnais.fr\/site\/wp-content\/uploads\/2023\/04\/2022-06-18_14-15-19_349A4742_fb-1-150x100.jpg 150w, https:\/\/newsestlyonnais.fr\/site\/wp-content\/uploads\/2023\/04\/2022-06-18_14-15-19_349A4742_fb-1-50x33.jpg 50w, https:\/\/newsestlyonnais.fr\/site\/wp-content\/uploads\/2023\/04\/2022-06-18_14-15-19_349A4742_fb-1-100x67.jpg 100w, https:\/\/newsestlyonnais.fr\/site\/wp-content\/uploads\/2023\/04\/2022-06-18_14-15-19_349A4742_fb-1-200x133.jpg 200w, https:\/\/newsestlyonnais.fr\/site\/wp-content\/uploads\/2023\/04\/2022-06-18_14-15-19_349A4742_fb-1-300x200.jpg 300w, https:\/\/newsestlyonnais.fr\/site\/wp-content\/uploads\/2023\/04\/2022-06-18_14-15-19_349A4742_fb-1-350x233.jpg 350w, https:\/\/newsestlyonnais.fr\/site\/wp-content\/uploads\/2023\/04\/2022-06-18_14-15-19_349A4742_fb-1-450x300.jpg 450w, https:\/\/newsestlyonnais.fr\/site\/wp-content\/uploads\/2023\/04\/2022-06-18_14-15-19_349A4742_fb-1-500x333.jpg 500w, https:\/\/newsestlyonnais.fr\/site\/wp-content\/uploads\/2023\/04\/2022-06-18_14-15-19_349A4742_fb-1-550x367.jpg 550w, https:\/\/newsestlyonnais.fr\/site\/wp-content\/uploads\/2023\/04\/2022-06-18_14-15-19_349A4742_fb-1-800x533.jpg 800w, https:\/\/newsestlyonnais.fr\/site\/wp-content\/uploads\/2023\/04\/2022-06-18_14-15-19_349A4742_fb-1.jpg 1200w\" sizes=\"auto, (max-width: 640px) 100vw, 640px\" \/><\/a>\n\t\t\t<\/div>\n\t\t\t\t<figcaption class='wp-caption-text gallery-caption' id='gallery-1-180057'>\n\t\t\t\tPhase finale Coupe de France 2022 \u00e0 Antony\n\t\t\t\t<\/figcaption><\/figure><figure class='gallery-item'>\n\t\t\t<div class='gallery-icon landscape'>\n\t\t\t\t<a href='https:\/\/newsestlyonnais.fr\/site\/2023\/04\/20\/amine-souabni-jesperais-ma-selection-et-mon-objectif-est-detre-champion-du-monde-avec-mon-pays\/2022-06-18_09-37-48_349a4063_fb\/'><img loading=\"lazy\" decoding=\"async\" width=\"640\" height=\"426\" src=\"https:\/\/newsestlyonnais.fr\/site\/wp-content\/uploads\/2023\/04\/2022-06-18_09-37-48_349A4063_fb-650x433.jpg\" class=\"attachment-large size-large\" alt=\"\" aria-describedby=\"gallery-1-180061\" srcset=\"https:\/\/newsestlyonnais.fr\/site\/wp-content\/uploads\/2023\/04\/2022-06-18_09-37-48_349A4063_fb-650x433.jpg 650w, https:\/\/newsestlyonnais.fr\/site\/wp-content\/uploads\/2023\/04\/2022-06-18_09-37-48_349A4063_fb-400x267.jpg 400w, https:\/\/newsestlyonnais.fr\/site\/wp-content\/uploads\/2023\/04\/2022-06-18_09-37-48_349A4063_fb-250x167.jpg 250w, https:\/\/newsestlyonnais.fr\/site\/wp-content\/uploads\/2023\/04\/2022-06-18_09-37-48_349A4063_fb-768x512.jpg 768w, https:\/\/newsestlyonnais.fr\/site\/wp-content\/uploads\/2023\/04\/2022-06-18_09-37-48_349A4063_fb-150x100.jpg 150w, https:\/\/newsestlyonnais.fr\/site\/wp-content\/uploads\/2023\/04\/2022-06-18_09-37-48_349A4063_fb-50x33.jpg 50w, https:\/\/newsestlyonnais.fr\/site\/wp-content\/uploads\/2023\/04\/2022-06-18_09-37-48_349A4063_fb-100x67.jpg 100w, https:\/\/newsestlyonnais.fr\/site\/wp-content\/uploads\/2023\/04\/2022-06-18_09-37-48_349A4063_fb-200x133.jpg 200w, https:\/\/newsestlyonnais.fr\/site\/wp-content\/uploads\/2023\/04\/2022-06-18_09-37-48_349A4063_fb-300x200.jpg 300w, https:\/\/newsestlyonnais.fr\/site\/wp-content\/uploads\/2023\/04\/2022-06-18_09-37-48_349A4063_fb-350x233.jpg 350w, https:\/\/newsestlyonnais.fr\/site\/wp-content\/uploads\/2023\/04\/2022-06-18_09-37-48_349A4063_fb-450x300.jpg 450w, https:\/\/newsestlyonnais.fr\/site\/wp-content\/uploads\/2023\/04\/2022-06-18_09-37-48_349A4063_fb-500x333.jpg 500w, https:\/\/newsestlyonnais.fr\/site\/wp-content\/uploads\/2023\/04\/2022-06-18_09-37-48_349A4063_fb-550x367.jpg 550w, https:\/\/newsestlyonnais.fr\/site\/wp-content\/uploads\/2023\/04\/2022-06-18_09-37-48_349A4063_fb-800x533.jpg 800w, https:\/\/newsestlyonnais.fr\/site\/wp-content\/uploads\/2023\/04\/2022-06-18_09-37-48_349A4063_fb.jpg 1200w\" sizes=\"auto, (max-width: 640px) 100vw, 640px\" \/><\/a>\n\t\t\t<\/div>\n\t\t\t\t<figcaption class='wp-caption-text gallery-caption' id='gallery-1-180061'>\n\t\t\t\tPhase finale Coupe de France 2022 de Foot Fauteuil 2022 \u00e0 Antony\n\t\t\t\t<\/figcaption><\/figure><figure class='gallery-item'>\n\t\t\t<div class='gallery-icon landscape'>\n\t\t\t\t<a href='https:\/\/newsestlyonnais.fr\/site\/2023\/04\/20\/amine-souabni-jesperais-ma-selection-et-mon-objectif-est-detre-champion-du-monde-avec-mon-pays\/336416523_1858680167837118_7287754538034040699_n\/'><img loading=\"lazy\" decoding=\"async\" width=\"640\" height=\"360\" src=\"https:\/\/newsestlyonnais.fr\/site\/wp-content\/uploads\/2023\/04\/336416523_1858680167837118_7287754538034040699_n-650x366.jpg\" class=\"attachment-large size-large\" alt=\"\" srcset=\"https:\/\/newsestlyonnais.fr\/site\/wp-content\/uploads\/2023\/04\/336416523_1858680167837118_7287754538034040699_n-650x366.jpg 650w, https:\/\/newsestlyonnais.fr\/site\/wp-content\/uploads\/2023\/04\/336416523_1858680167837118_7287754538034040699_n-400x225.jpg 400w, https:\/\/newsestlyonnais.fr\/site\/wp-content\/uploads\/2023\/04\/336416523_1858680167837118_7287754538034040699_n-250x141.jpg 250w, https:\/\/newsestlyonnais.fr\/site\/wp-content\/uploads\/2023\/04\/336416523_1858680167837118_7287754538034040699_n-150x84.jpg 150w, https:\/\/newsestlyonnais.fr\/site\/wp-content\/uploads\/2023\/04\/336416523_1858680167837118_7287754538034040699_n-50x28.jpg 50w, https:\/\/newsestlyonnais.fr\/site\/wp-content\/uploads\/2023\/04\/336416523_1858680167837118_7287754538034040699_n-100x56.jpg 100w, https:\/\/newsestlyonnais.fr\/site\/wp-content\/uploads\/2023\/04\/336416523_1858680167837118_7287754538034040699_n-200x113.jpg 200w, https:\/\/newsestlyonnais.fr\/site\/wp-content\/uploads\/2023\/04\/336416523_1858680167837118_7287754538034040699_n-300x169.jpg 300w, https:\/\/newsestlyonnais.fr\/site\/wp-content\/uploads\/2023\/04\/336416523_1858680167837118_7287754538034040699_n-350x197.jpg 350w, https:\/\/newsestlyonnais.fr\/site\/wp-content\/uploads\/2023\/04\/336416523_1858680167837118_7287754538034040699_n-450x253.jpg 450w, https:\/\/newsestlyonnais.fr\/site\/wp-content\/uploads\/2023\/04\/336416523_1858680167837118_7287754538034040699_n-500x281.jpg 500w, https:\/\/newsestlyonnais.fr\/site\/wp-content\/uploads\/2023\/04\/336416523_1858680167837118_7287754538034040699_n-550x309.jpg 550w, https:\/\/newsestlyonnais.fr\/site\/wp-content\/uploads\/2023\/04\/336416523_1858680167837118_7287754538034040699_n.jpg 720w\" sizes=\"auto, (max-width: 640px) 100vw, 640px\" \/><\/a>\n\t\t\t<\/div><\/figure>\n\t\t<\/div>\n\n","protected":false},"excerpt":{"rendered":"<p>Le footballeur fauteuil membre d&rsquo;Handisport Lyonnais, a \u00e9t\u00e9 s\u00e9lectionn\u00e9 par David Verg\u00e9, l&rsquo;entraineur national, dans la liste des Bleus pour le Mondial 2023 \u00e0 Sydney (Australie).<\/p>\n","protected":false},"author":4,"featured_media":180032,"comment_status":"open","ping_status":"open","sticky":false,"template":"","format":"standard","meta":{"footnotes":""},"categories":[3015,4286,137,1625],"tags":[4708,4705,3764,4706,3034,4707],"class_list":["post-180029","post","type-post","status-publish","format-standard","has-post-thumbnail","hentry","category-handi-adapte","category-interview-a-la-une","category-interviews","category-lyon","tag-alain-charra","tag-amine-souabni","tag-equipe-de-france","tag-foot-fauteuil","tag-handisport-lyonnais","tag-sport-handi"],"yoast_head":"<!-- This site is optimized with the Yoast SEO plugin v27.2 - https:\/\/yoast.com\/product\/yoast-seo-wordpress\/ -->\n<title>Amine Souabni \u00ab J\u2019esp\u00e9rais ma s\u00e9lection et mon objectif est d\u2019\u00eatre champion du monde avec mon pays \u00bb - News Est Lyonnais<\/title>\n<meta name=\"description\" content=\"Amine Souabni \u00ab J\u2019esp\u00e9rais ma s\u00e9lection et mon objectif est d\u2019\u00eatre champion du monde avec mon pays \u00bb\" \/>\n<meta name=\"robots\" content=\"index, follow, max-snippet:-1, max-image-preview:large, max-video-preview:-1\" \/>\n<link rel=\"canonical\" href=\"https:\/\/newsestlyonnais.fr\/site\/2023\/04\/20\/amine-souabni-jesperais-ma-selection-et-mon-objectif-est-detre-champion-du-monde-avec-mon-pays\/\" \/>\n<meta property=\"og:locale\" content=\"fr_FR\" \/>\n<meta property=\"og:type\" content=\"article\" \/>\n<meta property=\"og:title\" content=\"Amine Souabni \u00ab J\u2019esp\u00e9rais ma s\u00e9lection et mon objectif est d\u2019\u00eatre champion du monde avec mon pays \u00bb - News Est Lyonnais\" \/>\n<meta property=\"og:description\" content=\"Amine Souabni \u00ab J\u2019esp\u00e9rais ma s\u00e9lection et mon objectif est d\u2019\u00eatre champion du monde avec mon pays \u00bb\" \/>\n<meta property=\"og:url\" content=\"https:\/\/newsestlyonnais.fr\/site\/2023\/04\/20\/amine-souabni-jesperais-ma-selection-et-mon-objectif-est-detre-champion-du-monde-avec-mon-pays\/\" \/>\n<meta property=\"og:site_name\" content=\"News Est Lyonnais\" \/>\n<meta property=\"article:author\" content=\"https:\/\/www.facebook.com\/pascal.oberson.1?fref=ts\" \/>\n<meta property=\"article:published_time\" content=\"2023-04-20T16:11:04+00:00\" \/>\n<meta property=\"og:image\" content=\"https:\/\/newsestlyonnais.fr\/site\/wp-content\/uploads\/2023\/04\/2022-06-18_14-15-50_349A4745_fb.jpg\" \/>\n\t<meta property=\"og:image:width\" content=\"1200\" \/>\n\t<meta property=\"og:image:height\" content=\"800\" \/>\n\t<meta property=\"og:image:type\" content=\"image\/jpeg\" \/>\n<meta name=\"author\" content=\"R\u00e9dac. NEWS\" \/>\n<meta name=\"twitter:card\" content=\"summary_large_image\" \/>\n<meta name=\"twitter:label1\" content=\"\u00c9crit par\" \/>\n\t<meta name=\"twitter:data1\" content=\"R\u00e9dac. NEWS\" \/>\n\t<meta name=\"twitter:label2\" content=\"Dur\u00e9e de lecture estim\u00e9e\" \/>\n\t<meta name=\"twitter:data2\" content=\"2 minutes\" \/>\n<script type=\"application\/ld+json\" class=\"yoast-schema-graph\">{\"@context\":\"https:\/\/schema.org\",\"@graph\":[{\"@type\":\"Article\",\"@id\":\"https:\/\/newsestlyonnais.fr\/site\/2023\/04\/20\/amine-souabni-jesperais-ma-selection-et-mon-objectif-est-detre-champion-du-monde-avec-mon-pays\/#article\",\"isPartOf\":{\"@id\":\"https:\/\/newsestlyonnais.fr\/site\/2023\/04\/20\/amine-souabni-jesperais-ma-selection-et-mon-objectif-est-detre-champion-du-monde-avec-mon-pays\/\"},\"author\":{\"name\":\"R\u00e9dac. NEWS\",\"@id\":\"https:\/\/newsestlyonnais.fr\/site\/#\/schema\/person\/3230d5615f390bb808365d673001e887\"},\"headline\":\"Amine Souabni \u00ab J\u2019esp\u00e9rais ma s\u00e9lection et mon objectif est d\u2019\u00eatre champion du monde avec mon pays \u00bb\",\"datePublished\":\"2023-04-20T16:11:04+00:00\",\"mainEntityOfPage\":{\"@id\":\"https:\/\/newsestlyonnais.fr\/site\/2023\/04\/20\/amine-souabni-jesperais-ma-selection-et-mon-objectif-est-detre-champion-du-monde-avec-mon-pays\/\"},\"wordCount\":392,\"commentCount\":1,\"publisher\":{\"@id\":\"https:\/\/newsestlyonnais.fr\/site\/#organization\"},\"image\":{\"@id\":\"https:\/\/newsestlyonnais.fr\/site\/2023\/04\/20\/amine-souabni-jesperais-ma-selection-et-mon-objectif-est-detre-champion-du-monde-avec-mon-pays\/#primaryimage\"},\"thumbnailUrl\":\"https:\/\/newsestlyonnais.fr\/site\/wp-content\/uploads\/2023\/04\/2022-06-18_14-15-50_349A4745_fb.jpg\",\"keywords\":[\"Alain Charra\",\"Amine Souabni\",\"EQUIPE DE FRANCE\",\"FOOT FAUTEUIL\",\"HANDISPORT LYONNAIS\",\"SPORT HANDI\"],\"articleSection\":[\"Handi &amp; adapt\u00e9\",\"Interview \u00e0 la une\",\"Interviews\",\"Lyon\"],\"inLanguage\":\"fr-FR\",\"potentialAction\":[{\"@type\":\"CommentAction\",\"name\":\"Comment\",\"target\":[\"https:\/\/newsestlyonnais.fr\/site\/2023\/04\/20\/amine-souabni-jesperais-ma-selection-et-mon-objectif-est-detre-champion-du-monde-avec-mon-pays\/#respond\"]}]},{\"@type\":\"WebPage\",\"@id\":\"https:\/\/newsestlyonnais.fr\/site\/2023\/04\/20\/amine-souabni-jesperais-ma-selection-et-mon-objectif-est-detre-champion-du-monde-avec-mon-pays\/\",\"url\":\"https:\/\/newsestlyonnais.fr\/site\/2023\/04\/20\/amine-souabni-jesperais-ma-selection-et-mon-objectif-est-detre-champion-du-monde-avec-mon-pays\/\",\"name\":\"Amine Souabni \u00ab J\u2019esp\u00e9rais ma s\u00e9lection et mon objectif est d\u2019\u00eatre champion du monde avec mon pays \u00bb - News Est Lyonnais\",\"isPartOf\":{\"@id\":\"https:\/\/newsestlyonnais.fr\/site\/#website\"},\"primaryImageOfPage\":{\"@id\":\"https:\/\/newsestlyonnais.fr\/site\/2023\/04\/20\/amine-souabni-jesperais-ma-selection-et-mon-objectif-est-detre-champion-du-monde-avec-mon-pays\/#primaryimage\"},\"image\":{\"@id\":\"https:\/\/newsestlyonnais.fr\/site\/2023\/04\/20\/amine-souabni-jesperais-ma-selection-et-mon-objectif-est-detre-champion-du-monde-avec-mon-pays\/#primaryimage\"},\"thumbnailUrl\":\"https:\/\/newsestlyonnais.fr\/site\/wp-content\/uploads\/2023\/04\/2022-06-18_14-15-50_349A4745_fb.jpg\",\"datePublished\":\"2023-04-20T16:11:04+00:00\",\"description\":\"Amine Souabni \u00ab J\u2019esp\u00e9rais ma s\u00e9lection et mon objectif est d\u2019\u00eatre champion du monde avec mon pays \u00bb\",\"breadcrumb\":{\"@id\":\"https:\/\/newsestlyonnais.fr\/site\/2023\/04\/20\/amine-souabni-jesperais-ma-selection-et-mon-objectif-est-detre-champion-du-monde-avec-mon-pays\/#breadcrumb\"},\"inLanguage\":\"fr-FR\",\"potentialAction\":[{\"@type\":\"ReadAction\",\"target\":[\"https:\/\/newsestlyonnais.fr\/site\/2023\/04\/20\/amine-souabni-jesperais-ma-selection-et-mon-objectif-est-detre-champion-du-monde-avec-mon-pays\/\"]}]},{\"@type\":\"ImageObject\",\"inLanguage\":\"fr-FR\",\"@id\":\"https:\/\/newsestlyonnais.fr\/site\/2023\/04\/20\/amine-souabni-jesperais-ma-selection-et-mon-objectif-est-detre-champion-du-monde-avec-mon-pays\/#primaryimage\",\"url\":\"https:\/\/newsestlyonnais.fr\/site\/wp-content\/uploads\/2023\/04\/2022-06-18_14-15-50_349A4745_fb.jpg\",\"contentUrl\":\"https:\/\/newsestlyonnais.fr\/site\/wp-content\/uploads\/2023\/04\/2022-06-18_14-15-50_349A4745_fb.jpg\",\"width\":1200,\"height\":800,\"caption\":\"Phase Finale de la Coupe de France 2022 de Foot Fauteuil - 18 juin 2022 \u00e0 Antony\"},{\"@type\":\"BreadcrumbList\",\"@id\":\"https:\/\/newsestlyonnais.fr\/site\/2023\/04\/20\/amine-souabni-jesperais-ma-selection-et-mon-objectif-est-detre-champion-du-monde-avec-mon-pays\/#breadcrumb\",\"itemListElement\":[{\"@type\":\"ListItem\",\"position\":1,\"name\":\"Accueil\",\"item\":\"https:\/\/newsestlyonnais.fr\/site\/\"},{\"@type\":\"ListItem\",\"position\":2,\"name\":\"Amine Souabni \u00ab J\u2019esp\u00e9rais ma s\u00e9lection et mon objectif est d\u2019\u00eatre champion du monde avec mon pays \u00bb\"}]},{\"@type\":\"WebSite\",\"@id\":\"https:\/\/newsestlyonnais.fr\/site\/#website\",\"url\":\"https:\/\/newsestlyonnais.fr\/site\/\",\"name\":\"News Est Lyonnais\",\"description\":\"L&#039;actualit\u00e9 au plus pr\u00e8s\",\"publisher\":{\"@id\":\"https:\/\/newsestlyonnais.fr\/site\/#organization\"},\"potentialAction\":[{\"@type\":\"SearchAction\",\"target\":{\"@type\":\"EntryPoint\",\"urlTemplate\":\"https:\/\/newsestlyonnais.fr\/site\/?s={search_term_string}\"},\"query-input\":{\"@type\":\"PropertyValueSpecification\",\"valueRequired\":true,\"valueName\":\"search_term_string\"}}],\"inLanguage\":\"fr-FR\"},{\"@type\":\"Organization\",\"@id\":\"https:\/\/newsestlyonnais.fr\/site\/#organization\",\"name\":\"News EST LYONNAIS\",\"url\":\"https:\/\/newsestlyonnais.fr\/site\/\",\"logo\":{\"@type\":\"ImageObject\",\"inLanguage\":\"fr-FR\",\"@id\":\"https:\/\/newsestlyonnais.fr\/site\/#\/schema\/logo\/image\/\",\"url\":\"\",\"contentUrl\":\"\",\"caption\":\"News EST LYONNAIS\"},\"image\":{\"@id\":\"https:\/\/newsestlyonnais.fr\/site\/#\/schema\/logo\/image\/\"}},{\"@type\":\"Person\",\"@id\":\"https:\/\/newsestlyonnais.fr\/site\/#\/schema\/person\/3230d5615f390bb808365d673001e887\",\"name\":\"R\u00e9dac. NEWS\",\"sameAs\":[\"http:\/\/www.newsestlyonnais.fr\",\"https:\/\/www.facebook.com\/pascal.oberson.1?fref=ts\",\"https:\/\/fr.linkedin.com\/in\/pascal-oberson-b17045113\"],\"url\":\"https:\/\/newsestlyonnais.fr\/site\/author\/nel\/\"}]}<\/script>\n<!-- \/ Yoast SEO plugin. -->","yoast_head_json":{"title":"Amine Souabni \u00ab J\u2019esp\u00e9rais ma s\u00e9lection et mon objectif est d\u2019\u00eatre champion du monde avec mon pays \u00bb - News Est Lyonnais","description":"Amine Souabni \u00ab J\u2019esp\u00e9rais ma s\u00e9lection et mon objectif est d\u2019\u00eatre champion du monde avec mon pays \u00bb","robots":{"index":"index","follow":"follow","max-snippet":"max-snippet:-1","max-image-preview":"max-image-preview:large","max-video-preview":"max-video-preview:-1"},"canonical":"https:\/\/newsestlyonnais.fr\/site\/2023\/04\/20\/amine-souabni-jesperais-ma-selection-et-mon-objectif-est-detre-champion-du-monde-avec-mon-pays\/","og_locale":"fr_FR","og_type":"article","og_title":"Amine Souabni \u00ab J\u2019esp\u00e9rais ma s\u00e9lection et mon objectif est d\u2019\u00eatre champion du monde avec mon pays \u00bb - News Est Lyonnais","og_description":"Amine Souabni \u00ab J\u2019esp\u00e9rais ma s\u00e9lection et mon objectif est d\u2019\u00eatre champion du monde avec mon pays \u00bb","og_url":"https:\/\/newsestlyonnais.fr\/site\/2023\/04\/20\/amine-souabni-jesperais-ma-selection-et-mon-objectif-est-detre-champion-du-monde-avec-mon-pays\/","og_site_name":"News Est Lyonnais","article_author":"https:\/\/www.facebook.com\/pascal.oberson.1?fref=ts","article_published_time":"2023-04-20T16:11:04+00:00","og_image":[{"width":1200,"height":800,"url":"https:\/\/newsestlyonnais.fr\/site\/wp-content\/uploads\/2023\/04\/2022-06-18_14-15-50_349A4745_fb.jpg","type":"image\/jpeg"}],"author":"R\u00e9dac. NEWS","twitter_card":"summary_large_image","twitter_misc":{"\u00c9crit par":"R\u00e9dac. NEWS","Dur\u00e9e de lecture estim\u00e9e":"2 minutes"},"schema":{"@context":"https:\/\/schema.org","@graph":[{"@type":"Article","@id":"https:\/\/newsestlyonnais.fr\/site\/2023\/04\/20\/amine-souabni-jesperais-ma-selection-et-mon-objectif-est-detre-champion-du-monde-avec-mon-pays\/#article","isPartOf":{"@id":"https:\/\/newsestlyonnais.fr\/site\/2023\/04\/20\/amine-souabni-jesperais-ma-selection-et-mon-objectif-est-detre-champion-du-monde-avec-mon-pays\/"},"author":{"name":"R\u00e9dac. NEWS","@id":"https:\/\/newsestlyonnais.fr\/site\/#\/schema\/person\/3230d5615f390bb808365d673001e887"},"headline":"Amine Souabni \u00ab J\u2019esp\u00e9rais ma s\u00e9lection et mon objectif est d\u2019\u00eatre champion du monde avec mon pays \u00bb","datePublished":"2023-04-20T16:11:04+00:00","mainEntityOfPage":{"@id":"https:\/\/newsestlyonnais.fr\/site\/2023\/04\/20\/amine-souabni-jesperais-ma-selection-et-mon-objectif-est-detre-champion-du-monde-avec-mon-pays\/"},"wordCount":392,"commentCount":1,"publisher":{"@id":"https:\/\/newsestlyonnais.fr\/site\/#organization"},"image":{"@id":"https:\/\/newsestlyonnais.fr\/site\/2023\/04\/20\/amine-souabni-jesperais-ma-selection-et-mon-objectif-est-detre-champion-du-monde-avec-mon-pays\/#primaryimage"},"thumbnailUrl":"https:\/\/newsestlyonnais.fr\/site\/wp-content\/uploads\/2023\/04\/2022-06-18_14-15-50_349A4745_fb.jpg","keywords":["Alain Charra","Amine Souabni","EQUIPE DE FRANCE","FOOT FAUTEUIL","HANDISPORT LYONNAIS","SPORT HANDI"],"articleSection":["Handi &amp; adapt\u00e9","Interview \u00e0 la une","Interviews","Lyon"],"inLanguage":"fr-FR","potentialAction":[{"@type":"CommentAction","name":"Comment","target":["https:\/\/newsestlyonnais.fr\/site\/2023\/04\/20\/amine-souabni-jesperais-ma-selection-et-mon-objectif-est-detre-champion-du-monde-avec-mon-pays\/#respond"]}]},{"@type":"WebPage","@id":"https:\/\/newsestlyonnais.fr\/site\/2023\/04\/20\/amine-souabni-jesperais-ma-selection-et-mon-objectif-est-detre-champion-du-monde-avec-mon-pays\/","url":"https:\/\/newsestlyonnais.fr\/site\/2023\/04\/20\/amine-souabni-jesperais-ma-selection-et-mon-objectif-est-detre-champion-du-monde-avec-mon-pays\/","name":"Amine Souabni \u00ab J\u2019esp\u00e9rais ma s\u00e9lection et mon objectif est d\u2019\u00eatre champion du monde avec mon pays \u00bb - News Est Lyonnais","isPartOf":{"@id":"https:\/\/newsestlyonnais.fr\/site\/#website"},"primaryImageOfPage":{"@id":"https:\/\/newsestlyonnais.fr\/site\/2023\/04\/20\/amine-souabni-jesperais-ma-selection-et-mon-objectif-est-detre-champion-du-monde-avec-mon-pays\/#primaryimage"},"image":{"@id":"https:\/\/newsestlyonnais.fr\/site\/2023\/04\/20\/amine-souabni-jesperais-ma-selection-et-mon-objectif-est-detre-champion-du-monde-avec-mon-pays\/#primaryimage"},"thumbnailUrl":"https:\/\/newsestlyonnais.fr\/site\/wp-content\/uploads\/2023\/04\/2022-06-18_14-15-50_349A4745_fb.jpg","datePublished":"2023-04-20T16:11:04+00:00","description":"Amine Souabni \u00ab J\u2019esp\u00e9rais ma s\u00e9lection et mon objectif est d\u2019\u00eatre champion du monde avec mon pays \u00bb","breadcrumb":{"@id":"https:\/\/newsestlyonnais.fr\/site\/2023\/04\/20\/amine-souabni-jesperais-ma-selection-et-mon-objectif-est-detre-champion-du-monde-avec-mon-pays\/#breadcrumb"},"inLanguage":"fr-FR","potentialAction":[{"@type":"ReadAction","target":["https:\/\/newsestlyonnais.fr\/site\/2023\/04\/20\/amine-souabni-jesperais-ma-selection-et-mon-objectif-est-detre-champion-du-monde-avec-mon-pays\/"]}]},{"@type":"ImageObject","inLanguage":"fr-FR","@id":"https:\/\/newsestlyonnais.fr\/site\/2023\/04\/20\/amine-souabni-jesperais-ma-selection-et-mon-objectif-est-detre-champion-du-monde-avec-mon-pays\/#primaryimage","url":"https:\/\/newsestlyonnais.fr\/site\/wp-content\/uploads\/2023\/04\/2022-06-18_14-15-50_349A4745_fb.jpg","contentUrl":"https:\/\/newsestlyonnais.fr\/site\/wp-content\/uploads\/2023\/04\/2022-06-18_14-15-50_349A4745_fb.jpg","width":1200,"height":800,"caption":"Phase Finale de la Coupe de France 2022 de Foot Fauteuil - 18 juin 2022 \u00e0 Antony"},{"@type":"BreadcrumbList","@id":"https:\/\/newsestlyonnais.fr\/site\/2023\/04\/20\/amine-souabni-jesperais-ma-selection-et-mon-objectif-est-detre-champion-du-monde-avec-mon-pays\/#breadcrumb","itemListElement":[{"@type":"ListItem","position":1,"name":"Accueil","item":"https:\/\/newsestlyonnais.fr\/site\/"},{"@type":"ListItem","position":2,"name":"Amine Souabni \u00ab J\u2019esp\u00e9rais ma s\u00e9lection et mon objectif est d\u2019\u00eatre champion du monde avec mon pays \u00bb"}]},{"@type":"WebSite","@id":"https:\/\/newsestlyonnais.fr\/site\/#website","url":"https:\/\/newsestlyonnais.fr\/site\/","name":"News Est Lyonnais","description":"L&#039;actualit\u00e9 au plus pr\u00e8s","publisher":{"@id":"https:\/\/newsestlyonnais.fr\/site\/#organization"},"potentialAction":[{"@type":"SearchAction","target":{"@type":"EntryPoint","urlTemplate":"https:\/\/newsestlyonnais.fr\/site\/?s={search_term_string}"},"query-input":{"@type":"PropertyValueSpecification","valueRequired":true,"valueName":"search_term_string"}}],"inLanguage":"fr-FR"},{"@type":"Organization","@id":"https:\/\/newsestlyonnais.fr\/site\/#organization","name":"News EST LYONNAIS","url":"https:\/\/newsestlyonnais.fr\/site\/","logo":{"@type":"ImageObject","inLanguage":"fr-FR","@id":"https:\/\/newsestlyonnais.fr\/site\/#\/schema\/logo\/image\/","url":"","contentUrl":"","caption":"News EST LYONNAIS"},"image":{"@id":"https:\/\/newsestlyonnais.fr\/site\/#\/schema\/logo\/image\/"}},{"@type":"Person","@id":"https:\/\/newsestlyonnais.fr\/site\/#\/schema\/person\/3230d5615f390bb808365d673001e887","name":"R\u00e9dac. NEWS","sameAs":["http:\/\/www.newsestlyonnais.fr","https:\/\/www.facebook.com\/pascal.oberson.1?fref=ts","https:\/\/fr.linkedin.com\/in\/pascal-oberson-b17045113"],"url":"https:\/\/newsestlyonnais.fr\/site\/author\/nel\/"}]}},"_links":{"self":[{"href":"https:\/\/newsestlyonnais.fr\/site\/wp-json\/wp\/v2\/posts\/180029","targetHints":{"allow":["GET"]}}],"collection":[{"href":"https:\/\/newsestlyonnais.fr\/site\/wp-json\/wp\/v2\/posts"}],"about":[{"href":"https:\/\/newsestlyonnais.fr\/site\/wp-json\/wp\/v2\/types\/post"}],"author":[{"embeddable":true,"href":"https:\/\/newsestlyonnais.fr\/site\/wp-json\/wp\/v2\/users\/4"}],"replies":[{"embeddable":true,"href":"https:\/\/newsestlyonnais.fr\/site\/wp-json\/wp\/v2\/comments?post=180029"}],"version-history":[{"count":0,"href":"https:\/\/newsestlyonnais.fr\/site\/wp-json\/wp\/v2\/posts\/180029\/revisions"}],"wp:featuredmedia":[{"embeddable":true,"href":"https:\/\/newsestlyonnais.fr\/site\/wp-json\/wp\/v2\/media\/180032"}],"wp:attachment":[{"href":"https:\/\/newsestlyonnais.fr\/site\/wp-json\/wp\/v2\/media?parent=180029"}],"wp:term":[{"taxonomy":"category","embeddable":true,"href":"https:\/\/newsestlyonnais.fr\/site\/wp-json\/wp\/v2\/categories?post=180029"},{"taxonomy":"post_tag","embeddable":true,"href":"https:\/\/newsestlyonnais.fr\/site\/wp-json\/wp\/v2\/tags?post=180029"}],"curies":[{"name":"wp","href":"https:\/\/api.w.org\/{rel}","templated":true}]}}