{"id":180115,"date":"2023-04-23T13:42:34","date_gmt":"2023-04-23T12:42:34","guid":{"rendered":"https:\/\/newsestlyonnais.fr\/site\/?p=180115"},"modified":"2023-04-25T17:33:08","modified_gmt":"2023-04-25T16:33:08","slug":"bron-le-lutteur-luc-zanetton-present-a-louverture-de-la-saison-de-beach-wrestling","status":"publish","type":"post","link":"https:\/\/newsestlyonnais.fr\/site\/2023\/04\/23\/bron-le-lutteur-luc-zanetton-present-a-louverture-de-la-saison-de-beach-wrestling\/","title":{"rendered":"BRON | Le lutteur Luc Zanetton pr\u00e9sent \u00e0 l&rsquo;ouverture de la saison de Beach Wrestling"},"content":{"rendered":"<div>\n<p>Lors de cet Open de France, les rencontres se sont d\u00e9roul\u00e9es indoor sur les terrains de Beach Volley.<\/p>\n<p><strong>Luc Zanetton avait d\u00e9j\u00e0 particip\u00e9 l\u2019an dernier \u00e0 cette discipline<\/strong> en prenant la seconde place aux championnats de France et en devenant le titulaire de l\u2019\u00e9quipe de France, participant \u00e0 trois tournois internationaux. <strong>Ses performances lui ont ouvert la reconnaissance de Sportif de Haut Niveau<\/strong> par le minist\u00e8re des Sports. Il devait confirmer ses performances et assurer sa place pour la suite de la saison.<\/p>\n<p>Ce week-end, il affrontait 3 lutteurs lors de cette comp\u00e9tition :<\/p>\n<p>Premi\u00e8re rencontre : Jules Rolandez (Albi), apr\u00e8s avoir marqu\u00e9 un premier point en envoyant son adversaire au sol, il enchaine avec une saisie \u00e0 la taille et met son adversaire sur le dos. Victoire 4-0<\/p>\n<p>Second combat : Lenny Coquin (Villejuif), un adversaire plus grand et tr\u00e8s costaud, le combattant brondillant a adapt\u00e9 son style de lutte de la meilleure des mani\u00e8res et domine son adversaire 3-0.<\/p>\n<p>Dernier match : Magomed Murtazov (Montauban), lutteur le plus l\u00e9ger de la cat\u00e9gorie mais aussi le plus technique. Une rencontre disput\u00e9e, Luc encaisse un point de p\u00e9nalit\u00e9, mais repart au combat, plus d\u00e9termin\u00e9 que jamais, il ne reste plus que 30 secondes de combat lorsque Luc parvient \u00e0 \u00e9galiser. Il m\u00e8ne alors au score car il a marqu\u00e9 le dernier. Magomed tente le tout pour le tout mais ne trouve pas la solution, et conc\u00e8de un deuxi\u00e8me point dans les derni\u00e8res secondes. Victoire 2-1.<\/p>\n<p><span style=\"background-color: #000000; color: #ffffff;\"><strong>Luc\u00a0 Zanetton remporte la premi\u00e8re place de l\u2019Open de France de Beach Wrestling.<\/strong><\/span><\/p>\n<p><span style=\"background-color: #000000; color: #ffffff;\"><strong>I<\/strong><\/span><span style=\"background-color: #000000; color: #ffffff;\"><strong>l valide sa qualification pour les tournois internationaux \u00e0 Buenos-Aires (7\/8 Mai) et Singapour (10\/11 Juin).<\/strong><\/span><\/p>\n<hr \/>\n<p><span style=\"background-color: #000000; color: #ffffff;\"><strong>NOTA<\/strong><\/span> :<\/p>\n<ul>\n<li>Le secr\u00e9taire du club, J\u00e9r\u00f4me Tartavez-Chulia, a offici\u00e9 lors de cette comp\u00e9tition \u00e0 la demande de la F\u00e9d\u00e9ration.<\/li>\n<li>Le <a href=\"https:\/\/www.facebook.com\/bronlutteolympique\"><strong><span style=\"color: #0000ff;\">Bron Lutte Olympique<\/span><\/strong><\/a> se d\u00e9placera aux championnats de France \u00e0 La Seyne\/Mer le 3 Juin avec un collectif plus important.<\/li>\n<li>Photo ci dessous : arbitres de gauche \u00e0 droite (R\u00e9gine Le Gleut, vice pr\u00e9sidente de la f\u00e9d\u00e9ration en charge de l&rsquo;arbitrage, Agn\u00e8s Lacam, Esther Brelet, responsable d&rsquo;arbitrage de la comp\u00e9tition, M\u00e9lanie Tran, J\u00e9r\u00f4me Tartavez Chulia)<\/li>\n<\/ul>\n<hr \/>\n<div id='gallery-1' class='gallery galleryid-180115 gallery-columns-3 gallery-size-large'><figure class='gallery-item'>\n\t\t\t<div class='gallery-icon portrait'>\n\t\t\t\t<a href='https:\/\/newsestlyonnais.fr\/site\/2023\/04\/23\/bron-le-lutteur-luc-zanetton-present-a-louverture-de-la-saison-de-beach-wrestling\/luc\/'><img loading=\"lazy\" decoding=\"async\" width=\"431\" height=\"575\" src=\"https:\/\/newsestlyonnais.fr\/site\/wp-content\/uploads\/2023\/04\/Luc.jpg\" class=\"attachment-large size-large\" alt=\"\" srcset=\"https:\/\/newsestlyonnais.fr\/site\/wp-content\/uploads\/2023\/04\/Luc.jpg 431w, https:\/\/newsestlyonnais.fr\/site\/wp-content\/uploads\/2023\/04\/Luc-400x534.jpg 400w, https:\/\/newsestlyonnais.fr\/site\/wp-content\/uploads\/2023\/04\/Luc-250x334.jpg 250w, https:\/\/newsestlyonnais.fr\/site\/wp-content\/uploads\/2023\/04\/Luc-150x200.jpg 150w, https:\/\/newsestlyonnais.fr\/site\/wp-content\/uploads\/2023\/04\/Luc-50x67.jpg 50w, https:\/\/newsestlyonnais.fr\/site\/wp-content\/uploads\/2023\/04\/Luc-100x133.jpg 100w, https:\/\/newsestlyonnais.fr\/site\/wp-content\/uploads\/2023\/04\/Luc-200x267.jpg 200w, https:\/\/newsestlyonnais.fr\/site\/wp-content\/uploads\/2023\/04\/Luc-300x400.jpg 300w, https:\/\/newsestlyonnais.fr\/site\/wp-content\/uploads\/2023\/04\/Luc-350x467.jpg 350w\" sizes=\"auto, (max-width: 431px) 100vw, 431px\" \/><\/a>\n\t\t\t<\/div><\/figure><figure class='gallery-item'>\n\t\t\t<div class='gallery-icon landscape'>\n\t\t\t\t<a href='https:\/\/newsestlyonnais.fr\/site\/2023\/04\/23\/bron-le-lutteur-luc-zanetton-present-a-louverture-de-la-saison-de-beach-wrestling\/img-20230422-wa0000\/'><img loading=\"lazy\" decoding=\"async\" width=\"640\" height=\"536\" src=\"https:\/\/newsestlyonnais.fr\/site\/wp-content\/uploads\/2023\/04\/IMG-20230422-WA0000-650x544.jpg\" class=\"attachment-large size-large\" alt=\"\" aria-describedby=\"gallery-1-180129\" srcset=\"https:\/\/newsestlyonnais.fr\/site\/wp-content\/uploads\/2023\/04\/IMG-20230422-WA0000-650x544.jpg 650w, https:\/\/newsestlyonnais.fr\/site\/wp-content\/uploads\/2023\/04\/IMG-20230422-WA0000-400x335.jpg 400w, https:\/\/newsestlyonnais.fr\/site\/wp-content\/uploads\/2023\/04\/IMG-20230422-WA0000-250x209.jpg 250w, https:\/\/newsestlyonnais.fr\/site\/wp-content\/uploads\/2023\/04\/IMG-20230422-WA0000-150x126.jpg 150w, https:\/\/newsestlyonnais.fr\/site\/wp-content\/uploads\/2023\/04\/IMG-20230422-WA0000-50x42.jpg 50w, https:\/\/newsestlyonnais.fr\/site\/wp-content\/uploads\/2023\/04\/IMG-20230422-WA0000-100x84.jpg 100w, https:\/\/newsestlyonnais.fr\/site\/wp-content\/uploads\/2023\/04\/IMG-20230422-WA0000-200x167.jpg 200w, https:\/\/newsestlyonnais.fr\/site\/wp-content\/uploads\/2023\/04\/IMG-20230422-WA0000-300x251.jpg 300w, https:\/\/newsestlyonnais.fr\/site\/wp-content\/uploads\/2023\/04\/IMG-20230422-WA0000-350x293.jpg 350w, https:\/\/newsestlyonnais.fr\/site\/wp-content\/uploads\/2023\/04\/IMG-20230422-WA0000-450x377.jpg 450w, https:\/\/newsestlyonnais.fr\/site\/wp-content\/uploads\/2023\/04\/IMG-20230422-WA0000-500x418.jpg 500w, https:\/\/newsestlyonnais.fr\/site\/wp-content\/uploads\/2023\/04\/IMG-20230422-WA0000-550x460.jpg 550w, https:\/\/newsestlyonnais.fr\/site\/wp-content\/uploads\/2023\/04\/IMG-20230422-WA0000.jpg 687w\" sizes=\"auto, (max-width: 640px) 100vw, 640px\" \/><\/a>\n\t\t\t<\/div>\n\t\t\t\t<figcaption class='wp-caption-text gallery-caption' id='gallery-1-180129'>\n\t\t\t\tArbitres (g. \u00e0 d.) R\u00e9gine Legleu (vice pte F\u00e9d\u00e9ration en charge arbitrage) Agn\u00e8s Lacam, Esther Brelet (responsable arbitrage comp\u00e9tition), M\u00e9lanie Tran, J\u00e9r\u00f4me Tartavez-Chulia)\n\t\t\t\t<\/figcaption><\/figure><figure class='gallery-item'>\n\t\t\t<div class='gallery-icon landscape'>\n\t\t\t\t<a href='https:\/\/newsestlyonnais.fr\/site\/2023\/04\/23\/bron-le-lutteur-luc-zanetton-present-a-louverture-de-la-saison-de-beach-wrestling\/francelutte_336995442_765547124842661_4583717920276744277_n\/'><img loading=\"lazy\" decoding=\"async\" width=\"575\" height=\"575\" src=\"https:\/\/newsestlyonnais.fr\/site\/wp-content\/uploads\/2023\/04\/francelutte_336995442_765547124842661_4583717920276744277_n.jpg\" class=\"attachment-large size-large\" alt=\"\" srcset=\"https:\/\/newsestlyonnais.fr\/site\/wp-content\/uploads\/2023\/04\/francelutte_336995442_765547124842661_4583717920276744277_n.jpg 575w, https:\/\/newsestlyonnais.fr\/site\/wp-content\/uploads\/2023\/04\/francelutte_336995442_765547124842661_4583717920276744277_n-400x400.jpg 400w, https:\/\/newsestlyonnais.fr\/site\/wp-content\/uploads\/2023\/04\/francelutte_336995442_765547124842661_4583717920276744277_n-250x250.jpg 250w, https:\/\/newsestlyonnais.fr\/site\/wp-content\/uploads\/2023\/04\/francelutte_336995442_765547124842661_4583717920276744277_n-150x150.jpg 150w, https:\/\/newsestlyonnais.fr\/site\/wp-content\/uploads\/2023\/04\/francelutte_336995442_765547124842661_4583717920276744277_n-50x50.jpg 50w, https:\/\/newsestlyonnais.fr\/site\/wp-content\/uploads\/2023\/04\/francelutte_336995442_765547124842661_4583717920276744277_n-100x100.jpg 100w, https:\/\/newsestlyonnais.fr\/site\/wp-content\/uploads\/2023\/04\/francelutte_336995442_765547124842661_4583717920276744277_n-200x200.jpg 200w, https:\/\/newsestlyonnais.fr\/site\/wp-content\/uploads\/2023\/04\/francelutte_336995442_765547124842661_4583717920276744277_n-300x300.jpg 300w, https:\/\/newsestlyonnais.fr\/site\/wp-content\/uploads\/2023\/04\/francelutte_336995442_765547124842661_4583717920276744277_n-350x350.jpg 350w, https:\/\/newsestlyonnais.fr\/site\/wp-content\/uploads\/2023\/04\/francelutte_336995442_765547124842661_4583717920276744277_n-450x450.jpg 450w, https:\/\/newsestlyonnais.fr\/site\/wp-content\/uploads\/2023\/04\/francelutte_336995442_765547124842661_4583717920276744277_n-500x500.jpg 500w, https:\/\/newsestlyonnais.fr\/site\/wp-content\/uploads\/2023\/04\/francelutte_336995442_765547124842661_4583717920276744277_n-550x550.jpg 550w\" sizes=\"auto, (max-width: 575px) 100vw, 575px\" \/><\/a>\n\t\t\t<\/div><\/figure>\n\t\t<\/div>\n\n<hr \/>\n<hr \/>\n<p>&nbsp;<\/p>\n<p>&nbsp;<\/p>\n<\/div>\n","protected":false},"excerpt":{"rendered":"<p>Le club de Bron Lutte Olympique avait pris la d\u00e9cision de d\u00e9placer uniquement un athl\u00e8te pour cette comp\u00e9tition qui a eu lieu ce samedi au CREPS de Toulouse.<\/p>\n","protected":false},"author":4,"featured_media":180125,"comment_status":"open","ping_status":"open","sticky":false,"template":"","format":"standard","meta":{"footnotes":""},"categories":[19,3896,2],"tags":[4711,2072,4031,4712,4713,4636],"class_list":["post-180115","post","type-post","status-publish","format-standard","has-post-thumbnail","hentry","category-bron","category-lutte-sambo","category-sports","tag-beach-wrestling","tag-bron","tag-bron-lutte","tag-jerome-tartavez-chulia","tag-luc-zanetton","tag-lutte-libre"],"yoast_head":"<!-- This site is optimized with the Yoast SEO plugin v27.2 - https:\/\/yoast.com\/product\/yoast-seo-wordpress\/ -->\n<title>BRON | Le lutteur Luc Zanetton pr\u00e9sent \u00e0 l&#039;ouverture de la saison de Beach Wrestling - News Est Lyonnais<\/title>\n<meta name=\"description\" content=\"BRON | Le lutteur Luc Zanetton pr\u00e9sent \u00e0 l&#039;ouverture de la saison de Beach Wrestling\" \/>\n<meta name=\"robots\" content=\"index, follow, max-snippet:-1, max-image-preview:large, max-video-preview:-1\" \/>\n<link rel=\"canonical\" href=\"https:\/\/newsestlyonnais.fr\/site\/2023\/04\/23\/bron-le-lutteur-luc-zanetton-present-a-louverture-de-la-saison-de-beach-wrestling\/\" \/>\n<meta property=\"og:locale\" content=\"fr_FR\" \/>\n<meta property=\"og:type\" content=\"article\" \/>\n<meta property=\"og:title\" content=\"BRON | Le lutteur Luc Zanetton pr\u00e9sent \u00e0 l&#039;ouverture de la saison de Beach Wrestling - News Est Lyonnais\" \/>\n<meta property=\"og:description\" content=\"BRON | Le lutteur Luc Zanetton pr\u00e9sent \u00e0 l&#039;ouverture de la saison de Beach Wrestling\" \/>\n<meta property=\"og:url\" content=\"https:\/\/newsestlyonnais.fr\/site\/2023\/04\/23\/bron-le-lutteur-luc-zanetton-present-a-louverture-de-la-saison-de-beach-wrestling\/\" \/>\n<meta property=\"og:site_name\" content=\"News Est Lyonnais\" \/>\n<meta property=\"article:author\" content=\"https:\/\/www.facebook.com\/pascal.oberson.1?fref=ts\" \/>\n<meta property=\"article:published_time\" content=\"2023-04-23T12:42:34+00:00\" \/>\n<meta property=\"article:modified_time\" content=\"2023-04-25T16:33:08+00:00\" \/>\n<meta property=\"og:image\" content=\"https:\/\/newsestlyonnais.fr\/site\/wp-content\/uploads\/2023\/04\/Podium.jpg\" \/>\n\t<meta property=\"og:image:width\" content=\"540\" \/>\n\t<meta property=\"og:image:height\" content=\"575\" \/>\n\t<meta property=\"og:image:type\" content=\"image\/jpeg\" \/>\n<meta name=\"author\" content=\"R\u00e9dac. NEWS\" \/>\n<meta name=\"twitter:card\" content=\"summary_large_image\" \/>\n<meta name=\"twitter:label1\" content=\"\u00c9crit par\" \/>\n\t<meta name=\"twitter:data1\" content=\"R\u00e9dac. NEWS\" \/>\n\t<meta name=\"twitter:label2\" content=\"Dur\u00e9e de lecture estim\u00e9e\" \/>\n\t<meta name=\"twitter:data2\" content=\"2 minutes\" \/>\n<script type=\"application\/ld+json\" class=\"yoast-schema-graph\">{\"@context\":\"https:\/\/schema.org\",\"@graph\":[{\"@type\":\"Article\",\"@id\":\"https:\/\/newsestlyonnais.fr\/site\/2023\/04\/23\/bron-le-lutteur-luc-zanetton-present-a-louverture-de-la-saison-de-beach-wrestling\/#article\",\"isPartOf\":{\"@id\":\"https:\/\/newsestlyonnais.fr\/site\/2023\/04\/23\/bron-le-lutteur-luc-zanetton-present-a-louverture-de-la-saison-de-beach-wrestling\/\"},\"author\":{\"name\":\"R\u00e9dac. NEWS\",\"@id\":\"https:\/\/newsestlyonnais.fr\/site\/#\/schema\/person\/3230d5615f390bb808365d673001e887\"},\"headline\":\"BRON | Le lutteur Luc Zanetton pr\u00e9sent \u00e0 l&rsquo;ouverture de la saison de Beach Wrestling\",\"datePublished\":\"2023-04-23T12:42:34+00:00\",\"dateModified\":\"2023-04-25T16:33:08+00:00\",\"mainEntityOfPage\":{\"@id\":\"https:\/\/newsestlyonnais.fr\/site\/2023\/04\/23\/bron-le-lutteur-luc-zanetton-present-a-louverture-de-la-saison-de-beach-wrestling\/\"},\"wordCount\":396,\"commentCount\":0,\"publisher\":{\"@id\":\"https:\/\/newsestlyonnais.fr\/site\/#organization\"},\"image\":{\"@id\":\"https:\/\/newsestlyonnais.fr\/site\/2023\/04\/23\/bron-le-lutteur-luc-zanetton-present-a-louverture-de-la-saison-de-beach-wrestling\/#primaryimage\"},\"thumbnailUrl\":\"https:\/\/newsestlyonnais.fr\/site\/wp-content\/uploads\/2023\/04\/Podium.jpg\",\"keywords\":[\"Beach Wrestling\",\"BRON\",\"BRON LUTTE\",\"J\u00e9r\u00f4me Tartavez-Chulia\",\"Luc Zanetton\",\"LUTTE LIBRE\"],\"articleSection\":[\"Bron\",\"Lutte \/ Sambo\",\"Sports\"],\"inLanguage\":\"fr-FR\",\"potentialAction\":[{\"@type\":\"CommentAction\",\"name\":\"Comment\",\"target\":[\"https:\/\/newsestlyonnais.fr\/site\/2023\/04\/23\/bron-le-lutteur-luc-zanetton-present-a-louverture-de-la-saison-de-beach-wrestling\/#respond\"]}]},{\"@type\":\"WebPage\",\"@id\":\"https:\/\/newsestlyonnais.fr\/site\/2023\/04\/23\/bron-le-lutteur-luc-zanetton-present-a-louverture-de-la-saison-de-beach-wrestling\/\",\"url\":\"https:\/\/newsestlyonnais.fr\/site\/2023\/04\/23\/bron-le-lutteur-luc-zanetton-present-a-louverture-de-la-saison-de-beach-wrestling\/\",\"name\":\"BRON | Le lutteur Luc Zanetton pr\u00e9sent \u00e0 l'ouverture de la saison de Beach Wrestling - News Est Lyonnais\",\"isPartOf\":{\"@id\":\"https:\/\/newsestlyonnais.fr\/site\/#website\"},\"primaryImageOfPage\":{\"@id\":\"https:\/\/newsestlyonnais.fr\/site\/2023\/04\/23\/bron-le-lutteur-luc-zanetton-present-a-louverture-de-la-saison-de-beach-wrestling\/#primaryimage\"},\"image\":{\"@id\":\"https:\/\/newsestlyonnais.fr\/site\/2023\/04\/23\/bron-le-lutteur-luc-zanetton-present-a-louverture-de-la-saison-de-beach-wrestling\/#primaryimage\"},\"thumbnailUrl\":\"https:\/\/newsestlyonnais.fr\/site\/wp-content\/uploads\/2023\/04\/Podium.jpg\",\"datePublished\":\"2023-04-23T12:42:34+00:00\",\"dateModified\":\"2023-04-25T16:33:08+00:00\",\"description\":\"BRON | Le lutteur Luc Zanetton pr\u00e9sent \u00e0 l'ouverture de la saison de Beach Wrestling\",\"breadcrumb\":{\"@id\":\"https:\/\/newsestlyonnais.fr\/site\/2023\/04\/23\/bron-le-lutteur-luc-zanetton-present-a-louverture-de-la-saison-de-beach-wrestling\/#breadcrumb\"},\"inLanguage\":\"fr-FR\",\"potentialAction\":[{\"@type\":\"ReadAction\",\"target\":[\"https:\/\/newsestlyonnais.fr\/site\/2023\/04\/23\/bron-le-lutteur-luc-zanetton-present-a-louverture-de-la-saison-de-beach-wrestling\/\"]}]},{\"@type\":\"ImageObject\",\"inLanguage\":\"fr-FR\",\"@id\":\"https:\/\/newsestlyonnais.fr\/site\/2023\/04\/23\/bron-le-lutteur-luc-zanetton-present-a-louverture-de-la-saison-de-beach-wrestling\/#primaryimage\",\"url\":\"https:\/\/newsestlyonnais.fr\/site\/wp-content\/uploads\/2023\/04\/Podium.jpg\",\"contentUrl\":\"https:\/\/newsestlyonnais.fr\/site\/wp-content\/uploads\/2023\/04\/Podium.jpg\",\"width\":540,\"height\":575},{\"@type\":\"BreadcrumbList\",\"@id\":\"https:\/\/newsestlyonnais.fr\/site\/2023\/04\/23\/bron-le-lutteur-luc-zanetton-present-a-louverture-de-la-saison-de-beach-wrestling\/#breadcrumb\",\"itemListElement\":[{\"@type\":\"ListItem\",\"position\":1,\"name\":\"Accueil\",\"item\":\"https:\/\/newsestlyonnais.fr\/site\/\"},{\"@type\":\"ListItem\",\"position\":2,\"name\":\"BRON | Le lutteur Luc Zanetton pr\u00e9sent \u00e0 l&rsquo;ouverture de la saison de Beach Wrestling\"}]},{\"@type\":\"WebSite\",\"@id\":\"https:\/\/newsestlyonnais.fr\/site\/#website\",\"url\":\"https:\/\/newsestlyonnais.fr\/site\/\",\"name\":\"News Est Lyonnais\",\"description\":\"L&#039;actualit\u00e9 au plus pr\u00e8s\",\"publisher\":{\"@id\":\"https:\/\/newsestlyonnais.fr\/site\/#organization\"},\"potentialAction\":[{\"@type\":\"SearchAction\",\"target\":{\"@type\":\"EntryPoint\",\"urlTemplate\":\"https:\/\/newsestlyonnais.fr\/site\/?s={search_term_string}\"},\"query-input\":{\"@type\":\"PropertyValueSpecification\",\"valueRequired\":true,\"valueName\":\"search_term_string\"}}],\"inLanguage\":\"fr-FR\"},{\"@type\":\"Organization\",\"@id\":\"https:\/\/newsestlyonnais.fr\/site\/#organization\",\"name\":\"News EST LYONNAIS\",\"url\":\"https:\/\/newsestlyonnais.fr\/site\/\",\"logo\":{\"@type\":\"ImageObject\",\"inLanguage\":\"fr-FR\",\"@id\":\"https:\/\/newsestlyonnais.fr\/site\/#\/schema\/logo\/image\/\",\"url\":\"\",\"contentUrl\":\"\",\"caption\":\"News EST LYONNAIS\"},\"image\":{\"@id\":\"https:\/\/newsestlyonnais.fr\/site\/#\/schema\/logo\/image\/\"}},{\"@type\":\"Person\",\"@id\":\"https:\/\/newsestlyonnais.fr\/site\/#\/schema\/person\/3230d5615f390bb808365d673001e887\",\"name\":\"R\u00e9dac. NEWS\",\"sameAs\":[\"http:\/\/www.newsestlyonnais.fr\",\"https:\/\/www.facebook.com\/pascal.oberson.1?fref=ts\",\"https:\/\/fr.linkedin.com\/in\/pascal-oberson-b17045113\"],\"url\":\"https:\/\/newsestlyonnais.fr\/site\/author\/nel\/\"}]}<\/script>\n<!-- \/ Yoast SEO plugin. -->","yoast_head_json":{"title":"BRON | Le lutteur Luc Zanetton pr\u00e9sent \u00e0 l'ouverture de la saison de Beach Wrestling - News Est Lyonnais","description":"BRON | Le lutteur Luc Zanetton pr\u00e9sent \u00e0 l'ouverture de la saison de Beach Wrestling","robots":{"index":"index","follow":"follow","max-snippet":"max-snippet:-1","max-image-preview":"max-image-preview:large","max-video-preview":"max-video-preview:-1"},"canonical":"https:\/\/newsestlyonnais.fr\/site\/2023\/04\/23\/bron-le-lutteur-luc-zanetton-present-a-louverture-de-la-saison-de-beach-wrestling\/","og_locale":"fr_FR","og_type":"article","og_title":"BRON | Le lutteur Luc Zanetton pr\u00e9sent \u00e0 l'ouverture de la saison de Beach Wrestling - News Est Lyonnais","og_description":"BRON | Le lutteur Luc Zanetton pr\u00e9sent \u00e0 l'ouverture de la saison de Beach Wrestling","og_url":"https:\/\/newsestlyonnais.fr\/site\/2023\/04\/23\/bron-le-lutteur-luc-zanetton-present-a-louverture-de-la-saison-de-beach-wrestling\/","og_site_name":"News Est Lyonnais","article_author":"https:\/\/www.facebook.com\/pascal.oberson.1?fref=ts","article_published_time":"2023-04-23T12:42:34+00:00","article_modified_time":"2023-04-25T16:33:08+00:00","og_image":[{"width":540,"height":575,"url":"https:\/\/newsestlyonnais.fr\/site\/wp-content\/uploads\/2023\/04\/Podium.jpg","type":"image\/jpeg"}],"author":"R\u00e9dac. NEWS","twitter_card":"summary_large_image","twitter_misc":{"\u00c9crit par":"R\u00e9dac. NEWS","Dur\u00e9e de lecture estim\u00e9e":"2 minutes"},"schema":{"@context":"https:\/\/schema.org","@graph":[{"@type":"Article","@id":"https:\/\/newsestlyonnais.fr\/site\/2023\/04\/23\/bron-le-lutteur-luc-zanetton-present-a-louverture-de-la-saison-de-beach-wrestling\/#article","isPartOf":{"@id":"https:\/\/newsestlyonnais.fr\/site\/2023\/04\/23\/bron-le-lutteur-luc-zanetton-present-a-louverture-de-la-saison-de-beach-wrestling\/"},"author":{"name":"R\u00e9dac. NEWS","@id":"https:\/\/newsestlyonnais.fr\/site\/#\/schema\/person\/3230d5615f390bb808365d673001e887"},"headline":"BRON | Le lutteur Luc Zanetton pr\u00e9sent \u00e0 l&rsquo;ouverture de la saison de Beach Wrestling","datePublished":"2023-04-23T12:42:34+00:00","dateModified":"2023-04-25T16:33:08+00:00","mainEntityOfPage":{"@id":"https:\/\/newsestlyonnais.fr\/site\/2023\/04\/23\/bron-le-lutteur-luc-zanetton-present-a-louverture-de-la-saison-de-beach-wrestling\/"},"wordCount":396,"commentCount":0,"publisher":{"@id":"https:\/\/newsestlyonnais.fr\/site\/#organization"},"image":{"@id":"https:\/\/newsestlyonnais.fr\/site\/2023\/04\/23\/bron-le-lutteur-luc-zanetton-present-a-louverture-de-la-saison-de-beach-wrestling\/#primaryimage"},"thumbnailUrl":"https:\/\/newsestlyonnais.fr\/site\/wp-content\/uploads\/2023\/04\/Podium.jpg","keywords":["Beach Wrestling","BRON","BRON LUTTE","J\u00e9r\u00f4me Tartavez-Chulia","Luc Zanetton","LUTTE LIBRE"],"articleSection":["Bron","Lutte \/ Sambo","Sports"],"inLanguage":"fr-FR","potentialAction":[{"@type":"CommentAction","name":"Comment","target":["https:\/\/newsestlyonnais.fr\/site\/2023\/04\/23\/bron-le-lutteur-luc-zanetton-present-a-louverture-de-la-saison-de-beach-wrestling\/#respond"]}]},{"@type":"WebPage","@id":"https:\/\/newsestlyonnais.fr\/site\/2023\/04\/23\/bron-le-lutteur-luc-zanetton-present-a-louverture-de-la-saison-de-beach-wrestling\/","url":"https:\/\/newsestlyonnais.fr\/site\/2023\/04\/23\/bron-le-lutteur-luc-zanetton-present-a-louverture-de-la-saison-de-beach-wrestling\/","name":"BRON | Le lutteur Luc Zanetton pr\u00e9sent \u00e0 l'ouverture de la saison de Beach Wrestling - News Est Lyonnais","isPartOf":{"@id":"https:\/\/newsestlyonnais.fr\/site\/#website"},"primaryImageOfPage":{"@id":"https:\/\/newsestlyonnais.fr\/site\/2023\/04\/23\/bron-le-lutteur-luc-zanetton-present-a-louverture-de-la-saison-de-beach-wrestling\/#primaryimage"},"image":{"@id":"https:\/\/newsestlyonnais.fr\/site\/2023\/04\/23\/bron-le-lutteur-luc-zanetton-present-a-louverture-de-la-saison-de-beach-wrestling\/#primaryimage"},"thumbnailUrl":"https:\/\/newsestlyonnais.fr\/site\/wp-content\/uploads\/2023\/04\/Podium.jpg","datePublished":"2023-04-23T12:42:34+00:00","dateModified":"2023-04-25T16:33:08+00:00","description":"BRON | Le lutteur Luc Zanetton pr\u00e9sent \u00e0 l'ouverture de la saison de Beach Wrestling","breadcrumb":{"@id":"https:\/\/newsestlyonnais.fr\/site\/2023\/04\/23\/bron-le-lutteur-luc-zanetton-present-a-louverture-de-la-saison-de-beach-wrestling\/#breadcrumb"},"inLanguage":"fr-FR","potentialAction":[{"@type":"ReadAction","target":["https:\/\/newsestlyonnais.fr\/site\/2023\/04\/23\/bron-le-lutteur-luc-zanetton-present-a-louverture-de-la-saison-de-beach-wrestling\/"]}]},{"@type":"ImageObject","inLanguage":"fr-FR","@id":"https:\/\/newsestlyonnais.fr\/site\/2023\/04\/23\/bron-le-lutteur-luc-zanetton-present-a-louverture-de-la-saison-de-beach-wrestling\/#primaryimage","url":"https:\/\/newsestlyonnais.fr\/site\/wp-content\/uploads\/2023\/04\/Podium.jpg","contentUrl":"https:\/\/newsestlyonnais.fr\/site\/wp-content\/uploads\/2023\/04\/Podium.jpg","width":540,"height":575},{"@type":"BreadcrumbList","@id":"https:\/\/newsestlyonnais.fr\/site\/2023\/04\/23\/bron-le-lutteur-luc-zanetton-present-a-louverture-de-la-saison-de-beach-wrestling\/#breadcrumb","itemListElement":[{"@type":"ListItem","position":1,"name":"Accueil","item":"https:\/\/newsestlyonnais.fr\/site\/"},{"@type":"ListItem","position":2,"name":"BRON | Le lutteur Luc Zanetton pr\u00e9sent \u00e0 l&rsquo;ouverture de la saison de Beach Wrestling"}]},{"@type":"WebSite","@id":"https:\/\/newsestlyonnais.fr\/site\/#website","url":"https:\/\/newsestlyonnais.fr\/site\/","name":"News Est Lyonnais","description":"L&#039;actualit\u00e9 au plus pr\u00e8s","publisher":{"@id":"https:\/\/newsestlyonnais.fr\/site\/#organization"},"potentialAction":[{"@type":"SearchAction","target":{"@type":"EntryPoint","urlTemplate":"https:\/\/newsestlyonnais.fr\/site\/?s={search_term_string}"},"query-input":{"@type":"PropertyValueSpecification","valueRequired":true,"valueName":"search_term_string"}}],"inLanguage":"fr-FR"},{"@type":"Organization","@id":"https:\/\/newsestlyonnais.fr\/site\/#organization","name":"News EST LYONNAIS","url":"https:\/\/newsestlyonnais.fr\/site\/","logo":{"@type":"ImageObject","inLanguage":"fr-FR","@id":"https:\/\/newsestlyonnais.fr\/site\/#\/schema\/logo\/image\/","url":"","contentUrl":"","caption":"News EST LYONNAIS"},"image":{"@id":"https:\/\/newsestlyonnais.fr\/site\/#\/schema\/logo\/image\/"}},{"@type":"Person","@id":"https:\/\/newsestlyonnais.fr\/site\/#\/schema\/person\/3230d5615f390bb808365d673001e887","name":"R\u00e9dac. NEWS","sameAs":["http:\/\/www.newsestlyonnais.fr","https:\/\/www.facebook.com\/pascal.oberson.1?fref=ts","https:\/\/fr.linkedin.com\/in\/pascal-oberson-b17045113"],"url":"https:\/\/newsestlyonnais.fr\/site\/author\/nel\/"}]}},"_links":{"self":[{"href":"https:\/\/newsestlyonnais.fr\/site\/wp-json\/wp\/v2\/posts\/180115","targetHints":{"allow":["GET"]}}],"collection":[{"href":"https:\/\/newsestlyonnais.fr\/site\/wp-json\/wp\/v2\/posts"}],"about":[{"href":"https:\/\/newsestlyonnais.fr\/site\/wp-json\/wp\/v2\/types\/post"}],"author":[{"embeddable":true,"href":"https:\/\/newsestlyonnais.fr\/site\/wp-json\/wp\/v2\/users\/4"}],"replies":[{"embeddable":true,"href":"https:\/\/newsestlyonnais.fr\/site\/wp-json\/wp\/v2\/comments?post=180115"}],"version-history":[{"count":0,"href":"https:\/\/newsestlyonnais.fr\/site\/wp-json\/wp\/v2\/posts\/180115\/revisions"}],"wp:featuredmedia":[{"embeddable":true,"href":"https:\/\/newsestlyonnais.fr\/site\/wp-json\/wp\/v2\/media\/180125"}],"wp:attachment":[{"href":"https:\/\/newsestlyonnais.fr\/site\/wp-json\/wp\/v2\/media?parent=180115"}],"wp:term":[{"taxonomy":"category","embeddable":true,"href":"https:\/\/newsestlyonnais.fr\/site\/wp-json\/wp\/v2\/categories?post=180115"},{"taxonomy":"post_tag","embeddable":true,"href":"https:\/\/newsestlyonnais.fr\/site\/wp-json\/wp\/v2\/tags?post=180115"}],"curies":[{"name":"wp","href":"https:\/\/api.w.org\/{rel}","templated":true}]}}