{"id":180261,"date":"2023-04-26T14:25:55","date_gmt":"2023-04-26T13:25:55","guid":{"rendered":"https:\/\/newsestlyonnais.fr\/site\/?p=180261"},"modified":"2023-05-14T14:36:13","modified_gmt":"2023-05-14T13:36:13","slug":"metropole-de-lyon-la-convergence-velo-de-retour","status":"publish","type":"post","link":"https:\/\/newsestlyonnais.fr\/site\/2023\/04\/26\/metropole-de-lyon-la-convergence-velo-de-retour\/","title":{"rendered":"M\u00e9tropole de Lyon | La Convergence V\u00e9lo de retour"},"content":{"rendered":"<p>Une journ\u00e9e <strong>festive<\/strong> autour du v\u00e9lo, <strong>ouverte \u00e0 toutes et \u00e0 tous, petits et grands<\/strong> ! Matin et apr\u00e8s-midi, rejoignez les cort\u00e8ges et venez p\u00e9daler !<\/p>\n<p>L\u2019<strong>arriv\u00e9e<\/strong> des diff\u00e9rents cort\u00e8ges \u00e0 la place Bellecour se fera aux alentours de midi, pour une <strong>pause d\u00e9jeuner conviviale<\/strong>.\u00a0<strong>\u00c0 partir de 14 h, un cort\u00e8ge commun \u00e0 v\u00e9lo<\/strong> partira pour une grande balade familiale et festive de 2 h<strong> depuis la place Bellecour.<\/strong><\/p>\n<hr \/>\n<p><strong><span style=\"background-color: #000000; color: #ffffff;\">Les d\u00e9parts :<\/span><\/strong><\/p>\n<ul>\n<li><strong>Champagne-au-Mont-d&rsquo;Or<\/strong> &gt; Place de la Libert\u00e9 \u00e0 11 h<\/li>\n<li><strong>Meyzieu<\/strong> &gt; Arr\u00eat de tram Meyzieu-Gare \u00e0 10 h<\/li>\n<li><strong>Oullins<\/strong> &gt; Gare \u00e0 11 h 30<\/li>\n<li><strong>Rillieux<\/strong> &gt; Place Mar\u00e9chal Juin \u00e0 10 h<\/li>\n<li><strong>Saint-Genis-Laval<\/strong> &gt; Place Jaboulay \u00e0 11 h<\/li>\n<li><strong>Sainte-Foy-l\u00e8s-Lyon<\/strong> &gt; Gymnase du Plan du Loup \u00e0 11 h<\/li>\n<li><strong>V\u00e9nissieux<\/strong> &gt; Mairie \u00e0 10 h 30<\/li>\n<\/ul>\n<p><strong><span style=\"background-color: #000000; color: #ffffff;\">Les points d&rsquo;\u00e9tape :<\/span><\/strong><\/p>\n<ul>\n<li><strong>Caluire<\/strong> &gt; Maison de la Voie Verte \u00e0 11 h<\/li>\n<li><strong>Lyon 3 \/ Lyon 8<\/strong> &gt; Place Ambroise Courtois \u00e0 11 h 30<\/li>\n<li><strong>Lyon 4<\/strong> &gt; Entr\u00e9e du tunnel Mode Doux, c\u00f4t\u00e9 Sa\u00f4ne \u00e0 11 h 45<\/li>\n<li><strong>Lyon 5<\/strong> &gt; Mairie du 5\u00b0 \u00e0\u00a0 11 h 30<\/li>\n<li><strong>Lyon 6<\/strong> &gt; Passerelle de la Paix, c\u00f4t\u00e9 Lyon \u00e0 11 h 30<\/li>\n<li><strong>Vaulx-en-Velin &gt; La Soie<\/strong> : croisement rue de la Poudrette \/ rue de la Soie \u00e0 11 h<\/li>\n<li><strong>V\u00e9nissieux<\/strong> &gt; Arr\u00eat m\u00e9tro Parilly \u00e0 11 h<\/li>\n<li><strong>Villeurbanne<\/strong> &gt; H\u00f4tel de Ville &#8211; Avenue Aristide Briand \u00e0 11 h 30<\/li>\n<\/ul>\n<hr \/>\n<div class=\"cxmmr5t8 oygrvhab hcukyx3x c1et5uql o9v6fnle\"><img loading=\"lazy\" decoding=\"async\" class=\"alignleft size-thumbnail wp-image-180287\" src=\"https:\/\/newsestlyonnais.fr\/site\/wp-content\/uploads\/2023\/04\/341126705_239565478609189_1333377151291155346_n-250x250.jpg\" alt=\"\" width=\"150\" height=\"150\" srcset=\"https:\/\/newsestlyonnais.fr\/site\/wp-content\/uploads\/2023\/04\/341126705_239565478609189_1333377151291155346_n-250x250.jpg 250w, https:\/\/newsestlyonnais.fr\/site\/wp-content\/uploads\/2023\/04\/341126705_239565478609189_1333377151291155346_n-400x400.jpg 400w, https:\/\/newsestlyonnais.fr\/site\/wp-content\/uploads\/2023\/04\/341126705_239565478609189_1333377151291155346_n-650x650.jpg 650w, https:\/\/newsestlyonnais.fr\/site\/wp-content\/uploads\/2023\/04\/341126705_239565478609189_1333377151291155346_n-768x768.jpg 768w, https:\/\/newsestlyonnais.fr\/site\/wp-content\/uploads\/2023\/04\/341126705_239565478609189_1333377151291155346_n-150x150.jpg 150w, https:\/\/newsestlyonnais.fr\/site\/wp-content\/uploads\/2023\/04\/341126705_239565478609189_1333377151291155346_n-50x50.jpg 50w, https:\/\/newsestlyonnais.fr\/site\/wp-content\/uploads\/2023\/04\/341126705_239565478609189_1333377151291155346_n-100x100.jpg 100w, https:\/\/newsestlyonnais.fr\/site\/wp-content\/uploads\/2023\/04\/341126705_239565478609189_1333377151291155346_n-200x200.jpg 200w, https:\/\/newsestlyonnais.fr\/site\/wp-content\/uploads\/2023\/04\/341126705_239565478609189_1333377151291155346_n-300x300.jpg 300w, https:\/\/newsestlyonnais.fr\/site\/wp-content\/uploads\/2023\/04\/341126705_239565478609189_1333377151291155346_n-350x350.jpg 350w, https:\/\/newsestlyonnais.fr\/site\/wp-content\/uploads\/2023\/04\/341126705_239565478609189_1333377151291155346_n-450x450.jpg 450w, https:\/\/newsestlyonnais.fr\/site\/wp-content\/uploads\/2023\/04\/341126705_239565478609189_1333377151291155346_n-500x500.jpg 500w, https:\/\/newsestlyonnais.fr\/site\/wp-content\/uploads\/2023\/04\/341126705_239565478609189_1333377151291155346_n-550x550.jpg 550w, https:\/\/newsestlyonnais.fr\/site\/wp-content\/uploads\/2023\/04\/341126705_239565478609189_1333377151291155346_n-800x800.jpg 800w, https:\/\/newsestlyonnais.fr\/site\/wp-content\/uploads\/2023\/04\/341126705_239565478609189_1333377151291155346_n.jpg 1080w\" sizes=\"auto, (max-width: 150px) 100vw, 150px\" \/><span style=\"background-color: #000000; color: #ffffff; font-size: 14pt;\">Cette ann\u00e9e, le <strong>Lyon Cargo Bike Festival<\/strong> sera \u00e9galement pr\u00e9sent de 10 h \u00e0 19 h ! Pr\u00e8s de 100 v\u00e9los cargo disponibles \u00e0 l\u2019essai ! Ainsi qu\u2019un parcours de maniabilit\u00e9 pour vous familiariser avec ces v\u00e9los atypiques !<\/span><\/div>\n<hr \/>\n<p><span style=\"background-color: #000000; color: #3366ff;\"><a style=\"background-color: #000000; color: #3366ff;\" href=\"https:\/\/www.maisonduvelolyon.org\/convergence-velo\/?fbclid=IwAR21YgZQLVItnrqL2XxDcXvmDyWAys8nlYJE41tNdIvCJXQEdkVdSCtt6qY\"><span style=\"font-size: 14pt; background-color: #000000;\">+ d&rsquo;infos sur Convergence V\u00e9lo<\/span><\/a> <\/span><\/p>\n","protected":false},"excerpt":{"rendered":"<p>Le dimanche 14 mai, 15 d\u00e9parts seront organis\u00e9s depuis les 4 coins de la m\u00e9tropole pour se rejoindre sur la place Bellecour. <\/p>\n","protected":false},"author":4,"featured_media":179828,"comment_status":"open","ping_status":"open","sticky":false,"template":"","format":"standard","meta":{"footnotes":""},"categories":[1620,4152,1283,2969,1625,24,1623,28,1298,29],"tags":[3811,2077,2485],"class_list":["post-180261","post","type-post","status-publish","format-standard","has-post-thumbnail","hentry","category-caluire","category-caluire-rillieux-la-pape","category-chassieu-communes-diverses","category-cyclisme-cyclo-vtt","category-lyon","category-meyzieu","category-rillieux-la-pape","category-vaulx-en-velin","category-venissieux","category-villeurbanne","tag-convergence","tag-lyon","tag-velo"],"yoast_head":"<!-- This site is optimized with the Yoast SEO plugin v27.2 - https:\/\/yoast.com\/product\/yoast-seo-wordpress\/ -->\n<title>M\u00e9tropole de Lyon | La Convergence V\u00e9lo de retour - News Est Lyonnais<\/title>\n<meta name=\"description\" content=\"M\u00e9tropole de Lyon | La Convergence V\u00e9lo de retour\" \/>\n<meta name=\"robots\" content=\"index, follow, max-snippet:-1, max-image-preview:large, max-video-preview:-1\" \/>\n<link rel=\"canonical\" href=\"https:\/\/newsestlyonnais.fr\/site\/2023\/04\/26\/metropole-de-lyon-la-convergence-velo-de-retour\/\" \/>\n<meta property=\"og:locale\" content=\"fr_FR\" \/>\n<meta property=\"og:type\" content=\"article\" \/>\n<meta property=\"og:title\" content=\"M\u00e9tropole de Lyon | La Convergence V\u00e9lo de retour - News Est Lyonnais\" \/>\n<meta property=\"og:description\" content=\"M\u00e9tropole de Lyon | La Convergence V\u00e9lo de retour\" \/>\n<meta property=\"og:url\" content=\"https:\/\/newsestlyonnais.fr\/site\/2023\/04\/26\/metropole-de-lyon-la-convergence-velo-de-retour\/\" \/>\n<meta property=\"og:site_name\" content=\"News Est Lyonnais\" \/>\n<meta property=\"article:author\" content=\"https:\/\/www.facebook.com\/pascal.oberson.1?fref=ts\" \/>\n<meta property=\"article:published_time\" content=\"2023-04-26T13:25:55+00:00\" \/>\n<meta property=\"article:modified_time\" content=\"2023-05-14T13:36:13+00:00\" \/>\n<meta property=\"og:image\" content=\"https:\/\/newsestlyonnais.fr\/site\/wp-content\/uploads\/2023\/04\/202301_Convergence-velo_1920x1080px-800x445-1.jpg\" \/>\n\t<meta property=\"og:image:width\" content=\"800\" \/>\n\t<meta property=\"og:image:height\" content=\"445\" \/>\n\t<meta property=\"og:image:type\" content=\"image\/jpeg\" \/>\n<meta name=\"author\" content=\"R\u00e9dac. NEWS\" \/>\n<meta name=\"twitter:card\" content=\"summary_large_image\" \/>\n<meta name=\"twitter:label1\" content=\"\u00c9crit par\" \/>\n\t<meta name=\"twitter:data1\" content=\"R\u00e9dac. NEWS\" \/>\n\t<meta name=\"twitter:label2\" content=\"Dur\u00e9e de lecture estim\u00e9e\" \/>\n\t<meta name=\"twitter:data2\" content=\"2 minutes\" \/>\n<script type=\"application\/ld+json\" class=\"yoast-schema-graph\">{\"@context\":\"https:\/\/schema.org\",\"@graph\":[{\"@type\":\"Article\",\"@id\":\"https:\/\/newsestlyonnais.fr\/site\/2023\/04\/26\/metropole-de-lyon-la-convergence-velo-de-retour\/#article\",\"isPartOf\":{\"@id\":\"https:\/\/newsestlyonnais.fr\/site\/2023\/04\/26\/metropole-de-lyon-la-convergence-velo-de-retour\/\"},\"author\":{\"name\":\"R\u00e9dac. NEWS\",\"@id\":\"https:\/\/newsestlyonnais.fr\/site\/#\/schema\/person\/3230d5615f390bb808365d673001e887\"},\"headline\":\"M\u00e9tropole de Lyon | La Convergence V\u00e9lo de retour\",\"datePublished\":\"2023-04-26T13:25:55+00:00\",\"dateModified\":\"2023-05-14T13:36:13+00:00\",\"mainEntityOfPage\":{\"@id\":\"https:\/\/newsestlyonnais.fr\/site\/2023\/04\/26\/metropole-de-lyon-la-convergence-velo-de-retour\/\"},\"wordCount\":257,\"commentCount\":0,\"publisher\":{\"@id\":\"https:\/\/newsestlyonnais.fr\/site\/#organization\"},\"image\":{\"@id\":\"https:\/\/newsestlyonnais.fr\/site\/2023\/04\/26\/metropole-de-lyon-la-convergence-velo-de-retour\/#primaryimage\"},\"thumbnailUrl\":\"https:\/\/newsestlyonnais.fr\/site\/wp-content\/uploads\/2023\/04\/202301_Convergence-velo_1920x1080px-800x445-1.jpg\",\"keywords\":[\"CONVERGENCE\",\"LYON\",\"VELO\"],\"articleSection\":[\"Caluire\",\"CALUIRE | RILLIEUX LA PAPE\",\"Chassieu | Communes diverses\",\"Cyclisme | Cyclo | Vtt\",\"Lyon\",\"Meyzieu\",\"Rillieux-la-Pape\",\"Vaulx-en-Velin\",\"V\u00e9nissieux\",\"Villeurbanne\"],\"inLanguage\":\"fr-FR\",\"potentialAction\":[{\"@type\":\"CommentAction\",\"name\":\"Comment\",\"target\":[\"https:\/\/newsestlyonnais.fr\/site\/2023\/04\/26\/metropole-de-lyon-la-convergence-velo-de-retour\/#respond\"]}]},{\"@type\":\"WebPage\",\"@id\":\"https:\/\/newsestlyonnais.fr\/site\/2023\/04\/26\/metropole-de-lyon-la-convergence-velo-de-retour\/\",\"url\":\"https:\/\/newsestlyonnais.fr\/site\/2023\/04\/26\/metropole-de-lyon-la-convergence-velo-de-retour\/\",\"name\":\"M\u00e9tropole de Lyon | La Convergence V\u00e9lo de retour - News Est Lyonnais\",\"isPartOf\":{\"@id\":\"https:\/\/newsestlyonnais.fr\/site\/#website\"},\"primaryImageOfPage\":{\"@id\":\"https:\/\/newsestlyonnais.fr\/site\/2023\/04\/26\/metropole-de-lyon-la-convergence-velo-de-retour\/#primaryimage\"},\"image\":{\"@id\":\"https:\/\/newsestlyonnais.fr\/site\/2023\/04\/26\/metropole-de-lyon-la-convergence-velo-de-retour\/#primaryimage\"},\"thumbnailUrl\":\"https:\/\/newsestlyonnais.fr\/site\/wp-content\/uploads\/2023\/04\/202301_Convergence-velo_1920x1080px-800x445-1.jpg\",\"datePublished\":\"2023-04-26T13:25:55+00:00\",\"dateModified\":\"2023-05-14T13:36:13+00:00\",\"description\":\"M\u00e9tropole de Lyon | La Convergence V\u00e9lo de retour\",\"breadcrumb\":{\"@id\":\"https:\/\/newsestlyonnais.fr\/site\/2023\/04\/26\/metropole-de-lyon-la-convergence-velo-de-retour\/#breadcrumb\"},\"inLanguage\":\"fr-FR\",\"potentialAction\":[{\"@type\":\"ReadAction\",\"target\":[\"https:\/\/newsestlyonnais.fr\/site\/2023\/04\/26\/metropole-de-lyon-la-convergence-velo-de-retour\/\"]}]},{\"@type\":\"ImageObject\",\"inLanguage\":\"fr-FR\",\"@id\":\"https:\/\/newsestlyonnais.fr\/site\/2023\/04\/26\/metropole-de-lyon-la-convergence-velo-de-retour\/#primaryimage\",\"url\":\"https:\/\/newsestlyonnais.fr\/site\/wp-content\/uploads\/2023\/04\/202301_Convergence-velo_1920x1080px-800x445-1.jpg\",\"contentUrl\":\"https:\/\/newsestlyonnais.fr\/site\/wp-content\/uploads\/2023\/04\/202301_Convergence-velo_1920x1080px-800x445-1.jpg\",\"width\":800,\"height\":445},{\"@type\":\"BreadcrumbList\",\"@id\":\"https:\/\/newsestlyonnais.fr\/site\/2023\/04\/26\/metropole-de-lyon-la-convergence-velo-de-retour\/#breadcrumb\",\"itemListElement\":[{\"@type\":\"ListItem\",\"position\":1,\"name\":\"Accueil\",\"item\":\"https:\/\/newsestlyonnais.fr\/site\/\"},{\"@type\":\"ListItem\",\"position\":2,\"name\":\"M\u00e9tropole de Lyon | La Convergence V\u00e9lo de retour\"}]},{\"@type\":\"WebSite\",\"@id\":\"https:\/\/newsestlyonnais.fr\/site\/#website\",\"url\":\"https:\/\/newsestlyonnais.fr\/site\/\",\"name\":\"News Est Lyonnais\",\"description\":\"L&#039;actualit\u00e9 au plus pr\u00e8s\",\"publisher\":{\"@id\":\"https:\/\/newsestlyonnais.fr\/site\/#organization\"},\"potentialAction\":[{\"@type\":\"SearchAction\",\"target\":{\"@type\":\"EntryPoint\",\"urlTemplate\":\"https:\/\/newsestlyonnais.fr\/site\/?s={search_term_string}\"},\"query-input\":{\"@type\":\"PropertyValueSpecification\",\"valueRequired\":true,\"valueName\":\"search_term_string\"}}],\"inLanguage\":\"fr-FR\"},{\"@type\":\"Organization\",\"@id\":\"https:\/\/newsestlyonnais.fr\/site\/#organization\",\"name\":\"News EST LYONNAIS\",\"url\":\"https:\/\/newsestlyonnais.fr\/site\/\",\"logo\":{\"@type\":\"ImageObject\",\"inLanguage\":\"fr-FR\",\"@id\":\"https:\/\/newsestlyonnais.fr\/site\/#\/schema\/logo\/image\/\",\"url\":\"\",\"contentUrl\":\"\",\"caption\":\"News EST LYONNAIS\"},\"image\":{\"@id\":\"https:\/\/newsestlyonnais.fr\/site\/#\/schema\/logo\/image\/\"}},{\"@type\":\"Person\",\"@id\":\"https:\/\/newsestlyonnais.fr\/site\/#\/schema\/person\/3230d5615f390bb808365d673001e887\",\"name\":\"R\u00e9dac. NEWS\",\"sameAs\":[\"http:\/\/www.newsestlyonnais.fr\",\"https:\/\/www.facebook.com\/pascal.oberson.1?fref=ts\",\"https:\/\/fr.linkedin.com\/in\/pascal-oberson-b17045113\"],\"url\":\"https:\/\/newsestlyonnais.fr\/site\/author\/nel\/\"}]}<\/script>\n<!-- \/ Yoast SEO plugin. -->","yoast_head_json":{"title":"M\u00e9tropole de Lyon | La Convergence V\u00e9lo de retour - News Est Lyonnais","description":"M\u00e9tropole de Lyon | La Convergence V\u00e9lo de retour","robots":{"index":"index","follow":"follow","max-snippet":"max-snippet:-1","max-image-preview":"max-image-preview:large","max-video-preview":"max-video-preview:-1"},"canonical":"https:\/\/newsestlyonnais.fr\/site\/2023\/04\/26\/metropole-de-lyon-la-convergence-velo-de-retour\/","og_locale":"fr_FR","og_type":"article","og_title":"M\u00e9tropole de Lyon | La Convergence V\u00e9lo de retour - News Est Lyonnais","og_description":"M\u00e9tropole de Lyon | La Convergence V\u00e9lo de retour","og_url":"https:\/\/newsestlyonnais.fr\/site\/2023\/04\/26\/metropole-de-lyon-la-convergence-velo-de-retour\/","og_site_name":"News Est Lyonnais","article_author":"https:\/\/www.facebook.com\/pascal.oberson.1?fref=ts","article_published_time":"2023-04-26T13:25:55+00:00","article_modified_time":"2023-05-14T13:36:13+00:00","og_image":[{"width":800,"height":445,"url":"https:\/\/newsestlyonnais.fr\/site\/wp-content\/uploads\/2023\/04\/202301_Convergence-velo_1920x1080px-800x445-1.jpg","type":"image\/jpeg"}],"author":"R\u00e9dac. NEWS","twitter_card":"summary_large_image","twitter_misc":{"\u00c9crit par":"R\u00e9dac. NEWS","Dur\u00e9e de lecture estim\u00e9e":"2 minutes"},"schema":{"@context":"https:\/\/schema.org","@graph":[{"@type":"Article","@id":"https:\/\/newsestlyonnais.fr\/site\/2023\/04\/26\/metropole-de-lyon-la-convergence-velo-de-retour\/#article","isPartOf":{"@id":"https:\/\/newsestlyonnais.fr\/site\/2023\/04\/26\/metropole-de-lyon-la-convergence-velo-de-retour\/"},"author":{"name":"R\u00e9dac. NEWS","@id":"https:\/\/newsestlyonnais.fr\/site\/#\/schema\/person\/3230d5615f390bb808365d673001e887"},"headline":"M\u00e9tropole de Lyon | La Convergence V\u00e9lo de retour","datePublished":"2023-04-26T13:25:55+00:00","dateModified":"2023-05-14T13:36:13+00:00","mainEntityOfPage":{"@id":"https:\/\/newsestlyonnais.fr\/site\/2023\/04\/26\/metropole-de-lyon-la-convergence-velo-de-retour\/"},"wordCount":257,"commentCount":0,"publisher":{"@id":"https:\/\/newsestlyonnais.fr\/site\/#organization"},"image":{"@id":"https:\/\/newsestlyonnais.fr\/site\/2023\/04\/26\/metropole-de-lyon-la-convergence-velo-de-retour\/#primaryimage"},"thumbnailUrl":"https:\/\/newsestlyonnais.fr\/site\/wp-content\/uploads\/2023\/04\/202301_Convergence-velo_1920x1080px-800x445-1.jpg","keywords":["CONVERGENCE","LYON","VELO"],"articleSection":["Caluire","CALUIRE | RILLIEUX LA PAPE","Chassieu | Communes diverses","Cyclisme | Cyclo | Vtt","Lyon","Meyzieu","Rillieux-la-Pape","Vaulx-en-Velin","V\u00e9nissieux","Villeurbanne"],"inLanguage":"fr-FR","potentialAction":[{"@type":"CommentAction","name":"Comment","target":["https:\/\/newsestlyonnais.fr\/site\/2023\/04\/26\/metropole-de-lyon-la-convergence-velo-de-retour\/#respond"]}]},{"@type":"WebPage","@id":"https:\/\/newsestlyonnais.fr\/site\/2023\/04\/26\/metropole-de-lyon-la-convergence-velo-de-retour\/","url":"https:\/\/newsestlyonnais.fr\/site\/2023\/04\/26\/metropole-de-lyon-la-convergence-velo-de-retour\/","name":"M\u00e9tropole de Lyon | La Convergence V\u00e9lo de retour - News Est Lyonnais","isPartOf":{"@id":"https:\/\/newsestlyonnais.fr\/site\/#website"},"primaryImageOfPage":{"@id":"https:\/\/newsestlyonnais.fr\/site\/2023\/04\/26\/metropole-de-lyon-la-convergence-velo-de-retour\/#primaryimage"},"image":{"@id":"https:\/\/newsestlyonnais.fr\/site\/2023\/04\/26\/metropole-de-lyon-la-convergence-velo-de-retour\/#primaryimage"},"thumbnailUrl":"https:\/\/newsestlyonnais.fr\/site\/wp-content\/uploads\/2023\/04\/202301_Convergence-velo_1920x1080px-800x445-1.jpg","datePublished":"2023-04-26T13:25:55+00:00","dateModified":"2023-05-14T13:36:13+00:00","description":"M\u00e9tropole de Lyon | La Convergence V\u00e9lo de retour","breadcrumb":{"@id":"https:\/\/newsestlyonnais.fr\/site\/2023\/04\/26\/metropole-de-lyon-la-convergence-velo-de-retour\/#breadcrumb"},"inLanguage":"fr-FR","potentialAction":[{"@type":"ReadAction","target":["https:\/\/newsestlyonnais.fr\/site\/2023\/04\/26\/metropole-de-lyon-la-convergence-velo-de-retour\/"]}]},{"@type":"ImageObject","inLanguage":"fr-FR","@id":"https:\/\/newsestlyonnais.fr\/site\/2023\/04\/26\/metropole-de-lyon-la-convergence-velo-de-retour\/#primaryimage","url":"https:\/\/newsestlyonnais.fr\/site\/wp-content\/uploads\/2023\/04\/202301_Convergence-velo_1920x1080px-800x445-1.jpg","contentUrl":"https:\/\/newsestlyonnais.fr\/site\/wp-content\/uploads\/2023\/04\/202301_Convergence-velo_1920x1080px-800x445-1.jpg","width":800,"height":445},{"@type":"BreadcrumbList","@id":"https:\/\/newsestlyonnais.fr\/site\/2023\/04\/26\/metropole-de-lyon-la-convergence-velo-de-retour\/#breadcrumb","itemListElement":[{"@type":"ListItem","position":1,"name":"Accueil","item":"https:\/\/newsestlyonnais.fr\/site\/"},{"@type":"ListItem","position":2,"name":"M\u00e9tropole de Lyon | La Convergence V\u00e9lo de retour"}]},{"@type":"WebSite","@id":"https:\/\/newsestlyonnais.fr\/site\/#website","url":"https:\/\/newsestlyonnais.fr\/site\/","name":"News Est Lyonnais","description":"L&#039;actualit\u00e9 au plus pr\u00e8s","publisher":{"@id":"https:\/\/newsestlyonnais.fr\/site\/#organization"},"potentialAction":[{"@type":"SearchAction","target":{"@type":"EntryPoint","urlTemplate":"https:\/\/newsestlyonnais.fr\/site\/?s={search_term_string}"},"query-input":{"@type":"PropertyValueSpecification","valueRequired":true,"valueName":"search_term_string"}}],"inLanguage":"fr-FR"},{"@type":"Organization","@id":"https:\/\/newsestlyonnais.fr\/site\/#organization","name":"News EST LYONNAIS","url":"https:\/\/newsestlyonnais.fr\/site\/","logo":{"@type":"ImageObject","inLanguage":"fr-FR","@id":"https:\/\/newsestlyonnais.fr\/site\/#\/schema\/logo\/image\/","url":"","contentUrl":"","caption":"News EST LYONNAIS"},"image":{"@id":"https:\/\/newsestlyonnais.fr\/site\/#\/schema\/logo\/image\/"}},{"@type":"Person","@id":"https:\/\/newsestlyonnais.fr\/site\/#\/schema\/person\/3230d5615f390bb808365d673001e887","name":"R\u00e9dac. NEWS","sameAs":["http:\/\/www.newsestlyonnais.fr","https:\/\/www.facebook.com\/pascal.oberson.1?fref=ts","https:\/\/fr.linkedin.com\/in\/pascal-oberson-b17045113"],"url":"https:\/\/newsestlyonnais.fr\/site\/author\/nel\/"}]}},"_links":{"self":[{"href":"https:\/\/newsestlyonnais.fr\/site\/wp-json\/wp\/v2\/posts\/180261","targetHints":{"allow":["GET"]}}],"collection":[{"href":"https:\/\/newsestlyonnais.fr\/site\/wp-json\/wp\/v2\/posts"}],"about":[{"href":"https:\/\/newsestlyonnais.fr\/site\/wp-json\/wp\/v2\/types\/post"}],"author":[{"embeddable":true,"href":"https:\/\/newsestlyonnais.fr\/site\/wp-json\/wp\/v2\/users\/4"}],"replies":[{"embeddable":true,"href":"https:\/\/newsestlyonnais.fr\/site\/wp-json\/wp\/v2\/comments?post=180261"}],"version-history":[{"count":0,"href":"https:\/\/newsestlyonnais.fr\/site\/wp-json\/wp\/v2\/posts\/180261\/revisions"}],"wp:featuredmedia":[{"embeddable":true,"href":"https:\/\/newsestlyonnais.fr\/site\/wp-json\/wp\/v2\/media\/179828"}],"wp:attachment":[{"href":"https:\/\/newsestlyonnais.fr\/site\/wp-json\/wp\/v2\/media?parent=180261"}],"wp:term":[{"taxonomy":"category","embeddable":true,"href":"https:\/\/newsestlyonnais.fr\/site\/wp-json\/wp\/v2\/categories?post=180261"},{"taxonomy":"post_tag","embeddable":true,"href":"https:\/\/newsestlyonnais.fr\/site\/wp-json\/wp\/v2\/tags?post=180261"}],"curies":[{"name":"wp","href":"https:\/\/api.w.org\/{rel}","templated":true}]}}