{"id":181156,"date":"2023-05-09T05:13:18","date_gmt":"2023-05-09T04:13:18","guid":{"rendered":"https:\/\/newsestlyonnais.fr\/site\/?p=181156"},"modified":"2023-05-09T05:15:31","modified_gmt":"2023-05-09T04:15:31","slug":"gregory-wamytan-mentourer-de-partenaires-pour-maccompagner-dans-mon-ascension-comme-sportif-de-haut-niveau","status":"publish","type":"post","link":"https:\/\/newsestlyonnais.fr\/site\/2023\/05\/09\/gregory-wamytan-mentourer-de-partenaires-pour-maccompagner-dans-mon-ascension-comme-sportif-de-haut-niveau\/","title":{"rendered":"Gr\u00e9gory Wamytan \u00ab M\u2019entourer de partenaires pour m\u2019accompagner dans mon ascension comme sportif de haut niveau \u00bb"},"content":{"rendered":"<p><strong><span style=\"background-color: #000000; color: #ffffff;\">Petite pr\u00e9sentation<\/span><\/strong><\/p>\n<p>\u00ab 36 ans, <strong>combattant professionnel en MMA, Jiu-jitsu Br\u00e9silien et en Grappling, <\/strong>je suis de Genas \u00bb.<\/p>\n<hr \/>\n<p><strong><span style=\"background-color: #000000; color: #ffffff;\">Votre parcours sportif depuis l\u2019enfance ?<\/span><\/strong><\/p>\n<p><img loading=\"lazy\" decoding=\"async\" class=\"alignleft size-medium wp-image-181179\" src=\"https:\/\/newsestlyonnais.fr\/site\/wp-content\/uploads\/2023\/05\/Screenshot_20230417_165140_Gallery-400x590.jpg\" alt=\"\" width=\"203\" height=\"300\" srcset=\"https:\/\/newsestlyonnais.fr\/site\/wp-content\/uploads\/2023\/05\/Screenshot_20230417_165140_Gallery-400x590.jpg 400w, https:\/\/newsestlyonnais.fr\/site\/wp-content\/uploads\/2023\/05\/Screenshot_20230417_165140_Gallery-650x959.jpg 650w, https:\/\/newsestlyonnais.fr\/site\/wp-content\/uploads\/2023\/05\/Screenshot_20230417_165140_Gallery-250x369.jpg 250w, https:\/\/newsestlyonnais.fr\/site\/wp-content\/uploads\/2023\/05\/Screenshot_20230417_165140_Gallery-768x1134.jpg 768w, https:\/\/newsestlyonnais.fr\/site\/wp-content\/uploads\/2023\/05\/Screenshot_20230417_165140_Gallery-150x221.jpg 150w, https:\/\/newsestlyonnais.fr\/site\/wp-content\/uploads\/2023\/05\/Screenshot_20230417_165140_Gallery-50x74.jpg 50w, https:\/\/newsestlyonnais.fr\/site\/wp-content\/uploads\/2023\/05\/Screenshot_20230417_165140_Gallery-100x148.jpg 100w, https:\/\/newsestlyonnais.fr\/site\/wp-content\/uploads\/2023\/05\/Screenshot_20230417_165140_Gallery-200x295.jpg 200w, https:\/\/newsestlyonnais.fr\/site\/wp-content\/uploads\/2023\/05\/Screenshot_20230417_165140_Gallery-300x443.jpg 300w, https:\/\/newsestlyonnais.fr\/site\/wp-content\/uploads\/2023\/05\/Screenshot_20230417_165140_Gallery-350x517.jpg 350w, https:\/\/newsestlyonnais.fr\/site\/wp-content\/uploads\/2023\/05\/Screenshot_20230417_165140_Gallery-450x664.jpg 450w, https:\/\/newsestlyonnais.fr\/site\/wp-content\/uploads\/2023\/05\/Screenshot_20230417_165140_Gallery-500x738.jpg 500w, https:\/\/newsestlyonnais.fr\/site\/wp-content\/uploads\/2023\/05\/Screenshot_20230417_165140_Gallery-550x812.jpg 550w, https:\/\/newsestlyonnais.fr\/site\/wp-content\/uploads\/2023\/05\/Screenshot_20230417_165140_Gallery-800x1181.jpg 800w, https:\/\/newsestlyonnais.fr\/site\/wp-content\/uploads\/2023\/05\/Screenshot_20230417_165140_Gallery.jpg 813w\" sizes=\"auto, (max-width: 203px) 100vw, 203px\" \/>\u00ab <strong>D\u00e8s mes 2 ans et jusqu\u2019\u00e0 l\u2019adolescence, j\u2019ai pratiqu\u00e9 plusieurs sports<\/strong> en commen\u00e7ant par le <strong>baby basket et le baby gym<\/strong>. Mais plus s\u00e9rieusement je suis entr\u00e9 en sport \u00e9tude \u00e0 l\u2019\u00e2ge de 11 ans (<strong>option full contact et handball).<\/strong><\/p>\n<p>\u00c0 l\u2019\u00e2ge de 16 ans, j\u2019ai pratiqu\u00e9 le <strong>foot<\/strong> avec le club de Genas jusqu\u2019\u00e0 mes d\u00e9buts dans le <strong>jiu-jitsu et le grappling<\/strong> \u00e0 l\u2019\u00e2ge de 18 ans.<\/p>\n<p><strong>Depuis maintenant 18 ans je pratique avec assiduit\u00e9 les divers sports de combats, pancrace, boxe tha\u00ef, MMA et bien s\u00fbr toujours le Jiujitsu et le Grappling \u00bb.<\/strong><\/p>\n<hr \/>\n<p><span style=\"background-color: #000000; color: #ffffff;\"><strong>Depuis quand pratiquez-vous le M.M.A. ?<\/strong><\/span><\/p>\n<p>\u00ab <strong>J\u2019ai vraiment commenc\u00e9 \u00e0 pratiquer le MMA \u00e0 l\u2019\u00e2ge de 25 ans<\/strong>.<\/p>\n<p>Ma carri\u00e8re pro en MMA a r\u00e9ellement d\u00e9but\u00e9e avec mon entr\u00e9e \u00e0 AR\u00c8S avant \u00e7a, je n\u2019avais combattu qu\u2019en amateur \u00bb.<\/p>\n<p><strong><span style=\"background-color: #000000; color: #ffffff;\">Votre palmar\u00e8s et vos points forts dans cette discipline ?<\/span><\/strong><\/p>\n<p>\u00ab <strong>Mon palmar\u00e8s est plus grand en Jiujitsu et grappling avec une victoire en championnat d\u2019Europe et plusieurs victoires en championnats de France.<\/strong><\/p>\n<p>Mais \u00e9galement <strong>de nombreux podiums lors des multiples comp\u00e9titions<\/strong> auxquelles j\u2019ai particip\u00e9. Je n\u2019ai pas le listing exact de mes victoires mais j\u2019en compte beaucoup \u00bb.<\/p>\n<hr \/>\n<p><span style=\"background-color: #000000; color: #ffffff;\"><strong>Vos projets et ambitions pour 2023 ?<\/strong><\/span><\/p>\n<p>\u00ab <strong>Je veux faire mes preuves \u00e0 AR\u00c8S et combattre pour la ceinture<\/strong>. Cela pourrait m\u2019ouvrir les portes pour continuer ma carri\u00e8re et <strong>pourquoi pas int\u00e9grer une organisation internationale.<\/strong><\/p>\n<p>Je continue de performer dans les comp\u00e9titions nationales et internationales en jiu-jitsu et grappling. Je viens de remporter encore deux titres le week-end dernier, lors des championnats de France No-gi.<\/p>\n<p><strong>Je me forme en parall\u00e8le pour devenir coach sportif surtout dans les sports de combats.<\/strong><\/p>\n<p>J\u2019aimerais \u00e9galement m\u2019entourer de partenaires qui pourront m\u2019accompagner dans mon ascension en tant que sportif de haut niveau. Ma carri\u00e8re en MMA a r\u00e9ellement pris un tournant avec mon entr\u00e9e \u00e0 AR\u00c8S \u00bb.<\/p>\n<hr \/>\n<p><strong><span style=\"background-color: #000000; color: #ffffff;\">Dans votre agenda sportif d\u2019ici la fin de l\u2019ann\u00e9e ?<\/span><\/strong><\/p>\n<p>\u00ab <strong>J\u2019ai encore au moins 3 combats avec l\u2019organisation AR\u00c8S et en Septembre les championnats du monde de Jiujitsu<\/strong> aux Etats-Unis. Il reste des cr\u00e9neaux que j\u2019esp\u00e8re exploiter \u00e0 bon escient \u00bb.<\/p>\n<hr \/>\n<div id='gallery-1' class='gallery galleryid-181156 gallery-columns-3 gallery-size-large'><figure class='gallery-item'>\n\t\t\t<div class='gallery-icon portrait'>\n\t\t\t\t<a href='https:\/\/newsestlyonnais.fr\/site\/2023\/05\/09\/gregory-wamytan-mentourer-de-partenaires-pour-maccompagner-dans-mon-ascension-comme-sportif-de-haut-niveau\/screenshot_20230406_163044_instagram\/'><img loading=\"lazy\" decoding=\"async\" width=\"640\" height=\"711\" src=\"https:\/\/newsestlyonnais.fr\/site\/wp-content\/uploads\/2023\/05\/Screenshot_20230406_163044_Instagram-650x722.jpg\" class=\"attachment-large size-large\" alt=\"\" srcset=\"https:\/\/newsestlyonnais.fr\/site\/wp-content\/uploads\/2023\/05\/Screenshot_20230406_163044_Instagram-650x722.jpg 650w, https:\/\/newsestlyonnais.fr\/site\/wp-content\/uploads\/2023\/05\/Screenshot_20230406_163044_Instagram-400x445.jpg 400w, https:\/\/newsestlyonnais.fr\/site\/wp-content\/uploads\/2023\/05\/Screenshot_20230406_163044_Instagram-250x278.jpg 250w, https:\/\/newsestlyonnais.fr\/site\/wp-content\/uploads\/2023\/05\/Screenshot_20230406_163044_Instagram-768x853.jpg 768w, https:\/\/newsestlyonnais.fr\/site\/wp-content\/uploads\/2023\/05\/Screenshot_20230406_163044_Instagram-150x167.jpg 150w, https:\/\/newsestlyonnais.fr\/site\/wp-content\/uploads\/2023\/05\/Screenshot_20230406_163044_Instagram-50x56.jpg 50w, https:\/\/newsestlyonnais.fr\/site\/wp-content\/uploads\/2023\/05\/Screenshot_20230406_163044_Instagram-100x111.jpg 100w, https:\/\/newsestlyonnais.fr\/site\/wp-content\/uploads\/2023\/05\/Screenshot_20230406_163044_Instagram-200x222.jpg 200w, https:\/\/newsestlyonnais.fr\/site\/wp-content\/uploads\/2023\/05\/Screenshot_20230406_163044_Instagram-300x333.jpg 300w, https:\/\/newsestlyonnais.fr\/site\/wp-content\/uploads\/2023\/05\/Screenshot_20230406_163044_Instagram-350x389.jpg 350w, https:\/\/newsestlyonnais.fr\/site\/wp-content\/uploads\/2023\/05\/Screenshot_20230406_163044_Instagram-450x500.jpg 450w, https:\/\/newsestlyonnais.fr\/site\/wp-content\/uploads\/2023\/05\/Screenshot_20230406_163044_Instagram-500x556.jpg 500w, https:\/\/newsestlyonnais.fr\/site\/wp-content\/uploads\/2023\/05\/Screenshot_20230406_163044_Instagram-550x611.jpg 550w, https:\/\/newsestlyonnais.fr\/site\/wp-content\/uploads\/2023\/05\/Screenshot_20230406_163044_Instagram-800x889.jpg 800w, https:\/\/newsestlyonnais.fr\/site\/wp-content\/uploads\/2023\/05\/Screenshot_20230406_163044_Instagram.jpg 1078w\" sizes=\"auto, (max-width: 640px) 100vw, 640px\" \/><\/a>\n\t\t\t<\/div><\/figure><figure class='gallery-item'>\n\t\t\t<div class='gallery-icon landscape'>\n\t\t\t\t<a href='https:\/\/newsestlyonnais.fr\/site\/2023\/05\/09\/gregory-wamytan-mentourer-de-partenaires-pour-maccompagner-dans-mon-ascension-comme-sportif-de-haut-niveau\/screenshot_20230417_165200_gallery\/'><img loading=\"lazy\" decoding=\"async\" width=\"640\" height=\"424\" src=\"https:\/\/newsestlyonnais.fr\/site\/wp-content\/uploads\/2023\/05\/Screenshot_20230417_165200_Gallery-650x431.jpg\" class=\"attachment-large size-large\" alt=\"\" srcset=\"https:\/\/newsestlyonnais.fr\/site\/wp-content\/uploads\/2023\/05\/Screenshot_20230417_165200_Gallery-650x431.jpg 650w, https:\/\/newsestlyonnais.fr\/site\/wp-content\/uploads\/2023\/05\/Screenshot_20230417_165200_Gallery-400x265.jpg 400w, https:\/\/newsestlyonnais.fr\/site\/wp-content\/uploads\/2023\/05\/Screenshot_20230417_165200_Gallery-250x166.jpg 250w, https:\/\/newsestlyonnais.fr\/site\/wp-content\/uploads\/2023\/05\/Screenshot_20230417_165200_Gallery-768x509.jpg 768w, https:\/\/newsestlyonnais.fr\/site\/wp-content\/uploads\/2023\/05\/Screenshot_20230417_165200_Gallery-150x99.jpg 150w, https:\/\/newsestlyonnais.fr\/site\/wp-content\/uploads\/2023\/05\/Screenshot_20230417_165200_Gallery-50x33.jpg 50w, https:\/\/newsestlyonnais.fr\/site\/wp-content\/uploads\/2023\/05\/Screenshot_20230417_165200_Gallery-100x66.jpg 100w, https:\/\/newsestlyonnais.fr\/site\/wp-content\/uploads\/2023\/05\/Screenshot_20230417_165200_Gallery-200x133.jpg 200w, https:\/\/newsestlyonnais.fr\/site\/wp-content\/uploads\/2023\/05\/Screenshot_20230417_165200_Gallery-300x199.jpg 300w, https:\/\/newsestlyonnais.fr\/site\/wp-content\/uploads\/2023\/05\/Screenshot_20230417_165200_Gallery-350x232.jpg 350w, https:\/\/newsestlyonnais.fr\/site\/wp-content\/uploads\/2023\/05\/Screenshot_20230417_165200_Gallery-450x298.jpg 450w, https:\/\/newsestlyonnais.fr\/site\/wp-content\/uploads\/2023\/05\/Screenshot_20230417_165200_Gallery-500x331.jpg 500w, https:\/\/newsestlyonnais.fr\/site\/wp-content\/uploads\/2023\/05\/Screenshot_20230417_165200_Gallery-550x365.jpg 550w, https:\/\/newsestlyonnais.fr\/site\/wp-content\/uploads\/2023\/05\/Screenshot_20230417_165200_Gallery-800x530.jpg 800w, https:\/\/newsestlyonnais.fr\/site\/wp-content\/uploads\/2023\/05\/Screenshot_20230417_165200_Gallery.jpg 1080w\" sizes=\"auto, (max-width: 640px) 100vw, 640px\" \/><\/a>\n\t\t\t<\/div><\/figure><figure class='gallery-item'>\n\t\t\t<div class='gallery-icon landscape'>\n\t\t\t\t<a href='https:\/\/newsestlyonnais.fr\/site\/2023\/05\/09\/gregory-wamytan-mentourer-de-partenaires-pour-maccompagner-dans-mon-ascension-comme-sportif-de-haut-niveau\/img-20230405-wa00101\/'><img loading=\"lazy\" decoding=\"async\" width=\"640\" height=\"480\" src=\"https:\/\/newsestlyonnais.fr\/site\/wp-content\/uploads\/2023\/05\/IMG-20230405-WA00101-650x488.jpg\" class=\"attachment-large size-large\" alt=\"\" srcset=\"https:\/\/newsestlyonnais.fr\/site\/wp-content\/uploads\/2023\/05\/IMG-20230405-WA00101-650x488.jpg 650w, https:\/\/newsestlyonnais.fr\/site\/wp-content\/uploads\/2023\/05\/IMG-20230405-WA00101-400x300.jpg 400w, https:\/\/newsestlyonnais.fr\/site\/wp-content\/uploads\/2023\/05\/IMG-20230405-WA00101-250x188.jpg 250w, https:\/\/newsestlyonnais.fr\/site\/wp-content\/uploads\/2023\/05\/IMG-20230405-WA00101-768x576.jpg 768w, https:\/\/newsestlyonnais.fr\/site\/wp-content\/uploads\/2023\/05\/IMG-20230405-WA00101-150x113.jpg 150w, https:\/\/newsestlyonnais.fr\/site\/wp-content\/uploads\/2023\/05\/IMG-20230405-WA00101-50x38.jpg 50w, https:\/\/newsestlyonnais.fr\/site\/wp-content\/uploads\/2023\/05\/IMG-20230405-WA00101-100x75.jpg 100w, https:\/\/newsestlyonnais.fr\/site\/wp-content\/uploads\/2023\/05\/IMG-20230405-WA00101-200x150.jpg 200w, https:\/\/newsestlyonnais.fr\/site\/wp-content\/uploads\/2023\/05\/IMG-20230405-WA00101-300x225.jpg 300w, https:\/\/newsestlyonnais.fr\/site\/wp-content\/uploads\/2023\/05\/IMG-20230405-WA00101-350x263.jpg 350w, https:\/\/newsestlyonnais.fr\/site\/wp-content\/uploads\/2023\/05\/IMG-20230405-WA00101-450x338.jpg 450w, https:\/\/newsestlyonnais.fr\/site\/wp-content\/uploads\/2023\/05\/IMG-20230405-WA00101-500x375.jpg 500w, https:\/\/newsestlyonnais.fr\/site\/wp-content\/uploads\/2023\/05\/IMG-20230405-WA00101-550x413.jpg 550w, https:\/\/newsestlyonnais.fr\/site\/wp-content\/uploads\/2023\/05\/IMG-20230405-WA00101-800x600.jpg 800w, https:\/\/newsestlyonnais.fr\/site\/wp-content\/uploads\/2023\/05\/IMG-20230405-WA00101.jpg 1024w\" sizes=\"auto, (max-width: 640px) 100vw, 640px\" \/><\/a>\n\t\t\t<\/div><\/figure>\n\t\t<\/div>\n\n","protected":false},"excerpt":{"rendered":"<p>Le genassien, pratiquant pro de sports de combats, pr\u00e9sente un excellent palmar\u00e8s qui lui permet de poursuivre sa carri\u00e8re et esp\u00e9rer int\u00e9grer une organisation internationale.<\/p>\n","protected":false},"author":4,"featured_media":181196,"comment_status":"open","ping_status":"open","sticky":false,"template":"","format":"standard","meta":{"footnotes":""},"categories":[3895,270,166,1598,4286,137],"tags":[4745,2005,4743,4741,4744,4742],"class_list":["post-181156","post","type-post","status-publish","format-standard","has-post-thumbnail","hentry","category-boxe","category-cte-de-communes-c-c-e-l","category-divers-sports","category-genas","category-interview-a-la-une","category-interviews","tag-combats","tag-genas","tag-grappling","tag-gregory-wamytan","tag-jiu-jitsu-bresilien","tag-mma"],"yoast_head":"<!-- This site is optimized with the Yoast SEO plugin v27.2 - https:\/\/yoast.com\/product\/yoast-seo-wordpress\/ -->\n<title>Gr\u00e9gory Wamytan \u00ab M\u2019entourer de partenaires pour m\u2019accompagner dans mon ascension comme sportif de haut niveau \u00bb - News Est Lyonnais<\/title>\n<meta name=\"description\" content=\"Gr\u00e9gory Wamytan \u00ab M\u2019entourer de partenaires pour m\u2019accompagner dans mon ascension comme sportif de haut niveau \u00bb\" \/>\n<meta name=\"robots\" content=\"index, follow, max-snippet:-1, max-image-preview:large, max-video-preview:-1\" \/>\n<link rel=\"canonical\" href=\"https:\/\/newsestlyonnais.fr\/site\/2023\/05\/09\/gregory-wamytan-mentourer-de-partenaires-pour-maccompagner-dans-mon-ascension-comme-sportif-de-haut-niveau\/\" \/>\n<meta property=\"og:locale\" content=\"fr_FR\" \/>\n<meta property=\"og:type\" content=\"article\" \/>\n<meta property=\"og:title\" content=\"Gr\u00e9gory Wamytan \u00ab M\u2019entourer de partenaires pour m\u2019accompagner dans mon ascension comme sportif de haut niveau \u00bb - News Est Lyonnais\" \/>\n<meta property=\"og:description\" content=\"Gr\u00e9gory Wamytan \u00ab M\u2019entourer de partenaires pour m\u2019accompagner dans mon ascension comme sportif de haut niveau \u00bb\" \/>\n<meta property=\"og:url\" content=\"https:\/\/newsestlyonnais.fr\/site\/2023\/05\/09\/gregory-wamytan-mentourer-de-partenaires-pour-maccompagner-dans-mon-ascension-comme-sportif-de-haut-niveau\/\" \/>\n<meta property=\"og:site_name\" content=\"News Est Lyonnais\" \/>\n<meta property=\"article:author\" content=\"https:\/\/www.facebook.com\/pascal.oberson.1?fref=ts\" \/>\n<meta property=\"article:published_time\" content=\"2023-05-09T04:13:18+00:00\" \/>\n<meta property=\"article:modified_time\" content=\"2023-05-09T04:15:31+00:00\" \/>\n<meta property=\"og:image\" content=\"https:\/\/newsestlyonnais.fr\/site\/wp-content\/uploads\/2023\/05\/Screenshot_20230408_172256_Instagram.jpg\" \/>\n\t<meta property=\"og:image:width\" content=\"941\" \/>\n\t<meta property=\"og:image:height\" content=\"740\" \/>\n\t<meta property=\"og:image:type\" content=\"image\/jpeg\" \/>\n<meta name=\"author\" content=\"R\u00e9dac. NEWS\" \/>\n<meta name=\"twitter:card\" content=\"summary_large_image\" \/>\n<meta name=\"twitter:label1\" content=\"\u00c9crit par\" \/>\n\t<meta name=\"twitter:data1\" content=\"R\u00e9dac. NEWS\" \/>\n\t<meta name=\"twitter:label2\" content=\"Dur\u00e9e de lecture estim\u00e9e\" \/>\n\t<meta name=\"twitter:data2\" content=\"3 minutes\" \/>\n<script type=\"application\/ld+json\" class=\"yoast-schema-graph\">{\"@context\":\"https:\/\/schema.org\",\"@graph\":[{\"@type\":\"Article\",\"@id\":\"https:\/\/newsestlyonnais.fr\/site\/2023\/05\/09\/gregory-wamytan-mentourer-de-partenaires-pour-maccompagner-dans-mon-ascension-comme-sportif-de-haut-niveau\/#article\",\"isPartOf\":{\"@id\":\"https:\/\/newsestlyonnais.fr\/site\/2023\/05\/09\/gregory-wamytan-mentourer-de-partenaires-pour-maccompagner-dans-mon-ascension-comme-sportif-de-haut-niveau\/\"},\"author\":{\"name\":\"R\u00e9dac. NEWS\",\"@id\":\"https:\/\/newsestlyonnais.fr\/site\/#\/schema\/person\/3230d5615f390bb808365d673001e887\"},\"headline\":\"Gr\u00e9gory Wamytan \u00ab M\u2019entourer de partenaires pour m\u2019accompagner dans mon ascension comme sportif de haut niveau \u00bb\",\"datePublished\":\"2023-05-09T04:13:18+00:00\",\"dateModified\":\"2023-05-09T04:15:31+00:00\",\"mainEntityOfPage\":{\"@id\":\"https:\/\/newsestlyonnais.fr\/site\/2023\/05\/09\/gregory-wamytan-mentourer-de-partenaires-pour-maccompagner-dans-mon-ascension-comme-sportif-de-haut-niveau\/\"},\"wordCount\":420,\"commentCount\":0,\"publisher\":{\"@id\":\"https:\/\/newsestlyonnais.fr\/site\/#organization\"},\"image\":{\"@id\":\"https:\/\/newsestlyonnais.fr\/site\/2023\/05\/09\/gregory-wamytan-mentourer-de-partenaires-pour-maccompagner-dans-mon-ascension-comme-sportif-de-haut-niveau\/#primaryimage\"},\"thumbnailUrl\":\"https:\/\/newsestlyonnais.fr\/site\/wp-content\/uploads\/2023\/05\/Screenshot_20230408_172256_Instagram.jpg\",\"keywords\":[\"combats\",\"GENAS\",\"Grappling\",\"Gr\u00e9gory Wamytan\",\"Jiu-jitsu Br\u00e9silien\",\"MMA\"],\"articleSection\":[\"Boxe\",\"CCEL | Communes\",\"Divers Sports\",\"Genas\",\"Interview \u00e0 la une\",\"Interviews\"],\"inLanguage\":\"fr-FR\",\"potentialAction\":[{\"@type\":\"CommentAction\",\"name\":\"Comment\",\"target\":[\"https:\/\/newsestlyonnais.fr\/site\/2023\/05\/09\/gregory-wamytan-mentourer-de-partenaires-pour-maccompagner-dans-mon-ascension-comme-sportif-de-haut-niveau\/#respond\"]}]},{\"@type\":\"WebPage\",\"@id\":\"https:\/\/newsestlyonnais.fr\/site\/2023\/05\/09\/gregory-wamytan-mentourer-de-partenaires-pour-maccompagner-dans-mon-ascension-comme-sportif-de-haut-niveau\/\",\"url\":\"https:\/\/newsestlyonnais.fr\/site\/2023\/05\/09\/gregory-wamytan-mentourer-de-partenaires-pour-maccompagner-dans-mon-ascension-comme-sportif-de-haut-niveau\/\",\"name\":\"Gr\u00e9gory Wamytan \u00ab M\u2019entourer de partenaires pour m\u2019accompagner dans mon ascension comme sportif de haut niveau \u00bb - News Est Lyonnais\",\"isPartOf\":{\"@id\":\"https:\/\/newsestlyonnais.fr\/site\/#website\"},\"primaryImageOfPage\":{\"@id\":\"https:\/\/newsestlyonnais.fr\/site\/2023\/05\/09\/gregory-wamytan-mentourer-de-partenaires-pour-maccompagner-dans-mon-ascension-comme-sportif-de-haut-niveau\/#primaryimage\"},\"image\":{\"@id\":\"https:\/\/newsestlyonnais.fr\/site\/2023\/05\/09\/gregory-wamytan-mentourer-de-partenaires-pour-maccompagner-dans-mon-ascension-comme-sportif-de-haut-niveau\/#primaryimage\"},\"thumbnailUrl\":\"https:\/\/newsestlyonnais.fr\/site\/wp-content\/uploads\/2023\/05\/Screenshot_20230408_172256_Instagram.jpg\",\"datePublished\":\"2023-05-09T04:13:18+00:00\",\"dateModified\":\"2023-05-09T04:15:31+00:00\",\"description\":\"Gr\u00e9gory Wamytan \u00ab M\u2019entourer de partenaires pour m\u2019accompagner dans mon ascension comme sportif de haut niveau \u00bb\",\"breadcrumb\":{\"@id\":\"https:\/\/newsestlyonnais.fr\/site\/2023\/05\/09\/gregory-wamytan-mentourer-de-partenaires-pour-maccompagner-dans-mon-ascension-comme-sportif-de-haut-niveau\/#breadcrumb\"},\"inLanguage\":\"fr-FR\",\"potentialAction\":[{\"@type\":\"ReadAction\",\"target\":[\"https:\/\/newsestlyonnais.fr\/site\/2023\/05\/09\/gregory-wamytan-mentourer-de-partenaires-pour-maccompagner-dans-mon-ascension-comme-sportif-de-haut-niveau\/\"]}]},{\"@type\":\"ImageObject\",\"inLanguage\":\"fr-FR\",\"@id\":\"https:\/\/newsestlyonnais.fr\/site\/2023\/05\/09\/gregory-wamytan-mentourer-de-partenaires-pour-maccompagner-dans-mon-ascension-comme-sportif-de-haut-niveau\/#primaryimage\",\"url\":\"https:\/\/newsestlyonnais.fr\/site\/wp-content\/uploads\/2023\/05\/Screenshot_20230408_172256_Instagram.jpg\",\"contentUrl\":\"https:\/\/newsestlyonnais.fr\/site\/wp-content\/uploads\/2023\/05\/Screenshot_20230408_172256_Instagram.jpg\",\"width\":941,\"height\":740},{\"@type\":\"BreadcrumbList\",\"@id\":\"https:\/\/newsestlyonnais.fr\/site\/2023\/05\/09\/gregory-wamytan-mentourer-de-partenaires-pour-maccompagner-dans-mon-ascension-comme-sportif-de-haut-niveau\/#breadcrumb\",\"itemListElement\":[{\"@type\":\"ListItem\",\"position\":1,\"name\":\"Accueil\",\"item\":\"https:\/\/newsestlyonnais.fr\/site\/\"},{\"@type\":\"ListItem\",\"position\":2,\"name\":\"Gr\u00e9gory Wamytan \u00ab M\u2019entourer de partenaires pour m\u2019accompagner dans mon ascension comme sportif de haut niveau \u00bb\"}]},{\"@type\":\"WebSite\",\"@id\":\"https:\/\/newsestlyonnais.fr\/site\/#website\",\"url\":\"https:\/\/newsestlyonnais.fr\/site\/\",\"name\":\"News Est Lyonnais\",\"description\":\"L&#039;actualit\u00e9 au plus pr\u00e8s\",\"publisher\":{\"@id\":\"https:\/\/newsestlyonnais.fr\/site\/#organization\"},\"potentialAction\":[{\"@type\":\"SearchAction\",\"target\":{\"@type\":\"EntryPoint\",\"urlTemplate\":\"https:\/\/newsestlyonnais.fr\/site\/?s={search_term_string}\"},\"query-input\":{\"@type\":\"PropertyValueSpecification\",\"valueRequired\":true,\"valueName\":\"search_term_string\"}}],\"inLanguage\":\"fr-FR\"},{\"@type\":\"Organization\",\"@id\":\"https:\/\/newsestlyonnais.fr\/site\/#organization\",\"name\":\"News EST LYONNAIS\",\"url\":\"https:\/\/newsestlyonnais.fr\/site\/\",\"logo\":{\"@type\":\"ImageObject\",\"inLanguage\":\"fr-FR\",\"@id\":\"https:\/\/newsestlyonnais.fr\/site\/#\/schema\/logo\/image\/\",\"url\":\"\",\"contentUrl\":\"\",\"caption\":\"News EST LYONNAIS\"},\"image\":{\"@id\":\"https:\/\/newsestlyonnais.fr\/site\/#\/schema\/logo\/image\/\"}},{\"@type\":\"Person\",\"@id\":\"https:\/\/newsestlyonnais.fr\/site\/#\/schema\/person\/3230d5615f390bb808365d673001e887\",\"name\":\"R\u00e9dac. NEWS\",\"sameAs\":[\"http:\/\/www.newsestlyonnais.fr\",\"https:\/\/www.facebook.com\/pascal.oberson.1?fref=ts\",\"https:\/\/fr.linkedin.com\/in\/pascal-oberson-b17045113\"],\"url\":\"https:\/\/newsestlyonnais.fr\/site\/author\/nel\/\"}]}<\/script>\n<!-- \/ Yoast SEO plugin. -->","yoast_head_json":{"title":"Gr\u00e9gory Wamytan \u00ab M\u2019entourer de partenaires pour m\u2019accompagner dans mon ascension comme sportif de haut niveau \u00bb - News Est Lyonnais","description":"Gr\u00e9gory Wamytan \u00ab M\u2019entourer de partenaires pour m\u2019accompagner dans mon ascension comme sportif de haut niveau \u00bb","robots":{"index":"index","follow":"follow","max-snippet":"max-snippet:-1","max-image-preview":"max-image-preview:large","max-video-preview":"max-video-preview:-1"},"canonical":"https:\/\/newsestlyonnais.fr\/site\/2023\/05\/09\/gregory-wamytan-mentourer-de-partenaires-pour-maccompagner-dans-mon-ascension-comme-sportif-de-haut-niveau\/","og_locale":"fr_FR","og_type":"article","og_title":"Gr\u00e9gory Wamytan \u00ab M\u2019entourer de partenaires pour m\u2019accompagner dans mon ascension comme sportif de haut niveau \u00bb - News Est Lyonnais","og_description":"Gr\u00e9gory Wamytan \u00ab M\u2019entourer de partenaires pour m\u2019accompagner dans mon ascension comme sportif de haut niveau \u00bb","og_url":"https:\/\/newsestlyonnais.fr\/site\/2023\/05\/09\/gregory-wamytan-mentourer-de-partenaires-pour-maccompagner-dans-mon-ascension-comme-sportif-de-haut-niveau\/","og_site_name":"News Est Lyonnais","article_author":"https:\/\/www.facebook.com\/pascal.oberson.1?fref=ts","article_published_time":"2023-05-09T04:13:18+00:00","article_modified_time":"2023-05-09T04:15:31+00:00","og_image":[{"width":941,"height":740,"url":"https:\/\/newsestlyonnais.fr\/site\/wp-content\/uploads\/2023\/05\/Screenshot_20230408_172256_Instagram.jpg","type":"image\/jpeg"}],"author":"R\u00e9dac. NEWS","twitter_card":"summary_large_image","twitter_misc":{"\u00c9crit par":"R\u00e9dac. NEWS","Dur\u00e9e de lecture estim\u00e9e":"3 minutes"},"schema":{"@context":"https:\/\/schema.org","@graph":[{"@type":"Article","@id":"https:\/\/newsestlyonnais.fr\/site\/2023\/05\/09\/gregory-wamytan-mentourer-de-partenaires-pour-maccompagner-dans-mon-ascension-comme-sportif-de-haut-niveau\/#article","isPartOf":{"@id":"https:\/\/newsestlyonnais.fr\/site\/2023\/05\/09\/gregory-wamytan-mentourer-de-partenaires-pour-maccompagner-dans-mon-ascension-comme-sportif-de-haut-niveau\/"},"author":{"name":"R\u00e9dac. NEWS","@id":"https:\/\/newsestlyonnais.fr\/site\/#\/schema\/person\/3230d5615f390bb808365d673001e887"},"headline":"Gr\u00e9gory Wamytan \u00ab M\u2019entourer de partenaires pour m\u2019accompagner dans mon ascension comme sportif de haut niveau \u00bb","datePublished":"2023-05-09T04:13:18+00:00","dateModified":"2023-05-09T04:15:31+00:00","mainEntityOfPage":{"@id":"https:\/\/newsestlyonnais.fr\/site\/2023\/05\/09\/gregory-wamytan-mentourer-de-partenaires-pour-maccompagner-dans-mon-ascension-comme-sportif-de-haut-niveau\/"},"wordCount":420,"commentCount":0,"publisher":{"@id":"https:\/\/newsestlyonnais.fr\/site\/#organization"},"image":{"@id":"https:\/\/newsestlyonnais.fr\/site\/2023\/05\/09\/gregory-wamytan-mentourer-de-partenaires-pour-maccompagner-dans-mon-ascension-comme-sportif-de-haut-niveau\/#primaryimage"},"thumbnailUrl":"https:\/\/newsestlyonnais.fr\/site\/wp-content\/uploads\/2023\/05\/Screenshot_20230408_172256_Instagram.jpg","keywords":["combats","GENAS","Grappling","Gr\u00e9gory Wamytan","Jiu-jitsu Br\u00e9silien","MMA"],"articleSection":["Boxe","CCEL | Communes","Divers Sports","Genas","Interview \u00e0 la une","Interviews"],"inLanguage":"fr-FR","potentialAction":[{"@type":"CommentAction","name":"Comment","target":["https:\/\/newsestlyonnais.fr\/site\/2023\/05\/09\/gregory-wamytan-mentourer-de-partenaires-pour-maccompagner-dans-mon-ascension-comme-sportif-de-haut-niveau\/#respond"]}]},{"@type":"WebPage","@id":"https:\/\/newsestlyonnais.fr\/site\/2023\/05\/09\/gregory-wamytan-mentourer-de-partenaires-pour-maccompagner-dans-mon-ascension-comme-sportif-de-haut-niveau\/","url":"https:\/\/newsestlyonnais.fr\/site\/2023\/05\/09\/gregory-wamytan-mentourer-de-partenaires-pour-maccompagner-dans-mon-ascension-comme-sportif-de-haut-niveau\/","name":"Gr\u00e9gory Wamytan \u00ab M\u2019entourer de partenaires pour m\u2019accompagner dans mon ascension comme sportif de haut niveau \u00bb - News Est Lyonnais","isPartOf":{"@id":"https:\/\/newsestlyonnais.fr\/site\/#website"},"primaryImageOfPage":{"@id":"https:\/\/newsestlyonnais.fr\/site\/2023\/05\/09\/gregory-wamytan-mentourer-de-partenaires-pour-maccompagner-dans-mon-ascension-comme-sportif-de-haut-niveau\/#primaryimage"},"image":{"@id":"https:\/\/newsestlyonnais.fr\/site\/2023\/05\/09\/gregory-wamytan-mentourer-de-partenaires-pour-maccompagner-dans-mon-ascension-comme-sportif-de-haut-niveau\/#primaryimage"},"thumbnailUrl":"https:\/\/newsestlyonnais.fr\/site\/wp-content\/uploads\/2023\/05\/Screenshot_20230408_172256_Instagram.jpg","datePublished":"2023-05-09T04:13:18+00:00","dateModified":"2023-05-09T04:15:31+00:00","description":"Gr\u00e9gory Wamytan \u00ab M\u2019entourer de partenaires pour m\u2019accompagner dans mon ascension comme sportif de haut niveau \u00bb","breadcrumb":{"@id":"https:\/\/newsestlyonnais.fr\/site\/2023\/05\/09\/gregory-wamytan-mentourer-de-partenaires-pour-maccompagner-dans-mon-ascension-comme-sportif-de-haut-niveau\/#breadcrumb"},"inLanguage":"fr-FR","potentialAction":[{"@type":"ReadAction","target":["https:\/\/newsestlyonnais.fr\/site\/2023\/05\/09\/gregory-wamytan-mentourer-de-partenaires-pour-maccompagner-dans-mon-ascension-comme-sportif-de-haut-niveau\/"]}]},{"@type":"ImageObject","inLanguage":"fr-FR","@id":"https:\/\/newsestlyonnais.fr\/site\/2023\/05\/09\/gregory-wamytan-mentourer-de-partenaires-pour-maccompagner-dans-mon-ascension-comme-sportif-de-haut-niveau\/#primaryimage","url":"https:\/\/newsestlyonnais.fr\/site\/wp-content\/uploads\/2023\/05\/Screenshot_20230408_172256_Instagram.jpg","contentUrl":"https:\/\/newsestlyonnais.fr\/site\/wp-content\/uploads\/2023\/05\/Screenshot_20230408_172256_Instagram.jpg","width":941,"height":740},{"@type":"BreadcrumbList","@id":"https:\/\/newsestlyonnais.fr\/site\/2023\/05\/09\/gregory-wamytan-mentourer-de-partenaires-pour-maccompagner-dans-mon-ascension-comme-sportif-de-haut-niveau\/#breadcrumb","itemListElement":[{"@type":"ListItem","position":1,"name":"Accueil","item":"https:\/\/newsestlyonnais.fr\/site\/"},{"@type":"ListItem","position":2,"name":"Gr\u00e9gory Wamytan \u00ab M\u2019entourer de partenaires pour m\u2019accompagner dans mon ascension comme sportif de haut niveau \u00bb"}]},{"@type":"WebSite","@id":"https:\/\/newsestlyonnais.fr\/site\/#website","url":"https:\/\/newsestlyonnais.fr\/site\/","name":"News Est Lyonnais","description":"L&#039;actualit\u00e9 au plus pr\u00e8s","publisher":{"@id":"https:\/\/newsestlyonnais.fr\/site\/#organization"},"potentialAction":[{"@type":"SearchAction","target":{"@type":"EntryPoint","urlTemplate":"https:\/\/newsestlyonnais.fr\/site\/?s={search_term_string}"},"query-input":{"@type":"PropertyValueSpecification","valueRequired":true,"valueName":"search_term_string"}}],"inLanguage":"fr-FR"},{"@type":"Organization","@id":"https:\/\/newsestlyonnais.fr\/site\/#organization","name":"News EST LYONNAIS","url":"https:\/\/newsestlyonnais.fr\/site\/","logo":{"@type":"ImageObject","inLanguage":"fr-FR","@id":"https:\/\/newsestlyonnais.fr\/site\/#\/schema\/logo\/image\/","url":"","contentUrl":"","caption":"News EST LYONNAIS"},"image":{"@id":"https:\/\/newsestlyonnais.fr\/site\/#\/schema\/logo\/image\/"}},{"@type":"Person","@id":"https:\/\/newsestlyonnais.fr\/site\/#\/schema\/person\/3230d5615f390bb808365d673001e887","name":"R\u00e9dac. NEWS","sameAs":["http:\/\/www.newsestlyonnais.fr","https:\/\/www.facebook.com\/pascal.oberson.1?fref=ts","https:\/\/fr.linkedin.com\/in\/pascal-oberson-b17045113"],"url":"https:\/\/newsestlyonnais.fr\/site\/author\/nel\/"}]}},"_links":{"self":[{"href":"https:\/\/newsestlyonnais.fr\/site\/wp-json\/wp\/v2\/posts\/181156","targetHints":{"allow":["GET"]}}],"collection":[{"href":"https:\/\/newsestlyonnais.fr\/site\/wp-json\/wp\/v2\/posts"}],"about":[{"href":"https:\/\/newsestlyonnais.fr\/site\/wp-json\/wp\/v2\/types\/post"}],"author":[{"embeddable":true,"href":"https:\/\/newsestlyonnais.fr\/site\/wp-json\/wp\/v2\/users\/4"}],"replies":[{"embeddable":true,"href":"https:\/\/newsestlyonnais.fr\/site\/wp-json\/wp\/v2\/comments?post=181156"}],"version-history":[{"count":0,"href":"https:\/\/newsestlyonnais.fr\/site\/wp-json\/wp\/v2\/posts\/181156\/revisions"}],"wp:featuredmedia":[{"embeddable":true,"href":"https:\/\/newsestlyonnais.fr\/site\/wp-json\/wp\/v2\/media\/181196"}],"wp:attachment":[{"href":"https:\/\/newsestlyonnais.fr\/site\/wp-json\/wp\/v2\/media?parent=181156"}],"wp:term":[{"taxonomy":"category","embeddable":true,"href":"https:\/\/newsestlyonnais.fr\/site\/wp-json\/wp\/v2\/categories?post=181156"},{"taxonomy":"post_tag","embeddable":true,"href":"https:\/\/newsestlyonnais.fr\/site\/wp-json\/wp\/v2\/tags?post=181156"}],"curies":[{"name":"wp","href":"https:\/\/api.w.org\/{rel}","templated":true}]}}