{"id":181451,"date":"2023-05-13T15:23:29","date_gmt":"2023-05-13T14:23:29","guid":{"rendered":"https:\/\/newsestlyonnais.fr\/site\/?p=181451"},"modified":"2023-06-29T13:49:12","modified_gmt":"2023-06-29T12:49:12","slug":"est-lyonnais-2-edition-du-master-tour-de-tennis","status":"publish","type":"post","link":"https:\/\/newsestlyonnais.fr\/site\/2023\/05\/13\/est-lyonnais-2-edition-du-master-tour-de-tennis\/","title":{"rendered":"EST-LYONNAIS | 2\u00b0 \u00e9dition du Master Tour de tennis"},"content":{"rendered":"<p>Devant le beau succ\u00e8s populaire et sportif rencontr\u00e9, <strong>les 4 clubs organisateurs (TC Genas, Meyzieu Tennis, ASPTT Grand-Lyon Tennis et TC D\u00e9cines) ont d\u00e9cid\u00e9 de maintenir la formule initiale<\/strong> (tarifs d&rsquo;inscriptions, dotations et r\u00e8glement inchang\u00e9s).<\/p>\n<p>Des points seront cr\u00e9dit\u00e9s en fonction du nombre de matchs gagn\u00e9s et le classement g\u00e9n\u00e9ral sera mis \u00e0 jour r\u00e9guli\u00e8rement. Les 4 meilleurs de chaque tournoi (en 4\u00b0, 3\u00b0 et 2\u00b0 s\u00e9ries) disputeront le <strong>Master programm\u00e9 \u00e0 Meyzieu, le week-end des 23 et 24 septembre 2023.<\/strong><\/p>\n<hr \/>\n<p><strong><u>C\u2019est le Tennis Club de Genas, qui comme l\u2019an dernier, lancera la comp\u00e9tition le lundi 22 mai :\u00a0<\/u><\/strong><\/p>\n<p><img loading=\"lazy\" decoding=\"async\" class=\"alignleft size-thumbnail wp-image-23750\" src=\"https:\/\/newsestlyonnais.fr\/site\/wp-content\/uploads\/2017\/03\/NEWSESTLYONNAIS-MICRO-150x150.png\" alt=\"NEWSESTLYONNAIS MICRO\" width=\"150\" height=\"150\" \/>\u00a0\u00bb Et \u00e0 10 jours de l&rsquo;ouverture du tournoi, <strong>172 inscriptions ont \u00e9t\u00e9 enregistr\u00e9es<\/strong>. On devrait arriver \u00e0 200 joueurs, nombre limite que l&rsquo;on s&rsquo;est fix\u00e9, les inscriptions sont encore possibles (en 3\u00b0 et 2 s\u00e9ries), notamment chez les dames. Beaucoup de f\u00e9minines sont inscrites en 4\u00b0 s\u00e9rie, c&rsquo;est plut\u00f4t positif.<\/p>\n<p>Les rencontres de ce tournoi dont J\u00e9r\u00f4me Dodane sera notre juge-arbitre, se d\u00e9rouleront en priorit\u00e9 \u00e0 l&rsquo;ext\u00e9rieur, en semaine (\u00e0 partir de 18 h 30) et le week-end (d\u00e8s 9 h). La comp\u00e9tition durera jusqu&rsquo;au samedi 17 juin avec demi-finales en matin\u00e9e et finales l&rsquo;apr\u00e8s-midi \u00ab\u00a0<strong>d\u00e9clare Richard Bonnanfant, le pr\u00e9sident du club genassien.<\/strong><\/p>\n<hr \/>\n<p><a href=\"https:\/\/newsestlyonnais.fr\"><span style=\"color: #0000ff;\"><strong><span style=\"background-color: #000000; color: #ffcc00; font-size: 14pt;\"><span style=\"color: #000080;\"><span style=\"color: #0000ff;\">Newsestlyonnais.fr<\/span><\/span><\/span><\/strong><\/span><\/a><span style=\"background-color: #000000; color: #ffcc00; font-size: 14pt;\"><strong> partenaire du circuit publiera (chaque matin) les r\u00e9sultats des 4 tournois &amp; du Master .<\/strong><\/span><\/p>\n<p><span style=\"background-color: #000000; font-size: 14pt;\"><strong><em><span style=\"color: #ffffff;\">Inscriptions (ouvertes) paiement en ligne pour chaque tournoi &gt; <\/span><a style=\"background-color: #000000;\" href=\"https:\/\/tenup.fft.fr\"><span style=\"color: #0000ff;\"><span style=\"font-size: 12pt;\">https:\/\/tenup.fft.fr<\/span><\/span><\/a><\/em><\/strong><\/span><\/p>\n<div id='gallery-1' class='gallery galleryid-181451 gallery-columns-1 gallery-size-large'><figure class='gallery-item'>\n\t\t\t<div class='gallery-icon portrait'>\n\t\t\t\t<a href='https:\/\/newsestlyonnais.fr\/site\/2023\/05\/13\/est-lyonnais-2-edition-du-master-tour-de-tennis\/v2-affiche-master-tour-generale-2023\/'><img loading=\"lazy\" decoding=\"async\" width=\"532\" height=\"750\" src=\"https:\/\/newsestlyonnais.fr\/site\/wp-content\/uploads\/2023\/05\/V2-Affiche-master-tour-generale-2023-650x917.jpg\" class=\"attachment-large size-large\" alt=\"\" aria-describedby=\"gallery-1-181479\" srcset=\"https:\/\/newsestlyonnais.fr\/site\/wp-content\/uploads\/2023\/05\/V2-Affiche-master-tour-generale-2023-650x917.jpg 650w, https:\/\/newsestlyonnais.fr\/site\/wp-content\/uploads\/2023\/05\/V2-Affiche-master-tour-generale-2023-400x564.jpg 400w, https:\/\/newsestlyonnais.fr\/site\/wp-content\/uploads\/2023\/05\/V2-Affiche-master-tour-generale-2023-250x353.jpg 250w, https:\/\/newsestlyonnais.fr\/site\/wp-content\/uploads\/2023\/05\/V2-Affiche-master-tour-generale-2023-768x1083.jpg 768w, https:\/\/newsestlyonnais.fr\/site\/wp-content\/uploads\/2023\/05\/V2-Affiche-master-tour-generale-2023-150x212.jpg 150w, https:\/\/newsestlyonnais.fr\/site\/wp-content\/uploads\/2023\/05\/V2-Affiche-master-tour-generale-2023-50x71.jpg 50w, https:\/\/newsestlyonnais.fr\/site\/wp-content\/uploads\/2023\/05\/V2-Affiche-master-tour-generale-2023-100x141.jpg 100w, https:\/\/newsestlyonnais.fr\/site\/wp-content\/uploads\/2023\/05\/V2-Affiche-master-tour-generale-2023-200x282.jpg 200w, https:\/\/newsestlyonnais.fr\/site\/wp-content\/uploads\/2023\/05\/V2-Affiche-master-tour-generale-2023-300x423.jpg 300w, https:\/\/newsestlyonnais.fr\/site\/wp-content\/uploads\/2023\/05\/V2-Affiche-master-tour-generale-2023-350x494.jpg 350w, https:\/\/newsestlyonnais.fr\/site\/wp-content\/uploads\/2023\/05\/V2-Affiche-master-tour-generale-2023-450x635.jpg 450w, https:\/\/newsestlyonnais.fr\/site\/wp-content\/uploads\/2023\/05\/V2-Affiche-master-tour-generale-2023-500x705.jpg 500w, https:\/\/newsestlyonnais.fr\/site\/wp-content\/uploads\/2023\/05\/V2-Affiche-master-tour-generale-2023-550x776.jpg 550w, https:\/\/newsestlyonnais.fr\/site\/wp-content\/uploads\/2023\/05\/V2-Affiche-master-tour-generale-2023-800x1128.jpg 800w, https:\/\/newsestlyonnais.fr\/site\/wp-content\/uploads\/2023\/05\/V2-Affiche-master-tour-generale-2023.jpg 851w\" sizes=\"auto, (max-width: 532px) 100vw, 532px\" \/><\/a>\n\t\t\t<\/div>\n\t\t\t\t<figcaption class='wp-caption-text gallery-caption' id='gallery-1-181479'>\n\t\t\t\tMaster Tour de l&rsquo;Est Lyonnais\n\t\t\t\t<\/figcaption><\/figure>\n\t\t<\/div>\n\n<hr \/>\n<p><span style=\"background-color: #000000; color: #ffffff;\"><strong>Etapes 1 &amp; 2 : <\/strong><\/span><\/p>\n<ul>\n<li><strong><a href=\"https:\/\/www.tcgenas.fr\"><span style=\"color: #ffcc00;\"><span style=\"background-color: #000000;\">TENNIS CLUB DE GENAS<\/span><\/span><\/a>\u00a0 Open du 22 Mai au 17 Juin 2023 &gt; juge-arbitre : J\u00e9r\u00f4me Dodane<br \/>\n<\/strong><\/li>\n<li><strong><a href=\"http:\/\/www.meyzieutennis.com\"><span style=\"color: #ffcc00; background-color: #000000;\">MEYZIEU TENNIS<\/span><\/a>\u00a0 Open du 3 Juin au 2 Juillet 2023 &gt; juge-arbitre : M.I. Ponsson<br \/>\n<\/strong><\/li>\n<\/ul>\n<div id='gallery-2' class='gallery galleryid-181451 gallery-columns-2 gallery-size-large'><figure class='gallery-item'>\n\t\t\t<div class='gallery-icon portrait'>\n\t\t\t\t<a href='https:\/\/newsestlyonnais.fr\/site\/2023\/05\/13\/est-lyonnais-2-edition-du-master-tour-de-tennis\/v2-2023-affiche-genas-master-est-lyonnais-30-mars-psd_\/'><img loading=\"lazy\" decoding=\"async\" width=\"532\" height=\"750\" src=\"https:\/\/newsestlyonnais.fr\/site\/wp-content\/uploads\/2023\/05\/V2-2023-AFFICHE-GENAS-MASTER-EST-LYONNAIS-30-MARS.psd_-650x917.jpg\" class=\"attachment-large size-large\" alt=\"\" aria-describedby=\"gallery-2-181471\" srcset=\"https:\/\/newsestlyonnais.fr\/site\/wp-content\/uploads\/2023\/05\/V2-2023-AFFICHE-GENAS-MASTER-EST-LYONNAIS-30-MARS.psd_-650x917.jpg 650w, https:\/\/newsestlyonnais.fr\/site\/wp-content\/uploads\/2023\/05\/V2-2023-AFFICHE-GENAS-MASTER-EST-LYONNAIS-30-MARS.psd_-400x564.jpg 400w, https:\/\/newsestlyonnais.fr\/site\/wp-content\/uploads\/2023\/05\/V2-2023-AFFICHE-GENAS-MASTER-EST-LYONNAIS-30-MARS.psd_-250x353.jpg 250w, https:\/\/newsestlyonnais.fr\/site\/wp-content\/uploads\/2023\/05\/V2-2023-AFFICHE-GENAS-MASTER-EST-LYONNAIS-30-MARS.psd_-768x1083.jpg 768w, https:\/\/newsestlyonnais.fr\/site\/wp-content\/uploads\/2023\/05\/V2-2023-AFFICHE-GENAS-MASTER-EST-LYONNAIS-30-MARS.psd_-150x212.jpg 150w, https:\/\/newsestlyonnais.fr\/site\/wp-content\/uploads\/2023\/05\/V2-2023-AFFICHE-GENAS-MASTER-EST-LYONNAIS-30-MARS.psd_-50x71.jpg 50w, https:\/\/newsestlyonnais.fr\/site\/wp-content\/uploads\/2023\/05\/V2-2023-AFFICHE-GENAS-MASTER-EST-LYONNAIS-30-MARS.psd_-100x141.jpg 100w, https:\/\/newsestlyonnais.fr\/site\/wp-content\/uploads\/2023\/05\/V2-2023-AFFICHE-GENAS-MASTER-EST-LYONNAIS-30-MARS.psd_-200x282.jpg 200w, https:\/\/newsestlyonnais.fr\/site\/wp-content\/uploads\/2023\/05\/V2-2023-AFFICHE-GENAS-MASTER-EST-LYONNAIS-30-MARS.psd_-300x423.jpg 300w, https:\/\/newsestlyonnais.fr\/site\/wp-content\/uploads\/2023\/05\/V2-2023-AFFICHE-GENAS-MASTER-EST-LYONNAIS-30-MARS.psd_-350x494.jpg 350w, https:\/\/newsestlyonnais.fr\/site\/wp-content\/uploads\/2023\/05\/V2-2023-AFFICHE-GENAS-MASTER-EST-LYONNAIS-30-MARS.psd_-450x635.jpg 450w, https:\/\/newsestlyonnais.fr\/site\/wp-content\/uploads\/2023\/05\/V2-2023-AFFICHE-GENAS-MASTER-EST-LYONNAIS-30-MARS.psd_-500x705.jpg 500w, https:\/\/newsestlyonnais.fr\/site\/wp-content\/uploads\/2023\/05\/V2-2023-AFFICHE-GENAS-MASTER-EST-LYONNAIS-30-MARS.psd_-550x776.jpg 550w, https:\/\/newsestlyonnais.fr\/site\/wp-content\/uploads\/2023\/05\/V2-2023-AFFICHE-GENAS-MASTER-EST-LYONNAIS-30-MARS.psd_-800x1128.jpg 800w, https:\/\/newsestlyonnais.fr\/site\/wp-content\/uploads\/2023\/05\/V2-2023-AFFICHE-GENAS-MASTER-EST-LYONNAIS-30-MARS.psd_.jpg 851w\" sizes=\"auto, (max-width: 532px) 100vw, 532px\" \/><\/a>\n\t\t\t<\/div>\n\t\t\t\t<figcaption class='wp-caption-text gallery-caption' id='gallery-2-181471'>\n\t\t\t\tOpen de tennis du TC Genas \n\t\t\t\t<\/figcaption><\/figure><figure class='gallery-item'>\n\t\t\t<div class='gallery-icon portrait'>\n\t\t\t\t<a href='https:\/\/newsestlyonnais.fr\/site\/2023\/05\/13\/est-lyonnais-2-edition-du-master-tour-de-tennis\/v2-2023-affiche-meyzieu-master-est-lyonnais\/'><img loading=\"lazy\" decoding=\"async\" width=\"532\" height=\"750\" src=\"https:\/\/newsestlyonnais.fr\/site\/wp-content\/uploads\/2023\/05\/V2-2023-AFFICHE-MEYZIEU-MASTER-EST-LYONNAIS-650x917.jpg\" class=\"attachment-large size-large\" alt=\"\" srcset=\"https:\/\/newsestlyonnais.fr\/site\/wp-content\/uploads\/2023\/05\/V2-2023-AFFICHE-MEYZIEU-MASTER-EST-LYONNAIS-650x917.jpg 650w, https:\/\/newsestlyonnais.fr\/site\/wp-content\/uploads\/2023\/05\/V2-2023-AFFICHE-MEYZIEU-MASTER-EST-LYONNAIS-400x564.jpg 400w, https:\/\/newsestlyonnais.fr\/site\/wp-content\/uploads\/2023\/05\/V2-2023-AFFICHE-MEYZIEU-MASTER-EST-LYONNAIS-250x353.jpg 250w, https:\/\/newsestlyonnais.fr\/site\/wp-content\/uploads\/2023\/05\/V2-2023-AFFICHE-MEYZIEU-MASTER-EST-LYONNAIS-768x1083.jpg 768w, https:\/\/newsestlyonnais.fr\/site\/wp-content\/uploads\/2023\/05\/V2-2023-AFFICHE-MEYZIEU-MASTER-EST-LYONNAIS-150x212.jpg 150w, https:\/\/newsestlyonnais.fr\/site\/wp-content\/uploads\/2023\/05\/V2-2023-AFFICHE-MEYZIEU-MASTER-EST-LYONNAIS-50x71.jpg 50w, https:\/\/newsestlyonnais.fr\/site\/wp-content\/uploads\/2023\/05\/V2-2023-AFFICHE-MEYZIEU-MASTER-EST-LYONNAIS-100x141.jpg 100w, https:\/\/newsestlyonnais.fr\/site\/wp-content\/uploads\/2023\/05\/V2-2023-AFFICHE-MEYZIEU-MASTER-EST-LYONNAIS-200x282.jpg 200w, https:\/\/newsestlyonnais.fr\/site\/wp-content\/uploads\/2023\/05\/V2-2023-AFFICHE-MEYZIEU-MASTER-EST-LYONNAIS-300x423.jpg 300w, https:\/\/newsestlyonnais.fr\/site\/wp-content\/uploads\/2023\/05\/V2-2023-AFFICHE-MEYZIEU-MASTER-EST-LYONNAIS-350x494.jpg 350w, https:\/\/newsestlyonnais.fr\/site\/wp-content\/uploads\/2023\/05\/V2-2023-AFFICHE-MEYZIEU-MASTER-EST-LYONNAIS-450x635.jpg 450w, https:\/\/newsestlyonnais.fr\/site\/wp-content\/uploads\/2023\/05\/V2-2023-AFFICHE-MEYZIEU-MASTER-EST-LYONNAIS-500x705.jpg 500w, https:\/\/newsestlyonnais.fr\/site\/wp-content\/uploads\/2023\/05\/V2-2023-AFFICHE-MEYZIEU-MASTER-EST-LYONNAIS-550x776.jpg 550w, https:\/\/newsestlyonnais.fr\/site\/wp-content\/uploads\/2023\/05\/V2-2023-AFFICHE-MEYZIEU-MASTER-EST-LYONNAIS-800x1128.jpg 800w, https:\/\/newsestlyonnais.fr\/site\/wp-content\/uploads\/2023\/05\/V2-2023-AFFICHE-MEYZIEU-MASTER-EST-LYONNAIS.jpg 851w\" sizes=\"auto, (max-width: 532px) 100vw, 532px\" \/><\/a>\n\t\t\t<\/div><\/figure>\n\t\t<\/div>\n\n<p><span style=\"background-color: #000000; color: #ffffff;\"><strong>Etapes 3 &amp; 4 :<\/strong><\/span><\/p>\n<ul>\n<li><strong><a href=\"https:\/\/grandlyon.asptt.com\"><span style=\"background-color: #000000; color: #ffcc00;\">ASPTT GRAND LYON TENNIS<\/span><\/a>\u00a0 Open du 12 Juin au 9 Juillet 2023 &gt; juge-arbitre : Vincent Mengin<br \/>\n<\/strong><\/li>\n<li><strong><span style=\"background-color: #000000; color: #ffcc00;\"><a style=\"background-color: #000000; color: #ffcc00;\" href=\"https:\/\/www.tcdecines.com\">TENNIS CLUB DE DECINES<\/a><\/span>\u00a0 Open du 22 Juin au 16 Juillet 2023 &gt; juge-arbitre : J\u00e9r\u00f4me Dodane<br \/>\n<\/strong><\/li>\n<\/ul>\n<div id='gallery-3' class='gallery galleryid-181451 gallery-columns-2 gallery-size-large'><figure class='gallery-item'>\n\t\t\t<div class='gallery-icon portrait'>\n\t\t\t\t<a href='https:\/\/newsestlyonnais.fr\/site\/2023\/05\/13\/est-lyonnais-2-edition-du-master-tour-de-tennis\/v2-2023-affiche-asptt-master-est-lyonnais\/'><img loading=\"lazy\" decoding=\"async\" width=\"532\" height=\"750\" src=\"https:\/\/newsestlyonnais.fr\/site\/wp-content\/uploads\/2023\/05\/V2-2023-AFFICHE-ASPTT-MASTER-EST-LYONNAIS-650x917.jpg\" class=\"attachment-large size-large\" alt=\"\" srcset=\"https:\/\/newsestlyonnais.fr\/site\/wp-content\/uploads\/2023\/05\/V2-2023-AFFICHE-ASPTT-MASTER-EST-LYONNAIS-650x917.jpg 650w, https:\/\/newsestlyonnais.fr\/site\/wp-content\/uploads\/2023\/05\/V2-2023-AFFICHE-ASPTT-MASTER-EST-LYONNAIS-400x564.jpg 400w, https:\/\/newsestlyonnais.fr\/site\/wp-content\/uploads\/2023\/05\/V2-2023-AFFICHE-ASPTT-MASTER-EST-LYONNAIS-250x353.jpg 250w, https:\/\/newsestlyonnais.fr\/site\/wp-content\/uploads\/2023\/05\/V2-2023-AFFICHE-ASPTT-MASTER-EST-LYONNAIS-768x1083.jpg 768w, https:\/\/newsestlyonnais.fr\/site\/wp-content\/uploads\/2023\/05\/V2-2023-AFFICHE-ASPTT-MASTER-EST-LYONNAIS-150x212.jpg 150w, https:\/\/newsestlyonnais.fr\/site\/wp-content\/uploads\/2023\/05\/V2-2023-AFFICHE-ASPTT-MASTER-EST-LYONNAIS-50x71.jpg 50w, https:\/\/newsestlyonnais.fr\/site\/wp-content\/uploads\/2023\/05\/V2-2023-AFFICHE-ASPTT-MASTER-EST-LYONNAIS-100x141.jpg 100w, https:\/\/newsestlyonnais.fr\/site\/wp-content\/uploads\/2023\/05\/V2-2023-AFFICHE-ASPTT-MASTER-EST-LYONNAIS-200x282.jpg 200w, https:\/\/newsestlyonnais.fr\/site\/wp-content\/uploads\/2023\/05\/V2-2023-AFFICHE-ASPTT-MASTER-EST-LYONNAIS-300x423.jpg 300w, https:\/\/newsestlyonnais.fr\/site\/wp-content\/uploads\/2023\/05\/V2-2023-AFFICHE-ASPTT-MASTER-EST-LYONNAIS-350x494.jpg 350w, https:\/\/newsestlyonnais.fr\/site\/wp-content\/uploads\/2023\/05\/V2-2023-AFFICHE-ASPTT-MASTER-EST-LYONNAIS-450x635.jpg 450w, https:\/\/newsestlyonnais.fr\/site\/wp-content\/uploads\/2023\/05\/V2-2023-AFFICHE-ASPTT-MASTER-EST-LYONNAIS-500x705.jpg 500w, https:\/\/newsestlyonnais.fr\/site\/wp-content\/uploads\/2023\/05\/V2-2023-AFFICHE-ASPTT-MASTER-EST-LYONNAIS-550x776.jpg 550w, https:\/\/newsestlyonnais.fr\/site\/wp-content\/uploads\/2023\/05\/V2-2023-AFFICHE-ASPTT-MASTER-EST-LYONNAIS-800x1128.jpg 800w, https:\/\/newsestlyonnais.fr\/site\/wp-content\/uploads\/2023\/05\/V2-2023-AFFICHE-ASPTT-MASTER-EST-LYONNAIS.jpg 851w\" sizes=\"auto, (max-width: 532px) 100vw, 532px\" \/><\/a>\n\t\t\t<\/div><\/figure><figure class='gallery-item'>\n\t\t\t<div class='gallery-icon portrait'>\n\t\t\t\t<a href='https:\/\/newsestlyonnais.fr\/site\/2023\/05\/13\/est-lyonnais-2-edition-du-master-tour-de-tennis\/v2-2023-affiche-decines-master-est-lyonnais\/'><img loading=\"lazy\" decoding=\"async\" width=\"532\" height=\"750\" src=\"https:\/\/newsestlyonnais.fr\/site\/wp-content\/uploads\/2023\/05\/V2-2023-AFFICHE-DECINES-MASTER-EST-LYONNAIS-650x917.jpg\" class=\"attachment-large size-large\" alt=\"\" srcset=\"https:\/\/newsestlyonnais.fr\/site\/wp-content\/uploads\/2023\/05\/V2-2023-AFFICHE-DECINES-MASTER-EST-LYONNAIS-650x917.jpg 650w, https:\/\/newsestlyonnais.fr\/site\/wp-content\/uploads\/2023\/05\/V2-2023-AFFICHE-DECINES-MASTER-EST-LYONNAIS-400x564.jpg 400w, https:\/\/newsestlyonnais.fr\/site\/wp-content\/uploads\/2023\/05\/V2-2023-AFFICHE-DECINES-MASTER-EST-LYONNAIS-250x353.jpg 250w, https:\/\/newsestlyonnais.fr\/site\/wp-content\/uploads\/2023\/05\/V2-2023-AFFICHE-DECINES-MASTER-EST-LYONNAIS-768x1083.jpg 768w, https:\/\/newsestlyonnais.fr\/site\/wp-content\/uploads\/2023\/05\/V2-2023-AFFICHE-DECINES-MASTER-EST-LYONNAIS-150x212.jpg 150w, https:\/\/newsestlyonnais.fr\/site\/wp-content\/uploads\/2023\/05\/V2-2023-AFFICHE-DECINES-MASTER-EST-LYONNAIS-50x71.jpg 50w, https:\/\/newsestlyonnais.fr\/site\/wp-content\/uploads\/2023\/05\/V2-2023-AFFICHE-DECINES-MASTER-EST-LYONNAIS-100x141.jpg 100w, https:\/\/newsestlyonnais.fr\/site\/wp-content\/uploads\/2023\/05\/V2-2023-AFFICHE-DECINES-MASTER-EST-LYONNAIS-200x282.jpg 200w, https:\/\/newsestlyonnais.fr\/site\/wp-content\/uploads\/2023\/05\/V2-2023-AFFICHE-DECINES-MASTER-EST-LYONNAIS-300x423.jpg 300w, https:\/\/newsestlyonnais.fr\/site\/wp-content\/uploads\/2023\/05\/V2-2023-AFFICHE-DECINES-MASTER-EST-LYONNAIS-350x494.jpg 350w, https:\/\/newsestlyonnais.fr\/site\/wp-content\/uploads\/2023\/05\/V2-2023-AFFICHE-DECINES-MASTER-EST-LYONNAIS-450x635.jpg 450w, https:\/\/newsestlyonnais.fr\/site\/wp-content\/uploads\/2023\/05\/V2-2023-AFFICHE-DECINES-MASTER-EST-LYONNAIS-500x705.jpg 500w, https:\/\/newsestlyonnais.fr\/site\/wp-content\/uploads\/2023\/05\/V2-2023-AFFICHE-DECINES-MASTER-EST-LYONNAIS-550x776.jpg 550w, https:\/\/newsestlyonnais.fr\/site\/wp-content\/uploads\/2023\/05\/V2-2023-AFFICHE-DECINES-MASTER-EST-LYONNAIS-800x1128.jpg 800w, https:\/\/newsestlyonnais.fr\/site\/wp-content\/uploads\/2023\/05\/V2-2023-AFFICHE-DECINES-MASTER-EST-LYONNAIS.jpg 851w\" sizes=\"auto, (max-width: 532px) 100vw, 532px\" \/><\/a>\n\t\t\t<\/div><\/figure>\n\t\t<\/div>\n\n<hr \/>\n<p><span style=\"background-color: #000000; color: #ffffff;\">PHOTO A LA UNE<\/span> &gt; Richard Bonnanfant (Pr\u00e9sident TC Genas), J\u00e9r\u00f4me Dodane (juge-arbitre tournoi)<\/p>\n","protected":false},"excerpt":{"rendered":"<p>Plus de 600 inscriptions avaient \u00e9t\u00e9 enregistr\u00e9es en 2022 pour ce circuit de 4 tournois qui aura lieu du 22 mai au 15 juillet et fera \u00e9tapes \u00e0 Genas, Meyzieu, Saint-Priest et D\u00e9cines. <\/p>\n","protected":false},"author":4,"featured_media":181453,"comment_status":"open","ping_status":"open","sticky":false,"template":"","format":"standard","meta":{"footnotes":""},"categories":[270,21,1598,24,1296,2992,2991,4801],"tags":[3235,4750,2116,2195,2005,4220,2081,2548,2039,4331,2726,2049],"class_list":["post-181451","post","type-post","status-publish","format-standard","has-post-thumbnail","hentry","category-cte-de-communes-c-c-e-l","category-decines-charpieu","category-genas","category-meyzieu","category-sain-priest","category-tennis-padel","category-tennis-tennis-table-sports","category-tennis-circuit-est-lyonnais","tag-asptt-grand-lyon","tag-circuit","tag-decines","tag-est-lyonnais","tag-genas","tag-master","tag-meyzieu","tag-meyzieu-tennis","tag-saint-priest","tag-tc-decines","tag-tc-genas","tag-tennis"],"yoast_head":"<!-- This site is optimized with the Yoast SEO plugin v27.2 - https:\/\/yoast.com\/product\/yoast-seo-wordpress\/ -->\n<title>EST-LYONNAIS | 2\u00b0 \u00e9dition du Master Tour de tennis - News Est Lyonnais<\/title>\n<meta name=\"description\" content=\"EST-LYONNAIS | 2\u00b0 \u00e9dition du Master Tour de tennis\" \/>\n<meta name=\"robots\" content=\"index, follow, max-snippet:-1, max-image-preview:large, max-video-preview:-1\" \/>\n<link rel=\"canonical\" href=\"https:\/\/newsestlyonnais.fr\/site\/2023\/05\/13\/est-lyonnais-2-edition-du-master-tour-de-tennis\/\" \/>\n<meta property=\"og:locale\" content=\"fr_FR\" \/>\n<meta property=\"og:type\" content=\"article\" \/>\n<meta property=\"og:title\" content=\"EST-LYONNAIS | 2\u00b0 \u00e9dition du Master Tour de tennis - News Est Lyonnais\" \/>\n<meta property=\"og:description\" content=\"EST-LYONNAIS | 2\u00b0 \u00e9dition du Master Tour de tennis\" \/>\n<meta property=\"og:url\" content=\"https:\/\/newsestlyonnais.fr\/site\/2023\/05\/13\/est-lyonnais-2-edition-du-master-tour-de-tennis\/\" \/>\n<meta property=\"og:site_name\" content=\"News Est Lyonnais\" \/>\n<meta property=\"article:author\" content=\"https:\/\/www.facebook.com\/pascal.oberson.1?fref=ts\" \/>\n<meta property=\"article:published_time\" content=\"2023-05-13T14:23:29+00:00\" \/>\n<meta property=\"article:modified_time\" content=\"2023-06-29T12:49:12+00:00\" \/>\n<meta property=\"og:image\" content=\"https:\/\/newsestlyonnais.fr\/site\/wp-content\/uploads\/2023\/05\/P1490882.jpg\" \/>\n\t<meta property=\"og:image:width\" content=\"956\" \/>\n\t<meta property=\"og:image:height\" content=\"896\" \/>\n\t<meta property=\"og:image:type\" content=\"image\/jpeg\" \/>\n<meta name=\"author\" content=\"R\u00e9dac. NEWS\" \/>\n<meta name=\"twitter:card\" content=\"summary_large_image\" \/>\n<meta name=\"twitter:label1\" content=\"\u00c9crit par\" \/>\n\t<meta name=\"twitter:data1\" content=\"R\u00e9dac. NEWS\" \/>\n\t<meta name=\"twitter:label2\" content=\"Dur\u00e9e de lecture estim\u00e9e\" \/>\n\t<meta name=\"twitter:data2\" content=\"2 minutes\" \/>\n<script type=\"application\/ld+json\" class=\"yoast-schema-graph\">{\"@context\":\"https:\/\/schema.org\",\"@graph\":[{\"@type\":\"Article\",\"@id\":\"https:\/\/newsestlyonnais.fr\/site\/2023\/05\/13\/est-lyonnais-2-edition-du-master-tour-de-tennis\/#article\",\"isPartOf\":{\"@id\":\"https:\/\/newsestlyonnais.fr\/site\/2023\/05\/13\/est-lyonnais-2-edition-du-master-tour-de-tennis\/\"},\"author\":{\"name\":\"R\u00e9dac. NEWS\",\"@id\":\"https:\/\/newsestlyonnais.fr\/site\/#\/schema\/person\/3230d5615f390bb808365d673001e887\"},\"headline\":\"EST-LYONNAIS | 2\u00b0 \u00e9dition du Master Tour de tennis\",\"datePublished\":\"2023-05-13T14:23:29+00:00\",\"dateModified\":\"2023-06-29T12:49:12+00:00\",\"mainEntityOfPage\":{\"@id\":\"https:\/\/newsestlyonnais.fr\/site\/2023\/05\/13\/est-lyonnais-2-edition-du-master-tour-de-tennis\/\"},\"wordCount\":342,\"commentCount\":0,\"publisher\":{\"@id\":\"https:\/\/newsestlyonnais.fr\/site\/#organization\"},\"image\":{\"@id\":\"https:\/\/newsestlyonnais.fr\/site\/2023\/05\/13\/est-lyonnais-2-edition-du-master-tour-de-tennis\/#primaryimage\"},\"thumbnailUrl\":\"https:\/\/newsestlyonnais.fr\/site\/wp-content\/uploads\/2023\/05\/P1490882.jpg\",\"keywords\":[\"ASPTT GRAND LYON\",\"circuit\",\"DECINES\",\"EST LYONNAIS\",\"GENAS\",\"MASTER\",\"MEYZIEU\",\"MEYZIEU TENNIS\",\"SAINT PRIEST\",\"TC DECINES\",\"TC GENAS\",\"TENNIS\"],\"articleSection\":[\"CCEL | Communes\",\"D\u00e9cines-Charpieu\",\"Genas\",\"Meyzieu\",\"Saint-Priest\",\"Tennis | Padel\",\"Tennis | Tennis de table\",\"Tennis circuit est lyonnais\"],\"inLanguage\":\"fr-FR\",\"potentialAction\":[{\"@type\":\"CommentAction\",\"name\":\"Comment\",\"target\":[\"https:\/\/newsestlyonnais.fr\/site\/2023\/05\/13\/est-lyonnais-2-edition-du-master-tour-de-tennis\/#respond\"]}]},{\"@type\":\"WebPage\",\"@id\":\"https:\/\/newsestlyonnais.fr\/site\/2023\/05\/13\/est-lyonnais-2-edition-du-master-tour-de-tennis\/\",\"url\":\"https:\/\/newsestlyonnais.fr\/site\/2023\/05\/13\/est-lyonnais-2-edition-du-master-tour-de-tennis\/\",\"name\":\"EST-LYONNAIS | 2\u00b0 \u00e9dition du Master Tour de tennis - News Est Lyonnais\",\"isPartOf\":{\"@id\":\"https:\/\/newsestlyonnais.fr\/site\/#website\"},\"primaryImageOfPage\":{\"@id\":\"https:\/\/newsestlyonnais.fr\/site\/2023\/05\/13\/est-lyonnais-2-edition-du-master-tour-de-tennis\/#primaryimage\"},\"image\":{\"@id\":\"https:\/\/newsestlyonnais.fr\/site\/2023\/05\/13\/est-lyonnais-2-edition-du-master-tour-de-tennis\/#primaryimage\"},\"thumbnailUrl\":\"https:\/\/newsestlyonnais.fr\/site\/wp-content\/uploads\/2023\/05\/P1490882.jpg\",\"datePublished\":\"2023-05-13T14:23:29+00:00\",\"dateModified\":\"2023-06-29T12:49:12+00:00\",\"description\":\"EST-LYONNAIS | 2\u00b0 \u00e9dition du Master Tour de tennis\",\"breadcrumb\":{\"@id\":\"https:\/\/newsestlyonnais.fr\/site\/2023\/05\/13\/est-lyonnais-2-edition-du-master-tour-de-tennis\/#breadcrumb\"},\"inLanguage\":\"fr-FR\",\"potentialAction\":[{\"@type\":\"ReadAction\",\"target\":[\"https:\/\/newsestlyonnais.fr\/site\/2023\/05\/13\/est-lyonnais-2-edition-du-master-tour-de-tennis\/\"]}]},{\"@type\":\"ImageObject\",\"inLanguage\":\"fr-FR\",\"@id\":\"https:\/\/newsestlyonnais.fr\/site\/2023\/05\/13\/est-lyonnais-2-edition-du-master-tour-de-tennis\/#primaryimage\",\"url\":\"https:\/\/newsestlyonnais.fr\/site\/wp-content\/uploads\/2023\/05\/P1490882.jpg\",\"contentUrl\":\"https:\/\/newsestlyonnais.fr\/site\/wp-content\/uploads\/2023\/05\/P1490882.jpg\",\"width\":956,\"height\":896},{\"@type\":\"BreadcrumbList\",\"@id\":\"https:\/\/newsestlyonnais.fr\/site\/2023\/05\/13\/est-lyonnais-2-edition-du-master-tour-de-tennis\/#breadcrumb\",\"itemListElement\":[{\"@type\":\"ListItem\",\"position\":1,\"name\":\"Accueil\",\"item\":\"https:\/\/newsestlyonnais.fr\/site\/\"},{\"@type\":\"ListItem\",\"position\":2,\"name\":\"EST-LYONNAIS | 2\u00b0 \u00e9dition du Master Tour de tennis\"}]},{\"@type\":\"WebSite\",\"@id\":\"https:\/\/newsestlyonnais.fr\/site\/#website\",\"url\":\"https:\/\/newsestlyonnais.fr\/site\/\",\"name\":\"News Est Lyonnais\",\"description\":\"L&#039;actualit\u00e9 au plus pr\u00e8s\",\"publisher\":{\"@id\":\"https:\/\/newsestlyonnais.fr\/site\/#organization\"},\"potentialAction\":[{\"@type\":\"SearchAction\",\"target\":{\"@type\":\"EntryPoint\",\"urlTemplate\":\"https:\/\/newsestlyonnais.fr\/site\/?s={search_term_string}\"},\"query-input\":{\"@type\":\"PropertyValueSpecification\",\"valueRequired\":true,\"valueName\":\"search_term_string\"}}],\"inLanguage\":\"fr-FR\"},{\"@type\":\"Organization\",\"@id\":\"https:\/\/newsestlyonnais.fr\/site\/#organization\",\"name\":\"News EST LYONNAIS\",\"url\":\"https:\/\/newsestlyonnais.fr\/site\/\",\"logo\":{\"@type\":\"ImageObject\",\"inLanguage\":\"fr-FR\",\"@id\":\"https:\/\/newsestlyonnais.fr\/site\/#\/schema\/logo\/image\/\",\"url\":\"\",\"contentUrl\":\"\",\"caption\":\"News EST LYONNAIS\"},\"image\":{\"@id\":\"https:\/\/newsestlyonnais.fr\/site\/#\/schema\/logo\/image\/\"}},{\"@type\":\"Person\",\"@id\":\"https:\/\/newsestlyonnais.fr\/site\/#\/schema\/person\/3230d5615f390bb808365d673001e887\",\"name\":\"R\u00e9dac. NEWS\",\"sameAs\":[\"http:\/\/www.newsestlyonnais.fr\",\"https:\/\/www.facebook.com\/pascal.oberson.1?fref=ts\",\"https:\/\/fr.linkedin.com\/in\/pascal-oberson-b17045113\"],\"url\":\"https:\/\/newsestlyonnais.fr\/site\/author\/nel\/\"}]}<\/script>\n<!-- \/ Yoast SEO plugin. -->","yoast_head_json":{"title":"EST-LYONNAIS | 2\u00b0 \u00e9dition du Master Tour de tennis - News Est Lyonnais","description":"EST-LYONNAIS | 2\u00b0 \u00e9dition du Master Tour de tennis","robots":{"index":"index","follow":"follow","max-snippet":"max-snippet:-1","max-image-preview":"max-image-preview:large","max-video-preview":"max-video-preview:-1"},"canonical":"https:\/\/newsestlyonnais.fr\/site\/2023\/05\/13\/est-lyonnais-2-edition-du-master-tour-de-tennis\/","og_locale":"fr_FR","og_type":"article","og_title":"EST-LYONNAIS | 2\u00b0 \u00e9dition du Master Tour de tennis - News Est Lyonnais","og_description":"EST-LYONNAIS | 2\u00b0 \u00e9dition du Master Tour de tennis","og_url":"https:\/\/newsestlyonnais.fr\/site\/2023\/05\/13\/est-lyonnais-2-edition-du-master-tour-de-tennis\/","og_site_name":"News Est Lyonnais","article_author":"https:\/\/www.facebook.com\/pascal.oberson.1?fref=ts","article_published_time":"2023-05-13T14:23:29+00:00","article_modified_time":"2023-06-29T12:49:12+00:00","og_image":[{"width":956,"height":896,"url":"https:\/\/newsestlyonnais.fr\/site\/wp-content\/uploads\/2023\/05\/P1490882.jpg","type":"image\/jpeg"}],"author":"R\u00e9dac. NEWS","twitter_card":"summary_large_image","twitter_misc":{"\u00c9crit par":"R\u00e9dac. NEWS","Dur\u00e9e de lecture estim\u00e9e":"2 minutes"},"schema":{"@context":"https:\/\/schema.org","@graph":[{"@type":"Article","@id":"https:\/\/newsestlyonnais.fr\/site\/2023\/05\/13\/est-lyonnais-2-edition-du-master-tour-de-tennis\/#article","isPartOf":{"@id":"https:\/\/newsestlyonnais.fr\/site\/2023\/05\/13\/est-lyonnais-2-edition-du-master-tour-de-tennis\/"},"author":{"name":"R\u00e9dac. NEWS","@id":"https:\/\/newsestlyonnais.fr\/site\/#\/schema\/person\/3230d5615f390bb808365d673001e887"},"headline":"EST-LYONNAIS | 2\u00b0 \u00e9dition du Master Tour de tennis","datePublished":"2023-05-13T14:23:29+00:00","dateModified":"2023-06-29T12:49:12+00:00","mainEntityOfPage":{"@id":"https:\/\/newsestlyonnais.fr\/site\/2023\/05\/13\/est-lyonnais-2-edition-du-master-tour-de-tennis\/"},"wordCount":342,"commentCount":0,"publisher":{"@id":"https:\/\/newsestlyonnais.fr\/site\/#organization"},"image":{"@id":"https:\/\/newsestlyonnais.fr\/site\/2023\/05\/13\/est-lyonnais-2-edition-du-master-tour-de-tennis\/#primaryimage"},"thumbnailUrl":"https:\/\/newsestlyonnais.fr\/site\/wp-content\/uploads\/2023\/05\/P1490882.jpg","keywords":["ASPTT GRAND LYON","circuit","DECINES","EST LYONNAIS","GENAS","MASTER","MEYZIEU","MEYZIEU TENNIS","SAINT PRIEST","TC DECINES","TC GENAS","TENNIS"],"articleSection":["CCEL | Communes","D\u00e9cines-Charpieu","Genas","Meyzieu","Saint-Priest","Tennis | Padel","Tennis | Tennis de table","Tennis circuit est lyonnais"],"inLanguage":"fr-FR","potentialAction":[{"@type":"CommentAction","name":"Comment","target":["https:\/\/newsestlyonnais.fr\/site\/2023\/05\/13\/est-lyonnais-2-edition-du-master-tour-de-tennis\/#respond"]}]},{"@type":"WebPage","@id":"https:\/\/newsestlyonnais.fr\/site\/2023\/05\/13\/est-lyonnais-2-edition-du-master-tour-de-tennis\/","url":"https:\/\/newsestlyonnais.fr\/site\/2023\/05\/13\/est-lyonnais-2-edition-du-master-tour-de-tennis\/","name":"EST-LYONNAIS | 2\u00b0 \u00e9dition du Master Tour de tennis - News Est Lyonnais","isPartOf":{"@id":"https:\/\/newsestlyonnais.fr\/site\/#website"},"primaryImageOfPage":{"@id":"https:\/\/newsestlyonnais.fr\/site\/2023\/05\/13\/est-lyonnais-2-edition-du-master-tour-de-tennis\/#primaryimage"},"image":{"@id":"https:\/\/newsestlyonnais.fr\/site\/2023\/05\/13\/est-lyonnais-2-edition-du-master-tour-de-tennis\/#primaryimage"},"thumbnailUrl":"https:\/\/newsestlyonnais.fr\/site\/wp-content\/uploads\/2023\/05\/P1490882.jpg","datePublished":"2023-05-13T14:23:29+00:00","dateModified":"2023-06-29T12:49:12+00:00","description":"EST-LYONNAIS | 2\u00b0 \u00e9dition du Master Tour de tennis","breadcrumb":{"@id":"https:\/\/newsestlyonnais.fr\/site\/2023\/05\/13\/est-lyonnais-2-edition-du-master-tour-de-tennis\/#breadcrumb"},"inLanguage":"fr-FR","potentialAction":[{"@type":"ReadAction","target":["https:\/\/newsestlyonnais.fr\/site\/2023\/05\/13\/est-lyonnais-2-edition-du-master-tour-de-tennis\/"]}]},{"@type":"ImageObject","inLanguage":"fr-FR","@id":"https:\/\/newsestlyonnais.fr\/site\/2023\/05\/13\/est-lyonnais-2-edition-du-master-tour-de-tennis\/#primaryimage","url":"https:\/\/newsestlyonnais.fr\/site\/wp-content\/uploads\/2023\/05\/P1490882.jpg","contentUrl":"https:\/\/newsestlyonnais.fr\/site\/wp-content\/uploads\/2023\/05\/P1490882.jpg","width":956,"height":896},{"@type":"BreadcrumbList","@id":"https:\/\/newsestlyonnais.fr\/site\/2023\/05\/13\/est-lyonnais-2-edition-du-master-tour-de-tennis\/#breadcrumb","itemListElement":[{"@type":"ListItem","position":1,"name":"Accueil","item":"https:\/\/newsestlyonnais.fr\/site\/"},{"@type":"ListItem","position":2,"name":"EST-LYONNAIS | 2\u00b0 \u00e9dition du Master Tour de tennis"}]},{"@type":"WebSite","@id":"https:\/\/newsestlyonnais.fr\/site\/#website","url":"https:\/\/newsestlyonnais.fr\/site\/","name":"News Est Lyonnais","description":"L&#039;actualit\u00e9 au plus pr\u00e8s","publisher":{"@id":"https:\/\/newsestlyonnais.fr\/site\/#organization"},"potentialAction":[{"@type":"SearchAction","target":{"@type":"EntryPoint","urlTemplate":"https:\/\/newsestlyonnais.fr\/site\/?s={search_term_string}"},"query-input":{"@type":"PropertyValueSpecification","valueRequired":true,"valueName":"search_term_string"}}],"inLanguage":"fr-FR"},{"@type":"Organization","@id":"https:\/\/newsestlyonnais.fr\/site\/#organization","name":"News EST LYONNAIS","url":"https:\/\/newsestlyonnais.fr\/site\/","logo":{"@type":"ImageObject","inLanguage":"fr-FR","@id":"https:\/\/newsestlyonnais.fr\/site\/#\/schema\/logo\/image\/","url":"","contentUrl":"","caption":"News EST LYONNAIS"},"image":{"@id":"https:\/\/newsestlyonnais.fr\/site\/#\/schema\/logo\/image\/"}},{"@type":"Person","@id":"https:\/\/newsestlyonnais.fr\/site\/#\/schema\/person\/3230d5615f390bb808365d673001e887","name":"R\u00e9dac. NEWS","sameAs":["http:\/\/www.newsestlyonnais.fr","https:\/\/www.facebook.com\/pascal.oberson.1?fref=ts","https:\/\/fr.linkedin.com\/in\/pascal-oberson-b17045113"],"url":"https:\/\/newsestlyonnais.fr\/site\/author\/nel\/"}]}},"_links":{"self":[{"href":"https:\/\/newsestlyonnais.fr\/site\/wp-json\/wp\/v2\/posts\/181451","targetHints":{"allow":["GET"]}}],"collection":[{"href":"https:\/\/newsestlyonnais.fr\/site\/wp-json\/wp\/v2\/posts"}],"about":[{"href":"https:\/\/newsestlyonnais.fr\/site\/wp-json\/wp\/v2\/types\/post"}],"author":[{"embeddable":true,"href":"https:\/\/newsestlyonnais.fr\/site\/wp-json\/wp\/v2\/users\/4"}],"replies":[{"embeddable":true,"href":"https:\/\/newsestlyonnais.fr\/site\/wp-json\/wp\/v2\/comments?post=181451"}],"version-history":[{"count":0,"href":"https:\/\/newsestlyonnais.fr\/site\/wp-json\/wp\/v2\/posts\/181451\/revisions"}],"wp:featuredmedia":[{"embeddable":true,"href":"https:\/\/newsestlyonnais.fr\/site\/wp-json\/wp\/v2\/media\/181453"}],"wp:attachment":[{"href":"https:\/\/newsestlyonnais.fr\/site\/wp-json\/wp\/v2\/media?parent=181451"}],"wp:term":[{"taxonomy":"category","embeddable":true,"href":"https:\/\/newsestlyonnais.fr\/site\/wp-json\/wp\/v2\/categories?post=181451"},{"taxonomy":"post_tag","embeddable":true,"href":"https:\/\/newsestlyonnais.fr\/site\/wp-json\/wp\/v2\/tags?post=181451"}],"curies":[{"name":"wp","href":"https:\/\/api.w.org\/{rel}","templated":true}]}}