{"id":18155,"date":"2017-01-02T10:13:20","date_gmt":"2017-01-02T09:13:20","guid":{"rendered":"http:\/\/newsestlyonnais.fr\/site\/?p=18155"},"modified":"2020-11-17T20:54:01","modified_gmt":"2020-11-17T19:54:01","slug":"saint-fons-18-edition-du-saint-fons-jazz","status":"publish","type":"post","link":"https:\/\/newsestlyonnais.fr\/site\/2017\/01\/02\/saint-fons-18-edition-du-saint-fons-jazz\/","title":{"rendered":"SAINT-FONS | 18\u00b0 \u00e9dition du \u00ab\u00a0SAINT FONS JAZZ\u00a0\u00bb"},"content":{"rendered":"<h4><em>Le festival \u00ab\u00a0Saint-Fons jazz&rsquo;\u00a0\u00bb est le fruit d&rsquo;une histoire sp\u00e9cifique dans la ville o\u00f9 il y a presque 20 ans d\u00e9j\u00e0, le caveau-jazz accueillait les plus grands jazzmen.<\/em><\/h4>\n<ul>\n<li><strong>Infos pratiques<\/strong>: R\u00e9servations, renseignements : <span style=\"text-decoration: underline;\">Par t\u00e9l\u00e9phone<\/span> : 04. 78. 70. 47. 79 <span style=\"text-decoration: underline;\">Par mail<\/span> : <a href=\"mailto:jazzfestival@saint-fons.fr\">jazzfestival@saint-fons.fr <\/a><span style=\"text-decoration: underline;\">Par courrier<\/span><strong> :<\/strong> Ecole de musique &#8211; CRC Espace L\u00e9on Blum, Place du Pentacle, 69 190 Saint Fons.<\/li>\n<li><strong>Les lieux \u00a0du festival<\/strong> :<\/li>\n<\/ul>\n<table class=\"normal\" border=\"0\" width=\"100%\" cellspacing=\"0\" cellpadding=\"0\">\n<tbody>\n<tr align=\"left\" valign=\"top\">\n<td width=\"48%\">\n<div class=\"tofg\"><a title=\"Th\u00e9\u00e2tre Jean Marais\" href=\"http:\/\/www.theatre-jean-marais.com\/\" target=\"_blank\" rel=\"noopener noreferrer\"><img decoding=\"async\" src=\"http:\/\/www.saint-fons-jazz.fr\/images\/partenaies\/theatre-jean-marais.jpg\" alt=\"\" width=\"100\" border=\"0\" \/><\/a><\/div>\n<p><strong><a href=\"http:\/\/www.theatre-jean-marais.com\" target=\"_blank\" rel=\"noopener noreferrer\">Th\u00e9\u00e2tre Jean Marais<\/a><\/strong><br \/>\n53 Rue Carnot &#8211; Saint-Fons<br \/>\nT\u00e9l : 04 78 67 68 29<\/td>\n<td>\n<div class=\"tofg\"><a href=\"http:\/\/www.mediatheque.saint-fons.fr\/\" target=\"_blank\" rel=\"noopener noreferrer\"><img decoding=\"async\" src=\"http:\/\/www.saint-fons-jazz.fr\/images\/logo-bibliotheque.jpg\" alt=\"\" width=\"95\" border=\"0\" \/><\/a><\/div>\n<p><strong><a href=\"http:\/\/www.mediatheque.saint-fons.fr\/\" target=\"_blank\" rel=\"noopener noreferrer\">M\u00e9diath\u00e8que R. Martin du Gard<\/a><\/strong><br \/>\nPlace R.Salengro &#8211; Saint-Fons<br \/>\nT\u00e9l : 04 78 70 96 98<\/td>\n<\/tr>\n<tr align=\"left\" valign=\"top\">\n<td valign=\"bottom\" height=\"20\"><\/td>\n<td height=\"20\"><\/td>\n<\/tr>\n<tr align=\"left\" valign=\"top\">\n<td valign=\"bottom\" height=\"20\">\n<div class=\"tofg\"><a href=\"http:\/\/www.auditorium-lyon.com\" target=\"_blank\" rel=\"noopener noreferrer\"><img decoding=\"async\" src=\"http:\/\/www.saint-fons-jazz.fr\/images\/partenaies\/auditorium_lyon.jpg\" alt=\"\" width=\"65\" border=\"0\" \/><\/a><\/div>\n<p><strong><a href=\"http:\/\/www.auditorium-lyon.com\" target=\"_blank\" rel=\"noopener noreferrer\">Auditorium de Lyon<\/a><\/strong><br \/>\n149 Rue Garibaldi &#8211; Lyon<br \/>\nT\u00e9l : 04 78 95 95 95<\/td>\n<td height=\"20\">\n<div class=\"tofg\"><a href=\"http:\/\/www.marchegare.fr\/\" target=\"_blank\" rel=\"noopener noreferrer\"><img decoding=\"async\" src=\"http:\/\/www.saint-fons-jazz.fr\/images\/partenaies\/LOGO_MG.jpg\" alt=\"\" border=\"0\" \/><\/a><\/div>\n<p><strong><a href=\"http:\/\/www.epiceriemoderne.com\" target=\"_blank\" rel=\"noopener noreferrer\">March\u00e9 Gare<\/a><\/strong><br \/>\n34 rue Casimir P\u00e9rier &#8211; Lyon 2\u00e8me<br \/>\nT\u00e9l : 04 72 40 97 13<\/td>\n<\/tr>\n<\/tbody>\n<\/table>\n<ul>\n<li>Les organisateurs : Ecole de Musique &#8211; CRC Espace L\u00e9on Blum, Place du Pentacle \u00e0 Saint Fons T\u00e9l. 04 78 70 47 79 &#8211; <a href=\"mailto:ecolemusique@saint-fons.fr\">ecolemusique@saint-fons.<\/a><\/li>\n<\/ul>\n<h4>Plus d&rsquo;infos sur: <a href=\"http:\/\/www.saint-fons-jazz.fr\" target=\"_blank\" rel=\"noopener noreferrer\">http:\/\/www.saint-fons-jazz.fr<\/a><\/h4>\n","protected":false},"excerpt":{"rendered":"<p>Le festival \u00ab\u00a0Saint-Fons jazz&rsquo;\u00a0\u00bb est le fruit d&rsquo;une histoire sp\u00e9cifique dans la ville o\u00f9 il y a presque 20 ans d\u00e9j\u00e0, le caveau-jazz accueillait les plus grands jazzmen. Infos pratiques: R\u00e9servations, renseignements : Par t\u00e9l\u00e9phone : 04. 78. 70. 47. 79 Par mail : jazzfestival@saint-fons.fr Par courrier : Ecole de musique &#8211; CRC Espace L\u00e9on [&hellip;]<\/p>\n","protected":false},"author":4,"featured_media":18154,"comment_status":"open","ping_status":"open","sticky":false,"template":"","format":"standard","meta":{"footnotes":""},"categories":[3003,3006,1297],"tags":[],"class_list":["post-18155","post","type-post","status-publish","format-standard","has-post-thumbnail","hentry","category-bibliotheque-mediatheque-mjc","category-musique-danse-humour","category-saint-fons"],"yoast_head":"<!-- This site is optimized with the Yoast SEO plugin v27.2 - https:\/\/yoast.com\/product\/yoast-seo-wordpress\/ -->\n<title>SAINT-FONS | 18\u00b0 \u00e9dition du &quot;SAINT FONS JAZZ&quot;<\/title>\n<meta name=\"description\" content=\"SAINT-FONS | 18\u00b0 \u00e9dition du &quot;SAINT FONS JAZZ&quot;\" \/>\n<meta name=\"robots\" content=\"index, follow, max-snippet:-1, max-image-preview:large, max-video-preview:-1\" \/>\n<link rel=\"canonical\" href=\"https:\/\/newsestlyonnais.fr\/site\/2017\/01\/02\/saint-fons-18-edition-du-saint-fons-jazz\/\" \/>\n<meta property=\"og:locale\" content=\"fr_FR\" \/>\n<meta property=\"og:type\" content=\"article\" \/>\n<meta property=\"og:title\" content=\"SAINT-FONS | 18\u00b0 \u00e9dition du &quot;SAINT FONS JAZZ&quot;\" \/>\n<meta property=\"og:description\" content=\"SAINT-FONS | 18\u00b0 \u00e9dition du &quot;SAINT FONS JAZZ&quot;\" \/>\n<meta property=\"og:url\" content=\"https:\/\/newsestlyonnais.fr\/site\/2017\/01\/02\/saint-fons-18-edition-du-saint-fons-jazz\/\" \/>\n<meta property=\"og:site_name\" content=\"News Est Lyonnais\" \/>\n<meta property=\"article:author\" content=\"https:\/\/www.facebook.com\/pascal.oberson.1?fref=ts\" \/>\n<meta property=\"article:published_time\" content=\"2017-01-02T09:13:20+00:00\" \/>\n<meta property=\"article:modified_time\" content=\"2020-11-17T19:54:01+00:00\" \/>\n<meta property=\"og:image\" content=\"https:\/\/i0.wp.com\/newsestlyonnais.fr\/site\/wp-content\/uploads\/2017\/01\/NEWSESTLYONNAIS-JAZZFESTIVAL-sfj-2017.jpg?fit=1000%2C750&ssl=1\" \/>\n\t<meta property=\"og:image:width\" content=\"1000\" \/>\n\t<meta property=\"og:image:height\" content=\"750\" \/>\n\t<meta property=\"og:image:type\" content=\"image\/jpeg\" \/>\n<meta name=\"author\" content=\"R\u00e9dac. NEWS\" \/>\n<meta name=\"twitter:card\" content=\"summary_large_image\" \/>\n<meta name=\"twitter:label1\" content=\"\u00c9crit par\" \/>\n\t<meta name=\"twitter:data1\" content=\"R\u00e9dac. NEWS\" \/>\n\t<meta name=\"twitter:label2\" content=\"Dur\u00e9e de lecture estim\u00e9e\" \/>\n\t<meta name=\"twitter:data2\" content=\"1 minute\" \/>\n<script type=\"application\/ld+json\" class=\"yoast-schema-graph\">{\"@context\":\"https:\/\/schema.org\",\"@graph\":[{\"@type\":\"Article\",\"@id\":\"https:\/\/newsestlyonnais.fr\/site\/2017\/01\/02\/saint-fons-18-edition-du-saint-fons-jazz\/#article\",\"isPartOf\":{\"@id\":\"https:\/\/newsestlyonnais.fr\/site\/2017\/01\/02\/saint-fons-18-edition-du-saint-fons-jazz\/\"},\"author\":{\"name\":\"R\u00e9dac. NEWS\",\"@id\":\"https:\/\/newsestlyonnais.fr\/site\/#\/schema\/person\/3230d5615f390bb808365d673001e887\"},\"headline\":\"SAINT-FONS | 18\u00b0 \u00e9dition du \u00ab\u00a0SAINT FONS JAZZ\u00a0\u00bb\",\"datePublished\":\"2017-01-02T09:13:20+00:00\",\"dateModified\":\"2020-11-17T19:54:01+00:00\",\"mainEntityOfPage\":{\"@id\":\"https:\/\/newsestlyonnais.fr\/site\/2017\/01\/02\/saint-fons-18-edition-du-saint-fons-jazz\/\"},\"wordCount\":143,\"commentCount\":0,\"publisher\":{\"@id\":\"https:\/\/newsestlyonnais.fr\/site\/#organization\"},\"image\":{\"@id\":\"https:\/\/newsestlyonnais.fr\/site\/2017\/01\/02\/saint-fons-18-edition-du-saint-fons-jazz\/#primaryimage\"},\"thumbnailUrl\":\"https:\/\/newsestlyonnais.fr\/site\/wp-content\/uploads\/2017\/01\/NEWSESTLYONNAIS-JAZZFESTIVAL-sfj-2017.jpg\",\"articleSection\":[\"Biblioth\u00e8que | M\u00e9diath\u00e8que | MJC\",\"Musique | Danse | Humour\",\"Saint-Fons\"],\"inLanguage\":\"fr-FR\",\"potentialAction\":[{\"@type\":\"CommentAction\",\"name\":\"Comment\",\"target\":[\"https:\/\/newsestlyonnais.fr\/site\/2017\/01\/02\/saint-fons-18-edition-du-saint-fons-jazz\/#respond\"]}]},{\"@type\":\"WebPage\",\"@id\":\"https:\/\/newsestlyonnais.fr\/site\/2017\/01\/02\/saint-fons-18-edition-du-saint-fons-jazz\/\",\"url\":\"https:\/\/newsestlyonnais.fr\/site\/2017\/01\/02\/saint-fons-18-edition-du-saint-fons-jazz\/\",\"name\":\"SAINT-FONS | 18\u00b0 \u00e9dition du \\\"SAINT FONS JAZZ\\\"\",\"isPartOf\":{\"@id\":\"https:\/\/newsestlyonnais.fr\/site\/#website\"},\"primaryImageOfPage\":{\"@id\":\"https:\/\/newsestlyonnais.fr\/site\/2017\/01\/02\/saint-fons-18-edition-du-saint-fons-jazz\/#primaryimage\"},\"image\":{\"@id\":\"https:\/\/newsestlyonnais.fr\/site\/2017\/01\/02\/saint-fons-18-edition-du-saint-fons-jazz\/#primaryimage\"},\"thumbnailUrl\":\"https:\/\/newsestlyonnais.fr\/site\/wp-content\/uploads\/2017\/01\/NEWSESTLYONNAIS-JAZZFESTIVAL-sfj-2017.jpg\",\"datePublished\":\"2017-01-02T09:13:20+00:00\",\"dateModified\":\"2020-11-17T19:54:01+00:00\",\"description\":\"SAINT-FONS | 18\u00b0 \u00e9dition du \\\"SAINT FONS JAZZ\\\"\",\"breadcrumb\":{\"@id\":\"https:\/\/newsestlyonnais.fr\/site\/2017\/01\/02\/saint-fons-18-edition-du-saint-fons-jazz\/#breadcrumb\"},\"inLanguage\":\"fr-FR\",\"potentialAction\":[{\"@type\":\"ReadAction\",\"target\":[\"https:\/\/newsestlyonnais.fr\/site\/2017\/01\/02\/saint-fons-18-edition-du-saint-fons-jazz\/\"]}]},{\"@type\":\"ImageObject\",\"inLanguage\":\"fr-FR\",\"@id\":\"https:\/\/newsestlyonnais.fr\/site\/2017\/01\/02\/saint-fons-18-edition-du-saint-fons-jazz\/#primaryimage\",\"url\":\"https:\/\/newsestlyonnais.fr\/site\/wp-content\/uploads\/2017\/01\/NEWSESTLYONNAIS-JAZZFESTIVAL-sfj-2017.jpg\",\"contentUrl\":\"https:\/\/newsestlyonnais.fr\/site\/wp-content\/uploads\/2017\/01\/NEWSESTLYONNAIS-JAZZFESTIVAL-sfj-2017.jpg\",\"width\":1000,\"height\":750},{\"@type\":\"BreadcrumbList\",\"@id\":\"https:\/\/newsestlyonnais.fr\/site\/2017\/01\/02\/saint-fons-18-edition-du-saint-fons-jazz\/#breadcrumb\",\"itemListElement\":[{\"@type\":\"ListItem\",\"position\":1,\"name\":\"Accueil\",\"item\":\"https:\/\/newsestlyonnais.fr\/site\/\"},{\"@type\":\"ListItem\",\"position\":2,\"name\":\"SAINT-FONS | 18\u00b0 \u00e9dition du \u00ab\u00a0SAINT FONS JAZZ\u00a0\u00bb\"}]},{\"@type\":\"WebSite\",\"@id\":\"https:\/\/newsestlyonnais.fr\/site\/#website\",\"url\":\"https:\/\/newsestlyonnais.fr\/site\/\",\"name\":\"News Est Lyonnais\",\"description\":\"L&#039;actualit\u00e9 au plus pr\u00e8s\",\"publisher\":{\"@id\":\"https:\/\/newsestlyonnais.fr\/site\/#organization\"},\"potentialAction\":[{\"@type\":\"SearchAction\",\"target\":{\"@type\":\"EntryPoint\",\"urlTemplate\":\"https:\/\/newsestlyonnais.fr\/site\/?s={search_term_string}\"},\"query-input\":{\"@type\":\"PropertyValueSpecification\",\"valueRequired\":true,\"valueName\":\"search_term_string\"}}],\"inLanguage\":\"fr-FR\"},{\"@type\":\"Organization\",\"@id\":\"https:\/\/newsestlyonnais.fr\/site\/#organization\",\"name\":\"News EST LYONNAIS\",\"url\":\"https:\/\/newsestlyonnais.fr\/site\/\",\"logo\":{\"@type\":\"ImageObject\",\"inLanguage\":\"fr-FR\",\"@id\":\"https:\/\/newsestlyonnais.fr\/site\/#\/schema\/logo\/image\/\",\"url\":\"\",\"contentUrl\":\"\",\"caption\":\"News EST LYONNAIS\"},\"image\":{\"@id\":\"https:\/\/newsestlyonnais.fr\/site\/#\/schema\/logo\/image\/\"}},{\"@type\":\"Person\",\"@id\":\"https:\/\/newsestlyonnais.fr\/site\/#\/schema\/person\/3230d5615f390bb808365d673001e887\",\"name\":\"R\u00e9dac. NEWS\",\"sameAs\":[\"http:\/\/www.newsestlyonnais.fr\",\"https:\/\/www.facebook.com\/pascal.oberson.1?fref=ts\",\"https:\/\/fr.linkedin.com\/in\/pascal-oberson-b17045113\"],\"url\":\"https:\/\/newsestlyonnais.fr\/site\/author\/nel\/\"}]}<\/script>\n<!-- \/ Yoast SEO plugin. -->","yoast_head_json":{"title":"SAINT-FONS | 18\u00b0 \u00e9dition du \"SAINT FONS JAZZ\"","description":"SAINT-FONS | 18\u00b0 \u00e9dition du \"SAINT FONS JAZZ\"","robots":{"index":"index","follow":"follow","max-snippet":"max-snippet:-1","max-image-preview":"max-image-preview:large","max-video-preview":"max-video-preview:-1"},"canonical":"https:\/\/newsestlyonnais.fr\/site\/2017\/01\/02\/saint-fons-18-edition-du-saint-fons-jazz\/","og_locale":"fr_FR","og_type":"article","og_title":"SAINT-FONS | 18\u00b0 \u00e9dition du \"SAINT FONS JAZZ\"","og_description":"SAINT-FONS | 18\u00b0 \u00e9dition du \"SAINT FONS JAZZ\"","og_url":"https:\/\/newsestlyonnais.fr\/site\/2017\/01\/02\/saint-fons-18-edition-du-saint-fons-jazz\/","og_site_name":"News Est Lyonnais","article_author":"https:\/\/www.facebook.com\/pascal.oberson.1?fref=ts","article_published_time":"2017-01-02T09:13:20+00:00","article_modified_time":"2020-11-17T19:54:01+00:00","og_image":[{"width":1000,"height":750,"url":"https:\/\/i0.wp.com\/newsestlyonnais.fr\/site\/wp-content\/uploads\/2017\/01\/NEWSESTLYONNAIS-JAZZFESTIVAL-sfj-2017.jpg?fit=1000%2C750&ssl=1","type":"image\/jpeg"}],"author":"R\u00e9dac. NEWS","twitter_card":"summary_large_image","twitter_misc":{"\u00c9crit par":"R\u00e9dac. NEWS","Dur\u00e9e de lecture estim\u00e9e":"1 minute"},"schema":{"@context":"https:\/\/schema.org","@graph":[{"@type":"Article","@id":"https:\/\/newsestlyonnais.fr\/site\/2017\/01\/02\/saint-fons-18-edition-du-saint-fons-jazz\/#article","isPartOf":{"@id":"https:\/\/newsestlyonnais.fr\/site\/2017\/01\/02\/saint-fons-18-edition-du-saint-fons-jazz\/"},"author":{"name":"R\u00e9dac. NEWS","@id":"https:\/\/newsestlyonnais.fr\/site\/#\/schema\/person\/3230d5615f390bb808365d673001e887"},"headline":"SAINT-FONS | 18\u00b0 \u00e9dition du \u00ab\u00a0SAINT FONS JAZZ\u00a0\u00bb","datePublished":"2017-01-02T09:13:20+00:00","dateModified":"2020-11-17T19:54:01+00:00","mainEntityOfPage":{"@id":"https:\/\/newsestlyonnais.fr\/site\/2017\/01\/02\/saint-fons-18-edition-du-saint-fons-jazz\/"},"wordCount":143,"commentCount":0,"publisher":{"@id":"https:\/\/newsestlyonnais.fr\/site\/#organization"},"image":{"@id":"https:\/\/newsestlyonnais.fr\/site\/2017\/01\/02\/saint-fons-18-edition-du-saint-fons-jazz\/#primaryimage"},"thumbnailUrl":"https:\/\/newsestlyonnais.fr\/site\/wp-content\/uploads\/2017\/01\/NEWSESTLYONNAIS-JAZZFESTIVAL-sfj-2017.jpg","articleSection":["Biblioth\u00e8que | M\u00e9diath\u00e8que | MJC","Musique | Danse | Humour","Saint-Fons"],"inLanguage":"fr-FR","potentialAction":[{"@type":"CommentAction","name":"Comment","target":["https:\/\/newsestlyonnais.fr\/site\/2017\/01\/02\/saint-fons-18-edition-du-saint-fons-jazz\/#respond"]}]},{"@type":"WebPage","@id":"https:\/\/newsestlyonnais.fr\/site\/2017\/01\/02\/saint-fons-18-edition-du-saint-fons-jazz\/","url":"https:\/\/newsestlyonnais.fr\/site\/2017\/01\/02\/saint-fons-18-edition-du-saint-fons-jazz\/","name":"SAINT-FONS | 18\u00b0 \u00e9dition du \"SAINT FONS JAZZ\"","isPartOf":{"@id":"https:\/\/newsestlyonnais.fr\/site\/#website"},"primaryImageOfPage":{"@id":"https:\/\/newsestlyonnais.fr\/site\/2017\/01\/02\/saint-fons-18-edition-du-saint-fons-jazz\/#primaryimage"},"image":{"@id":"https:\/\/newsestlyonnais.fr\/site\/2017\/01\/02\/saint-fons-18-edition-du-saint-fons-jazz\/#primaryimage"},"thumbnailUrl":"https:\/\/newsestlyonnais.fr\/site\/wp-content\/uploads\/2017\/01\/NEWSESTLYONNAIS-JAZZFESTIVAL-sfj-2017.jpg","datePublished":"2017-01-02T09:13:20+00:00","dateModified":"2020-11-17T19:54:01+00:00","description":"SAINT-FONS | 18\u00b0 \u00e9dition du \"SAINT FONS JAZZ\"","breadcrumb":{"@id":"https:\/\/newsestlyonnais.fr\/site\/2017\/01\/02\/saint-fons-18-edition-du-saint-fons-jazz\/#breadcrumb"},"inLanguage":"fr-FR","potentialAction":[{"@type":"ReadAction","target":["https:\/\/newsestlyonnais.fr\/site\/2017\/01\/02\/saint-fons-18-edition-du-saint-fons-jazz\/"]}]},{"@type":"ImageObject","inLanguage":"fr-FR","@id":"https:\/\/newsestlyonnais.fr\/site\/2017\/01\/02\/saint-fons-18-edition-du-saint-fons-jazz\/#primaryimage","url":"https:\/\/newsestlyonnais.fr\/site\/wp-content\/uploads\/2017\/01\/NEWSESTLYONNAIS-JAZZFESTIVAL-sfj-2017.jpg","contentUrl":"https:\/\/newsestlyonnais.fr\/site\/wp-content\/uploads\/2017\/01\/NEWSESTLYONNAIS-JAZZFESTIVAL-sfj-2017.jpg","width":1000,"height":750},{"@type":"BreadcrumbList","@id":"https:\/\/newsestlyonnais.fr\/site\/2017\/01\/02\/saint-fons-18-edition-du-saint-fons-jazz\/#breadcrumb","itemListElement":[{"@type":"ListItem","position":1,"name":"Accueil","item":"https:\/\/newsestlyonnais.fr\/site\/"},{"@type":"ListItem","position":2,"name":"SAINT-FONS | 18\u00b0 \u00e9dition du \u00ab\u00a0SAINT FONS JAZZ\u00a0\u00bb"}]},{"@type":"WebSite","@id":"https:\/\/newsestlyonnais.fr\/site\/#website","url":"https:\/\/newsestlyonnais.fr\/site\/","name":"News Est Lyonnais","description":"L&#039;actualit\u00e9 au plus pr\u00e8s","publisher":{"@id":"https:\/\/newsestlyonnais.fr\/site\/#organization"},"potentialAction":[{"@type":"SearchAction","target":{"@type":"EntryPoint","urlTemplate":"https:\/\/newsestlyonnais.fr\/site\/?s={search_term_string}"},"query-input":{"@type":"PropertyValueSpecification","valueRequired":true,"valueName":"search_term_string"}}],"inLanguage":"fr-FR"},{"@type":"Organization","@id":"https:\/\/newsestlyonnais.fr\/site\/#organization","name":"News EST LYONNAIS","url":"https:\/\/newsestlyonnais.fr\/site\/","logo":{"@type":"ImageObject","inLanguage":"fr-FR","@id":"https:\/\/newsestlyonnais.fr\/site\/#\/schema\/logo\/image\/","url":"","contentUrl":"","caption":"News EST LYONNAIS"},"image":{"@id":"https:\/\/newsestlyonnais.fr\/site\/#\/schema\/logo\/image\/"}},{"@type":"Person","@id":"https:\/\/newsestlyonnais.fr\/site\/#\/schema\/person\/3230d5615f390bb808365d673001e887","name":"R\u00e9dac. NEWS","sameAs":["http:\/\/www.newsestlyonnais.fr","https:\/\/www.facebook.com\/pascal.oberson.1?fref=ts","https:\/\/fr.linkedin.com\/in\/pascal-oberson-b17045113"],"url":"https:\/\/newsestlyonnais.fr\/site\/author\/nel\/"}]}},"_links":{"self":[{"href":"https:\/\/newsestlyonnais.fr\/site\/wp-json\/wp\/v2\/posts\/18155","targetHints":{"allow":["GET"]}}],"collection":[{"href":"https:\/\/newsestlyonnais.fr\/site\/wp-json\/wp\/v2\/posts"}],"about":[{"href":"https:\/\/newsestlyonnais.fr\/site\/wp-json\/wp\/v2\/types\/post"}],"author":[{"embeddable":true,"href":"https:\/\/newsestlyonnais.fr\/site\/wp-json\/wp\/v2\/users\/4"}],"replies":[{"embeddable":true,"href":"https:\/\/newsestlyonnais.fr\/site\/wp-json\/wp\/v2\/comments?post=18155"}],"version-history":[{"count":0,"href":"https:\/\/newsestlyonnais.fr\/site\/wp-json\/wp\/v2\/posts\/18155\/revisions"}],"wp:featuredmedia":[{"embeddable":true,"href":"https:\/\/newsestlyonnais.fr\/site\/wp-json\/wp\/v2\/media\/18154"}],"wp:attachment":[{"href":"https:\/\/newsestlyonnais.fr\/site\/wp-json\/wp\/v2\/media?parent=18155"}],"wp:term":[{"taxonomy":"category","embeddable":true,"href":"https:\/\/newsestlyonnais.fr\/site\/wp-json\/wp\/v2\/categories?post=18155"},{"taxonomy":"post_tag","embeddable":true,"href":"https:\/\/newsestlyonnais.fr\/site\/wp-json\/wp\/v2\/tags?post=18155"}],"curies":[{"name":"wp","href":"https:\/\/api.w.org\/{rel}","templated":true}]}}