{"id":181642,"date":"2023-05-17T08:10:06","date_gmt":"2023-05-17T07:10:06","guid":{"rendered":"https:\/\/newsestlyonnais.fr\/site\/?p=181642"},"modified":"2023-05-17T08:10:52","modified_gmt":"2023-05-17T07:10:52","slug":"didier-robert-la-course-ma-un-peu-ete-imposee-mon-metier-mobligeant-a-me-maintenir-en-forme","status":"publish","type":"post","link":"https:\/\/newsestlyonnais.fr\/site\/2023\/05\/17\/didier-robert-la-course-ma-un-peu-ete-imposee-mon-metier-mobligeant-a-me-maintenir-en-forme\/","title":{"rendered":"Didier Robert \u00ab La course m\u2019a un peu \u00e9t\u00e9 impos\u00e9e, mon m\u00e9tier m\u2019obligeant \u00e0 me maintenir en forme \u00bb"},"content":{"rendered":"<p><span style=\"background-color: #000000; color: #ffffff;\"><strong>Petite pr\u00e9sentation <\/strong><\/span><\/p>\n<p><span dir=\"ltr\" role=\"presentation\">\u00ab<\/span> 28 ans. Militaire, j\u2019habite \u00e0 Balan, je suis pacs\u00e9 avec 2 enfants <span dir=\"ltr\" role=\"presentation\">\u00bb.<\/span><\/p>\n<hr \/>\n<p><strong><span style=\"background-color: #000000; color: #ffffff;\">Votre parcours sportif depuis l\u2019enfance ?<\/span><\/strong><\/p>\n<p><span dir=\"ltr\" role=\"presentation\" data-wp-editing=\"1\"><img loading=\"lazy\" decoding=\"async\" class=\"alignleft wp-image-181679\" src=\"https:\/\/newsestlyonnais.fr\/site\/wp-content\/uploads\/2023\/05\/346097741_152499720974050_6112764013232370815_n-400x601.jpg\" alt=\"\" width=\"186\" height=\"280\" srcset=\"https:\/\/newsestlyonnais.fr\/site\/wp-content\/uploads\/2023\/05\/346097741_152499720974050_6112764013232370815_n-400x601.jpg 400w, https:\/\/newsestlyonnais.fr\/site\/wp-content\/uploads\/2023\/05\/346097741_152499720974050_6112764013232370815_n-650x976.jpg 650w, https:\/\/newsestlyonnais.fr\/site\/wp-content\/uploads\/2023\/05\/346097741_152499720974050_6112764013232370815_n-250x375.jpg 250w, https:\/\/newsestlyonnais.fr\/site\/wp-content\/uploads\/2023\/05\/346097741_152499720974050_6112764013232370815_n-150x225.jpg 150w, https:\/\/newsestlyonnais.fr\/site\/wp-content\/uploads\/2023\/05\/346097741_152499720974050_6112764013232370815_n-50x75.jpg 50w, https:\/\/newsestlyonnais.fr\/site\/wp-content\/uploads\/2023\/05\/346097741_152499720974050_6112764013232370815_n-100x150.jpg 100w, https:\/\/newsestlyonnais.fr\/site\/wp-content\/uploads\/2023\/05\/346097741_152499720974050_6112764013232370815_n-200x300.jpg 200w, https:\/\/newsestlyonnais.fr\/site\/wp-content\/uploads\/2023\/05\/346097741_152499720974050_6112764013232370815_n-300x450.jpg 300w, https:\/\/newsestlyonnais.fr\/site\/wp-content\/uploads\/2023\/05\/346097741_152499720974050_6112764013232370815_n-350x526.jpg 350w, https:\/\/newsestlyonnais.fr\/site\/wp-content\/uploads\/2023\/05\/346097741_152499720974050_6112764013232370815_n-450x676.jpg 450w, https:\/\/newsestlyonnais.fr\/site\/wp-content\/uploads\/2023\/05\/346097741_152499720974050_6112764013232370815_n-500x751.jpg 500w, https:\/\/newsestlyonnais.fr\/site\/wp-content\/uploads\/2023\/05\/346097741_152499720974050_6112764013232370815_n-550x826.jpg 550w, https:\/\/newsestlyonnais.fr\/site\/wp-content\/uploads\/2023\/05\/346097741_152499720974050_6112764013232370815_n.jpg 682w\" sizes=\"auto, (max-width: 186px) 100vw, 186px\" \/>\u00ab<\/span> <strong>Je suis n\u00e9 et j\u2019ai grandi \u00e0 la R\u00e9union<\/strong>. Ma m\u00e8re et mon fr\u00e8re m&rsquo;ont inscrit en pr\u00e9-d\u00e9butant (4 ans) dans <strong>mon premier club de foot<\/strong>, j\u2019ai remport\u00e9 quelques petits troph\u00e9es locaux avec l\u2019\u00e9quipe du quartier \u00ab\u00a0\u00a0\u00bb le FC 17\u00e8me, je n\u2019ai plus l\u00e2ch\u00e9 le ballon rond jusqu\u2019\u00e0 mes 17 ans.<\/p>\n<p>J\u2019ai aussi pratiqu\u00e9 <strong>le BMX race en comp\u00e9tition<\/strong> pendant quelques ann\u00e9es. Le sport a toujours \u00e9t\u00e9 tr\u00e8s pr\u00e9sent depuis mon enfance, mon grand fr\u00e8re Willy insistait beaucoup pour que jamais je n\u2019arr\u00eate peu importe la discipline, aujourd\u2019hui je le remercie car quand je rentrais des entrainements j\u2019\u00e9tais trop fatigu\u00e9 pour trainer dans la rue <span dir=\"ltr\" role=\"presentation\">\u00bb.<\/span><\/p>\n<hr \/>\n<p><span style=\"background-color: #000000; color: #ffffff;\"><strong>Depuis quand pratiquez-vous la course \u00e0 pied, quelles courses d\u00e9j\u00e0 courues ?<\/strong><\/span><\/p>\n<p><span dir=\"ltr\" role=\"presentation\">\u00ab<\/span> <strong>La course \u00e0 pied m\u2019a un peu \u00e9t\u00e9 impos\u00e9 en 2013<\/strong>, mon m\u00e9tier m\u2019oblige \u00e0 me maintenir en forme physiquement et la base pour nous (militaires) reste le bon vieux footing, sauf que quand on ne prend pas de plaisir on ne progresse jamais. D\u2019o\u00f9 <strong>ma phrase pr\u00e9f\u00e9r\u00e9e : APPRENDRE A AIMER COURIR.<\/strong><\/p>\n<p>Depuis j\u2019ai accroch\u00e9 quelques dossards comme la fameuse Saint\u00e9lyon (23 et 45 km), le trail du lac de Paladru \u00e0 deux reprises, les deux \u00e9ditions de la trace des Maquisards, l\u2019Ultra 01 et pas mal de petites courses locales que j\u2019affectionne aussi <span dir=\"ltr\" role=\"presentation\">\u00bb.<\/span><\/p>\n<p><span style=\"background-color: #000000; color: #ffffff;\"><strong>Vos points forts dans cette discipline ?<\/strong><\/span><\/p>\n<p><span dir=\"ltr\" role=\"presentation\">\u00ab<\/span> <strong>Je pense ne pas avoir de r\u00e9el point fort<\/strong> m\u00eame si j\u2019adore les descentes sur sentier tr\u00e8s technique, on dit souvent autour de moi que je progresse vite, l\u2019ann\u00e9e derni\u00e8re mon record sur 10 km \u00e9tait de 41 minutes, pourquoi pas cette ann\u00e9e passer la barre des 37 &lsquo;, m\u00eame si ce n\u2019est pas le genre d\u2019effort que j\u2019affectionne le plus <span dir=\"ltr\" role=\"presentation\">\u00bb.<\/span><\/p>\n<p><span style=\"color: #ffffff; background-color: #000000;\"><strong>Vos projets et ambitions pour cette ann\u00e9e ?<\/strong><\/span><\/p>\n<p><span dir=\"ltr\" role=\"presentation\">\u00ab<\/span> <strong>Mon objectif phare cette ann\u00e9e est le Tiger Balm marathon de l\u2019ultra 01<\/strong>, il me tient \u00e0 c\u0153ur de faire mieux que l\u2019an dernier, puis <strong>continuer \u00e0 faire rayonner notre belle association sur des diff\u00e9rents \u00e9v\u00e8nements<\/strong> <span dir=\"ltr\" role=\"presentation\">\u00bb.<\/span><\/p>\n<hr \/>\n<p><span style=\"background-color: #000000; color: #ffffff;\"><strong><img loading=\"lazy\" decoding=\"async\" class=\"alignleft wp-image-181683\" src=\"https:\/\/newsestlyonnais.fr\/site\/wp-content\/uploads\/2023\/05\/346104787_539977385011602_8125632978054036841_n-400x711.jpg\" alt=\"\" width=\"180\" height=\"320\" srcset=\"https:\/\/newsestlyonnais.fr\/site\/wp-content\/uploads\/2023\/05\/346104787_539977385011602_8125632978054036841_n-400x711.jpg 400w, https:\/\/newsestlyonnais.fr\/site\/wp-content\/uploads\/2023\/05\/346104787_539977385011602_8125632978054036841_n-650x1156.jpg 650w, https:\/\/newsestlyonnais.fr\/site\/wp-content\/uploads\/2023\/05\/346104787_539977385011602_8125632978054036841_n-250x444.jpg 250w, https:\/\/newsestlyonnais.fr\/site\/wp-content\/uploads\/2023\/05\/346104787_539977385011602_8125632978054036841_n-150x267.jpg 150w, https:\/\/newsestlyonnais.fr\/site\/wp-content\/uploads\/2023\/05\/346104787_539977385011602_8125632978054036841_n-50x89.jpg 50w, https:\/\/newsestlyonnais.fr\/site\/wp-content\/uploads\/2023\/05\/346104787_539977385011602_8125632978054036841_n-100x178.jpg 100w, https:\/\/newsestlyonnais.fr\/site\/wp-content\/uploads\/2023\/05\/346104787_539977385011602_8125632978054036841_n-200x356.jpg 200w, https:\/\/newsestlyonnais.fr\/site\/wp-content\/uploads\/2023\/05\/346104787_539977385011602_8125632978054036841_n-300x533.jpg 300w, https:\/\/newsestlyonnais.fr\/site\/wp-content\/uploads\/2023\/05\/346104787_539977385011602_8125632978054036841_n-350x622.jpg 350w, https:\/\/newsestlyonnais.fr\/site\/wp-content\/uploads\/2023\/05\/346104787_539977385011602_8125632978054036841_n-450x800.jpg 450w, https:\/\/newsestlyonnais.fr\/site\/wp-content\/uploads\/2023\/05\/346104787_539977385011602_8125632978054036841_n-500x889.jpg 500w, https:\/\/newsestlyonnais.fr\/site\/wp-content\/uploads\/2023\/05\/346104787_539977385011602_8125632978054036841_n-550x978.jpg 550w, https:\/\/newsestlyonnais.fr\/site\/wp-content\/uploads\/2023\/05\/346104787_539977385011602_8125632978054036841_n.jpg 675w\" sizes=\"auto, (max-width: 180px) 100vw, 180px\" \/>Dans votre agenda sportif d\u2019ici la fin de l\u2019ann\u00e9e ?<\/strong><\/span><\/p>\n<ul>\n<li>10 juin &gt; Tiger Balm marathon ultra 01 (45 km \/ 1.500 d+)<\/li>\n<li>25 juin &gt; Bressolline (12 km \/ 200 d+)<\/li>\n<li>9 juillet &gt; Trail des Passerelles de Monteynard (68 km \/ 3.500 d+ en relais \u00e0 3)<\/li>\n<li>3 septembre &gt; Ronde des Ramequins (28 km \/ 1.000 d+)<\/li>\n<li>9 septembre &gt; Trail de Serre-Chevalier (25 km \/ 1.000 d+)<\/li>\n<li>24 septembre &gt; Saint So course (11 km \/ 400 d+)<\/li>\n<li>12 novembre &gt; Trail des Roches (21 km \/ 700 d+)<\/li>\n<li>2 d\u00e9cembre &gt; Asics Saintelyon (12 km \/ 250 d+)<\/li>\n<li>16 d\u00e9cembre &gt; la Praille Hauteville (8 km \/ 200 d+)<\/li>\n<li>17 d\u00e9cembre &gt; Amb\u00e9rieu (10 km \/ 400 d+) <span dir=\"ltr\" role=\"presentation\">\u00bb.<\/span><\/li>\n<\/ul>\n<hr \/>\n<p><strong><span style=\"background-color: #000000; color: #ffffff;\">Vous \u00eates membre du \u00ab <span style=\"color: #0000ff;\"><a style=\"color: #0000ff;\" href=\"https:\/\/www.facebook.com\/RunTrailLesLoups\">Run Trail Les Loups<\/a><\/span> \u00ab depuis quand ? que vous apporte cette assoc ?<\/span><\/strong><\/p>\n<p><span dir=\"ltr\" role=\"presentation\">\u00ab<\/span> <strong>J\u2019ai vu cette association naitre et grandir<\/strong>, en effet j\u2019entendais souvent mes deux amis (Mathieu et Jean-Loup) en parler, ils sont maintenant co-fondateurs. <strong>Je suis fier d\u2019\u00eatre membre du bureau aujourd\u2019hui<\/strong>, gr\u00e2ce \u00e0 cette association je vais bient\u00f4t vivre une exp\u00e9rience plus ou moins incroyable <strong>car je serai directeur de course de \u00ab\u00a0La Dagnarde \u00ab\u00a0<\/strong>dont nous sommes fi\u00e8rement les nouveaux organisateurs en collaboration avec la mairie de Dagneux.<\/p>\n<p><strong>Au sein du groupe nous sommes vraiment une famille unie avec beaucoup de bienveillance et d\u2019entraide<\/strong>, ce qui ne nous emp\u00eache pas de se \u00a0\u00bb tirer la bourre \u00a0\u00bb \u00e0 l\u2019entrainement, ainsi que sur les segments <span dir=\"ltr\" role=\"presentation\">\u00bb.<\/span><\/p>\n<hr \/>\n<p><strong><span style=\"background-color: #000000; color: #ffffff;\">Et pour conclure ?<\/span><\/strong><\/p>\n<p><span dir=\"ltr\" role=\"presentation\">\u00ab<\/span> <strong>Une petite anecdote pour finir, sur le 10 km de la Saint So course en 2022<\/strong> je prends un tr\u00e8s bon<br \/>\nd\u00e9part, \u00e0 tel point qu\u2019on se retrouve \u00e0 discuter avec Caroline Delort (top 10) au 5\u00b0 kilom\u00e8tre \u00e0 16 km\/h, puis arrive le moment des premi\u00e8res mont\u00e9es o\u00f9 elle prend de l\u2019avance.<\/p>\n<p>J\u2019essaie alors de m\u2019\u00e9conomiser pour la descente lorsqu\u2019un autre coureur me double, je d\u00e9cide alors de le suivre mais quelques kilom\u00e8tres plus loin, plus de balisage, nous nous sommes perdus.<\/p>\n<p><strong>Je finis ce 10 km avec 14 km \u00e0 la montre<\/strong> et class\u00e9 163\u00b0, avec du recul ce sont des faits de courses qui arrivent, je n\u2019avais qu&rsquo;\u00e0 ouvrir les yeux ou aller courir autour d\u2019une piste (rire) <span dir=\"ltr\" role=\"presentation\">\u00bb<\/span>.<\/p>\n<hr \/>\n<div id='gallery-1' class='gallery galleryid-181642 gallery-columns-3 gallery-size-large'><figure class='gallery-item'>\n\t\t\t<div class='gallery-icon portrait'>\n\t\t\t\t<a href='https:\/\/newsestlyonnais.fr\/site\/2023\/05\/17\/didier-robert-la-course-ma-un-peu-ete-imposee-mon-metier-mobligeant-a-me-maintenir-en-forme\/346101457_9268141256589560_699938482729600163_n\/'><img loading=\"lazy\" decoding=\"async\" width=\"562\" height=\"750\" src=\"https:\/\/newsestlyonnais.fr\/site\/wp-content\/uploads\/2023\/05\/346101457_9268141256589560_699938482729600163_n-650x867.jpg\" class=\"attachment-large size-large\" alt=\"\" srcset=\"https:\/\/newsestlyonnais.fr\/site\/wp-content\/uploads\/2023\/05\/346101457_9268141256589560_699938482729600163_n-650x867.jpg 650w, https:\/\/newsestlyonnais.fr\/site\/wp-content\/uploads\/2023\/05\/346101457_9268141256589560_699938482729600163_n-400x533.jpg 400w, https:\/\/newsestlyonnais.fr\/site\/wp-content\/uploads\/2023\/05\/346101457_9268141256589560_699938482729600163_n-250x333.jpg 250w, https:\/\/newsestlyonnais.fr\/site\/wp-content\/uploads\/2023\/05\/346101457_9268141256589560_699938482729600163_n-768x1024.jpg 768w, https:\/\/newsestlyonnais.fr\/site\/wp-content\/uploads\/2023\/05\/346101457_9268141256589560_699938482729600163_n-150x200.jpg 150w, https:\/\/newsestlyonnais.fr\/site\/wp-content\/uploads\/2023\/05\/346101457_9268141256589560_699938482729600163_n-50x67.jpg 50w, https:\/\/newsestlyonnais.fr\/site\/wp-content\/uploads\/2023\/05\/346101457_9268141256589560_699938482729600163_n-100x133.jpg 100w, https:\/\/newsestlyonnais.fr\/site\/wp-content\/uploads\/2023\/05\/346101457_9268141256589560_699938482729600163_n-200x267.jpg 200w, https:\/\/newsestlyonnais.fr\/site\/wp-content\/uploads\/2023\/05\/346101457_9268141256589560_699938482729600163_n-300x400.jpg 300w, https:\/\/newsestlyonnais.fr\/site\/wp-content\/uploads\/2023\/05\/346101457_9268141256589560_699938482729600163_n-350x467.jpg 350w, https:\/\/newsestlyonnais.fr\/site\/wp-content\/uploads\/2023\/05\/346101457_9268141256589560_699938482729600163_n-450x600.jpg 450w, https:\/\/newsestlyonnais.fr\/site\/wp-content\/uploads\/2023\/05\/346101457_9268141256589560_699938482729600163_n-500x667.jpg 500w, https:\/\/newsestlyonnais.fr\/site\/wp-content\/uploads\/2023\/05\/346101457_9268141256589560_699938482729600163_n-550x733.jpg 550w, https:\/\/newsestlyonnais.fr\/site\/wp-content\/uploads\/2023\/05\/346101457_9268141256589560_699938482729600163_n-800x1067.jpg 800w, https:\/\/newsestlyonnais.fr\/site\/wp-content\/uploads\/2023\/05\/346101457_9268141256589560_699938482729600163_n.jpg 900w\" sizes=\"auto, (max-width: 562px) 100vw, 562px\" \/><\/a>\n\t\t\t<\/div><\/figure><figure class='gallery-item'>\n\t\t\t<div class='gallery-icon portrait'>\n\t\t\t\t<a href='https:\/\/newsestlyonnais.fr\/site\/2023\/05\/17\/didier-robert-la-course-ma-un-peu-ete-imposee-mon-metier-mobligeant-a-me-maintenir-en-forme\/346109415_952385809293315_4427490653698090433_n\/'><img loading=\"lazy\" decoding=\"async\" width=\"527\" height=\"750\" src=\"https:\/\/newsestlyonnais.fr\/site\/wp-content\/uploads\/2023\/05\/346109415_952385809293315_4427490653698090433_n-650x925.jpg\" class=\"attachment-large size-large\" alt=\"\" srcset=\"https:\/\/newsestlyonnais.fr\/site\/wp-content\/uploads\/2023\/05\/346109415_952385809293315_4427490653698090433_n-650x925.jpg 650w, https:\/\/newsestlyonnais.fr\/site\/wp-content\/uploads\/2023\/05\/346109415_952385809293315_4427490653698090433_n-400x569.jpg 400w, https:\/\/newsestlyonnais.fr\/site\/wp-content\/uploads\/2023\/05\/346109415_952385809293315_4427490653698090433_n-250x356.jpg 250w, https:\/\/newsestlyonnais.fr\/site\/wp-content\/uploads\/2023\/05\/346109415_952385809293315_4427490653698090433_n-768x1093.jpg 768w, https:\/\/newsestlyonnais.fr\/site\/wp-content\/uploads\/2023\/05\/346109415_952385809293315_4427490653698090433_n-150x214.jpg 150w, https:\/\/newsestlyonnais.fr\/site\/wp-content\/uploads\/2023\/05\/346109415_952385809293315_4427490653698090433_n-50x71.jpg 50w, https:\/\/newsestlyonnais.fr\/site\/wp-content\/uploads\/2023\/05\/346109415_952385809293315_4427490653698090433_n-100x142.jpg 100w, https:\/\/newsestlyonnais.fr\/site\/wp-content\/uploads\/2023\/05\/346109415_952385809293315_4427490653698090433_n-200x285.jpg 200w, https:\/\/newsestlyonnais.fr\/site\/wp-content\/uploads\/2023\/05\/346109415_952385809293315_4427490653698090433_n-300x427.jpg 300w, https:\/\/newsestlyonnais.fr\/site\/wp-content\/uploads\/2023\/05\/346109415_952385809293315_4427490653698090433_n-350x498.jpg 350w, https:\/\/newsestlyonnais.fr\/site\/wp-content\/uploads\/2023\/05\/346109415_952385809293315_4427490653698090433_n-450x641.jpg 450w, https:\/\/newsestlyonnais.fr\/site\/wp-content\/uploads\/2023\/05\/346109415_952385809293315_4427490653698090433_n-500x712.jpg 500w, https:\/\/newsestlyonnais.fr\/site\/wp-content\/uploads\/2023\/05\/346109415_952385809293315_4427490653698090433_n-550x783.jpg 550w, https:\/\/newsestlyonnais.fr\/site\/wp-content\/uploads\/2023\/05\/346109415_952385809293315_4427490653698090433_n-800x1139.jpg 800w, https:\/\/newsestlyonnais.fr\/site\/wp-content\/uploads\/2023\/05\/346109415_952385809293315_4427490653698090433_n.jpg 843w\" sizes=\"auto, (max-width: 527px) 100vw, 527px\" \/><\/a>\n\t\t\t<\/div><\/figure><figure class='gallery-item'>\n\t\t\t<div class='gallery-icon portrait'>\n\t\t\t\t<a href='https:\/\/newsestlyonnais.fr\/site\/2023\/05\/17\/didier-robert-la-course-ma-un-peu-ete-imposee-mon-metier-mobligeant-a-me-maintenir-en-forme\/346112390_567634215548493_3699199005591035334_n\/'><img loading=\"lazy\" decoding=\"async\" width=\"338\" height=\"750\" src=\"https:\/\/newsestlyonnais.fr\/site\/wp-content\/uploads\/2023\/05\/346112390_567634215548493_3699199005591035334_n.jpg\" class=\"attachment-large size-large\" alt=\"\" srcset=\"https:\/\/newsestlyonnais.fr\/site\/wp-content\/uploads\/2023\/05\/346112390_567634215548493_3699199005591035334_n.jpg 540w, https:\/\/newsestlyonnais.fr\/site\/wp-content\/uploads\/2023\/05\/346112390_567634215548493_3699199005591035334_n-400x889.jpg 400w, https:\/\/newsestlyonnais.fr\/site\/wp-content\/uploads\/2023\/05\/346112390_567634215548493_3699199005591035334_n-250x556.jpg 250w, https:\/\/newsestlyonnais.fr\/site\/wp-content\/uploads\/2023\/05\/346112390_567634215548493_3699199005591035334_n-150x333.jpg 150w, https:\/\/newsestlyonnais.fr\/site\/wp-content\/uploads\/2023\/05\/346112390_567634215548493_3699199005591035334_n-50x111.jpg 50w, https:\/\/newsestlyonnais.fr\/site\/wp-content\/uploads\/2023\/05\/346112390_567634215548493_3699199005591035334_n-100x222.jpg 100w, https:\/\/newsestlyonnais.fr\/site\/wp-content\/uploads\/2023\/05\/346112390_567634215548493_3699199005591035334_n-200x444.jpg 200w, https:\/\/newsestlyonnais.fr\/site\/wp-content\/uploads\/2023\/05\/346112390_567634215548493_3699199005591035334_n-300x667.jpg 300w, https:\/\/newsestlyonnais.fr\/site\/wp-content\/uploads\/2023\/05\/346112390_567634215548493_3699199005591035334_n-350x778.jpg 350w, https:\/\/newsestlyonnais.fr\/site\/wp-content\/uploads\/2023\/05\/346112390_567634215548493_3699199005591035334_n-450x1000.jpg 450w, https:\/\/newsestlyonnais.fr\/site\/wp-content\/uploads\/2023\/05\/346112390_567634215548493_3699199005591035334_n-500x1111.jpg 500w\" sizes=\"auto, (max-width: 338px) 100vw, 338px\" \/><\/a>\n\t\t\t<\/div><\/figure><figure class='gallery-item'>\n\t\t\t<div class='gallery-icon portrait'>\n\t\t\t\t<a href='https:\/\/newsestlyonnais.fr\/site\/2023\/05\/17\/didier-robert-la-course-ma-un-peu-ete-imposee-mon-metier-mobligeant-a-me-maintenir-en-forme\/346132151_241480808469407_5586260089608522069_n\/'><img loading=\"lazy\" decoding=\"async\" width=\"422\" height=\"750\" src=\"https:\/\/newsestlyonnais.fr\/site\/wp-content\/uploads\/2023\/05\/346132151_241480808469407_5586260089608522069_n-650x1156.jpg\" class=\"attachment-large size-large\" alt=\"\" srcset=\"https:\/\/newsestlyonnais.fr\/site\/wp-content\/uploads\/2023\/05\/346132151_241480808469407_5586260089608522069_n-650x1156.jpg 650w, https:\/\/newsestlyonnais.fr\/site\/wp-content\/uploads\/2023\/05\/346132151_241480808469407_5586260089608522069_n-400x711.jpg 400w, https:\/\/newsestlyonnais.fr\/site\/wp-content\/uploads\/2023\/05\/346132151_241480808469407_5586260089608522069_n-250x444.jpg 250w, https:\/\/newsestlyonnais.fr\/site\/wp-content\/uploads\/2023\/05\/346132151_241480808469407_5586260089608522069_n-150x267.jpg 150w, https:\/\/newsestlyonnais.fr\/site\/wp-content\/uploads\/2023\/05\/346132151_241480808469407_5586260089608522069_n-50x89.jpg 50w, https:\/\/newsestlyonnais.fr\/site\/wp-content\/uploads\/2023\/05\/346132151_241480808469407_5586260089608522069_n-100x178.jpg 100w, https:\/\/newsestlyonnais.fr\/site\/wp-content\/uploads\/2023\/05\/346132151_241480808469407_5586260089608522069_n-200x356.jpg 200w, https:\/\/newsestlyonnais.fr\/site\/wp-content\/uploads\/2023\/05\/346132151_241480808469407_5586260089608522069_n-300x533.jpg 300w, https:\/\/newsestlyonnais.fr\/site\/wp-content\/uploads\/2023\/05\/346132151_241480808469407_5586260089608522069_n-350x622.jpg 350w, https:\/\/newsestlyonnais.fr\/site\/wp-content\/uploads\/2023\/05\/346132151_241480808469407_5586260089608522069_n-450x800.jpg 450w, https:\/\/newsestlyonnais.fr\/site\/wp-content\/uploads\/2023\/05\/346132151_241480808469407_5586260089608522069_n-500x889.jpg 500w, https:\/\/newsestlyonnais.fr\/site\/wp-content\/uploads\/2023\/05\/346132151_241480808469407_5586260089608522069_n-550x978.jpg 550w, https:\/\/newsestlyonnais.fr\/site\/wp-content\/uploads\/2023\/05\/346132151_241480808469407_5586260089608522069_n.jpg 675w\" sizes=\"auto, (max-width: 422px) 100vw, 422px\" \/><\/a>\n\t\t\t<\/div><\/figure>\n\t\t<\/div>\n\n","protected":false},"excerpt":{"rendered":"<p>Le traileur aindinois qui pratique la discipline depuis une d\u00e9cennie a \u00e9t\u00e9 d\u00e9sign\u00e9 directeur de course de \u00ab\u00a0La Dagnarde\u00a0\u00bb, \u00e9preuve qui aura lieu fin ao\u00fbt.<\/p>\n","protected":false},"author":4,"featured_media":181686,"comment_status":"open","ping_status":"open","sticky":false,"template":"","format":"standard","meta":{"footnotes":""},"categories":[156,4153,2968,4286,137],"tags":[4009,4754,4369,4715,2078],"class_list":["post-181642","post","type-post","status-publish","format-standard","has-post-thumbnail","hentry","category-ain","category-ain-isere","category-athle-course-pied-marche","category-interview-a-la-une","category-interviews","tag-course","tag-didier-robert","tag-la-dagnarde","tag-run-trail-les-loups","tag-trail"],"yoast_head":"<!-- This site is optimized with the Yoast SEO plugin v27.2 - https:\/\/yoast.com\/product\/yoast-seo-wordpress\/ -->\n<title>Didier Robert \u00ab La course m\u2019a un peu \u00e9t\u00e9 impos\u00e9e, mon m\u00e9tier m\u2019obligeant \u00e0 me maintenir en forme \u00bb - News Est Lyonnais<\/title>\n<meta name=\"description\" content=\"Didier Robert \u00ab La course m\u2019a un peu \u00e9t\u00e9 impos\u00e9e, mon m\u00e9tier m\u2019obligeant \u00e0 me maintenir en forme \u00bb\" \/>\n<meta name=\"robots\" content=\"index, follow, max-snippet:-1, max-image-preview:large, max-video-preview:-1\" \/>\n<link rel=\"canonical\" href=\"https:\/\/newsestlyonnais.fr\/site\/2023\/05\/17\/didier-robert-la-course-ma-un-peu-ete-imposee-mon-metier-mobligeant-a-me-maintenir-en-forme\/\" \/>\n<meta property=\"og:locale\" content=\"fr_FR\" \/>\n<meta property=\"og:type\" content=\"article\" \/>\n<meta property=\"og:title\" content=\"Didier Robert \u00ab La course m\u2019a un peu \u00e9t\u00e9 impos\u00e9e, mon m\u00e9tier m\u2019obligeant \u00e0 me maintenir en forme \u00bb - News Est Lyonnais\" \/>\n<meta property=\"og:description\" content=\"Didier Robert \u00ab La course m\u2019a un peu \u00e9t\u00e9 impos\u00e9e, mon m\u00e9tier m\u2019obligeant \u00e0 me maintenir en forme \u00bb\" \/>\n<meta property=\"og:url\" content=\"https:\/\/newsestlyonnais.fr\/site\/2023\/05\/17\/didier-robert-la-course-ma-un-peu-ete-imposee-mon-metier-mobligeant-a-me-maintenir-en-forme\/\" \/>\n<meta property=\"og:site_name\" content=\"News Est Lyonnais\" \/>\n<meta property=\"article:author\" content=\"https:\/\/www.facebook.com\/pascal.oberson.1?fref=ts\" \/>\n<meta property=\"article:published_time\" content=\"2023-05-17T07:10:06+00:00\" \/>\n<meta property=\"article:modified_time\" content=\"2023-05-17T07:10:52+00:00\" \/>\n<meta property=\"og:image\" content=\"https:\/\/newsestlyonnais.fr\/site\/wp-content\/uploads\/2023\/05\/346097207_1340472116811697_4783394377247250204_n.jpg\" \/>\n\t<meta property=\"og:image:width\" content=\"1200\" \/>\n\t<meta property=\"og:image:height\" content=\"800\" \/>\n\t<meta property=\"og:image:type\" content=\"image\/jpeg\" \/>\n<meta name=\"author\" content=\"R\u00e9dac. NEWS\" \/>\n<meta name=\"twitter:card\" content=\"summary_large_image\" \/>\n<meta name=\"twitter:label1\" content=\"\u00c9crit par\" \/>\n\t<meta name=\"twitter:data1\" content=\"R\u00e9dac. NEWS\" \/>\n\t<meta name=\"twitter:label2\" content=\"Dur\u00e9e de lecture estim\u00e9e\" \/>\n\t<meta name=\"twitter:data2\" content=\"5 minutes\" \/>\n<script type=\"application\/ld+json\" class=\"yoast-schema-graph\">{\"@context\":\"https:\/\/schema.org\",\"@graph\":[{\"@type\":\"Article\",\"@id\":\"https:\/\/newsestlyonnais.fr\/site\/2023\/05\/17\/didier-robert-la-course-ma-un-peu-ete-imposee-mon-metier-mobligeant-a-me-maintenir-en-forme\/#article\",\"isPartOf\":{\"@id\":\"https:\/\/newsestlyonnais.fr\/site\/2023\/05\/17\/didier-robert-la-course-ma-un-peu-ete-imposee-mon-metier-mobligeant-a-me-maintenir-en-forme\/\"},\"author\":{\"name\":\"R\u00e9dac. NEWS\",\"@id\":\"https:\/\/newsestlyonnais.fr\/site\/#\/schema\/person\/3230d5615f390bb808365d673001e887\"},\"headline\":\"Didier Robert \u00ab La course m\u2019a un peu \u00e9t\u00e9 impos\u00e9e, mon m\u00e9tier m\u2019obligeant \u00e0 me maintenir en forme \u00bb\",\"datePublished\":\"2023-05-17T07:10:06+00:00\",\"dateModified\":\"2023-05-17T07:10:52+00:00\",\"mainEntityOfPage\":{\"@id\":\"https:\/\/newsestlyonnais.fr\/site\/2023\/05\/17\/didier-robert-la-course-ma-un-peu-ete-imposee-mon-metier-mobligeant-a-me-maintenir-en-forme\/\"},\"wordCount\":738,\"commentCount\":0,\"publisher\":{\"@id\":\"https:\/\/newsestlyonnais.fr\/site\/#organization\"},\"image\":{\"@id\":\"https:\/\/newsestlyonnais.fr\/site\/2023\/05\/17\/didier-robert-la-course-ma-un-peu-ete-imposee-mon-metier-mobligeant-a-me-maintenir-en-forme\/#primaryimage\"},\"thumbnailUrl\":\"https:\/\/newsestlyonnais.fr\/site\/wp-content\/uploads\/2023\/05\/346097207_1340472116811697_4783394377247250204_n.jpg\",\"keywords\":[\"COURSE\",\"Didier Robert\",\"LA DAGNARDE\",\"Run Trail Les Loups\",\"TRAIL\"],\"articleSection\":[\"Ain (01)\",\"Ain | Is\u00e8re\",\"Athl\u00e9 | Course pied | Marche\",\"Interview \u00e0 la une\",\"Interviews\"],\"inLanguage\":\"fr-FR\",\"potentialAction\":[{\"@type\":\"CommentAction\",\"name\":\"Comment\",\"target\":[\"https:\/\/newsestlyonnais.fr\/site\/2023\/05\/17\/didier-robert-la-course-ma-un-peu-ete-imposee-mon-metier-mobligeant-a-me-maintenir-en-forme\/#respond\"]}]},{\"@type\":\"WebPage\",\"@id\":\"https:\/\/newsestlyonnais.fr\/site\/2023\/05\/17\/didier-robert-la-course-ma-un-peu-ete-imposee-mon-metier-mobligeant-a-me-maintenir-en-forme\/\",\"url\":\"https:\/\/newsestlyonnais.fr\/site\/2023\/05\/17\/didier-robert-la-course-ma-un-peu-ete-imposee-mon-metier-mobligeant-a-me-maintenir-en-forme\/\",\"name\":\"Didier Robert \u00ab La course m\u2019a un peu \u00e9t\u00e9 impos\u00e9e, mon m\u00e9tier m\u2019obligeant \u00e0 me maintenir en forme \u00bb - News Est Lyonnais\",\"isPartOf\":{\"@id\":\"https:\/\/newsestlyonnais.fr\/site\/#website\"},\"primaryImageOfPage\":{\"@id\":\"https:\/\/newsestlyonnais.fr\/site\/2023\/05\/17\/didier-robert-la-course-ma-un-peu-ete-imposee-mon-metier-mobligeant-a-me-maintenir-en-forme\/#primaryimage\"},\"image\":{\"@id\":\"https:\/\/newsestlyonnais.fr\/site\/2023\/05\/17\/didier-robert-la-course-ma-un-peu-ete-imposee-mon-metier-mobligeant-a-me-maintenir-en-forme\/#primaryimage\"},\"thumbnailUrl\":\"https:\/\/newsestlyonnais.fr\/site\/wp-content\/uploads\/2023\/05\/346097207_1340472116811697_4783394377247250204_n.jpg\",\"datePublished\":\"2023-05-17T07:10:06+00:00\",\"dateModified\":\"2023-05-17T07:10:52+00:00\",\"description\":\"Didier Robert \u00ab La course m\u2019a un peu \u00e9t\u00e9 impos\u00e9e, mon m\u00e9tier m\u2019obligeant \u00e0 me maintenir en forme \u00bb\",\"breadcrumb\":{\"@id\":\"https:\/\/newsestlyonnais.fr\/site\/2023\/05\/17\/didier-robert-la-course-ma-un-peu-ete-imposee-mon-metier-mobligeant-a-me-maintenir-en-forme\/#breadcrumb\"},\"inLanguage\":\"fr-FR\",\"potentialAction\":[{\"@type\":\"ReadAction\",\"target\":[\"https:\/\/newsestlyonnais.fr\/site\/2023\/05\/17\/didier-robert-la-course-ma-un-peu-ete-imposee-mon-metier-mobligeant-a-me-maintenir-en-forme\/\"]}]},{\"@type\":\"ImageObject\",\"inLanguage\":\"fr-FR\",\"@id\":\"https:\/\/newsestlyonnais.fr\/site\/2023\/05\/17\/didier-robert-la-course-ma-un-peu-ete-imposee-mon-metier-mobligeant-a-me-maintenir-en-forme\/#primaryimage\",\"url\":\"https:\/\/newsestlyonnais.fr\/site\/wp-content\/uploads\/2023\/05\/346097207_1340472116811697_4783394377247250204_n.jpg\",\"contentUrl\":\"https:\/\/newsestlyonnais.fr\/site\/wp-content\/uploads\/2023\/05\/346097207_1340472116811697_4783394377247250204_n.jpg\",\"width\":1200,\"height\":800},{\"@type\":\"BreadcrumbList\",\"@id\":\"https:\/\/newsestlyonnais.fr\/site\/2023\/05\/17\/didier-robert-la-course-ma-un-peu-ete-imposee-mon-metier-mobligeant-a-me-maintenir-en-forme\/#breadcrumb\",\"itemListElement\":[{\"@type\":\"ListItem\",\"position\":1,\"name\":\"Accueil\",\"item\":\"https:\/\/newsestlyonnais.fr\/site\/\"},{\"@type\":\"ListItem\",\"position\":2,\"name\":\"Didier Robert \u00ab La course m\u2019a un peu \u00e9t\u00e9 impos\u00e9e, mon m\u00e9tier m\u2019obligeant \u00e0 me maintenir en forme \u00bb\"}]},{\"@type\":\"WebSite\",\"@id\":\"https:\/\/newsestlyonnais.fr\/site\/#website\",\"url\":\"https:\/\/newsestlyonnais.fr\/site\/\",\"name\":\"News Est Lyonnais\",\"description\":\"L&#039;actualit\u00e9 au plus pr\u00e8s\",\"publisher\":{\"@id\":\"https:\/\/newsestlyonnais.fr\/site\/#organization\"},\"potentialAction\":[{\"@type\":\"SearchAction\",\"target\":{\"@type\":\"EntryPoint\",\"urlTemplate\":\"https:\/\/newsestlyonnais.fr\/site\/?s={search_term_string}\"},\"query-input\":{\"@type\":\"PropertyValueSpecification\",\"valueRequired\":true,\"valueName\":\"search_term_string\"}}],\"inLanguage\":\"fr-FR\"},{\"@type\":\"Organization\",\"@id\":\"https:\/\/newsestlyonnais.fr\/site\/#organization\",\"name\":\"News EST LYONNAIS\",\"url\":\"https:\/\/newsestlyonnais.fr\/site\/\",\"logo\":{\"@type\":\"ImageObject\",\"inLanguage\":\"fr-FR\",\"@id\":\"https:\/\/newsestlyonnais.fr\/site\/#\/schema\/logo\/image\/\",\"url\":\"\",\"contentUrl\":\"\",\"caption\":\"News EST LYONNAIS\"},\"image\":{\"@id\":\"https:\/\/newsestlyonnais.fr\/site\/#\/schema\/logo\/image\/\"}},{\"@type\":\"Person\",\"@id\":\"https:\/\/newsestlyonnais.fr\/site\/#\/schema\/person\/3230d5615f390bb808365d673001e887\",\"name\":\"R\u00e9dac. NEWS\",\"sameAs\":[\"http:\/\/www.newsestlyonnais.fr\",\"https:\/\/www.facebook.com\/pascal.oberson.1?fref=ts\",\"https:\/\/fr.linkedin.com\/in\/pascal-oberson-b17045113\"],\"url\":\"https:\/\/newsestlyonnais.fr\/site\/author\/nel\/\"}]}<\/script>\n<!-- \/ Yoast SEO plugin. -->","yoast_head_json":{"title":"Didier Robert \u00ab La course m\u2019a un peu \u00e9t\u00e9 impos\u00e9e, mon m\u00e9tier m\u2019obligeant \u00e0 me maintenir en forme \u00bb - News Est Lyonnais","description":"Didier Robert \u00ab La course m\u2019a un peu \u00e9t\u00e9 impos\u00e9e, mon m\u00e9tier m\u2019obligeant \u00e0 me maintenir en forme \u00bb","robots":{"index":"index","follow":"follow","max-snippet":"max-snippet:-1","max-image-preview":"max-image-preview:large","max-video-preview":"max-video-preview:-1"},"canonical":"https:\/\/newsestlyonnais.fr\/site\/2023\/05\/17\/didier-robert-la-course-ma-un-peu-ete-imposee-mon-metier-mobligeant-a-me-maintenir-en-forme\/","og_locale":"fr_FR","og_type":"article","og_title":"Didier Robert \u00ab La course m\u2019a un peu \u00e9t\u00e9 impos\u00e9e, mon m\u00e9tier m\u2019obligeant \u00e0 me maintenir en forme \u00bb - News Est Lyonnais","og_description":"Didier Robert \u00ab La course m\u2019a un peu \u00e9t\u00e9 impos\u00e9e, mon m\u00e9tier m\u2019obligeant \u00e0 me maintenir en forme \u00bb","og_url":"https:\/\/newsestlyonnais.fr\/site\/2023\/05\/17\/didier-robert-la-course-ma-un-peu-ete-imposee-mon-metier-mobligeant-a-me-maintenir-en-forme\/","og_site_name":"News Est Lyonnais","article_author":"https:\/\/www.facebook.com\/pascal.oberson.1?fref=ts","article_published_time":"2023-05-17T07:10:06+00:00","article_modified_time":"2023-05-17T07:10:52+00:00","og_image":[{"width":1200,"height":800,"url":"https:\/\/newsestlyonnais.fr\/site\/wp-content\/uploads\/2023\/05\/346097207_1340472116811697_4783394377247250204_n.jpg","type":"image\/jpeg"}],"author":"R\u00e9dac. NEWS","twitter_card":"summary_large_image","twitter_misc":{"\u00c9crit par":"R\u00e9dac. NEWS","Dur\u00e9e de lecture estim\u00e9e":"5 minutes"},"schema":{"@context":"https:\/\/schema.org","@graph":[{"@type":"Article","@id":"https:\/\/newsestlyonnais.fr\/site\/2023\/05\/17\/didier-robert-la-course-ma-un-peu-ete-imposee-mon-metier-mobligeant-a-me-maintenir-en-forme\/#article","isPartOf":{"@id":"https:\/\/newsestlyonnais.fr\/site\/2023\/05\/17\/didier-robert-la-course-ma-un-peu-ete-imposee-mon-metier-mobligeant-a-me-maintenir-en-forme\/"},"author":{"name":"R\u00e9dac. NEWS","@id":"https:\/\/newsestlyonnais.fr\/site\/#\/schema\/person\/3230d5615f390bb808365d673001e887"},"headline":"Didier Robert \u00ab La course m\u2019a un peu \u00e9t\u00e9 impos\u00e9e, mon m\u00e9tier m\u2019obligeant \u00e0 me maintenir en forme \u00bb","datePublished":"2023-05-17T07:10:06+00:00","dateModified":"2023-05-17T07:10:52+00:00","mainEntityOfPage":{"@id":"https:\/\/newsestlyonnais.fr\/site\/2023\/05\/17\/didier-robert-la-course-ma-un-peu-ete-imposee-mon-metier-mobligeant-a-me-maintenir-en-forme\/"},"wordCount":738,"commentCount":0,"publisher":{"@id":"https:\/\/newsestlyonnais.fr\/site\/#organization"},"image":{"@id":"https:\/\/newsestlyonnais.fr\/site\/2023\/05\/17\/didier-robert-la-course-ma-un-peu-ete-imposee-mon-metier-mobligeant-a-me-maintenir-en-forme\/#primaryimage"},"thumbnailUrl":"https:\/\/newsestlyonnais.fr\/site\/wp-content\/uploads\/2023\/05\/346097207_1340472116811697_4783394377247250204_n.jpg","keywords":["COURSE","Didier Robert","LA DAGNARDE","Run Trail Les Loups","TRAIL"],"articleSection":["Ain (01)","Ain | Is\u00e8re","Athl\u00e9 | Course pied | Marche","Interview \u00e0 la une","Interviews"],"inLanguage":"fr-FR","potentialAction":[{"@type":"CommentAction","name":"Comment","target":["https:\/\/newsestlyonnais.fr\/site\/2023\/05\/17\/didier-robert-la-course-ma-un-peu-ete-imposee-mon-metier-mobligeant-a-me-maintenir-en-forme\/#respond"]}]},{"@type":"WebPage","@id":"https:\/\/newsestlyonnais.fr\/site\/2023\/05\/17\/didier-robert-la-course-ma-un-peu-ete-imposee-mon-metier-mobligeant-a-me-maintenir-en-forme\/","url":"https:\/\/newsestlyonnais.fr\/site\/2023\/05\/17\/didier-robert-la-course-ma-un-peu-ete-imposee-mon-metier-mobligeant-a-me-maintenir-en-forme\/","name":"Didier Robert \u00ab La course m\u2019a un peu \u00e9t\u00e9 impos\u00e9e, mon m\u00e9tier m\u2019obligeant \u00e0 me maintenir en forme \u00bb - News Est Lyonnais","isPartOf":{"@id":"https:\/\/newsestlyonnais.fr\/site\/#website"},"primaryImageOfPage":{"@id":"https:\/\/newsestlyonnais.fr\/site\/2023\/05\/17\/didier-robert-la-course-ma-un-peu-ete-imposee-mon-metier-mobligeant-a-me-maintenir-en-forme\/#primaryimage"},"image":{"@id":"https:\/\/newsestlyonnais.fr\/site\/2023\/05\/17\/didier-robert-la-course-ma-un-peu-ete-imposee-mon-metier-mobligeant-a-me-maintenir-en-forme\/#primaryimage"},"thumbnailUrl":"https:\/\/newsestlyonnais.fr\/site\/wp-content\/uploads\/2023\/05\/346097207_1340472116811697_4783394377247250204_n.jpg","datePublished":"2023-05-17T07:10:06+00:00","dateModified":"2023-05-17T07:10:52+00:00","description":"Didier Robert \u00ab La course m\u2019a un peu \u00e9t\u00e9 impos\u00e9e, mon m\u00e9tier m\u2019obligeant \u00e0 me maintenir en forme \u00bb","breadcrumb":{"@id":"https:\/\/newsestlyonnais.fr\/site\/2023\/05\/17\/didier-robert-la-course-ma-un-peu-ete-imposee-mon-metier-mobligeant-a-me-maintenir-en-forme\/#breadcrumb"},"inLanguage":"fr-FR","potentialAction":[{"@type":"ReadAction","target":["https:\/\/newsestlyonnais.fr\/site\/2023\/05\/17\/didier-robert-la-course-ma-un-peu-ete-imposee-mon-metier-mobligeant-a-me-maintenir-en-forme\/"]}]},{"@type":"ImageObject","inLanguage":"fr-FR","@id":"https:\/\/newsestlyonnais.fr\/site\/2023\/05\/17\/didier-robert-la-course-ma-un-peu-ete-imposee-mon-metier-mobligeant-a-me-maintenir-en-forme\/#primaryimage","url":"https:\/\/newsestlyonnais.fr\/site\/wp-content\/uploads\/2023\/05\/346097207_1340472116811697_4783394377247250204_n.jpg","contentUrl":"https:\/\/newsestlyonnais.fr\/site\/wp-content\/uploads\/2023\/05\/346097207_1340472116811697_4783394377247250204_n.jpg","width":1200,"height":800},{"@type":"BreadcrumbList","@id":"https:\/\/newsestlyonnais.fr\/site\/2023\/05\/17\/didier-robert-la-course-ma-un-peu-ete-imposee-mon-metier-mobligeant-a-me-maintenir-en-forme\/#breadcrumb","itemListElement":[{"@type":"ListItem","position":1,"name":"Accueil","item":"https:\/\/newsestlyonnais.fr\/site\/"},{"@type":"ListItem","position":2,"name":"Didier Robert \u00ab La course m\u2019a un peu \u00e9t\u00e9 impos\u00e9e, mon m\u00e9tier m\u2019obligeant \u00e0 me maintenir en forme \u00bb"}]},{"@type":"WebSite","@id":"https:\/\/newsestlyonnais.fr\/site\/#website","url":"https:\/\/newsestlyonnais.fr\/site\/","name":"News Est Lyonnais","description":"L&#039;actualit\u00e9 au plus pr\u00e8s","publisher":{"@id":"https:\/\/newsestlyonnais.fr\/site\/#organization"},"potentialAction":[{"@type":"SearchAction","target":{"@type":"EntryPoint","urlTemplate":"https:\/\/newsestlyonnais.fr\/site\/?s={search_term_string}"},"query-input":{"@type":"PropertyValueSpecification","valueRequired":true,"valueName":"search_term_string"}}],"inLanguage":"fr-FR"},{"@type":"Organization","@id":"https:\/\/newsestlyonnais.fr\/site\/#organization","name":"News EST LYONNAIS","url":"https:\/\/newsestlyonnais.fr\/site\/","logo":{"@type":"ImageObject","inLanguage":"fr-FR","@id":"https:\/\/newsestlyonnais.fr\/site\/#\/schema\/logo\/image\/","url":"","contentUrl":"","caption":"News EST LYONNAIS"},"image":{"@id":"https:\/\/newsestlyonnais.fr\/site\/#\/schema\/logo\/image\/"}},{"@type":"Person","@id":"https:\/\/newsestlyonnais.fr\/site\/#\/schema\/person\/3230d5615f390bb808365d673001e887","name":"R\u00e9dac. NEWS","sameAs":["http:\/\/www.newsestlyonnais.fr","https:\/\/www.facebook.com\/pascal.oberson.1?fref=ts","https:\/\/fr.linkedin.com\/in\/pascal-oberson-b17045113"],"url":"https:\/\/newsestlyonnais.fr\/site\/author\/nel\/"}]}},"_links":{"self":[{"href":"https:\/\/newsestlyonnais.fr\/site\/wp-json\/wp\/v2\/posts\/181642","targetHints":{"allow":["GET"]}}],"collection":[{"href":"https:\/\/newsestlyonnais.fr\/site\/wp-json\/wp\/v2\/posts"}],"about":[{"href":"https:\/\/newsestlyonnais.fr\/site\/wp-json\/wp\/v2\/types\/post"}],"author":[{"embeddable":true,"href":"https:\/\/newsestlyonnais.fr\/site\/wp-json\/wp\/v2\/users\/4"}],"replies":[{"embeddable":true,"href":"https:\/\/newsestlyonnais.fr\/site\/wp-json\/wp\/v2\/comments?post=181642"}],"version-history":[{"count":0,"href":"https:\/\/newsestlyonnais.fr\/site\/wp-json\/wp\/v2\/posts\/181642\/revisions"}],"wp:featuredmedia":[{"embeddable":true,"href":"https:\/\/newsestlyonnais.fr\/site\/wp-json\/wp\/v2\/media\/181686"}],"wp:attachment":[{"href":"https:\/\/newsestlyonnais.fr\/site\/wp-json\/wp\/v2\/media?parent=181642"}],"wp:term":[{"taxonomy":"category","embeddable":true,"href":"https:\/\/newsestlyonnais.fr\/site\/wp-json\/wp\/v2\/categories?post=181642"},{"taxonomy":"post_tag","embeddable":true,"href":"https:\/\/newsestlyonnais.fr\/site\/wp-json\/wp\/v2\/tags?post=181642"}],"curies":[{"name":"wp","href":"https:\/\/api.w.org\/{rel}","templated":true}]}}