{"id":181694,"date":"2023-05-11T05:58:20","date_gmt":"2023-05-11T04:58:20","guid":{"rendered":"https:\/\/newsestlyonnais.fr\/site\/?p=181694"},"modified":"2024-09-03T16:27:13","modified_gmt":"2024-09-03T15:27:13","slug":"newsestlyonnais-fr-partenaire-de-nombreux-evenements-2","status":"publish","type":"post","link":"https:\/\/newsestlyonnais.fr\/site\/2023\/05\/11\/newsestlyonnais-fr-partenaire-de-nombreux-evenements-2\/","title":{"rendered":"Newsestlyonnais.fr partenaire de nombreux \u00e9v\u00e8nements"},"content":{"rendered":"<p>Des partenariats sont ainsi fr\u00e9quemment mis en place avec les clubs et associations organisatrices de ces \u00e9v\u00e8nements.<\/p>\n<p><strong><em>Si vous \u00eates int\u00e9ress\u00e9s par ce type de collaboration : contact@newsestlyonnais.fr <\/em><\/strong><\/p>\n<hr \/>\n<p><span style=\"font-size: 14pt; color: #ff6600;\"><strong><span style=\"background-color: #000000;\">Voici les dates des manifestations pour 2024 :<\/span><\/strong><\/span><\/p>\n<ul>\n<li><span style=\"background-color: #000000; color: #ffcc00;\"><strong>17\u00b0 Aquathlon de Villeurbanne\u00a0<\/strong><\/span> &gt; <strong>dimanche 24 mars 2024<\/strong><\/li>\n<\/ul>\n<div id='gallery-1' class='gallery galleryid-181694 gallery-columns-3 gallery-size-large'><figure class='gallery-item'>\n\t\t\t<div class='gallery-icon portrait'>\n\t\t\t\t<a href='https:\/\/newsestlyonnais.fr\/site\/2023\/05\/11\/newsestlyonnais-fr-partenaire-de-nombreux-evenements-2\/424611552_780979117384738_1938775360069315559_n\/'><img loading=\"lazy\" decoding=\"async\" width=\"530\" height=\"750\" src=\"https:\/\/newsestlyonnais.fr\/site\/wp-content\/uploads\/2023\/05\/424611552_780979117384738_1938775360069315559_n-650x920.jpg\" class=\"attachment-large size-large\" alt=\"\" srcset=\"https:\/\/newsestlyonnais.fr\/site\/wp-content\/uploads\/2023\/05\/424611552_780979117384738_1938775360069315559_n-650x920.jpg 650w, https:\/\/newsestlyonnais.fr\/site\/wp-content\/uploads\/2023\/05\/424611552_780979117384738_1938775360069315559_n-400x566.jpg 400w, https:\/\/newsestlyonnais.fr\/site\/wp-content\/uploads\/2023\/05\/424611552_780979117384738_1938775360069315559_n-250x354.jpg 250w, https:\/\/newsestlyonnais.fr\/site\/wp-content\/uploads\/2023\/05\/424611552_780979117384738_1938775360069315559_n-768x1087.jpg 768w, https:\/\/newsestlyonnais.fr\/site\/wp-content\/uploads\/2023\/05\/424611552_780979117384738_1938775360069315559_n-150x212.jpg 150w, https:\/\/newsestlyonnais.fr\/site\/wp-content\/uploads\/2023\/05\/424611552_780979117384738_1938775360069315559_n-50x71.jpg 50w, https:\/\/newsestlyonnais.fr\/site\/wp-content\/uploads\/2023\/05\/424611552_780979117384738_1938775360069315559_n-100x142.jpg 100w, https:\/\/newsestlyonnais.fr\/site\/wp-content\/uploads\/2023\/05\/424611552_780979117384738_1938775360069315559_n-200x283.jpg 200w, https:\/\/newsestlyonnais.fr\/site\/wp-content\/uploads\/2023\/05\/424611552_780979117384738_1938775360069315559_n-300x425.jpg 300w, https:\/\/newsestlyonnais.fr\/site\/wp-content\/uploads\/2023\/05\/424611552_780979117384738_1938775360069315559_n-350x495.jpg 350w, https:\/\/newsestlyonnais.fr\/site\/wp-content\/uploads\/2023\/05\/424611552_780979117384738_1938775360069315559_n-450x637.jpg 450w, https:\/\/newsestlyonnais.fr\/site\/wp-content\/uploads\/2023\/05\/424611552_780979117384738_1938775360069315559_n-500x708.jpg 500w, https:\/\/newsestlyonnais.fr\/site\/wp-content\/uploads\/2023\/05\/424611552_780979117384738_1938775360069315559_n-550x778.jpg 550w, https:\/\/newsestlyonnais.fr\/site\/wp-content\/uploads\/2023\/05\/424611552_780979117384738_1938775360069315559_n-800x1132.jpg 800w, https:\/\/newsestlyonnais.fr\/site\/wp-content\/uploads\/2023\/05\/424611552_780979117384738_1938775360069315559_n.jpg 848w\" sizes=\"auto, (max-width: 530px) 100vw, 530px\" \/><\/a>\n\t\t\t<\/div><\/figure>\n\t\t<\/div>\n\n<hr \/>\n<p><span style=\"color: #ff6600; font-size: 14pt;\"><span style=\"background-color: #000000;\"><strong>Ev\u00e8nements de <\/strong><\/span><span style=\"background-color: #000000;\"><strong>2023 :<\/strong><\/span><\/span><\/p>\n<ul>\n<li><strong><span style=\"background-color: #000000; color: #ffcc00;\">Master Tour de l&rsquo;Est Lyonnais<\/span><\/strong> &gt; <strong>du 22 mai au 16 juillet 2023<br \/>\n<\/strong><\/li>\n<li><strong><span style=\"background-color: #000000; color: #ffcc00;\">Open de tennis du TC Genas<\/span><\/strong> &gt; <strong>du 22 mai au 17 juin 2023<\/strong><\/li>\n<li><span style=\"background-color: #000000; color: #ffcc00;\"><strong>Mondial de P\u00e9tanque de Bron<\/strong><\/span> &gt; <strong>les 9 &amp; 10 septembre 2023<\/strong><\/li>\n<li><span style=\"background-color: #000000; color: #ffcc00;\"><strong>4\u00b0 Salon du Livre de Pusignan<\/strong><\/span> &gt; <strong>les 16 &amp; 17 septembre 2023<\/strong><\/li>\n<li><span style=\"background-color: #000000; color: #ffcc00;\"><strong>30\u00b0 Triathlon de Vaulx-en-Velin<\/strong><\/span> &gt; <strong>le dimanche 17 septembre 2023 <\/strong><\/li>\n<li><span style=\"background-color: #000000; color: #ffcc00;\"><strong>Tournoi jeune de Tennis de Pusignan<\/strong><\/span> &gt; <strong>du 8 au 24 septembre 2023<\/strong><\/li>\n<li><span style=\"background-color: #000000; color: #ffcc00;\"><strong>Finales du Master Tour Tennis de l&rsquo;Est Lyonnais<\/strong><\/span> &gt; <strong>les 23 &amp; 24 septembre 2023<\/strong><\/li>\n<li><span style=\"background-color: #000000; color: #ffcc00;\"><strong>1\u00b0 Triathlon de Saint-Priest<\/strong><\/span> &gt; <strong>le dimanche 8 octobre 2023<\/strong><\/li>\n<li><span style=\"color: #ffcc00; background-color: #000000;\"><strong>Tournoi seniors de Tennis de Pusignan<\/strong><\/span> &gt; <strong>du 28 octobre au 26 novembre 2023 <\/strong><\/li>\n<\/ul>\n<hr \/>\n<hr \/>\n<p><span style=\"background-color: #000000; font-size: 12pt;\"><strong><span style=\"background-color: #000000; color: #ffffff;\">&gt;&gt; Pour toute demande de partenariat, contactez la r\u00e9daction : <\/span><span style=\"background-color: #000000; color: #3366ff;\"><a style=\"background-color: #000000; color: #3366ff;\" href=\"contact@newsestlyonnais.fr\">contact@newsestlyonnais.fr<\/a><\/span><\/strong><\/span><\/p>\n<hr \/>\n<p>&nbsp;<\/p>\n<p>&nbsp;<\/p>\n","protected":false},"excerpt":{"rendered":"<p>La r\u00e9daction de ce site proposant 100 % d\u2019infos gratuites est r\u00e9guli\u00e8rement pr\u00e9sente sur les manifestations organis\u00e9es dans l\u2019Est Lyonnais.<\/p>\n","protected":false},"author":4,"featured_media":183803,"comment_status":"open","ping_status":"open","sticky":false,"template":"","format":"standard","meta":{"footnotes":""},"categories":[270,1598,2988,49,1296,2992,2991,2990],"tags":[2120,3564],"class_list":["post-181694","post","type-post","status-publish","format-standard","has-post-thumbnail","hentry","category-cte-de-communes-c-c-e-l","category-genas","category-natation-triathlon","category-offres","category-sain-priest","category-tennis-padel","category-tennis-tennis-table-sports","category-triathlon","tag-evenements","tag-partenaire"],"yoast_head":"<!-- This site is optimized with the Yoast SEO plugin v27.2 - https:\/\/yoast.com\/product\/yoast-seo-wordpress\/ -->\n<title>Newsestlyonnais.fr partenaire de nombreux \u00e9v\u00e8nements - News Est Lyonnais<\/title>\n<meta name=\"description\" content=\"Newsestlyonnais.fr partenaire de nombreux \u00e9v\u00e8nements\" \/>\n<meta name=\"robots\" content=\"index, follow, max-snippet:-1, max-image-preview:large, max-video-preview:-1\" \/>\n<link rel=\"canonical\" href=\"https:\/\/newsestlyonnais.fr\/site\/2023\/05\/11\/newsestlyonnais-fr-partenaire-de-nombreux-evenements-2\/\" \/>\n<meta property=\"og:locale\" content=\"fr_FR\" \/>\n<meta property=\"og:type\" content=\"article\" \/>\n<meta property=\"og:title\" content=\"Newsestlyonnais.fr partenaire de nombreux \u00e9v\u00e8nements - News Est Lyonnais\" \/>\n<meta property=\"og:description\" content=\"Newsestlyonnais.fr partenaire de nombreux \u00e9v\u00e8nements\" \/>\n<meta property=\"og:url\" content=\"https:\/\/newsestlyonnais.fr\/site\/2023\/05\/11\/newsestlyonnais-fr-partenaire-de-nombreux-evenements-2\/\" \/>\n<meta property=\"og:site_name\" content=\"News Est Lyonnais\" \/>\n<meta property=\"article:author\" content=\"https:\/\/www.facebook.com\/pascal.oberson.1?fref=ts\" \/>\n<meta property=\"article:published_time\" content=\"2023-05-11T04:58:20+00:00\" \/>\n<meta property=\"article:modified_time\" content=\"2024-09-03T15:27:13+00:00\" \/>\n<meta property=\"og:image\" content=\"https:\/\/newsestlyonnais.fr\/site\/wp-content\/uploads\/2023\/05\/people-335298_960_720.jpg\" \/>\n\t<meta property=\"og:image:width\" content=\"150\" \/>\n\t<meta property=\"og:image:height\" content=\"100\" \/>\n\t<meta property=\"og:image:type\" content=\"image\/jpeg\" \/>\n<meta name=\"author\" content=\"R\u00e9dac. NEWS\" \/>\n<meta name=\"twitter:card\" content=\"summary_large_image\" \/>\n<meta name=\"twitter:label1\" content=\"\u00c9crit par\" \/>\n\t<meta name=\"twitter:data1\" content=\"R\u00e9dac. NEWS\" \/>\n\t<meta name=\"twitter:label2\" content=\"Dur\u00e9e de lecture estim\u00e9e\" \/>\n\t<meta name=\"twitter:data2\" content=\"2 minutes\" \/>\n<script type=\"application\/ld+json\" class=\"yoast-schema-graph\">{\"@context\":\"https:\/\/schema.org\",\"@graph\":[{\"@type\":\"Article\",\"@id\":\"https:\/\/newsestlyonnais.fr\/site\/2023\/05\/11\/newsestlyonnais-fr-partenaire-de-nombreux-evenements-2\/#article\",\"isPartOf\":{\"@id\":\"https:\/\/newsestlyonnais.fr\/site\/2023\/05\/11\/newsestlyonnais-fr-partenaire-de-nombreux-evenements-2\/\"},\"author\":{\"name\":\"R\u00e9dac. NEWS\",\"@id\":\"https:\/\/newsestlyonnais.fr\/site\/#\/schema\/person\/3230d5615f390bb808365d673001e887\"},\"headline\":\"Newsestlyonnais.fr partenaire de nombreux \u00e9v\u00e8nements\",\"datePublished\":\"2023-05-11T04:58:20+00:00\",\"dateModified\":\"2024-09-03T15:27:13+00:00\",\"mainEntityOfPage\":{\"@id\":\"https:\/\/newsestlyonnais.fr\/site\/2023\/05\/11\/newsestlyonnais-fr-partenaire-de-nombreux-evenements-2\/\"},\"wordCount\":166,\"commentCount\":0,\"publisher\":{\"@id\":\"https:\/\/newsestlyonnais.fr\/site\/#organization\"},\"image\":{\"@id\":\"https:\/\/newsestlyonnais.fr\/site\/2023\/05\/11\/newsestlyonnais-fr-partenaire-de-nombreux-evenements-2\/#primaryimage\"},\"thumbnailUrl\":\"https:\/\/newsestlyonnais.fr\/site\/wp-content\/uploads\/2023\/05\/people-335298_960_720.jpg\",\"keywords\":[\"EVENEMENTS\",\"partenaire\"],\"articleSection\":[\"CCEL | Communes\",\"Genas\",\"Natation | Triathlon\",\"Offres\",\"Saint-Priest\",\"Tennis | Padel\",\"Tennis | Tennis de table\",\"Triathlon\"],\"inLanguage\":\"fr-FR\",\"potentialAction\":[{\"@type\":\"CommentAction\",\"name\":\"Comment\",\"target\":[\"https:\/\/newsestlyonnais.fr\/site\/2023\/05\/11\/newsestlyonnais-fr-partenaire-de-nombreux-evenements-2\/#respond\"]}]},{\"@type\":\"WebPage\",\"@id\":\"https:\/\/newsestlyonnais.fr\/site\/2023\/05\/11\/newsestlyonnais-fr-partenaire-de-nombreux-evenements-2\/\",\"url\":\"https:\/\/newsestlyonnais.fr\/site\/2023\/05\/11\/newsestlyonnais-fr-partenaire-de-nombreux-evenements-2\/\",\"name\":\"Newsestlyonnais.fr partenaire de nombreux \u00e9v\u00e8nements - News Est Lyonnais\",\"isPartOf\":{\"@id\":\"https:\/\/newsestlyonnais.fr\/site\/#website\"},\"primaryImageOfPage\":{\"@id\":\"https:\/\/newsestlyonnais.fr\/site\/2023\/05\/11\/newsestlyonnais-fr-partenaire-de-nombreux-evenements-2\/#primaryimage\"},\"image\":{\"@id\":\"https:\/\/newsestlyonnais.fr\/site\/2023\/05\/11\/newsestlyonnais-fr-partenaire-de-nombreux-evenements-2\/#primaryimage\"},\"thumbnailUrl\":\"https:\/\/newsestlyonnais.fr\/site\/wp-content\/uploads\/2023\/05\/people-335298_960_720.jpg\",\"datePublished\":\"2023-05-11T04:58:20+00:00\",\"dateModified\":\"2024-09-03T15:27:13+00:00\",\"description\":\"Newsestlyonnais.fr partenaire de nombreux \u00e9v\u00e8nements\",\"breadcrumb\":{\"@id\":\"https:\/\/newsestlyonnais.fr\/site\/2023\/05\/11\/newsestlyonnais-fr-partenaire-de-nombreux-evenements-2\/#breadcrumb\"},\"inLanguage\":\"fr-FR\",\"potentialAction\":[{\"@type\":\"ReadAction\",\"target\":[\"https:\/\/newsestlyonnais.fr\/site\/2023\/05\/11\/newsestlyonnais-fr-partenaire-de-nombreux-evenements-2\/\"]}]},{\"@type\":\"ImageObject\",\"inLanguage\":\"fr-FR\",\"@id\":\"https:\/\/newsestlyonnais.fr\/site\/2023\/05\/11\/newsestlyonnais-fr-partenaire-de-nombreux-evenements-2\/#primaryimage\",\"url\":\"https:\/\/newsestlyonnais.fr\/site\/wp-content\/uploads\/2023\/05\/people-335298_960_720.jpg\",\"contentUrl\":\"https:\/\/newsestlyonnais.fr\/site\/wp-content\/uploads\/2023\/05\/people-335298_960_720.jpg\",\"width\":150,\"height\":100},{\"@type\":\"BreadcrumbList\",\"@id\":\"https:\/\/newsestlyonnais.fr\/site\/2023\/05\/11\/newsestlyonnais-fr-partenaire-de-nombreux-evenements-2\/#breadcrumb\",\"itemListElement\":[{\"@type\":\"ListItem\",\"position\":1,\"name\":\"Accueil\",\"item\":\"https:\/\/newsestlyonnais.fr\/site\/\"},{\"@type\":\"ListItem\",\"position\":2,\"name\":\"Newsestlyonnais.fr partenaire de nombreux \u00e9v\u00e8nements\"}]},{\"@type\":\"WebSite\",\"@id\":\"https:\/\/newsestlyonnais.fr\/site\/#website\",\"url\":\"https:\/\/newsestlyonnais.fr\/site\/\",\"name\":\"News Est Lyonnais\",\"description\":\"L&#039;actualit\u00e9 au plus pr\u00e8s\",\"publisher\":{\"@id\":\"https:\/\/newsestlyonnais.fr\/site\/#organization\"},\"potentialAction\":[{\"@type\":\"SearchAction\",\"target\":{\"@type\":\"EntryPoint\",\"urlTemplate\":\"https:\/\/newsestlyonnais.fr\/site\/?s={search_term_string}\"},\"query-input\":{\"@type\":\"PropertyValueSpecification\",\"valueRequired\":true,\"valueName\":\"search_term_string\"}}],\"inLanguage\":\"fr-FR\"},{\"@type\":\"Organization\",\"@id\":\"https:\/\/newsestlyonnais.fr\/site\/#organization\",\"name\":\"News EST LYONNAIS\",\"url\":\"https:\/\/newsestlyonnais.fr\/site\/\",\"logo\":{\"@type\":\"ImageObject\",\"inLanguage\":\"fr-FR\",\"@id\":\"https:\/\/newsestlyonnais.fr\/site\/#\/schema\/logo\/image\/\",\"url\":\"\",\"contentUrl\":\"\",\"caption\":\"News EST LYONNAIS\"},\"image\":{\"@id\":\"https:\/\/newsestlyonnais.fr\/site\/#\/schema\/logo\/image\/\"}},{\"@type\":\"Person\",\"@id\":\"https:\/\/newsestlyonnais.fr\/site\/#\/schema\/person\/3230d5615f390bb808365d673001e887\",\"name\":\"R\u00e9dac. NEWS\",\"sameAs\":[\"http:\/\/www.newsestlyonnais.fr\",\"https:\/\/www.facebook.com\/pascal.oberson.1?fref=ts\",\"https:\/\/fr.linkedin.com\/in\/pascal-oberson-b17045113\"],\"url\":\"https:\/\/newsestlyonnais.fr\/site\/author\/nel\/\"}]}<\/script>\n<!-- \/ Yoast SEO plugin. -->","yoast_head_json":{"title":"Newsestlyonnais.fr partenaire de nombreux \u00e9v\u00e8nements - News Est Lyonnais","description":"Newsestlyonnais.fr partenaire de nombreux \u00e9v\u00e8nements","robots":{"index":"index","follow":"follow","max-snippet":"max-snippet:-1","max-image-preview":"max-image-preview:large","max-video-preview":"max-video-preview:-1"},"canonical":"https:\/\/newsestlyonnais.fr\/site\/2023\/05\/11\/newsestlyonnais-fr-partenaire-de-nombreux-evenements-2\/","og_locale":"fr_FR","og_type":"article","og_title":"Newsestlyonnais.fr partenaire de nombreux \u00e9v\u00e8nements - News Est Lyonnais","og_description":"Newsestlyonnais.fr partenaire de nombreux \u00e9v\u00e8nements","og_url":"https:\/\/newsestlyonnais.fr\/site\/2023\/05\/11\/newsestlyonnais-fr-partenaire-de-nombreux-evenements-2\/","og_site_name":"News Est Lyonnais","article_author":"https:\/\/www.facebook.com\/pascal.oberson.1?fref=ts","article_published_time":"2023-05-11T04:58:20+00:00","article_modified_time":"2024-09-03T15:27:13+00:00","og_image":[{"width":150,"height":100,"url":"https:\/\/newsestlyonnais.fr\/site\/wp-content\/uploads\/2023\/05\/people-335298_960_720.jpg","type":"image\/jpeg"}],"author":"R\u00e9dac. NEWS","twitter_card":"summary_large_image","twitter_misc":{"\u00c9crit par":"R\u00e9dac. NEWS","Dur\u00e9e de lecture estim\u00e9e":"2 minutes"},"schema":{"@context":"https:\/\/schema.org","@graph":[{"@type":"Article","@id":"https:\/\/newsestlyonnais.fr\/site\/2023\/05\/11\/newsestlyonnais-fr-partenaire-de-nombreux-evenements-2\/#article","isPartOf":{"@id":"https:\/\/newsestlyonnais.fr\/site\/2023\/05\/11\/newsestlyonnais-fr-partenaire-de-nombreux-evenements-2\/"},"author":{"name":"R\u00e9dac. NEWS","@id":"https:\/\/newsestlyonnais.fr\/site\/#\/schema\/person\/3230d5615f390bb808365d673001e887"},"headline":"Newsestlyonnais.fr partenaire de nombreux \u00e9v\u00e8nements","datePublished":"2023-05-11T04:58:20+00:00","dateModified":"2024-09-03T15:27:13+00:00","mainEntityOfPage":{"@id":"https:\/\/newsestlyonnais.fr\/site\/2023\/05\/11\/newsestlyonnais-fr-partenaire-de-nombreux-evenements-2\/"},"wordCount":166,"commentCount":0,"publisher":{"@id":"https:\/\/newsestlyonnais.fr\/site\/#organization"},"image":{"@id":"https:\/\/newsestlyonnais.fr\/site\/2023\/05\/11\/newsestlyonnais-fr-partenaire-de-nombreux-evenements-2\/#primaryimage"},"thumbnailUrl":"https:\/\/newsestlyonnais.fr\/site\/wp-content\/uploads\/2023\/05\/people-335298_960_720.jpg","keywords":["EVENEMENTS","partenaire"],"articleSection":["CCEL | Communes","Genas","Natation | Triathlon","Offres","Saint-Priest","Tennis | Padel","Tennis | Tennis de table","Triathlon"],"inLanguage":"fr-FR","potentialAction":[{"@type":"CommentAction","name":"Comment","target":["https:\/\/newsestlyonnais.fr\/site\/2023\/05\/11\/newsestlyonnais-fr-partenaire-de-nombreux-evenements-2\/#respond"]}]},{"@type":"WebPage","@id":"https:\/\/newsestlyonnais.fr\/site\/2023\/05\/11\/newsestlyonnais-fr-partenaire-de-nombreux-evenements-2\/","url":"https:\/\/newsestlyonnais.fr\/site\/2023\/05\/11\/newsestlyonnais-fr-partenaire-de-nombreux-evenements-2\/","name":"Newsestlyonnais.fr partenaire de nombreux \u00e9v\u00e8nements - News Est Lyonnais","isPartOf":{"@id":"https:\/\/newsestlyonnais.fr\/site\/#website"},"primaryImageOfPage":{"@id":"https:\/\/newsestlyonnais.fr\/site\/2023\/05\/11\/newsestlyonnais-fr-partenaire-de-nombreux-evenements-2\/#primaryimage"},"image":{"@id":"https:\/\/newsestlyonnais.fr\/site\/2023\/05\/11\/newsestlyonnais-fr-partenaire-de-nombreux-evenements-2\/#primaryimage"},"thumbnailUrl":"https:\/\/newsestlyonnais.fr\/site\/wp-content\/uploads\/2023\/05\/people-335298_960_720.jpg","datePublished":"2023-05-11T04:58:20+00:00","dateModified":"2024-09-03T15:27:13+00:00","description":"Newsestlyonnais.fr partenaire de nombreux \u00e9v\u00e8nements","breadcrumb":{"@id":"https:\/\/newsestlyonnais.fr\/site\/2023\/05\/11\/newsestlyonnais-fr-partenaire-de-nombreux-evenements-2\/#breadcrumb"},"inLanguage":"fr-FR","potentialAction":[{"@type":"ReadAction","target":["https:\/\/newsestlyonnais.fr\/site\/2023\/05\/11\/newsestlyonnais-fr-partenaire-de-nombreux-evenements-2\/"]}]},{"@type":"ImageObject","inLanguage":"fr-FR","@id":"https:\/\/newsestlyonnais.fr\/site\/2023\/05\/11\/newsestlyonnais-fr-partenaire-de-nombreux-evenements-2\/#primaryimage","url":"https:\/\/newsestlyonnais.fr\/site\/wp-content\/uploads\/2023\/05\/people-335298_960_720.jpg","contentUrl":"https:\/\/newsestlyonnais.fr\/site\/wp-content\/uploads\/2023\/05\/people-335298_960_720.jpg","width":150,"height":100},{"@type":"BreadcrumbList","@id":"https:\/\/newsestlyonnais.fr\/site\/2023\/05\/11\/newsestlyonnais-fr-partenaire-de-nombreux-evenements-2\/#breadcrumb","itemListElement":[{"@type":"ListItem","position":1,"name":"Accueil","item":"https:\/\/newsestlyonnais.fr\/site\/"},{"@type":"ListItem","position":2,"name":"Newsestlyonnais.fr partenaire de nombreux \u00e9v\u00e8nements"}]},{"@type":"WebSite","@id":"https:\/\/newsestlyonnais.fr\/site\/#website","url":"https:\/\/newsestlyonnais.fr\/site\/","name":"News Est Lyonnais","description":"L&#039;actualit\u00e9 au plus pr\u00e8s","publisher":{"@id":"https:\/\/newsestlyonnais.fr\/site\/#organization"},"potentialAction":[{"@type":"SearchAction","target":{"@type":"EntryPoint","urlTemplate":"https:\/\/newsestlyonnais.fr\/site\/?s={search_term_string}"},"query-input":{"@type":"PropertyValueSpecification","valueRequired":true,"valueName":"search_term_string"}}],"inLanguage":"fr-FR"},{"@type":"Organization","@id":"https:\/\/newsestlyonnais.fr\/site\/#organization","name":"News EST LYONNAIS","url":"https:\/\/newsestlyonnais.fr\/site\/","logo":{"@type":"ImageObject","inLanguage":"fr-FR","@id":"https:\/\/newsestlyonnais.fr\/site\/#\/schema\/logo\/image\/","url":"","contentUrl":"","caption":"News EST LYONNAIS"},"image":{"@id":"https:\/\/newsestlyonnais.fr\/site\/#\/schema\/logo\/image\/"}},{"@type":"Person","@id":"https:\/\/newsestlyonnais.fr\/site\/#\/schema\/person\/3230d5615f390bb808365d673001e887","name":"R\u00e9dac. NEWS","sameAs":["http:\/\/www.newsestlyonnais.fr","https:\/\/www.facebook.com\/pascal.oberson.1?fref=ts","https:\/\/fr.linkedin.com\/in\/pascal-oberson-b17045113"],"url":"https:\/\/newsestlyonnais.fr\/site\/author\/nel\/"}]}},"_links":{"self":[{"href":"https:\/\/newsestlyonnais.fr\/site\/wp-json\/wp\/v2\/posts\/181694","targetHints":{"allow":["GET"]}}],"collection":[{"href":"https:\/\/newsestlyonnais.fr\/site\/wp-json\/wp\/v2\/posts"}],"about":[{"href":"https:\/\/newsestlyonnais.fr\/site\/wp-json\/wp\/v2\/types\/post"}],"author":[{"embeddable":true,"href":"https:\/\/newsestlyonnais.fr\/site\/wp-json\/wp\/v2\/users\/4"}],"replies":[{"embeddable":true,"href":"https:\/\/newsestlyonnais.fr\/site\/wp-json\/wp\/v2\/comments?post=181694"}],"version-history":[{"count":0,"href":"https:\/\/newsestlyonnais.fr\/site\/wp-json\/wp\/v2\/posts\/181694\/revisions"}],"wp:featuredmedia":[{"embeddable":true,"href":"https:\/\/newsestlyonnais.fr\/site\/wp-json\/wp\/v2\/media\/183803"}],"wp:attachment":[{"href":"https:\/\/newsestlyonnais.fr\/site\/wp-json\/wp\/v2\/media?parent=181694"}],"wp:term":[{"taxonomy":"category","embeddable":true,"href":"https:\/\/newsestlyonnais.fr\/site\/wp-json\/wp\/v2\/categories?post=181694"},{"taxonomy":"post_tag","embeddable":true,"href":"https:\/\/newsestlyonnais.fr\/site\/wp-json\/wp\/v2\/tags?post=181694"}],"curies":[{"name":"wp","href":"https:\/\/api.w.org\/{rel}","templated":true}]}}