{"id":181702,"date":"2023-05-17T10:39:33","date_gmt":"2023-05-17T09:39:33","guid":{"rendered":"https:\/\/newsestlyonnais.fr\/site\/?p=181702"},"modified":"2023-05-27T18:25:47","modified_gmt":"2023-05-27T17:25:47","slug":"villeurbanne-une-semaine-des-handicaps-pour-changer-de-regard","status":"publish","type":"post","link":"https:\/\/newsestlyonnais.fr\/site\/2023\/05\/17\/villeurbanne-une-semaine-des-handicaps-pour-changer-de-regard\/","title":{"rendered":"VILLEURBANNE | Une semaine des handicaps pour changer de regard"},"content":{"rendered":"<p><strong><em>La ville de Villeurbanne et ses partenaires associatifs organisent cette semaine d\u00e9di\u00e9e aux handicaps. <\/em><\/strong><\/p>\n<p><strong><em>Le th\u00e8me retenu pour cette 8\u00b0 \u00e9dition : l\u2019acc\u00e8s \u00e0 la culture pour les personnes en situation de handicap. <\/em><\/strong><em>Le sujet fera l\u2019objet d\u2019un colloque avec de nombreux intervenants. Des activit\u00e9s, tables-rondes, expositions, projections et ateliers rythmeront cette semaine.<\/em><\/p>\n<hr \/>\n<p>Villeurbanne organise <strong>une trentaine d\u2019\u00e9v\u00e9nements, destin\u00e9s \u00e0 sensibiliser tous les publics \u2013 enfants et adultes &#8211;<\/strong> aux diff\u00e9rents handicaps, physiques et psychiques. Le colloque, lundi 22 mai \u00e0 13 h 30, permettra de donner la parole aux personnes concern\u00e9es et de revenir sur les dispositifs innovants mis en place lors de l\u2019ann\u00e9e Capitale fran\u00e7aise de la culture. Le spectacle son-lumi\u00e8re Vitale avec audiodescription en direct, maquette 3D et planchers vibrants sera diffus\u00e9.<\/p>\n<p><strong>De nombreuses activit\u00e9s physiques inclusives seront propos\u00e9es<\/strong> : ping-pong avec des adultes en situation de handicap mental, athl\u00e9tisme, hockey sur gazon et lutte \u00e0 destination des jeunes porteurs de troubles du spectre autistique et\/ou en situation de handicap mental\u2026 Les \u00ab ol\u2019IMEpiades de l\u2019ASUL \u00bb r\u00e9uniront des \u00e9quipes mixtes de jeunes en situation de handicap et de jeunes de l\u2019Association Sportive Universitaire Lyonnaise.<\/p>\n<p><strong>Une programmation artistique riche et vari\u00e9e a \u00e9t\u00e9 \u00e9labor\u00e9e<\/strong> : spectacle \u00ab Ali \u00bb jou\u00e9e par deux acrobates, dont l\u2019un est unijambiste, balade urbaine accompagn\u00e9e par des personnes non et malvoyantes, projection du film d\u2019animation en audiodescription, go\u00fbter num\u00e9rique en compagnie du streamer \u00ab Sanslesmains73 \u00bb\u2026 De plus l\u2019exposition \u00ab Tacti\u2019jeux \u00bb pr\u00e9sentera des jeux classiques, labyrinthes ou encore jeu des diff\u00e9rences, adapt\u00e9s aux enfants aveugles.<\/p>\n<p>Chaque ann\u00e9e, la Ville investit 1 million d\u2019euros pour la mise en accessibilit\u00e9 des \u00e9quipements municipaux, les parcs et les jardins avec l\u2019objectif de les rendre tous accessibles en 2026.<\/p>\n<hr \/>\n<p><span style=\"background-color: #000000; color: #ffffff; font-size: 14pt;\"><strong><em>Participation libre et gratuite (sauf programmation TNP et cin\u00e9ma le Zola) <\/em><\/strong><\/span><\/p>\n<p><span style=\"background-color: #000000; font-size: 14pt;\"><strong><em><span style=\"color: #ffffff;\">Toutes les infos :<\/span> <a style=\"background-color: #000000;\" href=\"http:\/\/viva.villeurbanne.fr\/handicap\"><span style=\"color: #0000ff;\">http:\/\/viva.villeurbanne.fr\/handicap<\/span><\/a><\/em><\/strong><\/span><\/p>\n<hr \/>\n<hr \/>\n<p>&nbsp;<\/p>\n","protected":false},"excerpt":{"rendered":"<p>L\u2019acc\u00e8s \u00e0 la culture pour les personnes en situation de handicap sera le th\u00e8me de cette 8\u00b0 \u00e9dition programm\u00e9e du 22 au 27 mai prochains.<\/p>\n","protected":false},"author":4,"featured_media":93755,"comment_status":"open","ping_status":"open","sticky":false,"template":"","format":"standard","meta":{"footnotes":""},"categories":[3015,29],"tags":[2822,3075,2091],"class_list":["post-181702","post","type-post","status-publish","format-standard","has-post-thumbnail","hentry","category-handi-adapte","category-villeurbanne","tag-handicap","tag-semaine","tag-villeurbanne"],"yoast_head":"<!-- This site is optimized with the Yoast SEO plugin v27.2 - https:\/\/yoast.com\/product\/yoast-seo-wordpress\/ -->\n<title>VILLEURBANNE | Une semaine des handicaps pour changer de regard - News Est Lyonnais<\/title>\n<meta name=\"description\" content=\"VILLEURBANNE | Une semaine des handicaps pour changer de regard\" \/>\n<meta name=\"robots\" content=\"index, follow, max-snippet:-1, max-image-preview:large, max-video-preview:-1\" \/>\n<link rel=\"canonical\" href=\"https:\/\/newsestlyonnais.fr\/site\/2023\/05\/17\/villeurbanne-une-semaine-des-handicaps-pour-changer-de-regard\/\" \/>\n<meta property=\"og:locale\" content=\"fr_FR\" \/>\n<meta property=\"og:type\" content=\"article\" \/>\n<meta property=\"og:title\" content=\"VILLEURBANNE | Une semaine des handicaps pour changer de regard - News Est Lyonnais\" \/>\n<meta property=\"og:description\" content=\"VILLEURBANNE | Une semaine des handicaps pour changer de regard\" \/>\n<meta property=\"og:url\" content=\"https:\/\/newsestlyonnais.fr\/site\/2023\/05\/17\/villeurbanne-une-semaine-des-handicaps-pour-changer-de-regard\/\" \/>\n<meta property=\"og:site_name\" content=\"News Est Lyonnais\" \/>\n<meta property=\"article:author\" content=\"https:\/\/www.facebook.com\/pascal.oberson.1?fref=ts\" \/>\n<meta property=\"article:published_time\" content=\"2023-05-17T09:39:33+00:00\" \/>\n<meta property=\"article:modified_time\" content=\"2023-05-27T17:25:47+00:00\" \/>\n<meta property=\"og:image\" content=\"https:\/\/newsestlyonnais.fr\/site\/wp-content\/uploads\/2020\/01\/NEWSESTLYONNAIS-GRATTE-CIEL-BIS-.jpg\" \/>\n\t<meta property=\"og:image:width\" content=\"1200\" \/>\n\t<meta property=\"og:image:height\" content=\"800\" \/>\n\t<meta property=\"og:image:type\" content=\"image\/jpeg\" \/>\n<meta name=\"author\" content=\"R\u00e9dac. NEWS\" \/>\n<meta name=\"twitter:card\" content=\"summary_large_image\" \/>\n<meta name=\"twitter:label1\" content=\"\u00c9crit par\" \/>\n\t<meta name=\"twitter:data1\" content=\"R\u00e9dac. NEWS\" \/>\n\t<meta name=\"twitter:label2\" content=\"Dur\u00e9e de lecture estim\u00e9e\" \/>\n\t<meta name=\"twitter:data2\" content=\"2 minutes\" \/>\n<script type=\"application\/ld+json\" class=\"yoast-schema-graph\">{\"@context\":\"https:\/\/schema.org\",\"@graph\":[{\"@type\":\"Article\",\"@id\":\"https:\/\/newsestlyonnais.fr\/site\/2023\/05\/17\/villeurbanne-une-semaine-des-handicaps-pour-changer-de-regard\/#article\",\"isPartOf\":{\"@id\":\"https:\/\/newsestlyonnais.fr\/site\/2023\/05\/17\/villeurbanne-une-semaine-des-handicaps-pour-changer-de-regard\/\"},\"author\":{\"name\":\"R\u00e9dac. NEWS\",\"@id\":\"https:\/\/newsestlyonnais.fr\/site\/#\/schema\/person\/3230d5615f390bb808365d673001e887\"},\"headline\":\"VILLEURBANNE | Une semaine des handicaps pour changer de regard\",\"datePublished\":\"2023-05-17T09:39:33+00:00\",\"dateModified\":\"2023-05-27T17:25:47+00:00\",\"mainEntityOfPage\":{\"@id\":\"https:\/\/newsestlyonnais.fr\/site\/2023\/05\/17\/villeurbanne-une-semaine-des-handicaps-pour-changer-de-regard\/\"},\"wordCount\":333,\"commentCount\":0,\"publisher\":{\"@id\":\"https:\/\/newsestlyonnais.fr\/site\/#organization\"},\"image\":{\"@id\":\"https:\/\/newsestlyonnais.fr\/site\/2023\/05\/17\/villeurbanne-une-semaine-des-handicaps-pour-changer-de-regard\/#primaryimage\"},\"thumbnailUrl\":\"https:\/\/newsestlyonnais.fr\/site\/wp-content\/uploads\/2020\/01\/NEWSESTLYONNAIS-GRATTE-CIEL-BIS-.jpg\",\"keywords\":[\"HANDICAP\",\"SEMAINE\",\"VILLEURBANNE\"],\"articleSection\":[\"Handi &amp; adapt\u00e9\",\"Villeurbanne\"],\"inLanguage\":\"fr-FR\",\"potentialAction\":[{\"@type\":\"CommentAction\",\"name\":\"Comment\",\"target\":[\"https:\/\/newsestlyonnais.fr\/site\/2023\/05\/17\/villeurbanne-une-semaine-des-handicaps-pour-changer-de-regard\/#respond\"]}]},{\"@type\":\"WebPage\",\"@id\":\"https:\/\/newsestlyonnais.fr\/site\/2023\/05\/17\/villeurbanne-une-semaine-des-handicaps-pour-changer-de-regard\/\",\"url\":\"https:\/\/newsestlyonnais.fr\/site\/2023\/05\/17\/villeurbanne-une-semaine-des-handicaps-pour-changer-de-regard\/\",\"name\":\"VILLEURBANNE | Une semaine des handicaps pour changer de regard - News Est Lyonnais\",\"isPartOf\":{\"@id\":\"https:\/\/newsestlyonnais.fr\/site\/#website\"},\"primaryImageOfPage\":{\"@id\":\"https:\/\/newsestlyonnais.fr\/site\/2023\/05\/17\/villeurbanne-une-semaine-des-handicaps-pour-changer-de-regard\/#primaryimage\"},\"image\":{\"@id\":\"https:\/\/newsestlyonnais.fr\/site\/2023\/05\/17\/villeurbanne-une-semaine-des-handicaps-pour-changer-de-regard\/#primaryimage\"},\"thumbnailUrl\":\"https:\/\/newsestlyonnais.fr\/site\/wp-content\/uploads\/2020\/01\/NEWSESTLYONNAIS-GRATTE-CIEL-BIS-.jpg\",\"datePublished\":\"2023-05-17T09:39:33+00:00\",\"dateModified\":\"2023-05-27T17:25:47+00:00\",\"description\":\"VILLEURBANNE | Une semaine des handicaps pour changer de regard\",\"breadcrumb\":{\"@id\":\"https:\/\/newsestlyonnais.fr\/site\/2023\/05\/17\/villeurbanne-une-semaine-des-handicaps-pour-changer-de-regard\/#breadcrumb\"},\"inLanguage\":\"fr-FR\",\"potentialAction\":[{\"@type\":\"ReadAction\",\"target\":[\"https:\/\/newsestlyonnais.fr\/site\/2023\/05\/17\/villeurbanne-une-semaine-des-handicaps-pour-changer-de-regard\/\"]}]},{\"@type\":\"ImageObject\",\"inLanguage\":\"fr-FR\",\"@id\":\"https:\/\/newsestlyonnais.fr\/site\/2023\/05\/17\/villeurbanne-une-semaine-des-handicaps-pour-changer-de-regard\/#primaryimage\",\"url\":\"https:\/\/newsestlyonnais.fr\/site\/wp-content\/uploads\/2020\/01\/NEWSESTLYONNAIS-GRATTE-CIEL-BIS-.jpg\",\"contentUrl\":\"https:\/\/newsestlyonnais.fr\/site\/wp-content\/uploads\/2020\/01\/NEWSESTLYONNAIS-GRATTE-CIEL-BIS-.jpg\",\"width\":1200,\"height\":800},{\"@type\":\"BreadcrumbList\",\"@id\":\"https:\/\/newsestlyonnais.fr\/site\/2023\/05\/17\/villeurbanne-une-semaine-des-handicaps-pour-changer-de-regard\/#breadcrumb\",\"itemListElement\":[{\"@type\":\"ListItem\",\"position\":1,\"name\":\"Accueil\",\"item\":\"https:\/\/newsestlyonnais.fr\/site\/\"},{\"@type\":\"ListItem\",\"position\":2,\"name\":\"VILLEURBANNE | Une semaine des handicaps pour changer de regard\"}]},{\"@type\":\"WebSite\",\"@id\":\"https:\/\/newsestlyonnais.fr\/site\/#website\",\"url\":\"https:\/\/newsestlyonnais.fr\/site\/\",\"name\":\"News Est Lyonnais\",\"description\":\"L&#039;actualit\u00e9 au plus pr\u00e8s\",\"publisher\":{\"@id\":\"https:\/\/newsestlyonnais.fr\/site\/#organization\"},\"potentialAction\":[{\"@type\":\"SearchAction\",\"target\":{\"@type\":\"EntryPoint\",\"urlTemplate\":\"https:\/\/newsestlyonnais.fr\/site\/?s={search_term_string}\"},\"query-input\":{\"@type\":\"PropertyValueSpecification\",\"valueRequired\":true,\"valueName\":\"search_term_string\"}}],\"inLanguage\":\"fr-FR\"},{\"@type\":\"Organization\",\"@id\":\"https:\/\/newsestlyonnais.fr\/site\/#organization\",\"name\":\"News EST LYONNAIS\",\"url\":\"https:\/\/newsestlyonnais.fr\/site\/\",\"logo\":{\"@type\":\"ImageObject\",\"inLanguage\":\"fr-FR\",\"@id\":\"https:\/\/newsestlyonnais.fr\/site\/#\/schema\/logo\/image\/\",\"url\":\"\",\"contentUrl\":\"\",\"caption\":\"News EST LYONNAIS\"},\"image\":{\"@id\":\"https:\/\/newsestlyonnais.fr\/site\/#\/schema\/logo\/image\/\"}},{\"@type\":\"Person\",\"@id\":\"https:\/\/newsestlyonnais.fr\/site\/#\/schema\/person\/3230d5615f390bb808365d673001e887\",\"name\":\"R\u00e9dac. NEWS\",\"sameAs\":[\"http:\/\/www.newsestlyonnais.fr\",\"https:\/\/www.facebook.com\/pascal.oberson.1?fref=ts\",\"https:\/\/fr.linkedin.com\/in\/pascal-oberson-b17045113\"],\"url\":\"https:\/\/newsestlyonnais.fr\/site\/author\/nel\/\"}]}<\/script>\n<!-- \/ Yoast SEO plugin. -->","yoast_head_json":{"title":"VILLEURBANNE | Une semaine des handicaps pour changer de regard - News Est Lyonnais","description":"VILLEURBANNE | Une semaine des handicaps pour changer de regard","robots":{"index":"index","follow":"follow","max-snippet":"max-snippet:-1","max-image-preview":"max-image-preview:large","max-video-preview":"max-video-preview:-1"},"canonical":"https:\/\/newsestlyonnais.fr\/site\/2023\/05\/17\/villeurbanne-une-semaine-des-handicaps-pour-changer-de-regard\/","og_locale":"fr_FR","og_type":"article","og_title":"VILLEURBANNE | Une semaine des handicaps pour changer de regard - News Est Lyonnais","og_description":"VILLEURBANNE | Une semaine des handicaps pour changer de regard","og_url":"https:\/\/newsestlyonnais.fr\/site\/2023\/05\/17\/villeurbanne-une-semaine-des-handicaps-pour-changer-de-regard\/","og_site_name":"News Est Lyonnais","article_author":"https:\/\/www.facebook.com\/pascal.oberson.1?fref=ts","article_published_time":"2023-05-17T09:39:33+00:00","article_modified_time":"2023-05-27T17:25:47+00:00","og_image":[{"width":1200,"height":800,"url":"https:\/\/newsestlyonnais.fr\/site\/wp-content\/uploads\/2020\/01\/NEWSESTLYONNAIS-GRATTE-CIEL-BIS-.jpg","type":"image\/jpeg"}],"author":"R\u00e9dac. NEWS","twitter_card":"summary_large_image","twitter_misc":{"\u00c9crit par":"R\u00e9dac. NEWS","Dur\u00e9e de lecture estim\u00e9e":"2 minutes"},"schema":{"@context":"https:\/\/schema.org","@graph":[{"@type":"Article","@id":"https:\/\/newsestlyonnais.fr\/site\/2023\/05\/17\/villeurbanne-une-semaine-des-handicaps-pour-changer-de-regard\/#article","isPartOf":{"@id":"https:\/\/newsestlyonnais.fr\/site\/2023\/05\/17\/villeurbanne-une-semaine-des-handicaps-pour-changer-de-regard\/"},"author":{"name":"R\u00e9dac. NEWS","@id":"https:\/\/newsestlyonnais.fr\/site\/#\/schema\/person\/3230d5615f390bb808365d673001e887"},"headline":"VILLEURBANNE | Une semaine des handicaps pour changer de regard","datePublished":"2023-05-17T09:39:33+00:00","dateModified":"2023-05-27T17:25:47+00:00","mainEntityOfPage":{"@id":"https:\/\/newsestlyonnais.fr\/site\/2023\/05\/17\/villeurbanne-une-semaine-des-handicaps-pour-changer-de-regard\/"},"wordCount":333,"commentCount":0,"publisher":{"@id":"https:\/\/newsestlyonnais.fr\/site\/#organization"},"image":{"@id":"https:\/\/newsestlyonnais.fr\/site\/2023\/05\/17\/villeurbanne-une-semaine-des-handicaps-pour-changer-de-regard\/#primaryimage"},"thumbnailUrl":"https:\/\/newsestlyonnais.fr\/site\/wp-content\/uploads\/2020\/01\/NEWSESTLYONNAIS-GRATTE-CIEL-BIS-.jpg","keywords":["HANDICAP","SEMAINE","VILLEURBANNE"],"articleSection":["Handi &amp; adapt\u00e9","Villeurbanne"],"inLanguage":"fr-FR","potentialAction":[{"@type":"CommentAction","name":"Comment","target":["https:\/\/newsestlyonnais.fr\/site\/2023\/05\/17\/villeurbanne-une-semaine-des-handicaps-pour-changer-de-regard\/#respond"]}]},{"@type":"WebPage","@id":"https:\/\/newsestlyonnais.fr\/site\/2023\/05\/17\/villeurbanne-une-semaine-des-handicaps-pour-changer-de-regard\/","url":"https:\/\/newsestlyonnais.fr\/site\/2023\/05\/17\/villeurbanne-une-semaine-des-handicaps-pour-changer-de-regard\/","name":"VILLEURBANNE | Une semaine des handicaps pour changer de regard - News Est Lyonnais","isPartOf":{"@id":"https:\/\/newsestlyonnais.fr\/site\/#website"},"primaryImageOfPage":{"@id":"https:\/\/newsestlyonnais.fr\/site\/2023\/05\/17\/villeurbanne-une-semaine-des-handicaps-pour-changer-de-regard\/#primaryimage"},"image":{"@id":"https:\/\/newsestlyonnais.fr\/site\/2023\/05\/17\/villeurbanne-une-semaine-des-handicaps-pour-changer-de-regard\/#primaryimage"},"thumbnailUrl":"https:\/\/newsestlyonnais.fr\/site\/wp-content\/uploads\/2020\/01\/NEWSESTLYONNAIS-GRATTE-CIEL-BIS-.jpg","datePublished":"2023-05-17T09:39:33+00:00","dateModified":"2023-05-27T17:25:47+00:00","description":"VILLEURBANNE | Une semaine des handicaps pour changer de regard","breadcrumb":{"@id":"https:\/\/newsestlyonnais.fr\/site\/2023\/05\/17\/villeurbanne-une-semaine-des-handicaps-pour-changer-de-regard\/#breadcrumb"},"inLanguage":"fr-FR","potentialAction":[{"@type":"ReadAction","target":["https:\/\/newsestlyonnais.fr\/site\/2023\/05\/17\/villeurbanne-une-semaine-des-handicaps-pour-changer-de-regard\/"]}]},{"@type":"ImageObject","inLanguage":"fr-FR","@id":"https:\/\/newsestlyonnais.fr\/site\/2023\/05\/17\/villeurbanne-une-semaine-des-handicaps-pour-changer-de-regard\/#primaryimage","url":"https:\/\/newsestlyonnais.fr\/site\/wp-content\/uploads\/2020\/01\/NEWSESTLYONNAIS-GRATTE-CIEL-BIS-.jpg","contentUrl":"https:\/\/newsestlyonnais.fr\/site\/wp-content\/uploads\/2020\/01\/NEWSESTLYONNAIS-GRATTE-CIEL-BIS-.jpg","width":1200,"height":800},{"@type":"BreadcrumbList","@id":"https:\/\/newsestlyonnais.fr\/site\/2023\/05\/17\/villeurbanne-une-semaine-des-handicaps-pour-changer-de-regard\/#breadcrumb","itemListElement":[{"@type":"ListItem","position":1,"name":"Accueil","item":"https:\/\/newsestlyonnais.fr\/site\/"},{"@type":"ListItem","position":2,"name":"VILLEURBANNE | Une semaine des handicaps pour changer de regard"}]},{"@type":"WebSite","@id":"https:\/\/newsestlyonnais.fr\/site\/#website","url":"https:\/\/newsestlyonnais.fr\/site\/","name":"News Est Lyonnais","description":"L&#039;actualit\u00e9 au plus pr\u00e8s","publisher":{"@id":"https:\/\/newsestlyonnais.fr\/site\/#organization"},"potentialAction":[{"@type":"SearchAction","target":{"@type":"EntryPoint","urlTemplate":"https:\/\/newsestlyonnais.fr\/site\/?s={search_term_string}"},"query-input":{"@type":"PropertyValueSpecification","valueRequired":true,"valueName":"search_term_string"}}],"inLanguage":"fr-FR"},{"@type":"Organization","@id":"https:\/\/newsestlyonnais.fr\/site\/#organization","name":"News EST LYONNAIS","url":"https:\/\/newsestlyonnais.fr\/site\/","logo":{"@type":"ImageObject","inLanguage":"fr-FR","@id":"https:\/\/newsestlyonnais.fr\/site\/#\/schema\/logo\/image\/","url":"","contentUrl":"","caption":"News EST LYONNAIS"},"image":{"@id":"https:\/\/newsestlyonnais.fr\/site\/#\/schema\/logo\/image\/"}},{"@type":"Person","@id":"https:\/\/newsestlyonnais.fr\/site\/#\/schema\/person\/3230d5615f390bb808365d673001e887","name":"R\u00e9dac. NEWS","sameAs":["http:\/\/www.newsestlyonnais.fr","https:\/\/www.facebook.com\/pascal.oberson.1?fref=ts","https:\/\/fr.linkedin.com\/in\/pascal-oberson-b17045113"],"url":"https:\/\/newsestlyonnais.fr\/site\/author\/nel\/"}]}},"_links":{"self":[{"href":"https:\/\/newsestlyonnais.fr\/site\/wp-json\/wp\/v2\/posts\/181702","targetHints":{"allow":["GET"]}}],"collection":[{"href":"https:\/\/newsestlyonnais.fr\/site\/wp-json\/wp\/v2\/posts"}],"about":[{"href":"https:\/\/newsestlyonnais.fr\/site\/wp-json\/wp\/v2\/types\/post"}],"author":[{"embeddable":true,"href":"https:\/\/newsestlyonnais.fr\/site\/wp-json\/wp\/v2\/users\/4"}],"replies":[{"embeddable":true,"href":"https:\/\/newsestlyonnais.fr\/site\/wp-json\/wp\/v2\/comments?post=181702"}],"version-history":[{"count":0,"href":"https:\/\/newsestlyonnais.fr\/site\/wp-json\/wp\/v2\/posts\/181702\/revisions"}],"wp:featuredmedia":[{"embeddable":true,"href":"https:\/\/newsestlyonnais.fr\/site\/wp-json\/wp\/v2\/media\/93755"}],"wp:attachment":[{"href":"https:\/\/newsestlyonnais.fr\/site\/wp-json\/wp\/v2\/media?parent=181702"}],"wp:term":[{"taxonomy":"category","embeddable":true,"href":"https:\/\/newsestlyonnais.fr\/site\/wp-json\/wp\/v2\/categories?post=181702"},{"taxonomy":"post_tag","embeddable":true,"href":"https:\/\/newsestlyonnais.fr\/site\/wp-json\/wp\/v2\/tags?post=181702"}],"curies":[{"name":"wp","href":"https:\/\/api.w.org\/{rel}","templated":true}]}}