{"id":181841,"date":"2023-05-20T07:49:31","date_gmt":"2023-05-20T06:49:31","guid":{"rendered":"https:\/\/newsestlyonnais.fr\/site\/?p=181841"},"modified":"2023-05-20T07:50:59","modified_gmt":"2023-05-20T06:50:59","slug":"elisa-bujnowskyj-jai-paris-2024-en-ligne-de-mire-et-veux-voir-grand-en-tant-que-joueuse-de-petite-taille","status":"publish","type":"post","link":"https:\/\/newsestlyonnais.fr\/site\/2023\/05\/20\/elisa-bujnowskyj-jai-paris-2024-en-ligne-de-mire-et-veux-voir-grand-en-tant-que-joueuse-de-petite-taille\/","title":{"rendered":"Elisa Bujnowskyj \u00ab J\u2019ai Paris 2024 en ligne de mire et veux voir grand en tant que joueuse de petite taille \u00bb"},"content":{"rendered":"<p><span style=\"background-color: #000000; color: #ffffff;\"><strong>Pr\u00e9sentation sommaire<\/strong><\/span><\/p>\n<p>\u00ab Ag\u00e9e de 27 ans, <strong>nouvelle joueuse de Parabadminton<\/strong>, participant aux jeux et mondiaux en mixtes et en simples. <strong>Je r\u00e9side entre deux communes : Genas, Satolas et Bonce \u00bb.<\/strong><\/p>\n<hr \/>\n<p><strong><span style=\"background-color: #000000; color: #ffffff;\">Votre parcours sportif et \u00e9ventuel palmar\u00e8s ?<\/span><\/strong><\/p>\n<p>\u00ab Je suis joueuse de Parabadminton depuis peu dans le <strong>but d\u2019obtenir par la suite le statut de Sportif de Haut Niveau<\/strong>. Je m\u2019entra\u00eene aujourd\u2019hui de mani\u00e8re intensive et quotidienne au P\u00f4le Espoir de Nantes et le jeudi soir au club de Villette-d\u2019Anthon (38) en vue d&rsquo;\u00eatre qualifi\u00e9e pour les Jeux de Paris 2024 <strong>\u00bb.<\/strong><\/p>\n<p><span style=\"background-color: #000000; color: #ffffff;\"><strong>Club sportif actuel et depuis quand ?<\/strong><\/span><\/p>\n<p>\u00ab <strong>Je suis licenci\u00e9e dans le club de badminton de Villette-d\u2019Anthon<\/strong> et je m\u2019entra\u00eene du lundi au jeudi au CREPS de Nantes <strong>\u00bb.<\/strong><\/p>\n<hr \/>\n<p><span style=\"background-color: #000000; color: #ffffff;\"><strong>Vos points forts dans la discipline ?<\/strong><\/span><\/p>\n<p>\u00ab Depuis mon arriv\u00e9e sur le circuit en d\u00e9cembre 2022, j\u2019ai progress\u00e9 rapidement et <strong>je suis \u00e0 pr\u00e9sent dans la course pour les Jeux de Paris 2024<\/strong> puisque le Parabadminton a fait son apparition aux Jeux Paralympiques de Tokyo \u00e0 l\u2019\u00e9t\u00e9 2021 pour la premi\u00e8re fois de son histoire.<\/p>\n<p>Je me suis fix\u00e9 des objectifs personnels : <strong>int\u00e9grer le mondial en simple et en mixte puis \u00eatre Championne Paralympique \u00e0 Paris en 2024 \u00bb.<\/strong><\/p>\n<p><span style=\"color: #ffffff; background-color: #000000;\"><strong>Combien d\u2019heures d\u2019entrainement par semaine, o\u00f9 et coach\u00e9e par qui ?<\/strong><\/span><\/p>\n<p>\u00ab Par semaine je m\u2019entraine du lundi au jeudi au CREPS de Nantes (9 h-12 h 14 h-18 h) puis le jeudi soir (de 19 h jusqu\u2019\u00e0 22 h 30) au club de Villette-d\u2019Anthon et je suis coach\u00e9e par Mourad Amrani.<\/p>\n<p>Je m\u2019entra\u00eene aussi le vendredi et dimanche pour de la pr\u00e9paration physique \u00e0 Time Training (Villeurbanne) avec Nino Casa <strong>\u00bb.<\/strong><\/p>\n<hr \/>\n<p><span style=\"background-color: #000000; color: #ffffff;\"><strong>Quel est votre programme et vos ambitions pour cette ann\u00e9e ?<br \/>\n<\/strong><\/span><\/p>\n<p><strong><img loading=\"lazy\" decoding=\"async\" class=\"alignleft size-medium wp-image-181884\" src=\"https:\/\/newsestlyonnais.fr\/site\/wp-content\/uploads\/2023\/05\/image0-1-400x533.jpeg\" alt=\"\" width=\"225\" height=\"300\" srcset=\"https:\/\/newsestlyonnais.fr\/site\/wp-content\/uploads\/2023\/05\/image0-1-400x533.jpeg 400w, https:\/\/newsestlyonnais.fr\/site\/wp-content\/uploads\/2023\/05\/image0-1-650x867.jpeg 650w, https:\/\/newsestlyonnais.fr\/site\/wp-content\/uploads\/2023\/05\/image0-1-250x333.jpeg 250w, https:\/\/newsestlyonnais.fr\/site\/wp-content\/uploads\/2023\/05\/image0-1-768x1024.jpeg 768w, https:\/\/newsestlyonnais.fr\/site\/wp-content\/uploads\/2023\/05\/image0-1-150x200.jpeg 150w, https:\/\/newsestlyonnais.fr\/site\/wp-content\/uploads\/2023\/05\/image0-1-50x67.jpeg 50w, https:\/\/newsestlyonnais.fr\/site\/wp-content\/uploads\/2023\/05\/image0-1-100x133.jpeg 100w, https:\/\/newsestlyonnais.fr\/site\/wp-content\/uploads\/2023\/05\/image0-1-200x267.jpeg 200w, https:\/\/newsestlyonnais.fr\/site\/wp-content\/uploads\/2023\/05\/image0-1-300x400.jpeg 300w, https:\/\/newsestlyonnais.fr\/site\/wp-content\/uploads\/2023\/05\/image0-1-350x467.jpeg 350w, https:\/\/newsestlyonnais.fr\/site\/wp-content\/uploads\/2023\/05\/image0-1-450x600.jpeg 450w, https:\/\/newsestlyonnais.fr\/site\/wp-content\/uploads\/2023\/05\/image0-1-500x667.jpeg 500w, https:\/\/newsestlyonnais.fr\/site\/wp-content\/uploads\/2023\/05\/image0-1-550x733.jpeg 550w, https:\/\/newsestlyonnais.fr\/site\/wp-content\/uploads\/2023\/05\/image0-1-800x1067.jpeg 800w, https:\/\/newsestlyonnais.fr\/site\/wp-content\/uploads\/2023\/05\/image0-1.jpeg 900w\" sizes=\"auto, (max-width: 225px) 100vw, 225px\" \/>\u00ab Tout athl\u00e8te r\u00eave de participer au moins une fois dans sa vie \u00e0 des Jeux Olympiques ou pour ma part aux Jeux Paralympiques.<\/strong><\/p>\n<p><strong>Apr\u00e8s avoir essay\u00e9 diff\u00e9rents sports, j\u2019ai eu l\u2019occasion de tester le badminton<\/strong> gr\u00e2ce \u00e0 Charles Noakes mon partenaire de mixte a ce jour. C\u2019est l\u00e0 que j\u2019ai d\u00e9couvert le parabadminton. Apr\u00e8s diff\u00e9rentes \u00e9tapes, j\u2019ai vu qu\u2019il \u00e9tait possible d\u2019avoir un projet de joueuse de parabadiste professionnelle.<\/p>\n<p>Je ne le savais pas encore mais <strong>la d\u00e9couverte du para-badminton a chang\u00e9 ma vie<\/strong>. <strong>Je sais maintenant que je veux \u00eatre une <\/strong><strong>\u00ab CHAMPIONNE ! \u00bb<\/strong><\/p>\n<hr \/>\n<p><span style=\"background-color: #000000; color: #ffffff;\"><strong>Et votre projet de JO 2024 ?<\/strong><\/span><\/p>\n<p>\u00ab Aujourd\u2019hui, <strong>j\u2019ai Paris 2024 en ligne de mire<\/strong>. <strong>Je veux voir grand en tant que joueuse de petite taille<\/strong>.<\/p>\n<p>J\u2019ai construit un projet qui m\u2019a permis de franchir certaines \u00e9tapes et il n\u2019est pas fini. D\u2019autres \u00e9preuves se pr\u00e9sentent dans mon parcours. Je dois m\u2019adapter \u00e0 cela continuellement et chercher des solutions pour les affronter et les surpasser.<\/p>\n<p><strong>Me d\u00e9penser, me confronter aux autres, tester mes limites, me surpasser, voil\u00e0 ce qui me motive aujourd&rsquo;hui. <\/strong><strong>Le sport fait partie int\u00e9grante de ma vie.<\/strong><\/p>\n<p>Mes entra\u00eeneurs m\u2019ont appris ce qu\u2019\u00e9tait la rigueur, la d\u00e9termination, le travail sans rel\u00e2che au quotidien, le surpassement de soi pour \u00eatre une championne.<\/p>\n<p><strong>J\u2019ai appris au fil des semaines et des mois \u00e0 me fixer des objectifs \u00e0 court, moyen et long terme<\/strong>. J\u2019ai \u00e9galement appris pourquoi je travaillais, quels \u00e9taient mes facteurs de motivation, qu\u2019est-ce qui me donnait envie de me lever chaque matin, \u00e0 puiser dans mes r\u00e9serves pour donner le meilleur de moi-m\u00eame afin d\u2019atteindre mes objectifs.<br \/>\nVous voyez bien que <strong>ce projet est loin d\u2019\u00eatre un projet individuel.<\/strong> Il faut associer tout un ensemble de variables pour garantir une r\u00e9ussite \u00e0 ce projet.<\/p>\n<p><strong>Le travail en \u00e9quipe fait partie de mon quotidien<\/strong>. Je dois travailler avec des entraineurs, pr\u00e9parateurs physiques,\u00a0 kin\u00e9sith\u00e9rapeutes, coachs sportifs, conseillers en partenariat financier.<br \/>\nJ\u2019ai d\u00fb aussi m\u2019adapter avec les diff\u00e9rents jeunes polistes qui sont de v\u00e9ritables champions et de v\u00e9ritables exemples. Vu qu\u2019ils ont des profils diff\u00e9rents, que ce soit au niveau \u00e2ge ou style de jeu, j\u2019ai d\u00fb dans l\u2019ordre accepter cette situation, m\u2019adapter \u00e0 eux et int\u00e9grer ces diff\u00e9rences dans mon quotidien pour m\u2019am\u00e9liorer personnellement <strong>\u00bb.<\/strong><\/p>\n<hr \/>\n<p><span style=\"background-color: #000000; color: #ffffff;\"><strong>Et une anecdote pour conclure ?<\/strong><\/span><\/p>\n<p>\u00ab Il y a quelques semaines, le Br\u00e9sil \u00e9tait mon premier Open international, et je m\u2019y suis rendu sans mes raquettes\u2026 j\u2019ai donc du jouer avec les raquettes des autres joueurs \ud83d\ude02 <strong>\u00bb.<\/strong><\/p>\n<hr \/>\n<hr \/>\n<p>&nbsp;<\/p>\n","protected":false},"excerpt":{"rendered":"<p>La joueuse de Parabadminton de l&rsquo;est lyonnais qui souhaite obtenir le statut de sportif de haut niveau est dans la course pour disputer les Jeux dans la capitale.<\/p>\n","protected":false},"author":4,"featured_media":181881,"comment_status":"open","ping_status":"open","sticky":false,"template":"","format":"standard","meta":{"footnotes":""},"categories":[4153,1321,270,3421,1598,3015,4286,137,164],"tags":[2090,4759,4760],"class_list":["post-181841","post","type-post","status-publish","format-standard","has-post-thumbnail","hentry","category-ain-isere","category-bad-racketlon-squash","category-cte-de-communes-c-c-e-l","category-feminin-actu-au","category-genas","category-handi-adapte","category-interview-a-la-une","category-interviews","category-isere","tag-badminton","tag-elisa-bujnowskyj","tag-parabadminton"],"yoast_head":"<!-- This site is optimized with the Yoast SEO plugin v27.2 - https:\/\/yoast.com\/product\/yoast-seo-wordpress\/ -->\n<title>Elisa Bujnowskyj \u00ab J\u2019ai Paris 2024 en ligne de mire et veux voir grand en tant que joueuse de petite taille \u00bb - News Est Lyonnais<\/title>\n<meta name=\"description\" content=\"Elisa Bujnowskyj \u00ab J\u2019ai Paris 2024 en ligne de mire et veux voir grand en tant que joueuse de petite taille \u00bb\" \/>\n<meta name=\"robots\" content=\"index, follow, max-snippet:-1, max-image-preview:large, max-video-preview:-1\" \/>\n<link rel=\"canonical\" href=\"https:\/\/newsestlyonnais.fr\/site\/2023\/05\/20\/elisa-bujnowskyj-jai-paris-2024-en-ligne-de-mire-et-veux-voir-grand-en-tant-que-joueuse-de-petite-taille\/\" \/>\n<meta property=\"og:locale\" content=\"fr_FR\" \/>\n<meta property=\"og:type\" content=\"article\" \/>\n<meta property=\"og:title\" content=\"Elisa Bujnowskyj \u00ab J\u2019ai Paris 2024 en ligne de mire et veux voir grand en tant que joueuse de petite taille \u00bb - News Est Lyonnais\" \/>\n<meta property=\"og:description\" content=\"Elisa Bujnowskyj \u00ab J\u2019ai Paris 2024 en ligne de mire et veux voir grand en tant que joueuse de petite taille \u00bb\" \/>\n<meta property=\"og:url\" content=\"https:\/\/newsestlyonnais.fr\/site\/2023\/05\/20\/elisa-bujnowskyj-jai-paris-2024-en-ligne-de-mire-et-veux-voir-grand-en-tant-que-joueuse-de-petite-taille\/\" \/>\n<meta property=\"og:site_name\" content=\"News Est Lyonnais\" \/>\n<meta property=\"article:author\" content=\"https:\/\/www.facebook.com\/pascal.oberson.1?fref=ts\" \/>\n<meta property=\"article:published_time\" content=\"2023-05-20T06:49:31+00:00\" \/>\n<meta property=\"article:modified_time\" content=\"2023-05-20T06:50:59+00:00\" \/>\n<meta property=\"og:image\" content=\"https:\/\/newsestlyonnais.fr\/site\/wp-content\/uploads\/2023\/05\/image1.jpeg\" \/>\n\t<meta property=\"og:image:width\" content=\"1130\" \/>\n\t<meta property=\"og:image:height\" content=\"1200\" \/>\n\t<meta property=\"og:image:type\" content=\"image\/jpeg\" \/>\n<meta name=\"author\" content=\"R\u00e9dac. NEWS\" \/>\n<meta name=\"twitter:card\" content=\"summary_large_image\" \/>\n<meta name=\"twitter:label1\" content=\"\u00c9crit par\" \/>\n\t<meta name=\"twitter:data1\" content=\"R\u00e9dac. NEWS\" \/>\n\t<meta name=\"twitter:label2\" content=\"Dur\u00e9e de lecture estim\u00e9e\" \/>\n\t<meta name=\"twitter:data2\" content=\"4 minutes\" \/>\n<script type=\"application\/ld+json\" class=\"yoast-schema-graph\">{\"@context\":\"https:\/\/schema.org\",\"@graph\":[{\"@type\":\"Article\",\"@id\":\"https:\/\/newsestlyonnais.fr\/site\/2023\/05\/20\/elisa-bujnowskyj-jai-paris-2024-en-ligne-de-mire-et-veux-voir-grand-en-tant-que-joueuse-de-petite-taille\/#article\",\"isPartOf\":{\"@id\":\"https:\/\/newsestlyonnais.fr\/site\/2023\/05\/20\/elisa-bujnowskyj-jai-paris-2024-en-ligne-de-mire-et-veux-voir-grand-en-tant-que-joueuse-de-petite-taille\/\"},\"author\":{\"name\":\"R\u00e9dac. NEWS\",\"@id\":\"https:\/\/newsestlyonnais.fr\/site\/#\/schema\/person\/3230d5615f390bb808365d673001e887\"},\"headline\":\"Elisa Bujnowskyj \u00ab J\u2019ai Paris 2024 en ligne de mire et veux voir grand en tant que joueuse de petite taille \u00bb\",\"datePublished\":\"2023-05-20T06:49:31+00:00\",\"dateModified\":\"2023-05-20T06:50:59+00:00\",\"mainEntityOfPage\":{\"@id\":\"https:\/\/newsestlyonnais.fr\/site\/2023\/05\/20\/elisa-bujnowskyj-jai-paris-2024-en-ligne-de-mire-et-veux-voir-grand-en-tant-que-joueuse-de-petite-taille\/\"},\"wordCount\":763,\"commentCount\":0,\"publisher\":{\"@id\":\"https:\/\/newsestlyonnais.fr\/site\/#organization\"},\"image\":{\"@id\":\"https:\/\/newsestlyonnais.fr\/site\/2023\/05\/20\/elisa-bujnowskyj-jai-paris-2024-en-ligne-de-mire-et-veux-voir-grand-en-tant-que-joueuse-de-petite-taille\/#primaryimage\"},\"thumbnailUrl\":\"https:\/\/newsestlyonnais.fr\/site\/wp-content\/uploads\/2023\/05\/image1.jpeg\",\"keywords\":[\"BADMINTON\",\"Elisa Bujnowskyj\",\"parabadminton\"],\"articleSection\":[\"Ain | Is\u00e8re\",\"Bad | Racketlon | Squash\",\"CCEL | Communes\",\"F\u00e9minin (Actu au)\",\"Genas\",\"Handi &amp; adapt\u00e9\",\"Interview \u00e0 la une\",\"Interviews\",\"Is\u00e8re (38)\"],\"inLanguage\":\"fr-FR\",\"potentialAction\":[{\"@type\":\"CommentAction\",\"name\":\"Comment\",\"target\":[\"https:\/\/newsestlyonnais.fr\/site\/2023\/05\/20\/elisa-bujnowskyj-jai-paris-2024-en-ligne-de-mire-et-veux-voir-grand-en-tant-que-joueuse-de-petite-taille\/#respond\"]}]},{\"@type\":\"WebPage\",\"@id\":\"https:\/\/newsestlyonnais.fr\/site\/2023\/05\/20\/elisa-bujnowskyj-jai-paris-2024-en-ligne-de-mire-et-veux-voir-grand-en-tant-que-joueuse-de-petite-taille\/\",\"url\":\"https:\/\/newsestlyonnais.fr\/site\/2023\/05\/20\/elisa-bujnowskyj-jai-paris-2024-en-ligne-de-mire-et-veux-voir-grand-en-tant-que-joueuse-de-petite-taille\/\",\"name\":\"Elisa Bujnowskyj \u00ab J\u2019ai Paris 2024 en ligne de mire et veux voir grand en tant que joueuse de petite taille \u00bb - News Est Lyonnais\",\"isPartOf\":{\"@id\":\"https:\/\/newsestlyonnais.fr\/site\/#website\"},\"primaryImageOfPage\":{\"@id\":\"https:\/\/newsestlyonnais.fr\/site\/2023\/05\/20\/elisa-bujnowskyj-jai-paris-2024-en-ligne-de-mire-et-veux-voir-grand-en-tant-que-joueuse-de-petite-taille\/#primaryimage\"},\"image\":{\"@id\":\"https:\/\/newsestlyonnais.fr\/site\/2023\/05\/20\/elisa-bujnowskyj-jai-paris-2024-en-ligne-de-mire-et-veux-voir-grand-en-tant-que-joueuse-de-petite-taille\/#primaryimage\"},\"thumbnailUrl\":\"https:\/\/newsestlyonnais.fr\/site\/wp-content\/uploads\/2023\/05\/image1.jpeg\",\"datePublished\":\"2023-05-20T06:49:31+00:00\",\"dateModified\":\"2023-05-20T06:50:59+00:00\",\"description\":\"Elisa Bujnowskyj \u00ab J\u2019ai Paris 2024 en ligne de mire et veux voir grand en tant que joueuse de petite taille \u00bb\",\"breadcrumb\":{\"@id\":\"https:\/\/newsestlyonnais.fr\/site\/2023\/05\/20\/elisa-bujnowskyj-jai-paris-2024-en-ligne-de-mire-et-veux-voir-grand-en-tant-que-joueuse-de-petite-taille\/#breadcrumb\"},\"inLanguage\":\"fr-FR\",\"potentialAction\":[{\"@type\":\"ReadAction\",\"target\":[\"https:\/\/newsestlyonnais.fr\/site\/2023\/05\/20\/elisa-bujnowskyj-jai-paris-2024-en-ligne-de-mire-et-veux-voir-grand-en-tant-que-joueuse-de-petite-taille\/\"]}]},{\"@type\":\"ImageObject\",\"inLanguage\":\"fr-FR\",\"@id\":\"https:\/\/newsestlyonnais.fr\/site\/2023\/05\/20\/elisa-bujnowskyj-jai-paris-2024-en-ligne-de-mire-et-veux-voir-grand-en-tant-que-joueuse-de-petite-taille\/#primaryimage\",\"url\":\"https:\/\/newsestlyonnais.fr\/site\/wp-content\/uploads\/2023\/05\/image1.jpeg\",\"contentUrl\":\"https:\/\/newsestlyonnais.fr\/site\/wp-content\/uploads\/2023\/05\/image1.jpeg\",\"width\":1130,\"height\":1200},{\"@type\":\"BreadcrumbList\",\"@id\":\"https:\/\/newsestlyonnais.fr\/site\/2023\/05\/20\/elisa-bujnowskyj-jai-paris-2024-en-ligne-de-mire-et-veux-voir-grand-en-tant-que-joueuse-de-petite-taille\/#breadcrumb\",\"itemListElement\":[{\"@type\":\"ListItem\",\"position\":1,\"name\":\"Accueil\",\"item\":\"https:\/\/newsestlyonnais.fr\/site\/\"},{\"@type\":\"ListItem\",\"position\":2,\"name\":\"Elisa Bujnowskyj \u00ab J\u2019ai Paris 2024 en ligne de mire et veux voir grand en tant que joueuse de petite taille \u00bb\"}]},{\"@type\":\"WebSite\",\"@id\":\"https:\/\/newsestlyonnais.fr\/site\/#website\",\"url\":\"https:\/\/newsestlyonnais.fr\/site\/\",\"name\":\"News Est Lyonnais\",\"description\":\"L&#039;actualit\u00e9 au plus pr\u00e8s\",\"publisher\":{\"@id\":\"https:\/\/newsestlyonnais.fr\/site\/#organization\"},\"potentialAction\":[{\"@type\":\"SearchAction\",\"target\":{\"@type\":\"EntryPoint\",\"urlTemplate\":\"https:\/\/newsestlyonnais.fr\/site\/?s={search_term_string}\"},\"query-input\":{\"@type\":\"PropertyValueSpecification\",\"valueRequired\":true,\"valueName\":\"search_term_string\"}}],\"inLanguage\":\"fr-FR\"},{\"@type\":\"Organization\",\"@id\":\"https:\/\/newsestlyonnais.fr\/site\/#organization\",\"name\":\"News EST LYONNAIS\",\"url\":\"https:\/\/newsestlyonnais.fr\/site\/\",\"logo\":{\"@type\":\"ImageObject\",\"inLanguage\":\"fr-FR\",\"@id\":\"https:\/\/newsestlyonnais.fr\/site\/#\/schema\/logo\/image\/\",\"url\":\"\",\"contentUrl\":\"\",\"caption\":\"News EST LYONNAIS\"},\"image\":{\"@id\":\"https:\/\/newsestlyonnais.fr\/site\/#\/schema\/logo\/image\/\"}},{\"@type\":\"Person\",\"@id\":\"https:\/\/newsestlyonnais.fr\/site\/#\/schema\/person\/3230d5615f390bb808365d673001e887\",\"name\":\"R\u00e9dac. NEWS\",\"sameAs\":[\"http:\/\/www.newsestlyonnais.fr\",\"https:\/\/www.facebook.com\/pascal.oberson.1?fref=ts\",\"https:\/\/fr.linkedin.com\/in\/pascal-oberson-b17045113\"],\"url\":\"https:\/\/newsestlyonnais.fr\/site\/author\/nel\/\"}]}<\/script>\n<!-- \/ Yoast SEO plugin. -->","yoast_head_json":{"title":"Elisa Bujnowskyj \u00ab J\u2019ai Paris 2024 en ligne de mire et veux voir grand en tant que joueuse de petite taille \u00bb - News Est Lyonnais","description":"Elisa Bujnowskyj \u00ab J\u2019ai Paris 2024 en ligne de mire et veux voir grand en tant que joueuse de petite taille \u00bb","robots":{"index":"index","follow":"follow","max-snippet":"max-snippet:-1","max-image-preview":"max-image-preview:large","max-video-preview":"max-video-preview:-1"},"canonical":"https:\/\/newsestlyonnais.fr\/site\/2023\/05\/20\/elisa-bujnowskyj-jai-paris-2024-en-ligne-de-mire-et-veux-voir-grand-en-tant-que-joueuse-de-petite-taille\/","og_locale":"fr_FR","og_type":"article","og_title":"Elisa Bujnowskyj \u00ab J\u2019ai Paris 2024 en ligne de mire et veux voir grand en tant que joueuse de petite taille \u00bb - News Est Lyonnais","og_description":"Elisa Bujnowskyj \u00ab J\u2019ai Paris 2024 en ligne de mire et veux voir grand en tant que joueuse de petite taille \u00bb","og_url":"https:\/\/newsestlyonnais.fr\/site\/2023\/05\/20\/elisa-bujnowskyj-jai-paris-2024-en-ligne-de-mire-et-veux-voir-grand-en-tant-que-joueuse-de-petite-taille\/","og_site_name":"News Est Lyonnais","article_author":"https:\/\/www.facebook.com\/pascal.oberson.1?fref=ts","article_published_time":"2023-05-20T06:49:31+00:00","article_modified_time":"2023-05-20T06:50:59+00:00","og_image":[{"width":1130,"height":1200,"url":"https:\/\/newsestlyonnais.fr\/site\/wp-content\/uploads\/2023\/05\/image1.jpeg","type":"image\/jpeg"}],"author":"R\u00e9dac. NEWS","twitter_card":"summary_large_image","twitter_misc":{"\u00c9crit par":"R\u00e9dac. NEWS","Dur\u00e9e de lecture estim\u00e9e":"4 minutes"},"schema":{"@context":"https:\/\/schema.org","@graph":[{"@type":"Article","@id":"https:\/\/newsestlyonnais.fr\/site\/2023\/05\/20\/elisa-bujnowskyj-jai-paris-2024-en-ligne-de-mire-et-veux-voir-grand-en-tant-que-joueuse-de-petite-taille\/#article","isPartOf":{"@id":"https:\/\/newsestlyonnais.fr\/site\/2023\/05\/20\/elisa-bujnowskyj-jai-paris-2024-en-ligne-de-mire-et-veux-voir-grand-en-tant-que-joueuse-de-petite-taille\/"},"author":{"name":"R\u00e9dac. NEWS","@id":"https:\/\/newsestlyonnais.fr\/site\/#\/schema\/person\/3230d5615f390bb808365d673001e887"},"headline":"Elisa Bujnowskyj \u00ab J\u2019ai Paris 2024 en ligne de mire et veux voir grand en tant que joueuse de petite taille \u00bb","datePublished":"2023-05-20T06:49:31+00:00","dateModified":"2023-05-20T06:50:59+00:00","mainEntityOfPage":{"@id":"https:\/\/newsestlyonnais.fr\/site\/2023\/05\/20\/elisa-bujnowskyj-jai-paris-2024-en-ligne-de-mire-et-veux-voir-grand-en-tant-que-joueuse-de-petite-taille\/"},"wordCount":763,"commentCount":0,"publisher":{"@id":"https:\/\/newsestlyonnais.fr\/site\/#organization"},"image":{"@id":"https:\/\/newsestlyonnais.fr\/site\/2023\/05\/20\/elisa-bujnowskyj-jai-paris-2024-en-ligne-de-mire-et-veux-voir-grand-en-tant-que-joueuse-de-petite-taille\/#primaryimage"},"thumbnailUrl":"https:\/\/newsestlyonnais.fr\/site\/wp-content\/uploads\/2023\/05\/image1.jpeg","keywords":["BADMINTON","Elisa Bujnowskyj","parabadminton"],"articleSection":["Ain | Is\u00e8re","Bad | Racketlon | Squash","CCEL | Communes","F\u00e9minin (Actu au)","Genas","Handi &amp; adapt\u00e9","Interview \u00e0 la une","Interviews","Is\u00e8re (38)"],"inLanguage":"fr-FR","potentialAction":[{"@type":"CommentAction","name":"Comment","target":["https:\/\/newsestlyonnais.fr\/site\/2023\/05\/20\/elisa-bujnowskyj-jai-paris-2024-en-ligne-de-mire-et-veux-voir-grand-en-tant-que-joueuse-de-petite-taille\/#respond"]}]},{"@type":"WebPage","@id":"https:\/\/newsestlyonnais.fr\/site\/2023\/05\/20\/elisa-bujnowskyj-jai-paris-2024-en-ligne-de-mire-et-veux-voir-grand-en-tant-que-joueuse-de-petite-taille\/","url":"https:\/\/newsestlyonnais.fr\/site\/2023\/05\/20\/elisa-bujnowskyj-jai-paris-2024-en-ligne-de-mire-et-veux-voir-grand-en-tant-que-joueuse-de-petite-taille\/","name":"Elisa Bujnowskyj \u00ab J\u2019ai Paris 2024 en ligne de mire et veux voir grand en tant que joueuse de petite taille \u00bb - News Est Lyonnais","isPartOf":{"@id":"https:\/\/newsestlyonnais.fr\/site\/#website"},"primaryImageOfPage":{"@id":"https:\/\/newsestlyonnais.fr\/site\/2023\/05\/20\/elisa-bujnowskyj-jai-paris-2024-en-ligne-de-mire-et-veux-voir-grand-en-tant-que-joueuse-de-petite-taille\/#primaryimage"},"image":{"@id":"https:\/\/newsestlyonnais.fr\/site\/2023\/05\/20\/elisa-bujnowskyj-jai-paris-2024-en-ligne-de-mire-et-veux-voir-grand-en-tant-que-joueuse-de-petite-taille\/#primaryimage"},"thumbnailUrl":"https:\/\/newsestlyonnais.fr\/site\/wp-content\/uploads\/2023\/05\/image1.jpeg","datePublished":"2023-05-20T06:49:31+00:00","dateModified":"2023-05-20T06:50:59+00:00","description":"Elisa Bujnowskyj \u00ab J\u2019ai Paris 2024 en ligne de mire et veux voir grand en tant que joueuse de petite taille \u00bb","breadcrumb":{"@id":"https:\/\/newsestlyonnais.fr\/site\/2023\/05\/20\/elisa-bujnowskyj-jai-paris-2024-en-ligne-de-mire-et-veux-voir-grand-en-tant-que-joueuse-de-petite-taille\/#breadcrumb"},"inLanguage":"fr-FR","potentialAction":[{"@type":"ReadAction","target":["https:\/\/newsestlyonnais.fr\/site\/2023\/05\/20\/elisa-bujnowskyj-jai-paris-2024-en-ligne-de-mire-et-veux-voir-grand-en-tant-que-joueuse-de-petite-taille\/"]}]},{"@type":"ImageObject","inLanguage":"fr-FR","@id":"https:\/\/newsestlyonnais.fr\/site\/2023\/05\/20\/elisa-bujnowskyj-jai-paris-2024-en-ligne-de-mire-et-veux-voir-grand-en-tant-que-joueuse-de-petite-taille\/#primaryimage","url":"https:\/\/newsestlyonnais.fr\/site\/wp-content\/uploads\/2023\/05\/image1.jpeg","contentUrl":"https:\/\/newsestlyonnais.fr\/site\/wp-content\/uploads\/2023\/05\/image1.jpeg","width":1130,"height":1200},{"@type":"BreadcrumbList","@id":"https:\/\/newsestlyonnais.fr\/site\/2023\/05\/20\/elisa-bujnowskyj-jai-paris-2024-en-ligne-de-mire-et-veux-voir-grand-en-tant-que-joueuse-de-petite-taille\/#breadcrumb","itemListElement":[{"@type":"ListItem","position":1,"name":"Accueil","item":"https:\/\/newsestlyonnais.fr\/site\/"},{"@type":"ListItem","position":2,"name":"Elisa Bujnowskyj \u00ab J\u2019ai Paris 2024 en ligne de mire et veux voir grand en tant que joueuse de petite taille \u00bb"}]},{"@type":"WebSite","@id":"https:\/\/newsestlyonnais.fr\/site\/#website","url":"https:\/\/newsestlyonnais.fr\/site\/","name":"News Est Lyonnais","description":"L&#039;actualit\u00e9 au plus pr\u00e8s","publisher":{"@id":"https:\/\/newsestlyonnais.fr\/site\/#organization"},"potentialAction":[{"@type":"SearchAction","target":{"@type":"EntryPoint","urlTemplate":"https:\/\/newsestlyonnais.fr\/site\/?s={search_term_string}"},"query-input":{"@type":"PropertyValueSpecification","valueRequired":true,"valueName":"search_term_string"}}],"inLanguage":"fr-FR"},{"@type":"Organization","@id":"https:\/\/newsestlyonnais.fr\/site\/#organization","name":"News EST LYONNAIS","url":"https:\/\/newsestlyonnais.fr\/site\/","logo":{"@type":"ImageObject","inLanguage":"fr-FR","@id":"https:\/\/newsestlyonnais.fr\/site\/#\/schema\/logo\/image\/","url":"","contentUrl":"","caption":"News EST LYONNAIS"},"image":{"@id":"https:\/\/newsestlyonnais.fr\/site\/#\/schema\/logo\/image\/"}},{"@type":"Person","@id":"https:\/\/newsestlyonnais.fr\/site\/#\/schema\/person\/3230d5615f390bb808365d673001e887","name":"R\u00e9dac. NEWS","sameAs":["http:\/\/www.newsestlyonnais.fr","https:\/\/www.facebook.com\/pascal.oberson.1?fref=ts","https:\/\/fr.linkedin.com\/in\/pascal-oberson-b17045113"],"url":"https:\/\/newsestlyonnais.fr\/site\/author\/nel\/"}]}},"_links":{"self":[{"href":"https:\/\/newsestlyonnais.fr\/site\/wp-json\/wp\/v2\/posts\/181841","targetHints":{"allow":["GET"]}}],"collection":[{"href":"https:\/\/newsestlyonnais.fr\/site\/wp-json\/wp\/v2\/posts"}],"about":[{"href":"https:\/\/newsestlyonnais.fr\/site\/wp-json\/wp\/v2\/types\/post"}],"author":[{"embeddable":true,"href":"https:\/\/newsestlyonnais.fr\/site\/wp-json\/wp\/v2\/users\/4"}],"replies":[{"embeddable":true,"href":"https:\/\/newsestlyonnais.fr\/site\/wp-json\/wp\/v2\/comments?post=181841"}],"version-history":[{"count":0,"href":"https:\/\/newsestlyonnais.fr\/site\/wp-json\/wp\/v2\/posts\/181841\/revisions"}],"wp:featuredmedia":[{"embeddable":true,"href":"https:\/\/newsestlyonnais.fr\/site\/wp-json\/wp\/v2\/media\/181881"}],"wp:attachment":[{"href":"https:\/\/newsestlyonnais.fr\/site\/wp-json\/wp\/v2\/media?parent=181841"}],"wp:term":[{"taxonomy":"category","embeddable":true,"href":"https:\/\/newsestlyonnais.fr\/site\/wp-json\/wp\/v2\/categories?post=181841"},{"taxonomy":"post_tag","embeddable":true,"href":"https:\/\/newsestlyonnais.fr\/site\/wp-json\/wp\/v2\/tags?post=181841"}],"curies":[{"name":"wp","href":"https:\/\/api.w.org\/{rel}","templated":true}]}}