{"id":18186,"date":"2017-01-03T06:57:05","date_gmt":"2017-01-03T05:57:05","guid":{"rendered":"http:\/\/newsestlyonnais.fr\/site\/?p=18186"},"modified":"2020-11-01T12:11:38","modified_gmt":"2020-11-01T11:11:38","slug":"ain-de-corrida-balanaise-2017","status":"publish","type":"post","link":"https:\/\/newsestlyonnais.fr\/site\/2017\/01\/03\/ain-de-corrida-balanaise-2017\/","title":{"rendered":"AIN | Pas de Corrida Balanaise en 2017"},"content":{"rendered":"<h4>L&rsquo;\u00e9dition 2017 de la Corrida Balanaise, initialement pr\u00e9vue le samedi 14 janvier prochain a \u00e9t\u00e9 annul\u00e9e par les organisateurs de l&rsquo;ASC Balan.<\/h4>\n<div class=\"\">\u00a0\u00bb Elle est annul\u00e9e car g\u00e9n\u00e9ralement la fr\u00e9quentation n\u2019est pas au rendez vous, les b\u00e9n\u00e9voles s\u2019essoufflent, le bureau sera en partie renouvel\u00e9 en f\u00e9vrier, tr\u00e8s peu de jeunes participent, les corridas partenaires en 2016 pour le challenge des \u00ab\u00a0corridas d\u2019hiver\u00a0\u00bb n\u2019ont pas souhait\u00e9 reconduire l&rsquo;exp\u00e9rience. Toutes ces raisons, bonnes ou mauvaises, font qu\u2019en 2017 il n\u2019y aura pas de corrida \u00e0 Balan\u00a0\u00bb confie un dirigeant du club.<\/div>\n<div class=\"\">\n<p>Une \u00e9preuve p\u00e9destre qui avait r\u00e9uni en 2016 (<span style=\"text-decoration: underline\">PHOTO A LA UNE du d\u00e9part<\/span>), pr\u00e8s de 150 participants et se courait sur deux distances: 3970 m pour les femmes et 5270 m pour les hommes.<\/p>\n<p>L&rsquo;annulation pour cette ann\u00e9e peut permettre \u00e0 cette \u00e9preuve de mieux rebondir et de trouver un second souffle en 2018 !<\/p>\n<\/div>\n<h4>&#8211; Retrouvez toute l&rsquo;ACTU du club sur:\u00a0<a href=\"http:\/\/ascbalan.athle.com\" target=\"_blank\" rel=\"noopener noreferrer\">http:\/\/ascbalan.athle.com<\/a><\/h4>\n<h4><\/h4>\n<p>&nbsp;<\/p>\n<p>&nbsp;<\/p>\n","protected":false},"excerpt":{"rendered":"<p>L&rsquo;\u00e9dition 2017 de la Corrida Balanaise, initialement pr\u00e9vue le samedi 14 janvier prochain a \u00e9t\u00e9 annul\u00e9e par les organisateurs de l&rsquo;ASC Balan. \u00a0\u00bb Elle est annul\u00e9e car g\u00e9n\u00e9ralement la fr\u00e9quentation n\u2019est pas au rendez vous, les b\u00e9n\u00e9voles s\u2019essoufflent, le bureau sera en partie renouvel\u00e9 en f\u00e9vrier, tr\u00e8s peu de jeunes participent, les corridas partenaires en [&hellip;]<\/p>\n","protected":false},"author":4,"featured_media":0,"comment_status":"open","ping_status":"open","sticky":false,"template":"","format":"standard","meta":{"footnotes":""},"categories":[156,2968],"tags":[],"class_list":["post-18186","post","type-post","status-publish","format-standard","hentry","category-ain","category-athle-course-pied-marche"],"yoast_head":"<!-- This site is optimized with the Yoast SEO plugin v27.2 - https:\/\/yoast.com\/product\/yoast-seo-wordpress\/ -->\n<title>AIN | Pas de Corrida Balanaise en 2017 - News Est Lyonnais<\/title>\n<meta name=\"robots\" content=\"index, follow, max-snippet:-1, max-image-preview:large, max-video-preview:-1\" \/>\n<link rel=\"canonical\" href=\"https:\/\/newsestlyonnais.fr\/site\/2017\/01\/03\/ain-de-corrida-balanaise-2017\/\" \/>\n<meta property=\"og:locale\" content=\"fr_FR\" \/>\n<meta property=\"og:type\" content=\"article\" \/>\n<meta property=\"og:title\" content=\"AIN | Pas de Corrida Balanaise en 2017 - News Est Lyonnais\" \/>\n<meta property=\"og:description\" content=\"L&rsquo;\u00e9dition 2017 de la Corrida Balanaise, initialement pr\u00e9vue le samedi 14 janvier prochain a \u00e9t\u00e9 annul\u00e9e par les organisateurs de l&rsquo;ASC Balan. \u00a0\u00bb Elle est annul\u00e9e car g\u00e9n\u00e9ralement la fr\u00e9quentation n\u2019est pas au rendez vous, les b\u00e9n\u00e9voles s\u2019essoufflent, le bureau sera en partie renouvel\u00e9 en f\u00e9vrier, tr\u00e8s peu de jeunes participent, les corridas partenaires en [&hellip;]\" \/>\n<meta property=\"og:url\" content=\"https:\/\/newsestlyonnais.fr\/site\/2017\/01\/03\/ain-de-corrida-balanaise-2017\/\" \/>\n<meta property=\"og:site_name\" content=\"News Est Lyonnais\" \/>\n<meta property=\"article:author\" content=\"https:\/\/www.facebook.com\/pascal.oberson.1?fref=ts\" \/>\n<meta property=\"article:published_time\" content=\"2017-01-03T05:57:05+00:00\" \/>\n<meta property=\"article:modified_time\" content=\"2020-11-01T11:11:38+00:00\" \/>\n<meta name=\"author\" content=\"R\u00e9dac. NEWS\" \/>\n<meta name=\"twitter:card\" content=\"summary_large_image\" \/>\n<meta name=\"twitter:label1\" content=\"\u00c9crit par\" \/>\n\t<meta name=\"twitter:data1\" content=\"R\u00e9dac. NEWS\" \/>\n\t<meta name=\"twitter:label2\" content=\"Dur\u00e9e de lecture estim\u00e9e\" \/>\n\t<meta name=\"twitter:data2\" content=\"1 minute\" \/>\n<script type=\"application\/ld+json\" class=\"yoast-schema-graph\">{\"@context\":\"https:\/\/schema.org\",\"@graph\":[{\"@type\":\"Article\",\"@id\":\"https:\/\/newsestlyonnais.fr\/site\/2017\/01\/03\/ain-de-corrida-balanaise-2017\/#article\",\"isPartOf\":{\"@id\":\"https:\/\/newsestlyonnais.fr\/site\/2017\/01\/03\/ain-de-corrida-balanaise-2017\/\"},\"author\":{\"name\":\"R\u00e9dac. NEWS\",\"@id\":\"https:\/\/newsestlyonnais.fr\/site\/#\/schema\/person\/3230d5615f390bb808365d673001e887\"},\"headline\":\"AIN | Pas de Corrida Balanaise en 2017\",\"datePublished\":\"2017-01-03T05:57:05+00:00\",\"dateModified\":\"2020-11-01T11:11:38+00:00\",\"mainEntityOfPage\":{\"@id\":\"https:\/\/newsestlyonnais.fr\/site\/2017\/01\/03\/ain-de-corrida-balanaise-2017\/\"},\"wordCount\":178,\"commentCount\":0,\"publisher\":{\"@id\":\"https:\/\/newsestlyonnais.fr\/site\/#organization\"},\"articleSection\":[\"Ain (01)\",\"Athl\u00e9 | Course pied | Marche\"],\"inLanguage\":\"fr-FR\",\"potentialAction\":[{\"@type\":\"CommentAction\",\"name\":\"Comment\",\"target\":[\"https:\/\/newsestlyonnais.fr\/site\/2017\/01\/03\/ain-de-corrida-balanaise-2017\/#respond\"]}]},{\"@type\":\"WebPage\",\"@id\":\"https:\/\/newsestlyonnais.fr\/site\/2017\/01\/03\/ain-de-corrida-balanaise-2017\/\",\"url\":\"https:\/\/newsestlyonnais.fr\/site\/2017\/01\/03\/ain-de-corrida-balanaise-2017\/\",\"name\":\"AIN | Pas de Corrida Balanaise en 2017 - News Est Lyonnais\",\"isPartOf\":{\"@id\":\"https:\/\/newsestlyonnais.fr\/site\/#website\"},\"datePublished\":\"2017-01-03T05:57:05+00:00\",\"dateModified\":\"2020-11-01T11:11:38+00:00\",\"breadcrumb\":{\"@id\":\"https:\/\/newsestlyonnais.fr\/site\/2017\/01\/03\/ain-de-corrida-balanaise-2017\/#breadcrumb\"},\"inLanguage\":\"fr-FR\",\"potentialAction\":[{\"@type\":\"ReadAction\",\"target\":[\"https:\/\/newsestlyonnais.fr\/site\/2017\/01\/03\/ain-de-corrida-balanaise-2017\/\"]}]},{\"@type\":\"BreadcrumbList\",\"@id\":\"https:\/\/newsestlyonnais.fr\/site\/2017\/01\/03\/ain-de-corrida-balanaise-2017\/#breadcrumb\",\"itemListElement\":[{\"@type\":\"ListItem\",\"position\":1,\"name\":\"Accueil\",\"item\":\"https:\/\/newsestlyonnais.fr\/site\/\"},{\"@type\":\"ListItem\",\"position\":2,\"name\":\"AIN | Pas de Corrida Balanaise en 2017\"}]},{\"@type\":\"WebSite\",\"@id\":\"https:\/\/newsestlyonnais.fr\/site\/#website\",\"url\":\"https:\/\/newsestlyonnais.fr\/site\/\",\"name\":\"News Est Lyonnais\",\"description\":\"L&#039;actualit\u00e9 au plus pr\u00e8s\",\"publisher\":{\"@id\":\"https:\/\/newsestlyonnais.fr\/site\/#organization\"},\"potentialAction\":[{\"@type\":\"SearchAction\",\"target\":{\"@type\":\"EntryPoint\",\"urlTemplate\":\"https:\/\/newsestlyonnais.fr\/site\/?s={search_term_string}\"},\"query-input\":{\"@type\":\"PropertyValueSpecification\",\"valueRequired\":true,\"valueName\":\"search_term_string\"}}],\"inLanguage\":\"fr-FR\"},{\"@type\":\"Organization\",\"@id\":\"https:\/\/newsestlyonnais.fr\/site\/#organization\",\"name\":\"News EST LYONNAIS\",\"url\":\"https:\/\/newsestlyonnais.fr\/site\/\",\"logo\":{\"@type\":\"ImageObject\",\"inLanguage\":\"fr-FR\",\"@id\":\"https:\/\/newsestlyonnais.fr\/site\/#\/schema\/logo\/image\/\",\"url\":\"\",\"contentUrl\":\"\",\"caption\":\"News EST LYONNAIS\"},\"image\":{\"@id\":\"https:\/\/newsestlyonnais.fr\/site\/#\/schema\/logo\/image\/\"}},{\"@type\":\"Person\",\"@id\":\"https:\/\/newsestlyonnais.fr\/site\/#\/schema\/person\/3230d5615f390bb808365d673001e887\",\"name\":\"R\u00e9dac. NEWS\",\"sameAs\":[\"http:\/\/www.newsestlyonnais.fr\",\"https:\/\/www.facebook.com\/pascal.oberson.1?fref=ts\",\"https:\/\/fr.linkedin.com\/in\/pascal-oberson-b17045113\"],\"url\":\"https:\/\/newsestlyonnais.fr\/site\/author\/nel\/\"}]}<\/script>\n<!-- \/ Yoast SEO plugin. -->","yoast_head_json":{"title":"AIN | Pas de Corrida Balanaise en 2017 - News Est Lyonnais","robots":{"index":"index","follow":"follow","max-snippet":"max-snippet:-1","max-image-preview":"max-image-preview:large","max-video-preview":"max-video-preview:-1"},"canonical":"https:\/\/newsestlyonnais.fr\/site\/2017\/01\/03\/ain-de-corrida-balanaise-2017\/","og_locale":"fr_FR","og_type":"article","og_title":"AIN | Pas de Corrida Balanaise en 2017 - News Est Lyonnais","og_description":"L&rsquo;\u00e9dition 2017 de la Corrida Balanaise, initialement pr\u00e9vue le samedi 14 janvier prochain a \u00e9t\u00e9 annul\u00e9e par les organisateurs de l&rsquo;ASC Balan. \u00a0\u00bb Elle est annul\u00e9e car g\u00e9n\u00e9ralement la fr\u00e9quentation n\u2019est pas au rendez vous, les b\u00e9n\u00e9voles s\u2019essoufflent, le bureau sera en partie renouvel\u00e9 en f\u00e9vrier, tr\u00e8s peu de jeunes participent, les corridas partenaires en [&hellip;]","og_url":"https:\/\/newsestlyonnais.fr\/site\/2017\/01\/03\/ain-de-corrida-balanaise-2017\/","og_site_name":"News Est Lyonnais","article_author":"https:\/\/www.facebook.com\/pascal.oberson.1?fref=ts","article_published_time":"2017-01-03T05:57:05+00:00","article_modified_time":"2020-11-01T11:11:38+00:00","author":"R\u00e9dac. NEWS","twitter_card":"summary_large_image","twitter_misc":{"\u00c9crit par":"R\u00e9dac. NEWS","Dur\u00e9e de lecture estim\u00e9e":"1 minute"},"schema":{"@context":"https:\/\/schema.org","@graph":[{"@type":"Article","@id":"https:\/\/newsestlyonnais.fr\/site\/2017\/01\/03\/ain-de-corrida-balanaise-2017\/#article","isPartOf":{"@id":"https:\/\/newsestlyonnais.fr\/site\/2017\/01\/03\/ain-de-corrida-balanaise-2017\/"},"author":{"name":"R\u00e9dac. NEWS","@id":"https:\/\/newsestlyonnais.fr\/site\/#\/schema\/person\/3230d5615f390bb808365d673001e887"},"headline":"AIN | Pas de Corrida Balanaise en 2017","datePublished":"2017-01-03T05:57:05+00:00","dateModified":"2020-11-01T11:11:38+00:00","mainEntityOfPage":{"@id":"https:\/\/newsestlyonnais.fr\/site\/2017\/01\/03\/ain-de-corrida-balanaise-2017\/"},"wordCount":178,"commentCount":0,"publisher":{"@id":"https:\/\/newsestlyonnais.fr\/site\/#organization"},"articleSection":["Ain (01)","Athl\u00e9 | Course pied | Marche"],"inLanguage":"fr-FR","potentialAction":[{"@type":"CommentAction","name":"Comment","target":["https:\/\/newsestlyonnais.fr\/site\/2017\/01\/03\/ain-de-corrida-balanaise-2017\/#respond"]}]},{"@type":"WebPage","@id":"https:\/\/newsestlyonnais.fr\/site\/2017\/01\/03\/ain-de-corrida-balanaise-2017\/","url":"https:\/\/newsestlyonnais.fr\/site\/2017\/01\/03\/ain-de-corrida-balanaise-2017\/","name":"AIN | Pas de Corrida Balanaise en 2017 - News Est Lyonnais","isPartOf":{"@id":"https:\/\/newsestlyonnais.fr\/site\/#website"},"datePublished":"2017-01-03T05:57:05+00:00","dateModified":"2020-11-01T11:11:38+00:00","breadcrumb":{"@id":"https:\/\/newsestlyonnais.fr\/site\/2017\/01\/03\/ain-de-corrida-balanaise-2017\/#breadcrumb"},"inLanguage":"fr-FR","potentialAction":[{"@type":"ReadAction","target":["https:\/\/newsestlyonnais.fr\/site\/2017\/01\/03\/ain-de-corrida-balanaise-2017\/"]}]},{"@type":"BreadcrumbList","@id":"https:\/\/newsestlyonnais.fr\/site\/2017\/01\/03\/ain-de-corrida-balanaise-2017\/#breadcrumb","itemListElement":[{"@type":"ListItem","position":1,"name":"Accueil","item":"https:\/\/newsestlyonnais.fr\/site\/"},{"@type":"ListItem","position":2,"name":"AIN | Pas de Corrida Balanaise en 2017"}]},{"@type":"WebSite","@id":"https:\/\/newsestlyonnais.fr\/site\/#website","url":"https:\/\/newsestlyonnais.fr\/site\/","name":"News Est Lyonnais","description":"L&#039;actualit\u00e9 au plus pr\u00e8s","publisher":{"@id":"https:\/\/newsestlyonnais.fr\/site\/#organization"},"potentialAction":[{"@type":"SearchAction","target":{"@type":"EntryPoint","urlTemplate":"https:\/\/newsestlyonnais.fr\/site\/?s={search_term_string}"},"query-input":{"@type":"PropertyValueSpecification","valueRequired":true,"valueName":"search_term_string"}}],"inLanguage":"fr-FR"},{"@type":"Organization","@id":"https:\/\/newsestlyonnais.fr\/site\/#organization","name":"News EST LYONNAIS","url":"https:\/\/newsestlyonnais.fr\/site\/","logo":{"@type":"ImageObject","inLanguage":"fr-FR","@id":"https:\/\/newsestlyonnais.fr\/site\/#\/schema\/logo\/image\/","url":"","contentUrl":"","caption":"News EST LYONNAIS"},"image":{"@id":"https:\/\/newsestlyonnais.fr\/site\/#\/schema\/logo\/image\/"}},{"@type":"Person","@id":"https:\/\/newsestlyonnais.fr\/site\/#\/schema\/person\/3230d5615f390bb808365d673001e887","name":"R\u00e9dac. NEWS","sameAs":["http:\/\/www.newsestlyonnais.fr","https:\/\/www.facebook.com\/pascal.oberson.1?fref=ts","https:\/\/fr.linkedin.com\/in\/pascal-oberson-b17045113"],"url":"https:\/\/newsestlyonnais.fr\/site\/author\/nel\/"}]}},"_links":{"self":[{"href":"https:\/\/newsestlyonnais.fr\/site\/wp-json\/wp\/v2\/posts\/18186","targetHints":{"allow":["GET"]}}],"collection":[{"href":"https:\/\/newsestlyonnais.fr\/site\/wp-json\/wp\/v2\/posts"}],"about":[{"href":"https:\/\/newsestlyonnais.fr\/site\/wp-json\/wp\/v2\/types\/post"}],"author":[{"embeddable":true,"href":"https:\/\/newsestlyonnais.fr\/site\/wp-json\/wp\/v2\/users\/4"}],"replies":[{"embeddable":true,"href":"https:\/\/newsestlyonnais.fr\/site\/wp-json\/wp\/v2\/comments?post=18186"}],"version-history":[{"count":0,"href":"https:\/\/newsestlyonnais.fr\/site\/wp-json\/wp\/v2\/posts\/18186\/revisions"}],"wp:attachment":[{"href":"https:\/\/newsestlyonnais.fr\/site\/wp-json\/wp\/v2\/media?parent=18186"}],"wp:term":[{"taxonomy":"category","embeddable":true,"href":"https:\/\/newsestlyonnais.fr\/site\/wp-json\/wp\/v2\/categories?post=18186"},{"taxonomy":"post_tag","embeddable":true,"href":"https:\/\/newsestlyonnais.fr\/site\/wp-json\/wp\/v2\/tags?post=18186"}],"curies":[{"name":"wp","href":"https:\/\/api.w.org\/{rel}","templated":true}]}}