{"id":181968,"date":"2023-05-24T06:35:14","date_gmt":"2023-05-24T05:35:14","guid":{"rendered":"https:\/\/newsestlyonnais.fr\/site\/?p=181968"},"modified":"2023-05-28T16:21:33","modified_gmt":"2023-05-28T15:21:33","slug":"pusignan-15-edition-du-challenge-cathou","status":"publish","type":"post","link":"https:\/\/newsestlyonnais.fr\/site\/2023\/05\/24\/pusignan-15-edition-du-challenge-cathou\/","title":{"rendered":"PUSIGNAN | 15\u00b0 \u00e9dition du challenge Cathou"},"content":{"rendered":"<p><span style=\"background-color: #000000; color: #ffffff;\"><strong>Les responsables de l&rsquo;association pr\u00e9sentent cet \u00e9v\u00e8nement :<\/strong><\/span><\/p>\n<p>\u00a0\u00bb En Mai 2009 quand nous avons cr\u00e9\u00e9 le Challenge Cathou en m\u00e9moire de notre amie Catherine Gueguen d\u00e9c\u00e9d\u00e9e quelques mois auparavant d\u2019une leuc\u00e9mie. Nous \u00e9tions tr\u00e8s loin de penser que pr\u00e8s de 15 ans plus tard nous serions toujours l\u00e0 pour organiser un tel \u00e9v\u00e8nement !!!<\/p>\n<p><strong>Et oui le week-end de Pentec\u00f4te prochain (27 et 28 Mai) sera notre 15\u00b0 \u00e9dition du Challenge Cathou.<\/strong><\/p>\n<p>Notre \u00e9motion est intacte, notre joie est toujours aussi grande et notre d\u00e9termination est de plus en plus forte. A l\u2019image de tous ces malades qui luttent en gardant le sourire nous voulons que cette 15\u00b0 \u00e9dition soit festive et chaleureuse : ambiance f\u00eate foraine !!!<\/p>\n<p><strong>Programme tr\u00e8s riche et vari\u00e9, pour tous les gouts et le plaisir de tous : p\u00e9tanque, rugby touch\u00e9, soir\u00e9e paella, stand artisanal breton, cr\u00eapes, tombola.<\/strong><\/p>\n<p>Cathou, mais aussi Vanessa Khadjerian et Elodie Thonnard parties trop vite malgr\u00e9 leur courage et leur combat, ont montr\u00e9 chaque jour au-del\u00e0 de leur combat personnel combien il \u00e9tait important d\u2019aider la recherche et tous les autres malades et les familles dans cette lutte. <strong>C\u2019est pour cela qu\u2019en 2013 nous avons cr\u00e9\u00e9 l\u2019association LEUCEMIE ESPOIR 69<\/strong>. Toutes trois restent \u00e0 nos cot\u00e9s pour continuer le combat et montrer les valeurs de solidarit\u00e9, d\u2019entraide et de chaleur humaine. Tous concern\u00e9s !!!<\/p>\n<p><strong>Vous l\u2019avez compris 2023 est une ann\u00e9e tr\u00e8s importante pour nous<\/strong>, un double anniversaire que nous voulons marquer dans la joie, comme vous l\u2019avez d\u00e9j\u00e0 fait <span style=\"background-color: #000000; color: #ffffff;\">en mars dernier sur le march\u00e9 de Genas (PHOTO A LA UNE).<\/span><\/p>\n<p>Venez nous rejoindre pour prendre du plaisir pour la bonne cause. Donnez pour que continue de vivre l\u2019espoir, chaque euro d\u00e9pens\u00e9 ou donn\u00e9 pour notre association va \u00eatre utile, chaque don de sang ou inscription sur le fichier des donneurs de moelle osseuse fait reculer la maladie et chaque instant partag\u00e9 au profit des malades leur r\u00e9chauffe le c\u0153ur et les remplit d\u2019\u00e9nergie.<\/p>\n<p><strong> Alors venez nous rejoindre sans faute les 27-28 Mai au stade Jean Bouin de Pusignan \u00ab\u00a0.<\/strong><\/p>\n<hr \/>\n<p><em><strong>Source : communiqu\u00e9 de l&rsquo;association<\/strong><\/em><\/p>\n<p><em><strong>Association sur : <\/strong><\/em><span style=\"font-size: 10pt;\"><span style=\"color: #0000ff;\"><a style=\"color: #0000ff;\" href=\"https:\/\/www.leucemieespoir69.com\"><span style=\"color: #0000ff;\"><strong>https:\/\/www.leucemieespoir69.com <\/strong><\/span><\/a><\/span>&amp; <span style=\"color: #0000ff;\"><a style=\"color: #0000ff;\" href=\"https:\/\/www.facebook.com\/leucemieespoir69\"><strong>https:\/\/www.facebook.com\/leucemieespoir69<\/strong><\/a><\/span><\/span><\/p>\n<hr \/>\n<div id='gallery-1' class='gallery galleryid-181968 gallery-columns-2 gallery-size-large'><figure class='gallery-item'>\n\t\t\t<div class='gallery-icon portrait'>\n\t\t\t\t<a href='https:\/\/newsestlyonnais.fr\/site\/events\/pusignan-15-challenge-cathou-de-rugby\/344588182_206073865539988_8458380539107012683_n\/'><img loading=\"lazy\" decoding=\"async\" width=\"530\" height=\"750\" src=\"https:\/\/newsestlyonnais.fr\/site\/wp-content\/uploads\/2023\/05\/344588182_206073865539988_8458380539107012683_n-650x920.jpg\" class=\"attachment-large size-large\" alt=\"\" srcset=\"https:\/\/newsestlyonnais.fr\/site\/wp-content\/uploads\/2023\/05\/344588182_206073865539988_8458380539107012683_n-650x920.jpg 650w, https:\/\/newsestlyonnais.fr\/site\/wp-content\/uploads\/2023\/05\/344588182_206073865539988_8458380539107012683_n-400x566.jpg 400w, https:\/\/newsestlyonnais.fr\/site\/wp-content\/uploads\/2023\/05\/344588182_206073865539988_8458380539107012683_n-250x354.jpg 250w, https:\/\/newsestlyonnais.fr\/site\/wp-content\/uploads\/2023\/05\/344588182_206073865539988_8458380539107012683_n-768x1087.jpg 768w, https:\/\/newsestlyonnais.fr\/site\/wp-content\/uploads\/2023\/05\/344588182_206073865539988_8458380539107012683_n-150x212.jpg 150w, https:\/\/newsestlyonnais.fr\/site\/wp-content\/uploads\/2023\/05\/344588182_206073865539988_8458380539107012683_n-50x71.jpg 50w, https:\/\/newsestlyonnais.fr\/site\/wp-content\/uploads\/2023\/05\/344588182_206073865539988_8458380539107012683_n-100x142.jpg 100w, https:\/\/newsestlyonnais.fr\/site\/wp-content\/uploads\/2023\/05\/344588182_206073865539988_8458380539107012683_n-200x283.jpg 200w, https:\/\/newsestlyonnais.fr\/site\/wp-content\/uploads\/2023\/05\/344588182_206073865539988_8458380539107012683_n-300x425.jpg 300w, https:\/\/newsestlyonnais.fr\/site\/wp-content\/uploads\/2023\/05\/344588182_206073865539988_8458380539107012683_n-350x495.jpg 350w, https:\/\/newsestlyonnais.fr\/site\/wp-content\/uploads\/2023\/05\/344588182_206073865539988_8458380539107012683_n-450x637.jpg 450w, https:\/\/newsestlyonnais.fr\/site\/wp-content\/uploads\/2023\/05\/344588182_206073865539988_8458380539107012683_n-500x708.jpg 500w, https:\/\/newsestlyonnais.fr\/site\/wp-content\/uploads\/2023\/05\/344588182_206073865539988_8458380539107012683_n-550x778.jpg 550w, https:\/\/newsestlyonnais.fr\/site\/wp-content\/uploads\/2023\/05\/344588182_206073865539988_8458380539107012683_n-800x1132.jpg 800w, https:\/\/newsestlyonnais.fr\/site\/wp-content\/uploads\/2023\/05\/344588182_206073865539988_8458380539107012683_n.jpg 848w\" sizes=\"auto, (max-width: 530px) 100vw, 530px\" \/><\/a>\n\t\t\t<\/div><\/figure><figure class='gallery-item'>\n\t\t\t<div class='gallery-icon landscape'>\n\t\t\t\t<a href='https:\/\/newsestlyonnais.fr\/site\/2023\/05\/24\/pusignan-15-edition-du-challenge-cathou\/trophee\/'><img loading=\"lazy\" decoding=\"async\" width=\"640\" height=\"426\" src=\"https:\/\/newsestlyonnais.fr\/site\/wp-content\/uploads\/2023\/05\/Trophee-650x433.jpg\" class=\"attachment-large size-large\" alt=\"\" srcset=\"https:\/\/newsestlyonnais.fr\/site\/wp-content\/uploads\/2023\/05\/Trophee-650x433.jpg 650w, https:\/\/newsestlyonnais.fr\/site\/wp-content\/uploads\/2023\/05\/Trophee-400x267.jpg 400w, https:\/\/newsestlyonnais.fr\/site\/wp-content\/uploads\/2023\/05\/Trophee-250x167.jpg 250w, https:\/\/newsestlyonnais.fr\/site\/wp-content\/uploads\/2023\/05\/Trophee-768x512.jpg 768w, https:\/\/newsestlyonnais.fr\/site\/wp-content\/uploads\/2023\/05\/Trophee-1536x1024.jpg 1536w, https:\/\/newsestlyonnais.fr\/site\/wp-content\/uploads\/2023\/05\/Trophee-2048x1365.jpg 2048w, https:\/\/newsestlyonnais.fr\/site\/wp-content\/uploads\/2023\/05\/Trophee-150x100.jpg 150w, https:\/\/newsestlyonnais.fr\/site\/wp-content\/uploads\/2023\/05\/Trophee-50x33.jpg 50w, https:\/\/newsestlyonnais.fr\/site\/wp-content\/uploads\/2023\/05\/Trophee-100x67.jpg 100w, https:\/\/newsestlyonnais.fr\/site\/wp-content\/uploads\/2023\/05\/Trophee-200x133.jpg 200w, https:\/\/newsestlyonnais.fr\/site\/wp-content\/uploads\/2023\/05\/Trophee-300x200.jpg 300w, https:\/\/newsestlyonnais.fr\/site\/wp-content\/uploads\/2023\/05\/Trophee-350x233.jpg 350w, https:\/\/newsestlyonnais.fr\/site\/wp-content\/uploads\/2023\/05\/Trophee-450x300.jpg 450w, https:\/\/newsestlyonnais.fr\/site\/wp-content\/uploads\/2023\/05\/Trophee-500x333.jpg 500w, https:\/\/newsestlyonnais.fr\/site\/wp-content\/uploads\/2023\/05\/Trophee-550x367.jpg 550w, https:\/\/newsestlyonnais.fr\/site\/wp-content\/uploads\/2023\/05\/Trophee-800x533.jpg 800w, https:\/\/newsestlyonnais.fr\/site\/wp-content\/uploads\/2023\/05\/Trophee-1200x800.jpg 1200w, https:\/\/newsestlyonnais.fr\/site\/wp-content\/uploads\/2023\/05\/Trophee-1600x1067.jpg 1600w, https:\/\/newsestlyonnais.fr\/site\/wp-content\/uploads\/2023\/05\/Trophee-2000x1333.jpg 2000w\" sizes=\"auto, (max-width: 640px) 100vw, 640px\" \/><\/a>\n\t\t\t<\/div><\/figure>\n\t\t<\/div>\n\n","protected":false},"excerpt":{"rendered":"<p>Un \u00e9v\u00e8nement cr\u00e9\u00e9 en mai 2009 en m\u00e9moire de Catherine Gueguen, joueuse de rugby d\u00e9c\u00e9d\u00e9e d\u2019une leuc\u00e9mie, qu&rsquo;organise Leuc\u00e9mie Espoir 69, association fond\u00e9e en 2013. <\/p>\n","protected":false},"author":4,"featured_media":181974,"comment_status":"open","ping_status":"open","sticky":false,"template":"","format":"standard","meta":{"footnotes":""},"categories":[270,3421,2996,1279,2999,18,2],"tags":[4309,4308,2062,1997],"class_list":["post-181968","post","type-post","status-publish","format-standard","has-post-thumbnail","hentry","category-cte-de-communes-c-c-e-l","category-feminin-actu-au","category-football-rugby","category-jons-pusignan","category-rugby-a-xv-sports","category-sante-bien-etre-solidarite","category-sports","tag-cathou","tag-challenge","tag-pusignan","tag-rugby"],"yoast_head":"<!-- This site is optimized with the Yoast SEO plugin v27.2 - https:\/\/yoast.com\/product\/yoast-seo-wordpress\/ -->\n<title>PUSIGNAN | 15\u00b0 \u00e9dition du challenge Cathou - News Est Lyonnais<\/title>\n<meta name=\"description\" content=\"PUSIGNAN | 15\u00b0 \u00e9dition du challenge Cathou\" \/>\n<meta name=\"robots\" content=\"index, follow, max-snippet:-1, max-image-preview:large, max-video-preview:-1\" \/>\n<link rel=\"canonical\" href=\"https:\/\/newsestlyonnais.fr\/site\/2023\/05\/24\/pusignan-15-edition-du-challenge-cathou\/\" \/>\n<meta property=\"og:locale\" content=\"fr_FR\" \/>\n<meta property=\"og:type\" content=\"article\" \/>\n<meta property=\"og:title\" content=\"PUSIGNAN | 15\u00b0 \u00e9dition du challenge Cathou - News Est Lyonnais\" \/>\n<meta property=\"og:description\" content=\"PUSIGNAN | 15\u00b0 \u00e9dition du challenge Cathou\" \/>\n<meta property=\"og:url\" content=\"https:\/\/newsestlyonnais.fr\/site\/2023\/05\/24\/pusignan-15-edition-du-challenge-cathou\/\" \/>\n<meta property=\"og:site_name\" content=\"News Est Lyonnais\" \/>\n<meta property=\"article:author\" content=\"https:\/\/www.facebook.com\/pascal.oberson.1?fref=ts\" \/>\n<meta property=\"article:published_time\" content=\"2023-05-24T05:35:14+00:00\" \/>\n<meta property=\"article:modified_time\" content=\"2023-05-28T15:21:33+00:00\" \/>\n<meta property=\"og:image\" content=\"https:\/\/newsestlyonnais.fr\/site\/wp-content\/uploads\/2023\/05\/Marche1.jpg\" \/>\n\t<meta property=\"og:image:width\" content=\"1082\" \/>\n\t<meta property=\"og:image:height\" content=\"501\" \/>\n\t<meta property=\"og:image:type\" content=\"image\/jpeg\" \/>\n<meta name=\"author\" content=\"R\u00e9dac. NEWS\" \/>\n<meta name=\"twitter:card\" content=\"summary_large_image\" \/>\n<meta name=\"twitter:label1\" content=\"\u00c9crit par\" \/>\n\t<meta name=\"twitter:data1\" content=\"R\u00e9dac. NEWS\" \/>\n\t<meta name=\"twitter:label2\" content=\"Dur\u00e9e de lecture estim\u00e9e\" \/>\n\t<meta name=\"twitter:data2\" content=\"2 minutes\" \/>\n<script type=\"application\/ld+json\" class=\"yoast-schema-graph\">{\"@context\":\"https:\/\/schema.org\",\"@graph\":[{\"@type\":\"Article\",\"@id\":\"https:\/\/newsestlyonnais.fr\/site\/2023\/05\/24\/pusignan-15-edition-du-challenge-cathou\/#article\",\"isPartOf\":{\"@id\":\"https:\/\/newsestlyonnais.fr\/site\/2023\/05\/24\/pusignan-15-edition-du-challenge-cathou\/\"},\"author\":{\"name\":\"R\u00e9dac. NEWS\",\"@id\":\"https:\/\/newsestlyonnais.fr\/site\/#\/schema\/person\/3230d5615f390bb808365d673001e887\"},\"headline\":\"PUSIGNAN | 15\u00b0 \u00e9dition du challenge Cathou\",\"datePublished\":\"2023-05-24T05:35:14+00:00\",\"dateModified\":\"2023-05-28T15:21:33+00:00\",\"mainEntityOfPage\":{\"@id\":\"https:\/\/newsestlyonnais.fr\/site\/2023\/05\/24\/pusignan-15-edition-du-challenge-cathou\/\"},\"wordCount\":389,\"commentCount\":0,\"publisher\":{\"@id\":\"https:\/\/newsestlyonnais.fr\/site\/#organization\"},\"image\":{\"@id\":\"https:\/\/newsestlyonnais.fr\/site\/2023\/05\/24\/pusignan-15-edition-du-challenge-cathou\/#primaryimage\"},\"thumbnailUrl\":\"https:\/\/newsestlyonnais.fr\/site\/wp-content\/uploads\/2023\/05\/Marche1.jpg\",\"keywords\":[\"CATHOU\",\"CHALLENGE\",\"PUSIGNAN\",\"rugby\"],\"articleSection\":[\"CCEL | Communes\",\"F\u00e9minin (Actu au)\",\"Foot | Rugby\",\"Jons | Pusignan\",\"Rugby \u00e0 XV\",\"Sant\u00e9 | Bien Etre | Solidarit\u00e9\",\"Sports\"],\"inLanguage\":\"fr-FR\",\"potentialAction\":[{\"@type\":\"CommentAction\",\"name\":\"Comment\",\"target\":[\"https:\/\/newsestlyonnais.fr\/site\/2023\/05\/24\/pusignan-15-edition-du-challenge-cathou\/#respond\"]}]},{\"@type\":\"WebPage\",\"@id\":\"https:\/\/newsestlyonnais.fr\/site\/2023\/05\/24\/pusignan-15-edition-du-challenge-cathou\/\",\"url\":\"https:\/\/newsestlyonnais.fr\/site\/2023\/05\/24\/pusignan-15-edition-du-challenge-cathou\/\",\"name\":\"PUSIGNAN | 15\u00b0 \u00e9dition du challenge Cathou - News Est Lyonnais\",\"isPartOf\":{\"@id\":\"https:\/\/newsestlyonnais.fr\/site\/#website\"},\"primaryImageOfPage\":{\"@id\":\"https:\/\/newsestlyonnais.fr\/site\/2023\/05\/24\/pusignan-15-edition-du-challenge-cathou\/#primaryimage\"},\"image\":{\"@id\":\"https:\/\/newsestlyonnais.fr\/site\/2023\/05\/24\/pusignan-15-edition-du-challenge-cathou\/#primaryimage\"},\"thumbnailUrl\":\"https:\/\/newsestlyonnais.fr\/site\/wp-content\/uploads\/2023\/05\/Marche1.jpg\",\"datePublished\":\"2023-05-24T05:35:14+00:00\",\"dateModified\":\"2023-05-28T15:21:33+00:00\",\"description\":\"PUSIGNAN | 15\u00b0 \u00e9dition du challenge Cathou\",\"breadcrumb\":{\"@id\":\"https:\/\/newsestlyonnais.fr\/site\/2023\/05\/24\/pusignan-15-edition-du-challenge-cathou\/#breadcrumb\"},\"inLanguage\":\"fr-FR\",\"potentialAction\":[{\"@type\":\"ReadAction\",\"target\":[\"https:\/\/newsestlyonnais.fr\/site\/2023\/05\/24\/pusignan-15-edition-du-challenge-cathou\/\"]}]},{\"@type\":\"ImageObject\",\"inLanguage\":\"fr-FR\",\"@id\":\"https:\/\/newsestlyonnais.fr\/site\/2023\/05\/24\/pusignan-15-edition-du-challenge-cathou\/#primaryimage\",\"url\":\"https:\/\/newsestlyonnais.fr\/site\/wp-content\/uploads\/2023\/05\/Marche1.jpg\",\"contentUrl\":\"https:\/\/newsestlyonnais.fr\/site\/wp-content\/uploads\/2023\/05\/Marche1.jpg\",\"width\":1082,\"height\":501},{\"@type\":\"BreadcrumbList\",\"@id\":\"https:\/\/newsestlyonnais.fr\/site\/2023\/05\/24\/pusignan-15-edition-du-challenge-cathou\/#breadcrumb\",\"itemListElement\":[{\"@type\":\"ListItem\",\"position\":1,\"name\":\"Accueil\",\"item\":\"https:\/\/newsestlyonnais.fr\/site\/\"},{\"@type\":\"ListItem\",\"position\":2,\"name\":\"PUSIGNAN | 15\u00b0 \u00e9dition du challenge Cathou\"}]},{\"@type\":\"WebSite\",\"@id\":\"https:\/\/newsestlyonnais.fr\/site\/#website\",\"url\":\"https:\/\/newsestlyonnais.fr\/site\/\",\"name\":\"News Est Lyonnais\",\"description\":\"L&#039;actualit\u00e9 au plus pr\u00e8s\",\"publisher\":{\"@id\":\"https:\/\/newsestlyonnais.fr\/site\/#organization\"},\"potentialAction\":[{\"@type\":\"SearchAction\",\"target\":{\"@type\":\"EntryPoint\",\"urlTemplate\":\"https:\/\/newsestlyonnais.fr\/site\/?s={search_term_string}\"},\"query-input\":{\"@type\":\"PropertyValueSpecification\",\"valueRequired\":true,\"valueName\":\"search_term_string\"}}],\"inLanguage\":\"fr-FR\"},{\"@type\":\"Organization\",\"@id\":\"https:\/\/newsestlyonnais.fr\/site\/#organization\",\"name\":\"News EST LYONNAIS\",\"url\":\"https:\/\/newsestlyonnais.fr\/site\/\",\"logo\":{\"@type\":\"ImageObject\",\"inLanguage\":\"fr-FR\",\"@id\":\"https:\/\/newsestlyonnais.fr\/site\/#\/schema\/logo\/image\/\",\"url\":\"\",\"contentUrl\":\"\",\"caption\":\"News EST LYONNAIS\"},\"image\":{\"@id\":\"https:\/\/newsestlyonnais.fr\/site\/#\/schema\/logo\/image\/\"}},{\"@type\":\"Person\",\"@id\":\"https:\/\/newsestlyonnais.fr\/site\/#\/schema\/person\/3230d5615f390bb808365d673001e887\",\"name\":\"R\u00e9dac. NEWS\",\"sameAs\":[\"http:\/\/www.newsestlyonnais.fr\",\"https:\/\/www.facebook.com\/pascal.oberson.1?fref=ts\",\"https:\/\/fr.linkedin.com\/in\/pascal-oberson-b17045113\"],\"url\":\"https:\/\/newsestlyonnais.fr\/site\/author\/nel\/\"}]}<\/script>\n<!-- \/ Yoast SEO plugin. -->","yoast_head_json":{"title":"PUSIGNAN | 15\u00b0 \u00e9dition du challenge Cathou - News Est Lyonnais","description":"PUSIGNAN | 15\u00b0 \u00e9dition du challenge Cathou","robots":{"index":"index","follow":"follow","max-snippet":"max-snippet:-1","max-image-preview":"max-image-preview:large","max-video-preview":"max-video-preview:-1"},"canonical":"https:\/\/newsestlyonnais.fr\/site\/2023\/05\/24\/pusignan-15-edition-du-challenge-cathou\/","og_locale":"fr_FR","og_type":"article","og_title":"PUSIGNAN | 15\u00b0 \u00e9dition du challenge Cathou - News Est Lyonnais","og_description":"PUSIGNAN | 15\u00b0 \u00e9dition du challenge Cathou","og_url":"https:\/\/newsestlyonnais.fr\/site\/2023\/05\/24\/pusignan-15-edition-du-challenge-cathou\/","og_site_name":"News Est Lyonnais","article_author":"https:\/\/www.facebook.com\/pascal.oberson.1?fref=ts","article_published_time":"2023-05-24T05:35:14+00:00","article_modified_time":"2023-05-28T15:21:33+00:00","og_image":[{"width":1082,"height":501,"url":"https:\/\/newsestlyonnais.fr\/site\/wp-content\/uploads\/2023\/05\/Marche1.jpg","type":"image\/jpeg"}],"author":"R\u00e9dac. NEWS","twitter_card":"summary_large_image","twitter_misc":{"\u00c9crit par":"R\u00e9dac. NEWS","Dur\u00e9e de lecture estim\u00e9e":"2 minutes"},"schema":{"@context":"https:\/\/schema.org","@graph":[{"@type":"Article","@id":"https:\/\/newsestlyonnais.fr\/site\/2023\/05\/24\/pusignan-15-edition-du-challenge-cathou\/#article","isPartOf":{"@id":"https:\/\/newsestlyonnais.fr\/site\/2023\/05\/24\/pusignan-15-edition-du-challenge-cathou\/"},"author":{"name":"R\u00e9dac. NEWS","@id":"https:\/\/newsestlyonnais.fr\/site\/#\/schema\/person\/3230d5615f390bb808365d673001e887"},"headline":"PUSIGNAN | 15\u00b0 \u00e9dition du challenge Cathou","datePublished":"2023-05-24T05:35:14+00:00","dateModified":"2023-05-28T15:21:33+00:00","mainEntityOfPage":{"@id":"https:\/\/newsestlyonnais.fr\/site\/2023\/05\/24\/pusignan-15-edition-du-challenge-cathou\/"},"wordCount":389,"commentCount":0,"publisher":{"@id":"https:\/\/newsestlyonnais.fr\/site\/#organization"},"image":{"@id":"https:\/\/newsestlyonnais.fr\/site\/2023\/05\/24\/pusignan-15-edition-du-challenge-cathou\/#primaryimage"},"thumbnailUrl":"https:\/\/newsestlyonnais.fr\/site\/wp-content\/uploads\/2023\/05\/Marche1.jpg","keywords":["CATHOU","CHALLENGE","PUSIGNAN","rugby"],"articleSection":["CCEL | Communes","F\u00e9minin (Actu au)","Foot | Rugby","Jons | Pusignan","Rugby \u00e0 XV","Sant\u00e9 | Bien Etre | Solidarit\u00e9","Sports"],"inLanguage":"fr-FR","potentialAction":[{"@type":"CommentAction","name":"Comment","target":["https:\/\/newsestlyonnais.fr\/site\/2023\/05\/24\/pusignan-15-edition-du-challenge-cathou\/#respond"]}]},{"@type":"WebPage","@id":"https:\/\/newsestlyonnais.fr\/site\/2023\/05\/24\/pusignan-15-edition-du-challenge-cathou\/","url":"https:\/\/newsestlyonnais.fr\/site\/2023\/05\/24\/pusignan-15-edition-du-challenge-cathou\/","name":"PUSIGNAN | 15\u00b0 \u00e9dition du challenge Cathou - News Est Lyonnais","isPartOf":{"@id":"https:\/\/newsestlyonnais.fr\/site\/#website"},"primaryImageOfPage":{"@id":"https:\/\/newsestlyonnais.fr\/site\/2023\/05\/24\/pusignan-15-edition-du-challenge-cathou\/#primaryimage"},"image":{"@id":"https:\/\/newsestlyonnais.fr\/site\/2023\/05\/24\/pusignan-15-edition-du-challenge-cathou\/#primaryimage"},"thumbnailUrl":"https:\/\/newsestlyonnais.fr\/site\/wp-content\/uploads\/2023\/05\/Marche1.jpg","datePublished":"2023-05-24T05:35:14+00:00","dateModified":"2023-05-28T15:21:33+00:00","description":"PUSIGNAN | 15\u00b0 \u00e9dition du challenge Cathou","breadcrumb":{"@id":"https:\/\/newsestlyonnais.fr\/site\/2023\/05\/24\/pusignan-15-edition-du-challenge-cathou\/#breadcrumb"},"inLanguage":"fr-FR","potentialAction":[{"@type":"ReadAction","target":["https:\/\/newsestlyonnais.fr\/site\/2023\/05\/24\/pusignan-15-edition-du-challenge-cathou\/"]}]},{"@type":"ImageObject","inLanguage":"fr-FR","@id":"https:\/\/newsestlyonnais.fr\/site\/2023\/05\/24\/pusignan-15-edition-du-challenge-cathou\/#primaryimage","url":"https:\/\/newsestlyonnais.fr\/site\/wp-content\/uploads\/2023\/05\/Marche1.jpg","contentUrl":"https:\/\/newsestlyonnais.fr\/site\/wp-content\/uploads\/2023\/05\/Marche1.jpg","width":1082,"height":501},{"@type":"BreadcrumbList","@id":"https:\/\/newsestlyonnais.fr\/site\/2023\/05\/24\/pusignan-15-edition-du-challenge-cathou\/#breadcrumb","itemListElement":[{"@type":"ListItem","position":1,"name":"Accueil","item":"https:\/\/newsestlyonnais.fr\/site\/"},{"@type":"ListItem","position":2,"name":"PUSIGNAN | 15\u00b0 \u00e9dition du challenge Cathou"}]},{"@type":"WebSite","@id":"https:\/\/newsestlyonnais.fr\/site\/#website","url":"https:\/\/newsestlyonnais.fr\/site\/","name":"News Est Lyonnais","description":"L&#039;actualit\u00e9 au plus pr\u00e8s","publisher":{"@id":"https:\/\/newsestlyonnais.fr\/site\/#organization"},"potentialAction":[{"@type":"SearchAction","target":{"@type":"EntryPoint","urlTemplate":"https:\/\/newsestlyonnais.fr\/site\/?s={search_term_string}"},"query-input":{"@type":"PropertyValueSpecification","valueRequired":true,"valueName":"search_term_string"}}],"inLanguage":"fr-FR"},{"@type":"Organization","@id":"https:\/\/newsestlyonnais.fr\/site\/#organization","name":"News EST LYONNAIS","url":"https:\/\/newsestlyonnais.fr\/site\/","logo":{"@type":"ImageObject","inLanguage":"fr-FR","@id":"https:\/\/newsestlyonnais.fr\/site\/#\/schema\/logo\/image\/","url":"","contentUrl":"","caption":"News EST LYONNAIS"},"image":{"@id":"https:\/\/newsestlyonnais.fr\/site\/#\/schema\/logo\/image\/"}},{"@type":"Person","@id":"https:\/\/newsestlyonnais.fr\/site\/#\/schema\/person\/3230d5615f390bb808365d673001e887","name":"R\u00e9dac. NEWS","sameAs":["http:\/\/www.newsestlyonnais.fr","https:\/\/www.facebook.com\/pascal.oberson.1?fref=ts","https:\/\/fr.linkedin.com\/in\/pascal-oberson-b17045113"],"url":"https:\/\/newsestlyonnais.fr\/site\/author\/nel\/"}]}},"_links":{"self":[{"href":"https:\/\/newsestlyonnais.fr\/site\/wp-json\/wp\/v2\/posts\/181968","targetHints":{"allow":["GET"]}}],"collection":[{"href":"https:\/\/newsestlyonnais.fr\/site\/wp-json\/wp\/v2\/posts"}],"about":[{"href":"https:\/\/newsestlyonnais.fr\/site\/wp-json\/wp\/v2\/types\/post"}],"author":[{"embeddable":true,"href":"https:\/\/newsestlyonnais.fr\/site\/wp-json\/wp\/v2\/users\/4"}],"replies":[{"embeddable":true,"href":"https:\/\/newsestlyonnais.fr\/site\/wp-json\/wp\/v2\/comments?post=181968"}],"version-history":[{"count":0,"href":"https:\/\/newsestlyonnais.fr\/site\/wp-json\/wp\/v2\/posts\/181968\/revisions"}],"wp:featuredmedia":[{"embeddable":true,"href":"https:\/\/newsestlyonnais.fr\/site\/wp-json\/wp\/v2\/media\/181974"}],"wp:attachment":[{"href":"https:\/\/newsestlyonnais.fr\/site\/wp-json\/wp\/v2\/media?parent=181968"}],"wp:term":[{"taxonomy":"category","embeddable":true,"href":"https:\/\/newsestlyonnais.fr\/site\/wp-json\/wp\/v2\/categories?post=181968"},{"taxonomy":"post_tag","embeddable":true,"href":"https:\/\/newsestlyonnais.fr\/site\/wp-json\/wp\/v2\/tags?post=181968"}],"curies":[{"name":"wp","href":"https:\/\/api.w.org\/{rel}","templated":true}]}}