{"id":18223,"date":"2017-01-06T06:59:52","date_gmt":"2017-01-06T05:59:52","guid":{"rendered":"http:\/\/newsestlyonnais.fr\/site\/?p=18223"},"modified":"2020-11-03T15:40:05","modified_gmt":"2020-11-03T14:40:05","slug":"genas-lactu-de-lesga-basket","status":"publish","type":"post","link":"https:\/\/newsestlyonnais.fr\/site\/2017\/01\/06\/genas-lactu-de-lesga-basket\/","title":{"rendered":"GENAS | L&rsquo;actu de l&rsquo;ESGA Basket"},"content":{"rendered":"<h4>Forte actualit\u00e9 en ce d\u00e9but d&rsquo;ann\u00e9e 2017 pour les basketteurs de l&rsquo;ES Genas Azieu:<\/h4>\n<ul>\n<li><strong>ce samedi, \u00ab\u00a0soir\u00e9e tout en bleu\u00a0\u00bb<\/strong> \u00e0 l&rsquo;occasion des rencontres \u00e0 domicile des \u00e9quipes seniors (Gar\u00e7ons et Filles), le programme est le suivant: <strong>\u00e0 18 h 30<\/strong> Seniors Filles contre Les Buers accompagn\u00e9s des Babys, <strong>\u00e0 20 h<\/strong>: Galette des Rois,<strong> \u00e0 20 h 30<\/strong>: Seniors Gar\u00e7ons contre Les Buers 2 accompagn\u00e9s des U9.\u00a0 <strong>Mi-temps<\/strong>: Concours de shoots parmi les spectateurs.<\/li>\n<\/ul>\n<ul>\n<li>Retour sur les<strong> classements des diff\u00e9rentes formations du club \u00e0 mi-saison<\/strong> : <span style=\"text-decoration: underline\">En seniors<\/span>, les gar\u00e7ons sont 10\u00b0 sur 12 en d\u00e9partementale 2 et les filles 3\u00b0 sur 12 en D\u00e9p. 3. Les U20 filles \u00e9tant class\u00e9es 7\u00b0 sur 14 en D\u00e9p. 1. <span style=\"text-decoration: underline\">Chez les jeunes<\/span> apr\u00e8s les poules de brassage : en masculins, les U17 ont fini 2\u00b0 sur 6 et\u00a0 joueront au niveau d\u00e9partemental 2, les U15 (1) se classent 2\u00b0 et les U15 (2) 5\u00b0. Les U13 (1) sont en t\u00eate en d\u00e9p 1 et la 2 est 4\u00b0 en d\u00e9p 3. En f\u00e9minines, les 15 sont 5\u00b0 et les U13 derni\u00e8res de leur poule en d\u00e9p 2.<\/li>\n<\/ul>\n<ul>\n<li>A Noter d&rsquo;autre part dans l&rsquo;<strong>AGENDA<\/strong> de l&rsquo;ESGA Basket: <strong>Soir\u00e9e dansante<\/strong> \u00e0 la salle Jacques Anquetil le samedi 28 Janvier \u00e0 19 heures 30 et c\u00e9l\u00e9bration des 40 ans du club le samedi 10 juin prochain.<\/li>\n<li>\n<h4>Retrouvez l&rsquo;ACTU du club sur: <a href=\"http:\/\/www.esga-basket.com\" target=\"_blank\" rel=\"noopener noreferrer\">http:\/\/www.esga-basket.com<\/a><\/h4>\n<\/li>\n<\/ul>\n","protected":false},"excerpt":{"rendered":"<p>Forte actualit\u00e9 en ce d\u00e9but d&rsquo;ann\u00e9e 2017 pour les basketteurs de l&rsquo;ES Genas Azieu: ce samedi, \u00ab\u00a0soir\u00e9e tout en bleu\u00a0\u00bb \u00e0 l&rsquo;occasion des rencontres \u00e0 domicile des \u00e9quipes seniors (Gar\u00e7ons et Filles), le programme est le suivant: \u00e0 18 h 30 Seniors Filles contre Les Buers accompagn\u00e9s des Babys, \u00e0 20 h: Galette des Rois, [&hellip;]<\/p>\n","protected":false},"author":4,"featured_media":11451,"comment_status":"open","ping_status":"open","sticky":false,"template":"","format":"standard","meta":{"footnotes":""},"categories":[1357,2975,270,1598],"tags":[],"class_list":["post-18223","post","type-post","status-publish","format-standard","has-post-thumbnail","hentry","category-basket","category-basket-hand-volley-sports","category-cte-de-communes-c-c-e-l","category-genas"],"yoast_head":"<!-- This site is optimized with the Yoast SEO plugin v27.2 - https:\/\/yoast.com\/product\/yoast-seo-wordpress\/ -->\n<title>GENAS | L&#039;actu de l&#039;ESGA Basket - News Est Lyonnais<\/title>\n<meta name=\"robots\" content=\"index, follow, max-snippet:-1, max-image-preview:large, max-video-preview:-1\" \/>\n<link rel=\"canonical\" href=\"https:\/\/newsestlyonnais.fr\/site\/2017\/01\/06\/genas-lactu-de-lesga-basket\/\" \/>\n<meta property=\"og:locale\" content=\"fr_FR\" \/>\n<meta property=\"og:type\" content=\"article\" \/>\n<meta property=\"og:title\" content=\"GENAS | L&#039;actu de l&#039;ESGA Basket - News Est Lyonnais\" \/>\n<meta property=\"og:description\" content=\"Forte actualit\u00e9 en ce d\u00e9but d&rsquo;ann\u00e9e 2017 pour les basketteurs de l&rsquo;ES Genas Azieu: ce samedi, \u00ab\u00a0soir\u00e9e tout en bleu\u00a0\u00bb \u00e0 l&rsquo;occasion des rencontres \u00e0 domicile des \u00e9quipes seniors (Gar\u00e7ons et Filles), le programme est le suivant: \u00e0 18 h 30 Seniors Filles contre Les Buers accompagn\u00e9s des Babys, \u00e0 20 h: Galette des Rois, [&hellip;]\" \/>\n<meta property=\"og:url\" content=\"https:\/\/newsestlyonnais.fr\/site\/2017\/01\/06\/genas-lactu-de-lesga-basket\/\" \/>\n<meta property=\"og:site_name\" content=\"News Est Lyonnais\" \/>\n<meta property=\"article:author\" content=\"https:\/\/www.facebook.com\/pascal.oberson.1?fref=ts\" \/>\n<meta property=\"article:published_time\" content=\"2017-01-06T05:59:52+00:00\" \/>\n<meta property=\"article:modified_time\" content=\"2020-11-03T14:40:05+00:00\" \/>\n<meta property=\"og:image\" content=\"https:\/\/i0.wp.com\/newsestlyonnais.fr\/site\/wp-content\/uploads\/2016\/08\/NEWSESTLYONNAIS-LOGO-ESGABASKET.jpg?fit=1000%2C750&ssl=1\" \/>\n\t<meta property=\"og:image:width\" content=\"1000\" \/>\n\t<meta property=\"og:image:height\" content=\"750\" \/>\n\t<meta property=\"og:image:type\" content=\"image\/jpeg\" \/>\n<meta name=\"author\" content=\"R\u00e9dac. NEWS\" \/>\n<meta name=\"twitter:card\" content=\"summary_large_image\" \/>\n<meta name=\"twitter:label1\" content=\"\u00c9crit par\" \/>\n\t<meta name=\"twitter:data1\" content=\"R\u00e9dac. NEWS\" \/>\n\t<meta name=\"twitter:label2\" content=\"Dur\u00e9e de lecture estim\u00e9e\" \/>\n\t<meta name=\"twitter:data2\" content=\"1 minute\" \/>\n<script type=\"application\/ld+json\" class=\"yoast-schema-graph\">{\"@context\":\"https:\/\/schema.org\",\"@graph\":[{\"@type\":\"Article\",\"@id\":\"https:\/\/newsestlyonnais.fr\/site\/2017\/01\/06\/genas-lactu-de-lesga-basket\/#article\",\"isPartOf\":{\"@id\":\"https:\/\/newsestlyonnais.fr\/site\/2017\/01\/06\/genas-lactu-de-lesga-basket\/\"},\"author\":{\"name\":\"R\u00e9dac. NEWS\",\"@id\":\"https:\/\/newsestlyonnais.fr\/site\/#\/schema\/person\/3230d5615f390bb808365d673001e887\"},\"headline\":\"GENAS | L&rsquo;actu de l&rsquo;ESGA Basket\",\"datePublished\":\"2017-01-06T05:59:52+00:00\",\"dateModified\":\"2020-11-03T14:40:05+00:00\",\"mainEntityOfPage\":{\"@id\":\"https:\/\/newsestlyonnais.fr\/site\/2017\/01\/06\/genas-lactu-de-lesga-basket\/\"},\"wordCount\":223,\"commentCount\":0,\"publisher\":{\"@id\":\"https:\/\/newsestlyonnais.fr\/site\/#organization\"},\"image\":{\"@id\":\"https:\/\/newsestlyonnais.fr\/site\/2017\/01\/06\/genas-lactu-de-lesga-basket\/#primaryimage\"},\"thumbnailUrl\":\"https:\/\/newsestlyonnais.fr\/site\/wp-content\/uploads\/2016\/08\/NEWSESTLYONNAIS-LOGO-ESGABASKET.jpg\",\"articleSection\":[\"Basket\",\"Basket | Hand | Volley\",\"CCEL | Communes\",\"Genas\"],\"inLanguage\":\"fr-FR\",\"potentialAction\":[{\"@type\":\"CommentAction\",\"name\":\"Comment\",\"target\":[\"https:\/\/newsestlyonnais.fr\/site\/2017\/01\/06\/genas-lactu-de-lesga-basket\/#respond\"]}]},{\"@type\":\"WebPage\",\"@id\":\"https:\/\/newsestlyonnais.fr\/site\/2017\/01\/06\/genas-lactu-de-lesga-basket\/\",\"url\":\"https:\/\/newsestlyonnais.fr\/site\/2017\/01\/06\/genas-lactu-de-lesga-basket\/\",\"name\":\"GENAS | L'actu de l'ESGA Basket - News Est Lyonnais\",\"isPartOf\":{\"@id\":\"https:\/\/newsestlyonnais.fr\/site\/#website\"},\"primaryImageOfPage\":{\"@id\":\"https:\/\/newsestlyonnais.fr\/site\/2017\/01\/06\/genas-lactu-de-lesga-basket\/#primaryimage\"},\"image\":{\"@id\":\"https:\/\/newsestlyonnais.fr\/site\/2017\/01\/06\/genas-lactu-de-lesga-basket\/#primaryimage\"},\"thumbnailUrl\":\"https:\/\/newsestlyonnais.fr\/site\/wp-content\/uploads\/2016\/08\/NEWSESTLYONNAIS-LOGO-ESGABASKET.jpg\",\"datePublished\":\"2017-01-06T05:59:52+00:00\",\"dateModified\":\"2020-11-03T14:40:05+00:00\",\"breadcrumb\":{\"@id\":\"https:\/\/newsestlyonnais.fr\/site\/2017\/01\/06\/genas-lactu-de-lesga-basket\/#breadcrumb\"},\"inLanguage\":\"fr-FR\",\"potentialAction\":[{\"@type\":\"ReadAction\",\"target\":[\"https:\/\/newsestlyonnais.fr\/site\/2017\/01\/06\/genas-lactu-de-lesga-basket\/\"]}]},{\"@type\":\"ImageObject\",\"inLanguage\":\"fr-FR\",\"@id\":\"https:\/\/newsestlyonnais.fr\/site\/2017\/01\/06\/genas-lactu-de-lesga-basket\/#primaryimage\",\"url\":\"https:\/\/newsestlyonnais.fr\/site\/wp-content\/uploads\/2016\/08\/NEWSESTLYONNAIS-LOGO-ESGABASKET.jpg\",\"contentUrl\":\"https:\/\/newsestlyonnais.fr\/site\/wp-content\/uploads\/2016\/08\/NEWSESTLYONNAIS-LOGO-ESGABASKET.jpg\",\"width\":1000,\"height\":750,\"caption\":\"NEWS EST LYONNAIS - LOGO ESGABASKET\"},{\"@type\":\"BreadcrumbList\",\"@id\":\"https:\/\/newsestlyonnais.fr\/site\/2017\/01\/06\/genas-lactu-de-lesga-basket\/#breadcrumb\",\"itemListElement\":[{\"@type\":\"ListItem\",\"position\":1,\"name\":\"Accueil\",\"item\":\"https:\/\/newsestlyonnais.fr\/site\/\"},{\"@type\":\"ListItem\",\"position\":2,\"name\":\"GENAS | L&rsquo;actu de l&rsquo;ESGA Basket\"}]},{\"@type\":\"WebSite\",\"@id\":\"https:\/\/newsestlyonnais.fr\/site\/#website\",\"url\":\"https:\/\/newsestlyonnais.fr\/site\/\",\"name\":\"News Est Lyonnais\",\"description\":\"L&#039;actualit\u00e9 au plus pr\u00e8s\",\"publisher\":{\"@id\":\"https:\/\/newsestlyonnais.fr\/site\/#organization\"},\"potentialAction\":[{\"@type\":\"SearchAction\",\"target\":{\"@type\":\"EntryPoint\",\"urlTemplate\":\"https:\/\/newsestlyonnais.fr\/site\/?s={search_term_string}\"},\"query-input\":{\"@type\":\"PropertyValueSpecification\",\"valueRequired\":true,\"valueName\":\"search_term_string\"}}],\"inLanguage\":\"fr-FR\"},{\"@type\":\"Organization\",\"@id\":\"https:\/\/newsestlyonnais.fr\/site\/#organization\",\"name\":\"News EST LYONNAIS\",\"url\":\"https:\/\/newsestlyonnais.fr\/site\/\",\"logo\":{\"@type\":\"ImageObject\",\"inLanguage\":\"fr-FR\",\"@id\":\"https:\/\/newsestlyonnais.fr\/site\/#\/schema\/logo\/image\/\",\"url\":\"\",\"contentUrl\":\"\",\"caption\":\"News EST LYONNAIS\"},\"image\":{\"@id\":\"https:\/\/newsestlyonnais.fr\/site\/#\/schema\/logo\/image\/\"}},{\"@type\":\"Person\",\"@id\":\"https:\/\/newsestlyonnais.fr\/site\/#\/schema\/person\/3230d5615f390bb808365d673001e887\",\"name\":\"R\u00e9dac. NEWS\",\"sameAs\":[\"http:\/\/www.newsestlyonnais.fr\",\"https:\/\/www.facebook.com\/pascal.oberson.1?fref=ts\",\"https:\/\/fr.linkedin.com\/in\/pascal-oberson-b17045113\"],\"url\":\"https:\/\/newsestlyonnais.fr\/site\/author\/nel\/\"}]}<\/script>\n<!-- \/ Yoast SEO plugin. -->","yoast_head_json":{"title":"GENAS | L'actu de l'ESGA Basket - News Est Lyonnais","robots":{"index":"index","follow":"follow","max-snippet":"max-snippet:-1","max-image-preview":"max-image-preview:large","max-video-preview":"max-video-preview:-1"},"canonical":"https:\/\/newsestlyonnais.fr\/site\/2017\/01\/06\/genas-lactu-de-lesga-basket\/","og_locale":"fr_FR","og_type":"article","og_title":"GENAS | L'actu de l'ESGA Basket - News Est Lyonnais","og_description":"Forte actualit\u00e9 en ce d\u00e9but d&rsquo;ann\u00e9e 2017 pour les basketteurs de l&rsquo;ES Genas Azieu: ce samedi, \u00ab\u00a0soir\u00e9e tout en bleu\u00a0\u00bb \u00e0 l&rsquo;occasion des rencontres \u00e0 domicile des \u00e9quipes seniors (Gar\u00e7ons et Filles), le programme est le suivant: \u00e0 18 h 30 Seniors Filles contre Les Buers accompagn\u00e9s des Babys, \u00e0 20 h: Galette des Rois, [&hellip;]","og_url":"https:\/\/newsestlyonnais.fr\/site\/2017\/01\/06\/genas-lactu-de-lesga-basket\/","og_site_name":"News Est Lyonnais","article_author":"https:\/\/www.facebook.com\/pascal.oberson.1?fref=ts","article_published_time":"2017-01-06T05:59:52+00:00","article_modified_time":"2020-11-03T14:40:05+00:00","og_image":[{"width":1000,"height":750,"url":"https:\/\/i0.wp.com\/newsestlyonnais.fr\/site\/wp-content\/uploads\/2016\/08\/NEWSESTLYONNAIS-LOGO-ESGABASKET.jpg?fit=1000%2C750&ssl=1","type":"image\/jpeg"}],"author":"R\u00e9dac. NEWS","twitter_card":"summary_large_image","twitter_misc":{"\u00c9crit par":"R\u00e9dac. NEWS","Dur\u00e9e de lecture estim\u00e9e":"1 minute"},"schema":{"@context":"https:\/\/schema.org","@graph":[{"@type":"Article","@id":"https:\/\/newsestlyonnais.fr\/site\/2017\/01\/06\/genas-lactu-de-lesga-basket\/#article","isPartOf":{"@id":"https:\/\/newsestlyonnais.fr\/site\/2017\/01\/06\/genas-lactu-de-lesga-basket\/"},"author":{"name":"R\u00e9dac. NEWS","@id":"https:\/\/newsestlyonnais.fr\/site\/#\/schema\/person\/3230d5615f390bb808365d673001e887"},"headline":"GENAS | L&rsquo;actu de l&rsquo;ESGA Basket","datePublished":"2017-01-06T05:59:52+00:00","dateModified":"2020-11-03T14:40:05+00:00","mainEntityOfPage":{"@id":"https:\/\/newsestlyonnais.fr\/site\/2017\/01\/06\/genas-lactu-de-lesga-basket\/"},"wordCount":223,"commentCount":0,"publisher":{"@id":"https:\/\/newsestlyonnais.fr\/site\/#organization"},"image":{"@id":"https:\/\/newsestlyonnais.fr\/site\/2017\/01\/06\/genas-lactu-de-lesga-basket\/#primaryimage"},"thumbnailUrl":"https:\/\/newsestlyonnais.fr\/site\/wp-content\/uploads\/2016\/08\/NEWSESTLYONNAIS-LOGO-ESGABASKET.jpg","articleSection":["Basket","Basket | Hand | Volley","CCEL | Communes","Genas"],"inLanguage":"fr-FR","potentialAction":[{"@type":"CommentAction","name":"Comment","target":["https:\/\/newsestlyonnais.fr\/site\/2017\/01\/06\/genas-lactu-de-lesga-basket\/#respond"]}]},{"@type":"WebPage","@id":"https:\/\/newsestlyonnais.fr\/site\/2017\/01\/06\/genas-lactu-de-lesga-basket\/","url":"https:\/\/newsestlyonnais.fr\/site\/2017\/01\/06\/genas-lactu-de-lesga-basket\/","name":"GENAS | L'actu de l'ESGA Basket - News Est Lyonnais","isPartOf":{"@id":"https:\/\/newsestlyonnais.fr\/site\/#website"},"primaryImageOfPage":{"@id":"https:\/\/newsestlyonnais.fr\/site\/2017\/01\/06\/genas-lactu-de-lesga-basket\/#primaryimage"},"image":{"@id":"https:\/\/newsestlyonnais.fr\/site\/2017\/01\/06\/genas-lactu-de-lesga-basket\/#primaryimage"},"thumbnailUrl":"https:\/\/newsestlyonnais.fr\/site\/wp-content\/uploads\/2016\/08\/NEWSESTLYONNAIS-LOGO-ESGABASKET.jpg","datePublished":"2017-01-06T05:59:52+00:00","dateModified":"2020-11-03T14:40:05+00:00","breadcrumb":{"@id":"https:\/\/newsestlyonnais.fr\/site\/2017\/01\/06\/genas-lactu-de-lesga-basket\/#breadcrumb"},"inLanguage":"fr-FR","potentialAction":[{"@type":"ReadAction","target":["https:\/\/newsestlyonnais.fr\/site\/2017\/01\/06\/genas-lactu-de-lesga-basket\/"]}]},{"@type":"ImageObject","inLanguage":"fr-FR","@id":"https:\/\/newsestlyonnais.fr\/site\/2017\/01\/06\/genas-lactu-de-lesga-basket\/#primaryimage","url":"https:\/\/newsestlyonnais.fr\/site\/wp-content\/uploads\/2016\/08\/NEWSESTLYONNAIS-LOGO-ESGABASKET.jpg","contentUrl":"https:\/\/newsestlyonnais.fr\/site\/wp-content\/uploads\/2016\/08\/NEWSESTLYONNAIS-LOGO-ESGABASKET.jpg","width":1000,"height":750,"caption":"NEWS EST LYONNAIS - LOGO ESGABASKET"},{"@type":"BreadcrumbList","@id":"https:\/\/newsestlyonnais.fr\/site\/2017\/01\/06\/genas-lactu-de-lesga-basket\/#breadcrumb","itemListElement":[{"@type":"ListItem","position":1,"name":"Accueil","item":"https:\/\/newsestlyonnais.fr\/site\/"},{"@type":"ListItem","position":2,"name":"GENAS | L&rsquo;actu de l&rsquo;ESGA Basket"}]},{"@type":"WebSite","@id":"https:\/\/newsestlyonnais.fr\/site\/#website","url":"https:\/\/newsestlyonnais.fr\/site\/","name":"News Est Lyonnais","description":"L&#039;actualit\u00e9 au plus pr\u00e8s","publisher":{"@id":"https:\/\/newsestlyonnais.fr\/site\/#organization"},"potentialAction":[{"@type":"SearchAction","target":{"@type":"EntryPoint","urlTemplate":"https:\/\/newsestlyonnais.fr\/site\/?s={search_term_string}"},"query-input":{"@type":"PropertyValueSpecification","valueRequired":true,"valueName":"search_term_string"}}],"inLanguage":"fr-FR"},{"@type":"Organization","@id":"https:\/\/newsestlyonnais.fr\/site\/#organization","name":"News EST LYONNAIS","url":"https:\/\/newsestlyonnais.fr\/site\/","logo":{"@type":"ImageObject","inLanguage":"fr-FR","@id":"https:\/\/newsestlyonnais.fr\/site\/#\/schema\/logo\/image\/","url":"","contentUrl":"","caption":"News EST LYONNAIS"},"image":{"@id":"https:\/\/newsestlyonnais.fr\/site\/#\/schema\/logo\/image\/"}},{"@type":"Person","@id":"https:\/\/newsestlyonnais.fr\/site\/#\/schema\/person\/3230d5615f390bb808365d673001e887","name":"R\u00e9dac. NEWS","sameAs":["http:\/\/www.newsestlyonnais.fr","https:\/\/www.facebook.com\/pascal.oberson.1?fref=ts","https:\/\/fr.linkedin.com\/in\/pascal-oberson-b17045113"],"url":"https:\/\/newsestlyonnais.fr\/site\/author\/nel\/"}]}},"_links":{"self":[{"href":"https:\/\/newsestlyonnais.fr\/site\/wp-json\/wp\/v2\/posts\/18223","targetHints":{"allow":["GET"]}}],"collection":[{"href":"https:\/\/newsestlyonnais.fr\/site\/wp-json\/wp\/v2\/posts"}],"about":[{"href":"https:\/\/newsestlyonnais.fr\/site\/wp-json\/wp\/v2\/types\/post"}],"author":[{"embeddable":true,"href":"https:\/\/newsestlyonnais.fr\/site\/wp-json\/wp\/v2\/users\/4"}],"replies":[{"embeddable":true,"href":"https:\/\/newsestlyonnais.fr\/site\/wp-json\/wp\/v2\/comments?post=18223"}],"version-history":[{"count":0,"href":"https:\/\/newsestlyonnais.fr\/site\/wp-json\/wp\/v2\/posts\/18223\/revisions"}],"wp:featuredmedia":[{"embeddable":true,"href":"https:\/\/newsestlyonnais.fr\/site\/wp-json\/wp\/v2\/media\/11451"}],"wp:attachment":[{"href":"https:\/\/newsestlyonnais.fr\/site\/wp-json\/wp\/v2\/media?parent=18223"}],"wp:term":[{"taxonomy":"category","embeddable":true,"href":"https:\/\/newsestlyonnais.fr\/site\/wp-json\/wp\/v2\/categories?post=18223"},{"taxonomy":"post_tag","embeddable":true,"href":"https:\/\/newsestlyonnais.fr\/site\/wp-json\/wp\/v2\/tags?post=18223"}],"curies":[{"name":"wp","href":"https:\/\/api.w.org\/{rel}","templated":true}]}}