{"id":18262,"date":"2017-01-04T15:52:43","date_gmt":"2017-01-04T14:52:43","guid":{"rendered":"http:\/\/newsestlyonnais.fr\/site\/?p=18262"},"modified":"2021-04-13T17:35:08","modified_gmt":"2021-04-13T16:35:08","slug":"genas-evenements-prevus-janvier","status":"publish","type":"post","link":"https:\/\/newsestlyonnais.fr\/site\/2017\/01\/04\/genas-evenements-prevus-janvier\/","title":{"rendered":"GENAS | Les \u00e9v\u00e8nements pr\u00e9vus en janvier"},"content":{"rendered":"<h4><strong>Les manifestations seront nombreuses en ce premier mois de l\u2019ann\u00e9e, voici le d\u00e9tail:<\/strong><\/h4>\n<ul>\n<li><span style=\"text-decoration: underline\">Vendredi 6 janvier<\/span> \u00e0 partir de 18 h 30 : <strong>D\u00e9monstrations et galette des rois<\/strong> \u2013 Arts martiaux de Genas Kwon te zen (salle Jacques Anquetil)<\/li>\n<li><span style=\"text-decoration: underline\">Dimanche 8 janvier<\/span> de 8 h \u00e0 13 h : <strong>Vente de boudin et sabodet<\/strong> \u2013 R\u00e9el XV (place de la R\u00e9publique) &amp; de 8 h 30 \u00e0 18 h : <strong>Tournoi interne des Rois<\/strong> \u2013 ESGA Badminton (salle Jacques Anquetil)<\/li>\n<li><span style=\"text-decoration: underline\">Lundis 9 et 23 janvier<\/span> de 8 h 30 \u00e0 12 h 30 : <strong>Les Lundis de la forme<\/strong> \u2013 CCAS (Salle de la chemin\u00e9e, Espace Gandil)<\/li>\n<li><span style=\"text-decoration: underline\">Samedi 14 janvier<\/span> de 13 h \u00e0 20 h :<strong> Tournoi de Scrabble<\/strong> \u2013 Club le Madrigal (salle Marius Berliet)<\/li>\n<li><span style=\"text-decoration: underline\">Dimanche 15 janvier<\/span> \u00e0 8 h 30 \u00e0 18 h: <strong>Tournoi d\u00e9partemental jeunes \u2013 ESGA Badminton<\/strong> (salle Jacques Anquetil)<\/li>\n<li><span style=\"text-decoration: underline\">Dimanche 22 janvier<\/span> de 8 h \u00e0 13 h : <strong>Vente de g\u00e2teaux<\/strong> \u2013 L\u2019AGAF (place de la R\u00e9publique) &amp;\u00a0 de 13 h \u00e0 17 h : <strong>Loto \u2013 Sou des \u00e9coles<\/strong> (salle Jacques Anquetil)<\/li>\n<li><span style=\"text-decoration: underline\">Mercredi 25 janvier<\/span> \u00e0 20 h : <strong>1\u00b0 r\u00e9union des classes en 7<\/strong> \u2013 Comit\u00e9 des f\u00eates (salle le Gen\u00eat)<\/li>\n<li><span style=\"text-decoration: underline\">Jeudi 26 janvier<\/span> \u00e0 9 h 30: <strong>Assembl\u00e9e g\u00e9n\u00e9rale \u2013 Amicale de l\u2019\u00c2ge d\u2019Or<\/strong> (salle J. Anquetil) &amp; \u00e0 20h 30: <strong>Assembl\u00e9e g\u00e9n\u00e9rale \u2013 Comit\u00e9 des f\u00eates<\/strong> (salle le Gen\u00eat)<\/li>\n<li><span style=\"text-decoration: underline\">Vendredi 27 janvier<\/span> \u00e0 20 h 30 : <strong>Spectacle tout public<\/strong> \u00ab Smart Faune \u00bb (Neutrino)<\/li>\n<li><span style=\"text-decoration: underline\">Samedi 28 janvier<\/span> \u00e0 19 h 30 : <strong>Soir\u00e9e dansante \u2013 ESGA Basket<\/strong> (salle Jacques Anquetil)<\/li>\n<li><span style=\"text-decoration: underline\">Dimanche 29 janvier<\/span> de 8 h \u00e0 13 h : <strong>Vente de boudin et sabodet<\/strong> \u2013 Amicale des sapeurs-pompiers de Genas-Chassieu (place de la R\u00e9publique) &amp;\u00a0 de 13 h 30 \u00e0 18 h : <strong>Loto<\/strong> \u2013 APEL Jeanne d\u2019Arc (salle Jacques Anquetil).<\/li>\n<\/ul>\n<h4>Retrouvez toute l&rsquo;ACTU de la commune sur: <a href=\"http:\/\/genas.fr\" target=\"_blank\" rel=\"noopener noreferrer\">http:\/\/genas.fr<\/a><\/h4>\n","protected":false},"excerpt":{"rendered":"<p>Les manifestations seront nombreuses en ce premier mois de l\u2019ann\u00e9e, voici le d\u00e9tail: Vendredi 6 janvier \u00e0 partir de 18 h 30 : D\u00e9monstrations et galette des rois \u2013 Arts martiaux de Genas Kwon te zen (salle Jacques Anquetil) Dimanche 8 janvier de 8 h \u00e0 13 h : Vente de boudin et sabodet \u2013 [&hellip;]<\/p>\n","protected":false},"author":4,"featured_media":8137,"comment_status":"open","ping_status":"open","sticky":false,"template":"","format":"standard","meta":{"footnotes":""},"categories":[270,1598,787],"tags":[],"class_list":["post-18262","post","type-post","status-publish","format-standard","has-post-thumbnail","hentry","category-cte-de-communes-c-c-e-l","category-genas","category-ptites-news"],"yoast_head":"<!-- This site is optimized with the Yoast SEO plugin v27.2 - https:\/\/yoast.com\/product\/yoast-seo-wordpress\/ -->\n<title>GENAS | Les \u00e9v\u00e8nements pr\u00e9vus en janvier - News Est Lyonnais<\/title>\n<meta name=\"robots\" content=\"index, follow, max-snippet:-1, max-image-preview:large, max-video-preview:-1\" \/>\n<link rel=\"canonical\" href=\"https:\/\/newsestlyonnais.fr\/site\/2017\/01\/04\/genas-evenements-prevus-janvier\/\" \/>\n<meta property=\"og:locale\" content=\"fr_FR\" \/>\n<meta property=\"og:type\" content=\"article\" \/>\n<meta property=\"og:title\" content=\"GENAS | Les \u00e9v\u00e8nements pr\u00e9vus en janvier - News Est Lyonnais\" \/>\n<meta property=\"og:description\" content=\"Les manifestations seront nombreuses en ce premier mois de l\u2019ann\u00e9e, voici le d\u00e9tail: Vendredi 6 janvier \u00e0 partir de 18 h 30 : D\u00e9monstrations et galette des rois \u2013 Arts martiaux de Genas Kwon te zen (salle Jacques Anquetil) Dimanche 8 janvier de 8 h \u00e0 13 h : Vente de boudin et sabodet \u2013 [&hellip;]\" \/>\n<meta property=\"og:url\" content=\"https:\/\/newsestlyonnais.fr\/site\/2017\/01\/04\/genas-evenements-prevus-janvier\/\" \/>\n<meta property=\"og:site_name\" content=\"News Est Lyonnais\" \/>\n<meta property=\"article:author\" content=\"https:\/\/www.facebook.com\/pascal.oberson.1?fref=ts\" \/>\n<meta property=\"article:published_time\" content=\"2017-01-04T14:52:43+00:00\" \/>\n<meta property=\"article:modified_time\" content=\"2021-04-13T16:35:08+00:00\" \/>\n<meta property=\"og:image\" content=\"https:\/\/i0.wp.com\/newsestlyonnais.fr\/site\/wp-content\/uploads\/2016\/05\/NEWSESTLYONNAISPANNEAUGENAS-1.jpg?fit=1000%2C750&ssl=1\" \/>\n\t<meta property=\"og:image:width\" content=\"1000\" \/>\n\t<meta property=\"og:image:height\" content=\"750\" \/>\n\t<meta property=\"og:image:type\" content=\"image\/jpeg\" \/>\n<meta name=\"author\" content=\"R\u00e9dac. NEWS\" \/>\n<meta name=\"twitter:card\" content=\"summary_large_image\" \/>\n<meta name=\"twitter:label1\" content=\"\u00c9crit par\" \/>\n\t<meta name=\"twitter:data1\" content=\"R\u00e9dac. NEWS\" \/>\n\t<meta name=\"twitter:label2\" content=\"Dur\u00e9e de lecture estim\u00e9e\" \/>\n\t<meta name=\"twitter:data2\" content=\"1 minute\" \/>\n<script type=\"application\/ld+json\" class=\"yoast-schema-graph\">{\"@context\":\"https:\/\/schema.org\",\"@graph\":[{\"@type\":\"Article\",\"@id\":\"https:\/\/newsestlyonnais.fr\/site\/2017\/01\/04\/genas-evenements-prevus-janvier\/#article\",\"isPartOf\":{\"@id\":\"https:\/\/newsestlyonnais.fr\/site\/2017\/01\/04\/genas-evenements-prevus-janvier\/\"},\"author\":{\"name\":\"R\u00e9dac. NEWS\",\"@id\":\"https:\/\/newsestlyonnais.fr\/site\/#\/schema\/person\/3230d5615f390bb808365d673001e887\"},\"headline\":\"GENAS | Les \u00e9v\u00e8nements pr\u00e9vus en janvier\",\"datePublished\":\"2017-01-04T14:52:43+00:00\",\"dateModified\":\"2021-04-13T16:35:08+00:00\",\"mainEntityOfPage\":{\"@id\":\"https:\/\/newsestlyonnais.fr\/site\/2017\/01\/04\/genas-evenements-prevus-janvier\/\"},\"wordCount\":260,\"commentCount\":0,\"publisher\":{\"@id\":\"https:\/\/newsestlyonnais.fr\/site\/#organization\"},\"image\":{\"@id\":\"https:\/\/newsestlyonnais.fr\/site\/2017\/01\/04\/genas-evenements-prevus-janvier\/#primaryimage\"},\"thumbnailUrl\":\"https:\/\/newsestlyonnais.fr\/site\/wp-content\/uploads\/2016\/05\/NEWSESTLYONNAISPANNEAUGENAS-1.jpg\",\"articleSection\":[\"CCEL | Communes\",\"Genas\",\"P'tites News\"],\"inLanguage\":\"fr-FR\",\"potentialAction\":[{\"@type\":\"CommentAction\",\"name\":\"Comment\",\"target\":[\"https:\/\/newsestlyonnais.fr\/site\/2017\/01\/04\/genas-evenements-prevus-janvier\/#respond\"]}]},{\"@type\":\"WebPage\",\"@id\":\"https:\/\/newsestlyonnais.fr\/site\/2017\/01\/04\/genas-evenements-prevus-janvier\/\",\"url\":\"https:\/\/newsestlyonnais.fr\/site\/2017\/01\/04\/genas-evenements-prevus-janvier\/\",\"name\":\"GENAS | Les \u00e9v\u00e8nements pr\u00e9vus en janvier - News Est Lyonnais\",\"isPartOf\":{\"@id\":\"https:\/\/newsestlyonnais.fr\/site\/#website\"},\"primaryImageOfPage\":{\"@id\":\"https:\/\/newsestlyonnais.fr\/site\/2017\/01\/04\/genas-evenements-prevus-janvier\/#primaryimage\"},\"image\":{\"@id\":\"https:\/\/newsestlyonnais.fr\/site\/2017\/01\/04\/genas-evenements-prevus-janvier\/#primaryimage\"},\"thumbnailUrl\":\"https:\/\/newsestlyonnais.fr\/site\/wp-content\/uploads\/2016\/05\/NEWSESTLYONNAISPANNEAUGENAS-1.jpg\",\"datePublished\":\"2017-01-04T14:52:43+00:00\",\"dateModified\":\"2021-04-13T16:35:08+00:00\",\"breadcrumb\":{\"@id\":\"https:\/\/newsestlyonnais.fr\/site\/2017\/01\/04\/genas-evenements-prevus-janvier\/#breadcrumb\"},\"inLanguage\":\"fr-FR\",\"potentialAction\":[{\"@type\":\"ReadAction\",\"target\":[\"https:\/\/newsestlyonnais.fr\/site\/2017\/01\/04\/genas-evenements-prevus-janvier\/\"]}]},{\"@type\":\"ImageObject\",\"inLanguage\":\"fr-FR\",\"@id\":\"https:\/\/newsestlyonnais.fr\/site\/2017\/01\/04\/genas-evenements-prevus-janvier\/#primaryimage\",\"url\":\"https:\/\/newsestlyonnais.fr\/site\/wp-content\/uploads\/2016\/05\/NEWSESTLYONNAISPANNEAUGENAS-1.jpg\",\"contentUrl\":\"https:\/\/newsestlyonnais.fr\/site\/wp-content\/uploads\/2016\/05\/NEWSESTLYONNAISPANNEAUGENAS-1.jpg\",\"width\":1000,\"height\":750,\"caption\":\"NEWSESTLYONNAISPANNEAUGENAS\"},{\"@type\":\"BreadcrumbList\",\"@id\":\"https:\/\/newsestlyonnais.fr\/site\/2017\/01\/04\/genas-evenements-prevus-janvier\/#breadcrumb\",\"itemListElement\":[{\"@type\":\"ListItem\",\"position\":1,\"name\":\"Accueil\",\"item\":\"https:\/\/newsestlyonnais.fr\/site\/\"},{\"@type\":\"ListItem\",\"position\":2,\"name\":\"GENAS | Les \u00e9v\u00e8nements pr\u00e9vus en janvier\"}]},{\"@type\":\"WebSite\",\"@id\":\"https:\/\/newsestlyonnais.fr\/site\/#website\",\"url\":\"https:\/\/newsestlyonnais.fr\/site\/\",\"name\":\"News Est Lyonnais\",\"description\":\"L&#039;actualit\u00e9 au plus pr\u00e8s\",\"publisher\":{\"@id\":\"https:\/\/newsestlyonnais.fr\/site\/#organization\"},\"potentialAction\":[{\"@type\":\"SearchAction\",\"target\":{\"@type\":\"EntryPoint\",\"urlTemplate\":\"https:\/\/newsestlyonnais.fr\/site\/?s={search_term_string}\"},\"query-input\":{\"@type\":\"PropertyValueSpecification\",\"valueRequired\":true,\"valueName\":\"search_term_string\"}}],\"inLanguage\":\"fr-FR\"},{\"@type\":\"Organization\",\"@id\":\"https:\/\/newsestlyonnais.fr\/site\/#organization\",\"name\":\"News EST LYONNAIS\",\"url\":\"https:\/\/newsestlyonnais.fr\/site\/\",\"logo\":{\"@type\":\"ImageObject\",\"inLanguage\":\"fr-FR\",\"@id\":\"https:\/\/newsestlyonnais.fr\/site\/#\/schema\/logo\/image\/\",\"url\":\"\",\"contentUrl\":\"\",\"caption\":\"News EST LYONNAIS\"},\"image\":{\"@id\":\"https:\/\/newsestlyonnais.fr\/site\/#\/schema\/logo\/image\/\"}},{\"@type\":\"Person\",\"@id\":\"https:\/\/newsestlyonnais.fr\/site\/#\/schema\/person\/3230d5615f390bb808365d673001e887\",\"name\":\"R\u00e9dac. NEWS\",\"sameAs\":[\"http:\/\/www.newsestlyonnais.fr\",\"https:\/\/www.facebook.com\/pascal.oberson.1?fref=ts\",\"https:\/\/fr.linkedin.com\/in\/pascal-oberson-b17045113\"],\"url\":\"https:\/\/newsestlyonnais.fr\/site\/author\/nel\/\"}]}<\/script>\n<!-- \/ Yoast SEO plugin. -->","yoast_head_json":{"title":"GENAS | Les \u00e9v\u00e8nements pr\u00e9vus en janvier - News Est Lyonnais","robots":{"index":"index","follow":"follow","max-snippet":"max-snippet:-1","max-image-preview":"max-image-preview:large","max-video-preview":"max-video-preview:-1"},"canonical":"https:\/\/newsestlyonnais.fr\/site\/2017\/01\/04\/genas-evenements-prevus-janvier\/","og_locale":"fr_FR","og_type":"article","og_title":"GENAS | Les \u00e9v\u00e8nements pr\u00e9vus en janvier - News Est Lyonnais","og_description":"Les manifestations seront nombreuses en ce premier mois de l\u2019ann\u00e9e, voici le d\u00e9tail: Vendredi 6 janvier \u00e0 partir de 18 h 30 : D\u00e9monstrations et galette des rois \u2013 Arts martiaux de Genas Kwon te zen (salle Jacques Anquetil) Dimanche 8 janvier de 8 h \u00e0 13 h : Vente de boudin et sabodet \u2013 [&hellip;]","og_url":"https:\/\/newsestlyonnais.fr\/site\/2017\/01\/04\/genas-evenements-prevus-janvier\/","og_site_name":"News Est Lyonnais","article_author":"https:\/\/www.facebook.com\/pascal.oberson.1?fref=ts","article_published_time":"2017-01-04T14:52:43+00:00","article_modified_time":"2021-04-13T16:35:08+00:00","og_image":[{"width":1000,"height":750,"url":"https:\/\/i0.wp.com\/newsestlyonnais.fr\/site\/wp-content\/uploads\/2016\/05\/NEWSESTLYONNAISPANNEAUGENAS-1.jpg?fit=1000%2C750&ssl=1","type":"image\/jpeg"}],"author":"R\u00e9dac. NEWS","twitter_card":"summary_large_image","twitter_misc":{"\u00c9crit par":"R\u00e9dac. NEWS","Dur\u00e9e de lecture estim\u00e9e":"1 minute"},"schema":{"@context":"https:\/\/schema.org","@graph":[{"@type":"Article","@id":"https:\/\/newsestlyonnais.fr\/site\/2017\/01\/04\/genas-evenements-prevus-janvier\/#article","isPartOf":{"@id":"https:\/\/newsestlyonnais.fr\/site\/2017\/01\/04\/genas-evenements-prevus-janvier\/"},"author":{"name":"R\u00e9dac. NEWS","@id":"https:\/\/newsestlyonnais.fr\/site\/#\/schema\/person\/3230d5615f390bb808365d673001e887"},"headline":"GENAS | Les \u00e9v\u00e8nements pr\u00e9vus en janvier","datePublished":"2017-01-04T14:52:43+00:00","dateModified":"2021-04-13T16:35:08+00:00","mainEntityOfPage":{"@id":"https:\/\/newsestlyonnais.fr\/site\/2017\/01\/04\/genas-evenements-prevus-janvier\/"},"wordCount":260,"commentCount":0,"publisher":{"@id":"https:\/\/newsestlyonnais.fr\/site\/#organization"},"image":{"@id":"https:\/\/newsestlyonnais.fr\/site\/2017\/01\/04\/genas-evenements-prevus-janvier\/#primaryimage"},"thumbnailUrl":"https:\/\/newsestlyonnais.fr\/site\/wp-content\/uploads\/2016\/05\/NEWSESTLYONNAISPANNEAUGENAS-1.jpg","articleSection":["CCEL | Communes","Genas","P'tites News"],"inLanguage":"fr-FR","potentialAction":[{"@type":"CommentAction","name":"Comment","target":["https:\/\/newsestlyonnais.fr\/site\/2017\/01\/04\/genas-evenements-prevus-janvier\/#respond"]}]},{"@type":"WebPage","@id":"https:\/\/newsestlyonnais.fr\/site\/2017\/01\/04\/genas-evenements-prevus-janvier\/","url":"https:\/\/newsestlyonnais.fr\/site\/2017\/01\/04\/genas-evenements-prevus-janvier\/","name":"GENAS | Les \u00e9v\u00e8nements pr\u00e9vus en janvier - News Est Lyonnais","isPartOf":{"@id":"https:\/\/newsestlyonnais.fr\/site\/#website"},"primaryImageOfPage":{"@id":"https:\/\/newsestlyonnais.fr\/site\/2017\/01\/04\/genas-evenements-prevus-janvier\/#primaryimage"},"image":{"@id":"https:\/\/newsestlyonnais.fr\/site\/2017\/01\/04\/genas-evenements-prevus-janvier\/#primaryimage"},"thumbnailUrl":"https:\/\/newsestlyonnais.fr\/site\/wp-content\/uploads\/2016\/05\/NEWSESTLYONNAISPANNEAUGENAS-1.jpg","datePublished":"2017-01-04T14:52:43+00:00","dateModified":"2021-04-13T16:35:08+00:00","breadcrumb":{"@id":"https:\/\/newsestlyonnais.fr\/site\/2017\/01\/04\/genas-evenements-prevus-janvier\/#breadcrumb"},"inLanguage":"fr-FR","potentialAction":[{"@type":"ReadAction","target":["https:\/\/newsestlyonnais.fr\/site\/2017\/01\/04\/genas-evenements-prevus-janvier\/"]}]},{"@type":"ImageObject","inLanguage":"fr-FR","@id":"https:\/\/newsestlyonnais.fr\/site\/2017\/01\/04\/genas-evenements-prevus-janvier\/#primaryimage","url":"https:\/\/newsestlyonnais.fr\/site\/wp-content\/uploads\/2016\/05\/NEWSESTLYONNAISPANNEAUGENAS-1.jpg","contentUrl":"https:\/\/newsestlyonnais.fr\/site\/wp-content\/uploads\/2016\/05\/NEWSESTLYONNAISPANNEAUGENAS-1.jpg","width":1000,"height":750,"caption":"NEWSESTLYONNAISPANNEAUGENAS"},{"@type":"BreadcrumbList","@id":"https:\/\/newsestlyonnais.fr\/site\/2017\/01\/04\/genas-evenements-prevus-janvier\/#breadcrumb","itemListElement":[{"@type":"ListItem","position":1,"name":"Accueil","item":"https:\/\/newsestlyonnais.fr\/site\/"},{"@type":"ListItem","position":2,"name":"GENAS | Les \u00e9v\u00e8nements pr\u00e9vus en janvier"}]},{"@type":"WebSite","@id":"https:\/\/newsestlyonnais.fr\/site\/#website","url":"https:\/\/newsestlyonnais.fr\/site\/","name":"News Est Lyonnais","description":"L&#039;actualit\u00e9 au plus pr\u00e8s","publisher":{"@id":"https:\/\/newsestlyonnais.fr\/site\/#organization"},"potentialAction":[{"@type":"SearchAction","target":{"@type":"EntryPoint","urlTemplate":"https:\/\/newsestlyonnais.fr\/site\/?s={search_term_string}"},"query-input":{"@type":"PropertyValueSpecification","valueRequired":true,"valueName":"search_term_string"}}],"inLanguage":"fr-FR"},{"@type":"Organization","@id":"https:\/\/newsestlyonnais.fr\/site\/#organization","name":"News EST LYONNAIS","url":"https:\/\/newsestlyonnais.fr\/site\/","logo":{"@type":"ImageObject","inLanguage":"fr-FR","@id":"https:\/\/newsestlyonnais.fr\/site\/#\/schema\/logo\/image\/","url":"","contentUrl":"","caption":"News EST LYONNAIS"},"image":{"@id":"https:\/\/newsestlyonnais.fr\/site\/#\/schema\/logo\/image\/"}},{"@type":"Person","@id":"https:\/\/newsestlyonnais.fr\/site\/#\/schema\/person\/3230d5615f390bb808365d673001e887","name":"R\u00e9dac. NEWS","sameAs":["http:\/\/www.newsestlyonnais.fr","https:\/\/www.facebook.com\/pascal.oberson.1?fref=ts","https:\/\/fr.linkedin.com\/in\/pascal-oberson-b17045113"],"url":"https:\/\/newsestlyonnais.fr\/site\/author\/nel\/"}]}},"_links":{"self":[{"href":"https:\/\/newsestlyonnais.fr\/site\/wp-json\/wp\/v2\/posts\/18262","targetHints":{"allow":["GET"]}}],"collection":[{"href":"https:\/\/newsestlyonnais.fr\/site\/wp-json\/wp\/v2\/posts"}],"about":[{"href":"https:\/\/newsestlyonnais.fr\/site\/wp-json\/wp\/v2\/types\/post"}],"author":[{"embeddable":true,"href":"https:\/\/newsestlyonnais.fr\/site\/wp-json\/wp\/v2\/users\/4"}],"replies":[{"embeddable":true,"href":"https:\/\/newsestlyonnais.fr\/site\/wp-json\/wp\/v2\/comments?post=18262"}],"version-history":[{"count":0,"href":"https:\/\/newsestlyonnais.fr\/site\/wp-json\/wp\/v2\/posts\/18262\/revisions"}],"wp:featuredmedia":[{"embeddable":true,"href":"https:\/\/newsestlyonnais.fr\/site\/wp-json\/wp\/v2\/media\/8137"}],"wp:attachment":[{"href":"https:\/\/newsestlyonnais.fr\/site\/wp-json\/wp\/v2\/media?parent=18262"}],"wp:term":[{"taxonomy":"category","embeddable":true,"href":"https:\/\/newsestlyonnais.fr\/site\/wp-json\/wp\/v2\/categories?post=18262"},{"taxonomy":"post_tag","embeddable":true,"href":"https:\/\/newsestlyonnais.fr\/site\/wp-json\/wp\/v2\/tags?post=18262"}],"curies":[{"name":"wp","href":"https:\/\/api.w.org\/{rel}","templated":true}]}}