{"id":182769,"date":"2023-06-03T08:41:38","date_gmt":"2023-06-03T07:41:38","guid":{"rendered":"https:\/\/newsestlyonnais.fr\/site\/?p=182769"},"modified":"2023-06-20T15:20:01","modified_gmt":"2023-06-20T14:20:01","slug":"genas-la-creche-christiane-brun-inauguree","status":"publish","type":"post","link":"https:\/\/newsestlyonnais.fr\/site\/2023\/06\/03\/genas-la-creche-christiane-brun-inauguree\/","title":{"rendered":"GENAS | La cr\u00e8che Christiane Brun inaugur\u00e9e"},"content":{"rendered":"<p><span id=\"page98R_mcid13\" class=\"markedContent\"><span dir=\"ltr\" role=\"presentation\">Au c\u0153ur du plan de mandat 2020-2026 de l\u2019\u00e9quipe municipale,<\/span> <span dir=\"ltr\" role=\"presentation\">les travaux de r\u00e9novation et d\u2019agrandissement de la cr\u00e8che<\/span> <span dir=\"ltr\" role=\"presentation\">Les<\/span> <span dir=\"ltr\" role=\"presentation\">P\u2019tites Quenottes<\/span> <span dir=\"ltr\" role=\"presentation\">ont \u00e9t\u00e9 entrepris en ce d\u00e9but d\u2019ann\u00e9e, afin d\u2019y<\/span> <span dir=\"ltr\" role=\"presentation\">accueillir \u00e9galement les enfants et personnels encadrants de la<\/span> <span dir=\"ltr\" role=\"presentation\">cr\u00e8che<\/span> <span dir=\"ltr\" role=\"presentation\">Les Boutchoux,<\/span> <span dir=\"ltr\" role=\"presentation\">situ\u00e9e en centre-bourg, \u00e0 proximit\u00e9 du<\/span> <span dir=\"ltr\" role=\"presentation\">supermarch\u00e9 Carrefour Market.<\/span><\/span><span id=\"page98R_mcid15\" class=\"markedContent\"><\/span><\/p>\n<p><span id=\"page98R_mcid15\" class=\"markedContent\"><span dir=\"ltr\" role=\"presentation\">R\u00e9habilit\u00e9e une premi\u00e8re fois en 2013, la cr\u00e8che<\/span> <span dir=\"ltr\" role=\"presentation\">Les P\u2019tites<\/span> <span dir=\"ltr\" role=\"presentation\">Quenottes<\/span> <span dir=\"ltr\" role=\"presentation\">avait \u00e9galement b\u00e9n\u00e9fici\u00e9 de travaux de r\u00e9fection et <\/span><span dir=\"ltr\" role=\"presentation\">d\u2019agrandissement de son parking existant en 2021.<\/span><\/span><\/p>\n<p><span id=\"page98R_mcid15\" class=\"markedContent\"><span dir=\"ltr\" role=\"presentation\"><span id=\"page1R_mcid4\" class=\"markedContent\">Les objectifs de ce projet, conduit en concertation notamment avec le personnel des 2 \u00e9tablissements r\u00e9unis, \u00e9taient avant tout de<strong> conforter le projet p\u00e9dagogique commun aux 2 cr\u00e8ches,<\/strong> mais aussi d\u2019offrir un cadre de vie moderne et s\u00e9curis\u00e9 pour les enfants, mutualiser les \u00e9quipes et les ressources pour homog\u00e9n\u00e9iser les pratiques, am\u00e9liorer les acc\u00e8s et stationnement pour les parents et personnels gr\u00e2ce au parking cr\u00e9\u00e9 en 2021 et ouvrir 3 nouvelles places d\u2019accueil (<strong>de 36 \u00e0 39 berceaux, pour un total de 107 enfants accueillis, selon les diff\u00e9rents moments de la journ\u00e9e).<\/strong><\/span><span id=\"page1R_mcid6\" class=\"markedContent\"><\/span><\/span><\/span><\/p>\n<p><span id=\"page98R_mcid15\" class=\"markedContent\"><span dir=\"ltr\" role=\"presentation\"><span id=\"page1R_mcid6\" class=\"markedContent\">\u00c0 ce titre, des locaux anciennement occup\u00e9s par des associations ont \u00e9t\u00e9 annex\u00e9s \u00e0 la cr\u00e8che, ce qui a permis une r\u00e9organisation compl\u00e8te des surfaces pour optimiser l\u2019agencement, avec de nouveaux espaces d\u2019accueil, de vie, de change, de repas et dortoirs. Le b\u00e2timent a \u00e9galement fait l\u2019objet d\u2019une r\u00e9novation compl\u00e8te de ses fa\u00e7ades bois ext\u00e9rieures. Des travaux d\u2019\u00e9tanch\u00e9it\u00e9 en toiture viendront conclure en 2024, la r\u00e9novation compl\u00e8te de l\u2019\u00e9tablissement.<\/span><\/span><\/span><\/p>\n<p><span id=\"page1R_mcid8\" class=\"markedContent\"><span dir=\"ltr\" role=\"presentation\">Enfin, une attention toute particuli\u00e8re a \u00e9t\u00e9 port\u00e9e aux conditions de<\/span> <span dir=\"ltr\" role=\"presentation\">travail<\/span> <span dir=\"ltr\" role=\"presentation\">des<\/span> <span dir=\"ltr\" role=\"presentation\">personnels.<\/span> <span dir=\"ltr\" role=\"presentation\">Gr\u00e2ce<\/span> <span dir=\"ltr\" role=\"presentation\">au<\/span> <span dir=\"ltr\" role=\"presentation\">temps<\/span> <span dir=\"ltr\" role=\"presentation\">de<\/span> <span dir=\"ltr\" role=\"presentation\">concertation,<\/span> <span dir=\"ltr\" role=\"presentation\">les<\/span> <span dir=\"ltr\" role=\"presentation\">professionnels de la petite enfance concern\u00e9s ont pu partager leurs<\/span> <span dir=\"ltr\" role=\"presentation\">suggestions et parfaire aux c\u00f4t\u00e9s de la Municipalit\u00e9 les contours du<\/span> <span dir=\"ltr\" role=\"presentation\">projet. C\u2019est ainsi que les am\u00e9nagements int\u00e9rieurs ont \u00e9t\u00e9 pens\u00e9s,<\/span> <span dir=\"ltr\" role=\"presentation\">en parfaite ad\u00e9quation avec la bonne pratique de leur m\u00e9tier :<\/span> <span dir=\"ltr\" role=\"presentation\">installation de nouveaux rangements, mobiliers cuisine, int\u00e9gration<\/span> <span dir=\"ltr\" role=\"presentation\">de portes vitr\u00e9es pour apporter davantage de luminosit\u00e9&#8230;<\/span><\/span><\/p>\n<p><strong><span id=\"page1R_mcid10\" class=\"markedContent\"><span dir=\"ltr\" role=\"presentation\">La Municipalit\u00e9 aura donc investi 1.635.456,56 \u20ac pour l\u2019ensemble<\/span> <span dir=\"ltr\" role=\"presentation\">des travaux r\u00e9alis\u00e9s depuis 2013, pour cet \u00e9tablissement d\u2019accueil<\/span> <span dir=\"ltr\" role=\"presentation\">des plus jeunes, dont 332.357 \u20ac en 2023.<\/span><\/span><\/strong><\/p>\n<hr \/>\n<p><span id=\"page3R_mcid8\" class=\"markedContent\"><span dir=\"ltr\" role=\"presentation\">Une centaine de personnes \u00e9taient pr\u00e9sentes dont de nombreuses familles,<\/span> <span dir=\"ltr\" role=\"presentation\">chaleureusement<\/span> <span dir=\"ltr\" role=\"presentation\">accueillies<\/span> <span dir=\"ltr\" role=\"presentation\">par<\/span> <span dir=\"ltr\" role=\"presentation\">les<\/span> <span dir=\"ltr\" role=\"presentation\">personnels<\/span> <span dir=\"ltr\" role=\"presentation\">de<\/span> <span dir=\"ltr\" role=\"presentation\">la<\/span> <span dir=\"ltr\" role=\"presentation\">cr\u00e8che.<\/span> <span dir=\"ltr\" role=\"presentation\">Apr\u00e8s<\/span> <span dir=\"ltr\" role=\"presentation\">les<\/span> <span dir=\"ltr\" role=\"presentation\">discours officiels, les invit\u00e9s ont partag\u00e9 un verre de l\u2019amiti\u00e9 autour de <\/span><span dir=\"ltr\" role=\"presentation\">diff\u00e9rentes animations : mini-th\u00e9\u00e2tre d\u2019ombres, lecture de contes, atelier<\/span> <span dir=\"ltr\" role=\"presentation\">maquillage, accrobranche ou encore stand de barbe \u00e0 papa : de quoi ravir les<\/span> <span dir=\"ltr\" role=\"presentation\">plus jeunes et leurs parents ! <\/span><\/span><span id=\"page3R_mcid10\" class=\"markedContent\"><span dir=\"ltr\" role=\"presentation\">Parmi l\u2019assembl\u00e9e, Christine Hernandez, conseill\u00e8re d\u00e9partementale du<\/span> <span dir=\"ltr\" role=\"presentation\">canton de Genas, Salwa Philibert, sous-pr\u00e9f\u00e8te de la politique de la ville<\/span> <span dir=\"ltr\" role=\"presentation\">ainsi<\/span> <span dir=\"ltr\" role=\"presentation\">que<\/span> <span dir=\"ltr\" role=\"presentation\">la<\/span> <span dir=\"ltr\" role=\"presentation\">famille<\/span> <span dir=\"ltr\" role=\"presentation\">Brun<\/span> <span dir=\"ltr\" role=\"presentation\">ont<\/span> <span dir=\"ltr\" role=\"presentation\">\u00e9galement<\/span> <span dir=\"ltr\" role=\"presentation\">pris<\/span> <span dir=\"ltr\" role=\"presentation\">part<\/span> <span dir=\"ltr\" role=\"presentation\">\u00e0<\/span> <span dir=\"ltr\" role=\"presentation\">cet<\/span> <span dir=\"ltr\" role=\"presentation\">\u00e9v\u00e9nement.<\/span><\/span><\/p>\n<p><span id=\"page3R_mcid10\" class=\"markedContent\"><span dir=\"ltr\" role=\"presentation\">L\u2019inauguration a, en effet, permis de d\u00e9voiler la nouvelle enseigne de la<\/span> <span dir=\"ltr\" role=\"presentation\">cr\u00e8che, d\u00e9sormais baptis\u00e9e \u00ab cr\u00e8che Christiane Brun \u00bb. <strong>La Municipalit\u00e9 a<\/strong><\/span><strong> <span dir=\"ltr\" role=\"presentation\">souhait\u00e9 rendre hommage \u00e0 son \u00e9lue embl\u00e9matique, pour souligner \u00e0 jamais<\/span> <span dir=\"ltr\" role=\"presentation\">son engagement sans faille, notamment sur les questions de la petite enfance.<\/span><\/strong><\/span><span id=\"page3R_mcid12\" class=\"markedContent\"><\/span><\/p>\n<hr \/>\n<p><span id=\"page3R_mcid12\" class=\"markedContent\" style=\"background-color: #000000; color: #ffffff;\"><span dir=\"ltr\" role=\"presentation\">\u00c0 compter du 22 ao\u00fbt, la cr\u00e8che Christiane Brun ouvrira ses portes aux <\/span><span dir=\"ltr\" role=\"presentation\">petits Genassiens.<\/span><\/span><\/p>\n<hr \/>\n<p><strong>Source : communiqu\u00e9 de la Ville de Genas \/ Photo \u00e0 la une : droits r\u00e9serv\u00e9s Ville Genas.<\/strong><\/p>\n","protected":false},"excerpt":{"rendered":"<p>Jeudi, le maire Daniel Val\u00e9ro a convi\u00e9 parents, enfants, personnels des cr\u00e8ches Boutchoux et P\u2019tites Quenottes pour ce lieu d&rsquo;accueil baptis\u00e9 du nom de l&rsquo;\u00e9lue d\u00e9c\u00e9d\u00e9e en ao\u00fbt 2022. <\/p>\n","protected":false},"author":4,"featured_media":182785,"comment_status":"open","ping_status":"open","sticky":false,"template":"","format":"standard","meta":{"footnotes":""},"categories":[270,171,1598],"tags":[4782,4783,2005,2114],"class_list":["post-182769","post","type-post","status-publish","format-standard","has-post-thumbnail","hentry","category-cte-de-communes-c-c-e-l","category-enfance-jeunesse","category-genas","tag-christiane-brun","tag-creche","tag-genas","tag-inauguration"],"yoast_head":"<!-- This site is optimized with the Yoast SEO plugin v27.2 - https:\/\/yoast.com\/product\/yoast-seo-wordpress\/ -->\n<title>GENAS | La cr\u00e8che Christiane Brun inaugur\u00e9e - News Est Lyonnais<\/title>\n<meta name=\"description\" content=\"GENAS | La cr\u00e8che Christiane Brun inaugur\u00e9e\" \/>\n<meta name=\"robots\" content=\"index, follow, max-snippet:-1, max-image-preview:large, max-video-preview:-1\" \/>\n<link rel=\"canonical\" href=\"https:\/\/newsestlyonnais.fr\/site\/2023\/06\/03\/genas-la-creche-christiane-brun-inauguree\/\" \/>\n<meta property=\"og:locale\" content=\"fr_FR\" \/>\n<meta property=\"og:type\" content=\"article\" \/>\n<meta property=\"og:title\" content=\"GENAS | La cr\u00e8che Christiane Brun inaugur\u00e9e - News Est Lyonnais\" \/>\n<meta property=\"og:description\" content=\"GENAS | La cr\u00e8che Christiane Brun inaugur\u00e9e\" \/>\n<meta property=\"og:url\" content=\"https:\/\/newsestlyonnais.fr\/site\/2023\/06\/03\/genas-la-creche-christiane-brun-inauguree\/\" \/>\n<meta property=\"og:site_name\" content=\"News Est Lyonnais\" \/>\n<meta property=\"article:author\" content=\"https:\/\/www.facebook.com\/pascal.oberson.1?fref=ts\" \/>\n<meta property=\"article:published_time\" content=\"2023-06-03T07:41:38+00:00\" \/>\n<meta property=\"article:modified_time\" content=\"2023-06-20T14:20:01+00:00\" \/>\n<meta property=\"og:image\" content=\"https:\/\/newsestlyonnais.fr\/site\/wp-content\/uploads\/2023\/06\/CRECHE.jpg\" \/>\n\t<meta property=\"og:image:width\" content=\"678\" \/>\n\t<meta property=\"og:image:height\" content=\"460\" \/>\n\t<meta property=\"og:image:type\" content=\"image\/jpeg\" \/>\n<meta name=\"author\" content=\"R\u00e9dac. NEWS\" \/>\n<meta name=\"twitter:card\" content=\"summary_large_image\" \/>\n<meta name=\"twitter:label1\" content=\"\u00c9crit par\" \/>\n\t<meta name=\"twitter:data1\" content=\"R\u00e9dac. NEWS\" \/>\n\t<meta name=\"twitter:label2\" content=\"Dur\u00e9e de lecture estim\u00e9e\" \/>\n\t<meta name=\"twitter:data2\" content=\"3 minutes\" \/>\n<script type=\"application\/ld+json\" class=\"yoast-schema-graph\">{\"@context\":\"https:\/\/schema.org\",\"@graph\":[{\"@type\":\"Article\",\"@id\":\"https:\/\/newsestlyonnais.fr\/site\/2023\/06\/03\/genas-la-creche-christiane-brun-inauguree\/#article\",\"isPartOf\":{\"@id\":\"https:\/\/newsestlyonnais.fr\/site\/2023\/06\/03\/genas-la-creche-christiane-brun-inauguree\/\"},\"author\":{\"name\":\"R\u00e9dac. NEWS\",\"@id\":\"https:\/\/newsestlyonnais.fr\/site\/#\/schema\/person\/3230d5615f390bb808365d673001e887\"},\"headline\":\"GENAS | La cr\u00e8che Christiane Brun inaugur\u00e9e\",\"datePublished\":\"2023-06-03T07:41:38+00:00\",\"dateModified\":\"2023-06-20T14:20:01+00:00\",\"mainEntityOfPage\":{\"@id\":\"https:\/\/newsestlyonnais.fr\/site\/2023\/06\/03\/genas-la-creche-christiane-brun-inauguree\/\"},\"wordCount\":582,\"commentCount\":0,\"publisher\":{\"@id\":\"https:\/\/newsestlyonnais.fr\/site\/#organization\"},\"image\":{\"@id\":\"https:\/\/newsestlyonnais.fr\/site\/2023\/06\/03\/genas-la-creche-christiane-brun-inauguree\/#primaryimage\"},\"thumbnailUrl\":\"https:\/\/newsestlyonnais.fr\/site\/wp-content\/uploads\/2023\/06\/CRECHE.jpg\",\"keywords\":[\"Christiane Brun\",\"cr\u00e8che\",\"GENAS\",\"INAUGURATION\"],\"articleSection\":[\"CCEL | Communes\",\"Enfance | Jeunesse\",\"Genas\"],\"inLanguage\":\"fr-FR\",\"potentialAction\":[{\"@type\":\"CommentAction\",\"name\":\"Comment\",\"target\":[\"https:\/\/newsestlyonnais.fr\/site\/2023\/06\/03\/genas-la-creche-christiane-brun-inauguree\/#respond\"]}]},{\"@type\":\"WebPage\",\"@id\":\"https:\/\/newsestlyonnais.fr\/site\/2023\/06\/03\/genas-la-creche-christiane-brun-inauguree\/\",\"url\":\"https:\/\/newsestlyonnais.fr\/site\/2023\/06\/03\/genas-la-creche-christiane-brun-inauguree\/\",\"name\":\"GENAS | La cr\u00e8che Christiane Brun inaugur\u00e9e - News Est Lyonnais\",\"isPartOf\":{\"@id\":\"https:\/\/newsestlyonnais.fr\/site\/#website\"},\"primaryImageOfPage\":{\"@id\":\"https:\/\/newsestlyonnais.fr\/site\/2023\/06\/03\/genas-la-creche-christiane-brun-inauguree\/#primaryimage\"},\"image\":{\"@id\":\"https:\/\/newsestlyonnais.fr\/site\/2023\/06\/03\/genas-la-creche-christiane-brun-inauguree\/#primaryimage\"},\"thumbnailUrl\":\"https:\/\/newsestlyonnais.fr\/site\/wp-content\/uploads\/2023\/06\/CRECHE.jpg\",\"datePublished\":\"2023-06-03T07:41:38+00:00\",\"dateModified\":\"2023-06-20T14:20:01+00:00\",\"description\":\"GENAS | La cr\u00e8che Christiane Brun inaugur\u00e9e\",\"breadcrumb\":{\"@id\":\"https:\/\/newsestlyonnais.fr\/site\/2023\/06\/03\/genas-la-creche-christiane-brun-inauguree\/#breadcrumb\"},\"inLanguage\":\"fr-FR\",\"potentialAction\":[{\"@type\":\"ReadAction\",\"target\":[\"https:\/\/newsestlyonnais.fr\/site\/2023\/06\/03\/genas-la-creche-christiane-brun-inauguree\/\"]}]},{\"@type\":\"ImageObject\",\"inLanguage\":\"fr-FR\",\"@id\":\"https:\/\/newsestlyonnais.fr\/site\/2023\/06\/03\/genas-la-creche-christiane-brun-inauguree\/#primaryimage\",\"url\":\"https:\/\/newsestlyonnais.fr\/site\/wp-content\/uploads\/2023\/06\/CRECHE.jpg\",\"contentUrl\":\"https:\/\/newsestlyonnais.fr\/site\/wp-content\/uploads\/2023\/06\/CRECHE.jpg\",\"width\":678,\"height\":460},{\"@type\":\"BreadcrumbList\",\"@id\":\"https:\/\/newsestlyonnais.fr\/site\/2023\/06\/03\/genas-la-creche-christiane-brun-inauguree\/#breadcrumb\",\"itemListElement\":[{\"@type\":\"ListItem\",\"position\":1,\"name\":\"Accueil\",\"item\":\"https:\/\/newsestlyonnais.fr\/site\/\"},{\"@type\":\"ListItem\",\"position\":2,\"name\":\"GENAS | La cr\u00e8che Christiane Brun inaugur\u00e9e\"}]},{\"@type\":\"WebSite\",\"@id\":\"https:\/\/newsestlyonnais.fr\/site\/#website\",\"url\":\"https:\/\/newsestlyonnais.fr\/site\/\",\"name\":\"News Est Lyonnais\",\"description\":\"L&#039;actualit\u00e9 au plus pr\u00e8s\",\"publisher\":{\"@id\":\"https:\/\/newsestlyonnais.fr\/site\/#organization\"},\"potentialAction\":[{\"@type\":\"SearchAction\",\"target\":{\"@type\":\"EntryPoint\",\"urlTemplate\":\"https:\/\/newsestlyonnais.fr\/site\/?s={search_term_string}\"},\"query-input\":{\"@type\":\"PropertyValueSpecification\",\"valueRequired\":true,\"valueName\":\"search_term_string\"}}],\"inLanguage\":\"fr-FR\"},{\"@type\":\"Organization\",\"@id\":\"https:\/\/newsestlyonnais.fr\/site\/#organization\",\"name\":\"News EST LYONNAIS\",\"url\":\"https:\/\/newsestlyonnais.fr\/site\/\",\"logo\":{\"@type\":\"ImageObject\",\"inLanguage\":\"fr-FR\",\"@id\":\"https:\/\/newsestlyonnais.fr\/site\/#\/schema\/logo\/image\/\",\"url\":\"\",\"contentUrl\":\"\",\"caption\":\"News EST LYONNAIS\"},\"image\":{\"@id\":\"https:\/\/newsestlyonnais.fr\/site\/#\/schema\/logo\/image\/\"}},{\"@type\":\"Person\",\"@id\":\"https:\/\/newsestlyonnais.fr\/site\/#\/schema\/person\/3230d5615f390bb808365d673001e887\",\"name\":\"R\u00e9dac. NEWS\",\"sameAs\":[\"http:\/\/www.newsestlyonnais.fr\",\"https:\/\/www.facebook.com\/pascal.oberson.1?fref=ts\",\"https:\/\/fr.linkedin.com\/in\/pascal-oberson-b17045113\"],\"url\":\"https:\/\/newsestlyonnais.fr\/site\/author\/nel\/\"}]}<\/script>\n<!-- \/ Yoast SEO plugin. -->","yoast_head_json":{"title":"GENAS | La cr\u00e8che Christiane Brun inaugur\u00e9e - News Est Lyonnais","description":"GENAS | La cr\u00e8che Christiane Brun inaugur\u00e9e","robots":{"index":"index","follow":"follow","max-snippet":"max-snippet:-1","max-image-preview":"max-image-preview:large","max-video-preview":"max-video-preview:-1"},"canonical":"https:\/\/newsestlyonnais.fr\/site\/2023\/06\/03\/genas-la-creche-christiane-brun-inauguree\/","og_locale":"fr_FR","og_type":"article","og_title":"GENAS | La cr\u00e8che Christiane Brun inaugur\u00e9e - News Est Lyonnais","og_description":"GENAS | La cr\u00e8che Christiane Brun inaugur\u00e9e","og_url":"https:\/\/newsestlyonnais.fr\/site\/2023\/06\/03\/genas-la-creche-christiane-brun-inauguree\/","og_site_name":"News Est Lyonnais","article_author":"https:\/\/www.facebook.com\/pascal.oberson.1?fref=ts","article_published_time":"2023-06-03T07:41:38+00:00","article_modified_time":"2023-06-20T14:20:01+00:00","og_image":[{"width":678,"height":460,"url":"https:\/\/newsestlyonnais.fr\/site\/wp-content\/uploads\/2023\/06\/CRECHE.jpg","type":"image\/jpeg"}],"author":"R\u00e9dac. NEWS","twitter_card":"summary_large_image","twitter_misc":{"\u00c9crit par":"R\u00e9dac. NEWS","Dur\u00e9e de lecture estim\u00e9e":"3 minutes"},"schema":{"@context":"https:\/\/schema.org","@graph":[{"@type":"Article","@id":"https:\/\/newsestlyonnais.fr\/site\/2023\/06\/03\/genas-la-creche-christiane-brun-inauguree\/#article","isPartOf":{"@id":"https:\/\/newsestlyonnais.fr\/site\/2023\/06\/03\/genas-la-creche-christiane-brun-inauguree\/"},"author":{"name":"R\u00e9dac. NEWS","@id":"https:\/\/newsestlyonnais.fr\/site\/#\/schema\/person\/3230d5615f390bb808365d673001e887"},"headline":"GENAS | La cr\u00e8che Christiane Brun inaugur\u00e9e","datePublished":"2023-06-03T07:41:38+00:00","dateModified":"2023-06-20T14:20:01+00:00","mainEntityOfPage":{"@id":"https:\/\/newsestlyonnais.fr\/site\/2023\/06\/03\/genas-la-creche-christiane-brun-inauguree\/"},"wordCount":582,"commentCount":0,"publisher":{"@id":"https:\/\/newsestlyonnais.fr\/site\/#organization"},"image":{"@id":"https:\/\/newsestlyonnais.fr\/site\/2023\/06\/03\/genas-la-creche-christiane-brun-inauguree\/#primaryimage"},"thumbnailUrl":"https:\/\/newsestlyonnais.fr\/site\/wp-content\/uploads\/2023\/06\/CRECHE.jpg","keywords":["Christiane Brun","cr\u00e8che","GENAS","INAUGURATION"],"articleSection":["CCEL | Communes","Enfance | Jeunesse","Genas"],"inLanguage":"fr-FR","potentialAction":[{"@type":"CommentAction","name":"Comment","target":["https:\/\/newsestlyonnais.fr\/site\/2023\/06\/03\/genas-la-creche-christiane-brun-inauguree\/#respond"]}]},{"@type":"WebPage","@id":"https:\/\/newsestlyonnais.fr\/site\/2023\/06\/03\/genas-la-creche-christiane-brun-inauguree\/","url":"https:\/\/newsestlyonnais.fr\/site\/2023\/06\/03\/genas-la-creche-christiane-brun-inauguree\/","name":"GENAS | La cr\u00e8che Christiane Brun inaugur\u00e9e - News Est Lyonnais","isPartOf":{"@id":"https:\/\/newsestlyonnais.fr\/site\/#website"},"primaryImageOfPage":{"@id":"https:\/\/newsestlyonnais.fr\/site\/2023\/06\/03\/genas-la-creche-christiane-brun-inauguree\/#primaryimage"},"image":{"@id":"https:\/\/newsestlyonnais.fr\/site\/2023\/06\/03\/genas-la-creche-christiane-brun-inauguree\/#primaryimage"},"thumbnailUrl":"https:\/\/newsestlyonnais.fr\/site\/wp-content\/uploads\/2023\/06\/CRECHE.jpg","datePublished":"2023-06-03T07:41:38+00:00","dateModified":"2023-06-20T14:20:01+00:00","description":"GENAS | La cr\u00e8che Christiane Brun inaugur\u00e9e","breadcrumb":{"@id":"https:\/\/newsestlyonnais.fr\/site\/2023\/06\/03\/genas-la-creche-christiane-brun-inauguree\/#breadcrumb"},"inLanguage":"fr-FR","potentialAction":[{"@type":"ReadAction","target":["https:\/\/newsestlyonnais.fr\/site\/2023\/06\/03\/genas-la-creche-christiane-brun-inauguree\/"]}]},{"@type":"ImageObject","inLanguage":"fr-FR","@id":"https:\/\/newsestlyonnais.fr\/site\/2023\/06\/03\/genas-la-creche-christiane-brun-inauguree\/#primaryimage","url":"https:\/\/newsestlyonnais.fr\/site\/wp-content\/uploads\/2023\/06\/CRECHE.jpg","contentUrl":"https:\/\/newsestlyonnais.fr\/site\/wp-content\/uploads\/2023\/06\/CRECHE.jpg","width":678,"height":460},{"@type":"BreadcrumbList","@id":"https:\/\/newsestlyonnais.fr\/site\/2023\/06\/03\/genas-la-creche-christiane-brun-inauguree\/#breadcrumb","itemListElement":[{"@type":"ListItem","position":1,"name":"Accueil","item":"https:\/\/newsestlyonnais.fr\/site\/"},{"@type":"ListItem","position":2,"name":"GENAS | La cr\u00e8che Christiane Brun inaugur\u00e9e"}]},{"@type":"WebSite","@id":"https:\/\/newsestlyonnais.fr\/site\/#website","url":"https:\/\/newsestlyonnais.fr\/site\/","name":"News Est Lyonnais","description":"L&#039;actualit\u00e9 au plus pr\u00e8s","publisher":{"@id":"https:\/\/newsestlyonnais.fr\/site\/#organization"},"potentialAction":[{"@type":"SearchAction","target":{"@type":"EntryPoint","urlTemplate":"https:\/\/newsestlyonnais.fr\/site\/?s={search_term_string}"},"query-input":{"@type":"PropertyValueSpecification","valueRequired":true,"valueName":"search_term_string"}}],"inLanguage":"fr-FR"},{"@type":"Organization","@id":"https:\/\/newsestlyonnais.fr\/site\/#organization","name":"News EST LYONNAIS","url":"https:\/\/newsestlyonnais.fr\/site\/","logo":{"@type":"ImageObject","inLanguage":"fr-FR","@id":"https:\/\/newsestlyonnais.fr\/site\/#\/schema\/logo\/image\/","url":"","contentUrl":"","caption":"News EST LYONNAIS"},"image":{"@id":"https:\/\/newsestlyonnais.fr\/site\/#\/schema\/logo\/image\/"}},{"@type":"Person","@id":"https:\/\/newsestlyonnais.fr\/site\/#\/schema\/person\/3230d5615f390bb808365d673001e887","name":"R\u00e9dac. NEWS","sameAs":["http:\/\/www.newsestlyonnais.fr","https:\/\/www.facebook.com\/pascal.oberson.1?fref=ts","https:\/\/fr.linkedin.com\/in\/pascal-oberson-b17045113"],"url":"https:\/\/newsestlyonnais.fr\/site\/author\/nel\/"}]}},"_links":{"self":[{"href":"https:\/\/newsestlyonnais.fr\/site\/wp-json\/wp\/v2\/posts\/182769","targetHints":{"allow":["GET"]}}],"collection":[{"href":"https:\/\/newsestlyonnais.fr\/site\/wp-json\/wp\/v2\/posts"}],"about":[{"href":"https:\/\/newsestlyonnais.fr\/site\/wp-json\/wp\/v2\/types\/post"}],"author":[{"embeddable":true,"href":"https:\/\/newsestlyonnais.fr\/site\/wp-json\/wp\/v2\/users\/4"}],"replies":[{"embeddable":true,"href":"https:\/\/newsestlyonnais.fr\/site\/wp-json\/wp\/v2\/comments?post=182769"}],"version-history":[{"count":0,"href":"https:\/\/newsestlyonnais.fr\/site\/wp-json\/wp\/v2\/posts\/182769\/revisions"}],"wp:featuredmedia":[{"embeddable":true,"href":"https:\/\/newsestlyonnais.fr\/site\/wp-json\/wp\/v2\/media\/182785"}],"wp:attachment":[{"href":"https:\/\/newsestlyonnais.fr\/site\/wp-json\/wp\/v2\/media?parent=182769"}],"wp:term":[{"taxonomy":"category","embeddable":true,"href":"https:\/\/newsestlyonnais.fr\/site\/wp-json\/wp\/v2\/categories?post=182769"},{"taxonomy":"post_tag","embeddable":true,"href":"https:\/\/newsestlyonnais.fr\/site\/wp-json\/wp\/v2\/tags?post=182769"}],"curies":[{"name":"wp","href":"https:\/\/api.w.org\/{rel}","templated":true}]}}