{"id":18280,"date":"2017-01-05T06:23:22","date_gmt":"2017-01-05T05:23:22","guid":{"rendered":"http:\/\/newsestlyonnais.fr\/site\/?p=18280"},"modified":"2020-11-03T13:50:26","modified_gmt":"2020-11-03T12:50:26","slug":"bron-cest-reprise-bron-handball","status":"publish","type":"post","link":"https:\/\/newsestlyonnais.fr\/site\/2017\/01\/05\/bron-cest-reprise-bron-handball\/","title":{"rendered":"BRON | C&rsquo;est la reprise au Bron Handball"},"content":{"rendered":"<h4>Les membres du Bron Handball retrouveront d\u00e8s ce week-end le plancher de la Halle Marcel Sultana pour la reprise officielle des divers championnats. Voici le planning des rencontres \u00e0 domicile.<\/h4>\n<ul>\n<li><b><span style=\"text-decoration: underline\">Samedi 7 Janvier : <\/span><\/b>\u00e0 14 h : Les <strong>&#8211; de 11 Gar\u00e7ons<\/strong> jouent contre Saint Priest, \u00e0\u00a0 15 h 30 : Les <strong>&#8211; de 15 Gar\u00e7ons \u00ab\u00a0R\u00e9gion\u00a0\u00bb<\/strong> affrontent Genas,\u00a0 \u00e0 17 h 15 : Les <strong>&#8211; de 15 Gar\u00e7ons \u00ab\u00a0D\u00e9partemental\u00a0\u00bb<\/strong> rencontrent Cr\u00e9mieu &amp; \u00e0\u00a0 19 h : <strong>Les &#8211; de 17 Filles de L&rsquo;entente St Priest \/ Vaulx-en-Velin \/ Mions \/ Bron<\/strong> accueillent Saint Laurent de Chamousset<\/li>\n<li><b><span style=\"text-decoration: underline\">Dimanche 8 Janvier<\/span> : <\/b>\u00e0<b> <\/b>11 h : Les <strong>&#8211; de 13 Filles<\/strong> jouent contre \u00c9chalas, \u00e0 14 h : Les seniors Gar\u00e7ons de l&rsquo;Honneur D\u00e9partementale (<strong>SG2<\/strong>) affrontent Genas &amp; \u00e0 16 h : Les seniors Gar\u00e7ons de l&rsquo;Excellence D\u00e9partementale (<strong>SG1<\/strong>) accueillent Beaujolais Val de Sa\u00f4ne<\/li>\n<\/ul>\n<h4>Retrouvez l&rsquo;ACTU du club sur: <a href=\"http:\/\/www.bronhandball.com\" target=\"_blank\" rel=\"noopener noreferrer\">http:\/\/www.bronhandball.com<\/a><\/h4>\n","protected":false},"excerpt":{"rendered":"<p>Les membres du Bron Handball retrouveront d\u00e8s ce week-end le plancher de la Halle Marcel Sultana pour la reprise officielle des divers championnats. Voici le planning des rencontres \u00e0 domicile. Samedi 7 Janvier : \u00e0 14 h : Les &#8211; de 11 Gar\u00e7ons jouent contre Saint Priest, \u00e0\u00a0 15 h 30 : Les &#8211; de [&hellip;]<\/p>\n","protected":false},"author":4,"featured_media":0,"comment_status":"open","ping_status":"open","sticky":false,"template":"","format":"standard","meta":{"footnotes":""},"categories":[2975,19,1358],"tags":[],"class_list":["post-18280","post","type-post","status-publish","format-standard","hentry","category-basket-hand-volley-sports","category-bron","category-hand"],"yoast_head":"<!-- This site is optimized with the Yoast SEO plugin v27.2 - https:\/\/yoast.com\/product\/yoast-seo-wordpress\/ -->\n<title>BRON | C&#039;est la reprise au Bron Handball - News Est Lyonnais<\/title>\n<meta name=\"robots\" content=\"index, follow, max-snippet:-1, max-image-preview:large, max-video-preview:-1\" \/>\n<link rel=\"canonical\" href=\"https:\/\/newsestlyonnais.fr\/site\/2017\/01\/05\/bron-cest-reprise-bron-handball\/\" \/>\n<meta property=\"og:locale\" content=\"fr_FR\" \/>\n<meta property=\"og:type\" content=\"article\" \/>\n<meta property=\"og:title\" content=\"BRON | C&#039;est la reprise au Bron Handball - News Est Lyonnais\" \/>\n<meta property=\"og:description\" content=\"Les membres du Bron Handball retrouveront d\u00e8s ce week-end le plancher de la Halle Marcel Sultana pour la reprise officielle des divers championnats. Voici le planning des rencontres \u00e0 domicile. Samedi 7 Janvier : \u00e0 14 h : Les &#8211; de 11 Gar\u00e7ons jouent contre Saint Priest, \u00e0\u00a0 15 h 30 : Les &#8211; de [&hellip;]\" \/>\n<meta property=\"og:url\" content=\"https:\/\/newsestlyonnais.fr\/site\/2017\/01\/05\/bron-cest-reprise-bron-handball\/\" \/>\n<meta property=\"og:site_name\" content=\"News Est Lyonnais\" \/>\n<meta property=\"article:author\" content=\"https:\/\/www.facebook.com\/pascal.oberson.1?fref=ts\" \/>\n<meta property=\"article:published_time\" content=\"2017-01-05T05:23:22+00:00\" \/>\n<meta property=\"article:modified_time\" content=\"2020-11-03T12:50:26+00:00\" \/>\n<meta name=\"author\" content=\"R\u00e9dac. NEWS\" \/>\n<meta name=\"twitter:card\" content=\"summary_large_image\" \/>\n<meta name=\"twitter:label1\" content=\"\u00c9crit par\" \/>\n\t<meta name=\"twitter:data1\" content=\"R\u00e9dac. NEWS\" \/>\n\t<meta name=\"twitter:label2\" content=\"Dur\u00e9e de lecture estim\u00e9e\" \/>\n\t<meta name=\"twitter:data2\" content=\"1 minute\" \/>\n<script type=\"application\/ld+json\" class=\"yoast-schema-graph\">{\"@context\":\"https:\/\/schema.org\",\"@graph\":[{\"@type\":\"Article\",\"@id\":\"https:\/\/newsestlyonnais.fr\/site\/2017\/01\/05\/bron-cest-reprise-bron-handball\/#article\",\"isPartOf\":{\"@id\":\"https:\/\/newsestlyonnais.fr\/site\/2017\/01\/05\/bron-cest-reprise-bron-handball\/\"},\"author\":{\"name\":\"R\u00e9dac. NEWS\",\"@id\":\"https:\/\/newsestlyonnais.fr\/site\/#\/schema\/person\/3230d5615f390bb808365d673001e887\"},\"headline\":\"BRON | C&rsquo;est la reprise au Bron Handball\",\"datePublished\":\"2017-01-05T05:23:22+00:00\",\"dateModified\":\"2020-11-03T12:50:26+00:00\",\"mainEntityOfPage\":{\"@id\":\"https:\/\/newsestlyonnais.fr\/site\/2017\/01\/05\/bron-cest-reprise-bron-handball\/\"},\"wordCount\":141,\"commentCount\":0,\"publisher\":{\"@id\":\"https:\/\/newsestlyonnais.fr\/site\/#organization\"},\"articleSection\":[\"Basket | Hand | Volley\",\"Bron\",\"Hand\"],\"inLanguage\":\"fr-FR\",\"potentialAction\":[{\"@type\":\"CommentAction\",\"name\":\"Comment\",\"target\":[\"https:\/\/newsestlyonnais.fr\/site\/2017\/01\/05\/bron-cest-reprise-bron-handball\/#respond\"]}]},{\"@type\":\"WebPage\",\"@id\":\"https:\/\/newsestlyonnais.fr\/site\/2017\/01\/05\/bron-cest-reprise-bron-handball\/\",\"url\":\"https:\/\/newsestlyonnais.fr\/site\/2017\/01\/05\/bron-cest-reprise-bron-handball\/\",\"name\":\"BRON | C'est la reprise au Bron Handball - News Est Lyonnais\",\"isPartOf\":{\"@id\":\"https:\/\/newsestlyonnais.fr\/site\/#website\"},\"datePublished\":\"2017-01-05T05:23:22+00:00\",\"dateModified\":\"2020-11-03T12:50:26+00:00\",\"breadcrumb\":{\"@id\":\"https:\/\/newsestlyonnais.fr\/site\/2017\/01\/05\/bron-cest-reprise-bron-handball\/#breadcrumb\"},\"inLanguage\":\"fr-FR\",\"potentialAction\":[{\"@type\":\"ReadAction\",\"target\":[\"https:\/\/newsestlyonnais.fr\/site\/2017\/01\/05\/bron-cest-reprise-bron-handball\/\"]}]},{\"@type\":\"BreadcrumbList\",\"@id\":\"https:\/\/newsestlyonnais.fr\/site\/2017\/01\/05\/bron-cest-reprise-bron-handball\/#breadcrumb\",\"itemListElement\":[{\"@type\":\"ListItem\",\"position\":1,\"name\":\"Accueil\",\"item\":\"https:\/\/newsestlyonnais.fr\/site\/\"},{\"@type\":\"ListItem\",\"position\":2,\"name\":\"BRON | C&rsquo;est la reprise au Bron Handball\"}]},{\"@type\":\"WebSite\",\"@id\":\"https:\/\/newsestlyonnais.fr\/site\/#website\",\"url\":\"https:\/\/newsestlyonnais.fr\/site\/\",\"name\":\"News Est Lyonnais\",\"description\":\"L&#039;actualit\u00e9 au plus pr\u00e8s\",\"publisher\":{\"@id\":\"https:\/\/newsestlyonnais.fr\/site\/#organization\"},\"potentialAction\":[{\"@type\":\"SearchAction\",\"target\":{\"@type\":\"EntryPoint\",\"urlTemplate\":\"https:\/\/newsestlyonnais.fr\/site\/?s={search_term_string}\"},\"query-input\":{\"@type\":\"PropertyValueSpecification\",\"valueRequired\":true,\"valueName\":\"search_term_string\"}}],\"inLanguage\":\"fr-FR\"},{\"@type\":\"Organization\",\"@id\":\"https:\/\/newsestlyonnais.fr\/site\/#organization\",\"name\":\"News EST LYONNAIS\",\"url\":\"https:\/\/newsestlyonnais.fr\/site\/\",\"logo\":{\"@type\":\"ImageObject\",\"inLanguage\":\"fr-FR\",\"@id\":\"https:\/\/newsestlyonnais.fr\/site\/#\/schema\/logo\/image\/\",\"url\":\"\",\"contentUrl\":\"\",\"caption\":\"News EST LYONNAIS\"},\"image\":{\"@id\":\"https:\/\/newsestlyonnais.fr\/site\/#\/schema\/logo\/image\/\"}},{\"@type\":\"Person\",\"@id\":\"https:\/\/newsestlyonnais.fr\/site\/#\/schema\/person\/3230d5615f390bb808365d673001e887\",\"name\":\"R\u00e9dac. NEWS\",\"sameAs\":[\"http:\/\/www.newsestlyonnais.fr\",\"https:\/\/www.facebook.com\/pascal.oberson.1?fref=ts\",\"https:\/\/fr.linkedin.com\/in\/pascal-oberson-b17045113\"],\"url\":\"https:\/\/newsestlyonnais.fr\/site\/author\/nel\/\"}]}<\/script>\n<!-- \/ Yoast SEO plugin. -->","yoast_head_json":{"title":"BRON | C'est la reprise au Bron Handball - News Est Lyonnais","robots":{"index":"index","follow":"follow","max-snippet":"max-snippet:-1","max-image-preview":"max-image-preview:large","max-video-preview":"max-video-preview:-1"},"canonical":"https:\/\/newsestlyonnais.fr\/site\/2017\/01\/05\/bron-cest-reprise-bron-handball\/","og_locale":"fr_FR","og_type":"article","og_title":"BRON | C'est la reprise au Bron Handball - News Est Lyonnais","og_description":"Les membres du Bron Handball retrouveront d\u00e8s ce week-end le plancher de la Halle Marcel Sultana pour la reprise officielle des divers championnats. Voici le planning des rencontres \u00e0 domicile. Samedi 7 Janvier : \u00e0 14 h : Les &#8211; de 11 Gar\u00e7ons jouent contre Saint Priest, \u00e0\u00a0 15 h 30 : Les &#8211; de [&hellip;]","og_url":"https:\/\/newsestlyonnais.fr\/site\/2017\/01\/05\/bron-cest-reprise-bron-handball\/","og_site_name":"News Est Lyonnais","article_author":"https:\/\/www.facebook.com\/pascal.oberson.1?fref=ts","article_published_time":"2017-01-05T05:23:22+00:00","article_modified_time":"2020-11-03T12:50:26+00:00","author":"R\u00e9dac. NEWS","twitter_card":"summary_large_image","twitter_misc":{"\u00c9crit par":"R\u00e9dac. NEWS","Dur\u00e9e de lecture estim\u00e9e":"1 minute"},"schema":{"@context":"https:\/\/schema.org","@graph":[{"@type":"Article","@id":"https:\/\/newsestlyonnais.fr\/site\/2017\/01\/05\/bron-cest-reprise-bron-handball\/#article","isPartOf":{"@id":"https:\/\/newsestlyonnais.fr\/site\/2017\/01\/05\/bron-cest-reprise-bron-handball\/"},"author":{"name":"R\u00e9dac. NEWS","@id":"https:\/\/newsestlyonnais.fr\/site\/#\/schema\/person\/3230d5615f390bb808365d673001e887"},"headline":"BRON | C&rsquo;est la reprise au Bron Handball","datePublished":"2017-01-05T05:23:22+00:00","dateModified":"2020-11-03T12:50:26+00:00","mainEntityOfPage":{"@id":"https:\/\/newsestlyonnais.fr\/site\/2017\/01\/05\/bron-cest-reprise-bron-handball\/"},"wordCount":141,"commentCount":0,"publisher":{"@id":"https:\/\/newsestlyonnais.fr\/site\/#organization"},"articleSection":["Basket | Hand | Volley","Bron","Hand"],"inLanguage":"fr-FR","potentialAction":[{"@type":"CommentAction","name":"Comment","target":["https:\/\/newsestlyonnais.fr\/site\/2017\/01\/05\/bron-cest-reprise-bron-handball\/#respond"]}]},{"@type":"WebPage","@id":"https:\/\/newsestlyonnais.fr\/site\/2017\/01\/05\/bron-cest-reprise-bron-handball\/","url":"https:\/\/newsestlyonnais.fr\/site\/2017\/01\/05\/bron-cest-reprise-bron-handball\/","name":"BRON | C'est la reprise au Bron Handball - News Est Lyonnais","isPartOf":{"@id":"https:\/\/newsestlyonnais.fr\/site\/#website"},"datePublished":"2017-01-05T05:23:22+00:00","dateModified":"2020-11-03T12:50:26+00:00","breadcrumb":{"@id":"https:\/\/newsestlyonnais.fr\/site\/2017\/01\/05\/bron-cest-reprise-bron-handball\/#breadcrumb"},"inLanguage":"fr-FR","potentialAction":[{"@type":"ReadAction","target":["https:\/\/newsestlyonnais.fr\/site\/2017\/01\/05\/bron-cest-reprise-bron-handball\/"]}]},{"@type":"BreadcrumbList","@id":"https:\/\/newsestlyonnais.fr\/site\/2017\/01\/05\/bron-cest-reprise-bron-handball\/#breadcrumb","itemListElement":[{"@type":"ListItem","position":1,"name":"Accueil","item":"https:\/\/newsestlyonnais.fr\/site\/"},{"@type":"ListItem","position":2,"name":"BRON | C&rsquo;est la reprise au Bron Handball"}]},{"@type":"WebSite","@id":"https:\/\/newsestlyonnais.fr\/site\/#website","url":"https:\/\/newsestlyonnais.fr\/site\/","name":"News Est Lyonnais","description":"L&#039;actualit\u00e9 au plus pr\u00e8s","publisher":{"@id":"https:\/\/newsestlyonnais.fr\/site\/#organization"},"potentialAction":[{"@type":"SearchAction","target":{"@type":"EntryPoint","urlTemplate":"https:\/\/newsestlyonnais.fr\/site\/?s={search_term_string}"},"query-input":{"@type":"PropertyValueSpecification","valueRequired":true,"valueName":"search_term_string"}}],"inLanguage":"fr-FR"},{"@type":"Organization","@id":"https:\/\/newsestlyonnais.fr\/site\/#organization","name":"News EST LYONNAIS","url":"https:\/\/newsestlyonnais.fr\/site\/","logo":{"@type":"ImageObject","inLanguage":"fr-FR","@id":"https:\/\/newsestlyonnais.fr\/site\/#\/schema\/logo\/image\/","url":"","contentUrl":"","caption":"News EST LYONNAIS"},"image":{"@id":"https:\/\/newsestlyonnais.fr\/site\/#\/schema\/logo\/image\/"}},{"@type":"Person","@id":"https:\/\/newsestlyonnais.fr\/site\/#\/schema\/person\/3230d5615f390bb808365d673001e887","name":"R\u00e9dac. NEWS","sameAs":["http:\/\/www.newsestlyonnais.fr","https:\/\/www.facebook.com\/pascal.oberson.1?fref=ts","https:\/\/fr.linkedin.com\/in\/pascal-oberson-b17045113"],"url":"https:\/\/newsestlyonnais.fr\/site\/author\/nel\/"}]}},"_links":{"self":[{"href":"https:\/\/newsestlyonnais.fr\/site\/wp-json\/wp\/v2\/posts\/18280","targetHints":{"allow":["GET"]}}],"collection":[{"href":"https:\/\/newsestlyonnais.fr\/site\/wp-json\/wp\/v2\/posts"}],"about":[{"href":"https:\/\/newsestlyonnais.fr\/site\/wp-json\/wp\/v2\/types\/post"}],"author":[{"embeddable":true,"href":"https:\/\/newsestlyonnais.fr\/site\/wp-json\/wp\/v2\/users\/4"}],"replies":[{"embeddable":true,"href":"https:\/\/newsestlyonnais.fr\/site\/wp-json\/wp\/v2\/comments?post=18280"}],"version-history":[{"count":0,"href":"https:\/\/newsestlyonnais.fr\/site\/wp-json\/wp\/v2\/posts\/18280\/revisions"}],"wp:attachment":[{"href":"https:\/\/newsestlyonnais.fr\/site\/wp-json\/wp\/v2\/media?parent=18280"}],"wp:term":[{"taxonomy":"category","embeddable":true,"href":"https:\/\/newsestlyonnais.fr\/site\/wp-json\/wp\/v2\/categories?post=18280"},{"taxonomy":"post_tag","embeddable":true,"href":"https:\/\/newsestlyonnais.fr\/site\/wp-json\/wp\/v2\/tags?post=18280"}],"curies":[{"name":"wp","href":"https:\/\/api.w.org\/{rel}","templated":true}]}}