{"id":182901,"date":"2023-06-05T17:11:08","date_gmt":"2023-06-05T16:11:08","guid":{"rendered":"https:\/\/newsestlyonnais.fr\/site\/?p=182901"},"modified":"2023-06-08T05:22:11","modified_gmt":"2023-06-08T04:22:11","slug":"bourgoin-jallieu-le-csbj-handi-rugby-fauteuil-3-au-championnat-de-france-n2","status":"publish","type":"post","link":"https:\/\/newsestlyonnais.fr\/site\/2023\/06\/05\/bourgoin-jallieu-le-csbj-handi-rugby-fauteuil-3-au-championnat-de-france-n2\/","title":{"rendered":"BOURGOIN-JALLIEU | Le CSBJ Handi rugby fauteuil 3\u00b0 au championnat de France N2"},"content":{"rendered":"<p>4 \u00e9quipes \u00e9taient pr\u00e9sentes pour tenter de d\u00e9crocher ce titre national : le club local <strong><span class=\"xt0psk2\">Les Mambas <\/span>de Carquefou<\/strong>, <strong><span class=\"xt0psk2\">Montpellier Handi Rugby<\/span><\/strong>, le <strong><span class=\"xt0psk2\">Club Sportif de Bourgoin-Jallieu Handisport<\/span><\/strong> et <strong><span class=\"xt0psk2\">Niort Rugby Club Fauteuil<\/span><\/strong>.<\/p>\n<p>Au premier tour, d\u00e9faite (37\/46) face \u00e0 Montpellier, tenant du titre et qui le conservera \u00e0 l&rsquo;issue de la comp\u00e9tition pendant que Niort s&rsquo;inclinait (26\/53) face \u00e0 Carquefou.<\/p>\n<p>Pour la 3\u00b0 place, le CSBJ s&rsquo;est impos\u00e9 50\/39 face \u00e0 Niort. \u00a0\u00bb u<span class=\"x4k7w5x x1h91t0o x1h9r5lt x1jfb8zj xv2umb2 x1beo9mf xaigb6o x12ejxvf x3igimt xarpa2k xedcshv x1lytzrv x1t2pt76 x7ja8zs x1qrby5j\">ne chaleur \u00e9touffante, une tr\u00e8s bonne ambiance , un tr\u00e8s bon accueil de Carquefou qui organisait les CDF, un tr\u00e8s bon public aussi \u00a0\u00bb confiait un des joueurs berjallliens \u00e0 l&rsquo;issue de la comp\u00e9tition. <\/span><\/p>\n<hr \/>\n<div id='gallery-1' class='gallery galleryid-182901 gallery-columns-3 gallery-size-large'><figure class='gallery-item'>\n\t\t\t<div class='gallery-icon portrait'>\n\t\t\t\t<a href='https:\/\/newsestlyonnais.fr\/site\/2023\/06\/05\/bourgoin-jallieu-le-csbj-handi-rugby-fauteuil-3-au-championnat-de-france-n2\/350880973_784524779826142_380137423247419726_n\/'><img loading=\"lazy\" decoding=\"async\" width=\"338\" height=\"750\" src=\"https:\/\/newsestlyonnais.fr\/site\/wp-content\/uploads\/2023\/06\/350880973_784524779826142_380137423247419726_n.jpg\" class=\"attachment-large size-large\" alt=\"\" srcset=\"https:\/\/newsestlyonnais.fr\/site\/wp-content\/uploads\/2023\/06\/350880973_784524779826142_380137423247419726_n.jpg 540w, https:\/\/newsestlyonnais.fr\/site\/wp-content\/uploads\/2023\/06\/350880973_784524779826142_380137423247419726_n-400x889.jpg 400w, https:\/\/newsestlyonnais.fr\/site\/wp-content\/uploads\/2023\/06\/350880973_784524779826142_380137423247419726_n-250x556.jpg 250w, https:\/\/newsestlyonnais.fr\/site\/wp-content\/uploads\/2023\/06\/350880973_784524779826142_380137423247419726_n-150x333.jpg 150w, https:\/\/newsestlyonnais.fr\/site\/wp-content\/uploads\/2023\/06\/350880973_784524779826142_380137423247419726_n-50x111.jpg 50w, https:\/\/newsestlyonnais.fr\/site\/wp-content\/uploads\/2023\/06\/350880973_784524779826142_380137423247419726_n-100x222.jpg 100w, https:\/\/newsestlyonnais.fr\/site\/wp-content\/uploads\/2023\/06\/350880973_784524779826142_380137423247419726_n-200x444.jpg 200w, https:\/\/newsestlyonnais.fr\/site\/wp-content\/uploads\/2023\/06\/350880973_784524779826142_380137423247419726_n-300x667.jpg 300w, https:\/\/newsestlyonnais.fr\/site\/wp-content\/uploads\/2023\/06\/350880973_784524779826142_380137423247419726_n-350x778.jpg 350w, https:\/\/newsestlyonnais.fr\/site\/wp-content\/uploads\/2023\/06\/350880973_784524779826142_380137423247419726_n-450x1000.jpg 450w, https:\/\/newsestlyonnais.fr\/site\/wp-content\/uploads\/2023\/06\/350880973_784524779826142_380137423247419726_n-500x1111.jpg 500w\" sizes=\"auto, (max-width: 338px) 100vw, 338px\" \/><\/a>\n\t\t\t<\/div><\/figure><figure class='gallery-item'>\n\t\t\t<div class='gallery-icon landscape'>\n\t\t\t\t<a href='https:\/\/newsestlyonnais.fr\/site\/2023\/06\/05\/bourgoin-jallieu-le-csbj-handi-rugby-fauteuil-3-au-championnat-de-france-n2\/351729693_1096439864655503_8860765911585804953_n-2\/'><img loading=\"lazy\" decoding=\"async\" width=\"640\" height=\"360\" src=\"https:\/\/newsestlyonnais.fr\/site\/wp-content\/uploads\/2023\/06\/351729693_1096439864655503_8860765911585804953_n-1-650x366.jpg\" class=\"attachment-large size-large\" alt=\"\" srcset=\"https:\/\/newsestlyonnais.fr\/site\/wp-content\/uploads\/2023\/06\/351729693_1096439864655503_8860765911585804953_n-1-650x366.jpg 650w, https:\/\/newsestlyonnais.fr\/site\/wp-content\/uploads\/2023\/06\/351729693_1096439864655503_8860765911585804953_n-1-400x225.jpg 400w, https:\/\/newsestlyonnais.fr\/site\/wp-content\/uploads\/2023\/06\/351729693_1096439864655503_8860765911585804953_n-1-250x141.jpg 250w, https:\/\/newsestlyonnais.fr\/site\/wp-content\/uploads\/2023\/06\/351729693_1096439864655503_8860765911585804953_n-1-768x432.jpg 768w, https:\/\/newsestlyonnais.fr\/site\/wp-content\/uploads\/2023\/06\/351729693_1096439864655503_8860765911585804953_n-1-150x84.jpg 150w, https:\/\/newsestlyonnais.fr\/site\/wp-content\/uploads\/2023\/06\/351729693_1096439864655503_8860765911585804953_n-1-50x28.jpg 50w, https:\/\/newsestlyonnais.fr\/site\/wp-content\/uploads\/2023\/06\/351729693_1096439864655503_8860765911585804953_n-1-100x56.jpg 100w, https:\/\/newsestlyonnais.fr\/site\/wp-content\/uploads\/2023\/06\/351729693_1096439864655503_8860765911585804953_n-1-200x113.jpg 200w, https:\/\/newsestlyonnais.fr\/site\/wp-content\/uploads\/2023\/06\/351729693_1096439864655503_8860765911585804953_n-1-300x169.jpg 300w, https:\/\/newsestlyonnais.fr\/site\/wp-content\/uploads\/2023\/06\/351729693_1096439864655503_8860765911585804953_n-1-350x197.jpg 350w, https:\/\/newsestlyonnais.fr\/site\/wp-content\/uploads\/2023\/06\/351729693_1096439864655503_8860765911585804953_n-1-450x253.jpg 450w, https:\/\/newsestlyonnais.fr\/site\/wp-content\/uploads\/2023\/06\/351729693_1096439864655503_8860765911585804953_n-1-500x281.jpg 500w, https:\/\/newsestlyonnais.fr\/site\/wp-content\/uploads\/2023\/06\/351729693_1096439864655503_8860765911585804953_n-1-550x309.jpg 550w, https:\/\/newsestlyonnais.fr\/site\/wp-content\/uploads\/2023\/06\/351729693_1096439864655503_8860765911585804953_n-1-800x450.jpg 800w, https:\/\/newsestlyonnais.fr\/site\/wp-content\/uploads\/2023\/06\/351729693_1096439864655503_8860765911585804953_n-1.jpg 1200w\" sizes=\"auto, (max-width: 640px) 100vw, 640px\" \/><\/a>\n\t\t\t<\/div><\/figure><figure class='gallery-item'>\n\t\t\t<div class='gallery-icon portrait'>\n\t\t\t\t<a href='https:\/\/newsestlyonnais.fr\/site\/2023\/06\/05\/bourgoin-jallieu-le-csbj-handi-rugby-fauteuil-3-au-championnat-de-france-n2\/351450456_642951457306984_2218833739332816342_n\/'><img loading=\"lazy\" decoding=\"async\" width=\"338\" height=\"750\" src=\"https:\/\/newsestlyonnais.fr\/site\/wp-content\/uploads\/2023\/06\/351450456_642951457306984_2218833739332816342_n.jpg\" class=\"attachment-large size-large\" alt=\"\" srcset=\"https:\/\/newsestlyonnais.fr\/site\/wp-content\/uploads\/2023\/06\/351450456_642951457306984_2218833739332816342_n.jpg 540w, https:\/\/newsestlyonnais.fr\/site\/wp-content\/uploads\/2023\/06\/351450456_642951457306984_2218833739332816342_n-400x889.jpg 400w, https:\/\/newsestlyonnais.fr\/site\/wp-content\/uploads\/2023\/06\/351450456_642951457306984_2218833739332816342_n-250x556.jpg 250w, https:\/\/newsestlyonnais.fr\/site\/wp-content\/uploads\/2023\/06\/351450456_642951457306984_2218833739332816342_n-150x333.jpg 150w, https:\/\/newsestlyonnais.fr\/site\/wp-content\/uploads\/2023\/06\/351450456_642951457306984_2218833739332816342_n-50x111.jpg 50w, https:\/\/newsestlyonnais.fr\/site\/wp-content\/uploads\/2023\/06\/351450456_642951457306984_2218833739332816342_n-100x222.jpg 100w, https:\/\/newsestlyonnais.fr\/site\/wp-content\/uploads\/2023\/06\/351450456_642951457306984_2218833739332816342_n-200x444.jpg 200w, https:\/\/newsestlyonnais.fr\/site\/wp-content\/uploads\/2023\/06\/351450456_642951457306984_2218833739332816342_n-300x667.jpg 300w, https:\/\/newsestlyonnais.fr\/site\/wp-content\/uploads\/2023\/06\/351450456_642951457306984_2218833739332816342_n-350x778.jpg 350w, https:\/\/newsestlyonnais.fr\/site\/wp-content\/uploads\/2023\/06\/351450456_642951457306984_2218833739332816342_n-450x1000.jpg 450w, https:\/\/newsestlyonnais.fr\/site\/wp-content\/uploads\/2023\/06\/351450456_642951457306984_2218833739332816342_n-500x1111.jpg 500w\" sizes=\"auto, (max-width: 338px) 100vw, 338px\" \/><\/a>\n\t\t\t<\/div><\/figure><figure class='gallery-item'>\n\t\t\t<div class='gallery-icon portrait'>\n\t\t\t\t<a href='https:\/\/newsestlyonnais.fr\/site\/2023\/06\/05\/bourgoin-jallieu-le-csbj-handi-rugby-fauteuil-3-au-championnat-de-france-n2\/350691075_242003155099855_2942776675594048373_n\/'><img loading=\"lazy\" decoding=\"async\" width=\"562\" height=\"750\" src=\"https:\/\/newsestlyonnais.fr\/site\/wp-content\/uploads\/2023\/06\/350691075_242003155099855_2942776675594048373_n-650x867.jpg\" class=\"attachment-large size-large\" alt=\"\" srcset=\"https:\/\/newsestlyonnais.fr\/site\/wp-content\/uploads\/2023\/06\/350691075_242003155099855_2942776675594048373_n-650x867.jpg 650w, https:\/\/newsestlyonnais.fr\/site\/wp-content\/uploads\/2023\/06\/350691075_242003155099855_2942776675594048373_n-400x533.jpg 400w, https:\/\/newsestlyonnais.fr\/site\/wp-content\/uploads\/2023\/06\/350691075_242003155099855_2942776675594048373_n-250x333.jpg 250w, https:\/\/newsestlyonnais.fr\/site\/wp-content\/uploads\/2023\/06\/350691075_242003155099855_2942776675594048373_n-768x1024.jpg 768w, https:\/\/newsestlyonnais.fr\/site\/wp-content\/uploads\/2023\/06\/350691075_242003155099855_2942776675594048373_n-150x200.jpg 150w, https:\/\/newsestlyonnais.fr\/site\/wp-content\/uploads\/2023\/06\/350691075_242003155099855_2942776675594048373_n-50x67.jpg 50w, https:\/\/newsestlyonnais.fr\/site\/wp-content\/uploads\/2023\/06\/350691075_242003155099855_2942776675594048373_n-100x133.jpg 100w, https:\/\/newsestlyonnais.fr\/site\/wp-content\/uploads\/2023\/06\/350691075_242003155099855_2942776675594048373_n-200x267.jpg 200w, https:\/\/newsestlyonnais.fr\/site\/wp-content\/uploads\/2023\/06\/350691075_242003155099855_2942776675594048373_n-300x400.jpg 300w, https:\/\/newsestlyonnais.fr\/site\/wp-content\/uploads\/2023\/06\/350691075_242003155099855_2942776675594048373_n-350x467.jpg 350w, https:\/\/newsestlyonnais.fr\/site\/wp-content\/uploads\/2023\/06\/350691075_242003155099855_2942776675594048373_n-450x600.jpg 450w, https:\/\/newsestlyonnais.fr\/site\/wp-content\/uploads\/2023\/06\/350691075_242003155099855_2942776675594048373_n-500x667.jpg 500w, https:\/\/newsestlyonnais.fr\/site\/wp-content\/uploads\/2023\/06\/350691075_242003155099855_2942776675594048373_n-550x733.jpg 550w, https:\/\/newsestlyonnais.fr\/site\/wp-content\/uploads\/2023\/06\/350691075_242003155099855_2942776675594048373_n-800x1067.jpg 800w, https:\/\/newsestlyonnais.fr\/site\/wp-content\/uploads\/2023\/06\/350691075_242003155099855_2942776675594048373_n.jpg 900w\" sizes=\"auto, (max-width: 562px) 100vw, 562px\" \/><\/a>\n\t\t\t<\/div><\/figure>\n\t\t<\/div>\n\n<div class=\"x11i5rnm xat24cr x1mh8g0r x1vvkbs xtlvy1s x126k92a\">\n<div id='gallery-2' class='gallery galleryid-182901 gallery-columns-3 gallery-size-large'><figure class='gallery-item'>\n\t\t\t<div class='gallery-icon landscape'>\n\t\t\t\t<a href='https:\/\/newsestlyonnais.fr\/site\/2023\/06\/05\/bourgoin-jallieu-le-csbj-handi-rugby-fauteuil-3-au-championnat-de-france-n2\/351729693_1096439864655503_8860765911585804953_n\/'><img loading=\"lazy\" decoding=\"async\" width=\"640\" height=\"360\" src=\"https:\/\/newsestlyonnais.fr\/site\/wp-content\/uploads\/2023\/06\/351729693_1096439864655503_8860765911585804953_n-650x366.jpg\" class=\"attachment-large size-large\" alt=\"\" srcset=\"https:\/\/newsestlyonnais.fr\/site\/wp-content\/uploads\/2023\/06\/351729693_1096439864655503_8860765911585804953_n-650x366.jpg 650w, https:\/\/newsestlyonnais.fr\/site\/wp-content\/uploads\/2023\/06\/351729693_1096439864655503_8860765911585804953_n-400x225.jpg 400w, https:\/\/newsestlyonnais.fr\/site\/wp-content\/uploads\/2023\/06\/351729693_1096439864655503_8860765911585804953_n-250x141.jpg 250w, https:\/\/newsestlyonnais.fr\/site\/wp-content\/uploads\/2023\/06\/351729693_1096439864655503_8860765911585804953_n-768x432.jpg 768w, https:\/\/newsestlyonnais.fr\/site\/wp-content\/uploads\/2023\/06\/351729693_1096439864655503_8860765911585804953_n-150x84.jpg 150w, https:\/\/newsestlyonnais.fr\/site\/wp-content\/uploads\/2023\/06\/351729693_1096439864655503_8860765911585804953_n-50x28.jpg 50w, https:\/\/newsestlyonnais.fr\/site\/wp-content\/uploads\/2023\/06\/351729693_1096439864655503_8860765911585804953_n-100x56.jpg 100w, https:\/\/newsestlyonnais.fr\/site\/wp-content\/uploads\/2023\/06\/351729693_1096439864655503_8860765911585804953_n-200x113.jpg 200w, https:\/\/newsestlyonnais.fr\/site\/wp-content\/uploads\/2023\/06\/351729693_1096439864655503_8860765911585804953_n-300x169.jpg 300w, https:\/\/newsestlyonnais.fr\/site\/wp-content\/uploads\/2023\/06\/351729693_1096439864655503_8860765911585804953_n-350x197.jpg 350w, https:\/\/newsestlyonnais.fr\/site\/wp-content\/uploads\/2023\/06\/351729693_1096439864655503_8860765911585804953_n-450x253.jpg 450w, https:\/\/newsestlyonnais.fr\/site\/wp-content\/uploads\/2023\/06\/351729693_1096439864655503_8860765911585804953_n-500x281.jpg 500w, https:\/\/newsestlyonnais.fr\/site\/wp-content\/uploads\/2023\/06\/351729693_1096439864655503_8860765911585804953_n-550x309.jpg 550w, https:\/\/newsestlyonnais.fr\/site\/wp-content\/uploads\/2023\/06\/351729693_1096439864655503_8860765911585804953_n-800x450.jpg 800w, https:\/\/newsestlyonnais.fr\/site\/wp-content\/uploads\/2023\/06\/351729693_1096439864655503_8860765911585804953_n.jpg 1200w\" sizes=\"auto, (max-width: 640px) 100vw, 640px\" \/><\/a>\n\t\t\t<\/div><\/figure><figure class='gallery-item'>\n\t\t\t<div class='gallery-icon portrait'>\n\t\t\t\t<a href='https:\/\/newsestlyonnais.fr\/site\/2023\/06\/05\/bourgoin-jallieu-le-csbj-handi-rugby-fauteuil-3-au-championnat-de-france-n2\/350691075_242003155099855_2942776675594048373_n\/'><img loading=\"lazy\" decoding=\"async\" width=\"562\" height=\"750\" src=\"https:\/\/newsestlyonnais.fr\/site\/wp-content\/uploads\/2023\/06\/350691075_242003155099855_2942776675594048373_n-650x867.jpg\" class=\"attachment-large size-large\" alt=\"\" srcset=\"https:\/\/newsestlyonnais.fr\/site\/wp-content\/uploads\/2023\/06\/350691075_242003155099855_2942776675594048373_n-650x867.jpg 650w, https:\/\/newsestlyonnais.fr\/site\/wp-content\/uploads\/2023\/06\/350691075_242003155099855_2942776675594048373_n-400x533.jpg 400w, https:\/\/newsestlyonnais.fr\/site\/wp-content\/uploads\/2023\/06\/350691075_242003155099855_2942776675594048373_n-250x333.jpg 250w, https:\/\/newsestlyonnais.fr\/site\/wp-content\/uploads\/2023\/06\/350691075_242003155099855_2942776675594048373_n-768x1024.jpg 768w, https:\/\/newsestlyonnais.fr\/site\/wp-content\/uploads\/2023\/06\/350691075_242003155099855_2942776675594048373_n-150x200.jpg 150w, https:\/\/newsestlyonnais.fr\/site\/wp-content\/uploads\/2023\/06\/350691075_242003155099855_2942776675594048373_n-50x67.jpg 50w, https:\/\/newsestlyonnais.fr\/site\/wp-content\/uploads\/2023\/06\/350691075_242003155099855_2942776675594048373_n-100x133.jpg 100w, https:\/\/newsestlyonnais.fr\/site\/wp-content\/uploads\/2023\/06\/350691075_242003155099855_2942776675594048373_n-200x267.jpg 200w, https:\/\/newsestlyonnais.fr\/site\/wp-content\/uploads\/2023\/06\/350691075_242003155099855_2942776675594048373_n-300x400.jpg 300w, https:\/\/newsestlyonnais.fr\/site\/wp-content\/uploads\/2023\/06\/350691075_242003155099855_2942776675594048373_n-350x467.jpg 350w, https:\/\/newsestlyonnais.fr\/site\/wp-content\/uploads\/2023\/06\/350691075_242003155099855_2942776675594048373_n-450x600.jpg 450w, https:\/\/newsestlyonnais.fr\/site\/wp-content\/uploads\/2023\/06\/350691075_242003155099855_2942776675594048373_n-500x667.jpg 500w, https:\/\/newsestlyonnais.fr\/site\/wp-content\/uploads\/2023\/06\/350691075_242003155099855_2942776675594048373_n-550x733.jpg 550w, https:\/\/newsestlyonnais.fr\/site\/wp-content\/uploads\/2023\/06\/350691075_242003155099855_2942776675594048373_n-800x1067.jpg 800w, https:\/\/newsestlyonnais.fr\/site\/wp-content\/uploads\/2023\/06\/350691075_242003155099855_2942776675594048373_n.jpg 900w\" sizes=\"auto, (max-width: 562px) 100vw, 562px\" \/><\/a>\n\t\t\t<\/div><\/figure>\n\t\t<\/div>\n\n<hr \/>\n<\/div>\n","protected":false},"excerpt":{"rendered":"<p>La section du club handisport berjallien participait samedi au complexe sportif du Souchay \u00e0 Carquefou (44) aux phases finales de la comp\u00e9tition.<\/p>\n","protected":false},"author":4,"featured_media":182905,"comment_status":"open","ping_status":"open","sticky":false,"template":"","format":"standard","meta":{"footnotes":""},"categories":[4153,3015,164,168,2999,2],"tags":[3983,3982],"class_list":["post-182901","post","type-post","status-publish","format-standard","has-post-thumbnail","hentry","category-ain-isere","category-handi-adapte","category-isere","category-rugby-a-xiii","category-rugby-a-xv-sports","category-sports","tag-csbj-handisport","tag-rugby-fauteuil"],"yoast_head":"<!-- This site is optimized with the Yoast SEO plugin v27.2 - https:\/\/yoast.com\/product\/yoast-seo-wordpress\/ -->\n<title>BOURGOIN-JALLIEU | Le CSBJ Handi rugby fauteuil 3\u00b0 au championnat de France N2 - News Est Lyonnais<\/title>\n<meta name=\"description\" content=\"BOURGOIN-JALLIEU | Le CSBJ Handi rugby fauteuil 3\u00b0 au championnat de France N2\" \/>\n<meta name=\"robots\" content=\"index, follow, max-snippet:-1, max-image-preview:large, max-video-preview:-1\" \/>\n<link rel=\"canonical\" href=\"https:\/\/newsestlyonnais.fr\/site\/2023\/06\/05\/bourgoin-jallieu-le-csbj-handi-rugby-fauteuil-3-au-championnat-de-france-n2\/\" \/>\n<meta property=\"og:locale\" content=\"fr_FR\" \/>\n<meta property=\"og:type\" content=\"article\" \/>\n<meta property=\"og:title\" content=\"BOURGOIN-JALLIEU | Le CSBJ Handi rugby fauteuil 3\u00b0 au championnat de France N2 - News Est Lyonnais\" \/>\n<meta property=\"og:description\" content=\"BOURGOIN-JALLIEU | Le CSBJ Handi rugby fauteuil 3\u00b0 au championnat de France N2\" \/>\n<meta property=\"og:url\" content=\"https:\/\/newsestlyonnais.fr\/site\/2023\/06\/05\/bourgoin-jallieu-le-csbj-handi-rugby-fauteuil-3-au-championnat-de-france-n2\/\" \/>\n<meta property=\"og:site_name\" content=\"News Est Lyonnais\" \/>\n<meta property=\"article:author\" content=\"https:\/\/www.facebook.com\/pascal.oberson.1?fref=ts\" \/>\n<meta property=\"article:published_time\" content=\"2023-06-05T16:11:08+00:00\" \/>\n<meta property=\"article:modified_time\" content=\"2023-06-08T04:22:11+00:00\" \/>\n<meta property=\"og:image\" content=\"https:\/\/newsestlyonnais.fr\/site\/wp-content\/uploads\/2023\/06\/351487370_1348815172650792_8999852793475660919_n.jpg\" \/>\n\t<meta property=\"og:image:width\" content=\"1200\" \/>\n\t<meta property=\"og:image:height\" content=\"675\" \/>\n\t<meta property=\"og:image:type\" content=\"image\/jpeg\" \/>\n<meta name=\"author\" content=\"R\u00e9dac. NEWS\" \/>\n<meta name=\"twitter:card\" content=\"summary_large_image\" \/>\n<meta name=\"twitter:label1\" content=\"\u00c9crit par\" \/>\n\t<meta name=\"twitter:data1\" content=\"R\u00e9dac. NEWS\" \/>\n\t<meta name=\"twitter:label2\" content=\"Dur\u00e9e de lecture estim\u00e9e\" \/>\n\t<meta name=\"twitter:data2\" content=\"1 minute\" \/>\n<script type=\"application\/ld+json\" class=\"yoast-schema-graph\">{\"@context\":\"https:\/\/schema.org\",\"@graph\":[{\"@type\":\"Article\",\"@id\":\"https:\/\/newsestlyonnais.fr\/site\/2023\/06\/05\/bourgoin-jallieu-le-csbj-handi-rugby-fauteuil-3-au-championnat-de-france-n2\/#article\",\"isPartOf\":{\"@id\":\"https:\/\/newsestlyonnais.fr\/site\/2023\/06\/05\/bourgoin-jallieu-le-csbj-handi-rugby-fauteuil-3-au-championnat-de-france-n2\/\"},\"author\":{\"name\":\"R\u00e9dac. NEWS\",\"@id\":\"https:\/\/newsestlyonnais.fr\/site\/#\/schema\/person\/3230d5615f390bb808365d673001e887\"},\"headline\":\"BOURGOIN-JALLIEU | Le CSBJ Handi rugby fauteuil 3\u00b0 au championnat de France N2\",\"datePublished\":\"2023-06-05T16:11:08+00:00\",\"dateModified\":\"2023-06-08T04:22:11+00:00\",\"mainEntityOfPage\":{\"@id\":\"https:\/\/newsestlyonnais.fr\/site\/2023\/06\/05\/bourgoin-jallieu-le-csbj-handi-rugby-fauteuil-3-au-championnat-de-france-n2\/\"},\"wordCount\":129,\"commentCount\":0,\"publisher\":{\"@id\":\"https:\/\/newsestlyonnais.fr\/site\/#organization\"},\"image\":{\"@id\":\"https:\/\/newsestlyonnais.fr\/site\/2023\/06\/05\/bourgoin-jallieu-le-csbj-handi-rugby-fauteuil-3-au-championnat-de-france-n2\/#primaryimage\"},\"thumbnailUrl\":\"https:\/\/newsestlyonnais.fr\/site\/wp-content\/uploads\/2023\/06\/351487370_1348815172650792_8999852793475660919_n.jpg\",\"keywords\":[\"CSBJ handisport\",\"rugby fauteuil\"],\"articleSection\":[\"Ain | Is\u00e8re\",\"Handi &amp; adapt\u00e9\",\"Is\u00e8re (38)\",\"RUGBY \u00e0 XIII\",\"Rugby \u00e0 XV\",\"Sports\"],\"inLanguage\":\"fr-FR\",\"potentialAction\":[{\"@type\":\"CommentAction\",\"name\":\"Comment\",\"target\":[\"https:\/\/newsestlyonnais.fr\/site\/2023\/06\/05\/bourgoin-jallieu-le-csbj-handi-rugby-fauteuil-3-au-championnat-de-france-n2\/#respond\"]}]},{\"@type\":\"WebPage\",\"@id\":\"https:\/\/newsestlyonnais.fr\/site\/2023\/06\/05\/bourgoin-jallieu-le-csbj-handi-rugby-fauteuil-3-au-championnat-de-france-n2\/\",\"url\":\"https:\/\/newsestlyonnais.fr\/site\/2023\/06\/05\/bourgoin-jallieu-le-csbj-handi-rugby-fauteuil-3-au-championnat-de-france-n2\/\",\"name\":\"BOURGOIN-JALLIEU | Le CSBJ Handi rugby fauteuil 3\u00b0 au championnat de France N2 - News Est Lyonnais\",\"isPartOf\":{\"@id\":\"https:\/\/newsestlyonnais.fr\/site\/#website\"},\"primaryImageOfPage\":{\"@id\":\"https:\/\/newsestlyonnais.fr\/site\/2023\/06\/05\/bourgoin-jallieu-le-csbj-handi-rugby-fauteuil-3-au-championnat-de-france-n2\/#primaryimage\"},\"image\":{\"@id\":\"https:\/\/newsestlyonnais.fr\/site\/2023\/06\/05\/bourgoin-jallieu-le-csbj-handi-rugby-fauteuil-3-au-championnat-de-france-n2\/#primaryimage\"},\"thumbnailUrl\":\"https:\/\/newsestlyonnais.fr\/site\/wp-content\/uploads\/2023\/06\/351487370_1348815172650792_8999852793475660919_n.jpg\",\"datePublished\":\"2023-06-05T16:11:08+00:00\",\"dateModified\":\"2023-06-08T04:22:11+00:00\",\"description\":\"BOURGOIN-JALLIEU | Le CSBJ Handi rugby fauteuil 3\u00b0 au championnat de France N2\",\"breadcrumb\":{\"@id\":\"https:\/\/newsestlyonnais.fr\/site\/2023\/06\/05\/bourgoin-jallieu-le-csbj-handi-rugby-fauteuil-3-au-championnat-de-france-n2\/#breadcrumb\"},\"inLanguage\":\"fr-FR\",\"potentialAction\":[{\"@type\":\"ReadAction\",\"target\":[\"https:\/\/newsestlyonnais.fr\/site\/2023\/06\/05\/bourgoin-jallieu-le-csbj-handi-rugby-fauteuil-3-au-championnat-de-france-n2\/\"]}]},{\"@type\":\"ImageObject\",\"inLanguage\":\"fr-FR\",\"@id\":\"https:\/\/newsestlyonnais.fr\/site\/2023\/06\/05\/bourgoin-jallieu-le-csbj-handi-rugby-fauteuil-3-au-championnat-de-france-n2\/#primaryimage\",\"url\":\"https:\/\/newsestlyonnais.fr\/site\/wp-content\/uploads\/2023\/06\/351487370_1348815172650792_8999852793475660919_n.jpg\",\"contentUrl\":\"https:\/\/newsestlyonnais.fr\/site\/wp-content\/uploads\/2023\/06\/351487370_1348815172650792_8999852793475660919_n.jpg\",\"width\":1200,\"height\":675},{\"@type\":\"BreadcrumbList\",\"@id\":\"https:\/\/newsestlyonnais.fr\/site\/2023\/06\/05\/bourgoin-jallieu-le-csbj-handi-rugby-fauteuil-3-au-championnat-de-france-n2\/#breadcrumb\",\"itemListElement\":[{\"@type\":\"ListItem\",\"position\":1,\"name\":\"Accueil\",\"item\":\"https:\/\/newsestlyonnais.fr\/site\/\"},{\"@type\":\"ListItem\",\"position\":2,\"name\":\"BOURGOIN-JALLIEU | Le CSBJ Handi rugby fauteuil 3\u00b0 au championnat de France N2\"}]},{\"@type\":\"WebSite\",\"@id\":\"https:\/\/newsestlyonnais.fr\/site\/#website\",\"url\":\"https:\/\/newsestlyonnais.fr\/site\/\",\"name\":\"News Est Lyonnais\",\"description\":\"L&#039;actualit\u00e9 au plus pr\u00e8s\",\"publisher\":{\"@id\":\"https:\/\/newsestlyonnais.fr\/site\/#organization\"},\"potentialAction\":[{\"@type\":\"SearchAction\",\"target\":{\"@type\":\"EntryPoint\",\"urlTemplate\":\"https:\/\/newsestlyonnais.fr\/site\/?s={search_term_string}\"},\"query-input\":{\"@type\":\"PropertyValueSpecification\",\"valueRequired\":true,\"valueName\":\"search_term_string\"}}],\"inLanguage\":\"fr-FR\"},{\"@type\":\"Organization\",\"@id\":\"https:\/\/newsestlyonnais.fr\/site\/#organization\",\"name\":\"News EST LYONNAIS\",\"url\":\"https:\/\/newsestlyonnais.fr\/site\/\",\"logo\":{\"@type\":\"ImageObject\",\"inLanguage\":\"fr-FR\",\"@id\":\"https:\/\/newsestlyonnais.fr\/site\/#\/schema\/logo\/image\/\",\"url\":\"\",\"contentUrl\":\"\",\"caption\":\"News EST LYONNAIS\"},\"image\":{\"@id\":\"https:\/\/newsestlyonnais.fr\/site\/#\/schema\/logo\/image\/\"}},{\"@type\":\"Person\",\"@id\":\"https:\/\/newsestlyonnais.fr\/site\/#\/schema\/person\/3230d5615f390bb808365d673001e887\",\"name\":\"R\u00e9dac. NEWS\",\"sameAs\":[\"http:\/\/www.newsestlyonnais.fr\",\"https:\/\/www.facebook.com\/pascal.oberson.1?fref=ts\",\"https:\/\/fr.linkedin.com\/in\/pascal-oberson-b17045113\"],\"url\":\"https:\/\/newsestlyonnais.fr\/site\/author\/nel\/\"}]}<\/script>\n<!-- \/ Yoast SEO plugin. -->","yoast_head_json":{"title":"BOURGOIN-JALLIEU | Le CSBJ Handi rugby fauteuil 3\u00b0 au championnat de France N2 - News Est Lyonnais","description":"BOURGOIN-JALLIEU | Le CSBJ Handi rugby fauteuil 3\u00b0 au championnat de France N2","robots":{"index":"index","follow":"follow","max-snippet":"max-snippet:-1","max-image-preview":"max-image-preview:large","max-video-preview":"max-video-preview:-1"},"canonical":"https:\/\/newsestlyonnais.fr\/site\/2023\/06\/05\/bourgoin-jallieu-le-csbj-handi-rugby-fauteuil-3-au-championnat-de-france-n2\/","og_locale":"fr_FR","og_type":"article","og_title":"BOURGOIN-JALLIEU | Le CSBJ Handi rugby fauteuil 3\u00b0 au championnat de France N2 - News Est Lyonnais","og_description":"BOURGOIN-JALLIEU | Le CSBJ Handi rugby fauteuil 3\u00b0 au championnat de France N2","og_url":"https:\/\/newsestlyonnais.fr\/site\/2023\/06\/05\/bourgoin-jallieu-le-csbj-handi-rugby-fauteuil-3-au-championnat-de-france-n2\/","og_site_name":"News Est Lyonnais","article_author":"https:\/\/www.facebook.com\/pascal.oberson.1?fref=ts","article_published_time":"2023-06-05T16:11:08+00:00","article_modified_time":"2023-06-08T04:22:11+00:00","og_image":[{"width":1200,"height":675,"url":"https:\/\/newsestlyonnais.fr\/site\/wp-content\/uploads\/2023\/06\/351487370_1348815172650792_8999852793475660919_n.jpg","type":"image\/jpeg"}],"author":"R\u00e9dac. NEWS","twitter_card":"summary_large_image","twitter_misc":{"\u00c9crit par":"R\u00e9dac. NEWS","Dur\u00e9e de lecture estim\u00e9e":"1 minute"},"schema":{"@context":"https:\/\/schema.org","@graph":[{"@type":"Article","@id":"https:\/\/newsestlyonnais.fr\/site\/2023\/06\/05\/bourgoin-jallieu-le-csbj-handi-rugby-fauteuil-3-au-championnat-de-france-n2\/#article","isPartOf":{"@id":"https:\/\/newsestlyonnais.fr\/site\/2023\/06\/05\/bourgoin-jallieu-le-csbj-handi-rugby-fauteuil-3-au-championnat-de-france-n2\/"},"author":{"name":"R\u00e9dac. NEWS","@id":"https:\/\/newsestlyonnais.fr\/site\/#\/schema\/person\/3230d5615f390bb808365d673001e887"},"headline":"BOURGOIN-JALLIEU | Le CSBJ Handi rugby fauteuil 3\u00b0 au championnat de France N2","datePublished":"2023-06-05T16:11:08+00:00","dateModified":"2023-06-08T04:22:11+00:00","mainEntityOfPage":{"@id":"https:\/\/newsestlyonnais.fr\/site\/2023\/06\/05\/bourgoin-jallieu-le-csbj-handi-rugby-fauteuil-3-au-championnat-de-france-n2\/"},"wordCount":129,"commentCount":0,"publisher":{"@id":"https:\/\/newsestlyonnais.fr\/site\/#organization"},"image":{"@id":"https:\/\/newsestlyonnais.fr\/site\/2023\/06\/05\/bourgoin-jallieu-le-csbj-handi-rugby-fauteuil-3-au-championnat-de-france-n2\/#primaryimage"},"thumbnailUrl":"https:\/\/newsestlyonnais.fr\/site\/wp-content\/uploads\/2023\/06\/351487370_1348815172650792_8999852793475660919_n.jpg","keywords":["CSBJ handisport","rugby fauteuil"],"articleSection":["Ain | Is\u00e8re","Handi &amp; adapt\u00e9","Is\u00e8re (38)","RUGBY \u00e0 XIII","Rugby \u00e0 XV","Sports"],"inLanguage":"fr-FR","potentialAction":[{"@type":"CommentAction","name":"Comment","target":["https:\/\/newsestlyonnais.fr\/site\/2023\/06\/05\/bourgoin-jallieu-le-csbj-handi-rugby-fauteuil-3-au-championnat-de-france-n2\/#respond"]}]},{"@type":"WebPage","@id":"https:\/\/newsestlyonnais.fr\/site\/2023\/06\/05\/bourgoin-jallieu-le-csbj-handi-rugby-fauteuil-3-au-championnat-de-france-n2\/","url":"https:\/\/newsestlyonnais.fr\/site\/2023\/06\/05\/bourgoin-jallieu-le-csbj-handi-rugby-fauteuil-3-au-championnat-de-france-n2\/","name":"BOURGOIN-JALLIEU | Le CSBJ Handi rugby fauteuil 3\u00b0 au championnat de France N2 - News Est Lyonnais","isPartOf":{"@id":"https:\/\/newsestlyonnais.fr\/site\/#website"},"primaryImageOfPage":{"@id":"https:\/\/newsestlyonnais.fr\/site\/2023\/06\/05\/bourgoin-jallieu-le-csbj-handi-rugby-fauteuil-3-au-championnat-de-france-n2\/#primaryimage"},"image":{"@id":"https:\/\/newsestlyonnais.fr\/site\/2023\/06\/05\/bourgoin-jallieu-le-csbj-handi-rugby-fauteuil-3-au-championnat-de-france-n2\/#primaryimage"},"thumbnailUrl":"https:\/\/newsestlyonnais.fr\/site\/wp-content\/uploads\/2023\/06\/351487370_1348815172650792_8999852793475660919_n.jpg","datePublished":"2023-06-05T16:11:08+00:00","dateModified":"2023-06-08T04:22:11+00:00","description":"BOURGOIN-JALLIEU | Le CSBJ Handi rugby fauteuil 3\u00b0 au championnat de France N2","breadcrumb":{"@id":"https:\/\/newsestlyonnais.fr\/site\/2023\/06\/05\/bourgoin-jallieu-le-csbj-handi-rugby-fauteuil-3-au-championnat-de-france-n2\/#breadcrumb"},"inLanguage":"fr-FR","potentialAction":[{"@type":"ReadAction","target":["https:\/\/newsestlyonnais.fr\/site\/2023\/06\/05\/bourgoin-jallieu-le-csbj-handi-rugby-fauteuil-3-au-championnat-de-france-n2\/"]}]},{"@type":"ImageObject","inLanguage":"fr-FR","@id":"https:\/\/newsestlyonnais.fr\/site\/2023\/06\/05\/bourgoin-jallieu-le-csbj-handi-rugby-fauteuil-3-au-championnat-de-france-n2\/#primaryimage","url":"https:\/\/newsestlyonnais.fr\/site\/wp-content\/uploads\/2023\/06\/351487370_1348815172650792_8999852793475660919_n.jpg","contentUrl":"https:\/\/newsestlyonnais.fr\/site\/wp-content\/uploads\/2023\/06\/351487370_1348815172650792_8999852793475660919_n.jpg","width":1200,"height":675},{"@type":"BreadcrumbList","@id":"https:\/\/newsestlyonnais.fr\/site\/2023\/06\/05\/bourgoin-jallieu-le-csbj-handi-rugby-fauteuil-3-au-championnat-de-france-n2\/#breadcrumb","itemListElement":[{"@type":"ListItem","position":1,"name":"Accueil","item":"https:\/\/newsestlyonnais.fr\/site\/"},{"@type":"ListItem","position":2,"name":"BOURGOIN-JALLIEU | Le CSBJ Handi rugby fauteuil 3\u00b0 au championnat de France N2"}]},{"@type":"WebSite","@id":"https:\/\/newsestlyonnais.fr\/site\/#website","url":"https:\/\/newsestlyonnais.fr\/site\/","name":"News Est Lyonnais","description":"L&#039;actualit\u00e9 au plus pr\u00e8s","publisher":{"@id":"https:\/\/newsestlyonnais.fr\/site\/#organization"},"potentialAction":[{"@type":"SearchAction","target":{"@type":"EntryPoint","urlTemplate":"https:\/\/newsestlyonnais.fr\/site\/?s={search_term_string}"},"query-input":{"@type":"PropertyValueSpecification","valueRequired":true,"valueName":"search_term_string"}}],"inLanguage":"fr-FR"},{"@type":"Organization","@id":"https:\/\/newsestlyonnais.fr\/site\/#organization","name":"News EST LYONNAIS","url":"https:\/\/newsestlyonnais.fr\/site\/","logo":{"@type":"ImageObject","inLanguage":"fr-FR","@id":"https:\/\/newsestlyonnais.fr\/site\/#\/schema\/logo\/image\/","url":"","contentUrl":"","caption":"News EST LYONNAIS"},"image":{"@id":"https:\/\/newsestlyonnais.fr\/site\/#\/schema\/logo\/image\/"}},{"@type":"Person","@id":"https:\/\/newsestlyonnais.fr\/site\/#\/schema\/person\/3230d5615f390bb808365d673001e887","name":"R\u00e9dac. NEWS","sameAs":["http:\/\/www.newsestlyonnais.fr","https:\/\/www.facebook.com\/pascal.oberson.1?fref=ts","https:\/\/fr.linkedin.com\/in\/pascal-oberson-b17045113"],"url":"https:\/\/newsestlyonnais.fr\/site\/author\/nel\/"}]}},"_links":{"self":[{"href":"https:\/\/newsestlyonnais.fr\/site\/wp-json\/wp\/v2\/posts\/182901","targetHints":{"allow":["GET"]}}],"collection":[{"href":"https:\/\/newsestlyonnais.fr\/site\/wp-json\/wp\/v2\/posts"}],"about":[{"href":"https:\/\/newsestlyonnais.fr\/site\/wp-json\/wp\/v2\/types\/post"}],"author":[{"embeddable":true,"href":"https:\/\/newsestlyonnais.fr\/site\/wp-json\/wp\/v2\/users\/4"}],"replies":[{"embeddable":true,"href":"https:\/\/newsestlyonnais.fr\/site\/wp-json\/wp\/v2\/comments?post=182901"}],"version-history":[{"count":0,"href":"https:\/\/newsestlyonnais.fr\/site\/wp-json\/wp\/v2\/posts\/182901\/revisions"}],"wp:featuredmedia":[{"embeddable":true,"href":"https:\/\/newsestlyonnais.fr\/site\/wp-json\/wp\/v2\/media\/182905"}],"wp:attachment":[{"href":"https:\/\/newsestlyonnais.fr\/site\/wp-json\/wp\/v2\/media?parent=182901"}],"wp:term":[{"taxonomy":"category","embeddable":true,"href":"https:\/\/newsestlyonnais.fr\/site\/wp-json\/wp\/v2\/categories?post=182901"},{"taxonomy":"post_tag","embeddable":true,"href":"https:\/\/newsestlyonnais.fr\/site\/wp-json\/wp\/v2\/tags?post=182901"}],"curies":[{"name":"wp","href":"https:\/\/api.w.org\/{rel}","templated":true}]}}