{"id":183039,"date":"2023-06-07T05:31:23","date_gmt":"2023-06-07T04:31:23","guid":{"rendered":"https:\/\/newsestlyonnais.fr\/site\/?p=183039"},"modified":"2023-06-11T06:55:03","modified_gmt":"2023-06-11T05:55:03","slug":"meyzieu-les-resultats-de-lopen-et-fete-du-tennis","status":"publish","type":"post","link":"https:\/\/newsestlyonnais.fr\/site\/2023\/06\/07\/meyzieu-les-resultats-de-lopen-et-fete-du-tennis\/","title":{"rendered":"MEYZIEU | Les r\u00e9sultats de l\u2019Open et F\u00eate du Tennis"},"content":{"rendered":"<div dir=\"ltr\">\n<div>\n<p>Une cinquantaine de personnes pr\u00e9sentes sur l\u2019apr\u00e8s-midi pour participer \u00e0 la F\u00eate du Tennis mise en place par le club majolan. Belle r\u00e9ussite populaire puisque les 9 terrains ext\u00e9rieurs ont \u00e9t\u00e9 complets et que le beau temps \u00e9tait de la partie !<\/p>\n<div id='gallery-1' class='gallery galleryid-183039 gallery-columns-2 gallery-size-large'><figure class='gallery-item'>\n\t\t\t<div class='gallery-icon landscape'>\n\t\t\t\t<a href='https:\/\/newsestlyonnais.fr\/site\/2023\/06\/07\/meyzieu-les-resultats-de-lopen-et-fete-du-tennis\/img_0003\/'><img loading=\"lazy\" decoding=\"async\" width=\"640\" height=\"480\" src=\"https:\/\/newsestlyonnais.fr\/site\/wp-content\/uploads\/2023\/06\/IMG_0003-650x488.jpg\" class=\"attachment-large size-large\" alt=\"\" srcset=\"https:\/\/newsestlyonnais.fr\/site\/wp-content\/uploads\/2023\/06\/IMG_0003-650x488.jpg 650w, https:\/\/newsestlyonnais.fr\/site\/wp-content\/uploads\/2023\/06\/IMG_0003-400x300.jpg 400w, https:\/\/newsestlyonnais.fr\/site\/wp-content\/uploads\/2023\/06\/IMG_0003-250x188.jpg 250w, https:\/\/newsestlyonnais.fr\/site\/wp-content\/uploads\/2023\/06\/IMG_0003-768x576.jpg 768w, https:\/\/newsestlyonnais.fr\/site\/wp-content\/uploads\/2023\/06\/IMG_0003-150x113.jpg 150w, https:\/\/newsestlyonnais.fr\/site\/wp-content\/uploads\/2023\/06\/IMG_0003-50x38.jpg 50w, https:\/\/newsestlyonnais.fr\/site\/wp-content\/uploads\/2023\/06\/IMG_0003-100x75.jpg 100w, https:\/\/newsestlyonnais.fr\/site\/wp-content\/uploads\/2023\/06\/IMG_0003-200x150.jpg 200w, https:\/\/newsestlyonnais.fr\/site\/wp-content\/uploads\/2023\/06\/IMG_0003-300x225.jpg 300w, https:\/\/newsestlyonnais.fr\/site\/wp-content\/uploads\/2023\/06\/IMG_0003-350x263.jpg 350w, https:\/\/newsestlyonnais.fr\/site\/wp-content\/uploads\/2023\/06\/IMG_0003-450x338.jpg 450w, https:\/\/newsestlyonnais.fr\/site\/wp-content\/uploads\/2023\/06\/IMG_0003-500x375.jpg 500w, https:\/\/newsestlyonnais.fr\/site\/wp-content\/uploads\/2023\/06\/IMG_0003-550x413.jpg 550w, https:\/\/newsestlyonnais.fr\/site\/wp-content\/uploads\/2023\/06\/IMG_0003-800x600.jpg 800w, https:\/\/newsestlyonnais.fr\/site\/wp-content\/uploads\/2023\/06\/IMG_0003.jpg 1200w\" sizes=\"auto, (max-width: 640px) 100vw, 640px\" \/><\/a>\n\t\t\t<\/div><\/figure><figure class='gallery-item'>\n\t\t\t<div class='gallery-icon landscape'>\n\t\t\t\t<a href='https:\/\/newsestlyonnais.fr\/site\/2023\/06\/07\/meyzieu-les-resultats-de-lopen-et-fete-du-tennis\/img_0009\/'><img loading=\"lazy\" decoding=\"async\" width=\"640\" height=\"480\" src=\"https:\/\/newsestlyonnais.fr\/site\/wp-content\/uploads\/2023\/06\/IMG_0009-650x488.jpg\" class=\"attachment-large size-large\" alt=\"\" srcset=\"https:\/\/newsestlyonnais.fr\/site\/wp-content\/uploads\/2023\/06\/IMG_0009-650x488.jpg 650w, https:\/\/newsestlyonnais.fr\/site\/wp-content\/uploads\/2023\/06\/IMG_0009-400x300.jpg 400w, https:\/\/newsestlyonnais.fr\/site\/wp-content\/uploads\/2023\/06\/IMG_0009-250x188.jpg 250w, https:\/\/newsestlyonnais.fr\/site\/wp-content\/uploads\/2023\/06\/IMG_0009-768x576.jpg 768w, https:\/\/newsestlyonnais.fr\/site\/wp-content\/uploads\/2023\/06\/IMG_0009-150x113.jpg 150w, https:\/\/newsestlyonnais.fr\/site\/wp-content\/uploads\/2023\/06\/IMG_0009-50x38.jpg 50w, https:\/\/newsestlyonnais.fr\/site\/wp-content\/uploads\/2023\/06\/IMG_0009-100x75.jpg 100w, https:\/\/newsestlyonnais.fr\/site\/wp-content\/uploads\/2023\/06\/IMG_0009-200x150.jpg 200w, https:\/\/newsestlyonnais.fr\/site\/wp-content\/uploads\/2023\/06\/IMG_0009-300x225.jpg 300w, https:\/\/newsestlyonnais.fr\/site\/wp-content\/uploads\/2023\/06\/IMG_0009-350x263.jpg 350w, https:\/\/newsestlyonnais.fr\/site\/wp-content\/uploads\/2023\/06\/IMG_0009-450x338.jpg 450w, https:\/\/newsestlyonnais.fr\/site\/wp-content\/uploads\/2023\/06\/IMG_0009-500x375.jpg 500w, https:\/\/newsestlyonnais.fr\/site\/wp-content\/uploads\/2023\/06\/IMG_0009-550x413.jpg 550w, https:\/\/newsestlyonnais.fr\/site\/wp-content\/uploads\/2023\/06\/IMG_0009-800x600.jpg 800w, https:\/\/newsestlyonnais.fr\/site\/wp-content\/uploads\/2023\/06\/IMG_0009.jpg 1200w\" sizes=\"auto, (max-width: 640px) 100vw, 640px\" \/><\/a>\n\t\t\t<\/div><\/figure>\n\t\t<\/div>\n\n<\/div>\n<div>\n<hr \/>\n<\/div>\n<div>\n<div class=\"entry-body\">\n<div class=\"entry-body\">\n<p><span style=\"background-color: #000000; color: #ffcc00; font-size: 14pt;\"><strong>Les r\u00e9sultats de mardi \u00e0 l&rsquo;Open :<\/strong><\/span><\/p>\n<p><span style=\"background-color: #000000; color: #ffffff;\"><strong>Tableau f\u00e9minin<\/strong><\/span><\/p>\n<ul>\n<li><strong>Romane Brunet <\/strong>(Rh\u00f4ne Sportif Tennis, 30\/2) bat Hajer Al Hamidawi (TC Bron, 30\/2) \u00a0\u00a0 <strong>6\/0, 6\/1<\/strong>.<strong><br \/>\n<\/strong><\/li>\n<\/ul>\n<p><span style=\"background-color: #000000; color: #ffffff;\"><strong>Tableau masculin<\/strong><\/span><\/p>\n<ul>\n<li><strong>Corentin Veyreinc<\/strong> (TC Colombier-Saugnieu, 30\/2) bat Sacha Christophe (TC La Pape, 30\/3)\u00a0\u00a0 <strong>6\/1, 6\/3<\/strong>.<\/li>\n<li><strong>Thomas Famelart<\/strong> (TC Mions, 30\/4) bat Damien Chouvet (Lyon 8 Tennis, 30\/5) \u00a0\u00a0 <strong>6\/2, 6\/0<\/strong>.<\/li>\n<li><strong>Florian Aznar<\/strong> (TC D\u00e9cines, 40) bat Julien Rivory (ASUL Tennis, 40) \u00a0\u00a0 <strong>6\/0, 6\/2<\/strong>.<strong><br \/>\n<\/strong><\/li>\n<li><strong>Emilien Berry<\/strong> (Lyon 8 Tennis, 40) bat Morgan Poettoz (CT Vaulx-en-Velin, 30\/5)\u00a0\u00a0 <strong>6\/0, 6\/2<\/strong>.<strong><br \/>\n<\/strong><\/li>\n<\/ul>\n<hr \/>\n<p><span style=\"background-color: #000000; color: #ffffff;\"><strong>4 rencontres ce mercredi dans 2 tableaux \u00e0 partir de 18 heures 30 <\/strong><\/span><strong><span style=\"background-color: #000000; color: #ffffff;\">&gt; le programme des membres de Meyzieu Tennis :<\/span><br \/>\n<\/strong><\/p>\n<p><span style=\"color: #ffffff;\"><strong><span style=\"background-color: #000000;\">19 h<\/span> <\/strong><\/span><\/p>\n<ul>\n<li><strong>Franck Favier<\/strong> (30\/4) \/ Florian Aznar (TC D\u00e9cines, 40)<\/li>\n<li><strong>Joris Marchand<\/strong> (30\/4) \/ Yoann Gagneux (TC La Pape, 30\/5)<\/li>\n<\/ul>\n<p><strong><span style=\"background-color: #000000; color: #ffffff;\">19 h 30 <\/span><br \/>\n<\/strong><\/p>\n<ul>\n<li>Maria Nicolas (Rh\u00f4ne Sportif Tennis, 40) \/ <strong>Anne-Catherine Beulaigne<\/strong> (40)<\/li>\n<\/ul>\n<hr \/>\n<p><span style=\"background-color: #000000; color: #ffcc00;\"><strong>&gt;&gt; Suite au partenariat avec Meyzieu Tennis, retrouvez AU QUOTIDIEN les r\u00e9sultats du tournoi jusqu\u2019aux finales.<\/strong><\/span><\/p>\n<\/div>\n<\/div>\n<hr \/>\n<\/div>\n<\/div>\n","protected":false},"excerpt":{"rendered":"<p>5 rencontres \u00e0 l&rsquo;affiche de la soir\u00e9e de mardi et belle r\u00e9ussite de l&rsquo;\u00e9v\u00e8nement organis\u00e9 samedi.<\/p>\n","protected":false},"author":4,"featured_media":183060,"comment_status":"open","ping_status":"open","sticky":false,"template":"","format":"standard","meta":{"footnotes":""},"categories":[24,2992,2991],"tags":[4784,2081,2548,2192,2049],"class_list":["post-183039","post","type-post","status-publish","format-standard","has-post-thumbnail","hentry","category-meyzieu","category-tennis-padel","category-tennis-tennis-table-sports","tag-fete-du-tennis","tag-meyzieu","tag-meyzieu-tennis","tag-open","tag-tennis"],"yoast_head":"<!-- This site is optimized with the Yoast SEO plugin v27.2 - https:\/\/yoast.com\/product\/yoast-seo-wordpress\/ -->\n<title>MEYZIEU | Les r\u00e9sultats de l\u2019Open et F\u00eate du Tennis - News Est Lyonnais<\/title>\n<meta name=\"description\" content=\"MEYZIEU | Les r\u00e9sultats de l\u2019Open et F\u00eate du Tennis\" \/>\n<meta name=\"robots\" content=\"index, follow, max-snippet:-1, max-image-preview:large, max-video-preview:-1\" \/>\n<link rel=\"canonical\" href=\"https:\/\/newsestlyonnais.fr\/site\/2023\/06\/07\/meyzieu-les-resultats-de-lopen-et-fete-du-tennis\/\" \/>\n<meta property=\"og:locale\" content=\"fr_FR\" \/>\n<meta property=\"og:type\" content=\"article\" \/>\n<meta property=\"og:title\" content=\"MEYZIEU | Les r\u00e9sultats de l\u2019Open et F\u00eate du Tennis - News Est Lyonnais\" \/>\n<meta property=\"og:description\" content=\"MEYZIEU | Les r\u00e9sultats de l\u2019Open et F\u00eate du Tennis\" \/>\n<meta property=\"og:url\" content=\"https:\/\/newsestlyonnais.fr\/site\/2023\/06\/07\/meyzieu-les-resultats-de-lopen-et-fete-du-tennis\/\" \/>\n<meta property=\"og:site_name\" content=\"News Est Lyonnais\" \/>\n<meta property=\"article:author\" content=\"https:\/\/www.facebook.com\/pascal.oberson.1?fref=ts\" \/>\n<meta property=\"article:published_time\" content=\"2023-06-07T04:31:23+00:00\" \/>\n<meta property=\"article:modified_time\" content=\"2023-06-11T05:55:03+00:00\" \/>\n<meta property=\"og:image\" content=\"https:\/\/newsestlyonnais.fr\/site\/wp-content\/uploads\/2023\/06\/IMG_0002.jpg\" \/>\n\t<meta property=\"og:image:width\" content=\"1200\" \/>\n\t<meta property=\"og:image:height\" content=\"900\" \/>\n\t<meta property=\"og:image:type\" content=\"image\/jpeg\" \/>\n<meta name=\"author\" content=\"R\u00e9dac. NEWS\" \/>\n<meta name=\"twitter:card\" content=\"summary_large_image\" \/>\n<meta name=\"twitter:label1\" content=\"\u00c9crit par\" \/>\n\t<meta name=\"twitter:data1\" content=\"R\u00e9dac. NEWS\" \/>\n\t<meta name=\"twitter:label2\" content=\"Dur\u00e9e de lecture estim\u00e9e\" \/>\n\t<meta name=\"twitter:data2\" content=\"2 minutes\" \/>\n<script type=\"application\/ld+json\" class=\"yoast-schema-graph\">{\"@context\":\"https:\/\/schema.org\",\"@graph\":[{\"@type\":\"Article\",\"@id\":\"https:\/\/newsestlyonnais.fr\/site\/2023\/06\/07\/meyzieu-les-resultats-de-lopen-et-fete-du-tennis\/#article\",\"isPartOf\":{\"@id\":\"https:\/\/newsestlyonnais.fr\/site\/2023\/06\/07\/meyzieu-les-resultats-de-lopen-et-fete-du-tennis\/\"},\"author\":{\"name\":\"R\u00e9dac. NEWS\",\"@id\":\"https:\/\/newsestlyonnais.fr\/site\/#\/schema\/person\/3230d5615f390bb808365d673001e887\"},\"headline\":\"MEYZIEU | Les r\u00e9sultats de l\u2019Open et F\u00eate du Tennis\",\"datePublished\":\"2023-06-07T04:31:23+00:00\",\"dateModified\":\"2023-06-11T05:55:03+00:00\",\"mainEntityOfPage\":{\"@id\":\"https:\/\/newsestlyonnais.fr\/site\/2023\/06\/07\/meyzieu-les-resultats-de-lopen-et-fete-du-tennis\/\"},\"wordCount\":183,\"commentCount\":0,\"publisher\":{\"@id\":\"https:\/\/newsestlyonnais.fr\/site\/#organization\"},\"image\":{\"@id\":\"https:\/\/newsestlyonnais.fr\/site\/2023\/06\/07\/meyzieu-les-resultats-de-lopen-et-fete-du-tennis\/#primaryimage\"},\"thumbnailUrl\":\"https:\/\/newsestlyonnais.fr\/site\/wp-content\/uploads\/2023\/06\/IMG_0002.jpg\",\"keywords\":[\"f\u00eate du tennis\",\"MEYZIEU\",\"MEYZIEU TENNIS\",\"OPEN\",\"TENNIS\"],\"articleSection\":[\"Meyzieu\",\"Tennis | Padel\",\"Tennis | Tennis de table\"],\"inLanguage\":\"fr-FR\",\"potentialAction\":[{\"@type\":\"CommentAction\",\"name\":\"Comment\",\"target\":[\"https:\/\/newsestlyonnais.fr\/site\/2023\/06\/07\/meyzieu-les-resultats-de-lopen-et-fete-du-tennis\/#respond\"]}]},{\"@type\":\"WebPage\",\"@id\":\"https:\/\/newsestlyonnais.fr\/site\/2023\/06\/07\/meyzieu-les-resultats-de-lopen-et-fete-du-tennis\/\",\"url\":\"https:\/\/newsestlyonnais.fr\/site\/2023\/06\/07\/meyzieu-les-resultats-de-lopen-et-fete-du-tennis\/\",\"name\":\"MEYZIEU | Les r\u00e9sultats de l\u2019Open et F\u00eate du Tennis - News Est Lyonnais\",\"isPartOf\":{\"@id\":\"https:\/\/newsestlyonnais.fr\/site\/#website\"},\"primaryImageOfPage\":{\"@id\":\"https:\/\/newsestlyonnais.fr\/site\/2023\/06\/07\/meyzieu-les-resultats-de-lopen-et-fete-du-tennis\/#primaryimage\"},\"image\":{\"@id\":\"https:\/\/newsestlyonnais.fr\/site\/2023\/06\/07\/meyzieu-les-resultats-de-lopen-et-fete-du-tennis\/#primaryimage\"},\"thumbnailUrl\":\"https:\/\/newsestlyonnais.fr\/site\/wp-content\/uploads\/2023\/06\/IMG_0002.jpg\",\"datePublished\":\"2023-06-07T04:31:23+00:00\",\"dateModified\":\"2023-06-11T05:55:03+00:00\",\"description\":\"MEYZIEU | Les r\u00e9sultats de l\u2019Open et F\u00eate du Tennis\",\"breadcrumb\":{\"@id\":\"https:\/\/newsestlyonnais.fr\/site\/2023\/06\/07\/meyzieu-les-resultats-de-lopen-et-fete-du-tennis\/#breadcrumb\"},\"inLanguage\":\"fr-FR\",\"potentialAction\":[{\"@type\":\"ReadAction\",\"target\":[\"https:\/\/newsestlyonnais.fr\/site\/2023\/06\/07\/meyzieu-les-resultats-de-lopen-et-fete-du-tennis\/\"]}]},{\"@type\":\"ImageObject\",\"inLanguage\":\"fr-FR\",\"@id\":\"https:\/\/newsestlyonnais.fr\/site\/2023\/06\/07\/meyzieu-les-resultats-de-lopen-et-fete-du-tennis\/#primaryimage\",\"url\":\"https:\/\/newsestlyonnais.fr\/site\/wp-content\/uploads\/2023\/06\/IMG_0002.jpg\",\"contentUrl\":\"https:\/\/newsestlyonnais.fr\/site\/wp-content\/uploads\/2023\/06\/IMG_0002.jpg\",\"width\":1200,\"height\":900},{\"@type\":\"BreadcrumbList\",\"@id\":\"https:\/\/newsestlyonnais.fr\/site\/2023\/06\/07\/meyzieu-les-resultats-de-lopen-et-fete-du-tennis\/#breadcrumb\",\"itemListElement\":[{\"@type\":\"ListItem\",\"position\":1,\"name\":\"Accueil\",\"item\":\"https:\/\/newsestlyonnais.fr\/site\/\"},{\"@type\":\"ListItem\",\"position\":2,\"name\":\"MEYZIEU | Les r\u00e9sultats de l\u2019Open et F\u00eate du Tennis\"}]},{\"@type\":\"WebSite\",\"@id\":\"https:\/\/newsestlyonnais.fr\/site\/#website\",\"url\":\"https:\/\/newsestlyonnais.fr\/site\/\",\"name\":\"News Est Lyonnais\",\"description\":\"L&#039;actualit\u00e9 au plus pr\u00e8s\",\"publisher\":{\"@id\":\"https:\/\/newsestlyonnais.fr\/site\/#organization\"},\"potentialAction\":[{\"@type\":\"SearchAction\",\"target\":{\"@type\":\"EntryPoint\",\"urlTemplate\":\"https:\/\/newsestlyonnais.fr\/site\/?s={search_term_string}\"},\"query-input\":{\"@type\":\"PropertyValueSpecification\",\"valueRequired\":true,\"valueName\":\"search_term_string\"}}],\"inLanguage\":\"fr-FR\"},{\"@type\":\"Organization\",\"@id\":\"https:\/\/newsestlyonnais.fr\/site\/#organization\",\"name\":\"News EST LYONNAIS\",\"url\":\"https:\/\/newsestlyonnais.fr\/site\/\",\"logo\":{\"@type\":\"ImageObject\",\"inLanguage\":\"fr-FR\",\"@id\":\"https:\/\/newsestlyonnais.fr\/site\/#\/schema\/logo\/image\/\",\"url\":\"\",\"contentUrl\":\"\",\"caption\":\"News EST LYONNAIS\"},\"image\":{\"@id\":\"https:\/\/newsestlyonnais.fr\/site\/#\/schema\/logo\/image\/\"}},{\"@type\":\"Person\",\"@id\":\"https:\/\/newsestlyonnais.fr\/site\/#\/schema\/person\/3230d5615f390bb808365d673001e887\",\"name\":\"R\u00e9dac. NEWS\",\"sameAs\":[\"http:\/\/www.newsestlyonnais.fr\",\"https:\/\/www.facebook.com\/pascal.oberson.1?fref=ts\",\"https:\/\/fr.linkedin.com\/in\/pascal-oberson-b17045113\"],\"url\":\"https:\/\/newsestlyonnais.fr\/site\/author\/nel\/\"}]}<\/script>\n<!-- \/ Yoast SEO plugin. -->","yoast_head_json":{"title":"MEYZIEU | Les r\u00e9sultats de l\u2019Open et F\u00eate du Tennis - News Est Lyonnais","description":"MEYZIEU | Les r\u00e9sultats de l\u2019Open et F\u00eate du Tennis","robots":{"index":"index","follow":"follow","max-snippet":"max-snippet:-1","max-image-preview":"max-image-preview:large","max-video-preview":"max-video-preview:-1"},"canonical":"https:\/\/newsestlyonnais.fr\/site\/2023\/06\/07\/meyzieu-les-resultats-de-lopen-et-fete-du-tennis\/","og_locale":"fr_FR","og_type":"article","og_title":"MEYZIEU | Les r\u00e9sultats de l\u2019Open et F\u00eate du Tennis - News Est Lyonnais","og_description":"MEYZIEU | Les r\u00e9sultats de l\u2019Open et F\u00eate du Tennis","og_url":"https:\/\/newsestlyonnais.fr\/site\/2023\/06\/07\/meyzieu-les-resultats-de-lopen-et-fete-du-tennis\/","og_site_name":"News Est Lyonnais","article_author":"https:\/\/www.facebook.com\/pascal.oberson.1?fref=ts","article_published_time":"2023-06-07T04:31:23+00:00","article_modified_time":"2023-06-11T05:55:03+00:00","og_image":[{"width":1200,"height":900,"url":"https:\/\/newsestlyonnais.fr\/site\/wp-content\/uploads\/2023\/06\/IMG_0002.jpg","type":"image\/jpeg"}],"author":"R\u00e9dac. NEWS","twitter_card":"summary_large_image","twitter_misc":{"\u00c9crit par":"R\u00e9dac. NEWS","Dur\u00e9e de lecture estim\u00e9e":"2 minutes"},"schema":{"@context":"https:\/\/schema.org","@graph":[{"@type":"Article","@id":"https:\/\/newsestlyonnais.fr\/site\/2023\/06\/07\/meyzieu-les-resultats-de-lopen-et-fete-du-tennis\/#article","isPartOf":{"@id":"https:\/\/newsestlyonnais.fr\/site\/2023\/06\/07\/meyzieu-les-resultats-de-lopen-et-fete-du-tennis\/"},"author":{"name":"R\u00e9dac. NEWS","@id":"https:\/\/newsestlyonnais.fr\/site\/#\/schema\/person\/3230d5615f390bb808365d673001e887"},"headline":"MEYZIEU | Les r\u00e9sultats de l\u2019Open et F\u00eate du Tennis","datePublished":"2023-06-07T04:31:23+00:00","dateModified":"2023-06-11T05:55:03+00:00","mainEntityOfPage":{"@id":"https:\/\/newsestlyonnais.fr\/site\/2023\/06\/07\/meyzieu-les-resultats-de-lopen-et-fete-du-tennis\/"},"wordCount":183,"commentCount":0,"publisher":{"@id":"https:\/\/newsestlyonnais.fr\/site\/#organization"},"image":{"@id":"https:\/\/newsestlyonnais.fr\/site\/2023\/06\/07\/meyzieu-les-resultats-de-lopen-et-fete-du-tennis\/#primaryimage"},"thumbnailUrl":"https:\/\/newsestlyonnais.fr\/site\/wp-content\/uploads\/2023\/06\/IMG_0002.jpg","keywords":["f\u00eate du tennis","MEYZIEU","MEYZIEU TENNIS","OPEN","TENNIS"],"articleSection":["Meyzieu","Tennis | Padel","Tennis | Tennis de table"],"inLanguage":"fr-FR","potentialAction":[{"@type":"CommentAction","name":"Comment","target":["https:\/\/newsestlyonnais.fr\/site\/2023\/06\/07\/meyzieu-les-resultats-de-lopen-et-fete-du-tennis\/#respond"]}]},{"@type":"WebPage","@id":"https:\/\/newsestlyonnais.fr\/site\/2023\/06\/07\/meyzieu-les-resultats-de-lopen-et-fete-du-tennis\/","url":"https:\/\/newsestlyonnais.fr\/site\/2023\/06\/07\/meyzieu-les-resultats-de-lopen-et-fete-du-tennis\/","name":"MEYZIEU | Les r\u00e9sultats de l\u2019Open et F\u00eate du Tennis - News Est Lyonnais","isPartOf":{"@id":"https:\/\/newsestlyonnais.fr\/site\/#website"},"primaryImageOfPage":{"@id":"https:\/\/newsestlyonnais.fr\/site\/2023\/06\/07\/meyzieu-les-resultats-de-lopen-et-fete-du-tennis\/#primaryimage"},"image":{"@id":"https:\/\/newsestlyonnais.fr\/site\/2023\/06\/07\/meyzieu-les-resultats-de-lopen-et-fete-du-tennis\/#primaryimage"},"thumbnailUrl":"https:\/\/newsestlyonnais.fr\/site\/wp-content\/uploads\/2023\/06\/IMG_0002.jpg","datePublished":"2023-06-07T04:31:23+00:00","dateModified":"2023-06-11T05:55:03+00:00","description":"MEYZIEU | Les r\u00e9sultats de l\u2019Open et F\u00eate du Tennis","breadcrumb":{"@id":"https:\/\/newsestlyonnais.fr\/site\/2023\/06\/07\/meyzieu-les-resultats-de-lopen-et-fete-du-tennis\/#breadcrumb"},"inLanguage":"fr-FR","potentialAction":[{"@type":"ReadAction","target":["https:\/\/newsestlyonnais.fr\/site\/2023\/06\/07\/meyzieu-les-resultats-de-lopen-et-fete-du-tennis\/"]}]},{"@type":"ImageObject","inLanguage":"fr-FR","@id":"https:\/\/newsestlyonnais.fr\/site\/2023\/06\/07\/meyzieu-les-resultats-de-lopen-et-fete-du-tennis\/#primaryimage","url":"https:\/\/newsestlyonnais.fr\/site\/wp-content\/uploads\/2023\/06\/IMG_0002.jpg","contentUrl":"https:\/\/newsestlyonnais.fr\/site\/wp-content\/uploads\/2023\/06\/IMG_0002.jpg","width":1200,"height":900},{"@type":"BreadcrumbList","@id":"https:\/\/newsestlyonnais.fr\/site\/2023\/06\/07\/meyzieu-les-resultats-de-lopen-et-fete-du-tennis\/#breadcrumb","itemListElement":[{"@type":"ListItem","position":1,"name":"Accueil","item":"https:\/\/newsestlyonnais.fr\/site\/"},{"@type":"ListItem","position":2,"name":"MEYZIEU | Les r\u00e9sultats de l\u2019Open et F\u00eate du Tennis"}]},{"@type":"WebSite","@id":"https:\/\/newsestlyonnais.fr\/site\/#website","url":"https:\/\/newsestlyonnais.fr\/site\/","name":"News Est Lyonnais","description":"L&#039;actualit\u00e9 au plus pr\u00e8s","publisher":{"@id":"https:\/\/newsestlyonnais.fr\/site\/#organization"},"potentialAction":[{"@type":"SearchAction","target":{"@type":"EntryPoint","urlTemplate":"https:\/\/newsestlyonnais.fr\/site\/?s={search_term_string}"},"query-input":{"@type":"PropertyValueSpecification","valueRequired":true,"valueName":"search_term_string"}}],"inLanguage":"fr-FR"},{"@type":"Organization","@id":"https:\/\/newsestlyonnais.fr\/site\/#organization","name":"News EST LYONNAIS","url":"https:\/\/newsestlyonnais.fr\/site\/","logo":{"@type":"ImageObject","inLanguage":"fr-FR","@id":"https:\/\/newsestlyonnais.fr\/site\/#\/schema\/logo\/image\/","url":"","contentUrl":"","caption":"News EST LYONNAIS"},"image":{"@id":"https:\/\/newsestlyonnais.fr\/site\/#\/schema\/logo\/image\/"}},{"@type":"Person","@id":"https:\/\/newsestlyonnais.fr\/site\/#\/schema\/person\/3230d5615f390bb808365d673001e887","name":"R\u00e9dac. NEWS","sameAs":["http:\/\/www.newsestlyonnais.fr","https:\/\/www.facebook.com\/pascal.oberson.1?fref=ts","https:\/\/fr.linkedin.com\/in\/pascal-oberson-b17045113"],"url":"https:\/\/newsestlyonnais.fr\/site\/author\/nel\/"}]}},"_links":{"self":[{"href":"https:\/\/newsestlyonnais.fr\/site\/wp-json\/wp\/v2\/posts\/183039","targetHints":{"allow":["GET"]}}],"collection":[{"href":"https:\/\/newsestlyonnais.fr\/site\/wp-json\/wp\/v2\/posts"}],"about":[{"href":"https:\/\/newsestlyonnais.fr\/site\/wp-json\/wp\/v2\/types\/post"}],"author":[{"embeddable":true,"href":"https:\/\/newsestlyonnais.fr\/site\/wp-json\/wp\/v2\/users\/4"}],"replies":[{"embeddable":true,"href":"https:\/\/newsestlyonnais.fr\/site\/wp-json\/wp\/v2\/comments?post=183039"}],"version-history":[{"count":0,"href":"https:\/\/newsestlyonnais.fr\/site\/wp-json\/wp\/v2\/posts\/183039\/revisions"}],"wp:featuredmedia":[{"embeddable":true,"href":"https:\/\/newsestlyonnais.fr\/site\/wp-json\/wp\/v2\/media\/183060"}],"wp:attachment":[{"href":"https:\/\/newsestlyonnais.fr\/site\/wp-json\/wp\/v2\/media?parent=183039"}],"wp:term":[{"taxonomy":"category","embeddable":true,"href":"https:\/\/newsestlyonnais.fr\/site\/wp-json\/wp\/v2\/categories?post=183039"},{"taxonomy":"post_tag","embeddable":true,"href":"https:\/\/newsestlyonnais.fr\/site\/wp-json\/wp\/v2\/tags?post=183039"}],"curies":[{"name":"wp","href":"https:\/\/api.w.org\/{rel}","templated":true}]}}