{"id":185133,"date":"2023-06-25T06:52:58","date_gmt":"2023-06-25T05:52:58","guid":{"rendered":"https:\/\/newsestlyonnais.fr\/site\/?p=185133"},"modified":"2023-06-27T12:00:09","modified_gmt":"2023-06-27T11:00:09","slug":"decines-resultats-de-samedi-de-lopen-de-tennis","status":"publish","type":"post","link":"https:\/\/newsestlyonnais.fr\/site\/2023\/06\/25\/decines-resultats-de-samedi-de-lopen-de-tennis\/","title":{"rendered":"DECINES | R\u00e9sultats de samedi de l\u2019open de tennis"},"content":{"rendered":"<div class=\"entry-body\">\n<div class=\"entry-body\">\n<div class=\"entry-body\">\n<p><span style=\"background-color: #000000; color: #ffcc00; font-size: 14pt;\"><strong>Les r\u00e9sultats :<\/strong><\/span><\/p>\n<p><span style=\"background-color: #000000; color: #ffffff;\"><strong>Tableau f\u00e9minin<\/strong><\/span><\/p>\n<ul>\n<li><span style=\"background-color: #cc99ff;\"><strong>Vanessa Roux <\/strong>(30\/3) bat Ana\u00e9 Manzembele (ASUL Tennis, 30) \u00a0\u00a0 <strong>6\/3, 2\/6, 7\/6<\/strong>.<strong><br \/>\n<\/strong><\/span><\/li>\n<li><span style=\"background-color: #cc99ff;\"><strong>Marl\u00e8ne Girodon <\/strong>(TC Genas, 40) bat Anne-Catherine Beulaigne (Meyzieu Tennis, 40) \u00a0\u00a0 <strong>6\/1, 6\/1<\/strong>. <\/span><strong><br \/>\n<\/strong><\/li>\n<\/ul>\n<p><span style=\"background-color: #000000; color: #ffffff;\"><strong>Tableau masculin<\/strong><\/span><\/p>\n<ul>\n<li><strong>Gervais Hounkpe <\/strong>(TC D\u00e9cines, 30\/3) bat Pierre Richaud (TC Municipal 5\u00b0, 30\/3)<strong> \u00a0\u00a0 6\/3, 7\/5.<br \/>\n<\/strong><\/li>\n<li><strong>Augustin Portugues<\/strong> (TC Genas, 30\/4) bat \/ Florian Aznar (TC D\u00e9cines, 40)\u00a0 \u00a0\u00a0 <strong>6\/3, 7\/5<\/strong>.<\/li>\n<li><strong>Denis Couder<\/strong> (TC D\u00e9cines, 30\/3) bat Alejandro Gonzalez-Segovia (SAL, 30\/3)\u00a0\u00a0\u00a0 <strong>6\/4, 6\/0. <\/strong>.<\/li>\n<li><strong>Franck Favier<\/strong> (Meyzieu Tennis, 30\/5) bat Yvon Buzzelli (TC D\u00e9cines, 30\/4)\u00a0\u00a0\u00a0 <strong>1\/6, 6\/1, 6\/1<\/strong>. .<\/li>\n<li><strong>Florent Saucaz<\/strong> (TC D\u00e9cines, 40) bat Alain Rieger (AT Pusignan, 30\/4)\u00a0\u00a0\u00a0 <strong>3\/6, 7\/5 puis abandon<\/strong>.<\/li>\n<li><strong>Damien Calis<\/strong> (Meyzieu Tennis, non class\u00e9) bat David Demonet (TC D\u00e9cines, 30\/4)\u00a0\u00a0\u00a0 <strong>6\/1, 6\/0<\/strong>.<\/li>\n<li><strong>Jacques Cheminal<\/strong> (SAL, 30\/5) bat Tristan Lasfargue (Lyon Sport M\u00e9tropole, 30\/4)\u00a0 \u00a0\u00a0 <strong>6\/2, 1\/6, 6\/2<\/strong>.<\/li>\n<li><strong>Guillaume Coupat<\/strong> (TC Chavril, 30\/5) bat Abbas Larbi (TC Lyon, 30\/4)\u00a0\u00a0 <strong>3\/6, 6\/2, 6\/3<\/strong>.\u00a0\u00a0\u00a0\u00a0\u00a0\u00a0\u00a0\u00a0\u00a0 .<\/li>\n<\/ul>\n<hr \/>\n<p><strong><span style=\"background-color: #000000; color: #ffffff;\">18 rencontres programm\u00e9es ce dimanche dans le tableau masculin, d\u00e8s 9 h &gt; le programme des membres du TC D\u00e9cines :<\/span><br \/>\n<\/strong><\/p>\n<p><span style=\"background-color: #000000; color: #ffffff;\"><strong>9 h<\/strong><\/span><\/p>\n<ul>\n<li><strong>Nicolas Exbrayat<\/strong> (30\/3) \/ Richard Grojean (TC Jonage, 30\/3)<\/li>\n<li><strong>S\u00e9bastien Ollivier<\/strong> (30\/3) \/ Jacques Cheminal (SAL, 30\/5)<\/li>\n<\/ul>\n<p><strong><span style=\"color: #ffffff; background-color: #000000;\">10 h 30<\/span><br \/>\n<\/strong><\/p>\n<ul>\n<li>John Thao (Rh\u00f4ne Sportif Tennis, 30\/2) \/ <strong>Denis Couder<\/strong> (30\/3) <strong><br \/>\n<\/strong><\/li>\n<\/ul>\n<p><span style=\"background-color: #000000; color: #ffffff;\"><strong>12 h 30 <\/strong><\/span><\/p>\n<ul>\n<li>Jules Garniche (TC Cormontreuil, 30\/3) \/<strong> Florent Saucaz <\/strong>(40)<\/li>\n<li><strong>Baptiste Exbrayat<\/strong> (30\/2) \/ Dorian Bejoint (Beynost Tennis, 30\/2)<\/li>\n<\/ul>\n<p><span style=\"background-color: #000000; color: #ffffff;\"><strong>14 h<\/strong><\/span><\/p>\n<ul>\n<li><span style=\"background-color: #cc99ff;\"><strong>Mordjane Aberkane<\/strong> (30\/2) \/ <strong>Vanessa Roux <\/strong>(30\/3)<\/span><\/li>\n<li><strong>Gervais Belin-Poput<\/strong> (30\/3) \/ <strong>Gervais Hounkpe <\/strong>(30\/3)<\/li>\n<\/ul>\n<p><strong><span style=\"background-color: #000000; color: #ffffff;\">16 h <\/span><\/strong><\/p>\n<ul>\n<li><strong>Toni Guasto<\/strong> (30\/3) \/ <strong>Alexis Belin-Poput<\/strong> (40)<\/li>\n<li><strong>Victor David<\/strong> (30\/2) \/ <strong>Nicolas Exbrayat<\/strong> (30\/3) ou Richard Grojean (TC Jonage, 30\/3)<\/li>\n<\/ul>\n<p><span style=\"background-color: #000000; color: #ffffff;\"><strong>17 h 30 <\/strong><\/span><\/p>\n<ul>\n<li><span style=\"background-color: #cc99ff;\"><strong>Lucile Commeau<\/strong> (non class\u00e9e) \/ <strong>Mona Benyoub<\/strong> (30\/5)<\/span><\/li>\n<li><strong>Pascal Vuaillat<\/strong> (30\/2) \/ Romain Torri (TC St Priest, 30\/3) ou Augustin Portugues (TC Genas, 30\/4)<\/li>\n<\/ul>\n<p><span style=\"background-color: #000000; color: #ffcc00;\"><strong>&gt;&gt; Suite partenariat avec le TC D\u00e9cines, retrouvez AU QUOTIDIEN les r\u00e9sultats du tournoi jusqu\u2019aux finales.<\/strong><\/span><\/p>\n<\/div>\n<\/div>\n<\/div>\n","protected":false},"excerpt":{"rendered":"<p>10 rencontres dans les 2 tableaux \u00e0 l&rsquo;affiche de cette journ\u00e9e de comp\u00e9tition.<\/p>\n","protected":false},"author":4,"featured_media":184911,"comment_status":"open","ping_status":"open","sticky":false,"template":"","format":"standard","meta":{"footnotes":""},"categories":[21,2992,2991],"tags":[2116,2192,4331,2049],"class_list":["post-185133","post","type-post","status-publish","format-standard","has-post-thumbnail","hentry","category-decines-charpieu","category-tennis-padel","category-tennis-tennis-table-sports","tag-decines","tag-open","tag-tc-decines","tag-tennis"],"yoast_head":"<!-- This site is optimized with the Yoast SEO plugin v27.2 - https:\/\/yoast.com\/product\/yoast-seo-wordpress\/ -->\n<title>DECINES | R\u00e9sultats de samedi de l\u2019open de tennis - News Est Lyonnais<\/title>\n<meta name=\"description\" content=\"DECINES | R\u00e9sultats de samedi de l\u2019open de tennis\" \/>\n<meta name=\"robots\" content=\"index, follow, max-snippet:-1, max-image-preview:large, max-video-preview:-1\" \/>\n<link rel=\"canonical\" href=\"https:\/\/newsestlyonnais.fr\/site\/2023\/06\/25\/decines-resultats-de-samedi-de-lopen-de-tennis\/\" \/>\n<meta property=\"og:locale\" content=\"fr_FR\" \/>\n<meta property=\"og:type\" content=\"article\" \/>\n<meta property=\"og:title\" content=\"DECINES | R\u00e9sultats de samedi de l\u2019open de tennis - News Est Lyonnais\" \/>\n<meta property=\"og:description\" content=\"DECINES | R\u00e9sultats de samedi de l\u2019open de tennis\" \/>\n<meta property=\"og:url\" content=\"https:\/\/newsestlyonnais.fr\/site\/2023\/06\/25\/decines-resultats-de-samedi-de-lopen-de-tennis\/\" \/>\n<meta property=\"og:site_name\" content=\"News Est Lyonnais\" \/>\n<meta property=\"article:author\" content=\"https:\/\/www.facebook.com\/pascal.oberson.1?fref=ts\" \/>\n<meta property=\"article:published_time\" content=\"2023-06-25T05:52:58+00:00\" \/>\n<meta property=\"article:modified_time\" content=\"2023-06-27T11:00:09+00:00\" \/>\n<meta property=\"og:image\" content=\"https:\/\/newsestlyonnais.fr\/site\/wp-content\/uploads\/2023\/06\/NEWSESTLYONNAIS-ACT-TC-DECINES-02.jpg\" \/>\n\t<meta property=\"og:image:width\" content=\"1200\" \/>\n\t<meta property=\"og:image:height\" content=\"800\" \/>\n\t<meta property=\"og:image:type\" content=\"image\/jpeg\" \/>\n<meta name=\"author\" content=\"R\u00e9dac. NEWS\" \/>\n<meta name=\"twitter:card\" content=\"summary_large_image\" \/>\n<meta name=\"twitter:label1\" content=\"\u00c9crit par\" \/>\n\t<meta name=\"twitter:data1\" content=\"R\u00e9dac. NEWS\" \/>\n\t<meta name=\"twitter:label2\" content=\"Dur\u00e9e de lecture estim\u00e9e\" \/>\n\t<meta name=\"twitter:data2\" content=\"2 minutes\" \/>\n<script type=\"application\/ld+json\" class=\"yoast-schema-graph\">{\"@context\":\"https:\/\/schema.org\",\"@graph\":[{\"@type\":\"Article\",\"@id\":\"https:\/\/newsestlyonnais.fr\/site\/2023\/06\/25\/decines-resultats-de-samedi-de-lopen-de-tennis\/#article\",\"isPartOf\":{\"@id\":\"https:\/\/newsestlyonnais.fr\/site\/2023\/06\/25\/decines-resultats-de-samedi-de-lopen-de-tennis\/\"},\"author\":{\"name\":\"R\u00e9dac. NEWS\",\"@id\":\"https:\/\/newsestlyonnais.fr\/site\/#\/schema\/person\/3230d5615f390bb808365d673001e887\"},\"headline\":\"DECINES | R\u00e9sultats de samedi de l\u2019open de tennis\",\"datePublished\":\"2023-06-25T05:52:58+00:00\",\"dateModified\":\"2023-06-27T11:00:09+00:00\",\"mainEntityOfPage\":{\"@id\":\"https:\/\/newsestlyonnais.fr\/site\/2023\/06\/25\/decines-resultats-de-samedi-de-lopen-de-tennis\/\"},\"wordCount\":236,\"commentCount\":0,\"publisher\":{\"@id\":\"https:\/\/newsestlyonnais.fr\/site\/#organization\"},\"image\":{\"@id\":\"https:\/\/newsestlyonnais.fr\/site\/2023\/06\/25\/decines-resultats-de-samedi-de-lopen-de-tennis\/#primaryimage\"},\"thumbnailUrl\":\"https:\/\/newsestlyonnais.fr\/site\/wp-content\/uploads\/2023\/06\/NEWSESTLYONNAIS-ACT-TC-DECINES-02.jpg\",\"keywords\":[\"DECINES\",\"OPEN\",\"TC DECINES\",\"TENNIS\"],\"articleSection\":[\"D\u00e9cines-Charpieu\",\"Tennis | Padel\",\"Tennis | Tennis de table\"],\"inLanguage\":\"fr-FR\",\"potentialAction\":[{\"@type\":\"CommentAction\",\"name\":\"Comment\",\"target\":[\"https:\/\/newsestlyonnais.fr\/site\/2023\/06\/25\/decines-resultats-de-samedi-de-lopen-de-tennis\/#respond\"]}]},{\"@type\":\"WebPage\",\"@id\":\"https:\/\/newsestlyonnais.fr\/site\/2023\/06\/25\/decines-resultats-de-samedi-de-lopen-de-tennis\/\",\"url\":\"https:\/\/newsestlyonnais.fr\/site\/2023\/06\/25\/decines-resultats-de-samedi-de-lopen-de-tennis\/\",\"name\":\"DECINES | R\u00e9sultats de samedi de l\u2019open de tennis - News Est Lyonnais\",\"isPartOf\":{\"@id\":\"https:\/\/newsestlyonnais.fr\/site\/#website\"},\"primaryImageOfPage\":{\"@id\":\"https:\/\/newsestlyonnais.fr\/site\/2023\/06\/25\/decines-resultats-de-samedi-de-lopen-de-tennis\/#primaryimage\"},\"image\":{\"@id\":\"https:\/\/newsestlyonnais.fr\/site\/2023\/06\/25\/decines-resultats-de-samedi-de-lopen-de-tennis\/#primaryimage\"},\"thumbnailUrl\":\"https:\/\/newsestlyonnais.fr\/site\/wp-content\/uploads\/2023\/06\/NEWSESTLYONNAIS-ACT-TC-DECINES-02.jpg\",\"datePublished\":\"2023-06-25T05:52:58+00:00\",\"dateModified\":\"2023-06-27T11:00:09+00:00\",\"description\":\"DECINES | R\u00e9sultats de samedi de l\u2019open de tennis\",\"breadcrumb\":{\"@id\":\"https:\/\/newsestlyonnais.fr\/site\/2023\/06\/25\/decines-resultats-de-samedi-de-lopen-de-tennis\/#breadcrumb\"},\"inLanguage\":\"fr-FR\",\"potentialAction\":[{\"@type\":\"ReadAction\",\"target\":[\"https:\/\/newsestlyonnais.fr\/site\/2023\/06\/25\/decines-resultats-de-samedi-de-lopen-de-tennis\/\"]}]},{\"@type\":\"ImageObject\",\"inLanguage\":\"fr-FR\",\"@id\":\"https:\/\/newsestlyonnais.fr\/site\/2023\/06\/25\/decines-resultats-de-samedi-de-lopen-de-tennis\/#primaryimage\",\"url\":\"https:\/\/newsestlyonnais.fr\/site\/wp-content\/uploads\/2023\/06\/NEWSESTLYONNAIS-ACT-TC-DECINES-02.jpg\",\"contentUrl\":\"https:\/\/newsestlyonnais.fr\/site\/wp-content\/uploads\/2023\/06\/NEWSESTLYONNAIS-ACT-TC-DECINES-02.jpg\",\"width\":1200,\"height\":800},{\"@type\":\"BreadcrumbList\",\"@id\":\"https:\/\/newsestlyonnais.fr\/site\/2023\/06\/25\/decines-resultats-de-samedi-de-lopen-de-tennis\/#breadcrumb\",\"itemListElement\":[{\"@type\":\"ListItem\",\"position\":1,\"name\":\"Accueil\",\"item\":\"https:\/\/newsestlyonnais.fr\/site\/\"},{\"@type\":\"ListItem\",\"position\":2,\"name\":\"DECINES | R\u00e9sultats de samedi de l\u2019open de tennis\"}]},{\"@type\":\"WebSite\",\"@id\":\"https:\/\/newsestlyonnais.fr\/site\/#website\",\"url\":\"https:\/\/newsestlyonnais.fr\/site\/\",\"name\":\"News Est Lyonnais\",\"description\":\"L&#039;actualit\u00e9 au plus pr\u00e8s\",\"publisher\":{\"@id\":\"https:\/\/newsestlyonnais.fr\/site\/#organization\"},\"potentialAction\":[{\"@type\":\"SearchAction\",\"target\":{\"@type\":\"EntryPoint\",\"urlTemplate\":\"https:\/\/newsestlyonnais.fr\/site\/?s={search_term_string}\"},\"query-input\":{\"@type\":\"PropertyValueSpecification\",\"valueRequired\":true,\"valueName\":\"search_term_string\"}}],\"inLanguage\":\"fr-FR\"},{\"@type\":\"Organization\",\"@id\":\"https:\/\/newsestlyonnais.fr\/site\/#organization\",\"name\":\"News EST LYONNAIS\",\"url\":\"https:\/\/newsestlyonnais.fr\/site\/\",\"logo\":{\"@type\":\"ImageObject\",\"inLanguage\":\"fr-FR\",\"@id\":\"https:\/\/newsestlyonnais.fr\/site\/#\/schema\/logo\/image\/\",\"url\":\"\",\"contentUrl\":\"\",\"caption\":\"News EST LYONNAIS\"},\"image\":{\"@id\":\"https:\/\/newsestlyonnais.fr\/site\/#\/schema\/logo\/image\/\"}},{\"@type\":\"Person\",\"@id\":\"https:\/\/newsestlyonnais.fr\/site\/#\/schema\/person\/3230d5615f390bb808365d673001e887\",\"name\":\"R\u00e9dac. NEWS\",\"sameAs\":[\"http:\/\/www.newsestlyonnais.fr\",\"https:\/\/www.facebook.com\/pascal.oberson.1?fref=ts\",\"https:\/\/fr.linkedin.com\/in\/pascal-oberson-b17045113\"],\"url\":\"https:\/\/newsestlyonnais.fr\/site\/author\/nel\/\"}]}<\/script>\n<!-- \/ Yoast SEO plugin. -->","yoast_head_json":{"title":"DECINES | R\u00e9sultats de samedi de l\u2019open de tennis - News Est Lyonnais","description":"DECINES | R\u00e9sultats de samedi de l\u2019open de tennis","robots":{"index":"index","follow":"follow","max-snippet":"max-snippet:-1","max-image-preview":"max-image-preview:large","max-video-preview":"max-video-preview:-1"},"canonical":"https:\/\/newsestlyonnais.fr\/site\/2023\/06\/25\/decines-resultats-de-samedi-de-lopen-de-tennis\/","og_locale":"fr_FR","og_type":"article","og_title":"DECINES | R\u00e9sultats de samedi de l\u2019open de tennis - News Est Lyonnais","og_description":"DECINES | R\u00e9sultats de samedi de l\u2019open de tennis","og_url":"https:\/\/newsestlyonnais.fr\/site\/2023\/06\/25\/decines-resultats-de-samedi-de-lopen-de-tennis\/","og_site_name":"News Est Lyonnais","article_author":"https:\/\/www.facebook.com\/pascal.oberson.1?fref=ts","article_published_time":"2023-06-25T05:52:58+00:00","article_modified_time":"2023-06-27T11:00:09+00:00","og_image":[{"width":1200,"height":800,"url":"https:\/\/newsestlyonnais.fr\/site\/wp-content\/uploads\/2023\/06\/NEWSESTLYONNAIS-ACT-TC-DECINES-02.jpg","type":"image\/jpeg"}],"author":"R\u00e9dac. NEWS","twitter_card":"summary_large_image","twitter_misc":{"\u00c9crit par":"R\u00e9dac. NEWS","Dur\u00e9e de lecture estim\u00e9e":"2 minutes"},"schema":{"@context":"https:\/\/schema.org","@graph":[{"@type":"Article","@id":"https:\/\/newsestlyonnais.fr\/site\/2023\/06\/25\/decines-resultats-de-samedi-de-lopen-de-tennis\/#article","isPartOf":{"@id":"https:\/\/newsestlyonnais.fr\/site\/2023\/06\/25\/decines-resultats-de-samedi-de-lopen-de-tennis\/"},"author":{"name":"R\u00e9dac. NEWS","@id":"https:\/\/newsestlyonnais.fr\/site\/#\/schema\/person\/3230d5615f390bb808365d673001e887"},"headline":"DECINES | R\u00e9sultats de samedi de l\u2019open de tennis","datePublished":"2023-06-25T05:52:58+00:00","dateModified":"2023-06-27T11:00:09+00:00","mainEntityOfPage":{"@id":"https:\/\/newsestlyonnais.fr\/site\/2023\/06\/25\/decines-resultats-de-samedi-de-lopen-de-tennis\/"},"wordCount":236,"commentCount":0,"publisher":{"@id":"https:\/\/newsestlyonnais.fr\/site\/#organization"},"image":{"@id":"https:\/\/newsestlyonnais.fr\/site\/2023\/06\/25\/decines-resultats-de-samedi-de-lopen-de-tennis\/#primaryimage"},"thumbnailUrl":"https:\/\/newsestlyonnais.fr\/site\/wp-content\/uploads\/2023\/06\/NEWSESTLYONNAIS-ACT-TC-DECINES-02.jpg","keywords":["DECINES","OPEN","TC DECINES","TENNIS"],"articleSection":["D\u00e9cines-Charpieu","Tennis | Padel","Tennis | Tennis de table"],"inLanguage":"fr-FR","potentialAction":[{"@type":"CommentAction","name":"Comment","target":["https:\/\/newsestlyonnais.fr\/site\/2023\/06\/25\/decines-resultats-de-samedi-de-lopen-de-tennis\/#respond"]}]},{"@type":"WebPage","@id":"https:\/\/newsestlyonnais.fr\/site\/2023\/06\/25\/decines-resultats-de-samedi-de-lopen-de-tennis\/","url":"https:\/\/newsestlyonnais.fr\/site\/2023\/06\/25\/decines-resultats-de-samedi-de-lopen-de-tennis\/","name":"DECINES | R\u00e9sultats de samedi de l\u2019open de tennis - News Est Lyonnais","isPartOf":{"@id":"https:\/\/newsestlyonnais.fr\/site\/#website"},"primaryImageOfPage":{"@id":"https:\/\/newsestlyonnais.fr\/site\/2023\/06\/25\/decines-resultats-de-samedi-de-lopen-de-tennis\/#primaryimage"},"image":{"@id":"https:\/\/newsestlyonnais.fr\/site\/2023\/06\/25\/decines-resultats-de-samedi-de-lopen-de-tennis\/#primaryimage"},"thumbnailUrl":"https:\/\/newsestlyonnais.fr\/site\/wp-content\/uploads\/2023\/06\/NEWSESTLYONNAIS-ACT-TC-DECINES-02.jpg","datePublished":"2023-06-25T05:52:58+00:00","dateModified":"2023-06-27T11:00:09+00:00","description":"DECINES | R\u00e9sultats de samedi de l\u2019open de tennis","breadcrumb":{"@id":"https:\/\/newsestlyonnais.fr\/site\/2023\/06\/25\/decines-resultats-de-samedi-de-lopen-de-tennis\/#breadcrumb"},"inLanguage":"fr-FR","potentialAction":[{"@type":"ReadAction","target":["https:\/\/newsestlyonnais.fr\/site\/2023\/06\/25\/decines-resultats-de-samedi-de-lopen-de-tennis\/"]}]},{"@type":"ImageObject","inLanguage":"fr-FR","@id":"https:\/\/newsestlyonnais.fr\/site\/2023\/06\/25\/decines-resultats-de-samedi-de-lopen-de-tennis\/#primaryimage","url":"https:\/\/newsestlyonnais.fr\/site\/wp-content\/uploads\/2023\/06\/NEWSESTLYONNAIS-ACT-TC-DECINES-02.jpg","contentUrl":"https:\/\/newsestlyonnais.fr\/site\/wp-content\/uploads\/2023\/06\/NEWSESTLYONNAIS-ACT-TC-DECINES-02.jpg","width":1200,"height":800},{"@type":"BreadcrumbList","@id":"https:\/\/newsestlyonnais.fr\/site\/2023\/06\/25\/decines-resultats-de-samedi-de-lopen-de-tennis\/#breadcrumb","itemListElement":[{"@type":"ListItem","position":1,"name":"Accueil","item":"https:\/\/newsestlyonnais.fr\/site\/"},{"@type":"ListItem","position":2,"name":"DECINES | R\u00e9sultats de samedi de l\u2019open de tennis"}]},{"@type":"WebSite","@id":"https:\/\/newsestlyonnais.fr\/site\/#website","url":"https:\/\/newsestlyonnais.fr\/site\/","name":"News Est Lyonnais","description":"L&#039;actualit\u00e9 au plus pr\u00e8s","publisher":{"@id":"https:\/\/newsestlyonnais.fr\/site\/#organization"},"potentialAction":[{"@type":"SearchAction","target":{"@type":"EntryPoint","urlTemplate":"https:\/\/newsestlyonnais.fr\/site\/?s={search_term_string}"},"query-input":{"@type":"PropertyValueSpecification","valueRequired":true,"valueName":"search_term_string"}}],"inLanguage":"fr-FR"},{"@type":"Organization","@id":"https:\/\/newsestlyonnais.fr\/site\/#organization","name":"News EST LYONNAIS","url":"https:\/\/newsestlyonnais.fr\/site\/","logo":{"@type":"ImageObject","inLanguage":"fr-FR","@id":"https:\/\/newsestlyonnais.fr\/site\/#\/schema\/logo\/image\/","url":"","contentUrl":"","caption":"News EST LYONNAIS"},"image":{"@id":"https:\/\/newsestlyonnais.fr\/site\/#\/schema\/logo\/image\/"}},{"@type":"Person","@id":"https:\/\/newsestlyonnais.fr\/site\/#\/schema\/person\/3230d5615f390bb808365d673001e887","name":"R\u00e9dac. NEWS","sameAs":["http:\/\/www.newsestlyonnais.fr","https:\/\/www.facebook.com\/pascal.oberson.1?fref=ts","https:\/\/fr.linkedin.com\/in\/pascal-oberson-b17045113"],"url":"https:\/\/newsestlyonnais.fr\/site\/author\/nel\/"}]}},"_links":{"self":[{"href":"https:\/\/newsestlyonnais.fr\/site\/wp-json\/wp\/v2\/posts\/185133","targetHints":{"allow":["GET"]}}],"collection":[{"href":"https:\/\/newsestlyonnais.fr\/site\/wp-json\/wp\/v2\/posts"}],"about":[{"href":"https:\/\/newsestlyonnais.fr\/site\/wp-json\/wp\/v2\/types\/post"}],"author":[{"embeddable":true,"href":"https:\/\/newsestlyonnais.fr\/site\/wp-json\/wp\/v2\/users\/4"}],"replies":[{"embeddable":true,"href":"https:\/\/newsestlyonnais.fr\/site\/wp-json\/wp\/v2\/comments?post=185133"}],"version-history":[{"count":0,"href":"https:\/\/newsestlyonnais.fr\/site\/wp-json\/wp\/v2\/posts\/185133\/revisions"}],"wp:featuredmedia":[{"embeddable":true,"href":"https:\/\/newsestlyonnais.fr\/site\/wp-json\/wp\/v2\/media\/184911"}],"wp:attachment":[{"href":"https:\/\/newsestlyonnais.fr\/site\/wp-json\/wp\/v2\/media?parent=185133"}],"wp:term":[{"taxonomy":"category","embeddable":true,"href":"https:\/\/newsestlyonnais.fr\/site\/wp-json\/wp\/v2\/categories?post=185133"},{"taxonomy":"post_tag","embeddable":true,"href":"https:\/\/newsestlyonnais.fr\/site\/wp-json\/wp\/v2\/tags?post=185133"}],"curies":[{"name":"wp","href":"https:\/\/api.w.org\/{rel}","templated":true}]}}