{"id":185204,"date":"2023-06-24T17:57:39","date_gmt":"2023-06-24T16:57:39","guid":{"rendered":"https:\/\/newsestlyonnais.fr\/site\/?p=185204"},"modified":"2023-06-24T17:57:39","modified_gmt":"2023-06-24T16:57:39","slug":"venissieux-mises-a-lhonneur-au-sen-no-sen-karate","status":"publish","type":"post","link":"https:\/\/newsestlyonnais.fr\/site\/2023\/06\/24\/venissieux-mises-a-lhonneur-au-sen-no-sen-karate\/","title":{"rendered":"VENISSIEUX | Mises \u00e0 l&rsquo;honneur au Sen No Sen Karat\u00e9"},"content":{"rendered":"<p class=\"ox-43ba7c1178-MsoNormal\"><strong>Apr\u00e8s un entra\u00eenement r\u00e9unissant plus de 130 karat\u00e9kas<\/strong>, les b\u00e9n\u00e9voles, entraineurs, arbitres et champions de l\u2019association ont \u00e9t\u00e9 mis \u00e0 l\u2019honneur.<\/p>\n<p class=\"ox-43ba7c1178-MsoNormal\">A noter, un moment important dans la vie d&rsquo;un karat\u00e9ka avec la <strong>remise de ceinture noire pour :<\/strong><\/p>\n<ul>\n<li class=\"ox-43ba7c1178-MsoNormal\"><strong>Corentin DA FONTE<\/strong><\/li>\n<li class=\"ox-43ba7c1178-MsoNormal\"><strong>Morgiane NEKOUL<\/strong><\/li>\n<li class=\"ox-43ba7c1178-MsoNormal\"><strong>Soumaya TAHRATI<\/strong><\/li>\n<li class=\"ox-43ba7c1178-MsoNormal\"><strong>Ambrine TAULEGNE<\/strong><\/li>\n<li><strong>Aziz SADEK<\/strong><\/li>\n<li><strong>Elham SANGERMANO<\/strong><\/li>\n<\/ul>\n<p class=\"ox-43ba7c1178-MsoNormal\">Pour la saison prochaine a notamment \u00e9t\u00e9 communiqu\u00e9, <strong>l\u2019embauche d\u2019un nouvel entra\u00eeneur<\/strong>\u00a0: Mohamed YAZID, 4<sup>e<\/sup> dan, titulaire d\u2019un DEJEPS, dont les enfants Rehane et Ilian brillent sous les couleurs du club depuis plusieurs ann\u00e9es. La soir\u00e9e s\u2019est conclue avec un ap\u00e9ritif dinatoire, moment d\u2019\u00e9change o\u00f9 chacun avait apport\u00e9 un plat \u00e0 partager.<\/p>\n<hr \/>\n<p class=\"ox-43ba7c1178-MsoNormal\"><span style=\"background-color: #000000; color: #ffffff;\">Cette soir\u00e9e est venue cl\u00f4turer une tr\u00e8s belle saison o\u00f9 le club, fort de ses 235 adh\u00e9rents, a remport\u00e9 5 m\u00e9dailles internationales, 21 m\u00e9dailles nationales dont 7 en or, 32 m\u00e9dailles r\u00e9gionales et a pu former 7 personnes \u00e0 des dipl\u00f4mes d\u2019enseignement b\u00e9n\u00e9voles<\/span>.<\/p>\n<div id='gallery-1' class='gallery galleryid-185204 gallery-columns-3 gallery-size-large'><figure class='gallery-item'>\n\t\t\t<div class='gallery-icon landscape'>\n\t\t\t\t<a href='https:\/\/newsestlyonnais.fr\/site\/2023\/06\/24\/venissieux-mises-a-lhonneur-au-sen-no-sen-karate\/cnr\/'><img loading=\"lazy\" decoding=\"async\" width=\"640\" height=\"426\" src=\"https:\/\/newsestlyonnais.fr\/site\/wp-content\/uploads\/2023\/06\/CNr-650x433.jpg\" class=\"attachment-large size-large\" alt=\"\" aria-describedby=\"gallery-1-185212\" srcset=\"https:\/\/newsestlyonnais.fr\/site\/wp-content\/uploads\/2023\/06\/CNr-650x433.jpg 650w, https:\/\/newsestlyonnais.fr\/site\/wp-content\/uploads\/2023\/06\/CNr-400x267.jpg 400w, https:\/\/newsestlyonnais.fr\/site\/wp-content\/uploads\/2023\/06\/CNr-250x167.jpg 250w, https:\/\/newsestlyonnais.fr\/site\/wp-content\/uploads\/2023\/06\/CNr-768x512.jpg 768w, https:\/\/newsestlyonnais.fr\/site\/wp-content\/uploads\/2023\/06\/CNr-150x100.jpg 150w, https:\/\/newsestlyonnais.fr\/site\/wp-content\/uploads\/2023\/06\/CNr-50x33.jpg 50w, https:\/\/newsestlyonnais.fr\/site\/wp-content\/uploads\/2023\/06\/CNr-100x67.jpg 100w, https:\/\/newsestlyonnais.fr\/site\/wp-content\/uploads\/2023\/06\/CNr-200x133.jpg 200w, https:\/\/newsestlyonnais.fr\/site\/wp-content\/uploads\/2023\/06\/CNr-300x200.jpg 300w, https:\/\/newsestlyonnais.fr\/site\/wp-content\/uploads\/2023\/06\/CNr-350x233.jpg 350w, https:\/\/newsestlyonnais.fr\/site\/wp-content\/uploads\/2023\/06\/CNr-450x300.jpg 450w, https:\/\/newsestlyonnais.fr\/site\/wp-content\/uploads\/2023\/06\/CNr-500x333.jpg 500w, https:\/\/newsestlyonnais.fr\/site\/wp-content\/uploads\/2023\/06\/CNr-550x367.jpg 550w, https:\/\/newsestlyonnais.fr\/site\/wp-content\/uploads\/2023\/06\/CNr-800x533.jpg 800w, https:\/\/newsestlyonnais.fr\/site\/wp-content\/uploads\/2023\/06\/CNr.jpg 1200w\" sizes=\"auto, (max-width: 640px) 100vw, 640px\" \/><\/a>\n\t\t\t<\/div>\n\t\t\t\t<figcaption class='wp-caption-text gallery-caption' id='gallery-1-185212'>\n\t\t\t\tRemise de ceinture noire\n\t\t\t\t<\/figcaption><\/figure><figure class='gallery-item'>\n\t\t\t<div class='gallery-icon portrait'>\n\t\t\t\t<a href='https:\/\/newsestlyonnais.fr\/site\/2023\/06\/24\/venissieux-mises-a-lhonneur-au-sen-no-sen-karate\/mohamedyazid\/'><img loading=\"lazy\" decoding=\"async\" width=\"500\" height=\"750\" src=\"https:\/\/newsestlyonnais.fr\/site\/wp-content\/uploads\/2023\/06\/MohamedYAZID-650x975.jpg\" class=\"attachment-large size-large\" alt=\"\" aria-describedby=\"gallery-1-185211\" srcset=\"https:\/\/newsestlyonnais.fr\/site\/wp-content\/uploads\/2023\/06\/MohamedYAZID-650x975.jpg 650w, https:\/\/newsestlyonnais.fr\/site\/wp-content\/uploads\/2023\/06\/MohamedYAZID-400x600.jpg 400w, https:\/\/newsestlyonnais.fr\/site\/wp-content\/uploads\/2023\/06\/MohamedYAZID-250x375.jpg 250w, https:\/\/newsestlyonnais.fr\/site\/wp-content\/uploads\/2023\/06\/MohamedYAZID-768x1152.jpg 768w, https:\/\/newsestlyonnais.fr\/site\/wp-content\/uploads\/2023\/06\/MohamedYAZID-150x225.jpg 150w, https:\/\/newsestlyonnais.fr\/site\/wp-content\/uploads\/2023\/06\/MohamedYAZID-50x75.jpg 50w, https:\/\/newsestlyonnais.fr\/site\/wp-content\/uploads\/2023\/06\/MohamedYAZID-100x150.jpg 100w, https:\/\/newsestlyonnais.fr\/site\/wp-content\/uploads\/2023\/06\/MohamedYAZID-200x300.jpg 200w, https:\/\/newsestlyonnais.fr\/site\/wp-content\/uploads\/2023\/06\/MohamedYAZID-300x450.jpg 300w, https:\/\/newsestlyonnais.fr\/site\/wp-content\/uploads\/2023\/06\/MohamedYAZID-350x525.jpg 350w, https:\/\/newsestlyonnais.fr\/site\/wp-content\/uploads\/2023\/06\/MohamedYAZID-450x675.jpg 450w, https:\/\/newsestlyonnais.fr\/site\/wp-content\/uploads\/2023\/06\/MohamedYAZID-500x750.jpg 500w, https:\/\/newsestlyonnais.fr\/site\/wp-content\/uploads\/2023\/06\/MohamedYAZID-550x825.jpg 550w, https:\/\/newsestlyonnais.fr\/site\/wp-content\/uploads\/2023\/06\/MohamedYAZID.jpg 800w\" sizes=\"auto, (max-width: 500px) 100vw, 500px\" \/><\/a>\n\t\t\t<\/div>\n\t\t\t\t<figcaption class='wp-caption-text gallery-caption' id='gallery-1-185211'>\n\t\t\t\tNouvel entra\u00eeneur : Mohamed YAZID\n\t\t\t\t<\/figcaption><\/figure>\n\t\t<\/div>\n\n","protected":false},"excerpt":{"rendered":"<p>Ce vendredi, le club v\u00e9nissian organisait sa soir\u00e9e de fin de saison sportive au gymnase Jacques Anquetil.<\/p>\n","protected":false},"author":4,"featured_media":185206,"comment_status":"open","ping_status":"open","sticky":false,"template":"","format":"standard","meta":{"footnotes":""},"categories":[2994,1353,2,1298],"tags":[2149,4098,2067],"class_list":["post-185204","post","type-post","status-publish","format-standard","has-post-thumbnail","hentry","category-judo-karate-taekwondo-sports","category-karate","category-sports","category-venissieux","tag-karate","tag-sen-no-sen-karate","tag-venissieux"],"yoast_head":"<!-- This site is optimized with the Yoast SEO plugin v27.2 - https:\/\/yoast.com\/product\/yoast-seo-wordpress\/ -->\n<title>VENISSIEUX | Mises \u00e0 l&#039;honneur au Sen No Sen Karat\u00e9 - News Est Lyonnais<\/title>\n<meta name=\"description\" content=\"VENISSIEUX | Mises \u00e0 l&#039;honneur au Sen No Sen Karat\u00e9\" \/>\n<meta name=\"robots\" content=\"index, follow, max-snippet:-1, max-image-preview:large, max-video-preview:-1\" \/>\n<link rel=\"canonical\" href=\"https:\/\/newsestlyonnais.fr\/site\/2023\/06\/24\/venissieux-mises-a-lhonneur-au-sen-no-sen-karate\/\" \/>\n<meta property=\"og:locale\" content=\"fr_FR\" \/>\n<meta property=\"og:type\" content=\"article\" \/>\n<meta property=\"og:title\" content=\"VENISSIEUX | Mises \u00e0 l&#039;honneur au Sen No Sen Karat\u00e9 - News Est Lyonnais\" \/>\n<meta property=\"og:description\" content=\"VENISSIEUX | Mises \u00e0 l&#039;honneur au Sen No Sen Karat\u00e9\" \/>\n<meta property=\"og:url\" content=\"https:\/\/newsestlyonnais.fr\/site\/2023\/06\/24\/venissieux-mises-a-lhonneur-au-sen-no-sen-karate\/\" \/>\n<meta property=\"og:site_name\" content=\"News Est Lyonnais\" \/>\n<meta property=\"article:author\" content=\"https:\/\/www.facebook.com\/pascal.oberson.1?fref=ts\" \/>\n<meta property=\"article:published_time\" content=\"2023-06-24T16:57:39+00:00\" \/>\n<meta property=\"og:image\" content=\"https:\/\/newsestlyonnais.fr\/site\/wp-content\/uploads\/2023\/06\/IMG_7915B.jpg\" \/>\n\t<meta property=\"og:image:width\" content=\"1200\" \/>\n\t<meta property=\"og:image:height\" content=\"330\" \/>\n\t<meta property=\"og:image:type\" content=\"image\/jpeg\" \/>\n<meta name=\"author\" content=\"R\u00e9dac. NEWS\" \/>\n<meta name=\"twitter:card\" content=\"summary_large_image\" \/>\n<meta name=\"twitter:label1\" content=\"\u00c9crit par\" \/>\n\t<meta name=\"twitter:data1\" content=\"R\u00e9dac. NEWS\" \/>\n\t<meta name=\"twitter:label2\" content=\"Dur\u00e9e de lecture estim\u00e9e\" \/>\n\t<meta name=\"twitter:data2\" content=\"1 minute\" \/>\n<script type=\"application\/ld+json\" class=\"yoast-schema-graph\">{\"@context\":\"https:\/\/schema.org\",\"@graph\":[{\"@type\":\"Article\",\"@id\":\"https:\/\/newsestlyonnais.fr\/site\/2023\/06\/24\/venissieux-mises-a-lhonneur-au-sen-no-sen-karate\/#article\",\"isPartOf\":{\"@id\":\"https:\/\/newsestlyonnais.fr\/site\/2023\/06\/24\/venissieux-mises-a-lhonneur-au-sen-no-sen-karate\/\"},\"author\":{\"name\":\"R\u00e9dac. NEWS\",\"@id\":\"https:\/\/newsestlyonnais.fr\/site\/#\/schema\/person\/3230d5615f390bb808365d673001e887\"},\"headline\":\"VENISSIEUX | Mises \u00e0 l&rsquo;honneur au Sen No Sen Karat\u00e9\",\"datePublished\":\"2023-06-24T16:57:39+00:00\",\"mainEntityOfPage\":{\"@id\":\"https:\/\/newsestlyonnais.fr\/site\/2023\/06\/24\/venissieux-mises-a-lhonneur-au-sen-no-sen-karate\/\"},\"wordCount\":182,\"commentCount\":0,\"publisher\":{\"@id\":\"https:\/\/newsestlyonnais.fr\/site\/#organization\"},\"image\":{\"@id\":\"https:\/\/newsestlyonnais.fr\/site\/2023\/06\/24\/venissieux-mises-a-lhonneur-au-sen-no-sen-karate\/#primaryimage\"},\"thumbnailUrl\":\"https:\/\/newsestlyonnais.fr\/site\/wp-content\/uploads\/2023\/06\/IMG_7915B.jpg\",\"keywords\":[\"KARATE\",\"Sen No Sen karat\u00e9\",\"VENISSIEUX\"],\"articleSection\":[\"Judo| Karat\u00e9| Taekwondo\",\"Karat\u00e9\",\"Sports\",\"V\u00e9nissieux\"],\"inLanguage\":\"fr-FR\",\"potentialAction\":[{\"@type\":\"CommentAction\",\"name\":\"Comment\",\"target\":[\"https:\/\/newsestlyonnais.fr\/site\/2023\/06\/24\/venissieux-mises-a-lhonneur-au-sen-no-sen-karate\/#respond\"]}]},{\"@type\":\"WebPage\",\"@id\":\"https:\/\/newsestlyonnais.fr\/site\/2023\/06\/24\/venissieux-mises-a-lhonneur-au-sen-no-sen-karate\/\",\"url\":\"https:\/\/newsestlyonnais.fr\/site\/2023\/06\/24\/venissieux-mises-a-lhonneur-au-sen-no-sen-karate\/\",\"name\":\"VENISSIEUX | Mises \u00e0 l'honneur au Sen No Sen Karat\u00e9 - News Est Lyonnais\",\"isPartOf\":{\"@id\":\"https:\/\/newsestlyonnais.fr\/site\/#website\"},\"primaryImageOfPage\":{\"@id\":\"https:\/\/newsestlyonnais.fr\/site\/2023\/06\/24\/venissieux-mises-a-lhonneur-au-sen-no-sen-karate\/#primaryimage\"},\"image\":{\"@id\":\"https:\/\/newsestlyonnais.fr\/site\/2023\/06\/24\/venissieux-mises-a-lhonneur-au-sen-no-sen-karate\/#primaryimage\"},\"thumbnailUrl\":\"https:\/\/newsestlyonnais.fr\/site\/wp-content\/uploads\/2023\/06\/IMG_7915B.jpg\",\"datePublished\":\"2023-06-24T16:57:39+00:00\",\"description\":\"VENISSIEUX | Mises \u00e0 l'honneur au Sen No Sen Karat\u00e9\",\"breadcrumb\":{\"@id\":\"https:\/\/newsestlyonnais.fr\/site\/2023\/06\/24\/venissieux-mises-a-lhonneur-au-sen-no-sen-karate\/#breadcrumb\"},\"inLanguage\":\"fr-FR\",\"potentialAction\":[{\"@type\":\"ReadAction\",\"target\":[\"https:\/\/newsestlyonnais.fr\/site\/2023\/06\/24\/venissieux-mises-a-lhonneur-au-sen-no-sen-karate\/\"]}]},{\"@type\":\"ImageObject\",\"inLanguage\":\"fr-FR\",\"@id\":\"https:\/\/newsestlyonnais.fr\/site\/2023\/06\/24\/venissieux-mises-a-lhonneur-au-sen-no-sen-karate\/#primaryimage\",\"url\":\"https:\/\/newsestlyonnais.fr\/site\/wp-content\/uploads\/2023\/06\/IMG_7915B.jpg\",\"contentUrl\":\"https:\/\/newsestlyonnais.fr\/site\/wp-content\/uploads\/2023\/06\/IMG_7915B.jpg\",\"width\":1200,\"height\":330},{\"@type\":\"BreadcrumbList\",\"@id\":\"https:\/\/newsestlyonnais.fr\/site\/2023\/06\/24\/venissieux-mises-a-lhonneur-au-sen-no-sen-karate\/#breadcrumb\",\"itemListElement\":[{\"@type\":\"ListItem\",\"position\":1,\"name\":\"Accueil\",\"item\":\"https:\/\/newsestlyonnais.fr\/site\/\"},{\"@type\":\"ListItem\",\"position\":2,\"name\":\"VENISSIEUX | Mises \u00e0 l&rsquo;honneur au Sen No Sen Karat\u00e9\"}]},{\"@type\":\"WebSite\",\"@id\":\"https:\/\/newsestlyonnais.fr\/site\/#website\",\"url\":\"https:\/\/newsestlyonnais.fr\/site\/\",\"name\":\"News Est Lyonnais\",\"description\":\"L&#039;actualit\u00e9 au plus pr\u00e8s\",\"publisher\":{\"@id\":\"https:\/\/newsestlyonnais.fr\/site\/#organization\"},\"potentialAction\":[{\"@type\":\"SearchAction\",\"target\":{\"@type\":\"EntryPoint\",\"urlTemplate\":\"https:\/\/newsestlyonnais.fr\/site\/?s={search_term_string}\"},\"query-input\":{\"@type\":\"PropertyValueSpecification\",\"valueRequired\":true,\"valueName\":\"search_term_string\"}}],\"inLanguage\":\"fr-FR\"},{\"@type\":\"Organization\",\"@id\":\"https:\/\/newsestlyonnais.fr\/site\/#organization\",\"name\":\"News EST LYONNAIS\",\"url\":\"https:\/\/newsestlyonnais.fr\/site\/\",\"logo\":{\"@type\":\"ImageObject\",\"inLanguage\":\"fr-FR\",\"@id\":\"https:\/\/newsestlyonnais.fr\/site\/#\/schema\/logo\/image\/\",\"url\":\"\",\"contentUrl\":\"\",\"caption\":\"News EST LYONNAIS\"},\"image\":{\"@id\":\"https:\/\/newsestlyonnais.fr\/site\/#\/schema\/logo\/image\/\"}},{\"@type\":\"Person\",\"@id\":\"https:\/\/newsestlyonnais.fr\/site\/#\/schema\/person\/3230d5615f390bb808365d673001e887\",\"name\":\"R\u00e9dac. NEWS\",\"sameAs\":[\"http:\/\/www.newsestlyonnais.fr\",\"https:\/\/www.facebook.com\/pascal.oberson.1?fref=ts\",\"https:\/\/fr.linkedin.com\/in\/pascal-oberson-b17045113\"],\"url\":\"https:\/\/newsestlyonnais.fr\/site\/author\/nel\/\"}]}<\/script>\n<!-- \/ Yoast SEO plugin. -->","yoast_head_json":{"title":"VENISSIEUX | Mises \u00e0 l'honneur au Sen No Sen Karat\u00e9 - News Est Lyonnais","description":"VENISSIEUX | Mises \u00e0 l'honneur au Sen No Sen Karat\u00e9","robots":{"index":"index","follow":"follow","max-snippet":"max-snippet:-1","max-image-preview":"max-image-preview:large","max-video-preview":"max-video-preview:-1"},"canonical":"https:\/\/newsestlyonnais.fr\/site\/2023\/06\/24\/venissieux-mises-a-lhonneur-au-sen-no-sen-karate\/","og_locale":"fr_FR","og_type":"article","og_title":"VENISSIEUX | Mises \u00e0 l'honneur au Sen No Sen Karat\u00e9 - News Est Lyonnais","og_description":"VENISSIEUX | Mises \u00e0 l'honneur au Sen No Sen Karat\u00e9","og_url":"https:\/\/newsestlyonnais.fr\/site\/2023\/06\/24\/venissieux-mises-a-lhonneur-au-sen-no-sen-karate\/","og_site_name":"News Est Lyonnais","article_author":"https:\/\/www.facebook.com\/pascal.oberson.1?fref=ts","article_published_time":"2023-06-24T16:57:39+00:00","og_image":[{"width":1200,"height":330,"url":"https:\/\/newsestlyonnais.fr\/site\/wp-content\/uploads\/2023\/06\/IMG_7915B.jpg","type":"image\/jpeg"}],"author":"R\u00e9dac. NEWS","twitter_card":"summary_large_image","twitter_misc":{"\u00c9crit par":"R\u00e9dac. NEWS","Dur\u00e9e de lecture estim\u00e9e":"1 minute"},"schema":{"@context":"https:\/\/schema.org","@graph":[{"@type":"Article","@id":"https:\/\/newsestlyonnais.fr\/site\/2023\/06\/24\/venissieux-mises-a-lhonneur-au-sen-no-sen-karate\/#article","isPartOf":{"@id":"https:\/\/newsestlyonnais.fr\/site\/2023\/06\/24\/venissieux-mises-a-lhonneur-au-sen-no-sen-karate\/"},"author":{"name":"R\u00e9dac. NEWS","@id":"https:\/\/newsestlyonnais.fr\/site\/#\/schema\/person\/3230d5615f390bb808365d673001e887"},"headline":"VENISSIEUX | Mises \u00e0 l&rsquo;honneur au Sen No Sen Karat\u00e9","datePublished":"2023-06-24T16:57:39+00:00","mainEntityOfPage":{"@id":"https:\/\/newsestlyonnais.fr\/site\/2023\/06\/24\/venissieux-mises-a-lhonneur-au-sen-no-sen-karate\/"},"wordCount":182,"commentCount":0,"publisher":{"@id":"https:\/\/newsestlyonnais.fr\/site\/#organization"},"image":{"@id":"https:\/\/newsestlyonnais.fr\/site\/2023\/06\/24\/venissieux-mises-a-lhonneur-au-sen-no-sen-karate\/#primaryimage"},"thumbnailUrl":"https:\/\/newsestlyonnais.fr\/site\/wp-content\/uploads\/2023\/06\/IMG_7915B.jpg","keywords":["KARATE","Sen No Sen karat\u00e9","VENISSIEUX"],"articleSection":["Judo| Karat\u00e9| Taekwondo","Karat\u00e9","Sports","V\u00e9nissieux"],"inLanguage":"fr-FR","potentialAction":[{"@type":"CommentAction","name":"Comment","target":["https:\/\/newsestlyonnais.fr\/site\/2023\/06\/24\/venissieux-mises-a-lhonneur-au-sen-no-sen-karate\/#respond"]}]},{"@type":"WebPage","@id":"https:\/\/newsestlyonnais.fr\/site\/2023\/06\/24\/venissieux-mises-a-lhonneur-au-sen-no-sen-karate\/","url":"https:\/\/newsestlyonnais.fr\/site\/2023\/06\/24\/venissieux-mises-a-lhonneur-au-sen-no-sen-karate\/","name":"VENISSIEUX | Mises \u00e0 l'honneur au Sen No Sen Karat\u00e9 - News Est Lyonnais","isPartOf":{"@id":"https:\/\/newsestlyonnais.fr\/site\/#website"},"primaryImageOfPage":{"@id":"https:\/\/newsestlyonnais.fr\/site\/2023\/06\/24\/venissieux-mises-a-lhonneur-au-sen-no-sen-karate\/#primaryimage"},"image":{"@id":"https:\/\/newsestlyonnais.fr\/site\/2023\/06\/24\/venissieux-mises-a-lhonneur-au-sen-no-sen-karate\/#primaryimage"},"thumbnailUrl":"https:\/\/newsestlyonnais.fr\/site\/wp-content\/uploads\/2023\/06\/IMG_7915B.jpg","datePublished":"2023-06-24T16:57:39+00:00","description":"VENISSIEUX | Mises \u00e0 l'honneur au Sen No Sen Karat\u00e9","breadcrumb":{"@id":"https:\/\/newsestlyonnais.fr\/site\/2023\/06\/24\/venissieux-mises-a-lhonneur-au-sen-no-sen-karate\/#breadcrumb"},"inLanguage":"fr-FR","potentialAction":[{"@type":"ReadAction","target":["https:\/\/newsestlyonnais.fr\/site\/2023\/06\/24\/venissieux-mises-a-lhonneur-au-sen-no-sen-karate\/"]}]},{"@type":"ImageObject","inLanguage":"fr-FR","@id":"https:\/\/newsestlyonnais.fr\/site\/2023\/06\/24\/venissieux-mises-a-lhonneur-au-sen-no-sen-karate\/#primaryimage","url":"https:\/\/newsestlyonnais.fr\/site\/wp-content\/uploads\/2023\/06\/IMG_7915B.jpg","contentUrl":"https:\/\/newsestlyonnais.fr\/site\/wp-content\/uploads\/2023\/06\/IMG_7915B.jpg","width":1200,"height":330},{"@type":"BreadcrumbList","@id":"https:\/\/newsestlyonnais.fr\/site\/2023\/06\/24\/venissieux-mises-a-lhonneur-au-sen-no-sen-karate\/#breadcrumb","itemListElement":[{"@type":"ListItem","position":1,"name":"Accueil","item":"https:\/\/newsestlyonnais.fr\/site\/"},{"@type":"ListItem","position":2,"name":"VENISSIEUX | Mises \u00e0 l&rsquo;honneur au Sen No Sen Karat\u00e9"}]},{"@type":"WebSite","@id":"https:\/\/newsestlyonnais.fr\/site\/#website","url":"https:\/\/newsestlyonnais.fr\/site\/","name":"News Est Lyonnais","description":"L&#039;actualit\u00e9 au plus pr\u00e8s","publisher":{"@id":"https:\/\/newsestlyonnais.fr\/site\/#organization"},"potentialAction":[{"@type":"SearchAction","target":{"@type":"EntryPoint","urlTemplate":"https:\/\/newsestlyonnais.fr\/site\/?s={search_term_string}"},"query-input":{"@type":"PropertyValueSpecification","valueRequired":true,"valueName":"search_term_string"}}],"inLanguage":"fr-FR"},{"@type":"Organization","@id":"https:\/\/newsestlyonnais.fr\/site\/#organization","name":"News EST LYONNAIS","url":"https:\/\/newsestlyonnais.fr\/site\/","logo":{"@type":"ImageObject","inLanguage":"fr-FR","@id":"https:\/\/newsestlyonnais.fr\/site\/#\/schema\/logo\/image\/","url":"","contentUrl":"","caption":"News EST LYONNAIS"},"image":{"@id":"https:\/\/newsestlyonnais.fr\/site\/#\/schema\/logo\/image\/"}},{"@type":"Person","@id":"https:\/\/newsestlyonnais.fr\/site\/#\/schema\/person\/3230d5615f390bb808365d673001e887","name":"R\u00e9dac. NEWS","sameAs":["http:\/\/www.newsestlyonnais.fr","https:\/\/www.facebook.com\/pascal.oberson.1?fref=ts","https:\/\/fr.linkedin.com\/in\/pascal-oberson-b17045113"],"url":"https:\/\/newsestlyonnais.fr\/site\/author\/nel\/"}]}},"_links":{"self":[{"href":"https:\/\/newsestlyonnais.fr\/site\/wp-json\/wp\/v2\/posts\/185204","targetHints":{"allow":["GET"]}}],"collection":[{"href":"https:\/\/newsestlyonnais.fr\/site\/wp-json\/wp\/v2\/posts"}],"about":[{"href":"https:\/\/newsestlyonnais.fr\/site\/wp-json\/wp\/v2\/types\/post"}],"author":[{"embeddable":true,"href":"https:\/\/newsestlyonnais.fr\/site\/wp-json\/wp\/v2\/users\/4"}],"replies":[{"embeddable":true,"href":"https:\/\/newsestlyonnais.fr\/site\/wp-json\/wp\/v2\/comments?post=185204"}],"version-history":[{"count":0,"href":"https:\/\/newsestlyonnais.fr\/site\/wp-json\/wp\/v2\/posts\/185204\/revisions"}],"wp:featuredmedia":[{"embeddable":true,"href":"https:\/\/newsestlyonnais.fr\/site\/wp-json\/wp\/v2\/media\/185206"}],"wp:attachment":[{"href":"https:\/\/newsestlyonnais.fr\/site\/wp-json\/wp\/v2\/media?parent=185204"}],"wp:term":[{"taxonomy":"category","embeddable":true,"href":"https:\/\/newsestlyonnais.fr\/site\/wp-json\/wp\/v2\/categories?post=185204"},{"taxonomy":"post_tag","embeddable":true,"href":"https:\/\/newsestlyonnais.fr\/site\/wp-json\/wp\/v2\/tags?post=185204"}],"curies":[{"name":"wp","href":"https:\/\/api.w.org\/{rel}","templated":true}]}}