{"id":186228,"date":"2023-07-02T15:17:53","date_gmt":"2023-07-02T14:17:53","guid":{"rendered":"https:\/\/newsestlyonnais.fr\/site\/?p=186228"},"modified":"2024-11-06T18:52:09","modified_gmt":"2024-11-06T17:52:09","slug":"meyzieu-lopen-de-tennis-a-rendu-son-verdict-2","status":"publish","type":"post","link":"https:\/\/newsestlyonnais.fr\/site\/2023\/07\/02\/meyzieu-lopen-de-tennis-a-rendu-son-verdict-2\/","title":{"rendered":"MEYZIEU | L&rsquo;Open de tennis a rendu son verdict"},"content":{"rendered":"<p>Un tournoi supervis\u00e9 par la juge-arbitre Marie-Isabelle Ponsson qui aura <strong>d\u00e9pass\u00e9 la barre des 200 participants (204 exactement, soit 38 de plus qu&rsquo;en 2022)<\/strong> r\u00e9partis ainsi dans les 3 tableaux : dames (41), messieurs (115) et messieurs + 35 ans (48).<\/p>\n<p>\u00ab\u00a0Un tournoi qui tient bien la route et dont sa r\u00e9putation persiste\u00a0\u00bb a d\u00e9clar\u00e9 Robert Lassia, pr\u00e9sident d&rsquo;honneur du club majolan, lors de la remise des r\u00e9compenses.<\/p>\n<hr \/>\n<p><span style=\"background-color: #000000; color: #ffcc00; font-size: 14pt;\">Les r\u00e9sultats de cette \u00e9dition 2023 <\/span><\/p>\n<figure id=\"attachment_186265\" aria-describedby=\"caption-attachment-186265\" style=\"width: 230px\" class=\"wp-caption alignright\"><img loading=\"lazy\" decoding=\"async\" class=\"wp-image-186265\" src=\"https:\/\/newsestlyonnais.fr\/site\/wp-content\/uploads\/2023\/07\/P1490961-400x300.jpg\" alt=\"\" width=\"230\" height=\"173\" srcset=\"https:\/\/newsestlyonnais.fr\/site\/wp-content\/uploads\/2023\/07\/P1490961-400x300.jpg 400w, https:\/\/newsestlyonnais.fr\/site\/wp-content\/uploads\/2023\/07\/P1490961-650x488.jpg 650w, https:\/\/newsestlyonnais.fr\/site\/wp-content\/uploads\/2023\/07\/P1490961-250x188.jpg 250w, https:\/\/newsestlyonnais.fr\/site\/wp-content\/uploads\/2023\/07\/P1490961-768x576.jpg 768w, https:\/\/newsestlyonnais.fr\/site\/wp-content\/uploads\/2023\/07\/P1490961-150x113.jpg 150w, https:\/\/newsestlyonnais.fr\/site\/wp-content\/uploads\/2023\/07\/P1490961-50x38.jpg 50w, https:\/\/newsestlyonnais.fr\/site\/wp-content\/uploads\/2023\/07\/P1490961-100x75.jpg 100w, https:\/\/newsestlyonnais.fr\/site\/wp-content\/uploads\/2023\/07\/P1490961-200x150.jpg 200w, https:\/\/newsestlyonnais.fr\/site\/wp-content\/uploads\/2023\/07\/P1490961-300x225.jpg 300w, https:\/\/newsestlyonnais.fr\/site\/wp-content\/uploads\/2023\/07\/P1490961-350x263.jpg 350w, https:\/\/newsestlyonnais.fr\/site\/wp-content\/uploads\/2023\/07\/P1490961-450x338.jpg 450w, https:\/\/newsestlyonnais.fr\/site\/wp-content\/uploads\/2023\/07\/P1490961-500x375.jpg 500w, https:\/\/newsestlyonnais.fr\/site\/wp-content\/uploads\/2023\/07\/P1490961-550x413.jpg 550w, https:\/\/newsestlyonnais.fr\/site\/wp-content\/uploads\/2023\/07\/P1490961-800x600.jpg 800w, https:\/\/newsestlyonnais.fr\/site\/wp-content\/uploads\/2023\/07\/P1490961.jpg 1200w\" sizes=\"auto, (max-width: 230px) 100vw, 230px\" \/><figcaption id=\"caption-attachment-186265\" class=\"wp-caption-text\">Allyah Elong (\u00e0 gauche) vainqueur<\/figcaption><\/figure>\n<p><span style=\"background-color: #000000; color: #ffffff;\"><strong>Tableau f\u00e9minin<\/strong><\/span><\/p>\n<p>Une ultime partie conclue en un peu plus de 2 heures entre deux jeunes lyonnaises, la plus \u00e2g\u00e9e (20 ans) s&rsquo;imposant en 2 sets face \u00e0 son adversaire (15 ans seulement).<\/p>\n<p><span style=\"background-color: #000000; color: #ffcc00;\"><strong><u>Finale<\/u> <\/strong>: <strong>Allyah Elong<\/strong>\u00a0 (TC Lyon, 4\/6) bat Nassara Couriera (FCL Tennis, 4\/6)\u00a0\u00a0\u00a0 <\/span><strong><span style=\"background-color: #000000; color: #ffcc00;\">6\/2, 6\/2<\/span>.<\/strong><\/p>\n<p><strong><u>Meilleurs parcours<\/u><\/strong> : <strong>Romane Brunet<\/strong> (Rh\u00f4ne Sportif, 30\/2) et <strong>Mariana Bostmambrun <\/strong>(Meyzieu Tennis, 15\/5) qui ont perdu au 5\u00b0 tour.<\/p>\n<hr \/>\n<p><span style=\"background-color: #000000; color: #ffffff;\"><strong><img loading=\"lazy\" decoding=\"async\" class=\"alignright wp-image-186273\" src=\"https:\/\/newsestlyonnais.fr\/site\/wp-content\/uploads\/2023\/07\/P1490971-400x300.jpg\" alt=\"\" width=\"300\" height=\"225\" srcset=\"https:\/\/newsestlyonnais.fr\/site\/wp-content\/uploads\/2023\/07\/P1490971-400x300.jpg 400w, https:\/\/newsestlyonnais.fr\/site\/wp-content\/uploads\/2023\/07\/P1490971-650x488.jpg 650w, https:\/\/newsestlyonnais.fr\/site\/wp-content\/uploads\/2023\/07\/P1490971-250x188.jpg 250w, https:\/\/newsestlyonnais.fr\/site\/wp-content\/uploads\/2023\/07\/P1490971-768x576.jpg 768w, https:\/\/newsestlyonnais.fr\/site\/wp-content\/uploads\/2023\/07\/P1490971-150x113.jpg 150w, https:\/\/newsestlyonnais.fr\/site\/wp-content\/uploads\/2023\/07\/P1490971-50x38.jpg 50w, https:\/\/newsestlyonnais.fr\/site\/wp-content\/uploads\/2023\/07\/P1490971-100x75.jpg 100w, https:\/\/newsestlyonnais.fr\/site\/wp-content\/uploads\/2023\/07\/P1490971-200x150.jpg 200w, https:\/\/newsestlyonnais.fr\/site\/wp-content\/uploads\/2023\/07\/P1490971-300x225.jpg 300w, https:\/\/newsestlyonnais.fr\/site\/wp-content\/uploads\/2023\/07\/P1490971-350x263.jpg 350w, https:\/\/newsestlyonnais.fr\/site\/wp-content\/uploads\/2023\/07\/P1490971-450x338.jpg 450w, https:\/\/newsestlyonnais.fr\/site\/wp-content\/uploads\/2023\/07\/P1490971-500x375.jpg 500w, https:\/\/newsestlyonnais.fr\/site\/wp-content\/uploads\/2023\/07\/P1490971-550x413.jpg 550w, https:\/\/newsestlyonnais.fr\/site\/wp-content\/uploads\/2023\/07\/P1490971-800x600.jpg 800w, https:\/\/newsestlyonnais.fr\/site\/wp-content\/uploads\/2023\/07\/P1490971.jpg 1200w\" sizes=\"auto, (max-width: 300px) 100vw, 300px\" \/>Tableau masculin<\/strong><\/span><\/p>\n<p>La seule finale du jour qui s&rsquo;est jou\u00e9e en 3 sets a vu le succ\u00e8s entre les 2 \u00ab\u00a0Alexis\u00a0\u00bb du joueur de l&rsquo;ASPTT Grand Lyon, face au tenant du titre.<\/p>\n<p><span style=\"background-color: #000000; color: #ffcc00;\"><strong><u>Finale<\/u> <\/strong>: <strong>Alexis Aulagnier<\/strong> (ASPTT Gd Lyon Tennis, 3\/6) bat Alexis Gerra (Chassieu Tennis, 1\/6) \u00a0 \u00a0 \u00a0\u00a0<strong> 6\/3, 3\/6,6\/3. <\/strong><\/span><\/p>\n<p><strong><u>Meilleurs parcours<\/u><\/strong> : <strong>Quentin Bernardi<\/strong> (RC Montluel, 15\/3) d\u00e9fait au 5\u00b0 tour et <strong>Ethan Franzoni-Lefevre<\/strong> (TC St Maurice, 15\/5) au 4\u00b0 tour.<\/p>\n<hr \/>\n<p><span style=\"background-color: #000000; color: #ffffff;\"><strong><img loading=\"lazy\" decoding=\"async\" class=\"alignright wp-image-186275\" src=\"https:\/\/newsestlyonnais.fr\/site\/wp-content\/uploads\/2023\/07\/P1490975-400x450.jpg\" alt=\"\" width=\"267\" height=\"300\" srcset=\"https:\/\/newsestlyonnais.fr\/site\/wp-content\/uploads\/2023\/07\/P1490975-400x450.jpg 400w, https:\/\/newsestlyonnais.fr\/site\/wp-content\/uploads\/2023\/07\/P1490975-650x731.jpg 650w, https:\/\/newsestlyonnais.fr\/site\/wp-content\/uploads\/2023\/07\/P1490975-250x281.jpg 250w, https:\/\/newsestlyonnais.fr\/site\/wp-content\/uploads\/2023\/07\/P1490975-150x169.jpg 150w, https:\/\/newsestlyonnais.fr\/site\/wp-content\/uploads\/2023\/07\/P1490975-50x56.jpg 50w, https:\/\/newsestlyonnais.fr\/site\/wp-content\/uploads\/2023\/07\/P1490975-100x113.jpg 100w, https:\/\/newsestlyonnais.fr\/site\/wp-content\/uploads\/2023\/07\/P1490975-200x225.jpg 200w, https:\/\/newsestlyonnais.fr\/site\/wp-content\/uploads\/2023\/07\/P1490975-300x338.jpg 300w, https:\/\/newsestlyonnais.fr\/site\/wp-content\/uploads\/2023\/07\/P1490975-350x394.jpg 350w, https:\/\/newsestlyonnais.fr\/site\/wp-content\/uploads\/2023\/07\/P1490975-450x506.jpg 450w, https:\/\/newsestlyonnais.fr\/site\/wp-content\/uploads\/2023\/07\/P1490975-500x563.jpg 500w, https:\/\/newsestlyonnais.fr\/site\/wp-content\/uploads\/2023\/07\/P1490975-550x619.jpg 550w, https:\/\/newsestlyonnais.fr\/site\/wp-content\/uploads\/2023\/07\/P1490975.jpg 687w\" sizes=\"auto, (max-width: 267px) 100vw, 267px\" \/>Tableau masculin<\/strong> <strong>35 ans<\/strong><\/span><\/p>\n<p>Succ\u00e8s du jonageois, dans ce tableau v\u00e9t\u00e9ran hommes, qui l&rsquo;a emport\u00e9 en peu plus de 2 heures face \u00e0 son adversaire is\u00e9rois.<\/p>\n<p><span style=\"background-color: #000000;\"><span style=\"color: #ffcc00;\"><strong><u>Finale<\/u> <\/strong>: <strong>S\u00e9bastien Monchamp <\/strong>(TC Jonage, 15\/2) bat Renaud Bugnazet (TC La Verpill\u00e8re, 15\/3)\u00a0\u00a0 <\/span><strong><span style=\"color: #ffcc00;\">6\/3, 7\/6.<\/span> \u00a0<\/strong><\/span><\/p>\n<p><strong><u>Meilleurs parcours<\/u><\/strong> : <strong>Olivier Torre<\/strong> (Rh\u00f4ne Sportif, 30) perdu au 5\u00b0 tour &amp; <strong>Thomas Bourgeois<\/strong> (TC Genas, 40) qui a \u00e9t\u00e9 d\u00e9fait au 6\u00b0 tour.<\/p>\n<hr \/>\n<p><span style=\"font-size: 14pt;\"><strong><span style=\"background-color: #000000; color: #ffcc00;\">NOTA :<\/span><\/strong><\/span> Le club de Meyzieu Tennis pr\u00e9sid\u00e9 par Nasser Hannous accueillera le week-end des 23 et 24 septembre prochains, les finales de ce 2\u00b0 Master Tour de l&rsquo;Est Lyonnais.<\/p>\n<hr \/>\n<div id='gallery-1' class='gallery galleryid-186228 gallery-columns-2 gallery-size-large'><figure class='gallery-item'>\n\t\t\t<div class='gallery-icon landscape'>\n\t\t\t\t<a href='https:\/\/newsestlyonnais.fr\/site\/2023\/07\/02\/meyzieu-lopen-de-tennis-a-rendu-son-verdict-2\/p1490963\/'><img loading=\"lazy\" decoding=\"async\" width=\"640\" height=\"480\" src=\"https:\/\/newsestlyonnais.fr\/site\/wp-content\/uploads\/2023\/07\/P1490963-650x488.jpg\" class=\"attachment-large size-large\" alt=\"\" aria-describedby=\"gallery-1-186271\" srcset=\"https:\/\/newsestlyonnais.fr\/site\/wp-content\/uploads\/2023\/07\/P1490963-650x488.jpg 650w, https:\/\/newsestlyonnais.fr\/site\/wp-content\/uploads\/2023\/07\/P1490963-400x300.jpg 400w, https:\/\/newsestlyonnais.fr\/site\/wp-content\/uploads\/2023\/07\/P1490963-250x188.jpg 250w, https:\/\/newsestlyonnais.fr\/site\/wp-content\/uploads\/2023\/07\/P1490963-768x576.jpg 768w, https:\/\/newsestlyonnais.fr\/site\/wp-content\/uploads\/2023\/07\/P1490963-150x113.jpg 150w, https:\/\/newsestlyonnais.fr\/site\/wp-content\/uploads\/2023\/07\/P1490963-50x38.jpg 50w, https:\/\/newsestlyonnais.fr\/site\/wp-content\/uploads\/2023\/07\/P1490963-100x75.jpg 100w, https:\/\/newsestlyonnais.fr\/site\/wp-content\/uploads\/2023\/07\/P1490963-200x150.jpg 200w, https:\/\/newsestlyonnais.fr\/site\/wp-content\/uploads\/2023\/07\/P1490963-300x225.jpg 300w, https:\/\/newsestlyonnais.fr\/site\/wp-content\/uploads\/2023\/07\/P1490963-350x263.jpg 350w, https:\/\/newsestlyonnais.fr\/site\/wp-content\/uploads\/2023\/07\/P1490963-450x338.jpg 450w, https:\/\/newsestlyonnais.fr\/site\/wp-content\/uploads\/2023\/07\/P1490963-500x375.jpg 500w, https:\/\/newsestlyonnais.fr\/site\/wp-content\/uploads\/2023\/07\/P1490963-550x413.jpg 550w, https:\/\/newsestlyonnais.fr\/site\/wp-content\/uploads\/2023\/07\/P1490963-800x600.jpg 800w, https:\/\/newsestlyonnais.fr\/site\/wp-content\/uploads\/2023\/07\/P1490963.jpg 1200w\" sizes=\"auto, (max-width: 640px) 100vw, 640px\" \/><\/a>\n\t\t\t<\/div>\n\t\t\t\t<figcaption class='wp-caption-text gallery-caption' id='gallery-1-186271'>\n\t\t\t\tLa remise des r\u00e9compenses\n\t\t\t\t<\/figcaption><\/figure><figure class='gallery-item'>\n\t\t\t<div class='gallery-icon landscape'>\n\t\t\t\t<a href='https:\/\/newsestlyonnais.fr\/site\/2023\/07\/02\/meyzieu-lopen-de-tennis-a-rendu-son-verdict-2\/p1490981\/'><img loading=\"lazy\" decoding=\"async\" width=\"640\" height=\"480\" src=\"https:\/\/newsestlyonnais.fr\/site\/wp-content\/uploads\/2023\/07\/P1490981-650x488.jpg\" class=\"attachment-large size-large\" alt=\"\" aria-describedby=\"gallery-1-186281\" srcset=\"https:\/\/newsestlyonnais.fr\/site\/wp-content\/uploads\/2023\/07\/P1490981-650x488.jpg 650w, https:\/\/newsestlyonnais.fr\/site\/wp-content\/uploads\/2023\/07\/P1490981-400x300.jpg 400w, https:\/\/newsestlyonnais.fr\/site\/wp-content\/uploads\/2023\/07\/P1490981-250x188.jpg 250w, https:\/\/newsestlyonnais.fr\/site\/wp-content\/uploads\/2023\/07\/P1490981-768x576.jpg 768w, https:\/\/newsestlyonnais.fr\/site\/wp-content\/uploads\/2023\/07\/P1490981-150x113.jpg 150w, https:\/\/newsestlyonnais.fr\/site\/wp-content\/uploads\/2023\/07\/P1490981-50x38.jpg 50w, https:\/\/newsestlyonnais.fr\/site\/wp-content\/uploads\/2023\/07\/P1490981-100x75.jpg 100w, https:\/\/newsestlyonnais.fr\/site\/wp-content\/uploads\/2023\/07\/P1490981-200x150.jpg 200w, https:\/\/newsestlyonnais.fr\/site\/wp-content\/uploads\/2023\/07\/P1490981-300x225.jpg 300w, https:\/\/newsestlyonnais.fr\/site\/wp-content\/uploads\/2023\/07\/P1490981-350x263.jpg 350w, https:\/\/newsestlyonnais.fr\/site\/wp-content\/uploads\/2023\/07\/P1490981-450x338.jpg 450w, https:\/\/newsestlyonnais.fr\/site\/wp-content\/uploads\/2023\/07\/P1490981-500x375.jpg 500w, https:\/\/newsestlyonnais.fr\/site\/wp-content\/uploads\/2023\/07\/P1490981-550x413.jpg 550w, https:\/\/newsestlyonnais.fr\/site\/wp-content\/uploads\/2023\/07\/P1490981-800x600.jpg 800w, https:\/\/newsestlyonnais.fr\/site\/wp-content\/uploads\/2023\/07\/P1490981.jpg 1200w\" sizes=\"auto, (max-width: 640px) 100vw, 640px\" \/><\/a>\n\t\t\t<\/div>\n\t\t\t\t<figcaption class='wp-caption-text gallery-caption' id='gallery-1-186281'>\n\t\t\t\tNasser Hannous (Pr\u00e9sident club) et Christophe Robert (Adjoint aux sports)\n\t\t\t\t<\/figcaption><\/figure>\n\t\t<\/div>\n\n","protected":false},"excerpt":{"rendered":"<p>La seconde \u00e9tape du circuit de l&rsquo;Est Lyonnais prenait fin ce dimanche en matin\u00e9e sur les courts ext\u00e9rieurs du club de Meyzieu Tennis.<\/p>\n","protected":false},"author":4,"featured_media":186246,"comment_status":"open","ping_status":"open","sticky":false,"template":"","format":"standard","meta":{"footnotes":""},"categories":[24,2992,2991,4801],"tags":[2081,2548,2192,2049],"class_list":["post-186228","post","type-post","status-publish","format-standard","has-post-thumbnail","hentry","category-meyzieu","category-tennis-padel","category-tennis-tennis-table-sports","category-tennis-circuit-est-lyonnais","tag-meyzieu","tag-meyzieu-tennis","tag-open","tag-tennis"],"yoast_head":"<!-- This site is optimized with the Yoast SEO plugin v27.2 - https:\/\/yoast.com\/product\/yoast-seo-wordpress\/ -->\n<title>MEYZIEU | L&#039;Open de tennis a rendu son verdict - News Est Lyonnais<\/title>\n<meta name=\"description\" content=\"MEYZIEU | L&#039;Open de tennis a rendu son verdict\" \/>\n<meta name=\"robots\" content=\"index, follow, max-snippet:-1, max-image-preview:large, max-video-preview:-1\" \/>\n<link rel=\"canonical\" href=\"https:\/\/newsestlyonnais.fr\/site\/2023\/07\/02\/meyzieu-lopen-de-tennis-a-rendu-son-verdict-2\/\" \/>\n<meta property=\"og:locale\" content=\"fr_FR\" \/>\n<meta property=\"og:type\" content=\"article\" \/>\n<meta property=\"og:title\" content=\"MEYZIEU | L&#039;Open de tennis a rendu son verdict - News Est Lyonnais\" \/>\n<meta property=\"og:description\" content=\"MEYZIEU | L&#039;Open de tennis a rendu son verdict\" \/>\n<meta property=\"og:url\" content=\"https:\/\/newsestlyonnais.fr\/site\/2023\/07\/02\/meyzieu-lopen-de-tennis-a-rendu-son-verdict-2\/\" \/>\n<meta property=\"og:site_name\" content=\"News Est Lyonnais\" \/>\n<meta property=\"article:author\" content=\"https:\/\/www.facebook.com\/pascal.oberson.1?fref=ts\" \/>\n<meta property=\"article:published_time\" content=\"2023-07-02T14:17:53+00:00\" \/>\n<meta property=\"article:modified_time\" content=\"2024-11-06T17:52:09+00:00\" \/>\n<meta property=\"og:image\" content=\"https:\/\/newsestlyonnais.fr\/site\/wp-content\/uploads\/2023\/07\/P1490977.jpg\" \/>\n\t<meta property=\"og:image:width\" content=\"1200\" \/>\n\t<meta property=\"og:image:height\" content=\"438\" \/>\n\t<meta property=\"og:image:type\" content=\"image\/jpeg\" \/>\n<meta name=\"author\" content=\"R\u00e9dac. NEWS\" \/>\n<meta name=\"twitter:card\" content=\"summary_large_image\" \/>\n<meta name=\"twitter:label1\" content=\"\u00c9crit par\" \/>\n\t<meta name=\"twitter:data1\" content=\"R\u00e9dac. NEWS\" \/>\n\t<meta name=\"twitter:label2\" content=\"Dur\u00e9e de lecture estim\u00e9e\" \/>\n\t<meta name=\"twitter:data2\" content=\"3 minutes\" \/>\n<script type=\"application\/ld+json\" class=\"yoast-schema-graph\">{\"@context\":\"https:\/\/schema.org\",\"@graph\":[{\"@type\":\"Article\",\"@id\":\"https:\/\/newsestlyonnais.fr\/site\/2023\/07\/02\/meyzieu-lopen-de-tennis-a-rendu-son-verdict-2\/#article\",\"isPartOf\":{\"@id\":\"https:\/\/newsestlyonnais.fr\/site\/2023\/07\/02\/meyzieu-lopen-de-tennis-a-rendu-son-verdict-2\/\"},\"author\":{\"name\":\"R\u00e9dac. NEWS\",\"@id\":\"https:\/\/newsestlyonnais.fr\/site\/#\/schema\/person\/3230d5615f390bb808365d673001e887\"},\"headline\":\"MEYZIEU | L&rsquo;Open de tennis a rendu son verdict\",\"datePublished\":\"2023-07-02T14:17:53+00:00\",\"dateModified\":\"2024-11-06T17:52:09+00:00\",\"mainEntityOfPage\":{\"@id\":\"https:\/\/newsestlyonnais.fr\/site\/2023\/07\/02\/meyzieu-lopen-de-tennis-a-rendu-son-verdict-2\/\"},\"wordCount\":309,\"commentCount\":0,\"publisher\":{\"@id\":\"https:\/\/newsestlyonnais.fr\/site\/#organization\"},\"image\":{\"@id\":\"https:\/\/newsestlyonnais.fr\/site\/2023\/07\/02\/meyzieu-lopen-de-tennis-a-rendu-son-verdict-2\/#primaryimage\"},\"thumbnailUrl\":\"https:\/\/newsestlyonnais.fr\/site\/wp-content\/uploads\/2023\/07\/P1490977.jpg\",\"keywords\":[\"MEYZIEU\",\"MEYZIEU TENNIS\",\"OPEN\",\"TENNIS\"],\"articleSection\":[\"Meyzieu\",\"Tennis | Padel\",\"Tennis | Tennis de table\",\"Tennis circuit est lyonnais\"],\"inLanguage\":\"fr-FR\",\"potentialAction\":[{\"@type\":\"CommentAction\",\"name\":\"Comment\",\"target\":[\"https:\/\/newsestlyonnais.fr\/site\/2023\/07\/02\/meyzieu-lopen-de-tennis-a-rendu-son-verdict-2\/#respond\"]}]},{\"@type\":\"WebPage\",\"@id\":\"https:\/\/newsestlyonnais.fr\/site\/2023\/07\/02\/meyzieu-lopen-de-tennis-a-rendu-son-verdict-2\/\",\"url\":\"https:\/\/newsestlyonnais.fr\/site\/2023\/07\/02\/meyzieu-lopen-de-tennis-a-rendu-son-verdict-2\/\",\"name\":\"MEYZIEU | L'Open de tennis a rendu son verdict - News Est Lyonnais\",\"isPartOf\":{\"@id\":\"https:\/\/newsestlyonnais.fr\/site\/#website\"},\"primaryImageOfPage\":{\"@id\":\"https:\/\/newsestlyonnais.fr\/site\/2023\/07\/02\/meyzieu-lopen-de-tennis-a-rendu-son-verdict-2\/#primaryimage\"},\"image\":{\"@id\":\"https:\/\/newsestlyonnais.fr\/site\/2023\/07\/02\/meyzieu-lopen-de-tennis-a-rendu-son-verdict-2\/#primaryimage\"},\"thumbnailUrl\":\"https:\/\/newsestlyonnais.fr\/site\/wp-content\/uploads\/2023\/07\/P1490977.jpg\",\"datePublished\":\"2023-07-02T14:17:53+00:00\",\"dateModified\":\"2024-11-06T17:52:09+00:00\",\"description\":\"MEYZIEU | L'Open de tennis a rendu son verdict\",\"breadcrumb\":{\"@id\":\"https:\/\/newsestlyonnais.fr\/site\/2023\/07\/02\/meyzieu-lopen-de-tennis-a-rendu-son-verdict-2\/#breadcrumb\"},\"inLanguage\":\"fr-FR\",\"potentialAction\":[{\"@type\":\"ReadAction\",\"target\":[\"https:\/\/newsestlyonnais.fr\/site\/2023\/07\/02\/meyzieu-lopen-de-tennis-a-rendu-son-verdict-2\/\"]}]},{\"@type\":\"ImageObject\",\"inLanguage\":\"fr-FR\",\"@id\":\"https:\/\/newsestlyonnais.fr\/site\/2023\/07\/02\/meyzieu-lopen-de-tennis-a-rendu-son-verdict-2\/#primaryimage\",\"url\":\"https:\/\/newsestlyonnais.fr\/site\/wp-content\/uploads\/2023\/07\/P1490977.jpg\",\"contentUrl\":\"https:\/\/newsestlyonnais.fr\/site\/wp-content\/uploads\/2023\/07\/P1490977.jpg\",\"width\":1200,\"height\":438},{\"@type\":\"BreadcrumbList\",\"@id\":\"https:\/\/newsestlyonnais.fr\/site\/2023\/07\/02\/meyzieu-lopen-de-tennis-a-rendu-son-verdict-2\/#breadcrumb\",\"itemListElement\":[{\"@type\":\"ListItem\",\"position\":1,\"name\":\"Accueil\",\"item\":\"https:\/\/newsestlyonnais.fr\/site\/\"},{\"@type\":\"ListItem\",\"position\":2,\"name\":\"MEYZIEU | L&rsquo;Open de tennis a rendu son verdict\"}]},{\"@type\":\"WebSite\",\"@id\":\"https:\/\/newsestlyonnais.fr\/site\/#website\",\"url\":\"https:\/\/newsestlyonnais.fr\/site\/\",\"name\":\"News Est Lyonnais\",\"description\":\"L&#039;actualit\u00e9 au plus pr\u00e8s\",\"publisher\":{\"@id\":\"https:\/\/newsestlyonnais.fr\/site\/#organization\"},\"potentialAction\":[{\"@type\":\"SearchAction\",\"target\":{\"@type\":\"EntryPoint\",\"urlTemplate\":\"https:\/\/newsestlyonnais.fr\/site\/?s={search_term_string}\"},\"query-input\":{\"@type\":\"PropertyValueSpecification\",\"valueRequired\":true,\"valueName\":\"search_term_string\"}}],\"inLanguage\":\"fr-FR\"},{\"@type\":\"Organization\",\"@id\":\"https:\/\/newsestlyonnais.fr\/site\/#organization\",\"name\":\"News EST LYONNAIS\",\"url\":\"https:\/\/newsestlyonnais.fr\/site\/\",\"logo\":{\"@type\":\"ImageObject\",\"inLanguage\":\"fr-FR\",\"@id\":\"https:\/\/newsestlyonnais.fr\/site\/#\/schema\/logo\/image\/\",\"url\":\"\",\"contentUrl\":\"\",\"caption\":\"News EST LYONNAIS\"},\"image\":{\"@id\":\"https:\/\/newsestlyonnais.fr\/site\/#\/schema\/logo\/image\/\"}},{\"@type\":\"Person\",\"@id\":\"https:\/\/newsestlyonnais.fr\/site\/#\/schema\/person\/3230d5615f390bb808365d673001e887\",\"name\":\"R\u00e9dac. NEWS\",\"sameAs\":[\"http:\/\/www.newsestlyonnais.fr\",\"https:\/\/www.facebook.com\/pascal.oberson.1?fref=ts\",\"https:\/\/fr.linkedin.com\/in\/pascal-oberson-b17045113\"],\"url\":\"https:\/\/newsestlyonnais.fr\/site\/author\/nel\/\"}]}<\/script>\n<!-- \/ Yoast SEO plugin. -->","yoast_head_json":{"title":"MEYZIEU | L'Open de tennis a rendu son verdict - News Est Lyonnais","description":"MEYZIEU | L'Open de tennis a rendu son verdict","robots":{"index":"index","follow":"follow","max-snippet":"max-snippet:-1","max-image-preview":"max-image-preview:large","max-video-preview":"max-video-preview:-1"},"canonical":"https:\/\/newsestlyonnais.fr\/site\/2023\/07\/02\/meyzieu-lopen-de-tennis-a-rendu-son-verdict-2\/","og_locale":"fr_FR","og_type":"article","og_title":"MEYZIEU | L'Open de tennis a rendu son verdict - News Est Lyonnais","og_description":"MEYZIEU | L'Open de tennis a rendu son verdict","og_url":"https:\/\/newsestlyonnais.fr\/site\/2023\/07\/02\/meyzieu-lopen-de-tennis-a-rendu-son-verdict-2\/","og_site_name":"News Est Lyonnais","article_author":"https:\/\/www.facebook.com\/pascal.oberson.1?fref=ts","article_published_time":"2023-07-02T14:17:53+00:00","article_modified_time":"2024-11-06T17:52:09+00:00","og_image":[{"width":1200,"height":438,"url":"https:\/\/newsestlyonnais.fr\/site\/wp-content\/uploads\/2023\/07\/P1490977.jpg","type":"image\/jpeg"}],"author":"R\u00e9dac. NEWS","twitter_card":"summary_large_image","twitter_misc":{"\u00c9crit par":"R\u00e9dac. NEWS","Dur\u00e9e de lecture estim\u00e9e":"3 minutes"},"schema":{"@context":"https:\/\/schema.org","@graph":[{"@type":"Article","@id":"https:\/\/newsestlyonnais.fr\/site\/2023\/07\/02\/meyzieu-lopen-de-tennis-a-rendu-son-verdict-2\/#article","isPartOf":{"@id":"https:\/\/newsestlyonnais.fr\/site\/2023\/07\/02\/meyzieu-lopen-de-tennis-a-rendu-son-verdict-2\/"},"author":{"name":"R\u00e9dac. NEWS","@id":"https:\/\/newsestlyonnais.fr\/site\/#\/schema\/person\/3230d5615f390bb808365d673001e887"},"headline":"MEYZIEU | L&rsquo;Open de tennis a rendu son verdict","datePublished":"2023-07-02T14:17:53+00:00","dateModified":"2024-11-06T17:52:09+00:00","mainEntityOfPage":{"@id":"https:\/\/newsestlyonnais.fr\/site\/2023\/07\/02\/meyzieu-lopen-de-tennis-a-rendu-son-verdict-2\/"},"wordCount":309,"commentCount":0,"publisher":{"@id":"https:\/\/newsestlyonnais.fr\/site\/#organization"},"image":{"@id":"https:\/\/newsestlyonnais.fr\/site\/2023\/07\/02\/meyzieu-lopen-de-tennis-a-rendu-son-verdict-2\/#primaryimage"},"thumbnailUrl":"https:\/\/newsestlyonnais.fr\/site\/wp-content\/uploads\/2023\/07\/P1490977.jpg","keywords":["MEYZIEU","MEYZIEU TENNIS","OPEN","TENNIS"],"articleSection":["Meyzieu","Tennis | Padel","Tennis | Tennis de table","Tennis circuit est lyonnais"],"inLanguage":"fr-FR","potentialAction":[{"@type":"CommentAction","name":"Comment","target":["https:\/\/newsestlyonnais.fr\/site\/2023\/07\/02\/meyzieu-lopen-de-tennis-a-rendu-son-verdict-2\/#respond"]}]},{"@type":"WebPage","@id":"https:\/\/newsestlyonnais.fr\/site\/2023\/07\/02\/meyzieu-lopen-de-tennis-a-rendu-son-verdict-2\/","url":"https:\/\/newsestlyonnais.fr\/site\/2023\/07\/02\/meyzieu-lopen-de-tennis-a-rendu-son-verdict-2\/","name":"MEYZIEU | L'Open de tennis a rendu son verdict - News Est Lyonnais","isPartOf":{"@id":"https:\/\/newsestlyonnais.fr\/site\/#website"},"primaryImageOfPage":{"@id":"https:\/\/newsestlyonnais.fr\/site\/2023\/07\/02\/meyzieu-lopen-de-tennis-a-rendu-son-verdict-2\/#primaryimage"},"image":{"@id":"https:\/\/newsestlyonnais.fr\/site\/2023\/07\/02\/meyzieu-lopen-de-tennis-a-rendu-son-verdict-2\/#primaryimage"},"thumbnailUrl":"https:\/\/newsestlyonnais.fr\/site\/wp-content\/uploads\/2023\/07\/P1490977.jpg","datePublished":"2023-07-02T14:17:53+00:00","dateModified":"2024-11-06T17:52:09+00:00","description":"MEYZIEU | L'Open de tennis a rendu son verdict","breadcrumb":{"@id":"https:\/\/newsestlyonnais.fr\/site\/2023\/07\/02\/meyzieu-lopen-de-tennis-a-rendu-son-verdict-2\/#breadcrumb"},"inLanguage":"fr-FR","potentialAction":[{"@type":"ReadAction","target":["https:\/\/newsestlyonnais.fr\/site\/2023\/07\/02\/meyzieu-lopen-de-tennis-a-rendu-son-verdict-2\/"]}]},{"@type":"ImageObject","inLanguage":"fr-FR","@id":"https:\/\/newsestlyonnais.fr\/site\/2023\/07\/02\/meyzieu-lopen-de-tennis-a-rendu-son-verdict-2\/#primaryimage","url":"https:\/\/newsestlyonnais.fr\/site\/wp-content\/uploads\/2023\/07\/P1490977.jpg","contentUrl":"https:\/\/newsestlyonnais.fr\/site\/wp-content\/uploads\/2023\/07\/P1490977.jpg","width":1200,"height":438},{"@type":"BreadcrumbList","@id":"https:\/\/newsestlyonnais.fr\/site\/2023\/07\/02\/meyzieu-lopen-de-tennis-a-rendu-son-verdict-2\/#breadcrumb","itemListElement":[{"@type":"ListItem","position":1,"name":"Accueil","item":"https:\/\/newsestlyonnais.fr\/site\/"},{"@type":"ListItem","position":2,"name":"MEYZIEU | L&rsquo;Open de tennis a rendu son verdict"}]},{"@type":"WebSite","@id":"https:\/\/newsestlyonnais.fr\/site\/#website","url":"https:\/\/newsestlyonnais.fr\/site\/","name":"News Est Lyonnais","description":"L&#039;actualit\u00e9 au plus pr\u00e8s","publisher":{"@id":"https:\/\/newsestlyonnais.fr\/site\/#organization"},"potentialAction":[{"@type":"SearchAction","target":{"@type":"EntryPoint","urlTemplate":"https:\/\/newsestlyonnais.fr\/site\/?s={search_term_string}"},"query-input":{"@type":"PropertyValueSpecification","valueRequired":true,"valueName":"search_term_string"}}],"inLanguage":"fr-FR"},{"@type":"Organization","@id":"https:\/\/newsestlyonnais.fr\/site\/#organization","name":"News EST LYONNAIS","url":"https:\/\/newsestlyonnais.fr\/site\/","logo":{"@type":"ImageObject","inLanguage":"fr-FR","@id":"https:\/\/newsestlyonnais.fr\/site\/#\/schema\/logo\/image\/","url":"","contentUrl":"","caption":"News EST LYONNAIS"},"image":{"@id":"https:\/\/newsestlyonnais.fr\/site\/#\/schema\/logo\/image\/"}},{"@type":"Person","@id":"https:\/\/newsestlyonnais.fr\/site\/#\/schema\/person\/3230d5615f390bb808365d673001e887","name":"R\u00e9dac. NEWS","sameAs":["http:\/\/www.newsestlyonnais.fr","https:\/\/www.facebook.com\/pascal.oberson.1?fref=ts","https:\/\/fr.linkedin.com\/in\/pascal-oberson-b17045113"],"url":"https:\/\/newsestlyonnais.fr\/site\/author\/nel\/"}]}},"_links":{"self":[{"href":"https:\/\/newsestlyonnais.fr\/site\/wp-json\/wp\/v2\/posts\/186228","targetHints":{"allow":["GET"]}}],"collection":[{"href":"https:\/\/newsestlyonnais.fr\/site\/wp-json\/wp\/v2\/posts"}],"about":[{"href":"https:\/\/newsestlyonnais.fr\/site\/wp-json\/wp\/v2\/types\/post"}],"author":[{"embeddable":true,"href":"https:\/\/newsestlyonnais.fr\/site\/wp-json\/wp\/v2\/users\/4"}],"replies":[{"embeddable":true,"href":"https:\/\/newsestlyonnais.fr\/site\/wp-json\/wp\/v2\/comments?post=186228"}],"version-history":[{"count":0,"href":"https:\/\/newsestlyonnais.fr\/site\/wp-json\/wp\/v2\/posts\/186228\/revisions"}],"wp:featuredmedia":[{"embeddable":true,"href":"https:\/\/newsestlyonnais.fr\/site\/wp-json\/wp\/v2\/media\/186246"}],"wp:attachment":[{"href":"https:\/\/newsestlyonnais.fr\/site\/wp-json\/wp\/v2\/media?parent=186228"}],"wp:term":[{"taxonomy":"category","embeddable":true,"href":"https:\/\/newsestlyonnais.fr\/site\/wp-json\/wp\/v2\/categories?post=186228"},{"taxonomy":"post_tag","embeddable":true,"href":"https:\/\/newsestlyonnais.fr\/site\/wp-json\/wp\/v2\/tags?post=186228"}],"curies":[{"name":"wp","href":"https:\/\/api.w.org\/{rel}","templated":true}]}}