{"id":186233,"date":"2023-07-02T09:19:01","date_gmt":"2023-07-02T08:19:01","guid":{"rendered":"https:\/\/newsestlyonnais.fr\/site\/?p=186233"},"modified":"2023-07-17T13:23:20","modified_gmt":"2023-07-17T12:23:20","slug":"saint-priest-les-evenements-a-mi-juillet","status":"publish","type":"post","link":"https:\/\/newsestlyonnais.fr\/site\/2023\/07\/02\/saint-priest-les-evenements-a-mi-juillet\/","title":{"rendered":"SAINT-PRIEST | Les \u00e9v\u00e8nements \u00e0 mi-juillet"},"content":{"rendered":"<p><strong><span style=\"background-color: #000000; color: #ffffff;\">A partir du 1\u00b0 Juillet <\/span><\/strong><\/p>\n<p><strong>Un \u00e9t\u00e9 \u00e0 Saint Priest<\/strong> : La Ville et ses partenaires ont concoct\u00e9 un programme d&rsquo;animations pour permettre aux petits comme aux grands de s\u2019\u00e9vader et s\u2019amuser cet \u00e9t\u00e9. Activit\u00e9s hors-les-murs, pour tous les \u00e2ges. (Diff\u00e9rents quartiers de la ville).<\/p>\n<hr \/>\n<p><strong><span style=\"background-color: #000000; color: #ffffff;\">Dimanche 2 Juillet <\/span><\/strong><\/p>\n<ul>\n<li>9 h \u00e0 18 h : <strong>Mani&rsquo;Tournament<\/strong>. Tournoi de football ouvert \u00e0 tous (+ 16 ans) \/ AS Manissieux Saint-Priest (Stade Armand Yaghlian).<\/li>\n<li>\u00e0 11 h 30 : <strong>F\u00eate de l&rsquo;association<\/strong> \/ Association AMAP les Bios de Feuilly (Maison de Quartier Revaison, salle principale).<\/li>\n<\/ul>\n<p><strong><span style=\"background-color: #000000; color: #ffffff;\">Mercredi 5 Juillet<\/span><\/strong><\/p>\n<ul>\n<li>de 10 h- \u00e0 11 h 30 : <strong>CET \u00c9T\u00c9, ON D\u00c9COUVRE !<\/strong> Tablette et smartphone. ATELIER NUMERIQUE. Pour adultes. (M\u00e9diath\u00e8que<br \/>\nCyber-base).<\/li>\n<li>11 h-11 h 45 : <strong>CET \u00c9T\u00c9,ON JOUE !<\/strong> Connais-tu la chanson ? Blind-test sur les personnages de films et s\u00e9ries d\u2019animation ainsi que ceux issus des BD et comics. Pour les 8 \u00e0 12 ans. (M\u00e9diath\u00e8que, Secteur Musique et Cin\u00e9ma).<\/li>\n<\/ul>\n<p><strong><span style=\"background-color: #000000; color: #ffffff;\">Jeudi 6 Juillet<\/span><\/strong><\/p>\n<ul>\n<li>19 h : <strong>Conseil Municipal<\/strong> (Salle du conseil).<\/li>\n<\/ul>\n<p><strong><span style=\"background-color: #000000; color: #ffffff;\">Vendredi 7 Juillet <\/span><\/strong><\/p>\n<ul>\n<li>de 16 h 30 \u00e0 22 h : <strong>Guiguette d&rsquo;\u00e9t\u00e9<\/strong>. F\u00eate de l&rsquo;\u00e9t\u00e9 \/ Office du commerce (Plage Roger Salengro).<\/li>\n<li>de 18 h 30 \u00e0 20 h 30 : <strong>Louis Braille f\u00eate l&rsquo;\u00e9t\u00e9.<\/strong> Concert de la francophonie et pr\u00e9sentation de la programmation estivale. (Centre Social Louis Braille).<\/li>\n<li>de 19 h 30 \u00e0 21 h 30 : <strong>Animation Hors les Murs<\/strong>. Parcours Ninja Warrior, animations et d\u00e9fis sportifs, initiation aux gestes de premiers secours, stand de cr\u00eapes propos\u00e9 par les jeunes en chantiers d&rsquo;insertion, blablatorium \u2026. (Carr\u00e9 Mozart).<\/li>\n<\/ul>\n<p><strong><span style=\"background-color: #000000; color: #ffffff;\">Samedi 8 juillet<\/span><\/strong><\/p>\n<ul>\n<li>de 10 h \u00e0 11 h 30 : <strong>CET \u00c9T\u00c9, ON D\u00c9COUVRE !<\/strong> Ensemble, lisons ! Pour adultes (M\u00e9diath\u00e8que, Secteur Adulte).<\/li>\n<\/ul>\n<hr \/>\n<p><span style=\"background-color: #000000; color: #ffffff;\"><strong>Du mardi 10 au vendredi 28 Juillet <\/strong><\/span><\/p>\n<p><strong>L&rsquo;\u00e9t\u00e9 \u00e0 L&rsquo;olivier<\/strong>. Programme interg\u00e9n\u00e9rationnel mis en place par le CS L&rsquo;Olivier.<\/p>\n<p><span style=\"background-color: #000000; color: #ffffff;\"><strong>Lundis 10 et 17 Juillet<\/strong><\/span><\/p>\n<ul>\n<li>de 17 h 30 \u00e0 19 h 30 : <strong>Kermesse d&rsquo;\u00e9t\u00e9. <\/strong>(MJC).<\/li>\n<\/ul>\n<hr \/>\n<p><strong><span style=\"background-color: #000000; color: #ffffff;\">Du 11 juillet au 2 septembre <\/span><\/strong><\/p>\n<p><strong>CET \u00c9T\u00c9,ON JOUE !<\/strong> Exposition Cherche et Trouve au secteur Jeunesse par les \u00e9ditions La Maison est en carton. Gratuit. (M\u00e9diath\u00e8que, Secteur Jeunesse).<\/p>\n<p><strong>CET \u00c9T\u00c9,ON JOUE !<\/strong> En vacances avec Ponti ! Une activit\u00e9 ludique propos\u00e9e chaque semaine par les biblioth\u00e9caires jeunesse dans l\u2019univers de Claude Ponti. (M\u00e9diath\u00e8que, Secteur Jeunesse).<\/p>\n<p><strong>CET \u00c9T\u00c9,ON JOUE !<\/strong> Challenge Puzzle. Saurez-vous relever le d\u00e9fi de l\u2019\u00e9t\u00e9 ? Construire ensemble un puzzle de plus de 1.000 pi\u00e8ces !<br \/>\nde diff\u00e9rentes tailles mis \u00e0 leur disposition. Tout public. (M\u00e9diath\u00e8que Hall).<\/p>\n<hr \/>\n<p><strong><span style=\"background-color: #000000; color: #ffffff;\">Mardi 11, mercredi 12 et Jeudi 13 Juillet <\/span><\/strong><\/p>\n<ul>\n<li>de 18 h \u00e0 20 h : Concert Fath Music.<\/li>\n<\/ul>\n<hr \/>\n<p><span style=\"background-color: #000000; color: #ffffff;\"><strong>Mercredi 12 Juillet<\/strong> <\/span><\/p>\n<ul>\n<li>10 h \u00e0 12 h : <strong>CET \u00c9T\u00c9, ON CR\u00c9E<\/strong>&#8230; son carnet reli\u00e9. Pour les jeunes et les adultes (M\u00e9diath\u00e8que, Secteur Adulte).<\/li>\n<li>10 h \u00e0 11 h 30 : <strong>CET \u00c9T\u00c9, ON JOUE !<\/strong> Traque les images truqu\u00e9es. Pour tous, d\u00e8s 10 ans. (M\u00e9diath\u00e8que Cyber-base).<\/li>\n<\/ul>\n<p><strong><span style=\"background-color: #000000; color: #ffffff;\">Jeudi 13 Juillet<\/span><\/strong><\/p>\n<ul>\n<li>de 17 h 30 \u00e0 19 h 30 : <strong>Ateliers Bel Air d&rsquo;\u00e9t\u00e9<\/strong>. Ateliers d&rsquo;initiation et d&rsquo;arts cr\u00e9atifs avec la MJC. (City Stade, pyracorde \u00e0 Bel Air).<\/li>\n<li>\u00e0 20 h : <strong>Music en Ciel.<\/strong> Concerts de G\u00e9ronimo, Emma Daumas et Valentin (Esplanade des arts).<\/li>\n<li>\u00e0 23 h : <strong>Feu d&rsquo;artifice<\/strong> (Parc du Ch\u00e2teau).<\/li>\n<\/ul>\n<hr \/>\n<p><span style=\"font-size: 14pt; background-color: #000000;\"><em><strong><span style=\"color: #ffffff;\">&gt;&gt; L\u2019ACTU de la commune : <\/span><a style=\"background-color: #000000;\" href=\"http:\/\/www.ville-saint-priest.fr\/accueil.547.0.html\" target=\"_blank\" rel=\"noreferrer noopener\"><span style=\"color: #ffcc00;\">http:\/\/www.ville-saint-priest.fr<\/span><\/a><\/strong><\/em><\/span><\/p>\n","protected":false},"excerpt":{"rendered":"<p>Nombreuses sont les programmations locales pour cette premi\u00e8re quinzaine du mois.<\/p>\n","protected":false},"author":4,"featured_media":95577,"comment_status":"open","ping_status":"open","sticky":false,"template":"","format":"standard","meta":{"footnotes":""},"categories":[1296],"tags":[1991,2059,2039],"class_list":["post-186233","post","type-post","status-publish","format-standard","has-post-thumbnail","hentry","category-sain-priest","tag-agenda","tag-manifestations","tag-saint-priest"],"yoast_head":"<!-- This site is optimized with the Yoast SEO plugin v27.2 - https:\/\/yoast.com\/product\/yoast-seo-wordpress\/ -->\n<title>SAINT-PRIEST | Les \u00e9v\u00e8nements \u00e0 mi-juillet - News Est Lyonnais<\/title>\n<meta name=\"description\" content=\"SAINT-PRIEST | Les \u00e9v\u00e8nements \u00e0 mi-juillet\" \/>\n<meta name=\"robots\" content=\"index, follow, max-snippet:-1, max-image-preview:large, max-video-preview:-1\" \/>\n<link rel=\"canonical\" href=\"https:\/\/newsestlyonnais.fr\/site\/2023\/07\/02\/saint-priest-les-evenements-a-mi-juillet\/\" \/>\n<meta property=\"og:locale\" content=\"fr_FR\" \/>\n<meta property=\"og:type\" content=\"article\" \/>\n<meta property=\"og:title\" content=\"SAINT-PRIEST | Les \u00e9v\u00e8nements \u00e0 mi-juillet - News Est Lyonnais\" \/>\n<meta property=\"og:description\" content=\"SAINT-PRIEST | Les \u00e9v\u00e8nements \u00e0 mi-juillet\" \/>\n<meta property=\"og:url\" content=\"https:\/\/newsestlyonnais.fr\/site\/2023\/07\/02\/saint-priest-les-evenements-a-mi-juillet\/\" \/>\n<meta property=\"og:site_name\" content=\"News Est Lyonnais\" \/>\n<meta property=\"article:author\" content=\"https:\/\/www.facebook.com\/pascal.oberson.1?fref=ts\" \/>\n<meta property=\"article:published_time\" content=\"2023-07-02T08:19:01+00:00\" \/>\n<meta property=\"article:modified_time\" content=\"2023-07-17T12:23:20+00:00\" \/>\n<meta property=\"og:image\" content=\"https:\/\/newsestlyonnais.fr\/site\/wp-content\/uploads\/2020\/02\/NEWSESTLYONNAIS-ST-PRIEST01.jpg\" \/>\n\t<meta property=\"og:image:width\" content=\"1200\" \/>\n\t<meta property=\"og:image:height\" content=\"800\" \/>\n\t<meta property=\"og:image:type\" content=\"image\/jpeg\" \/>\n<meta name=\"author\" content=\"R\u00e9dac. NEWS\" \/>\n<meta name=\"twitter:card\" content=\"summary_large_image\" \/>\n<meta name=\"twitter:label1\" content=\"\u00c9crit par\" \/>\n\t<meta name=\"twitter:data1\" content=\"R\u00e9dac. NEWS\" \/>\n\t<meta name=\"twitter:label2\" content=\"Dur\u00e9e de lecture estim\u00e9e\" \/>\n\t<meta name=\"twitter:data2\" content=\"3 minutes\" \/>\n<script type=\"application\/ld+json\" class=\"yoast-schema-graph\">{\"@context\":\"https:\/\/schema.org\",\"@graph\":[{\"@type\":\"Article\",\"@id\":\"https:\/\/newsestlyonnais.fr\/site\/2023\/07\/02\/saint-priest-les-evenements-a-mi-juillet\/#article\",\"isPartOf\":{\"@id\":\"https:\/\/newsestlyonnais.fr\/site\/2023\/07\/02\/saint-priest-les-evenements-a-mi-juillet\/\"},\"author\":{\"name\":\"R\u00e9dac. NEWS\",\"@id\":\"https:\/\/newsestlyonnais.fr\/site\/#\/schema\/person\/3230d5615f390bb808365d673001e887\"},\"headline\":\"SAINT-PRIEST | Les \u00e9v\u00e8nements \u00e0 mi-juillet\",\"datePublished\":\"2023-07-02T08:19:01+00:00\",\"dateModified\":\"2023-07-17T12:23:20+00:00\",\"mainEntityOfPage\":{\"@id\":\"https:\/\/newsestlyonnais.fr\/site\/2023\/07\/02\/saint-priest-les-evenements-a-mi-juillet\/\"},\"wordCount\":495,\"commentCount\":0,\"publisher\":{\"@id\":\"https:\/\/newsestlyonnais.fr\/site\/#organization\"},\"image\":{\"@id\":\"https:\/\/newsestlyonnais.fr\/site\/2023\/07\/02\/saint-priest-les-evenements-a-mi-juillet\/#primaryimage\"},\"thumbnailUrl\":\"https:\/\/newsestlyonnais.fr\/site\/wp-content\/uploads\/2020\/02\/NEWSESTLYONNAIS-ST-PRIEST01.jpg\",\"keywords\":[\"AGENDA\",\"MANIFESTATIONS\",\"SAINT PRIEST\"],\"articleSection\":[\"Saint-Priest\"],\"inLanguage\":\"fr-FR\",\"potentialAction\":[{\"@type\":\"CommentAction\",\"name\":\"Comment\",\"target\":[\"https:\/\/newsestlyonnais.fr\/site\/2023\/07\/02\/saint-priest-les-evenements-a-mi-juillet\/#respond\"]}]},{\"@type\":\"WebPage\",\"@id\":\"https:\/\/newsestlyonnais.fr\/site\/2023\/07\/02\/saint-priest-les-evenements-a-mi-juillet\/\",\"url\":\"https:\/\/newsestlyonnais.fr\/site\/2023\/07\/02\/saint-priest-les-evenements-a-mi-juillet\/\",\"name\":\"SAINT-PRIEST | Les \u00e9v\u00e8nements \u00e0 mi-juillet - News Est Lyonnais\",\"isPartOf\":{\"@id\":\"https:\/\/newsestlyonnais.fr\/site\/#website\"},\"primaryImageOfPage\":{\"@id\":\"https:\/\/newsestlyonnais.fr\/site\/2023\/07\/02\/saint-priest-les-evenements-a-mi-juillet\/#primaryimage\"},\"image\":{\"@id\":\"https:\/\/newsestlyonnais.fr\/site\/2023\/07\/02\/saint-priest-les-evenements-a-mi-juillet\/#primaryimage\"},\"thumbnailUrl\":\"https:\/\/newsestlyonnais.fr\/site\/wp-content\/uploads\/2020\/02\/NEWSESTLYONNAIS-ST-PRIEST01.jpg\",\"datePublished\":\"2023-07-02T08:19:01+00:00\",\"dateModified\":\"2023-07-17T12:23:20+00:00\",\"description\":\"SAINT-PRIEST | Les \u00e9v\u00e8nements \u00e0 mi-juillet\",\"breadcrumb\":{\"@id\":\"https:\/\/newsestlyonnais.fr\/site\/2023\/07\/02\/saint-priest-les-evenements-a-mi-juillet\/#breadcrumb\"},\"inLanguage\":\"fr-FR\",\"potentialAction\":[{\"@type\":\"ReadAction\",\"target\":[\"https:\/\/newsestlyonnais.fr\/site\/2023\/07\/02\/saint-priest-les-evenements-a-mi-juillet\/\"]}]},{\"@type\":\"ImageObject\",\"inLanguage\":\"fr-FR\",\"@id\":\"https:\/\/newsestlyonnais.fr\/site\/2023\/07\/02\/saint-priest-les-evenements-a-mi-juillet\/#primaryimage\",\"url\":\"https:\/\/newsestlyonnais.fr\/site\/wp-content\/uploads\/2020\/02\/NEWSESTLYONNAIS-ST-PRIEST01.jpg\",\"contentUrl\":\"https:\/\/newsestlyonnais.fr\/site\/wp-content\/uploads\/2020\/02\/NEWSESTLYONNAIS-ST-PRIEST01.jpg\",\"width\":1200,\"height\":800},{\"@type\":\"BreadcrumbList\",\"@id\":\"https:\/\/newsestlyonnais.fr\/site\/2023\/07\/02\/saint-priest-les-evenements-a-mi-juillet\/#breadcrumb\",\"itemListElement\":[{\"@type\":\"ListItem\",\"position\":1,\"name\":\"Accueil\",\"item\":\"https:\/\/newsestlyonnais.fr\/site\/\"},{\"@type\":\"ListItem\",\"position\":2,\"name\":\"SAINT-PRIEST | Les \u00e9v\u00e8nements \u00e0 mi-juillet\"}]},{\"@type\":\"WebSite\",\"@id\":\"https:\/\/newsestlyonnais.fr\/site\/#website\",\"url\":\"https:\/\/newsestlyonnais.fr\/site\/\",\"name\":\"News Est Lyonnais\",\"description\":\"L&#039;actualit\u00e9 au plus pr\u00e8s\",\"publisher\":{\"@id\":\"https:\/\/newsestlyonnais.fr\/site\/#organization\"},\"potentialAction\":[{\"@type\":\"SearchAction\",\"target\":{\"@type\":\"EntryPoint\",\"urlTemplate\":\"https:\/\/newsestlyonnais.fr\/site\/?s={search_term_string}\"},\"query-input\":{\"@type\":\"PropertyValueSpecification\",\"valueRequired\":true,\"valueName\":\"search_term_string\"}}],\"inLanguage\":\"fr-FR\"},{\"@type\":\"Organization\",\"@id\":\"https:\/\/newsestlyonnais.fr\/site\/#organization\",\"name\":\"News EST LYONNAIS\",\"url\":\"https:\/\/newsestlyonnais.fr\/site\/\",\"logo\":{\"@type\":\"ImageObject\",\"inLanguage\":\"fr-FR\",\"@id\":\"https:\/\/newsestlyonnais.fr\/site\/#\/schema\/logo\/image\/\",\"url\":\"\",\"contentUrl\":\"\",\"caption\":\"News EST LYONNAIS\"},\"image\":{\"@id\":\"https:\/\/newsestlyonnais.fr\/site\/#\/schema\/logo\/image\/\"}},{\"@type\":\"Person\",\"@id\":\"https:\/\/newsestlyonnais.fr\/site\/#\/schema\/person\/3230d5615f390bb808365d673001e887\",\"name\":\"R\u00e9dac. NEWS\",\"sameAs\":[\"http:\/\/www.newsestlyonnais.fr\",\"https:\/\/www.facebook.com\/pascal.oberson.1?fref=ts\",\"https:\/\/fr.linkedin.com\/in\/pascal-oberson-b17045113\"],\"url\":\"https:\/\/newsestlyonnais.fr\/site\/author\/nel\/\"}]}<\/script>\n<!-- \/ Yoast SEO plugin. -->","yoast_head_json":{"title":"SAINT-PRIEST | Les \u00e9v\u00e8nements \u00e0 mi-juillet - News Est Lyonnais","description":"SAINT-PRIEST | Les \u00e9v\u00e8nements \u00e0 mi-juillet","robots":{"index":"index","follow":"follow","max-snippet":"max-snippet:-1","max-image-preview":"max-image-preview:large","max-video-preview":"max-video-preview:-1"},"canonical":"https:\/\/newsestlyonnais.fr\/site\/2023\/07\/02\/saint-priest-les-evenements-a-mi-juillet\/","og_locale":"fr_FR","og_type":"article","og_title":"SAINT-PRIEST | Les \u00e9v\u00e8nements \u00e0 mi-juillet - News Est Lyonnais","og_description":"SAINT-PRIEST | Les \u00e9v\u00e8nements \u00e0 mi-juillet","og_url":"https:\/\/newsestlyonnais.fr\/site\/2023\/07\/02\/saint-priest-les-evenements-a-mi-juillet\/","og_site_name":"News Est Lyonnais","article_author":"https:\/\/www.facebook.com\/pascal.oberson.1?fref=ts","article_published_time":"2023-07-02T08:19:01+00:00","article_modified_time":"2023-07-17T12:23:20+00:00","og_image":[{"width":1200,"height":800,"url":"https:\/\/newsestlyonnais.fr\/site\/wp-content\/uploads\/2020\/02\/NEWSESTLYONNAIS-ST-PRIEST01.jpg","type":"image\/jpeg"}],"author":"R\u00e9dac. NEWS","twitter_card":"summary_large_image","twitter_misc":{"\u00c9crit par":"R\u00e9dac. NEWS","Dur\u00e9e de lecture estim\u00e9e":"3 minutes"},"schema":{"@context":"https:\/\/schema.org","@graph":[{"@type":"Article","@id":"https:\/\/newsestlyonnais.fr\/site\/2023\/07\/02\/saint-priest-les-evenements-a-mi-juillet\/#article","isPartOf":{"@id":"https:\/\/newsestlyonnais.fr\/site\/2023\/07\/02\/saint-priest-les-evenements-a-mi-juillet\/"},"author":{"name":"R\u00e9dac. NEWS","@id":"https:\/\/newsestlyonnais.fr\/site\/#\/schema\/person\/3230d5615f390bb808365d673001e887"},"headline":"SAINT-PRIEST | Les \u00e9v\u00e8nements \u00e0 mi-juillet","datePublished":"2023-07-02T08:19:01+00:00","dateModified":"2023-07-17T12:23:20+00:00","mainEntityOfPage":{"@id":"https:\/\/newsestlyonnais.fr\/site\/2023\/07\/02\/saint-priest-les-evenements-a-mi-juillet\/"},"wordCount":495,"commentCount":0,"publisher":{"@id":"https:\/\/newsestlyonnais.fr\/site\/#organization"},"image":{"@id":"https:\/\/newsestlyonnais.fr\/site\/2023\/07\/02\/saint-priest-les-evenements-a-mi-juillet\/#primaryimage"},"thumbnailUrl":"https:\/\/newsestlyonnais.fr\/site\/wp-content\/uploads\/2020\/02\/NEWSESTLYONNAIS-ST-PRIEST01.jpg","keywords":["AGENDA","MANIFESTATIONS","SAINT PRIEST"],"articleSection":["Saint-Priest"],"inLanguage":"fr-FR","potentialAction":[{"@type":"CommentAction","name":"Comment","target":["https:\/\/newsestlyonnais.fr\/site\/2023\/07\/02\/saint-priest-les-evenements-a-mi-juillet\/#respond"]}]},{"@type":"WebPage","@id":"https:\/\/newsestlyonnais.fr\/site\/2023\/07\/02\/saint-priest-les-evenements-a-mi-juillet\/","url":"https:\/\/newsestlyonnais.fr\/site\/2023\/07\/02\/saint-priest-les-evenements-a-mi-juillet\/","name":"SAINT-PRIEST | Les \u00e9v\u00e8nements \u00e0 mi-juillet - News Est Lyonnais","isPartOf":{"@id":"https:\/\/newsestlyonnais.fr\/site\/#website"},"primaryImageOfPage":{"@id":"https:\/\/newsestlyonnais.fr\/site\/2023\/07\/02\/saint-priest-les-evenements-a-mi-juillet\/#primaryimage"},"image":{"@id":"https:\/\/newsestlyonnais.fr\/site\/2023\/07\/02\/saint-priest-les-evenements-a-mi-juillet\/#primaryimage"},"thumbnailUrl":"https:\/\/newsestlyonnais.fr\/site\/wp-content\/uploads\/2020\/02\/NEWSESTLYONNAIS-ST-PRIEST01.jpg","datePublished":"2023-07-02T08:19:01+00:00","dateModified":"2023-07-17T12:23:20+00:00","description":"SAINT-PRIEST | Les \u00e9v\u00e8nements \u00e0 mi-juillet","breadcrumb":{"@id":"https:\/\/newsestlyonnais.fr\/site\/2023\/07\/02\/saint-priest-les-evenements-a-mi-juillet\/#breadcrumb"},"inLanguage":"fr-FR","potentialAction":[{"@type":"ReadAction","target":["https:\/\/newsestlyonnais.fr\/site\/2023\/07\/02\/saint-priest-les-evenements-a-mi-juillet\/"]}]},{"@type":"ImageObject","inLanguage":"fr-FR","@id":"https:\/\/newsestlyonnais.fr\/site\/2023\/07\/02\/saint-priest-les-evenements-a-mi-juillet\/#primaryimage","url":"https:\/\/newsestlyonnais.fr\/site\/wp-content\/uploads\/2020\/02\/NEWSESTLYONNAIS-ST-PRIEST01.jpg","contentUrl":"https:\/\/newsestlyonnais.fr\/site\/wp-content\/uploads\/2020\/02\/NEWSESTLYONNAIS-ST-PRIEST01.jpg","width":1200,"height":800},{"@type":"BreadcrumbList","@id":"https:\/\/newsestlyonnais.fr\/site\/2023\/07\/02\/saint-priest-les-evenements-a-mi-juillet\/#breadcrumb","itemListElement":[{"@type":"ListItem","position":1,"name":"Accueil","item":"https:\/\/newsestlyonnais.fr\/site\/"},{"@type":"ListItem","position":2,"name":"SAINT-PRIEST | Les \u00e9v\u00e8nements \u00e0 mi-juillet"}]},{"@type":"WebSite","@id":"https:\/\/newsestlyonnais.fr\/site\/#website","url":"https:\/\/newsestlyonnais.fr\/site\/","name":"News Est Lyonnais","description":"L&#039;actualit\u00e9 au plus pr\u00e8s","publisher":{"@id":"https:\/\/newsestlyonnais.fr\/site\/#organization"},"potentialAction":[{"@type":"SearchAction","target":{"@type":"EntryPoint","urlTemplate":"https:\/\/newsestlyonnais.fr\/site\/?s={search_term_string}"},"query-input":{"@type":"PropertyValueSpecification","valueRequired":true,"valueName":"search_term_string"}}],"inLanguage":"fr-FR"},{"@type":"Organization","@id":"https:\/\/newsestlyonnais.fr\/site\/#organization","name":"News EST LYONNAIS","url":"https:\/\/newsestlyonnais.fr\/site\/","logo":{"@type":"ImageObject","inLanguage":"fr-FR","@id":"https:\/\/newsestlyonnais.fr\/site\/#\/schema\/logo\/image\/","url":"","contentUrl":"","caption":"News EST LYONNAIS"},"image":{"@id":"https:\/\/newsestlyonnais.fr\/site\/#\/schema\/logo\/image\/"}},{"@type":"Person","@id":"https:\/\/newsestlyonnais.fr\/site\/#\/schema\/person\/3230d5615f390bb808365d673001e887","name":"R\u00e9dac. NEWS","sameAs":["http:\/\/www.newsestlyonnais.fr","https:\/\/www.facebook.com\/pascal.oberson.1?fref=ts","https:\/\/fr.linkedin.com\/in\/pascal-oberson-b17045113"],"url":"https:\/\/newsestlyonnais.fr\/site\/author\/nel\/"}]}},"_links":{"self":[{"href":"https:\/\/newsestlyonnais.fr\/site\/wp-json\/wp\/v2\/posts\/186233","targetHints":{"allow":["GET"]}}],"collection":[{"href":"https:\/\/newsestlyonnais.fr\/site\/wp-json\/wp\/v2\/posts"}],"about":[{"href":"https:\/\/newsestlyonnais.fr\/site\/wp-json\/wp\/v2\/types\/post"}],"author":[{"embeddable":true,"href":"https:\/\/newsestlyonnais.fr\/site\/wp-json\/wp\/v2\/users\/4"}],"replies":[{"embeddable":true,"href":"https:\/\/newsestlyonnais.fr\/site\/wp-json\/wp\/v2\/comments?post=186233"}],"version-history":[{"count":0,"href":"https:\/\/newsestlyonnais.fr\/site\/wp-json\/wp\/v2\/posts\/186233\/revisions"}],"wp:featuredmedia":[{"embeddable":true,"href":"https:\/\/newsestlyonnais.fr\/site\/wp-json\/wp\/v2\/media\/95577"}],"wp:attachment":[{"href":"https:\/\/newsestlyonnais.fr\/site\/wp-json\/wp\/v2\/media?parent=186233"}],"wp:term":[{"taxonomy":"category","embeddable":true,"href":"https:\/\/newsestlyonnais.fr\/site\/wp-json\/wp\/v2\/categories?post=186233"},{"taxonomy":"post_tag","embeddable":true,"href":"https:\/\/newsestlyonnais.fr\/site\/wp-json\/wp\/v2\/tags?post=186233"}],"curies":[{"name":"wp","href":"https:\/\/api.w.org\/{rel}","templated":true}]}}